{"id":10048,"date":"2022-05-31T20:31:50","date_gmt":"2022-06-01T01:31:50","guid":{"rendered":"https:\/\/soclose.mx\/blog\/?p=10048"},"modified":"2022-05-31T20:31:50","modified_gmt":"2022-06-01T01:31:50","slug":"nino-pide-corte-de-miguel-hidalgo-pero-llora-porque-no-le-gusto","status":"publish","type":"post","link":"https:\/\/soclose.mx\/blog\/a-la-mexicana\/nino-pide-corte-de-miguel-hidalgo-pero-llora-porque-no-le-gusto\/","title":{"rendered":"Ni\u00f1o pide corte de &#8220;Miguel Hidalgo&#8221;, pero llora porque no le gust\u00f3"},"content":{"rendered":"<p>No cabe duda que los ni\u00f1os son unos loquillos y se avientan cada puntada que, bueno&#8230;<\/p>\n<p>En el cap\u00edtulo de hoy tenemos a un peque\u00f1o que fue a la peluquer\u00eda con su hermano para hacerle un look hist\u00f3rico.<\/p>\n<p>El peque\u00f1o pidi\u00f3 que se lo cortaran como don <strong>Miguel Hidalgo y Costilla<\/strong>, nuestro h\u00e9roe nacional, aquel que dio la vida por la<a href=\"https:\/\/soclose.mx\/blog\/ay-goeeee\/el-origen-de-la-historica-pistola-de-francisco-i-madero\/\"><strong> Independencia de M\u00e9xico.<\/strong><\/a><\/p>\n<p>Muy valiente se sent\u00f3 en la silla, incluso se estaba riendo y se ve\u00eda que disfrutaba el momento. El peluquero comenz\u00f3 con su trabajo y hasta consumar la tragedia.<\/p>\n<p>El ni\u00f1o vio el resultado, qued\u00f3 sorprendido y aunque por un momento parec\u00eda que todo estaba bien, tres doritos despu\u00e9s comenz\u00f3 a llorar en una esquina desquitando todo su dolor.<\/p>\n<p>\u00bfSe habr\u00e1 equivocado de h\u00e9roe nacional?<\/p>\n<blockquote class=\"tiktok-embed\" cite=\"https:\/\/www.tiktok.com\/@ayaladiego29\/video\/7102060888152149253\" data-video-id=\"7102060888152149253\" style=\"max-width: 605px;min-width: 325px;\" >\n<section> <a target=\"_blank\" title=\"@ayaladiego29\" href=\"https:\/\/www.tiktok.com\/@ayaladiego29\">@ayaladiego29<\/a> <\/p>\n<p>Responder a @omarvosp final inesperado<\/p>\n<p> <a target=\"_blank\" title=\"\u266c ULTRA SOLO (Solo y coronao \u00bfDe qu\u00e9 sirve? Si no est\u00e1s a mi lao' Por ti paso el d\u00eda conectau, pendiente al cel, pendiente a ti, pendiente si subes una story) - Polim\u00e1 Westcoast &#038; Pailita\" href=\"https:\/\/www.tiktok.com\/music\/ULTRA-SOLO-Solo-y-coronao-\u00bfDe-qu\u00e9-sirve-Si-no-est\u00e1s-a-mi-laoPor-ti-paso-el-d\u00eda-conectau-pendiente-al-cel-pendiente-a-ti-pendiente-si-subes-una-story-7084303665602775814\">\u266c ULTRA SOLO (Solo y coronao \u00bfDe qu\u00e9 sirve? Si no est\u00e1s a mi lao&#8217; Por ti paso el d\u00eda conectau, pendiente al cel, pendiente a ti, pendiente si subes una story) &#8211; Polim\u00e1 Westcoast &#038; Pailita<\/a> <\/section>\n<\/blockquote>\n<p> <script async src=\"https:\/\/www.tiktok.com\/embed.js\"><\/script><\/p>\n","protected":false},"excerpt":{"rendered":"<p>No cabe duda que los ni\u00f1os son unos loquillos y se avientan cada puntada que, bueno&#8230; En el cap\u00edtulo de hoy tenemos a un peque\u00f1o que fue a la peluquer\u00eda con su hermano para hacerle un look hist\u00f3rico. El peque\u00f1o pidi\u00f3 que se lo cortaran como don Miguel Hidalgo y Costilla, nuestro h\u00e9roe nacional, aquel que dio la vida por la Independencia de M\u00e9xico. Muy valiente se sent\u00f3 en la silla, incluso se estaba riendo y se ve\u00eda que disfrutaba el momento. El peluquero comenz\u00f3 con su trabajo y hasta consumar la tragedia. El ni\u00f1o vio el resultado, qued\u00f3 sorprendido<\/p>\n","protected":false},"author":9,"featured_media":10051,"comment_status":"open","ping_status":"open","sticky":false,"template":"","format":"standard","meta":{"_jetpack_memberships_contains_paid_content":false,"footnotes":""},"categories":[1778],"tags":[2138,2139,1462,2137,2140],"class_list":["post-10048","post","type-post","status-publish","format-standard","has-post-thumbnail","hentry","category-a-la-mexicana","tag-corte-de-nino","tag-heroe-nacional","tag-independencia","tag-miguel-hidalgo","tag-tiktok"],"yoast_head":"<!-- This site is optimized with the Yoast SEO plugin v26.7 - https:\/\/yoast.com\/wordpress\/plugins\/seo\/ -->\n<title>Ni\u00f1o pide corte de &quot;Miguel Hidalgo&quot;, pero llora porque no le gust\u00f3 - So Close<\/title>\n<meta name=\"robots\" content=\"index, follow, max-snippet:-1, max-image-preview:large, max-video-preview:-1\" \/>\n<link rel=\"canonical\" href=\"https:\/\/soclose.mx\/blog\/tag\/juan-rulfo-frases-mujeres\/\" \/>\n<meta property=\"og:locale\" content=\"es_MX\" \/>\n<meta property=\"og:type\" content=\"article\" \/>\n<meta property=\"og:title\" content=\"Ni\u00f1o pide corte de &quot;Miguel Hidalgo&quot;, pero llora porque no le gust\u00f3 - So Close\" \/>\n<meta property=\"og:description\" content=\"No cabe duda que los ni\u00f1os son unos loquillos y se avientan cada puntada que, bueno&#8230; En el cap\u00edtulo de hoy tenemos a un peque\u00f1o que fue a la peluquer\u00eda con su hermano para hacerle un look hist\u00f3rico. El peque\u00f1o pidi\u00f3 que se lo cortaran como don Miguel Hidalgo y Costilla, nuestro h\u00e9roe nacional, aquel que dio la vida por la Independencia de M\u00e9xico. Muy valiente se sent\u00f3 en la silla, incluso se estaba riendo y se ve\u00eda que disfrutaba el momento. El peluquero comenz\u00f3 con su trabajo y hasta consumar la tragedia. El ni\u00f1o vio el resultado, qued\u00f3 sorprendido\" \/>\n<meta property=\"og:url\" content=\"https:\/\/soclose.mx\/blog\/tag\/juan-rulfo-frases-mujeres\/\" \/>\n<meta property=\"og:site_name\" content=\"So Close\" \/>\n<meta property=\"article:published_time\" content=\"2022-06-01T01:31:50+00:00\" \/>\n<meta property=\"og:image\" content=\"https:\/\/i0.wp.com\/soclose.mx\/blog\/wp-content\/uploads\/2022\/05\/Captura-de-Pantalla-2022-05-31-a-las-20.29.01.png?fit=412%2C270&ssl=1\" \/>\n\t<meta property=\"og:image:width\" content=\"412\" \/>\n\t<meta property=\"og:image:height\" content=\"270\" \/>\n\t<meta property=\"og:image:type\" content=\"image\/png\" \/>\n<meta name=\"author\" content=\"Daniel Ram\u00edrez\" \/>\n<meta name=\"twitter:card\" content=\"summary_large_image\" \/>\n<meta name=\"twitter:label1\" content=\"Escrito por\" \/>\n\t<meta name=\"twitter:data1\" content=\"Daniel Ram\u00edrez\" \/>\n\t<meta name=\"twitter:label2\" content=\"Tiempo de lectura\" \/>\n\t<meta name=\"twitter:data2\" content=\"1 minuto\" \/>\n<script type=\"application\/ld+json\" class=\"yoast-schema-graph\">{\"@context\":\"https:\/\/schema.org\",\"@graph\":[{\"@type\":\"Article\",\"@id\":\"https:\/\/soclose.mx\/blog\/tag\/juan-rulfo-frases-mujeres\/#article\",\"isPartOf\":{\"@id\":\"https:\/\/soclose.mx\/blog\/tag\/juan-rulfo-frases-mujeres\/\"},\"author\":{\"name\":\"Daniel Ram\u00edrez\",\"@id\":\"https:\/\/soclose.mx\/blog\/#\/schema\/person\/54cd06c3a8cdc01a80c08725278aff88\"},\"headline\":\"Ni\u00f1o pide corte de &#8220;Miguel Hidalgo&#8221;, pero llora porque no le gust\u00f3\",\"datePublished\":\"2022-06-01T01:31:50+00:00\",\"mainEntityOfPage\":{\"@id\":\"https:\/\/soclose.mx\/blog\/tag\/juan-rulfo-frases-mujeres\/\"},\"wordCount\":166,\"commentCount\":0,\"publisher\":{\"@id\":\"https:\/\/soclose.mx\/blog\/#organization\"},\"image\":{\"@id\":\"https:\/\/soclose.mx\/blog\/tag\/juan-rulfo-frases-mujeres\/#primaryimage\"},\"thumbnailUrl\":\"https:\/\/i0.wp.com\/soclose.mx\/blog\/wp-content\/uploads\/2022\/05\/Captura-de-Pantalla-2022-05-31-a-las-20.29.01.png?fit=412%2C270&ssl=1\",\"keywords\":[\"corte de nino\",\"heroe nacional\",\"independencia\",\"miguel hidalgo\",\"tiktok\"],\"articleSection\":[\"A la mexicana\"],\"inLanguage\":\"es\",\"potentialAction\":[{\"@type\":\"CommentAction\",\"name\":\"Comment\",\"target\":[\"https:\/\/soclose.mx\/blog\/tag\/juan-rulfo-frases-mujeres\/#respond\"]}]},{\"@type\":\"WebPage\",\"@id\":\"https:\/\/soclose.mx\/blog\/tag\/juan-rulfo-frases-mujeres\/\",\"url\":\"https:\/\/soclose.mx\/blog\/tag\/juan-rulfo-frases-mujeres\/\",\"name\":\"Ni\u00f1o pide corte de \\\"Miguel Hidalgo\\\", pero llora porque no le gust\u00f3 - So Close\",\"isPartOf\":{\"@id\":\"https:\/\/soclose.mx\/blog\/#website\"},\"primaryImageOfPage\":{\"@id\":\"https:\/\/soclose.mx\/blog\/tag\/juan-rulfo-frases-mujeres\/#primaryimage\"},\"image\":{\"@id\":\"https:\/\/soclose.mx\/blog\/tag\/juan-rulfo-frases-mujeres\/#primaryimage\"},\"thumbnailUrl\":\"https:\/\/i0.wp.com\/soclose.mx\/blog\/wp-content\/uploads\/2022\/05\/Captura-de-Pantalla-2022-05-31-a-las-20.29.01.png?fit=412%2C270&ssl=1\",\"datePublished\":\"2022-06-01T01:31:50+00:00\",\"breadcrumb\":{\"@id\":\"https:\/\/soclose.mx\/blog\/tag\/juan-rulfo-frases-mujeres\/#breadcrumb\"},\"inLanguage\":\"es\",\"potentialAction\":[{\"@type\":\"ReadAction\",\"target\":[\"https:\/\/soclose.mx\/blog\/tag\/juan-rulfo-frases-mujeres\/\"]}]},{\"@type\":\"ImageObject\",\"inLanguage\":\"es\",\"@id\":\"https:\/\/soclose.mx\/blog\/tag\/juan-rulfo-frases-mujeres\/#primaryimage\",\"url\":\"https:\/\/i0.wp.com\/soclose.mx\/blog\/wp-content\/uploads\/2022\/05\/Captura-de-Pantalla-2022-05-31-a-las-20.29.01.png?fit=412%2C270&ssl=1\",\"contentUrl\":\"https:\/\/i0.wp.com\/soclose.mx\/blog\/wp-content\/uploads\/2022\/05\/Captura-de-Pantalla-2022-05-31-a-las-20.29.01.png?fit=412%2C270&ssl=1\",\"width\":412,\"height\":270},{\"@type\":\"BreadcrumbList\",\"@id\":\"https:\/\/soclose.mx\/blog\/tag\/juan-rulfo-frases-mujeres\/#breadcrumb\",\"itemListElement\":[{\"@type\":\"ListItem\",\"position\":1,\"name\":\"Inicio\",\"item\":\"https:\/\/soclose.mx\/blog\/\"},{\"@type\":\"ListItem\",\"position\":2,\"name\":\"Ni\u00f1o pide corte de &#8220;Miguel Hidalgo&#8221;, pero llora porque no le gust\u00f3\"}]},{\"@type\":\"WebSite\",\"@id\":\"https:\/\/soclose.mx\/blog\/#website\",\"url\":\"https:\/\/soclose.mx\/blog\/\",\"name\":\"So Close\",\"description\":\"Hacemos contenidos de M\u00e9xico\",\"publisher\":{\"@id\":\"https:\/\/soclose.mx\/blog\/#organization\"},\"potentialAction\":[{\"@type\":\"SearchAction\",\"target\":{\"@type\":\"EntryPoint\",\"urlTemplate\":\"https:\/\/soclose.mx\/blog\/?s={search_term_string}\"},\"query-input\":{\"@type\":\"PropertyValueSpecification\",\"valueRequired\":true,\"valueName\":\"search_term_string\"}}],\"inLanguage\":\"es\"},{\"@type\":\"Organization\",\"@id\":\"https:\/\/soclose.mx\/blog\/#organization\",\"name\":\"So Close\",\"url\":\"https:\/\/soclose.mx\/blog\/\",\"logo\":{\"@type\":\"ImageObject\",\"inLanguage\":\"es\",\"@id\":\"https:\/\/soclose.mx\/blog\/#\/schema\/logo\/image\/\",\"url\":\"https:\/\/i0.wp.com\/soclose.mx\/blog\/wp-content\/uploads\/2020\/12\/LOGO_SOCLOSE_COLOR-e1608310133507.png?fit=2858%2C1264&ssl=1\",\"contentUrl\":\"https:\/\/i0.wp.com\/soclose.mx\/blog\/wp-content\/uploads\/2020\/12\/LOGO_SOCLOSE_COLOR-e1608310133507.png?fit=2858%2C1264&ssl=1\",\"width\":2858,\"height\":1264,\"caption\":\"So Close\"},\"image\":{\"@id\":\"https:\/\/soclose.mx\/blog\/#\/schema\/logo\/image\/\"}},{\"@type\":\"Person\",\"@id\":\"https:\/\/soclose.mx\/blog\/#\/schema\/person\/54cd06c3a8cdc01a80c08725278aff88\",\"name\":\"Daniel Ram\u00edrez\",\"image\":{\"@type\":\"ImageObject\",\"inLanguage\":\"es\",\"@id\":\"https:\/\/soclose.mx\/blog\/#\/schema\/person\/image\/\",\"url\":\"https:\/\/secure.gravatar.com\/avatar\/74af6012f2e898d2be93cf32e26b59a2c9489743c9ca6270d7848b44edd7d272?s=96&d=mm&r=g\",\"contentUrl\":\"https:\/\/secure.gravatar.com\/avatar\/74af6012f2e898d2be93cf32e26b59a2c9489743c9ca6270d7848b44edd7d272?s=96&d=mm&r=g\",\"caption\":\"Daniel Ram\u00edrez\"},\"url\":\"https:\/\/soclose.mx\/blog\/author\/peter\/\"}]}<\/script>\n<!-- \/ Yoast SEO plugin. -->","yoast_head_json":{"title":"Ni\u00f1o pide corte de \"Miguel Hidalgo\", pero llora porque no le gust\u00f3 - So Close","robots":{"index":"index","follow":"follow","max-snippet":"max-snippet:-1","max-image-preview":"max-image-preview:large","max-video-preview":"max-video-preview:-1"},"canonical":"https:\/\/soclose.mx\/blog\/tag\/juan-rulfo-frases-mujeres\/","og_locale":"es_MX","og_type":"article","og_title":"Ni\u00f1o pide corte de \"Miguel Hidalgo\", pero llora porque no le gust\u00f3 - So Close","og_description":"No cabe duda que los ni\u00f1os son unos loquillos y se avientan cada puntada que, bueno&#8230; En el cap\u00edtulo de hoy tenemos a un peque\u00f1o que fue a la peluquer\u00eda con su hermano para hacerle un look hist\u00f3rico. El peque\u00f1o pidi\u00f3 que se lo cortaran como don Miguel Hidalgo y Costilla, nuestro h\u00e9roe nacional, aquel que dio la vida por la Independencia de M\u00e9xico. Muy valiente se sent\u00f3 en la silla, incluso se estaba riendo y se ve\u00eda que disfrutaba el momento. El peluquero comenz\u00f3 con su trabajo y hasta consumar la tragedia. El ni\u00f1o vio el resultado, qued\u00f3 sorprendido","og_url":"https:\/\/soclose.mx\/blog\/tag\/juan-rulfo-frases-mujeres\/","og_site_name":"So Close","article_published_time":"2022-06-01T01:31:50+00:00","og_image":[{"width":412,"height":270,"url":"https:\/\/i0.wp.com\/soclose.mx\/blog\/wp-content\/uploads\/2022\/05\/Captura-de-Pantalla-2022-05-31-a-las-20.29.01.png?fit=412%2C270&ssl=1","type":"image\/png"}],"author":"Daniel Ram\u00edrez","twitter_card":"summary_large_image","twitter_misc":{"Escrito por":"Daniel Ram\u00edrez","Tiempo de lectura":"1 minuto"},"schema":{"@context":"https:\/\/schema.org","@graph":[{"@type":"Article","@id":"https:\/\/soclose.mx\/blog\/tag\/juan-rulfo-frases-mujeres\/#article","isPartOf":{"@id":"https:\/\/soclose.mx\/blog\/tag\/juan-rulfo-frases-mujeres\/"},"author":{"name":"Daniel Ram\u00edrez","@id":"https:\/\/soclose.mx\/blog\/#\/schema\/person\/54cd06c3a8cdc01a80c08725278aff88"},"headline":"Ni\u00f1o pide corte de &#8220;Miguel Hidalgo&#8221;, pero llora porque no le gust\u00f3","datePublished":"2022-06-01T01:31:50+00:00","mainEntityOfPage":{"@id":"https:\/\/soclose.mx\/blog\/tag\/juan-rulfo-frases-mujeres\/"},"wordCount":166,"commentCount":0,"publisher":{"@id":"https:\/\/soclose.mx\/blog\/#organization"},"image":{"@id":"https:\/\/soclose.mx\/blog\/tag\/juan-rulfo-frases-mujeres\/#primaryimage"},"thumbnailUrl":"https:\/\/i0.wp.com\/soclose.mx\/blog\/wp-content\/uploads\/2022\/05\/Captura-de-Pantalla-2022-05-31-a-las-20.29.01.png?fit=412%2C270&ssl=1","keywords":["corte de nino","heroe nacional","independencia","miguel hidalgo","tiktok"],"articleSection":["A la mexicana"],"inLanguage":"es","potentialAction":[{"@type":"CommentAction","name":"Comment","target":["https:\/\/soclose.mx\/blog\/tag\/juan-rulfo-frases-mujeres\/#respond"]}]},{"@type":"WebPage","@id":"https:\/\/soclose.mx\/blog\/tag\/juan-rulfo-frases-mujeres\/","url":"https:\/\/soclose.mx\/blog\/tag\/juan-rulfo-frases-mujeres\/","name":"Ni\u00f1o pide corte de \"Miguel Hidalgo\", pero llora porque no le gust\u00f3 - So Close","isPartOf":{"@id":"https:\/\/soclose.mx\/blog\/#website"},"primaryImageOfPage":{"@id":"https:\/\/soclose.mx\/blog\/tag\/juan-rulfo-frases-mujeres\/#primaryimage"},"image":{"@id":"https:\/\/soclose.mx\/blog\/tag\/juan-rulfo-frases-mujeres\/#primaryimage"},"thumbnailUrl":"https:\/\/i0.wp.com\/soclose.mx\/blog\/wp-content\/uploads\/2022\/05\/Captura-de-Pantalla-2022-05-31-a-las-20.29.01.png?fit=412%2C270&ssl=1","datePublished":"2022-06-01T01:31:50+00:00","breadcrumb":{"@id":"https:\/\/soclose.mx\/blog\/tag\/juan-rulfo-frases-mujeres\/#breadcrumb"},"inLanguage":"es","potentialAction":[{"@type":"ReadAction","target":["https:\/\/soclose.mx\/blog\/tag\/juan-rulfo-frases-mujeres\/"]}]},{"@type":"ImageObject","inLanguage":"es","@id":"https:\/\/soclose.mx\/blog\/tag\/juan-rulfo-frases-mujeres\/#primaryimage","url":"https:\/\/i0.wp.com\/soclose.mx\/blog\/wp-content\/uploads\/2022\/05\/Captura-de-Pantalla-2022-05-31-a-las-20.29.01.png?fit=412%2C270&ssl=1","contentUrl":"https:\/\/i0.wp.com\/soclose.mx\/blog\/wp-content\/uploads\/2022\/05\/Captura-de-Pantalla-2022-05-31-a-las-20.29.01.png?fit=412%2C270&ssl=1","width":412,"height":270},{"@type":"BreadcrumbList","@id":"https:\/\/soclose.mx\/blog\/tag\/juan-rulfo-frases-mujeres\/#breadcrumb","itemListElement":[{"@type":"ListItem","position":1,"name":"Inicio","item":"https:\/\/soclose.mx\/blog\/"},{"@type":"ListItem","position":2,"name":"Ni\u00f1o pide corte de &#8220;Miguel Hidalgo&#8221;, pero llora porque no le gust\u00f3"}]},{"@type":"WebSite","@id":"https:\/\/soclose.mx\/blog\/#website","url":"https:\/\/soclose.mx\/blog\/","name":"So Close","description":"Hacemos contenidos de M\u00e9xico","publisher":{"@id":"https:\/\/soclose.mx\/blog\/#organization"},"potentialAction":[{"@type":"SearchAction","target":{"@type":"EntryPoint","urlTemplate":"https:\/\/soclose.mx\/blog\/?s={search_term_string}"},"query-input":{"@type":"PropertyValueSpecification","valueRequired":true,"valueName":"search_term_string"}}],"inLanguage":"es"},{"@type":"Organization","@id":"https:\/\/soclose.mx\/blog\/#organization","name":"So Close","url":"https:\/\/soclose.mx\/blog\/","logo":{"@type":"ImageObject","inLanguage":"es","@id":"https:\/\/soclose.mx\/blog\/#\/schema\/logo\/image\/","url":"https:\/\/i0.wp.com\/soclose.mx\/blog\/wp-content\/uploads\/2020\/12\/LOGO_SOCLOSE_COLOR-e1608310133507.png?fit=2858%2C1264&ssl=1","contentUrl":"https:\/\/i0.wp.com\/soclose.mx\/blog\/wp-content\/uploads\/2020\/12\/LOGO_SOCLOSE_COLOR-e1608310133507.png?fit=2858%2C1264&ssl=1","width":2858,"height":1264,"caption":"So Close"},"image":{"@id":"https:\/\/soclose.mx\/blog\/#\/schema\/logo\/image\/"}},{"@type":"Person","@id":"https:\/\/soclose.mx\/blog\/#\/schema\/person\/54cd06c3a8cdc01a80c08725278aff88","name":"Daniel Ram\u00edrez","image":{"@type":"ImageObject","inLanguage":"es","@id":"https:\/\/soclose.mx\/blog\/#\/schema\/person\/image\/","url":"https:\/\/secure.gravatar.com\/avatar\/74af6012f2e898d2be93cf32e26b59a2c9489743c9ca6270d7848b44edd7d272?s=96&d=mm&r=g","contentUrl":"https:\/\/secure.gravatar.com\/avatar\/74af6012f2e898d2be93cf32e26b59a2c9489743c9ca6270d7848b44edd7d272?s=96&d=mm&r=g","caption":"Daniel Ram\u00edrez"},"url":"https:\/\/soclose.mx\/blog\/author\/peter\/"}]}},"jetpack_featured_media_url":"https:\/\/i0.wp.com\/soclose.mx\/blog\/wp-content\/uploads\/2022\/05\/Captura-de-Pantalla-2022-05-31-a-las-20.29.01.png?fit=412%2C270&ssl=1","jetpack-related-posts":[{"id":12018,"url":"https:\/\/soclose.mx\/blog\/a-la-mexicana\/mujeres-independencia-heroinas-patria\/","url_meta":{"origin":10048,"position":0},"title":"Mujeres de la Independencia que no se rajaron \u00bfLas conoces?","author":"Emmanuel Oviedo","date":"15 agosto, 2023","format":false,"excerpt":"Las mujeres en la Independencia de M\u00e9xico tuvieron un papel importante y trascendieron en un mundo dominado por los hombres. Entregaron al pa\u00eds lo mejor de s\u00ed y muchas han permanecido en el anonimato; solo algunas han sobresalido en el discurso de la historia. Desde muy peque\u00f1os, en la escuela\u2026","rel":"","context":"En &quot;A la mexicana&quot;","block_context":{"text":"A la mexicana","link":"https:\/\/soclose.mx\/blog\/category\/a-la-mexicana\/"},"img":{"alt_text":"Mujeres en la Independencia de M\u00e9xico","src":"https:\/\/i0.wp.com\/soclose.mx\/blog\/wp-content\/uploads\/2023\/07\/Mujeres-en-la-Independencia-Mexico-heroinas.jpg?fit=1200%2C675&ssl=1&resize=350%2C200","width":350,"height":200,"srcset":"https:\/\/i0.wp.com\/soclose.mx\/blog\/wp-content\/uploads\/2023\/07\/Mujeres-en-la-Independencia-Mexico-heroinas.jpg?fit=1200%2C675&ssl=1&resize=350%2C200 1x, https:\/\/i0.wp.com\/soclose.mx\/blog\/wp-content\/uploads\/2023\/07\/Mujeres-en-la-Independencia-Mexico-heroinas.jpg?fit=1200%2C675&ssl=1&resize=525%2C300 1.5x, https:\/\/i0.wp.com\/soclose.mx\/blog\/wp-content\/uploads\/2023\/07\/Mujeres-en-la-Independencia-Mexico-heroinas.jpg?fit=1200%2C675&ssl=1&resize=700%2C400 2x, https:\/\/i0.wp.com\/soclose.mx\/blog\/wp-content\/uploads\/2023\/07\/Mujeres-en-la-Independencia-Mexico-heroinas.jpg?fit=1200%2C675&ssl=1&resize=1050%2C600 3x"},"classes":[]},{"id":11653,"url":"https:\/\/soclose.mx\/blog\/lugares\/grito-independencia-16-septiembre-donde-celebrar\/","url_meta":{"origin":10048,"position":1},"title":"Grito de Independencia: Cinco lugares d\u00f3nde celebrar en M\u00e9xico","author":"Mar\u00eda Ju\u00e1rez","date":"2 septiembre, 2023","format":false,"excerpt":"El Grito de Independencia, la noche del 15 de Septiembre, es uno de los hechos hist\u00f3ricos m\u00e1s importantes del pa\u00eds,\u00a0 marca el inicio de la lucha por la Independencia de M\u00e9xico, que se conmemora el 16 de septiembre. El inicio del movimiento independentista comenz\u00f3 cuando Miguel Hidalgo incit\u00f3 al pueblo\u2026","rel":"","context":"En &quot;Lugares&quot;","block_context":{"text":"Lugares","link":"https:\/\/soclose.mx\/blog\/category\/lugares\/"},"img":{"alt_text":"Grito de Independencia","src":"https:\/\/i0.wp.com\/soclose.mx\/blog\/wp-content\/uploads\/2023\/04\/Grito-de-Independencia-16-de-septiembre.jpg?fit=1200%2C722&ssl=1&resize=350%2C200","width":350,"height":200,"srcset":"https:\/\/i0.wp.com\/soclose.mx\/blog\/wp-content\/uploads\/2023\/04\/Grito-de-Independencia-16-de-septiembre.jpg?fit=1200%2C722&ssl=1&resize=350%2C200 1x, https:\/\/i0.wp.com\/soclose.mx\/blog\/wp-content\/uploads\/2023\/04\/Grito-de-Independencia-16-de-septiembre.jpg?fit=1200%2C722&ssl=1&resize=525%2C300 1.5x, https:\/\/i0.wp.com\/soclose.mx\/blog\/wp-content\/uploads\/2023\/04\/Grito-de-Independencia-16-de-septiembre.jpg?fit=1200%2C722&ssl=1&resize=700%2C400 2x, https:\/\/i0.wp.com\/soclose.mx\/blog\/wp-content\/uploads\/2023\/04\/Grito-de-Independencia-16-de-septiembre.jpg?fit=1200%2C722&ssl=1&resize=1050%2C600 3x"},"classes":[]},{"id":13912,"url":"https:\/\/soclose.mx\/blog\/a-la-mexicana\/mitos-y-secretos-de-la-independencia-de-mexico-mas-alla-del-grito-parte-1\/","url_meta":{"origin":10048,"position":2},"title":"Mitos y secretos de la Independencia de M\u00e9xico: M\u00e1s All\u00e1 del Grito | Parte 1","author":"So Close","date":"13 agosto, 2024","format":false,"excerpt":"La Independencia de M\u00e9xico es un evento hist\u00f3rico que ha sido ampliamente estudiado y documentado. Sin embargo, detr\u00e1s de los hechos conocidos, se esconden una serie de mitos y secretos de la Independencia de M\u00e9xico que han alimentado la imaginaci\u00f3n de historiadores y amantes de lo desconocido. Acomp\u00e1\u00f1anos a descubrir\u2026","rel":"","context":"En &quot;A la mexicana&quot;","block_context":{"text":"A la mexicana","link":"https:\/\/soclose.mx\/blog\/category\/a-la-mexicana\/"},"img":{"alt_text":"bandera-de-mexico","src":"https:\/\/i0.wp.com\/soclose.mx\/blog\/wp-content\/uploads\/2024\/08\/bandera-de-mexico.jpg?fit=1200%2C1032&ssl=1&resize=350%2C200","width":350,"height":200,"srcset":"https:\/\/i0.wp.com\/soclose.mx\/blog\/wp-content\/uploads\/2024\/08\/bandera-de-mexico.jpg?fit=1200%2C1032&ssl=1&resize=350%2C200 1x, https:\/\/i0.wp.com\/soclose.mx\/blog\/wp-content\/uploads\/2024\/08\/bandera-de-mexico.jpg?fit=1200%2C1032&ssl=1&resize=525%2C300 1.5x, https:\/\/i0.wp.com\/soclose.mx\/blog\/wp-content\/uploads\/2024\/08\/bandera-de-mexico.jpg?fit=1200%2C1032&ssl=1&resize=700%2C400 2x, https:\/\/i0.wp.com\/soclose.mx\/blog\/wp-content\/uploads\/2024\/08\/bandera-de-mexico.jpg?fit=1200%2C1032&ssl=1&resize=1050%2C600 3x"},"classes":[]},{"id":6762,"url":"https:\/\/soclose.mx\/blog\/news-feed\/inauguran-exposicion-conmemorativa-del-bicentenario-del-plan-de-iguala\/","url_meta":{"origin":10048,"position":3},"title":"Lista la exposici\u00f3n del bicentenario del Plan de Iguala para que la visites","author":"Miguel Angel Romero","date":"4 agosto, 2021","format":false,"excerpt":"En el marco de las conmemoraciones emblem\u00e1ticas de 2021, \u201cA\u00f1o de la Grandeza y la Independencia de M\u00e9xico\u201d, la exposici\u00f3n \"200 a\u00f1os de la Promulgaci\u00f3n del Plan de Iguala\", organizada por la Secretar\u00eda de Cultura del Gobierno de M\u00e9xico, a trav\u00e9s del Instituto Nacional de Antropolog\u00eda e Historia (INAH), llega\u2026","rel":"","context":"En &quot;News feed&quot;","block_context":{"text":"News feed","link":"https:\/\/soclose.mx\/blog\/category\/news-feed\/"},"img":{"alt_text":"","src":"https:\/\/i0.wp.com\/soclose.mx\/blog\/wp-content\/uploads\/2021\/08\/foto_home_inah.png?fit=800%2C536&ssl=1&resize=350%2C200","width":350,"height":200,"srcset":"https:\/\/i0.wp.com\/soclose.mx\/blog\/wp-content\/uploads\/2021\/08\/foto_home_inah.png?fit=800%2C536&ssl=1&resize=350%2C200 1x, https:\/\/i0.wp.com\/soclose.mx\/blog\/wp-content\/uploads\/2021\/08\/foto_home_inah.png?fit=800%2C536&ssl=1&resize=525%2C300 1.5x, https:\/\/i0.wp.com\/soclose.mx\/blog\/wp-content\/uploads\/2021\/08\/foto_home_inah.png?fit=800%2C536&ssl=1&resize=700%2C400 2x"},"classes":[]},{"id":10297,"url":"https:\/\/soclose.mx\/blog\/a-la-mexicana\/video-senor-de-los-elotes-hace-feliz-a-nino-en-su-cumpleanos\/","url_meta":{"origin":10048,"position":4},"title":"Video: se\u00f1or de los elotes hace feliz a ni\u00f1o en su cumplea\u00f1os","author":"Daniel Ram\u00edrez","date":"21 junio, 2022","format":false,"excerpt":"Hay de superh\u00e9roes a superh\u00e9roes y cada quien tiene el suyo, como el de un peque\u00f1o de Monterrey, Nuevo Le\u00f3n, que bien podr\u00eda ser el de muchos. El ni\u00f1o estaba celebrando su cumplea\u00f1os y se llev\u00f3 la sorpresa de su corta vida al ver llegar al se\u00f1or de los elotes,\u2026","rel":"","context":"En &quot;A la mexicana&quot;","block_context":{"text":"A la mexicana","link":"https:\/\/soclose.mx\/blog\/category\/a-la-mexicana\/"},"img":{"alt_text":"","src":"https:\/\/i0.wp.com\/soclose.mx\/blog\/wp-content\/uploads\/2022\/06\/elotes.png?fit=539%2C491&ssl=1&resize=350%2C200","width":350,"height":200,"srcset":"https:\/\/i0.wp.com\/soclose.mx\/blog\/wp-content\/uploads\/2022\/06\/elotes.png?fit=539%2C491&ssl=1&resize=350%2C200 1x, https:\/\/i0.wp.com\/soclose.mx\/blog\/wp-content\/uploads\/2022\/06\/elotes.png?fit=539%2C491&ssl=1&resize=525%2C300 1.5x"},"classes":[]},{"id":7699,"url":"https:\/\/soclose.mx\/blog\/para-todos\/reabren-sitios-arqueologicos-y-espacios-culturales-en-hidalgo\/","url_meta":{"origin":10048,"position":5},"title":"Reabren sitios arqueol\u00f3gicos y espacios culturales en Hidalgo","author":"Miguel Angel Romero","date":"2 noviembre, 2021","format":false,"excerpt":"Luego de permanecer cerrados durante un a\u00f1o siete meses, a causa de la contingencia sanitaria, sitios arqueol\u00f3gicos y espacios culturales en Hidalgo reabren. As\u00ed es, las zonas arqueol\u00f3gicas de Pah\u00f1\u00fa, Huapalcalco y Hidalgo, as\u00ed como en los Ex conventos de Epazoyucan, Actopan y San Francisco de Tepeapulco con el Museo\u2026","rel":"","context":"En &quot;Para todos&quot;","block_context":{"text":"Para todos","link":"https:\/\/soclose.mx\/blog\/category\/para-todos\/"},"img":{"alt_text":"","src":"https:\/\/i0.wp.com\/soclose.mx\/blog\/wp-content\/uploads\/2021\/11\/Copia-de-Principal-So-Close-blog-1.png?fit=1200%2C677&ssl=1&resize=350%2C200","width":350,"height":200,"srcset":"https:\/\/i0.wp.com\/soclose.mx\/blog\/wp-content\/uploads\/2021\/11\/Copia-de-Principal-So-Close-blog-1.png?fit=1200%2C677&ssl=1&resize=350%2C200 1x, https:\/\/i0.wp.com\/soclose.mx\/blog\/wp-content\/uploads\/2021\/11\/Copia-de-Principal-So-Close-blog-1.png?fit=1200%2C677&ssl=1&resize=525%2C300 1.5x, https:\/\/i0.wp.com\/soclose.mx\/blog\/wp-content\/uploads\/2021\/11\/Copia-de-Principal-So-Close-blog-1.png?fit=1200%2C677&ssl=1&resize=700%2C400 2x, https:\/\/i0.wp.com\/soclose.mx\/blog\/wp-content\/uploads\/2021\/11\/Copia-de-Principal-So-Close-blog-1.png?fit=1200%2C677&ssl=1&resize=1050%2C600 3x"},"classes":[]}],"jetpack_sharing_enabled":true,"_links":{"self":[{"href":"https:\/\/soclose.mx\/blog\/wp-json\/wp\/v2\/posts\/10048","targetHints":{"allow":["GET"]}}],"collection":[{"href":"https:\/\/soclose.mx\/blog\/wp-json\/wp\/v2\/posts"}],"about":[{"href":"https:\/\/soclose.mx\/blog\/wp-json\/wp\/v2\/types\/post"}],"author":[{"embeddable":true,"href":"https:\/\/soclose.mx\/blog\/wp-json\/wp\/v2\/users\/9"}],"replies":[{"embeddable":true,"href":"https:\/\/soclose.mx\/blog\/wp-json\/wp\/v2\/comments?post=10048"}],"version-history":[{"count":0,"href":"https:\/\/soclose.mx\/blog\/wp-json\/wp\/v2\/posts\/10048\/revisions"}],"wp:featuredmedia":[{"embeddable":true,"href":"https:\/\/soclose.mx\/blog\/wp-json\/wp\/v2\/media\/10051"}],"wp:attachment":[{"href":"https:\/\/soclose.mx\/blog\/wp-json\/wp\/v2\/media?parent=10048"}],"wp:term":[{"taxonomy":"category","embeddable":true,"href":"https:\/\/soclose.mx\/blog\/wp-json\/wp\/v2\/categories?post=10048"},{"taxonomy":"post_tag","embeddable":true,"href":"https:\/\/soclose.mx\/blog\/wp-json\/wp\/v2\/tags?post=10048"}],"curies":[{"name":"wp","href":"https:\/\/api.w.org\/{rel}","templated":true}]}}