{"id":10085,"date":"2022-06-03T20:22:44","date_gmt":"2022-06-04T01:22:44","guid":{"rendered":"https:\/\/soclose.mx\/blog\/?p=10085"},"modified":"2022-06-07T12:38:01","modified_gmt":"2022-06-07T17:38:01","slug":"vuelve-a-leer-los-libros-que-usaste-en-la-primaria","status":"publish","type":"post","link":"https:\/\/soclose.mx\/blog\/a-la-mexicana\/vuelve-a-leer-los-libros-que-usaste-en-la-primaria\/","title":{"rendered":"Vuelve a leer los libros que usaste en la primaria"},"content":{"rendered":"<p>\u00a1Juventud, divino tesoro! Aquellos a\u00f1os en los que \u00e9ramos felices y no lo sab\u00edamos han quedado atr\u00e1s y una de nuestras \u00e9pocas favoritas fue en la primaria.<\/p>\n<p>Es por eso que la <strong>SEP<\/strong>, a trav\u00e9s de la <strong>Comisi\u00f3n Nacional de Libros de Texto Gratuitos<\/strong>, ha puesto a disposici\u00f3n un cat\u00e1logo hist\u00f3rico donde puedes consultar libros de acuerdo a tu \u00e9poca escolar.<\/p>\n<p><a href=\"https:\/\/historico.conaliteg.gob.mx\/\"><img data-recalc-dims=\"1\" fetchpriority=\"high\" decoding=\"async\" class=\"alignnone size-medium wp-image-10131\" src=\"https:\/\/i0.wp.com\/soclose.mx\/blog\/wp-content\/uploads\/2022\/06\/WhatsApp-Image-2022-06-07-at-11.19.48-AM.jpeg?resize=300%2C192&#038;ssl=1\" alt=\"\" width=\"300\" height=\"192\" srcset=\"https:\/\/i0.wp.com\/soclose.mx\/blog\/wp-content\/uploads\/2022\/06\/WhatsApp-Image-2022-06-07-at-11.19.48-AM.jpeg?resize=300%2C192&amp;ssl=1 300w, https:\/\/i0.wp.com\/soclose.mx\/blog\/wp-content\/uploads\/2022\/06\/WhatsApp-Image-2022-06-07-at-11.19.48-AM.jpeg?resize=1024%2C654&amp;ssl=1 1024w, https:\/\/i0.wp.com\/soclose.mx\/blog\/wp-content\/uploads\/2022\/06\/WhatsApp-Image-2022-06-07-at-11.19.48-AM.jpeg?resize=768%2C491&amp;ssl=1 768w, https:\/\/i0.wp.com\/soclose.mx\/blog\/wp-content\/uploads\/2022\/06\/WhatsApp-Image-2022-06-07-at-11.19.48-AM.jpeg?resize=1170%2C748&amp;ssl=1 1170w, https:\/\/i0.wp.com\/soclose.mx\/blog\/wp-content\/uploads\/2022\/06\/WhatsApp-Image-2022-06-07-at-11.19.48-AM.jpeg?resize=585%2C374&amp;ssl=1 585w, https:\/\/i0.wp.com\/soclose.mx\/blog\/wp-content\/uploads\/2022\/06\/WhatsApp-Image-2022-06-07-at-11.19.48-AM.jpeg?w=1280&amp;ssl=1 1280w\" sizes=\"(max-width: 300px) 100vw, 300px\" \/><\/a><\/p>\n<p>En este sitio web encontrar\u00e1s los libros de las ediciones de 1960 hasta el 2011, desde cuadernos de lecturas hasta los recortables.<\/p>\n<p>Solo debes ingresar <a href=\"https:\/\/historico.conaliteg.gob.mx\/\">a este enlace<\/a>, ah\u00ed deber\u00e1s elegir los grados, de primero a sexto y seleccionar el que quieras consultar y listo, estar\u00e1s de vuelta en la primaria.<\/p>\n<p><a href=\"https:\/\/historico.conaliteg.gob.mx\/\"><img data-recalc-dims=\"1\" decoding=\"async\" class=\"alignnone size-medium wp-image-10132\" src=\"https:\/\/i0.wp.com\/soclose.mx\/blog\/wp-content\/uploads\/2022\/06\/Captura-de-Pantalla-2022-06-07-a-las-12.35.12.png?resize=300%2C129&#038;ssl=1\" alt=\"\" width=\"300\" height=\"129\" srcset=\"https:\/\/i0.wp.com\/soclose.mx\/blog\/wp-content\/uploads\/2022\/06\/Captura-de-Pantalla-2022-06-07-a-las-12.35.12.png?resize=300%2C129&amp;ssl=1 300w, https:\/\/i0.wp.com\/soclose.mx\/blog\/wp-content\/uploads\/2022\/06\/Captura-de-Pantalla-2022-06-07-a-las-12.35.12.png?resize=1024%2C441&amp;ssl=1 1024w, https:\/\/i0.wp.com\/soclose.mx\/blog\/wp-content\/uploads\/2022\/06\/Captura-de-Pantalla-2022-06-07-a-las-12.35.12.png?resize=768%2C330&amp;ssl=1 768w, https:\/\/i0.wp.com\/soclose.mx\/blog\/wp-content\/uploads\/2022\/06\/Captura-de-Pantalla-2022-06-07-a-las-12.35.12.png?resize=1536%2C661&amp;ssl=1 1536w, https:\/\/i0.wp.com\/soclose.mx\/blog\/wp-content\/uploads\/2022\/06\/Captura-de-Pantalla-2022-06-07-a-las-12.35.12.png?resize=2048%2C881&amp;ssl=1 2048w, https:\/\/i0.wp.com\/soclose.mx\/blog\/wp-content\/uploads\/2022\/06\/Captura-de-Pantalla-2022-06-07-a-las-12.35.12.png?resize=1920%2C826&amp;ssl=1 1920w, https:\/\/i0.wp.com\/soclose.mx\/blog\/wp-content\/uploads\/2022\/06\/Captura-de-Pantalla-2022-06-07-a-las-12.35.12.png?resize=1170%2C503&amp;ssl=1 1170w, https:\/\/i0.wp.com\/soclose.mx\/blog\/wp-content\/uploads\/2022\/06\/Captura-de-Pantalla-2022-06-07-a-las-12.35.12.png?resize=585%2C252&amp;ssl=1 585w\" sizes=\"(max-width: 300px) 100vw, 300px\" \/><\/a><\/p>\n","protected":false},"excerpt":{"rendered":"<p>\u00a1Juventud, divino tesoro! Aquellos a\u00f1os en los que \u00e9ramos felices y no lo sab\u00edamos han quedado atr\u00e1s y una de nuestras \u00e9pocas favoritas fue en la primaria. Es por eso que la SEP, a trav\u00e9s de la Comisi\u00f3n Nacional de Libros de Texto Gratuitos, ha puesto a disposici\u00f3n un cat\u00e1logo hist\u00f3rico donde puedes consultar libros de acuerdo a tu \u00e9poca escolar. En este sitio web encontrar\u00e1s los libros de las ediciones de 1960 hasta el 2011, desde cuadernos de lecturas hasta los recortables. Solo debes ingresar a este enlace, ah\u00ed deber\u00e1s elegir los grados, de primero a sexto y seleccionar<\/p>\n","protected":false},"author":9,"featured_media":10090,"comment_status":"open","ping_status":"open","sticky":false,"template":"","format":"standard","meta":{"_jetpack_memberships_contains_paid_content":false,"footnotes":""},"categories":[1778],"tags":[2176,2175,2174,1646],"class_list":["post-10085","post","type-post","status-publish","format-standard","has-post-thumbnail","hentry","category-a-la-mexicana","tag-conaliteg","tag-libros-de-primaria","tag-libros-de-texto","tag-sep"],"yoast_head":"<!-- This site is optimized with the Yoast SEO plugin v26.7 - https:\/\/yoast.com\/wordpress\/plugins\/seo\/ -->\n<title>Vuelve a leer los libros que usaste en la primaria - So Close<\/title>\n<meta name=\"robots\" content=\"index, follow, max-snippet:-1, max-image-preview:large, max-video-preview:-1\" \/>\n<link rel=\"canonical\" href=\"https:\/\/soclose.mx\/blog\/tag\/juan-rulfo-frases-mujeres\/\" \/>\n<meta property=\"og:locale\" content=\"es_MX\" \/>\n<meta property=\"og:type\" content=\"article\" \/>\n<meta property=\"og:title\" content=\"Vuelve a leer los libros que usaste en la primaria - So Close\" \/>\n<meta property=\"og:description\" content=\"\u00a1Juventud, divino tesoro! Aquellos a\u00f1os en los que \u00e9ramos felices y no lo sab\u00edamos han quedado atr\u00e1s y una de nuestras \u00e9pocas favoritas fue en la primaria. Es por eso que la SEP, a trav\u00e9s de la Comisi\u00f3n Nacional de Libros de Texto Gratuitos, ha puesto a disposici\u00f3n un cat\u00e1logo hist\u00f3rico donde puedes consultar libros de acuerdo a tu \u00e9poca escolar. En este sitio web encontrar\u00e1s los libros de las ediciones de 1960 hasta el 2011, desde cuadernos de lecturas hasta los recortables. Solo debes ingresar a este enlace, ah\u00ed deber\u00e1s elegir los grados, de primero a sexto y seleccionar\" \/>\n<meta property=\"og:url\" content=\"https:\/\/soclose.mx\/blog\/tag\/juan-rulfo-frases-mujeres\/\" \/>\n<meta property=\"og:site_name\" content=\"So Close\" \/>\n<meta property=\"article:published_time\" content=\"2022-06-04T01:22:44+00:00\" \/>\n<meta property=\"article:modified_time\" content=\"2022-06-07T17:38:01+00:00\" \/>\n<meta property=\"og:image\" content=\"https:\/\/i0.wp.com\/soclose.mx\/blog\/wp-content\/uploads\/2022\/06\/Captura-de-Pantalla-2022-06-03-a-las-20.21.45.png?fit=455%2C498&ssl=1\" \/>\n\t<meta property=\"og:image:width\" content=\"455\" \/>\n\t<meta property=\"og:image:height\" content=\"498\" \/>\n\t<meta property=\"og:image:type\" content=\"image\/png\" \/>\n<meta name=\"author\" content=\"Daniel Ram\u00edrez\" \/>\n<meta name=\"twitter:card\" content=\"summary_large_image\" \/>\n<meta name=\"twitter:label1\" content=\"Escrito por\" \/>\n\t<meta name=\"twitter:data1\" content=\"Daniel Ram\u00edrez\" \/>\n\t<meta name=\"twitter:label2\" content=\"Tiempo de lectura\" \/>\n\t<meta name=\"twitter:data2\" content=\"1 minuto\" \/>\n<script type=\"application\/ld+json\" class=\"yoast-schema-graph\">{\"@context\":\"https:\/\/schema.org\",\"@graph\":[{\"@type\":\"Article\",\"@id\":\"https:\/\/soclose.mx\/blog\/tag\/juan-rulfo-frases-mujeres\/#article\",\"isPartOf\":{\"@id\":\"https:\/\/soclose.mx\/blog\/tag\/juan-rulfo-frases-mujeres\/\"},\"author\":{\"name\":\"Daniel Ram\u00edrez\",\"@id\":\"https:\/\/soclose.mx\/blog\/#\/schema\/person\/54cd06c3a8cdc01a80c08725278aff88\"},\"headline\":\"Vuelve a leer los libros que usaste en la primaria\",\"datePublished\":\"2022-06-04T01:22:44+00:00\",\"dateModified\":\"2022-06-07T17:38:01+00:00\",\"mainEntityOfPage\":{\"@id\":\"https:\/\/soclose.mx\/blog\/tag\/juan-rulfo-frases-mujeres\/\"},\"wordCount\":131,\"commentCount\":0,\"publisher\":{\"@id\":\"https:\/\/soclose.mx\/blog\/#organization\"},\"image\":{\"@id\":\"https:\/\/soclose.mx\/blog\/tag\/juan-rulfo-frases-mujeres\/#primaryimage\"},\"thumbnailUrl\":\"https:\/\/i0.wp.com\/soclose.mx\/blog\/wp-content\/uploads\/2022\/06\/Captura-de-Pantalla-2022-06-03-a-las-20.21.45.png?fit=455%2C498&ssl=1\",\"keywords\":[\"conaliteg\",\"libros de primaria\",\"libros de texto\",\"sep\"],\"articleSection\":[\"A la mexicana\"],\"inLanguage\":\"es\",\"potentialAction\":[{\"@type\":\"CommentAction\",\"name\":\"Comment\",\"target\":[\"https:\/\/soclose.mx\/blog\/tag\/juan-rulfo-frases-mujeres\/#respond\"]}]},{\"@type\":\"WebPage\",\"@id\":\"https:\/\/soclose.mx\/blog\/tag\/juan-rulfo-frases-mujeres\/\",\"url\":\"https:\/\/soclose.mx\/blog\/tag\/juan-rulfo-frases-mujeres\/\",\"name\":\"Vuelve a leer los libros que usaste en la primaria - So Close\",\"isPartOf\":{\"@id\":\"https:\/\/soclose.mx\/blog\/#website\"},\"primaryImageOfPage\":{\"@id\":\"https:\/\/soclose.mx\/blog\/tag\/juan-rulfo-frases-mujeres\/#primaryimage\"},\"image\":{\"@id\":\"https:\/\/soclose.mx\/blog\/tag\/juan-rulfo-frases-mujeres\/#primaryimage\"},\"thumbnailUrl\":\"https:\/\/i0.wp.com\/soclose.mx\/blog\/wp-content\/uploads\/2022\/06\/Captura-de-Pantalla-2022-06-03-a-las-20.21.45.png?fit=455%2C498&ssl=1\",\"datePublished\":\"2022-06-04T01:22:44+00:00\",\"dateModified\":\"2022-06-07T17:38:01+00:00\",\"breadcrumb\":{\"@id\":\"https:\/\/soclose.mx\/blog\/tag\/juan-rulfo-frases-mujeres\/#breadcrumb\"},\"inLanguage\":\"es\",\"potentialAction\":[{\"@type\":\"ReadAction\",\"target\":[\"https:\/\/soclose.mx\/blog\/tag\/juan-rulfo-frases-mujeres\/\"]}]},{\"@type\":\"ImageObject\",\"inLanguage\":\"es\",\"@id\":\"https:\/\/soclose.mx\/blog\/tag\/juan-rulfo-frases-mujeres\/#primaryimage\",\"url\":\"https:\/\/i0.wp.com\/soclose.mx\/blog\/wp-content\/uploads\/2022\/06\/Captura-de-Pantalla-2022-06-03-a-las-20.21.45.png?fit=455%2C498&ssl=1\",\"contentUrl\":\"https:\/\/i0.wp.com\/soclose.mx\/blog\/wp-content\/uploads\/2022\/06\/Captura-de-Pantalla-2022-06-03-a-las-20.21.45.png?fit=455%2C498&ssl=1\",\"width\":455,\"height\":498},{\"@type\":\"BreadcrumbList\",\"@id\":\"https:\/\/soclose.mx\/blog\/tag\/juan-rulfo-frases-mujeres\/#breadcrumb\",\"itemListElement\":[{\"@type\":\"ListItem\",\"position\":1,\"name\":\"Inicio\",\"item\":\"https:\/\/soclose.mx\/blog\/\"},{\"@type\":\"ListItem\",\"position\":2,\"name\":\"Vuelve a leer los libros que usaste en la primaria\"}]},{\"@type\":\"WebSite\",\"@id\":\"https:\/\/soclose.mx\/blog\/#website\",\"url\":\"https:\/\/soclose.mx\/blog\/\",\"name\":\"So Close\",\"description\":\"Hacemos contenidos de M\u00e9xico\",\"publisher\":{\"@id\":\"https:\/\/soclose.mx\/blog\/#organization\"},\"potentialAction\":[{\"@type\":\"SearchAction\",\"target\":{\"@type\":\"EntryPoint\",\"urlTemplate\":\"https:\/\/soclose.mx\/blog\/?s={search_term_string}\"},\"query-input\":{\"@type\":\"PropertyValueSpecification\",\"valueRequired\":true,\"valueName\":\"search_term_string\"}}],\"inLanguage\":\"es\"},{\"@type\":\"Organization\",\"@id\":\"https:\/\/soclose.mx\/blog\/#organization\",\"name\":\"So Close\",\"url\":\"https:\/\/soclose.mx\/blog\/\",\"logo\":{\"@type\":\"ImageObject\",\"inLanguage\":\"es\",\"@id\":\"https:\/\/soclose.mx\/blog\/#\/schema\/logo\/image\/\",\"url\":\"https:\/\/i0.wp.com\/soclose.mx\/blog\/wp-content\/uploads\/2020\/12\/LOGO_SOCLOSE_COLOR-e1608310133507.png?fit=2858%2C1264&ssl=1\",\"contentUrl\":\"https:\/\/i0.wp.com\/soclose.mx\/blog\/wp-content\/uploads\/2020\/12\/LOGO_SOCLOSE_COLOR-e1608310133507.png?fit=2858%2C1264&ssl=1\",\"width\":2858,\"height\":1264,\"caption\":\"So Close\"},\"image\":{\"@id\":\"https:\/\/soclose.mx\/blog\/#\/schema\/logo\/image\/\"}},{\"@type\":\"Person\",\"@id\":\"https:\/\/soclose.mx\/blog\/#\/schema\/person\/54cd06c3a8cdc01a80c08725278aff88\",\"name\":\"Daniel Ram\u00edrez\",\"image\":{\"@type\":\"ImageObject\",\"inLanguage\":\"es\",\"@id\":\"https:\/\/soclose.mx\/blog\/#\/schema\/person\/image\/\",\"url\":\"https:\/\/secure.gravatar.com\/avatar\/74af6012f2e898d2be93cf32e26b59a2c9489743c9ca6270d7848b44edd7d272?s=96&d=mm&r=g\",\"contentUrl\":\"https:\/\/secure.gravatar.com\/avatar\/74af6012f2e898d2be93cf32e26b59a2c9489743c9ca6270d7848b44edd7d272?s=96&d=mm&r=g\",\"caption\":\"Daniel Ram\u00edrez\"},\"url\":\"https:\/\/soclose.mx\/blog\/author\/peter\/\"}]}<\/script>\n<!-- \/ Yoast SEO plugin. -->","yoast_head_json":{"title":"Vuelve a leer los libros que usaste en la primaria - So Close","robots":{"index":"index","follow":"follow","max-snippet":"max-snippet:-1","max-image-preview":"max-image-preview:large","max-video-preview":"max-video-preview:-1"},"canonical":"https:\/\/soclose.mx\/blog\/tag\/juan-rulfo-frases-mujeres\/","og_locale":"es_MX","og_type":"article","og_title":"Vuelve a leer los libros que usaste en la primaria - So Close","og_description":"\u00a1Juventud, divino tesoro! Aquellos a\u00f1os en los que \u00e9ramos felices y no lo sab\u00edamos han quedado atr\u00e1s y una de nuestras \u00e9pocas favoritas fue en la primaria. Es por eso que la SEP, a trav\u00e9s de la Comisi\u00f3n Nacional de Libros de Texto Gratuitos, ha puesto a disposici\u00f3n un cat\u00e1logo hist\u00f3rico donde puedes consultar libros de acuerdo a tu \u00e9poca escolar. En este sitio web encontrar\u00e1s los libros de las ediciones de 1960 hasta el 2011, desde cuadernos de lecturas hasta los recortables. Solo debes ingresar a este enlace, ah\u00ed deber\u00e1s elegir los grados, de primero a sexto y seleccionar","og_url":"https:\/\/soclose.mx\/blog\/tag\/juan-rulfo-frases-mujeres\/","og_site_name":"So Close","article_published_time":"2022-06-04T01:22:44+00:00","article_modified_time":"2022-06-07T17:38:01+00:00","og_image":[{"width":455,"height":498,"url":"https:\/\/i0.wp.com\/soclose.mx\/blog\/wp-content\/uploads\/2022\/06\/Captura-de-Pantalla-2022-06-03-a-las-20.21.45.png?fit=455%2C498&ssl=1","type":"image\/png"}],"author":"Daniel Ram\u00edrez","twitter_card":"summary_large_image","twitter_misc":{"Escrito por":"Daniel Ram\u00edrez","Tiempo de lectura":"1 minuto"},"schema":{"@context":"https:\/\/schema.org","@graph":[{"@type":"Article","@id":"https:\/\/soclose.mx\/blog\/tag\/juan-rulfo-frases-mujeres\/#article","isPartOf":{"@id":"https:\/\/soclose.mx\/blog\/tag\/juan-rulfo-frases-mujeres\/"},"author":{"name":"Daniel Ram\u00edrez","@id":"https:\/\/soclose.mx\/blog\/#\/schema\/person\/54cd06c3a8cdc01a80c08725278aff88"},"headline":"Vuelve a leer los libros que usaste en la primaria","datePublished":"2022-06-04T01:22:44+00:00","dateModified":"2022-06-07T17:38:01+00:00","mainEntityOfPage":{"@id":"https:\/\/soclose.mx\/blog\/tag\/juan-rulfo-frases-mujeres\/"},"wordCount":131,"commentCount":0,"publisher":{"@id":"https:\/\/soclose.mx\/blog\/#organization"},"image":{"@id":"https:\/\/soclose.mx\/blog\/tag\/juan-rulfo-frases-mujeres\/#primaryimage"},"thumbnailUrl":"https:\/\/i0.wp.com\/soclose.mx\/blog\/wp-content\/uploads\/2022\/06\/Captura-de-Pantalla-2022-06-03-a-las-20.21.45.png?fit=455%2C498&ssl=1","keywords":["conaliteg","libros de primaria","libros de texto","sep"],"articleSection":["A la mexicana"],"inLanguage":"es","potentialAction":[{"@type":"CommentAction","name":"Comment","target":["https:\/\/soclose.mx\/blog\/tag\/juan-rulfo-frases-mujeres\/#respond"]}]},{"@type":"WebPage","@id":"https:\/\/soclose.mx\/blog\/tag\/juan-rulfo-frases-mujeres\/","url":"https:\/\/soclose.mx\/blog\/tag\/juan-rulfo-frases-mujeres\/","name":"Vuelve a leer los libros que usaste en la primaria - So Close","isPartOf":{"@id":"https:\/\/soclose.mx\/blog\/#website"},"primaryImageOfPage":{"@id":"https:\/\/soclose.mx\/blog\/tag\/juan-rulfo-frases-mujeres\/#primaryimage"},"image":{"@id":"https:\/\/soclose.mx\/blog\/tag\/juan-rulfo-frases-mujeres\/#primaryimage"},"thumbnailUrl":"https:\/\/i0.wp.com\/soclose.mx\/blog\/wp-content\/uploads\/2022\/06\/Captura-de-Pantalla-2022-06-03-a-las-20.21.45.png?fit=455%2C498&ssl=1","datePublished":"2022-06-04T01:22:44+00:00","dateModified":"2022-06-07T17:38:01+00:00","breadcrumb":{"@id":"https:\/\/soclose.mx\/blog\/tag\/juan-rulfo-frases-mujeres\/#breadcrumb"},"inLanguage":"es","potentialAction":[{"@type":"ReadAction","target":["https:\/\/soclose.mx\/blog\/tag\/juan-rulfo-frases-mujeres\/"]}]},{"@type":"ImageObject","inLanguage":"es","@id":"https:\/\/soclose.mx\/blog\/tag\/juan-rulfo-frases-mujeres\/#primaryimage","url":"https:\/\/i0.wp.com\/soclose.mx\/blog\/wp-content\/uploads\/2022\/06\/Captura-de-Pantalla-2022-06-03-a-las-20.21.45.png?fit=455%2C498&ssl=1","contentUrl":"https:\/\/i0.wp.com\/soclose.mx\/blog\/wp-content\/uploads\/2022\/06\/Captura-de-Pantalla-2022-06-03-a-las-20.21.45.png?fit=455%2C498&ssl=1","width":455,"height":498},{"@type":"BreadcrumbList","@id":"https:\/\/soclose.mx\/blog\/tag\/juan-rulfo-frases-mujeres\/#breadcrumb","itemListElement":[{"@type":"ListItem","position":1,"name":"Inicio","item":"https:\/\/soclose.mx\/blog\/"},{"@type":"ListItem","position":2,"name":"Vuelve a leer los libros que usaste en la primaria"}]},{"@type":"WebSite","@id":"https:\/\/soclose.mx\/blog\/#website","url":"https:\/\/soclose.mx\/blog\/","name":"So Close","description":"Hacemos contenidos de M\u00e9xico","publisher":{"@id":"https:\/\/soclose.mx\/blog\/#organization"},"potentialAction":[{"@type":"SearchAction","target":{"@type":"EntryPoint","urlTemplate":"https:\/\/soclose.mx\/blog\/?s={search_term_string}"},"query-input":{"@type":"PropertyValueSpecification","valueRequired":true,"valueName":"search_term_string"}}],"inLanguage":"es"},{"@type":"Organization","@id":"https:\/\/soclose.mx\/blog\/#organization","name":"So Close","url":"https:\/\/soclose.mx\/blog\/","logo":{"@type":"ImageObject","inLanguage":"es","@id":"https:\/\/soclose.mx\/blog\/#\/schema\/logo\/image\/","url":"https:\/\/i0.wp.com\/soclose.mx\/blog\/wp-content\/uploads\/2020\/12\/LOGO_SOCLOSE_COLOR-e1608310133507.png?fit=2858%2C1264&ssl=1","contentUrl":"https:\/\/i0.wp.com\/soclose.mx\/blog\/wp-content\/uploads\/2020\/12\/LOGO_SOCLOSE_COLOR-e1608310133507.png?fit=2858%2C1264&ssl=1","width":2858,"height":1264,"caption":"So Close"},"image":{"@id":"https:\/\/soclose.mx\/blog\/#\/schema\/logo\/image\/"}},{"@type":"Person","@id":"https:\/\/soclose.mx\/blog\/#\/schema\/person\/54cd06c3a8cdc01a80c08725278aff88","name":"Daniel Ram\u00edrez","image":{"@type":"ImageObject","inLanguage":"es","@id":"https:\/\/soclose.mx\/blog\/#\/schema\/person\/image\/","url":"https:\/\/secure.gravatar.com\/avatar\/74af6012f2e898d2be93cf32e26b59a2c9489743c9ca6270d7848b44edd7d272?s=96&d=mm&r=g","contentUrl":"https:\/\/secure.gravatar.com\/avatar\/74af6012f2e898d2be93cf32e26b59a2c9489743c9ca6270d7848b44edd7d272?s=96&d=mm&r=g","caption":"Daniel Ram\u00edrez"},"url":"https:\/\/soclose.mx\/blog\/author\/peter\/"}]}},"jetpack_featured_media_url":"https:\/\/i0.wp.com\/soclose.mx\/blog\/wp-content\/uploads\/2022\/06\/Captura-de-Pantalla-2022-06-03-a-las-20.21.45.png?fit=455%2C498&ssl=1","jetpack-related-posts":[{"id":9202,"url":"https:\/\/soclose.mx\/blog\/ay-goeeee\/arroz-con-leche-la-cancion-mexicana-que-ha-evolucionado\/","url_meta":{"origin":10085,"position":0},"title":"&#8216;Arroz con leche&#8217;: La canci\u00f3n mexicana que ha evolucionado","author":"Miguel Angel Romero","date":"16 marzo, 2022","format":false,"excerpt":"\"Arroz con leche\" es una\u00a0\u00a0canci\u00f3n infantil\u00a0 mexicana cuya letra tiene tintes machistas, pues aborda la idea de que los ni\u00f1os busquen a una mujer que sepa realizar varias labores dom\u00e9sticas como\u00a0coser y bordar. Consciente de esta situaci\u00f3n, un profesor decidi\u00f3 hacer una actividad con sus estudiantes de primaria que consisti\u00f3\u2026","rel":"","context":"En &quot;\u00a1Ay goeeee!&quot;","block_context":{"text":"\u00a1Ay goeeee!","link":"https:\/\/soclose.mx\/blog\/category\/ay-goeeee\/"},"img":{"alt_text":"","src":"https:\/\/i0.wp.com\/soclose.mx\/blog\/wp-content\/uploads\/2022\/03\/Copia-de-Principal-So-Close-blog-8.png?fit=1200%2C677&ssl=1&resize=350%2C200","width":350,"height":200,"srcset":"https:\/\/i0.wp.com\/soclose.mx\/blog\/wp-content\/uploads\/2022\/03\/Copia-de-Principal-So-Close-blog-8.png?fit=1200%2C677&ssl=1&resize=350%2C200 1x, https:\/\/i0.wp.com\/soclose.mx\/blog\/wp-content\/uploads\/2022\/03\/Copia-de-Principal-So-Close-blog-8.png?fit=1200%2C677&ssl=1&resize=525%2C300 1.5x, https:\/\/i0.wp.com\/soclose.mx\/blog\/wp-content\/uploads\/2022\/03\/Copia-de-Principal-So-Close-blog-8.png?fit=1200%2C677&ssl=1&resize=700%2C400 2x, https:\/\/i0.wp.com\/soclose.mx\/blog\/wp-content\/uploads\/2022\/03\/Copia-de-Principal-So-Close-blog-8.png?fit=1200%2C677&ssl=1&resize=1050%2C600 3x"},"classes":[]},{"id":8215,"url":"https:\/\/soclose.mx\/blog\/ay-goeeee\/quien-es-la-mujer-de-los-libros-de-la-sep-victoria-dorantes\/","url_meta":{"origin":10085,"position":1},"title":"\u00bfQui\u00e9n es la mujer de los libros de la SEP, Victoria Dorantes?","author":"Miguel Angel Romero","date":"8 enero, 2022","format":false,"excerpt":"En la d\u00e9cada de los 60 apareci\u00f3 en los\u00a0libros de texto gratuitos la imagen de una mujer de rasgos ind\u00edgenas cubierta s\u00f3lo por una ce\u00f1ida t\u00fanica blanca que dejaba ver su prodigiosa figura: Victoria Dorantes. An\u00f3nimamente ella se fue convirtiendo en el s\u00edmbolo cl\u00e1sico de la patria. Ten\u00eda s\u00f3lo 18\u2026","rel":"","context":"En &quot;\u00a1Ay goeeee!&quot;","block_context":{"text":"\u00a1Ay goeeee!","link":"https:\/\/soclose.mx\/blog\/category\/ay-goeeee\/"},"img":{"alt_text":"","src":"https:\/\/i0.wp.com\/soclose.mx\/blog\/wp-content\/uploads\/2021\/12\/Copia-de-Principal-So-Close-blog-2-9.png?fit=1200%2C677&ssl=1&resize=350%2C200","width":350,"height":200,"srcset":"https:\/\/i0.wp.com\/soclose.mx\/blog\/wp-content\/uploads\/2021\/12\/Copia-de-Principal-So-Close-blog-2-9.png?fit=1200%2C677&ssl=1&resize=350%2C200 1x, https:\/\/i0.wp.com\/soclose.mx\/blog\/wp-content\/uploads\/2021\/12\/Copia-de-Principal-So-Close-blog-2-9.png?fit=1200%2C677&ssl=1&resize=525%2C300 1.5x, https:\/\/i0.wp.com\/soclose.mx\/blog\/wp-content\/uploads\/2021\/12\/Copia-de-Principal-So-Close-blog-2-9.png?fit=1200%2C677&ssl=1&resize=700%2C400 2x, https:\/\/i0.wp.com\/soclose.mx\/blog\/wp-content\/uploads\/2021\/12\/Copia-de-Principal-So-Close-blog-2-9.png?fit=1200%2C677&ssl=1&resize=1050%2C600 3x"},"classes":[]},{"id":13955,"url":"https:\/\/soclose.mx\/blog\/news-feed\/puentes-dias-festivos-y-vacaciones-del-ciclo-escolar-2024-2025-en-mexico\/","url_meta":{"origin":10085,"position":2},"title":"Puentes, D\u00edas Festivos y Vacaciones del Ciclo Escolar 2024-2025 en M\u00e9xico","author":"So Close","date":"26 agosto, 2024","format":false,"excerpt":"El ciclo escolar 2024-2025 en M\u00e9xico, organizado por la Secretar\u00eda de Educaci\u00f3n P\u00fablica (SEP), dar\u00e1 inicio el 26 de agosto de 2024 y concluir\u00e1 el 16 de julio de 2025. Este periodo contar\u00e1 con un total de 190 d\u00edas efectivos de clase para los estudiantes de educaci\u00f3n b\u00e1sica, incluyendo preescolar,\u2026","rel":"","context":"En &quot;News feed&quot;","block_context":{"text":"News feed","link":"https:\/\/soclose.mx\/blog\/category\/news-feed\/"},"img":{"alt_text":"Vacaciones en playas de M\u00e9xico","src":"https:\/\/i0.wp.com\/soclose.mx\/blog\/wp-content\/uploads\/2024\/08\/2707gestionvacaciones10.jpg?fit=1200%2C675&ssl=1&resize=350%2C200","width":350,"height":200,"srcset":"https:\/\/i0.wp.com\/soclose.mx\/blog\/wp-content\/uploads\/2024\/08\/2707gestionvacaciones10.jpg?fit=1200%2C675&ssl=1&resize=350%2C200 1x, https:\/\/i0.wp.com\/soclose.mx\/blog\/wp-content\/uploads\/2024\/08\/2707gestionvacaciones10.jpg?fit=1200%2C675&ssl=1&resize=525%2C300 1.5x, https:\/\/i0.wp.com\/soclose.mx\/blog\/wp-content\/uploads\/2024\/08\/2707gestionvacaciones10.jpg?fit=1200%2C675&ssl=1&resize=700%2C400 2x, https:\/\/i0.wp.com\/soclose.mx\/blog\/wp-content\/uploads\/2024\/08\/2707gestionvacaciones10.jpg?fit=1200%2C675&ssl=1&resize=1050%2C600 3x"},"classes":[]},{"id":6033,"url":"https:\/\/soclose.mx\/blog\/ay-goeeee\/de-que-hablaban-las-revistas-de-inicios-del-siglo-xx-que-educaban-a-los-ninos-de-mexico\/","url_meta":{"origin":10085,"position":3},"title":"\u00bfDe qu\u00e9 hablaban las revistas de inicios del siglo XX que educaban a los ni\u00f1os de M\u00e9xico?","author":"So Close","date":"11 mayo, 2021","format":false,"excerpt":"El Hogar\u00a0y\u00a0Pulgarcito eran las dos revistas de M\u00e9xico dedicadas a la formaci\u00f3n de la imagen y comportamiento de los ni\u00f1os del pa\u00eds, lo hac\u00edan a trav\u00e9s de reglas sociales, actividades art\u00edsticas y educativas. La investigadora de la Direcci\u00f3n de Estudios Hist\u00f3ricos (DEH) del Instituto Nacional de Antropolog\u00eda e Historia (INAH),\u2026","rel":"","context":"En &quot;\u00a1Ay goeeee!&quot;","block_context":{"text":"\u00a1Ay goeeee!","link":"https:\/\/soclose.mx\/blog\/category\/ay-goeeee\/"},"img":{"alt_text":"","src":"https:\/\/i0.wp.com\/soclose.mx\/blog\/wp-content\/uploads\/2021\/05\/revista-pulgarcito-mexico.jpeg?fit=1200%2C677&ssl=1&resize=350%2C200","width":350,"height":200,"srcset":"https:\/\/i0.wp.com\/soclose.mx\/blog\/wp-content\/uploads\/2021\/05\/revista-pulgarcito-mexico.jpeg?fit=1200%2C677&ssl=1&resize=350%2C200 1x, https:\/\/i0.wp.com\/soclose.mx\/blog\/wp-content\/uploads\/2021\/05\/revista-pulgarcito-mexico.jpeg?fit=1200%2C677&ssl=1&resize=525%2C300 1.5x, https:\/\/i0.wp.com\/soclose.mx\/blog\/wp-content\/uploads\/2021\/05\/revista-pulgarcito-mexico.jpeg?fit=1200%2C677&ssl=1&resize=700%2C400 2x, https:\/\/i0.wp.com\/soclose.mx\/blog\/wp-content\/uploads\/2021\/05\/revista-pulgarcito-mexico.jpeg?fit=1200%2C677&ssl=1&resize=1050%2C600 3x"},"classes":[]},{"id":10969,"url":"https:\/\/soclose.mx\/blog\/a-la-mexicana\/dos-ingenierias-terminadas-y-el-sueno-de-ir-al-espacio-adhara-perez-la-nina-genio-mexicana-de-10-anos\/","url_meta":{"origin":10085,"position":4},"title":"Dos ingenier\u00edas terminadas y el sue\u00f1o de ir al espacio: Adhara P\u00e9rez, la ni\u00f1a genio mexicana de 10 a\u00f1os","author":"Daniel Ram\u00edrez","date":"18 agosto, 2022","format":false,"excerpt":"\u00bfQu\u00e9 estabas haciendo a tus 10 a\u00f1os de edad? Quiz\u00e1 ibas en cuarto o quinto de primaria, te gustaba salir a jugar con tus amigos o ver por largo tiempo la televisi\u00f3n. Adhara P\u00e9rez S\u00e1nchez, una ni\u00f1a mexicana de esa edad, ya ha terminado \u00a1dos ingenier\u00edas y sue\u00f1a con ir\u2026","rel":"","context":"En &quot;A la mexicana&quot;","block_context":{"text":"A la mexicana","link":"https:\/\/soclose.mx\/blog\/category\/a-la-mexicana\/"},"img":{"alt_text":"","src":"https:\/\/i0.wp.com\/soclose.mx\/blog\/wp-content\/uploads\/2022\/08\/adhara.png?fit=592%2C385&ssl=1&resize=350%2C200","width":350,"height":200,"srcset":"https:\/\/i0.wp.com\/soclose.mx\/blog\/wp-content\/uploads\/2022\/08\/adhara.png?fit=592%2C385&ssl=1&resize=350%2C200 1x, https:\/\/i0.wp.com\/soclose.mx\/blog\/wp-content\/uploads\/2022\/08\/adhara.png?fit=592%2C385&ssl=1&resize=525%2C300 1.5x"},"classes":[]},{"id":10492,"url":"https:\/\/soclose.mx\/blog\/para-todos\/nino-mexicano-hace-historia-y-convierte-en-subcampeon-mundial-de-ajedrez\/","url_meta":{"origin":10085,"position":5},"title":"Ni\u00f1o mexicano hace historia y convierte en subcampe\u00f3n mundial de ajedrez","author":"Daniel Ram\u00edrez","date":"5 julio, 2022","format":false,"excerpt":"\u00bfTe acuerdas qu\u00e9 estabas haciendo a los 6 a\u00f1os de edad? Quiz\u00e1 prepar\u00e1ndote para ingresar a la primaria, teniendo tu primer contacto con alg\u00fan videojuego o un deporte o solo convirti\u00e9ndote en fan de alguna caricatura. Fernando Cort\u00e9s, un peque\u00f1o de nueve a\u00f1os, conoci\u00f3 a esa edad el ajedrez y\u2026","rel":"","context":"En &quot;Para todos&quot;","block_context":{"text":"Para todos","link":"https:\/\/soclose.mx\/blog\/category\/para-todos\/"},"img":{"alt_text":"","src":"https:\/\/i0.wp.com\/soclose.mx\/blog\/wp-content\/uploads\/2022\/07\/pexels-vlada-karpovich-6115019-scaled.jpg?fit=1200%2C800&ssl=1&resize=350%2C200","width":350,"height":200,"srcset":"https:\/\/i0.wp.com\/soclose.mx\/blog\/wp-content\/uploads\/2022\/07\/pexels-vlada-karpovich-6115019-scaled.jpg?fit=1200%2C800&ssl=1&resize=350%2C200 1x, https:\/\/i0.wp.com\/soclose.mx\/blog\/wp-content\/uploads\/2022\/07\/pexels-vlada-karpovich-6115019-scaled.jpg?fit=1200%2C800&ssl=1&resize=525%2C300 1.5x, https:\/\/i0.wp.com\/soclose.mx\/blog\/wp-content\/uploads\/2022\/07\/pexels-vlada-karpovich-6115019-scaled.jpg?fit=1200%2C800&ssl=1&resize=700%2C400 2x, https:\/\/i0.wp.com\/soclose.mx\/blog\/wp-content\/uploads\/2022\/07\/pexels-vlada-karpovich-6115019-scaled.jpg?fit=1200%2C800&ssl=1&resize=1050%2C600 3x"},"classes":[]}],"jetpack_sharing_enabled":true,"_links":{"self":[{"href":"https:\/\/soclose.mx\/blog\/wp-json\/wp\/v2\/posts\/10085","targetHints":{"allow":["GET"]}}],"collection":[{"href":"https:\/\/soclose.mx\/blog\/wp-json\/wp\/v2\/posts"}],"about":[{"href":"https:\/\/soclose.mx\/blog\/wp-json\/wp\/v2\/types\/post"}],"author":[{"embeddable":true,"href":"https:\/\/soclose.mx\/blog\/wp-json\/wp\/v2\/users\/9"}],"replies":[{"embeddable":true,"href":"https:\/\/soclose.mx\/blog\/wp-json\/wp\/v2\/comments?post=10085"}],"version-history":[{"count":0,"href":"https:\/\/soclose.mx\/blog\/wp-json\/wp\/v2\/posts\/10085\/revisions"}],"wp:featuredmedia":[{"embeddable":true,"href":"https:\/\/soclose.mx\/blog\/wp-json\/wp\/v2\/media\/10090"}],"wp:attachment":[{"href":"https:\/\/soclose.mx\/blog\/wp-json\/wp\/v2\/media?parent=10085"}],"wp:term":[{"taxonomy":"category","embeddable":true,"href":"https:\/\/soclose.mx\/blog\/wp-json\/wp\/v2\/categories?post=10085"},{"taxonomy":"post_tag","embeddable":true,"href":"https:\/\/soclose.mx\/blog\/wp-json\/wp\/v2\/tags?post=10085"}],"curies":[{"name":"wp","href":"https:\/\/api.w.org\/{rel}","templated":true}]}}