{"id":10097,"date":"2022-06-04T15:55:19","date_gmt":"2022-06-04T20:55:19","guid":{"rendered":"https:\/\/soclose.mx\/blog\/?p=10097"},"modified":"2022-06-04T15:55:19","modified_gmt":"2022-06-04T20:55:19","slug":"katya-echazarreta-primera-mexicana-de-la-historia-que-llega-al-espacio","status":"publish","type":"post","link":"https:\/\/soclose.mx\/blog\/a-la-mexicana\/katya-echazarreta-primera-mexicana-de-la-historia-que-llega-al-espacio\/","title":{"rendered":"\u00a1Katya Echazarreta, primera mexicana de la historia que llega al espacio!"},"content":{"rendered":"<p><strong>\u00a1La mexicana Katya Echazarreta<\/strong> ya es historia! Su nombre ahora forman parte de los libros espaciales y es un verdadero orgullo para nuestro pa\u00eds.<\/p>\n<p>La ingeniera el\u00e9ctrica y exl\u00edder de pruebas de la NASA, se convirti\u00f3 en <strong>la primera mujer nacida en <a href=\"https:\/\/soclose.mx\/blog\/a-la-mexicana\/cabeza-de-venado-figura-sagrada-mexicana-es-devuelta-por-el-gobierno-de-suecia\/\">M\u00e9xico<\/a><\/strong> y una de las m\u00e1s j\u00f3venes en llegar el espacio.<\/p>\n<p>Katya fue la \u00fanica mujer tripulante de la <strong>Misi\u00f3n New Shepard NS-21<\/strong> de <strong>Blue Origin<\/strong>, viaje que dur\u00f3 alrededor de 10 minutos, cuyo objetivo era experimentar el Efecto Perspectiva.<\/p>\n<p>Para este proyecto, fue elegida de entre 7 mil postulantes de m\u00e1s de 100 pa\u00edses y patrocinada por la organizaci\u00f3n sin fines de lucro, <strong>S<\/strong><b>pace for Humanity.<\/b><\/p>\n<p>&#8220;Quiero dedicarle este vuelo al espacio a mi pa\u00eds y a toda la comunidad latinoamericana&#8221;, fueron las palabras de la tapat\u00eda antes de viajar al espacio.<\/p>\n<p>Con este logro, potenci\u00f3 su misi\u00f3n de representar a las mujeres y minor\u00edas interesadas en la ciencia, la tecnolog\u00eda, la ingenier\u00eda y las matem\u00e1ticas.<\/p>\n<blockquote class=\"twitter-tweet\" data-width=\"550\" data-dnt=\"true\">\n<p lang=\"es\" dir=\"ltr\">\u201cQuiero dedicarle este vuelo al espacio a mi pa\u00eds, y a toda la comunidad Latinoamericana. Mi deseo es que veas esta misi\u00f3n, creas en t\u00ed, y sepas que puedes ser el pr\u00f3ximo,\u201d \u2013 Katya Echazarreta (<a href=\"https:\/\/twitter.com\/katvoltage?ref_src=twsrc%5Etfw\">@katvoltage<\/a>) <a href=\"https:\/\/t.co\/84oy91YqdG\">pic.twitter.com\/84oy91YqdG<\/a><\/p>\n<p>&mdash; Blue Origin (@blueorigin) <a href=\"https:\/\/twitter.com\/blueorigin\/status\/1533069180055977986?ref_src=twsrc%5Etfw\">June 4, 2022<\/a><\/p><\/blockquote>\n<p><script async src=\"https:\/\/platform.twitter.com\/widgets.js\" charset=\"utf-8\"><\/script><\/p>\n","protected":false},"excerpt":{"rendered":"<p>\u00a1La mexicana Katya Echazarreta ya es historia! Su nombre ahora forman parte de los libros espaciales y es un verdadero orgullo para nuestro pa\u00eds. La ingeniera el\u00e9ctrica y exl\u00edder de pruebas de la NASA, se convirti\u00f3 en la primera mujer nacida en M\u00e9xico y una de las m\u00e1s j\u00f3venes en llegar el espacio. Katya fue la \u00fanica mujer tripulante de la Misi\u00f3n New Shepard NS-21 de Blue Origin, viaje que dur\u00f3 alrededor de 10 minutos, cuyo objetivo era experimentar el Efecto Perspectiva. Para este proyecto, fue elegida de entre 7 mil postulantes de m\u00e1s de 100 pa\u00edses y patrocinada por<\/p>\n","protected":false},"author":9,"featured_media":10100,"comment_status":"open","ping_status":"open","sticky":false,"template":"","format":"standard","meta":{"_jetpack_memberships_contains_paid_content":false,"footnotes":""},"categories":[1778],"tags":[2094,2181,814,2184,2183,2182],"class_list":["post-10097","post","type-post","status-publish","format-standard","has-post-thumbnail","hentry","category-a-la-mexicana","tag-espacio","tag-katya-echazarreta","tag-nasa","tag-new-shepard-ns-21","tag-space-for-humanity","tag-spacex"],"yoast_head":"<!-- This site is optimized with the Yoast SEO plugin v26.7 - https:\/\/yoast.com\/wordpress\/plugins\/seo\/ -->\n<title>\u00a1Katya Echazarreta, primera mexicana de la historia que llega al espacio! - So Close<\/title>\n<meta name=\"robots\" content=\"index, follow, max-snippet:-1, max-image-preview:large, max-video-preview:-1\" \/>\n<link rel=\"canonical\" href=\"https:\/\/soclose.mx\/blog\/tag\/juan-rulfo-frases-mujeres\/\" \/>\n<meta property=\"og:locale\" content=\"es_MX\" \/>\n<meta property=\"og:type\" content=\"article\" \/>\n<meta property=\"og:title\" content=\"\u00a1Katya Echazarreta, primera mexicana de la historia que llega al espacio! - So Close\" \/>\n<meta property=\"og:description\" content=\"\u00a1La mexicana Katya Echazarreta ya es historia! Su nombre ahora forman parte de los libros espaciales y es un verdadero orgullo para nuestro pa\u00eds. La ingeniera el\u00e9ctrica y exl\u00edder de pruebas de la NASA, se convirti\u00f3 en la primera mujer nacida en M\u00e9xico y una de las m\u00e1s j\u00f3venes en llegar el espacio. Katya fue la \u00fanica mujer tripulante de la Misi\u00f3n New Shepard NS-21 de Blue Origin, viaje que dur\u00f3 alrededor de 10 minutos, cuyo objetivo era experimentar el Efecto Perspectiva. Para este proyecto, fue elegida de entre 7 mil postulantes de m\u00e1s de 100 pa\u00edses y patrocinada por\" \/>\n<meta property=\"og:url\" content=\"https:\/\/soclose.mx\/blog\/tag\/juan-rulfo-frases-mujeres\/\" \/>\n<meta property=\"og:site_name\" content=\"So Close\" \/>\n<meta property=\"article:published_time\" content=\"2022-06-04T20:55:19+00:00\" \/>\n<meta property=\"og:image\" content=\"https:\/\/i0.wp.com\/soclose.mx\/blog\/wp-content\/uploads\/2022\/06\/katy.png?fit=829%2C465&ssl=1\" \/>\n\t<meta property=\"og:image:width\" content=\"829\" \/>\n\t<meta property=\"og:image:height\" content=\"465\" \/>\n\t<meta property=\"og:image:type\" content=\"image\/png\" \/>\n<meta name=\"author\" content=\"Daniel Ram\u00edrez\" \/>\n<meta name=\"twitter:card\" content=\"summary_large_image\" \/>\n<meta name=\"twitter:label1\" content=\"Escrito por\" \/>\n\t<meta name=\"twitter:data1\" content=\"Daniel Ram\u00edrez\" \/>\n\t<meta name=\"twitter:label2\" content=\"Tiempo de lectura\" \/>\n\t<meta name=\"twitter:data2\" content=\"1 minuto\" \/>\n<script type=\"application\/ld+json\" class=\"yoast-schema-graph\">{\"@context\":\"https:\/\/schema.org\",\"@graph\":[{\"@type\":\"Article\",\"@id\":\"https:\/\/soclose.mx\/blog\/tag\/juan-rulfo-frases-mujeres\/#article\",\"isPartOf\":{\"@id\":\"https:\/\/soclose.mx\/blog\/tag\/juan-rulfo-frases-mujeres\/\"},\"author\":{\"name\":\"Daniel Ram\u00edrez\",\"@id\":\"https:\/\/soclose.mx\/blog\/#\/schema\/person\/54cd06c3a8cdc01a80c08725278aff88\"},\"headline\":\"\u00a1Katya Echazarreta, primera mexicana de la historia que llega al espacio!\",\"datePublished\":\"2022-06-04T20:55:19+00:00\",\"mainEntityOfPage\":{\"@id\":\"https:\/\/soclose.mx\/blog\/tag\/juan-rulfo-frases-mujeres\/\"},\"wordCount\":195,\"commentCount\":0,\"publisher\":{\"@id\":\"https:\/\/soclose.mx\/blog\/#organization\"},\"image\":{\"@id\":\"https:\/\/soclose.mx\/blog\/tag\/juan-rulfo-frases-mujeres\/#primaryimage\"},\"thumbnailUrl\":\"https:\/\/i0.wp.com\/soclose.mx\/blog\/wp-content\/uploads\/2022\/06\/katy.png?fit=829%2C465&ssl=1\",\"keywords\":[\"espacio\",\"Katya Echazarreta\",\"nasa\",\"New Shepard NS-21\",\"space for humanity\",\"spacex\"],\"articleSection\":[\"A la mexicana\"],\"inLanguage\":\"es\",\"potentialAction\":[{\"@type\":\"CommentAction\",\"name\":\"Comment\",\"target\":[\"https:\/\/soclose.mx\/blog\/tag\/juan-rulfo-frases-mujeres\/#respond\"]}]},{\"@type\":\"WebPage\",\"@id\":\"https:\/\/soclose.mx\/blog\/tag\/juan-rulfo-frases-mujeres\/\",\"url\":\"https:\/\/soclose.mx\/blog\/tag\/juan-rulfo-frases-mujeres\/\",\"name\":\"\u00a1Katya Echazarreta, primera mexicana de la historia que llega al espacio! - So Close\",\"isPartOf\":{\"@id\":\"https:\/\/soclose.mx\/blog\/#website\"},\"primaryImageOfPage\":{\"@id\":\"https:\/\/soclose.mx\/blog\/tag\/juan-rulfo-frases-mujeres\/#primaryimage\"},\"image\":{\"@id\":\"https:\/\/soclose.mx\/blog\/tag\/juan-rulfo-frases-mujeres\/#primaryimage\"},\"thumbnailUrl\":\"https:\/\/i0.wp.com\/soclose.mx\/blog\/wp-content\/uploads\/2022\/06\/katy.png?fit=829%2C465&ssl=1\",\"datePublished\":\"2022-06-04T20:55:19+00:00\",\"breadcrumb\":{\"@id\":\"https:\/\/soclose.mx\/blog\/tag\/juan-rulfo-frases-mujeres\/#breadcrumb\"},\"inLanguage\":\"es\",\"potentialAction\":[{\"@type\":\"ReadAction\",\"target\":[\"https:\/\/soclose.mx\/blog\/tag\/juan-rulfo-frases-mujeres\/\"]}]},{\"@type\":\"ImageObject\",\"inLanguage\":\"es\",\"@id\":\"https:\/\/soclose.mx\/blog\/tag\/juan-rulfo-frases-mujeres\/#primaryimage\",\"url\":\"https:\/\/i0.wp.com\/soclose.mx\/blog\/wp-content\/uploads\/2022\/06\/katy.png?fit=829%2C465&ssl=1\",\"contentUrl\":\"https:\/\/i0.wp.com\/soclose.mx\/blog\/wp-content\/uploads\/2022\/06\/katy.png?fit=829%2C465&ssl=1\",\"width\":829,\"height\":465},{\"@type\":\"BreadcrumbList\",\"@id\":\"https:\/\/soclose.mx\/blog\/tag\/juan-rulfo-frases-mujeres\/#breadcrumb\",\"itemListElement\":[{\"@type\":\"ListItem\",\"position\":1,\"name\":\"Inicio\",\"item\":\"https:\/\/soclose.mx\/blog\/\"},{\"@type\":\"ListItem\",\"position\":2,\"name\":\"\u00a1Katya Echazarreta, primera mexicana de la historia que llega al espacio!\"}]},{\"@type\":\"WebSite\",\"@id\":\"https:\/\/soclose.mx\/blog\/#website\",\"url\":\"https:\/\/soclose.mx\/blog\/\",\"name\":\"So Close\",\"description\":\"Hacemos contenidos de M\u00e9xico\",\"publisher\":{\"@id\":\"https:\/\/soclose.mx\/blog\/#organization\"},\"potentialAction\":[{\"@type\":\"SearchAction\",\"target\":{\"@type\":\"EntryPoint\",\"urlTemplate\":\"https:\/\/soclose.mx\/blog\/?s={search_term_string}\"},\"query-input\":{\"@type\":\"PropertyValueSpecification\",\"valueRequired\":true,\"valueName\":\"search_term_string\"}}],\"inLanguage\":\"es\"},{\"@type\":\"Organization\",\"@id\":\"https:\/\/soclose.mx\/blog\/#organization\",\"name\":\"So Close\",\"url\":\"https:\/\/soclose.mx\/blog\/\",\"logo\":{\"@type\":\"ImageObject\",\"inLanguage\":\"es\",\"@id\":\"https:\/\/soclose.mx\/blog\/#\/schema\/logo\/image\/\",\"url\":\"https:\/\/i0.wp.com\/soclose.mx\/blog\/wp-content\/uploads\/2020\/12\/LOGO_SOCLOSE_COLOR-e1608310133507.png?fit=2858%2C1264&ssl=1\",\"contentUrl\":\"https:\/\/i0.wp.com\/soclose.mx\/blog\/wp-content\/uploads\/2020\/12\/LOGO_SOCLOSE_COLOR-e1608310133507.png?fit=2858%2C1264&ssl=1\",\"width\":2858,\"height\":1264,\"caption\":\"So Close\"},\"image\":{\"@id\":\"https:\/\/soclose.mx\/blog\/#\/schema\/logo\/image\/\"}},{\"@type\":\"Person\",\"@id\":\"https:\/\/soclose.mx\/blog\/#\/schema\/person\/54cd06c3a8cdc01a80c08725278aff88\",\"name\":\"Daniel Ram\u00edrez\",\"image\":{\"@type\":\"ImageObject\",\"inLanguage\":\"es\",\"@id\":\"https:\/\/soclose.mx\/blog\/#\/schema\/person\/image\/\",\"url\":\"https:\/\/secure.gravatar.com\/avatar\/74af6012f2e898d2be93cf32e26b59a2c9489743c9ca6270d7848b44edd7d272?s=96&d=mm&r=g\",\"contentUrl\":\"https:\/\/secure.gravatar.com\/avatar\/74af6012f2e898d2be93cf32e26b59a2c9489743c9ca6270d7848b44edd7d272?s=96&d=mm&r=g\",\"caption\":\"Daniel Ram\u00edrez\"},\"url\":\"https:\/\/soclose.mx\/blog\/author\/peter\/\"}]}<\/script>\n<!-- \/ Yoast SEO plugin. -->","yoast_head_json":{"title":"\u00a1Katya Echazarreta, primera mexicana de la historia que llega al espacio! - So Close","robots":{"index":"index","follow":"follow","max-snippet":"max-snippet:-1","max-image-preview":"max-image-preview:large","max-video-preview":"max-video-preview:-1"},"canonical":"https:\/\/soclose.mx\/blog\/tag\/juan-rulfo-frases-mujeres\/","og_locale":"es_MX","og_type":"article","og_title":"\u00a1Katya Echazarreta, primera mexicana de la historia que llega al espacio! - So Close","og_description":"\u00a1La mexicana Katya Echazarreta ya es historia! Su nombre ahora forman parte de los libros espaciales y es un verdadero orgullo para nuestro pa\u00eds. La ingeniera el\u00e9ctrica y exl\u00edder de pruebas de la NASA, se convirti\u00f3 en la primera mujer nacida en M\u00e9xico y una de las m\u00e1s j\u00f3venes en llegar el espacio. Katya fue la \u00fanica mujer tripulante de la Misi\u00f3n New Shepard NS-21 de Blue Origin, viaje que dur\u00f3 alrededor de 10 minutos, cuyo objetivo era experimentar el Efecto Perspectiva. Para este proyecto, fue elegida de entre 7 mil postulantes de m\u00e1s de 100 pa\u00edses y patrocinada por","og_url":"https:\/\/soclose.mx\/blog\/tag\/juan-rulfo-frases-mujeres\/","og_site_name":"So Close","article_published_time":"2022-06-04T20:55:19+00:00","og_image":[{"width":829,"height":465,"url":"https:\/\/i0.wp.com\/soclose.mx\/blog\/wp-content\/uploads\/2022\/06\/katy.png?fit=829%2C465&ssl=1","type":"image\/png"}],"author":"Daniel Ram\u00edrez","twitter_card":"summary_large_image","twitter_misc":{"Escrito por":"Daniel Ram\u00edrez","Tiempo de lectura":"1 minuto"},"schema":{"@context":"https:\/\/schema.org","@graph":[{"@type":"Article","@id":"https:\/\/soclose.mx\/blog\/tag\/juan-rulfo-frases-mujeres\/#article","isPartOf":{"@id":"https:\/\/soclose.mx\/blog\/tag\/juan-rulfo-frases-mujeres\/"},"author":{"name":"Daniel Ram\u00edrez","@id":"https:\/\/soclose.mx\/blog\/#\/schema\/person\/54cd06c3a8cdc01a80c08725278aff88"},"headline":"\u00a1Katya Echazarreta, primera mexicana de la historia que llega al espacio!","datePublished":"2022-06-04T20:55:19+00:00","mainEntityOfPage":{"@id":"https:\/\/soclose.mx\/blog\/tag\/juan-rulfo-frases-mujeres\/"},"wordCount":195,"commentCount":0,"publisher":{"@id":"https:\/\/soclose.mx\/blog\/#organization"},"image":{"@id":"https:\/\/soclose.mx\/blog\/tag\/juan-rulfo-frases-mujeres\/#primaryimage"},"thumbnailUrl":"https:\/\/i0.wp.com\/soclose.mx\/blog\/wp-content\/uploads\/2022\/06\/katy.png?fit=829%2C465&ssl=1","keywords":["espacio","Katya Echazarreta","nasa","New Shepard NS-21","space for humanity","spacex"],"articleSection":["A la mexicana"],"inLanguage":"es","potentialAction":[{"@type":"CommentAction","name":"Comment","target":["https:\/\/soclose.mx\/blog\/tag\/juan-rulfo-frases-mujeres\/#respond"]}]},{"@type":"WebPage","@id":"https:\/\/soclose.mx\/blog\/tag\/juan-rulfo-frases-mujeres\/","url":"https:\/\/soclose.mx\/blog\/tag\/juan-rulfo-frases-mujeres\/","name":"\u00a1Katya Echazarreta, primera mexicana de la historia que llega al espacio! - So Close","isPartOf":{"@id":"https:\/\/soclose.mx\/blog\/#website"},"primaryImageOfPage":{"@id":"https:\/\/soclose.mx\/blog\/tag\/juan-rulfo-frases-mujeres\/#primaryimage"},"image":{"@id":"https:\/\/soclose.mx\/blog\/tag\/juan-rulfo-frases-mujeres\/#primaryimage"},"thumbnailUrl":"https:\/\/i0.wp.com\/soclose.mx\/blog\/wp-content\/uploads\/2022\/06\/katy.png?fit=829%2C465&ssl=1","datePublished":"2022-06-04T20:55:19+00:00","breadcrumb":{"@id":"https:\/\/soclose.mx\/blog\/tag\/juan-rulfo-frases-mujeres\/#breadcrumb"},"inLanguage":"es","potentialAction":[{"@type":"ReadAction","target":["https:\/\/soclose.mx\/blog\/tag\/juan-rulfo-frases-mujeres\/"]}]},{"@type":"ImageObject","inLanguage":"es","@id":"https:\/\/soclose.mx\/blog\/tag\/juan-rulfo-frases-mujeres\/#primaryimage","url":"https:\/\/i0.wp.com\/soclose.mx\/blog\/wp-content\/uploads\/2022\/06\/katy.png?fit=829%2C465&ssl=1","contentUrl":"https:\/\/i0.wp.com\/soclose.mx\/blog\/wp-content\/uploads\/2022\/06\/katy.png?fit=829%2C465&ssl=1","width":829,"height":465},{"@type":"BreadcrumbList","@id":"https:\/\/soclose.mx\/blog\/tag\/juan-rulfo-frases-mujeres\/#breadcrumb","itemListElement":[{"@type":"ListItem","position":1,"name":"Inicio","item":"https:\/\/soclose.mx\/blog\/"},{"@type":"ListItem","position":2,"name":"\u00a1Katya Echazarreta, primera mexicana de la historia que llega al espacio!"}]},{"@type":"WebSite","@id":"https:\/\/soclose.mx\/blog\/#website","url":"https:\/\/soclose.mx\/blog\/","name":"So Close","description":"Hacemos contenidos de M\u00e9xico","publisher":{"@id":"https:\/\/soclose.mx\/blog\/#organization"},"potentialAction":[{"@type":"SearchAction","target":{"@type":"EntryPoint","urlTemplate":"https:\/\/soclose.mx\/blog\/?s={search_term_string}"},"query-input":{"@type":"PropertyValueSpecification","valueRequired":true,"valueName":"search_term_string"}}],"inLanguage":"es"},{"@type":"Organization","@id":"https:\/\/soclose.mx\/blog\/#organization","name":"So Close","url":"https:\/\/soclose.mx\/blog\/","logo":{"@type":"ImageObject","inLanguage":"es","@id":"https:\/\/soclose.mx\/blog\/#\/schema\/logo\/image\/","url":"https:\/\/i0.wp.com\/soclose.mx\/blog\/wp-content\/uploads\/2020\/12\/LOGO_SOCLOSE_COLOR-e1608310133507.png?fit=2858%2C1264&ssl=1","contentUrl":"https:\/\/i0.wp.com\/soclose.mx\/blog\/wp-content\/uploads\/2020\/12\/LOGO_SOCLOSE_COLOR-e1608310133507.png?fit=2858%2C1264&ssl=1","width":2858,"height":1264,"caption":"So Close"},"image":{"@id":"https:\/\/soclose.mx\/blog\/#\/schema\/logo\/image\/"}},{"@type":"Person","@id":"https:\/\/soclose.mx\/blog\/#\/schema\/person\/54cd06c3a8cdc01a80c08725278aff88","name":"Daniel Ram\u00edrez","image":{"@type":"ImageObject","inLanguage":"es","@id":"https:\/\/soclose.mx\/blog\/#\/schema\/person\/image\/","url":"https:\/\/secure.gravatar.com\/avatar\/74af6012f2e898d2be93cf32e26b59a2c9489743c9ca6270d7848b44edd7d272?s=96&d=mm&r=g","contentUrl":"https:\/\/secure.gravatar.com\/avatar\/74af6012f2e898d2be93cf32e26b59a2c9489743c9ca6270d7848b44edd7d272?s=96&d=mm&r=g","caption":"Daniel Ram\u00edrez"},"url":"https:\/\/soclose.mx\/blog\/author\/peter\/"}]}},"jetpack_featured_media_url":"https:\/\/i0.wp.com\/soclose.mx\/blog\/wp-content\/uploads\/2022\/06\/katy.png?fit=829%2C465&ssl=1","jetpack-related-posts":[{"id":14582,"url":"https:\/\/soclose.mx\/blog\/news-feed\/calendario-de-conciertos-en-la-cdmx-2025\/","url_meta":{"origin":10097,"position":0},"title":"Calendario de conciertos en la CDMX 2025","author":"So Close","date":"1 enero, 2025","format":false,"excerpt":"La Ciudad de M\u00e9xico se prepara para un emocionante a\u00f1o musical en 2025, en este calendario de conciertos en la CDMX 2025 encontrar\u00e1s desde las presentaciones pop hasta rock y festivales; los amantes de la m\u00fasica tendr\u00e1n muchas oportunidades para disfrutar de sus artistas favoritos. A continuaci\u00f3n, se presenta un\u2026","rel":"","context":"En &quot;Lugares&quot;","block_context":{"text":"Lugares","link":"https:\/\/soclose.mx\/blog\/category\/lugares\/"},"img":{"alt_text":"Auditorio Nacional en la CDMX","src":"https:\/\/i0.wp.com\/soclose.mx\/blog\/wp-content\/uploads\/2024\/12\/Auditorio-Nacional-en-la-CDMX.jpg?fit=1200%2C675&ssl=1&resize=350%2C200","width":350,"height":200,"srcset":"https:\/\/i0.wp.com\/soclose.mx\/blog\/wp-content\/uploads\/2024\/12\/Auditorio-Nacional-en-la-CDMX.jpg?fit=1200%2C675&ssl=1&resize=350%2C200 1x, https:\/\/i0.wp.com\/soclose.mx\/blog\/wp-content\/uploads\/2024\/12\/Auditorio-Nacional-en-la-CDMX.jpg?fit=1200%2C675&ssl=1&resize=525%2C300 1.5x, https:\/\/i0.wp.com\/soclose.mx\/blog\/wp-content\/uploads\/2024\/12\/Auditorio-Nacional-en-la-CDMX.jpg?fit=1200%2C675&ssl=1&resize=700%2C400 2x, https:\/\/i0.wp.com\/soclose.mx\/blog\/wp-content\/uploads\/2024\/12\/Auditorio-Nacional-en-la-CDMX.jpg?fit=1200%2C675&ssl=1&resize=1050%2C600 3x"},"classes":[]},{"id":9956,"url":"https:\/\/soclose.mx\/blog\/news-feed\/de-vender-gomitas-a-la-nasa\/","url_meta":{"origin":10097,"position":1},"title":"De vender gomitas a \u00a1la NASA!","author":"Daniel Ram\u00edrez","date":"24 mayo, 2022","format":false,"excerpt":"Anna Laura Rodr\u00edguez, una estudiante de Ingenier\u00eda en Mecatr\u00f3nica de Ciudad Victoria, Tamaulipas, fue calificada como \"orgullo victorense\" por el esfuerzo que hizo para cumplir su sue\u00f1o. La joven fue seleccionada para participar en un programa de la NASA, pero no contaba con los m\u00e1s de 3 mil d\u00f3lares que\u2026","rel":"","context":"En &quot;News feed&quot;","block_context":{"text":"News feed","link":"https:\/\/soclose.mx\/blog\/category\/news-feed\/"},"img":{"alt_text":"","src":"https:\/\/i0.wp.com\/soclose.mx\/blog\/wp-content\/uploads\/2022\/05\/nasa.jpg?fit=1200%2C900&ssl=1&resize=350%2C200","width":350,"height":200,"srcset":"https:\/\/i0.wp.com\/soclose.mx\/blog\/wp-content\/uploads\/2022\/05\/nasa.jpg?fit=1200%2C900&ssl=1&resize=350%2C200 1x, https:\/\/i0.wp.com\/soclose.mx\/blog\/wp-content\/uploads\/2022\/05\/nasa.jpg?fit=1200%2C900&ssl=1&resize=525%2C300 1.5x, https:\/\/i0.wp.com\/soclose.mx\/blog\/wp-content\/uploads\/2022\/05\/nasa.jpg?fit=1200%2C900&ssl=1&resize=700%2C400 2x, https:\/\/i0.wp.com\/soclose.mx\/blog\/wp-content\/uploads\/2022\/05\/nasa.jpg?fit=1200%2C900&ssl=1&resize=1050%2C600 3x"},"classes":[]},{"id":9877,"url":"https:\/\/soclose.mx\/blog\/a-la-mexicana\/estudiante-mexicana-elegida-por-la-nasa-para-proyecto-lunar\/","url_meta":{"origin":10097,"position":2},"title":"Estudiante mexicana, elegida por la NASA para proyecto lunar","author":"Daniel Ram\u00edrez","date":"17 mayo, 2022","format":false,"excerpt":"No cabe duda que el talento mexicano rebasa fronteras y si es apoyado, es capaz de llegar a cualquier lugar, incluida la luna. Y eso es lo que har\u00e1 Zitlally Balbuena Feria, estudiante de ingenier\u00eda qu\u00edmica de la Facultad de Estudios Superiores Zaragoza de la UNAM. Su proyecto para eliminar\u2026","rel":"","context":"En &quot;A la mexicana&quot;","block_context":{"text":"A la mexicana","link":"https:\/\/soclose.mx\/blog\/category\/a-la-mexicana\/"},"img":{"alt_text":"","src":"https:\/\/i0.wp.com\/soclose.mx\/blog\/wp-content\/uploads\/2022\/05\/zitla.png?fit=803%2C468&ssl=1&resize=350%2C200","width":350,"height":200,"srcset":"https:\/\/i0.wp.com\/soclose.mx\/blog\/wp-content\/uploads\/2022\/05\/zitla.png?fit=803%2C468&ssl=1&resize=350%2C200 1x, https:\/\/i0.wp.com\/soclose.mx\/blog\/wp-content\/uploads\/2022\/05\/zitla.png?fit=803%2C468&ssl=1&resize=525%2C300 1.5x, https:\/\/i0.wp.com\/soclose.mx\/blog\/wp-content\/uploads\/2022\/05\/zitla.png?fit=803%2C468&ssl=1&resize=700%2C400 2x"},"classes":[]},{"id":10969,"url":"https:\/\/soclose.mx\/blog\/a-la-mexicana\/dos-ingenierias-terminadas-y-el-sueno-de-ir-al-espacio-adhara-perez-la-nina-genio-mexicana-de-10-anos\/","url_meta":{"origin":10097,"position":3},"title":"Dos ingenier\u00edas terminadas y el sue\u00f1o de ir al espacio: Adhara P\u00e9rez, la ni\u00f1a genio mexicana de 10 a\u00f1os","author":"Daniel Ram\u00edrez","date":"18 agosto, 2022","format":false,"excerpt":"\u00bfQu\u00e9 estabas haciendo a tus 10 a\u00f1os de edad? Quiz\u00e1 ibas en cuarto o quinto de primaria, te gustaba salir a jugar con tus amigos o ver por largo tiempo la televisi\u00f3n. Adhara P\u00e9rez S\u00e1nchez, una ni\u00f1a mexicana de esa edad, ya ha terminado \u00a1dos ingenier\u00edas y sue\u00f1a con ir\u2026","rel":"","context":"En &quot;A la mexicana&quot;","block_context":{"text":"A la mexicana","link":"https:\/\/soclose.mx\/blog\/category\/a-la-mexicana\/"},"img":{"alt_text":"","src":"https:\/\/i0.wp.com\/soclose.mx\/blog\/wp-content\/uploads\/2022\/08\/adhara.png?fit=592%2C385&ssl=1&resize=350%2C200","width":350,"height":200,"srcset":"https:\/\/i0.wp.com\/soclose.mx\/blog\/wp-content\/uploads\/2022\/08\/adhara.png?fit=592%2C385&ssl=1&resize=350%2C200 1x, https:\/\/i0.wp.com\/soclose.mx\/blog\/wp-content\/uploads\/2022\/08\/adhara.png?fit=592%2C385&ssl=1&resize=525%2C300 1.5x"},"classes":[]},{"id":8273,"url":"https:\/\/soclose.mx\/blog\/ay-goeeee\/asi-fue-hace-59-anos-la-primera-transmision-a-color-de-la-television\/","url_meta":{"origin":10097,"position":4},"title":"As\u00ed fue la primera transmisi\u00f3n a color de la televisi\u00f3n en M\u00e9xico","author":"Miguel Angel Romero","date":"21 enero, 2022","format":false,"excerpt":"La televisi\u00f3n a color hoy se nos hace algo com\u00fan, pero fue el 21 de enero de 1963 que se realiz\u00f3 la primera transmisi\u00f3n a color en televisi\u00f3n mexicana. Esto fue gracias al ingeniero mexicano Guillermo Gonz\u00e1lez Camarena, quien desarroll\u00f3 la coloraci\u00f3n de la pantalla a trav\u00e9s de un sistema\u2026","rel":"","context":"En &quot;\u00a1Ay goeeee!&quot;","block_context":{"text":"\u00a1Ay goeeee!","link":"https:\/\/soclose.mx\/blog\/category\/ay-goeeee\/"},"img":{"alt_text":"","src":"https:\/\/i0.wp.com\/soclose.mx\/blog\/wp-content\/uploads\/2021\/12\/Copia-de-Principal-So-Close-blog-6-2.png?fit=1200%2C677&ssl=1&resize=350%2C200","width":350,"height":200,"srcset":"https:\/\/i0.wp.com\/soclose.mx\/blog\/wp-content\/uploads\/2021\/12\/Copia-de-Principal-So-Close-blog-6-2.png?fit=1200%2C677&ssl=1&resize=350%2C200 1x, https:\/\/i0.wp.com\/soclose.mx\/blog\/wp-content\/uploads\/2021\/12\/Copia-de-Principal-So-Close-blog-6-2.png?fit=1200%2C677&ssl=1&resize=525%2C300 1.5x, https:\/\/i0.wp.com\/soclose.mx\/blog\/wp-content\/uploads\/2021\/12\/Copia-de-Principal-So-Close-blog-6-2.png?fit=1200%2C677&ssl=1&resize=700%2C400 2x, https:\/\/i0.wp.com\/soclose.mx\/blog\/wp-content\/uploads\/2021\/12\/Copia-de-Principal-So-Close-blog-6-2.png?fit=1200%2C677&ssl=1&resize=1050%2C600 3x"},"classes":[]},{"id":7057,"url":"https:\/\/soclose.mx\/blog\/ay-goeeee\/fernando-de-la-pena-mexicano-y-contratista-de-la-nasa\/","url_meta":{"origin":10097,"position":5},"title":"Fernando de la Pe\u00f1a: Mexicano y contratista de la NASA","author":"Miguel Angel Romero","date":"8 septiembre, 2021","format":false,"excerpt":"Se llama Fernando de la Pe\u00f1a Llaca, es mexicano, para ser mas espec\u00edficos, de Tulancingo, Hidalgo y es CEO y presidente de Aexa Aerospace. Este mexicano que ya juega en las grandes ligas espaciales, es\u00a0 ingeniero en Cibern\u00e9tica y Sistemas Computacionales egresado de la Universidad La Salle, en la Ciudad\u2026","rel":"","context":"En &quot;\u00a1Ay goeeee!&quot;","block_context":{"text":"\u00a1Ay goeeee!","link":"https:\/\/soclose.mx\/blog\/category\/ay-goeeee\/"},"img":{"alt_text":"","src":"https:\/\/i0.wp.com\/soclose.mx\/blog\/wp-content\/uploads\/2021\/08\/Principal-So-Close-blog-16-1.jpg?fit=1200%2C677&ssl=1&resize=350%2C200","width":350,"height":200,"srcset":"https:\/\/i0.wp.com\/soclose.mx\/blog\/wp-content\/uploads\/2021\/08\/Principal-So-Close-blog-16-1.jpg?fit=1200%2C677&ssl=1&resize=350%2C200 1x, https:\/\/i0.wp.com\/soclose.mx\/blog\/wp-content\/uploads\/2021\/08\/Principal-So-Close-blog-16-1.jpg?fit=1200%2C677&ssl=1&resize=525%2C300 1.5x, https:\/\/i0.wp.com\/soclose.mx\/blog\/wp-content\/uploads\/2021\/08\/Principal-So-Close-blog-16-1.jpg?fit=1200%2C677&ssl=1&resize=700%2C400 2x, https:\/\/i0.wp.com\/soclose.mx\/blog\/wp-content\/uploads\/2021\/08\/Principal-So-Close-blog-16-1.jpg?fit=1200%2C677&ssl=1&resize=1050%2C600 3x"},"classes":[]}],"jetpack_sharing_enabled":true,"_links":{"self":[{"href":"https:\/\/soclose.mx\/blog\/wp-json\/wp\/v2\/posts\/10097","targetHints":{"allow":["GET"]}}],"collection":[{"href":"https:\/\/soclose.mx\/blog\/wp-json\/wp\/v2\/posts"}],"about":[{"href":"https:\/\/soclose.mx\/blog\/wp-json\/wp\/v2\/types\/post"}],"author":[{"embeddable":true,"href":"https:\/\/soclose.mx\/blog\/wp-json\/wp\/v2\/users\/9"}],"replies":[{"embeddable":true,"href":"https:\/\/soclose.mx\/blog\/wp-json\/wp\/v2\/comments?post=10097"}],"version-history":[{"count":0,"href":"https:\/\/soclose.mx\/blog\/wp-json\/wp\/v2\/posts\/10097\/revisions"}],"wp:featuredmedia":[{"embeddable":true,"href":"https:\/\/soclose.mx\/blog\/wp-json\/wp\/v2\/media\/10100"}],"wp:attachment":[{"href":"https:\/\/soclose.mx\/blog\/wp-json\/wp\/v2\/media?parent=10097"}],"wp:term":[{"taxonomy":"category","embeddable":true,"href":"https:\/\/soclose.mx\/blog\/wp-json\/wp\/v2\/categories?post=10097"},{"taxonomy":"post_tag","embeddable":true,"href":"https:\/\/soclose.mx\/blog\/wp-json\/wp\/v2\/tags?post=10097"}],"curies":[{"name":"wp","href":"https:\/\/api.w.org\/{rel}","templated":true}]}}