{"id":10170,"date":"2022-06-09T20:27:34","date_gmt":"2022-06-10T01:27:34","guid":{"rendered":"https:\/\/soclose.mx\/blog\/?p=10170"},"modified":"2022-06-09T20:32:11","modified_gmt":"2022-06-10T01:32:11","slug":"para-papa-primer-festival-de-lucha-libre","status":"publish","type":"post","link":"https:\/\/soclose.mx\/blog\/news-feed\/para-papa-primer-festival-de-lucha-libre\/","title":{"rendered":"Para Pap\u00e1, primer festival de Lucha Libre"},"content":{"rendered":"<p>\u00bfQu\u00e9 tal le caer\u00edan a tu pap\u00e1 un pulquecito, unas chelitas, m\u00fasica en vivo y <strong>lucha libre<\/strong> el <strong>D\u00eda del Padre<\/strong>? Seguramente bien.<\/p>\n<p>Por eso, si a\u00fan no tienes su regalo, ll\u00e9valo al <strong>1er Festival para Pap\u00e1<\/strong> que se llevar\u00e1 a cabo el pr\u00f3ximo 19 de junio en el <a href=\"https:\/\/www.facebook.com\/autocinelosreyes\/\">Autocine &#8220;Los Reyes&#8221;<\/a>, en Los Reyes Acaquilpan, <a href=\"https:\/\/soclose.mx\/blog\/a-la-mexicana\/sobreviviente-de-la-segunda-guerra-mundial-y-pastelero-en-mexico\/\">Estado de M\u00e9xico.<\/a><\/p>\n<p><img data-recalc-dims=\"1\" fetchpriority=\"high\" decoding=\"async\" class=\"alignnone size-medium wp-image-10177\" src=\"https:\/\/i0.wp.com\/soclose.mx\/blog\/wp-content\/uploads\/2022\/06\/WhatsApp-Image-2022-06-09-at-1.13.32-PM.jpeg?resize=300%2C169&#038;ssl=1\" alt=\"\" width=\"300\" height=\"169\" srcset=\"https:\/\/i0.wp.com\/soclose.mx\/blog\/wp-content\/uploads\/2022\/06\/WhatsApp-Image-2022-06-09-at-1.13.32-PM.jpeg?resize=300%2C169&amp;ssl=1 300w, https:\/\/i0.wp.com\/soclose.mx\/blog\/wp-content\/uploads\/2022\/06\/WhatsApp-Image-2022-06-09-at-1.13.32-PM.jpeg?resize=1024%2C577&amp;ssl=1 1024w, https:\/\/i0.wp.com\/soclose.mx\/blog\/wp-content\/uploads\/2022\/06\/WhatsApp-Image-2022-06-09-at-1.13.32-PM.jpeg?resize=768%2C433&amp;ssl=1 768w, https:\/\/i0.wp.com\/soclose.mx\/blog\/wp-content\/uploads\/2022\/06\/WhatsApp-Image-2022-06-09-at-1.13.32-PM.jpeg?resize=1536%2C866&amp;ssl=1 1536w, https:\/\/i0.wp.com\/soclose.mx\/blog\/wp-content\/uploads\/2022\/06\/WhatsApp-Image-2022-06-09-at-1.13.32-PM.jpeg?resize=1170%2C663&amp;ssl=1 1170w, https:\/\/i0.wp.com\/soclose.mx\/blog\/wp-content\/uploads\/2022\/06\/WhatsApp-Image-2022-06-09-at-1.13.32-PM.jpeg?resize=585%2C330&amp;ssl=1 585w, https:\/\/i0.wp.com\/soclose.mx\/blog\/wp-content\/uploads\/2022\/06\/WhatsApp-Image-2022-06-09-at-1.13.32-PM.jpeg?w=1599&amp;ssl=1 1599w\" sizes=\"(max-width: 300px) 100vw, 300px\" \/><\/p>\n<div dir=\"auto\">Este evento ser\u00e1 totalmente familiar y divertido, en el que podr\u00e1 disfrutar los combates de Lucha Libre con peleadores que reci\u00e9n inician y otros ya consagrados<\/div>\n<div dir=\"auto\"><\/div>\n<div dir=\"auto\">De la funci\u00f3n destacan la Copa ACLR de nuevos talentos, en el que luchar\u00e1n 25 gladiadores entre mujeres y hombres en un formato \u00fanico, y la lucha por los cinturones de parejas.<\/div>\n<div dir=\"auto\"><\/div>\n<div dir=\"auto\"><img data-recalc-dims=\"1\" decoding=\"async\" class=\"alignnone size-medium wp-image-10178\" src=\"https:\/\/i0.wp.com\/soclose.mx\/blog\/wp-content\/uploads\/2022\/06\/WhatsApp-Image-2022-06-09-at-1.13.44-PM.jpeg?resize=300%2C200&#038;ssl=1\" alt=\"\" width=\"300\" height=\"200\" srcset=\"https:\/\/i0.wp.com\/soclose.mx\/blog\/wp-content\/uploads\/2022\/06\/WhatsApp-Image-2022-06-09-at-1.13.44-PM.jpeg?resize=300%2C200&amp;ssl=1 300w, https:\/\/i0.wp.com\/soclose.mx\/blog\/wp-content\/uploads\/2022\/06\/WhatsApp-Image-2022-06-09-at-1.13.44-PM.jpeg?resize=1024%2C682&amp;ssl=1 1024w, https:\/\/i0.wp.com\/soclose.mx\/blog\/wp-content\/uploads\/2022\/06\/WhatsApp-Image-2022-06-09-at-1.13.44-PM.jpeg?resize=768%2C512&amp;ssl=1 768w, https:\/\/i0.wp.com\/soclose.mx\/blog\/wp-content\/uploads\/2022\/06\/WhatsApp-Image-2022-06-09-at-1.13.44-PM.jpeg?resize=1170%2C780&amp;ssl=1 1170w, https:\/\/i0.wp.com\/soclose.mx\/blog\/wp-content\/uploads\/2022\/06\/WhatsApp-Image-2022-06-09-at-1.13.44-PM.jpeg?resize=585%2C390&amp;ssl=1 585w, https:\/\/i0.wp.com\/soclose.mx\/blog\/wp-content\/uploads\/2022\/06\/WhatsApp-Image-2022-06-09-at-1.13.44-PM.jpeg?resize=263%2C175&amp;ssl=1 263w, https:\/\/i0.wp.com\/soclose.mx\/blog\/wp-content\/uploads\/2022\/06\/WhatsApp-Image-2022-06-09-at-1.13.44-PM.jpeg?w=1280&amp;ssl=1 1280w\" sizes=\"(max-width: 300px) 100vw, 300px\" \/><\/div>\n<div dir=\"auto\"><strong>Cibern\u00e9tico, Arez y L\u00e1tigo contra Flamita, Elemental y Yutani<\/strong>, engalanar\u00e1n la velada con la lucha estelar, como se vive en la <strong>AAA<\/strong>.<\/div>\n<div dir=\"auto\"><\/div>\n<div dir=\"auto\">Puedes adquirir tus boletos en taquilla o en el n\u00famero 5566006464.<\/div>\n<div dir=\"auto\"><\/div>\n<div dir=\"auto\"><img data-recalc-dims=\"1\" decoding=\"async\" class=\"alignnone size-medium wp-image-10171\" src=\"https:\/\/i0.wp.com\/soclose.mx\/blog\/wp-content\/uploads\/2022\/06\/WhatsApp-Image-2022-06-09-at-1.13.33-PM.jpeg?resize=169%2C300&#038;ssl=1\" alt=\"\" width=\"169\" height=\"300\" srcset=\"https:\/\/i0.wp.com\/soclose.mx\/blog\/wp-content\/uploads\/2022\/06\/WhatsApp-Image-2022-06-09-at-1.13.33-PM.jpeg?resize=169%2C300&amp;ssl=1 169w, https:\/\/i0.wp.com\/soclose.mx\/blog\/wp-content\/uploads\/2022\/06\/WhatsApp-Image-2022-06-09-at-1.13.33-PM.jpeg?resize=576%2C1024&amp;ssl=1 576w, https:\/\/i0.wp.com\/soclose.mx\/blog\/wp-content\/uploads\/2022\/06\/WhatsApp-Image-2022-06-09-at-1.13.33-PM.jpeg?resize=768%2C1365&amp;ssl=1 768w, https:\/\/i0.wp.com\/soclose.mx\/blog\/wp-content\/uploads\/2022\/06\/WhatsApp-Image-2022-06-09-at-1.13.33-PM.jpeg?resize=864%2C1536&amp;ssl=1 864w, https:\/\/i0.wp.com\/soclose.mx\/blog\/wp-content\/uploads\/2022\/06\/WhatsApp-Image-2022-06-09-at-1.13.33-PM.jpeg?resize=585%2C1040&amp;ssl=1 585w, https:\/\/i0.wp.com\/soclose.mx\/blog\/wp-content\/uploads\/2022\/06\/WhatsApp-Image-2022-06-09-at-1.13.33-PM.jpeg?w=900&amp;ssl=1 900w\" sizes=\"(max-width: 169px) 100vw, 169px\" \/><\/div>\n","protected":false},"excerpt":{"rendered":"<p>\u00bfQu\u00e9 tal le caer\u00edan a tu pap\u00e1 un pulquecito, unas chelitas, m\u00fasica en vivo y lucha libre el D\u00eda del Padre? Seguramente bien. Por eso, si a\u00fan no tienes su regalo, ll\u00e9valo al 1er Festival para Pap\u00e1 que se llevar\u00e1 a cabo el pr\u00f3ximo 19 de junio en el Autocine &#8220;Los Reyes&#8221;, en Los Reyes Acaquilpan, Estado de M\u00e9xico. Este evento ser\u00e1 totalmente familiar y divertido, en el que podr\u00e1 disfrutar los combates de Lucha Libre con peleadores que reci\u00e9n inician y otros ya consagrados De la funci\u00f3n destacan la Copa ACLR de nuevos talentos, en el que luchar\u00e1n 25<\/p>\n","protected":false},"author":9,"featured_media":10172,"comment_status":"open","ping_status":"open","sticky":false,"template":"","format":"standard","meta":{"_jetpack_memberships_contains_paid_content":false,"footnotes":""},"categories":[628],"tags":[2219,2220,2218,512,1140],"class_list":["post-10170","post","type-post","status-publish","format-standard","has-post-thumbnail","hentry","category-news-feed","tag-cibernetico","tag-cmll","tag-los-reyes","tag-lucha-libre","tag-triple-a"],"yoast_head":"<!-- This site is optimized with the Yoast SEO plugin v26.7 - https:\/\/yoast.com\/wordpress\/plugins\/seo\/ -->\n<title>Para Pap\u00e1, primer festival de Lucha Libre - So Close<\/title>\n<meta name=\"robots\" content=\"index, follow, max-snippet:-1, max-image-preview:large, max-video-preview:-1\" \/>\n<link rel=\"canonical\" href=\"https:\/\/soclose.mx\/blog\/tag\/juan-rulfo-frases-mujeres\/\" \/>\n<meta property=\"og:locale\" content=\"es_MX\" \/>\n<meta property=\"og:type\" content=\"article\" \/>\n<meta property=\"og:title\" content=\"Para Pap\u00e1, primer festival de Lucha Libre - So Close\" \/>\n<meta property=\"og:description\" content=\"\u00bfQu\u00e9 tal le caer\u00edan a tu pap\u00e1 un pulquecito, unas chelitas, m\u00fasica en vivo y lucha libre el D\u00eda del Padre? Seguramente bien. Por eso, si a\u00fan no tienes su regalo, ll\u00e9valo al 1er Festival para Pap\u00e1 que se llevar\u00e1 a cabo el pr\u00f3ximo 19 de junio en el Autocine &#8220;Los Reyes&#8221;, en Los Reyes Acaquilpan, Estado de M\u00e9xico. Este evento ser\u00e1 totalmente familiar y divertido, en el que podr\u00e1 disfrutar los combates de Lucha Libre con peleadores que reci\u00e9n inician y otros ya consagrados De la funci\u00f3n destacan la Copa ACLR de nuevos talentos, en el que luchar\u00e1n 25\" \/>\n<meta property=\"og:url\" content=\"https:\/\/soclose.mx\/blog\/tag\/juan-rulfo-frases-mujeres\/\" \/>\n<meta property=\"og:site_name\" content=\"So Close\" \/>\n<meta property=\"article:published_time\" content=\"2022-06-10T01:27:34+00:00\" \/>\n<meta property=\"article:modified_time\" content=\"2022-06-10T01:32:11+00:00\" \/>\n<meta property=\"og:image\" content=\"https:\/\/i0.wp.com\/soclose.mx\/blog\/wp-content\/uploads\/2022\/06\/WhatsApp-Image-2022-06-09-at-7.16.04-PM.jpeg?fit=1024%2C977&ssl=1\" \/>\n\t<meta property=\"og:image:width\" content=\"1024\" \/>\n\t<meta property=\"og:image:height\" content=\"977\" \/>\n\t<meta property=\"og:image:type\" content=\"image\/jpeg\" \/>\n<meta name=\"author\" content=\"Daniel Ram\u00edrez\" \/>\n<meta name=\"twitter:card\" content=\"summary_large_image\" \/>\n<meta name=\"twitter:label1\" content=\"Escrito por\" \/>\n\t<meta name=\"twitter:data1\" content=\"Daniel Ram\u00edrez\" \/>\n\t<meta name=\"twitter:label2\" content=\"Tiempo de lectura\" \/>\n\t<meta name=\"twitter:data2\" content=\"1 minuto\" \/>\n<script type=\"application\/ld+json\" class=\"yoast-schema-graph\">{\"@context\":\"https:\/\/schema.org\",\"@graph\":[{\"@type\":\"Article\",\"@id\":\"https:\/\/soclose.mx\/blog\/tag\/juan-rulfo-frases-mujeres\/#article\",\"isPartOf\":{\"@id\":\"https:\/\/soclose.mx\/blog\/tag\/juan-rulfo-frases-mujeres\/\"},\"author\":{\"name\":\"Daniel Ram\u00edrez\",\"@id\":\"https:\/\/soclose.mx\/blog\/#\/schema\/person\/54cd06c3a8cdc01a80c08725278aff88\"},\"headline\":\"Para Pap\u00e1, primer festival de Lucha Libre\",\"datePublished\":\"2022-06-10T01:27:34+00:00\",\"dateModified\":\"2022-06-10T01:32:11+00:00\",\"mainEntityOfPage\":{\"@id\":\"https:\/\/soclose.mx\/blog\/tag\/juan-rulfo-frases-mujeres\/\"},\"wordCount\":168,\"commentCount\":0,\"publisher\":{\"@id\":\"https:\/\/soclose.mx\/blog\/#organization\"},\"image\":{\"@id\":\"https:\/\/soclose.mx\/blog\/tag\/juan-rulfo-frases-mujeres\/#primaryimage\"},\"thumbnailUrl\":\"https:\/\/i0.wp.com\/soclose.mx\/blog\/wp-content\/uploads\/2022\/06\/WhatsApp-Image-2022-06-09-at-7.16.04-PM.jpeg?fit=1024%2C977&ssl=1\",\"keywords\":[\"cibernetico\",\"cmll\",\"los reyes\",\"lucha libre\",\"triple a\"],\"articleSection\":[\"News feed\"],\"inLanguage\":\"es\",\"potentialAction\":[{\"@type\":\"CommentAction\",\"name\":\"Comment\",\"target\":[\"https:\/\/soclose.mx\/blog\/tag\/juan-rulfo-frases-mujeres\/#respond\"]}]},{\"@type\":\"WebPage\",\"@id\":\"https:\/\/soclose.mx\/blog\/tag\/juan-rulfo-frases-mujeres\/\",\"url\":\"https:\/\/soclose.mx\/blog\/tag\/juan-rulfo-frases-mujeres\/\",\"name\":\"Para Pap\u00e1, primer festival de Lucha Libre - So Close\",\"isPartOf\":{\"@id\":\"https:\/\/soclose.mx\/blog\/#website\"},\"primaryImageOfPage\":{\"@id\":\"https:\/\/soclose.mx\/blog\/tag\/juan-rulfo-frases-mujeres\/#primaryimage\"},\"image\":{\"@id\":\"https:\/\/soclose.mx\/blog\/tag\/juan-rulfo-frases-mujeres\/#primaryimage\"},\"thumbnailUrl\":\"https:\/\/i0.wp.com\/soclose.mx\/blog\/wp-content\/uploads\/2022\/06\/WhatsApp-Image-2022-06-09-at-7.16.04-PM.jpeg?fit=1024%2C977&ssl=1\",\"datePublished\":\"2022-06-10T01:27:34+00:00\",\"dateModified\":\"2022-06-10T01:32:11+00:00\",\"breadcrumb\":{\"@id\":\"https:\/\/soclose.mx\/blog\/tag\/juan-rulfo-frases-mujeres\/#breadcrumb\"},\"inLanguage\":\"es\",\"potentialAction\":[{\"@type\":\"ReadAction\",\"target\":[\"https:\/\/soclose.mx\/blog\/tag\/juan-rulfo-frases-mujeres\/\"]}]},{\"@type\":\"ImageObject\",\"inLanguage\":\"es\",\"@id\":\"https:\/\/soclose.mx\/blog\/tag\/juan-rulfo-frases-mujeres\/#primaryimage\",\"url\":\"https:\/\/i0.wp.com\/soclose.mx\/blog\/wp-content\/uploads\/2022\/06\/WhatsApp-Image-2022-06-09-at-7.16.04-PM.jpeg?fit=1024%2C977&ssl=1\",\"contentUrl\":\"https:\/\/i0.wp.com\/soclose.mx\/blog\/wp-content\/uploads\/2022\/06\/WhatsApp-Image-2022-06-09-at-7.16.04-PM.jpeg?fit=1024%2C977&ssl=1\",\"width\":1024,\"height\":977},{\"@type\":\"BreadcrumbList\",\"@id\":\"https:\/\/soclose.mx\/blog\/tag\/juan-rulfo-frases-mujeres\/#breadcrumb\",\"itemListElement\":[{\"@type\":\"ListItem\",\"position\":1,\"name\":\"Inicio\",\"item\":\"https:\/\/soclose.mx\/blog\/\"},{\"@type\":\"ListItem\",\"position\":2,\"name\":\"Para Pap\u00e1, primer festival de Lucha Libre\"}]},{\"@type\":\"WebSite\",\"@id\":\"https:\/\/soclose.mx\/blog\/#website\",\"url\":\"https:\/\/soclose.mx\/blog\/\",\"name\":\"So Close\",\"description\":\"Hacemos contenidos de M\u00e9xico\",\"publisher\":{\"@id\":\"https:\/\/soclose.mx\/blog\/#organization\"},\"potentialAction\":[{\"@type\":\"SearchAction\",\"target\":{\"@type\":\"EntryPoint\",\"urlTemplate\":\"https:\/\/soclose.mx\/blog\/?s={search_term_string}\"},\"query-input\":{\"@type\":\"PropertyValueSpecification\",\"valueRequired\":true,\"valueName\":\"search_term_string\"}}],\"inLanguage\":\"es\"},{\"@type\":\"Organization\",\"@id\":\"https:\/\/soclose.mx\/blog\/#organization\",\"name\":\"So Close\",\"url\":\"https:\/\/soclose.mx\/blog\/\",\"logo\":{\"@type\":\"ImageObject\",\"inLanguage\":\"es\",\"@id\":\"https:\/\/soclose.mx\/blog\/#\/schema\/logo\/image\/\",\"url\":\"https:\/\/i0.wp.com\/soclose.mx\/blog\/wp-content\/uploads\/2020\/12\/LOGO_SOCLOSE_COLOR-e1608310133507.png?fit=2858%2C1264&ssl=1\",\"contentUrl\":\"https:\/\/i0.wp.com\/soclose.mx\/blog\/wp-content\/uploads\/2020\/12\/LOGO_SOCLOSE_COLOR-e1608310133507.png?fit=2858%2C1264&ssl=1\",\"width\":2858,\"height\":1264,\"caption\":\"So Close\"},\"image\":{\"@id\":\"https:\/\/soclose.mx\/blog\/#\/schema\/logo\/image\/\"}},{\"@type\":\"Person\",\"@id\":\"https:\/\/soclose.mx\/blog\/#\/schema\/person\/54cd06c3a8cdc01a80c08725278aff88\",\"name\":\"Daniel Ram\u00edrez\",\"image\":{\"@type\":\"ImageObject\",\"inLanguage\":\"es\",\"@id\":\"https:\/\/soclose.mx\/blog\/#\/schema\/person\/image\/\",\"url\":\"https:\/\/secure.gravatar.com\/avatar\/74af6012f2e898d2be93cf32e26b59a2c9489743c9ca6270d7848b44edd7d272?s=96&d=mm&r=g\",\"contentUrl\":\"https:\/\/secure.gravatar.com\/avatar\/74af6012f2e898d2be93cf32e26b59a2c9489743c9ca6270d7848b44edd7d272?s=96&d=mm&r=g\",\"caption\":\"Daniel Ram\u00edrez\"},\"url\":\"https:\/\/soclose.mx\/blog\/author\/peter\/\"}]}<\/script>\n<!-- \/ Yoast SEO plugin. -->","yoast_head_json":{"title":"Para Pap\u00e1, primer festival de Lucha Libre - So Close","robots":{"index":"index","follow":"follow","max-snippet":"max-snippet:-1","max-image-preview":"max-image-preview:large","max-video-preview":"max-video-preview:-1"},"canonical":"https:\/\/soclose.mx\/blog\/tag\/juan-rulfo-frases-mujeres\/","og_locale":"es_MX","og_type":"article","og_title":"Para Pap\u00e1, primer festival de Lucha Libre - So Close","og_description":"\u00bfQu\u00e9 tal le caer\u00edan a tu pap\u00e1 un pulquecito, unas chelitas, m\u00fasica en vivo y lucha libre el D\u00eda del Padre? Seguramente bien. Por eso, si a\u00fan no tienes su regalo, ll\u00e9valo al 1er Festival para Pap\u00e1 que se llevar\u00e1 a cabo el pr\u00f3ximo 19 de junio en el Autocine &#8220;Los Reyes&#8221;, en Los Reyes Acaquilpan, Estado de M\u00e9xico. Este evento ser\u00e1 totalmente familiar y divertido, en el que podr\u00e1 disfrutar los combates de Lucha Libre con peleadores que reci\u00e9n inician y otros ya consagrados De la funci\u00f3n destacan la Copa ACLR de nuevos talentos, en el que luchar\u00e1n 25","og_url":"https:\/\/soclose.mx\/blog\/tag\/juan-rulfo-frases-mujeres\/","og_site_name":"So Close","article_published_time":"2022-06-10T01:27:34+00:00","article_modified_time":"2022-06-10T01:32:11+00:00","og_image":[{"width":1024,"height":977,"url":"https:\/\/i0.wp.com\/soclose.mx\/blog\/wp-content\/uploads\/2022\/06\/WhatsApp-Image-2022-06-09-at-7.16.04-PM.jpeg?fit=1024%2C977&ssl=1","type":"image\/jpeg"}],"author":"Daniel Ram\u00edrez","twitter_card":"summary_large_image","twitter_misc":{"Escrito por":"Daniel Ram\u00edrez","Tiempo de lectura":"1 minuto"},"schema":{"@context":"https:\/\/schema.org","@graph":[{"@type":"Article","@id":"https:\/\/soclose.mx\/blog\/tag\/juan-rulfo-frases-mujeres\/#article","isPartOf":{"@id":"https:\/\/soclose.mx\/blog\/tag\/juan-rulfo-frases-mujeres\/"},"author":{"name":"Daniel Ram\u00edrez","@id":"https:\/\/soclose.mx\/blog\/#\/schema\/person\/54cd06c3a8cdc01a80c08725278aff88"},"headline":"Para Pap\u00e1, primer festival de Lucha Libre","datePublished":"2022-06-10T01:27:34+00:00","dateModified":"2022-06-10T01:32:11+00:00","mainEntityOfPage":{"@id":"https:\/\/soclose.mx\/blog\/tag\/juan-rulfo-frases-mujeres\/"},"wordCount":168,"commentCount":0,"publisher":{"@id":"https:\/\/soclose.mx\/blog\/#organization"},"image":{"@id":"https:\/\/soclose.mx\/blog\/tag\/juan-rulfo-frases-mujeres\/#primaryimage"},"thumbnailUrl":"https:\/\/i0.wp.com\/soclose.mx\/blog\/wp-content\/uploads\/2022\/06\/WhatsApp-Image-2022-06-09-at-7.16.04-PM.jpeg?fit=1024%2C977&ssl=1","keywords":["cibernetico","cmll","los reyes","lucha libre","triple a"],"articleSection":["News feed"],"inLanguage":"es","potentialAction":[{"@type":"CommentAction","name":"Comment","target":["https:\/\/soclose.mx\/blog\/tag\/juan-rulfo-frases-mujeres\/#respond"]}]},{"@type":"WebPage","@id":"https:\/\/soclose.mx\/blog\/tag\/juan-rulfo-frases-mujeres\/","url":"https:\/\/soclose.mx\/blog\/tag\/juan-rulfo-frases-mujeres\/","name":"Para Pap\u00e1, primer festival de Lucha Libre - So Close","isPartOf":{"@id":"https:\/\/soclose.mx\/blog\/#website"},"primaryImageOfPage":{"@id":"https:\/\/soclose.mx\/blog\/tag\/juan-rulfo-frases-mujeres\/#primaryimage"},"image":{"@id":"https:\/\/soclose.mx\/blog\/tag\/juan-rulfo-frases-mujeres\/#primaryimage"},"thumbnailUrl":"https:\/\/i0.wp.com\/soclose.mx\/blog\/wp-content\/uploads\/2022\/06\/WhatsApp-Image-2022-06-09-at-7.16.04-PM.jpeg?fit=1024%2C977&ssl=1","datePublished":"2022-06-10T01:27:34+00:00","dateModified":"2022-06-10T01:32:11+00:00","breadcrumb":{"@id":"https:\/\/soclose.mx\/blog\/tag\/juan-rulfo-frases-mujeres\/#breadcrumb"},"inLanguage":"es","potentialAction":[{"@type":"ReadAction","target":["https:\/\/soclose.mx\/blog\/tag\/juan-rulfo-frases-mujeres\/"]}]},{"@type":"ImageObject","inLanguage":"es","@id":"https:\/\/soclose.mx\/blog\/tag\/juan-rulfo-frases-mujeres\/#primaryimage","url":"https:\/\/i0.wp.com\/soclose.mx\/blog\/wp-content\/uploads\/2022\/06\/WhatsApp-Image-2022-06-09-at-7.16.04-PM.jpeg?fit=1024%2C977&ssl=1","contentUrl":"https:\/\/i0.wp.com\/soclose.mx\/blog\/wp-content\/uploads\/2022\/06\/WhatsApp-Image-2022-06-09-at-7.16.04-PM.jpeg?fit=1024%2C977&ssl=1","width":1024,"height":977},{"@type":"BreadcrumbList","@id":"https:\/\/soclose.mx\/blog\/tag\/juan-rulfo-frases-mujeres\/#breadcrumb","itemListElement":[{"@type":"ListItem","position":1,"name":"Inicio","item":"https:\/\/soclose.mx\/blog\/"},{"@type":"ListItem","position":2,"name":"Para Pap\u00e1, primer festival de Lucha Libre"}]},{"@type":"WebSite","@id":"https:\/\/soclose.mx\/blog\/#website","url":"https:\/\/soclose.mx\/blog\/","name":"So Close","description":"Hacemos contenidos de M\u00e9xico","publisher":{"@id":"https:\/\/soclose.mx\/blog\/#organization"},"potentialAction":[{"@type":"SearchAction","target":{"@type":"EntryPoint","urlTemplate":"https:\/\/soclose.mx\/blog\/?s={search_term_string}"},"query-input":{"@type":"PropertyValueSpecification","valueRequired":true,"valueName":"search_term_string"}}],"inLanguage":"es"},{"@type":"Organization","@id":"https:\/\/soclose.mx\/blog\/#organization","name":"So Close","url":"https:\/\/soclose.mx\/blog\/","logo":{"@type":"ImageObject","inLanguage":"es","@id":"https:\/\/soclose.mx\/blog\/#\/schema\/logo\/image\/","url":"https:\/\/i0.wp.com\/soclose.mx\/blog\/wp-content\/uploads\/2020\/12\/LOGO_SOCLOSE_COLOR-e1608310133507.png?fit=2858%2C1264&ssl=1","contentUrl":"https:\/\/i0.wp.com\/soclose.mx\/blog\/wp-content\/uploads\/2020\/12\/LOGO_SOCLOSE_COLOR-e1608310133507.png?fit=2858%2C1264&ssl=1","width":2858,"height":1264,"caption":"So Close"},"image":{"@id":"https:\/\/soclose.mx\/blog\/#\/schema\/logo\/image\/"}},{"@type":"Person","@id":"https:\/\/soclose.mx\/blog\/#\/schema\/person\/54cd06c3a8cdc01a80c08725278aff88","name":"Daniel Ram\u00edrez","image":{"@type":"ImageObject","inLanguage":"es","@id":"https:\/\/soclose.mx\/blog\/#\/schema\/person\/image\/","url":"https:\/\/secure.gravatar.com\/avatar\/74af6012f2e898d2be93cf32e26b59a2c9489743c9ca6270d7848b44edd7d272?s=96&d=mm&r=g","contentUrl":"https:\/\/secure.gravatar.com\/avatar\/74af6012f2e898d2be93cf32e26b59a2c9489743c9ca6270d7848b44edd7d272?s=96&d=mm&r=g","caption":"Daniel Ram\u00edrez"},"url":"https:\/\/soclose.mx\/blog\/author\/peter\/"}]}},"jetpack_featured_media_url":"https:\/\/i0.wp.com\/soclose.mx\/blog\/wp-content\/uploads\/2022\/06\/WhatsApp-Image-2022-06-09-at-7.16.04-PM.jpeg?fit=1024%2C977&ssl=1","jetpack-related-posts":[{"id":14559,"url":"https:\/\/soclose.mx\/blog\/seleccion-mexicana\/rey-misterio-sr-icono-de-la-lucha-libre-mexicana\/","url_meta":{"origin":10170,"position":0},"title":"Rey Misterio Sr.: \u00edcono de la lucha libre mexicana","author":"So Close","date":"20 diciembre, 2024","format":false,"excerpt":"Miguel \u00c1ngel L\u00f3pez D\u00edaz, m\u00e1s conocido como Rey Misterio Sr., fue un luchador profesional mexicano que dej\u00f3 una huella imborrable en la historia de la lucha libre. Su estilo acrob\u00e1tico y su carisma lo convirtieron en una leyenda, inspirando a una generaci\u00f3n de luchadores y dejando un legado que perdura\u2026","rel":"","context":"En &quot;Selecci\u00f3n mexicana&quot;","block_context":{"text":"Selecci\u00f3n mexicana","link":"https:\/\/soclose.mx\/blog\/category\/seleccion-mexicana\/"},"img":{"alt_text":"rey misterio sr","src":"https:\/\/i0.wp.com\/soclose.mx\/blog\/wp-content\/uploads\/2024\/12\/rey-misterio-sr.jpg?fit=1200%2C675&ssl=1&resize=350%2C200","width":350,"height":200,"srcset":"https:\/\/i0.wp.com\/soclose.mx\/blog\/wp-content\/uploads\/2024\/12\/rey-misterio-sr.jpg?fit=1200%2C675&ssl=1&resize=350%2C200 1x, https:\/\/i0.wp.com\/soclose.mx\/blog\/wp-content\/uploads\/2024\/12\/rey-misterio-sr.jpg?fit=1200%2C675&ssl=1&resize=525%2C300 1.5x, https:\/\/i0.wp.com\/soclose.mx\/blog\/wp-content\/uploads\/2024\/12\/rey-misterio-sr.jpg?fit=1200%2C675&ssl=1&resize=700%2C400 2x, https:\/\/i0.wp.com\/soclose.mx\/blog\/wp-content\/uploads\/2024\/12\/rey-misterio-sr.jpg?fit=1200%2C675&ssl=1&resize=1050%2C600 3x"},"classes":[]},{"id":15004,"url":"https:\/\/soclose.mx\/blog\/news-feed\/las-muertes-mas-buscadas-en-google-en-2025\/","url_meta":{"origin":10170,"position":1},"title":"Las muertes m\u00e1s buscadas en Google en 2025","author":"So Close","date":"17 diciembre, 2025","format":false,"excerpt":"En el informe oficial de Google Year in Search 2025, la categor\u00eda \"Personas en Memoria\" (In Memoriam) revel\u00f3 las muertes m\u00e1s buscadas en Google en 2025 que m\u00e1s conmovieron a los mexicanos a lo largo del a\u00f1o. Esta lista refleja el impacto cultural, emocional y noticioso de p\u00e9rdidas irreparables en\u2026","rel":"","context":"En &quot;News feed&quot;","block_context":{"text":"News feed","link":"https:\/\/soclose.mx\/blog\/category\/news-feed\/"},"img":{"alt_text":"Papa Le\u00f3n reza al Papa Francisco","src":"https:\/\/i0.wp.com\/soclose.mx\/blog\/wp-content\/uploads\/2025\/12\/Salma-Hayek-2-1.jpg?fit=1200%2C675&ssl=1&resize=350%2C200","width":350,"height":200,"srcset":"https:\/\/i0.wp.com\/soclose.mx\/blog\/wp-content\/uploads\/2025\/12\/Salma-Hayek-2-1.jpg?fit=1200%2C675&ssl=1&resize=350%2C200 1x, https:\/\/i0.wp.com\/soclose.mx\/blog\/wp-content\/uploads\/2025\/12\/Salma-Hayek-2-1.jpg?fit=1200%2C675&ssl=1&resize=525%2C300 1.5x, https:\/\/i0.wp.com\/soclose.mx\/blog\/wp-content\/uploads\/2025\/12\/Salma-Hayek-2-1.jpg?fit=1200%2C675&ssl=1&resize=700%2C400 2x, https:\/\/i0.wp.com\/soclose.mx\/blog\/wp-content\/uploads\/2025\/12\/Salma-Hayek-2-1.jpg?fit=1200%2C675&ssl=1&resize=1050%2C600 3x"},"classes":[]},{"id":10849,"url":"https:\/\/soclose.mx\/blog\/a-la-mexicana\/tnt-de-albanil-en-colima-a-leyenda-de-la-lucha-libre-mexicana\/","url_meta":{"origin":10170,"position":2},"title":"TNT, de alba\u00f1il en Colima a leyenda de la Lucha Libre mexicana","author":"Daniel Ram\u00edrez","date":"6 agosto, 2022","format":false,"excerpt":"Pesar m\u00e1s de 136 kilogramos y medir 1.87 metros, fueron las cartas principales de Jos\u00e9 Guadalupe Aguilar Herrera, mejor conocido como el TNT, un luchador legendario de la d\u00e9cada de los 70 y 80. Lupe era originario de Villa de Arriaga, San Luis Potos\u00ed, pero desde chico se fue a\u2026","rel":"","context":"En &quot;A la mexicana&quot;","block_context":{"text":"A la mexicana","link":"https:\/\/soclose.mx\/blog\/category\/a-la-mexicana\/"},"img":{"alt_text":"","src":"https:\/\/i0.wp.com\/soclose.mx\/blog\/wp-content\/uploads\/2022\/08\/06TNT.jpg?fit=800%2C350&ssl=1&resize=350%2C200","width":350,"height":200,"srcset":"https:\/\/i0.wp.com\/soclose.mx\/blog\/wp-content\/uploads\/2022\/08\/06TNT.jpg?fit=800%2C350&ssl=1&resize=350%2C200 1x, https:\/\/i0.wp.com\/soclose.mx\/blog\/wp-content\/uploads\/2022\/08\/06TNT.jpg?fit=800%2C350&ssl=1&resize=525%2C300 1.5x, https:\/\/i0.wp.com\/soclose.mx\/blog\/wp-content\/uploads\/2022\/08\/06TNT.jpg?fit=800%2C350&ssl=1&resize=700%2C400 2x"},"classes":[]},{"id":7251,"url":"https:\/\/soclose.mx\/blog\/news-feed\/lanzate-al-tianguis-de-pulque-cerveza-y-lucha-libre-en-tlatelolco\/","url_meta":{"origin":10170,"position":3},"title":"\u00a1L\u00e1nzate al tianguis de pulque, cerveza y lucha libre en Tlatelolco!","author":"Miguel Angel Romero","date":"16 septiembre, 2021","format":false,"excerpt":"Qu\u00e9 mejor manera de cerrar una semana muy mexicana que con el tianguis del Pulque y la Cerveza 2021, el festival que se llevar\u00e1 a cabo este s\u00e1bado 18 y domingo 19 de septiembre, en el Centro de Convenciones de Tlatelolco. El evento se realizar\u00e1 un espacio grande para que\u2026","rel":"","context":"En &quot;News feed&quot;","block_context":{"text":"News feed","link":"https:\/\/soclose.mx\/blog\/category\/news-feed\/"},"img":{"alt_text":"","src":"https:\/\/i0.wp.com\/soclose.mx\/blog\/wp-content\/uploads\/2021\/09\/Principal-So-Close-blog-18.jpg?fit=1200%2C677&ssl=1&resize=350%2C200","width":350,"height":200,"srcset":"https:\/\/i0.wp.com\/soclose.mx\/blog\/wp-content\/uploads\/2021\/09\/Principal-So-Close-blog-18.jpg?fit=1200%2C677&ssl=1&resize=350%2C200 1x, https:\/\/i0.wp.com\/soclose.mx\/blog\/wp-content\/uploads\/2021\/09\/Principal-So-Close-blog-18.jpg?fit=1200%2C677&ssl=1&resize=525%2C300 1.5x, https:\/\/i0.wp.com\/soclose.mx\/blog\/wp-content\/uploads\/2021\/09\/Principal-So-Close-blog-18.jpg?fit=1200%2C677&ssl=1&resize=700%2C400 2x, https:\/\/i0.wp.com\/soclose.mx\/blog\/wp-content\/uploads\/2021\/09\/Principal-So-Close-blog-18.jpg?fit=1200%2C677&ssl=1&resize=1050%2C600 3x"},"classes":[]},{"id":6363,"url":"https:\/\/soclose.mx\/blog\/ay-goeeee\/el-gran-mito-de-la-conquista\/","url_meta":{"origin":10170,"position":4},"title":"El gran mito de la Conquista","author":"So Close","date":"30 junio, 2021","format":false,"excerpt":"Durante un conversatorio realizado por la UNAM, Guadalupe G\u00f3mez-Aguado de Alba, acad\u00e9mica del Centro de Ense\u00f1anza para Extranjeros explic\u00f3 el por qu\u00e9 el concepto de Conquista est\u00e1 equivocado y aqu\u00ed te dejamos algunos puntos que te sorprender\u00e1n: Lo ocurrido hace cinco siglos no se trat\u00f3 de una invasi\u00f3n espa\u00f1ola, sino\u2026","rel":"","context":"En &quot;\u00a1Ay goeeee!&quot;","block_context":{"text":"\u00a1Ay goeeee!","link":"https:\/\/soclose.mx\/blog\/category\/ay-goeeee\/"},"img":{"alt_text":"","src":"https:\/\/i0.wp.com\/soclose.mx\/blog\/wp-content\/uploads\/2021\/06\/conquista.jpeg?fit=1200%2C677&ssl=1&resize=350%2C200","width":350,"height":200,"srcset":"https:\/\/i0.wp.com\/soclose.mx\/blog\/wp-content\/uploads\/2021\/06\/conquista.jpeg?fit=1200%2C677&ssl=1&resize=350%2C200 1x, https:\/\/i0.wp.com\/soclose.mx\/blog\/wp-content\/uploads\/2021\/06\/conquista.jpeg?fit=1200%2C677&ssl=1&resize=525%2C300 1.5x, https:\/\/i0.wp.com\/soclose.mx\/blog\/wp-content\/uploads\/2021\/06\/conquista.jpeg?fit=1200%2C677&ssl=1&resize=700%2C400 2x, https:\/\/i0.wp.com\/soclose.mx\/blog\/wp-content\/uploads\/2021\/06\/conquista.jpeg?fit=1200%2C677&ssl=1&resize=1050%2C600 3x"},"classes":[]},{"id":10510,"url":"https:\/\/soclose.mx\/blog\/para-todos\/se-viene-el-festival-del-chorizo-y-mezcal-estado-de-mexico-2022\/","url_meta":{"origin":10170,"position":5},"title":"\u00a1Se viene el Festival del Chorizo y Mezcal Estado de M\u00e9xico 2022!","author":"Daniel Ram\u00edrez","date":"6 julio, 2022","format":false,"excerpt":"Cada que alguien va o viene de Toluca, Estado de M\u00e9xico, es inevitable recordarle que va a la tierra del chorizo verde o rojo, t\u00edpicos de la regi\u00f3n en la que se puede preparar de muchas maneras: en papas, en rodajas o en su mole. Si se te antoj\u00f3 un\u2026","rel":"","context":"En &quot;Para todos&quot;","block_context":{"text":"Para todos","link":"https:\/\/soclose.mx\/blog\/category\/para-todos\/"},"img":{"alt_text":"","src":"https:\/\/i0.wp.com\/soclose.mx\/blog\/wp-content\/uploads\/2022\/07\/pexels-pixabay-208450-scaled.jpg?fit=1200%2C800&ssl=1&resize=350%2C200","width":350,"height":200,"srcset":"https:\/\/i0.wp.com\/soclose.mx\/blog\/wp-content\/uploads\/2022\/07\/pexels-pixabay-208450-scaled.jpg?fit=1200%2C800&ssl=1&resize=350%2C200 1x, https:\/\/i0.wp.com\/soclose.mx\/blog\/wp-content\/uploads\/2022\/07\/pexels-pixabay-208450-scaled.jpg?fit=1200%2C800&ssl=1&resize=525%2C300 1.5x, https:\/\/i0.wp.com\/soclose.mx\/blog\/wp-content\/uploads\/2022\/07\/pexels-pixabay-208450-scaled.jpg?fit=1200%2C800&ssl=1&resize=700%2C400 2x, https:\/\/i0.wp.com\/soclose.mx\/blog\/wp-content\/uploads\/2022\/07\/pexels-pixabay-208450-scaled.jpg?fit=1200%2C800&ssl=1&resize=1050%2C600 3x"},"classes":[]}],"jetpack_sharing_enabled":true,"_links":{"self":[{"href":"https:\/\/soclose.mx\/blog\/wp-json\/wp\/v2\/posts\/10170","targetHints":{"allow":["GET"]}}],"collection":[{"href":"https:\/\/soclose.mx\/blog\/wp-json\/wp\/v2\/posts"}],"about":[{"href":"https:\/\/soclose.mx\/blog\/wp-json\/wp\/v2\/types\/post"}],"author":[{"embeddable":true,"href":"https:\/\/soclose.mx\/blog\/wp-json\/wp\/v2\/users\/9"}],"replies":[{"embeddable":true,"href":"https:\/\/soclose.mx\/blog\/wp-json\/wp\/v2\/comments?post=10170"}],"version-history":[{"count":0,"href":"https:\/\/soclose.mx\/blog\/wp-json\/wp\/v2\/posts\/10170\/revisions"}],"wp:featuredmedia":[{"embeddable":true,"href":"https:\/\/soclose.mx\/blog\/wp-json\/wp\/v2\/media\/10172"}],"wp:attachment":[{"href":"https:\/\/soclose.mx\/blog\/wp-json\/wp\/v2\/media?parent=10170"}],"wp:term":[{"taxonomy":"category","embeddable":true,"href":"https:\/\/soclose.mx\/blog\/wp-json\/wp\/v2\/categories?post=10170"},{"taxonomy":"post_tag","embeddable":true,"href":"https:\/\/soclose.mx\/blog\/wp-json\/wp\/v2\/tags?post=10170"}],"curies":[{"name":"wp","href":"https:\/\/api.w.org\/{rel}","templated":true}]}}