{"id":10324,"date":"2022-06-23T14:59:20","date_gmt":"2022-06-23T19:59:20","guid":{"rendered":"https:\/\/soclose.mx\/blog\/?p=10324"},"modified":"2023-05-05T17:07:29","modified_gmt":"2023-05-05T23:07:29","slug":"revive-el-mexicanisimo-vocho-disfrazado-de-porsche-esto-costaria","status":"publish","type":"post","link":"https:\/\/soclose.mx\/blog\/ay-goeeee\/revive-el-mexicanisimo-vocho-disfrazado-de-porsche-esto-costaria\/","title":{"rendered":"\u00bfRevive el mexican\u00edsimo Vocho disfrazado de Porsche? \u00a1Esto costar\u00eda!"},"content":{"rendered":"<p>En ning\u00fan otro lugar del mundo se produjeron tantos <a href=\"https:\/\/www.youtube.com\/watch?v=hwFDFfDmLaQ\"><strong>Vocho<\/strong>s en la historia m\u00e1s que en M\u00e9xico<\/a>. Este veh\u00edculo se volvi\u00f3 parte de la identidad de nuestro pa\u00eds.<\/p>\n<p>En octubre de 1967 naci\u00f3 el primer Vocho en la planta de <strong>Volkswagen Puebla<\/strong>, la f\u00e1brica que m\u00e1s autos de este modelo produjo a nivel mundial. Desde entonces y hasta el 31 de julio de 2003, 1 mill\u00f3n 691 mil 542 vieron la luz.<\/p>\n<p>Con esta incre\u00edble historia, \u00bfqui\u00e9n no quisiera revivir a esta leyenda automotriz? El ingeniero alem\u00e1n<strong> Jonathan Engler<\/strong> ya empez\u00f3 a trabajar en esta idea.<\/p>\n<p><img data-recalc-dims=\"1\" decoding=\"async\" class=\"alignnone size-medium wp-image-10325\" src=\"https:\/\/i0.wp.com\/soclose.mx\/blog\/wp-content\/uploads\/2022\/06\/vocho-2.jpg?resize=300%2C151&#038;ssl=1\" alt=\"\" width=\"300\" height=\"151\" srcset=\"https:\/\/i0.wp.com\/soclose.mx\/blog\/wp-content\/uploads\/2022\/06\/vocho-2.jpg?resize=300%2C151&amp;ssl=1 300w, https:\/\/i0.wp.com\/soclose.mx\/blog\/wp-content\/uploads\/2022\/06\/vocho-2.jpg?resize=1024%2C515&amp;ssl=1 1024w, https:\/\/i0.wp.com\/soclose.mx\/blog\/wp-content\/uploads\/2022\/06\/vocho-2.jpg?resize=768%2C387&amp;ssl=1 768w, https:\/\/i0.wp.com\/soclose.mx\/blog\/wp-content\/uploads\/2022\/06\/vocho-2.jpg?resize=1536%2C773&amp;ssl=1 1536w, https:\/\/i0.wp.com\/soclose.mx\/blog\/wp-content\/uploads\/2022\/06\/vocho-2.jpg?resize=1170%2C589&amp;ssl=1 1170w, https:\/\/i0.wp.com\/soclose.mx\/blog\/wp-content\/uploads\/2022\/06\/vocho-2.jpg?resize=585%2C294&amp;ssl=1 585w, https:\/\/i0.wp.com\/soclose.mx\/blog\/wp-content\/uploads\/2022\/06\/vocho-2.jpg?w=1623&amp;ssl=1 1623w\" sizes=\"(max-width: 300px) 100vw, 300px\" \/><\/p>\n<p>El germano quiere celebrar los iconos extintos de la industria automotriz alemana y redise\u00f1arlos con &#8220;est\u00e1ndares inimaginables\u201d y el Vocho fue al primero que le ech\u00f3 el ojo.<\/p>\n<p>A trav\u00e9s de su <a href=\"https:\/\/www.miliviedesign.com\/\">empresa Milivi\u00e9<\/a>, el ingeniero anunci\u00f3 que ya trabaja en el regreso del auto que llevar\u00e1 el nombre de <strong>Milivi\u00e9 1<\/strong>, un veh\u00edculo tipo <em><strong>restomod<\/strong><\/em>\u00a0del cl\u00e1sico \u2018Vocho\u2019.<\/p>\n<p><img data-recalc-dims=\"1\" fetchpriority=\"high\" decoding=\"async\" class=\"alignnone size-medium wp-image-10328\" src=\"https:\/\/i0.wp.com\/soclose.mx\/blog\/wp-content\/uploads\/2022\/06\/vocho4.jpg?resize=300%2C187&#038;ssl=1\" alt=\"\" width=\"300\" height=\"187\" srcset=\"https:\/\/i0.wp.com\/soclose.mx\/blog\/wp-content\/uploads\/2022\/06\/vocho4.jpg?resize=300%2C187&amp;ssl=1 300w, https:\/\/i0.wp.com\/soclose.mx\/blog\/wp-content\/uploads\/2022\/06\/vocho4.jpg?resize=1024%2C640&amp;ssl=1 1024w, https:\/\/i0.wp.com\/soclose.mx\/blog\/wp-content\/uploads\/2022\/06\/vocho4.jpg?resize=768%2C480&amp;ssl=1 768w, https:\/\/i0.wp.com\/soclose.mx\/blog\/wp-content\/uploads\/2022\/06\/vocho4.jpg?resize=1170%2C731&amp;ssl=1 1170w, https:\/\/i0.wp.com\/soclose.mx\/blog\/wp-content\/uploads\/2022\/06\/vocho4.jpg?resize=585%2C366&amp;ssl=1 585w, https:\/\/i0.wp.com\/soclose.mx\/blog\/wp-content\/uploads\/2022\/06\/vocho4.jpg?w=1381&amp;ssl=1 1381w\" sizes=\"(max-width: 300px) 100vw, 300px\" \/><\/p>\n<p>Los restomods son carros antiguos que han sido modificados con partes nuevas y el Vocho ser\u00e1 redise\u00f1ado con elementos deportivos inspirados en modelos de algunos <strong>Porsche<\/strong> como el 904, Type 64, 356 Gm\u00fcnd Coup\u00e9 y RS Spyder.<\/p>\n<p>Si quieres un<strong> Vocho disfrazado de Porsche<\/strong>, solo tendr\u00e1s que pagar 570 mil euros (poco m\u00e1s de 12 millones de pesos), pero ap\u00farate porque ya est\u00e1n abiertos los pedidos y \u00fanicamente se fabricar\u00e1n 22 unidades.<\/p>\n<p><img data-recalc-dims=\"1\" decoding=\"async\" class=\"alignnone wp-image-10329 size-full\" src=\"https:\/\/i0.wp.com\/soclose.mx\/blog\/wp-content\/uploads\/2022\/06\/vocho5.jpg?resize=1170%2C561&#038;ssl=1\" alt=\"\" width=\"1170\" height=\"561\" srcset=\"https:\/\/i0.wp.com\/soclose.mx\/blog\/wp-content\/uploads\/2022\/06\/vocho5.jpg?w=1525&amp;ssl=1 1525w, https:\/\/i0.wp.com\/soclose.mx\/blog\/wp-content\/uploads\/2022\/06\/vocho5.jpg?resize=300%2C144&amp;ssl=1 300w, https:\/\/i0.wp.com\/soclose.mx\/blog\/wp-content\/uploads\/2022\/06\/vocho5.jpg?resize=1024%2C491&amp;ssl=1 1024w, https:\/\/i0.wp.com\/soclose.mx\/blog\/wp-content\/uploads\/2022\/06\/vocho5.jpg?resize=768%2C368&amp;ssl=1 768w, https:\/\/i0.wp.com\/soclose.mx\/blog\/wp-content\/uploads\/2022\/06\/vocho5.jpg?resize=1170%2C561&amp;ssl=1 1170w, https:\/\/i0.wp.com\/soclose.mx\/blog\/wp-content\/uploads\/2022\/06\/vocho5.jpg?resize=585%2C280&amp;ssl=1 585w\" sizes=\"(max-width: 1170px) 100vw, 1170px\" \/><\/p>\n<p>&nbsp;<\/p>\n","protected":false},"excerpt":{"rendered":"<p>En ning\u00fan otro lugar del mundo se produjeron tantos Vochos en la historia m\u00e1s que en M\u00e9xico. Este veh\u00edculo se volvi\u00f3 parte de la identidad de nuestro pa\u00eds. En octubre de 1967 naci\u00f3 el primer Vocho en la planta de Volkswagen Puebla, la f\u00e1brica que m\u00e1s autos de este modelo produjo a nivel mundial. Desde entonces y hasta el 31 de julio de 2003, 1 mill\u00f3n 691 mil 542 vieron la luz. Con esta incre\u00edble historia, \u00bfqui\u00e9n no quisiera revivir a esta leyenda automotriz? El ingeniero alem\u00e1n Jonathan Engler ya empez\u00f3 a trabajar en esta idea. El germano quiere celebrar<\/p>\n","protected":false},"author":9,"featured_media":10327,"comment_status":"open","ping_status":"open","sticky":false,"template":"","format":"standard","meta":{"_jetpack_memberships_contains_paid_content":false,"footnotes":""},"categories":[1],"tags":[2323,2325,2320,2324,2004,2321,2322],"class_list":["post-10324","post","type-post","status-publish","format-standard","has-post-thumbnail","hentry","category-ay-goeeee","tag-jonathan-engler","tag-milivie","tag-porsche","tag-restmod","tag-vocho","tag-volkswagen","tag-volkswagen-puebla"],"yoast_head":"<!-- This site is optimized with the Yoast SEO plugin v26.7 - https:\/\/yoast.com\/wordpress\/plugins\/seo\/ -->\n<title>\u00bfRevive el mexican\u00edsimo Vocho disfrazado de Porsche? \u00a1Esto costar\u00eda! - So Close<\/title>\n<meta name=\"description\" content=\"Si quieres un Vocho disfrazado de Porsche, solo tendr\u00e1s que pagar 570 mil euros (poco m\u00e1s de 12 millones de pesos), pero ap\u00farate porque ya est\u00e1n abiertos los pedidos y \u00fanicamente se fabricar\u00e1n 22 unidades.\" \/>\n<meta name=\"robots\" content=\"index, follow, max-snippet:-1, max-image-preview:large, max-video-preview:-1\" \/>\n<link rel=\"canonical\" href=\"https:\/\/soclose.mx\/blog\/tag\/juan-rulfo-frases-mujeres\/\" \/>\n<meta property=\"og:locale\" content=\"es_MX\" \/>\n<meta property=\"og:type\" content=\"article\" \/>\n<meta property=\"og:title\" content=\"\u00bfRevive el mexican\u00edsimo Vocho disfrazado de Porsche? \u00a1Esto costar\u00eda! - So Close\" \/>\n<meta property=\"og:description\" content=\"Si quieres un Vocho disfrazado de Porsche, solo tendr\u00e1s que pagar 570 mil euros (poco m\u00e1s de 12 millones de pesos), pero ap\u00farate porque ya est\u00e1n abiertos los pedidos y \u00fanicamente se fabricar\u00e1n 22 unidades.\" \/>\n<meta property=\"og:url\" content=\"https:\/\/soclose.mx\/blog\/tag\/juan-rulfo-frases-mujeres\/\" \/>\n<meta property=\"og:site_name\" content=\"So Close\" \/>\n<meta property=\"article:published_time\" content=\"2022-06-23T19:59:20+00:00\" \/>\n<meta property=\"article:modified_time\" content=\"2023-05-05T23:07:29+00:00\" \/>\n<meta property=\"og:image\" content=\"https:\/\/i0.wp.com\/soclose.mx\/blog\/wp-content\/uploads\/2022\/06\/vocho3.jpg?fit=1569%2C849&ssl=1\" \/>\n\t<meta property=\"og:image:width\" content=\"1569\" \/>\n\t<meta property=\"og:image:height\" content=\"849\" \/>\n\t<meta property=\"og:image:type\" content=\"image\/jpeg\" \/>\n<meta name=\"author\" content=\"Daniel Ram\u00edrez\" \/>\n<meta name=\"twitter:card\" content=\"summary_large_image\" \/>\n<meta name=\"twitter:label1\" content=\"Escrito por\" \/>\n\t<meta name=\"twitter:data1\" content=\"Daniel Ram\u00edrez\" \/>\n\t<meta name=\"twitter:label2\" content=\"Tiempo de lectura\" \/>\n\t<meta name=\"twitter:data2\" content=\"2 minutos\" \/>\n<script type=\"application\/ld+json\" class=\"yoast-schema-graph\">{\"@context\":\"https:\/\/schema.org\",\"@graph\":[{\"@type\":\"Article\",\"@id\":\"https:\/\/soclose.mx\/blog\/tag\/juan-rulfo-frases-mujeres\/#article\",\"isPartOf\":{\"@id\":\"https:\/\/soclose.mx\/blog\/tag\/juan-rulfo-frases-mujeres\/\"},\"author\":{\"name\":\"Daniel Ram\u00edrez\",\"@id\":\"https:\/\/soclose.mx\/blog\/#\/schema\/person\/54cd06c3a8cdc01a80c08725278aff88\"},\"headline\":\"\u00bfRevive el mexican\u00edsimo Vocho disfrazado de Porsche? \u00a1Esto costar\u00eda!\",\"datePublished\":\"2022-06-23T19:59:20+00:00\",\"dateModified\":\"2023-05-05T23:07:29+00:00\",\"mainEntityOfPage\":{\"@id\":\"https:\/\/soclose.mx\/blog\/tag\/juan-rulfo-frases-mujeres\/\"},\"wordCount\":249,\"commentCount\":0,\"publisher\":{\"@id\":\"https:\/\/soclose.mx\/blog\/#organization\"},\"image\":{\"@id\":\"https:\/\/soclose.mx\/blog\/tag\/juan-rulfo-frases-mujeres\/#primaryimage\"},\"thumbnailUrl\":\"https:\/\/i0.wp.com\/soclose.mx\/blog\/wp-content\/uploads\/2022\/06\/vocho3.jpg?fit=1569%2C849&ssl=1\",\"keywords\":[\"Jonathan Engler\",\"Milivie\",\"porsche\",\"restmod\",\"vocho\",\"volkswagen\",\"Volkswagen Puebla\"],\"articleSection\":[\"\u00a1Ay goeeee!\"],\"inLanguage\":\"es\",\"potentialAction\":[{\"@type\":\"CommentAction\",\"name\":\"Comment\",\"target\":[\"https:\/\/soclose.mx\/blog\/tag\/juan-rulfo-frases-mujeres\/#respond\"]}]},{\"@type\":\"WebPage\",\"@id\":\"https:\/\/soclose.mx\/blog\/tag\/juan-rulfo-frases-mujeres\/\",\"url\":\"https:\/\/soclose.mx\/blog\/tag\/juan-rulfo-frases-mujeres\/\",\"name\":\"\u00bfRevive el mexican\u00edsimo Vocho disfrazado de Porsche? \u00a1Esto costar\u00eda! - So Close\",\"isPartOf\":{\"@id\":\"https:\/\/soclose.mx\/blog\/#website\"},\"primaryImageOfPage\":{\"@id\":\"https:\/\/soclose.mx\/blog\/tag\/juan-rulfo-frases-mujeres\/#primaryimage\"},\"image\":{\"@id\":\"https:\/\/soclose.mx\/blog\/tag\/juan-rulfo-frases-mujeres\/#primaryimage\"},\"thumbnailUrl\":\"https:\/\/i0.wp.com\/soclose.mx\/blog\/wp-content\/uploads\/2022\/06\/vocho3.jpg?fit=1569%2C849&ssl=1\",\"datePublished\":\"2022-06-23T19:59:20+00:00\",\"dateModified\":\"2023-05-05T23:07:29+00:00\",\"description\":\"Si quieres un Vocho disfrazado de Porsche, solo tendr\u00e1s que pagar 570 mil euros (poco m\u00e1s de 12 millones de pesos), pero ap\u00farate porque ya est\u00e1n abiertos los pedidos y \u00fanicamente se fabricar\u00e1n 22 unidades.\",\"breadcrumb\":{\"@id\":\"https:\/\/soclose.mx\/blog\/tag\/juan-rulfo-frases-mujeres\/#breadcrumb\"},\"inLanguage\":\"es\",\"potentialAction\":[{\"@type\":\"ReadAction\",\"target\":[\"https:\/\/soclose.mx\/blog\/tag\/juan-rulfo-frases-mujeres\/\"]}]},{\"@type\":\"ImageObject\",\"inLanguage\":\"es\",\"@id\":\"https:\/\/soclose.mx\/blog\/tag\/juan-rulfo-frases-mujeres\/#primaryimage\",\"url\":\"https:\/\/i0.wp.com\/soclose.mx\/blog\/wp-content\/uploads\/2022\/06\/vocho3.jpg?fit=1569%2C849&ssl=1\",\"contentUrl\":\"https:\/\/i0.wp.com\/soclose.mx\/blog\/wp-content\/uploads\/2022\/06\/vocho3.jpg?fit=1569%2C849&ssl=1\",\"width\":1569,\"height\":849},{\"@type\":\"BreadcrumbList\",\"@id\":\"https:\/\/soclose.mx\/blog\/tag\/juan-rulfo-frases-mujeres\/#breadcrumb\",\"itemListElement\":[{\"@type\":\"ListItem\",\"position\":1,\"name\":\"Inicio\",\"item\":\"https:\/\/soclose.mx\/blog\/\"},{\"@type\":\"ListItem\",\"position\":2,\"name\":\"\u00bfRevive el mexican\u00edsimo Vocho disfrazado de Porsche? \u00a1Esto costar\u00eda!\"}]},{\"@type\":\"WebSite\",\"@id\":\"https:\/\/soclose.mx\/blog\/#website\",\"url\":\"https:\/\/soclose.mx\/blog\/\",\"name\":\"So Close\",\"description\":\"Hacemos contenidos de M\u00e9xico\",\"publisher\":{\"@id\":\"https:\/\/soclose.mx\/blog\/#organization\"},\"potentialAction\":[{\"@type\":\"SearchAction\",\"target\":{\"@type\":\"EntryPoint\",\"urlTemplate\":\"https:\/\/soclose.mx\/blog\/?s={search_term_string}\"},\"query-input\":{\"@type\":\"PropertyValueSpecification\",\"valueRequired\":true,\"valueName\":\"search_term_string\"}}],\"inLanguage\":\"es\"},{\"@type\":\"Organization\",\"@id\":\"https:\/\/soclose.mx\/blog\/#organization\",\"name\":\"So Close\",\"url\":\"https:\/\/soclose.mx\/blog\/\",\"logo\":{\"@type\":\"ImageObject\",\"inLanguage\":\"es\",\"@id\":\"https:\/\/soclose.mx\/blog\/#\/schema\/logo\/image\/\",\"url\":\"https:\/\/i0.wp.com\/soclose.mx\/blog\/wp-content\/uploads\/2020\/12\/LOGO_SOCLOSE_COLOR-e1608310133507.png?fit=2858%2C1264&ssl=1\",\"contentUrl\":\"https:\/\/i0.wp.com\/soclose.mx\/blog\/wp-content\/uploads\/2020\/12\/LOGO_SOCLOSE_COLOR-e1608310133507.png?fit=2858%2C1264&ssl=1\",\"width\":2858,\"height\":1264,\"caption\":\"So Close\"},\"image\":{\"@id\":\"https:\/\/soclose.mx\/blog\/#\/schema\/logo\/image\/\"}},{\"@type\":\"Person\",\"@id\":\"https:\/\/soclose.mx\/blog\/#\/schema\/person\/54cd06c3a8cdc01a80c08725278aff88\",\"name\":\"Daniel Ram\u00edrez\",\"image\":{\"@type\":\"ImageObject\",\"inLanguage\":\"es\",\"@id\":\"https:\/\/soclose.mx\/blog\/#\/schema\/person\/image\/\",\"url\":\"https:\/\/secure.gravatar.com\/avatar\/74af6012f2e898d2be93cf32e26b59a2c9489743c9ca6270d7848b44edd7d272?s=96&d=mm&r=g\",\"contentUrl\":\"https:\/\/secure.gravatar.com\/avatar\/74af6012f2e898d2be93cf32e26b59a2c9489743c9ca6270d7848b44edd7d272?s=96&d=mm&r=g\",\"caption\":\"Daniel Ram\u00edrez\"},\"url\":\"https:\/\/soclose.mx\/blog\/author\/peter\/\"}]}<\/script>\n<!-- \/ Yoast SEO plugin. -->","yoast_head_json":{"title":"\u00bfRevive el mexican\u00edsimo Vocho disfrazado de Porsche? \u00a1Esto costar\u00eda! - So Close","description":"Si quieres un Vocho disfrazado de Porsche, solo tendr\u00e1s que pagar 570 mil euros (poco m\u00e1s de 12 millones de pesos), pero ap\u00farate porque ya est\u00e1n abiertos los pedidos y \u00fanicamente se fabricar\u00e1n 22 unidades.","robots":{"index":"index","follow":"follow","max-snippet":"max-snippet:-1","max-image-preview":"max-image-preview:large","max-video-preview":"max-video-preview:-1"},"canonical":"https:\/\/soclose.mx\/blog\/tag\/juan-rulfo-frases-mujeres\/","og_locale":"es_MX","og_type":"article","og_title":"\u00bfRevive el mexican\u00edsimo Vocho disfrazado de Porsche? \u00a1Esto costar\u00eda! - So Close","og_description":"Si quieres un Vocho disfrazado de Porsche, solo tendr\u00e1s que pagar 570 mil euros (poco m\u00e1s de 12 millones de pesos), pero ap\u00farate porque ya est\u00e1n abiertos los pedidos y \u00fanicamente se fabricar\u00e1n 22 unidades.","og_url":"https:\/\/soclose.mx\/blog\/tag\/juan-rulfo-frases-mujeres\/","og_site_name":"So Close","article_published_time":"2022-06-23T19:59:20+00:00","article_modified_time":"2023-05-05T23:07:29+00:00","og_image":[{"width":1569,"height":849,"url":"https:\/\/i0.wp.com\/soclose.mx\/blog\/wp-content\/uploads\/2022\/06\/vocho3.jpg?fit=1569%2C849&ssl=1","type":"image\/jpeg"}],"author":"Daniel Ram\u00edrez","twitter_card":"summary_large_image","twitter_misc":{"Escrito por":"Daniel Ram\u00edrez","Tiempo de lectura":"2 minutos"},"schema":{"@context":"https:\/\/schema.org","@graph":[{"@type":"Article","@id":"https:\/\/soclose.mx\/blog\/tag\/juan-rulfo-frases-mujeres\/#article","isPartOf":{"@id":"https:\/\/soclose.mx\/blog\/tag\/juan-rulfo-frases-mujeres\/"},"author":{"name":"Daniel Ram\u00edrez","@id":"https:\/\/soclose.mx\/blog\/#\/schema\/person\/54cd06c3a8cdc01a80c08725278aff88"},"headline":"\u00bfRevive el mexican\u00edsimo Vocho disfrazado de Porsche? \u00a1Esto costar\u00eda!","datePublished":"2022-06-23T19:59:20+00:00","dateModified":"2023-05-05T23:07:29+00:00","mainEntityOfPage":{"@id":"https:\/\/soclose.mx\/blog\/tag\/juan-rulfo-frases-mujeres\/"},"wordCount":249,"commentCount":0,"publisher":{"@id":"https:\/\/soclose.mx\/blog\/#organization"},"image":{"@id":"https:\/\/soclose.mx\/blog\/tag\/juan-rulfo-frases-mujeres\/#primaryimage"},"thumbnailUrl":"https:\/\/i0.wp.com\/soclose.mx\/blog\/wp-content\/uploads\/2022\/06\/vocho3.jpg?fit=1569%2C849&ssl=1","keywords":["Jonathan Engler","Milivie","porsche","restmod","vocho","volkswagen","Volkswagen Puebla"],"articleSection":["\u00a1Ay goeeee!"],"inLanguage":"es","potentialAction":[{"@type":"CommentAction","name":"Comment","target":["https:\/\/soclose.mx\/blog\/tag\/juan-rulfo-frases-mujeres\/#respond"]}]},{"@type":"WebPage","@id":"https:\/\/soclose.mx\/blog\/tag\/juan-rulfo-frases-mujeres\/","url":"https:\/\/soclose.mx\/blog\/tag\/juan-rulfo-frases-mujeres\/","name":"\u00bfRevive el mexican\u00edsimo Vocho disfrazado de Porsche? \u00a1Esto costar\u00eda! - So Close","isPartOf":{"@id":"https:\/\/soclose.mx\/blog\/#website"},"primaryImageOfPage":{"@id":"https:\/\/soclose.mx\/blog\/tag\/juan-rulfo-frases-mujeres\/#primaryimage"},"image":{"@id":"https:\/\/soclose.mx\/blog\/tag\/juan-rulfo-frases-mujeres\/#primaryimage"},"thumbnailUrl":"https:\/\/i0.wp.com\/soclose.mx\/blog\/wp-content\/uploads\/2022\/06\/vocho3.jpg?fit=1569%2C849&ssl=1","datePublished":"2022-06-23T19:59:20+00:00","dateModified":"2023-05-05T23:07:29+00:00","description":"Si quieres un Vocho disfrazado de Porsche, solo tendr\u00e1s que pagar 570 mil euros (poco m\u00e1s de 12 millones de pesos), pero ap\u00farate porque ya est\u00e1n abiertos los pedidos y \u00fanicamente se fabricar\u00e1n 22 unidades.","breadcrumb":{"@id":"https:\/\/soclose.mx\/blog\/tag\/juan-rulfo-frases-mujeres\/#breadcrumb"},"inLanguage":"es","potentialAction":[{"@type":"ReadAction","target":["https:\/\/soclose.mx\/blog\/tag\/juan-rulfo-frases-mujeres\/"]}]},{"@type":"ImageObject","inLanguage":"es","@id":"https:\/\/soclose.mx\/blog\/tag\/juan-rulfo-frases-mujeres\/#primaryimage","url":"https:\/\/i0.wp.com\/soclose.mx\/blog\/wp-content\/uploads\/2022\/06\/vocho3.jpg?fit=1569%2C849&ssl=1","contentUrl":"https:\/\/i0.wp.com\/soclose.mx\/blog\/wp-content\/uploads\/2022\/06\/vocho3.jpg?fit=1569%2C849&ssl=1","width":1569,"height":849},{"@type":"BreadcrumbList","@id":"https:\/\/soclose.mx\/blog\/tag\/juan-rulfo-frases-mujeres\/#breadcrumb","itemListElement":[{"@type":"ListItem","position":1,"name":"Inicio","item":"https:\/\/soclose.mx\/blog\/"},{"@type":"ListItem","position":2,"name":"\u00bfRevive el mexican\u00edsimo Vocho disfrazado de Porsche? \u00a1Esto costar\u00eda!"}]},{"@type":"WebSite","@id":"https:\/\/soclose.mx\/blog\/#website","url":"https:\/\/soclose.mx\/blog\/","name":"So Close","description":"Hacemos contenidos de M\u00e9xico","publisher":{"@id":"https:\/\/soclose.mx\/blog\/#organization"},"potentialAction":[{"@type":"SearchAction","target":{"@type":"EntryPoint","urlTemplate":"https:\/\/soclose.mx\/blog\/?s={search_term_string}"},"query-input":{"@type":"PropertyValueSpecification","valueRequired":true,"valueName":"search_term_string"}}],"inLanguage":"es"},{"@type":"Organization","@id":"https:\/\/soclose.mx\/blog\/#organization","name":"So Close","url":"https:\/\/soclose.mx\/blog\/","logo":{"@type":"ImageObject","inLanguage":"es","@id":"https:\/\/soclose.mx\/blog\/#\/schema\/logo\/image\/","url":"https:\/\/i0.wp.com\/soclose.mx\/blog\/wp-content\/uploads\/2020\/12\/LOGO_SOCLOSE_COLOR-e1608310133507.png?fit=2858%2C1264&ssl=1","contentUrl":"https:\/\/i0.wp.com\/soclose.mx\/blog\/wp-content\/uploads\/2020\/12\/LOGO_SOCLOSE_COLOR-e1608310133507.png?fit=2858%2C1264&ssl=1","width":2858,"height":1264,"caption":"So Close"},"image":{"@id":"https:\/\/soclose.mx\/blog\/#\/schema\/logo\/image\/"}},{"@type":"Person","@id":"https:\/\/soclose.mx\/blog\/#\/schema\/person\/54cd06c3a8cdc01a80c08725278aff88","name":"Daniel Ram\u00edrez","image":{"@type":"ImageObject","inLanguage":"es","@id":"https:\/\/soclose.mx\/blog\/#\/schema\/person\/image\/","url":"https:\/\/secure.gravatar.com\/avatar\/74af6012f2e898d2be93cf32e26b59a2c9489743c9ca6270d7848b44edd7d272?s=96&d=mm&r=g","contentUrl":"https:\/\/secure.gravatar.com\/avatar\/74af6012f2e898d2be93cf32e26b59a2c9489743c9ca6270d7848b44edd7d272?s=96&d=mm&r=g","caption":"Daniel Ram\u00edrez"},"url":"https:\/\/soclose.mx\/blog\/author\/peter\/"}]}},"jetpack_featured_media_url":"https:\/\/i0.wp.com\/soclose.mx\/blog\/wp-content\/uploads\/2022\/06\/vocho3.jpg?fit=1569%2C849&ssl=1","jetpack-related-posts":[{"id":10742,"url":"https:\/\/soclose.mx\/blog\/para-todos\/mexicano-disena-nuevo-modelo-de-la-legendaria-combi\/","url_meta":{"origin":10324,"position":0},"title":"Mexicano dise\u00f1a nuevo modelo de la legendaria &#8220;Combi&#8221;","author":"Daniel Ram\u00edrez","date":"28 julio, 2022","format":false,"excerpt":"Volante grande (algunos le pon\u00edan una bola de billar para que luciera m\u00e1s), sin cofre, asiento delantero para tres personas y muy amplia, as\u00ed era la legendaria \"Combi\" de la marca Volkswagen. Esa camionetita era multiusos, lo mismo se usaba de carga como para transporte p\u00fablico en colonias populares de\u2026","rel":"","context":"En &quot;Para todos&quot;","block_context":{"text":"Para todos","link":"https:\/\/soclose.mx\/blog\/category\/para-todos\/"},"img":{"alt_text":"","src":"https:\/\/i0.wp.com\/soclose.mx\/blog\/wp-content\/uploads\/2022\/07\/WhatsApp-Image-2022-07-28-at-6.06.49-PM.jpeg?fit=1024%2C687&ssl=1&resize=350%2C200","width":350,"height":200,"srcset":"https:\/\/i0.wp.com\/soclose.mx\/blog\/wp-content\/uploads\/2022\/07\/WhatsApp-Image-2022-07-28-at-6.06.49-PM.jpeg?fit=1024%2C687&ssl=1&resize=350%2C200 1x, https:\/\/i0.wp.com\/soclose.mx\/blog\/wp-content\/uploads\/2022\/07\/WhatsApp-Image-2022-07-28-at-6.06.49-PM.jpeg?fit=1024%2C687&ssl=1&resize=525%2C300 1.5x, https:\/\/i0.wp.com\/soclose.mx\/blog\/wp-content\/uploads\/2022\/07\/WhatsApp-Image-2022-07-28-at-6.06.49-PM.jpeg?fit=1024%2C687&ssl=1&resize=700%2C400 2x"},"classes":[]},{"id":9824,"url":"https:\/\/soclose.mx\/blog\/a-la-mexicana\/el-vocho-navegante-de-chapala\/","url_meta":{"origin":10324,"position":1},"title":"El Vocho navegante de Chapala","author":"Daniel Ram\u00edrez","date":"12 mayo, 2022","format":false,"excerpt":"Todo sucedi\u00f3 el 8 de septiembre de 1968 en el estado de Jalisco. Cientos de personas llegaron al Lago de Chapala para ver algo fuera de lo com\u00fan,. Los peri\u00f3dicos de Jalisco publicaron la noticia, pero la gente no lo cre\u00eda, por eso fueron hasta el lago para comprobar el\u2026","rel":"","context":"En &quot;\u00a1Ay goeeee!&quot;","block_context":{"text":"\u00a1Ay goeeee!","link":"https:\/\/soclose.mx\/blog\/category\/ay-goeeee\/"},"img":{"alt_text":"","src":"https:\/\/i0.wp.com\/soclose.mx\/blog\/wp-content\/uploads\/2022\/05\/Captura-de-Pantalla-2022-05-12-a-las-18.13.24.png?fit=692%2C380&ssl=1&resize=350%2C200","width":350,"height":200,"srcset":"https:\/\/i0.wp.com\/soclose.mx\/blog\/wp-content\/uploads\/2022\/05\/Captura-de-Pantalla-2022-05-12-a-las-18.13.24.png?fit=692%2C380&ssl=1&resize=350%2C200 1x, https:\/\/i0.wp.com\/soclose.mx\/blog\/wp-content\/uploads\/2022\/05\/Captura-de-Pantalla-2022-05-12-a-las-18.13.24.png?fit=692%2C380&ssl=1&resize=525%2C300 1.5x"},"classes":[]},{"id":9674,"url":"https:\/\/soclose.mx\/blog\/lugares\/ya-conoces-el-puente-de-cristal-de-zacatlan-de-las-manzanas\/","url_meta":{"origin":10324,"position":2},"title":"\u00bfYa conoces el puente de cristal de Zacatl\u00e1n de las Manzanas?","author":"Miguel Angel Romero","date":"26 abril, 2022","format":false,"excerpt":"El Puente Cristal Mirador de la Barranca, una de las principales atracciones de uno de los Pueblos M\u00e1gicos m\u00e1s queridos: Zacatl\u00e1n de las Manzanas, Puebla. Tiene forma de 'u' con piso transparente y est\u00e1 suspendido, a 400 metros de altura sobre la\u00a0Barranca de los Jilgueros,\u00a0que forma parte de la Sierra\u2026","rel":"","context":"En &quot;Lugares&quot;","block_context":{"text":"Lugares","link":"https:\/\/soclose.mx\/blog\/category\/lugares\/"},"img":{"alt_text":"","src":"https:\/\/i0.wp.com\/soclose.mx\/blog\/wp-content\/uploads\/2022\/04\/Copia-de-Principal-So-Close-blog-12.png?fit=1200%2C677&ssl=1&resize=350%2C200","width":350,"height":200,"srcset":"https:\/\/i0.wp.com\/soclose.mx\/blog\/wp-content\/uploads\/2022\/04\/Copia-de-Principal-So-Close-blog-12.png?fit=1200%2C677&ssl=1&resize=350%2C200 1x, https:\/\/i0.wp.com\/soclose.mx\/blog\/wp-content\/uploads\/2022\/04\/Copia-de-Principal-So-Close-blog-12.png?fit=1200%2C677&ssl=1&resize=525%2C300 1.5x, https:\/\/i0.wp.com\/soclose.mx\/blog\/wp-content\/uploads\/2022\/04\/Copia-de-Principal-So-Close-blog-12.png?fit=1200%2C677&ssl=1&resize=700%2C400 2x, https:\/\/i0.wp.com\/soclose.mx\/blog\/wp-content\/uploads\/2022\/04\/Copia-de-Principal-So-Close-blog-12.png?fit=1200%2C677&ssl=1&resize=1050%2C600 3x"},"classes":[]},{"id":7973,"url":"https:\/\/soclose.mx\/blog\/ay-goeeee\/jovenes-oaxaquenos-ganan-medalla-de-plata-en-olimpiada-de-matematicas\/","url_meta":{"origin":10324,"position":3},"title":"J\u00f3venes oaxaque\u00f1os ganan medalla de plata en Olimpiada de Matem\u00e1ticas","author":"Miguel Angel Romero","date":"30 noviembre, 2021","format":false,"excerpt":"\u00a1Otro orgullo m\u00e1s para Oaxaca! Y es que si de por s\u00ed, es uno de los estados con mayor riqueza en muchos sentidos, ahora brilla la plata en \u00e9l, ya que tres estudiantes obtuvieron su medalla en la 35 Olimpiada Mexicana de Matem\u00e1ticas. Jonathan P\u00e9rez Ju\u00e1rez, del plantel 01 Pueblo\u2026","rel":"","context":"En &quot;\u00a1Ay goeeee!&quot;","block_context":{"text":"\u00a1Ay goeeee!","link":"https:\/\/soclose.mx\/blog\/category\/ay-goeeee\/"},"img":{"alt_text":"","src":"https:\/\/i0.wp.com\/soclose.mx\/blog\/wp-content\/uploads\/2021\/11\/Copia-de-Principal-So-Close-blog-15.png?fit=1200%2C677&ssl=1&resize=350%2C200","width":350,"height":200,"srcset":"https:\/\/i0.wp.com\/soclose.mx\/blog\/wp-content\/uploads\/2021\/11\/Copia-de-Principal-So-Close-blog-15.png?fit=1200%2C677&ssl=1&resize=350%2C200 1x, https:\/\/i0.wp.com\/soclose.mx\/blog\/wp-content\/uploads\/2021\/11\/Copia-de-Principal-So-Close-blog-15.png?fit=1200%2C677&ssl=1&resize=525%2C300 1.5x, https:\/\/i0.wp.com\/soclose.mx\/blog\/wp-content\/uploads\/2021\/11\/Copia-de-Principal-So-Close-blog-15.png?fit=1200%2C677&ssl=1&resize=700%2C400 2x, https:\/\/i0.wp.com\/soclose.mx\/blog\/wp-content\/uploads\/2021\/11\/Copia-de-Principal-So-Close-blog-15.png?fit=1200%2C677&ssl=1&resize=1050%2C600 3x"},"classes":[]},{"id":13944,"url":"https:\/\/soclose.mx\/blog\/a-la-mexicana\/10-peliculas-mexicanas-de-terror-iconicas-que-te-helaran-la-sangre\/","url_meta":{"origin":10324,"position":4},"title":"10 Pel\u00edculas Mexicanas de Terror ic\u00f3nicas que te Helar\u00e1n la Sangre","author":"So Close","date":"22 agosto, 2024","format":false,"excerpt":"\u00bfRecuerdas esas noches de terror en las que te escond\u00edas debajo de las s\u00e1banas?\u00a0 \u00a1S\u00fabete a esta monta\u00f1a rusa del miedo y descubre las 10 pel\u00edculas mexicanas de terror m\u00e1s ic\u00f3nicas! Hasta el viento tiene miedo (1968): Un cl\u00e1sico que nunca pasa de moda. Esta historia de fantasmas y posesiones\u2026","rel":"","context":"En &quot;A la mexicana&quot;","block_context":{"text":"A la mexicana","link":"https:\/\/soclose.mx\/blog\/category\/a-la-mexicana\/"},"img":{"alt_text":"Pel\u00edcula mexicana, hasta el viento tiene miedo","src":"https:\/\/i0.wp.com\/soclose.mx\/blog\/wp-content\/uploads\/2024\/08\/hasta-el-viento-tiene-muedo-6.webp?fit=1200%2C650&ssl=1&resize=350%2C200","width":350,"height":200,"srcset":"https:\/\/i0.wp.com\/soclose.mx\/blog\/wp-content\/uploads\/2024\/08\/hasta-el-viento-tiene-muedo-6.webp?fit=1200%2C650&ssl=1&resize=350%2C200 1x, https:\/\/i0.wp.com\/soclose.mx\/blog\/wp-content\/uploads\/2024\/08\/hasta-el-viento-tiene-muedo-6.webp?fit=1200%2C650&ssl=1&resize=525%2C300 1.5x, https:\/\/i0.wp.com\/soclose.mx\/blog\/wp-content\/uploads\/2024\/08\/hasta-el-viento-tiene-muedo-6.webp?fit=1200%2C650&ssl=1&resize=700%2C400 2x, https:\/\/i0.wp.com\/soclose.mx\/blog\/wp-content\/uploads\/2024\/08\/hasta-el-viento-tiene-muedo-6.webp?fit=1200%2C650&ssl=1&resize=1050%2C600 3x"},"classes":[]},{"id":10619,"url":"https:\/\/soclose.mx\/blog\/ay-goeeee\/video-familia-hace-mega-mudanza-en-una-pequena-camioneta\/","url_meta":{"origin":10324,"position":5},"title":"Video: familia hace mega mudanza en peque\u00f1a camioneta","author":"Daniel Ram\u00edrez","date":"15 julio, 2022","format":false,"excerpt":"Si pensabas que ya lo hab\u00edas visto todo, creemos que con esto que te vamos a presentar a continuaci\u00f3n, romperemos tu afirmaci\u00f3n. Un atardecer cualquiera en la Ciudad de M\u00e9xico, lugar donde pasan cosas inexplicables y que si vivieramos en Suiza nos las perder\u00edamos, fue captada una camioneta haciendo una\u2026","rel":"","context":"En &quot;\u00a1Ay goeeee!&quot;","block_context":{"text":"\u00a1Ay goeeee!","link":"https:\/\/soclose.mx\/blog\/category\/ay-goeeee\/"},"img":{"alt_text":"","src":"https:\/\/i0.wp.com\/soclose.mx\/blog\/wp-content\/uploads\/2022\/07\/camioneta.png?fit=510%2C390&ssl=1&resize=350%2C200","width":350,"height":200},"classes":[]}],"jetpack_sharing_enabled":true,"_links":{"self":[{"href":"https:\/\/soclose.mx\/blog\/wp-json\/wp\/v2\/posts\/10324","targetHints":{"allow":["GET"]}}],"collection":[{"href":"https:\/\/soclose.mx\/blog\/wp-json\/wp\/v2\/posts"}],"about":[{"href":"https:\/\/soclose.mx\/blog\/wp-json\/wp\/v2\/types\/post"}],"author":[{"embeddable":true,"href":"https:\/\/soclose.mx\/blog\/wp-json\/wp\/v2\/users\/9"}],"replies":[{"embeddable":true,"href":"https:\/\/soclose.mx\/blog\/wp-json\/wp\/v2\/comments?post=10324"}],"version-history":[{"count":0,"href":"https:\/\/soclose.mx\/blog\/wp-json\/wp\/v2\/posts\/10324\/revisions"}],"wp:featuredmedia":[{"embeddable":true,"href":"https:\/\/soclose.mx\/blog\/wp-json\/wp\/v2\/media\/10327"}],"wp:attachment":[{"href":"https:\/\/soclose.mx\/blog\/wp-json\/wp\/v2\/media?parent=10324"}],"wp:term":[{"taxonomy":"category","embeddable":true,"href":"https:\/\/soclose.mx\/blog\/wp-json\/wp\/v2\/categories?post=10324"},{"taxonomy":"post_tag","embeddable":true,"href":"https:\/\/soclose.mx\/blog\/wp-json\/wp\/v2\/tags?post=10324"}],"curies":[{"name":"wp","href":"https:\/\/api.w.org\/{rel}","templated":true}]}}