{"id":10350,"date":"2022-06-24T17:16:25","date_gmt":"2022-06-24T22:16:25","guid":{"rendered":"https:\/\/soclose.mx\/blog\/?p=10350"},"modified":"2023-06-23T17:58:29","modified_gmt":"2023-06-23T23:58:29","slug":"10-cosas-sobre-la-marcha-por-el-dia-del-orgullo-lgbt-en-la-cdmx","status":"publish","type":"post","link":"https:\/\/soclose.mx\/blog\/news-feed\/10-cosas-sobre-la-marcha-por-el-dia-del-orgullo-lgbt-en-la-cdmx\/","title":{"rendered":"10 cosas sobre la marcha por el D\u00eda del Orgullo LGBT+ en la CDMX"},"content":{"rendered":"<p>Se ha vuelto una tradici\u00f3n en la<a href=\"https:\/\/soclose.mx\/blog\/ay-goeeee\/revive-el-mexicanisimo-vocho-disfrazado-de-porsche-esto-costaria\/\"> <strong>Ciudad de M\u00e9xico<\/strong><\/a> la realizaci\u00f3n de la marcha por el <strong>D\u00eda del Orgullo LGBT+.<\/strong><\/p>\n<p>Se lleva a cabo cada a\u00f1o el \u00faltimo s\u00e1bado de junio.<\/p>\n<ol>\n<li><strong>Horario.<\/strong> Iniciar\u00e1 a las 10:00 horas de este s\u00e1bado 24 d ejunio de 2022.<\/li>\n<li><strong>La Ruta.<\/strong> Los contingentes saldr\u00e1n del \u00c1ngel de la Independencia, pasar\u00e1n por el Paseo de la Reforma, avenida Ju\u00e1rez, Eje Central, 5 de Mayo para finalizar en el Z\u00f3calo.<\/li>\n<li><strong>Concierto<\/strong>. Ser\u00e1 organizado por el Comit\u00e9 IncluyeT para el cierre de la XLIV Marcha del Orgullo LGBTTTIQ+ de la Ciudad de M\u00e9xico y entre los talentos estar\u00e1n Paty Cant\u00fa, Christian Ch\u00e1vez, Flor Amargo, entre otros.<\/li>\n<li><strong>Transmisi\u00f3n en vivo.<\/strong> Si no asisitir\u00e1s, podr\u00e1s ver el evento v\u00eda streaming. M\u00e1s informaci\u00f3n en la cuenta de Twitter <a href=\"https:\/\/twitter.com\/MarchaLGBTCDMX\">@MarchaLGBTCDMX.<\/a><\/li>\n<li><strong>Calles cerradas.<\/strong>\u00a0 No habr\u00e1 circulaci\u00f3n en el tramo de Paseo de la Reforma, de la Fuente de Petr\u00f3leos a la Estela de Luz, de las 3:00 a las 9:00 horas, adem\u00e1s de las vialidades por donde pasar\u00e1 la ruta.<\/li>\n<li><strong>Metro CDMX.<\/strong> Solo la estaci\u00f3n del metro Z\u00f3calo estar\u00e1 cerrada desde este viernes 24 de junio.<\/li>\n<li><strong><strong>Metrob\u00fas.<\/strong><\/strong><img data-recalc-dims=\"1\" fetchpriority=\"high\" decoding=\"async\" class=\"alignnone size-medium wp-image-10352\" src=\"https:\/\/i0.wp.com\/soclose.mx\/blog\/wp-content\/uploads\/2022\/06\/metrobus.png?resize=300%2C300&#038;ssl=1\" alt=\"\" width=\"300\" height=\"300\" srcset=\"https:\/\/i0.wp.com\/soclose.mx\/blog\/wp-content\/uploads\/2022\/06\/metrobus.png?resize=300%2C300&amp;ssl=1 300w, https:\/\/i0.wp.com\/soclose.mx\/blog\/wp-content\/uploads\/2022\/06\/metrobus.png?resize=1024%2C1024&amp;ssl=1 1024w, https:\/\/i0.wp.com\/soclose.mx\/blog\/wp-content\/uploads\/2022\/06\/metrobus.png?resize=150%2C150&amp;ssl=1 150w, https:\/\/i0.wp.com\/soclose.mx\/blog\/wp-content\/uploads\/2022\/06\/metrobus.png?resize=768%2C768&amp;ssl=1 768w, https:\/\/i0.wp.com\/soclose.mx\/blog\/wp-content\/uploads\/2022\/06\/metrobus.png?resize=585%2C585&amp;ssl=1 585w, https:\/\/i0.wp.com\/soclose.mx\/blog\/wp-content\/uploads\/2022\/06\/metrobus.png?w=1080&amp;ssl=1 1080w\" sizes=\"(max-width: 300px) 100vw, 300px\" \/><\/li>\n<li><strong>Recomendaciones.<\/strong> Si vas solo o con amigos, los organizadores recomiendan ser t\u00fa mismo, misma; compartan su ubicaci\u00f3n con amigos por si le llegan a perder y tengan la libertad pra integrarse a los colectivos, siempre y cuando sea de forma respetuosa.<\/li>\n<li><strong>Stands.<\/strong> Habr\u00e1 diversos locales ambulantes en los que podr\u00e1s realizarte pruebas de VIH, Hepatitis y otras enfermedades.<\/li>\n<li><strong>\u00a1Divi\u00e9rtete!\u00a0<\/strong><\/li>\n<\/ol>\n<blockquote class=\"twitter-tweet\" data-width=\"550\" data-dnt=\"true\">\n<p lang=\"es\" dir=\"ltr\">Les traemos la playlist de la <a href=\"https:\/\/twitter.com\/MarchaLGBTCDMX?ref_src=twsrc%5Etfw\">@MarchaLGBTCDMX<\/a> para su edici\u00f3n 2022 que hicimos junto a <a href=\"https:\/\/twitter.com\/SpotifyMexico?ref_src=twsrc%5Etfw\">@SpotifyMexico<\/a><\/p>\n<p>? <a href=\"https:\/\/t.co\/XGGcEUOEo6\">https:\/\/t.co\/XGGcEUOEo6<\/a><\/p>\n<p> \u00a1Hazla tuya! ?\ufe0f\u200d??\ufe0f\u200d\u26a7\ufe0f??<a href=\"https:\/\/twitter.com\/hashtag\/LasCallesSonNuestras?src=hash&amp;ref_src=twsrc%5Etfw\">#LasCallesSonNuestras<\/a> <a href=\"https:\/\/twitter.com\/hashtag\/ElOrgulloPermanece?src=hash&amp;ref_src=twsrc%5Etfw\">#ElOrgulloPermanece<\/a> <a href=\"https:\/\/t.co\/j8LOiV8LXw\">pic.twitter.com\/j8LOiV8LXw<\/a><\/p>\n<p>&mdash; Marcha LGBT CDMX ?\ufe0f\u200d????\ufe0f\u200d\u26a7\ufe0f (@MarchaLGBTCDMX) <a href=\"https:\/\/twitter.com\/MarchaLGBTCDMX\/status\/1540033186834460672?ref_src=twsrc%5Etfw\">June 23, 2022<\/a><\/p><\/blockquote>\n<p><script async src=\"https:\/\/platform.twitter.com\/widgets.js\" charset=\"utf-8\"><\/script><\/p>\n","protected":false},"excerpt":{"rendered":"<p>Se ha vuelto una tradici\u00f3n en la Ciudad de M\u00e9xico la realizaci\u00f3n de la marcha por el D\u00eda del Orgullo LGBT+. Se lleva a cabo cada a\u00f1o el \u00faltimo s\u00e1bado de junio. Horario. Iniciar\u00e1 a las 10:00 horas de este s\u00e1bado 24 d ejunio de 2022. La Ruta. Los contingentes saldr\u00e1n del \u00c1ngel de la Independencia, pasar\u00e1n por el Paseo de la Reforma, avenida Ju\u00e1rez, Eje Central, 5 de Mayo para finalizar en el Z\u00f3calo. Concierto. Ser\u00e1 organizado por el Comit\u00e9 IncluyeT para el cierre de la XLIV Marcha del Orgullo LGBTTTIQ+ de la Ciudad de M\u00e9xico y entre los<\/p>\n","protected":false},"author":9,"featured_media":10355,"comment_status":"open","ping_status":"open","sticky":false,"template":"","format":"standard","meta":{"_jetpack_memberships_contains_paid_content":false,"footnotes":""},"categories":[628],"tags":[2350,2351,2349,2352,2348,2347,2346,2345],"class_list":["post-10350","post","type-post","status-publish","format-standard","has-post-thumbnail","hentry","category-news-feed","tag-gays","tag-heterosexuales","tag-lesbianas","tag-lgbtttiq","tag-marca-orgullo-mexico","tag-marcha-gay","tag-marcha-por-el-orgullo-lgbt","tag-pride"],"yoast_head":"<!-- This site is optimized with the Yoast SEO plugin v26.7 - https:\/\/yoast.com\/wordpress\/plugins\/seo\/ -->\n<title>10 cosas sobre la marcha por el D\u00eda del Orgullo LGBT+ en la CDMX - So Close<\/title>\n<meta name=\"robots\" content=\"index, follow, max-snippet:-1, max-image-preview:large, max-video-preview:-1\" \/>\n<link rel=\"canonical\" href=\"https:\/\/soclose.mx\/blog\/tag\/juan-rulfo-frases-mujeres\/\" \/>\n<meta property=\"og:locale\" content=\"es_MX\" \/>\n<meta property=\"og:type\" content=\"article\" \/>\n<meta property=\"og:title\" content=\"10 cosas sobre la marcha por el D\u00eda del Orgullo LGBT+ en la CDMX - So Close\" \/>\n<meta property=\"og:description\" content=\"Se ha vuelto una tradici\u00f3n en la Ciudad de M\u00e9xico la realizaci\u00f3n de la marcha por el D\u00eda del Orgullo LGBT+. Se lleva a cabo cada a\u00f1o el \u00faltimo s\u00e1bado de junio. Horario. Iniciar\u00e1 a las 10:00 horas de este s\u00e1bado 24 d ejunio de 2022. La Ruta. Los contingentes saldr\u00e1n del \u00c1ngel de la Independencia, pasar\u00e1n por el Paseo de la Reforma, avenida Ju\u00e1rez, Eje Central, 5 de Mayo para finalizar en el Z\u00f3calo. Concierto. Ser\u00e1 organizado por el Comit\u00e9 IncluyeT para el cierre de la XLIV Marcha del Orgullo LGBTTTIQ+ de la Ciudad de M\u00e9xico y entre los\" \/>\n<meta property=\"og:url\" content=\"https:\/\/soclose.mx\/blog\/tag\/juan-rulfo-frases-mujeres\/\" \/>\n<meta property=\"og:site_name\" content=\"So Close\" \/>\n<meta property=\"article:published_time\" content=\"2022-06-24T22:16:25+00:00\" \/>\n<meta property=\"article:modified_time\" content=\"2023-06-23T23:58:29+00:00\" \/>\n<meta property=\"og:image\" content=\"https:\/\/i0.wp.com\/soclose.mx\/blog\/wp-content\/uploads\/2022\/06\/pexels-rosemary-ketchum-2306773-1-scaled.jpg?fit=2560%2C1737&ssl=1\" \/>\n\t<meta property=\"og:image:width\" content=\"2560\" \/>\n\t<meta property=\"og:image:height\" content=\"1737\" \/>\n\t<meta property=\"og:image:type\" content=\"image\/jpeg\" \/>\n<meta name=\"author\" content=\"Daniel Ram\u00edrez\" \/>\n<meta name=\"twitter:card\" content=\"summary_large_image\" \/>\n<meta name=\"twitter:label1\" content=\"Escrito por\" \/>\n\t<meta name=\"twitter:data1\" content=\"Daniel Ram\u00edrez\" \/>\n\t<meta name=\"twitter:label2\" content=\"Tiempo de lectura\" \/>\n\t<meta name=\"twitter:data2\" content=\"2 minutos\" \/>\n<script type=\"application\/ld+json\" class=\"yoast-schema-graph\">{\"@context\":\"https:\/\/schema.org\",\"@graph\":[{\"@type\":\"Article\",\"@id\":\"https:\/\/soclose.mx\/blog\/tag\/juan-rulfo-frases-mujeres\/#article\",\"isPartOf\":{\"@id\":\"https:\/\/soclose.mx\/blog\/tag\/juan-rulfo-frases-mujeres\/\"},\"author\":{\"name\":\"Daniel Ram\u00edrez\",\"@id\":\"https:\/\/soclose.mx\/blog\/#\/schema\/person\/54cd06c3a8cdc01a80c08725278aff88\"},\"headline\":\"10 cosas sobre la marcha por el D\u00eda del Orgullo LGBT+ en la CDMX\",\"datePublished\":\"2022-06-24T22:16:25+00:00\",\"dateModified\":\"2023-06-23T23:58:29+00:00\",\"mainEntityOfPage\":{\"@id\":\"https:\/\/soclose.mx\/blog\/tag\/juan-rulfo-frases-mujeres\/\"},\"wordCount\":289,\"commentCount\":0,\"publisher\":{\"@id\":\"https:\/\/soclose.mx\/blog\/#organization\"},\"image\":{\"@id\":\"https:\/\/soclose.mx\/blog\/tag\/juan-rulfo-frases-mujeres\/#primaryimage\"},\"thumbnailUrl\":\"https:\/\/i0.wp.com\/soclose.mx\/blog\/wp-content\/uploads\/2022\/06\/pexels-rosemary-ketchum-2306773-1-scaled.jpg?fit=2560%2C1737&ssl=1\",\"keywords\":[\"gays\",\"heterosexuales\",\"lesbianas\",\"lgbtttiq\",\"marca orgullo mexico\",\"marcha gay\",\"marcha por el orgullo lgbt+\",\"pride\"],\"articleSection\":[\"News feed\"],\"inLanguage\":\"es\",\"potentialAction\":[{\"@type\":\"CommentAction\",\"name\":\"Comment\",\"target\":[\"https:\/\/soclose.mx\/blog\/tag\/juan-rulfo-frases-mujeres\/#respond\"]}]},{\"@type\":\"WebPage\",\"@id\":\"https:\/\/soclose.mx\/blog\/tag\/juan-rulfo-frases-mujeres\/\",\"url\":\"https:\/\/soclose.mx\/blog\/tag\/juan-rulfo-frases-mujeres\/\",\"name\":\"10 cosas sobre la marcha por el D\u00eda del Orgullo LGBT+ en la CDMX - So Close\",\"isPartOf\":{\"@id\":\"https:\/\/soclose.mx\/blog\/#website\"},\"primaryImageOfPage\":{\"@id\":\"https:\/\/soclose.mx\/blog\/tag\/juan-rulfo-frases-mujeres\/#primaryimage\"},\"image\":{\"@id\":\"https:\/\/soclose.mx\/blog\/tag\/juan-rulfo-frases-mujeres\/#primaryimage\"},\"thumbnailUrl\":\"https:\/\/i0.wp.com\/soclose.mx\/blog\/wp-content\/uploads\/2022\/06\/pexels-rosemary-ketchum-2306773-1-scaled.jpg?fit=2560%2C1737&ssl=1\",\"datePublished\":\"2022-06-24T22:16:25+00:00\",\"dateModified\":\"2023-06-23T23:58:29+00:00\",\"breadcrumb\":{\"@id\":\"https:\/\/soclose.mx\/blog\/tag\/juan-rulfo-frases-mujeres\/#breadcrumb\"},\"inLanguage\":\"es\",\"potentialAction\":[{\"@type\":\"ReadAction\",\"target\":[\"https:\/\/soclose.mx\/blog\/tag\/juan-rulfo-frases-mujeres\/\"]}]},{\"@type\":\"ImageObject\",\"inLanguage\":\"es\",\"@id\":\"https:\/\/soclose.mx\/blog\/tag\/juan-rulfo-frases-mujeres\/#primaryimage\",\"url\":\"https:\/\/i0.wp.com\/soclose.mx\/blog\/wp-content\/uploads\/2022\/06\/pexels-rosemary-ketchum-2306773-1-scaled.jpg?fit=2560%2C1737&ssl=1\",\"contentUrl\":\"https:\/\/i0.wp.com\/soclose.mx\/blog\/wp-content\/uploads\/2022\/06\/pexels-rosemary-ketchum-2306773-1-scaled.jpg?fit=2560%2C1737&ssl=1\",\"width\":2560,\"height\":1737},{\"@type\":\"BreadcrumbList\",\"@id\":\"https:\/\/soclose.mx\/blog\/tag\/juan-rulfo-frases-mujeres\/#breadcrumb\",\"itemListElement\":[{\"@type\":\"ListItem\",\"position\":1,\"name\":\"Inicio\",\"item\":\"https:\/\/soclose.mx\/blog\/\"},{\"@type\":\"ListItem\",\"position\":2,\"name\":\"10 cosas sobre la marcha por el D\u00eda del Orgullo LGBT+ en la CDMX\"}]},{\"@type\":\"WebSite\",\"@id\":\"https:\/\/soclose.mx\/blog\/#website\",\"url\":\"https:\/\/soclose.mx\/blog\/\",\"name\":\"So Close\",\"description\":\"Hacemos contenidos de M\u00e9xico\",\"publisher\":{\"@id\":\"https:\/\/soclose.mx\/blog\/#organization\"},\"potentialAction\":[{\"@type\":\"SearchAction\",\"target\":{\"@type\":\"EntryPoint\",\"urlTemplate\":\"https:\/\/soclose.mx\/blog\/?s={search_term_string}\"},\"query-input\":{\"@type\":\"PropertyValueSpecification\",\"valueRequired\":true,\"valueName\":\"search_term_string\"}}],\"inLanguage\":\"es\"},{\"@type\":\"Organization\",\"@id\":\"https:\/\/soclose.mx\/blog\/#organization\",\"name\":\"So Close\",\"url\":\"https:\/\/soclose.mx\/blog\/\",\"logo\":{\"@type\":\"ImageObject\",\"inLanguage\":\"es\",\"@id\":\"https:\/\/soclose.mx\/blog\/#\/schema\/logo\/image\/\",\"url\":\"https:\/\/i0.wp.com\/soclose.mx\/blog\/wp-content\/uploads\/2020\/12\/LOGO_SOCLOSE_COLOR-e1608310133507.png?fit=2858%2C1264&ssl=1\",\"contentUrl\":\"https:\/\/i0.wp.com\/soclose.mx\/blog\/wp-content\/uploads\/2020\/12\/LOGO_SOCLOSE_COLOR-e1608310133507.png?fit=2858%2C1264&ssl=1\",\"width\":2858,\"height\":1264,\"caption\":\"So Close\"},\"image\":{\"@id\":\"https:\/\/soclose.mx\/blog\/#\/schema\/logo\/image\/\"}},{\"@type\":\"Person\",\"@id\":\"https:\/\/soclose.mx\/blog\/#\/schema\/person\/54cd06c3a8cdc01a80c08725278aff88\",\"name\":\"Daniel Ram\u00edrez\",\"image\":{\"@type\":\"ImageObject\",\"inLanguage\":\"es\",\"@id\":\"https:\/\/soclose.mx\/blog\/#\/schema\/person\/image\/\",\"url\":\"https:\/\/secure.gravatar.com\/avatar\/74af6012f2e898d2be93cf32e26b59a2c9489743c9ca6270d7848b44edd7d272?s=96&d=mm&r=g\",\"contentUrl\":\"https:\/\/secure.gravatar.com\/avatar\/74af6012f2e898d2be93cf32e26b59a2c9489743c9ca6270d7848b44edd7d272?s=96&d=mm&r=g\",\"caption\":\"Daniel Ram\u00edrez\"},\"url\":\"https:\/\/soclose.mx\/blog\/author\/peter\/\"}]}<\/script>\n<!-- \/ Yoast SEO plugin. -->","yoast_head_json":{"title":"10 cosas sobre la marcha por el D\u00eda del Orgullo LGBT+ en la CDMX - So Close","robots":{"index":"index","follow":"follow","max-snippet":"max-snippet:-1","max-image-preview":"max-image-preview:large","max-video-preview":"max-video-preview:-1"},"canonical":"https:\/\/soclose.mx\/blog\/tag\/juan-rulfo-frases-mujeres\/","og_locale":"es_MX","og_type":"article","og_title":"10 cosas sobre la marcha por el D\u00eda del Orgullo LGBT+ en la CDMX - So Close","og_description":"Se ha vuelto una tradici\u00f3n en la Ciudad de M\u00e9xico la realizaci\u00f3n de la marcha por el D\u00eda del Orgullo LGBT+. Se lleva a cabo cada a\u00f1o el \u00faltimo s\u00e1bado de junio. Horario. Iniciar\u00e1 a las 10:00 horas de este s\u00e1bado 24 d ejunio de 2022. La Ruta. Los contingentes saldr\u00e1n del \u00c1ngel de la Independencia, pasar\u00e1n por el Paseo de la Reforma, avenida Ju\u00e1rez, Eje Central, 5 de Mayo para finalizar en el Z\u00f3calo. Concierto. Ser\u00e1 organizado por el Comit\u00e9 IncluyeT para el cierre de la XLIV Marcha del Orgullo LGBTTTIQ+ de la Ciudad de M\u00e9xico y entre los","og_url":"https:\/\/soclose.mx\/blog\/tag\/juan-rulfo-frases-mujeres\/","og_site_name":"So Close","article_published_time":"2022-06-24T22:16:25+00:00","article_modified_time":"2023-06-23T23:58:29+00:00","og_image":[{"width":2560,"height":1737,"url":"https:\/\/i0.wp.com\/soclose.mx\/blog\/wp-content\/uploads\/2022\/06\/pexels-rosemary-ketchum-2306773-1-scaled.jpg?fit=2560%2C1737&ssl=1","type":"image\/jpeg"}],"author":"Daniel Ram\u00edrez","twitter_card":"summary_large_image","twitter_misc":{"Escrito por":"Daniel Ram\u00edrez","Tiempo de lectura":"2 minutos"},"schema":{"@context":"https:\/\/schema.org","@graph":[{"@type":"Article","@id":"https:\/\/soclose.mx\/blog\/tag\/juan-rulfo-frases-mujeres\/#article","isPartOf":{"@id":"https:\/\/soclose.mx\/blog\/tag\/juan-rulfo-frases-mujeres\/"},"author":{"name":"Daniel Ram\u00edrez","@id":"https:\/\/soclose.mx\/blog\/#\/schema\/person\/54cd06c3a8cdc01a80c08725278aff88"},"headline":"10 cosas sobre la marcha por el D\u00eda del Orgullo LGBT+ en la CDMX","datePublished":"2022-06-24T22:16:25+00:00","dateModified":"2023-06-23T23:58:29+00:00","mainEntityOfPage":{"@id":"https:\/\/soclose.mx\/blog\/tag\/juan-rulfo-frases-mujeres\/"},"wordCount":289,"commentCount":0,"publisher":{"@id":"https:\/\/soclose.mx\/blog\/#organization"},"image":{"@id":"https:\/\/soclose.mx\/blog\/tag\/juan-rulfo-frases-mujeres\/#primaryimage"},"thumbnailUrl":"https:\/\/i0.wp.com\/soclose.mx\/blog\/wp-content\/uploads\/2022\/06\/pexels-rosemary-ketchum-2306773-1-scaled.jpg?fit=2560%2C1737&ssl=1","keywords":["gays","heterosexuales","lesbianas","lgbtttiq","marca orgullo mexico","marcha gay","marcha por el orgullo lgbt+","pride"],"articleSection":["News feed"],"inLanguage":"es","potentialAction":[{"@type":"CommentAction","name":"Comment","target":["https:\/\/soclose.mx\/blog\/tag\/juan-rulfo-frases-mujeres\/#respond"]}]},{"@type":"WebPage","@id":"https:\/\/soclose.mx\/blog\/tag\/juan-rulfo-frases-mujeres\/","url":"https:\/\/soclose.mx\/blog\/tag\/juan-rulfo-frases-mujeres\/","name":"10 cosas sobre la marcha por el D\u00eda del Orgullo LGBT+ en la CDMX - So Close","isPartOf":{"@id":"https:\/\/soclose.mx\/blog\/#website"},"primaryImageOfPage":{"@id":"https:\/\/soclose.mx\/blog\/tag\/juan-rulfo-frases-mujeres\/#primaryimage"},"image":{"@id":"https:\/\/soclose.mx\/blog\/tag\/juan-rulfo-frases-mujeres\/#primaryimage"},"thumbnailUrl":"https:\/\/i0.wp.com\/soclose.mx\/blog\/wp-content\/uploads\/2022\/06\/pexels-rosemary-ketchum-2306773-1-scaled.jpg?fit=2560%2C1737&ssl=1","datePublished":"2022-06-24T22:16:25+00:00","dateModified":"2023-06-23T23:58:29+00:00","breadcrumb":{"@id":"https:\/\/soclose.mx\/blog\/tag\/juan-rulfo-frases-mujeres\/#breadcrumb"},"inLanguage":"es","potentialAction":[{"@type":"ReadAction","target":["https:\/\/soclose.mx\/blog\/tag\/juan-rulfo-frases-mujeres\/"]}]},{"@type":"ImageObject","inLanguage":"es","@id":"https:\/\/soclose.mx\/blog\/tag\/juan-rulfo-frases-mujeres\/#primaryimage","url":"https:\/\/i0.wp.com\/soclose.mx\/blog\/wp-content\/uploads\/2022\/06\/pexels-rosemary-ketchum-2306773-1-scaled.jpg?fit=2560%2C1737&ssl=1","contentUrl":"https:\/\/i0.wp.com\/soclose.mx\/blog\/wp-content\/uploads\/2022\/06\/pexels-rosemary-ketchum-2306773-1-scaled.jpg?fit=2560%2C1737&ssl=1","width":2560,"height":1737},{"@type":"BreadcrumbList","@id":"https:\/\/soclose.mx\/blog\/tag\/juan-rulfo-frases-mujeres\/#breadcrumb","itemListElement":[{"@type":"ListItem","position":1,"name":"Inicio","item":"https:\/\/soclose.mx\/blog\/"},{"@type":"ListItem","position":2,"name":"10 cosas sobre la marcha por el D\u00eda del Orgullo LGBT+ en la CDMX"}]},{"@type":"WebSite","@id":"https:\/\/soclose.mx\/blog\/#website","url":"https:\/\/soclose.mx\/blog\/","name":"So Close","description":"Hacemos contenidos de M\u00e9xico","publisher":{"@id":"https:\/\/soclose.mx\/blog\/#organization"},"potentialAction":[{"@type":"SearchAction","target":{"@type":"EntryPoint","urlTemplate":"https:\/\/soclose.mx\/blog\/?s={search_term_string}"},"query-input":{"@type":"PropertyValueSpecification","valueRequired":true,"valueName":"search_term_string"}}],"inLanguage":"es"},{"@type":"Organization","@id":"https:\/\/soclose.mx\/blog\/#organization","name":"So Close","url":"https:\/\/soclose.mx\/blog\/","logo":{"@type":"ImageObject","inLanguage":"es","@id":"https:\/\/soclose.mx\/blog\/#\/schema\/logo\/image\/","url":"https:\/\/i0.wp.com\/soclose.mx\/blog\/wp-content\/uploads\/2020\/12\/LOGO_SOCLOSE_COLOR-e1608310133507.png?fit=2858%2C1264&ssl=1","contentUrl":"https:\/\/i0.wp.com\/soclose.mx\/blog\/wp-content\/uploads\/2020\/12\/LOGO_SOCLOSE_COLOR-e1608310133507.png?fit=2858%2C1264&ssl=1","width":2858,"height":1264,"caption":"So Close"},"image":{"@id":"https:\/\/soclose.mx\/blog\/#\/schema\/logo\/image\/"}},{"@type":"Person","@id":"https:\/\/soclose.mx\/blog\/#\/schema\/person\/54cd06c3a8cdc01a80c08725278aff88","name":"Daniel Ram\u00edrez","image":{"@type":"ImageObject","inLanguage":"es","@id":"https:\/\/soclose.mx\/blog\/#\/schema\/person\/image\/","url":"https:\/\/secure.gravatar.com\/avatar\/74af6012f2e898d2be93cf32e26b59a2c9489743c9ca6270d7848b44edd7d272?s=96&d=mm&r=g","contentUrl":"https:\/\/secure.gravatar.com\/avatar\/74af6012f2e898d2be93cf32e26b59a2c9489743c9ca6270d7848b44edd7d272?s=96&d=mm&r=g","caption":"Daniel Ram\u00edrez"},"url":"https:\/\/soclose.mx\/blog\/author\/peter\/"}]}},"jetpack_featured_media_url":"https:\/\/i0.wp.com\/soclose.mx\/blog\/wp-content\/uploads\/2022\/06\/pexels-rosemary-ketchum-2306773-1-scaled.jpg?fit=2560%2C1737&ssl=1","jetpack-related-posts":[{"id":10530,"url":"https:\/\/soclose.mx\/blog\/a-la-mexicana\/de-los-creadores-de-la-licuachela-llega-la-rotochela\/","url_meta":{"origin":10350,"position":0},"title":"Primero las gomichelas, luego las licuachelas y ahora \u00a1las rotochelas!","author":"Daniel Ram\u00edrez","date":"7 julio, 2022","format":false,"excerpt":"Los mexicanos no dominamos el mundo porque no queremos, me cae. Y si se tratara de alcohol, ser\u00edamos los dioses del universo. En un nuevo cap\u00edtulo de \"cervezas en envases random\", presentamos la Rotochela, la bebida preferida por los mexicanos pero servida en un mini tinaco. Toda familia mexicana que\u2026","rel":"","context":"En &quot;A la mexicana&quot;","block_context":{"text":"A la mexicana","link":"https:\/\/soclose.mx\/blog\/category\/a-la-mexicana\/"},"img":{"alt_text":"","src":"https:\/\/i0.wp.com\/soclose.mx\/blog\/wp-content\/uploads\/2022\/07\/Captura-de-Pantalla-2022-07-07-a-las-19.43.49.png?fit=753%2C563&ssl=1&resize=350%2C200","width":350,"height":200,"srcset":"https:\/\/i0.wp.com\/soclose.mx\/blog\/wp-content\/uploads\/2022\/07\/Captura-de-Pantalla-2022-07-07-a-las-19.43.49.png?fit=753%2C563&ssl=1&resize=350%2C200 1x, https:\/\/i0.wp.com\/soclose.mx\/blog\/wp-content\/uploads\/2022\/07\/Captura-de-Pantalla-2022-07-07-a-las-19.43.49.png?fit=753%2C563&ssl=1&resize=525%2C300 1.5x, https:\/\/i0.wp.com\/soclose.mx\/blog\/wp-content\/uploads\/2022\/07\/Captura-de-Pantalla-2022-07-07-a-las-19.43.49.png?fit=753%2C563&ssl=1&resize=700%2C400 2x"},"classes":[]},{"id":14822,"url":"https:\/\/soclose.mx\/blog\/news-feed\/lo-que-debes-saber-del-dia-al-desnudo-2025-en-la-cdmx\/","url_meta":{"origin":10350,"position":1},"title":"Lo que debes saber del D\u00eda al Desnudo 2025 en la CDMX","author":"So Close","date":"13 mayo, 2025","format":false,"excerpt":"La Ciudad de M\u00e9xico se prepara para la tercera edici\u00f3n consecutiva del D\u00eda al Desnudo 2025, un evento \u00fanico que busca generar un di\u00e1logo profundo sobre el autoconocimiento y el respeto al propio cuerpo a trav\u00e9s de la desnudez pac\u00edfica.\u00a0 Este a\u00f1o, la cita es el s\u00e1bado 31 de mayo\u2026","rel":"","context":"En &quot;News feed&quot;","block_context":{"text":"News feed","link":"https:\/\/soclose.mx\/blog\/category\/news-feed\/"},"img":{"alt_text":"Cuerpo de mujer","src":"https:\/\/i0.wp.com\/soclose.mx\/blog\/wp-content\/uploads\/2025\/05\/Mujer.jpg?fit=1200%2C675&ssl=1&resize=350%2C200","width":350,"height":200,"srcset":"https:\/\/i0.wp.com\/soclose.mx\/blog\/wp-content\/uploads\/2025\/05\/Mujer.jpg?fit=1200%2C675&ssl=1&resize=350%2C200 1x, https:\/\/i0.wp.com\/soclose.mx\/blog\/wp-content\/uploads\/2025\/05\/Mujer.jpg?fit=1200%2C675&ssl=1&resize=525%2C300 1.5x, https:\/\/i0.wp.com\/soclose.mx\/blog\/wp-content\/uploads\/2025\/05\/Mujer.jpg?fit=1200%2C675&ssl=1&resize=700%2C400 2x, https:\/\/i0.wp.com\/soclose.mx\/blog\/wp-content\/uploads\/2025\/05\/Mujer.jpg?fit=1200%2C675&ssl=1&resize=1050%2C600 3x"},"classes":[]},{"id":13767,"url":"https:\/\/soclose.mx\/blog\/news-feed\/mexicanos-que-nos-representaran-en-los-juegos-olimpicos-paris-2024\/","url_meta":{"origin":10350,"position":2},"title":"Mexicanos que nos representar\u00e1n en los Juegos Ol\u00edmpicos Par\u00eds 2024","author":"So Close","date":"22 julio, 2024","format":false,"excerpt":"La llama ol\u00edmpica est\u00e1 a punto de encenderse en la Ciudad Luz, y la emoci\u00f3n por conocer a los mexicanos que nos representar\u00e1n en los Juegos Ol\u00edmpicos Par\u00eds 2024 crece con cada d\u00eda que pasa. M\u00e1s de 10 mil atletas de todo el mundo se preparan para competir en 306\u2026","rel":"","context":"En &quot;News feed&quot;","block_context":{"text":"News feed","link":"https:\/\/soclose.mx\/blog\/category\/news-feed\/"},"img":{"alt_text":"Atletas mexicanos en Juegos Ol\u00edmpicos Par\u00eds 2024","src":"https:\/\/i0.wp.com\/soclose.mx\/blog\/wp-content\/uploads\/2024\/07\/mexicanos-olimpicos-paris2024.jpg?fit=1148%2C786&ssl=1&resize=350%2C200","width":350,"height":200,"srcset":"https:\/\/i0.wp.com\/soclose.mx\/blog\/wp-content\/uploads\/2024\/07\/mexicanos-olimpicos-paris2024.jpg?fit=1148%2C786&ssl=1&resize=350%2C200 1x, https:\/\/i0.wp.com\/soclose.mx\/blog\/wp-content\/uploads\/2024\/07\/mexicanos-olimpicos-paris2024.jpg?fit=1148%2C786&ssl=1&resize=525%2C300 1.5x, https:\/\/i0.wp.com\/soclose.mx\/blog\/wp-content\/uploads\/2024\/07\/mexicanos-olimpicos-paris2024.jpg?fit=1148%2C786&ssl=1&resize=700%2C400 2x, https:\/\/i0.wp.com\/soclose.mx\/blog\/wp-content\/uploads\/2024\/07\/mexicanos-olimpicos-paris2024.jpg?fit=1148%2C786&ssl=1&resize=1050%2C600 3x"},"classes":[]},{"id":10360,"url":"https:\/\/soclose.mx\/blog\/ay-goeeee\/te-suenan-grasshopper-hill-shrimp-o-deer-park-checa-el-mapa-del-metro-cdmx-traducido-al-ingles\/","url_meta":{"origin":10350,"position":3},"title":"\u00bfTe suenan Grasshopper Hill, Shrimp o Deer Park?\u00a0Checa el mapa del Metro CDMX traducido al ingl\u00e9s","author":"Daniel Ram\u00edrez","date":"25 junio, 2022","format":false,"excerpt":"Vamos a poner a prueba tu nivel de ingl\u00e9s. \u00bfPuedes ubicar estos lugares de la Ciudad de M\u00e9xico: Grasshopper Hill, Cactil, Shrimp o Deer Park?\u00a0 Si le atinaste, bien por ti; si no, no te preocupes, se trata de algunas estaciones del Metro de la CDMX\u00a0traducidas al idioma gringo. En\u2026","rel":"","context":"En &quot;\u00a1Ay goeeee!&quot;","block_context":{"text":"\u00a1Ay goeeee!","link":"https:\/\/soclose.mx\/blog\/category\/ay-goeeee\/"},"img":{"alt_text":"","src":"https:\/\/i0.wp.com\/soclose.mx\/blog\/wp-content\/uploads\/2022\/06\/1024px-Metro_CDMX_IMG_0324_25572923973.jpeg?fit=1024%2C683&ssl=1&resize=350%2C200","width":350,"height":200,"srcset":"https:\/\/i0.wp.com\/soclose.mx\/blog\/wp-content\/uploads\/2022\/06\/1024px-Metro_CDMX_IMG_0324_25572923973.jpeg?fit=1024%2C683&ssl=1&resize=350%2C200 1x, https:\/\/i0.wp.com\/soclose.mx\/blog\/wp-content\/uploads\/2022\/06\/1024px-Metro_CDMX_IMG_0324_25572923973.jpeg?fit=1024%2C683&ssl=1&resize=525%2C300 1.5x, https:\/\/i0.wp.com\/soclose.mx\/blog\/wp-content\/uploads\/2022\/06\/1024px-Metro_CDMX_IMG_0324_25572923973.jpeg?fit=1024%2C683&ssl=1&resize=700%2C400 2x"},"classes":[]},{"id":12053,"url":"https:\/\/soclose.mx\/blog\/mitos-y-leyendas-mexicanos\/siete-formas-de-celebrar-el-dia-de-muertos\/","url_meta":{"origin":10350,"position":4},"title":"Siete formas de celebrar el D\u00eda de Muertos","author":"Emmanuel Oviedo","date":"28 febrero, 2024","format":false,"excerpt":"Las festividades y elementos culturales que nos hacen sentir orgullo de M\u00e9xico, tocan nuestras ra\u00edces m\u00e1s profundas y forman parte de nuestra herencia hist\u00f3rica. Desde tiempos prehisp\u00e1nicos ha permanecido entre los mexicanos una creencia sobrenatural: el culto por la muerte, por eso te recordamos aqu\u00ed algunas formas de celebrar el\u2026","rel":"","context":"En &quot;\u00a1Ay nanita!&quot;","block_context":{"text":"\u00a1Ay nanita!","link":"https:\/\/soclose.mx\/blog\/category\/mitos-y-leyendas-mexicanos\/"},"img":{"alt_text":"D\u00eda de Muertos como celebrar","src":"https:\/\/i0.wp.com\/soclose.mx\/blog\/wp-content\/uploads\/2023\/07\/day-of-the-dead-g1b048d305_1280.jpg?fit=1200%2C800&ssl=1&resize=350%2C200","width":350,"height":200,"srcset":"https:\/\/i0.wp.com\/soclose.mx\/blog\/wp-content\/uploads\/2023\/07\/day-of-the-dead-g1b048d305_1280.jpg?fit=1200%2C800&ssl=1&resize=350%2C200 1x, https:\/\/i0.wp.com\/soclose.mx\/blog\/wp-content\/uploads\/2023\/07\/day-of-the-dead-g1b048d305_1280.jpg?fit=1200%2C800&ssl=1&resize=525%2C300 1.5x, https:\/\/i0.wp.com\/soclose.mx\/blog\/wp-content\/uploads\/2023\/07\/day-of-the-dead-g1b048d305_1280.jpg?fit=1200%2C800&ssl=1&resize=700%2C400 2x, https:\/\/i0.wp.com\/soclose.mx\/blog\/wp-content\/uploads\/2023\/07\/day-of-the-dead-g1b048d305_1280.jpg?fit=1200%2C800&ssl=1&resize=1050%2C600 3x"},"classes":[]},{"id":6745,"url":"https:\/\/soclose.mx\/blog\/ay-goeeee\/famosos-orgullosamente-yucatecos\/","url_meta":{"origin":10350,"position":5},"title":"Famosos y orgullosamente yucatecos","author":"Miguel Angel Romero","date":"3 agosto, 2021","format":false,"excerpt":"Son famosos y tambi\u00e9n son orgullosamente yucatecos, hoy, recordamos algunas de las figuras que han hecho que esta gran regi\u00f3n mexicana se sienta honrada de ellos, en el futbol,\u00a0 en la nataci\u00f3n, y ni se diga en las artes, tanto en la actuaci\u00f3n como en la m\u00fasica. Y es que\u2026","rel":"","context":"En &quot;\u00a1Ay goeeee!&quot;","block_context":{"text":"\u00a1Ay goeeee!","link":"https:\/\/soclose.mx\/blog\/category\/ay-goeeee\/"},"img":{"alt_text":"","src":"https:\/\/i0.wp.com\/soclose.mx\/blog\/wp-content\/uploads\/2021\/08\/armando-manzanero.jpeg?fit=1200%2C798&ssl=1&resize=350%2C200","width":350,"height":200,"srcset":"https:\/\/i0.wp.com\/soclose.mx\/blog\/wp-content\/uploads\/2021\/08\/armando-manzanero.jpeg?fit=1200%2C798&ssl=1&resize=350%2C200 1x, https:\/\/i0.wp.com\/soclose.mx\/blog\/wp-content\/uploads\/2021\/08\/armando-manzanero.jpeg?fit=1200%2C798&ssl=1&resize=525%2C300 1.5x, https:\/\/i0.wp.com\/soclose.mx\/blog\/wp-content\/uploads\/2021\/08\/armando-manzanero.jpeg?fit=1200%2C798&ssl=1&resize=700%2C400 2x, https:\/\/i0.wp.com\/soclose.mx\/blog\/wp-content\/uploads\/2021\/08\/armando-manzanero.jpeg?fit=1200%2C798&ssl=1&resize=1050%2C600 3x"},"classes":[]}],"jetpack_sharing_enabled":true,"_links":{"self":[{"href":"https:\/\/soclose.mx\/blog\/wp-json\/wp\/v2\/posts\/10350","targetHints":{"allow":["GET"]}}],"collection":[{"href":"https:\/\/soclose.mx\/blog\/wp-json\/wp\/v2\/posts"}],"about":[{"href":"https:\/\/soclose.mx\/blog\/wp-json\/wp\/v2\/types\/post"}],"author":[{"embeddable":true,"href":"https:\/\/soclose.mx\/blog\/wp-json\/wp\/v2\/users\/9"}],"replies":[{"embeddable":true,"href":"https:\/\/soclose.mx\/blog\/wp-json\/wp\/v2\/comments?post=10350"}],"version-history":[{"count":0,"href":"https:\/\/soclose.mx\/blog\/wp-json\/wp\/v2\/posts\/10350\/revisions"}],"wp:featuredmedia":[{"embeddable":true,"href":"https:\/\/soclose.mx\/blog\/wp-json\/wp\/v2\/media\/10355"}],"wp:attachment":[{"href":"https:\/\/soclose.mx\/blog\/wp-json\/wp\/v2\/media?parent=10350"}],"wp:term":[{"taxonomy":"category","embeddable":true,"href":"https:\/\/soclose.mx\/blog\/wp-json\/wp\/v2\/categories?post=10350"},{"taxonomy":"post_tag","embeddable":true,"href":"https:\/\/soclose.mx\/blog\/wp-json\/wp\/v2\/tags?post=10350"}],"curies":[{"name":"wp","href":"https:\/\/api.w.org\/{rel}","templated":true}]}}