{"id":10443,"date":"2022-06-30T20:21:54","date_gmt":"2022-07-01T01:21:54","guid":{"rendered":"https:\/\/soclose.mx\/blog\/?p=10443"},"modified":"2023-06-14T14:11:03","modified_gmt":"2023-06-14T20:11:03","slug":"quien-era-fernando-del-solar-el-argentino-mas-mexicano-de-la-television","status":"publish","type":"post","link":"https:\/\/soclose.mx\/blog\/a-la-mexicana\/quien-era-fernando-del-solar-el-argentino-mas-mexicano-de-la-television\/","title":{"rendered":"\u00bfQui\u00e9n era Fernando del Solar, el argentino m\u00e1s mexicano de la televisi\u00f3n?"},"content":{"rendered":"<p><strong>Fernando del Solar,<\/strong> uno de los conductores de televisi\u00f3n m\u00e1s carism\u00e1ticos y queridos, falleci\u00f3 un 30 de junio, luego de varios a\u00f1os de lucha contra el c\u00e1ncer.<\/p>\n<p>Te dejamos algunos datos del nacido en Argentina, pero mexicano por adopci\u00f3n.<\/p>\n<ol>\n<li><strong>Cruz Azul.<\/strong> Cada que pod\u00eda, demostraba su amor por el equipo celeste y celebr\u00f3 a lo grande el t\u00edtulo de liga conseguido el a\u00f1o pasado.<\/li>\n<li>En su natal Argentina, estudi\u00f3 la carrera de T\u00e9cnico Electr\u00f3nico.<\/li>\n<li>Antes de venir a M\u00e9xico, \u00e9l confes\u00f3 que lo \u00fanico que conoc\u00eda de nuestro pa\u00eds era Ver\u00f3nica Castro, El Chavo del 8 y Speedy Gonz\u00e1lez.<\/li>\n<li>Su verdadero nombre era <strong>Fernando Mart\u00edn Cacciamani Servidio.<\/strong><\/li>\n<li>Antes de ser conductor, act\u00fao en Perla (1998), H\u00e1blame de amor (1999) y Un nuevo amor (2003).<\/li>\n<li>Ingrid Coronado, su exesposa, le dedic\u00f3 una canci\u00f3n llamada \u201cBendigo cada instante\u201d, tras siete a\u00f1os de matrimonio.<\/li>\n<li>Vivi\u00f3 por primera vez en la <a href=\"https:\/\/soclose.mx\/blog\/ay-goeeee\/de-las-calandrias-a-los-hibridos-la-evolucion-de-los-taxis-en-la-ciudad-de-mexico\/\">Ciudad de M\u00e9xico<\/a> en un domicilio ubicado en la <strong>colonia N\u00e1poles.<\/strong><\/li>\n<li>En la primaria, era un alumno aplicado y fue colocado en el cuadro de honor.<\/li>\n<li>Cuando era peque\u00f1o, sufri\u00f3 problemas de sobrepeso que lo volvieron introvertido, hasta que fue con el nutri\u00f3logo para que lo tratara.<\/li>\n<li>Cuando <strong>Diego Armando Maradona<\/strong> gan\u00f3 el Mundial de M\u00e9xico 1986, se inspir\u00f3 en \u00e9l para ir en busca de sus sue\u00f1os: &#8220;Yo ten\u00eda 12 a\u00f1os cuando Argentina sale campe\u00f3n del mundo con Diego Maradona.\u00a0Y a m\u00ed me hizo creer que todo era posible.&#8221;<\/li>\n<\/ol>\n<p>&nbsp;<\/p>\n<blockquote class=\"instagram-media\" data-instgrm-captioned data-instgrm-permalink=\"https:\/\/www.instagram.com\/p\/CfczNUkMhq5\/?utm_source=ig_embed&amp;utm_campaign=loading\" data-instgrm-version=\"14\" style=\" background:#FFF; border:0; border-radius:3px; box-shadow:0 0 1px 0 rgba(0,0,0,0.5),0 1px 10px 0 rgba(0,0,0,0.15); margin: 1px; max-width:658px; min-width:326px; padding:0; width:99.375%; width:-webkit-calc(100% - 2px); width:calc(100% - 2px);\">\n<div style=\"padding:16px;\"> <a href=\"https:\/\/www.instagram.com\/p\/CfczNUkMhq5\/?utm_source=ig_embed&amp;utm_campaign=loading\" style=\" background:#FFFFFF; line-height:0; padding:0 0; text-align:center; text-decoration:none; width:100%;\" target=\"_blank\"> <\/p>\n<div style=\" display: flex; flex-direction: row; align-items: center;\">\n<div style=\"background-color: #F4F4F4; border-radius: 50%; flex-grow: 0; height: 40px; margin-right: 14px; width: 40px;\"><\/div>\n<div style=\"display: flex; flex-direction: column; flex-grow: 1; justify-content: center;\">\n<div style=\" background-color: #F4F4F4; border-radius: 4px; flex-grow: 0; height: 14px; margin-bottom: 6px; width: 100px;\"><\/div>\n<div style=\" background-color: #F4F4F4; border-radius: 4px; flex-grow: 0; height: 14px; width: 60px;\"><\/div>\n<\/div>\n<\/div>\n<div style=\"padding: 19% 0;\"><\/div>\n<div style=\"display:block; height:50px; margin:0 auto 12px; width:50px;\"><svg width=\"50px\" height=\"50px\" viewBox=\"0 0 60 60\" version=\"1.1\" xmlns=\"https:\/\/www.w3.org\/2000\/svg\" xmlns:xlink=\"https:\/\/www.w3.org\/1999\/xlink\"><g stroke=\"none\" stroke-width=\"1\" fill=\"none\" fill-rule=\"evenodd\"><g transform=\"translate(-511.000000, -20.000000)\" fill=\"#000000\"><g><path d=\"M556.869,30.41 C554.814,30.41 553.148,32.076 553.148,34.131 C553.148,36.186 554.814,37.852 556.869,37.852 C558.924,37.852 560.59,36.186 560.59,34.131 C560.59,32.076 558.924,30.41 556.869,30.41 M541,60.657 C535.114,60.657 530.342,55.887 530.342,50 C530.342,44.114 535.114,39.342 541,39.342 C546.887,39.342 551.658,44.114 551.658,50 C551.658,55.887 546.887,60.657 541,60.657 M541,33.886 C532.1,33.886 524.886,41.1 524.886,50 C524.886,58.899 532.1,66.113 541,66.113 C549.9,66.113 557.115,58.899 557.115,50 C557.115,41.1 549.9,33.886 541,33.886 M565.378,62.101 C565.244,65.022 564.756,66.606 564.346,67.663 C563.803,69.06 563.154,70.057 562.106,71.106 C561.058,72.155 560.06,72.803 558.662,73.347 C557.607,73.757 556.021,74.244 553.102,74.378 C549.944,74.521 548.997,74.552 541,74.552 C533.003,74.552 532.056,74.521 528.898,74.378 C525.979,74.244 524.393,73.757 523.338,73.347 C521.94,72.803 520.942,72.155 519.894,71.106 C518.846,70.057 518.197,69.06 517.654,67.663 C517.244,66.606 516.755,65.022 516.623,62.101 C516.479,58.943 516.448,57.996 516.448,50 C516.448,42.003 516.479,41.056 516.623,37.899 C516.755,34.978 517.244,33.391 517.654,32.338 C518.197,30.938 518.846,29.942 519.894,28.894 C520.942,27.846 521.94,27.196 523.338,26.654 C524.393,26.244 525.979,25.756 528.898,25.623 C532.057,25.479 533.004,25.448 541,25.448 C548.997,25.448 549.943,25.479 553.102,25.623 C556.021,25.756 557.607,26.244 558.662,26.654 C560.06,27.196 561.058,27.846 562.106,28.894 C563.154,29.942 563.803,30.938 564.346,32.338 C564.756,33.391 565.244,34.978 565.378,37.899 C565.522,41.056 565.552,42.003 565.552,50 C565.552,57.996 565.522,58.943 565.378,62.101 M570.82,37.631 C570.674,34.438 570.167,32.258 569.425,30.349 C568.659,28.377 567.633,26.702 565.965,25.035 C564.297,23.368 562.623,22.342 560.652,21.575 C558.743,20.834 556.562,20.326 553.369,20.18 C550.169,20.033 549.148,20 541,20 C532.853,20 531.831,20.033 528.631,20.18 C525.438,20.326 523.257,20.834 521.349,21.575 C519.376,22.342 517.703,23.368 516.035,25.035 C514.368,26.702 513.342,28.377 512.574,30.349 C511.834,32.258 511.326,34.438 511.181,37.631 C511.035,40.831 511,41.851 511,50 C511,58.147 511.035,59.17 511.181,62.369 C511.326,65.562 511.834,67.743 512.574,69.651 C513.342,71.625 514.368,73.296 516.035,74.965 C517.703,76.634 519.376,77.658 521.349,78.425 C523.257,79.167 525.438,79.673 528.631,79.82 C531.831,79.965 532.853,80.001 541,80.001 C549.148,80.001 550.169,79.965 553.369,79.82 C556.562,79.673 558.743,79.167 560.652,78.425 C562.623,77.658 564.297,76.634 565.965,74.965 C567.633,73.296 568.659,71.625 569.425,69.651 C570.167,67.743 570.674,65.562 570.82,62.369 C570.966,59.17 571,58.147 571,50 C571,41.851 570.966,40.831 570.82,37.631\"><\/path><\/g><\/g><\/g><\/svg><\/div>\n<div style=\"padding-top: 8px;\">\n<div style=\" color:#3897f0; font-family:Arial,sans-serif; font-size:14px; font-style:normal; font-weight:550; line-height:18px;\">View this post on Instagram<\/div>\n<\/div>\n<div style=\"padding: 12.5% 0;\"><\/div>\n<div style=\"display: flex; flex-direction: row; margin-bottom: 14px; align-items: center;\">\n<div>\n<div style=\"background-color: #F4F4F4; border-radius: 50%; height: 12.5px; width: 12.5px; transform: translateX(0px) translateY(7px);\"><\/div>\n<div style=\"background-color: #F4F4F4; height: 12.5px; transform: rotate(-45deg) translateX(3px) translateY(1px); width: 12.5px; flex-grow: 0; margin-right: 14px; margin-left: 2px;\"><\/div>\n<div style=\"background-color: #F4F4F4; border-radius: 50%; height: 12.5px; width: 12.5px; transform: translateX(9px) translateY(-18px);\"><\/div>\n<\/div>\n<div style=\"margin-left: 8px;\">\n<div style=\" background-color: #F4F4F4; border-radius: 50%; flex-grow: 0; height: 20px; width: 20px;\"><\/div>\n<div style=\" width: 0; height: 0; border-top: 2px solid transparent; border-left: 6px solid #f4f4f4; border-bottom: 2px solid transparent; transform: translateX(16px) translateY(-4px) rotate(30deg)\"><\/div>\n<\/div>\n<div style=\"margin-left: auto;\">\n<div style=\" width: 0px; border-top: 8px solid #F4F4F4; border-right: 8px solid transparent; transform: translateY(16px);\"><\/div>\n<div style=\" background-color: #F4F4F4; flex-grow: 0; height: 12px; width: 16px; transform: translateY(-4px);\"><\/div>\n<div style=\" width: 0; height: 0; border-top: 8px solid #F4F4F4; border-left: 8px solid transparent; transform: translateY(-4px) translateX(8px);\"><\/div>\n<\/div>\n<\/div>\n<div style=\"display: flex; flex-direction: column; flex-grow: 1; justify-content: center; margin-bottom: 24px;\">\n<div style=\" background-color: #F4F4F4; border-radius: 4px; flex-grow: 0; height: 14px; margin-bottom: 6px; width: 224px;\"><\/div>\n<div style=\" background-color: #F4F4F4; border-radius: 4px; flex-grow: 0; height: 14px; width: 144px;\"><\/div>\n<\/div>\n<p><\/a><\/p>\n<p style=\" color:#c9c8cd; font-family:Arial,sans-serif; font-size:14px; line-height:17px; margin-bottom:0; margin-top:8px; overflow:hidden; padding:8px 0 7px; text-align:center; text-overflow:ellipsis; white-space:nowrap;\"><a href=\"https:\/\/www.instagram.com\/p\/CfczNUkMhq5\/?utm_source=ig_embed&amp;utm_campaign=loading\" style=\" color:#c9c8cd; font-family:Arial,sans-serif; font-size:14px; font-style:normal; font-weight:normal; line-height:17px; text-decoration:none;\" target=\"_blank\">A post shared by Fernando Del Solar (@fernandodelsolar)<\/a><\/p>\n<\/div>\n<\/blockquote>\n<p><script async src=\"\/\/platform.instagram.com\/en_US\/embeds.js\"><\/script><\/p>\n","protected":false},"excerpt":{"rendered":"<p>Fernando del Solar, uno de los conductores de televisi\u00f3n m\u00e1s carism\u00e1ticos y queridos, falleci\u00f3 un 30 de junio, luego de varios a\u00f1os de lucha contra el c\u00e1ncer. Te dejamos algunos datos del nacido en Argentina, pero mexicano por adopci\u00f3n. Cruz Azul. Cada que pod\u00eda, demostraba su amor por el equipo celeste y celebr\u00f3 a lo grande el t\u00edtulo de liga conseguido el a\u00f1o pasado. En su natal Argentina, estudi\u00f3 la carrera de T\u00e9cnico Electr\u00f3nico. Antes de venir a M\u00e9xico, \u00e9l confes\u00f3 que lo \u00fanico que conoc\u00eda de nuestro pa\u00eds era Ver\u00f3nica Castro, El Chavo del 8 y Speedy Gonz\u00e1lez. Su<\/p>\n","protected":false},"author":9,"featured_media":10446,"comment_status":"open","ping_status":"open","sticky":false,"template":"","format":"standard","meta":{"_jetpack_memberships_contains_paid_content":false,"footnotes":""},"categories":[1778],"tags":[2407,2402,2405,2406,2403,2404],"class_list":["post-10443","post","type-post","status-publish","format-standard","has-post-thumbnail","hentry","category-a-la-mexicana","tag-fallecimiento","tag-fernando-del-solar","tag-ingrid-coronado","tag-programa-hoy","tag-tv-azteca","tag-venga-la-alegria"],"yoast_head":"<!-- This site is optimized with the Yoast SEO plugin v26.7 - https:\/\/yoast.com\/wordpress\/plugins\/seo\/ -->\n<title>\u00bfQui\u00e9n era Fernando del Solar, el argentino m\u00e1s mexicano de la televisi\u00f3n? - So Close<\/title>\n<meta name=\"robots\" content=\"index, follow, max-snippet:-1, max-image-preview:large, max-video-preview:-1\" \/>\n<link rel=\"canonical\" href=\"https:\/\/soclose.mx\/blog\/tag\/juan-rulfo-frases-mujeres\/\" \/>\n<meta property=\"og:locale\" content=\"es_MX\" \/>\n<meta property=\"og:type\" content=\"article\" \/>\n<meta property=\"og:title\" content=\"\u00bfQui\u00e9n era Fernando del Solar, el argentino m\u00e1s mexicano de la televisi\u00f3n? - So Close\" \/>\n<meta property=\"og:description\" content=\"Fernando del Solar, uno de los conductores de televisi\u00f3n m\u00e1s carism\u00e1ticos y queridos, falleci\u00f3 un 30 de junio, luego de varios a\u00f1os de lucha contra el c\u00e1ncer. Te dejamos algunos datos del nacido en Argentina, pero mexicano por adopci\u00f3n. Cruz Azul. Cada que pod\u00eda, demostraba su amor por el equipo celeste y celebr\u00f3 a lo grande el t\u00edtulo de liga conseguido el a\u00f1o pasado. En su natal Argentina, estudi\u00f3 la carrera de T\u00e9cnico Electr\u00f3nico. Antes de venir a M\u00e9xico, \u00e9l confes\u00f3 que lo \u00fanico que conoc\u00eda de nuestro pa\u00eds era Ver\u00f3nica Castro, El Chavo del 8 y Speedy Gonz\u00e1lez. Su\" \/>\n<meta property=\"og:url\" content=\"https:\/\/soclose.mx\/blog\/tag\/juan-rulfo-frases-mujeres\/\" \/>\n<meta property=\"og:site_name\" content=\"So Close\" \/>\n<meta property=\"article:published_time\" content=\"2022-07-01T01:21:54+00:00\" \/>\n<meta property=\"article:modified_time\" content=\"2023-06-14T20:11:03+00:00\" \/>\n<meta property=\"og:image\" content=\"https:\/\/i0.wp.com\/soclose.mx\/blog\/wp-content\/uploads\/2022\/06\/Captura-de-Pantalla-2022-06-30-a-las-20.14.41.png?fit=1155%2C739&ssl=1\" \/>\n\t<meta property=\"og:image:width\" content=\"1155\" \/>\n\t<meta property=\"og:image:height\" content=\"739\" \/>\n\t<meta property=\"og:image:type\" content=\"image\/png\" \/>\n<meta name=\"author\" content=\"Daniel Ram\u00edrez\" \/>\n<meta name=\"twitter:card\" content=\"summary_large_image\" \/>\n<meta name=\"twitter:label1\" content=\"Escrito por\" \/>\n\t<meta name=\"twitter:data1\" content=\"Daniel Ram\u00edrez\" \/>\n\t<meta name=\"twitter:label2\" content=\"Tiempo de lectura\" \/>\n\t<meta name=\"twitter:data2\" content=\"2 minutos\" \/>\n<script type=\"application\/ld+json\" class=\"yoast-schema-graph\">{\"@context\":\"https:\/\/schema.org\",\"@graph\":[{\"@type\":\"Article\",\"@id\":\"https:\/\/soclose.mx\/blog\/tag\/juan-rulfo-frases-mujeres\/#article\",\"isPartOf\":{\"@id\":\"https:\/\/soclose.mx\/blog\/tag\/juan-rulfo-frases-mujeres\/\"},\"author\":{\"name\":\"Daniel Ram\u00edrez\",\"@id\":\"https:\/\/soclose.mx\/blog\/#\/schema\/person\/54cd06c3a8cdc01a80c08725278aff88\"},\"headline\":\"\u00bfQui\u00e9n era Fernando del Solar, el argentino m\u00e1s mexicano de la televisi\u00f3n?\",\"datePublished\":\"2022-07-01T01:21:54+00:00\",\"dateModified\":\"2023-06-14T20:11:03+00:00\",\"mainEntityOfPage\":{\"@id\":\"https:\/\/soclose.mx\/blog\/tag\/juan-rulfo-frases-mujeres\/\"},\"wordCount\":287,\"commentCount\":0,\"publisher\":{\"@id\":\"https:\/\/soclose.mx\/blog\/#organization\"},\"image\":{\"@id\":\"https:\/\/soclose.mx\/blog\/tag\/juan-rulfo-frases-mujeres\/#primaryimage\"},\"thumbnailUrl\":\"https:\/\/i0.wp.com\/soclose.mx\/blog\/wp-content\/uploads\/2022\/06\/Captura-de-Pantalla-2022-06-30-a-las-20.14.41.png?fit=1155%2C739&ssl=1\",\"keywords\":[\"fallecimiento\",\"fernando del solar\",\"ingrid coronado\",\"programa hoy\",\"tv azteca\",\"venga la alegria\"],\"articleSection\":[\"A la mexicana\"],\"inLanguage\":\"es\",\"potentialAction\":[{\"@type\":\"CommentAction\",\"name\":\"Comment\",\"target\":[\"https:\/\/soclose.mx\/blog\/tag\/juan-rulfo-frases-mujeres\/#respond\"]}]},{\"@type\":\"WebPage\",\"@id\":\"https:\/\/soclose.mx\/blog\/tag\/juan-rulfo-frases-mujeres\/\",\"url\":\"https:\/\/soclose.mx\/blog\/tag\/juan-rulfo-frases-mujeres\/\",\"name\":\"\u00bfQui\u00e9n era Fernando del Solar, el argentino m\u00e1s mexicano de la televisi\u00f3n? - So Close\",\"isPartOf\":{\"@id\":\"https:\/\/soclose.mx\/blog\/#website\"},\"primaryImageOfPage\":{\"@id\":\"https:\/\/soclose.mx\/blog\/tag\/juan-rulfo-frases-mujeres\/#primaryimage\"},\"image\":{\"@id\":\"https:\/\/soclose.mx\/blog\/tag\/juan-rulfo-frases-mujeres\/#primaryimage\"},\"thumbnailUrl\":\"https:\/\/i0.wp.com\/soclose.mx\/blog\/wp-content\/uploads\/2022\/06\/Captura-de-Pantalla-2022-06-30-a-las-20.14.41.png?fit=1155%2C739&ssl=1\",\"datePublished\":\"2022-07-01T01:21:54+00:00\",\"dateModified\":\"2023-06-14T20:11:03+00:00\",\"breadcrumb\":{\"@id\":\"https:\/\/soclose.mx\/blog\/tag\/juan-rulfo-frases-mujeres\/#breadcrumb\"},\"inLanguage\":\"es\",\"potentialAction\":[{\"@type\":\"ReadAction\",\"target\":[\"https:\/\/soclose.mx\/blog\/tag\/juan-rulfo-frases-mujeres\/\"]}]},{\"@type\":\"ImageObject\",\"inLanguage\":\"es\",\"@id\":\"https:\/\/soclose.mx\/blog\/tag\/juan-rulfo-frases-mujeres\/#primaryimage\",\"url\":\"https:\/\/i0.wp.com\/soclose.mx\/blog\/wp-content\/uploads\/2022\/06\/Captura-de-Pantalla-2022-06-30-a-las-20.14.41.png?fit=1155%2C739&ssl=1\",\"contentUrl\":\"https:\/\/i0.wp.com\/soclose.mx\/blog\/wp-content\/uploads\/2022\/06\/Captura-de-Pantalla-2022-06-30-a-las-20.14.41.png?fit=1155%2C739&ssl=1\",\"width\":1155,\"height\":739},{\"@type\":\"BreadcrumbList\",\"@id\":\"https:\/\/soclose.mx\/blog\/tag\/juan-rulfo-frases-mujeres\/#breadcrumb\",\"itemListElement\":[{\"@type\":\"ListItem\",\"position\":1,\"name\":\"Inicio\",\"item\":\"https:\/\/soclose.mx\/blog\/\"},{\"@type\":\"ListItem\",\"position\":2,\"name\":\"\u00bfQui\u00e9n era Fernando del Solar, el argentino m\u00e1s mexicano de la televisi\u00f3n?\"}]},{\"@type\":\"WebSite\",\"@id\":\"https:\/\/soclose.mx\/blog\/#website\",\"url\":\"https:\/\/soclose.mx\/blog\/\",\"name\":\"So Close\",\"description\":\"Hacemos contenidos de M\u00e9xico\",\"publisher\":{\"@id\":\"https:\/\/soclose.mx\/blog\/#organization\"},\"potentialAction\":[{\"@type\":\"SearchAction\",\"target\":{\"@type\":\"EntryPoint\",\"urlTemplate\":\"https:\/\/soclose.mx\/blog\/?s={search_term_string}\"},\"query-input\":{\"@type\":\"PropertyValueSpecification\",\"valueRequired\":true,\"valueName\":\"search_term_string\"}}],\"inLanguage\":\"es\"},{\"@type\":\"Organization\",\"@id\":\"https:\/\/soclose.mx\/blog\/#organization\",\"name\":\"So Close\",\"url\":\"https:\/\/soclose.mx\/blog\/\",\"logo\":{\"@type\":\"ImageObject\",\"inLanguage\":\"es\",\"@id\":\"https:\/\/soclose.mx\/blog\/#\/schema\/logo\/image\/\",\"url\":\"https:\/\/i0.wp.com\/soclose.mx\/blog\/wp-content\/uploads\/2020\/12\/LOGO_SOCLOSE_COLOR-e1608310133507.png?fit=2858%2C1264&ssl=1\",\"contentUrl\":\"https:\/\/i0.wp.com\/soclose.mx\/blog\/wp-content\/uploads\/2020\/12\/LOGO_SOCLOSE_COLOR-e1608310133507.png?fit=2858%2C1264&ssl=1\",\"width\":2858,\"height\":1264,\"caption\":\"So Close\"},\"image\":{\"@id\":\"https:\/\/soclose.mx\/blog\/#\/schema\/logo\/image\/\"}},{\"@type\":\"Person\",\"@id\":\"https:\/\/soclose.mx\/blog\/#\/schema\/person\/54cd06c3a8cdc01a80c08725278aff88\",\"name\":\"Daniel Ram\u00edrez\",\"image\":{\"@type\":\"ImageObject\",\"inLanguage\":\"es\",\"@id\":\"https:\/\/soclose.mx\/blog\/#\/schema\/person\/image\/\",\"url\":\"https:\/\/secure.gravatar.com\/avatar\/74af6012f2e898d2be93cf32e26b59a2c9489743c9ca6270d7848b44edd7d272?s=96&d=mm&r=g\",\"contentUrl\":\"https:\/\/secure.gravatar.com\/avatar\/74af6012f2e898d2be93cf32e26b59a2c9489743c9ca6270d7848b44edd7d272?s=96&d=mm&r=g\",\"caption\":\"Daniel Ram\u00edrez\"},\"url\":\"https:\/\/soclose.mx\/blog\/author\/peter\/\"}]}<\/script>\n<!-- \/ Yoast SEO plugin. -->","yoast_head_json":{"title":"\u00bfQui\u00e9n era Fernando del Solar, el argentino m\u00e1s mexicano de la televisi\u00f3n? - So Close","robots":{"index":"index","follow":"follow","max-snippet":"max-snippet:-1","max-image-preview":"max-image-preview:large","max-video-preview":"max-video-preview:-1"},"canonical":"https:\/\/soclose.mx\/blog\/tag\/juan-rulfo-frases-mujeres\/","og_locale":"es_MX","og_type":"article","og_title":"\u00bfQui\u00e9n era Fernando del Solar, el argentino m\u00e1s mexicano de la televisi\u00f3n? - So Close","og_description":"Fernando del Solar, uno de los conductores de televisi\u00f3n m\u00e1s carism\u00e1ticos y queridos, falleci\u00f3 un 30 de junio, luego de varios a\u00f1os de lucha contra el c\u00e1ncer. Te dejamos algunos datos del nacido en Argentina, pero mexicano por adopci\u00f3n. Cruz Azul. Cada que pod\u00eda, demostraba su amor por el equipo celeste y celebr\u00f3 a lo grande el t\u00edtulo de liga conseguido el a\u00f1o pasado. En su natal Argentina, estudi\u00f3 la carrera de T\u00e9cnico Electr\u00f3nico. Antes de venir a M\u00e9xico, \u00e9l confes\u00f3 que lo \u00fanico que conoc\u00eda de nuestro pa\u00eds era Ver\u00f3nica Castro, El Chavo del 8 y Speedy Gonz\u00e1lez. Su","og_url":"https:\/\/soclose.mx\/blog\/tag\/juan-rulfo-frases-mujeres\/","og_site_name":"So Close","article_published_time":"2022-07-01T01:21:54+00:00","article_modified_time":"2023-06-14T20:11:03+00:00","og_image":[{"width":1155,"height":739,"url":"https:\/\/i0.wp.com\/soclose.mx\/blog\/wp-content\/uploads\/2022\/06\/Captura-de-Pantalla-2022-06-30-a-las-20.14.41.png?fit=1155%2C739&ssl=1","type":"image\/png"}],"author":"Daniel Ram\u00edrez","twitter_card":"summary_large_image","twitter_misc":{"Escrito por":"Daniel Ram\u00edrez","Tiempo de lectura":"2 minutos"},"schema":{"@context":"https:\/\/schema.org","@graph":[{"@type":"Article","@id":"https:\/\/soclose.mx\/blog\/tag\/juan-rulfo-frases-mujeres\/#article","isPartOf":{"@id":"https:\/\/soclose.mx\/blog\/tag\/juan-rulfo-frases-mujeres\/"},"author":{"name":"Daniel Ram\u00edrez","@id":"https:\/\/soclose.mx\/blog\/#\/schema\/person\/54cd06c3a8cdc01a80c08725278aff88"},"headline":"\u00bfQui\u00e9n era Fernando del Solar, el argentino m\u00e1s mexicano de la televisi\u00f3n?","datePublished":"2022-07-01T01:21:54+00:00","dateModified":"2023-06-14T20:11:03+00:00","mainEntityOfPage":{"@id":"https:\/\/soclose.mx\/blog\/tag\/juan-rulfo-frases-mujeres\/"},"wordCount":287,"commentCount":0,"publisher":{"@id":"https:\/\/soclose.mx\/blog\/#organization"},"image":{"@id":"https:\/\/soclose.mx\/blog\/tag\/juan-rulfo-frases-mujeres\/#primaryimage"},"thumbnailUrl":"https:\/\/i0.wp.com\/soclose.mx\/blog\/wp-content\/uploads\/2022\/06\/Captura-de-Pantalla-2022-06-30-a-las-20.14.41.png?fit=1155%2C739&ssl=1","keywords":["fallecimiento","fernando del solar","ingrid coronado","programa hoy","tv azteca","venga la alegria"],"articleSection":["A la mexicana"],"inLanguage":"es","potentialAction":[{"@type":"CommentAction","name":"Comment","target":["https:\/\/soclose.mx\/blog\/tag\/juan-rulfo-frases-mujeres\/#respond"]}]},{"@type":"WebPage","@id":"https:\/\/soclose.mx\/blog\/tag\/juan-rulfo-frases-mujeres\/","url":"https:\/\/soclose.mx\/blog\/tag\/juan-rulfo-frases-mujeres\/","name":"\u00bfQui\u00e9n era Fernando del Solar, el argentino m\u00e1s mexicano de la televisi\u00f3n? - So Close","isPartOf":{"@id":"https:\/\/soclose.mx\/blog\/#website"},"primaryImageOfPage":{"@id":"https:\/\/soclose.mx\/blog\/tag\/juan-rulfo-frases-mujeres\/#primaryimage"},"image":{"@id":"https:\/\/soclose.mx\/blog\/tag\/juan-rulfo-frases-mujeres\/#primaryimage"},"thumbnailUrl":"https:\/\/i0.wp.com\/soclose.mx\/blog\/wp-content\/uploads\/2022\/06\/Captura-de-Pantalla-2022-06-30-a-las-20.14.41.png?fit=1155%2C739&ssl=1","datePublished":"2022-07-01T01:21:54+00:00","dateModified":"2023-06-14T20:11:03+00:00","breadcrumb":{"@id":"https:\/\/soclose.mx\/blog\/tag\/juan-rulfo-frases-mujeres\/#breadcrumb"},"inLanguage":"es","potentialAction":[{"@type":"ReadAction","target":["https:\/\/soclose.mx\/blog\/tag\/juan-rulfo-frases-mujeres\/"]}]},{"@type":"ImageObject","inLanguage":"es","@id":"https:\/\/soclose.mx\/blog\/tag\/juan-rulfo-frases-mujeres\/#primaryimage","url":"https:\/\/i0.wp.com\/soclose.mx\/blog\/wp-content\/uploads\/2022\/06\/Captura-de-Pantalla-2022-06-30-a-las-20.14.41.png?fit=1155%2C739&ssl=1","contentUrl":"https:\/\/i0.wp.com\/soclose.mx\/blog\/wp-content\/uploads\/2022\/06\/Captura-de-Pantalla-2022-06-30-a-las-20.14.41.png?fit=1155%2C739&ssl=1","width":1155,"height":739},{"@type":"BreadcrumbList","@id":"https:\/\/soclose.mx\/blog\/tag\/juan-rulfo-frases-mujeres\/#breadcrumb","itemListElement":[{"@type":"ListItem","position":1,"name":"Inicio","item":"https:\/\/soclose.mx\/blog\/"},{"@type":"ListItem","position":2,"name":"\u00bfQui\u00e9n era Fernando del Solar, el argentino m\u00e1s mexicano de la televisi\u00f3n?"}]},{"@type":"WebSite","@id":"https:\/\/soclose.mx\/blog\/#website","url":"https:\/\/soclose.mx\/blog\/","name":"So Close","description":"Hacemos contenidos de M\u00e9xico","publisher":{"@id":"https:\/\/soclose.mx\/blog\/#organization"},"potentialAction":[{"@type":"SearchAction","target":{"@type":"EntryPoint","urlTemplate":"https:\/\/soclose.mx\/blog\/?s={search_term_string}"},"query-input":{"@type":"PropertyValueSpecification","valueRequired":true,"valueName":"search_term_string"}}],"inLanguage":"es"},{"@type":"Organization","@id":"https:\/\/soclose.mx\/blog\/#organization","name":"So Close","url":"https:\/\/soclose.mx\/blog\/","logo":{"@type":"ImageObject","inLanguage":"es","@id":"https:\/\/soclose.mx\/blog\/#\/schema\/logo\/image\/","url":"https:\/\/i0.wp.com\/soclose.mx\/blog\/wp-content\/uploads\/2020\/12\/LOGO_SOCLOSE_COLOR-e1608310133507.png?fit=2858%2C1264&ssl=1","contentUrl":"https:\/\/i0.wp.com\/soclose.mx\/blog\/wp-content\/uploads\/2020\/12\/LOGO_SOCLOSE_COLOR-e1608310133507.png?fit=2858%2C1264&ssl=1","width":2858,"height":1264,"caption":"So Close"},"image":{"@id":"https:\/\/soclose.mx\/blog\/#\/schema\/logo\/image\/"}},{"@type":"Person","@id":"https:\/\/soclose.mx\/blog\/#\/schema\/person\/54cd06c3a8cdc01a80c08725278aff88","name":"Daniel Ram\u00edrez","image":{"@type":"ImageObject","inLanguage":"es","@id":"https:\/\/soclose.mx\/blog\/#\/schema\/person\/image\/","url":"https:\/\/secure.gravatar.com\/avatar\/74af6012f2e898d2be93cf32e26b59a2c9489743c9ca6270d7848b44edd7d272?s=96&d=mm&r=g","contentUrl":"https:\/\/secure.gravatar.com\/avatar\/74af6012f2e898d2be93cf32e26b59a2c9489743c9ca6270d7848b44edd7d272?s=96&d=mm&r=g","caption":"Daniel Ram\u00edrez"},"url":"https:\/\/soclose.mx\/blog\/author\/peter\/"}]}},"jetpack_featured_media_url":"https:\/\/i0.wp.com\/soclose.mx\/blog\/wp-content\/uploads\/2022\/06\/Captura-de-Pantalla-2022-06-30-a-las-20.14.41.png?fit=1155%2C739&ssl=1","jetpack-related-posts":[{"id":13214,"url":"https:\/\/soclose.mx\/blog\/a-la-mexicana\/los-programas-de-chismes-de-television-mas-populares-de-mexico\/","url_meta":{"origin":10443,"position":0},"title":"Los programas de chismes de televisi\u00f3n m\u00e1s populares de M\u00e9xico","author":"Emmanuel Oviedo","date":"23 febrero, 2024","format":false,"excerpt":"La televisi\u00f3n mexicana tambi\u00e9n cuenta con una gran tradici\u00f3n, tanto por sus programas como por los conductores que han destacado en esta labor. Ya sean deportes o espect\u00e1culos, M\u00e9xico cuenta con programas muy interesantes para nuestro entretenimiento. Por lo tanto, aqu\u00ed destacaremos los programas de chismes m\u00e1s populares y entrenados\u2026","rel":"","context":"En &quot;A la mexicana&quot;","block_context":{"text":"A la mexicana","link":"https:\/\/soclose.mx\/blog\/category\/a-la-mexicana\/"},"img":{"alt_text":"","src":"https:\/\/i0.wp.com\/soclose.mx\/blog\/wp-content\/uploads\/2024\/02\/Chismes-television.jpg?fit=800%2C600&ssl=1&resize=350%2C200","width":350,"height":200,"srcset":"https:\/\/i0.wp.com\/soclose.mx\/blog\/wp-content\/uploads\/2024\/02\/Chismes-television.jpg?fit=800%2C600&ssl=1&resize=350%2C200 1x, https:\/\/i0.wp.com\/soclose.mx\/blog\/wp-content\/uploads\/2024\/02\/Chismes-television.jpg?fit=800%2C600&ssl=1&resize=525%2C300 1.5x, https:\/\/i0.wp.com\/soclose.mx\/blog\/wp-content\/uploads\/2024\/02\/Chismes-television.jpg?fit=800%2C600&ssl=1&resize=700%2C400 2x"},"classes":[]},{"id":14710,"url":"https:\/\/soclose.mx\/blog\/a-la-mexicana\/daniel-bisogno-el-conductor-de-ventaneando-que-dejo-huella-en-la-television-mexicana\/","url_meta":{"origin":10443,"position":1},"title":"Daniel Bisogno: El Conductor de Ventaneando que Dej\u00f3 Huella en la Televisi\u00f3n Mexicana","author":"So Close","date":"21 febrero, 2025","format":false,"excerpt":"Daniel Bisogno: El Conductor de Ventaneando, conocido cari\u00f1osamente como \"El Mu\u00f1eco\", fue un destacado presentador de televisi\u00f3n y figura emblem\u00e1tica del programa de TV Azteca. Nacido el 19 de mayo de 1973 en la Ciudad de M\u00e9xico, Bisogno dej\u00f3 una marca indeleble en el mundo del entretenimiento mexicano con su\u2026","rel":"","context":"En &quot;A la mexicana&quot;","block_context":{"text":"A la mexicana","link":"https:\/\/soclose.mx\/blog\/category\/a-la-mexicana\/"},"img":{"alt_text":"Daniel Bisogno","src":"https:\/\/i0.wp.com\/soclose.mx\/blog\/wp-content\/uploads\/2025\/02\/Daniel-Bisogno.jpg?fit=1200%2C675&ssl=1&resize=350%2C200","width":350,"height":200,"srcset":"https:\/\/i0.wp.com\/soclose.mx\/blog\/wp-content\/uploads\/2025\/02\/Daniel-Bisogno.jpg?fit=1200%2C675&ssl=1&resize=350%2C200 1x, https:\/\/i0.wp.com\/soclose.mx\/blog\/wp-content\/uploads\/2025\/02\/Daniel-Bisogno.jpg?fit=1200%2C675&ssl=1&resize=525%2C300 1.5x, https:\/\/i0.wp.com\/soclose.mx\/blog\/wp-content\/uploads\/2025\/02\/Daniel-Bisogno.jpg?fit=1200%2C675&ssl=1&resize=700%2C400 2x, https:\/\/i0.wp.com\/soclose.mx\/blog\/wp-content\/uploads\/2025\/02\/Daniel-Bisogno.jpg?fit=1200%2C675&ssl=1&resize=1050%2C600 3x"},"classes":[]},{"id":14315,"url":"https:\/\/soclose.mx\/blog\/seleccion-mexicana\/por-que-le-decian-el-toro-a-fernando-valenzuela\/","url_meta":{"origin":10443,"position":2},"title":"\u00bfPor qu\u00e9 le dec\u00edan &#8220;El Toro&#8221; a Fernando Valenzuela?","author":"So Close","date":"23 octubre, 2024","format":false,"excerpt":"Fernando Valenzuela, el legendario pitcher mexicano, es recordado por su talento innato, su carisma y, por supuesto, su apodo: \"El Toro\". Pero, \u00bfpor qu\u00e9 le dec\u00edan \"El Toro\" a Fernando Valenzuela? Este sobrenombre se convirti\u00f3 en sin\u00f3nimo de fuerza, determinaci\u00f3n y pasi\u00f3n, cualidades que definieron la carrera de este \u00eddolo\u2026","rel":"","context":"En &quot;Selecci\u00f3n mexicana&quot;","block_context":{"text":"Selecci\u00f3n mexicana","link":"https:\/\/soclose.mx\/blog\/category\/seleccion-mexicana\/"},"img":{"alt_text":"Fernando, \"El Toro\", Valenzuela","src":"https:\/\/i0.wp.com\/soclose.mx\/blog\/wp-content\/uploads\/2024\/10\/Fernando-Valenzuela-1.jpg?fit=1200%2C675&ssl=1&resize=350%2C200","width":350,"height":200,"srcset":"https:\/\/i0.wp.com\/soclose.mx\/blog\/wp-content\/uploads\/2024\/10\/Fernando-Valenzuela-1.jpg?fit=1200%2C675&ssl=1&resize=350%2C200 1x, https:\/\/i0.wp.com\/soclose.mx\/blog\/wp-content\/uploads\/2024\/10\/Fernando-Valenzuela-1.jpg?fit=1200%2C675&ssl=1&resize=525%2C300 1.5x, https:\/\/i0.wp.com\/soclose.mx\/blog\/wp-content\/uploads\/2024\/10\/Fernando-Valenzuela-1.jpg?fit=1200%2C675&ssl=1&resize=700%2C400 2x, https:\/\/i0.wp.com\/soclose.mx\/blog\/wp-content\/uploads\/2024\/10\/Fernando-Valenzuela-1.jpg?fit=1200%2C675&ssl=1&resize=1050%2C600 3x"},"classes":[]},{"id":14232,"url":"https:\/\/soclose.mx\/blog\/ay-goeeee\/el-legado-de-fernando-valenzuela-y-la-fernandomania-en-las-grandes-ligas\/","url_meta":{"origin":10443,"position":3},"title":"El legado de Fernando Valenzuela y La Fernandoman\u00eda en las grandes ligas","author":"So Close","date":"2 octubre, 2024","format":false,"excerpt":"Fernando Valenzuela, el legendario lanzador mexicano, dej\u00f3 una huella imborrable en el mundo del b\u00e9isbol. Su talento innato, carisma y entrega lo convirtieron en un \u00eddolo para millones de fan\u00e1ticos en M\u00e9xico y Estados Unidos. El legado de Fernando Valenzuela, conocido como \"El Toro\", fue tal que su nombre se\u2026","rel":"","context":"En &quot;\u00a1Ay goeeee!&quot;","block_context":{"text":"\u00a1Ay goeeee!","link":"https:\/\/soclose.mx\/blog\/category\/ay-goeeee\/"},"img":{"alt_text":"Pitcher mexicano, Fernando el Toro Valenzuela","src":"https:\/\/i0.wp.com\/soclose.mx\/blog\/wp-content\/uploads\/2024\/10\/Fotos-notas-So-Close-home-6.jpg?fit=1200%2C675&ssl=1&resize=350%2C200","width":350,"height":200,"srcset":"https:\/\/i0.wp.com\/soclose.mx\/blog\/wp-content\/uploads\/2024\/10\/Fotos-notas-So-Close-home-6.jpg?fit=1200%2C675&ssl=1&resize=350%2C200 1x, https:\/\/i0.wp.com\/soclose.mx\/blog\/wp-content\/uploads\/2024\/10\/Fotos-notas-So-Close-home-6.jpg?fit=1200%2C675&ssl=1&resize=525%2C300 1.5x, https:\/\/i0.wp.com\/soclose.mx\/blog\/wp-content\/uploads\/2024\/10\/Fotos-notas-So-Close-home-6.jpg?fit=1200%2C675&ssl=1&resize=700%2C400 2x, https:\/\/i0.wp.com\/soclose.mx\/blog\/wp-content\/uploads\/2024\/10\/Fotos-notas-So-Close-home-6.jpg?fit=1200%2C675&ssl=1&resize=1050%2C600 3x"},"classes":[]},{"id":10774,"url":"https:\/\/soclose.mx\/blog\/ay-goeeee\/fernando-colunga-ultimate-experience-banda-de-metal-de-serbia-inspirada-en-el-actor-mexicano\/","url_meta":{"origin":10443,"position":4},"title":"&#8220;Fernando Colunga Ultimate Experience&#8221;, banda de metal de Serbia inspirada en el actor mexicano","author":"Daniel Ram\u00edrez","date":"30 julio, 2022","format":false,"excerpt":"Si lees:\"Fernando Colunga Ultimate Experience\", lo \u00faltimo que te imaginas es que sea el nombre de una banda de metal que sus integrantes bautizaron as\u00ed en honor al actor mexicano. Y menos si la agrupaci\u00f3n es de un pa\u00eds del que seguramente muchos mexicanos no han oido hablar de \u00e9l\u2026","rel":"","context":"En &quot;\u00a1Ay goeeee!&quot;","block_context":{"text":"\u00a1Ay goeeee!","link":"https:\/\/soclose.mx\/blog\/category\/ay-goeeee\/"},"img":{"alt_text":"","src":"https:\/\/i0.wp.com\/soclose.mx\/blog\/wp-content\/uploads\/2022\/07\/fer-colunga.png?fit=720%2C565&ssl=1&resize=350%2C200","width":350,"height":200,"srcset":"https:\/\/i0.wp.com\/soclose.mx\/blog\/wp-content\/uploads\/2022\/07\/fer-colunga.png?fit=720%2C565&ssl=1&resize=350%2C200 1x, https:\/\/i0.wp.com\/soclose.mx\/blog\/wp-content\/uploads\/2022\/07\/fer-colunga.png?fit=720%2C565&ssl=1&resize=525%2C300 1.5x, https:\/\/i0.wp.com\/soclose.mx\/blog\/wp-content\/uploads\/2022\/07\/fer-colunga.png?fit=720%2C565&ssl=1&resize=700%2C400 2x"},"classes":[]},{"id":7057,"url":"https:\/\/soclose.mx\/blog\/ay-goeeee\/fernando-de-la-pena-mexicano-y-contratista-de-la-nasa\/","url_meta":{"origin":10443,"position":5},"title":"Fernando de la Pe\u00f1a: Mexicano y contratista de la NASA","author":"Miguel Angel Romero","date":"8 septiembre, 2021","format":false,"excerpt":"Se llama Fernando de la Pe\u00f1a Llaca, es mexicano, para ser mas espec\u00edficos, de Tulancingo, Hidalgo y es CEO y presidente de Aexa Aerospace. Este mexicano que ya juega en las grandes ligas espaciales, es\u00a0 ingeniero en Cibern\u00e9tica y Sistemas Computacionales egresado de la Universidad La Salle, en la Ciudad\u2026","rel":"","context":"En &quot;\u00a1Ay goeeee!&quot;","block_context":{"text":"\u00a1Ay goeeee!","link":"https:\/\/soclose.mx\/blog\/category\/ay-goeeee\/"},"img":{"alt_text":"","src":"https:\/\/i0.wp.com\/soclose.mx\/blog\/wp-content\/uploads\/2021\/08\/Principal-So-Close-blog-16-1.jpg?fit=1200%2C677&ssl=1&resize=350%2C200","width":350,"height":200,"srcset":"https:\/\/i0.wp.com\/soclose.mx\/blog\/wp-content\/uploads\/2021\/08\/Principal-So-Close-blog-16-1.jpg?fit=1200%2C677&ssl=1&resize=350%2C200 1x, https:\/\/i0.wp.com\/soclose.mx\/blog\/wp-content\/uploads\/2021\/08\/Principal-So-Close-blog-16-1.jpg?fit=1200%2C677&ssl=1&resize=525%2C300 1.5x, https:\/\/i0.wp.com\/soclose.mx\/blog\/wp-content\/uploads\/2021\/08\/Principal-So-Close-blog-16-1.jpg?fit=1200%2C677&ssl=1&resize=700%2C400 2x, https:\/\/i0.wp.com\/soclose.mx\/blog\/wp-content\/uploads\/2021\/08\/Principal-So-Close-blog-16-1.jpg?fit=1200%2C677&ssl=1&resize=1050%2C600 3x"},"classes":[]}],"jetpack_sharing_enabled":true,"_links":{"self":[{"href":"https:\/\/soclose.mx\/blog\/wp-json\/wp\/v2\/posts\/10443","targetHints":{"allow":["GET"]}}],"collection":[{"href":"https:\/\/soclose.mx\/blog\/wp-json\/wp\/v2\/posts"}],"about":[{"href":"https:\/\/soclose.mx\/blog\/wp-json\/wp\/v2\/types\/post"}],"author":[{"embeddable":true,"href":"https:\/\/soclose.mx\/blog\/wp-json\/wp\/v2\/users\/9"}],"replies":[{"embeddable":true,"href":"https:\/\/soclose.mx\/blog\/wp-json\/wp\/v2\/comments?post=10443"}],"version-history":[{"count":0,"href":"https:\/\/soclose.mx\/blog\/wp-json\/wp\/v2\/posts\/10443\/revisions"}],"wp:featuredmedia":[{"embeddable":true,"href":"https:\/\/soclose.mx\/blog\/wp-json\/wp\/v2\/media\/10446"}],"wp:attachment":[{"href":"https:\/\/soclose.mx\/blog\/wp-json\/wp\/v2\/media?parent=10443"}],"wp:term":[{"taxonomy":"category","embeddable":true,"href":"https:\/\/soclose.mx\/blog\/wp-json\/wp\/v2\/categories?post=10443"},{"taxonomy":"post_tag","embeddable":true,"href":"https:\/\/soclose.mx\/blog\/wp-json\/wp\/v2\/tags?post=10443"}],"curies":[{"name":"wp","href":"https:\/\/api.w.org\/{rel}","templated":true}]}}