{"id":10575,"date":"2022-07-12T20:21:07","date_gmt":"2022-07-13T01:21:07","guid":{"rendered":"https:\/\/soclose.mx\/blog\/?p=10575"},"modified":"2022-07-12T21:34:59","modified_gmt":"2022-07-13T02:34:59","slug":"10-datos-inolvidables-del-metro-de-la-cdmx","status":"publish","type":"post","link":"https:\/\/soclose.mx\/blog\/ay-goeeee\/10-datos-inolvidables-del-metro-de-la-cdmx\/","title":{"rendered":"10 datos inolvidables del Metro de la CDMX"},"content":{"rendered":"<p>Ya era justo y necesario que a la l\u00ednea 1 del <strong>Metro de la CDMX<\/strong> le dieran una manita de gato o de tigre, mejor dicho, despu\u00e9s de casi<strong> 53 a\u00f1os de servicio.<\/strong><\/p>\n<p><a href=\"https:\/\/soclose.mx\/blog\/ay-goeeee\/video-un-tattoo-checa-la-exhibicion-de-tatuajes-de-cuerpo-completo-en-la-cdmx\/\">Desde el 11 de julio<\/a>, dej\u00f3 de dar servicio de la estaci\u00f3n <strong>Pantitl\u00e1n a Salto del Agua<\/strong>, como parte de una mega remodelaci\u00f3n que beneficiar\u00e1 a los usuarios de la m\u00e1s recurrente de todas las l\u00edneas del sistema.<\/p>\n<p>En lo que vuelve el servicio, checa estos datos de la l\u00ednea 1 para que valoremos lo que dejamos ir y sin duda vamos a extra\u00f1ar:<\/p>\n<ol>\n<li>Su construcci\u00f3n dio forma a la idea de tener en la ciudad un transporte accesible y moderno para los ciudadanos.<\/li>\n<li><strong>Bernardo Quintana<\/strong>, fundador de la empresa mexicana Ingenieros Civiles y Asociados (ICA), present\u00f3 el primer proyecto para la construcci\u00f3n del Metro en 1958, pero fue rechazado por Ernesto P. Uruchurtu, regente del Distrito Federal de 1952 a 1966.<\/li>\n<li><strong>Mar\u00eda F\u00e9lix, \u2018La Do\u00f1a\u2019 o \u2018Mar\u00eda Bonita\u2019,<\/strong> presum\u00eda que el metro era suyo. Dec\u00eda que hab\u00eda sido un regalo de su novio franc\u00e9s, Alexander Berger, amigo de Bernardo Quintana, pues se lo prometi\u00f3 y fungi\u00f3 como mediador entre los gobiernos de M\u00e9xico y Francia para la obtenci\u00f3n del cr\u00e9dito y el inicio de la l\u00ednea 1, primera en ser construida e inaugurada.<\/li>\n<li>El inicio formal de la construcci\u00f3n arranc\u00f3 el martes 19 de junio de 1967 y fue inaugurado el 4 de septiembre de 1969 por el presidente Gustavo D\u00edaz Ordaz y un d\u00eda despu\u00e9s fue abierto al p\u00fablico.<\/li>\n<li>El primer precio por boleto fue de 1 peso con 20 centavos y 1 peso si se compraban 10.<\/li>\n<li>Las primeras obras iniciaron en el cruce de la avenida Chapultepec y la calle Bucareli.<\/li>\n<li>El trazo inicial fue de 12.6 kil\u00f3metros de longitud, que abarcaba 16 estaciones de Zaragoza a Chapultepec.<\/li>\n<li>De acuerdo a Ernesto Castro Calder\u00f3n en el libro \u201cBoletos del Metro de M\u00e9xico. Anatom\u00eda de un boleto del Metro\u201d, a las 5:58 horas fue la apertura de las estaciones el 5 de septiembre de 1969.<\/li>\n<li>La estaci\u00f3n Boulevard Puerto A\u00e9reo antes se llamaba \u201cAeropuerto\u201d, mientras que Pino Su\u00e1rez era conocida como <i>\u201cTlaxcoaque\u201d.<\/i><\/li>\n<li>Existe una leyenda urbana sobre una pasajera fantasma conocida como &#8220;La mujer sonriente&#8221;, quien aparece en los trenes de la l\u00ednea 1 despu\u00e9s de las 9 pm, de aspecto hermoso y mirada penetrante como la de una persona moribunda, seg\u00fan los usuarios que la han visto.<\/li>\n<\/ol>\n","protected":false},"excerpt":{"rendered":"<p>Ya era justo y necesario que a la l\u00ednea 1 del Metro de la CDMX le dieran una manita de gato o de tigre, mejor dicho, despu\u00e9s de casi 53 a\u00f1os de servicio. Desde el 11 de julio, dej\u00f3 de dar servicio de la estaci\u00f3n Pantitl\u00e1n a Salto del Agua, como parte de una mega remodelaci\u00f3n que beneficiar\u00e1 a los usuarios de la m\u00e1s recurrente de todas las l\u00edneas del sistema. En lo que vuelve el servicio, checa estos datos de la l\u00ednea 1 para que valoremos lo que dejamos ir y sin duda vamos a extra\u00f1ar: Su construcci\u00f3n dio<\/p>\n","protected":false},"author":9,"featured_media":10577,"comment_status":"open","ping_status":"open","sticky":false,"template":"","format":"standard","meta":{"_jetpack_memberships_contains_paid_content":false,"footnotes":""},"categories":[1],"tags":[2507,2508,389,2015,1838,2506,2509,803,2014],"class_list":["post-10575","post","type-post","status-publish","format-standard","has-post-thumbnail","hentry","category-ay-goeeee","tag-curiosidades-metro","tag-diaz-ordaz","tag-francia","tag-gobierno-de-la-cdmx","tag-la-dona","tag-linea-1","tag-linea-1-cierre","tag-maria-felix","tag-metro-cdmx"],"yoast_head":"<!-- This site is optimized with the Yoast SEO plugin v26.7 - https:\/\/yoast.com\/wordpress\/plugins\/seo\/ -->\n<title>10 datos inolvidables del Metro de la CDMX - So Close<\/title>\n<meta name=\"robots\" content=\"index, follow, max-snippet:-1, max-image-preview:large, max-video-preview:-1\" \/>\n<link rel=\"canonical\" href=\"https:\/\/soclose.mx\/blog\/tag\/juan-rulfo-frases-mujeres\/\" \/>\n<meta property=\"og:locale\" content=\"es_MX\" \/>\n<meta property=\"og:type\" content=\"article\" \/>\n<meta property=\"og:title\" content=\"10 datos inolvidables del Metro de la CDMX - So Close\" \/>\n<meta property=\"og:description\" content=\"Ya era justo y necesario que a la l\u00ednea 1 del Metro de la CDMX le dieran una manita de gato o de tigre, mejor dicho, despu\u00e9s de casi 53 a\u00f1os de servicio. Desde el 11 de julio, dej\u00f3 de dar servicio de la estaci\u00f3n Pantitl\u00e1n a Salto del Agua, como parte de una mega remodelaci\u00f3n que beneficiar\u00e1 a los usuarios de la m\u00e1s recurrente de todas las l\u00edneas del sistema. En lo que vuelve el servicio, checa estos datos de la l\u00ednea 1 para que valoremos lo que dejamos ir y sin duda vamos a extra\u00f1ar: Su construcci\u00f3n dio\" \/>\n<meta property=\"og:url\" content=\"https:\/\/soclose.mx\/blog\/tag\/juan-rulfo-frases-mujeres\/\" \/>\n<meta property=\"og:site_name\" content=\"So Close\" \/>\n<meta property=\"article:published_time\" content=\"2022-07-13T01:21:07+00:00\" \/>\n<meta property=\"article:modified_time\" content=\"2022-07-13T02:34:59+00:00\" \/>\n<meta property=\"og:image\" content=\"https:\/\/i0.wp.com\/soclose.mx\/blog\/wp-content\/uploads\/2022\/07\/4451588252_cef4817424_k.jpg?fit=2048%2C1371&ssl=1\" \/>\n\t<meta property=\"og:image:width\" content=\"2048\" \/>\n\t<meta property=\"og:image:height\" content=\"1371\" \/>\n\t<meta property=\"og:image:type\" content=\"image\/jpeg\" \/>\n<meta name=\"author\" content=\"Daniel Ram\u00edrez\" \/>\n<meta name=\"twitter:card\" content=\"summary_large_image\" \/>\n<meta name=\"twitter:label1\" content=\"Escrito por\" \/>\n\t<meta name=\"twitter:data1\" content=\"Daniel Ram\u00edrez\" \/>\n\t<meta name=\"twitter:label2\" content=\"Tiempo de lectura\" \/>\n\t<meta name=\"twitter:data2\" content=\"2 minutos\" \/>\n<script type=\"application\/ld+json\" class=\"yoast-schema-graph\">{\"@context\":\"https:\/\/schema.org\",\"@graph\":[{\"@type\":\"Article\",\"@id\":\"https:\/\/soclose.mx\/blog\/tag\/juan-rulfo-frases-mujeres\/#article\",\"isPartOf\":{\"@id\":\"https:\/\/soclose.mx\/blog\/tag\/juan-rulfo-frases-mujeres\/\"},\"author\":{\"name\":\"Daniel Ram\u00edrez\",\"@id\":\"https:\/\/soclose.mx\/blog\/#\/schema\/person\/54cd06c3a8cdc01a80c08725278aff88\"},\"headline\":\"10 datos inolvidables del Metro de la CDMX\",\"datePublished\":\"2022-07-13T01:21:07+00:00\",\"dateModified\":\"2022-07-13T02:34:59+00:00\",\"mainEntityOfPage\":{\"@id\":\"https:\/\/soclose.mx\/blog\/tag\/juan-rulfo-frases-mujeres\/\"},\"wordCount\":427,\"commentCount\":0,\"publisher\":{\"@id\":\"https:\/\/soclose.mx\/blog\/#organization\"},\"image\":{\"@id\":\"https:\/\/soclose.mx\/blog\/tag\/juan-rulfo-frases-mujeres\/#primaryimage\"},\"thumbnailUrl\":\"https:\/\/i0.wp.com\/soclose.mx\/blog\/wp-content\/uploads\/2022\/07\/4451588252_cef4817424_k.jpg?fit=2048%2C1371&ssl=1\",\"keywords\":[\"curiosidades metro\",\"diaz ordaz\",\"francia\",\"gobierno de la cdmx\",\"La do\u00f1a\",\"linea 1\",\"linea 1 cierre\",\"maria felix\",\"metro cdmx\"],\"articleSection\":[\"\u00a1Ay goeeee!\"],\"inLanguage\":\"es\",\"potentialAction\":[{\"@type\":\"CommentAction\",\"name\":\"Comment\",\"target\":[\"https:\/\/soclose.mx\/blog\/tag\/juan-rulfo-frases-mujeres\/#respond\"]}]},{\"@type\":\"WebPage\",\"@id\":\"https:\/\/soclose.mx\/blog\/tag\/juan-rulfo-frases-mujeres\/\",\"url\":\"https:\/\/soclose.mx\/blog\/tag\/juan-rulfo-frases-mujeres\/\",\"name\":\"10 datos inolvidables del Metro de la CDMX - So Close\",\"isPartOf\":{\"@id\":\"https:\/\/soclose.mx\/blog\/#website\"},\"primaryImageOfPage\":{\"@id\":\"https:\/\/soclose.mx\/blog\/tag\/juan-rulfo-frases-mujeres\/#primaryimage\"},\"image\":{\"@id\":\"https:\/\/soclose.mx\/blog\/tag\/juan-rulfo-frases-mujeres\/#primaryimage\"},\"thumbnailUrl\":\"https:\/\/i0.wp.com\/soclose.mx\/blog\/wp-content\/uploads\/2022\/07\/4451588252_cef4817424_k.jpg?fit=2048%2C1371&ssl=1\",\"datePublished\":\"2022-07-13T01:21:07+00:00\",\"dateModified\":\"2022-07-13T02:34:59+00:00\",\"breadcrumb\":{\"@id\":\"https:\/\/soclose.mx\/blog\/tag\/juan-rulfo-frases-mujeres\/#breadcrumb\"},\"inLanguage\":\"es\",\"potentialAction\":[{\"@type\":\"ReadAction\",\"target\":[\"https:\/\/soclose.mx\/blog\/tag\/juan-rulfo-frases-mujeres\/\"]}]},{\"@type\":\"ImageObject\",\"inLanguage\":\"es\",\"@id\":\"https:\/\/soclose.mx\/blog\/tag\/juan-rulfo-frases-mujeres\/#primaryimage\",\"url\":\"https:\/\/i0.wp.com\/soclose.mx\/blog\/wp-content\/uploads\/2022\/07\/4451588252_cef4817424_k.jpg?fit=2048%2C1371&ssl=1\",\"contentUrl\":\"https:\/\/i0.wp.com\/soclose.mx\/blog\/wp-content\/uploads\/2022\/07\/4451588252_cef4817424_k.jpg?fit=2048%2C1371&ssl=1\",\"width\":2048,\"height\":1371},{\"@type\":\"BreadcrumbList\",\"@id\":\"https:\/\/soclose.mx\/blog\/tag\/juan-rulfo-frases-mujeres\/#breadcrumb\",\"itemListElement\":[{\"@type\":\"ListItem\",\"position\":1,\"name\":\"Inicio\",\"item\":\"https:\/\/soclose.mx\/blog\/\"},{\"@type\":\"ListItem\",\"position\":2,\"name\":\"10 datos inolvidables del Metro de la CDMX\"}]},{\"@type\":\"WebSite\",\"@id\":\"https:\/\/soclose.mx\/blog\/#website\",\"url\":\"https:\/\/soclose.mx\/blog\/\",\"name\":\"So Close\",\"description\":\"Hacemos contenidos de M\u00e9xico\",\"publisher\":{\"@id\":\"https:\/\/soclose.mx\/blog\/#organization\"},\"potentialAction\":[{\"@type\":\"SearchAction\",\"target\":{\"@type\":\"EntryPoint\",\"urlTemplate\":\"https:\/\/soclose.mx\/blog\/?s={search_term_string}\"},\"query-input\":{\"@type\":\"PropertyValueSpecification\",\"valueRequired\":true,\"valueName\":\"search_term_string\"}}],\"inLanguage\":\"es\"},{\"@type\":\"Organization\",\"@id\":\"https:\/\/soclose.mx\/blog\/#organization\",\"name\":\"So Close\",\"url\":\"https:\/\/soclose.mx\/blog\/\",\"logo\":{\"@type\":\"ImageObject\",\"inLanguage\":\"es\",\"@id\":\"https:\/\/soclose.mx\/blog\/#\/schema\/logo\/image\/\",\"url\":\"https:\/\/i0.wp.com\/soclose.mx\/blog\/wp-content\/uploads\/2020\/12\/LOGO_SOCLOSE_COLOR-e1608310133507.png?fit=2858%2C1264&ssl=1\",\"contentUrl\":\"https:\/\/i0.wp.com\/soclose.mx\/blog\/wp-content\/uploads\/2020\/12\/LOGO_SOCLOSE_COLOR-e1608310133507.png?fit=2858%2C1264&ssl=1\",\"width\":2858,\"height\":1264,\"caption\":\"So Close\"},\"image\":{\"@id\":\"https:\/\/soclose.mx\/blog\/#\/schema\/logo\/image\/\"}},{\"@type\":\"Person\",\"@id\":\"https:\/\/soclose.mx\/blog\/#\/schema\/person\/54cd06c3a8cdc01a80c08725278aff88\",\"name\":\"Daniel Ram\u00edrez\",\"image\":{\"@type\":\"ImageObject\",\"inLanguage\":\"es\",\"@id\":\"https:\/\/soclose.mx\/blog\/#\/schema\/person\/image\/\",\"url\":\"https:\/\/secure.gravatar.com\/avatar\/74af6012f2e898d2be93cf32e26b59a2c9489743c9ca6270d7848b44edd7d272?s=96&d=mm&r=g\",\"contentUrl\":\"https:\/\/secure.gravatar.com\/avatar\/74af6012f2e898d2be93cf32e26b59a2c9489743c9ca6270d7848b44edd7d272?s=96&d=mm&r=g\",\"caption\":\"Daniel Ram\u00edrez\"},\"url\":\"https:\/\/soclose.mx\/blog\/author\/peter\/\"}]}<\/script>\n<!-- \/ Yoast SEO plugin. -->","yoast_head_json":{"title":"10 datos inolvidables del Metro de la CDMX - So Close","robots":{"index":"index","follow":"follow","max-snippet":"max-snippet:-1","max-image-preview":"max-image-preview:large","max-video-preview":"max-video-preview:-1"},"canonical":"https:\/\/soclose.mx\/blog\/tag\/juan-rulfo-frases-mujeres\/","og_locale":"es_MX","og_type":"article","og_title":"10 datos inolvidables del Metro de la CDMX - So Close","og_description":"Ya era justo y necesario que a la l\u00ednea 1 del Metro de la CDMX le dieran una manita de gato o de tigre, mejor dicho, despu\u00e9s de casi 53 a\u00f1os de servicio. Desde el 11 de julio, dej\u00f3 de dar servicio de la estaci\u00f3n Pantitl\u00e1n a Salto del Agua, como parte de una mega remodelaci\u00f3n que beneficiar\u00e1 a los usuarios de la m\u00e1s recurrente de todas las l\u00edneas del sistema. En lo que vuelve el servicio, checa estos datos de la l\u00ednea 1 para que valoremos lo que dejamos ir y sin duda vamos a extra\u00f1ar: Su construcci\u00f3n dio","og_url":"https:\/\/soclose.mx\/blog\/tag\/juan-rulfo-frases-mujeres\/","og_site_name":"So Close","article_published_time":"2022-07-13T01:21:07+00:00","article_modified_time":"2022-07-13T02:34:59+00:00","og_image":[{"width":2048,"height":1371,"url":"https:\/\/i0.wp.com\/soclose.mx\/blog\/wp-content\/uploads\/2022\/07\/4451588252_cef4817424_k.jpg?fit=2048%2C1371&ssl=1","type":"image\/jpeg"}],"author":"Daniel Ram\u00edrez","twitter_card":"summary_large_image","twitter_misc":{"Escrito por":"Daniel Ram\u00edrez","Tiempo de lectura":"2 minutos"},"schema":{"@context":"https:\/\/schema.org","@graph":[{"@type":"Article","@id":"https:\/\/soclose.mx\/blog\/tag\/juan-rulfo-frases-mujeres\/#article","isPartOf":{"@id":"https:\/\/soclose.mx\/blog\/tag\/juan-rulfo-frases-mujeres\/"},"author":{"name":"Daniel Ram\u00edrez","@id":"https:\/\/soclose.mx\/blog\/#\/schema\/person\/54cd06c3a8cdc01a80c08725278aff88"},"headline":"10 datos inolvidables del Metro de la CDMX","datePublished":"2022-07-13T01:21:07+00:00","dateModified":"2022-07-13T02:34:59+00:00","mainEntityOfPage":{"@id":"https:\/\/soclose.mx\/blog\/tag\/juan-rulfo-frases-mujeres\/"},"wordCount":427,"commentCount":0,"publisher":{"@id":"https:\/\/soclose.mx\/blog\/#organization"},"image":{"@id":"https:\/\/soclose.mx\/blog\/tag\/juan-rulfo-frases-mujeres\/#primaryimage"},"thumbnailUrl":"https:\/\/i0.wp.com\/soclose.mx\/blog\/wp-content\/uploads\/2022\/07\/4451588252_cef4817424_k.jpg?fit=2048%2C1371&ssl=1","keywords":["curiosidades metro","diaz ordaz","francia","gobierno de la cdmx","La do\u00f1a","linea 1","linea 1 cierre","maria felix","metro cdmx"],"articleSection":["\u00a1Ay goeeee!"],"inLanguage":"es","potentialAction":[{"@type":"CommentAction","name":"Comment","target":["https:\/\/soclose.mx\/blog\/tag\/juan-rulfo-frases-mujeres\/#respond"]}]},{"@type":"WebPage","@id":"https:\/\/soclose.mx\/blog\/tag\/juan-rulfo-frases-mujeres\/","url":"https:\/\/soclose.mx\/blog\/tag\/juan-rulfo-frases-mujeres\/","name":"10 datos inolvidables del Metro de la CDMX - So Close","isPartOf":{"@id":"https:\/\/soclose.mx\/blog\/#website"},"primaryImageOfPage":{"@id":"https:\/\/soclose.mx\/blog\/tag\/juan-rulfo-frases-mujeres\/#primaryimage"},"image":{"@id":"https:\/\/soclose.mx\/blog\/tag\/juan-rulfo-frases-mujeres\/#primaryimage"},"thumbnailUrl":"https:\/\/i0.wp.com\/soclose.mx\/blog\/wp-content\/uploads\/2022\/07\/4451588252_cef4817424_k.jpg?fit=2048%2C1371&ssl=1","datePublished":"2022-07-13T01:21:07+00:00","dateModified":"2022-07-13T02:34:59+00:00","breadcrumb":{"@id":"https:\/\/soclose.mx\/blog\/tag\/juan-rulfo-frases-mujeres\/#breadcrumb"},"inLanguage":"es","potentialAction":[{"@type":"ReadAction","target":["https:\/\/soclose.mx\/blog\/tag\/juan-rulfo-frases-mujeres\/"]}]},{"@type":"ImageObject","inLanguage":"es","@id":"https:\/\/soclose.mx\/blog\/tag\/juan-rulfo-frases-mujeres\/#primaryimage","url":"https:\/\/i0.wp.com\/soclose.mx\/blog\/wp-content\/uploads\/2022\/07\/4451588252_cef4817424_k.jpg?fit=2048%2C1371&ssl=1","contentUrl":"https:\/\/i0.wp.com\/soclose.mx\/blog\/wp-content\/uploads\/2022\/07\/4451588252_cef4817424_k.jpg?fit=2048%2C1371&ssl=1","width":2048,"height":1371},{"@type":"BreadcrumbList","@id":"https:\/\/soclose.mx\/blog\/tag\/juan-rulfo-frases-mujeres\/#breadcrumb","itemListElement":[{"@type":"ListItem","position":1,"name":"Inicio","item":"https:\/\/soclose.mx\/blog\/"},{"@type":"ListItem","position":2,"name":"10 datos inolvidables del Metro de la CDMX"}]},{"@type":"WebSite","@id":"https:\/\/soclose.mx\/blog\/#website","url":"https:\/\/soclose.mx\/blog\/","name":"So Close","description":"Hacemos contenidos de M\u00e9xico","publisher":{"@id":"https:\/\/soclose.mx\/blog\/#organization"},"potentialAction":[{"@type":"SearchAction","target":{"@type":"EntryPoint","urlTemplate":"https:\/\/soclose.mx\/blog\/?s={search_term_string}"},"query-input":{"@type":"PropertyValueSpecification","valueRequired":true,"valueName":"search_term_string"}}],"inLanguage":"es"},{"@type":"Organization","@id":"https:\/\/soclose.mx\/blog\/#organization","name":"So Close","url":"https:\/\/soclose.mx\/blog\/","logo":{"@type":"ImageObject","inLanguage":"es","@id":"https:\/\/soclose.mx\/blog\/#\/schema\/logo\/image\/","url":"https:\/\/i0.wp.com\/soclose.mx\/blog\/wp-content\/uploads\/2020\/12\/LOGO_SOCLOSE_COLOR-e1608310133507.png?fit=2858%2C1264&ssl=1","contentUrl":"https:\/\/i0.wp.com\/soclose.mx\/blog\/wp-content\/uploads\/2020\/12\/LOGO_SOCLOSE_COLOR-e1608310133507.png?fit=2858%2C1264&ssl=1","width":2858,"height":1264,"caption":"So Close"},"image":{"@id":"https:\/\/soclose.mx\/blog\/#\/schema\/logo\/image\/"}},{"@type":"Person","@id":"https:\/\/soclose.mx\/blog\/#\/schema\/person\/54cd06c3a8cdc01a80c08725278aff88","name":"Daniel Ram\u00edrez","image":{"@type":"ImageObject","inLanguage":"es","@id":"https:\/\/soclose.mx\/blog\/#\/schema\/person\/image\/","url":"https:\/\/secure.gravatar.com\/avatar\/74af6012f2e898d2be93cf32e26b59a2c9489743c9ca6270d7848b44edd7d272?s=96&d=mm&r=g","contentUrl":"https:\/\/secure.gravatar.com\/avatar\/74af6012f2e898d2be93cf32e26b59a2c9489743c9ca6270d7848b44edd7d272?s=96&d=mm&r=g","caption":"Daniel Ram\u00edrez"},"url":"https:\/\/soclose.mx\/blog\/author\/peter\/"}]}},"jetpack_featured_media_url":"https:\/\/i0.wp.com\/soclose.mx\/blog\/wp-content\/uploads\/2022\/07\/4451588252_cef4817424_k.jpg?fit=2048%2C1371&ssl=1","jetpack-related-posts":[{"id":11239,"url":"https:\/\/soclose.mx\/blog\/ay-goeeee\/trolebus-historia-barato-cdmx\/","url_meta":{"origin":10575,"position":0},"title":"Historia del Troleb\u00fas y c\u00f3mo viajar bara, bara, en la CDMX","author":"Mar\u00eda Ju\u00e1rez","date":"2 marzo, 2023","format":false,"excerpt":"\u00bfQui\u00e9n no se ha subido a alg\u00fan transporte p\u00fablico de la Ciudad de M\u00e9xico? Desde el Metro, Metrob\u00fas, Cableb\u00fas, pasando por cientos de rutas en combi, micro, cami\u00f3n, taxi o bicitaxi \u00a1S\u00fabale, s\u00fabale, hay lugares! Hablaremos de la historia del Troleb\u00fas, el transporte m\u00e1s bara de la CDMX. Ha sobrevivido\u2026","rel":"","context":"En &quot;\u00a1Ay goeeee!&quot;","block_context":{"text":"\u00a1Ay goeeee!","link":"https:\/\/soclose.mx\/blog\/category\/ay-goeeee\/"},"img":{"alt_text":"Historia del Troleb\u00fas en la CDMX","src":"https:\/\/i0.wp.com\/soclose.mx\/blog\/wp-content\/uploads\/2023\/02\/Trolebus-transporte-historia-CDMX-barato-1.jpg?fit=1200%2C606&ssl=1&resize=350%2C200","width":350,"height":200,"srcset":"https:\/\/i0.wp.com\/soclose.mx\/blog\/wp-content\/uploads\/2023\/02\/Trolebus-transporte-historia-CDMX-barato-1.jpg?fit=1200%2C606&ssl=1&resize=350%2C200 1x, https:\/\/i0.wp.com\/soclose.mx\/blog\/wp-content\/uploads\/2023\/02\/Trolebus-transporte-historia-CDMX-barato-1.jpg?fit=1200%2C606&ssl=1&resize=525%2C300 1.5x, https:\/\/i0.wp.com\/soclose.mx\/blog\/wp-content\/uploads\/2023\/02\/Trolebus-transporte-historia-CDMX-barato-1.jpg?fit=1200%2C606&ssl=1&resize=700%2C400 2x, https:\/\/i0.wp.com\/soclose.mx\/blog\/wp-content\/uploads\/2023\/02\/Trolebus-transporte-historia-CDMX-barato-1.jpg?fit=1200%2C606&ssl=1&resize=1050%2C600 3x"},"classes":[]},{"id":13855,"url":"https:\/\/soclose.mx\/blog\/tramites\/guia-completa-del-metro-de-la-ciudad-de-mexico\/","url_meta":{"origin":10575,"position":1},"title":"Gu\u00eda completa del Metro de la Ciudad de M\u00e9xico","author":"So Close","date":"1 agosto, 2024","format":false,"excerpt":"Descubre la Ciudad de M\u00e9xico a trav\u00e9s de su extenso sistema de transporte: El Metro es el coraz\u00f3n de la movilidad capitalina, conectando a millones de personas cada d\u00eda. Si est\u00e1s planeando visitar la ciudad, esta gu\u00eda completa del Metro de la Ciudad de M\u00e9xico te ser\u00e1 de gran utilidad\u2026","rel":"","context":"En &quot;Tr\u00e1mites&quot;","block_context":{"text":"Tr\u00e1mites","link":"https:\/\/soclose.mx\/blog\/category\/tramites\/"},"img":{"alt_text":"Metro de la Ciudad de M\u00e9xico","src":"https:\/\/i0.wp.com\/soclose.mx\/blog\/wp-content\/uploads\/2024\/08\/metro-ciudad-de-mexico.jpg?fit=1200%2C675&ssl=1&resize=350%2C200","width":350,"height":200,"srcset":"https:\/\/i0.wp.com\/soclose.mx\/blog\/wp-content\/uploads\/2024\/08\/metro-ciudad-de-mexico.jpg?fit=1200%2C675&ssl=1&resize=350%2C200 1x, https:\/\/i0.wp.com\/soclose.mx\/blog\/wp-content\/uploads\/2024\/08\/metro-ciudad-de-mexico.jpg?fit=1200%2C675&ssl=1&resize=525%2C300 1.5x, https:\/\/i0.wp.com\/soclose.mx\/blog\/wp-content\/uploads\/2024\/08\/metro-ciudad-de-mexico.jpg?fit=1200%2C675&ssl=1&resize=700%2C400 2x, https:\/\/i0.wp.com\/soclose.mx\/blog\/wp-content\/uploads\/2024\/08\/metro-ciudad-de-mexico.jpg?fit=1200%2C675&ssl=1&resize=1050%2C600 3x"},"classes":[]},{"id":14763,"url":"https:\/\/soclose.mx\/blog\/lugares\/cablebus-de-la-cdmx-guia-completa-para-turistas-y-usuarios\/","url_meta":{"origin":10575,"position":2},"title":"Cableb\u00fas de la CDMX: Gu\u00eda completa para turistas y usuarios","author":"So Close","date":"26 marzo, 2025","format":false,"excerpt":"El Cableb\u00fas de la CDMX es un sistema de transporte p\u00fablico por telef\u00e9rico que combina eficiencia, seguridad y vistas panor\u00e1micas de la capital. Con tres l\u00edneas operativas, conecta zonas de alta densidad poblacional y ofrece una experiencia \u00fanica para turistas y residentes. Detalles clave del Cableb\u00fas de la CDMX para\u2026","rel":"","context":"En &quot;Lugares&quot;","block_context":{"text":"Lugares","link":"https:\/\/soclose.mx\/blog\/category\/lugares\/"},"img":{"alt_text":"Cablebus cdmx","src":"https:\/\/i0.wp.com\/soclose.mx\/blog\/wp-content\/uploads\/2025\/03\/Cablebus-cdmx.jpg?fit=1200%2C675&ssl=1&resize=350%2C200","width":350,"height":200,"srcset":"https:\/\/i0.wp.com\/soclose.mx\/blog\/wp-content\/uploads\/2025\/03\/Cablebus-cdmx.jpg?fit=1200%2C675&ssl=1&resize=350%2C200 1x, https:\/\/i0.wp.com\/soclose.mx\/blog\/wp-content\/uploads\/2025\/03\/Cablebus-cdmx.jpg?fit=1200%2C675&ssl=1&resize=525%2C300 1.5x, https:\/\/i0.wp.com\/soclose.mx\/blog\/wp-content\/uploads\/2025\/03\/Cablebus-cdmx.jpg?fit=1200%2C675&ssl=1&resize=700%2C400 2x, https:\/\/i0.wp.com\/soclose.mx\/blog\/wp-content\/uploads\/2025\/03\/Cablebus-cdmx.jpg?fit=1200%2C675&ssl=1&resize=1050%2C600 3x"},"classes":[]},{"id":10841,"url":"https:\/\/soclose.mx\/blog\/ay-goeeee\/video-paloma-viajera-ensena-como-moverse-en-el-metro-de-la-cdmx\/","url_meta":{"origin":10575,"position":3},"title":"Video: Paloma viajera ense\u00f1a c\u00f3mo moverse en el metro de la CDMX","author":"Daniel Ram\u00edrez","date":"6 agosto, 2022","format":false,"excerpt":"Si t\u00fa eres de los que se pierde en el Metro de la Ciudad de M\u00e9xico, te traemos una verdadera experta para que le aprendas algo al momento de que viajes en la limusina naranja. Se trata de una paloma, \u00a1s\u00ed, una paloma!, que al parecer sabe muy bien c\u00f3mo\u2026","rel":"","context":"En &quot;\u00a1Ay goeeee!&quot;","block_context":{"text":"\u00a1Ay goeeee!","link":"https:\/\/soclose.mx\/blog\/category\/ay-goeeee\/"},"img":{"alt_text":"","src":"https:\/\/i0.wp.com\/soclose.mx\/blog\/wp-content\/uploads\/2022\/08\/pexels-genaro-servin-763197-scaled.jpg?fit=1200%2C798&ssl=1&resize=350%2C200","width":350,"height":200,"srcset":"https:\/\/i0.wp.com\/soclose.mx\/blog\/wp-content\/uploads\/2022\/08\/pexels-genaro-servin-763197-scaled.jpg?fit=1200%2C798&ssl=1&resize=350%2C200 1x, https:\/\/i0.wp.com\/soclose.mx\/blog\/wp-content\/uploads\/2022\/08\/pexels-genaro-servin-763197-scaled.jpg?fit=1200%2C798&ssl=1&resize=525%2C300 1.5x, https:\/\/i0.wp.com\/soclose.mx\/blog\/wp-content\/uploads\/2022\/08\/pexels-genaro-servin-763197-scaled.jpg?fit=1200%2C798&ssl=1&resize=700%2C400 2x, https:\/\/i0.wp.com\/soclose.mx\/blog\/wp-content\/uploads\/2022\/08\/pexels-genaro-servin-763197-scaled.jpg?fit=1200%2C798&ssl=1&resize=1050%2C600 3x"},"classes":[]},{"id":15008,"url":"https:\/\/soclose.mx\/blog\/lugares\/lo-que-debes-saber-del-tianguis-de-dibujo-rayon-en-la-cdmx\/","url_meta":{"origin":10575,"position":4},"title":"Lo que debes saber del Tianguis de Dibujo Ray\u00f3n en la CDMX","author":"So Close","date":"19 diciembre, 2025","format":false,"excerpt":"El Tianguis de Dibujo Ray\u00f3n es un mercado quincenal o semanal en la CDMX dedicado exclusivamente a obras originales de dibujo, organizado por el Club Ray\u00f3n. Se realiza en el patio trasero de la Galer\u00eda Sal\u00f3n Silic\u00f3n, en Tehuantepec 223, Roma Sur, con puestos de herrer\u00eda para artistas emergentes y\u2026","rel":"","context":"En &quot;Lugares&quot;","block_context":{"text":"Lugares","link":"https:\/\/soclose.mx\/blog\/category\/lugares\/"},"img":{"alt_text":"Tianguis de Dibujo Ray\u00f3n","src":"https:\/\/i0.wp.com\/soclose.mx\/blog\/wp-content\/uploads\/2025\/12\/Salma-Hayek-3-2.jpg?fit=1200%2C675&ssl=1&resize=350%2C200","width":350,"height":200,"srcset":"https:\/\/i0.wp.com\/soclose.mx\/blog\/wp-content\/uploads\/2025\/12\/Salma-Hayek-3-2.jpg?fit=1200%2C675&ssl=1&resize=350%2C200 1x, https:\/\/i0.wp.com\/soclose.mx\/blog\/wp-content\/uploads\/2025\/12\/Salma-Hayek-3-2.jpg?fit=1200%2C675&ssl=1&resize=525%2C300 1.5x, https:\/\/i0.wp.com\/soclose.mx\/blog\/wp-content\/uploads\/2025\/12\/Salma-Hayek-3-2.jpg?fit=1200%2C675&ssl=1&resize=700%2C400 2x, https:\/\/i0.wp.com\/soclose.mx\/blog\/wp-content\/uploads\/2025\/12\/Salma-Hayek-3-2.jpg?fit=1200%2C675&ssl=1&resize=1050%2C600 3x"},"classes":[]},{"id":9466,"url":"https:\/\/soclose.mx\/blog\/mitos-y-leyendas-mexicanos\/la-historia-del-vampiro-del-metro-de-la-cdmx\/","url_meta":{"origin":10575,"position":5},"title":"\u00a1De terror! La historia del Vampiro del Metro de la CDMX","author":"Miguel Angel Romero","date":"6 octubre, 2023","format":false,"excerpt":"\u00bfUn vampiro del Metro? Este Sistema Colectivo de Transporte \u00a0de la Ciudad de M\u00e9xico (CDMX) es el escenario de varias leyendas urbanas que al paso de los a\u00f1os se han mantenido m\u00e1s que presentes en el imaginario colectivo ya que muchas personas aseguran haberlas atestiguado. Una de esas historias +,\u2026","rel":"","context":"En &quot;\u00a1Ay goeeee!&quot;","block_context":{"text":"\u00a1Ay goeeee!","link":"https:\/\/soclose.mx\/blog\/category\/ay-goeeee\/"},"img":{"alt_text":"Vampiro del Metro Barranca dek Muerto CDMX","src":"https:\/\/i0.wp.com\/soclose.mx\/blog\/wp-content\/uploads\/2022\/04\/Vampiro-del-Metro-Barranca-del-Muerto-leyenda-CDMX.jpg?fit=1200%2C682&ssl=1&resize=350%2C200","width":350,"height":200,"srcset":"https:\/\/i0.wp.com\/soclose.mx\/blog\/wp-content\/uploads\/2022\/04\/Vampiro-del-Metro-Barranca-del-Muerto-leyenda-CDMX.jpg?fit=1200%2C682&ssl=1&resize=350%2C200 1x, https:\/\/i0.wp.com\/soclose.mx\/blog\/wp-content\/uploads\/2022\/04\/Vampiro-del-Metro-Barranca-del-Muerto-leyenda-CDMX.jpg?fit=1200%2C682&ssl=1&resize=525%2C300 1.5x, https:\/\/i0.wp.com\/soclose.mx\/blog\/wp-content\/uploads\/2022\/04\/Vampiro-del-Metro-Barranca-del-Muerto-leyenda-CDMX.jpg?fit=1200%2C682&ssl=1&resize=700%2C400 2x, https:\/\/i0.wp.com\/soclose.mx\/blog\/wp-content\/uploads\/2022\/04\/Vampiro-del-Metro-Barranca-del-Muerto-leyenda-CDMX.jpg?fit=1200%2C682&ssl=1&resize=1050%2C600 3x"},"classes":[]}],"jetpack_sharing_enabled":true,"_links":{"self":[{"href":"https:\/\/soclose.mx\/blog\/wp-json\/wp\/v2\/posts\/10575","targetHints":{"allow":["GET"]}}],"collection":[{"href":"https:\/\/soclose.mx\/blog\/wp-json\/wp\/v2\/posts"}],"about":[{"href":"https:\/\/soclose.mx\/blog\/wp-json\/wp\/v2\/types\/post"}],"author":[{"embeddable":true,"href":"https:\/\/soclose.mx\/blog\/wp-json\/wp\/v2\/users\/9"}],"replies":[{"embeddable":true,"href":"https:\/\/soclose.mx\/blog\/wp-json\/wp\/v2\/comments?post=10575"}],"version-history":[{"count":0,"href":"https:\/\/soclose.mx\/blog\/wp-json\/wp\/v2\/posts\/10575\/revisions"}],"wp:featuredmedia":[{"embeddable":true,"href":"https:\/\/soclose.mx\/blog\/wp-json\/wp\/v2\/media\/10577"}],"wp:attachment":[{"href":"https:\/\/soclose.mx\/blog\/wp-json\/wp\/v2\/media?parent=10575"}],"wp:term":[{"taxonomy":"category","embeddable":true,"href":"https:\/\/soclose.mx\/blog\/wp-json\/wp\/v2\/categories?post=10575"},{"taxonomy":"post_tag","embeddable":true,"href":"https:\/\/soclose.mx\/blog\/wp-json\/wp\/v2\/tags?post=10575"}],"curies":[{"name":"wp","href":"https:\/\/api.w.org\/{rel}","templated":true}]}}