{"id":10584,"date":"2022-07-13T18:49:57","date_gmt":"2022-07-13T23:49:57","guid":{"rendered":"https:\/\/soclose.mx\/blog\/?p=10584"},"modified":"2022-07-13T18:50:38","modified_gmt":"2022-07-13T23:50:38","slug":"aventura-inolvidable-familia-de-puebla-viaja-en-barco-por-el-mundo-durante-3-anos","status":"publish","type":"post","link":"https:\/\/soclose.mx\/blog\/ay-goeeee\/aventura-inolvidable-familia-de-puebla-viaja-en-barco-por-el-mundo-durante-3-anos\/","title":{"rendered":"\u00a1Aventura inolvidable! Familia de Puebla viaja en barco por el mundo durante 3 a\u00f1os"},"content":{"rendered":"<p>Es verdad que en el mar la vida es m\u00e1s sabrosa y una familia del <strong>estado de Puebla<\/strong>, confirm\u00f3 tal idea no y\u00e9ndose una semana o un mes a navegar, sino \u00a1tres a\u00f1os!<\/p>\n<p>Resulta que esta familia <strong>Irigoyen S\u00e1nchez<\/strong> decidi\u00f3 <strong>emprender una aventura<\/strong> que ellos mismos llamaron <strong>&#8220;La vuelta al mundo&#8221;,<\/strong> al puro estilo de <strong>Julio Verne<\/strong> <a href=\"https:\/\/soclose.mx\/blog\/ay-goeeee\/frida-kahlo-mas-famosa-que-vincent-van-gogh-y-picasso\/\">y su novela<\/a> <strong><em>La vuelta al mundo en 80 d\u00edas.<\/em><\/strong><\/p>\n<p>Inicialmente el recorrido ser\u00eda de dos a\u00f1os, pero la pandemia de <strong>COVID-19<\/strong> los oblig\u00f3 a extenderla poco m\u00e1s de un a\u00f1o y tuvieron que vivir en el barco por las restricciones sanitarias que hab\u00eda en los pa\u00edses que visitaron.<\/p>\n<p>A pesar de que se contagiaron del virus cuando estuvieron en el Mar Caribe, siguieron navegando y se detuvieron cuatro meses en Egipto.<\/p>\n<p>&#8220;Cuando est\u00e1bamos en el Mar Rojo, ah\u00ed ya no nos dejaron entrar a ning\u00fan puerto, los egipcios nos dieron oportunidad de anclar en su costa y logramos conseguir ayuda para que nos llevar\u00e1n alimentos\u201d, cont\u00f3 Alejandro Irigoyen, el pap\u00e1 de familia.<\/p>\n<p>Gracias a que el barco llamado \u201c<strong>Aldivi<\/strong>\u201d tiene una dimensi\u00f3n de 17 metros de largo y cuatro de ancho y hecho con aluminio para <strong>expediciones ant\u00e1rticas,<\/strong> les dio seguridad en todo momento tanto en tierra como en el mar.<\/p>\n<p>La idea del se\u00f1or Irigoyen era que sus hijos conocieran otras culturas y tradiciones del mundo, pero lo que realmente les dej\u00f3 esta aventura, fue que la vida es hacer las cosas en equipo: &#8220;Los ni\u00f1os y nosotros as\u00ed lo valoramos&#8221;.<\/p>\n<p>El 9 de julio de 2022, la familia <strong>Irigoyen S\u00e1nchez<\/strong>\u00a0lleg\u00f3 a <strong>Veracruz<\/strong> donde fue recibida por su familia y algunos medios de comunicaci\u00f3n.<\/p>\n<p>Los oc\u00e9anos Pac\u00edfico e \u00cdndico; los mares Mediterr\u00e1neo, Atl\u00e1ntico y Caribe, adem\u00e1s del Golfo de M\u00e9xico, vieron navegar a esta aventurera familia poblana.<\/p>\n<blockquote class=\"instagram-media\" data-instgrm-captioned data-instgrm-permalink=\"https:\/\/www.instagram.com\/p\/CfgvHlOOK3V\/?utm_source=ig_embed&amp;utm_campaign=loading\" data-instgrm-version=\"14\" style=\" background:#FFF; border:0; border-radius:3px; box-shadow:0 0 1px 0 rgba(0,0,0,0.5),0 1px 10px 0 rgba(0,0,0,0.15); margin: 1px; max-width:658px; min-width:326px; padding:0; width:99.375%; width:-webkit-calc(100% - 2px); width:calc(100% - 2px);\">\n<div style=\"padding:16px;\"> <a href=\"https:\/\/www.instagram.com\/p\/CfgvHlOOK3V\/?utm_source=ig_embed&amp;utm_campaign=loading\" style=\" background:#FFFFFF; line-height:0; padding:0 0; text-align:center; text-decoration:none; width:100%;\" target=\"_blank\"> <\/p>\n<div style=\" display: flex; flex-direction: row; align-items: center;\">\n<div style=\"background-color: #F4F4F4; border-radius: 50%; flex-grow: 0; height: 40px; margin-right: 14px; width: 40px;\"><\/div>\n<div style=\"display: flex; flex-direction: column; flex-grow: 1; justify-content: center;\">\n<div style=\" background-color: #F4F4F4; border-radius: 4px; flex-grow: 0; height: 14px; margin-bottom: 6px; width: 100px;\"><\/div>\n<div style=\" background-color: #F4F4F4; border-radius: 4px; flex-grow: 0; height: 14px; width: 60px;\"><\/div>\n<\/div>\n<\/div>\n<div style=\"padding: 19% 0;\"><\/div>\n<div style=\"display:block; height:50px; margin:0 auto 12px; width:50px;\"><svg width=\"50px\" height=\"50px\" viewBox=\"0 0 60 60\" version=\"1.1\" xmlns=\"https:\/\/www.w3.org\/2000\/svg\" xmlns:xlink=\"https:\/\/www.w3.org\/1999\/xlink\"><g stroke=\"none\" stroke-width=\"1\" fill=\"none\" fill-rule=\"evenodd\"><g transform=\"translate(-511.000000, -20.000000)\" fill=\"#000000\"><g><path d=\"M556.869,30.41 C554.814,30.41 553.148,32.076 553.148,34.131 C553.148,36.186 554.814,37.852 556.869,37.852 C558.924,37.852 560.59,36.186 560.59,34.131 C560.59,32.076 558.924,30.41 556.869,30.41 M541,60.657 C535.114,60.657 530.342,55.887 530.342,50 C530.342,44.114 535.114,39.342 541,39.342 C546.887,39.342 551.658,44.114 551.658,50 C551.658,55.887 546.887,60.657 541,60.657 M541,33.886 C532.1,33.886 524.886,41.1 524.886,50 C524.886,58.899 532.1,66.113 541,66.113 C549.9,66.113 557.115,58.899 557.115,50 C557.115,41.1 549.9,33.886 541,33.886 M565.378,62.101 C565.244,65.022 564.756,66.606 564.346,67.663 C563.803,69.06 563.154,70.057 562.106,71.106 C561.058,72.155 560.06,72.803 558.662,73.347 C557.607,73.757 556.021,74.244 553.102,74.378 C549.944,74.521 548.997,74.552 541,74.552 C533.003,74.552 532.056,74.521 528.898,74.378 C525.979,74.244 524.393,73.757 523.338,73.347 C521.94,72.803 520.942,72.155 519.894,71.106 C518.846,70.057 518.197,69.06 517.654,67.663 C517.244,66.606 516.755,65.022 516.623,62.101 C516.479,58.943 516.448,57.996 516.448,50 C516.448,42.003 516.479,41.056 516.623,37.899 C516.755,34.978 517.244,33.391 517.654,32.338 C518.197,30.938 518.846,29.942 519.894,28.894 C520.942,27.846 521.94,27.196 523.338,26.654 C524.393,26.244 525.979,25.756 528.898,25.623 C532.057,25.479 533.004,25.448 541,25.448 C548.997,25.448 549.943,25.479 553.102,25.623 C556.021,25.756 557.607,26.244 558.662,26.654 C560.06,27.196 561.058,27.846 562.106,28.894 C563.154,29.942 563.803,30.938 564.346,32.338 C564.756,33.391 565.244,34.978 565.378,37.899 C565.522,41.056 565.552,42.003 565.552,50 C565.552,57.996 565.522,58.943 565.378,62.101 M570.82,37.631 C570.674,34.438 570.167,32.258 569.425,30.349 C568.659,28.377 567.633,26.702 565.965,25.035 C564.297,23.368 562.623,22.342 560.652,21.575 C558.743,20.834 556.562,20.326 553.369,20.18 C550.169,20.033 549.148,20 541,20 C532.853,20 531.831,20.033 528.631,20.18 C525.438,20.326 523.257,20.834 521.349,21.575 C519.376,22.342 517.703,23.368 516.035,25.035 C514.368,26.702 513.342,28.377 512.574,30.349 C511.834,32.258 511.326,34.438 511.181,37.631 C511.035,40.831 511,41.851 511,50 C511,58.147 511.035,59.17 511.181,62.369 C511.326,65.562 511.834,67.743 512.574,69.651 C513.342,71.625 514.368,73.296 516.035,74.965 C517.703,76.634 519.376,77.658 521.349,78.425 C523.257,79.167 525.438,79.673 528.631,79.82 C531.831,79.965 532.853,80.001 541,80.001 C549.148,80.001 550.169,79.965 553.369,79.82 C556.562,79.673 558.743,79.167 560.652,78.425 C562.623,77.658 564.297,76.634 565.965,74.965 C567.633,73.296 568.659,71.625 569.425,69.651 C570.167,67.743 570.674,65.562 570.82,62.369 C570.966,59.17 571,58.147 571,50 C571,41.851 570.966,40.831 570.82,37.631\"><\/path><\/g><\/g><\/g><\/svg><\/div>\n<div style=\"padding-top: 8px;\">\n<div style=\" color:#3897f0; font-family:Arial,sans-serif; font-size:14px; font-style:normal; font-weight:550; line-height:18px;\">View this post on Instagram<\/div>\n<\/div>\n<div style=\"padding: 12.5% 0;\"><\/div>\n<div style=\"display: flex; flex-direction: row; margin-bottom: 14px; align-items: center;\">\n<div>\n<div style=\"background-color: #F4F4F4; border-radius: 50%; height: 12.5px; width: 12.5px; transform: translateX(0px) translateY(7px);\"><\/div>\n<div style=\"background-color: #F4F4F4; height: 12.5px; transform: rotate(-45deg) translateX(3px) translateY(1px); width: 12.5px; flex-grow: 0; margin-right: 14px; margin-left: 2px;\"><\/div>\n<div style=\"background-color: #F4F4F4; border-radius: 50%; height: 12.5px; width: 12.5px; transform: translateX(9px) translateY(-18px);\"><\/div>\n<\/div>\n<div style=\"margin-left: 8px;\">\n<div style=\" background-color: #F4F4F4; border-radius: 50%; flex-grow: 0; height: 20px; width: 20px;\"><\/div>\n<div style=\" width: 0; height: 0; border-top: 2px solid transparent; border-left: 6px solid #f4f4f4; border-bottom: 2px solid transparent; transform: translateX(16px) translateY(-4px) rotate(30deg)\"><\/div>\n<\/div>\n<div style=\"margin-left: auto;\">\n<div style=\" width: 0px; border-top: 8px solid #F4F4F4; border-right: 8px solid transparent; transform: translateY(16px);\"><\/div>\n<div style=\" background-color: #F4F4F4; flex-grow: 0; height: 12px; width: 16px; transform: translateY(-4px);\"><\/div>\n<div style=\" width: 0; height: 0; border-top: 8px solid #F4F4F4; border-left: 8px solid transparent; transform: translateY(-4px) translateX(8px);\"><\/div>\n<\/div>\n<\/div>\n<div style=\"display: flex; flex-direction: column; flex-grow: 1; justify-content: center; margin-bottom: 24px;\">\n<div style=\" background-color: #F4F4F4; border-radius: 4px; flex-grow: 0; height: 14px; margin-bottom: 6px; width: 224px;\"><\/div>\n<div style=\" background-color: #F4F4F4; border-radius: 4px; flex-grow: 0; height: 14px; width: 144px;\"><\/div>\n<\/div>\n<p><\/a><\/p>\n<p style=\" color:#c9c8cd; font-family:Arial,sans-serif; font-size:14px; line-height:17px; margin-bottom:0; margin-top:8px; overflow:hidden; padding:8px 0 7px; text-align:center; text-overflow:ellipsis; white-space:nowrap;\"><a href=\"https:\/\/www.instagram.com\/p\/CfgvHlOOK3V\/?utm_source=ig_embed&amp;utm_campaign=loading\" style=\" color:#c9c8cd; font-family:Arial,sans-serif; font-size:14px; font-style:normal; font-weight:normal; line-height:17px; text-decoration:none;\" target=\"_blank\">A post shared by SOLTANDO AMARRAS (@proyectosoltandoamarras)<\/a><\/p>\n<\/div>\n<\/blockquote>\n<p><script async src=\"\/\/platform.instagram.com\/en_US\/embeds.js\"><\/script><\/p>\n","protected":false},"excerpt":{"rendered":"<p>Es verdad que en el mar la vida es m\u00e1s sabrosa y una familia del estado de Puebla, confirm\u00f3 tal idea no y\u00e9ndose una semana o un mes a navegar, sino \u00a1tres a\u00f1os! Resulta que esta familia Irigoyen S\u00e1nchez decidi\u00f3 emprender una aventura que ellos mismos llamaron &#8220;La vuelta al mundo&#8221;, al puro estilo de Julio Verne y su novela La vuelta al mundo en 80 d\u00edas. Inicialmente el recorrido ser\u00eda de dos a\u00f1os, pero la pandemia de COVID-19 los oblig\u00f3 a extenderla poco m\u00e1s de un a\u00f1o y tuvieron que vivir en el barco por las restricciones sanitarias que<\/p>\n","protected":false},"author":9,"featured_media":10585,"comment_status":"open","ping_status":"open","sticky":false,"template":"","format":"standard","meta":{"_jetpack_memberships_contains_paid_content":false,"footnotes":""},"categories":[1],"tags":[2524,2514,2515,2512,727,2517,2513,181,2516,312],"class_list":["post-10584","post","type-post","status-publish","format-standard","has-post-thumbnail","hentry","category-ay-goeeee","tag-aldivi","tag-aventuras","tag-aventuras-por-el-mundo","tag-barco","tag-covid19","tag-en-el-mar-la-vida-es-mas-sabrosa","tag-familia-poblana","tag-julio-verne","tag-la-vuelta-al-mundo","tag-puebla"],"yoast_head":"<!-- This site is optimized with the Yoast SEO plugin v26.7 - https:\/\/yoast.com\/wordpress\/plugins\/seo\/ -->\n<title>\u00a1Aventura inolvidable! Familia de Puebla viaja en barco por el mundo durante 3 a\u00f1os - So Close<\/title>\n<meta name=\"robots\" content=\"index, follow, max-snippet:-1, max-image-preview:large, max-video-preview:-1\" \/>\n<link rel=\"canonical\" href=\"https:\/\/soclose.mx\/blog\/tag\/juan-rulfo-frases-mujeres\/\" \/>\n<meta property=\"og:locale\" content=\"es_MX\" \/>\n<meta property=\"og:type\" content=\"article\" \/>\n<meta property=\"og:title\" content=\"\u00a1Aventura inolvidable! Familia de Puebla viaja en barco por el mundo durante 3 a\u00f1os - So Close\" \/>\n<meta property=\"og:description\" content=\"Es verdad que en el mar la vida es m\u00e1s sabrosa y una familia del estado de Puebla, confirm\u00f3 tal idea no y\u00e9ndose una semana o un mes a navegar, sino \u00a1tres a\u00f1os! Resulta que esta familia Irigoyen S\u00e1nchez decidi\u00f3 emprender una aventura que ellos mismos llamaron &#8220;La vuelta al mundo&#8221;, al puro estilo de Julio Verne y su novela La vuelta al mundo en 80 d\u00edas. Inicialmente el recorrido ser\u00eda de dos a\u00f1os, pero la pandemia de COVID-19 los oblig\u00f3 a extenderla poco m\u00e1s de un a\u00f1o y tuvieron que vivir en el barco por las restricciones sanitarias que\" \/>\n<meta property=\"og:url\" content=\"https:\/\/soclose.mx\/blog\/tag\/juan-rulfo-frases-mujeres\/\" \/>\n<meta property=\"og:site_name\" content=\"So Close\" \/>\n<meta property=\"article:published_time\" content=\"2022-07-13T23:49:57+00:00\" \/>\n<meta property=\"article:modified_time\" content=\"2022-07-13T23:50:38+00:00\" \/>\n<meta property=\"og:image\" content=\"https:\/\/i0.wp.com\/soclose.mx\/blog\/wp-content\/uploads\/2022\/07\/barco.png?fit=883%2C631&ssl=1\" \/>\n\t<meta property=\"og:image:width\" content=\"883\" \/>\n\t<meta property=\"og:image:height\" content=\"631\" \/>\n\t<meta property=\"og:image:type\" content=\"image\/png\" \/>\n<meta name=\"author\" content=\"Daniel Ram\u00edrez\" \/>\n<meta name=\"twitter:card\" content=\"summary_large_image\" \/>\n<meta name=\"twitter:label1\" content=\"Escrito por\" \/>\n\t<meta name=\"twitter:data1\" content=\"Daniel Ram\u00edrez\" \/>\n\t<meta name=\"twitter:label2\" content=\"Tiempo de lectura\" \/>\n\t<meta name=\"twitter:data2\" content=\"2 minutos\" \/>\n<script type=\"application\/ld+json\" class=\"yoast-schema-graph\">{\"@context\":\"https:\/\/schema.org\",\"@graph\":[{\"@type\":\"Article\",\"@id\":\"https:\/\/soclose.mx\/blog\/tag\/juan-rulfo-frases-mujeres\/#article\",\"isPartOf\":{\"@id\":\"https:\/\/soclose.mx\/blog\/tag\/juan-rulfo-frases-mujeres\/\"},\"author\":{\"name\":\"Daniel Ram\u00edrez\",\"@id\":\"https:\/\/soclose.mx\/blog\/#\/schema\/person\/54cd06c3a8cdc01a80c08725278aff88\"},\"headline\":\"\u00a1Aventura inolvidable! Familia de Puebla viaja en barco por el mundo durante 3 a\u00f1os\",\"datePublished\":\"2022-07-13T23:49:57+00:00\",\"dateModified\":\"2022-07-13T23:50:38+00:00\",\"mainEntityOfPage\":{\"@id\":\"https:\/\/soclose.mx\/blog\/tag\/juan-rulfo-frases-mujeres\/\"},\"wordCount\":357,\"commentCount\":0,\"publisher\":{\"@id\":\"https:\/\/soclose.mx\/blog\/#organization\"},\"image\":{\"@id\":\"https:\/\/soclose.mx\/blog\/tag\/juan-rulfo-frases-mujeres\/#primaryimage\"},\"thumbnailUrl\":\"https:\/\/i0.wp.com\/soclose.mx\/blog\/wp-content\/uploads\/2022\/07\/barco.png?fit=883%2C631&ssl=1\",\"keywords\":[\"aldivi\",\"aventuras\",\"aventuras por el mundo\",\"barco\",\"covid19\",\"en el mar la vida es mas sabrosa\",\"familia poblana\",\"julio verne\",\"la vuelta al mundo\",\"puebla\"],\"articleSection\":[\"\u00a1Ay goeeee!\"],\"inLanguage\":\"es\",\"potentialAction\":[{\"@type\":\"CommentAction\",\"name\":\"Comment\",\"target\":[\"https:\/\/soclose.mx\/blog\/tag\/juan-rulfo-frases-mujeres\/#respond\"]}]},{\"@type\":\"WebPage\",\"@id\":\"https:\/\/soclose.mx\/blog\/tag\/juan-rulfo-frases-mujeres\/\",\"url\":\"https:\/\/soclose.mx\/blog\/tag\/juan-rulfo-frases-mujeres\/\",\"name\":\"\u00a1Aventura inolvidable! Familia de Puebla viaja en barco por el mundo durante 3 a\u00f1os - So Close\",\"isPartOf\":{\"@id\":\"https:\/\/soclose.mx\/blog\/#website\"},\"primaryImageOfPage\":{\"@id\":\"https:\/\/soclose.mx\/blog\/tag\/juan-rulfo-frases-mujeres\/#primaryimage\"},\"image\":{\"@id\":\"https:\/\/soclose.mx\/blog\/tag\/juan-rulfo-frases-mujeres\/#primaryimage\"},\"thumbnailUrl\":\"https:\/\/i0.wp.com\/soclose.mx\/blog\/wp-content\/uploads\/2022\/07\/barco.png?fit=883%2C631&ssl=1\",\"datePublished\":\"2022-07-13T23:49:57+00:00\",\"dateModified\":\"2022-07-13T23:50:38+00:00\",\"breadcrumb\":{\"@id\":\"https:\/\/soclose.mx\/blog\/tag\/juan-rulfo-frases-mujeres\/#breadcrumb\"},\"inLanguage\":\"es\",\"potentialAction\":[{\"@type\":\"ReadAction\",\"target\":[\"https:\/\/soclose.mx\/blog\/tag\/juan-rulfo-frases-mujeres\/\"]}]},{\"@type\":\"ImageObject\",\"inLanguage\":\"es\",\"@id\":\"https:\/\/soclose.mx\/blog\/tag\/juan-rulfo-frases-mujeres\/#primaryimage\",\"url\":\"https:\/\/i0.wp.com\/soclose.mx\/blog\/wp-content\/uploads\/2022\/07\/barco.png?fit=883%2C631&ssl=1\",\"contentUrl\":\"https:\/\/i0.wp.com\/soclose.mx\/blog\/wp-content\/uploads\/2022\/07\/barco.png?fit=883%2C631&ssl=1\",\"width\":883,\"height\":631},{\"@type\":\"BreadcrumbList\",\"@id\":\"https:\/\/soclose.mx\/blog\/tag\/juan-rulfo-frases-mujeres\/#breadcrumb\",\"itemListElement\":[{\"@type\":\"ListItem\",\"position\":1,\"name\":\"Inicio\",\"item\":\"https:\/\/soclose.mx\/blog\/\"},{\"@type\":\"ListItem\",\"position\":2,\"name\":\"\u00a1Aventura inolvidable! Familia de Puebla viaja en barco por el mundo durante 3 a\u00f1os\"}]},{\"@type\":\"WebSite\",\"@id\":\"https:\/\/soclose.mx\/blog\/#website\",\"url\":\"https:\/\/soclose.mx\/blog\/\",\"name\":\"So Close\",\"description\":\"Hacemos contenidos de M\u00e9xico\",\"publisher\":{\"@id\":\"https:\/\/soclose.mx\/blog\/#organization\"},\"potentialAction\":[{\"@type\":\"SearchAction\",\"target\":{\"@type\":\"EntryPoint\",\"urlTemplate\":\"https:\/\/soclose.mx\/blog\/?s={search_term_string}\"},\"query-input\":{\"@type\":\"PropertyValueSpecification\",\"valueRequired\":true,\"valueName\":\"search_term_string\"}}],\"inLanguage\":\"es\"},{\"@type\":\"Organization\",\"@id\":\"https:\/\/soclose.mx\/blog\/#organization\",\"name\":\"So Close\",\"url\":\"https:\/\/soclose.mx\/blog\/\",\"logo\":{\"@type\":\"ImageObject\",\"inLanguage\":\"es\",\"@id\":\"https:\/\/soclose.mx\/blog\/#\/schema\/logo\/image\/\",\"url\":\"https:\/\/i0.wp.com\/soclose.mx\/blog\/wp-content\/uploads\/2020\/12\/LOGO_SOCLOSE_COLOR-e1608310133507.png?fit=2858%2C1264&ssl=1\",\"contentUrl\":\"https:\/\/i0.wp.com\/soclose.mx\/blog\/wp-content\/uploads\/2020\/12\/LOGO_SOCLOSE_COLOR-e1608310133507.png?fit=2858%2C1264&ssl=1\",\"width\":2858,\"height\":1264,\"caption\":\"So Close\"},\"image\":{\"@id\":\"https:\/\/soclose.mx\/blog\/#\/schema\/logo\/image\/\"}},{\"@type\":\"Person\",\"@id\":\"https:\/\/soclose.mx\/blog\/#\/schema\/person\/54cd06c3a8cdc01a80c08725278aff88\",\"name\":\"Daniel Ram\u00edrez\",\"image\":{\"@type\":\"ImageObject\",\"inLanguage\":\"es\",\"@id\":\"https:\/\/soclose.mx\/blog\/#\/schema\/person\/image\/\",\"url\":\"https:\/\/secure.gravatar.com\/avatar\/74af6012f2e898d2be93cf32e26b59a2c9489743c9ca6270d7848b44edd7d272?s=96&d=mm&r=g\",\"contentUrl\":\"https:\/\/secure.gravatar.com\/avatar\/74af6012f2e898d2be93cf32e26b59a2c9489743c9ca6270d7848b44edd7d272?s=96&d=mm&r=g\",\"caption\":\"Daniel Ram\u00edrez\"},\"url\":\"https:\/\/soclose.mx\/blog\/author\/peter\/\"}]}<\/script>\n<!-- \/ Yoast SEO plugin. -->","yoast_head_json":{"title":"\u00a1Aventura inolvidable! Familia de Puebla viaja en barco por el mundo durante 3 a\u00f1os - So Close","robots":{"index":"index","follow":"follow","max-snippet":"max-snippet:-1","max-image-preview":"max-image-preview:large","max-video-preview":"max-video-preview:-1"},"canonical":"https:\/\/soclose.mx\/blog\/tag\/juan-rulfo-frases-mujeres\/","og_locale":"es_MX","og_type":"article","og_title":"\u00a1Aventura inolvidable! Familia de Puebla viaja en barco por el mundo durante 3 a\u00f1os - So Close","og_description":"Es verdad que en el mar la vida es m\u00e1s sabrosa y una familia del estado de Puebla, confirm\u00f3 tal idea no y\u00e9ndose una semana o un mes a navegar, sino \u00a1tres a\u00f1os! Resulta que esta familia Irigoyen S\u00e1nchez decidi\u00f3 emprender una aventura que ellos mismos llamaron &#8220;La vuelta al mundo&#8221;, al puro estilo de Julio Verne y su novela La vuelta al mundo en 80 d\u00edas. Inicialmente el recorrido ser\u00eda de dos a\u00f1os, pero la pandemia de COVID-19 los oblig\u00f3 a extenderla poco m\u00e1s de un a\u00f1o y tuvieron que vivir en el barco por las restricciones sanitarias que","og_url":"https:\/\/soclose.mx\/blog\/tag\/juan-rulfo-frases-mujeres\/","og_site_name":"So Close","article_published_time":"2022-07-13T23:49:57+00:00","article_modified_time":"2022-07-13T23:50:38+00:00","og_image":[{"width":883,"height":631,"url":"https:\/\/i0.wp.com\/soclose.mx\/blog\/wp-content\/uploads\/2022\/07\/barco.png?fit=883%2C631&ssl=1","type":"image\/png"}],"author":"Daniel Ram\u00edrez","twitter_card":"summary_large_image","twitter_misc":{"Escrito por":"Daniel Ram\u00edrez","Tiempo de lectura":"2 minutos"},"schema":{"@context":"https:\/\/schema.org","@graph":[{"@type":"Article","@id":"https:\/\/soclose.mx\/blog\/tag\/juan-rulfo-frases-mujeres\/#article","isPartOf":{"@id":"https:\/\/soclose.mx\/blog\/tag\/juan-rulfo-frases-mujeres\/"},"author":{"name":"Daniel Ram\u00edrez","@id":"https:\/\/soclose.mx\/blog\/#\/schema\/person\/54cd06c3a8cdc01a80c08725278aff88"},"headline":"\u00a1Aventura inolvidable! Familia de Puebla viaja en barco por el mundo durante 3 a\u00f1os","datePublished":"2022-07-13T23:49:57+00:00","dateModified":"2022-07-13T23:50:38+00:00","mainEntityOfPage":{"@id":"https:\/\/soclose.mx\/blog\/tag\/juan-rulfo-frases-mujeres\/"},"wordCount":357,"commentCount":0,"publisher":{"@id":"https:\/\/soclose.mx\/blog\/#organization"},"image":{"@id":"https:\/\/soclose.mx\/blog\/tag\/juan-rulfo-frases-mujeres\/#primaryimage"},"thumbnailUrl":"https:\/\/i0.wp.com\/soclose.mx\/blog\/wp-content\/uploads\/2022\/07\/barco.png?fit=883%2C631&ssl=1","keywords":["aldivi","aventuras","aventuras por el mundo","barco","covid19","en el mar la vida es mas sabrosa","familia poblana","julio verne","la vuelta al mundo","puebla"],"articleSection":["\u00a1Ay goeeee!"],"inLanguage":"es","potentialAction":[{"@type":"CommentAction","name":"Comment","target":["https:\/\/soclose.mx\/blog\/tag\/juan-rulfo-frases-mujeres\/#respond"]}]},{"@type":"WebPage","@id":"https:\/\/soclose.mx\/blog\/tag\/juan-rulfo-frases-mujeres\/","url":"https:\/\/soclose.mx\/blog\/tag\/juan-rulfo-frases-mujeres\/","name":"\u00a1Aventura inolvidable! Familia de Puebla viaja en barco por el mundo durante 3 a\u00f1os - So Close","isPartOf":{"@id":"https:\/\/soclose.mx\/blog\/#website"},"primaryImageOfPage":{"@id":"https:\/\/soclose.mx\/blog\/tag\/juan-rulfo-frases-mujeres\/#primaryimage"},"image":{"@id":"https:\/\/soclose.mx\/blog\/tag\/juan-rulfo-frases-mujeres\/#primaryimage"},"thumbnailUrl":"https:\/\/i0.wp.com\/soclose.mx\/blog\/wp-content\/uploads\/2022\/07\/barco.png?fit=883%2C631&ssl=1","datePublished":"2022-07-13T23:49:57+00:00","dateModified":"2022-07-13T23:50:38+00:00","breadcrumb":{"@id":"https:\/\/soclose.mx\/blog\/tag\/juan-rulfo-frases-mujeres\/#breadcrumb"},"inLanguage":"es","potentialAction":[{"@type":"ReadAction","target":["https:\/\/soclose.mx\/blog\/tag\/juan-rulfo-frases-mujeres\/"]}]},{"@type":"ImageObject","inLanguage":"es","@id":"https:\/\/soclose.mx\/blog\/tag\/juan-rulfo-frases-mujeres\/#primaryimage","url":"https:\/\/i0.wp.com\/soclose.mx\/blog\/wp-content\/uploads\/2022\/07\/barco.png?fit=883%2C631&ssl=1","contentUrl":"https:\/\/i0.wp.com\/soclose.mx\/blog\/wp-content\/uploads\/2022\/07\/barco.png?fit=883%2C631&ssl=1","width":883,"height":631},{"@type":"BreadcrumbList","@id":"https:\/\/soclose.mx\/blog\/tag\/juan-rulfo-frases-mujeres\/#breadcrumb","itemListElement":[{"@type":"ListItem","position":1,"name":"Inicio","item":"https:\/\/soclose.mx\/blog\/"},{"@type":"ListItem","position":2,"name":"\u00a1Aventura inolvidable! Familia de Puebla viaja en barco por el mundo durante 3 a\u00f1os"}]},{"@type":"WebSite","@id":"https:\/\/soclose.mx\/blog\/#website","url":"https:\/\/soclose.mx\/blog\/","name":"So Close","description":"Hacemos contenidos de M\u00e9xico","publisher":{"@id":"https:\/\/soclose.mx\/blog\/#organization"},"potentialAction":[{"@type":"SearchAction","target":{"@type":"EntryPoint","urlTemplate":"https:\/\/soclose.mx\/blog\/?s={search_term_string}"},"query-input":{"@type":"PropertyValueSpecification","valueRequired":true,"valueName":"search_term_string"}}],"inLanguage":"es"},{"@type":"Organization","@id":"https:\/\/soclose.mx\/blog\/#organization","name":"So Close","url":"https:\/\/soclose.mx\/blog\/","logo":{"@type":"ImageObject","inLanguage":"es","@id":"https:\/\/soclose.mx\/blog\/#\/schema\/logo\/image\/","url":"https:\/\/i0.wp.com\/soclose.mx\/blog\/wp-content\/uploads\/2020\/12\/LOGO_SOCLOSE_COLOR-e1608310133507.png?fit=2858%2C1264&ssl=1","contentUrl":"https:\/\/i0.wp.com\/soclose.mx\/blog\/wp-content\/uploads\/2020\/12\/LOGO_SOCLOSE_COLOR-e1608310133507.png?fit=2858%2C1264&ssl=1","width":2858,"height":1264,"caption":"So Close"},"image":{"@id":"https:\/\/soclose.mx\/blog\/#\/schema\/logo\/image\/"}},{"@type":"Person","@id":"https:\/\/soclose.mx\/blog\/#\/schema\/person\/54cd06c3a8cdc01a80c08725278aff88","name":"Daniel Ram\u00edrez","image":{"@type":"ImageObject","inLanguage":"es","@id":"https:\/\/soclose.mx\/blog\/#\/schema\/person\/image\/","url":"https:\/\/secure.gravatar.com\/avatar\/74af6012f2e898d2be93cf32e26b59a2c9489743c9ca6270d7848b44edd7d272?s=96&d=mm&r=g","contentUrl":"https:\/\/secure.gravatar.com\/avatar\/74af6012f2e898d2be93cf32e26b59a2c9489743c9ca6270d7848b44edd7d272?s=96&d=mm&r=g","caption":"Daniel Ram\u00edrez"},"url":"https:\/\/soclose.mx\/blog\/author\/peter\/"}]}},"jetpack_featured_media_url":"https:\/\/i0.wp.com\/soclose.mx\/blog\/wp-content\/uploads\/2022\/07\/barco.png?fit=883%2C631&ssl=1","jetpack-related-posts":[{"id":9944,"url":"https:\/\/soclose.mx\/blog\/news-feed\/mexicano-hace-historia-conquista-dos-de-las-montanas-mas-altas-del-mundo\/","url_meta":{"origin":10584,"position":0},"title":"\u00a1Mexicano hace historia! Conquista dos de las monta\u00f1as m\u00e1s altas del mundo","author":"Daniel Ram\u00edrez","date":"21 mayo, 2022","format":false,"excerpt":"De la estaci\u00f3n del metro Tasque\u00f1a a Chabacano son alrededor de 8.7 kil\u00f3metros de distancia, \u00bfte imaginas recorrer ese trecho, pero hacia arriba? Eso fue lo que hizo Juan Diego Mart\u00ednez, un joven mexicano de tan solo 19 a\u00f1os de edad, quien conquist\u00f3 la cima del monte Everest, localizado en\u2026","rel":"","context":"En &quot;News feed&quot;","block_context":{"text":"News feed","link":"https:\/\/soclose.mx\/blog\/category\/news-feed\/"},"img":{"alt_text":"","src":"https:\/\/i0.wp.com\/soclose.mx\/blog\/wp-content\/uploads\/2022\/05\/pexels-mathias-reding-4385860-scaled.jpg?fit=1200%2C800&ssl=1&resize=350%2C200","width":350,"height":200,"srcset":"https:\/\/i0.wp.com\/soclose.mx\/blog\/wp-content\/uploads\/2022\/05\/pexels-mathias-reding-4385860-scaled.jpg?fit=1200%2C800&ssl=1&resize=350%2C200 1x, https:\/\/i0.wp.com\/soclose.mx\/blog\/wp-content\/uploads\/2022\/05\/pexels-mathias-reding-4385860-scaled.jpg?fit=1200%2C800&ssl=1&resize=525%2C300 1.5x, https:\/\/i0.wp.com\/soclose.mx\/blog\/wp-content\/uploads\/2022\/05\/pexels-mathias-reding-4385860-scaled.jpg?fit=1200%2C800&ssl=1&resize=700%2C400 2x, https:\/\/i0.wp.com\/soclose.mx\/blog\/wp-content\/uploads\/2022\/05\/pexels-mathias-reding-4385860-scaled.jpg?fit=1200%2C800&ssl=1&resize=1050%2C600 3x"},"classes":[]},{"id":11653,"url":"https:\/\/soclose.mx\/blog\/lugares\/grito-independencia-16-septiembre-donde-celebrar\/","url_meta":{"origin":10584,"position":1},"title":"Grito de Independencia: Cinco lugares d\u00f3nde celebrar en M\u00e9xico","author":"Mar\u00eda Ju\u00e1rez","date":"2 septiembre, 2023","format":false,"excerpt":"El Grito de Independencia, la noche del 15 de Septiembre, es uno de los hechos hist\u00f3ricos m\u00e1s importantes del pa\u00eds,\u00a0 marca el inicio de la lucha por la Independencia de M\u00e9xico, que se conmemora el 16 de septiembre. El inicio del movimiento independentista comenz\u00f3 cuando Miguel Hidalgo incit\u00f3 al pueblo\u2026","rel":"","context":"En &quot;Lugares&quot;","block_context":{"text":"Lugares","link":"https:\/\/soclose.mx\/blog\/category\/lugares\/"},"img":{"alt_text":"Grito de Independencia","src":"https:\/\/i0.wp.com\/soclose.mx\/blog\/wp-content\/uploads\/2023\/04\/Grito-de-Independencia-16-de-septiembre.jpg?fit=1200%2C722&ssl=1&resize=350%2C200","width":350,"height":200,"srcset":"https:\/\/i0.wp.com\/soclose.mx\/blog\/wp-content\/uploads\/2023\/04\/Grito-de-Independencia-16-de-septiembre.jpg?fit=1200%2C722&ssl=1&resize=350%2C200 1x, https:\/\/i0.wp.com\/soclose.mx\/blog\/wp-content\/uploads\/2023\/04\/Grito-de-Independencia-16-de-septiembre.jpg?fit=1200%2C722&ssl=1&resize=525%2C300 1.5x, https:\/\/i0.wp.com\/soclose.mx\/blog\/wp-content\/uploads\/2023\/04\/Grito-de-Independencia-16-de-septiembre.jpg?fit=1200%2C722&ssl=1&resize=700%2C400 2x, https:\/\/i0.wp.com\/soclose.mx\/blog\/wp-content\/uploads\/2023\/04\/Grito-de-Independencia-16-de-septiembre.jpg?fit=1200%2C722&ssl=1&resize=1050%2C600 3x"},"classes":[]},{"id":8638,"url":"https:\/\/soclose.mx\/blog\/pueblos-magicos\/visita-los-pueblos-magicos-del-estado-de-mexico\/","url_meta":{"origin":10584,"position":2},"title":"Visita los Pueblos M\u00e1gicos del Estado de M\u00e9xico","author":"Miguel Angel Romero","date":"28 enero, 2022","format":false,"excerpt":"M\u00e9xico alberga\u00a0121 pueblos m\u00e1gicos, pero estos 10 sitios maravillosos del Estado de M\u00e9xico deber\u00edan convertirse en una visita obligada para cualquier mexicano, incluso, turista de todas partes del mundo. Cabe mencionar que estos lugares son calificados as\u00ed porque poseen una riqueza cultural de la regi\u00f3n en la que se ubican,\u2026","rel":"","context":"En &quot;Pueblos m\u00e1gicos&quot;","block_context":{"text":"Pueblos m\u00e1gicos","link":"https:\/\/soclose.mx\/blog\/category\/pueblos-magicos\/"},"img":{"alt_text":"","src":"https:\/\/i0.wp.com\/soclose.mx\/blog\/wp-content\/uploads\/2022\/01\/Copia-de-Principal-So-Close-blog-3-11.png?fit=1200%2C677&ssl=1&resize=350%2C200","width":350,"height":200,"srcset":"https:\/\/i0.wp.com\/soclose.mx\/blog\/wp-content\/uploads\/2022\/01\/Copia-de-Principal-So-Close-blog-3-11.png?fit=1200%2C677&ssl=1&resize=350%2C200 1x, https:\/\/i0.wp.com\/soclose.mx\/blog\/wp-content\/uploads\/2022\/01\/Copia-de-Principal-So-Close-blog-3-11.png?fit=1200%2C677&ssl=1&resize=525%2C300 1.5x, https:\/\/i0.wp.com\/soclose.mx\/blog\/wp-content\/uploads\/2022\/01\/Copia-de-Principal-So-Close-blog-3-11.png?fit=1200%2C677&ssl=1&resize=700%2C400 2x, https:\/\/i0.wp.com\/soclose.mx\/blog\/wp-content\/uploads\/2022\/01\/Copia-de-Principal-So-Close-blog-3-11.png?fit=1200%2C677&ssl=1&resize=1050%2C600 3x"},"classes":[]},{"id":10904,"url":"https:\/\/soclose.mx\/blog\/a-la-mexicana\/manuel-uruchurtu-el-unico-mexicano-en-el-titanic\/","url_meta":{"origin":10584,"position":3},"title":"Manuel Uruchurtu, el \u00fanico mexicano en el Titanic","author":"Daniel Ram\u00edrez","date":"12 agosto, 2022","format":false,"excerpt":"Algunos dicen que el destino de cada uno ya est\u00e1 marcado, otros que son las circunstancias y unos cuantos que es la casualidad la que nos orilla a ciertos pasajes en la vida. Cualquiera de estas hip\u00f3tesis pueden ser ciertas al hablar de Manuel Uruchurtu, el \u00fanico mexicano que viaj\u00f3\u2026","rel":"","context":"En &quot;A la mexicana&quot;","block_context":{"text":"A la mexicana","link":"https:\/\/soclose.mx\/blog\/category\/a-la-mexicana\/"},"img":{"alt_text":"","src":"https:\/\/i0.wp.com\/soclose.mx\/blog\/wp-content\/uploads\/2022\/08\/Manuel-Uruchurtu.jpg?fit=674%2C336&ssl=1&resize=350%2C200","width":350,"height":200,"srcset":"https:\/\/i0.wp.com\/soclose.mx\/blog\/wp-content\/uploads\/2022\/08\/Manuel-Uruchurtu.jpg?fit=674%2C336&ssl=1&resize=350%2C200 1x, https:\/\/i0.wp.com\/soclose.mx\/blog\/wp-content\/uploads\/2022\/08\/Manuel-Uruchurtu.jpg?fit=674%2C336&ssl=1&resize=525%2C300 1.5x"},"classes":[]},{"id":7667,"url":"https:\/\/soclose.mx\/blog\/ay-goeeee\/y-si-te-subes-al-columpio-extremo-de-pena-del-aire-en-hidalgo\/","url_meta":{"origin":10584,"position":4},"title":"\u00bfY si te subes al columpio extremo de Pe\u00f1a del Aire en Hidalgo?","author":"Miguel Angel Romero","date":"26 noviembre, 2021","format":false,"excerpt":"El\u00a0estado de Hidalgo ofrece muchos atractivos, entre ellos, sus actividades al aire libre que son ya legendarias y hoy, hay que agregarle el m\u00e1s reciente: el columpio extremo en Pe\u00f1a del Aire. As\u00ed es, para muchos, se trata de una emocionante experiencia de unos cuantos segundos, en donde podr\u00e1s disfrutar\u2026","rel":"","context":"En &quot;\u00a1Ay goeeee!&quot;","block_context":{"text":"\u00a1Ay goeeee!","link":"https:\/\/soclose.mx\/blog\/category\/ay-goeeee\/"},"img":{"alt_text":"","src":"https:\/\/i0.wp.com\/soclose.mx\/blog\/wp-content\/uploads\/2021\/11\/Copia-de-Principal-So-Close-blog-2.png?fit=1200%2C677&ssl=1&resize=350%2C200","width":350,"height":200,"srcset":"https:\/\/i0.wp.com\/soclose.mx\/blog\/wp-content\/uploads\/2021\/11\/Copia-de-Principal-So-Close-blog-2.png?fit=1200%2C677&ssl=1&resize=350%2C200 1x, https:\/\/i0.wp.com\/soclose.mx\/blog\/wp-content\/uploads\/2021\/11\/Copia-de-Principal-So-Close-blog-2.png?fit=1200%2C677&ssl=1&resize=525%2C300 1.5x, https:\/\/i0.wp.com\/soclose.mx\/blog\/wp-content\/uploads\/2021\/11\/Copia-de-Principal-So-Close-blog-2.png?fit=1200%2C677&ssl=1&resize=700%2C400 2x, https:\/\/i0.wp.com\/soclose.mx\/blog\/wp-content\/uploads\/2021\/11\/Copia-de-Principal-So-Close-blog-2.png?fit=1200%2C677&ssl=1&resize=1050%2C600 3x"},"classes":[]},{"id":7829,"url":"https:\/\/soclose.mx\/blog\/lugares\/descubre-donde-esta-el-laberinto-mas-grande-de-mexico\/","url_meta":{"origin":10584,"position":5},"title":"Descubre d\u00f3nde est\u00e1 el laberinto m\u00e1s grande de M\u00e9xico","author":"Miguel Angel Romero","date":"19 noviembre, 2021","format":false,"excerpt":"Te gustar\u00eda experimentar la emoci\u00f3n de estar en laberinto y encontrar la salida, y mejor a\u00fan, en el m\u00e1s grande de M\u00e9xico, entonces l\u00e1nzate a Alpinia. Este\u00a0parque de naturaleza y aventura\u00a0se localiza en el estado de Puebla, exactamente en el municipio de Tlahuapan y desde la Ciudad de M\u00e9xico te\u2026","rel":"","context":"En &quot;\u00a1Ay goeeee!&quot;","block_context":{"text":"\u00a1Ay goeeee!","link":"https:\/\/soclose.mx\/blog\/category\/ay-goeeee\/"},"img":{"alt_text":"","src":"https:\/\/i0.wp.com\/soclose.mx\/blog\/wp-content\/uploads\/2021\/11\/Copia-de-Principal-So-Close-blog-3-5.png?fit=1200%2C677&ssl=1&resize=350%2C200","width":350,"height":200,"srcset":"https:\/\/i0.wp.com\/soclose.mx\/blog\/wp-content\/uploads\/2021\/11\/Copia-de-Principal-So-Close-blog-3-5.png?fit=1200%2C677&ssl=1&resize=350%2C200 1x, https:\/\/i0.wp.com\/soclose.mx\/blog\/wp-content\/uploads\/2021\/11\/Copia-de-Principal-So-Close-blog-3-5.png?fit=1200%2C677&ssl=1&resize=525%2C300 1.5x, https:\/\/i0.wp.com\/soclose.mx\/blog\/wp-content\/uploads\/2021\/11\/Copia-de-Principal-So-Close-blog-3-5.png?fit=1200%2C677&ssl=1&resize=700%2C400 2x, https:\/\/i0.wp.com\/soclose.mx\/blog\/wp-content\/uploads\/2021\/11\/Copia-de-Principal-So-Close-blog-3-5.png?fit=1200%2C677&ssl=1&resize=1050%2C600 3x"},"classes":[]}],"jetpack_sharing_enabled":true,"_links":{"self":[{"href":"https:\/\/soclose.mx\/blog\/wp-json\/wp\/v2\/posts\/10584","targetHints":{"allow":["GET"]}}],"collection":[{"href":"https:\/\/soclose.mx\/blog\/wp-json\/wp\/v2\/posts"}],"about":[{"href":"https:\/\/soclose.mx\/blog\/wp-json\/wp\/v2\/types\/post"}],"author":[{"embeddable":true,"href":"https:\/\/soclose.mx\/blog\/wp-json\/wp\/v2\/users\/9"}],"replies":[{"embeddable":true,"href":"https:\/\/soclose.mx\/blog\/wp-json\/wp\/v2\/comments?post=10584"}],"version-history":[{"count":0,"href":"https:\/\/soclose.mx\/blog\/wp-json\/wp\/v2\/posts\/10584\/revisions"}],"wp:featuredmedia":[{"embeddable":true,"href":"https:\/\/soclose.mx\/blog\/wp-json\/wp\/v2\/media\/10585"}],"wp:attachment":[{"href":"https:\/\/soclose.mx\/blog\/wp-json\/wp\/v2\/media?parent=10584"}],"wp:term":[{"taxonomy":"category","embeddable":true,"href":"https:\/\/soclose.mx\/blog\/wp-json\/wp\/v2\/categories?post=10584"},{"taxonomy":"post_tag","embeddable":true,"href":"https:\/\/soclose.mx\/blog\/wp-json\/wp\/v2\/tags?post=10584"}],"curies":[{"name":"wp","href":"https:\/\/api.w.org\/{rel}","templated":true}]}}