{"id":10589,"date":"2022-07-13T18:49:21","date_gmt":"2022-07-13T23:49:21","guid":{"rendered":"https:\/\/soclose.mx\/blog\/?p=10589"},"modified":"2023-10-30T16:08:23","modified_gmt":"2023-10-30T22:08:23","slug":"ya-la-tienes-asi-es-la-nueva-camiseta-de-la-seleccion-mexicana-para-qatar-2022","status":"publish","type":"post","link":"https:\/\/soclose.mx\/blog\/para-todos\/ya-la-tienes-asi-es-la-nueva-camiseta-de-la-seleccion-mexicana-para-qatar-2022\/","title":{"rendered":"Esta fue la camiseta de la Selecci\u00f3n Mexicana que us\u00f3 en Qatar 2022"},"content":{"rendered":"<p>En alguna ocasi\u00f3n <a href=\"https:\/\/soclose.mx\/blog\/a-la-mexicana\/los-5-momentos-sublimes-de-hugo-sanchez\/\"><strong>Hugo S\u00e1nchez, exfutbolista y director t\u00e9cnico<\/strong><\/a>, dijo que deb\u00edan cambiar el color verde de la camiseta de la <strong>Selecci\u00f3n Mexicana<\/strong> porque se confund\u00eda con el pasto&#8230; \u00a1Ya si\u00e9ntese, se\u00f1or!<\/p>\n<p>Lo cierto es que por cuestiones comerciales, el equipo nacional jug\u00f3 con camisetas de otros colores, espec\u00edficamente la totalmente negra y otra con vivos en rosa.<\/p>\n<p>Pero para la <strong>Copa del Mundo de Qatar 2022<\/strong>, el color verde fue nuevamente el principal.<\/p>\n<p>Entre las innovaciones de la camiseta destacaron la imagen de <strong>Quetzalc\u00f3atl<\/strong> en la espalda, el material reciclado con el que se fabric\u00f3 y el nuevo escudo de la <strong>Federaci\u00f3n Mexicana de Futbol.<\/strong><\/p>\n<p>Se estren\u00f3 en el juego amistoso ante Paraguay en Atlanta, Georgia, y usado en los juegos del mundial ante <strong>Polonia, Argentina y Arabia Saudita.<\/strong><\/p>\n<blockquote class=\"instagram-media\" data-instgrm-captioned data-instgrm-permalink=\"https:\/\/www.instagram.com\/p\/Cf7XUObPkyS\/?utm_source=ig_embed&amp;utm_campaign=loading\" data-instgrm-version=\"14\" style=\" background:#FFF; border:0; border-radius:3px; box-shadow:0 0 1px 0 rgba(0,0,0,0.5),0 1px 10px 0 rgba(0,0,0,0.15); margin: 1px; max-width:658px; min-width:326px; padding:0; width:99.375%; width:-webkit-calc(100% - 2px); width:calc(100% - 2px);\">\n<div style=\"padding:16px;\"> <a href=\"https:\/\/www.instagram.com\/p\/Cf7XUObPkyS\/?utm_source=ig_embed&amp;utm_campaign=loading\" style=\" background:#FFFFFF; line-height:0; padding:0 0; text-align:center; text-decoration:none; width:100%;\" target=\"_blank\"> <\/p>\n<div style=\" display: flex; flex-direction: row; align-items: center;\">\n<div style=\"background-color: #F4F4F4; border-radius: 50%; flex-grow: 0; height: 40px; margin-right: 14px; width: 40px;\"><\/div>\n<div style=\"display: flex; flex-direction: column; flex-grow: 1; justify-content: center;\">\n<div style=\" background-color: #F4F4F4; border-radius: 4px; flex-grow: 0; height: 14px; margin-bottom: 6px; width: 100px;\"><\/div>\n<div style=\" background-color: #F4F4F4; border-radius: 4px; flex-grow: 0; height: 14px; width: 60px;\"><\/div>\n<\/div>\n<\/div>\n<div style=\"padding: 19% 0;\"><\/div>\n<div style=\"display:block; height:50px; margin:0 auto 12px; width:50px;\"><svg width=\"50px\" height=\"50px\" viewBox=\"0 0 60 60\" version=\"1.1\" xmlns=\"https:\/\/www.w3.org\/2000\/svg\" xmlns:xlink=\"https:\/\/www.w3.org\/1999\/xlink\"><g stroke=\"none\" stroke-width=\"1\" fill=\"none\" fill-rule=\"evenodd\"><g transform=\"translate(-511.000000, -20.000000)\" fill=\"#000000\"><g><path d=\"M556.869,30.41 C554.814,30.41 553.148,32.076 553.148,34.131 C553.148,36.186 554.814,37.852 556.869,37.852 C558.924,37.852 560.59,36.186 560.59,34.131 C560.59,32.076 558.924,30.41 556.869,30.41 M541,60.657 C535.114,60.657 530.342,55.887 530.342,50 C530.342,44.114 535.114,39.342 541,39.342 C546.887,39.342 551.658,44.114 551.658,50 C551.658,55.887 546.887,60.657 541,60.657 M541,33.886 C532.1,33.886 524.886,41.1 524.886,50 C524.886,58.899 532.1,66.113 541,66.113 C549.9,66.113 557.115,58.899 557.115,50 C557.115,41.1 549.9,33.886 541,33.886 M565.378,62.101 C565.244,65.022 564.756,66.606 564.346,67.663 C563.803,69.06 563.154,70.057 562.106,71.106 C561.058,72.155 560.06,72.803 558.662,73.347 C557.607,73.757 556.021,74.244 553.102,74.378 C549.944,74.521 548.997,74.552 541,74.552 C533.003,74.552 532.056,74.521 528.898,74.378 C525.979,74.244 524.393,73.757 523.338,73.347 C521.94,72.803 520.942,72.155 519.894,71.106 C518.846,70.057 518.197,69.06 517.654,67.663 C517.244,66.606 516.755,65.022 516.623,62.101 C516.479,58.943 516.448,57.996 516.448,50 C516.448,42.003 516.479,41.056 516.623,37.899 C516.755,34.978 517.244,33.391 517.654,32.338 C518.197,30.938 518.846,29.942 519.894,28.894 C520.942,27.846 521.94,27.196 523.338,26.654 C524.393,26.244 525.979,25.756 528.898,25.623 C532.057,25.479 533.004,25.448 541,25.448 C548.997,25.448 549.943,25.479 553.102,25.623 C556.021,25.756 557.607,26.244 558.662,26.654 C560.06,27.196 561.058,27.846 562.106,28.894 C563.154,29.942 563.803,30.938 564.346,32.338 C564.756,33.391 565.244,34.978 565.378,37.899 C565.522,41.056 565.552,42.003 565.552,50 C565.552,57.996 565.522,58.943 565.378,62.101 M570.82,37.631 C570.674,34.438 570.167,32.258 569.425,30.349 C568.659,28.377 567.633,26.702 565.965,25.035 C564.297,23.368 562.623,22.342 560.652,21.575 C558.743,20.834 556.562,20.326 553.369,20.18 C550.169,20.033 549.148,20 541,20 C532.853,20 531.831,20.033 528.631,20.18 C525.438,20.326 523.257,20.834 521.349,21.575 C519.376,22.342 517.703,23.368 516.035,25.035 C514.368,26.702 513.342,28.377 512.574,30.349 C511.834,32.258 511.326,34.438 511.181,37.631 C511.035,40.831 511,41.851 511,50 C511,58.147 511.035,59.17 511.181,62.369 C511.326,65.562 511.834,67.743 512.574,69.651 C513.342,71.625 514.368,73.296 516.035,74.965 C517.703,76.634 519.376,77.658 521.349,78.425 C523.257,79.167 525.438,79.673 528.631,79.82 C531.831,79.965 532.853,80.001 541,80.001 C549.148,80.001 550.169,79.965 553.369,79.82 C556.562,79.673 558.743,79.167 560.652,78.425 C562.623,77.658 564.297,76.634 565.965,74.965 C567.633,73.296 568.659,71.625 569.425,69.651 C570.167,67.743 570.674,65.562 570.82,62.369 C570.966,59.17 571,58.147 571,50 C571,41.851 570.966,40.831 570.82,37.631\"><\/path><\/g><\/g><\/g><\/svg><\/div>\n<div style=\"padding-top: 8px;\">\n<div style=\" color:#3897f0; font-family:Arial,sans-serif; font-size:14px; font-style:normal; font-weight:550; line-height:18px;\">View this post on Instagram<\/div>\n<\/div>\n<div style=\"padding: 12.5% 0;\"><\/div>\n<div style=\"display: flex; flex-direction: row; margin-bottom: 14px; align-items: center;\">\n<div>\n<div style=\"background-color: #F4F4F4; border-radius: 50%; height: 12.5px; width: 12.5px; transform: translateX(0px) translateY(7px);\"><\/div>\n<div style=\"background-color: #F4F4F4; height: 12.5px; transform: rotate(-45deg) translateX(3px) translateY(1px); width: 12.5px; flex-grow: 0; margin-right: 14px; margin-left: 2px;\"><\/div>\n<div style=\"background-color: #F4F4F4; border-radius: 50%; height: 12.5px; width: 12.5px; transform: translateX(9px) translateY(-18px);\"><\/div>\n<\/div>\n<div style=\"margin-left: 8px;\">\n<div style=\" background-color: #F4F4F4; border-radius: 50%; flex-grow: 0; height: 20px; width: 20px;\"><\/div>\n<div style=\" width: 0; height: 0; border-top: 2px solid transparent; border-left: 6px solid #f4f4f4; border-bottom: 2px solid transparent; transform: translateX(16px) translateY(-4px) rotate(30deg)\"><\/div>\n<\/div>\n<div style=\"margin-left: auto;\">\n<div style=\" width: 0px; border-top: 8px solid #F4F4F4; border-right: 8px solid transparent; transform: translateY(16px);\"><\/div>\n<div style=\" background-color: #F4F4F4; flex-grow: 0; height: 12px; width: 16px; transform: translateY(-4px);\"><\/div>\n<div style=\" width: 0; height: 0; border-top: 8px solid #F4F4F4; border-left: 8px solid transparent; transform: translateY(-4px) translateX(8px);\"><\/div>\n<\/div>\n<\/div>\n<div style=\"display: flex; flex-direction: column; flex-grow: 1; justify-content: center; margin-bottom: 24px;\">\n<div style=\" background-color: #F4F4F4; border-radius: 4px; flex-grow: 0; height: 14px; margin-bottom: 6px; width: 224px;\"><\/div>\n<div style=\" background-color: #F4F4F4; border-radius: 4px; flex-grow: 0; height: 14px; width: 144px;\"><\/div>\n<\/div>\n<p><\/a><\/p>\n<p style=\" color:#c9c8cd; font-family:Arial,sans-serif; font-size:14px; line-height:17px; margin-bottom:0; margin-top:8px; overflow:hidden; padding:8px 0 7px; text-align:center; text-overflow:ellipsis; white-space:nowrap;\"><a href=\"https:\/\/www.instagram.com\/p\/Cf7XUObPkyS\/?utm_source=ig_embed&amp;utm_campaign=loading\" style=\" color:#c9c8cd; font-family:Arial,sans-serif; font-size:14px; font-style:normal; font-weight:normal; line-height:17px; text-decoration:none;\" target=\"_blank\">A post shared by Seleccio\u0301n Nacional de Me\u0301xico (@miseleccionmx)<\/a><\/p>\n<\/div>\n<\/blockquote>\n<p><script async src=\"\/\/platform.instagram.com\/en_US\/embeds.js\"><\/script><\/p>\n","protected":false},"excerpt":{"rendered":"<p>En alguna ocasi\u00f3n Hugo S\u00e1nchez, exfutbolista y director t\u00e9cnico, dijo que deb\u00edan cambiar el color verde de la camiseta de la Selecci\u00f3n Mexicana porque se confund\u00eda con el pasto&#8230; \u00a1Ya si\u00e9ntese, se\u00f1or! Lo cierto es que por cuestiones comerciales, el equipo nacional jug\u00f3 con camisetas de otros colores, espec\u00edficamente la totalmente negra y otra con vivos en rosa. Pero para la Copa del Mundo de Qatar 2022, el color verde fue nuevamente el principal. Entre las innovaciones de la camiseta destacaron la imagen de Quetzalc\u00f3atl en la espalda, el material reciclado con el que se fabric\u00f3 y el nuevo escudo<\/p>\n","protected":false},"author":9,"featured_media":10590,"comment_status":"open","ping_status":"open","sticky":false,"template":"","format":"standard","meta":{"_jetpack_memberships_contains_paid_content":false,"footnotes":""},"categories":[1674],"tags":[2519,2520,2521,2522,2185,2518,2188],"class_list":["post-10589","post","type-post","status-publish","format-standard","has-post-thumbnail","hentry","category-para-todos","tag-copa-del-mundo-2022","tag-fmf","tag-mexico-vs-argentina","tag-mexico-vs-polonia","tag-mundial-qatar-2022","tag-nueva-camiseta-de-mexico","tag-seleccion-mexicana"],"yoast_head":"<!-- This site is optimized with the Yoast SEO plugin v26.7 - https:\/\/yoast.com\/wordpress\/plugins\/seo\/ -->\n<title>Esta fue la camiseta de la Selecci\u00f3n Mexicana que us\u00f3 en Qatar 2022 - So Close<\/title>\n<meta name=\"robots\" content=\"index, follow, max-snippet:-1, max-image-preview:large, max-video-preview:-1\" \/>\n<link rel=\"canonical\" href=\"https:\/\/soclose.mx\/blog\/tag\/juan-rulfo-frases-mujeres\/\" \/>\n<meta property=\"og:locale\" content=\"es_MX\" \/>\n<meta property=\"og:type\" content=\"article\" \/>\n<meta property=\"og:title\" content=\"Esta fue la camiseta de la Selecci\u00f3n Mexicana que us\u00f3 en Qatar 2022 - So Close\" \/>\n<meta property=\"og:description\" content=\"En alguna ocasi\u00f3n Hugo S\u00e1nchez, exfutbolista y director t\u00e9cnico, dijo que deb\u00edan cambiar el color verde de la camiseta de la Selecci\u00f3n Mexicana porque se confund\u00eda con el pasto&#8230; \u00a1Ya si\u00e9ntese, se\u00f1or! Lo cierto es que por cuestiones comerciales, el equipo nacional jug\u00f3 con camisetas de otros colores, espec\u00edficamente la totalmente negra y otra con vivos en rosa. Pero para la Copa del Mundo de Qatar 2022, el color verde fue nuevamente el principal. Entre las innovaciones de la camiseta destacaron la imagen de Quetzalc\u00f3atl en la espalda, el material reciclado con el que se fabric\u00f3 y el nuevo escudo\" \/>\n<meta property=\"og:url\" content=\"https:\/\/soclose.mx\/blog\/tag\/juan-rulfo-frases-mujeres\/\" \/>\n<meta property=\"og:site_name\" content=\"So Close\" \/>\n<meta property=\"article:published_time\" content=\"2022-07-13T23:49:21+00:00\" \/>\n<meta property=\"article:modified_time\" content=\"2023-10-30T22:08:23+00:00\" \/>\n<meta property=\"og:image\" content=\"https:\/\/i0.wp.com\/soclose.mx\/blog\/wp-content\/uploads\/2022\/07\/mexico.png?fit=905%2C627&ssl=1\" \/>\n\t<meta property=\"og:image:width\" content=\"905\" \/>\n\t<meta property=\"og:image:height\" content=\"627\" \/>\n\t<meta property=\"og:image:type\" content=\"image\/png\" \/>\n<meta name=\"author\" content=\"Daniel Ram\u00edrez\" \/>\n<meta name=\"twitter:card\" content=\"summary_large_image\" \/>\n<meta name=\"twitter:label1\" content=\"Escrito por\" \/>\n\t<meta name=\"twitter:data1\" content=\"Daniel Ram\u00edrez\" \/>\n\t<meta name=\"twitter:label2\" content=\"Tiempo de lectura\" \/>\n\t<meta name=\"twitter:data2\" content=\"1 minuto\" \/>\n<script type=\"application\/ld+json\" class=\"yoast-schema-graph\">{\"@context\":\"https:\/\/schema.org\",\"@graph\":[{\"@type\":\"Article\",\"@id\":\"https:\/\/soclose.mx\/blog\/tag\/juan-rulfo-frases-mujeres\/#article\",\"isPartOf\":{\"@id\":\"https:\/\/soclose.mx\/blog\/tag\/juan-rulfo-frases-mujeres\/\"},\"author\":{\"name\":\"Daniel Ram\u00edrez\",\"@id\":\"https:\/\/soclose.mx\/blog\/#\/schema\/person\/54cd06c3a8cdc01a80c08725278aff88\"},\"headline\":\"Esta fue la camiseta de la Selecci\u00f3n Mexicana que us\u00f3 en Qatar 2022\",\"datePublished\":\"2022-07-13T23:49:21+00:00\",\"dateModified\":\"2023-10-30T22:08:23+00:00\",\"mainEntityOfPage\":{\"@id\":\"https:\/\/soclose.mx\/blog\/tag\/juan-rulfo-frases-mujeres\/\"},\"wordCount\":164,\"commentCount\":0,\"publisher\":{\"@id\":\"https:\/\/soclose.mx\/blog\/#organization\"},\"image\":{\"@id\":\"https:\/\/soclose.mx\/blog\/tag\/juan-rulfo-frases-mujeres\/#primaryimage\"},\"thumbnailUrl\":\"https:\/\/i0.wp.com\/soclose.mx\/blog\/wp-content\/uploads\/2022\/07\/mexico.png?fit=905%2C627&ssl=1\",\"keywords\":[\"copa del mundo 2022\",\"fmf\",\"mexico vs argentina\",\"mexico vs polonia\",\"mundial qatar 2022\",\"nueva camiseta de mexico\",\"seleccion mexicana\"],\"articleSection\":[\"Para todos\"],\"inLanguage\":\"es\",\"potentialAction\":[{\"@type\":\"CommentAction\",\"name\":\"Comment\",\"target\":[\"https:\/\/soclose.mx\/blog\/tag\/juan-rulfo-frases-mujeres\/#respond\"]}]},{\"@type\":\"WebPage\",\"@id\":\"https:\/\/soclose.mx\/blog\/tag\/juan-rulfo-frases-mujeres\/\",\"url\":\"https:\/\/soclose.mx\/blog\/tag\/juan-rulfo-frases-mujeres\/\",\"name\":\"Esta fue la camiseta de la Selecci\u00f3n Mexicana que us\u00f3 en Qatar 2022 - So Close\",\"isPartOf\":{\"@id\":\"https:\/\/soclose.mx\/blog\/#website\"},\"primaryImageOfPage\":{\"@id\":\"https:\/\/soclose.mx\/blog\/tag\/juan-rulfo-frases-mujeres\/#primaryimage\"},\"image\":{\"@id\":\"https:\/\/soclose.mx\/blog\/tag\/juan-rulfo-frases-mujeres\/#primaryimage\"},\"thumbnailUrl\":\"https:\/\/i0.wp.com\/soclose.mx\/blog\/wp-content\/uploads\/2022\/07\/mexico.png?fit=905%2C627&ssl=1\",\"datePublished\":\"2022-07-13T23:49:21+00:00\",\"dateModified\":\"2023-10-30T22:08:23+00:00\",\"breadcrumb\":{\"@id\":\"https:\/\/soclose.mx\/blog\/tag\/juan-rulfo-frases-mujeres\/#breadcrumb\"},\"inLanguage\":\"es\",\"potentialAction\":[{\"@type\":\"ReadAction\",\"target\":[\"https:\/\/soclose.mx\/blog\/tag\/juan-rulfo-frases-mujeres\/\"]}]},{\"@type\":\"ImageObject\",\"inLanguage\":\"es\",\"@id\":\"https:\/\/soclose.mx\/blog\/tag\/juan-rulfo-frases-mujeres\/#primaryimage\",\"url\":\"https:\/\/i0.wp.com\/soclose.mx\/blog\/wp-content\/uploads\/2022\/07\/mexico.png?fit=905%2C627&ssl=1\",\"contentUrl\":\"https:\/\/i0.wp.com\/soclose.mx\/blog\/wp-content\/uploads\/2022\/07\/mexico.png?fit=905%2C627&ssl=1\",\"width\":905,\"height\":627},{\"@type\":\"BreadcrumbList\",\"@id\":\"https:\/\/soclose.mx\/blog\/tag\/juan-rulfo-frases-mujeres\/#breadcrumb\",\"itemListElement\":[{\"@type\":\"ListItem\",\"position\":1,\"name\":\"Inicio\",\"item\":\"https:\/\/soclose.mx\/blog\/\"},{\"@type\":\"ListItem\",\"position\":2,\"name\":\"Esta fue la camiseta de la Selecci\u00f3n Mexicana que us\u00f3 en Qatar 2022\"}]},{\"@type\":\"WebSite\",\"@id\":\"https:\/\/soclose.mx\/blog\/#website\",\"url\":\"https:\/\/soclose.mx\/blog\/\",\"name\":\"So Close\",\"description\":\"Hacemos contenidos de M\u00e9xico\",\"publisher\":{\"@id\":\"https:\/\/soclose.mx\/blog\/#organization\"},\"potentialAction\":[{\"@type\":\"SearchAction\",\"target\":{\"@type\":\"EntryPoint\",\"urlTemplate\":\"https:\/\/soclose.mx\/blog\/?s={search_term_string}\"},\"query-input\":{\"@type\":\"PropertyValueSpecification\",\"valueRequired\":true,\"valueName\":\"search_term_string\"}}],\"inLanguage\":\"es\"},{\"@type\":\"Organization\",\"@id\":\"https:\/\/soclose.mx\/blog\/#organization\",\"name\":\"So Close\",\"url\":\"https:\/\/soclose.mx\/blog\/\",\"logo\":{\"@type\":\"ImageObject\",\"inLanguage\":\"es\",\"@id\":\"https:\/\/soclose.mx\/blog\/#\/schema\/logo\/image\/\",\"url\":\"https:\/\/i0.wp.com\/soclose.mx\/blog\/wp-content\/uploads\/2020\/12\/LOGO_SOCLOSE_COLOR-e1608310133507.png?fit=2858%2C1264&ssl=1\",\"contentUrl\":\"https:\/\/i0.wp.com\/soclose.mx\/blog\/wp-content\/uploads\/2020\/12\/LOGO_SOCLOSE_COLOR-e1608310133507.png?fit=2858%2C1264&ssl=1\",\"width\":2858,\"height\":1264,\"caption\":\"So Close\"},\"image\":{\"@id\":\"https:\/\/soclose.mx\/blog\/#\/schema\/logo\/image\/\"}},{\"@type\":\"Person\",\"@id\":\"https:\/\/soclose.mx\/blog\/#\/schema\/person\/54cd06c3a8cdc01a80c08725278aff88\",\"name\":\"Daniel Ram\u00edrez\",\"image\":{\"@type\":\"ImageObject\",\"inLanguage\":\"es\",\"@id\":\"https:\/\/soclose.mx\/blog\/#\/schema\/person\/image\/\",\"url\":\"https:\/\/secure.gravatar.com\/avatar\/74af6012f2e898d2be93cf32e26b59a2c9489743c9ca6270d7848b44edd7d272?s=96&d=mm&r=g\",\"contentUrl\":\"https:\/\/secure.gravatar.com\/avatar\/74af6012f2e898d2be93cf32e26b59a2c9489743c9ca6270d7848b44edd7d272?s=96&d=mm&r=g\",\"caption\":\"Daniel Ram\u00edrez\"},\"url\":\"https:\/\/soclose.mx\/blog\/author\/peter\/\"}]}<\/script>\n<!-- \/ Yoast SEO plugin. -->","yoast_head_json":{"title":"Esta fue la camiseta de la Selecci\u00f3n Mexicana que us\u00f3 en Qatar 2022 - So Close","robots":{"index":"index","follow":"follow","max-snippet":"max-snippet:-1","max-image-preview":"max-image-preview:large","max-video-preview":"max-video-preview:-1"},"canonical":"https:\/\/soclose.mx\/blog\/tag\/juan-rulfo-frases-mujeres\/","og_locale":"es_MX","og_type":"article","og_title":"Esta fue la camiseta de la Selecci\u00f3n Mexicana que us\u00f3 en Qatar 2022 - So Close","og_description":"En alguna ocasi\u00f3n Hugo S\u00e1nchez, exfutbolista y director t\u00e9cnico, dijo que deb\u00edan cambiar el color verde de la camiseta de la Selecci\u00f3n Mexicana porque se confund\u00eda con el pasto&#8230; \u00a1Ya si\u00e9ntese, se\u00f1or! Lo cierto es que por cuestiones comerciales, el equipo nacional jug\u00f3 con camisetas de otros colores, espec\u00edficamente la totalmente negra y otra con vivos en rosa. Pero para la Copa del Mundo de Qatar 2022, el color verde fue nuevamente el principal. Entre las innovaciones de la camiseta destacaron la imagen de Quetzalc\u00f3atl en la espalda, el material reciclado con el que se fabric\u00f3 y el nuevo escudo","og_url":"https:\/\/soclose.mx\/blog\/tag\/juan-rulfo-frases-mujeres\/","og_site_name":"So Close","article_published_time":"2022-07-13T23:49:21+00:00","article_modified_time":"2023-10-30T22:08:23+00:00","og_image":[{"width":905,"height":627,"url":"https:\/\/i0.wp.com\/soclose.mx\/blog\/wp-content\/uploads\/2022\/07\/mexico.png?fit=905%2C627&ssl=1","type":"image\/png"}],"author":"Daniel Ram\u00edrez","twitter_card":"summary_large_image","twitter_misc":{"Escrito por":"Daniel Ram\u00edrez","Tiempo de lectura":"1 minuto"},"schema":{"@context":"https:\/\/schema.org","@graph":[{"@type":"Article","@id":"https:\/\/soclose.mx\/blog\/tag\/juan-rulfo-frases-mujeres\/#article","isPartOf":{"@id":"https:\/\/soclose.mx\/blog\/tag\/juan-rulfo-frases-mujeres\/"},"author":{"name":"Daniel Ram\u00edrez","@id":"https:\/\/soclose.mx\/blog\/#\/schema\/person\/54cd06c3a8cdc01a80c08725278aff88"},"headline":"Esta fue la camiseta de la Selecci\u00f3n Mexicana que us\u00f3 en Qatar 2022","datePublished":"2022-07-13T23:49:21+00:00","dateModified":"2023-10-30T22:08:23+00:00","mainEntityOfPage":{"@id":"https:\/\/soclose.mx\/blog\/tag\/juan-rulfo-frases-mujeres\/"},"wordCount":164,"commentCount":0,"publisher":{"@id":"https:\/\/soclose.mx\/blog\/#organization"},"image":{"@id":"https:\/\/soclose.mx\/blog\/tag\/juan-rulfo-frases-mujeres\/#primaryimage"},"thumbnailUrl":"https:\/\/i0.wp.com\/soclose.mx\/blog\/wp-content\/uploads\/2022\/07\/mexico.png?fit=905%2C627&ssl=1","keywords":["copa del mundo 2022","fmf","mexico vs argentina","mexico vs polonia","mundial qatar 2022","nueva camiseta de mexico","seleccion mexicana"],"articleSection":["Para todos"],"inLanguage":"es","potentialAction":[{"@type":"CommentAction","name":"Comment","target":["https:\/\/soclose.mx\/blog\/tag\/juan-rulfo-frases-mujeres\/#respond"]}]},{"@type":"WebPage","@id":"https:\/\/soclose.mx\/blog\/tag\/juan-rulfo-frases-mujeres\/","url":"https:\/\/soclose.mx\/blog\/tag\/juan-rulfo-frases-mujeres\/","name":"Esta fue la camiseta de la Selecci\u00f3n Mexicana que us\u00f3 en Qatar 2022 - So Close","isPartOf":{"@id":"https:\/\/soclose.mx\/blog\/#website"},"primaryImageOfPage":{"@id":"https:\/\/soclose.mx\/blog\/tag\/juan-rulfo-frases-mujeres\/#primaryimage"},"image":{"@id":"https:\/\/soclose.mx\/blog\/tag\/juan-rulfo-frases-mujeres\/#primaryimage"},"thumbnailUrl":"https:\/\/i0.wp.com\/soclose.mx\/blog\/wp-content\/uploads\/2022\/07\/mexico.png?fit=905%2C627&ssl=1","datePublished":"2022-07-13T23:49:21+00:00","dateModified":"2023-10-30T22:08:23+00:00","breadcrumb":{"@id":"https:\/\/soclose.mx\/blog\/tag\/juan-rulfo-frases-mujeres\/#breadcrumb"},"inLanguage":"es","potentialAction":[{"@type":"ReadAction","target":["https:\/\/soclose.mx\/blog\/tag\/juan-rulfo-frases-mujeres\/"]}]},{"@type":"ImageObject","inLanguage":"es","@id":"https:\/\/soclose.mx\/blog\/tag\/juan-rulfo-frases-mujeres\/#primaryimage","url":"https:\/\/i0.wp.com\/soclose.mx\/blog\/wp-content\/uploads\/2022\/07\/mexico.png?fit=905%2C627&ssl=1","contentUrl":"https:\/\/i0.wp.com\/soclose.mx\/blog\/wp-content\/uploads\/2022\/07\/mexico.png?fit=905%2C627&ssl=1","width":905,"height":627},{"@type":"BreadcrumbList","@id":"https:\/\/soclose.mx\/blog\/tag\/juan-rulfo-frases-mujeres\/#breadcrumb","itemListElement":[{"@type":"ListItem","position":1,"name":"Inicio","item":"https:\/\/soclose.mx\/blog\/"},{"@type":"ListItem","position":2,"name":"Esta fue la camiseta de la Selecci\u00f3n Mexicana que us\u00f3 en Qatar 2022"}]},{"@type":"WebSite","@id":"https:\/\/soclose.mx\/blog\/#website","url":"https:\/\/soclose.mx\/blog\/","name":"So Close","description":"Hacemos contenidos de M\u00e9xico","publisher":{"@id":"https:\/\/soclose.mx\/blog\/#organization"},"potentialAction":[{"@type":"SearchAction","target":{"@type":"EntryPoint","urlTemplate":"https:\/\/soclose.mx\/blog\/?s={search_term_string}"},"query-input":{"@type":"PropertyValueSpecification","valueRequired":true,"valueName":"search_term_string"}}],"inLanguage":"es"},{"@type":"Organization","@id":"https:\/\/soclose.mx\/blog\/#organization","name":"So Close","url":"https:\/\/soclose.mx\/blog\/","logo":{"@type":"ImageObject","inLanguage":"es","@id":"https:\/\/soclose.mx\/blog\/#\/schema\/logo\/image\/","url":"https:\/\/i0.wp.com\/soclose.mx\/blog\/wp-content\/uploads\/2020\/12\/LOGO_SOCLOSE_COLOR-e1608310133507.png?fit=2858%2C1264&ssl=1","contentUrl":"https:\/\/i0.wp.com\/soclose.mx\/blog\/wp-content\/uploads\/2020\/12\/LOGO_SOCLOSE_COLOR-e1608310133507.png?fit=2858%2C1264&ssl=1","width":2858,"height":1264,"caption":"So Close"},"image":{"@id":"https:\/\/soclose.mx\/blog\/#\/schema\/logo\/image\/"}},{"@type":"Person","@id":"https:\/\/soclose.mx\/blog\/#\/schema\/person\/54cd06c3a8cdc01a80c08725278aff88","name":"Daniel Ram\u00edrez","image":{"@type":"ImageObject","inLanguage":"es","@id":"https:\/\/soclose.mx\/blog\/#\/schema\/person\/image\/","url":"https:\/\/secure.gravatar.com\/avatar\/74af6012f2e898d2be93cf32e26b59a2c9489743c9ca6270d7848b44edd7d272?s=96&d=mm&r=g","contentUrl":"https:\/\/secure.gravatar.com\/avatar\/74af6012f2e898d2be93cf32e26b59a2c9489743c9ca6270d7848b44edd7d272?s=96&d=mm&r=g","caption":"Daniel Ram\u00edrez"},"url":"https:\/\/soclose.mx\/blog\/author\/peter\/"}]}},"jetpack_featured_media_url":"https:\/\/i0.wp.com\/soclose.mx\/blog\/wp-content\/uploads\/2022\/07\/mexico.png?fit=905%2C627&ssl=1","jetpack-related-posts":[{"id":9919,"url":"https:\/\/soclose.mx\/blog\/a-la-mexicana\/los-5-momentos-sublimes-de-hugo-sanchez\/","url_meta":{"origin":10589,"position":0},"title":"Los 5 momentos sublimes de Hugo S\u00e1nchez","author":"Daniel Ram\u00edrez","date":"19 mayo, 2022","format":false,"excerpt":"El pasado 17 de mayo se estren\u00f3 por Star+ \u201cHugo S\u00e1nchez Presenta\u201d, un programa en el que el Pentapichichi entrevistar\u00e1 a figuras del futbol mundial, algo as\u00ed como la Noche del 10, protagonizada por Diego Armando Maradona (QDEP). Este programa marcar\u00e1 el retorno de Hugol a la pantalla y con\u2026","rel":"","context":"En &quot;A la mexicana&quot;","block_context":{"text":"A la mexicana","link":"https:\/\/soclose.mx\/blog\/category\/a-la-mexicana\/"},"img":{"alt_text":"","src":"https:\/\/i0.wp.com\/soclose.mx\/blog\/wp-content\/uploads\/2022\/05\/hugol.png?fit=1007%2C633&ssl=1&resize=350%2C200","width":350,"height":200,"srcset":"https:\/\/i0.wp.com\/soclose.mx\/blog\/wp-content\/uploads\/2022\/05\/hugol.png?fit=1007%2C633&ssl=1&resize=350%2C200 1x, https:\/\/i0.wp.com\/soclose.mx\/blog\/wp-content\/uploads\/2022\/05\/hugol.png?fit=1007%2C633&ssl=1&resize=525%2C300 1.5x, https:\/\/i0.wp.com\/soclose.mx\/blog\/wp-content\/uploads\/2022\/05\/hugol.png?fit=1007%2C633&ssl=1&resize=700%2C400 2x"},"classes":[]},{"id":14964,"url":"https:\/\/soclose.mx\/blog\/news-feed\/nuevo-jersey-de-mexico-para-el-mundial-2026-como-y-donde-comprarlo\/","url_meta":{"origin":10589,"position":1},"title":"Nuevo Jersey de M\u00e9xico para el Mundial 2026: C\u00f3mo y D\u00f3nde Comprarlo","author":"So Close","date":"10 noviembre, 2025","format":false,"excerpt":"\u00a1Ag\u00e1rrense! que el nuevo jersey de M\u00e9xico para el Mundial 2026 ya lo presentaron oficialmente los de Adidas y ya est\u00e1 disponible para la venta en M\u00e9xico y Estados Unidos. Este uniforme rinde homenaje a la cultura mexicana, porque su dise\u00f1o est\u00e1 inspirado en la Piedra del Sol o Calendario\u2026","rel":"","context":"En &quot;News feed&quot;","block_context":{"text":"News feed","link":"https:\/\/soclose.mx\/blog\/category\/news-feed\/"},"img":{"alt_text":"Jersey de M\u00e9xico para el mundial 2026","src":"https:\/\/i0.wp.com\/soclose.mx\/blog\/wp-content\/uploads\/2025\/11\/Salma-Hayek-3.jpg?fit=1200%2C675&ssl=1&resize=350%2C200","width":350,"height":200,"srcset":"https:\/\/i0.wp.com\/soclose.mx\/blog\/wp-content\/uploads\/2025\/11\/Salma-Hayek-3.jpg?fit=1200%2C675&ssl=1&resize=350%2C200 1x, https:\/\/i0.wp.com\/soclose.mx\/blog\/wp-content\/uploads\/2025\/11\/Salma-Hayek-3.jpg?fit=1200%2C675&ssl=1&resize=525%2C300 1.5x, https:\/\/i0.wp.com\/soclose.mx\/blog\/wp-content\/uploads\/2025\/11\/Salma-Hayek-3.jpg?fit=1200%2C675&ssl=1&resize=700%2C400 2x, https:\/\/i0.wp.com\/soclose.mx\/blog\/wp-content\/uploads\/2025\/11\/Salma-Hayek-3.jpg?fit=1200%2C675&ssl=1&resize=1050%2C600 3x"},"classes":[]},{"id":10102,"url":"https:\/\/soclose.mx\/blog\/para-todos\/qatar-busca-latinos-para-trabajar-en-el-mundial-2022\/","url_meta":{"origin":10589,"position":2},"title":"Qatar busca latinos para trabajar en el Mundial 2022","author":"Daniel Ram\u00edrez","date":"4 junio, 2022","format":false,"excerpt":"Si no tienes a\u00fan boletos para el Mundial de Qatar 2022, esta es tu oportunidad para ir al evento deportivo m\u00e1s importante del a\u00f1o y \u00a1todo pagado! Si eres latino y te intreresa trabajar durante la Copa del Mundo, aplica para un puesto. \u00danicamente debes tener un ingl\u00e9s fluido, un\u2026","rel":"","context":"En &quot;Para todos&quot;","block_context":{"text":"Para todos","link":"https:\/\/soclose.mx\/blog\/category\/para-todos\/"},"img":{"alt_text":"","src":"https:\/\/i0.wp.com\/soclose.mx\/blog\/wp-content\/uploads\/2022\/06\/pexels-jeffry-surianto-11644229-scaled.jpg?fit=1200%2C800&ssl=1&resize=350%2C200","width":350,"height":200,"srcset":"https:\/\/i0.wp.com\/soclose.mx\/blog\/wp-content\/uploads\/2022\/06\/pexels-jeffry-surianto-11644229-scaled.jpg?fit=1200%2C800&ssl=1&resize=350%2C200 1x, https:\/\/i0.wp.com\/soclose.mx\/blog\/wp-content\/uploads\/2022\/06\/pexels-jeffry-surianto-11644229-scaled.jpg?fit=1200%2C800&ssl=1&resize=525%2C300 1.5x, https:\/\/i0.wp.com\/soclose.mx\/blog\/wp-content\/uploads\/2022\/06\/pexels-jeffry-surianto-11644229-scaled.jpg?fit=1200%2C800&ssl=1&resize=700%2C400 2x, https:\/\/i0.wp.com\/soclose.mx\/blog\/wp-content\/uploads\/2022\/06\/pexels-jeffry-surianto-11644229-scaled.jpg?fit=1200%2C800&ssl=1&resize=1050%2C600 3x"},"classes":[]},{"id":13924,"url":"https:\/\/soclose.mx\/blog\/seleccion-mexicana\/copa-america-migrante-un-puente-de-union-en-la-frontera-de-mexico\/","url_meta":{"origin":10589,"position":3},"title":"Copa Am\u00e9rica Migrante: Un Puente de Uni\u00f3n en la Frontera de M\u00e9xico","author":"So Close","date":"16 agosto, 2024","format":false,"excerpt":"La\u00a0Copa Am\u00e9rica Migrante\u00a0es un torneo de f\u00fatbol que se celebra en Ciudad Ju\u00e1rez, M\u00e9xico, con el objetivo de proporcionar un espacio de convivencia y recreaci\u00f3n para migrantes de diversas nacionalidades. Este evento busca fomentar el deporte y la integraci\u00f3n social entre personas desplazadas, reflejando la diversidad cultural de la regi\u00f3n.\u2026","rel":"","context":"En &quot;News feed&quot;","block_context":{"text":"News feed","link":"https:\/\/soclose.mx\/blog\/category\/news-feed\/"},"img":{"alt_text":"Copa Am\u00e9rica Migrante","src":"https:\/\/i0.wp.com\/soclose.mx\/blog\/wp-content\/uploads\/2024\/08\/copa-america-migrante-ecuador.jpeg?fit=1200%2C683&ssl=1&resize=350%2C200","width":350,"height":200,"srcset":"https:\/\/i0.wp.com\/soclose.mx\/blog\/wp-content\/uploads\/2024\/08\/copa-america-migrante-ecuador.jpeg?fit=1200%2C683&ssl=1&resize=350%2C200 1x, https:\/\/i0.wp.com\/soclose.mx\/blog\/wp-content\/uploads\/2024\/08\/copa-america-migrante-ecuador.jpeg?fit=1200%2C683&ssl=1&resize=525%2C300 1.5x, https:\/\/i0.wp.com\/soclose.mx\/blog\/wp-content\/uploads\/2024\/08\/copa-america-migrante-ecuador.jpeg?fit=1200%2C683&ssl=1&resize=700%2C400 2x, https:\/\/i0.wp.com\/soclose.mx\/blog\/wp-content\/uploads\/2024\/08\/copa-america-migrante-ecuador.jpeg?fit=1200%2C683&ssl=1&resize=1050%2C600 3x"},"classes":[]},{"id":13685,"url":"https:\/\/soclose.mx\/blog\/para-todos\/mexico-en-la-copa-america-2024-fechas-horarios-y-rivales\/","url_meta":{"origin":10589,"position":4},"title":"M\u00e9xico en la Copa Am\u00e9rica 2024: Fechas, horarios y rivales","author":"So Close","date":"19 junio, 2024","format":false,"excerpt":"M\u00e9xico ya est\u00e1 en la Copa Am\u00e9rica 2024 y se prepara para afrontar un nuevo reto, que se celebrar\u00e1 en Estados Unidos del 20 de junio al 14 de julio. Con la ilusi\u00f3n de levantar por primera vez el trofeo continental, M\u00e9xico se enfrentar\u00e1 a rivales de alto calibre en\u2026","rel":"","context":"En &quot;Para todos&quot;","block_context":{"text":"Para todos","link":"https:\/\/soclose.mx\/blog\/category\/para-todos\/"},"img":{"alt_text":"Selecci\u00f3n mexicana de futbol","src":"https:\/\/i0.wp.com\/soclose.mx\/blog\/wp-content\/uploads\/2024\/06\/Screen-Shot-2024-06-19-at-13.45.09.jpg?fit=1200%2C546&ssl=1&resize=350%2C200","width":350,"height":200,"srcset":"https:\/\/i0.wp.com\/soclose.mx\/blog\/wp-content\/uploads\/2024\/06\/Screen-Shot-2024-06-19-at-13.45.09.jpg?fit=1200%2C546&ssl=1&resize=350%2C200 1x, https:\/\/i0.wp.com\/soclose.mx\/blog\/wp-content\/uploads\/2024\/06\/Screen-Shot-2024-06-19-at-13.45.09.jpg?fit=1200%2C546&ssl=1&resize=525%2C300 1.5x, https:\/\/i0.wp.com\/soclose.mx\/blog\/wp-content\/uploads\/2024\/06\/Screen-Shot-2024-06-19-at-13.45.09.jpg?fit=1200%2C546&ssl=1&resize=700%2C400 2x, https:\/\/i0.wp.com\/soclose.mx\/blog\/wp-content\/uploads\/2024\/06\/Screen-Shot-2024-06-19-at-13.45.09.jpg?fit=1200%2C546&ssl=1&resize=1050%2C600 3x"},"classes":[]},{"id":14568,"url":"https:\/\/soclose.mx\/blog\/news-feed\/partidos-confirmados-de-la-seleccion-mexicana-en-2025\/","url_meta":{"origin":10589,"position":5},"title":"Partidos confirmados de la Selecci\u00f3n Mexicana en 2025","author":"So Close","date":"30 diciembre, 2024","format":false,"excerpt":"Los Partidos confirmados de la Selecci\u00f3n Mexicana en 2025 prometen ser cruciales para afinar el equipo de cara a la Copa del Mundo 2026. A continuaci\u00f3n, se detallan los encuentros programados y su importancia para el desarrollo del equipo. Partidos confirmados de la Selecci\u00f3n Mexicana en 2025 Amistosos en Enero\u2026","rel":"","context":"En &quot;News feed&quot;","block_context":{"text":"News feed","link":"https:\/\/soclose.mx\/blog\/category\/news-feed\/"},"img":{"alt_text":"Javier Aguirre","src":"https:\/\/i0.wp.com\/soclose.mx\/blog\/wp-content\/uploads\/2024\/12\/Javier-Aguirre.jpg?fit=1200%2C675&ssl=1&resize=350%2C200","width":350,"height":200,"srcset":"https:\/\/i0.wp.com\/soclose.mx\/blog\/wp-content\/uploads\/2024\/12\/Javier-Aguirre.jpg?fit=1200%2C675&ssl=1&resize=350%2C200 1x, https:\/\/i0.wp.com\/soclose.mx\/blog\/wp-content\/uploads\/2024\/12\/Javier-Aguirre.jpg?fit=1200%2C675&ssl=1&resize=525%2C300 1.5x, https:\/\/i0.wp.com\/soclose.mx\/blog\/wp-content\/uploads\/2024\/12\/Javier-Aguirre.jpg?fit=1200%2C675&ssl=1&resize=700%2C400 2x, https:\/\/i0.wp.com\/soclose.mx\/blog\/wp-content\/uploads\/2024\/12\/Javier-Aguirre.jpg?fit=1200%2C675&ssl=1&resize=1050%2C600 3x"},"classes":[]}],"jetpack_sharing_enabled":true,"_links":{"self":[{"href":"https:\/\/soclose.mx\/blog\/wp-json\/wp\/v2\/posts\/10589","targetHints":{"allow":["GET"]}}],"collection":[{"href":"https:\/\/soclose.mx\/blog\/wp-json\/wp\/v2\/posts"}],"about":[{"href":"https:\/\/soclose.mx\/blog\/wp-json\/wp\/v2\/types\/post"}],"author":[{"embeddable":true,"href":"https:\/\/soclose.mx\/blog\/wp-json\/wp\/v2\/users\/9"}],"replies":[{"embeddable":true,"href":"https:\/\/soclose.mx\/blog\/wp-json\/wp\/v2\/comments?post=10589"}],"version-history":[{"count":0,"href":"https:\/\/soclose.mx\/blog\/wp-json\/wp\/v2\/posts\/10589\/revisions"}],"wp:featuredmedia":[{"embeddable":true,"href":"https:\/\/soclose.mx\/blog\/wp-json\/wp\/v2\/media\/10590"}],"wp:attachment":[{"href":"https:\/\/soclose.mx\/blog\/wp-json\/wp\/v2\/media?parent=10589"}],"wp:term":[{"taxonomy":"category","embeddable":true,"href":"https:\/\/soclose.mx\/blog\/wp-json\/wp\/v2\/categories?post=10589"},{"taxonomy":"post_tag","embeddable":true,"href":"https:\/\/soclose.mx\/blog\/wp-json\/wp\/v2\/tags?post=10589"}],"curies":[{"name":"wp","href":"https:\/\/api.w.org\/{rel}","templated":true}]}}