{"id":10608,"date":"2022-07-14T18:12:10","date_gmt":"2022-07-14T23:12:10","guid":{"rendered":"https:\/\/soclose.mx\/blog\/?p=10608"},"modified":"2022-07-14T18:12:10","modified_gmt":"2022-07-14T23:12:10","slug":"el-sindrome-del-jamaicon-lo-conoces","status":"publish","type":"post","link":"https:\/\/soclose.mx\/blog\/ay-goeeee\/el-sindrome-del-jamaicon-lo-conoces\/","title":{"rendered":"El S\u00edndrome del Jamaic\u00f3n, \u00bflo conoces?"},"content":{"rendered":"<p>Cuando salimos de viaje, principalmente al extranjero, extra\u00f1amos todo: la comida, nuestros amigos, el barrio y la familia.<\/p>\n<p>Algunos podr\u00e1n decir que no sucede, te puedes adaptar a todo, pero s\u00ed pasa. Eso fue lo que le ocurri\u00f3 a un famoso exjugador de las <strong>Chivas de Guadalajara,<\/strong> quien patent\u00f3 este sentimiento.<\/p>\n<p><a href=\"https:\/\/soclose.mx\/blog\/newss-feed\/ya-la-tienes-asi-es-la-nueva-camiseta-de-la-seleccion-mexicana-para-qatar-2022\/\">La Selecci\u00f3n Mexicana<\/a> participaba en el Mundial de Suecia 1958 y <strong>Jos\u00e9 &#8216;Jamaic\u00f3n&#8217; Villegas<\/strong>, integrante del equipo nacional, dijo que extra\u00f1aba su tierra, espec\u00edficamente los frijoles de la olla y las tortillas.<\/p>\n<p>Esas palabras quedaron muy grabadas en la sociedad mexicana y principalmente en la comunidad futbolera, pues qued\u00f3 asociada a los compatriotas que extra\u00f1an M\u00e9xico.<\/p>\n<p>Este &#8216;padecimiento&#8217; se asocia a la nostalgia y el sentido de pertenencia, aunque en los \u00faltimos a\u00f1os ha disminuido el apego a nuestro pa\u00eds, lo que ha permitido adaptarse a esos cambios.<\/p>\n<p>Juan Villoro, escritor mexicano, ha explicado esta situaci\u00f3n de la siguiente manera: &#8220;Si t\u00fa dices, yo necesito a mi clan; yo necesito las alb\u00f3ndigas de mi abuela; yo necesito los guisos de mi casa; yo necesito el clima de Guadalajara, t\u00fa est\u00e1s diciendo: yo necesito a los m\u00edos, yo necesito a mi clan. Y esto nosotros lo podemos perdonar muy f\u00e1cilmente, porque podemos decir: es de los nuestros&#8221;.<\/p>\n<p>\u00bfHas vivido alguna vez &#8216;El S\u00edndrome del Jamaic\u00f3n&#8217;?<\/p>\n","protected":false},"excerpt":{"rendered":"<p>Cuando salimos de viaje, principalmente al extranjero, extra\u00f1amos todo: la comida, nuestros amigos, el barrio y la familia. Algunos podr\u00e1n decir que no sucede, te puedes adaptar a todo, pero s\u00ed pasa. Eso fue lo que le ocurri\u00f3 a un famoso exjugador de las Chivas de Guadalajara, quien patent\u00f3 este sentimiento. La Selecci\u00f3n Mexicana participaba en el Mundial de Suecia 1958 y Jos\u00e9 &#8216;Jamaic\u00f3n&#8217; Villegas, integrante del equipo nacional, dijo que extra\u00f1aba su tierra, espec\u00edficamente los frijoles de la olla y las tortillas. Esas palabras quedaron muy grabadas en la sociedad mexicana y principalmente en la comunidad futbolera, pues qued\u00f3<\/p>\n","protected":false},"author":9,"featured_media":10609,"comment_status":"open","ping_status":"open","sticky":false,"template":"","format":"standard","meta":{"_jetpack_memberships_contains_paid_content":false,"footnotes":""},"categories":[1],"tags":[2532,2533,2536,2531,2535,2534],"class_list":["post-10608","post","type-post","status-publish","format-standard","has-post-thumbnail","hentry","category-ay-goeeee","tag-chivas","tag-futbol","tag-futbol-mexicano","tag-jamaicon-villegas","tag-mundial","tag-suecia-1958"],"yoast_head":"<!-- This site is optimized with the Yoast SEO plugin v26.7 - https:\/\/yoast.com\/wordpress\/plugins\/seo\/ -->\n<title>El S\u00edndrome del Jamaic\u00f3n, \u00bflo conoces? - So Close<\/title>\n<meta name=\"robots\" content=\"index, follow, max-snippet:-1, max-image-preview:large, max-video-preview:-1\" \/>\n<link rel=\"canonical\" href=\"https:\/\/soclose.mx\/blog\/tag\/juan-rulfo-frases-mujeres\/\" \/>\n<meta property=\"og:locale\" content=\"es_MX\" \/>\n<meta property=\"og:type\" content=\"article\" \/>\n<meta property=\"og:title\" content=\"El S\u00edndrome del Jamaic\u00f3n, \u00bflo conoces? - So Close\" \/>\n<meta property=\"og:description\" content=\"Cuando salimos de viaje, principalmente al extranjero, extra\u00f1amos todo: la comida, nuestros amigos, el barrio y la familia. Algunos podr\u00e1n decir que no sucede, te puedes adaptar a todo, pero s\u00ed pasa. Eso fue lo que le ocurri\u00f3 a un famoso exjugador de las Chivas de Guadalajara, quien patent\u00f3 este sentimiento. La Selecci\u00f3n Mexicana participaba en el Mundial de Suecia 1958 y Jos\u00e9 &#8216;Jamaic\u00f3n&#8217; Villegas, integrante del equipo nacional, dijo que extra\u00f1aba su tierra, espec\u00edficamente los frijoles de la olla y las tortillas. Esas palabras quedaron muy grabadas en la sociedad mexicana y principalmente en la comunidad futbolera, pues qued\u00f3\" \/>\n<meta property=\"og:url\" content=\"https:\/\/soclose.mx\/blog\/tag\/juan-rulfo-frases-mujeres\/\" \/>\n<meta property=\"og:site_name\" content=\"So Close\" \/>\n<meta property=\"article:published_time\" content=\"2022-07-14T23:12:10+00:00\" \/>\n<meta property=\"og:image\" content=\"https:\/\/i0.wp.com\/soclose.mx\/blog\/wp-content\/uploads\/2022\/07\/jamaicon.png?fit=588%2C386&ssl=1\" \/>\n\t<meta property=\"og:image:width\" content=\"588\" \/>\n\t<meta property=\"og:image:height\" content=\"386\" \/>\n\t<meta property=\"og:image:type\" content=\"image\/png\" \/>\n<meta name=\"author\" content=\"Daniel Ram\u00edrez\" \/>\n<meta name=\"twitter:card\" content=\"summary_large_image\" \/>\n<meta name=\"twitter:label1\" content=\"Escrito por\" \/>\n\t<meta name=\"twitter:data1\" content=\"Daniel Ram\u00edrez\" \/>\n\t<meta name=\"twitter:label2\" content=\"Tiempo de lectura\" \/>\n\t<meta name=\"twitter:data2\" content=\"1 minuto\" \/>\n<script type=\"application\/ld+json\" class=\"yoast-schema-graph\">{\"@context\":\"https:\/\/schema.org\",\"@graph\":[{\"@type\":\"Article\",\"@id\":\"https:\/\/soclose.mx\/blog\/tag\/juan-rulfo-frases-mujeres\/#article\",\"isPartOf\":{\"@id\":\"https:\/\/soclose.mx\/blog\/tag\/juan-rulfo-frases-mujeres\/\"},\"author\":{\"name\":\"Daniel Ram\u00edrez\",\"@id\":\"https:\/\/soclose.mx\/blog\/#\/schema\/person\/54cd06c3a8cdc01a80c08725278aff88\"},\"headline\":\"El S\u00edndrome del Jamaic\u00f3n, \u00bflo conoces?\",\"datePublished\":\"2022-07-14T23:12:10+00:00\",\"mainEntityOfPage\":{\"@id\":\"https:\/\/soclose.mx\/blog\/tag\/juan-rulfo-frases-mujeres\/\"},\"wordCount\":239,\"commentCount\":0,\"publisher\":{\"@id\":\"https:\/\/soclose.mx\/blog\/#organization\"},\"image\":{\"@id\":\"https:\/\/soclose.mx\/blog\/tag\/juan-rulfo-frases-mujeres\/#primaryimage\"},\"thumbnailUrl\":\"https:\/\/i0.wp.com\/soclose.mx\/blog\/wp-content\/uploads\/2022\/07\/jamaicon.png?fit=588%2C386&ssl=1\",\"keywords\":[\"chivas\",\"futbol\",\"futbol mexicano\",\"jamaicon villegas\",\"mundial\",\"suecia 1958\"],\"articleSection\":[\"\u00a1Ay goeeee!\"],\"inLanguage\":\"es\",\"potentialAction\":[{\"@type\":\"CommentAction\",\"name\":\"Comment\",\"target\":[\"https:\/\/soclose.mx\/blog\/tag\/juan-rulfo-frases-mujeres\/#respond\"]}]},{\"@type\":\"WebPage\",\"@id\":\"https:\/\/soclose.mx\/blog\/tag\/juan-rulfo-frases-mujeres\/\",\"url\":\"https:\/\/soclose.mx\/blog\/tag\/juan-rulfo-frases-mujeres\/\",\"name\":\"El S\u00edndrome del Jamaic\u00f3n, \u00bflo conoces? - So Close\",\"isPartOf\":{\"@id\":\"https:\/\/soclose.mx\/blog\/#website\"},\"primaryImageOfPage\":{\"@id\":\"https:\/\/soclose.mx\/blog\/tag\/juan-rulfo-frases-mujeres\/#primaryimage\"},\"image\":{\"@id\":\"https:\/\/soclose.mx\/blog\/tag\/juan-rulfo-frases-mujeres\/#primaryimage\"},\"thumbnailUrl\":\"https:\/\/i0.wp.com\/soclose.mx\/blog\/wp-content\/uploads\/2022\/07\/jamaicon.png?fit=588%2C386&ssl=1\",\"datePublished\":\"2022-07-14T23:12:10+00:00\",\"breadcrumb\":{\"@id\":\"https:\/\/soclose.mx\/blog\/tag\/juan-rulfo-frases-mujeres\/#breadcrumb\"},\"inLanguage\":\"es\",\"potentialAction\":[{\"@type\":\"ReadAction\",\"target\":[\"https:\/\/soclose.mx\/blog\/tag\/juan-rulfo-frases-mujeres\/\"]}]},{\"@type\":\"ImageObject\",\"inLanguage\":\"es\",\"@id\":\"https:\/\/soclose.mx\/blog\/tag\/juan-rulfo-frases-mujeres\/#primaryimage\",\"url\":\"https:\/\/i0.wp.com\/soclose.mx\/blog\/wp-content\/uploads\/2022\/07\/jamaicon.png?fit=588%2C386&ssl=1\",\"contentUrl\":\"https:\/\/i0.wp.com\/soclose.mx\/blog\/wp-content\/uploads\/2022\/07\/jamaicon.png?fit=588%2C386&ssl=1\",\"width\":588,\"height\":386},{\"@type\":\"BreadcrumbList\",\"@id\":\"https:\/\/soclose.mx\/blog\/tag\/juan-rulfo-frases-mujeres\/#breadcrumb\",\"itemListElement\":[{\"@type\":\"ListItem\",\"position\":1,\"name\":\"Inicio\",\"item\":\"https:\/\/soclose.mx\/blog\/\"},{\"@type\":\"ListItem\",\"position\":2,\"name\":\"El S\u00edndrome del Jamaic\u00f3n, \u00bflo conoces?\"}]},{\"@type\":\"WebSite\",\"@id\":\"https:\/\/soclose.mx\/blog\/#website\",\"url\":\"https:\/\/soclose.mx\/blog\/\",\"name\":\"So Close\",\"description\":\"Hacemos contenidos de M\u00e9xico\",\"publisher\":{\"@id\":\"https:\/\/soclose.mx\/blog\/#organization\"},\"potentialAction\":[{\"@type\":\"SearchAction\",\"target\":{\"@type\":\"EntryPoint\",\"urlTemplate\":\"https:\/\/soclose.mx\/blog\/?s={search_term_string}\"},\"query-input\":{\"@type\":\"PropertyValueSpecification\",\"valueRequired\":true,\"valueName\":\"search_term_string\"}}],\"inLanguage\":\"es\"},{\"@type\":\"Organization\",\"@id\":\"https:\/\/soclose.mx\/blog\/#organization\",\"name\":\"So Close\",\"url\":\"https:\/\/soclose.mx\/blog\/\",\"logo\":{\"@type\":\"ImageObject\",\"inLanguage\":\"es\",\"@id\":\"https:\/\/soclose.mx\/blog\/#\/schema\/logo\/image\/\",\"url\":\"https:\/\/i0.wp.com\/soclose.mx\/blog\/wp-content\/uploads\/2020\/12\/LOGO_SOCLOSE_COLOR-e1608310133507.png?fit=2858%2C1264&ssl=1\",\"contentUrl\":\"https:\/\/i0.wp.com\/soclose.mx\/blog\/wp-content\/uploads\/2020\/12\/LOGO_SOCLOSE_COLOR-e1608310133507.png?fit=2858%2C1264&ssl=1\",\"width\":2858,\"height\":1264,\"caption\":\"So Close\"},\"image\":{\"@id\":\"https:\/\/soclose.mx\/blog\/#\/schema\/logo\/image\/\"}},{\"@type\":\"Person\",\"@id\":\"https:\/\/soclose.mx\/blog\/#\/schema\/person\/54cd06c3a8cdc01a80c08725278aff88\",\"name\":\"Daniel Ram\u00edrez\",\"image\":{\"@type\":\"ImageObject\",\"inLanguage\":\"es\",\"@id\":\"https:\/\/soclose.mx\/blog\/#\/schema\/person\/image\/\",\"url\":\"https:\/\/secure.gravatar.com\/avatar\/74af6012f2e898d2be93cf32e26b59a2c9489743c9ca6270d7848b44edd7d272?s=96&d=mm&r=g\",\"contentUrl\":\"https:\/\/secure.gravatar.com\/avatar\/74af6012f2e898d2be93cf32e26b59a2c9489743c9ca6270d7848b44edd7d272?s=96&d=mm&r=g\",\"caption\":\"Daniel Ram\u00edrez\"},\"url\":\"https:\/\/soclose.mx\/blog\/author\/peter\/\"}]}<\/script>\n<!-- \/ Yoast SEO plugin. -->","yoast_head_json":{"title":"El S\u00edndrome del Jamaic\u00f3n, \u00bflo conoces? - So Close","robots":{"index":"index","follow":"follow","max-snippet":"max-snippet:-1","max-image-preview":"max-image-preview:large","max-video-preview":"max-video-preview:-1"},"canonical":"https:\/\/soclose.mx\/blog\/tag\/juan-rulfo-frases-mujeres\/","og_locale":"es_MX","og_type":"article","og_title":"El S\u00edndrome del Jamaic\u00f3n, \u00bflo conoces? - So Close","og_description":"Cuando salimos de viaje, principalmente al extranjero, extra\u00f1amos todo: la comida, nuestros amigos, el barrio y la familia. Algunos podr\u00e1n decir que no sucede, te puedes adaptar a todo, pero s\u00ed pasa. Eso fue lo que le ocurri\u00f3 a un famoso exjugador de las Chivas de Guadalajara, quien patent\u00f3 este sentimiento. La Selecci\u00f3n Mexicana participaba en el Mundial de Suecia 1958 y Jos\u00e9 &#8216;Jamaic\u00f3n&#8217; Villegas, integrante del equipo nacional, dijo que extra\u00f1aba su tierra, espec\u00edficamente los frijoles de la olla y las tortillas. Esas palabras quedaron muy grabadas en la sociedad mexicana y principalmente en la comunidad futbolera, pues qued\u00f3","og_url":"https:\/\/soclose.mx\/blog\/tag\/juan-rulfo-frases-mujeres\/","og_site_name":"So Close","article_published_time":"2022-07-14T23:12:10+00:00","og_image":[{"width":588,"height":386,"url":"https:\/\/i0.wp.com\/soclose.mx\/blog\/wp-content\/uploads\/2022\/07\/jamaicon.png?fit=588%2C386&ssl=1","type":"image\/png"}],"author":"Daniel Ram\u00edrez","twitter_card":"summary_large_image","twitter_misc":{"Escrito por":"Daniel Ram\u00edrez","Tiempo de lectura":"1 minuto"},"schema":{"@context":"https:\/\/schema.org","@graph":[{"@type":"Article","@id":"https:\/\/soclose.mx\/blog\/tag\/juan-rulfo-frases-mujeres\/#article","isPartOf":{"@id":"https:\/\/soclose.mx\/blog\/tag\/juan-rulfo-frases-mujeres\/"},"author":{"name":"Daniel Ram\u00edrez","@id":"https:\/\/soclose.mx\/blog\/#\/schema\/person\/54cd06c3a8cdc01a80c08725278aff88"},"headline":"El S\u00edndrome del Jamaic\u00f3n, \u00bflo conoces?","datePublished":"2022-07-14T23:12:10+00:00","mainEntityOfPage":{"@id":"https:\/\/soclose.mx\/blog\/tag\/juan-rulfo-frases-mujeres\/"},"wordCount":239,"commentCount":0,"publisher":{"@id":"https:\/\/soclose.mx\/blog\/#organization"},"image":{"@id":"https:\/\/soclose.mx\/blog\/tag\/juan-rulfo-frases-mujeres\/#primaryimage"},"thumbnailUrl":"https:\/\/i0.wp.com\/soclose.mx\/blog\/wp-content\/uploads\/2022\/07\/jamaicon.png?fit=588%2C386&ssl=1","keywords":["chivas","futbol","futbol mexicano","jamaicon villegas","mundial","suecia 1958"],"articleSection":["\u00a1Ay goeeee!"],"inLanguage":"es","potentialAction":[{"@type":"CommentAction","name":"Comment","target":["https:\/\/soclose.mx\/blog\/tag\/juan-rulfo-frases-mujeres\/#respond"]}]},{"@type":"WebPage","@id":"https:\/\/soclose.mx\/blog\/tag\/juan-rulfo-frases-mujeres\/","url":"https:\/\/soclose.mx\/blog\/tag\/juan-rulfo-frases-mujeres\/","name":"El S\u00edndrome del Jamaic\u00f3n, \u00bflo conoces? - So Close","isPartOf":{"@id":"https:\/\/soclose.mx\/blog\/#website"},"primaryImageOfPage":{"@id":"https:\/\/soclose.mx\/blog\/tag\/juan-rulfo-frases-mujeres\/#primaryimage"},"image":{"@id":"https:\/\/soclose.mx\/blog\/tag\/juan-rulfo-frases-mujeres\/#primaryimage"},"thumbnailUrl":"https:\/\/i0.wp.com\/soclose.mx\/blog\/wp-content\/uploads\/2022\/07\/jamaicon.png?fit=588%2C386&ssl=1","datePublished":"2022-07-14T23:12:10+00:00","breadcrumb":{"@id":"https:\/\/soclose.mx\/blog\/tag\/juan-rulfo-frases-mujeres\/#breadcrumb"},"inLanguage":"es","potentialAction":[{"@type":"ReadAction","target":["https:\/\/soclose.mx\/blog\/tag\/juan-rulfo-frases-mujeres\/"]}]},{"@type":"ImageObject","inLanguage":"es","@id":"https:\/\/soclose.mx\/blog\/tag\/juan-rulfo-frases-mujeres\/#primaryimage","url":"https:\/\/i0.wp.com\/soclose.mx\/blog\/wp-content\/uploads\/2022\/07\/jamaicon.png?fit=588%2C386&ssl=1","contentUrl":"https:\/\/i0.wp.com\/soclose.mx\/blog\/wp-content\/uploads\/2022\/07\/jamaicon.png?fit=588%2C386&ssl=1","width":588,"height":386},{"@type":"BreadcrumbList","@id":"https:\/\/soclose.mx\/blog\/tag\/juan-rulfo-frases-mujeres\/#breadcrumb","itemListElement":[{"@type":"ListItem","position":1,"name":"Inicio","item":"https:\/\/soclose.mx\/blog\/"},{"@type":"ListItem","position":2,"name":"El S\u00edndrome del Jamaic\u00f3n, \u00bflo conoces?"}]},{"@type":"WebSite","@id":"https:\/\/soclose.mx\/blog\/#website","url":"https:\/\/soclose.mx\/blog\/","name":"So Close","description":"Hacemos contenidos de M\u00e9xico","publisher":{"@id":"https:\/\/soclose.mx\/blog\/#organization"},"potentialAction":[{"@type":"SearchAction","target":{"@type":"EntryPoint","urlTemplate":"https:\/\/soclose.mx\/blog\/?s={search_term_string}"},"query-input":{"@type":"PropertyValueSpecification","valueRequired":true,"valueName":"search_term_string"}}],"inLanguage":"es"},{"@type":"Organization","@id":"https:\/\/soclose.mx\/blog\/#organization","name":"So Close","url":"https:\/\/soclose.mx\/blog\/","logo":{"@type":"ImageObject","inLanguage":"es","@id":"https:\/\/soclose.mx\/blog\/#\/schema\/logo\/image\/","url":"https:\/\/i0.wp.com\/soclose.mx\/blog\/wp-content\/uploads\/2020\/12\/LOGO_SOCLOSE_COLOR-e1608310133507.png?fit=2858%2C1264&ssl=1","contentUrl":"https:\/\/i0.wp.com\/soclose.mx\/blog\/wp-content\/uploads\/2020\/12\/LOGO_SOCLOSE_COLOR-e1608310133507.png?fit=2858%2C1264&ssl=1","width":2858,"height":1264,"caption":"So Close"},"image":{"@id":"https:\/\/soclose.mx\/blog\/#\/schema\/logo\/image\/"}},{"@type":"Person","@id":"https:\/\/soclose.mx\/blog\/#\/schema\/person\/54cd06c3a8cdc01a80c08725278aff88","name":"Daniel Ram\u00edrez","image":{"@type":"ImageObject","inLanguage":"es","@id":"https:\/\/soclose.mx\/blog\/#\/schema\/person\/image\/","url":"https:\/\/secure.gravatar.com\/avatar\/74af6012f2e898d2be93cf32e26b59a2c9489743c9ca6270d7848b44edd7d272?s=96&d=mm&r=g","contentUrl":"https:\/\/secure.gravatar.com\/avatar\/74af6012f2e898d2be93cf32e26b59a2c9489743c9ca6270d7848b44edd7d272?s=96&d=mm&r=g","caption":"Daniel Ram\u00edrez"},"url":"https:\/\/soclose.mx\/blog\/author\/peter\/"}]}},"jetpack_featured_media_url":"https:\/\/i0.wp.com\/soclose.mx\/blog\/wp-content\/uploads\/2022\/07\/jamaicon.png?fit=588%2C386&ssl=1","jetpack-related-posts":[{"id":13981,"url":"https:\/\/soclose.mx\/blog\/a-la-mexicana\/equipos-de-futbol-mexicanos-mas-populares-en-el-mundo\/","url_meta":{"origin":10608,"position":0},"title":"Equipos de futbol Mexicanos M\u00e1s Populares en el mundo","author":"So Close","date":"4 septiembre, 2024","format":false,"excerpt":"El f\u00fatbol mexicano no solo es un fen\u00f3meno nacional, sino que tambi\u00e9n cuenta con una gran cantidad de seguidores en todo el mundo. A continuaci\u00f3n, se presentan los Equipos de futbol Mexicanos M\u00e1s Populares en el mundo... \u00bfest\u00e1 el tuyo? Equipos de futbol Mexicanos M\u00e1s Populares en el mundo Am\u00e9rica:\u2026","rel":"","context":"En &quot;A la mexicana&quot;","block_context":{"text":"A la mexicana","link":"https:\/\/soclose.mx\/blog\/category\/a-la-mexicana\/"},"img":{"alt_text":"jersey-futbol-america","src":"https:\/\/i0.wp.com\/soclose.mx\/blog\/wp-content\/uploads\/2024\/09\/jersey-futbol-america.jpg?fit=1200%2C675&ssl=1&resize=350%2C200","width":350,"height":200,"srcset":"https:\/\/i0.wp.com\/soclose.mx\/blog\/wp-content\/uploads\/2024\/09\/jersey-futbol-america.jpg?fit=1200%2C675&ssl=1&resize=350%2C200 1x, https:\/\/i0.wp.com\/soclose.mx\/blog\/wp-content\/uploads\/2024\/09\/jersey-futbol-america.jpg?fit=1200%2C675&ssl=1&resize=525%2C300 1.5x, https:\/\/i0.wp.com\/soclose.mx\/blog\/wp-content\/uploads\/2024\/09\/jersey-futbol-america.jpg?fit=1200%2C675&ssl=1&resize=700%2C400 2x, https:\/\/i0.wp.com\/soclose.mx\/blog\/wp-content\/uploads\/2024\/09\/jersey-futbol-america.jpg?fit=1200%2C675&ssl=1&resize=1050%2C600 3x"},"classes":[]},{"id":13191,"url":"https:\/\/soclose.mx\/blog\/seleccion-mexicana\/chicharito-chivas-vida-momentos\/","url_meta":{"origin":10608,"position":1},"title":"Javier &#8220;Chicharito&#8221; Hern\u00e1ndez, de las Chivas para el mundo","author":"Kevin Lara","date":"30 enero, 2024","format":false,"excerpt":"Hablar de Javier Hern\u00e1ndez Balc\u00e1zar, mejor conocido como el \"Chicharito\", nos trae muchos recuerdos a los mexicanos, incluso si no se es un gran fan\u00e1tico del f\u00fatbol. Tras su paso por el Chivas, el jugador tuvo la oportunidad de ser fichado en el Manchester United y, poco despu\u00e9s de ello,\u2026","rel":"","context":"En &quot;Selecci\u00f3n mexicana&quot;","block_context":{"text":"Selecci\u00f3n mexicana","link":"https:\/\/soclose.mx\/blog\/category\/seleccion-mexicana\/"},"img":{"alt_text":"","src":"https:\/\/i0.wp.com\/soclose.mx\/blog\/wp-content\/uploads\/2024\/01\/Recomendaciones-So-Close-33.jpg?fit=1080%2C1080&ssl=1&resize=350%2C200","width":350,"height":200,"srcset":"https:\/\/i0.wp.com\/soclose.mx\/blog\/wp-content\/uploads\/2024\/01\/Recomendaciones-So-Close-33.jpg?fit=1080%2C1080&ssl=1&resize=350%2C200 1x, https:\/\/i0.wp.com\/soclose.mx\/blog\/wp-content\/uploads\/2024\/01\/Recomendaciones-So-Close-33.jpg?fit=1080%2C1080&ssl=1&resize=525%2C300 1.5x, https:\/\/i0.wp.com\/soclose.mx\/blog\/wp-content\/uploads\/2024\/01\/Recomendaciones-So-Close-33.jpg?fit=1080%2C1080&ssl=1&resize=700%2C400 2x, https:\/\/i0.wp.com\/soclose.mx\/blog\/wp-content\/uploads\/2024\/01\/Recomendaciones-So-Close-33.jpg?fit=1080%2C1080&ssl=1&resize=1050%2C600 3x"},"classes":[]},{"id":14632,"url":"https:\/\/soclose.mx\/blog\/news-feed\/estos-son-los-estadios-donde-se-jugara-el-mundial-2026\/","url_meta":{"origin":10608,"position":2},"title":"Estos son los estadios donde se jugar\u00e1 el Mundial 2026","author":"So Close","date":"21 enero, 2025","format":false,"excerpt":"El Mundial de F\u00fatbol 2026 ser\u00e1 un evento hist\u00f3rico que unir\u00e1 a tres naciones: Estados Unidos, M\u00e9xico y Canad\u00e1. Los estadios donde se jugar\u00e1 el Mundial 2026 son algunos de los m\u00e1s emblem\u00e1ticos y modernos de Norteam\u00e9rica. Estadios donde se jugar\u00e1 el Mundial 2026 en Estados Unidos: La Potencia del\u2026","rel":"","context":"En &quot;Lugares&quot;","block_context":{"text":"Lugares","link":"https:\/\/soclose.mx\/blog\/category\/lugares\/"},"img":{"alt_text":"estadio bbva","src":"https:\/\/i0.wp.com\/soclose.mx\/blog\/wp-content\/uploads\/2025\/01\/Diseno-sin-titulo-1.jpg?fit=1200%2C675&ssl=1&resize=350%2C200","width":350,"height":200,"srcset":"https:\/\/i0.wp.com\/soclose.mx\/blog\/wp-content\/uploads\/2025\/01\/Diseno-sin-titulo-1.jpg?fit=1200%2C675&ssl=1&resize=350%2C200 1x, https:\/\/i0.wp.com\/soclose.mx\/blog\/wp-content\/uploads\/2025\/01\/Diseno-sin-titulo-1.jpg?fit=1200%2C675&ssl=1&resize=525%2C300 1.5x, https:\/\/i0.wp.com\/soclose.mx\/blog\/wp-content\/uploads\/2025\/01\/Diseno-sin-titulo-1.jpg?fit=1200%2C675&ssl=1&resize=700%2C400 2x, https:\/\/i0.wp.com\/soclose.mx\/blog\/wp-content\/uploads\/2025\/01\/Diseno-sin-titulo-1.jpg?fit=1200%2C675&ssl=1&resize=1050%2C600 3x"},"classes":[]},{"id":13544,"url":"https:\/\/soclose.mx\/blog\/seleccion-mexicana\/cuales-son-los-cinco-mejores-deportistas-mexicanos-segun-chatgpt\/","url_meta":{"origin":10608,"position":3},"title":"Cu\u00e1les son los cinco mejores deportistas mexicanos, seg\u00fan ChatGPT","author":"Emmanuel Oviedo","date":"30 abril, 2024","format":false,"excerpt":"M\u00e9xico es cuna de grandes deportistas 9 leyendas que han marcado sus nombres en oro en la historia de diversos deportes. Esa vez, ten\u00edamos la duda de cu\u00e1les son los mejores deportistas en la historia de la naci\u00f3n y de cualquier deporte. Para quitarnos la duda, hemos acudido a ChatGPT\u2026","rel":"","context":"En &quot;Selecci\u00f3n mexicana&quot;","block_context":{"text":"Selecci\u00f3n mexicana","link":"https:\/\/soclose.mx\/blog\/category\/seleccion-mexicana\/"},"img":{"alt_text":"","src":"https:\/\/i0.wp.com\/soclose.mx\/blog\/wp-content\/uploads\/2024\/04\/Chat-GPT-deportistas-mexicanos.jpg?fit=800%2C533&ssl=1&resize=350%2C200","width":350,"height":200,"srcset":"https:\/\/i0.wp.com\/soclose.mx\/blog\/wp-content\/uploads\/2024\/04\/Chat-GPT-deportistas-mexicanos.jpg?fit=800%2C533&ssl=1&resize=350%2C200 1x, https:\/\/i0.wp.com\/soclose.mx\/blog\/wp-content\/uploads\/2024\/04\/Chat-GPT-deportistas-mexicanos.jpg?fit=800%2C533&ssl=1&resize=525%2C300 1.5x, https:\/\/i0.wp.com\/soclose.mx\/blog\/wp-content\/uploads\/2024\/04\/Chat-GPT-deportistas-mexicanos.jpg?fit=800%2C533&ssl=1&resize=700%2C400 2x"},"classes":[]},{"id":13152,"url":"https:\/\/soclose.mx\/blog\/seleccion-mexicana\/futbolistas-mexicanos-que-han-jugado-en-argentina\/","url_meta":{"origin":10608,"position":4},"title":"Futbolistas mexicanos que han jugado en Argentina","author":"Emmanuel Oviedo","date":"15 febrero, 2024","format":false,"excerpt":"M\u00e9xico y Argentina pueden tener muchas cosas distintas, pero una pasi\u00f3n en com\u00fan: el futbol.Ambos pa\u00edses no s\u00f3lo tiene sus propias estrellas y leyendas, sino que tambi\u00e9n se han compartido buenos jugadores entre ambas ligas. Por ello, para hacer gala del talento futvol\u00edstico con de ambos pa\u00edses, aqu\u00ed queremos recordar\u2026","rel":"","context":"En &quot;Selecci\u00f3n mexicana&quot;","block_context":{"text":"Selecci\u00f3n mexicana","link":"https:\/\/soclose.mx\/blog\/category\/seleccion-mexicana\/"},"img":{"alt_text":"","src":"https:\/\/i0.wp.com\/soclose.mx\/blog\/wp-content\/uploads\/2024\/01\/Futbolistas-mexicanos.jpeg?fit=1200%2C747&ssl=1&resize=350%2C200","width":350,"height":200,"srcset":"https:\/\/i0.wp.com\/soclose.mx\/blog\/wp-content\/uploads\/2024\/01\/Futbolistas-mexicanos.jpeg?fit=1200%2C747&ssl=1&resize=350%2C200 1x, https:\/\/i0.wp.com\/soclose.mx\/blog\/wp-content\/uploads\/2024\/01\/Futbolistas-mexicanos.jpeg?fit=1200%2C747&ssl=1&resize=525%2C300 1.5x, https:\/\/i0.wp.com\/soclose.mx\/blog\/wp-content\/uploads\/2024\/01\/Futbolistas-mexicanos.jpeg?fit=1200%2C747&ssl=1&resize=700%2C400 2x, https:\/\/i0.wp.com\/soclose.mx\/blog\/wp-content\/uploads\/2024\/01\/Futbolistas-mexicanos.jpeg?fit=1200%2C747&ssl=1&resize=1050%2C600 3x"},"classes":[]},{"id":14907,"url":"https:\/\/soclose.mx\/blog\/seleccion-mexicana\/lista-de-convocados-a-la-seleccion-mexicana-contra-japon-y-corea-del-sur\/","url_meta":{"origin":10608,"position":5},"title":"Lista de convocados a la Selecci\u00f3n Mexicana contra Jap\u00f3n y Corea del Sur","author":"So Close","date":"28 agosto, 2025","format":false,"excerpt":"Javier Aguirre\u00a0dio a conocer la lista de convocados a la Selecci\u00f3n Mexicana para disputar los partidos amistosos que se jugar\u00e1n el s\u00e1bado 6 de septiembre contra Jap\u00f3n en el Oakland Coliseum y el martes 9 de septiembre frente a Corea del Sur en el Geodis Park de Nashville, Estados Unidos.\u2026","rel":"","context":"En &quot;News feed&quot;","block_context":{"text":"News feed","link":"https:\/\/soclose.mx\/blog\/category\/news-feed\/"},"img":{"alt_text":"Selecci\u00f3n mexicana","src":"https:\/\/i0.wp.com\/soclose.mx\/blog\/wp-content\/uploads\/2025\/08\/Seleccion-mexicana.jpg?fit=1200%2C675&ssl=1&resize=350%2C200","width":350,"height":200,"srcset":"https:\/\/i0.wp.com\/soclose.mx\/blog\/wp-content\/uploads\/2025\/08\/Seleccion-mexicana.jpg?fit=1200%2C675&ssl=1&resize=350%2C200 1x, https:\/\/i0.wp.com\/soclose.mx\/blog\/wp-content\/uploads\/2025\/08\/Seleccion-mexicana.jpg?fit=1200%2C675&ssl=1&resize=525%2C300 1.5x, https:\/\/i0.wp.com\/soclose.mx\/blog\/wp-content\/uploads\/2025\/08\/Seleccion-mexicana.jpg?fit=1200%2C675&ssl=1&resize=700%2C400 2x, https:\/\/i0.wp.com\/soclose.mx\/blog\/wp-content\/uploads\/2025\/08\/Seleccion-mexicana.jpg?fit=1200%2C675&ssl=1&resize=1050%2C600 3x"},"classes":[]}],"jetpack_sharing_enabled":true,"_links":{"self":[{"href":"https:\/\/soclose.mx\/blog\/wp-json\/wp\/v2\/posts\/10608","targetHints":{"allow":["GET"]}}],"collection":[{"href":"https:\/\/soclose.mx\/blog\/wp-json\/wp\/v2\/posts"}],"about":[{"href":"https:\/\/soclose.mx\/blog\/wp-json\/wp\/v2\/types\/post"}],"author":[{"embeddable":true,"href":"https:\/\/soclose.mx\/blog\/wp-json\/wp\/v2\/users\/9"}],"replies":[{"embeddable":true,"href":"https:\/\/soclose.mx\/blog\/wp-json\/wp\/v2\/comments?post=10608"}],"version-history":[{"count":0,"href":"https:\/\/soclose.mx\/blog\/wp-json\/wp\/v2\/posts\/10608\/revisions"}],"wp:featuredmedia":[{"embeddable":true,"href":"https:\/\/soclose.mx\/blog\/wp-json\/wp\/v2\/media\/10609"}],"wp:attachment":[{"href":"https:\/\/soclose.mx\/blog\/wp-json\/wp\/v2\/media?parent=10608"}],"wp:term":[{"taxonomy":"category","embeddable":true,"href":"https:\/\/soclose.mx\/blog\/wp-json\/wp\/v2\/categories?post=10608"},{"taxonomy":"post_tag","embeddable":true,"href":"https:\/\/soclose.mx\/blog\/wp-json\/wp\/v2\/tags?post=10608"}],"curies":[{"name":"wp","href":"https:\/\/api.w.org\/{rel}","templated":true}]}}