{"id":10637,"date":"2022-07-19T14:47:15","date_gmt":"2022-07-19T19:47:15","guid":{"rendered":"https:\/\/soclose.mx\/blog\/?p=10637"},"modified":"2022-12-12T11:43:32","modified_gmt":"2022-12-12T17:43:32","slug":"no-te-pierdas-del-gran-remate-de-libros-de-la-cdmx","status":"publish","type":"post","link":"https:\/\/soclose.mx\/blog\/para-todos\/no-te-pierdas-del-gran-remate-de-libros-de-la-cdmx\/","title":{"rendered":"\u00a1No te pierdas del Gran Remate de Libros de la CDMX!"},"content":{"rendered":"<p>Para que no te pase como a cierto expresidente gal\u00e1n de nuestro querido M\u00e9xico, cuando le preguntaron sobre sus libros favoritos, <a href=\"https:\/\/soclose.mx\/blog\/lugares\/conoce-el-legendario-tianguis-de-musico-de-taxquena\/\">te tenemos una recomendaci\u00f3n.<\/a><\/p>\n<p>Del 27 al 31 de julio se llevar\u00e1 a cabo una vendimia de aquellas que nos gusta a los mexicanos, bueno bonito y barato: <strong>el Gran Remate de Libros de la Ciudad de M\u00e9xico en su edici\u00f3n 14. <\/strong><\/p>\n<p>El monumento a la Revoluci\u00f3n ser\u00e1 la sede de este incre\u00edble tianguis que servir\u00e1 para actualizar tu librero y ampliar tu repertorio cultural.<\/p>\n<p>Bajo el lema de \u201cSalva un libro, no dejes que lo destruyan\u201d, se busca que las publicaciones que no han sido vendidas sean adquiridas por los lectores y les den una segunda oportunidad.<\/p>\n<p>Durante los cinco d\u00edas de la exposici\u00f3n, habr\u00e1 132 expositores que pondr\u00e1n a la venta sus libros con precios desde los 10 pesos y tambi\u00e9n podr\u00e1s adquirir c\u00f3mics, revistas y pel\u00edculas de arte.<\/p>\n<div class=\"fb-post\" data-href=\"https:\/\/www.facebook.com\/Cultura.Ciudad.de.Mexico\/posts\/pfbid02mzfdJiY5S2ALwkbD4XRfFT8fnfx87M97dwkZzGJw256827d4zPG7QYZpJfBDoGMKl\" data-width=\"552\" style=\"background-color: #fff; display: inline-block;\"><\/div>\n","protected":false},"excerpt":{"rendered":"<p>Para que no te pase como a cierto expresidente gal\u00e1n de nuestro querido M\u00e9xico, cuando le preguntaron sobre sus libros favoritos, te tenemos una recomendaci\u00f3n. Del 27 al 31 de julio se llevar\u00e1 a cabo una vendimia de aquellas que nos gusta a los mexicanos, bueno bonito y barato: el Gran Remate de Libros de la Ciudad de M\u00e9xico en su edici\u00f3n 14. El monumento a la Revoluci\u00f3n ser\u00e1 la sede de este incre\u00edble tianguis que servir\u00e1 para actualizar tu librero y ampliar tu repertorio cultural. Bajo el lema de \u201cSalva un libro, no dejes que lo destruyan\u201d, se busca<\/p>\n","protected":false},"author":9,"featured_media":10639,"comment_status":"open","ping_status":"open","sticky":false,"template":"","format":"standard","meta":{"_jetpack_memberships_contains_paid_content":false,"footnotes":""},"categories":[1674],"tags":[2561,2559,2560,2562],"class_list":["post-10637","post","type-post","status-publish","format-standard","has-post-thumbnail","hentry","category-para-todos","tag-feria-del-libro","tag-libros-de-la-ciudad-de-mexico","tag-libros-pena-nieto","tag-monumento-a-la-revolucion"],"yoast_head":"<!-- This site is optimized with the Yoast SEO plugin v26.7 - https:\/\/yoast.com\/wordpress\/plugins\/seo\/ -->\n<title>\u00a1No te pierdas del Gran Remate de Libros de la CDMX! - So Close<\/title>\n<meta name=\"robots\" content=\"index, follow, max-snippet:-1, max-image-preview:large, max-video-preview:-1\" \/>\n<link rel=\"canonical\" href=\"https:\/\/soclose.mx\/blog\/tag\/juan-rulfo-frases-mujeres\/\" \/>\n<meta property=\"og:locale\" content=\"es_MX\" \/>\n<meta property=\"og:type\" content=\"article\" \/>\n<meta property=\"og:title\" content=\"\u00a1No te pierdas del Gran Remate de Libros de la CDMX! - So Close\" \/>\n<meta property=\"og:description\" content=\"Para que no te pase como a cierto expresidente gal\u00e1n de nuestro querido M\u00e9xico, cuando le preguntaron sobre sus libros favoritos, te tenemos una recomendaci\u00f3n. Del 27 al 31 de julio se llevar\u00e1 a cabo una vendimia de aquellas que nos gusta a los mexicanos, bueno bonito y barato: el Gran Remate de Libros de la Ciudad de M\u00e9xico en su edici\u00f3n 14. El monumento a la Revoluci\u00f3n ser\u00e1 la sede de este incre\u00edble tianguis que servir\u00e1 para actualizar tu librero y ampliar tu repertorio cultural. Bajo el lema de \u201cSalva un libro, no dejes que lo destruyan\u201d, se busca\" \/>\n<meta property=\"og:url\" content=\"https:\/\/soclose.mx\/blog\/tag\/juan-rulfo-frases-mujeres\/\" \/>\n<meta property=\"og:site_name\" content=\"So Close\" \/>\n<meta property=\"article:published_time\" content=\"2022-07-19T19:47:15+00:00\" \/>\n<meta property=\"article:modified_time\" content=\"2022-12-12T17:43:32+00:00\" \/>\n<meta property=\"og:image\" content=\"https:\/\/i0.wp.com\/soclose.mx\/blog\/wp-content\/uploads\/2022\/07\/pexels-aline-viana-prado-2465877-scaled.jpg?fit=2560%2C1707&ssl=1\" \/>\n\t<meta property=\"og:image:width\" content=\"2560\" \/>\n\t<meta property=\"og:image:height\" content=\"1707\" \/>\n\t<meta property=\"og:image:type\" content=\"image\/jpeg\" \/>\n<meta name=\"author\" content=\"Daniel Ram\u00edrez\" \/>\n<meta name=\"twitter:card\" content=\"summary_large_image\" \/>\n<meta name=\"twitter:label1\" content=\"Escrito por\" \/>\n\t<meta name=\"twitter:data1\" content=\"Daniel Ram\u00edrez\" \/>\n\t<meta name=\"twitter:label2\" content=\"Tiempo de lectura\" \/>\n\t<meta name=\"twitter:data2\" content=\"1 minuto\" \/>\n<script type=\"application\/ld+json\" class=\"yoast-schema-graph\">{\"@context\":\"https:\/\/schema.org\",\"@graph\":[{\"@type\":\"Article\",\"@id\":\"https:\/\/soclose.mx\/blog\/tag\/juan-rulfo-frases-mujeres\/#article\",\"isPartOf\":{\"@id\":\"https:\/\/soclose.mx\/blog\/tag\/juan-rulfo-frases-mujeres\/\"},\"author\":{\"name\":\"Daniel Ram\u00edrez\",\"@id\":\"https:\/\/soclose.mx\/blog\/#\/schema\/person\/54cd06c3a8cdc01a80c08725278aff88\"},\"headline\":\"\u00a1No te pierdas del Gran Remate de Libros de la CDMX!\",\"datePublished\":\"2022-07-19T19:47:15+00:00\",\"dateModified\":\"2022-12-12T17:43:32+00:00\",\"mainEntityOfPage\":{\"@id\":\"https:\/\/soclose.mx\/blog\/tag\/juan-rulfo-frases-mujeres\/\"},\"wordCount\":192,\"commentCount\":0,\"publisher\":{\"@id\":\"https:\/\/soclose.mx\/blog\/#organization\"},\"image\":{\"@id\":\"https:\/\/soclose.mx\/blog\/tag\/juan-rulfo-frases-mujeres\/#primaryimage\"},\"thumbnailUrl\":\"https:\/\/i0.wp.com\/soclose.mx\/blog\/wp-content\/uploads\/2022\/07\/pexels-aline-viana-prado-2465877-scaled.jpg?fit=2560%2C1707&ssl=1\",\"keywords\":[\"feria del libro\",\"Libros de la Ciudad de M\u00e9xico\",\"libros pe\u00f1a nieto\",\"monumento a la revolucion\"],\"articleSection\":[\"Para todos\"],\"inLanguage\":\"es\",\"potentialAction\":[{\"@type\":\"CommentAction\",\"name\":\"Comment\",\"target\":[\"https:\/\/soclose.mx\/blog\/tag\/juan-rulfo-frases-mujeres\/#respond\"]}]},{\"@type\":\"WebPage\",\"@id\":\"https:\/\/soclose.mx\/blog\/tag\/juan-rulfo-frases-mujeres\/\",\"url\":\"https:\/\/soclose.mx\/blog\/tag\/juan-rulfo-frases-mujeres\/\",\"name\":\"\u00a1No te pierdas del Gran Remate de Libros de la CDMX! - So Close\",\"isPartOf\":{\"@id\":\"https:\/\/soclose.mx\/blog\/#website\"},\"primaryImageOfPage\":{\"@id\":\"https:\/\/soclose.mx\/blog\/tag\/juan-rulfo-frases-mujeres\/#primaryimage\"},\"image\":{\"@id\":\"https:\/\/soclose.mx\/blog\/tag\/juan-rulfo-frases-mujeres\/#primaryimage\"},\"thumbnailUrl\":\"https:\/\/i0.wp.com\/soclose.mx\/blog\/wp-content\/uploads\/2022\/07\/pexels-aline-viana-prado-2465877-scaled.jpg?fit=2560%2C1707&ssl=1\",\"datePublished\":\"2022-07-19T19:47:15+00:00\",\"dateModified\":\"2022-12-12T17:43:32+00:00\",\"breadcrumb\":{\"@id\":\"https:\/\/soclose.mx\/blog\/tag\/juan-rulfo-frases-mujeres\/#breadcrumb\"},\"inLanguage\":\"es\",\"potentialAction\":[{\"@type\":\"ReadAction\",\"target\":[\"https:\/\/soclose.mx\/blog\/tag\/juan-rulfo-frases-mujeres\/\"]}]},{\"@type\":\"ImageObject\",\"inLanguage\":\"es\",\"@id\":\"https:\/\/soclose.mx\/blog\/tag\/juan-rulfo-frases-mujeres\/#primaryimage\",\"url\":\"https:\/\/i0.wp.com\/soclose.mx\/blog\/wp-content\/uploads\/2022\/07\/pexels-aline-viana-prado-2465877-scaled.jpg?fit=2560%2C1707&ssl=1\",\"contentUrl\":\"https:\/\/i0.wp.com\/soclose.mx\/blog\/wp-content\/uploads\/2022\/07\/pexels-aline-viana-prado-2465877-scaled.jpg?fit=2560%2C1707&ssl=1\",\"width\":2560,\"height\":1707},{\"@type\":\"BreadcrumbList\",\"@id\":\"https:\/\/soclose.mx\/blog\/tag\/juan-rulfo-frases-mujeres\/#breadcrumb\",\"itemListElement\":[{\"@type\":\"ListItem\",\"position\":1,\"name\":\"Inicio\",\"item\":\"https:\/\/soclose.mx\/blog\/\"},{\"@type\":\"ListItem\",\"position\":2,\"name\":\"\u00a1No te pierdas del Gran Remate de Libros de la CDMX!\"}]},{\"@type\":\"WebSite\",\"@id\":\"https:\/\/soclose.mx\/blog\/#website\",\"url\":\"https:\/\/soclose.mx\/blog\/\",\"name\":\"So Close\",\"description\":\"Hacemos contenidos de M\u00e9xico\",\"publisher\":{\"@id\":\"https:\/\/soclose.mx\/blog\/#organization\"},\"potentialAction\":[{\"@type\":\"SearchAction\",\"target\":{\"@type\":\"EntryPoint\",\"urlTemplate\":\"https:\/\/soclose.mx\/blog\/?s={search_term_string}\"},\"query-input\":{\"@type\":\"PropertyValueSpecification\",\"valueRequired\":true,\"valueName\":\"search_term_string\"}}],\"inLanguage\":\"es\"},{\"@type\":\"Organization\",\"@id\":\"https:\/\/soclose.mx\/blog\/#organization\",\"name\":\"So Close\",\"url\":\"https:\/\/soclose.mx\/blog\/\",\"logo\":{\"@type\":\"ImageObject\",\"inLanguage\":\"es\",\"@id\":\"https:\/\/soclose.mx\/blog\/#\/schema\/logo\/image\/\",\"url\":\"https:\/\/i0.wp.com\/soclose.mx\/blog\/wp-content\/uploads\/2020\/12\/LOGO_SOCLOSE_COLOR-e1608310133507.png?fit=2858%2C1264&ssl=1\",\"contentUrl\":\"https:\/\/i0.wp.com\/soclose.mx\/blog\/wp-content\/uploads\/2020\/12\/LOGO_SOCLOSE_COLOR-e1608310133507.png?fit=2858%2C1264&ssl=1\",\"width\":2858,\"height\":1264,\"caption\":\"So Close\"},\"image\":{\"@id\":\"https:\/\/soclose.mx\/blog\/#\/schema\/logo\/image\/\"}},{\"@type\":\"Person\",\"@id\":\"https:\/\/soclose.mx\/blog\/#\/schema\/person\/54cd06c3a8cdc01a80c08725278aff88\",\"name\":\"Daniel Ram\u00edrez\",\"image\":{\"@type\":\"ImageObject\",\"inLanguage\":\"es\",\"@id\":\"https:\/\/soclose.mx\/blog\/#\/schema\/person\/image\/\",\"url\":\"https:\/\/secure.gravatar.com\/avatar\/74af6012f2e898d2be93cf32e26b59a2c9489743c9ca6270d7848b44edd7d272?s=96&d=mm&r=g\",\"contentUrl\":\"https:\/\/secure.gravatar.com\/avatar\/74af6012f2e898d2be93cf32e26b59a2c9489743c9ca6270d7848b44edd7d272?s=96&d=mm&r=g\",\"caption\":\"Daniel Ram\u00edrez\"},\"url\":\"https:\/\/soclose.mx\/blog\/author\/peter\/\"}]}<\/script>\n<!-- \/ Yoast SEO plugin. -->","yoast_head_json":{"title":"\u00a1No te pierdas del Gran Remate de Libros de la CDMX! - So Close","robots":{"index":"index","follow":"follow","max-snippet":"max-snippet:-1","max-image-preview":"max-image-preview:large","max-video-preview":"max-video-preview:-1"},"canonical":"https:\/\/soclose.mx\/blog\/tag\/juan-rulfo-frases-mujeres\/","og_locale":"es_MX","og_type":"article","og_title":"\u00a1No te pierdas del Gran Remate de Libros de la CDMX! - So Close","og_description":"Para que no te pase como a cierto expresidente gal\u00e1n de nuestro querido M\u00e9xico, cuando le preguntaron sobre sus libros favoritos, te tenemos una recomendaci\u00f3n. Del 27 al 31 de julio se llevar\u00e1 a cabo una vendimia de aquellas que nos gusta a los mexicanos, bueno bonito y barato: el Gran Remate de Libros de la Ciudad de M\u00e9xico en su edici\u00f3n 14. El monumento a la Revoluci\u00f3n ser\u00e1 la sede de este incre\u00edble tianguis que servir\u00e1 para actualizar tu librero y ampliar tu repertorio cultural. Bajo el lema de \u201cSalva un libro, no dejes que lo destruyan\u201d, se busca","og_url":"https:\/\/soclose.mx\/blog\/tag\/juan-rulfo-frases-mujeres\/","og_site_name":"So Close","article_published_time":"2022-07-19T19:47:15+00:00","article_modified_time":"2022-12-12T17:43:32+00:00","og_image":[{"width":2560,"height":1707,"url":"https:\/\/i0.wp.com\/soclose.mx\/blog\/wp-content\/uploads\/2022\/07\/pexels-aline-viana-prado-2465877-scaled.jpg?fit=2560%2C1707&ssl=1","type":"image\/jpeg"}],"author":"Daniel Ram\u00edrez","twitter_card":"summary_large_image","twitter_misc":{"Escrito por":"Daniel Ram\u00edrez","Tiempo de lectura":"1 minuto"},"schema":{"@context":"https:\/\/schema.org","@graph":[{"@type":"Article","@id":"https:\/\/soclose.mx\/blog\/tag\/juan-rulfo-frases-mujeres\/#article","isPartOf":{"@id":"https:\/\/soclose.mx\/blog\/tag\/juan-rulfo-frases-mujeres\/"},"author":{"name":"Daniel Ram\u00edrez","@id":"https:\/\/soclose.mx\/blog\/#\/schema\/person\/54cd06c3a8cdc01a80c08725278aff88"},"headline":"\u00a1No te pierdas del Gran Remate de Libros de la CDMX!","datePublished":"2022-07-19T19:47:15+00:00","dateModified":"2022-12-12T17:43:32+00:00","mainEntityOfPage":{"@id":"https:\/\/soclose.mx\/blog\/tag\/juan-rulfo-frases-mujeres\/"},"wordCount":192,"commentCount":0,"publisher":{"@id":"https:\/\/soclose.mx\/blog\/#organization"},"image":{"@id":"https:\/\/soclose.mx\/blog\/tag\/juan-rulfo-frases-mujeres\/#primaryimage"},"thumbnailUrl":"https:\/\/i0.wp.com\/soclose.mx\/blog\/wp-content\/uploads\/2022\/07\/pexels-aline-viana-prado-2465877-scaled.jpg?fit=2560%2C1707&ssl=1","keywords":["feria del libro","Libros de la Ciudad de M\u00e9xico","libros pe\u00f1a nieto","monumento a la revolucion"],"articleSection":["Para todos"],"inLanguage":"es","potentialAction":[{"@type":"CommentAction","name":"Comment","target":["https:\/\/soclose.mx\/blog\/tag\/juan-rulfo-frases-mujeres\/#respond"]}]},{"@type":"WebPage","@id":"https:\/\/soclose.mx\/blog\/tag\/juan-rulfo-frases-mujeres\/","url":"https:\/\/soclose.mx\/blog\/tag\/juan-rulfo-frases-mujeres\/","name":"\u00a1No te pierdas del Gran Remate de Libros de la CDMX! - So Close","isPartOf":{"@id":"https:\/\/soclose.mx\/blog\/#website"},"primaryImageOfPage":{"@id":"https:\/\/soclose.mx\/blog\/tag\/juan-rulfo-frases-mujeres\/#primaryimage"},"image":{"@id":"https:\/\/soclose.mx\/blog\/tag\/juan-rulfo-frases-mujeres\/#primaryimage"},"thumbnailUrl":"https:\/\/i0.wp.com\/soclose.mx\/blog\/wp-content\/uploads\/2022\/07\/pexels-aline-viana-prado-2465877-scaled.jpg?fit=2560%2C1707&ssl=1","datePublished":"2022-07-19T19:47:15+00:00","dateModified":"2022-12-12T17:43:32+00:00","breadcrumb":{"@id":"https:\/\/soclose.mx\/blog\/tag\/juan-rulfo-frases-mujeres\/#breadcrumb"},"inLanguage":"es","potentialAction":[{"@type":"ReadAction","target":["https:\/\/soclose.mx\/blog\/tag\/juan-rulfo-frases-mujeres\/"]}]},{"@type":"ImageObject","inLanguage":"es","@id":"https:\/\/soclose.mx\/blog\/tag\/juan-rulfo-frases-mujeres\/#primaryimage","url":"https:\/\/i0.wp.com\/soclose.mx\/blog\/wp-content\/uploads\/2022\/07\/pexels-aline-viana-prado-2465877-scaled.jpg?fit=2560%2C1707&ssl=1","contentUrl":"https:\/\/i0.wp.com\/soclose.mx\/blog\/wp-content\/uploads\/2022\/07\/pexels-aline-viana-prado-2465877-scaled.jpg?fit=2560%2C1707&ssl=1","width":2560,"height":1707},{"@type":"BreadcrumbList","@id":"https:\/\/soclose.mx\/blog\/tag\/juan-rulfo-frases-mujeres\/#breadcrumb","itemListElement":[{"@type":"ListItem","position":1,"name":"Inicio","item":"https:\/\/soclose.mx\/blog\/"},{"@type":"ListItem","position":2,"name":"\u00a1No te pierdas del Gran Remate de Libros de la CDMX!"}]},{"@type":"WebSite","@id":"https:\/\/soclose.mx\/blog\/#website","url":"https:\/\/soclose.mx\/blog\/","name":"So Close","description":"Hacemos contenidos de M\u00e9xico","publisher":{"@id":"https:\/\/soclose.mx\/blog\/#organization"},"potentialAction":[{"@type":"SearchAction","target":{"@type":"EntryPoint","urlTemplate":"https:\/\/soclose.mx\/blog\/?s={search_term_string}"},"query-input":{"@type":"PropertyValueSpecification","valueRequired":true,"valueName":"search_term_string"}}],"inLanguage":"es"},{"@type":"Organization","@id":"https:\/\/soclose.mx\/blog\/#organization","name":"So Close","url":"https:\/\/soclose.mx\/blog\/","logo":{"@type":"ImageObject","inLanguage":"es","@id":"https:\/\/soclose.mx\/blog\/#\/schema\/logo\/image\/","url":"https:\/\/i0.wp.com\/soclose.mx\/blog\/wp-content\/uploads\/2020\/12\/LOGO_SOCLOSE_COLOR-e1608310133507.png?fit=2858%2C1264&ssl=1","contentUrl":"https:\/\/i0.wp.com\/soclose.mx\/blog\/wp-content\/uploads\/2020\/12\/LOGO_SOCLOSE_COLOR-e1608310133507.png?fit=2858%2C1264&ssl=1","width":2858,"height":1264,"caption":"So Close"},"image":{"@id":"https:\/\/soclose.mx\/blog\/#\/schema\/logo\/image\/"}},{"@type":"Person","@id":"https:\/\/soclose.mx\/blog\/#\/schema\/person\/54cd06c3a8cdc01a80c08725278aff88","name":"Daniel Ram\u00edrez","image":{"@type":"ImageObject","inLanguage":"es","@id":"https:\/\/soclose.mx\/blog\/#\/schema\/person\/image\/","url":"https:\/\/secure.gravatar.com\/avatar\/74af6012f2e898d2be93cf32e26b59a2c9489743c9ca6270d7848b44edd7d272?s=96&d=mm&r=g","contentUrl":"https:\/\/secure.gravatar.com\/avatar\/74af6012f2e898d2be93cf32e26b59a2c9489743c9ca6270d7848b44edd7d272?s=96&d=mm&r=g","caption":"Daniel Ram\u00edrez"},"url":"https:\/\/soclose.mx\/blog\/author\/peter\/"}]}},"jetpack_featured_media_url":"https:\/\/i0.wp.com\/soclose.mx\/blog\/wp-content\/uploads\/2022\/07\/pexels-aline-viana-prado-2465877-scaled.jpg?fit=2560%2C1707&ssl=1","jetpack-related-posts":[{"id":6429,"url":"https:\/\/soclose.mx\/blog\/ay-goeeee\/10-datos-de-frida-kahlo-antes-de-ser-artista\/","url_meta":{"origin":10637,"position":0},"title":"10 datos de Frida Kahlo antes de ser artista","author":"So Close","date":"6 julio, 2021","format":false,"excerpt":"Magdalena Carmen Frida Kahlo Calder\u00f3n, nombre completo de la artista mexicana Frida Kahlo, naci\u00f3 el 6 de julio de 1907 en la Ciudad de M\u00e9xico y como todos sabemos, se cas\u00f3 con Diego Rivera, pero antes de eso y antes de conocer todo su arte, \u00bfqu\u00e9 vivi\u00f3 la peque\u00f1a \"Friducha\"?\u2026","rel":"","context":"En &quot;\u00a1Ay goeeee!&quot;","block_context":{"text":"\u00a1Ay goeeee!","link":"https:\/\/soclose.mx\/blog\/category\/ay-goeeee\/"},"img":{"alt_text":"","src":"https:\/\/i0.wp.com\/soclose.mx\/blog\/wp-content\/uploads\/2021\/07\/frida-kahlo.jpeg?fit=1200%2C677&ssl=1&resize=350%2C200","width":350,"height":200,"srcset":"https:\/\/i0.wp.com\/soclose.mx\/blog\/wp-content\/uploads\/2021\/07\/frida-kahlo.jpeg?fit=1200%2C677&ssl=1&resize=350%2C200 1x, https:\/\/i0.wp.com\/soclose.mx\/blog\/wp-content\/uploads\/2021\/07\/frida-kahlo.jpeg?fit=1200%2C677&ssl=1&resize=525%2C300 1.5x, https:\/\/i0.wp.com\/soclose.mx\/blog\/wp-content\/uploads\/2021\/07\/frida-kahlo.jpeg?fit=1200%2C677&ssl=1&resize=700%2C400 2x, https:\/\/i0.wp.com\/soclose.mx\/blog\/wp-content\/uploads\/2021\/07\/frida-kahlo.jpeg?fit=1200%2C677&ssl=1&resize=1050%2C600 3x"},"classes":[]},{"id":9708,"url":"https:\/\/soclose.mx\/blog\/news-feed\/de-italia-a-mexico-conoce-la-replica-de-capilla-sixtina-de-miguel-angel\/","url_meta":{"origin":10637,"position":1},"title":"De Italia a M\u00e9xico: conoce la r\u00e9plica de Capilla Sixtina de Miguel \u00c1ngel","author":"Daniel Ram\u00edrez","date":"3 mayo, 2022","format":false,"excerpt":"Desde el 19 de abril y hasta el 19 de mayo, la r\u00e9plica de la Capilla Sixtina, cuya sede original se encuentra en Roma, Italia, y fue pintada por el artista Miguel \u00c1ngel, ser\u00e1 exhibida en el Z\u00f3calo de la Ciudad de M\u00e9xico y podr\u00e1s visitarla. Ser\u00e1 la segunda ocasi\u00f3n\u2026","rel":"","context":"En &quot;News feed&quot;","block_context":{"text":"News feed","link":"https:\/\/soclose.mx\/blog\/category\/news-feed\/"},"img":{"alt_text":"","src":"https:\/\/i0.wp.com\/soclose.mx\/blog\/wp-content\/uploads\/2022\/05\/calvin-craig-y8b001e2bs0-unsplash-scaled.jpg?fit=1200%2C960&ssl=1&resize=350%2C200","width":350,"height":200,"srcset":"https:\/\/i0.wp.com\/soclose.mx\/blog\/wp-content\/uploads\/2022\/05\/calvin-craig-y8b001e2bs0-unsplash-scaled.jpg?fit=1200%2C960&ssl=1&resize=350%2C200 1x, https:\/\/i0.wp.com\/soclose.mx\/blog\/wp-content\/uploads\/2022\/05\/calvin-craig-y8b001e2bs0-unsplash-scaled.jpg?fit=1200%2C960&ssl=1&resize=525%2C300 1.5x, https:\/\/i0.wp.com\/soclose.mx\/blog\/wp-content\/uploads\/2022\/05\/calvin-craig-y8b001e2bs0-unsplash-scaled.jpg?fit=1200%2C960&ssl=1&resize=700%2C400 2x, https:\/\/i0.wp.com\/soclose.mx\/blog\/wp-content\/uploads\/2022\/05\/calvin-craig-y8b001e2bs0-unsplash-scaled.jpg?fit=1200%2C960&ssl=1&resize=1050%2C600 3x"},"classes":[]},{"id":7129,"url":"https:\/\/soclose.mx\/blog\/lugares\/donde-esta-peluso-el-monumento-al-perro-callejero\/","url_meta":{"origin":10637,"position":2},"title":"\u00bfD\u00f3nde est\u00e1 Peluso, el Monumento al perro callejero?","author":"Miguel Angel Romero","date":"17 septiembre, 2021","format":false,"excerpt":"Peluso est\u00e1 hecho de bronce, luce una mirada apagada, cola entre las piernas y cuerpo raqu\u00edtico, as\u00ed es el Monumento al Perro Callejero, para recordarnos el problema que representa el abandono y maltrato. Este monumento naci\u00f3 gracias a una iniciativa de la ONG \u201cMilagros Caninos A.C.\u201d, la cual busca ayudar\u2026","rel":"","context":"En &quot;Lugares&quot;","block_context":{"text":"Lugares","link":"https:\/\/soclose.mx\/blog\/category\/lugares\/"},"img":{"alt_text":"","src":"https:\/\/i0.wp.com\/soclose.mx\/blog\/wp-content\/uploads\/2021\/09\/Principal-So-Close-blog-12-1.jpg?fit=1200%2C677&ssl=1&resize=350%2C200","width":350,"height":200,"srcset":"https:\/\/i0.wp.com\/soclose.mx\/blog\/wp-content\/uploads\/2021\/09\/Principal-So-Close-blog-12-1.jpg?fit=1200%2C677&ssl=1&resize=350%2C200 1x, https:\/\/i0.wp.com\/soclose.mx\/blog\/wp-content\/uploads\/2021\/09\/Principal-So-Close-blog-12-1.jpg?fit=1200%2C677&ssl=1&resize=525%2C300 1.5x, https:\/\/i0.wp.com\/soclose.mx\/blog\/wp-content\/uploads\/2021\/09\/Principal-So-Close-blog-12-1.jpg?fit=1200%2C677&ssl=1&resize=700%2C400 2x, https:\/\/i0.wp.com\/soclose.mx\/blog\/wp-content\/uploads\/2021\/09\/Principal-So-Close-blog-12-1.jpg?fit=1200%2C677&ssl=1&resize=1050%2C600 3x"},"classes":[]},{"id":9733,"url":"https:\/\/soclose.mx\/blog\/news-feed\/5-exposiciones-en-la-cdmx-para-visitar-en-mayo\/","url_meta":{"origin":10637,"position":3},"title":"5 exposiciones en la CDMX para visitar en mayo","author":"Daniel Ram\u00edrez","date":"5 mayo, 2022","format":false,"excerpt":"Si lo tuyo es la cultura y las exposiciones y a\u00fan no tienes plantes para este mes de mayo, te presentamos cinco alternativas para que puedas disfrutar el arte al m\u00e1ximo. Esculturas, pinturas, fotograf\u00edas y m\u00e1s, podr\u00e1s encontrar en estas exposiciones que se presentan en la Ciudad de M\u00e9xico. \u00a0\u2026","rel":"","context":"En &quot;News feed&quot;","block_context":{"text":"News feed","link":"https:\/\/soclose.mx\/blog\/category\/news-feed\/"},"img":{"alt_text":"","src":"https:\/\/i0.wp.com\/soclose.mx\/blog\/wp-content\/uploads\/2022\/05\/pexels-brett-sayles-6424244-scaled.jpg?fit=1200%2C798&ssl=1&resize=350%2C200","width":350,"height":200,"srcset":"https:\/\/i0.wp.com\/soclose.mx\/blog\/wp-content\/uploads\/2022\/05\/pexels-brett-sayles-6424244-scaled.jpg?fit=1200%2C798&ssl=1&resize=350%2C200 1x, https:\/\/i0.wp.com\/soclose.mx\/blog\/wp-content\/uploads\/2022\/05\/pexels-brett-sayles-6424244-scaled.jpg?fit=1200%2C798&ssl=1&resize=525%2C300 1.5x, https:\/\/i0.wp.com\/soclose.mx\/blog\/wp-content\/uploads\/2022\/05\/pexels-brett-sayles-6424244-scaled.jpg?fit=1200%2C798&ssl=1&resize=700%2C400 2x, https:\/\/i0.wp.com\/soclose.mx\/blog\/wp-content\/uploads\/2022\/05\/pexels-brett-sayles-6424244-scaled.jpg?fit=1200%2C798&ssl=1&resize=1050%2C600 3x"},"classes":[]},{"id":7097,"url":"https:\/\/soclose.mx\/blog\/news-feed\/el-monumento-de-la-casa-de-papel-llega-a-bellas-artes\/","url_meta":{"origin":10637,"position":4},"title":"El monumento de La Casa de Papel llega a Bellas Artes","author":"Miguel Angel Romero","date":"3 septiembre, 2021","format":false,"excerpt":"Una de las series que m\u00e1s ha movido alrededor del mundo ha sido, sin duda, La Casa de Papel y recientemente,\u00a0 un misterioso monumento apareci\u00f3 en la Ciudad de M\u00e9xico, a un costado de Bellas Artes. Las figuras blancas resguardadas tambi\u00e9n aparecieron en Buenos Aires y Santiago de Chile. Esto\u2026","rel":"","context":"En &quot;News feed&quot;","block_context":{"text":"News feed","link":"https:\/\/soclose.mx\/blog\/category\/news-feed\/"},"img":{"alt_text":"","src":"https:\/\/i0.wp.com\/soclose.mx\/blog\/wp-content\/uploads\/2021\/09\/Principal-So-Close-blog-4.jpg?fit=1200%2C677&ssl=1&resize=350%2C200","width":350,"height":200,"srcset":"https:\/\/i0.wp.com\/soclose.mx\/blog\/wp-content\/uploads\/2021\/09\/Principal-So-Close-blog-4.jpg?fit=1200%2C677&ssl=1&resize=350%2C200 1x, https:\/\/i0.wp.com\/soclose.mx\/blog\/wp-content\/uploads\/2021\/09\/Principal-So-Close-blog-4.jpg?fit=1200%2C677&ssl=1&resize=525%2C300 1.5x, https:\/\/i0.wp.com\/soclose.mx\/blog\/wp-content\/uploads\/2021\/09\/Principal-So-Close-blog-4.jpg?fit=1200%2C677&ssl=1&resize=700%2C400 2x, https:\/\/i0.wp.com\/soclose.mx\/blog\/wp-content\/uploads\/2021\/09\/Principal-So-Close-blog-4.jpg?fit=1200%2C677&ssl=1&resize=1050%2C600 3x"},"classes":[]},{"id":14814,"url":"https:\/\/soclose.mx\/blog\/news-feed\/carreras-deportivas-en-mayo-cual-es-tu-nuevo-reto\/","url_meta":{"origin":10637,"position":5},"title":"Carreras Deportivas en Mayo&#8230; \u00bfcu\u00e1l es tu nuevo reto?","author":"So Close","date":"5 mayo, 2025","format":false,"excerpt":"Este mes se presenta como un mes lleno de actividad deportiva en M\u00e9xico, con una amplia variedad de carreras y eventos para todos los niveles y disciplinas. Desde carreras urbanas de 5K y 10K hasta triatlones y carreras de monta\u00f1a, las Carreras Deportivas en Mayo ofrecen opciones para corredores, ciclistas\u2026","rel":"","context":"En &quot;News feed&quot;","block_context":{"text":"News feed","link":"https:\/\/soclose.mx\/blog\/category\/news-feed\/"},"img":{"alt_text":"Running","src":"https:\/\/i0.wp.com\/soclose.mx\/blog\/wp-content\/uploads\/2025\/05\/Running.jpg?fit=1200%2C675&ssl=1&resize=350%2C200","width":350,"height":200,"srcset":"https:\/\/i0.wp.com\/soclose.mx\/blog\/wp-content\/uploads\/2025\/05\/Running.jpg?fit=1200%2C675&ssl=1&resize=350%2C200 1x, https:\/\/i0.wp.com\/soclose.mx\/blog\/wp-content\/uploads\/2025\/05\/Running.jpg?fit=1200%2C675&ssl=1&resize=525%2C300 1.5x, https:\/\/i0.wp.com\/soclose.mx\/blog\/wp-content\/uploads\/2025\/05\/Running.jpg?fit=1200%2C675&ssl=1&resize=700%2C400 2x, https:\/\/i0.wp.com\/soclose.mx\/blog\/wp-content\/uploads\/2025\/05\/Running.jpg?fit=1200%2C675&ssl=1&resize=1050%2C600 3x"},"classes":[]}],"jetpack_sharing_enabled":true,"_links":{"self":[{"href":"https:\/\/soclose.mx\/blog\/wp-json\/wp\/v2\/posts\/10637","targetHints":{"allow":["GET"]}}],"collection":[{"href":"https:\/\/soclose.mx\/blog\/wp-json\/wp\/v2\/posts"}],"about":[{"href":"https:\/\/soclose.mx\/blog\/wp-json\/wp\/v2\/types\/post"}],"author":[{"embeddable":true,"href":"https:\/\/soclose.mx\/blog\/wp-json\/wp\/v2\/users\/9"}],"replies":[{"embeddable":true,"href":"https:\/\/soclose.mx\/blog\/wp-json\/wp\/v2\/comments?post=10637"}],"version-history":[{"count":0,"href":"https:\/\/soclose.mx\/blog\/wp-json\/wp\/v2\/posts\/10637\/revisions"}],"wp:featuredmedia":[{"embeddable":true,"href":"https:\/\/soclose.mx\/blog\/wp-json\/wp\/v2\/media\/10639"}],"wp:attachment":[{"href":"https:\/\/soclose.mx\/blog\/wp-json\/wp\/v2\/media?parent=10637"}],"wp:term":[{"taxonomy":"category","embeddable":true,"href":"https:\/\/soclose.mx\/blog\/wp-json\/wp\/v2\/categories?post=10637"},{"taxonomy":"post_tag","embeddable":true,"href":"https:\/\/soclose.mx\/blog\/wp-json\/wp\/v2\/tags?post=10637"}],"curies":[{"name":"wp","href":"https:\/\/api.w.org\/{rel}","templated":true}]}}