{"id":10649,"date":"2022-07-20T17:08:09","date_gmt":"2022-07-20T22:08:09","guid":{"rendered":"https:\/\/soclose.mx\/blog\/?p=10649"},"modified":"2022-12-12T11:43:15","modified_gmt":"2022-12-12T17:43:15","slug":"lourdes-grobet-la-fotografa-mexicana-que-dedico-su-vida-a-la-lucha-libre","status":"publish","type":"post","link":"https:\/\/soclose.mx\/blog\/ay-goeeee\/lourdes-grobet-la-fotografa-mexicana-que-dedico-su-vida-a-la-lucha-libre\/","title":{"rendered":"Lourdes Grobet, la fot\u00f3grafa mexicana que dedic\u00f3 su vida a la Lucha Libre"},"content":{"rendered":"<p><strong>Lourdes Gorbet<\/strong> dej\u00f3 el plano terrenal y se llev\u00f3 las memorias de infinidad de combates de<strong> Lucha Libre<\/strong> que pudo disfrutar. El cuadril\u00e1tero era su lugar favorito, su hogar y su vida entera.<\/p>\n<p>El 15 de julio de 2022 a los 81 a\u00f1os de edad, falleci\u00f3 la<strong> fot\u00f3grafa mexicana<\/strong> m\u00e1s importante del pancracio, quien siempre fue en busca de su pasi\u00f3n y luch\u00f3 durante d\u00e9cadas para hacerse un espacio en un deporte para hombres.<\/p>\n<p><img data-recalc-dims=\"1\" fetchpriority=\"high\" decoding=\"async\" class=\"alignnone size-medium wp-image-10650\" src=\"https:\/\/i0.wp.com\/soclose.mx\/blog\/wp-content\/uploads\/2022\/07\/LL_FAMILIA_La-Venus-vestidor.jpg?resize=300%2C198&#038;ssl=1\" alt=\"\" width=\"300\" height=\"198\" srcset=\"https:\/\/i0.wp.com\/soclose.mx\/blog\/wp-content\/uploads\/2022\/07\/LL_FAMILIA_La-Venus-vestidor.jpg?resize=300%2C198&amp;ssl=1 300w, https:\/\/i0.wp.com\/soclose.mx\/blog\/wp-content\/uploads\/2022\/07\/LL_FAMILIA_La-Venus-vestidor.jpg?resize=585%2C386&amp;ssl=1 585w, https:\/\/i0.wp.com\/soclose.mx\/blog\/wp-content\/uploads\/2022\/07\/LL_FAMILIA_La-Venus-vestidor.jpg?resize=263%2C175&amp;ssl=1 263w, https:\/\/i0.wp.com\/soclose.mx\/blog\/wp-content\/uploads\/2022\/07\/LL_FAMILIA_La-Venus-vestidor.jpg?w=700&amp;ssl=1 700w\" sizes=\"(max-width: 300px) 100vw, 300px\" \/><\/p>\n<p>Su amor por las luchas le llegaron a temprana edad, cuando vio los primero combates por televisi\u00f3n. De ni\u00f1a nunca pudo estar en una funci\u00f3n en vivo, pero de adulta trat\u00f3 de no perderse alguna.<\/p>\n<p>Siempre luch\u00f3 contra el estigma de que la mujer no deb\u00eda practicar o asistir a &#8220;deportes de hombres&#8221;, lo venci\u00f3 y se hizo un lugar dentro de las <strong>Lucha Libre<\/strong>, no solo como aficionada sino como <a href=\"https:\/\/soclose.mx\/blog\/ay-goeeee\/el-mexicano-grupo-firme-genera-mas-dinero-que-elton-john-y-justin-bieber\/\">los ojos del espect\u00e1culo.<\/a><\/p>\n<p><img data-recalc-dims=\"1\" decoding=\"async\" class=\"alignnone size-medium wp-image-10652\" src=\"https:\/\/i0.wp.com\/soclose.mx\/blog\/wp-content\/uploads\/2022\/07\/LL_VESTIDORES_Entrada-3-.jpg?resize=300%2C198&#038;ssl=1\" alt=\"\" width=\"300\" height=\"198\" srcset=\"https:\/\/i0.wp.com\/soclose.mx\/blog\/wp-content\/uploads\/2022\/07\/LL_VESTIDORES_Entrada-3-.jpg?resize=300%2C198&amp;ssl=1 300w, https:\/\/i0.wp.com\/soclose.mx\/blog\/wp-content\/uploads\/2022\/07\/LL_VESTIDORES_Entrada-3-.jpg?resize=585%2C387&amp;ssl=1 585w, https:\/\/i0.wp.com\/soclose.mx\/blog\/wp-content\/uploads\/2022\/07\/LL_VESTIDORES_Entrada-3-.jpg?resize=263%2C175&amp;ssl=1 263w, https:\/\/i0.wp.com\/soclose.mx\/blog\/wp-content\/uploads\/2022\/07\/LL_VESTIDORES_Entrada-3-.jpg?w=700&amp;ssl=1 700w\" sizes=\"(max-width: 300px) 100vw, 300px\" \/><\/p>\n<p>Pero fue m\u00e1s all\u00e1. Gran parte de su trabajo lo centr\u00f3 en darle foco a las mujeres luchadoras para reflejar su doble tarea: la de ser personas comunes, cabezas de familias, mam\u00e1s y esposas, con la de ser deportista.<\/p>\n<p>A trav\u00e9s de sus fotograf\u00edas, logr\u00f3 reflejar esa dualidad y gan\u00f3 mayores espacios para ellas; incluso la hicieron parte de su intimidad, pues vivi\u00f3 de cerca sus vidas y c\u00f3mo manejaban su doble papel.<\/p>\n<p>El cuadril\u00e1tero est\u00e1 de luto, descanse en paz, Lourdes Grobet.<\/p>\n<p><img data-recalc-dims=\"1\" decoding=\"async\" class=\"alignnone size-medium wp-image-10651\" src=\"https:\/\/i0.wp.com\/soclose.mx\/blog\/wp-content\/uploads\/2022\/07\/LL_VESTIDORES_z-Las-Irmas.jpg?resize=300%2C202&#038;ssl=1\" alt=\"\" width=\"300\" height=\"202\" srcset=\"https:\/\/i0.wp.com\/soclose.mx\/blog\/wp-content\/uploads\/2022\/07\/LL_VESTIDORES_z-Las-Irmas.jpg?resize=300%2C202&amp;ssl=1 300w, https:\/\/i0.wp.com\/soclose.mx\/blog\/wp-content\/uploads\/2022\/07\/LL_VESTIDORES_z-Las-Irmas.jpg?resize=585%2C394&amp;ssl=1 585w, https:\/\/i0.wp.com\/soclose.mx\/blog\/wp-content\/uploads\/2022\/07\/LL_VESTIDORES_z-Las-Irmas.jpg?w=700&amp;ssl=1 700w\" sizes=\"(max-width: 300px) 100vw, 300px\" \/><\/p>\n<p><img data-recalc-dims=\"1\" loading=\"lazy\" decoding=\"async\" class=\"alignnone size-medium wp-image-10653\" src=\"https:\/\/i0.wp.com\/soclose.mx\/blog\/wp-content\/uploads\/2022\/07\/BIO031-1.jpg?resize=201%2C300&#038;ssl=1\" alt=\"\" width=\"201\" height=\"300\" srcset=\"https:\/\/i0.wp.com\/soclose.mx\/blog\/wp-content\/uploads\/2022\/07\/BIO031-1.jpg?resize=201%2C300&amp;ssl=1 201w, https:\/\/i0.wp.com\/soclose.mx\/blog\/wp-content\/uploads\/2022\/07\/BIO031-1.jpg?w=469&amp;ssl=1 469w\" sizes=\"(max-width: 201px) 100vw, 201px\" \/><\/p>\n<p>Fotograf\u00edas: <a href=\"https:\/\/lourdesgrobet.com\/\">https:\/\/lourdesgrobet.com\/<\/a><\/p>\n<p>&nbsp;<\/p>\n","protected":false},"excerpt":{"rendered":"<p>Lourdes Gorbet dej\u00f3 el plano terrenal y se llev\u00f3 las memorias de infinidad de combates de Lucha Libre que pudo disfrutar. El cuadril\u00e1tero era su lugar favorito, su hogar y su vida entera. El 15 de julio de 2022 a los 81 a\u00f1os de edad, falleci\u00f3 la fot\u00f3grafa mexicana m\u00e1s importante del pancracio, quien siempre fue en busca de su pasi\u00f3n y luch\u00f3 durante d\u00e9cadas para hacerse un espacio en un deporte para hombres. Su amor por las luchas le llegaron a temprana edad, cuando vio los primero combates por televisi\u00f3n. De ni\u00f1a nunca pudo estar en una funci\u00f3n en<\/p>\n","protected":false},"author":9,"featured_media":10654,"comment_status":"open","ping_status":"open","sticky":false,"template":"","format":"standard","meta":{"_jetpack_memberships_contains_paid_content":false,"footnotes":""},"categories":[1],"tags":[2576,2574,512,2575],"class_list":["post-10649","post","type-post","status-publish","format-standard","has-post-thumbnail","hentry","category-ay-goeeee","tag-cuadrilateros","tag-lourdes-grobet","tag-lucha-libre","tag-mujeres-luchadoras"],"yoast_head":"<!-- This site is optimized with the Yoast SEO plugin v26.7 - https:\/\/yoast.com\/wordpress\/plugins\/seo\/ -->\n<title>Lourdes Grobet, la fot\u00f3grafa mexicana que dedic\u00f3 su vida a la Lucha Libre - So Close<\/title>\n<meta name=\"robots\" content=\"index, follow, max-snippet:-1, max-image-preview:large, max-video-preview:-1\" \/>\n<link rel=\"canonical\" href=\"https:\/\/soclose.mx\/blog\/tag\/juan-rulfo-frases-mujeres\/\" \/>\n<meta property=\"og:locale\" content=\"es_MX\" \/>\n<meta property=\"og:type\" content=\"article\" \/>\n<meta property=\"og:title\" content=\"Lourdes Grobet, la fot\u00f3grafa mexicana que dedic\u00f3 su vida a la Lucha Libre - So Close\" \/>\n<meta property=\"og:description\" content=\"Lourdes Gorbet dej\u00f3 el plano terrenal y se llev\u00f3 las memorias de infinidad de combates de Lucha Libre que pudo disfrutar. El cuadril\u00e1tero era su lugar favorito, su hogar y su vida entera. El 15 de julio de 2022 a los 81 a\u00f1os de edad, falleci\u00f3 la fot\u00f3grafa mexicana m\u00e1s importante del pancracio, quien siempre fue en busca de su pasi\u00f3n y luch\u00f3 durante d\u00e9cadas para hacerse un espacio en un deporte para hombres. Su amor por las luchas le llegaron a temprana edad, cuando vio los primero combates por televisi\u00f3n. De ni\u00f1a nunca pudo estar en una funci\u00f3n en\" \/>\n<meta property=\"og:url\" content=\"https:\/\/soclose.mx\/blog\/tag\/juan-rulfo-frases-mujeres\/\" \/>\n<meta property=\"og:site_name\" content=\"So Close\" \/>\n<meta property=\"article:published_time\" content=\"2022-07-20T22:08:09+00:00\" \/>\n<meta property=\"article:modified_time\" content=\"2022-12-12T17:43:15+00:00\" \/>\n<meta property=\"og:image\" content=\"https:\/\/i0.wp.com\/soclose.mx\/blog\/wp-content\/uploads\/2022\/07\/lourdes-grobet.jpg?fit=1920%2C1080&ssl=1\" \/>\n\t<meta property=\"og:image:width\" content=\"1920\" \/>\n\t<meta property=\"og:image:height\" content=\"1080\" \/>\n\t<meta property=\"og:image:type\" content=\"image\/jpeg\" \/>\n<meta name=\"author\" content=\"Daniel Ram\u00edrez\" \/>\n<meta name=\"twitter:card\" content=\"summary_large_image\" \/>\n<meta name=\"twitter:label1\" content=\"Escrito por\" \/>\n\t<meta name=\"twitter:data1\" content=\"Daniel Ram\u00edrez\" \/>\n\t<meta name=\"twitter:label2\" content=\"Tiempo de lectura\" \/>\n\t<meta name=\"twitter:data2\" content=\"2 minutos\" \/>\n<script type=\"application\/ld+json\" class=\"yoast-schema-graph\">{\"@context\":\"https:\/\/schema.org\",\"@graph\":[{\"@type\":\"Article\",\"@id\":\"https:\/\/soclose.mx\/blog\/tag\/juan-rulfo-frases-mujeres\/#article\",\"isPartOf\":{\"@id\":\"https:\/\/soclose.mx\/blog\/tag\/juan-rulfo-frases-mujeres\/\"},\"author\":{\"name\":\"Daniel Ram\u00edrez\",\"@id\":\"https:\/\/soclose.mx\/blog\/#\/schema\/person\/54cd06c3a8cdc01a80c08725278aff88\"},\"headline\":\"Lourdes Grobet, la fot\u00f3grafa mexicana que dedic\u00f3 su vida a la Lucha Libre\",\"datePublished\":\"2022-07-20T22:08:09+00:00\",\"dateModified\":\"2022-12-12T17:43:15+00:00\",\"mainEntityOfPage\":{\"@id\":\"https:\/\/soclose.mx\/blog\/tag\/juan-rulfo-frases-mujeres\/\"},\"wordCount\":266,\"commentCount\":0,\"publisher\":{\"@id\":\"https:\/\/soclose.mx\/blog\/#organization\"},\"image\":{\"@id\":\"https:\/\/soclose.mx\/blog\/tag\/juan-rulfo-frases-mujeres\/#primaryimage\"},\"thumbnailUrl\":\"https:\/\/i0.wp.com\/soclose.mx\/blog\/wp-content\/uploads\/2022\/07\/lourdes-grobet.jpg?fit=1920%2C1080&ssl=1\",\"keywords\":[\"cuadrilateros\",\"lourdes grobet\",\"lucha libre\",\"mujeres luchadoras\"],\"articleSection\":[\"\u00a1Ay goeeee!\"],\"inLanguage\":\"es\",\"potentialAction\":[{\"@type\":\"CommentAction\",\"name\":\"Comment\",\"target\":[\"https:\/\/soclose.mx\/blog\/tag\/juan-rulfo-frases-mujeres\/#respond\"]}]},{\"@type\":\"WebPage\",\"@id\":\"https:\/\/soclose.mx\/blog\/tag\/juan-rulfo-frases-mujeres\/\",\"url\":\"https:\/\/soclose.mx\/blog\/tag\/juan-rulfo-frases-mujeres\/\",\"name\":\"Lourdes Grobet, la fot\u00f3grafa mexicana que dedic\u00f3 su vida a la Lucha Libre - So Close\",\"isPartOf\":{\"@id\":\"https:\/\/soclose.mx\/blog\/#website\"},\"primaryImageOfPage\":{\"@id\":\"https:\/\/soclose.mx\/blog\/tag\/juan-rulfo-frases-mujeres\/#primaryimage\"},\"image\":{\"@id\":\"https:\/\/soclose.mx\/blog\/tag\/juan-rulfo-frases-mujeres\/#primaryimage\"},\"thumbnailUrl\":\"https:\/\/i0.wp.com\/soclose.mx\/blog\/wp-content\/uploads\/2022\/07\/lourdes-grobet.jpg?fit=1920%2C1080&ssl=1\",\"datePublished\":\"2022-07-20T22:08:09+00:00\",\"dateModified\":\"2022-12-12T17:43:15+00:00\",\"breadcrumb\":{\"@id\":\"https:\/\/soclose.mx\/blog\/tag\/juan-rulfo-frases-mujeres\/#breadcrumb\"},\"inLanguage\":\"es\",\"potentialAction\":[{\"@type\":\"ReadAction\",\"target\":[\"https:\/\/soclose.mx\/blog\/tag\/juan-rulfo-frases-mujeres\/\"]}]},{\"@type\":\"ImageObject\",\"inLanguage\":\"es\",\"@id\":\"https:\/\/soclose.mx\/blog\/tag\/juan-rulfo-frases-mujeres\/#primaryimage\",\"url\":\"https:\/\/i0.wp.com\/soclose.mx\/blog\/wp-content\/uploads\/2022\/07\/lourdes-grobet.jpg?fit=1920%2C1080&ssl=1\",\"contentUrl\":\"https:\/\/i0.wp.com\/soclose.mx\/blog\/wp-content\/uploads\/2022\/07\/lourdes-grobet.jpg?fit=1920%2C1080&ssl=1\",\"width\":1920,\"height\":1080},{\"@type\":\"BreadcrumbList\",\"@id\":\"https:\/\/soclose.mx\/blog\/tag\/juan-rulfo-frases-mujeres\/#breadcrumb\",\"itemListElement\":[{\"@type\":\"ListItem\",\"position\":1,\"name\":\"Inicio\",\"item\":\"https:\/\/soclose.mx\/blog\/\"},{\"@type\":\"ListItem\",\"position\":2,\"name\":\"Lourdes Grobet, la fot\u00f3grafa mexicana que dedic\u00f3 su vida a la Lucha Libre\"}]},{\"@type\":\"WebSite\",\"@id\":\"https:\/\/soclose.mx\/blog\/#website\",\"url\":\"https:\/\/soclose.mx\/blog\/\",\"name\":\"So Close\",\"description\":\"Hacemos contenidos de M\u00e9xico\",\"publisher\":{\"@id\":\"https:\/\/soclose.mx\/blog\/#organization\"},\"potentialAction\":[{\"@type\":\"SearchAction\",\"target\":{\"@type\":\"EntryPoint\",\"urlTemplate\":\"https:\/\/soclose.mx\/blog\/?s={search_term_string}\"},\"query-input\":{\"@type\":\"PropertyValueSpecification\",\"valueRequired\":true,\"valueName\":\"search_term_string\"}}],\"inLanguage\":\"es\"},{\"@type\":\"Organization\",\"@id\":\"https:\/\/soclose.mx\/blog\/#organization\",\"name\":\"So Close\",\"url\":\"https:\/\/soclose.mx\/blog\/\",\"logo\":{\"@type\":\"ImageObject\",\"inLanguage\":\"es\",\"@id\":\"https:\/\/soclose.mx\/blog\/#\/schema\/logo\/image\/\",\"url\":\"https:\/\/i0.wp.com\/soclose.mx\/blog\/wp-content\/uploads\/2020\/12\/LOGO_SOCLOSE_COLOR-e1608310133507.png?fit=2858%2C1264&ssl=1\",\"contentUrl\":\"https:\/\/i0.wp.com\/soclose.mx\/blog\/wp-content\/uploads\/2020\/12\/LOGO_SOCLOSE_COLOR-e1608310133507.png?fit=2858%2C1264&ssl=1\",\"width\":2858,\"height\":1264,\"caption\":\"So Close\"},\"image\":{\"@id\":\"https:\/\/soclose.mx\/blog\/#\/schema\/logo\/image\/\"}},{\"@type\":\"Person\",\"@id\":\"https:\/\/soclose.mx\/blog\/#\/schema\/person\/54cd06c3a8cdc01a80c08725278aff88\",\"name\":\"Daniel Ram\u00edrez\",\"image\":{\"@type\":\"ImageObject\",\"inLanguage\":\"es\",\"@id\":\"https:\/\/soclose.mx\/blog\/#\/schema\/person\/image\/\",\"url\":\"https:\/\/secure.gravatar.com\/avatar\/74af6012f2e898d2be93cf32e26b59a2c9489743c9ca6270d7848b44edd7d272?s=96&d=mm&r=g\",\"contentUrl\":\"https:\/\/secure.gravatar.com\/avatar\/74af6012f2e898d2be93cf32e26b59a2c9489743c9ca6270d7848b44edd7d272?s=96&d=mm&r=g\",\"caption\":\"Daniel Ram\u00edrez\"},\"url\":\"https:\/\/soclose.mx\/blog\/author\/peter\/\"}]}<\/script>\n<!-- \/ Yoast SEO plugin. -->","yoast_head_json":{"title":"Lourdes Grobet, la fot\u00f3grafa mexicana que dedic\u00f3 su vida a la Lucha Libre - So Close","robots":{"index":"index","follow":"follow","max-snippet":"max-snippet:-1","max-image-preview":"max-image-preview:large","max-video-preview":"max-video-preview:-1"},"canonical":"https:\/\/soclose.mx\/blog\/tag\/juan-rulfo-frases-mujeres\/","og_locale":"es_MX","og_type":"article","og_title":"Lourdes Grobet, la fot\u00f3grafa mexicana que dedic\u00f3 su vida a la Lucha Libre - So Close","og_description":"Lourdes Gorbet dej\u00f3 el plano terrenal y se llev\u00f3 las memorias de infinidad de combates de Lucha Libre que pudo disfrutar. El cuadril\u00e1tero era su lugar favorito, su hogar y su vida entera. El 15 de julio de 2022 a los 81 a\u00f1os de edad, falleci\u00f3 la fot\u00f3grafa mexicana m\u00e1s importante del pancracio, quien siempre fue en busca de su pasi\u00f3n y luch\u00f3 durante d\u00e9cadas para hacerse un espacio en un deporte para hombres. Su amor por las luchas le llegaron a temprana edad, cuando vio los primero combates por televisi\u00f3n. De ni\u00f1a nunca pudo estar en una funci\u00f3n en","og_url":"https:\/\/soclose.mx\/blog\/tag\/juan-rulfo-frases-mujeres\/","og_site_name":"So Close","article_published_time":"2022-07-20T22:08:09+00:00","article_modified_time":"2022-12-12T17:43:15+00:00","og_image":[{"width":1920,"height":1080,"url":"https:\/\/i0.wp.com\/soclose.mx\/blog\/wp-content\/uploads\/2022\/07\/lourdes-grobet.jpg?fit=1920%2C1080&ssl=1","type":"image\/jpeg"}],"author":"Daniel Ram\u00edrez","twitter_card":"summary_large_image","twitter_misc":{"Escrito por":"Daniel Ram\u00edrez","Tiempo de lectura":"2 minutos"},"schema":{"@context":"https:\/\/schema.org","@graph":[{"@type":"Article","@id":"https:\/\/soclose.mx\/blog\/tag\/juan-rulfo-frases-mujeres\/#article","isPartOf":{"@id":"https:\/\/soclose.mx\/blog\/tag\/juan-rulfo-frases-mujeres\/"},"author":{"name":"Daniel Ram\u00edrez","@id":"https:\/\/soclose.mx\/blog\/#\/schema\/person\/54cd06c3a8cdc01a80c08725278aff88"},"headline":"Lourdes Grobet, la fot\u00f3grafa mexicana que dedic\u00f3 su vida a la Lucha Libre","datePublished":"2022-07-20T22:08:09+00:00","dateModified":"2022-12-12T17:43:15+00:00","mainEntityOfPage":{"@id":"https:\/\/soclose.mx\/blog\/tag\/juan-rulfo-frases-mujeres\/"},"wordCount":266,"commentCount":0,"publisher":{"@id":"https:\/\/soclose.mx\/blog\/#organization"},"image":{"@id":"https:\/\/soclose.mx\/blog\/tag\/juan-rulfo-frases-mujeres\/#primaryimage"},"thumbnailUrl":"https:\/\/i0.wp.com\/soclose.mx\/blog\/wp-content\/uploads\/2022\/07\/lourdes-grobet.jpg?fit=1920%2C1080&ssl=1","keywords":["cuadrilateros","lourdes grobet","lucha libre","mujeres luchadoras"],"articleSection":["\u00a1Ay goeeee!"],"inLanguage":"es","potentialAction":[{"@type":"CommentAction","name":"Comment","target":["https:\/\/soclose.mx\/blog\/tag\/juan-rulfo-frases-mujeres\/#respond"]}]},{"@type":"WebPage","@id":"https:\/\/soclose.mx\/blog\/tag\/juan-rulfo-frases-mujeres\/","url":"https:\/\/soclose.mx\/blog\/tag\/juan-rulfo-frases-mujeres\/","name":"Lourdes Grobet, la fot\u00f3grafa mexicana que dedic\u00f3 su vida a la Lucha Libre - So Close","isPartOf":{"@id":"https:\/\/soclose.mx\/blog\/#website"},"primaryImageOfPage":{"@id":"https:\/\/soclose.mx\/blog\/tag\/juan-rulfo-frases-mujeres\/#primaryimage"},"image":{"@id":"https:\/\/soclose.mx\/blog\/tag\/juan-rulfo-frases-mujeres\/#primaryimage"},"thumbnailUrl":"https:\/\/i0.wp.com\/soclose.mx\/blog\/wp-content\/uploads\/2022\/07\/lourdes-grobet.jpg?fit=1920%2C1080&ssl=1","datePublished":"2022-07-20T22:08:09+00:00","dateModified":"2022-12-12T17:43:15+00:00","breadcrumb":{"@id":"https:\/\/soclose.mx\/blog\/tag\/juan-rulfo-frases-mujeres\/#breadcrumb"},"inLanguage":"es","potentialAction":[{"@type":"ReadAction","target":["https:\/\/soclose.mx\/blog\/tag\/juan-rulfo-frases-mujeres\/"]}]},{"@type":"ImageObject","inLanguage":"es","@id":"https:\/\/soclose.mx\/blog\/tag\/juan-rulfo-frases-mujeres\/#primaryimage","url":"https:\/\/i0.wp.com\/soclose.mx\/blog\/wp-content\/uploads\/2022\/07\/lourdes-grobet.jpg?fit=1920%2C1080&ssl=1","contentUrl":"https:\/\/i0.wp.com\/soclose.mx\/blog\/wp-content\/uploads\/2022\/07\/lourdes-grobet.jpg?fit=1920%2C1080&ssl=1","width":1920,"height":1080},{"@type":"BreadcrumbList","@id":"https:\/\/soclose.mx\/blog\/tag\/juan-rulfo-frases-mujeres\/#breadcrumb","itemListElement":[{"@type":"ListItem","position":1,"name":"Inicio","item":"https:\/\/soclose.mx\/blog\/"},{"@type":"ListItem","position":2,"name":"Lourdes Grobet, la fot\u00f3grafa mexicana que dedic\u00f3 su vida a la Lucha Libre"}]},{"@type":"WebSite","@id":"https:\/\/soclose.mx\/blog\/#website","url":"https:\/\/soclose.mx\/blog\/","name":"So Close","description":"Hacemos contenidos de M\u00e9xico","publisher":{"@id":"https:\/\/soclose.mx\/blog\/#organization"},"potentialAction":[{"@type":"SearchAction","target":{"@type":"EntryPoint","urlTemplate":"https:\/\/soclose.mx\/blog\/?s={search_term_string}"},"query-input":{"@type":"PropertyValueSpecification","valueRequired":true,"valueName":"search_term_string"}}],"inLanguage":"es"},{"@type":"Organization","@id":"https:\/\/soclose.mx\/blog\/#organization","name":"So Close","url":"https:\/\/soclose.mx\/blog\/","logo":{"@type":"ImageObject","inLanguage":"es","@id":"https:\/\/soclose.mx\/blog\/#\/schema\/logo\/image\/","url":"https:\/\/i0.wp.com\/soclose.mx\/blog\/wp-content\/uploads\/2020\/12\/LOGO_SOCLOSE_COLOR-e1608310133507.png?fit=2858%2C1264&ssl=1","contentUrl":"https:\/\/i0.wp.com\/soclose.mx\/blog\/wp-content\/uploads\/2020\/12\/LOGO_SOCLOSE_COLOR-e1608310133507.png?fit=2858%2C1264&ssl=1","width":2858,"height":1264,"caption":"So Close"},"image":{"@id":"https:\/\/soclose.mx\/blog\/#\/schema\/logo\/image\/"}},{"@type":"Person","@id":"https:\/\/soclose.mx\/blog\/#\/schema\/person\/54cd06c3a8cdc01a80c08725278aff88","name":"Daniel Ram\u00edrez","image":{"@type":"ImageObject","inLanguage":"es","@id":"https:\/\/soclose.mx\/blog\/#\/schema\/person\/image\/","url":"https:\/\/secure.gravatar.com\/avatar\/74af6012f2e898d2be93cf32e26b59a2c9489743c9ca6270d7848b44edd7d272?s=96&d=mm&r=g","contentUrl":"https:\/\/secure.gravatar.com\/avatar\/74af6012f2e898d2be93cf32e26b59a2c9489743c9ca6270d7848b44edd7d272?s=96&d=mm&r=g","caption":"Daniel Ram\u00edrez"},"url":"https:\/\/soclose.mx\/blog\/author\/peter\/"}]}},"jetpack_featured_media_url":"https:\/\/i0.wp.com\/soclose.mx\/blog\/wp-content\/uploads\/2022\/07\/lourdes-grobet.jpg?fit=1920%2C1080&ssl=1","jetpack-related-posts":[{"id":11079,"url":"https:\/\/soclose.mx\/blog\/ay-goeeee\/luchadoras-mexicanas-de-los-cuadrilateros-a-onlyfans\/","url_meta":{"origin":10649,"position":0},"title":"Luchadoras mexicanas, de los cuadril\u00e1teros a OnlyFans","author":"Daniel Ram\u00edrez","date":"27 agosto, 2022","format":false,"excerpt":"El boom de OnlyFans en el mundo ha despertado la curiosidad de muchas personas, incluidas figuras p\u00fablicas y deportistas, quienes no se han quedado con la duda de probar la plataforma. Algunas de esas celebridades son luchadoras mexicanas, quienes han abierto sus cuentas motivadas por sus calenturientos fans, quienes quer\u00edan\u2026","rel":"","context":"En &quot;\u00a1Ay goeeee!&quot;","block_context":{"text":"\u00a1Ay goeeee!","link":"https:\/\/soclose.mx\/blog\/category\/ay-goeeee\/"},"img":{"alt_text":"","src":"https:\/\/i0.wp.com\/soclose.mx\/blog\/wp-content\/uploads\/2022\/08\/luchadoras-onlyfans.jpg?fit=1200%2C675&ssl=1&resize=350%2C200","width":350,"height":200,"srcset":"https:\/\/i0.wp.com\/soclose.mx\/blog\/wp-content\/uploads\/2022\/08\/luchadoras-onlyfans.jpg?fit=1200%2C675&ssl=1&resize=350%2C200 1x, https:\/\/i0.wp.com\/soclose.mx\/blog\/wp-content\/uploads\/2022\/08\/luchadoras-onlyfans.jpg?fit=1200%2C675&ssl=1&resize=525%2C300 1.5x, https:\/\/i0.wp.com\/soclose.mx\/blog\/wp-content\/uploads\/2022\/08\/luchadoras-onlyfans.jpg?fit=1200%2C675&ssl=1&resize=700%2C400 2x, https:\/\/i0.wp.com\/soclose.mx\/blog\/wp-content\/uploads\/2022\/08\/luchadoras-onlyfans.jpg?fit=1200%2C675&ssl=1&resize=1050%2C600 3x"},"classes":[]},{"id":6670,"url":"https:\/\/soclose.mx\/blog\/ay-goeeee\/10-inolvidables-datos-de-super-porky\/","url_meta":{"origin":10649,"position":1},"title":"10 inolvidables datos de S\u00faper Porky","author":"So Close","date":"27 julio, 2021","format":false,"excerpt":"En M\u00e9xico la lucha libre es un ingrediente m\u00e1s de la cultura contempor\u00e1nea y, por ende, los luchadores son parte del gusto popular de nacionales y visitantes. Por ello, sin lugar a dudas, S\u00faper Porky fue un exponente de la lucha libre admirado y querido por su carisma. Aqu\u00ed te\u2026","rel":"","context":"En &quot;\u00a1Ay goeeee!&quot;","block_context":{"text":"\u00a1Ay goeeee!","link":"https:\/\/soclose.mx\/blog\/category\/ay-goeeee\/"},"img":{"alt_text":"","src":"https:\/\/i0.wp.com\/soclose.mx\/blog\/wp-content\/uploads\/2021\/07\/super-porky.jpeg?fit=1200%2C677&ssl=1&resize=350%2C200","width":350,"height":200,"srcset":"https:\/\/i0.wp.com\/soclose.mx\/blog\/wp-content\/uploads\/2021\/07\/super-porky.jpeg?fit=1200%2C677&ssl=1&resize=350%2C200 1x, https:\/\/i0.wp.com\/soclose.mx\/blog\/wp-content\/uploads\/2021\/07\/super-porky.jpeg?fit=1200%2C677&ssl=1&resize=525%2C300 1.5x, https:\/\/i0.wp.com\/soclose.mx\/blog\/wp-content\/uploads\/2021\/07\/super-porky.jpeg?fit=1200%2C677&ssl=1&resize=700%2C400 2x, https:\/\/i0.wp.com\/soclose.mx\/blog\/wp-content\/uploads\/2021\/07\/super-porky.jpeg?fit=1200%2C677&ssl=1&resize=1050%2C600 3x"},"classes":[]},{"id":10302,"url":"https:\/\/soclose.mx\/blog\/ay-goeeee\/conoce-el-unico-museo-de-lucha-libre-en-mexico\/","url_meta":{"origin":10649,"position":2},"title":"Video: conoce el \u00fanico Museo de Lucha Libre en M\u00e9xico","author":"Daniel Ram\u00edrez","date":"21 junio, 2022","format":false,"excerpt":"Si eres amante de la Lucha Libre, esto te puede interesar, y si no lo eres, puede ser un buen pretexto para que te enganches y arranques en este deporte. En la ciudad de Tijuana, Baja California, se encuentra el \u00fanico lugar que guarda grandes momentos y recuerdos en la\u2026","rel":"","context":"En &quot;\u00a1Ay goeeee!&quot;","block_context":{"text":"\u00a1Ay goeeee!","link":"https:\/\/soclose.mx\/blog\/category\/ay-goeeee\/"},"img":{"alt_text":"","src":"https:\/\/i0.wp.com\/soclose.mx\/blog\/wp-content\/uploads\/2022\/06\/pexels-mike-gonzalez-2167890-scaled.jpg?fit=1200%2C800&ssl=1&resize=350%2C200","width":350,"height":200,"srcset":"https:\/\/i0.wp.com\/soclose.mx\/blog\/wp-content\/uploads\/2022\/06\/pexels-mike-gonzalez-2167890-scaled.jpg?fit=1200%2C800&ssl=1&resize=350%2C200 1x, https:\/\/i0.wp.com\/soclose.mx\/blog\/wp-content\/uploads\/2022\/06\/pexels-mike-gonzalez-2167890-scaled.jpg?fit=1200%2C800&ssl=1&resize=525%2C300 1.5x, https:\/\/i0.wp.com\/soclose.mx\/blog\/wp-content\/uploads\/2022\/06\/pexels-mike-gonzalez-2167890-scaled.jpg?fit=1200%2C800&ssl=1&resize=700%2C400 2x, https:\/\/i0.wp.com\/soclose.mx\/blog\/wp-content\/uploads\/2022\/06\/pexels-mike-gonzalez-2167890-scaled.jpg?fit=1200%2C800&ssl=1&resize=1050%2C600 3x"},"classes":[]},{"id":10849,"url":"https:\/\/soclose.mx\/blog\/a-la-mexicana\/tnt-de-albanil-en-colima-a-leyenda-de-la-lucha-libre-mexicana\/","url_meta":{"origin":10649,"position":3},"title":"TNT, de alba\u00f1il en Colima a leyenda de la Lucha Libre mexicana","author":"Daniel Ram\u00edrez","date":"6 agosto, 2022","format":false,"excerpt":"Pesar m\u00e1s de 136 kilogramos y medir 1.87 metros, fueron las cartas principales de Jos\u00e9 Guadalupe Aguilar Herrera, mejor conocido como el TNT, un luchador legendario de la d\u00e9cada de los 70 y 80. Lupe era originario de Villa de Arriaga, San Luis Potos\u00ed, pero desde chico se fue a\u2026","rel":"","context":"En &quot;A la mexicana&quot;","block_context":{"text":"A la mexicana","link":"https:\/\/soclose.mx\/blog\/category\/a-la-mexicana\/"},"img":{"alt_text":"","src":"https:\/\/i0.wp.com\/soclose.mx\/blog\/wp-content\/uploads\/2022\/08\/06TNT.jpg?fit=800%2C350&ssl=1&resize=350%2C200","width":350,"height":200,"srcset":"https:\/\/i0.wp.com\/soclose.mx\/blog\/wp-content\/uploads\/2022\/08\/06TNT.jpg?fit=800%2C350&ssl=1&resize=350%2C200 1x, https:\/\/i0.wp.com\/soclose.mx\/blog\/wp-content\/uploads\/2022\/08\/06TNT.jpg?fit=800%2C350&ssl=1&resize=525%2C300 1.5x, https:\/\/i0.wp.com\/soclose.mx\/blog\/wp-content\/uploads\/2022\/08\/06TNT.jpg?fit=800%2C350&ssl=1&resize=700%2C400 2x"},"classes":[]},{"id":10388,"url":"https:\/\/soclose.mx\/blog\/ay-goeeee\/undertaker-la-estrella-de-la-wwe-que-admiraba-a-octagon\/","url_meta":{"origin":10649,"position":4},"title":"Undertaker, la estrella de la WWE que admiraba a Octag\u00f3n","author":"Daniel Ram\u00edrez","date":"28 junio, 2022","format":false,"excerpt":"A\u00f1o 1997, Alamodome de San Antonio, Texas. Los luchadores mexicanos fueron invitados a participar en el Royal Rumble, organizado por la WWE, antes WWF. En aquella funci\u00f3n, el cuadril\u00e1tero fue engalanado con la presencia de Blue Demon, Abismo Negro, Tinieblas Jr., Histeria, Heavy Metal y el favorito de todos: Octag\u00f3n.\u2026","rel":"","context":"En &quot;\u00a1Ay goeeee!&quot;","block_context":{"text":"\u00a1Ay goeeee!","link":"https:\/\/soclose.mx\/blog\/category\/ay-goeeee\/"},"img":{"alt_text":"","src":"https:\/\/i0.wp.com\/soclose.mx\/blog\/wp-content\/uploads\/2022\/06\/Captura-de-Pantalla-2022-06-28-a-las-19.50.35.png?fit=901%2C503&ssl=1&resize=350%2C200","width":350,"height":200,"srcset":"https:\/\/i0.wp.com\/soclose.mx\/blog\/wp-content\/uploads\/2022\/06\/Captura-de-Pantalla-2022-06-28-a-las-19.50.35.png?fit=901%2C503&ssl=1&resize=350%2C200 1x, https:\/\/i0.wp.com\/soclose.mx\/blog\/wp-content\/uploads\/2022\/06\/Captura-de-Pantalla-2022-06-28-a-las-19.50.35.png?fit=901%2C503&ssl=1&resize=525%2C300 1.5x, https:\/\/i0.wp.com\/soclose.mx\/blog\/wp-content\/uploads\/2022\/06\/Captura-de-Pantalla-2022-06-28-a-las-19.50.35.png?fit=901%2C503&ssl=1&resize=700%2C400 2x"},"classes":[]},{"id":10580,"url":"https:\/\/soclose.mx\/blog\/a-la-mexicana\/luchador-mexicano-septimo-dragon-de-estar-en-coma-a-triunfar-en-japon\/","url_meta":{"origin":10649,"position":5},"title":"Luchador mexicano S\u00e9ptimo Drag\u00f3n, de estar en coma a triunfar en Jap\u00f3n","author":"Daniel Ram\u00edrez","date":"13 julio, 2022","format":false,"excerpt":"No cabe duda que la vida a veces nos pone pruebas bravas y est\u00e1 en nosotros salir de ellas con voluntad y fortaleza. El luchador mexicano, S\u00e9ptimo Drag\u00f3n lo vivi\u00f3 en carne propia, pues hace casi un a\u00f1o y medio estuvo al borde de la muerte debido a un duro\u2026","rel":"","context":"En &quot;A la mexicana&quot;","block_context":{"text":"A la mexicana","link":"https:\/\/soclose.mx\/blog\/category\/a-la-mexicana\/"},"img":{"alt_text":"","src":"https:\/\/i0.wp.com\/soclose.mx\/blog\/wp-content\/uploads\/2022\/07\/dragon.jpg?fit=1070%2C773&ssl=1&resize=350%2C200","width":350,"height":200,"srcset":"https:\/\/i0.wp.com\/soclose.mx\/blog\/wp-content\/uploads\/2022\/07\/dragon.jpg?fit=1070%2C773&ssl=1&resize=350%2C200 1x, https:\/\/i0.wp.com\/soclose.mx\/blog\/wp-content\/uploads\/2022\/07\/dragon.jpg?fit=1070%2C773&ssl=1&resize=525%2C300 1.5x, https:\/\/i0.wp.com\/soclose.mx\/blog\/wp-content\/uploads\/2022\/07\/dragon.jpg?fit=1070%2C773&ssl=1&resize=700%2C400 2x, https:\/\/i0.wp.com\/soclose.mx\/blog\/wp-content\/uploads\/2022\/07\/dragon.jpg?fit=1070%2C773&ssl=1&resize=1050%2C600 3x"},"classes":[]}],"jetpack_sharing_enabled":true,"_links":{"self":[{"href":"https:\/\/soclose.mx\/blog\/wp-json\/wp\/v2\/posts\/10649","targetHints":{"allow":["GET"]}}],"collection":[{"href":"https:\/\/soclose.mx\/blog\/wp-json\/wp\/v2\/posts"}],"about":[{"href":"https:\/\/soclose.mx\/blog\/wp-json\/wp\/v2\/types\/post"}],"author":[{"embeddable":true,"href":"https:\/\/soclose.mx\/blog\/wp-json\/wp\/v2\/users\/9"}],"replies":[{"embeddable":true,"href":"https:\/\/soclose.mx\/blog\/wp-json\/wp\/v2\/comments?post=10649"}],"version-history":[{"count":0,"href":"https:\/\/soclose.mx\/blog\/wp-json\/wp\/v2\/posts\/10649\/revisions"}],"wp:featuredmedia":[{"embeddable":true,"href":"https:\/\/soclose.mx\/blog\/wp-json\/wp\/v2\/media\/10654"}],"wp:attachment":[{"href":"https:\/\/soclose.mx\/blog\/wp-json\/wp\/v2\/media?parent=10649"}],"wp:term":[{"taxonomy":"category","embeddable":true,"href":"https:\/\/soclose.mx\/blog\/wp-json\/wp\/v2\/categories?post=10649"},{"taxonomy":"post_tag","embeddable":true,"href":"https:\/\/soclose.mx\/blog\/wp-json\/wp\/v2\/tags?post=10649"}],"curies":[{"name":"wp","href":"https:\/\/api.w.org\/{rel}","templated":true}]}}