{"id":10686,"date":"2022-07-22T19:07:12","date_gmt":"2022-07-23T00:07:12","guid":{"rendered":"https:\/\/soclose.mx\/blog\/?p=10686"},"modified":"2022-07-22T19:07:28","modified_gmt":"2022-07-23T00:07:28","slug":"video-mexicanos-ponen-la-fiesta-en-paris-con-payaso-de-rodeo","status":"publish","type":"post","link":"https:\/\/soclose.mx\/blog\/a-la-mexicana\/video-mexicanos-ponen-la-fiesta-en-paris-con-payaso-de-rodeo\/","title":{"rendered":"Video: \u00a1mexicanos ponen la fiesta en Par\u00eds con &#8220;Payaso de Rodeo&#8221;!"},"content":{"rendered":"<p><strong>\u00a1Los mexicanos somos un desma%#\/!<\/strong> Nada nos para y cuando hay que pasarla bien, nos pintamos solos, aqu\u00ed y en China&#8230; o en Francia.<\/p>\n<p>Unos compatriotas visitaron Par\u00eds y mientras daban la vuelta por la ciudad se les ocurri\u00f3 poner el ambiente al puro estilo mexa al ritmo de &#8220;Payaso de Rodeo&#8221;, de Caballo Dorado.<\/p>\n<p>Los turistas mexicanos montaron la coreograf\u00eda y se pusieron a bailar cual si<a href=\"https:\/\/soclose.mx\/blog\/a-la-mexicana\/senora-de-tamaulipas-celebra-sus-xv-anos-a-sus-50\/\"> fuera fiesta de XV a\u00f1os<\/a> de colonia popular ante los ojos de todos los que andaban por ah\u00ed.<\/p>\n<p>Es sabido que los europeos son medio fr\u00edos, pero al ver que los mexicanos hicieron su propia fiesta, se contagiaron de la felicidad y alegraron su d\u00eda.<\/p>\n<blockquote class=\"tiktok-embed\" cite=\"https:\/\/www.tiktok.com\/@ikikerojas\/video\/7119939926480669958\" data-video-id=\"7119939926480669958\" data-embed-from=\"oembed\" style=\"max-width: 605px;min-width: 325px;\" >\n<section> <a target=\"_blank\" title=\"@ikikerojas\" href=\"https:\/\/www.tiktok.com\/@ikikerojas?refer=embed\">@ikikerojas<\/a> <\/p>\n<p>Responder a @cynthyaol parte 3 <a title=\"payasoderodeo\" target=\"_blank\" href=\"https:\/\/www.tiktok.com\/tag\/payasoderodeo\">#payasoderodeo<\/a>  <a title=\"bailecitomamalon\" target=\"_blank\" href=\"https:\/\/www.tiktok.com\/tag\/bailecitomamalon\">#bailecitomamalon<\/a> <a title=\"clasesdebaile\" target=\"_blank\" href=\"https:\/\/www.tiktok.com\/tag\/clasesdebaile\">#clasesdebaile<\/a>  <a title=\"mexicano\" target=\"_blank\" href=\"https:\/\/www.tiktok.com\/tag\/mexicano\">#mexicano<\/a> <a title=\"vivamexico??\" target=\"_blank\" href=\"https:\/\/www.tiktok.com\/tag\/vivamexico%F0%9F%87%B2%F0%9F%87%BD\">#vivamexico??<\/a>  <a title=\"culturamexicana\" target=\"_blank\" href=\"https:\/\/www.tiktok.com\/tag\/culturamexicana\">#culturamexicana<\/a>  <a title=\"enparis\" target=\"_blank\" href=\"https:\/\/www.tiktok.com\/tag\/enparis\">#enparis<\/a> <a title=\"mexicanoschingones\" target=\"_blank\" href=\"https:\/\/www.tiktok.com\/tag\/mexicanoschingones\">#mexicanoschingones<\/a>  <a title=\"chicoloapan\" target=\"_blank\" href=\"https:\/\/www.tiktok.com\/tag\/chicoloapan\">#chicoloapan<\/a><\/p>\n<p> <a target=\"_blank\" title=\"\u266c sonido original - Enrique Rojas\" href=\"https:\/\/www.tiktok.com\/music\/sonido-original-7119939940506782469?refer=embed\">\u266c sonido original &#8211; Enrique Rojas<\/a> <\/section>\n<\/blockquote>\n<p> <script async src=\"https:\/\/www.tiktok.com\/embed.js\"><\/script><\/p>\n","protected":false},"excerpt":{"rendered":"<p>\u00a1Los mexicanos somos un desma%#\/! Nada nos para y cuando hay que pasarla bien, nos pintamos solos, aqu\u00ed y en China&#8230; o en Francia. Unos compatriotas visitaron Par\u00eds y mientras daban la vuelta por la ciudad se les ocurri\u00f3 poner el ambiente al puro estilo mexa al ritmo de &#8220;Payaso de Rodeo&#8221;, de Caballo Dorado. Los turistas mexicanos montaron la coreograf\u00eda y se pusieron a bailar cual si fuera fiesta de XV a\u00f1os de colonia popular ante los ojos de todos los que andaban por ah\u00ed. Es sabido que los europeos son medio fr\u00edos, pero al ver que los mexicanos<\/p>\n","protected":false},"author":9,"featured_media":10687,"comment_status":"open","ping_status":"open","sticky":false,"template":"","format":"standard","meta":{"_jetpack_memberships_contains_paid_content":false,"footnotes":""},"categories":[1778],"tags":[2598,2595,2594,2597,2599,2596],"class_list":["post-10686","post","type-post","status-publish","format-standard","has-post-thumbnail","hentry","category-a-la-mexicana","tag-caballo-dorado","tag-mexicanos-en-francia","tag-mexicanos-en-paris","tag-payaso-de-rodeo","tag-payaso-de-rodeo-en-paris","tag-turistas-mexicanos"],"yoast_head":"<!-- This site is optimized with the Yoast SEO plugin v26.7 - https:\/\/yoast.com\/wordpress\/plugins\/seo\/ -->\n<title>Video: \u00a1mexicanos ponen la fiesta en Par\u00eds con &quot;Payaso de Rodeo&quot;! - So Close<\/title>\n<meta name=\"robots\" content=\"index, follow, max-snippet:-1, max-image-preview:large, max-video-preview:-1\" \/>\n<link rel=\"canonical\" href=\"https:\/\/soclose.mx\/blog\/tag\/juan-rulfo-frases-mujeres\/\" \/>\n<meta property=\"og:locale\" content=\"es_MX\" \/>\n<meta property=\"og:type\" content=\"article\" \/>\n<meta property=\"og:title\" content=\"Video: \u00a1mexicanos ponen la fiesta en Par\u00eds con &quot;Payaso de Rodeo&quot;! - So Close\" \/>\n<meta property=\"og:description\" content=\"\u00a1Los mexicanos somos un desma%#\/! Nada nos para y cuando hay que pasarla bien, nos pintamos solos, aqu\u00ed y en China&#8230; o en Francia. Unos compatriotas visitaron Par\u00eds y mientras daban la vuelta por la ciudad se les ocurri\u00f3 poner el ambiente al puro estilo mexa al ritmo de &#8220;Payaso de Rodeo&#8221;, de Caballo Dorado. Los turistas mexicanos montaron la coreograf\u00eda y se pusieron a bailar cual si fuera fiesta de XV a\u00f1os de colonia popular ante los ojos de todos los que andaban por ah\u00ed. Es sabido que los europeos son medio fr\u00edos, pero al ver que los mexicanos\" \/>\n<meta property=\"og:url\" content=\"https:\/\/soclose.mx\/blog\/tag\/juan-rulfo-frases-mujeres\/\" \/>\n<meta property=\"og:site_name\" content=\"So Close\" \/>\n<meta property=\"article:published_time\" content=\"2022-07-23T00:07:12+00:00\" \/>\n<meta property=\"article:modified_time\" content=\"2022-07-23T00:07:28+00:00\" \/>\n<meta property=\"og:image\" content=\"https:\/\/i0.wp.com\/soclose.mx\/blog\/wp-content\/uploads\/2022\/07\/logan-weaver-lgnwvr-vJlaWLnGcb0-unsplash-scaled.jpg?fit=2560%2C1821&ssl=1\" \/>\n\t<meta property=\"og:image:width\" content=\"2560\" \/>\n\t<meta property=\"og:image:height\" content=\"1821\" \/>\n\t<meta property=\"og:image:type\" content=\"image\/jpeg\" \/>\n<meta name=\"author\" content=\"Daniel Ram\u00edrez\" \/>\n<meta name=\"twitter:card\" content=\"summary_large_image\" \/>\n<meta name=\"twitter:label1\" content=\"Escrito por\" \/>\n\t<meta name=\"twitter:data1\" content=\"Daniel Ram\u00edrez\" \/>\n\t<meta name=\"twitter:label2\" content=\"Tiempo de lectura\" \/>\n\t<meta name=\"twitter:data2\" content=\"1 minuto\" \/>\n<script type=\"application\/ld+json\" class=\"yoast-schema-graph\">{\"@context\":\"https:\/\/schema.org\",\"@graph\":[{\"@type\":\"Article\",\"@id\":\"https:\/\/soclose.mx\/blog\/tag\/juan-rulfo-frases-mujeres\/#article\",\"isPartOf\":{\"@id\":\"https:\/\/soclose.mx\/blog\/tag\/juan-rulfo-frases-mujeres\/\"},\"author\":{\"name\":\"Daniel Ram\u00edrez\",\"@id\":\"https:\/\/soclose.mx\/blog\/#\/schema\/person\/54cd06c3a8cdc01a80c08725278aff88\"},\"headline\":\"Video: \u00a1mexicanos ponen la fiesta en Par\u00eds con &#8220;Payaso de Rodeo&#8221;!\",\"datePublished\":\"2022-07-23T00:07:12+00:00\",\"dateModified\":\"2022-07-23T00:07:28+00:00\",\"mainEntityOfPage\":{\"@id\":\"https:\/\/soclose.mx\/blog\/tag\/juan-rulfo-frases-mujeres\/\"},\"wordCount\":136,\"commentCount\":0,\"publisher\":{\"@id\":\"https:\/\/soclose.mx\/blog\/#organization\"},\"image\":{\"@id\":\"https:\/\/soclose.mx\/blog\/tag\/juan-rulfo-frases-mujeres\/#primaryimage\"},\"thumbnailUrl\":\"https:\/\/i0.wp.com\/soclose.mx\/blog\/wp-content\/uploads\/2022\/07\/logan-weaver-lgnwvr-vJlaWLnGcb0-unsplash-scaled.jpg?fit=2560%2C1821&ssl=1\",\"keywords\":[\"caballo dorado\",\"mexicanos en francia\",\"mexicanos en paris\",\"payaso de rodeo\",\"payaso de rodeo en Paris\",\"turistas mexicanos\"],\"articleSection\":[\"A la mexicana\"],\"inLanguage\":\"es\",\"potentialAction\":[{\"@type\":\"CommentAction\",\"name\":\"Comment\",\"target\":[\"https:\/\/soclose.mx\/blog\/tag\/juan-rulfo-frases-mujeres\/#respond\"]}]},{\"@type\":\"WebPage\",\"@id\":\"https:\/\/soclose.mx\/blog\/tag\/juan-rulfo-frases-mujeres\/\",\"url\":\"https:\/\/soclose.mx\/blog\/tag\/juan-rulfo-frases-mujeres\/\",\"name\":\"Video: \u00a1mexicanos ponen la fiesta en Par\u00eds con \\\"Payaso de Rodeo\\\"! - So Close\",\"isPartOf\":{\"@id\":\"https:\/\/soclose.mx\/blog\/#website\"},\"primaryImageOfPage\":{\"@id\":\"https:\/\/soclose.mx\/blog\/tag\/juan-rulfo-frases-mujeres\/#primaryimage\"},\"image\":{\"@id\":\"https:\/\/soclose.mx\/blog\/tag\/juan-rulfo-frases-mujeres\/#primaryimage\"},\"thumbnailUrl\":\"https:\/\/i0.wp.com\/soclose.mx\/blog\/wp-content\/uploads\/2022\/07\/logan-weaver-lgnwvr-vJlaWLnGcb0-unsplash-scaled.jpg?fit=2560%2C1821&ssl=1\",\"datePublished\":\"2022-07-23T00:07:12+00:00\",\"dateModified\":\"2022-07-23T00:07:28+00:00\",\"breadcrumb\":{\"@id\":\"https:\/\/soclose.mx\/blog\/tag\/juan-rulfo-frases-mujeres\/#breadcrumb\"},\"inLanguage\":\"es\",\"potentialAction\":[{\"@type\":\"ReadAction\",\"target\":[\"https:\/\/soclose.mx\/blog\/tag\/juan-rulfo-frases-mujeres\/\"]}]},{\"@type\":\"ImageObject\",\"inLanguage\":\"es\",\"@id\":\"https:\/\/soclose.mx\/blog\/tag\/juan-rulfo-frases-mujeres\/#primaryimage\",\"url\":\"https:\/\/i0.wp.com\/soclose.mx\/blog\/wp-content\/uploads\/2022\/07\/logan-weaver-lgnwvr-vJlaWLnGcb0-unsplash-scaled.jpg?fit=2560%2C1821&ssl=1\",\"contentUrl\":\"https:\/\/i0.wp.com\/soclose.mx\/blog\/wp-content\/uploads\/2022\/07\/logan-weaver-lgnwvr-vJlaWLnGcb0-unsplash-scaled.jpg?fit=2560%2C1821&ssl=1\",\"width\":2560,\"height\":1821},{\"@type\":\"BreadcrumbList\",\"@id\":\"https:\/\/soclose.mx\/blog\/tag\/juan-rulfo-frases-mujeres\/#breadcrumb\",\"itemListElement\":[{\"@type\":\"ListItem\",\"position\":1,\"name\":\"Inicio\",\"item\":\"https:\/\/soclose.mx\/blog\/\"},{\"@type\":\"ListItem\",\"position\":2,\"name\":\"Video: \u00a1mexicanos ponen la fiesta en Par\u00eds con &#8220;Payaso de Rodeo&#8221;!\"}]},{\"@type\":\"WebSite\",\"@id\":\"https:\/\/soclose.mx\/blog\/#website\",\"url\":\"https:\/\/soclose.mx\/blog\/\",\"name\":\"So Close\",\"description\":\"Hacemos contenidos de M\u00e9xico\",\"publisher\":{\"@id\":\"https:\/\/soclose.mx\/blog\/#organization\"},\"potentialAction\":[{\"@type\":\"SearchAction\",\"target\":{\"@type\":\"EntryPoint\",\"urlTemplate\":\"https:\/\/soclose.mx\/blog\/?s={search_term_string}\"},\"query-input\":{\"@type\":\"PropertyValueSpecification\",\"valueRequired\":true,\"valueName\":\"search_term_string\"}}],\"inLanguage\":\"es\"},{\"@type\":\"Organization\",\"@id\":\"https:\/\/soclose.mx\/blog\/#organization\",\"name\":\"So Close\",\"url\":\"https:\/\/soclose.mx\/blog\/\",\"logo\":{\"@type\":\"ImageObject\",\"inLanguage\":\"es\",\"@id\":\"https:\/\/soclose.mx\/blog\/#\/schema\/logo\/image\/\",\"url\":\"https:\/\/i0.wp.com\/soclose.mx\/blog\/wp-content\/uploads\/2020\/12\/LOGO_SOCLOSE_COLOR-e1608310133507.png?fit=2858%2C1264&ssl=1\",\"contentUrl\":\"https:\/\/i0.wp.com\/soclose.mx\/blog\/wp-content\/uploads\/2020\/12\/LOGO_SOCLOSE_COLOR-e1608310133507.png?fit=2858%2C1264&ssl=1\",\"width\":2858,\"height\":1264,\"caption\":\"So Close\"},\"image\":{\"@id\":\"https:\/\/soclose.mx\/blog\/#\/schema\/logo\/image\/\"}},{\"@type\":\"Person\",\"@id\":\"https:\/\/soclose.mx\/blog\/#\/schema\/person\/54cd06c3a8cdc01a80c08725278aff88\",\"name\":\"Daniel Ram\u00edrez\",\"image\":{\"@type\":\"ImageObject\",\"inLanguage\":\"es\",\"@id\":\"https:\/\/soclose.mx\/blog\/#\/schema\/person\/image\/\",\"url\":\"https:\/\/secure.gravatar.com\/avatar\/74af6012f2e898d2be93cf32e26b59a2c9489743c9ca6270d7848b44edd7d272?s=96&d=mm&r=g\",\"contentUrl\":\"https:\/\/secure.gravatar.com\/avatar\/74af6012f2e898d2be93cf32e26b59a2c9489743c9ca6270d7848b44edd7d272?s=96&d=mm&r=g\",\"caption\":\"Daniel Ram\u00edrez\"},\"url\":\"https:\/\/soclose.mx\/blog\/author\/peter\/\"}]}<\/script>\n<!-- \/ Yoast SEO plugin. -->","yoast_head_json":{"title":"Video: \u00a1mexicanos ponen la fiesta en Par\u00eds con \"Payaso de Rodeo\"! - So Close","robots":{"index":"index","follow":"follow","max-snippet":"max-snippet:-1","max-image-preview":"max-image-preview:large","max-video-preview":"max-video-preview:-1"},"canonical":"https:\/\/soclose.mx\/blog\/tag\/juan-rulfo-frases-mujeres\/","og_locale":"es_MX","og_type":"article","og_title":"Video: \u00a1mexicanos ponen la fiesta en Par\u00eds con \"Payaso de Rodeo\"! - So Close","og_description":"\u00a1Los mexicanos somos un desma%#\/! Nada nos para y cuando hay que pasarla bien, nos pintamos solos, aqu\u00ed y en China&#8230; o en Francia. Unos compatriotas visitaron Par\u00eds y mientras daban la vuelta por la ciudad se les ocurri\u00f3 poner el ambiente al puro estilo mexa al ritmo de &#8220;Payaso de Rodeo&#8221;, de Caballo Dorado. Los turistas mexicanos montaron la coreograf\u00eda y se pusieron a bailar cual si fuera fiesta de XV a\u00f1os de colonia popular ante los ojos de todos los que andaban por ah\u00ed. Es sabido que los europeos son medio fr\u00edos, pero al ver que los mexicanos","og_url":"https:\/\/soclose.mx\/blog\/tag\/juan-rulfo-frases-mujeres\/","og_site_name":"So Close","article_published_time":"2022-07-23T00:07:12+00:00","article_modified_time":"2022-07-23T00:07:28+00:00","og_image":[{"width":2560,"height":1821,"url":"https:\/\/i0.wp.com\/soclose.mx\/blog\/wp-content\/uploads\/2022\/07\/logan-weaver-lgnwvr-vJlaWLnGcb0-unsplash-scaled.jpg?fit=2560%2C1821&ssl=1","type":"image\/jpeg"}],"author":"Daniel Ram\u00edrez","twitter_card":"summary_large_image","twitter_misc":{"Escrito por":"Daniel Ram\u00edrez","Tiempo de lectura":"1 minuto"},"schema":{"@context":"https:\/\/schema.org","@graph":[{"@type":"Article","@id":"https:\/\/soclose.mx\/blog\/tag\/juan-rulfo-frases-mujeres\/#article","isPartOf":{"@id":"https:\/\/soclose.mx\/blog\/tag\/juan-rulfo-frases-mujeres\/"},"author":{"name":"Daniel Ram\u00edrez","@id":"https:\/\/soclose.mx\/blog\/#\/schema\/person\/54cd06c3a8cdc01a80c08725278aff88"},"headline":"Video: \u00a1mexicanos ponen la fiesta en Par\u00eds con &#8220;Payaso de Rodeo&#8221;!","datePublished":"2022-07-23T00:07:12+00:00","dateModified":"2022-07-23T00:07:28+00:00","mainEntityOfPage":{"@id":"https:\/\/soclose.mx\/blog\/tag\/juan-rulfo-frases-mujeres\/"},"wordCount":136,"commentCount":0,"publisher":{"@id":"https:\/\/soclose.mx\/blog\/#organization"},"image":{"@id":"https:\/\/soclose.mx\/blog\/tag\/juan-rulfo-frases-mujeres\/#primaryimage"},"thumbnailUrl":"https:\/\/i0.wp.com\/soclose.mx\/blog\/wp-content\/uploads\/2022\/07\/logan-weaver-lgnwvr-vJlaWLnGcb0-unsplash-scaled.jpg?fit=2560%2C1821&ssl=1","keywords":["caballo dorado","mexicanos en francia","mexicanos en paris","payaso de rodeo","payaso de rodeo en Paris","turistas mexicanos"],"articleSection":["A la mexicana"],"inLanguage":"es","potentialAction":[{"@type":"CommentAction","name":"Comment","target":["https:\/\/soclose.mx\/blog\/tag\/juan-rulfo-frases-mujeres\/#respond"]}]},{"@type":"WebPage","@id":"https:\/\/soclose.mx\/blog\/tag\/juan-rulfo-frases-mujeres\/","url":"https:\/\/soclose.mx\/blog\/tag\/juan-rulfo-frases-mujeres\/","name":"Video: \u00a1mexicanos ponen la fiesta en Par\u00eds con \"Payaso de Rodeo\"! - So Close","isPartOf":{"@id":"https:\/\/soclose.mx\/blog\/#website"},"primaryImageOfPage":{"@id":"https:\/\/soclose.mx\/blog\/tag\/juan-rulfo-frases-mujeres\/#primaryimage"},"image":{"@id":"https:\/\/soclose.mx\/blog\/tag\/juan-rulfo-frases-mujeres\/#primaryimage"},"thumbnailUrl":"https:\/\/i0.wp.com\/soclose.mx\/blog\/wp-content\/uploads\/2022\/07\/logan-weaver-lgnwvr-vJlaWLnGcb0-unsplash-scaled.jpg?fit=2560%2C1821&ssl=1","datePublished":"2022-07-23T00:07:12+00:00","dateModified":"2022-07-23T00:07:28+00:00","breadcrumb":{"@id":"https:\/\/soclose.mx\/blog\/tag\/juan-rulfo-frases-mujeres\/#breadcrumb"},"inLanguage":"es","potentialAction":[{"@type":"ReadAction","target":["https:\/\/soclose.mx\/blog\/tag\/juan-rulfo-frases-mujeres\/"]}]},{"@type":"ImageObject","inLanguage":"es","@id":"https:\/\/soclose.mx\/blog\/tag\/juan-rulfo-frases-mujeres\/#primaryimage","url":"https:\/\/i0.wp.com\/soclose.mx\/blog\/wp-content\/uploads\/2022\/07\/logan-weaver-lgnwvr-vJlaWLnGcb0-unsplash-scaled.jpg?fit=2560%2C1821&ssl=1","contentUrl":"https:\/\/i0.wp.com\/soclose.mx\/blog\/wp-content\/uploads\/2022\/07\/logan-weaver-lgnwvr-vJlaWLnGcb0-unsplash-scaled.jpg?fit=2560%2C1821&ssl=1","width":2560,"height":1821},{"@type":"BreadcrumbList","@id":"https:\/\/soclose.mx\/blog\/tag\/juan-rulfo-frases-mujeres\/#breadcrumb","itemListElement":[{"@type":"ListItem","position":1,"name":"Inicio","item":"https:\/\/soclose.mx\/blog\/"},{"@type":"ListItem","position":2,"name":"Video: \u00a1mexicanos ponen la fiesta en Par\u00eds con &#8220;Payaso de Rodeo&#8221;!"}]},{"@type":"WebSite","@id":"https:\/\/soclose.mx\/blog\/#website","url":"https:\/\/soclose.mx\/blog\/","name":"So Close","description":"Hacemos contenidos de M\u00e9xico","publisher":{"@id":"https:\/\/soclose.mx\/blog\/#organization"},"potentialAction":[{"@type":"SearchAction","target":{"@type":"EntryPoint","urlTemplate":"https:\/\/soclose.mx\/blog\/?s={search_term_string}"},"query-input":{"@type":"PropertyValueSpecification","valueRequired":true,"valueName":"search_term_string"}}],"inLanguage":"es"},{"@type":"Organization","@id":"https:\/\/soclose.mx\/blog\/#organization","name":"So Close","url":"https:\/\/soclose.mx\/blog\/","logo":{"@type":"ImageObject","inLanguage":"es","@id":"https:\/\/soclose.mx\/blog\/#\/schema\/logo\/image\/","url":"https:\/\/i0.wp.com\/soclose.mx\/blog\/wp-content\/uploads\/2020\/12\/LOGO_SOCLOSE_COLOR-e1608310133507.png?fit=2858%2C1264&ssl=1","contentUrl":"https:\/\/i0.wp.com\/soclose.mx\/blog\/wp-content\/uploads\/2020\/12\/LOGO_SOCLOSE_COLOR-e1608310133507.png?fit=2858%2C1264&ssl=1","width":2858,"height":1264,"caption":"So Close"},"image":{"@id":"https:\/\/soclose.mx\/blog\/#\/schema\/logo\/image\/"}},{"@type":"Person","@id":"https:\/\/soclose.mx\/blog\/#\/schema\/person\/54cd06c3a8cdc01a80c08725278aff88","name":"Daniel Ram\u00edrez","image":{"@type":"ImageObject","inLanguage":"es","@id":"https:\/\/soclose.mx\/blog\/#\/schema\/person\/image\/","url":"https:\/\/secure.gravatar.com\/avatar\/74af6012f2e898d2be93cf32e26b59a2c9489743c9ca6270d7848b44edd7d272?s=96&d=mm&r=g","contentUrl":"https:\/\/secure.gravatar.com\/avatar\/74af6012f2e898d2be93cf32e26b59a2c9489743c9ca6270d7848b44edd7d272?s=96&d=mm&r=g","caption":"Daniel Ram\u00edrez"},"url":"https:\/\/soclose.mx\/blog\/author\/peter\/"}]}},"jetpack_featured_media_url":"https:\/\/i0.wp.com\/soclose.mx\/blog\/wp-content\/uploads\/2022\/07\/logan-weaver-lgnwvr-vJlaWLnGcb0-unsplash-scaled.jpg?fit=2560%2C1821&ssl=1","jetpack-related-posts":[{"id":12037,"url":"https:\/\/soclose.mx\/blog\/a-la-mexicana\/independencia-mexico-asi-se-festeja-otros-paises\/","url_meta":{"origin":10686,"position":0},"title":"As\u00ed festejan en otros pa\u00edses la Independencia de M\u00e9xico","author":"Emmanuel Oviedo","date":"10 septiembre, 2023","format":false,"excerpt":"M\u00e9xico, no es el \u00fanico que se viste de verde, blanco y rojo cuando festejamos la Independencia. En la casa, las comidas t\u00edpicas, y en los cielos la pirotecnia despu\u00e9s del famoso \"Grito\" en el Z\u00f3calo Capitalino. Pero tambi\u00e9n, fuera de nuestras casas y de nuestro territorio nacional, otros pa\u00edses\u2026","rel":"","context":"En &quot;A la mexicana&quot;","block_context":{"text":"A la mexicana","link":"https:\/\/soclose.mx\/blog\/category\/a-la-mexicana\/"},"img":{"alt_text":"Independencia de M\u00e9xico Como celebran otros pa\u00edses","src":"https:\/\/i0.wp.com\/soclose.mx\/blog\/wp-content\/uploads\/2023\/07\/Independencia-de-Mexico-como-celebran-otros-paises.jpg?fit=1200%2C702&ssl=1&resize=350%2C200","width":350,"height":200,"srcset":"https:\/\/i0.wp.com\/soclose.mx\/blog\/wp-content\/uploads\/2023\/07\/Independencia-de-Mexico-como-celebran-otros-paises.jpg?fit=1200%2C702&ssl=1&resize=350%2C200 1x, https:\/\/i0.wp.com\/soclose.mx\/blog\/wp-content\/uploads\/2023\/07\/Independencia-de-Mexico-como-celebran-otros-paises.jpg?fit=1200%2C702&ssl=1&resize=525%2C300 1.5x, https:\/\/i0.wp.com\/soclose.mx\/blog\/wp-content\/uploads\/2023\/07\/Independencia-de-Mexico-como-celebran-otros-paises.jpg?fit=1200%2C702&ssl=1&resize=700%2C400 2x, https:\/\/i0.wp.com\/soclose.mx\/blog\/wp-content\/uploads\/2023\/07\/Independencia-de-Mexico-como-celebran-otros-paises.jpg?fit=1200%2C702&ssl=1&resize=1050%2C600 3x"},"classes":[]},{"id":14297,"url":"https:\/\/soclose.mx\/blog\/a-la-mexicana\/quien-era-el-kompayaso-y-por-que-se-llamaba-asi\/","url_meta":{"origin":10686,"position":1},"title":"\u00bfQui\u00e9n era el Kompayaso? \u00bfy por qu\u00e9 se llamaba as\u00ed?","author":"So Close","date":"18 octubre, 2024","format":false,"excerpt":"\u00bfQui\u00e9n era el Kompayaso?, cuyo nombre real es Eleazar del Valle, fue un ic\u00f3nico comediante mexicano que dej\u00f3 una huella significativa en el mundo del entretenimiento. Naci\u00f3 en Tulancingo, Hidalgo, y se destac\u00f3 por su estilo irreverente y su capacidad para conectar con el p\u00fablico a trav\u00e9s de la comedia.\u2026","rel":"","context":"En &quot;A la mexicana&quot;","block_context":{"text":"A la mexicana","link":"https:\/\/soclose.mx\/blog\/category\/a-la-mexicana\/"},"img":{"alt_text":"Comediante Kompa Yaso","src":"https:\/\/i0.wp.com\/soclose.mx\/blog\/wp-content\/uploads\/2024\/10\/Fotos-notas-So-Close-home-10.jpg?fit=1200%2C675&ssl=1&resize=350%2C200","width":350,"height":200,"srcset":"https:\/\/i0.wp.com\/soclose.mx\/blog\/wp-content\/uploads\/2024\/10\/Fotos-notas-So-Close-home-10.jpg?fit=1200%2C675&ssl=1&resize=350%2C200 1x, https:\/\/i0.wp.com\/soclose.mx\/blog\/wp-content\/uploads\/2024\/10\/Fotos-notas-So-Close-home-10.jpg?fit=1200%2C675&ssl=1&resize=525%2C300 1.5x, https:\/\/i0.wp.com\/soclose.mx\/blog\/wp-content\/uploads\/2024\/10\/Fotos-notas-So-Close-home-10.jpg?fit=1200%2C675&ssl=1&resize=700%2C400 2x, https:\/\/i0.wp.com\/soclose.mx\/blog\/wp-content\/uploads\/2024\/10\/Fotos-notas-So-Close-home-10.jpg?fit=1200%2C675&ssl=1&resize=1050%2C600 3x"},"classes":[]},{"id":14013,"url":"https:\/\/soclose.mx\/blog\/a-la-mexicana\/lugares-en-el-mundo-donde-se-festeja-la-independencia-de-mexico\/","url_meta":{"origin":10686,"position":2},"title":"Lugares en el mundo donde se festeja La Independencia de M\u00e9xico","author":"So Close","date":"12 septiembre, 2024","format":false,"excerpt":"El 15 de septiembre es una fecha muy significativa para los mexicanos, ya que marca el inicio de las celebraciones por la Independencia de M\u00e9xico. Esta festividad no solo se vive en el pa\u00eds, sino que tambi\u00e9n se celebra en diversas comunidades alrededor del mundo. A continuaci\u00f3n, exploramos algunos de\u2026","rel":"","context":"En &quot;A la mexicana&quot;","block_context":{"text":"A la mexicana","link":"https:\/\/soclose.mx\/blog\/category\/a-la-mexicana\/"},"img":{"alt_text":"zocalo-cdmx","src":"https:\/\/i0.wp.com\/soclose.mx\/blog\/wp-content\/uploads\/2024\/09\/zocalo-cdmx.jpg?fit=1200%2C675&ssl=1&resize=350%2C200","width":350,"height":200,"srcset":"https:\/\/i0.wp.com\/soclose.mx\/blog\/wp-content\/uploads\/2024\/09\/zocalo-cdmx.jpg?fit=1200%2C675&ssl=1&resize=350%2C200 1x, https:\/\/i0.wp.com\/soclose.mx\/blog\/wp-content\/uploads\/2024\/09\/zocalo-cdmx.jpg?fit=1200%2C675&ssl=1&resize=525%2C300 1.5x, https:\/\/i0.wp.com\/soclose.mx\/blog\/wp-content\/uploads\/2024\/09\/zocalo-cdmx.jpg?fit=1200%2C675&ssl=1&resize=700%2C400 2x, https:\/\/i0.wp.com\/soclose.mx\/blog\/wp-content\/uploads\/2024\/09\/zocalo-cdmx.jpg?fit=1200%2C675&ssl=1&resize=1050%2C600 3x"},"classes":[]},{"id":13767,"url":"https:\/\/soclose.mx\/blog\/news-feed\/mexicanos-que-nos-representaran-en-los-juegos-olimpicos-paris-2024\/","url_meta":{"origin":10686,"position":3},"title":"Mexicanos que nos representar\u00e1n en los Juegos Ol\u00edmpicos Par\u00eds 2024","author":"So Close","date":"22 julio, 2024","format":false,"excerpt":"La llama ol\u00edmpica est\u00e1 a punto de encenderse en la Ciudad Luz, y la emoci\u00f3n por conocer a los mexicanos que nos representar\u00e1n en los Juegos Ol\u00edmpicos Par\u00eds 2024 crece con cada d\u00eda que pasa. M\u00e1s de 10 mil atletas de todo el mundo se preparan para competir en 306\u2026","rel":"","context":"En &quot;News feed&quot;","block_context":{"text":"News feed","link":"https:\/\/soclose.mx\/blog\/category\/news-feed\/"},"img":{"alt_text":"Atletas mexicanos en Juegos Ol\u00edmpicos Par\u00eds 2024","src":"https:\/\/i0.wp.com\/soclose.mx\/blog\/wp-content\/uploads\/2024\/07\/mexicanos-olimpicos-paris2024.jpg?fit=1148%2C786&ssl=1&resize=350%2C200","width":350,"height":200,"srcset":"https:\/\/i0.wp.com\/soclose.mx\/blog\/wp-content\/uploads\/2024\/07\/mexicanos-olimpicos-paris2024.jpg?fit=1148%2C786&ssl=1&resize=350%2C200 1x, https:\/\/i0.wp.com\/soclose.mx\/blog\/wp-content\/uploads\/2024\/07\/mexicanos-olimpicos-paris2024.jpg?fit=1148%2C786&ssl=1&resize=525%2C300 1.5x, https:\/\/i0.wp.com\/soclose.mx\/blog\/wp-content\/uploads\/2024\/07\/mexicanos-olimpicos-paris2024.jpg?fit=1148%2C786&ssl=1&resize=700%2C400 2x, https:\/\/i0.wp.com\/soclose.mx\/blog\/wp-content\/uploads\/2024\/07\/mexicanos-olimpicos-paris2024.jpg?fit=1148%2C786&ssl=1&resize=1050%2C600 3x"},"classes":[]},{"id":9128,"url":"https:\/\/soclose.mx\/blog\/a-la-mexicana\/porfirio-diaz-tiene-una-avenida-con-su-nombre-en-francia\/","url_meta":{"origin":10686,"position":4},"title":"Porfirio D\u00edaz tiene una avenida con su nombre&#8230; \u00bfen Francia?","author":"Miguel Angel Romero","date":"1 marzo, 2022","format":false,"excerpt":"As\u00ed es, por muy raro que parezca, tras ser exiliado de M\u00e9xico, Porfirio D\u00edaz vivi\u00f3 sus \u00faltimos a\u00f1os en Francia, en este tiempo pas\u00f3 de ser considerado un h\u00e9roe tras luchar con los franceses a ser uno de los villanos, pero esto no impidi\u00f3 que en una localidad francesa se\u2026","rel":"","context":"En &quot;A la mexicana&quot;","block_context":{"text":"A la mexicana","link":"https:\/\/soclose.mx\/blog\/category\/a-la-mexicana\/"},"img":{"alt_text":"","src":"https:\/\/i0.wp.com\/soclose.mx\/blog\/wp-content\/uploads\/2022\/02\/Copia-de-Principal-So-Close-blog-1-13.png?fit=1200%2C677&ssl=1&resize=350%2C200","width":350,"height":200,"srcset":"https:\/\/i0.wp.com\/soclose.mx\/blog\/wp-content\/uploads\/2022\/02\/Copia-de-Principal-So-Close-blog-1-13.png?fit=1200%2C677&ssl=1&resize=350%2C200 1x, https:\/\/i0.wp.com\/soclose.mx\/blog\/wp-content\/uploads\/2022\/02\/Copia-de-Principal-So-Close-blog-1-13.png?fit=1200%2C677&ssl=1&resize=525%2C300 1.5x, https:\/\/i0.wp.com\/soclose.mx\/blog\/wp-content\/uploads\/2022\/02\/Copia-de-Principal-So-Close-blog-1-13.png?fit=1200%2C677&ssl=1&resize=700%2C400 2x, https:\/\/i0.wp.com\/soclose.mx\/blog\/wp-content\/uploads\/2022\/02\/Copia-de-Principal-So-Close-blog-1-13.png?fit=1200%2C677&ssl=1&resize=1050%2C600 3x"},"classes":[]},{"id":7251,"url":"https:\/\/soclose.mx\/blog\/news-feed\/lanzate-al-tianguis-de-pulque-cerveza-y-lucha-libre-en-tlatelolco\/","url_meta":{"origin":10686,"position":5},"title":"\u00a1L\u00e1nzate al tianguis de pulque, cerveza y lucha libre en Tlatelolco!","author":"Miguel Angel Romero","date":"16 septiembre, 2021","format":false,"excerpt":"Qu\u00e9 mejor manera de cerrar una semana muy mexicana que con el tianguis del Pulque y la Cerveza 2021, el festival que se llevar\u00e1 a cabo este s\u00e1bado 18 y domingo 19 de septiembre, en el Centro de Convenciones de Tlatelolco. El evento se realizar\u00e1 un espacio grande para que\u2026","rel":"","context":"En &quot;News feed&quot;","block_context":{"text":"News feed","link":"https:\/\/soclose.mx\/blog\/category\/news-feed\/"},"img":{"alt_text":"","src":"https:\/\/i0.wp.com\/soclose.mx\/blog\/wp-content\/uploads\/2021\/09\/Principal-So-Close-blog-18.jpg?fit=1200%2C677&ssl=1&resize=350%2C200","width":350,"height":200,"srcset":"https:\/\/i0.wp.com\/soclose.mx\/blog\/wp-content\/uploads\/2021\/09\/Principal-So-Close-blog-18.jpg?fit=1200%2C677&ssl=1&resize=350%2C200 1x, https:\/\/i0.wp.com\/soclose.mx\/blog\/wp-content\/uploads\/2021\/09\/Principal-So-Close-blog-18.jpg?fit=1200%2C677&ssl=1&resize=525%2C300 1.5x, https:\/\/i0.wp.com\/soclose.mx\/blog\/wp-content\/uploads\/2021\/09\/Principal-So-Close-blog-18.jpg?fit=1200%2C677&ssl=1&resize=700%2C400 2x, https:\/\/i0.wp.com\/soclose.mx\/blog\/wp-content\/uploads\/2021\/09\/Principal-So-Close-blog-18.jpg?fit=1200%2C677&ssl=1&resize=1050%2C600 3x"},"classes":[]}],"jetpack_sharing_enabled":true,"_links":{"self":[{"href":"https:\/\/soclose.mx\/blog\/wp-json\/wp\/v2\/posts\/10686","targetHints":{"allow":["GET"]}}],"collection":[{"href":"https:\/\/soclose.mx\/blog\/wp-json\/wp\/v2\/posts"}],"about":[{"href":"https:\/\/soclose.mx\/blog\/wp-json\/wp\/v2\/types\/post"}],"author":[{"embeddable":true,"href":"https:\/\/soclose.mx\/blog\/wp-json\/wp\/v2\/users\/9"}],"replies":[{"embeddable":true,"href":"https:\/\/soclose.mx\/blog\/wp-json\/wp\/v2\/comments?post=10686"}],"version-history":[{"count":0,"href":"https:\/\/soclose.mx\/blog\/wp-json\/wp\/v2\/posts\/10686\/revisions"}],"wp:featuredmedia":[{"embeddable":true,"href":"https:\/\/soclose.mx\/blog\/wp-json\/wp\/v2\/media\/10687"}],"wp:attachment":[{"href":"https:\/\/soclose.mx\/blog\/wp-json\/wp\/v2\/media?parent=10686"}],"wp:term":[{"taxonomy":"category","embeddable":true,"href":"https:\/\/soclose.mx\/blog\/wp-json\/wp\/v2\/categories?post=10686"},{"taxonomy":"post_tag","embeddable":true,"href":"https:\/\/soclose.mx\/blog\/wp-json\/wp\/v2\/tags?post=10686"}],"curies":[{"name":"wp","href":"https:\/\/api.w.org\/{rel}","templated":true}]}}