{"id":10691,"date":"2022-07-22T19:38:52","date_gmt":"2022-07-23T00:38:52","guid":{"rendered":"https:\/\/soclose.mx\/blog\/?p=10691"},"modified":"2022-12-12T11:37:48","modified_gmt":"2022-12-12T17:37:48","slug":"saxofonista-oaxaquena-maria-elena-rios-entre-las-100-mujeres-mas-poderosas-de-mexico","status":"publish","type":"post","link":"https:\/\/soclose.mx\/blog\/ay-goeeee\/saxofonista-oaxaquena-maria-elena-rios-entre-las-100-mujeres-mas-poderosas-de-mexico\/","title":{"rendered":"Saxofonista oaxaque\u00f1a Mar\u00eda Elena R\u00edos, entre las 100 mujeres m\u00e1s poderosas de M\u00e9xico"},"content":{"rendered":"<p>&#8220;Me siento contenta, porque este tipo de publicaciones siempre han sido espacio para mujeres blancas. Me siento contenta porque yo no pertenezco a esa \u00e9lite&#8221;, fueron las palabras de <strong>Mar\u00eda Elena R\u00edos a El Universal.<\/strong><\/p>\n<p>Estas palabras fueron tras enterarse de su inclusi\u00f3n en la lista de las<strong> 100 Mujeres m\u00e1s Poderosas de M\u00e9xico seg\u00fan Forbes,<\/strong> gracias a su labor social y pasi\u00f3n por el saxof\u00f3n.<\/p>\n<p>Mar\u00eda naci\u00f3 en la<a href=\"https:\/\/soclose.mx\/blog\/a-la-mexicana\/mexicanos-raramuris-la-sensacion-en-el-ultramaraton-de-la-republica-checa\/\"> Mixteca Oaxaque\u00f1a<\/a> y su historia de superaci\u00f3n ha sido incre\u00edble. Sufri\u00f3 un atentado con \u00e1cido que casi le cuesta la vida en 2019 y tras ese incidente, se ha convertido en una impulsora de los derechos de la mujer.<\/p>\n<p>Volvi\u00f3 los escenarios en 2022 convirti\u00e9ndose en la inspiraci\u00f3n y motivaci\u00f3n de muchas mujeres, principalmente, de la mano de su coraz\u00f3n que ella misma cataloga como una de las mejores armas que tiene.<\/p>\n<p>Haber sido parte de esta lista es un logro de todas las mujeres, no solo de ella, y es algo que la emociona: &#8220;&#8230;se tiene que mencionar solo a 100 en la lista,\u00a0 pero el nombre de una es la lucha de muchas&#8230;&#8221;, expres\u00f3 al medio.<\/p>\n<p><img data-recalc-dims=\"1\" decoding=\"async\" class=\"alignnone size-medium wp-image-10693\" src=\"https:\/\/i0.wp.com\/soclose.mx\/blog\/wp-content\/uploads\/2022\/07\/maria-elena-300x111.jpg?resize=300%2C111&#038;ssl=1\" alt=\"\" width=\"300\" height=\"111\" srcset=\"https:\/\/i0.wp.com\/soclose.mx\/blog\/wp-content\/uploads\/2022\/07\/maria-elena.jpg?resize=300%2C111&amp;ssl=1 300w, https:\/\/i0.wp.com\/soclose.mx\/blog\/wp-content\/uploads\/2022\/07\/maria-elena.jpg?resize=585%2C217&amp;ssl=1 585w, https:\/\/i0.wp.com\/soclose.mx\/blog\/wp-content\/uploads\/2022\/07\/maria-elena.jpg?w=750&amp;ssl=1 750w\" sizes=\"(max-width: 300px) 100vw, 300px\" \/><\/p>\n","protected":false},"excerpt":{"rendered":"<p>&#8220;Me siento contenta, porque este tipo de publicaciones siempre han sido espacio para mujeres blancas. Me siento contenta porque yo no pertenezco a esa \u00e9lite&#8221;, fueron las palabras de Mar\u00eda Elena R\u00edos a El Universal. Estas palabras fueron tras enterarse de su inclusi\u00f3n en la lista de las 100 Mujeres m\u00e1s Poderosas de M\u00e9xico seg\u00fan Forbes, gracias a su labor social y pasi\u00f3n por el saxof\u00f3n. Mar\u00eda naci\u00f3 en la Mixteca Oaxaque\u00f1a y su historia de superaci\u00f3n ha sido incre\u00edble. Sufri\u00f3 un atentado con \u00e1cido que casi le cuesta la vida en 2019 y tras ese incidente, se ha convertido<\/p>\n","protected":false},"author":9,"featured_media":10692,"comment_status":"open","ping_status":"open","sticky":false,"template":"","format":"standard","meta":{"_jetpack_memberships_contains_paid_content":false,"footnotes":""},"categories":[1],"tags":[2604,2601,1135,2600,2602,2603],"class_list":["post-10691","post","type-post","status-publish","format-standard","has-post-thumbnail","hentry","category-ay-goeeee","tag-100-mujeres-poderosas-de-mexico","tag-el-universal","tag-forbes","tag-maria-elena-rios","tag-saxofonista","tag-saxofonista-mexicana"],"yoast_head":"<!-- This site is optimized with the Yoast SEO plugin v26.7 - https:\/\/yoast.com\/wordpress\/plugins\/seo\/ -->\n<title>Saxofonista oaxaque\u00f1a Mar\u00eda Elena R\u00edos, entre las 100 mujeres m\u00e1s poderosas de M\u00e9xico - So Close<\/title>\n<meta name=\"robots\" content=\"index, follow, max-snippet:-1, max-image-preview:large, max-video-preview:-1\" \/>\n<link rel=\"canonical\" href=\"https:\/\/soclose.mx\/blog\/tag\/juan-rulfo-frases-mujeres\/\" \/>\n<meta property=\"og:locale\" content=\"es_MX\" \/>\n<meta property=\"og:type\" content=\"article\" \/>\n<meta property=\"og:title\" content=\"Saxofonista oaxaque\u00f1a Mar\u00eda Elena R\u00edos, entre las 100 mujeres m\u00e1s poderosas de M\u00e9xico - So Close\" \/>\n<meta property=\"og:description\" content=\"&#8220;Me siento contenta, porque este tipo de publicaciones siempre han sido espacio para mujeres blancas. Me siento contenta porque yo no pertenezco a esa \u00e9lite&#8221;, fueron las palabras de Mar\u00eda Elena R\u00edos a El Universal. Estas palabras fueron tras enterarse de su inclusi\u00f3n en la lista de las 100 Mujeres m\u00e1s Poderosas de M\u00e9xico seg\u00fan Forbes, gracias a su labor social y pasi\u00f3n por el saxof\u00f3n. Mar\u00eda naci\u00f3 en la Mixteca Oaxaque\u00f1a y su historia de superaci\u00f3n ha sido incre\u00edble. Sufri\u00f3 un atentado con \u00e1cido que casi le cuesta la vida en 2019 y tras ese incidente, se ha convertido\" \/>\n<meta property=\"og:url\" content=\"https:\/\/soclose.mx\/blog\/tag\/juan-rulfo-frases-mujeres\/\" \/>\n<meta property=\"og:site_name\" content=\"So Close\" \/>\n<meta property=\"article:published_time\" content=\"2022-07-23T00:38:52+00:00\" \/>\n<meta property=\"article:modified_time\" content=\"2022-12-12T17:37:48+00:00\" \/>\n<meta property=\"og:image\" content=\"https:\/\/i0.wp.com\/soclose.mx\/blog\/wp-content\/uploads\/2022\/07\/pexels-cottonbro-4709829-scaled.jpg?fit=2560%2C1706&ssl=1\" \/>\n\t<meta property=\"og:image:width\" content=\"2560\" \/>\n\t<meta property=\"og:image:height\" content=\"1706\" \/>\n\t<meta property=\"og:image:type\" content=\"image\/jpeg\" \/>\n<meta name=\"author\" content=\"Daniel Ram\u00edrez\" \/>\n<meta name=\"twitter:card\" content=\"summary_large_image\" \/>\n<meta name=\"twitter:label1\" content=\"Escrito por\" \/>\n\t<meta name=\"twitter:data1\" content=\"Daniel Ram\u00edrez\" \/>\n\t<meta name=\"twitter:label2\" content=\"Tiempo de lectura\" \/>\n\t<meta name=\"twitter:data2\" content=\"1 minuto\" \/>\n<script type=\"application\/ld+json\" class=\"yoast-schema-graph\">{\"@context\":\"https:\/\/schema.org\",\"@graph\":[{\"@type\":\"Article\",\"@id\":\"https:\/\/soclose.mx\/blog\/tag\/juan-rulfo-frases-mujeres\/#article\",\"isPartOf\":{\"@id\":\"https:\/\/soclose.mx\/blog\/tag\/juan-rulfo-frases-mujeres\/\"},\"author\":{\"name\":\"Daniel Ram\u00edrez\",\"@id\":\"https:\/\/soclose.mx\/blog\/#\/schema\/person\/54cd06c3a8cdc01a80c08725278aff88\"},\"headline\":\"Saxofonista oaxaque\u00f1a Mar\u00eda Elena R\u00edos, entre las 100 mujeres m\u00e1s poderosas de M\u00e9xico\",\"datePublished\":\"2022-07-23T00:38:52+00:00\",\"dateModified\":\"2022-12-12T17:37:48+00:00\",\"mainEntityOfPage\":{\"@id\":\"https:\/\/soclose.mx\/blog\/tag\/juan-rulfo-frases-mujeres\/\"},\"wordCount\":217,\"commentCount\":0,\"publisher\":{\"@id\":\"https:\/\/soclose.mx\/blog\/#organization\"},\"image\":{\"@id\":\"https:\/\/soclose.mx\/blog\/tag\/juan-rulfo-frases-mujeres\/#primaryimage\"},\"thumbnailUrl\":\"https:\/\/i0.wp.com\/soclose.mx\/blog\/wp-content\/uploads\/2022\/07\/pexels-cottonbro-4709829-scaled.jpg?fit=2560%2C1706&ssl=1\",\"keywords\":[\"100 mujeres poderosas de mexico\",\"El Universal.\",\"forbes\",\"Mar\u00eda Elena R\u00edos\",\"saxofonista\",\"saxofonista mexicana\"],\"articleSection\":[\"\u00a1Ay goeeee!\"],\"inLanguage\":\"es\",\"potentialAction\":[{\"@type\":\"CommentAction\",\"name\":\"Comment\",\"target\":[\"https:\/\/soclose.mx\/blog\/tag\/juan-rulfo-frases-mujeres\/#respond\"]}]},{\"@type\":\"WebPage\",\"@id\":\"https:\/\/soclose.mx\/blog\/tag\/juan-rulfo-frases-mujeres\/\",\"url\":\"https:\/\/soclose.mx\/blog\/tag\/juan-rulfo-frases-mujeres\/\",\"name\":\"Saxofonista oaxaque\u00f1a Mar\u00eda Elena R\u00edos, entre las 100 mujeres m\u00e1s poderosas de M\u00e9xico - So Close\",\"isPartOf\":{\"@id\":\"https:\/\/soclose.mx\/blog\/#website\"},\"primaryImageOfPage\":{\"@id\":\"https:\/\/soclose.mx\/blog\/tag\/juan-rulfo-frases-mujeres\/#primaryimage\"},\"image\":{\"@id\":\"https:\/\/soclose.mx\/blog\/tag\/juan-rulfo-frases-mujeres\/#primaryimage\"},\"thumbnailUrl\":\"https:\/\/i0.wp.com\/soclose.mx\/blog\/wp-content\/uploads\/2022\/07\/pexels-cottonbro-4709829-scaled.jpg?fit=2560%2C1706&ssl=1\",\"datePublished\":\"2022-07-23T00:38:52+00:00\",\"dateModified\":\"2022-12-12T17:37:48+00:00\",\"breadcrumb\":{\"@id\":\"https:\/\/soclose.mx\/blog\/tag\/juan-rulfo-frases-mujeres\/#breadcrumb\"},\"inLanguage\":\"es\",\"potentialAction\":[{\"@type\":\"ReadAction\",\"target\":[\"https:\/\/soclose.mx\/blog\/tag\/juan-rulfo-frases-mujeres\/\"]}]},{\"@type\":\"ImageObject\",\"inLanguage\":\"es\",\"@id\":\"https:\/\/soclose.mx\/blog\/tag\/juan-rulfo-frases-mujeres\/#primaryimage\",\"url\":\"https:\/\/i0.wp.com\/soclose.mx\/blog\/wp-content\/uploads\/2022\/07\/pexels-cottonbro-4709829-scaled.jpg?fit=2560%2C1706&ssl=1\",\"contentUrl\":\"https:\/\/i0.wp.com\/soclose.mx\/blog\/wp-content\/uploads\/2022\/07\/pexels-cottonbro-4709829-scaled.jpg?fit=2560%2C1706&ssl=1\",\"width\":2560,\"height\":1706},{\"@type\":\"BreadcrumbList\",\"@id\":\"https:\/\/soclose.mx\/blog\/tag\/juan-rulfo-frases-mujeres\/#breadcrumb\",\"itemListElement\":[{\"@type\":\"ListItem\",\"position\":1,\"name\":\"Inicio\",\"item\":\"https:\/\/soclose.mx\/blog\/\"},{\"@type\":\"ListItem\",\"position\":2,\"name\":\"Saxofonista oaxaque\u00f1a Mar\u00eda Elena R\u00edos, entre las 100 mujeres m\u00e1s poderosas de M\u00e9xico\"}]},{\"@type\":\"WebSite\",\"@id\":\"https:\/\/soclose.mx\/blog\/#website\",\"url\":\"https:\/\/soclose.mx\/blog\/\",\"name\":\"So Close\",\"description\":\"Hacemos contenidos de M\u00e9xico\",\"publisher\":{\"@id\":\"https:\/\/soclose.mx\/blog\/#organization\"},\"potentialAction\":[{\"@type\":\"SearchAction\",\"target\":{\"@type\":\"EntryPoint\",\"urlTemplate\":\"https:\/\/soclose.mx\/blog\/?s={search_term_string}\"},\"query-input\":{\"@type\":\"PropertyValueSpecification\",\"valueRequired\":true,\"valueName\":\"search_term_string\"}}],\"inLanguage\":\"es\"},{\"@type\":\"Organization\",\"@id\":\"https:\/\/soclose.mx\/blog\/#organization\",\"name\":\"So Close\",\"url\":\"https:\/\/soclose.mx\/blog\/\",\"logo\":{\"@type\":\"ImageObject\",\"inLanguage\":\"es\",\"@id\":\"https:\/\/soclose.mx\/blog\/#\/schema\/logo\/image\/\",\"url\":\"https:\/\/i0.wp.com\/soclose.mx\/blog\/wp-content\/uploads\/2020\/12\/LOGO_SOCLOSE_COLOR-e1608310133507.png?fit=2858%2C1264&ssl=1\",\"contentUrl\":\"https:\/\/i0.wp.com\/soclose.mx\/blog\/wp-content\/uploads\/2020\/12\/LOGO_SOCLOSE_COLOR-e1608310133507.png?fit=2858%2C1264&ssl=1\",\"width\":2858,\"height\":1264,\"caption\":\"So Close\"},\"image\":{\"@id\":\"https:\/\/soclose.mx\/blog\/#\/schema\/logo\/image\/\"}},{\"@type\":\"Person\",\"@id\":\"https:\/\/soclose.mx\/blog\/#\/schema\/person\/54cd06c3a8cdc01a80c08725278aff88\",\"name\":\"Daniel Ram\u00edrez\",\"image\":{\"@type\":\"ImageObject\",\"inLanguage\":\"es\",\"@id\":\"https:\/\/soclose.mx\/blog\/#\/schema\/person\/image\/\",\"url\":\"https:\/\/secure.gravatar.com\/avatar\/74af6012f2e898d2be93cf32e26b59a2c9489743c9ca6270d7848b44edd7d272?s=96&d=mm&r=g\",\"contentUrl\":\"https:\/\/secure.gravatar.com\/avatar\/74af6012f2e898d2be93cf32e26b59a2c9489743c9ca6270d7848b44edd7d272?s=96&d=mm&r=g\",\"caption\":\"Daniel Ram\u00edrez\"},\"url\":\"https:\/\/soclose.mx\/blog\/author\/peter\/\"}]}<\/script>\n<!-- \/ Yoast SEO plugin. -->","yoast_head_json":{"title":"Saxofonista oaxaque\u00f1a Mar\u00eda Elena R\u00edos, entre las 100 mujeres m\u00e1s poderosas de M\u00e9xico - So Close","robots":{"index":"index","follow":"follow","max-snippet":"max-snippet:-1","max-image-preview":"max-image-preview:large","max-video-preview":"max-video-preview:-1"},"canonical":"https:\/\/soclose.mx\/blog\/tag\/juan-rulfo-frases-mujeres\/","og_locale":"es_MX","og_type":"article","og_title":"Saxofonista oaxaque\u00f1a Mar\u00eda Elena R\u00edos, entre las 100 mujeres m\u00e1s poderosas de M\u00e9xico - So Close","og_description":"&#8220;Me siento contenta, porque este tipo de publicaciones siempre han sido espacio para mujeres blancas. Me siento contenta porque yo no pertenezco a esa \u00e9lite&#8221;, fueron las palabras de Mar\u00eda Elena R\u00edos a El Universal. Estas palabras fueron tras enterarse de su inclusi\u00f3n en la lista de las 100 Mujeres m\u00e1s Poderosas de M\u00e9xico seg\u00fan Forbes, gracias a su labor social y pasi\u00f3n por el saxof\u00f3n. Mar\u00eda naci\u00f3 en la Mixteca Oaxaque\u00f1a y su historia de superaci\u00f3n ha sido incre\u00edble. Sufri\u00f3 un atentado con \u00e1cido que casi le cuesta la vida en 2019 y tras ese incidente, se ha convertido","og_url":"https:\/\/soclose.mx\/blog\/tag\/juan-rulfo-frases-mujeres\/","og_site_name":"So Close","article_published_time":"2022-07-23T00:38:52+00:00","article_modified_time":"2022-12-12T17:37:48+00:00","og_image":[{"width":2560,"height":1706,"url":"https:\/\/i0.wp.com\/soclose.mx\/blog\/wp-content\/uploads\/2022\/07\/pexels-cottonbro-4709829-scaled.jpg?fit=2560%2C1706&ssl=1","type":"image\/jpeg"}],"author":"Daniel Ram\u00edrez","twitter_card":"summary_large_image","twitter_misc":{"Escrito por":"Daniel Ram\u00edrez","Tiempo de lectura":"1 minuto"},"schema":{"@context":"https:\/\/schema.org","@graph":[{"@type":"Article","@id":"https:\/\/soclose.mx\/blog\/tag\/juan-rulfo-frases-mujeres\/#article","isPartOf":{"@id":"https:\/\/soclose.mx\/blog\/tag\/juan-rulfo-frases-mujeres\/"},"author":{"name":"Daniel Ram\u00edrez","@id":"https:\/\/soclose.mx\/blog\/#\/schema\/person\/54cd06c3a8cdc01a80c08725278aff88"},"headline":"Saxofonista oaxaque\u00f1a Mar\u00eda Elena R\u00edos, entre las 100 mujeres m\u00e1s poderosas de M\u00e9xico","datePublished":"2022-07-23T00:38:52+00:00","dateModified":"2022-12-12T17:37:48+00:00","mainEntityOfPage":{"@id":"https:\/\/soclose.mx\/blog\/tag\/juan-rulfo-frases-mujeres\/"},"wordCount":217,"commentCount":0,"publisher":{"@id":"https:\/\/soclose.mx\/blog\/#organization"},"image":{"@id":"https:\/\/soclose.mx\/blog\/tag\/juan-rulfo-frases-mujeres\/#primaryimage"},"thumbnailUrl":"https:\/\/i0.wp.com\/soclose.mx\/blog\/wp-content\/uploads\/2022\/07\/pexels-cottonbro-4709829-scaled.jpg?fit=2560%2C1706&ssl=1","keywords":["100 mujeres poderosas de mexico","El Universal.","forbes","Mar\u00eda Elena R\u00edos","saxofonista","saxofonista mexicana"],"articleSection":["\u00a1Ay goeeee!"],"inLanguage":"es","potentialAction":[{"@type":"CommentAction","name":"Comment","target":["https:\/\/soclose.mx\/blog\/tag\/juan-rulfo-frases-mujeres\/#respond"]}]},{"@type":"WebPage","@id":"https:\/\/soclose.mx\/blog\/tag\/juan-rulfo-frases-mujeres\/","url":"https:\/\/soclose.mx\/blog\/tag\/juan-rulfo-frases-mujeres\/","name":"Saxofonista oaxaque\u00f1a Mar\u00eda Elena R\u00edos, entre las 100 mujeres m\u00e1s poderosas de M\u00e9xico - So Close","isPartOf":{"@id":"https:\/\/soclose.mx\/blog\/#website"},"primaryImageOfPage":{"@id":"https:\/\/soclose.mx\/blog\/tag\/juan-rulfo-frases-mujeres\/#primaryimage"},"image":{"@id":"https:\/\/soclose.mx\/blog\/tag\/juan-rulfo-frases-mujeres\/#primaryimage"},"thumbnailUrl":"https:\/\/i0.wp.com\/soclose.mx\/blog\/wp-content\/uploads\/2022\/07\/pexels-cottonbro-4709829-scaled.jpg?fit=2560%2C1706&ssl=1","datePublished":"2022-07-23T00:38:52+00:00","dateModified":"2022-12-12T17:37:48+00:00","breadcrumb":{"@id":"https:\/\/soclose.mx\/blog\/tag\/juan-rulfo-frases-mujeres\/#breadcrumb"},"inLanguage":"es","potentialAction":[{"@type":"ReadAction","target":["https:\/\/soclose.mx\/blog\/tag\/juan-rulfo-frases-mujeres\/"]}]},{"@type":"ImageObject","inLanguage":"es","@id":"https:\/\/soclose.mx\/blog\/tag\/juan-rulfo-frases-mujeres\/#primaryimage","url":"https:\/\/i0.wp.com\/soclose.mx\/blog\/wp-content\/uploads\/2022\/07\/pexels-cottonbro-4709829-scaled.jpg?fit=2560%2C1706&ssl=1","contentUrl":"https:\/\/i0.wp.com\/soclose.mx\/blog\/wp-content\/uploads\/2022\/07\/pexels-cottonbro-4709829-scaled.jpg?fit=2560%2C1706&ssl=1","width":2560,"height":1706},{"@type":"BreadcrumbList","@id":"https:\/\/soclose.mx\/blog\/tag\/juan-rulfo-frases-mujeres\/#breadcrumb","itemListElement":[{"@type":"ListItem","position":1,"name":"Inicio","item":"https:\/\/soclose.mx\/blog\/"},{"@type":"ListItem","position":2,"name":"Saxofonista oaxaque\u00f1a Mar\u00eda Elena R\u00edos, entre las 100 mujeres m\u00e1s poderosas de M\u00e9xico"}]},{"@type":"WebSite","@id":"https:\/\/soclose.mx\/blog\/#website","url":"https:\/\/soclose.mx\/blog\/","name":"So Close","description":"Hacemos contenidos de M\u00e9xico","publisher":{"@id":"https:\/\/soclose.mx\/blog\/#organization"},"potentialAction":[{"@type":"SearchAction","target":{"@type":"EntryPoint","urlTemplate":"https:\/\/soclose.mx\/blog\/?s={search_term_string}"},"query-input":{"@type":"PropertyValueSpecification","valueRequired":true,"valueName":"search_term_string"}}],"inLanguage":"es"},{"@type":"Organization","@id":"https:\/\/soclose.mx\/blog\/#organization","name":"So Close","url":"https:\/\/soclose.mx\/blog\/","logo":{"@type":"ImageObject","inLanguage":"es","@id":"https:\/\/soclose.mx\/blog\/#\/schema\/logo\/image\/","url":"https:\/\/i0.wp.com\/soclose.mx\/blog\/wp-content\/uploads\/2020\/12\/LOGO_SOCLOSE_COLOR-e1608310133507.png?fit=2858%2C1264&ssl=1","contentUrl":"https:\/\/i0.wp.com\/soclose.mx\/blog\/wp-content\/uploads\/2020\/12\/LOGO_SOCLOSE_COLOR-e1608310133507.png?fit=2858%2C1264&ssl=1","width":2858,"height":1264,"caption":"So Close"},"image":{"@id":"https:\/\/soclose.mx\/blog\/#\/schema\/logo\/image\/"}},{"@type":"Person","@id":"https:\/\/soclose.mx\/blog\/#\/schema\/person\/54cd06c3a8cdc01a80c08725278aff88","name":"Daniel Ram\u00edrez","image":{"@type":"ImageObject","inLanguage":"es","@id":"https:\/\/soclose.mx\/blog\/#\/schema\/person\/image\/","url":"https:\/\/secure.gravatar.com\/avatar\/74af6012f2e898d2be93cf32e26b59a2c9489743c9ca6270d7848b44edd7d272?s=96&d=mm&r=g","contentUrl":"https:\/\/secure.gravatar.com\/avatar\/74af6012f2e898d2be93cf32e26b59a2c9489743c9ca6270d7848b44edd7d272?s=96&d=mm&r=g","caption":"Daniel Ram\u00edrez"},"url":"https:\/\/soclose.mx\/blog\/author\/peter\/"}]}},"jetpack_featured_media_url":"https:\/\/i0.wp.com\/soclose.mx\/blog\/wp-content\/uploads\/2022\/07\/pexels-cottonbro-4709829-scaled.jpg?fit=2560%2C1706&ssl=1","jetpack-related-posts":[{"id":7611,"url":"https:\/\/soclose.mx\/blog\/ay-goeeee\/ella-es-karen-vega-la-primera-modelo-oaxaquena-de-vogue\/","url_meta":{"origin":10691,"position":0},"title":"Ella es Karen Vega, la primera modelo oaxaque\u00f1a de Vogue","author":"Miguel Angel Romero","date":"28 octubre, 2021","format":false,"excerpt":"Aparece Karen Vega, la primera modelo oaxaque\u00f1a en protagonizar la portada de la revista Vogue, edici\u00f3n M\u00e9xico y Latinoam\u00e9rica, y\u00a0 ya hace historia. Porque considerando que\u00a0 firmas internacionales han trabajado en est\u00e1ndares de belleza tradicionales, al mismo tiempo va abriendo paso a la diversidad y el carisma de Karen es\u2026","rel":"","context":"En &quot;\u00a1Ay goeeee!&quot;","block_context":{"text":"\u00a1Ay goeeee!","link":"https:\/\/soclose.mx\/blog\/category\/ay-goeeee\/"},"img":{"alt_text":"","src":"https:\/\/i0.wp.com\/soclose.mx\/blog\/wp-content\/uploads\/2021\/10\/Copia-de-Principal-So-Close-blog-20.png?fit=1200%2C677&ssl=1&resize=350%2C200","width":350,"height":200,"srcset":"https:\/\/i0.wp.com\/soclose.mx\/blog\/wp-content\/uploads\/2021\/10\/Copia-de-Principal-So-Close-blog-20.png?fit=1200%2C677&ssl=1&resize=350%2C200 1x, https:\/\/i0.wp.com\/soclose.mx\/blog\/wp-content\/uploads\/2021\/10\/Copia-de-Principal-So-Close-blog-20.png?fit=1200%2C677&ssl=1&resize=525%2C300 1.5x, https:\/\/i0.wp.com\/soclose.mx\/blog\/wp-content\/uploads\/2021\/10\/Copia-de-Principal-So-Close-blog-20.png?fit=1200%2C677&ssl=1&resize=700%2C400 2x, https:\/\/i0.wp.com\/soclose.mx\/blog\/wp-content\/uploads\/2021\/10\/Copia-de-Principal-So-Close-blog-20.png?fit=1200%2C677&ssl=1&resize=1050%2C600 3x"},"classes":[]},{"id":7973,"url":"https:\/\/soclose.mx\/blog\/ay-goeeee\/jovenes-oaxaquenos-ganan-medalla-de-plata-en-olimpiada-de-matematicas\/","url_meta":{"origin":10691,"position":1},"title":"J\u00f3venes oaxaque\u00f1os ganan medalla de plata en Olimpiada de Matem\u00e1ticas","author":"Miguel Angel Romero","date":"30 noviembre, 2021","format":false,"excerpt":"\u00a1Otro orgullo m\u00e1s para Oaxaca! Y es que si de por s\u00ed, es uno de los estados con mayor riqueza en muchos sentidos, ahora brilla la plata en \u00e9l, ya que tres estudiantes obtuvieron su medalla en la 35 Olimpiada Mexicana de Matem\u00e1ticas. Jonathan P\u00e9rez Ju\u00e1rez, del plantel 01 Pueblo\u2026","rel":"","context":"En &quot;\u00a1Ay goeeee!&quot;","block_context":{"text":"\u00a1Ay goeeee!","link":"https:\/\/soclose.mx\/blog\/category\/ay-goeeee\/"},"img":{"alt_text":"","src":"https:\/\/i0.wp.com\/soclose.mx\/blog\/wp-content\/uploads\/2021\/11\/Copia-de-Principal-So-Close-blog-15.png?fit=1200%2C677&ssl=1&resize=350%2C200","width":350,"height":200,"srcset":"https:\/\/i0.wp.com\/soclose.mx\/blog\/wp-content\/uploads\/2021\/11\/Copia-de-Principal-So-Close-blog-15.png?fit=1200%2C677&ssl=1&resize=350%2C200 1x, https:\/\/i0.wp.com\/soclose.mx\/blog\/wp-content\/uploads\/2021\/11\/Copia-de-Principal-So-Close-blog-15.png?fit=1200%2C677&ssl=1&resize=525%2C300 1.5x, https:\/\/i0.wp.com\/soclose.mx\/blog\/wp-content\/uploads\/2021\/11\/Copia-de-Principal-So-Close-blog-15.png?fit=1200%2C677&ssl=1&resize=700%2C400 2x, https:\/\/i0.wp.com\/soclose.mx\/blog\/wp-content\/uploads\/2021\/11\/Copia-de-Principal-So-Close-blog-15.png?fit=1200%2C677&ssl=1&resize=1050%2C600 3x"},"classes":[]},{"id":6665,"url":"https:\/\/soclose.mx\/blog\/ay-goeeee\/que-hizo-la-pequena-mexicana-iveth-camila-para-ser-reconocida-por-la-revista-forbes\/","url_meta":{"origin":10691,"position":2},"title":"\u00bfQu\u00e9 hizo la peque\u00f1a mexicana Iveth Camila para ser reconocida por la revista Forbes?","author":"So Close","date":"26 julio, 2021","format":false,"excerpt":"El pasado 19 de julio, la revista Forbes incluy\u00f3 a Iveth Camila Ortiz dentro de su lista de mujeres poderosas. Este reconocimiento a Camila fue otorgado por la revista gracias a la labor que hizo al registrar a m\u00e1s de 500 personas de su natal Albia en Torre\u00f3n a la\u2026","rel":"","context":"En &quot;\u00a1Ay goeeee!&quot;","block_context":{"text":"\u00a1Ay goeeee!","link":"https:\/\/soclose.mx\/blog\/category\/ay-goeeee\/"},"img":{"alt_text":"","src":"https:\/\/i0.wp.com\/soclose.mx\/blog\/wp-content\/uploads\/2021\/07\/Iveth-Camila-Ortiz-Ramirez.jpeg?fit=1200%2C677&ssl=1&resize=350%2C200","width":350,"height":200,"srcset":"https:\/\/i0.wp.com\/soclose.mx\/blog\/wp-content\/uploads\/2021\/07\/Iveth-Camila-Ortiz-Ramirez.jpeg?fit=1200%2C677&ssl=1&resize=350%2C200 1x, https:\/\/i0.wp.com\/soclose.mx\/blog\/wp-content\/uploads\/2021\/07\/Iveth-Camila-Ortiz-Ramirez.jpeg?fit=1200%2C677&ssl=1&resize=525%2C300 1.5x, https:\/\/i0.wp.com\/soclose.mx\/blog\/wp-content\/uploads\/2021\/07\/Iveth-Camila-Ortiz-Ramirez.jpeg?fit=1200%2C677&ssl=1&resize=700%2C400 2x, https:\/\/i0.wp.com\/soclose.mx\/blog\/wp-content\/uploads\/2021\/07\/Iveth-Camila-Ortiz-Ramirez.jpeg?fit=1200%2C677&ssl=1&resize=1050%2C600 3x"},"classes":[]},{"id":5969,"url":"https:\/\/soclose.mx\/blog\/ay-goeeee\/7-datos-de-adhara-la-nina-mexicana-que-viajara-a-marte\/","url_meta":{"origin":10691,"position":3},"title":"7 datos de Adhara, la ni\u00f1a mexicana que viajar\u00e1 a Marte","author":"So Close","date":"22 abril, 2021","format":false,"excerpt":"Por Manolo RoCa Sin duda, M\u00e9xico tiene tesoros que ning\u00fan otro lugar del planeta podr\u00e1 presumir, pero no solo se trata de lugares, comida, colores y sabores, M\u00e9xico tambi\u00e9n tiene personas impresionantes y un ejemplo de estas joyas es Adhara, una peque\u00f1a que sorprendi\u00f3 al mundo con su capacidad intelectual.\u2026","rel":"","context":"En &quot;\u00a1Ay goeeee!&quot;","block_context":{"text":"\u00a1Ay goeeee!","link":"https:\/\/soclose.mx\/blog\/category\/ay-goeeee\/"},"img":{"alt_text":"","src":"https:\/\/i0.wp.com\/soclose.mx\/blog\/wp-content\/uploads\/2021\/04\/Principal-So-Close-blog-2.jpeg?fit=1200%2C677&ssl=1&resize=350%2C200","width":350,"height":200,"srcset":"https:\/\/i0.wp.com\/soclose.mx\/blog\/wp-content\/uploads\/2021\/04\/Principal-So-Close-blog-2.jpeg?fit=1200%2C677&ssl=1&resize=350%2C200 1x, https:\/\/i0.wp.com\/soclose.mx\/blog\/wp-content\/uploads\/2021\/04\/Principal-So-Close-blog-2.jpeg?fit=1200%2C677&ssl=1&resize=525%2C300 1.5x, https:\/\/i0.wp.com\/soclose.mx\/blog\/wp-content\/uploads\/2021\/04\/Principal-So-Close-blog-2.jpeg?fit=1200%2C677&ssl=1&resize=700%2C400 2x, https:\/\/i0.wp.com\/soclose.mx\/blog\/wp-content\/uploads\/2021\/04\/Principal-So-Close-blog-2.jpeg?fit=1200%2C677&ssl=1&resize=1050%2C600 3x"},"classes":[]},{"id":7240,"url":"https:\/\/soclose.mx\/blog\/comida-mexicana\/las-quince-letras-es-el-mejor-restaurante-autentico-y-artesanal-y-es-mexicano\/","url_meta":{"origin":10691,"position":4},"title":"Francia reconoce al restaurante oaxaque\u00f1o, Las Quince Letras","author":"Miguel Angel Romero","date":"14 septiembre, 2021","format":false,"excerpt":"Las Quince Letras, con casi 30 a\u00f1os de vida, fue\u00a0reconocido como el Mejor Restaurante Aut\u00e9ntico y Artesanal en el Mundo 2021, por\u00a0La Liste en Francia. \u00a0 Ver esta publicaci\u00f3n en Instagram \u00a0 Una publicaci\u00f3n compartida por Las Quince Letras (@lasquinceletrasoax) Desde\u00a01992, Celia Flori\u00e1n,\u00a0abri\u00f3 este\u00a0espacio culinario\u00a0junto a\u00a0Fidel M\u00e9ndez, para transmitir a\u2026","rel":"","context":"En &quot;Comida mexicana&quot;","block_context":{"text":"Comida mexicana","link":"https:\/\/soclose.mx\/blog\/category\/comida-mexicana\/"},"img":{"alt_text":"","src":"https:\/\/i0.wp.com\/soclose.mx\/blog\/wp-content\/uploads\/2021\/09\/Principal-So-Close-blog-15-1.jpg?fit=1200%2C677&ssl=1&resize=350%2C200","width":350,"height":200,"srcset":"https:\/\/i0.wp.com\/soclose.mx\/blog\/wp-content\/uploads\/2021\/09\/Principal-So-Close-blog-15-1.jpg?fit=1200%2C677&ssl=1&resize=350%2C200 1x, https:\/\/i0.wp.com\/soclose.mx\/blog\/wp-content\/uploads\/2021\/09\/Principal-So-Close-blog-15-1.jpg?fit=1200%2C677&ssl=1&resize=525%2C300 1.5x, https:\/\/i0.wp.com\/soclose.mx\/blog\/wp-content\/uploads\/2021\/09\/Principal-So-Close-blog-15-1.jpg?fit=1200%2C677&ssl=1&resize=700%2C400 2x, https:\/\/i0.wp.com\/soclose.mx\/blog\/wp-content\/uploads\/2021\/09\/Principal-So-Close-blog-15-1.jpg?fit=1200%2C677&ssl=1&resize=1050%2C600 3x"},"classes":[]},{"id":9473,"url":"https:\/\/soclose.mx\/blog\/ay-goeeee\/que-es-y-cuando-se-celebra-el-viernes-de-samaritana-en-oaxaca\/","url_meta":{"origin":10691,"position":5},"title":"\u00bfQu\u00e9 es y cu\u00e1ndo se celebra el Viernes de Samaritana en Oaxaca?","author":"Miguel Angel Romero","date":"24 marzo, 2022","format":false,"excerpt":"M\u00e9xico\u00a0est\u00e1 lleno de costumbres y\u00a0tradiciones y cuando hablamos de\u00a0Oaxaca,\u00a0no es la excepci\u00f3n;\u00a0en el estado existen algunas\u00a0fechas bastante especiales, como el Viernes de Samaritana. Esta celebraci\u00f3n se basa en un pasaje muy famoso del Evangelio de San Juan,\u00a0 el encuentro entre Jes\u00fas\u00a0con una mujer que,\u00a0al verlo, le ofreci\u00f3\u00a0agua, justo junto al\u2026","rel":"","context":"En &quot;\u00a1Ay goeeee!&quot;","block_context":{"text":"\u00a1Ay goeeee!","link":"https:\/\/soclose.mx\/blog\/category\/ay-goeeee\/"},"img":{"alt_text":"","src":"https:\/\/i0.wp.com\/soclose.mx\/blog\/wp-content\/uploads\/2022\/03\/Copia-de-Principal-So-Close-blog-1-17.png?fit=1200%2C677&ssl=1&resize=350%2C200","width":350,"height":200,"srcset":"https:\/\/i0.wp.com\/soclose.mx\/blog\/wp-content\/uploads\/2022\/03\/Copia-de-Principal-So-Close-blog-1-17.png?fit=1200%2C677&ssl=1&resize=350%2C200 1x, https:\/\/i0.wp.com\/soclose.mx\/blog\/wp-content\/uploads\/2022\/03\/Copia-de-Principal-So-Close-blog-1-17.png?fit=1200%2C677&ssl=1&resize=525%2C300 1.5x, https:\/\/i0.wp.com\/soclose.mx\/blog\/wp-content\/uploads\/2022\/03\/Copia-de-Principal-So-Close-blog-1-17.png?fit=1200%2C677&ssl=1&resize=700%2C400 2x, https:\/\/i0.wp.com\/soclose.mx\/blog\/wp-content\/uploads\/2022\/03\/Copia-de-Principal-So-Close-blog-1-17.png?fit=1200%2C677&ssl=1&resize=1050%2C600 3x"},"classes":[]}],"jetpack_sharing_enabled":true,"_links":{"self":[{"href":"https:\/\/soclose.mx\/blog\/wp-json\/wp\/v2\/posts\/10691","targetHints":{"allow":["GET"]}}],"collection":[{"href":"https:\/\/soclose.mx\/blog\/wp-json\/wp\/v2\/posts"}],"about":[{"href":"https:\/\/soclose.mx\/blog\/wp-json\/wp\/v2\/types\/post"}],"author":[{"embeddable":true,"href":"https:\/\/soclose.mx\/blog\/wp-json\/wp\/v2\/users\/9"}],"replies":[{"embeddable":true,"href":"https:\/\/soclose.mx\/blog\/wp-json\/wp\/v2\/comments?post=10691"}],"version-history":[{"count":0,"href":"https:\/\/soclose.mx\/blog\/wp-json\/wp\/v2\/posts\/10691\/revisions"}],"wp:featuredmedia":[{"embeddable":true,"href":"https:\/\/soclose.mx\/blog\/wp-json\/wp\/v2\/media\/10692"}],"wp:attachment":[{"href":"https:\/\/soclose.mx\/blog\/wp-json\/wp\/v2\/media?parent=10691"}],"wp:term":[{"taxonomy":"category","embeddable":true,"href":"https:\/\/soclose.mx\/blog\/wp-json\/wp\/v2\/categories?post=10691"},{"taxonomy":"post_tag","embeddable":true,"href":"https:\/\/soclose.mx\/blog\/wp-json\/wp\/v2\/tags?post=10691"}],"curies":[{"name":"wp","href":"https:\/\/api.w.org\/{rel}","templated":true}]}}