{"id":10700,"date":"2022-07-23T16:25:30","date_gmt":"2022-07-23T21:25:30","guid":{"rendered":"https:\/\/soclose.mx\/blog\/?p=10700"},"modified":"2022-07-23T16:25:30","modified_gmt":"2022-07-23T21:25:30","slug":"la-conocias-panamericana-la-carretera-mas-grande-del-mundo-que-mexico-vio-nacer","status":"publish","type":"post","link":"https:\/\/soclose.mx\/blog\/ay-goeeee\/la-conocias-panamericana-la-carretera-mas-grande-del-mundo-que-mexico-vio-nacer\/","title":{"rendered":"\u00bfLa conoc\u00edas? Panamericana, la carretera m\u00e1s grande del mundo que M\u00e9xico vio nacer"},"content":{"rendered":"<p>\u00bfTe aventar\u00edas un viaje continental desde Alaska, Estados Unidos, hasta Tierra de Fuego, Argentina?<\/p>\n<p>Vaya que es un reto aventurarte a viajar por la <strong>carretera Panamericana, la m\u00e1s grande del mundo<\/strong>, que casualmente <strong>naci\u00f3 en M\u00e9xico<\/strong> y le dio origen a esta incre\u00edble red de autopistas en el<a href=\"https:\/\/soclose.mx\/blog\/ay-goeeee\/futbolista-brasileno-y-su-amor-por-don-ramon-personaje-de-el-chavo-del-8\/\"> continente americano.<\/a><\/p>\n<p>El auge del autom\u00f3vil en el transporte mercanc\u00edas y pasajeros, gener\u00f3 la idea de la construcci\u00f3n de una l\u00ednea de comunicaci\u00f3n, principalmente entre<strong> M\u00e9xico y Estados Unidos. <\/strong><\/p>\n<p>En 1923 se celebr\u00f3 la V Conferencia Internacional de los Estados Americanos, donde se decidi\u00f3 construir la Panamericana; tambi\u00e9n se consider\u00f3 un ferrocarril, pero la idea no convenci\u00f3.<\/p>\n<p>El 1 de julio de 1936 se inaugur\u00f3 la carretera en el puente internacional entre la ciudad estadounidense y la mexicana, Laredo, Texas y Nuevo Laredo, Tamaulipas, durante un encuentro diplom\u00e1tico entre M\u00e9xico y Estados Unidos.<\/p>\n<p>Este fue el primer tramo de la Panamericana, que oficialmente corre lo largo de casi 30 mil kil\u00f3metros a trav\u00e9s de 14 pa\u00edses.<\/p>\n<p>Solo tiene un detalle: la Panamericana se interrumpe en Yaviza, Panam\u00e1, a lo largo de 130 kil\u00f3metros que pasan a trav\u00e9s de la selva monta\u00f1osa del Tap\u00f3n de Dari\u00e9n, en la frontera con Colombia.<\/p>\n<p>Sacando c\u00e1lculos te tardar\u00edas alrededor de 11 d\u00edas y medio en carro sin parar. \u00bfSe arma el viaje?<\/p>\n<p><img data-recalc-dims=\"1\" fetchpriority=\"high\" decoding=\"async\" class=\"alignnone size-medium wp-image-10701\" src=\"https:\/\/i0.wp.com\/soclose.mx\/blog\/wp-content\/uploads\/2022\/07\/panamericana.png?resize=217%2C300&#038;ssl=1\" alt=\"\" width=\"217\" height=\"300\" srcset=\"https:\/\/i0.wp.com\/soclose.mx\/blog\/wp-content\/uploads\/2022\/07\/panamericana.png?resize=217%2C300&amp;ssl=1 217w, https:\/\/i0.wp.com\/soclose.mx\/blog\/wp-content\/uploads\/2022\/07\/panamericana.png?resize=742%2C1024&amp;ssl=1 742w, https:\/\/i0.wp.com\/soclose.mx\/blog\/wp-content\/uploads\/2022\/07\/panamericana.png?resize=768%2C1060&amp;ssl=1 768w, https:\/\/i0.wp.com\/soclose.mx\/blog\/wp-content\/uploads\/2022\/07\/panamericana.png?resize=1113%2C1536&amp;ssl=1 1113w, https:\/\/i0.wp.com\/soclose.mx\/blog\/wp-content\/uploads\/2022\/07\/panamericana.png?resize=1170%2C1614&amp;ssl=1 1170w, https:\/\/i0.wp.com\/soclose.mx\/blog\/wp-content\/uploads\/2022\/07\/panamericana.png?resize=585%2C807&amp;ssl=1 585w, https:\/\/i0.wp.com\/soclose.mx\/blog\/wp-content\/uploads\/2022\/07\/panamericana.png?w=1311&amp;ssl=1 1311w\" sizes=\"(max-width: 217px) 100vw, 217px\" \/><\/p>\n","protected":false},"excerpt":{"rendered":"<p>\u00bfTe aventar\u00edas un viaje continental desde Alaska, Estados Unidos, hasta Tierra de Fuego, Argentina? Vaya que es un reto aventurarte a viajar por la carretera Panamericana, la m\u00e1s grande del mundo, que casualmente naci\u00f3 en M\u00e9xico y le dio origen a esta incre\u00edble red de autopistas en el continente americano. El auge del autom\u00f3vil en el transporte mercanc\u00edas y pasajeros, gener\u00f3 la idea de la construcci\u00f3n de una l\u00ednea de comunicaci\u00f3n, principalmente entre M\u00e9xico y Estados Unidos. En 1923 se celebr\u00f3 la V Conferencia Internacional de los Estados Americanos, donde se decidi\u00f3 construir la Panamericana; tambi\u00e9n se consider\u00f3 un ferrocarril,<\/p>\n","protected":false},"author":9,"featured_media":10704,"comment_status":"open","ping_status":"open","sticky":false,"template":"","format":"standard","meta":{"_jetpack_memberships_contains_paid_content":false,"footnotes":""},"categories":[1],"tags":[2611,2610,2612],"class_list":["post-10700","post","type-post","status-publish","format-standard","has-post-thumbnail","hentry","category-ay-goeeee","tag-autopista-mas-grande-del-mundo","tag-carretera-panamericana","tag-mexico-y-estados-unidos"],"yoast_head":"<!-- This site is optimized with the Yoast SEO plugin v26.7 - https:\/\/yoast.com\/wordpress\/plugins\/seo\/ -->\n<title>\u00bfLa conoc\u00edas? Panamericana, la carretera m\u00e1s grande del mundo que M\u00e9xico vio nacer - So Close<\/title>\n<meta name=\"robots\" content=\"index, follow, max-snippet:-1, max-image-preview:large, max-video-preview:-1\" \/>\n<link rel=\"canonical\" href=\"https:\/\/soclose.mx\/blog\/tag\/juan-rulfo-frases-mujeres\/\" \/>\n<meta property=\"og:locale\" content=\"es_MX\" \/>\n<meta property=\"og:type\" content=\"article\" \/>\n<meta property=\"og:title\" content=\"\u00bfLa conoc\u00edas? Panamericana, la carretera m\u00e1s grande del mundo que M\u00e9xico vio nacer - So Close\" \/>\n<meta property=\"og:description\" content=\"\u00bfTe aventar\u00edas un viaje continental desde Alaska, Estados Unidos, hasta Tierra de Fuego, Argentina? Vaya que es un reto aventurarte a viajar por la carretera Panamericana, la m\u00e1s grande del mundo, que casualmente naci\u00f3 en M\u00e9xico y le dio origen a esta incre\u00edble red de autopistas en el continente americano. El auge del autom\u00f3vil en el transporte mercanc\u00edas y pasajeros, gener\u00f3 la idea de la construcci\u00f3n de una l\u00ednea de comunicaci\u00f3n, principalmente entre M\u00e9xico y Estados Unidos. En 1923 se celebr\u00f3 la V Conferencia Internacional de los Estados Americanos, donde se decidi\u00f3 construir la Panamericana; tambi\u00e9n se consider\u00f3 un ferrocarril,\" \/>\n<meta property=\"og:url\" content=\"https:\/\/soclose.mx\/blog\/tag\/juan-rulfo-frases-mujeres\/\" \/>\n<meta property=\"og:site_name\" content=\"So Close\" \/>\n<meta property=\"article:published_time\" content=\"2022-07-23T21:25:30+00:00\" \/>\n<meta property=\"og:image\" content=\"https:\/\/i0.wp.com\/soclose.mx\/blog\/wp-content\/uploads\/2022\/07\/Carretera_Panamericana_Mexico-49.png?fit=640%2C441&ssl=1\" \/>\n\t<meta property=\"og:image:width\" content=\"640\" \/>\n\t<meta property=\"og:image:height\" content=\"441\" \/>\n\t<meta property=\"og:image:type\" content=\"image\/png\" \/>\n<meta name=\"author\" content=\"Daniel Ram\u00edrez\" \/>\n<meta name=\"twitter:card\" content=\"summary_large_image\" \/>\n<meta name=\"twitter:label1\" content=\"Escrito por\" \/>\n\t<meta name=\"twitter:data1\" content=\"Daniel Ram\u00edrez\" \/>\n\t<meta name=\"twitter:label2\" content=\"Tiempo de lectura\" \/>\n\t<meta name=\"twitter:data2\" content=\"2 minutos\" \/>\n<script type=\"application\/ld+json\" class=\"yoast-schema-graph\">{\"@context\":\"https:\/\/schema.org\",\"@graph\":[{\"@type\":\"Article\",\"@id\":\"https:\/\/soclose.mx\/blog\/tag\/juan-rulfo-frases-mujeres\/#article\",\"isPartOf\":{\"@id\":\"https:\/\/soclose.mx\/blog\/tag\/juan-rulfo-frases-mujeres\/\"},\"author\":{\"name\":\"Daniel Ram\u00edrez\",\"@id\":\"https:\/\/soclose.mx\/blog\/#\/schema\/person\/54cd06c3a8cdc01a80c08725278aff88\"},\"headline\":\"\u00bfLa conoc\u00edas? Panamericana, la carretera m\u00e1s grande del mundo que M\u00e9xico vio nacer\",\"datePublished\":\"2022-07-23T21:25:30+00:00\",\"mainEntityOfPage\":{\"@id\":\"https:\/\/soclose.mx\/blog\/tag\/juan-rulfo-frases-mujeres\/\"},\"wordCount\":249,\"commentCount\":0,\"publisher\":{\"@id\":\"https:\/\/soclose.mx\/blog\/#organization\"},\"image\":{\"@id\":\"https:\/\/soclose.mx\/blog\/tag\/juan-rulfo-frases-mujeres\/#primaryimage\"},\"thumbnailUrl\":\"https:\/\/i0.wp.com\/soclose.mx\/blog\/wp-content\/uploads\/2022\/07\/Carretera_Panamericana_Mexico-49.png?fit=640%2C441&ssl=1\",\"keywords\":[\"autopista mas grande del mundo\",\"carretera panamericana\",\"mexico y estados unidos\"],\"articleSection\":[\"\u00a1Ay goeeee!\"],\"inLanguage\":\"es\",\"potentialAction\":[{\"@type\":\"CommentAction\",\"name\":\"Comment\",\"target\":[\"https:\/\/soclose.mx\/blog\/tag\/juan-rulfo-frases-mujeres\/#respond\"]}]},{\"@type\":\"WebPage\",\"@id\":\"https:\/\/soclose.mx\/blog\/tag\/juan-rulfo-frases-mujeres\/\",\"url\":\"https:\/\/soclose.mx\/blog\/tag\/juan-rulfo-frases-mujeres\/\",\"name\":\"\u00bfLa conoc\u00edas? Panamericana, la carretera m\u00e1s grande del mundo que M\u00e9xico vio nacer - So Close\",\"isPartOf\":{\"@id\":\"https:\/\/soclose.mx\/blog\/#website\"},\"primaryImageOfPage\":{\"@id\":\"https:\/\/soclose.mx\/blog\/tag\/juan-rulfo-frases-mujeres\/#primaryimage\"},\"image\":{\"@id\":\"https:\/\/soclose.mx\/blog\/tag\/juan-rulfo-frases-mujeres\/#primaryimage\"},\"thumbnailUrl\":\"https:\/\/i0.wp.com\/soclose.mx\/blog\/wp-content\/uploads\/2022\/07\/Carretera_Panamericana_Mexico-49.png?fit=640%2C441&ssl=1\",\"datePublished\":\"2022-07-23T21:25:30+00:00\",\"breadcrumb\":{\"@id\":\"https:\/\/soclose.mx\/blog\/tag\/juan-rulfo-frases-mujeres\/#breadcrumb\"},\"inLanguage\":\"es\",\"potentialAction\":[{\"@type\":\"ReadAction\",\"target\":[\"https:\/\/soclose.mx\/blog\/tag\/juan-rulfo-frases-mujeres\/\"]}]},{\"@type\":\"ImageObject\",\"inLanguage\":\"es\",\"@id\":\"https:\/\/soclose.mx\/blog\/tag\/juan-rulfo-frases-mujeres\/#primaryimage\",\"url\":\"https:\/\/i0.wp.com\/soclose.mx\/blog\/wp-content\/uploads\/2022\/07\/Carretera_Panamericana_Mexico-49.png?fit=640%2C441&ssl=1\",\"contentUrl\":\"https:\/\/i0.wp.com\/soclose.mx\/blog\/wp-content\/uploads\/2022\/07\/Carretera_Panamericana_Mexico-49.png?fit=640%2C441&ssl=1\",\"width\":640,\"height\":441},{\"@type\":\"BreadcrumbList\",\"@id\":\"https:\/\/soclose.mx\/blog\/tag\/juan-rulfo-frases-mujeres\/#breadcrumb\",\"itemListElement\":[{\"@type\":\"ListItem\",\"position\":1,\"name\":\"Inicio\",\"item\":\"https:\/\/soclose.mx\/blog\/\"},{\"@type\":\"ListItem\",\"position\":2,\"name\":\"\u00bfLa conoc\u00edas? Panamericana, la carretera m\u00e1s grande del mundo que M\u00e9xico vio nacer\"}]},{\"@type\":\"WebSite\",\"@id\":\"https:\/\/soclose.mx\/blog\/#website\",\"url\":\"https:\/\/soclose.mx\/blog\/\",\"name\":\"So Close\",\"description\":\"Hacemos contenidos de M\u00e9xico\",\"publisher\":{\"@id\":\"https:\/\/soclose.mx\/blog\/#organization\"},\"potentialAction\":[{\"@type\":\"SearchAction\",\"target\":{\"@type\":\"EntryPoint\",\"urlTemplate\":\"https:\/\/soclose.mx\/blog\/?s={search_term_string}\"},\"query-input\":{\"@type\":\"PropertyValueSpecification\",\"valueRequired\":true,\"valueName\":\"search_term_string\"}}],\"inLanguage\":\"es\"},{\"@type\":\"Organization\",\"@id\":\"https:\/\/soclose.mx\/blog\/#organization\",\"name\":\"So Close\",\"url\":\"https:\/\/soclose.mx\/blog\/\",\"logo\":{\"@type\":\"ImageObject\",\"inLanguage\":\"es\",\"@id\":\"https:\/\/soclose.mx\/blog\/#\/schema\/logo\/image\/\",\"url\":\"https:\/\/i0.wp.com\/soclose.mx\/blog\/wp-content\/uploads\/2020\/12\/LOGO_SOCLOSE_COLOR-e1608310133507.png?fit=2858%2C1264&ssl=1\",\"contentUrl\":\"https:\/\/i0.wp.com\/soclose.mx\/blog\/wp-content\/uploads\/2020\/12\/LOGO_SOCLOSE_COLOR-e1608310133507.png?fit=2858%2C1264&ssl=1\",\"width\":2858,\"height\":1264,\"caption\":\"So Close\"},\"image\":{\"@id\":\"https:\/\/soclose.mx\/blog\/#\/schema\/logo\/image\/\"}},{\"@type\":\"Person\",\"@id\":\"https:\/\/soclose.mx\/blog\/#\/schema\/person\/54cd06c3a8cdc01a80c08725278aff88\",\"name\":\"Daniel Ram\u00edrez\",\"image\":{\"@type\":\"ImageObject\",\"inLanguage\":\"es\",\"@id\":\"https:\/\/soclose.mx\/blog\/#\/schema\/person\/image\/\",\"url\":\"https:\/\/secure.gravatar.com\/avatar\/74af6012f2e898d2be93cf32e26b59a2c9489743c9ca6270d7848b44edd7d272?s=96&d=mm&r=g\",\"contentUrl\":\"https:\/\/secure.gravatar.com\/avatar\/74af6012f2e898d2be93cf32e26b59a2c9489743c9ca6270d7848b44edd7d272?s=96&d=mm&r=g\",\"caption\":\"Daniel Ram\u00edrez\"},\"url\":\"https:\/\/soclose.mx\/blog\/author\/peter\/\"}]}<\/script>\n<!-- \/ Yoast SEO plugin. -->","yoast_head_json":{"title":"\u00bfLa conoc\u00edas? Panamericana, la carretera m\u00e1s grande del mundo que M\u00e9xico vio nacer - So Close","robots":{"index":"index","follow":"follow","max-snippet":"max-snippet:-1","max-image-preview":"max-image-preview:large","max-video-preview":"max-video-preview:-1"},"canonical":"https:\/\/soclose.mx\/blog\/tag\/juan-rulfo-frases-mujeres\/","og_locale":"es_MX","og_type":"article","og_title":"\u00bfLa conoc\u00edas? Panamericana, la carretera m\u00e1s grande del mundo que M\u00e9xico vio nacer - So Close","og_description":"\u00bfTe aventar\u00edas un viaje continental desde Alaska, Estados Unidos, hasta Tierra de Fuego, Argentina? Vaya que es un reto aventurarte a viajar por la carretera Panamericana, la m\u00e1s grande del mundo, que casualmente naci\u00f3 en M\u00e9xico y le dio origen a esta incre\u00edble red de autopistas en el continente americano. El auge del autom\u00f3vil en el transporte mercanc\u00edas y pasajeros, gener\u00f3 la idea de la construcci\u00f3n de una l\u00ednea de comunicaci\u00f3n, principalmente entre M\u00e9xico y Estados Unidos. En 1923 se celebr\u00f3 la V Conferencia Internacional de los Estados Americanos, donde se decidi\u00f3 construir la Panamericana; tambi\u00e9n se consider\u00f3 un ferrocarril,","og_url":"https:\/\/soclose.mx\/blog\/tag\/juan-rulfo-frases-mujeres\/","og_site_name":"So Close","article_published_time":"2022-07-23T21:25:30+00:00","og_image":[{"width":640,"height":441,"url":"https:\/\/i0.wp.com\/soclose.mx\/blog\/wp-content\/uploads\/2022\/07\/Carretera_Panamericana_Mexico-49.png?fit=640%2C441&ssl=1","type":"image\/png"}],"author":"Daniel Ram\u00edrez","twitter_card":"summary_large_image","twitter_misc":{"Escrito por":"Daniel Ram\u00edrez","Tiempo de lectura":"2 minutos"},"schema":{"@context":"https:\/\/schema.org","@graph":[{"@type":"Article","@id":"https:\/\/soclose.mx\/blog\/tag\/juan-rulfo-frases-mujeres\/#article","isPartOf":{"@id":"https:\/\/soclose.mx\/blog\/tag\/juan-rulfo-frases-mujeres\/"},"author":{"name":"Daniel Ram\u00edrez","@id":"https:\/\/soclose.mx\/blog\/#\/schema\/person\/54cd06c3a8cdc01a80c08725278aff88"},"headline":"\u00bfLa conoc\u00edas? Panamericana, la carretera m\u00e1s grande del mundo que M\u00e9xico vio nacer","datePublished":"2022-07-23T21:25:30+00:00","mainEntityOfPage":{"@id":"https:\/\/soclose.mx\/blog\/tag\/juan-rulfo-frases-mujeres\/"},"wordCount":249,"commentCount":0,"publisher":{"@id":"https:\/\/soclose.mx\/blog\/#organization"},"image":{"@id":"https:\/\/soclose.mx\/blog\/tag\/juan-rulfo-frases-mujeres\/#primaryimage"},"thumbnailUrl":"https:\/\/i0.wp.com\/soclose.mx\/blog\/wp-content\/uploads\/2022\/07\/Carretera_Panamericana_Mexico-49.png?fit=640%2C441&ssl=1","keywords":["autopista mas grande del mundo","carretera panamericana","mexico y estados unidos"],"articleSection":["\u00a1Ay goeeee!"],"inLanguage":"es","potentialAction":[{"@type":"CommentAction","name":"Comment","target":["https:\/\/soclose.mx\/blog\/tag\/juan-rulfo-frases-mujeres\/#respond"]}]},{"@type":"WebPage","@id":"https:\/\/soclose.mx\/blog\/tag\/juan-rulfo-frases-mujeres\/","url":"https:\/\/soclose.mx\/blog\/tag\/juan-rulfo-frases-mujeres\/","name":"\u00bfLa conoc\u00edas? Panamericana, la carretera m\u00e1s grande del mundo que M\u00e9xico vio nacer - So Close","isPartOf":{"@id":"https:\/\/soclose.mx\/blog\/#website"},"primaryImageOfPage":{"@id":"https:\/\/soclose.mx\/blog\/tag\/juan-rulfo-frases-mujeres\/#primaryimage"},"image":{"@id":"https:\/\/soclose.mx\/blog\/tag\/juan-rulfo-frases-mujeres\/#primaryimage"},"thumbnailUrl":"https:\/\/i0.wp.com\/soclose.mx\/blog\/wp-content\/uploads\/2022\/07\/Carretera_Panamericana_Mexico-49.png?fit=640%2C441&ssl=1","datePublished":"2022-07-23T21:25:30+00:00","breadcrumb":{"@id":"https:\/\/soclose.mx\/blog\/tag\/juan-rulfo-frases-mujeres\/#breadcrumb"},"inLanguage":"es","potentialAction":[{"@type":"ReadAction","target":["https:\/\/soclose.mx\/blog\/tag\/juan-rulfo-frases-mujeres\/"]}]},{"@type":"ImageObject","inLanguage":"es","@id":"https:\/\/soclose.mx\/blog\/tag\/juan-rulfo-frases-mujeres\/#primaryimage","url":"https:\/\/i0.wp.com\/soclose.mx\/blog\/wp-content\/uploads\/2022\/07\/Carretera_Panamericana_Mexico-49.png?fit=640%2C441&ssl=1","contentUrl":"https:\/\/i0.wp.com\/soclose.mx\/blog\/wp-content\/uploads\/2022\/07\/Carretera_Panamericana_Mexico-49.png?fit=640%2C441&ssl=1","width":640,"height":441},{"@type":"BreadcrumbList","@id":"https:\/\/soclose.mx\/blog\/tag\/juan-rulfo-frases-mujeres\/#breadcrumb","itemListElement":[{"@type":"ListItem","position":1,"name":"Inicio","item":"https:\/\/soclose.mx\/blog\/"},{"@type":"ListItem","position":2,"name":"\u00bfLa conoc\u00edas? Panamericana, la carretera m\u00e1s grande del mundo que M\u00e9xico vio nacer"}]},{"@type":"WebSite","@id":"https:\/\/soclose.mx\/blog\/#website","url":"https:\/\/soclose.mx\/blog\/","name":"So Close","description":"Hacemos contenidos de M\u00e9xico","publisher":{"@id":"https:\/\/soclose.mx\/blog\/#organization"},"potentialAction":[{"@type":"SearchAction","target":{"@type":"EntryPoint","urlTemplate":"https:\/\/soclose.mx\/blog\/?s={search_term_string}"},"query-input":{"@type":"PropertyValueSpecification","valueRequired":true,"valueName":"search_term_string"}}],"inLanguage":"es"},{"@type":"Organization","@id":"https:\/\/soclose.mx\/blog\/#organization","name":"So Close","url":"https:\/\/soclose.mx\/blog\/","logo":{"@type":"ImageObject","inLanguage":"es","@id":"https:\/\/soclose.mx\/blog\/#\/schema\/logo\/image\/","url":"https:\/\/i0.wp.com\/soclose.mx\/blog\/wp-content\/uploads\/2020\/12\/LOGO_SOCLOSE_COLOR-e1608310133507.png?fit=2858%2C1264&ssl=1","contentUrl":"https:\/\/i0.wp.com\/soclose.mx\/blog\/wp-content\/uploads\/2020\/12\/LOGO_SOCLOSE_COLOR-e1608310133507.png?fit=2858%2C1264&ssl=1","width":2858,"height":1264,"caption":"So Close"},"image":{"@id":"https:\/\/soclose.mx\/blog\/#\/schema\/logo\/image\/"}},{"@type":"Person","@id":"https:\/\/soclose.mx\/blog\/#\/schema\/person\/54cd06c3a8cdc01a80c08725278aff88","name":"Daniel Ram\u00edrez","image":{"@type":"ImageObject","inLanguage":"es","@id":"https:\/\/soclose.mx\/blog\/#\/schema\/person\/image\/","url":"https:\/\/secure.gravatar.com\/avatar\/74af6012f2e898d2be93cf32e26b59a2c9489743c9ca6270d7848b44edd7d272?s=96&d=mm&r=g","contentUrl":"https:\/\/secure.gravatar.com\/avatar\/74af6012f2e898d2be93cf32e26b59a2c9489743c9ca6270d7848b44edd7d272?s=96&d=mm&r=g","caption":"Daniel Ram\u00edrez"},"url":"https:\/\/soclose.mx\/blog\/author\/peter\/"}]}},"jetpack_featured_media_url":"https:\/\/i0.wp.com\/soclose.mx\/blog\/wp-content\/uploads\/2022\/07\/Carretera_Panamericana_Mexico-49.png?fit=640%2C441&ssl=1","jetpack-related-posts":[{"id":14781,"url":"https:\/\/soclose.mx\/blog\/para-todos\/de-que-se-trata-el-operativo-semana-santa-2025\/","url_meta":{"origin":10700,"position":0},"title":"\u00bfDe qu\u00e9 se trata el Operativo Semana Santa 2025?","author":"So Close","date":"9 abril, 2025","format":false,"excerpt":"El Operativo Semana Santa 2025 de Caminos y Puentes Federales (Capufe) estar\u00e1 en marcha del 11 al 27 de abril de 2025, con el objetivo de garantizar la seguridad y agilizar el tr\u00e1nsito para los m\u00e1s de 22.6 millones de cruces vehiculares que se esperan durante este periodo vacacional. Este\u2026","rel":"","context":"En &quot;Para todos&quot;","block_context":{"text":"Para todos","link":"https:\/\/soclose.mx\/blog\/category\/para-todos\/"},"img":{"alt_text":"Caseta de autopista M\u00e9xico-Cuernavaca","src":"https:\/\/i0.wp.com\/soclose.mx\/blog\/wp-content\/uploads\/2025\/04\/Caseta-de-autopista-Mexico-Cuernavaca.jpg?fit=1200%2C675&ssl=1&resize=350%2C200","width":350,"height":200,"srcset":"https:\/\/i0.wp.com\/soclose.mx\/blog\/wp-content\/uploads\/2025\/04\/Caseta-de-autopista-Mexico-Cuernavaca.jpg?fit=1200%2C675&ssl=1&resize=350%2C200 1x, https:\/\/i0.wp.com\/soclose.mx\/blog\/wp-content\/uploads\/2025\/04\/Caseta-de-autopista-Mexico-Cuernavaca.jpg?fit=1200%2C675&ssl=1&resize=525%2C300 1.5x, https:\/\/i0.wp.com\/soclose.mx\/blog\/wp-content\/uploads\/2025\/04\/Caseta-de-autopista-Mexico-Cuernavaca.jpg?fit=1200%2C675&ssl=1&resize=700%2C400 2x, https:\/\/i0.wp.com\/soclose.mx\/blog\/wp-content\/uploads\/2025\/04\/Caseta-de-autopista-Mexico-Cuernavaca.jpg?fit=1200%2C675&ssl=1&resize=1050%2C600 3x"},"classes":[]},{"id":10174,"url":"https:\/\/soclose.mx\/blog\/news-feed\/pizzero-mexicano-triunfa-en-campeonato-panamericano\/","url_meta":{"origin":10700,"position":1},"title":"Pizzero mexicano triunfa en campeonato panamericano","author":"Daniel Ram\u00edrez","date":"9 junio, 2022","format":false,"excerpt":"No solo los italianos y argentinos saben hacer pizzas, tambi\u00e9n los mexicanos y Joshua Serrano, un cocinero mexicano lo demostr\u00f3 en un certamen internacional. Nuestro paisano se llev\u00f3 el primer lugar en el Campeonato panamericano de la pizza, llevado a cabo en Buenos Aires, Argentina, en el que participaron cientos\u2026","rel":"","context":"En &quot;News feed&quot;","block_context":{"text":"News feed","link":"https:\/\/soclose.mx\/blog\/category\/news-feed\/"},"img":{"alt_text":"","src":"https:\/\/i0.wp.com\/soclose.mx\/blog\/wp-content\/uploads\/2022\/06\/pexels-anna-shvets-5953518-scaled.jpg?fit=1200%2C800&ssl=1&resize=350%2C200","width":350,"height":200,"srcset":"https:\/\/i0.wp.com\/soclose.mx\/blog\/wp-content\/uploads\/2022\/06\/pexels-anna-shvets-5953518-scaled.jpg?fit=1200%2C800&ssl=1&resize=350%2C200 1x, https:\/\/i0.wp.com\/soclose.mx\/blog\/wp-content\/uploads\/2022\/06\/pexels-anna-shvets-5953518-scaled.jpg?fit=1200%2C800&ssl=1&resize=525%2C300 1.5x, https:\/\/i0.wp.com\/soclose.mx\/blog\/wp-content\/uploads\/2022\/06\/pexels-anna-shvets-5953518-scaled.jpg?fit=1200%2C800&ssl=1&resize=700%2C400 2x, https:\/\/i0.wp.com\/soclose.mx\/blog\/wp-content\/uploads\/2022\/06\/pexels-anna-shvets-5953518-scaled.jpg?fit=1200%2C800&ssl=1&resize=1050%2C600 3x"},"classes":[]},{"id":6489,"url":"https:\/\/soclose.mx\/blog\/ay-goeeee\/coatlicue-la-musa-de-artistas-mexicanos-en-el-siglo-xx\/","url_meta":{"origin":10700,"position":2},"title":"Coatlicue, la musa de artistas mexicanos en el siglo XX","author":"So Close","date":"7 julio, 2021","format":false,"excerpt":"De acuerdo con el arque\u00f3logo Leonardo L\u00f3pez Luj\u00e1n, la diosa-madre de la tierra \"Coatlicue\" en la pl\u00e1stica mexicana, en el siglo XX, fue una musa para su arte, muestra de ello comienza con el lienzo Nuestros Dioses Antiguos, que en 1915 pint\u00f3 Saturnino Herr\u00e1n y en el que sintetiz\u00f3 los\u2026","rel":"","context":"En &quot;\u00a1Ay goeeee!&quot;","block_context":{"text":"\u00a1Ay goeeee!","link":"https:\/\/soclose.mx\/blog\/category\/ay-goeeee\/"},"img":{"alt_text":"","src":"https:\/\/i0.wp.com\/soclose.mx\/blog\/wp-content\/uploads\/2021\/07\/coatlicue-artistas-mexicanos.jpeg?fit=1200%2C677&ssl=1&resize=350%2C200","width":350,"height":200,"srcset":"https:\/\/i0.wp.com\/soclose.mx\/blog\/wp-content\/uploads\/2021\/07\/coatlicue-artistas-mexicanos.jpeg?fit=1200%2C677&ssl=1&resize=350%2C200 1x, https:\/\/i0.wp.com\/soclose.mx\/blog\/wp-content\/uploads\/2021\/07\/coatlicue-artistas-mexicanos.jpeg?fit=1200%2C677&ssl=1&resize=525%2C300 1.5x, https:\/\/i0.wp.com\/soclose.mx\/blog\/wp-content\/uploads\/2021\/07\/coatlicue-artistas-mexicanos.jpeg?fit=1200%2C677&ssl=1&resize=700%2C400 2x, https:\/\/i0.wp.com\/soclose.mx\/blog\/wp-content\/uploads\/2021\/07\/coatlicue-artistas-mexicanos.jpeg?fit=1200%2C677&ssl=1&resize=1050%2C600 3x"},"classes":[]},{"id":13544,"url":"https:\/\/soclose.mx\/blog\/seleccion-mexicana\/cuales-son-los-cinco-mejores-deportistas-mexicanos-segun-chatgpt\/","url_meta":{"origin":10700,"position":3},"title":"Cu\u00e1les son los cinco mejores deportistas mexicanos, seg\u00fan ChatGPT","author":"Emmanuel Oviedo","date":"30 abril, 2024","format":false,"excerpt":"M\u00e9xico es cuna de grandes deportistas 9 leyendas que han marcado sus nombres en oro en la historia de diversos deportes. Esa vez, ten\u00edamos la duda de cu\u00e1les son los mejores deportistas en la historia de la naci\u00f3n y de cualquier deporte. Para quitarnos la duda, hemos acudido a ChatGPT\u2026","rel":"","context":"En &quot;Selecci\u00f3n mexicana&quot;","block_context":{"text":"Selecci\u00f3n mexicana","link":"https:\/\/soclose.mx\/blog\/category\/seleccion-mexicana\/"},"img":{"alt_text":"","src":"https:\/\/i0.wp.com\/soclose.mx\/blog\/wp-content\/uploads\/2024\/04\/Chat-GPT-deportistas-mexicanos.jpg?fit=800%2C533&ssl=1&resize=350%2C200","width":350,"height":200,"srcset":"https:\/\/i0.wp.com\/soclose.mx\/blog\/wp-content\/uploads\/2024\/04\/Chat-GPT-deportistas-mexicanos.jpg?fit=800%2C533&ssl=1&resize=350%2C200 1x, https:\/\/i0.wp.com\/soclose.mx\/blog\/wp-content\/uploads\/2024\/04\/Chat-GPT-deportistas-mexicanos.jpg?fit=800%2C533&ssl=1&resize=525%2C300 1.5x, https:\/\/i0.wp.com\/soclose.mx\/blog\/wp-content\/uploads\/2024\/04\/Chat-GPT-deportistas-mexicanos.jpg?fit=800%2C533&ssl=1&resize=700%2C400 2x"},"classes":[]},{"id":13094,"url":"https:\/\/soclose.mx\/blog\/para-todos\/de-atleta-olimpico-a-politico-mexicano-cinco-casos-de-compromiso\/","url_meta":{"origin":10700,"position":4},"title":"De atleta ol\u00edmpico a pol\u00edtico mexicano: cinco casos de compromiso","author":"Emmanuel Oviedo","date":"5 febrero, 2024","format":false,"excerpt":"Mexico tiene un palmar\u00e9s cuando se trata de competencias ol\u00edmpicas y deportistas. Personajes que destacaron como grandes deportistas en su momento, el atleta ol\u00edmpico y l\u00edder en sus disciplina. Ahora, como mexicanos destacados, pasaron de la disciplina deportiva a la participaci\u00f3n ciudadana para el bien de nuestro pa\u00eds. Ahora que\u2026","rel":"","context":"En &quot;Para todos&quot;","block_context":{"text":"Para todos","link":"https:\/\/soclose.mx\/blog\/category\/para-todos\/"},"img":{"alt_text":"","src":"https:\/\/i0.wp.com\/soclose.mx\/blog\/wp-content\/uploads\/2024\/01\/Tatiana-ortiz-Olimpiadas-1-3.jpg?fit=800%2C532&ssl=1&resize=350%2C200","width":350,"height":200,"srcset":"https:\/\/i0.wp.com\/soclose.mx\/blog\/wp-content\/uploads\/2024\/01\/Tatiana-ortiz-Olimpiadas-1-3.jpg?fit=800%2C532&ssl=1&resize=350%2C200 1x, https:\/\/i0.wp.com\/soclose.mx\/blog\/wp-content\/uploads\/2024\/01\/Tatiana-ortiz-Olimpiadas-1-3.jpg?fit=800%2C532&ssl=1&resize=525%2C300 1.5x, https:\/\/i0.wp.com\/soclose.mx\/blog\/wp-content\/uploads\/2024\/01\/Tatiana-ortiz-Olimpiadas-1-3.jpg?fit=800%2C532&ssl=1&resize=700%2C400 2x"},"classes":[]},{"id":13842,"url":"https:\/\/soclose.mx\/blog\/seleccion-mexicana\/prisca-awiti-la-judoca-mexicana-que-hizo-historia-en-paris-2024\/","url_meta":{"origin":10700,"position":5},"title":"Prisca Awiti: La judoca mexicana que hizo historia en Par\u00eds 2024","author":"So Close","date":"30 julio, 2024","format":false,"excerpt":"Prisca Guadalupe Awiti Alcar\u00e1z, de 28 a\u00f1os, se convirti\u00f3 en la primera mexicana en ganar una medalla ol\u00edmpica en judo al obtener la plata en la categor\u00eda -63 kg durante los Juegos Ol\u00edmpicos de Par\u00eds 2024.\u00a0 Prisca Awiti: la judoca mexicana, nacida en Londres, Inglaterra, de madre mexicana y padre\u2026","rel":"","context":"En &quot;News feed&quot;","block_context":{"text":"News feed","link":"https:\/\/soclose.mx\/blog\/category\/news-feed\/"},"img":{"alt_text":"Prisca Awiti, judoca mexicana","src":"https:\/\/i0.wp.com\/soclose.mx\/blog\/wp-content\/uploads\/2024\/07\/Prisca-Awiti-judocamexicana.jpg?fit=1200%2C940&ssl=1&resize=350%2C200","width":350,"height":200,"srcset":"https:\/\/i0.wp.com\/soclose.mx\/blog\/wp-content\/uploads\/2024\/07\/Prisca-Awiti-judocamexicana.jpg?fit=1200%2C940&ssl=1&resize=350%2C200 1x, https:\/\/i0.wp.com\/soclose.mx\/blog\/wp-content\/uploads\/2024\/07\/Prisca-Awiti-judocamexicana.jpg?fit=1200%2C940&ssl=1&resize=525%2C300 1.5x, https:\/\/i0.wp.com\/soclose.mx\/blog\/wp-content\/uploads\/2024\/07\/Prisca-Awiti-judocamexicana.jpg?fit=1200%2C940&ssl=1&resize=700%2C400 2x, https:\/\/i0.wp.com\/soclose.mx\/blog\/wp-content\/uploads\/2024\/07\/Prisca-Awiti-judocamexicana.jpg?fit=1200%2C940&ssl=1&resize=1050%2C600 3x"},"classes":[]}],"jetpack_sharing_enabled":true,"_links":{"self":[{"href":"https:\/\/soclose.mx\/blog\/wp-json\/wp\/v2\/posts\/10700","targetHints":{"allow":["GET"]}}],"collection":[{"href":"https:\/\/soclose.mx\/blog\/wp-json\/wp\/v2\/posts"}],"about":[{"href":"https:\/\/soclose.mx\/blog\/wp-json\/wp\/v2\/types\/post"}],"author":[{"embeddable":true,"href":"https:\/\/soclose.mx\/blog\/wp-json\/wp\/v2\/users\/9"}],"replies":[{"embeddable":true,"href":"https:\/\/soclose.mx\/blog\/wp-json\/wp\/v2\/comments?post=10700"}],"version-history":[{"count":0,"href":"https:\/\/soclose.mx\/blog\/wp-json\/wp\/v2\/posts\/10700\/revisions"}],"wp:featuredmedia":[{"embeddable":true,"href":"https:\/\/soclose.mx\/blog\/wp-json\/wp\/v2\/media\/10704"}],"wp:attachment":[{"href":"https:\/\/soclose.mx\/blog\/wp-json\/wp\/v2\/media?parent=10700"}],"wp:term":[{"taxonomy":"category","embeddable":true,"href":"https:\/\/soclose.mx\/blog\/wp-json\/wp\/v2\/categories?post=10700"},{"taxonomy":"post_tag","embeddable":true,"href":"https:\/\/soclose.mx\/blog\/wp-json\/wp\/v2\/tags?post=10700"}],"curies":[{"name":"wp","href":"https:\/\/api.w.org\/{rel}","templated":true}]}}