{"id":10742,"date":"2022-07-28T18:12:20","date_gmt":"2022-07-28T23:12:20","guid":{"rendered":"https:\/\/soclose.mx\/blog\/?p=10742"},"modified":"2022-12-12T11:37:25","modified_gmt":"2022-12-12T17:37:25","slug":"mexicano-disena-nuevo-modelo-de-la-legendaria-combi","status":"publish","type":"post","link":"https:\/\/soclose.mx\/blog\/para-todos\/mexicano-disena-nuevo-modelo-de-la-legendaria-combi\/","title":{"rendered":"Mexicano dise\u00f1a nuevo modelo de la legendaria &#8220;Combi&#8221;"},"content":{"rendered":"<p>Volante grande (algunos le pon\u00edan una bola de billar para que luciera m\u00e1s), sin cofre, asiento delantero para tres personas y muy amplia, as\u00ed era la legendaria <strong>&#8220;Combi&#8221; de la marca Volkswagen.<\/strong><\/p>\n<p>Esa camionetita era multiusos, lo mismo se usaba de carga como para <strong>transporte p\u00fablico<\/strong> en colonias populares de la <a href=\"https:\/\/soclose.mx\/blog\/ay-goeeee\/chicles-mexicanos-a-marte\/\">Ciudad de M\u00e9xico.<\/a> Incluso aparece en la serie animada <strong>Scooby-Doo<\/strong> y en varias pel\u00edculas nacionales y .extranjeras<\/p>\n<p>Pero un d\u00eda se dejaron de fabricar y pasaron a la historia. Afortunadamente un dise\u00f1ador mexicano quien trabaja como miembro del <strong>Design Team<\/strong> de la compa\u00f1\u00eda alemana en su planta matriz en <strong>Wolfsburg, Alemania,<\/strong> apareci\u00f3 para revivirla.<\/p>\n<p><strong>Einar Castillo<\/strong>, egresado del <strong>Centro de Investigaciones de Dise\u00f1o Industrial (CIDI)<\/strong> de la Universidad Nacional Aut\u00f3noma de M\u00e9xico (UNAM), dise\u00f1\u00f3 la ID. Buzz, una camioneta totalmente el\u00e9ctrica, inspirada en la emblem\u00e1tica &#8220;Combi&#8221; de los a\u00f1os 60 y 70.<\/p>\n<p>El mexicano fue elegido como el dise\u00f1ador principal del veh\u00edculo, que fue dado a conocer hace unas semanas en todo el mundo: \u201cHa sido incre\u00edble para m\u00ed, fue un privilegio; esta es la oportunidad de toda una vida, fue estar en el momento correcto.&#8221;<\/p>\n<p>En la camioneta se puede apreciar todo el esp\u00edritu de dise\u00f1o que tomaron de la &#8220;Combi&#8221;, en una interpretaci\u00f3n moderna y fresca.<\/p>\n<blockquote class=\"instagram-media\" data-instgrm-captioned data-instgrm-permalink=\"https:\/\/www.instagram.com\/p\/CebmItnsguW\/?utm_source=ig_embed&amp;utm_campaign=loading\" data-instgrm-version=\"14\" style=\" background:#FFF; border:0; border-radius:3px; box-shadow:0 0 1px 0 rgba(0,0,0,0.5),0 1px 10px 0 rgba(0,0,0,0.15); margin: 1px; max-width:658px; min-width:326px; padding:0; width:99.375%; width:-webkit-calc(100% - 2px); width:calc(100% - 2px);\">\n<div style=\"padding:16px;\"> <a href=\"https:\/\/www.instagram.com\/p\/CebmItnsguW\/?utm_source=ig_embed&amp;utm_campaign=loading\" style=\" background:#FFFFFF; line-height:0; padding:0 0; text-align:center; text-decoration:none; width:100%;\" target=\"_blank\"> <\/p>\n<div style=\" display: flex; flex-direction: row; align-items: center;\">\n<div style=\"background-color: #F4F4F4; border-radius: 50%; flex-grow: 0; height: 40px; margin-right: 14px; width: 40px;\"><\/div>\n<div style=\"display: flex; flex-direction: column; flex-grow: 1; justify-content: center;\">\n<div style=\" background-color: #F4F4F4; border-radius: 4px; flex-grow: 0; height: 14px; margin-bottom: 6px; width: 100px;\"><\/div>\n<div style=\" background-color: #F4F4F4; border-radius: 4px; flex-grow: 0; height: 14px; width: 60px;\"><\/div>\n<\/div>\n<\/div>\n<div style=\"padding: 19% 0;\"><\/div>\n<div style=\"display:block; height:50px; margin:0 auto 12px; width:50px;\"><svg width=\"50px\" height=\"50px\" viewBox=\"0 0 60 60\" version=\"1.1\" xmlns=\"https:\/\/www.w3.org\/2000\/svg\" xmlns:xlink=\"https:\/\/www.w3.org\/1999\/xlink\"><g stroke=\"none\" stroke-width=\"1\" fill=\"none\" fill-rule=\"evenodd\"><g transform=\"translate(-511.000000, -20.000000)\" fill=\"#000000\"><g><path d=\"M556.869,30.41 C554.814,30.41 553.148,32.076 553.148,34.131 C553.148,36.186 554.814,37.852 556.869,37.852 C558.924,37.852 560.59,36.186 560.59,34.131 C560.59,32.076 558.924,30.41 556.869,30.41 M541,60.657 C535.114,60.657 530.342,55.887 530.342,50 C530.342,44.114 535.114,39.342 541,39.342 C546.887,39.342 551.658,44.114 551.658,50 C551.658,55.887 546.887,60.657 541,60.657 M541,33.886 C532.1,33.886 524.886,41.1 524.886,50 C524.886,58.899 532.1,66.113 541,66.113 C549.9,66.113 557.115,58.899 557.115,50 C557.115,41.1 549.9,33.886 541,33.886 M565.378,62.101 C565.244,65.022 564.756,66.606 564.346,67.663 C563.803,69.06 563.154,70.057 562.106,71.106 C561.058,72.155 560.06,72.803 558.662,73.347 C557.607,73.757 556.021,74.244 553.102,74.378 C549.944,74.521 548.997,74.552 541,74.552 C533.003,74.552 532.056,74.521 528.898,74.378 C525.979,74.244 524.393,73.757 523.338,73.347 C521.94,72.803 520.942,72.155 519.894,71.106 C518.846,70.057 518.197,69.06 517.654,67.663 C517.244,66.606 516.755,65.022 516.623,62.101 C516.479,58.943 516.448,57.996 516.448,50 C516.448,42.003 516.479,41.056 516.623,37.899 C516.755,34.978 517.244,33.391 517.654,32.338 C518.197,30.938 518.846,29.942 519.894,28.894 C520.942,27.846 521.94,27.196 523.338,26.654 C524.393,26.244 525.979,25.756 528.898,25.623 C532.057,25.479 533.004,25.448 541,25.448 C548.997,25.448 549.943,25.479 553.102,25.623 C556.021,25.756 557.607,26.244 558.662,26.654 C560.06,27.196 561.058,27.846 562.106,28.894 C563.154,29.942 563.803,30.938 564.346,32.338 C564.756,33.391 565.244,34.978 565.378,37.899 C565.522,41.056 565.552,42.003 565.552,50 C565.552,57.996 565.522,58.943 565.378,62.101 M570.82,37.631 C570.674,34.438 570.167,32.258 569.425,30.349 C568.659,28.377 567.633,26.702 565.965,25.035 C564.297,23.368 562.623,22.342 560.652,21.575 C558.743,20.834 556.562,20.326 553.369,20.18 C550.169,20.033 549.148,20 541,20 C532.853,20 531.831,20.033 528.631,20.18 C525.438,20.326 523.257,20.834 521.349,21.575 C519.376,22.342 517.703,23.368 516.035,25.035 C514.368,26.702 513.342,28.377 512.574,30.349 C511.834,32.258 511.326,34.438 511.181,37.631 C511.035,40.831 511,41.851 511,50 C511,58.147 511.035,59.17 511.181,62.369 C511.326,65.562 511.834,67.743 512.574,69.651 C513.342,71.625 514.368,73.296 516.035,74.965 C517.703,76.634 519.376,77.658 521.349,78.425 C523.257,79.167 525.438,79.673 528.631,79.82 C531.831,79.965 532.853,80.001 541,80.001 C549.148,80.001 550.169,79.965 553.369,79.82 C556.562,79.673 558.743,79.167 560.652,78.425 C562.623,77.658 564.297,76.634 565.965,74.965 C567.633,73.296 568.659,71.625 569.425,69.651 C570.167,67.743 570.674,65.562 570.82,62.369 C570.966,59.17 571,58.147 571,50 C571,41.851 570.966,40.831 570.82,37.631\"><\/path><\/g><\/g><\/g><\/svg><\/div>\n<div style=\"padding-top: 8px;\">\n<div style=\" color:#3897f0; font-family:Arial,sans-serif; font-size:14px; font-style:normal; font-weight:550; line-height:18px;\">View this post on Instagram<\/div>\n<\/div>\n<div style=\"padding: 12.5% 0;\"><\/div>\n<div style=\"display: flex; flex-direction: row; margin-bottom: 14px; align-items: center;\">\n<div>\n<div style=\"background-color: #F4F4F4; border-radius: 50%; height: 12.5px; width: 12.5px; transform: translateX(0px) translateY(7px);\"><\/div>\n<div style=\"background-color: #F4F4F4; height: 12.5px; transform: rotate(-45deg) translateX(3px) translateY(1px); width: 12.5px; flex-grow: 0; margin-right: 14px; margin-left: 2px;\"><\/div>\n<div style=\"background-color: #F4F4F4; border-radius: 50%; height: 12.5px; width: 12.5px; transform: translateX(9px) translateY(-18px);\"><\/div>\n<\/div>\n<div style=\"margin-left: 8px;\">\n<div style=\" background-color: #F4F4F4; border-radius: 50%; flex-grow: 0; height: 20px; width: 20px;\"><\/div>\n<div style=\" width: 0; height: 0; border-top: 2px solid transparent; border-left: 6px solid #f4f4f4; border-bottom: 2px solid transparent; transform: translateX(16px) translateY(-4px) rotate(30deg)\"><\/div>\n<\/div>\n<div style=\"margin-left: auto;\">\n<div style=\" width: 0px; border-top: 8px solid #F4F4F4; border-right: 8px solid transparent; transform: translateY(16px);\"><\/div>\n<div style=\" background-color: #F4F4F4; flex-grow: 0; height: 12px; width: 16px; transform: translateY(-4px);\"><\/div>\n<div style=\" width: 0; height: 0; border-top: 8px solid #F4F4F4; border-left: 8px solid transparent; transform: translateY(-4px) translateX(8px);\"><\/div>\n<\/div>\n<\/div>\n<div style=\"display: flex; flex-direction: column; flex-grow: 1; justify-content: center; margin-bottom: 24px;\">\n<div style=\" background-color: #F4F4F4; border-radius: 4px; flex-grow: 0; height: 14px; margin-bottom: 6px; width: 224px;\"><\/div>\n<div style=\" background-color: #F4F4F4; border-radius: 4px; flex-grow: 0; height: 14px; width: 144px;\"><\/div>\n<\/div>\n<p><\/a><\/p>\n<p style=\" color:#c9c8cd; font-family:Arial,sans-serif; font-size:14px; line-height:17px; margin-bottom:0; margin-top:8px; overflow:hidden; padding:8px 0 7px; text-align:center; text-overflow:ellipsis; white-space:nowrap;\"><a href=\"https:\/\/www.instagram.com\/p\/CebmItnsguW\/?utm_source=ig_embed&amp;utm_campaign=loading\" style=\" color:#c9c8cd; font-family:Arial,sans-serif; font-size:14px; font-style:normal; font-weight:normal; line-height:17px; text-decoration:none;\" target=\"_blank\">A post shared by Volkswagen Me\u0301xico (@volkswagenmexico)<\/a><\/p>\n<\/div>\n<\/blockquote>\n<p><script async src=\"\/\/platform.instagram.com\/en_US\/embeds.js\"><\/script><\/p>\n<p>&nbsp;<\/p>\n<p>&nbsp;<\/p>\n","protected":false},"excerpt":{"rendered":"<p>Volante grande (algunos le pon\u00edan una bola de billar para que luciera m\u00e1s), sin cofre, asiento delantero para tres personas y muy amplia, as\u00ed era la legendaria &#8220;Combi&#8221; de la marca Volkswagen. Esa camionetita era multiusos, lo mismo se usaba de carga como para transporte p\u00fablico en colonias populares de la Ciudad de M\u00e9xico. Incluso aparece en la serie animada Scooby-Doo y en varias pel\u00edculas nacionales y .extranjeras Pero un d\u00eda se dejaron de fabricar y pasaron a la historia. Afortunadamente un dise\u00f1ador mexicano quien trabaja como miembro del Design Team de la compa\u00f1\u00eda alemana en su planta matriz en<\/p>\n","protected":false},"author":9,"featured_media":10743,"comment_status":"open","ping_status":"open","sticky":false,"template":"","format":"standard","meta":{"_jetpack_memberships_contains_paid_content":false,"footnotes":""},"categories":[1674],"tags":[2653,2654,399,2656,2655,2658,2657,2321],"class_list":["post-10742","post","type-post","status-publish","format-standard","has-post-thumbnail","hentry","category-para-todos","tag-centro-de-investigaciones-de-diseno-industrial","tag-cidi","tag-ciudad-de-mexico","tag-combi","tag-einar-catillo","tag-mexicano-combi","tag-mexicano-en-alemania","tag-volkswagen"],"yoast_head":"<!-- This site is optimized with the Yoast SEO plugin v26.7 - https:\/\/yoast.com\/wordpress\/plugins\/seo\/ -->\n<title>Mexicano dise\u00f1a nuevo modelo de la legendaria &quot;Combi&quot; - So Close<\/title>\n<meta name=\"robots\" content=\"index, follow, max-snippet:-1, max-image-preview:large, max-video-preview:-1\" \/>\n<link rel=\"canonical\" href=\"https:\/\/soclose.mx\/blog\/tag\/juan-rulfo-frases-mujeres\/\" \/>\n<meta property=\"og:locale\" content=\"es_MX\" \/>\n<meta property=\"og:type\" content=\"article\" \/>\n<meta property=\"og:title\" content=\"Mexicano dise\u00f1a nuevo modelo de la legendaria &quot;Combi&quot; - So Close\" \/>\n<meta property=\"og:description\" content=\"Volante grande (algunos le pon\u00edan una bola de billar para que luciera m\u00e1s), sin cofre, asiento delantero para tres personas y muy amplia, as\u00ed era la legendaria &#8220;Combi&#8221; de la marca Volkswagen. Esa camionetita era multiusos, lo mismo se usaba de carga como para transporte p\u00fablico en colonias populares de la Ciudad de M\u00e9xico. Incluso aparece en la serie animada Scooby-Doo y en varias pel\u00edculas nacionales y .extranjeras Pero un d\u00eda se dejaron de fabricar y pasaron a la historia. Afortunadamente un dise\u00f1ador mexicano quien trabaja como miembro del Design Team de la compa\u00f1\u00eda alemana en su planta matriz en\" \/>\n<meta property=\"og:url\" content=\"https:\/\/soclose.mx\/blog\/tag\/juan-rulfo-frases-mujeres\/\" \/>\n<meta property=\"og:site_name\" content=\"So Close\" \/>\n<meta property=\"article:published_time\" content=\"2022-07-28T23:12:20+00:00\" \/>\n<meta property=\"article:modified_time\" content=\"2022-12-12T17:37:25+00:00\" \/>\n<meta property=\"og:image\" content=\"https:\/\/i0.wp.com\/soclose.mx\/blog\/wp-content\/uploads\/2022\/07\/WhatsApp-Image-2022-07-28-at-6.06.49-PM.jpeg?fit=1024%2C687&ssl=1\" \/>\n\t<meta property=\"og:image:width\" content=\"1024\" \/>\n\t<meta property=\"og:image:height\" content=\"687\" \/>\n\t<meta property=\"og:image:type\" content=\"image\/jpeg\" \/>\n<meta name=\"author\" content=\"Daniel Ram\u00edrez\" \/>\n<meta name=\"twitter:card\" content=\"summary_large_image\" \/>\n<meta name=\"twitter:label1\" content=\"Escrito por\" \/>\n\t<meta name=\"twitter:data1\" content=\"Daniel Ram\u00edrez\" \/>\n\t<meta name=\"twitter:label2\" content=\"Tiempo de lectura\" \/>\n\t<meta name=\"twitter:data2\" content=\"1 minuto\" \/>\n<script type=\"application\/ld+json\" class=\"yoast-schema-graph\">{\"@context\":\"https:\/\/schema.org\",\"@graph\":[{\"@type\":\"Article\",\"@id\":\"https:\/\/soclose.mx\/blog\/tag\/juan-rulfo-frases-mujeres\/#article\",\"isPartOf\":{\"@id\":\"https:\/\/soclose.mx\/blog\/tag\/juan-rulfo-frases-mujeres\/\"},\"author\":{\"name\":\"Daniel Ram\u00edrez\",\"@id\":\"https:\/\/soclose.mx\/blog\/#\/schema\/person\/54cd06c3a8cdc01a80c08725278aff88\"},\"headline\":\"Mexicano dise\u00f1a nuevo modelo de la legendaria &#8220;Combi&#8221;\",\"datePublished\":\"2022-07-28T23:12:20+00:00\",\"dateModified\":\"2022-12-12T17:37:25+00:00\",\"mainEntityOfPage\":{\"@id\":\"https:\/\/soclose.mx\/blog\/tag\/juan-rulfo-frases-mujeres\/\"},\"wordCount\":248,\"commentCount\":0,\"publisher\":{\"@id\":\"https:\/\/soclose.mx\/blog\/#organization\"},\"image\":{\"@id\":\"https:\/\/soclose.mx\/blog\/tag\/juan-rulfo-frases-mujeres\/#primaryimage\"},\"thumbnailUrl\":\"https:\/\/i0.wp.com\/soclose.mx\/blog\/wp-content\/uploads\/2022\/07\/WhatsApp-Image-2022-07-28-at-6.06.49-PM.jpeg?fit=1024%2C687&ssl=1\",\"keywords\":[\"Centro de Investigaciones de Dise\u00f1o Industrial\",\"CIDI\",\"ciudad de mexico\",\"combi\",\"einar catillo\",\"mexicano combi\",\"mexicano en alemania\",\"volkswagen\"],\"articleSection\":[\"Para todos\"],\"inLanguage\":\"es\",\"potentialAction\":[{\"@type\":\"CommentAction\",\"name\":\"Comment\",\"target\":[\"https:\/\/soclose.mx\/blog\/tag\/juan-rulfo-frases-mujeres\/#respond\"]}]},{\"@type\":\"WebPage\",\"@id\":\"https:\/\/soclose.mx\/blog\/tag\/juan-rulfo-frases-mujeres\/\",\"url\":\"https:\/\/soclose.mx\/blog\/tag\/juan-rulfo-frases-mujeres\/\",\"name\":\"Mexicano dise\u00f1a nuevo modelo de la legendaria \\\"Combi\\\" - So Close\",\"isPartOf\":{\"@id\":\"https:\/\/soclose.mx\/blog\/#website\"},\"primaryImageOfPage\":{\"@id\":\"https:\/\/soclose.mx\/blog\/tag\/juan-rulfo-frases-mujeres\/#primaryimage\"},\"image\":{\"@id\":\"https:\/\/soclose.mx\/blog\/tag\/juan-rulfo-frases-mujeres\/#primaryimage\"},\"thumbnailUrl\":\"https:\/\/i0.wp.com\/soclose.mx\/blog\/wp-content\/uploads\/2022\/07\/WhatsApp-Image-2022-07-28-at-6.06.49-PM.jpeg?fit=1024%2C687&ssl=1\",\"datePublished\":\"2022-07-28T23:12:20+00:00\",\"dateModified\":\"2022-12-12T17:37:25+00:00\",\"breadcrumb\":{\"@id\":\"https:\/\/soclose.mx\/blog\/tag\/juan-rulfo-frases-mujeres\/#breadcrumb\"},\"inLanguage\":\"es\",\"potentialAction\":[{\"@type\":\"ReadAction\",\"target\":[\"https:\/\/soclose.mx\/blog\/tag\/juan-rulfo-frases-mujeres\/\"]}]},{\"@type\":\"ImageObject\",\"inLanguage\":\"es\",\"@id\":\"https:\/\/soclose.mx\/blog\/tag\/juan-rulfo-frases-mujeres\/#primaryimage\",\"url\":\"https:\/\/i0.wp.com\/soclose.mx\/blog\/wp-content\/uploads\/2022\/07\/WhatsApp-Image-2022-07-28-at-6.06.49-PM.jpeg?fit=1024%2C687&ssl=1\",\"contentUrl\":\"https:\/\/i0.wp.com\/soclose.mx\/blog\/wp-content\/uploads\/2022\/07\/WhatsApp-Image-2022-07-28-at-6.06.49-PM.jpeg?fit=1024%2C687&ssl=1\",\"width\":1024,\"height\":687},{\"@type\":\"BreadcrumbList\",\"@id\":\"https:\/\/soclose.mx\/blog\/tag\/juan-rulfo-frases-mujeres\/#breadcrumb\",\"itemListElement\":[{\"@type\":\"ListItem\",\"position\":1,\"name\":\"Inicio\",\"item\":\"https:\/\/soclose.mx\/blog\/\"},{\"@type\":\"ListItem\",\"position\":2,\"name\":\"Mexicano dise\u00f1a nuevo modelo de la legendaria &#8220;Combi&#8221;\"}]},{\"@type\":\"WebSite\",\"@id\":\"https:\/\/soclose.mx\/blog\/#website\",\"url\":\"https:\/\/soclose.mx\/blog\/\",\"name\":\"So Close\",\"description\":\"Hacemos contenidos de M\u00e9xico\",\"publisher\":{\"@id\":\"https:\/\/soclose.mx\/blog\/#organization\"},\"potentialAction\":[{\"@type\":\"SearchAction\",\"target\":{\"@type\":\"EntryPoint\",\"urlTemplate\":\"https:\/\/soclose.mx\/blog\/?s={search_term_string}\"},\"query-input\":{\"@type\":\"PropertyValueSpecification\",\"valueRequired\":true,\"valueName\":\"search_term_string\"}}],\"inLanguage\":\"es\"},{\"@type\":\"Organization\",\"@id\":\"https:\/\/soclose.mx\/blog\/#organization\",\"name\":\"So Close\",\"url\":\"https:\/\/soclose.mx\/blog\/\",\"logo\":{\"@type\":\"ImageObject\",\"inLanguage\":\"es\",\"@id\":\"https:\/\/soclose.mx\/blog\/#\/schema\/logo\/image\/\",\"url\":\"https:\/\/i0.wp.com\/soclose.mx\/blog\/wp-content\/uploads\/2020\/12\/LOGO_SOCLOSE_COLOR-e1608310133507.png?fit=2858%2C1264&ssl=1\",\"contentUrl\":\"https:\/\/i0.wp.com\/soclose.mx\/blog\/wp-content\/uploads\/2020\/12\/LOGO_SOCLOSE_COLOR-e1608310133507.png?fit=2858%2C1264&ssl=1\",\"width\":2858,\"height\":1264,\"caption\":\"So Close\"},\"image\":{\"@id\":\"https:\/\/soclose.mx\/blog\/#\/schema\/logo\/image\/\"}},{\"@type\":\"Person\",\"@id\":\"https:\/\/soclose.mx\/blog\/#\/schema\/person\/54cd06c3a8cdc01a80c08725278aff88\",\"name\":\"Daniel Ram\u00edrez\",\"image\":{\"@type\":\"ImageObject\",\"inLanguage\":\"es\",\"@id\":\"https:\/\/soclose.mx\/blog\/#\/schema\/person\/image\/\",\"url\":\"https:\/\/secure.gravatar.com\/avatar\/74af6012f2e898d2be93cf32e26b59a2c9489743c9ca6270d7848b44edd7d272?s=96&d=mm&r=g\",\"contentUrl\":\"https:\/\/secure.gravatar.com\/avatar\/74af6012f2e898d2be93cf32e26b59a2c9489743c9ca6270d7848b44edd7d272?s=96&d=mm&r=g\",\"caption\":\"Daniel Ram\u00edrez\"},\"url\":\"https:\/\/soclose.mx\/blog\/author\/peter\/\"}]}<\/script>\n<!-- \/ Yoast SEO plugin. -->","yoast_head_json":{"title":"Mexicano dise\u00f1a nuevo modelo de la legendaria \"Combi\" - So Close","robots":{"index":"index","follow":"follow","max-snippet":"max-snippet:-1","max-image-preview":"max-image-preview:large","max-video-preview":"max-video-preview:-1"},"canonical":"https:\/\/soclose.mx\/blog\/tag\/juan-rulfo-frases-mujeres\/","og_locale":"es_MX","og_type":"article","og_title":"Mexicano dise\u00f1a nuevo modelo de la legendaria \"Combi\" - So Close","og_description":"Volante grande (algunos le pon\u00edan una bola de billar para que luciera m\u00e1s), sin cofre, asiento delantero para tres personas y muy amplia, as\u00ed era la legendaria &#8220;Combi&#8221; de la marca Volkswagen. Esa camionetita era multiusos, lo mismo se usaba de carga como para transporte p\u00fablico en colonias populares de la Ciudad de M\u00e9xico. Incluso aparece en la serie animada Scooby-Doo y en varias pel\u00edculas nacionales y .extranjeras Pero un d\u00eda se dejaron de fabricar y pasaron a la historia. Afortunadamente un dise\u00f1ador mexicano quien trabaja como miembro del Design Team de la compa\u00f1\u00eda alemana en su planta matriz en","og_url":"https:\/\/soclose.mx\/blog\/tag\/juan-rulfo-frases-mujeres\/","og_site_name":"So Close","article_published_time":"2022-07-28T23:12:20+00:00","article_modified_time":"2022-12-12T17:37:25+00:00","og_image":[{"width":1024,"height":687,"url":"https:\/\/i0.wp.com\/soclose.mx\/blog\/wp-content\/uploads\/2022\/07\/WhatsApp-Image-2022-07-28-at-6.06.49-PM.jpeg?fit=1024%2C687&ssl=1","type":"image\/jpeg"}],"author":"Daniel Ram\u00edrez","twitter_card":"summary_large_image","twitter_misc":{"Escrito por":"Daniel Ram\u00edrez","Tiempo de lectura":"1 minuto"},"schema":{"@context":"https:\/\/schema.org","@graph":[{"@type":"Article","@id":"https:\/\/soclose.mx\/blog\/tag\/juan-rulfo-frases-mujeres\/#article","isPartOf":{"@id":"https:\/\/soclose.mx\/blog\/tag\/juan-rulfo-frases-mujeres\/"},"author":{"name":"Daniel Ram\u00edrez","@id":"https:\/\/soclose.mx\/blog\/#\/schema\/person\/54cd06c3a8cdc01a80c08725278aff88"},"headline":"Mexicano dise\u00f1a nuevo modelo de la legendaria &#8220;Combi&#8221;","datePublished":"2022-07-28T23:12:20+00:00","dateModified":"2022-12-12T17:37:25+00:00","mainEntityOfPage":{"@id":"https:\/\/soclose.mx\/blog\/tag\/juan-rulfo-frases-mujeres\/"},"wordCount":248,"commentCount":0,"publisher":{"@id":"https:\/\/soclose.mx\/blog\/#organization"},"image":{"@id":"https:\/\/soclose.mx\/blog\/tag\/juan-rulfo-frases-mujeres\/#primaryimage"},"thumbnailUrl":"https:\/\/i0.wp.com\/soclose.mx\/blog\/wp-content\/uploads\/2022\/07\/WhatsApp-Image-2022-07-28-at-6.06.49-PM.jpeg?fit=1024%2C687&ssl=1","keywords":["Centro de Investigaciones de Dise\u00f1o Industrial","CIDI","ciudad de mexico","combi","einar catillo","mexicano combi","mexicano en alemania","volkswagen"],"articleSection":["Para todos"],"inLanguage":"es","potentialAction":[{"@type":"CommentAction","name":"Comment","target":["https:\/\/soclose.mx\/blog\/tag\/juan-rulfo-frases-mujeres\/#respond"]}]},{"@type":"WebPage","@id":"https:\/\/soclose.mx\/blog\/tag\/juan-rulfo-frases-mujeres\/","url":"https:\/\/soclose.mx\/blog\/tag\/juan-rulfo-frases-mujeres\/","name":"Mexicano dise\u00f1a nuevo modelo de la legendaria \"Combi\" - So Close","isPartOf":{"@id":"https:\/\/soclose.mx\/blog\/#website"},"primaryImageOfPage":{"@id":"https:\/\/soclose.mx\/blog\/tag\/juan-rulfo-frases-mujeres\/#primaryimage"},"image":{"@id":"https:\/\/soclose.mx\/blog\/tag\/juan-rulfo-frases-mujeres\/#primaryimage"},"thumbnailUrl":"https:\/\/i0.wp.com\/soclose.mx\/blog\/wp-content\/uploads\/2022\/07\/WhatsApp-Image-2022-07-28-at-6.06.49-PM.jpeg?fit=1024%2C687&ssl=1","datePublished":"2022-07-28T23:12:20+00:00","dateModified":"2022-12-12T17:37:25+00:00","breadcrumb":{"@id":"https:\/\/soclose.mx\/blog\/tag\/juan-rulfo-frases-mujeres\/#breadcrumb"},"inLanguage":"es","potentialAction":[{"@type":"ReadAction","target":["https:\/\/soclose.mx\/blog\/tag\/juan-rulfo-frases-mujeres\/"]}]},{"@type":"ImageObject","inLanguage":"es","@id":"https:\/\/soclose.mx\/blog\/tag\/juan-rulfo-frases-mujeres\/#primaryimage","url":"https:\/\/i0.wp.com\/soclose.mx\/blog\/wp-content\/uploads\/2022\/07\/WhatsApp-Image-2022-07-28-at-6.06.49-PM.jpeg?fit=1024%2C687&ssl=1","contentUrl":"https:\/\/i0.wp.com\/soclose.mx\/blog\/wp-content\/uploads\/2022\/07\/WhatsApp-Image-2022-07-28-at-6.06.49-PM.jpeg?fit=1024%2C687&ssl=1","width":1024,"height":687},{"@type":"BreadcrumbList","@id":"https:\/\/soclose.mx\/blog\/tag\/juan-rulfo-frases-mujeres\/#breadcrumb","itemListElement":[{"@type":"ListItem","position":1,"name":"Inicio","item":"https:\/\/soclose.mx\/blog\/"},{"@type":"ListItem","position":2,"name":"Mexicano dise\u00f1a nuevo modelo de la legendaria &#8220;Combi&#8221;"}]},{"@type":"WebSite","@id":"https:\/\/soclose.mx\/blog\/#website","url":"https:\/\/soclose.mx\/blog\/","name":"So Close","description":"Hacemos contenidos de M\u00e9xico","publisher":{"@id":"https:\/\/soclose.mx\/blog\/#organization"},"potentialAction":[{"@type":"SearchAction","target":{"@type":"EntryPoint","urlTemplate":"https:\/\/soclose.mx\/blog\/?s={search_term_string}"},"query-input":{"@type":"PropertyValueSpecification","valueRequired":true,"valueName":"search_term_string"}}],"inLanguage":"es"},{"@type":"Organization","@id":"https:\/\/soclose.mx\/blog\/#organization","name":"So Close","url":"https:\/\/soclose.mx\/blog\/","logo":{"@type":"ImageObject","inLanguage":"es","@id":"https:\/\/soclose.mx\/blog\/#\/schema\/logo\/image\/","url":"https:\/\/i0.wp.com\/soclose.mx\/blog\/wp-content\/uploads\/2020\/12\/LOGO_SOCLOSE_COLOR-e1608310133507.png?fit=2858%2C1264&ssl=1","contentUrl":"https:\/\/i0.wp.com\/soclose.mx\/blog\/wp-content\/uploads\/2020\/12\/LOGO_SOCLOSE_COLOR-e1608310133507.png?fit=2858%2C1264&ssl=1","width":2858,"height":1264,"caption":"So Close"},"image":{"@id":"https:\/\/soclose.mx\/blog\/#\/schema\/logo\/image\/"}},{"@type":"Person","@id":"https:\/\/soclose.mx\/blog\/#\/schema\/person\/54cd06c3a8cdc01a80c08725278aff88","name":"Daniel Ram\u00edrez","image":{"@type":"ImageObject","inLanguage":"es","@id":"https:\/\/soclose.mx\/blog\/#\/schema\/person\/image\/","url":"https:\/\/secure.gravatar.com\/avatar\/74af6012f2e898d2be93cf32e26b59a2c9489743c9ca6270d7848b44edd7d272?s=96&d=mm&r=g","contentUrl":"https:\/\/secure.gravatar.com\/avatar\/74af6012f2e898d2be93cf32e26b59a2c9489743c9ca6270d7848b44edd7d272?s=96&d=mm&r=g","caption":"Daniel Ram\u00edrez"},"url":"https:\/\/soclose.mx\/blog\/author\/peter\/"}]}},"jetpack_featured_media_url":"https:\/\/i0.wp.com\/soclose.mx\/blog\/wp-content\/uploads\/2022\/07\/WhatsApp-Image-2022-07-28-at-6.06.49-PM.jpeg?fit=1024%2C687&ssl=1","jetpack-related-posts":[{"id":9824,"url":"https:\/\/soclose.mx\/blog\/a-la-mexicana\/el-vocho-navegante-de-chapala\/","url_meta":{"origin":10742,"position":0},"title":"El Vocho navegante de Chapala","author":"Daniel Ram\u00edrez","date":"12 mayo, 2022","format":false,"excerpt":"Todo sucedi\u00f3 el 8 de septiembre de 1968 en el estado de Jalisco. Cientos de personas llegaron al Lago de Chapala para ver algo fuera de lo com\u00fan,. Los peri\u00f3dicos de Jalisco publicaron la noticia, pero la gente no lo cre\u00eda, por eso fueron hasta el lago para comprobar el\u2026","rel":"","context":"En &quot;\u00a1Ay goeeee!&quot;","block_context":{"text":"\u00a1Ay goeeee!","link":"https:\/\/soclose.mx\/blog\/category\/ay-goeeee\/"},"img":{"alt_text":"","src":"https:\/\/i0.wp.com\/soclose.mx\/blog\/wp-content\/uploads\/2022\/05\/Captura-de-Pantalla-2022-05-12-a-las-18.13.24.png?fit=692%2C380&ssl=1&resize=350%2C200","width":350,"height":200,"srcset":"https:\/\/i0.wp.com\/soclose.mx\/blog\/wp-content\/uploads\/2022\/05\/Captura-de-Pantalla-2022-05-12-a-las-18.13.24.png?fit=692%2C380&ssl=1&resize=350%2C200 1x, https:\/\/i0.wp.com\/soclose.mx\/blog\/wp-content\/uploads\/2022\/05\/Captura-de-Pantalla-2022-05-12-a-las-18.13.24.png?fit=692%2C380&ssl=1&resize=525%2C300 1.5x"},"classes":[]},{"id":14746,"url":"https:\/\/soclose.mx\/blog\/a-la-mexicana\/estadio-azteca-ahora-estadio-banorte-la-historia-del-coloso-de-santa-ursula\/","url_meta":{"origin":10742,"position":1},"title":"Estadio Azteca ahora Estadio Banorte, la historia del Coloso de Santa Ursula","author":"So Close","date":"14 marzo, 2025","format":false,"excerpt":"El Estadio Azteca ahora Estadio Banorte, conocido como el \"Coloso de Santa \u00darsula\", es uno de los monumentos m\u00e1s emblem\u00e1ticos del mundo. Ubicado en la Ciudad de M\u00e9xico, este recinto ha sido testigo de momentos hist\u00f3ricos en el f\u00fatbol y ha dejado una huella imborrable en la cultura deportiva mexicana.\u2026","rel":"","context":"En &quot;A la mexicana&quot;","block_context":{"text":"A la mexicana","link":"https:\/\/soclose.mx\/blog\/category\/a-la-mexicana\/"},"img":{"alt_text":"Estadio Azteca","src":"https:\/\/i0.wp.com\/soclose.mx\/blog\/wp-content\/uploads\/2025\/03\/Estadio-Azteca.jpg?fit=1200%2C675&ssl=1&resize=350%2C200","width":350,"height":200,"srcset":"https:\/\/i0.wp.com\/soclose.mx\/blog\/wp-content\/uploads\/2025\/03\/Estadio-Azteca.jpg?fit=1200%2C675&ssl=1&resize=350%2C200 1x, https:\/\/i0.wp.com\/soclose.mx\/blog\/wp-content\/uploads\/2025\/03\/Estadio-Azteca.jpg?fit=1200%2C675&ssl=1&resize=525%2C300 1.5x, https:\/\/i0.wp.com\/soclose.mx\/blog\/wp-content\/uploads\/2025\/03\/Estadio-Azteca.jpg?fit=1200%2C675&ssl=1&resize=700%2C400 2x, https:\/\/i0.wp.com\/soclose.mx\/blog\/wp-content\/uploads\/2025\/03\/Estadio-Azteca.jpg?fit=1200%2C675&ssl=1&resize=1050%2C600 3x"},"classes":[]},{"id":14964,"url":"https:\/\/soclose.mx\/blog\/news-feed\/nuevo-jersey-de-mexico-para-el-mundial-2026-como-y-donde-comprarlo\/","url_meta":{"origin":10742,"position":2},"title":"Nuevo Jersey de M\u00e9xico para el Mundial 2026: C\u00f3mo y D\u00f3nde Comprarlo","author":"So Close","date":"10 noviembre, 2025","format":false,"excerpt":"\u00a1Ag\u00e1rrense! que el nuevo jersey de M\u00e9xico para el Mundial 2026 ya lo presentaron oficialmente los de Adidas y ya est\u00e1 disponible para la venta en M\u00e9xico y Estados Unidos. Este uniforme rinde homenaje a la cultura mexicana, porque su dise\u00f1o est\u00e1 inspirado en la Piedra del Sol o Calendario\u2026","rel":"","context":"En &quot;News feed&quot;","block_context":{"text":"News feed","link":"https:\/\/soclose.mx\/blog\/category\/news-feed\/"},"img":{"alt_text":"Jersey de M\u00e9xico para el mundial 2026","src":"https:\/\/i0.wp.com\/soclose.mx\/blog\/wp-content\/uploads\/2025\/11\/Salma-Hayek-3.jpg?fit=1200%2C675&ssl=1&resize=350%2C200","width":350,"height":200,"srcset":"https:\/\/i0.wp.com\/soclose.mx\/blog\/wp-content\/uploads\/2025\/11\/Salma-Hayek-3.jpg?fit=1200%2C675&ssl=1&resize=350%2C200 1x, https:\/\/i0.wp.com\/soclose.mx\/blog\/wp-content\/uploads\/2025\/11\/Salma-Hayek-3.jpg?fit=1200%2C675&ssl=1&resize=525%2C300 1.5x, https:\/\/i0.wp.com\/soclose.mx\/blog\/wp-content\/uploads\/2025\/11\/Salma-Hayek-3.jpg?fit=1200%2C675&ssl=1&resize=700%2C400 2x, https:\/\/i0.wp.com\/soclose.mx\/blog\/wp-content\/uploads\/2025\/11\/Salma-Hayek-3.jpg?fit=1200%2C675&ssl=1&resize=1050%2C600 3x"},"classes":[]},{"id":9971,"url":"https:\/\/soclose.mx\/blog\/ay-goeeee\/de-edificio-nazi-a-refugio-de-comunidad-triqui\/","url_meta":{"origin":10742,"position":3},"title":"De edificio Nazi a refugio de comunidad triqui","author":"Daniel Ram\u00edrez","date":"25 mayo, 2022","format":false,"excerpt":"En el n\u00famero 23 de la calle de L\u00f3pez, en el Centro Hist\u00f3rico de la Ciudad de M\u00e9xico, se encuentra un edificio que alberga una comunidad triqui que vende artesan\u00edas y cosas t\u00edpicas mexicanas. Quien pase por ah\u00ed quiz\u00e1 no se imagina que ese lugar fue un sitio donde se\u2026","rel":"","context":"En &quot;\u00a1Ay goeeee!&quot;","block_context":{"text":"\u00a1Ay goeeee!","link":"https:\/\/soclose.mx\/blog\/category\/ay-goeeee\/"},"img":{"alt_text":"","src":"https:\/\/i0.wp.com\/soclose.mx\/blog\/wp-content\/uploads\/2022\/05\/WhatsApp-Image-2022-05-25-at-7.59.21-PM.jpeg?fit=847%2C699&ssl=1&resize=350%2C200","width":350,"height":200,"srcset":"https:\/\/i0.wp.com\/soclose.mx\/blog\/wp-content\/uploads\/2022\/05\/WhatsApp-Image-2022-05-25-at-7.59.21-PM.jpeg?fit=847%2C699&ssl=1&resize=350%2C200 1x, https:\/\/i0.wp.com\/soclose.mx\/blog\/wp-content\/uploads\/2022\/05\/WhatsApp-Image-2022-05-25-at-7.59.21-PM.jpeg?fit=847%2C699&ssl=1&resize=525%2C300 1.5x, https:\/\/i0.wp.com\/soclose.mx\/blog\/wp-content\/uploads\/2022\/05\/WhatsApp-Image-2022-05-25-at-7.59.21-PM.jpeg?fit=847%2C699&ssl=1&resize=700%2C400 2x"},"classes":[]},{"id":9410,"url":"https:\/\/soclose.mx\/blog\/a-la-mexicana\/frida-escobedo-la-mexicana-que-disenara-un-pabellon-del-met\/","url_meta":{"origin":10742,"position":4},"title":"Frida Escobedo: La mexicana que dise\u00f1ar\u00e1 un pabell\u00f3n del MET","author":"Miguel Angel Romero","date":"18 marzo, 2022","format":false,"excerpt":"La mexicana\u00a0Frida Escobedo\u00a0fue la arquitecta seleccionada para liderar el proyecto de dise\u00f1o y construcci\u00f3n del nuevo\u00a0pabell\u00f3n de arte moderno y contempor\u00e1neo\u00a0en el\u00a0Museo Metropolitano de Arte de Nueva York. El museo consider\u00f3 otras cuatro firmas de arquitectura: Ensamble Studio, Lacaton & Vassal, SO - IL y David Chipperfield Architects, pero la\u2026","rel":"","context":"En &quot;A la mexicana&quot;","block_context":{"text":"A la mexicana","link":"https:\/\/soclose.mx\/blog\/category\/a-la-mexicana\/"},"img":{"alt_text":"","src":"https:\/\/i0.wp.com\/soclose.mx\/blog\/wp-content\/uploads\/2022\/03\/Copia-de-Principal-So-Close-blog-1-12.png?fit=1200%2C677&ssl=1&resize=350%2C200","width":350,"height":200,"srcset":"https:\/\/i0.wp.com\/soclose.mx\/blog\/wp-content\/uploads\/2022\/03\/Copia-de-Principal-So-Close-blog-1-12.png?fit=1200%2C677&ssl=1&resize=350%2C200 1x, https:\/\/i0.wp.com\/soclose.mx\/blog\/wp-content\/uploads\/2022\/03\/Copia-de-Principal-So-Close-blog-1-12.png?fit=1200%2C677&ssl=1&resize=525%2C300 1.5x, https:\/\/i0.wp.com\/soclose.mx\/blog\/wp-content\/uploads\/2022\/03\/Copia-de-Principal-So-Close-blog-1-12.png?fit=1200%2C677&ssl=1&resize=700%2C400 2x, https:\/\/i0.wp.com\/soclose.mx\/blog\/wp-content\/uploads\/2022\/03\/Copia-de-Principal-So-Close-blog-1-12.png?fit=1200%2C677&ssl=1&resize=1050%2C600 3x"},"classes":[]},{"id":10643,"url":"https:\/\/soclose.mx\/blog\/ay-goeeee\/el-mexicano-grupo-firme-genera-mas-dinero-que-elton-john-y-justin-bieber\/","url_meta":{"origin":10742,"position":5},"title":"\u00a1El mexicano Grupo Firme genera m\u00e1s dinero que Elton John y Justin Bieber!","author":"Daniel Ram\u00edrez","date":"19 julio, 2022","format":false,"excerpt":"Al conjunto de regional mexicano, Grupo Firme, ya lo vemos hasta en el gobierno. Quiz\u00e1 a muchos no les guste, pero es verdad que su fama se ha multiplicado en los \u00faltimos meses. Tanto ha sido su \u00e9xito, que ya se empieza a codear con artistas y grupos de talla\u2026","rel":"","context":"En &quot;\u00a1Ay goeeee!&quot;","block_context":{"text":"\u00a1Ay goeeee!","link":"https:\/\/soclose.mx\/blog\/category\/ay-goeeee\/"},"img":{"alt_text":"","src":"https:\/\/i0.wp.com\/soclose.mx\/blog\/wp-content\/uploads\/2022\/07\/firme.jpg?fit=1200%2C799&ssl=1&resize=350%2C200","width":350,"height":200,"srcset":"https:\/\/i0.wp.com\/soclose.mx\/blog\/wp-content\/uploads\/2022\/07\/firme.jpg?fit=1200%2C799&ssl=1&resize=350%2C200 1x, https:\/\/i0.wp.com\/soclose.mx\/blog\/wp-content\/uploads\/2022\/07\/firme.jpg?fit=1200%2C799&ssl=1&resize=525%2C300 1.5x, https:\/\/i0.wp.com\/soclose.mx\/blog\/wp-content\/uploads\/2022\/07\/firme.jpg?fit=1200%2C799&ssl=1&resize=700%2C400 2x, https:\/\/i0.wp.com\/soclose.mx\/blog\/wp-content\/uploads\/2022\/07\/firme.jpg?fit=1200%2C799&ssl=1&resize=1050%2C600 3x"},"classes":[]}],"jetpack_sharing_enabled":true,"_links":{"self":[{"href":"https:\/\/soclose.mx\/blog\/wp-json\/wp\/v2\/posts\/10742","targetHints":{"allow":["GET"]}}],"collection":[{"href":"https:\/\/soclose.mx\/blog\/wp-json\/wp\/v2\/posts"}],"about":[{"href":"https:\/\/soclose.mx\/blog\/wp-json\/wp\/v2\/types\/post"}],"author":[{"embeddable":true,"href":"https:\/\/soclose.mx\/blog\/wp-json\/wp\/v2\/users\/9"}],"replies":[{"embeddable":true,"href":"https:\/\/soclose.mx\/blog\/wp-json\/wp\/v2\/comments?post=10742"}],"version-history":[{"count":0,"href":"https:\/\/soclose.mx\/blog\/wp-json\/wp\/v2\/posts\/10742\/revisions"}],"wp:featuredmedia":[{"embeddable":true,"href":"https:\/\/soclose.mx\/blog\/wp-json\/wp\/v2\/media\/10743"}],"wp:attachment":[{"href":"https:\/\/soclose.mx\/blog\/wp-json\/wp\/v2\/media?parent=10742"}],"wp:term":[{"taxonomy":"category","embeddable":true,"href":"https:\/\/soclose.mx\/blog\/wp-json\/wp\/v2\/categories?post=10742"},{"taxonomy":"post_tag","embeddable":true,"href":"https:\/\/soclose.mx\/blog\/wp-json\/wp\/v2\/tags?post=10742"}],"curies":[{"name":"wp","href":"https:\/\/api.w.org\/{rel}","templated":true}]}}