{"id":10751,"date":"2022-07-29T12:41:25","date_gmt":"2022-07-29T17:41:25","guid":{"rendered":"https:\/\/soclose.mx\/blog\/?p=10751"},"modified":"2022-12-12T11:36:55","modified_gmt":"2022-12-12T17:36:55","slug":"vacas-sueltas-en-reforma-llega-la-cow-parade-a-la-ciudad-de-mexico","status":"publish","type":"post","link":"https:\/\/soclose.mx\/blog\/para-todos\/vacas-sueltas-en-reforma-llega-la-cow-parade-a-la-ciudad-de-mexico\/","title":{"rendered":"\u00a1Vacas sueltas en Reforma! Llega la &#8220;Cow Parade&#8221; a la Ciudad de M\u00e9xico"},"content":{"rendered":"<div class=\"kvgmc6g5 cxmmr5t8 oygrvhab hcukyx3x c1et5uql ii04i59q\">\n<p dir=\"auto\"><a href=\"https:\/\/soclose.mx\/blog\/newss-feed\/llega-el-festival-del-ovni-a-atlixco-puebla\/\">\u00a1No, no es una broma!<\/a> Hay vacas sueltas en la Ciudad de M\u00e9xico y t\u00fa puedes verlas y acariciarlas.<\/p>\n<p dir=\"auto\">Se trata de la <strong>&#8220;Cow Parade 2022&#8221;<\/strong>, una exposici\u00f3n que consta de vacas de tama\u00f1o natural hechas de fibra de vidrio y decoradas por artistas nacionales e internacionales.<\/p>\n<p dir=\"auto\">Este evento de arte es considerado uno de los m\u00e1s grandes e importantes del mundo y ahora vuelve a nuestro pa\u00eds para que lo disfrutes con tu familia.<\/p>\n<\/div>\n<div dir=\"auto\">El selecto grupo de 60 vacas estar\u00e1 en el Paseo de la Reforma, del \u00c1ngel de la Independencia a la Diana la Cazadora hasta el 28 de agosto.<\/div>\n<blockquote class=\"twitter-tweet\" data-width=\"550\" data-dnt=\"true\">\n<p lang=\"es\" dir=\"ltr\">\u00a1Paseo de la Reforma se llena de vacas! <\/p>\n<p>Llega el \u201cCow Parade\u201d a <a href=\"https:\/\/twitter.com\/hashtag\/LaCiudadQueLoTieneTodo?src=hash&amp;ref_src=twsrc%5Etfw\">#LaCiudadQueLoTieneTodo<\/a>. No te pierdas este evento de arte p\u00fablico con m\u00e1s de 60 esculturas en forma de vaca.<br \/>Encu\u00e9ntralas hasta el 28 de agosto del \u00c1ngel de la Independencia a la Diana Cazadora.? <a href=\"https:\/\/t.co\/b1fvaXYulK\">pic.twitter.com\/b1fvaXYulK<\/a><\/p>\n<p>&mdash; Gobierno CDMX (@GobCDMX) <a href=\"https:\/\/twitter.com\/GobCDMX\/status\/1550625542650712065?ref_src=twsrc%5Etfw\">July 22, 2022<\/a><\/p><\/blockquote>\n<p><script async src=\"https:\/\/platform.twitter.com\/widgets.js\" charset=\"utf-8\"><\/script><\/p>\n","protected":false},"excerpt":{"rendered":"<p>\u00a1No, no es una broma! Hay vacas sueltas en la Ciudad de M\u00e9xico y t\u00fa puedes verlas y acariciarlas. Se trata de la &#8220;Cow Parade 2022&#8221;, una exposici\u00f3n que consta de vacas de tama\u00f1o natural hechas de fibra de vidrio y decoradas por artistas nacionales e internacionales. Este evento de arte es considerado uno de los m\u00e1s grandes e importantes del mundo y ahora vuelve a nuestro pa\u00eds para que lo disfrutes con tu familia. El selecto grupo de 60 vacas estar\u00e1 en el Paseo de la Reforma, del \u00c1ngel de la Independencia a la Diana la Cazadora hasta el<\/p>\n","protected":false},"author":9,"featured_media":10767,"comment_status":"open","ping_status":"open","sticky":false,"template":"","format":"standard","meta":{"_jetpack_memberships_contains_paid_content":false,"footnotes":""},"categories":[1674],"tags":[2671,2670,2667,1996,2672,2668,2669],"class_list":["post-10751","post","type-post","status-publish","format-standard","has-post-thumbnail","hentry","category-para-todos","tag-arte-cdmx","tag-arte-urbano","tag-cow-parade","tag-gobierno-cdmx","tag-paseo-de-la-reforma","tag-vacas","tag-vacas-en-reforma"],"yoast_head":"<!-- This site is optimized with the Yoast SEO plugin v26.7 - https:\/\/yoast.com\/wordpress\/plugins\/seo\/ -->\n<title>\u00a1Vacas sueltas en Reforma! Llega la &quot;Cow Parade&quot; a la Ciudad de M\u00e9xico - So Close<\/title>\n<meta name=\"robots\" content=\"index, follow, max-snippet:-1, max-image-preview:large, max-video-preview:-1\" \/>\n<link rel=\"canonical\" href=\"https:\/\/soclose.mx\/blog\/tag\/juan-rulfo-frases-mujeres\/\" \/>\n<meta property=\"og:locale\" content=\"es_MX\" \/>\n<meta property=\"og:type\" content=\"article\" \/>\n<meta property=\"og:title\" content=\"\u00a1Vacas sueltas en Reforma! Llega la &quot;Cow Parade&quot; a la Ciudad de M\u00e9xico - So Close\" \/>\n<meta property=\"og:description\" content=\"\u00a1No, no es una broma! Hay vacas sueltas en la Ciudad de M\u00e9xico y t\u00fa puedes verlas y acariciarlas. Se trata de la &#8220;Cow Parade 2022&#8221;, una exposici\u00f3n que consta de vacas de tama\u00f1o natural hechas de fibra de vidrio y decoradas por artistas nacionales e internacionales. Este evento de arte es considerado uno de los m\u00e1s grandes e importantes del mundo y ahora vuelve a nuestro pa\u00eds para que lo disfrutes con tu familia. El selecto grupo de 60 vacas estar\u00e1 en el Paseo de la Reforma, del \u00c1ngel de la Independencia a la Diana la Cazadora hasta el\" \/>\n<meta property=\"og:url\" content=\"https:\/\/soclose.mx\/blog\/tag\/juan-rulfo-frases-mujeres\/\" \/>\n<meta property=\"og:site_name\" content=\"So Close\" \/>\n<meta property=\"article:published_time\" content=\"2022-07-29T17:41:25+00:00\" \/>\n<meta property=\"article:modified_time\" content=\"2022-12-12T17:36:55+00:00\" \/>\n<meta property=\"og:image\" content=\"https:\/\/i0.wp.com\/soclose.mx\/blog\/wp-content\/uploads\/2022\/07\/pexels-pixabay-33550-scaled.jpg?fit=2560%2C1920&ssl=1\" \/>\n\t<meta property=\"og:image:width\" content=\"2560\" \/>\n\t<meta property=\"og:image:height\" content=\"1920\" \/>\n\t<meta property=\"og:image:type\" content=\"image\/jpeg\" \/>\n<meta name=\"author\" content=\"Daniel Ram\u00edrez\" \/>\n<meta name=\"twitter:card\" content=\"summary_large_image\" \/>\n<meta name=\"twitter:label1\" content=\"Escrito por\" \/>\n\t<meta name=\"twitter:data1\" content=\"Daniel Ram\u00edrez\" \/>\n\t<meta name=\"twitter:label2\" content=\"Tiempo de lectura\" \/>\n\t<meta name=\"twitter:data2\" content=\"1 minuto\" \/>\n<script type=\"application\/ld+json\" class=\"yoast-schema-graph\">{\"@context\":\"https:\/\/schema.org\",\"@graph\":[{\"@type\":\"Article\",\"@id\":\"https:\/\/soclose.mx\/blog\/tag\/juan-rulfo-frases-mujeres\/#article\",\"isPartOf\":{\"@id\":\"https:\/\/soclose.mx\/blog\/tag\/juan-rulfo-frases-mujeres\/\"},\"author\":{\"name\":\"Daniel Ram\u00edrez\",\"@id\":\"https:\/\/soclose.mx\/blog\/#\/schema\/person\/54cd06c3a8cdc01a80c08725278aff88\"},\"headline\":\"\u00a1Vacas sueltas en Reforma! Llega la &#8220;Cow Parade&#8221; a la Ciudad de M\u00e9xico\",\"datePublished\":\"2022-07-29T17:41:25+00:00\",\"dateModified\":\"2022-12-12T17:36:55+00:00\",\"mainEntityOfPage\":{\"@id\":\"https:\/\/soclose.mx\/blog\/tag\/juan-rulfo-frases-mujeres\/\"},\"wordCount\":130,\"commentCount\":0,\"publisher\":{\"@id\":\"https:\/\/soclose.mx\/blog\/#organization\"},\"image\":{\"@id\":\"https:\/\/soclose.mx\/blog\/tag\/juan-rulfo-frases-mujeres\/#primaryimage\"},\"thumbnailUrl\":\"https:\/\/i0.wp.com\/soclose.mx\/blog\/wp-content\/uploads\/2022\/07\/pexels-pixabay-33550-scaled.jpg?fit=2560%2C1920&ssl=1\",\"keywords\":[\"arte CDMX\",\"arte urbano\",\"cow parade\",\"gobierno cdmx\",\"paseo de la reforma\",\"vacas\",\"vacas en reforma\"],\"articleSection\":[\"Para todos\"],\"inLanguage\":\"es\",\"potentialAction\":[{\"@type\":\"CommentAction\",\"name\":\"Comment\",\"target\":[\"https:\/\/soclose.mx\/blog\/tag\/juan-rulfo-frases-mujeres\/#respond\"]}]},{\"@type\":\"WebPage\",\"@id\":\"https:\/\/soclose.mx\/blog\/tag\/juan-rulfo-frases-mujeres\/\",\"url\":\"https:\/\/soclose.mx\/blog\/tag\/juan-rulfo-frases-mujeres\/\",\"name\":\"\u00a1Vacas sueltas en Reforma! Llega la \\\"Cow Parade\\\" a la Ciudad de M\u00e9xico - So Close\",\"isPartOf\":{\"@id\":\"https:\/\/soclose.mx\/blog\/#website\"},\"primaryImageOfPage\":{\"@id\":\"https:\/\/soclose.mx\/blog\/tag\/juan-rulfo-frases-mujeres\/#primaryimage\"},\"image\":{\"@id\":\"https:\/\/soclose.mx\/blog\/tag\/juan-rulfo-frases-mujeres\/#primaryimage\"},\"thumbnailUrl\":\"https:\/\/i0.wp.com\/soclose.mx\/blog\/wp-content\/uploads\/2022\/07\/pexels-pixabay-33550-scaled.jpg?fit=2560%2C1920&ssl=1\",\"datePublished\":\"2022-07-29T17:41:25+00:00\",\"dateModified\":\"2022-12-12T17:36:55+00:00\",\"breadcrumb\":{\"@id\":\"https:\/\/soclose.mx\/blog\/tag\/juan-rulfo-frases-mujeres\/#breadcrumb\"},\"inLanguage\":\"es\",\"potentialAction\":[{\"@type\":\"ReadAction\",\"target\":[\"https:\/\/soclose.mx\/blog\/tag\/juan-rulfo-frases-mujeres\/\"]}]},{\"@type\":\"ImageObject\",\"inLanguage\":\"es\",\"@id\":\"https:\/\/soclose.mx\/blog\/tag\/juan-rulfo-frases-mujeres\/#primaryimage\",\"url\":\"https:\/\/i0.wp.com\/soclose.mx\/blog\/wp-content\/uploads\/2022\/07\/pexels-pixabay-33550-scaled.jpg?fit=2560%2C1920&ssl=1\",\"contentUrl\":\"https:\/\/i0.wp.com\/soclose.mx\/blog\/wp-content\/uploads\/2022\/07\/pexels-pixabay-33550-scaled.jpg?fit=2560%2C1920&ssl=1\",\"width\":2560,\"height\":1920},{\"@type\":\"BreadcrumbList\",\"@id\":\"https:\/\/soclose.mx\/blog\/tag\/juan-rulfo-frases-mujeres\/#breadcrumb\",\"itemListElement\":[{\"@type\":\"ListItem\",\"position\":1,\"name\":\"Inicio\",\"item\":\"https:\/\/soclose.mx\/blog\/\"},{\"@type\":\"ListItem\",\"position\":2,\"name\":\"\u00a1Vacas sueltas en Reforma! Llega la &#8220;Cow Parade&#8221; a la Ciudad de M\u00e9xico\"}]},{\"@type\":\"WebSite\",\"@id\":\"https:\/\/soclose.mx\/blog\/#website\",\"url\":\"https:\/\/soclose.mx\/blog\/\",\"name\":\"So Close\",\"description\":\"Hacemos contenidos de M\u00e9xico\",\"publisher\":{\"@id\":\"https:\/\/soclose.mx\/blog\/#organization\"},\"potentialAction\":[{\"@type\":\"SearchAction\",\"target\":{\"@type\":\"EntryPoint\",\"urlTemplate\":\"https:\/\/soclose.mx\/blog\/?s={search_term_string}\"},\"query-input\":{\"@type\":\"PropertyValueSpecification\",\"valueRequired\":true,\"valueName\":\"search_term_string\"}}],\"inLanguage\":\"es\"},{\"@type\":\"Organization\",\"@id\":\"https:\/\/soclose.mx\/blog\/#organization\",\"name\":\"So Close\",\"url\":\"https:\/\/soclose.mx\/blog\/\",\"logo\":{\"@type\":\"ImageObject\",\"inLanguage\":\"es\",\"@id\":\"https:\/\/soclose.mx\/blog\/#\/schema\/logo\/image\/\",\"url\":\"https:\/\/i0.wp.com\/soclose.mx\/blog\/wp-content\/uploads\/2020\/12\/LOGO_SOCLOSE_COLOR-e1608310133507.png?fit=2858%2C1264&ssl=1\",\"contentUrl\":\"https:\/\/i0.wp.com\/soclose.mx\/blog\/wp-content\/uploads\/2020\/12\/LOGO_SOCLOSE_COLOR-e1608310133507.png?fit=2858%2C1264&ssl=1\",\"width\":2858,\"height\":1264,\"caption\":\"So Close\"},\"image\":{\"@id\":\"https:\/\/soclose.mx\/blog\/#\/schema\/logo\/image\/\"}},{\"@type\":\"Person\",\"@id\":\"https:\/\/soclose.mx\/blog\/#\/schema\/person\/54cd06c3a8cdc01a80c08725278aff88\",\"name\":\"Daniel Ram\u00edrez\",\"image\":{\"@type\":\"ImageObject\",\"inLanguage\":\"es\",\"@id\":\"https:\/\/soclose.mx\/blog\/#\/schema\/person\/image\/\",\"url\":\"https:\/\/secure.gravatar.com\/avatar\/74af6012f2e898d2be93cf32e26b59a2c9489743c9ca6270d7848b44edd7d272?s=96&d=mm&r=g\",\"contentUrl\":\"https:\/\/secure.gravatar.com\/avatar\/74af6012f2e898d2be93cf32e26b59a2c9489743c9ca6270d7848b44edd7d272?s=96&d=mm&r=g\",\"caption\":\"Daniel Ram\u00edrez\"},\"url\":\"https:\/\/soclose.mx\/blog\/author\/peter\/\"}]}<\/script>\n<!-- \/ Yoast SEO plugin. -->","yoast_head_json":{"title":"\u00a1Vacas sueltas en Reforma! Llega la \"Cow Parade\" a la Ciudad de M\u00e9xico - So Close","robots":{"index":"index","follow":"follow","max-snippet":"max-snippet:-1","max-image-preview":"max-image-preview:large","max-video-preview":"max-video-preview:-1"},"canonical":"https:\/\/soclose.mx\/blog\/tag\/juan-rulfo-frases-mujeres\/","og_locale":"es_MX","og_type":"article","og_title":"\u00a1Vacas sueltas en Reforma! Llega la \"Cow Parade\" a la Ciudad de M\u00e9xico - So Close","og_description":"\u00a1No, no es una broma! Hay vacas sueltas en la Ciudad de M\u00e9xico y t\u00fa puedes verlas y acariciarlas. Se trata de la &#8220;Cow Parade 2022&#8221;, una exposici\u00f3n que consta de vacas de tama\u00f1o natural hechas de fibra de vidrio y decoradas por artistas nacionales e internacionales. Este evento de arte es considerado uno de los m\u00e1s grandes e importantes del mundo y ahora vuelve a nuestro pa\u00eds para que lo disfrutes con tu familia. El selecto grupo de 60 vacas estar\u00e1 en el Paseo de la Reforma, del \u00c1ngel de la Independencia a la Diana la Cazadora hasta el","og_url":"https:\/\/soclose.mx\/blog\/tag\/juan-rulfo-frases-mujeres\/","og_site_name":"So Close","article_published_time":"2022-07-29T17:41:25+00:00","article_modified_time":"2022-12-12T17:36:55+00:00","og_image":[{"width":2560,"height":1920,"url":"https:\/\/i0.wp.com\/soclose.mx\/blog\/wp-content\/uploads\/2022\/07\/pexels-pixabay-33550-scaled.jpg?fit=2560%2C1920&ssl=1","type":"image\/jpeg"}],"author":"Daniel Ram\u00edrez","twitter_card":"summary_large_image","twitter_misc":{"Escrito por":"Daniel Ram\u00edrez","Tiempo de lectura":"1 minuto"},"schema":{"@context":"https:\/\/schema.org","@graph":[{"@type":"Article","@id":"https:\/\/soclose.mx\/blog\/tag\/juan-rulfo-frases-mujeres\/#article","isPartOf":{"@id":"https:\/\/soclose.mx\/blog\/tag\/juan-rulfo-frases-mujeres\/"},"author":{"name":"Daniel Ram\u00edrez","@id":"https:\/\/soclose.mx\/blog\/#\/schema\/person\/54cd06c3a8cdc01a80c08725278aff88"},"headline":"\u00a1Vacas sueltas en Reforma! Llega la &#8220;Cow Parade&#8221; a la Ciudad de M\u00e9xico","datePublished":"2022-07-29T17:41:25+00:00","dateModified":"2022-12-12T17:36:55+00:00","mainEntityOfPage":{"@id":"https:\/\/soclose.mx\/blog\/tag\/juan-rulfo-frases-mujeres\/"},"wordCount":130,"commentCount":0,"publisher":{"@id":"https:\/\/soclose.mx\/blog\/#organization"},"image":{"@id":"https:\/\/soclose.mx\/blog\/tag\/juan-rulfo-frases-mujeres\/#primaryimage"},"thumbnailUrl":"https:\/\/i0.wp.com\/soclose.mx\/blog\/wp-content\/uploads\/2022\/07\/pexels-pixabay-33550-scaled.jpg?fit=2560%2C1920&ssl=1","keywords":["arte CDMX","arte urbano","cow parade","gobierno cdmx","paseo de la reforma","vacas","vacas en reforma"],"articleSection":["Para todos"],"inLanguage":"es","potentialAction":[{"@type":"CommentAction","name":"Comment","target":["https:\/\/soclose.mx\/blog\/tag\/juan-rulfo-frases-mujeres\/#respond"]}]},{"@type":"WebPage","@id":"https:\/\/soclose.mx\/blog\/tag\/juan-rulfo-frases-mujeres\/","url":"https:\/\/soclose.mx\/blog\/tag\/juan-rulfo-frases-mujeres\/","name":"\u00a1Vacas sueltas en Reforma! Llega la \"Cow Parade\" a la Ciudad de M\u00e9xico - So Close","isPartOf":{"@id":"https:\/\/soclose.mx\/blog\/#website"},"primaryImageOfPage":{"@id":"https:\/\/soclose.mx\/blog\/tag\/juan-rulfo-frases-mujeres\/#primaryimage"},"image":{"@id":"https:\/\/soclose.mx\/blog\/tag\/juan-rulfo-frases-mujeres\/#primaryimage"},"thumbnailUrl":"https:\/\/i0.wp.com\/soclose.mx\/blog\/wp-content\/uploads\/2022\/07\/pexels-pixabay-33550-scaled.jpg?fit=2560%2C1920&ssl=1","datePublished":"2022-07-29T17:41:25+00:00","dateModified":"2022-12-12T17:36:55+00:00","breadcrumb":{"@id":"https:\/\/soclose.mx\/blog\/tag\/juan-rulfo-frases-mujeres\/#breadcrumb"},"inLanguage":"es","potentialAction":[{"@type":"ReadAction","target":["https:\/\/soclose.mx\/blog\/tag\/juan-rulfo-frases-mujeres\/"]}]},{"@type":"ImageObject","inLanguage":"es","@id":"https:\/\/soclose.mx\/blog\/tag\/juan-rulfo-frases-mujeres\/#primaryimage","url":"https:\/\/i0.wp.com\/soclose.mx\/blog\/wp-content\/uploads\/2022\/07\/pexels-pixabay-33550-scaled.jpg?fit=2560%2C1920&ssl=1","contentUrl":"https:\/\/i0.wp.com\/soclose.mx\/blog\/wp-content\/uploads\/2022\/07\/pexels-pixabay-33550-scaled.jpg?fit=2560%2C1920&ssl=1","width":2560,"height":1920},{"@type":"BreadcrumbList","@id":"https:\/\/soclose.mx\/blog\/tag\/juan-rulfo-frases-mujeres\/#breadcrumb","itemListElement":[{"@type":"ListItem","position":1,"name":"Inicio","item":"https:\/\/soclose.mx\/blog\/"},{"@type":"ListItem","position":2,"name":"\u00a1Vacas sueltas en Reforma! Llega la &#8220;Cow Parade&#8221; a la Ciudad de M\u00e9xico"}]},{"@type":"WebSite","@id":"https:\/\/soclose.mx\/blog\/#website","url":"https:\/\/soclose.mx\/blog\/","name":"So Close","description":"Hacemos contenidos de M\u00e9xico","publisher":{"@id":"https:\/\/soclose.mx\/blog\/#organization"},"potentialAction":[{"@type":"SearchAction","target":{"@type":"EntryPoint","urlTemplate":"https:\/\/soclose.mx\/blog\/?s={search_term_string}"},"query-input":{"@type":"PropertyValueSpecification","valueRequired":true,"valueName":"search_term_string"}}],"inLanguage":"es"},{"@type":"Organization","@id":"https:\/\/soclose.mx\/blog\/#organization","name":"So Close","url":"https:\/\/soclose.mx\/blog\/","logo":{"@type":"ImageObject","inLanguage":"es","@id":"https:\/\/soclose.mx\/blog\/#\/schema\/logo\/image\/","url":"https:\/\/i0.wp.com\/soclose.mx\/blog\/wp-content\/uploads\/2020\/12\/LOGO_SOCLOSE_COLOR-e1608310133507.png?fit=2858%2C1264&ssl=1","contentUrl":"https:\/\/i0.wp.com\/soclose.mx\/blog\/wp-content\/uploads\/2020\/12\/LOGO_SOCLOSE_COLOR-e1608310133507.png?fit=2858%2C1264&ssl=1","width":2858,"height":1264,"caption":"So Close"},"image":{"@id":"https:\/\/soclose.mx\/blog\/#\/schema\/logo\/image\/"}},{"@type":"Person","@id":"https:\/\/soclose.mx\/blog\/#\/schema\/person\/54cd06c3a8cdc01a80c08725278aff88","name":"Daniel Ram\u00edrez","image":{"@type":"ImageObject","inLanguage":"es","@id":"https:\/\/soclose.mx\/blog\/#\/schema\/person\/image\/","url":"https:\/\/secure.gravatar.com\/avatar\/74af6012f2e898d2be93cf32e26b59a2c9489743c9ca6270d7848b44edd7d272?s=96&d=mm&r=g","contentUrl":"https:\/\/secure.gravatar.com\/avatar\/74af6012f2e898d2be93cf32e26b59a2c9489743c9ca6270d7848b44edd7d272?s=96&d=mm&r=g","caption":"Daniel Ram\u00edrez"},"url":"https:\/\/soclose.mx\/blog\/author\/peter\/"}]}},"jetpack_featured_media_url":"https:\/\/i0.wp.com\/soclose.mx\/blog\/wp-content\/uploads\/2022\/07\/pexels-pixabay-33550-scaled.jpg?fit=2560%2C1920&ssl=1","jetpack-related-posts":[{"id":10350,"url":"https:\/\/soclose.mx\/blog\/news-feed\/10-cosas-sobre-la-marcha-por-el-dia-del-orgullo-lgbt-en-la-cdmx\/","url_meta":{"origin":10751,"position":0},"title":"10 cosas sobre la marcha por el D\u00eda del Orgullo LGBT+ en la CDMX","author":"Daniel Ram\u00edrez","date":"24 junio, 2022","format":false,"excerpt":"Se ha vuelto una tradici\u00f3n en la Ciudad de M\u00e9xico la realizaci\u00f3n de la marcha por el D\u00eda del Orgullo LGBT+. Se lleva a cabo cada a\u00f1o el \u00faltimo s\u00e1bado de junio. Horario. Iniciar\u00e1 a las 10:00 horas de este s\u00e1bado 24 d ejunio de 2022. La Ruta. Los contingentes\u2026","rel":"","context":"En &quot;News feed&quot;","block_context":{"text":"News feed","link":"https:\/\/soclose.mx\/blog\/category\/news-feed\/"},"img":{"alt_text":"","src":"https:\/\/i0.wp.com\/soclose.mx\/blog\/wp-content\/uploads\/2022\/06\/pexels-rosemary-ketchum-2306773-1-scaled.jpg?fit=1200%2C814&ssl=1&resize=350%2C200","width":350,"height":200,"srcset":"https:\/\/i0.wp.com\/soclose.mx\/blog\/wp-content\/uploads\/2022\/06\/pexels-rosemary-ketchum-2306773-1-scaled.jpg?fit=1200%2C814&ssl=1&resize=350%2C200 1x, https:\/\/i0.wp.com\/soclose.mx\/blog\/wp-content\/uploads\/2022\/06\/pexels-rosemary-ketchum-2306773-1-scaled.jpg?fit=1200%2C814&ssl=1&resize=525%2C300 1.5x, https:\/\/i0.wp.com\/soclose.mx\/blog\/wp-content\/uploads\/2022\/06\/pexels-rosemary-ketchum-2306773-1-scaled.jpg?fit=1200%2C814&ssl=1&resize=700%2C400 2x, https:\/\/i0.wp.com\/soclose.mx\/blog\/wp-content\/uploads\/2022\/06\/pexels-rosemary-ketchum-2306773-1-scaled.jpg?fit=1200%2C814&ssl=1&resize=1050%2C600 3x"},"classes":[]},{"id":9355,"url":"https:\/\/soclose.mx\/blog\/ay-goeeee\/los-corazones-de-guanajuato-llegan-a-la-cdmx\/","url_meta":{"origin":10751,"position":1},"title":"Los corazones de Guanajuato llegan a la CDMX","author":"Miguel Angel Romero","date":"12 marzo, 2022","format":false,"excerpt":"El Paseo de la Reforma, la avenida m\u00e1s importante y emblem\u00e1tica de la CDMX, se viste de 15 corazones art\u00edsticos de la gira itinerante \u201cGuanajuato Late\u201d. Las estructuras de corazones volum\u00e9tricos, hecho en fibra de vidrio y creados con la visi\u00f3n estrat\u00e9gica de promoci\u00f3n tur\u00edstica como parte de la reactivaci\u00f3n\u2026","rel":"","context":"En &quot;\u00a1Ay goeeee!&quot;","block_context":{"text":"\u00a1Ay goeeee!","link":"https:\/\/soclose.mx\/blog\/category\/ay-goeeee\/"},"img":{"alt_text":"","src":"https:\/\/i0.wp.com\/soclose.mx\/blog\/wp-content\/uploads\/2022\/03\/Copia-de-Principal-So-Close-blog-1-11.png?fit=1200%2C677&ssl=1&resize=350%2C200","width":350,"height":200,"srcset":"https:\/\/i0.wp.com\/soclose.mx\/blog\/wp-content\/uploads\/2022\/03\/Copia-de-Principal-So-Close-blog-1-11.png?fit=1200%2C677&ssl=1&resize=350%2C200 1x, https:\/\/i0.wp.com\/soclose.mx\/blog\/wp-content\/uploads\/2022\/03\/Copia-de-Principal-So-Close-blog-1-11.png?fit=1200%2C677&ssl=1&resize=525%2C300 1.5x, https:\/\/i0.wp.com\/soclose.mx\/blog\/wp-content\/uploads\/2022\/03\/Copia-de-Principal-So-Close-blog-1-11.png?fit=1200%2C677&ssl=1&resize=700%2C400 2x, https:\/\/i0.wp.com\/soclose.mx\/blog\/wp-content\/uploads\/2022\/03\/Copia-de-Principal-So-Close-blog-1-11.png?fit=1200%2C677&ssl=1&resize=1050%2C600 3x"},"classes":[]},{"id":9069,"url":"https:\/\/soclose.mx\/blog\/news-feed\/regresa-el-paseo-nocturno-en-bicicleta-de-la-cdmx\/","url_meta":{"origin":10751,"position":2},"title":"Regresa el Paseo Nocturno en Bicicleta\u00a0de la\u00a0CDMX","author":"Miguel Angel Romero","date":"23 febrero, 2022","format":false,"excerpt":"As\u00ed es, despu\u00e9s de muchos meses de estar en pausa este recorrido, desempolva \u00a0tu bicicleta\u00a0porque este pr\u00f3ximo\u00a026 de febrero podr\u00e1s salir a disfrutar la edici\u00f3n 40 del\u00a0Paseo Nocturno en Bicicleta\u00a0de la\u00a0CDMX. El pr\u00f3ximo 26 de febrero de 2022, podr\u00e1s comenzar a rodar desde las 19 horas y hasta las 23\u2026","rel":"","context":"En &quot;News feed&quot;","block_context":{"text":"News feed","link":"https:\/\/soclose.mx\/blog\/category\/news-feed\/"},"img":{"alt_text":"","src":"https:\/\/i0.wp.com\/soclose.mx\/blog\/wp-content\/uploads\/2022\/02\/Copia-de-Principal-So-Close-blog-1-8.png?fit=1200%2C677&ssl=1&resize=350%2C200","width":350,"height":200,"srcset":"https:\/\/i0.wp.com\/soclose.mx\/blog\/wp-content\/uploads\/2022\/02\/Copia-de-Principal-So-Close-blog-1-8.png?fit=1200%2C677&ssl=1&resize=350%2C200 1x, https:\/\/i0.wp.com\/soclose.mx\/blog\/wp-content\/uploads\/2022\/02\/Copia-de-Principal-So-Close-blog-1-8.png?fit=1200%2C677&ssl=1&resize=525%2C300 1.5x, https:\/\/i0.wp.com\/soclose.mx\/blog\/wp-content\/uploads\/2022\/02\/Copia-de-Principal-So-Close-blog-1-8.png?fit=1200%2C677&ssl=1&resize=700%2C400 2x, https:\/\/i0.wp.com\/soclose.mx\/blog\/wp-content\/uploads\/2022\/02\/Copia-de-Principal-So-Close-blog-1-8.png?fit=1200%2C677&ssl=1&resize=1050%2C600 3x"},"classes":[]},{"id":12772,"url":"https:\/\/soclose.mx\/blog\/lugares\/feliz-ano-nuevo-planes-en-la-cdmx-para-el-31\/","url_meta":{"origin":10751,"position":3},"title":"\u00a1Feliz a\u00f1o nuevo! \u00a1Planes en la CDMX para el 31!","author":"Emmanuel Oviedo","date":"21 diciembre, 2023","format":false,"excerpt":"Deseas pasar el 31 de diciembre, el \u00faltimo d\u00eda del a\u00f1o, de una manera totalmente diferentes y exc\u00e9ntrica? Al estilo de la CDMX, que siempre nos sorprende con eventos magn\u00edficos y surreales. Si pensabas que tu pareja o tu familia ya alegraban el A\u00f1o Nuevo, pues ahora puedes recibirlo de\u2026","rel":"","context":"En &quot;Lugares&quot;","block_context":{"text":"Lugares","link":"https:\/\/soclose.mx\/blog\/category\/lugares\/"},"img":{"alt_text":"","src":"https:\/\/i0.wp.com\/soclose.mx\/blog\/wp-content\/uploads\/2023\/12\/Ano-nuevo-mexico-1.jpg?fit=800%2C600&ssl=1&resize=350%2C200","width":350,"height":200,"srcset":"https:\/\/i0.wp.com\/soclose.mx\/blog\/wp-content\/uploads\/2023\/12\/Ano-nuevo-mexico-1.jpg?fit=800%2C600&ssl=1&resize=350%2C200 1x, https:\/\/i0.wp.com\/soclose.mx\/blog\/wp-content\/uploads\/2023\/12\/Ano-nuevo-mexico-1.jpg?fit=800%2C600&ssl=1&resize=525%2C300 1.5x, https:\/\/i0.wp.com\/soclose.mx\/blog\/wp-content\/uploads\/2023\/12\/Ano-nuevo-mexico-1.jpg?fit=800%2C600&ssl=1&resize=700%2C400 2x"},"classes":[]},{"id":7779,"url":"https:\/\/soclose.mx\/blog\/news-feed\/gracias-a-la-navidad-los-pitufos-llegan-a-la-cdmx\/","url_meta":{"origin":10751,"position":4},"title":"Gracias a la Navidad, los pitufos llegan a la CdMx","author":"Miguel Angel Romero","date":"5 noviembre, 2021","format":false,"excerpt":"Ya pasando el D\u00eda de Muertos, ya todo se transforma en \u00e9poca decembrina y uno de los momentos m\u00e1s bonitos de estas fechas es cuando encendemos el \u00e1rbol de Navidad. Y a\u00fan m\u00e1s si este arranque de la temporada m\u00e1s colorida e iluminada, es con esos peque\u00f1os seres azules que\u2026","rel":"","context":"En &quot;News feed&quot;","block_context":{"text":"News feed","link":"https:\/\/soclose.mx\/blog\/category\/news-feed\/"},"img":{"alt_text":"","src":"https:\/\/i0.wp.com\/soclose.mx\/blog\/wp-content\/uploads\/2021\/11\/Copia-de-Principal-So-Close-blog-2-2.png?fit=1200%2C677&ssl=1&resize=350%2C200","width":350,"height":200,"srcset":"https:\/\/i0.wp.com\/soclose.mx\/blog\/wp-content\/uploads\/2021\/11\/Copia-de-Principal-So-Close-blog-2-2.png?fit=1200%2C677&ssl=1&resize=350%2C200 1x, https:\/\/i0.wp.com\/soclose.mx\/blog\/wp-content\/uploads\/2021\/11\/Copia-de-Principal-So-Close-blog-2-2.png?fit=1200%2C677&ssl=1&resize=525%2C300 1.5x, https:\/\/i0.wp.com\/soclose.mx\/blog\/wp-content\/uploads\/2021\/11\/Copia-de-Principal-So-Close-blog-2-2.png?fit=1200%2C677&ssl=1&resize=700%2C400 2x, https:\/\/i0.wp.com\/soclose.mx\/blog\/wp-content\/uploads\/2021\/11\/Copia-de-Principal-So-Close-blog-2-2.png?fit=1200%2C677&ssl=1&resize=1050%2C600 3x"},"classes":[]},{"id":14822,"url":"https:\/\/soclose.mx\/blog\/news-feed\/lo-que-debes-saber-del-dia-al-desnudo-2025-en-la-cdmx\/","url_meta":{"origin":10751,"position":5},"title":"Lo que debes saber del D\u00eda al Desnudo 2025 en la CDMX","author":"So Close","date":"13 mayo, 2025","format":false,"excerpt":"La Ciudad de M\u00e9xico se prepara para la tercera edici\u00f3n consecutiva del D\u00eda al Desnudo 2025, un evento \u00fanico que busca generar un di\u00e1logo profundo sobre el autoconocimiento y el respeto al propio cuerpo a trav\u00e9s de la desnudez pac\u00edfica.\u00a0 Este a\u00f1o, la cita es el s\u00e1bado 31 de mayo\u2026","rel":"","context":"En &quot;News feed&quot;","block_context":{"text":"News feed","link":"https:\/\/soclose.mx\/blog\/category\/news-feed\/"},"img":{"alt_text":"Cuerpo de mujer","src":"https:\/\/i0.wp.com\/soclose.mx\/blog\/wp-content\/uploads\/2025\/05\/Mujer.jpg?fit=1200%2C675&ssl=1&resize=350%2C200","width":350,"height":200,"srcset":"https:\/\/i0.wp.com\/soclose.mx\/blog\/wp-content\/uploads\/2025\/05\/Mujer.jpg?fit=1200%2C675&ssl=1&resize=350%2C200 1x, https:\/\/i0.wp.com\/soclose.mx\/blog\/wp-content\/uploads\/2025\/05\/Mujer.jpg?fit=1200%2C675&ssl=1&resize=525%2C300 1.5x, https:\/\/i0.wp.com\/soclose.mx\/blog\/wp-content\/uploads\/2025\/05\/Mujer.jpg?fit=1200%2C675&ssl=1&resize=700%2C400 2x, https:\/\/i0.wp.com\/soclose.mx\/blog\/wp-content\/uploads\/2025\/05\/Mujer.jpg?fit=1200%2C675&ssl=1&resize=1050%2C600 3x"},"classes":[]}],"jetpack_sharing_enabled":true,"_links":{"self":[{"href":"https:\/\/soclose.mx\/blog\/wp-json\/wp\/v2\/posts\/10751","targetHints":{"allow":["GET"]}}],"collection":[{"href":"https:\/\/soclose.mx\/blog\/wp-json\/wp\/v2\/posts"}],"about":[{"href":"https:\/\/soclose.mx\/blog\/wp-json\/wp\/v2\/types\/post"}],"author":[{"embeddable":true,"href":"https:\/\/soclose.mx\/blog\/wp-json\/wp\/v2\/users\/9"}],"replies":[{"embeddable":true,"href":"https:\/\/soclose.mx\/blog\/wp-json\/wp\/v2\/comments?post=10751"}],"version-history":[{"count":0,"href":"https:\/\/soclose.mx\/blog\/wp-json\/wp\/v2\/posts\/10751\/revisions"}],"wp:featuredmedia":[{"embeddable":true,"href":"https:\/\/soclose.mx\/blog\/wp-json\/wp\/v2\/media\/10767"}],"wp:attachment":[{"href":"https:\/\/soclose.mx\/blog\/wp-json\/wp\/v2\/media?parent=10751"}],"wp:term":[{"taxonomy":"category","embeddable":true,"href":"https:\/\/soclose.mx\/blog\/wp-json\/wp\/v2\/categories?post=10751"},{"taxonomy":"post_tag","embeddable":true,"href":"https:\/\/soclose.mx\/blog\/wp-json\/wp\/v2\/tags?post=10751"}],"curies":[{"name":"wp","href":"https:\/\/api.w.org\/{rel}","templated":true}]}}