{"id":10778,"date":"2022-07-30T20:36:13","date_gmt":"2022-07-31T01:36:13","guid":{"rendered":"https:\/\/soclose.mx\/blog\/?p=10778"},"modified":"2022-08-02T11:20:57","modified_gmt":"2022-08-02T16:20:57","slug":"video-estudiantes-franceses-cuestionan-si-en-mexico-hay-redes-sociales","status":"publish","type":"post","link":"https:\/\/soclose.mx\/blog\/ay-goeeee\/video-estudiantes-franceses-cuestionan-si-en-mexico-hay-redes-sociales\/","title":{"rendered":"Video: estudiantes franceses cuestionan si en M\u00e9xico \u00a1hay redes sociales!"},"content":{"rendered":"<p><strong>Nuestro M\u00e9xico lindo y querido<\/strong> es amado por muchas personas a nivel mundial por la cultura, la comida y<a href=\"https:\/\/soclose.mx\/blog\/a-la-mexicana\/ingeniera-mexicana-crea-maquina-que-convierte-el-aire-en-agua\/\"> la calidez de la gente.<\/a><\/p>\n<p>Pero hay uno que otro despistado que tiene pocas referencias sobre nuestro pa\u00eds y eso lo vivi\u00f3 <strong>un profesor mexicano<\/strong> que dio clases de espa\u00f1ol en un instituto <strong>escolar en Francia.\u00a0<\/strong><\/p>\n<p>El profe Francisco Soberanis cont\u00f3 a trav\u00e9s de un video que sus alumnos lo cuestionaron sobre cosas de M\u00e9xico, pero hubo en particular una pregunta que le llam\u00f3 mucho la atenci\u00f3n.<\/p>\n<p>&#8220;\u00bfEn M\u00e9xico tienen redes sociales, profe?&#8221; No se sabe si cuestionaron de forma ir\u00f3nica o realmente los estudiantes franceses de entre 15 y 17 a\u00f1os, a quienes el maestro les dio clases, no sab\u00edan ese dato.<\/p>\n<p>\u201cNeta, yo no sab\u00eda si re\u00edrme o decir qu\u00e9 onda, por qu\u00e9 me preguntaron: \u2018Profe, \u00bftiene Instagram?\u2019 y yo: \u2018Pues s\u00ed, s\u00ed tengo\u2019 y sale otra alumna: \u2018Profe, \u00bfapoco en M\u00e9xico existen las redes sociales?\u2019\u201d, cont\u00f3 el docente.<\/p>\n<p>Lo m\u00e1s curioso es que esta pregunta se la hicieron en ocho de las 20 clases que imparti\u00f3 en Francia. \u201c\u00bfPues c\u00f3mo me ven mis alumnos?, \u00bfque yo vivo debajo de las piedras o qu\u00e9 onda? Y les tuve que explicar que s\u00ed, que tenemos todas las redes sociales.&#8221;<\/p>\n<blockquote class=\"tiktok-embed\" cite=\"https:\/\/www.tiktok.com\/@namx96\/video\/7112950982010588422\" data-video-id=\"7112950982010588422\" data-embed-from=\"oembed\" style=\"max-width: 605px;min-width: 325px;\" >\n<section> <a target=\"_blank\" title=\"@namx96\" href=\"https:\/\/www.tiktok.com\/@namx96?refer=embed\">@namx96<\/a> <\/p>\n<p>La verdad s\u00ed me saqu\u00e9 de onda jajaja <a title=\"profe\" target=\"_blank\" href=\"https:\/\/www.tiktok.com\/tag\/profe\">#profe<\/a> <a title=\"francia\" target=\"_blank\" href=\"https:\/\/www.tiktok.com\/tag\/francia\">#francia<\/a> <a title=\"experiencia\" target=\"_blank\" href=\"https:\/\/www.tiktok.com\/tag\/experiencia\">#experiencia<\/a> <a title=\"trabajo\" target=\"_blank\" href=\"https:\/\/www.tiktok.com\/tag\/trabajo\">#trabajo<\/a> <a title=\"fyp\" target=\"_blank\" href=\"https:\/\/www.tiktok.com\/tag\/fyp\">#fyp<\/a> <a title=\"parati\" target=\"_blank\" href=\"https:\/\/www.tiktok.com\/tag\/parati\">#parati<\/a> <a title=\"fyp\u30b7\" target=\"_blank\" href=\"https:\/\/www.tiktok.com\/tag\/fyp%E3%82%B7\">#fyp\u30b7<\/a><\/p>\n<p> <a target=\"_blank\" title=\"\u266c Sneaky Snitch - Kevin MacLeod\" href=\"https:\/\/www.tiktok.com\/music\/Sneaky-Snitch-6770216135636813826?refer=embed\">\u266c Sneaky Snitch &#8211; Kevin MacLeod<\/a> <\/section>\n<\/blockquote>\n<p> <script async src=\"https:\/\/www.tiktok.com\/embed.js\"><\/script><\/p>\n","protected":false},"excerpt":{"rendered":"<p>Nuestro M\u00e9xico lindo y querido es amado por muchas personas a nivel mundial por la cultura, la comida y la calidez de la gente. Pero hay uno que otro despistado que tiene pocas referencias sobre nuestro pa\u00eds y eso lo vivi\u00f3 un profesor mexicano que dio clases de espa\u00f1ol en un instituto escolar en Francia.\u00a0 El profe Francisco Soberanis cont\u00f3 a trav\u00e9s de un video que sus alumnos lo cuestionaron sobre cosas de M\u00e9xico, pero hubo en particular una pregunta que le llam\u00f3 mucho la atenci\u00f3n. &#8220;\u00bfEn M\u00e9xico tienen redes sociales, profe?&#8221; No se sabe si cuestionaron de forma ir\u00f3nica<\/p>\n","protected":false},"author":9,"featured_media":10781,"comment_status":"open","ping_status":"open","sticky":false,"template":"","format":"standard","meta":{"_jetpack_memberships_contains_paid_content":false,"footnotes":""},"categories":[1],"tags":[2699,2698,2700,2701,578],"class_list":["post-10778","post","type-post","status-publish","format-standard","has-post-thumbnail","hentry","category-ay-goeeee","tag-estudientes-franceses","tag-franceses","tag-maestro-de-espanol","tag-mexicanos-en-el-mundo","tag-mexico"],"yoast_head":"<!-- This site is optimized with the Yoast SEO plugin v26.7 - https:\/\/yoast.com\/wordpress\/plugins\/seo\/ -->\n<title>Video: estudiantes franceses cuestionan si en M\u00e9xico \u00a1hay redes sociales! - So Close<\/title>\n<meta name=\"robots\" content=\"index, follow, max-snippet:-1, max-image-preview:large, max-video-preview:-1\" \/>\n<link rel=\"canonical\" href=\"https:\/\/soclose.mx\/blog\/tag\/juan-rulfo-frases-mujeres\/\" \/>\n<meta property=\"og:locale\" content=\"es_MX\" \/>\n<meta property=\"og:type\" content=\"article\" \/>\n<meta property=\"og:title\" content=\"Video: estudiantes franceses cuestionan si en M\u00e9xico \u00a1hay redes sociales! - So Close\" \/>\n<meta property=\"og:description\" content=\"Nuestro M\u00e9xico lindo y querido es amado por muchas personas a nivel mundial por la cultura, la comida y la calidez de la gente. Pero hay uno que otro despistado que tiene pocas referencias sobre nuestro pa\u00eds y eso lo vivi\u00f3 un profesor mexicano que dio clases de espa\u00f1ol en un instituto escolar en Francia.\u00a0 El profe Francisco Soberanis cont\u00f3 a trav\u00e9s de un video que sus alumnos lo cuestionaron sobre cosas de M\u00e9xico, pero hubo en particular una pregunta que le llam\u00f3 mucho la atenci\u00f3n. &#8220;\u00bfEn M\u00e9xico tienen redes sociales, profe?&#8221; No se sabe si cuestionaron de forma ir\u00f3nica\" \/>\n<meta property=\"og:url\" content=\"https:\/\/soclose.mx\/blog\/tag\/juan-rulfo-frases-mujeres\/\" \/>\n<meta property=\"og:site_name\" content=\"So Close\" \/>\n<meta property=\"article:published_time\" content=\"2022-07-31T01:36:13+00:00\" \/>\n<meta property=\"article:modified_time\" content=\"2022-08-02T16:20:57+00:00\" \/>\n<meta property=\"og:image\" content=\"https:\/\/i0.wp.com\/soclose.mx\/blog\/wp-content\/uploads\/2022\/07\/34E648C5-62F3-4834-BA71-E0197B84DAA2-scaled.jpeg?fit=2560%2C1922&ssl=1\" \/>\n\t<meta property=\"og:image:width\" content=\"2560\" \/>\n\t<meta property=\"og:image:height\" content=\"1922\" \/>\n\t<meta property=\"og:image:type\" content=\"image\/jpeg\" \/>\n<meta name=\"author\" content=\"Daniel Ram\u00edrez\" \/>\n<meta name=\"twitter:card\" content=\"summary_large_image\" \/>\n<meta name=\"twitter:label1\" content=\"Escrito por\" \/>\n\t<meta name=\"twitter:data1\" content=\"Daniel Ram\u00edrez\" \/>\n\t<meta name=\"twitter:label2\" content=\"Tiempo de lectura\" \/>\n\t<meta name=\"twitter:data2\" content=\"1 minuto\" \/>\n<script type=\"application\/ld+json\" class=\"yoast-schema-graph\">{\"@context\":\"https:\/\/schema.org\",\"@graph\":[{\"@type\":\"Article\",\"@id\":\"https:\/\/soclose.mx\/blog\/tag\/juan-rulfo-frases-mujeres\/#article\",\"isPartOf\":{\"@id\":\"https:\/\/soclose.mx\/blog\/tag\/juan-rulfo-frases-mujeres\/\"},\"author\":{\"name\":\"Daniel Ram\u00edrez\",\"@id\":\"https:\/\/soclose.mx\/blog\/#\/schema\/person\/54cd06c3a8cdc01a80c08725278aff88\"},\"headline\":\"Video: estudiantes franceses cuestionan si en M\u00e9xico \u00a1hay redes sociales!\",\"datePublished\":\"2022-07-31T01:36:13+00:00\",\"dateModified\":\"2022-08-02T16:20:57+00:00\",\"mainEntityOfPage\":{\"@id\":\"https:\/\/soclose.mx\/blog\/tag\/juan-rulfo-frases-mujeres\/\"},\"wordCount\":238,\"commentCount\":0,\"publisher\":{\"@id\":\"https:\/\/soclose.mx\/blog\/#organization\"},\"image\":{\"@id\":\"https:\/\/soclose.mx\/blog\/tag\/juan-rulfo-frases-mujeres\/#primaryimage\"},\"thumbnailUrl\":\"https:\/\/i0.wp.com\/soclose.mx\/blog\/wp-content\/uploads\/2022\/07\/34E648C5-62F3-4834-BA71-E0197B84DAA2-scaled.jpeg?fit=2560%2C1922&ssl=1\",\"keywords\":[\"estudientes franceses\",\"franceses\",\"maestro de espanol\",\"mexicanos en el mundo\",\"mexico\"],\"articleSection\":[\"\u00a1Ay goeeee!\"],\"inLanguage\":\"es\",\"potentialAction\":[{\"@type\":\"CommentAction\",\"name\":\"Comment\",\"target\":[\"https:\/\/soclose.mx\/blog\/tag\/juan-rulfo-frases-mujeres\/#respond\"]}]},{\"@type\":\"WebPage\",\"@id\":\"https:\/\/soclose.mx\/blog\/tag\/juan-rulfo-frases-mujeres\/\",\"url\":\"https:\/\/soclose.mx\/blog\/tag\/juan-rulfo-frases-mujeres\/\",\"name\":\"Video: estudiantes franceses cuestionan si en M\u00e9xico \u00a1hay redes sociales! - So Close\",\"isPartOf\":{\"@id\":\"https:\/\/soclose.mx\/blog\/#website\"},\"primaryImageOfPage\":{\"@id\":\"https:\/\/soclose.mx\/blog\/tag\/juan-rulfo-frases-mujeres\/#primaryimage\"},\"image\":{\"@id\":\"https:\/\/soclose.mx\/blog\/tag\/juan-rulfo-frases-mujeres\/#primaryimage\"},\"thumbnailUrl\":\"https:\/\/i0.wp.com\/soclose.mx\/blog\/wp-content\/uploads\/2022\/07\/34E648C5-62F3-4834-BA71-E0197B84DAA2-scaled.jpeg?fit=2560%2C1922&ssl=1\",\"datePublished\":\"2022-07-31T01:36:13+00:00\",\"dateModified\":\"2022-08-02T16:20:57+00:00\",\"breadcrumb\":{\"@id\":\"https:\/\/soclose.mx\/blog\/tag\/juan-rulfo-frases-mujeres\/#breadcrumb\"},\"inLanguage\":\"es\",\"potentialAction\":[{\"@type\":\"ReadAction\",\"target\":[\"https:\/\/soclose.mx\/blog\/tag\/juan-rulfo-frases-mujeres\/\"]}]},{\"@type\":\"ImageObject\",\"inLanguage\":\"es\",\"@id\":\"https:\/\/soclose.mx\/blog\/tag\/juan-rulfo-frases-mujeres\/#primaryimage\",\"url\":\"https:\/\/i0.wp.com\/soclose.mx\/blog\/wp-content\/uploads\/2022\/07\/34E648C5-62F3-4834-BA71-E0197B84DAA2-scaled.jpeg?fit=2560%2C1922&ssl=1\",\"contentUrl\":\"https:\/\/i0.wp.com\/soclose.mx\/blog\/wp-content\/uploads\/2022\/07\/34E648C5-62F3-4834-BA71-E0197B84DAA2-scaled.jpeg?fit=2560%2C1922&ssl=1\",\"width\":2560,\"height\":1922},{\"@type\":\"BreadcrumbList\",\"@id\":\"https:\/\/soclose.mx\/blog\/tag\/juan-rulfo-frases-mujeres\/#breadcrumb\",\"itemListElement\":[{\"@type\":\"ListItem\",\"position\":1,\"name\":\"Inicio\",\"item\":\"https:\/\/soclose.mx\/blog\/\"},{\"@type\":\"ListItem\",\"position\":2,\"name\":\"Video: estudiantes franceses cuestionan si en M\u00e9xico \u00a1hay redes sociales!\"}]},{\"@type\":\"WebSite\",\"@id\":\"https:\/\/soclose.mx\/blog\/#website\",\"url\":\"https:\/\/soclose.mx\/blog\/\",\"name\":\"So Close\",\"description\":\"Hacemos contenidos de M\u00e9xico\",\"publisher\":{\"@id\":\"https:\/\/soclose.mx\/blog\/#organization\"},\"potentialAction\":[{\"@type\":\"SearchAction\",\"target\":{\"@type\":\"EntryPoint\",\"urlTemplate\":\"https:\/\/soclose.mx\/blog\/?s={search_term_string}\"},\"query-input\":{\"@type\":\"PropertyValueSpecification\",\"valueRequired\":true,\"valueName\":\"search_term_string\"}}],\"inLanguage\":\"es\"},{\"@type\":\"Organization\",\"@id\":\"https:\/\/soclose.mx\/blog\/#organization\",\"name\":\"So Close\",\"url\":\"https:\/\/soclose.mx\/blog\/\",\"logo\":{\"@type\":\"ImageObject\",\"inLanguage\":\"es\",\"@id\":\"https:\/\/soclose.mx\/blog\/#\/schema\/logo\/image\/\",\"url\":\"https:\/\/i0.wp.com\/soclose.mx\/blog\/wp-content\/uploads\/2020\/12\/LOGO_SOCLOSE_COLOR-e1608310133507.png?fit=2858%2C1264&ssl=1\",\"contentUrl\":\"https:\/\/i0.wp.com\/soclose.mx\/blog\/wp-content\/uploads\/2020\/12\/LOGO_SOCLOSE_COLOR-e1608310133507.png?fit=2858%2C1264&ssl=1\",\"width\":2858,\"height\":1264,\"caption\":\"So Close\"},\"image\":{\"@id\":\"https:\/\/soclose.mx\/blog\/#\/schema\/logo\/image\/\"}},{\"@type\":\"Person\",\"@id\":\"https:\/\/soclose.mx\/blog\/#\/schema\/person\/54cd06c3a8cdc01a80c08725278aff88\",\"name\":\"Daniel Ram\u00edrez\",\"image\":{\"@type\":\"ImageObject\",\"inLanguage\":\"es\",\"@id\":\"https:\/\/soclose.mx\/blog\/#\/schema\/person\/image\/\",\"url\":\"https:\/\/secure.gravatar.com\/avatar\/74af6012f2e898d2be93cf32e26b59a2c9489743c9ca6270d7848b44edd7d272?s=96&d=mm&r=g\",\"contentUrl\":\"https:\/\/secure.gravatar.com\/avatar\/74af6012f2e898d2be93cf32e26b59a2c9489743c9ca6270d7848b44edd7d272?s=96&d=mm&r=g\",\"caption\":\"Daniel Ram\u00edrez\"},\"url\":\"https:\/\/soclose.mx\/blog\/author\/peter\/\"}]}<\/script>\n<!-- \/ Yoast SEO plugin. -->","yoast_head_json":{"title":"Video: estudiantes franceses cuestionan si en M\u00e9xico \u00a1hay redes sociales! - So Close","robots":{"index":"index","follow":"follow","max-snippet":"max-snippet:-1","max-image-preview":"max-image-preview:large","max-video-preview":"max-video-preview:-1"},"canonical":"https:\/\/soclose.mx\/blog\/tag\/juan-rulfo-frases-mujeres\/","og_locale":"es_MX","og_type":"article","og_title":"Video: estudiantes franceses cuestionan si en M\u00e9xico \u00a1hay redes sociales! - So Close","og_description":"Nuestro M\u00e9xico lindo y querido es amado por muchas personas a nivel mundial por la cultura, la comida y la calidez de la gente. Pero hay uno que otro despistado que tiene pocas referencias sobre nuestro pa\u00eds y eso lo vivi\u00f3 un profesor mexicano que dio clases de espa\u00f1ol en un instituto escolar en Francia.\u00a0 El profe Francisco Soberanis cont\u00f3 a trav\u00e9s de un video que sus alumnos lo cuestionaron sobre cosas de M\u00e9xico, pero hubo en particular una pregunta que le llam\u00f3 mucho la atenci\u00f3n. &#8220;\u00bfEn M\u00e9xico tienen redes sociales, profe?&#8221; No se sabe si cuestionaron de forma ir\u00f3nica","og_url":"https:\/\/soclose.mx\/blog\/tag\/juan-rulfo-frases-mujeres\/","og_site_name":"So Close","article_published_time":"2022-07-31T01:36:13+00:00","article_modified_time":"2022-08-02T16:20:57+00:00","og_image":[{"width":2560,"height":1922,"url":"https:\/\/i0.wp.com\/soclose.mx\/blog\/wp-content\/uploads\/2022\/07\/34E648C5-62F3-4834-BA71-E0197B84DAA2-scaled.jpeg?fit=2560%2C1922&ssl=1","type":"image\/jpeg"}],"author":"Daniel Ram\u00edrez","twitter_card":"summary_large_image","twitter_misc":{"Escrito por":"Daniel Ram\u00edrez","Tiempo de lectura":"1 minuto"},"schema":{"@context":"https:\/\/schema.org","@graph":[{"@type":"Article","@id":"https:\/\/soclose.mx\/blog\/tag\/juan-rulfo-frases-mujeres\/#article","isPartOf":{"@id":"https:\/\/soclose.mx\/blog\/tag\/juan-rulfo-frases-mujeres\/"},"author":{"name":"Daniel Ram\u00edrez","@id":"https:\/\/soclose.mx\/blog\/#\/schema\/person\/54cd06c3a8cdc01a80c08725278aff88"},"headline":"Video: estudiantes franceses cuestionan si en M\u00e9xico \u00a1hay redes sociales!","datePublished":"2022-07-31T01:36:13+00:00","dateModified":"2022-08-02T16:20:57+00:00","mainEntityOfPage":{"@id":"https:\/\/soclose.mx\/blog\/tag\/juan-rulfo-frases-mujeres\/"},"wordCount":238,"commentCount":0,"publisher":{"@id":"https:\/\/soclose.mx\/blog\/#organization"},"image":{"@id":"https:\/\/soclose.mx\/blog\/tag\/juan-rulfo-frases-mujeres\/#primaryimage"},"thumbnailUrl":"https:\/\/i0.wp.com\/soclose.mx\/blog\/wp-content\/uploads\/2022\/07\/34E648C5-62F3-4834-BA71-E0197B84DAA2-scaled.jpeg?fit=2560%2C1922&ssl=1","keywords":["estudientes franceses","franceses","maestro de espanol","mexicanos en el mundo","mexico"],"articleSection":["\u00a1Ay goeeee!"],"inLanguage":"es","potentialAction":[{"@type":"CommentAction","name":"Comment","target":["https:\/\/soclose.mx\/blog\/tag\/juan-rulfo-frases-mujeres\/#respond"]}]},{"@type":"WebPage","@id":"https:\/\/soclose.mx\/blog\/tag\/juan-rulfo-frases-mujeres\/","url":"https:\/\/soclose.mx\/blog\/tag\/juan-rulfo-frases-mujeres\/","name":"Video: estudiantes franceses cuestionan si en M\u00e9xico \u00a1hay redes sociales! - So Close","isPartOf":{"@id":"https:\/\/soclose.mx\/blog\/#website"},"primaryImageOfPage":{"@id":"https:\/\/soclose.mx\/blog\/tag\/juan-rulfo-frases-mujeres\/#primaryimage"},"image":{"@id":"https:\/\/soclose.mx\/blog\/tag\/juan-rulfo-frases-mujeres\/#primaryimage"},"thumbnailUrl":"https:\/\/i0.wp.com\/soclose.mx\/blog\/wp-content\/uploads\/2022\/07\/34E648C5-62F3-4834-BA71-E0197B84DAA2-scaled.jpeg?fit=2560%2C1922&ssl=1","datePublished":"2022-07-31T01:36:13+00:00","dateModified":"2022-08-02T16:20:57+00:00","breadcrumb":{"@id":"https:\/\/soclose.mx\/blog\/tag\/juan-rulfo-frases-mujeres\/#breadcrumb"},"inLanguage":"es","potentialAction":[{"@type":"ReadAction","target":["https:\/\/soclose.mx\/blog\/tag\/juan-rulfo-frases-mujeres\/"]}]},{"@type":"ImageObject","inLanguage":"es","@id":"https:\/\/soclose.mx\/blog\/tag\/juan-rulfo-frases-mujeres\/#primaryimage","url":"https:\/\/i0.wp.com\/soclose.mx\/blog\/wp-content\/uploads\/2022\/07\/34E648C5-62F3-4834-BA71-E0197B84DAA2-scaled.jpeg?fit=2560%2C1922&ssl=1","contentUrl":"https:\/\/i0.wp.com\/soclose.mx\/blog\/wp-content\/uploads\/2022\/07\/34E648C5-62F3-4834-BA71-E0197B84DAA2-scaled.jpeg?fit=2560%2C1922&ssl=1","width":2560,"height":1922},{"@type":"BreadcrumbList","@id":"https:\/\/soclose.mx\/blog\/tag\/juan-rulfo-frases-mujeres\/#breadcrumb","itemListElement":[{"@type":"ListItem","position":1,"name":"Inicio","item":"https:\/\/soclose.mx\/blog\/"},{"@type":"ListItem","position":2,"name":"Video: estudiantes franceses cuestionan si en M\u00e9xico \u00a1hay redes sociales!"}]},{"@type":"WebSite","@id":"https:\/\/soclose.mx\/blog\/#website","url":"https:\/\/soclose.mx\/blog\/","name":"So Close","description":"Hacemos contenidos de M\u00e9xico","publisher":{"@id":"https:\/\/soclose.mx\/blog\/#organization"},"potentialAction":[{"@type":"SearchAction","target":{"@type":"EntryPoint","urlTemplate":"https:\/\/soclose.mx\/blog\/?s={search_term_string}"},"query-input":{"@type":"PropertyValueSpecification","valueRequired":true,"valueName":"search_term_string"}}],"inLanguage":"es"},{"@type":"Organization","@id":"https:\/\/soclose.mx\/blog\/#organization","name":"So Close","url":"https:\/\/soclose.mx\/blog\/","logo":{"@type":"ImageObject","inLanguage":"es","@id":"https:\/\/soclose.mx\/blog\/#\/schema\/logo\/image\/","url":"https:\/\/i0.wp.com\/soclose.mx\/blog\/wp-content\/uploads\/2020\/12\/LOGO_SOCLOSE_COLOR-e1608310133507.png?fit=2858%2C1264&ssl=1","contentUrl":"https:\/\/i0.wp.com\/soclose.mx\/blog\/wp-content\/uploads\/2020\/12\/LOGO_SOCLOSE_COLOR-e1608310133507.png?fit=2858%2C1264&ssl=1","width":2858,"height":1264,"caption":"So Close"},"image":{"@id":"https:\/\/soclose.mx\/blog\/#\/schema\/logo\/image\/"}},{"@type":"Person","@id":"https:\/\/soclose.mx\/blog\/#\/schema\/person\/54cd06c3a8cdc01a80c08725278aff88","name":"Daniel Ram\u00edrez","image":{"@type":"ImageObject","inLanguage":"es","@id":"https:\/\/soclose.mx\/blog\/#\/schema\/person\/image\/","url":"https:\/\/secure.gravatar.com\/avatar\/74af6012f2e898d2be93cf32e26b59a2c9489743c9ca6270d7848b44edd7d272?s=96&d=mm&r=g","contentUrl":"https:\/\/secure.gravatar.com\/avatar\/74af6012f2e898d2be93cf32e26b59a2c9489743c9ca6270d7848b44edd7d272?s=96&d=mm&r=g","caption":"Daniel Ram\u00edrez"},"url":"https:\/\/soclose.mx\/blog\/author\/peter\/"}]}},"jetpack_featured_media_url":"https:\/\/i0.wp.com\/soclose.mx\/blog\/wp-content\/uploads\/2022\/07\/34E648C5-62F3-4834-BA71-E0197B84DAA2-scaled.jpeg?fit=2560%2C1922&ssl=1","jetpack-related-posts":[{"id":10054,"url":"https:\/\/soclose.mx\/blog\/a-la-mexicana\/con-ustedes-el-chico-condon\/","url_meta":{"origin":10778,"position":0},"title":"Profe disfraza de cond\u00f3n a alumno","author":"Daniel Ram\u00edrez","date":"1 junio, 2022","format":false,"excerpt":"Si de por si ya es vergonzoso pasar al frente para exporner o hacer otra actividad frente a la clase, imag\u00ednate que te usen de ejemplo para darle vida al \"chico cond\u00f3n\". Los alumnos de la Unidad Acad\u00e9mica de Novolato, Sinaloa, estaban recibiendo clase de educaci\u00f3n sexual y el maestro\u2026","rel":"","context":"En &quot;A la mexicana&quot;","block_context":{"text":"A la mexicana","link":"https:\/\/soclose.mx\/blog\/category\/a-la-mexicana\/"},"img":{"alt_text":"","src":"https:\/\/i0.wp.com\/soclose.mx\/blog\/wp-content\/uploads\/2022\/06\/Captura-de-Pantalla-2022-06-01-a-las-19.40.00.png?fit=1039%2C655&ssl=1&resize=350%2C200","width":350,"height":200,"srcset":"https:\/\/i0.wp.com\/soclose.mx\/blog\/wp-content\/uploads\/2022\/06\/Captura-de-Pantalla-2022-06-01-a-las-19.40.00.png?fit=1039%2C655&ssl=1&resize=350%2C200 1x, https:\/\/i0.wp.com\/soclose.mx\/blog\/wp-content\/uploads\/2022\/06\/Captura-de-Pantalla-2022-06-01-a-las-19.40.00.png?fit=1039%2C655&ssl=1&resize=525%2C300 1.5x, https:\/\/i0.wp.com\/soclose.mx\/blog\/wp-content\/uploads\/2022\/06\/Captura-de-Pantalla-2022-06-01-a-las-19.40.00.png?fit=1039%2C655&ssl=1&resize=700%2C400 2x"},"classes":[]},{"id":8532,"url":"https:\/\/soclose.mx\/blog\/ay-goeeee\/el-curioso-origen-del-tradicional-mariachi\/","url_meta":{"origin":10778,"position":1},"title":"El curioso origen del tradicional mariachi","author":"Miguel Angel Romero","date":"21 enero, 2022","format":false,"excerpt":"Entre las im\u00e1genes m\u00e1s representativas que nos vienen a la cabeza cuando hablamos de\u00a0M\u00e9xico se encuentra sin duda las canciones y el traje del mariachi, \u00bfcierto? Existen diferentes teor\u00edas sobre la aparici\u00f3n del mariachi, la m\u00e1s conocida indica que proviene del franc\u00e9s marriage, es decir boda o matrimonio, en la\u2026","rel":"","context":"En &quot;\u00a1Ay goeeee!&quot;","block_context":{"text":"\u00a1Ay goeeee!","link":"https:\/\/soclose.mx\/blog\/category\/ay-goeeee\/"},"img":{"alt_text":"","src":"https:\/\/i0.wp.com\/soclose.mx\/blog\/wp-content\/uploads\/2022\/01\/Copia-de-Principal-So-Close-blog-2-9.png?fit=1200%2C677&ssl=1&resize=350%2C200","width":350,"height":200,"srcset":"https:\/\/i0.wp.com\/soclose.mx\/blog\/wp-content\/uploads\/2022\/01\/Copia-de-Principal-So-Close-blog-2-9.png?fit=1200%2C677&ssl=1&resize=350%2C200 1x, https:\/\/i0.wp.com\/soclose.mx\/blog\/wp-content\/uploads\/2022\/01\/Copia-de-Principal-So-Close-blog-2-9.png?fit=1200%2C677&ssl=1&resize=525%2C300 1.5x, https:\/\/i0.wp.com\/soclose.mx\/blog\/wp-content\/uploads\/2022\/01\/Copia-de-Principal-So-Close-blog-2-9.png?fit=1200%2C677&ssl=1&resize=700%2C400 2x, https:\/\/i0.wp.com\/soclose.mx\/blog\/wp-content\/uploads\/2022\/01\/Copia-de-Principal-So-Close-blog-2-9.png?fit=1200%2C677&ssl=1&resize=1050%2C600 3x"},"classes":[]},{"id":9128,"url":"https:\/\/soclose.mx\/blog\/a-la-mexicana\/porfirio-diaz-tiene-una-avenida-con-su-nombre-en-francia\/","url_meta":{"origin":10778,"position":2},"title":"Porfirio D\u00edaz tiene una avenida con su nombre&#8230; \u00bfen Francia?","author":"Miguel Angel Romero","date":"1 marzo, 2022","format":false,"excerpt":"As\u00ed es, por muy raro que parezca, tras ser exiliado de M\u00e9xico, Porfirio D\u00edaz vivi\u00f3 sus \u00faltimos a\u00f1os en Francia, en este tiempo pas\u00f3 de ser considerado un h\u00e9roe tras luchar con los franceses a ser uno de los villanos, pero esto no impidi\u00f3 que en una localidad francesa se\u2026","rel":"","context":"En &quot;A la mexicana&quot;","block_context":{"text":"A la mexicana","link":"https:\/\/soclose.mx\/blog\/category\/a-la-mexicana\/"},"img":{"alt_text":"","src":"https:\/\/i0.wp.com\/soclose.mx\/blog\/wp-content\/uploads\/2022\/02\/Copia-de-Principal-So-Close-blog-1-13.png?fit=1200%2C677&ssl=1&resize=350%2C200","width":350,"height":200,"srcset":"https:\/\/i0.wp.com\/soclose.mx\/blog\/wp-content\/uploads\/2022\/02\/Copia-de-Principal-So-Close-blog-1-13.png?fit=1200%2C677&ssl=1&resize=350%2C200 1x, https:\/\/i0.wp.com\/soclose.mx\/blog\/wp-content\/uploads\/2022\/02\/Copia-de-Principal-So-Close-blog-1-13.png?fit=1200%2C677&ssl=1&resize=525%2C300 1.5x, https:\/\/i0.wp.com\/soclose.mx\/blog\/wp-content\/uploads\/2022\/02\/Copia-de-Principal-So-Close-blog-1-13.png?fit=1200%2C677&ssl=1&resize=700%2C400 2x, https:\/\/i0.wp.com\/soclose.mx\/blog\/wp-content\/uploads\/2022\/02\/Copia-de-Principal-So-Close-blog-1-13.png?fit=1200%2C677&ssl=1&resize=1050%2C600 3x"},"classes":[]},{"id":6005,"url":"https:\/\/soclose.mx\/blog\/ay-goeeee\/cinco-datos-de-porque-se-celebra-el-5-de-mayo-en-estados-unidos\/","url_meta":{"origin":10778,"position":3},"title":"Cinco datos de porqu\u00e9 se celebra el 5 de mayo en Estados Unidos","author":"So Close","date":"30 abril, 2021","format":false,"excerpt":"Como todos sabemos, la Batalla de Puebla tuvo lugar el 5 de mayo de 1862 en la que el ej\u00e9rcito mexicano enfrent\u00f3 y venci\u00f3 a los franceses, mucho mayores en n\u00famero y en poder\u00edo de armas, pero \u00bfpor qu\u00e9 se celebra tambi\u00e9n en Estados Unidos? Aqu\u00ed cinco razones por las\u2026","rel":"","context":"En &quot;\u00a1Ay goeeee!&quot;","block_context":{"text":"\u00a1Ay goeeee!","link":"https:\/\/soclose.mx\/blog\/category\/ay-goeeee\/"},"img":{"alt_text":"","src":"https:\/\/i0.wp.com\/soclose.mx\/blog\/wp-content\/uploads\/2021\/04\/Principal-So-Close-blog-4.jpeg?fit=1200%2C677&ssl=1&resize=350%2C200","width":350,"height":200,"srcset":"https:\/\/i0.wp.com\/soclose.mx\/blog\/wp-content\/uploads\/2021\/04\/Principal-So-Close-blog-4.jpeg?fit=1200%2C677&ssl=1&resize=350%2C200 1x, https:\/\/i0.wp.com\/soclose.mx\/blog\/wp-content\/uploads\/2021\/04\/Principal-So-Close-blog-4.jpeg?fit=1200%2C677&ssl=1&resize=525%2C300 1.5x, https:\/\/i0.wp.com\/soclose.mx\/blog\/wp-content\/uploads\/2021\/04\/Principal-So-Close-blog-4.jpeg?fit=1200%2C677&ssl=1&resize=700%2C400 2x, https:\/\/i0.wp.com\/soclose.mx\/blog\/wp-content\/uploads\/2021\/04\/Principal-So-Close-blog-4.jpeg?fit=1200%2C677&ssl=1&resize=1050%2C600 3x"},"classes":[]},{"id":11259,"url":"https:\/\/soclose.mx\/blog\/a-la-mexicana\/reina-albur-lourdes-ruiz-quien-era-tepito\/","url_meta":{"origin":10778,"position":4},"title":"\u00bfQui\u00e9n era la reina del albur y qu\u00e9 pas\u00f3 con ella?","author":"Mar\u00eda Ju\u00e1rez","date":"10 marzo, 2023","format":false,"excerpt":"Bien dicen que el mexicano en donde pone el ojo pone la vara o \u00bfla bala? Y en el terreno del albur somos maestros; basta conocer la historia de Lourdes Ruiz, quien puso en alto el nombre de M\u00e9xico al ser la campeona mundial del doble sentido; es la \u201cReina\u2026","rel":"","context":"En &quot;A la mexicana&quot;","block_context":{"text":"A la mexicana","link":"https:\/\/soclose.mx\/blog\/category\/a-la-mexicana\/"},"img":{"alt_text":"Lourdes Ruiz, reina del albur, Tepito","src":"https:\/\/i0.wp.com\/soclose.mx\/blog\/wp-content\/uploads\/2023\/02\/Reina-del-albur-Tepito-CDMX-quien-es-2-1.jpg?fit=1200%2C653&ssl=1&resize=350%2C200","width":350,"height":200,"srcset":"https:\/\/i0.wp.com\/soclose.mx\/blog\/wp-content\/uploads\/2023\/02\/Reina-del-albur-Tepito-CDMX-quien-es-2-1.jpg?fit=1200%2C653&ssl=1&resize=350%2C200 1x, https:\/\/i0.wp.com\/soclose.mx\/blog\/wp-content\/uploads\/2023\/02\/Reina-del-albur-Tepito-CDMX-quien-es-2-1.jpg?fit=1200%2C653&ssl=1&resize=525%2C300 1.5x, https:\/\/i0.wp.com\/soclose.mx\/blog\/wp-content\/uploads\/2023\/02\/Reina-del-albur-Tepito-CDMX-quien-es-2-1.jpg?fit=1200%2C653&ssl=1&resize=700%2C400 2x, https:\/\/i0.wp.com\/soclose.mx\/blog\/wp-content\/uploads\/2023\/02\/Reina-del-albur-Tepito-CDMX-quien-es-2-1.jpg?fit=1200%2C653&ssl=1&resize=1050%2C600 3x"},"classes":[]},{"id":6962,"url":"https:\/\/soclose.mx\/blog\/ay-goeeee\/por-que-mexico-se-escribe-con-x-y-no-con-j\/","url_meta":{"origin":10778,"position":5},"title":"\u00bfPor qu\u00e9 M\u00e9xico se escribe con \u201cX\u201d y no con \u201cJ\u201d?","author":"Miguel Angel Romero","date":"25 agosto, 2021","format":false,"excerpt":"A pesar de que el nombre de este pa\u00eds se ha escrito en espa\u00f1ol con \"x\" durante cinco siglos, desde que los conquistadores se establecieron en Am\u00e9rica, muchos hispanohablantes a\u00fan lo escriben con \"j\". La propia Real Academia Espa\u00f1ola (RAE), en su Diccionario Panhisp\u00e1nico de Dudas, dice que\u00a0a\u00fan\u00a0es v\u00e1lido escribir\u2026","rel":"","context":"En &quot;\u00a1Ay goeeee!&quot;","block_context":{"text":"\u00a1Ay goeeee!","link":"https:\/\/soclose.mx\/blog\/category\/ay-goeeee\/"},"img":{"alt_text":"","src":"https:\/\/i0.wp.com\/soclose.mx\/blog\/wp-content\/uploads\/2021\/08\/Principal-So-Close-blog-26.jpg?fit=1200%2C677&ssl=1&resize=350%2C200","width":350,"height":200,"srcset":"https:\/\/i0.wp.com\/soclose.mx\/blog\/wp-content\/uploads\/2021\/08\/Principal-So-Close-blog-26.jpg?fit=1200%2C677&ssl=1&resize=350%2C200 1x, https:\/\/i0.wp.com\/soclose.mx\/blog\/wp-content\/uploads\/2021\/08\/Principal-So-Close-blog-26.jpg?fit=1200%2C677&ssl=1&resize=525%2C300 1.5x, https:\/\/i0.wp.com\/soclose.mx\/blog\/wp-content\/uploads\/2021\/08\/Principal-So-Close-blog-26.jpg?fit=1200%2C677&ssl=1&resize=700%2C400 2x, https:\/\/i0.wp.com\/soclose.mx\/blog\/wp-content\/uploads\/2021\/08\/Principal-So-Close-blog-26.jpg?fit=1200%2C677&ssl=1&resize=1050%2C600 3x"},"classes":[]}],"jetpack_sharing_enabled":true,"_links":{"self":[{"href":"https:\/\/soclose.mx\/blog\/wp-json\/wp\/v2\/posts\/10778","targetHints":{"allow":["GET"]}}],"collection":[{"href":"https:\/\/soclose.mx\/blog\/wp-json\/wp\/v2\/posts"}],"about":[{"href":"https:\/\/soclose.mx\/blog\/wp-json\/wp\/v2\/types\/post"}],"author":[{"embeddable":true,"href":"https:\/\/soclose.mx\/blog\/wp-json\/wp\/v2\/users\/9"}],"replies":[{"embeddable":true,"href":"https:\/\/soclose.mx\/blog\/wp-json\/wp\/v2\/comments?post=10778"}],"version-history":[{"count":0,"href":"https:\/\/soclose.mx\/blog\/wp-json\/wp\/v2\/posts\/10778\/revisions"}],"wp:featuredmedia":[{"embeddable":true,"href":"https:\/\/soclose.mx\/blog\/wp-json\/wp\/v2\/media\/10781"}],"wp:attachment":[{"href":"https:\/\/soclose.mx\/blog\/wp-json\/wp\/v2\/media?parent=10778"}],"wp:term":[{"taxonomy":"category","embeddable":true,"href":"https:\/\/soclose.mx\/blog\/wp-json\/wp\/v2\/categories?post=10778"},{"taxonomy":"post_tag","embeddable":true,"href":"https:\/\/soclose.mx\/blog\/wp-json\/wp\/v2\/tags?post=10778"}],"curies":[{"name":"wp","href":"https:\/\/api.w.org\/{rel}","templated":true}]}}