{"id":10819,"date":"2022-08-04T21:21:21","date_gmt":"2022-08-05T02:21:21","guid":{"rendered":"https:\/\/soclose.mx\/blog\/?p=10819"},"modified":"2022-08-04T21:24:35","modified_gmt":"2022-08-05T02:24:35","slug":"los-calendarios-con-imagenes-arte-popular-mexicano-de-principios-del-siglo-xx","status":"publish","type":"post","link":"https:\/\/soclose.mx\/blog\/ay-goeeee\/los-calendarios-con-imagenes-arte-popular-mexicano-de-principios-del-siglo-xx\/","title":{"rendered":"Los calendarios con im\u00e1genes, arte popular mexicano de principios del siglo XX"},"content":{"rendered":"<p>\u00bfQu\u00e9n en su casa no ha tenido <strong>un calendario<\/strong> que le regal\u00f3 a su mam\u00e1 <strong>el se\u00f1or de la carnicer\u00eda, de la poller\u00eda o de los abarrotes?<\/strong> Sin temor a equivocarnos, parece que todo mexicano.<\/p>\n<p>Ese regalo no solo es una imagen por s\u00ed sola con los 365 d\u00edas del a\u00f1o que iniciar\u00e1 pronto, sino una pieza con historia que data desde principios del <a href=\"https:\/\/soclose.mx\/blog\/ay-goeeee\/directo-al-corazon-conoce-el-unico-videocentro-sobreviviente-en-mexico\/\">s<strong>iglo XX en M\u00e9xico.<\/strong><\/a><\/p>\n<p>En aquella \u00e9poca los calendarios no ten\u00edan <strong>imagen o &#8220;cromo&#8221;<\/strong>, como era conocido ese arte, se les agreg\u00f3 para enaltecer la cultura popular mexicana.<\/p>\n<p>Las fotograf\u00edas abarcaban muchos temas: hist\u00f3ricas, religiosas, de comida, chuscas, entre otras. Pero esas im\u00e1genes ten\u00edan un fin comercial para mostrar y publicitar una marca.<\/p>\n<p>Ah\u00ed se daban a conocer desde refrescos y cervezas hasta pan, y eran solicitados por los due\u00f1os de esas marcas para su uso exclusivo.<\/p>\n<p>Esos pedidos eran especiales, pero tambi\u00e9n exist\u00edan los llamados &#8216;calendarios en l\u00ednea&#8217;, que eran cromos que se pod\u00edan replicar a gran escala.<\/p>\n<p>Pero, \u00bfqu\u00e9 tipo de im\u00e1genes se mostraba en ellos? Las mujeres eran el principal recurso utilizado e iban caracterizadas como cocineras, amas de casa; vestidas con atuendos regionales o acompa\u00f1adas con artesan\u00edas de barro negro.<\/p>\n<p>Esto incitaba a los personas a comprar el producto en cuesti\u00f3n o serv\u00eda para enaltecer su mexicanidad y reconocer las cosas que percib\u00eda en la vida cotidiana.<\/p>\n<p>As\u00ed que ya sabes, ahora que recibas un calendario de &#8220;Do\u00f1a Pelos&#8221;, la de las quesadillas, val\u00f3ralo porque tendr\u00e1s en tus manos una pieza con un origen incre\u00edble.<\/p>\n<p><img data-recalc-dims=\"1\" fetchpriority=\"high\" decoding=\"async\" class=\"alignnone size-medium wp-image-10821\" src=\"https:\/\/i0.wp.com\/soclose.mx\/blog\/wp-content\/uploads\/2022\/08\/cromo3.jpg?resize=300%2C247&#038;ssl=1\" alt=\"\" width=\"300\" height=\"247\" srcset=\"https:\/\/i0.wp.com\/soclose.mx\/blog\/wp-content\/uploads\/2022\/08\/cromo3.jpg?resize=300%2C247&amp;ssl=1 300w, https:\/\/i0.wp.com\/soclose.mx\/blog\/wp-content\/uploads\/2022\/08\/cromo3.jpg?resize=768%2C631&amp;ssl=1 768w, https:\/\/i0.wp.com\/soclose.mx\/blog\/wp-content\/uploads\/2022\/08\/cromo3.jpg?resize=585%2C481&amp;ssl=1 585w, https:\/\/i0.wp.com\/soclose.mx\/blog\/wp-content\/uploads\/2022\/08\/cromo3.jpg?w=965&amp;ssl=1 965w\" sizes=\"(max-width: 300px) 100vw, 300px\" \/><\/p>\n","protected":false},"excerpt":{"rendered":"<p>\u00bfQu\u00e9n en su casa no ha tenido un calendario que le regal\u00f3 a su mam\u00e1 el se\u00f1or de la carnicer\u00eda, de la poller\u00eda o de los abarrotes? Sin temor a equivocarnos, parece que todo mexicano. Ese regalo no solo es una imagen por s\u00ed sola con los 365 d\u00edas del a\u00f1o que iniciar\u00e1 pronto, sino una pieza con historia que data desde principios del siglo XX en M\u00e9xico. En aquella \u00e9poca los calendarios no ten\u00edan imagen o &#8220;cromo&#8221;, como era conocido ese arte, se les agreg\u00f3 para enaltecer la cultura popular mexicana. Las fotograf\u00edas abarcaban muchos temas: hist\u00f3ricas, religiosas, de<\/p>\n","protected":false},"author":9,"featured_media":10820,"comment_status":"open","ping_status":"open","sticky":false,"template":"","format":"standard","meta":{"_jetpack_memberships_contains_paid_content":false,"footnotes":""},"categories":[1],"tags":[2739,2740,2737,2738,858,2741],"class_list":["post-10819","post","type-post","status-publish","format-standard","has-post-thumbnail","hentry","category-ay-goeeee","tag-arte-mexicano","tag-arte-popular","tag-calendario-con-imagen","tag-imagenes-para-calendario","tag-siglo-xx","tag-soclose"],"yoast_head":"<!-- This site is optimized with the Yoast SEO plugin v26.7 - https:\/\/yoast.com\/wordpress\/plugins\/seo\/ -->\n<title>Los calendarios con im\u00e1genes, arte popular mexicano de principios del siglo XX - So Close<\/title>\n<meta name=\"robots\" content=\"index, follow, max-snippet:-1, max-image-preview:large, max-video-preview:-1\" \/>\n<link rel=\"canonical\" href=\"https:\/\/soclose.mx\/blog\/tag\/juan-rulfo-frases-mujeres\/\" \/>\n<meta property=\"og:locale\" content=\"es_MX\" \/>\n<meta property=\"og:type\" content=\"article\" \/>\n<meta property=\"og:title\" content=\"Los calendarios con im\u00e1genes, arte popular mexicano de principios del siglo XX - So Close\" \/>\n<meta property=\"og:description\" content=\"\u00bfQu\u00e9n en su casa no ha tenido un calendario que le regal\u00f3 a su mam\u00e1 el se\u00f1or de la carnicer\u00eda, de la poller\u00eda o de los abarrotes? Sin temor a equivocarnos, parece que todo mexicano. Ese regalo no solo es una imagen por s\u00ed sola con los 365 d\u00edas del a\u00f1o que iniciar\u00e1 pronto, sino una pieza con historia que data desde principios del siglo XX en M\u00e9xico. En aquella \u00e9poca los calendarios no ten\u00edan imagen o &#8220;cromo&#8221;, como era conocido ese arte, se les agreg\u00f3 para enaltecer la cultura popular mexicana. Las fotograf\u00edas abarcaban muchos temas: hist\u00f3ricas, religiosas, de\" \/>\n<meta property=\"og:url\" content=\"https:\/\/soclose.mx\/blog\/tag\/juan-rulfo-frases-mujeres\/\" \/>\n<meta property=\"og:site_name\" content=\"So Close\" \/>\n<meta property=\"article:published_time\" content=\"2022-08-05T02:21:21+00:00\" \/>\n<meta property=\"article:modified_time\" content=\"2022-08-05T02:24:35+00:00\" \/>\n<meta property=\"og:image\" content=\"https:\/\/i0.wp.com\/soclose.mx\/blog\/wp-content\/uploads\/2022\/08\/cromo4.jpg?fit=965%2C793&ssl=1\" \/>\n\t<meta property=\"og:image:width\" content=\"965\" \/>\n\t<meta property=\"og:image:height\" content=\"793\" \/>\n\t<meta property=\"og:image:type\" content=\"image\/jpeg\" \/>\n<meta name=\"author\" content=\"Daniel Ram\u00edrez\" \/>\n<meta name=\"twitter:card\" content=\"summary_large_image\" \/>\n<meta name=\"twitter:label1\" content=\"Escrito por\" \/>\n\t<meta name=\"twitter:data1\" content=\"Daniel Ram\u00edrez\" \/>\n\t<meta name=\"twitter:label2\" content=\"Tiempo de lectura\" \/>\n\t<meta name=\"twitter:data2\" content=\"2 minutos\" \/>\n<script type=\"application\/ld+json\" class=\"yoast-schema-graph\">{\"@context\":\"https:\/\/schema.org\",\"@graph\":[{\"@type\":\"Article\",\"@id\":\"https:\/\/soclose.mx\/blog\/tag\/juan-rulfo-frases-mujeres\/#article\",\"isPartOf\":{\"@id\":\"https:\/\/soclose.mx\/blog\/tag\/juan-rulfo-frases-mujeres\/\"},\"author\":{\"name\":\"Daniel Ram\u00edrez\",\"@id\":\"https:\/\/soclose.mx\/blog\/#\/schema\/person\/54cd06c3a8cdc01a80c08725278aff88\"},\"headline\":\"Los calendarios con im\u00e1genes, arte popular mexicano de principios del siglo XX\",\"datePublished\":\"2022-08-05T02:21:21+00:00\",\"dateModified\":\"2022-08-05T02:24:35+00:00\",\"mainEntityOfPage\":{\"@id\":\"https:\/\/soclose.mx\/blog\/tag\/juan-rulfo-frases-mujeres\/\"},\"wordCount\":292,\"commentCount\":0,\"publisher\":{\"@id\":\"https:\/\/soclose.mx\/blog\/#organization\"},\"image\":{\"@id\":\"https:\/\/soclose.mx\/blog\/tag\/juan-rulfo-frases-mujeres\/#primaryimage\"},\"thumbnailUrl\":\"https:\/\/i0.wp.com\/soclose.mx\/blog\/wp-content\/uploads\/2022\/08\/cromo4.jpg?fit=965%2C793&ssl=1\",\"keywords\":[\"arte mexicano\",\"arte popular\",\"calendario con imagen\",\"imagenes para calendario\",\"siglo xx\",\"soclose\"],\"articleSection\":[\"\u00a1Ay goeeee!\"],\"inLanguage\":\"es\",\"potentialAction\":[{\"@type\":\"CommentAction\",\"name\":\"Comment\",\"target\":[\"https:\/\/soclose.mx\/blog\/tag\/juan-rulfo-frases-mujeres\/#respond\"]}]},{\"@type\":\"WebPage\",\"@id\":\"https:\/\/soclose.mx\/blog\/tag\/juan-rulfo-frases-mujeres\/\",\"url\":\"https:\/\/soclose.mx\/blog\/tag\/juan-rulfo-frases-mujeres\/\",\"name\":\"Los calendarios con im\u00e1genes, arte popular mexicano de principios del siglo XX - So Close\",\"isPartOf\":{\"@id\":\"https:\/\/soclose.mx\/blog\/#website\"},\"primaryImageOfPage\":{\"@id\":\"https:\/\/soclose.mx\/blog\/tag\/juan-rulfo-frases-mujeres\/#primaryimage\"},\"image\":{\"@id\":\"https:\/\/soclose.mx\/blog\/tag\/juan-rulfo-frases-mujeres\/#primaryimage\"},\"thumbnailUrl\":\"https:\/\/i0.wp.com\/soclose.mx\/blog\/wp-content\/uploads\/2022\/08\/cromo4.jpg?fit=965%2C793&ssl=1\",\"datePublished\":\"2022-08-05T02:21:21+00:00\",\"dateModified\":\"2022-08-05T02:24:35+00:00\",\"breadcrumb\":{\"@id\":\"https:\/\/soclose.mx\/blog\/tag\/juan-rulfo-frases-mujeres\/#breadcrumb\"},\"inLanguage\":\"es\",\"potentialAction\":[{\"@type\":\"ReadAction\",\"target\":[\"https:\/\/soclose.mx\/blog\/tag\/juan-rulfo-frases-mujeres\/\"]}]},{\"@type\":\"ImageObject\",\"inLanguage\":\"es\",\"@id\":\"https:\/\/soclose.mx\/blog\/tag\/juan-rulfo-frases-mujeres\/#primaryimage\",\"url\":\"https:\/\/i0.wp.com\/soclose.mx\/blog\/wp-content\/uploads\/2022\/08\/cromo4.jpg?fit=965%2C793&ssl=1\",\"contentUrl\":\"https:\/\/i0.wp.com\/soclose.mx\/blog\/wp-content\/uploads\/2022\/08\/cromo4.jpg?fit=965%2C793&ssl=1\",\"width\":965,\"height\":793},{\"@type\":\"BreadcrumbList\",\"@id\":\"https:\/\/soclose.mx\/blog\/tag\/juan-rulfo-frases-mujeres\/#breadcrumb\",\"itemListElement\":[{\"@type\":\"ListItem\",\"position\":1,\"name\":\"Inicio\",\"item\":\"https:\/\/soclose.mx\/blog\/\"},{\"@type\":\"ListItem\",\"position\":2,\"name\":\"Los calendarios con im\u00e1genes, arte popular mexicano de principios del siglo XX\"}]},{\"@type\":\"WebSite\",\"@id\":\"https:\/\/soclose.mx\/blog\/#website\",\"url\":\"https:\/\/soclose.mx\/blog\/\",\"name\":\"So Close\",\"description\":\"Hacemos contenidos de M\u00e9xico\",\"publisher\":{\"@id\":\"https:\/\/soclose.mx\/blog\/#organization\"},\"potentialAction\":[{\"@type\":\"SearchAction\",\"target\":{\"@type\":\"EntryPoint\",\"urlTemplate\":\"https:\/\/soclose.mx\/blog\/?s={search_term_string}\"},\"query-input\":{\"@type\":\"PropertyValueSpecification\",\"valueRequired\":true,\"valueName\":\"search_term_string\"}}],\"inLanguage\":\"es\"},{\"@type\":\"Organization\",\"@id\":\"https:\/\/soclose.mx\/blog\/#organization\",\"name\":\"So Close\",\"url\":\"https:\/\/soclose.mx\/blog\/\",\"logo\":{\"@type\":\"ImageObject\",\"inLanguage\":\"es\",\"@id\":\"https:\/\/soclose.mx\/blog\/#\/schema\/logo\/image\/\",\"url\":\"https:\/\/i0.wp.com\/soclose.mx\/blog\/wp-content\/uploads\/2020\/12\/LOGO_SOCLOSE_COLOR-e1608310133507.png?fit=2858%2C1264&ssl=1\",\"contentUrl\":\"https:\/\/i0.wp.com\/soclose.mx\/blog\/wp-content\/uploads\/2020\/12\/LOGO_SOCLOSE_COLOR-e1608310133507.png?fit=2858%2C1264&ssl=1\",\"width\":2858,\"height\":1264,\"caption\":\"So Close\"},\"image\":{\"@id\":\"https:\/\/soclose.mx\/blog\/#\/schema\/logo\/image\/\"}},{\"@type\":\"Person\",\"@id\":\"https:\/\/soclose.mx\/blog\/#\/schema\/person\/54cd06c3a8cdc01a80c08725278aff88\",\"name\":\"Daniel Ram\u00edrez\",\"image\":{\"@type\":\"ImageObject\",\"inLanguage\":\"es\",\"@id\":\"https:\/\/soclose.mx\/blog\/#\/schema\/person\/image\/\",\"url\":\"https:\/\/secure.gravatar.com\/avatar\/74af6012f2e898d2be93cf32e26b59a2c9489743c9ca6270d7848b44edd7d272?s=96&d=mm&r=g\",\"contentUrl\":\"https:\/\/secure.gravatar.com\/avatar\/74af6012f2e898d2be93cf32e26b59a2c9489743c9ca6270d7848b44edd7d272?s=96&d=mm&r=g\",\"caption\":\"Daniel Ram\u00edrez\"},\"url\":\"https:\/\/soclose.mx\/blog\/author\/peter\/\"}]}<\/script>\n<!-- \/ Yoast SEO plugin. -->","yoast_head_json":{"title":"Los calendarios con im\u00e1genes, arte popular mexicano de principios del siglo XX - So Close","robots":{"index":"index","follow":"follow","max-snippet":"max-snippet:-1","max-image-preview":"max-image-preview:large","max-video-preview":"max-video-preview:-1"},"canonical":"https:\/\/soclose.mx\/blog\/tag\/juan-rulfo-frases-mujeres\/","og_locale":"es_MX","og_type":"article","og_title":"Los calendarios con im\u00e1genes, arte popular mexicano de principios del siglo XX - So Close","og_description":"\u00bfQu\u00e9n en su casa no ha tenido un calendario que le regal\u00f3 a su mam\u00e1 el se\u00f1or de la carnicer\u00eda, de la poller\u00eda o de los abarrotes? Sin temor a equivocarnos, parece que todo mexicano. Ese regalo no solo es una imagen por s\u00ed sola con los 365 d\u00edas del a\u00f1o que iniciar\u00e1 pronto, sino una pieza con historia que data desde principios del siglo XX en M\u00e9xico. En aquella \u00e9poca los calendarios no ten\u00edan imagen o &#8220;cromo&#8221;, como era conocido ese arte, se les agreg\u00f3 para enaltecer la cultura popular mexicana. Las fotograf\u00edas abarcaban muchos temas: hist\u00f3ricas, religiosas, de","og_url":"https:\/\/soclose.mx\/blog\/tag\/juan-rulfo-frases-mujeres\/","og_site_name":"So Close","article_published_time":"2022-08-05T02:21:21+00:00","article_modified_time":"2022-08-05T02:24:35+00:00","og_image":[{"width":965,"height":793,"url":"https:\/\/i0.wp.com\/soclose.mx\/blog\/wp-content\/uploads\/2022\/08\/cromo4.jpg?fit=965%2C793&ssl=1","type":"image\/jpeg"}],"author":"Daniel Ram\u00edrez","twitter_card":"summary_large_image","twitter_misc":{"Escrito por":"Daniel Ram\u00edrez","Tiempo de lectura":"2 minutos"},"schema":{"@context":"https:\/\/schema.org","@graph":[{"@type":"Article","@id":"https:\/\/soclose.mx\/blog\/tag\/juan-rulfo-frases-mujeres\/#article","isPartOf":{"@id":"https:\/\/soclose.mx\/blog\/tag\/juan-rulfo-frases-mujeres\/"},"author":{"name":"Daniel Ram\u00edrez","@id":"https:\/\/soclose.mx\/blog\/#\/schema\/person\/54cd06c3a8cdc01a80c08725278aff88"},"headline":"Los calendarios con im\u00e1genes, arte popular mexicano de principios del siglo XX","datePublished":"2022-08-05T02:21:21+00:00","dateModified":"2022-08-05T02:24:35+00:00","mainEntityOfPage":{"@id":"https:\/\/soclose.mx\/blog\/tag\/juan-rulfo-frases-mujeres\/"},"wordCount":292,"commentCount":0,"publisher":{"@id":"https:\/\/soclose.mx\/blog\/#organization"},"image":{"@id":"https:\/\/soclose.mx\/blog\/tag\/juan-rulfo-frases-mujeres\/#primaryimage"},"thumbnailUrl":"https:\/\/i0.wp.com\/soclose.mx\/blog\/wp-content\/uploads\/2022\/08\/cromo4.jpg?fit=965%2C793&ssl=1","keywords":["arte mexicano","arte popular","calendario con imagen","imagenes para calendario","siglo xx","soclose"],"articleSection":["\u00a1Ay goeeee!"],"inLanguage":"es","potentialAction":[{"@type":"CommentAction","name":"Comment","target":["https:\/\/soclose.mx\/blog\/tag\/juan-rulfo-frases-mujeres\/#respond"]}]},{"@type":"WebPage","@id":"https:\/\/soclose.mx\/blog\/tag\/juan-rulfo-frases-mujeres\/","url":"https:\/\/soclose.mx\/blog\/tag\/juan-rulfo-frases-mujeres\/","name":"Los calendarios con im\u00e1genes, arte popular mexicano de principios del siglo XX - So Close","isPartOf":{"@id":"https:\/\/soclose.mx\/blog\/#website"},"primaryImageOfPage":{"@id":"https:\/\/soclose.mx\/blog\/tag\/juan-rulfo-frases-mujeres\/#primaryimage"},"image":{"@id":"https:\/\/soclose.mx\/blog\/tag\/juan-rulfo-frases-mujeres\/#primaryimage"},"thumbnailUrl":"https:\/\/i0.wp.com\/soclose.mx\/blog\/wp-content\/uploads\/2022\/08\/cromo4.jpg?fit=965%2C793&ssl=1","datePublished":"2022-08-05T02:21:21+00:00","dateModified":"2022-08-05T02:24:35+00:00","breadcrumb":{"@id":"https:\/\/soclose.mx\/blog\/tag\/juan-rulfo-frases-mujeres\/#breadcrumb"},"inLanguage":"es","potentialAction":[{"@type":"ReadAction","target":["https:\/\/soclose.mx\/blog\/tag\/juan-rulfo-frases-mujeres\/"]}]},{"@type":"ImageObject","inLanguage":"es","@id":"https:\/\/soclose.mx\/blog\/tag\/juan-rulfo-frases-mujeres\/#primaryimage","url":"https:\/\/i0.wp.com\/soclose.mx\/blog\/wp-content\/uploads\/2022\/08\/cromo4.jpg?fit=965%2C793&ssl=1","contentUrl":"https:\/\/i0.wp.com\/soclose.mx\/blog\/wp-content\/uploads\/2022\/08\/cromo4.jpg?fit=965%2C793&ssl=1","width":965,"height":793},{"@type":"BreadcrumbList","@id":"https:\/\/soclose.mx\/blog\/tag\/juan-rulfo-frases-mujeres\/#breadcrumb","itemListElement":[{"@type":"ListItem","position":1,"name":"Inicio","item":"https:\/\/soclose.mx\/blog\/"},{"@type":"ListItem","position":2,"name":"Los calendarios con im\u00e1genes, arte popular mexicano de principios del siglo XX"}]},{"@type":"WebSite","@id":"https:\/\/soclose.mx\/blog\/#website","url":"https:\/\/soclose.mx\/blog\/","name":"So Close","description":"Hacemos contenidos de M\u00e9xico","publisher":{"@id":"https:\/\/soclose.mx\/blog\/#organization"},"potentialAction":[{"@type":"SearchAction","target":{"@type":"EntryPoint","urlTemplate":"https:\/\/soclose.mx\/blog\/?s={search_term_string}"},"query-input":{"@type":"PropertyValueSpecification","valueRequired":true,"valueName":"search_term_string"}}],"inLanguage":"es"},{"@type":"Organization","@id":"https:\/\/soclose.mx\/blog\/#organization","name":"So Close","url":"https:\/\/soclose.mx\/blog\/","logo":{"@type":"ImageObject","inLanguage":"es","@id":"https:\/\/soclose.mx\/blog\/#\/schema\/logo\/image\/","url":"https:\/\/i0.wp.com\/soclose.mx\/blog\/wp-content\/uploads\/2020\/12\/LOGO_SOCLOSE_COLOR-e1608310133507.png?fit=2858%2C1264&ssl=1","contentUrl":"https:\/\/i0.wp.com\/soclose.mx\/blog\/wp-content\/uploads\/2020\/12\/LOGO_SOCLOSE_COLOR-e1608310133507.png?fit=2858%2C1264&ssl=1","width":2858,"height":1264,"caption":"So Close"},"image":{"@id":"https:\/\/soclose.mx\/blog\/#\/schema\/logo\/image\/"}},{"@type":"Person","@id":"https:\/\/soclose.mx\/blog\/#\/schema\/person\/54cd06c3a8cdc01a80c08725278aff88","name":"Daniel Ram\u00edrez","image":{"@type":"ImageObject","inLanguage":"es","@id":"https:\/\/soclose.mx\/blog\/#\/schema\/person\/image\/","url":"https:\/\/secure.gravatar.com\/avatar\/74af6012f2e898d2be93cf32e26b59a2c9489743c9ca6270d7848b44edd7d272?s=96&d=mm&r=g","contentUrl":"https:\/\/secure.gravatar.com\/avatar\/74af6012f2e898d2be93cf32e26b59a2c9489743c9ca6270d7848b44edd7d272?s=96&d=mm&r=g","caption":"Daniel Ram\u00edrez"},"url":"https:\/\/soclose.mx\/blog\/author\/peter\/"}]}},"jetpack_featured_media_url":"https:\/\/i0.wp.com\/soclose.mx\/blog\/wp-content\/uploads\/2022\/08\/cromo4.jpg?fit=965%2C793&ssl=1","jetpack-related-posts":[{"id":8993,"url":"https:\/\/soclose.mx\/blog\/comida-mexicana\/el-calendario-azteca-hecho-paleta-de-hielo\/","url_meta":{"origin":10819,"position":0},"title":"\u00a1El Calendario Azteca hecho paleta de hielo!","author":"Miguel Angel Romero","date":"16 febrero, 2022","format":false,"excerpt":"As\u00ed como lo lees, la tambi\u00e9n llamada Piedra del Sol , no s\u00f3lo la puedes disfrutar visualmente sino tambi\u00e9n, degustarla y fr\u00eda. Dentro del marco GDL ART WKND hasta finales de este mes en Guadalajara, Jalisco, en la exposici\u00f3n \u201cExhibir y desaparecer \u201d, no s\u00f3lo podr\u00e1s probar el Calendario Azteca,\u2026","rel":"","context":"En &quot;Comida mexicana&quot;","block_context":{"text":"Comida mexicana","link":"https:\/\/soclose.mx\/blog\/category\/comida-mexicana\/"},"img":{"alt_text":"","src":"https:\/\/i0.wp.com\/soclose.mx\/blog\/wp-content\/uploads\/2022\/02\/Copia-de-Principal-So-Close-blog-2-3.png?fit=1200%2C677&ssl=1&resize=350%2C200","width":350,"height":200,"srcset":"https:\/\/i0.wp.com\/soclose.mx\/blog\/wp-content\/uploads\/2022\/02\/Copia-de-Principal-So-Close-blog-2-3.png?fit=1200%2C677&ssl=1&resize=350%2C200 1x, https:\/\/i0.wp.com\/soclose.mx\/blog\/wp-content\/uploads\/2022\/02\/Copia-de-Principal-So-Close-blog-2-3.png?fit=1200%2C677&ssl=1&resize=525%2C300 1.5x, https:\/\/i0.wp.com\/soclose.mx\/blog\/wp-content\/uploads\/2022\/02\/Copia-de-Principal-So-Close-blog-2-3.png?fit=1200%2C677&ssl=1&resize=700%2C400 2x, https:\/\/i0.wp.com\/soclose.mx\/blog\/wp-content\/uploads\/2022\/02\/Copia-de-Principal-So-Close-blog-2-3.png?fit=1200%2C677&ssl=1&resize=1050%2C600 3x"},"classes":[]},{"id":11383,"url":"https:\/\/soclose.mx\/blog\/a-la-mexicana\/semana-santa-santos-cubiertos-iglesias\/","url_meta":{"origin":10819,"position":1},"title":"Semana Santa: \u00bfPor qu\u00e9 cubren con un manto a los santos?","author":"Mar\u00eda Ju\u00e1rez","date":"5 marzo, 2025","format":false,"excerpt":"Si eres un mexicano cat\u00f3lico y observador, te habr\u00e1s dado cuenta que durante la Semana Santa las im\u00e1genes \u00a0de los santos de los templos o iglesias son cubiertas con un manto color morado, usado durante los tiempos penitenciales de la Iglesia. \u00bfQu\u00e9 significado tiene esa acci\u00f3n dentro de la Iglesia?\u2026","rel":"","context":"En &quot;A la mexicana&quot;","block_context":{"text":"A la mexicana","link":"https:\/\/soclose.mx\/blog\/category\/a-la-mexicana\/"},"img":{"alt_text":"Semana Santa","src":"https:\/\/i0.wp.com\/soclose.mx\/blog\/wp-content\/uploads\/2023\/03\/Semana-Santa-2023-santos-manto-iglesia.jpg?fit=1200%2C759&ssl=1&resize=350%2C200","width":350,"height":200,"srcset":"https:\/\/i0.wp.com\/soclose.mx\/blog\/wp-content\/uploads\/2023\/03\/Semana-Santa-2023-santos-manto-iglesia.jpg?fit=1200%2C759&ssl=1&resize=350%2C200 1x, https:\/\/i0.wp.com\/soclose.mx\/blog\/wp-content\/uploads\/2023\/03\/Semana-Santa-2023-santos-manto-iglesia.jpg?fit=1200%2C759&ssl=1&resize=525%2C300 1.5x, https:\/\/i0.wp.com\/soclose.mx\/blog\/wp-content\/uploads\/2023\/03\/Semana-Santa-2023-santos-manto-iglesia.jpg?fit=1200%2C759&ssl=1&resize=700%2C400 2x, https:\/\/i0.wp.com\/soclose.mx\/blog\/wp-content\/uploads\/2023\/03\/Semana-Santa-2023-santos-manto-iglesia.jpg?fit=1200%2C759&ssl=1&resize=1050%2C600 3x"},"classes":[]},{"id":7770,"url":"https:\/\/soclose.mx\/blog\/ay-goeeee\/por-que-a-rufino-tamayo-le-gustaban-tanto-las-sandias\/","url_meta":{"origin":10819,"position":2},"title":"\u00bfPor qu\u00e9 a Rufino Tamayo le gustaban tanto las sand\u00edas?","author":"Miguel Angel Romero","date":"25 noviembre, 2021","format":false,"excerpt":"Rufino del Carmen Arellanes Tamayo, es uno de los artistas mexicanos que es considerado como uno de los m\u00e1s importantes del siglo XX. Una de las cosas que caracterizaron a Tamayo es que en su obra siempre aparecen sand\u00edas: Rebanadas de sand\u00eda, pintada en 1950; Sand\u00edas de 1968 o El\u2026","rel":"","context":"En &quot;\u00a1Ay goeeee!&quot;","block_context":{"text":"\u00a1Ay goeeee!","link":"https:\/\/soclose.mx\/blog\/category\/ay-goeeee\/"},"img":{"alt_text":"","src":"https:\/\/i0.wp.com\/soclose.mx\/blog\/wp-content\/uploads\/2021\/11\/Copia-de-Principal-So-Close-blog-6.png?fit=1200%2C677&ssl=1&resize=350%2C200","width":350,"height":200,"srcset":"https:\/\/i0.wp.com\/soclose.mx\/blog\/wp-content\/uploads\/2021\/11\/Copia-de-Principal-So-Close-blog-6.png?fit=1200%2C677&ssl=1&resize=350%2C200 1x, https:\/\/i0.wp.com\/soclose.mx\/blog\/wp-content\/uploads\/2021\/11\/Copia-de-Principal-So-Close-blog-6.png?fit=1200%2C677&ssl=1&resize=525%2C300 1.5x, https:\/\/i0.wp.com\/soclose.mx\/blog\/wp-content\/uploads\/2021\/11\/Copia-de-Principal-So-Close-blog-6.png?fit=1200%2C677&ssl=1&resize=700%2C400 2x, https:\/\/i0.wp.com\/soclose.mx\/blog\/wp-content\/uploads\/2021\/11\/Copia-de-Principal-So-Close-blog-6.png?fit=1200%2C677&ssl=1&resize=1050%2C600 3x"},"classes":[]},{"id":14972,"url":"https:\/\/soclose.mx\/blog\/news-feed\/mundial-social-mexico-2026-eventos-actividades-y-como-participar\/","url_meta":{"origin":10819,"position":3},"title":"Mundial Social M\u00e9xico 2026: eventos, actividades y c\u00f3mo participar","author":"So Close","date":"18 noviembre, 2025","format":false,"excerpt":"El Mundial Social M\u00e9xico 2026 es una iniciativa inclusiva y cultural que acompa\u00f1a la realizaci\u00f3n de la Copa Mundial de F\u00fatbol 2026, organizada conjuntamente por M\u00e9xico, Estados Unidos y Canad\u00e1. Su objetivo es que todo M\u00e9xico participe en actividades de salud, culturales y tur\u00edsticas, gratuitas y abiertas para todos. \u00bfQu\u00e9\u2026","rel":"","context":"En &quot;News feed&quot;","block_context":{"text":"News feed","link":"https:\/\/soclose.mx\/blog\/category\/news-feed\/"},"img":{"alt_text":"Mundial Social M\u00e9xico 2026","src":"https:\/\/i0.wp.com\/soclose.mx\/blog\/wp-content\/uploads\/2025\/11\/Mundial-Social-Mexico-2026.jpg?fit=1200%2C675&ssl=1&resize=350%2C200","width":350,"height":200,"srcset":"https:\/\/i0.wp.com\/soclose.mx\/blog\/wp-content\/uploads\/2025\/11\/Mundial-Social-Mexico-2026.jpg?fit=1200%2C675&ssl=1&resize=350%2C200 1x, https:\/\/i0.wp.com\/soclose.mx\/blog\/wp-content\/uploads\/2025\/11\/Mundial-Social-Mexico-2026.jpg?fit=1200%2C675&ssl=1&resize=525%2C300 1.5x, https:\/\/i0.wp.com\/soclose.mx\/blog\/wp-content\/uploads\/2025\/11\/Mundial-Social-Mexico-2026.jpg?fit=1200%2C675&ssl=1&resize=700%2C400 2x, https:\/\/i0.wp.com\/soclose.mx\/blog\/wp-content\/uploads\/2025\/11\/Mundial-Social-Mexico-2026.jpg?fit=1200%2C675&ssl=1&resize=1050%2C600 3x"},"classes":[]},{"id":6489,"url":"https:\/\/soclose.mx\/blog\/ay-goeeee\/coatlicue-la-musa-de-artistas-mexicanos-en-el-siglo-xx\/","url_meta":{"origin":10819,"position":4},"title":"Coatlicue, la musa de artistas mexicanos en el siglo XX","author":"So Close","date":"7 julio, 2021","format":false,"excerpt":"De acuerdo con el arque\u00f3logo Leonardo L\u00f3pez Luj\u00e1n, la diosa-madre de la tierra \"Coatlicue\" en la pl\u00e1stica mexicana, en el siglo XX, fue una musa para su arte, muestra de ello comienza con el lienzo Nuestros Dioses Antiguos, que en 1915 pint\u00f3 Saturnino Herr\u00e1n y en el que sintetiz\u00f3 los\u2026","rel":"","context":"En &quot;\u00a1Ay goeeee!&quot;","block_context":{"text":"\u00a1Ay goeeee!","link":"https:\/\/soclose.mx\/blog\/category\/ay-goeeee\/"},"img":{"alt_text":"","src":"https:\/\/i0.wp.com\/soclose.mx\/blog\/wp-content\/uploads\/2021\/07\/coatlicue-artistas-mexicanos.jpeg?fit=1200%2C677&ssl=1&resize=350%2C200","width":350,"height":200,"srcset":"https:\/\/i0.wp.com\/soclose.mx\/blog\/wp-content\/uploads\/2021\/07\/coatlicue-artistas-mexicanos.jpeg?fit=1200%2C677&ssl=1&resize=350%2C200 1x, https:\/\/i0.wp.com\/soclose.mx\/blog\/wp-content\/uploads\/2021\/07\/coatlicue-artistas-mexicanos.jpeg?fit=1200%2C677&ssl=1&resize=525%2C300 1.5x, https:\/\/i0.wp.com\/soclose.mx\/blog\/wp-content\/uploads\/2021\/07\/coatlicue-artistas-mexicanos.jpeg?fit=1200%2C677&ssl=1&resize=700%2C400 2x, https:\/\/i0.wp.com\/soclose.mx\/blog\/wp-content\/uploads\/2021\/07\/coatlicue-artistas-mexicanos.jpeg?fit=1200%2C677&ssl=1&resize=1050%2C600 3x"},"classes":[]},{"id":7065,"url":"https:\/\/soclose.mx\/blog\/news-feed\/cultura-azteca-llega-a-la-nba\/","url_meta":{"origin":10819,"position":5},"title":"Cultura azteca llega a la NBA","author":"Miguel Angel Romero","date":"4 septiembre, 2021","format":false,"excerpt":"El equipo de la NBA, Phoenix Suns, se convirti\u00f3 en el primer equipo de baloncesto \u00a0en rendir un\u00a0homenaje a la cultura azteca. El nuevo uniforme ser\u00eda totalmente negro con detalles en violeta y plata, con la Piedra del Sol al frente, el Disco de la Muerte en la espalda y\u2026","rel":"","context":"En &quot;News feed&quot;","block_context":{"text":"News feed","link":"https:\/\/soclose.mx\/blog\/category\/news-feed\/"},"img":{"alt_text":"","src":"https:\/\/i0.wp.com\/soclose.mx\/blog\/wp-content\/uploads\/2021\/08\/Principal-So-Close-blog-19-1.jpg?fit=1200%2C677&ssl=1&resize=350%2C200","width":350,"height":200,"srcset":"https:\/\/i0.wp.com\/soclose.mx\/blog\/wp-content\/uploads\/2021\/08\/Principal-So-Close-blog-19-1.jpg?fit=1200%2C677&ssl=1&resize=350%2C200 1x, https:\/\/i0.wp.com\/soclose.mx\/blog\/wp-content\/uploads\/2021\/08\/Principal-So-Close-blog-19-1.jpg?fit=1200%2C677&ssl=1&resize=525%2C300 1.5x, https:\/\/i0.wp.com\/soclose.mx\/blog\/wp-content\/uploads\/2021\/08\/Principal-So-Close-blog-19-1.jpg?fit=1200%2C677&ssl=1&resize=700%2C400 2x, https:\/\/i0.wp.com\/soclose.mx\/blog\/wp-content\/uploads\/2021\/08\/Principal-So-Close-blog-19-1.jpg?fit=1200%2C677&ssl=1&resize=1050%2C600 3x"},"classes":[]}],"jetpack_sharing_enabled":true,"_links":{"self":[{"href":"https:\/\/soclose.mx\/blog\/wp-json\/wp\/v2\/posts\/10819","targetHints":{"allow":["GET"]}}],"collection":[{"href":"https:\/\/soclose.mx\/blog\/wp-json\/wp\/v2\/posts"}],"about":[{"href":"https:\/\/soclose.mx\/blog\/wp-json\/wp\/v2\/types\/post"}],"author":[{"embeddable":true,"href":"https:\/\/soclose.mx\/blog\/wp-json\/wp\/v2\/users\/9"}],"replies":[{"embeddable":true,"href":"https:\/\/soclose.mx\/blog\/wp-json\/wp\/v2\/comments?post=10819"}],"version-history":[{"count":0,"href":"https:\/\/soclose.mx\/blog\/wp-json\/wp\/v2\/posts\/10819\/revisions"}],"wp:featuredmedia":[{"embeddable":true,"href":"https:\/\/soclose.mx\/blog\/wp-json\/wp\/v2\/media\/10820"}],"wp:attachment":[{"href":"https:\/\/soclose.mx\/blog\/wp-json\/wp\/v2\/media?parent=10819"}],"wp:term":[{"taxonomy":"category","embeddable":true,"href":"https:\/\/soclose.mx\/blog\/wp-json\/wp\/v2\/categories?post=10819"},{"taxonomy":"post_tag","embeddable":true,"href":"https:\/\/soclose.mx\/blog\/wp-json\/wp\/v2\/tags?post=10819"}],"curies":[{"name":"wp","href":"https:\/\/api.w.org\/{rel}","templated":true}]}}