{"id":10849,"date":"2022-08-06T15:02:31","date_gmt":"2022-08-06T20:02:31","guid":{"rendered":"https:\/\/soclose.mx\/blog\/?p=10849"},"modified":"2022-08-06T15:02:56","modified_gmt":"2022-08-06T20:02:56","slug":"tnt-de-albanil-en-colima-a-leyenda-de-la-lucha-libre-mexicana","status":"publish","type":"post","link":"https:\/\/soclose.mx\/blog\/a-la-mexicana\/tnt-de-albanil-en-colima-a-leyenda-de-la-lucha-libre-mexicana\/","title":{"rendered":"TNT, de alba\u00f1il en Colima a leyenda de la Lucha Libre mexicana"},"content":{"rendered":"<p>Pesar m\u00e1s de 136 kilogramos y medir 1.87 metros, fueron las cartas principales de<strong> Jos\u00e9 Guadalupe Aguilar Herrera<\/strong>, mejor conocido como el TNT, <a href=\"https:\/\/soclose.mx\/blog\/ay-goeeee\/undertaker-la-estrella-de-la-wwe-que-admiraba-a-octagon\/\">un luchador legendario<\/a> de la d\u00e9cada de los 70 y 80.<\/p>\n<p>Lupe era originario de Villa de Arriaga, San Luis Potos\u00ed, pero desde chico se fue a vivir junto con su familia a Tecom\u00e1n, Colima, donde creci\u00f3 cuidando ganado de borregos, chivas y vacas en el campo; de grande se convirti\u00f3 en alba\u00f1il para sacar adelante a su familia.<\/p>\n<p><strong>La lucha libre<\/strong> lleg\u00f3 a su vida casi por necesidad, cuando a Colima arribaron un grupo de luchadores de la Empresa Mexicana de la Lucha Libre, <strong>EMLL<\/strong>.<\/p>\n<p>Entre ellos iba Shadito Cruz, el papa de lo luchadores &#8220;Brazos&#8221;, quien se impact\u00f3 por su corpulencia y no dud\u00f3 en invitarlo a ser gladiador. Al principio no estaba seguro, pero los gastos familiares crec\u00edan.<\/p>\n<p>Lupe acept\u00f3 venir a M\u00e9xico y vivi\u00f3 un tiempo en Ecatepec, Estado de M\u00e9xico, antes de instalarse en la Ciudad de M\u00e9xico.<\/p>\n<p><iframe loading=\"lazy\" title=\"TNT EL SE\u00d1OR DE LAS VIBORAS !! DOCUMENTAL COMPLETO LUCHA LIBRE!!\" width=\"1170\" height=\"658\" src=\"https:\/\/www.youtube.com\/embed\/xj0-FAlbjQk?feature=oembed\" frameborder=\"0\" allow=\"accelerometer; autoplay; clipboard-write; encrypted-media; gyroscope; picture-in-picture\" allowfullscreen><\/iframe><\/p>\n<p>Valente P\u00e9rez, el \u201cFrankesnstein de la lucha libre\u201d, le vio potencial como luchador y al verlo romper de un golpe a pu\u00f1o cerrado un muro peque\u00f1o, lo bautiz\u00f3 como &#8220;<strong>TNT&#8221;.<\/strong><\/p>\n<p>Despu\u00e9s de realizar trabajos de alba\u00f1iler\u00eda que le encargaban, TNT entrenaba y perfeccionaba su t\u00e9cnica de luchador, hasta que salt\u00f3 oficialmente a los cuadril\u00e1teros, para ya no bajarse jam\u00e1s.<\/p>\n<p>Gracias a sus actuaciones y creciente fama, se gan\u00f3 los apodos <strong>&#8220;Volc\u00e1n de Colima&#8221;, &#8220;El Gigante de Colima&#8221; y &#8220;Se\u00f1or de las v\u00edboras&#8221;<\/strong>. Este \u00faltimo porque sol\u00eda saltar al ring cargando una v\u00edbora.<\/p>\n<p>Adem\u00e1s, TNT fue conocido a nivel internacional, pues hizo giras junto a luchadores consagrados como Blue Demon, Tinieblas, Perro Aguayo, Rayo de Jalisco, entre otros, por Jap\u00f3n, Indonesia, Malasia, China y Estados Unidos.<\/p>\n<p>Por si fuera poco, particip\u00f3 en la pel\u00edcula &#8220;Santa Sangre&#8221;, Alejandro Jodorowsky, interpret\u00f3 a un luchador enmascarado.<\/p>\n<p>Lamentablemente, la madrugada del 6 de agosto de 2022, falleci\u00f3 a los 84 a\u00f1os de edad.<\/p>\n<p><img data-recalc-dims=\"1\" fetchpriority=\"high\" decoding=\"async\" class=\"alignnone size-medium wp-image-10854\" src=\"https:\/\/i0.wp.com\/soclose.mx\/blog\/wp-content\/uploads\/2022\/08\/tnt.jpg?resize=225%2C300&#038;ssl=1\" alt=\"\" width=\"225\" height=\"300\" srcset=\"https:\/\/i0.wp.com\/soclose.mx\/blog\/wp-content\/uploads\/2022\/08\/tnt.jpg?resize=225%2C300&amp;ssl=1 225w, https:\/\/i0.wp.com\/soclose.mx\/blog\/wp-content\/uploads\/2022\/08\/tnt.jpg?resize=585%2C779&amp;ssl=1 585w, https:\/\/i0.wp.com\/soclose.mx\/blog\/wp-content\/uploads\/2022\/08\/tnt.jpg?w=665&amp;ssl=1 665w\" sizes=\"(max-width: 225px) 100vw, 225px\" \/><\/p>\n","protected":false},"excerpt":{"rendered":"<p>Pesar m\u00e1s de 136 kilogramos y medir 1.87 metros, fueron las cartas principales de Jos\u00e9 Guadalupe Aguilar Herrera, mejor conocido como el TNT, un luchador legendario de la d\u00e9cada de los 70 y 80. Lupe era originario de Villa de Arriaga, San Luis Potos\u00ed, pero desde chico se fue a vivir junto con su familia a Tecom\u00e1n, Colima, donde creci\u00f3 cuidando ganado de borregos, chivas y vacas en el campo; de grande se convirti\u00f3 en alba\u00f1il para sacar adelante a su familia. La lucha libre lleg\u00f3 a su vida casi por necesidad, cuando a Colima arribaron un grupo de luchadores<\/p>\n","protected":false},"author":9,"featured_media":10857,"comment_status":"open","ping_status":"open","sticky":false,"template":"","format":"standard","meta":{"_jetpack_memberships_contains_paid_content":false,"footnotes":""},"categories":[1778],"tags":[2771,2770,2772,512,2768,2769],"class_list":["post-10849","post","type-post","status-publish","format-standard","has-post-thumbnail","hentry","category-a-la-mexicana","tag-el-tnt","tag-gigante-de-colima","tag-jose-guadalupe-aguilar-herrera","tag-lucha-libre","tag-senor-de-las-viboras","tag-volcan-de-colima"],"yoast_head":"<!-- This site is optimized with the Yoast SEO plugin v26.7 - https:\/\/yoast.com\/wordpress\/plugins\/seo\/ -->\n<title>TNT, de alba\u00f1il en Colima a leyenda de la Lucha Libre mexicana - So Close<\/title>\n<meta name=\"robots\" content=\"index, follow, max-snippet:-1, max-image-preview:large, max-video-preview:-1\" \/>\n<link rel=\"canonical\" href=\"https:\/\/soclose.mx\/blog\/tag\/juan-rulfo-frases-mujeres\/\" \/>\n<meta property=\"og:locale\" content=\"es_MX\" \/>\n<meta property=\"og:type\" content=\"article\" \/>\n<meta property=\"og:title\" content=\"TNT, de alba\u00f1il en Colima a leyenda de la Lucha Libre mexicana - So Close\" \/>\n<meta property=\"og:description\" content=\"Pesar m\u00e1s de 136 kilogramos y medir 1.87 metros, fueron las cartas principales de Jos\u00e9 Guadalupe Aguilar Herrera, mejor conocido como el TNT, un luchador legendario de la d\u00e9cada de los 70 y 80. Lupe era originario de Villa de Arriaga, San Luis Potos\u00ed, pero desde chico se fue a vivir junto con su familia a Tecom\u00e1n, Colima, donde creci\u00f3 cuidando ganado de borregos, chivas y vacas en el campo; de grande se convirti\u00f3 en alba\u00f1il para sacar adelante a su familia. La lucha libre lleg\u00f3 a su vida casi por necesidad, cuando a Colima arribaron un grupo de luchadores\" \/>\n<meta property=\"og:url\" content=\"https:\/\/soclose.mx\/blog\/tag\/juan-rulfo-frases-mujeres\/\" \/>\n<meta property=\"og:site_name\" content=\"So Close\" \/>\n<meta property=\"article:published_time\" content=\"2022-08-06T20:02:31+00:00\" \/>\n<meta property=\"article:modified_time\" content=\"2022-08-06T20:02:56+00:00\" \/>\n<meta property=\"og:image\" content=\"https:\/\/i0.wp.com\/soclose.mx\/blog\/wp-content\/uploads\/2022\/08\/06TNT.jpg?fit=800%2C350&ssl=1\" \/>\n\t<meta property=\"og:image:width\" content=\"800\" \/>\n\t<meta property=\"og:image:height\" content=\"350\" \/>\n\t<meta property=\"og:image:type\" content=\"image\/jpeg\" \/>\n<meta name=\"author\" content=\"Daniel Ram\u00edrez\" \/>\n<meta name=\"twitter:card\" content=\"summary_large_image\" \/>\n<meta name=\"twitter:label1\" content=\"Escrito por\" \/>\n\t<meta name=\"twitter:data1\" content=\"Daniel Ram\u00edrez\" \/>\n\t<meta name=\"twitter:label2\" content=\"Tiempo de lectura\" \/>\n\t<meta name=\"twitter:data2\" content=\"2 minutos\" \/>\n<script type=\"application\/ld+json\" class=\"yoast-schema-graph\">{\"@context\":\"https:\/\/schema.org\",\"@graph\":[{\"@type\":\"Article\",\"@id\":\"https:\/\/soclose.mx\/blog\/tag\/juan-rulfo-frases-mujeres\/#article\",\"isPartOf\":{\"@id\":\"https:\/\/soclose.mx\/blog\/tag\/juan-rulfo-frases-mujeres\/\"},\"author\":{\"name\":\"Daniel Ram\u00edrez\",\"@id\":\"https:\/\/soclose.mx\/blog\/#\/schema\/person\/54cd06c3a8cdc01a80c08725278aff88\"},\"headline\":\"TNT, de alba\u00f1il en Colima a leyenda de la Lucha Libre mexicana\",\"datePublished\":\"2022-08-06T20:02:31+00:00\",\"dateModified\":\"2022-08-06T20:02:56+00:00\",\"mainEntityOfPage\":{\"@id\":\"https:\/\/soclose.mx\/blog\/tag\/juan-rulfo-frases-mujeres\/\"},\"wordCount\":364,\"commentCount\":0,\"publisher\":{\"@id\":\"https:\/\/soclose.mx\/blog\/#organization\"},\"image\":{\"@id\":\"https:\/\/soclose.mx\/blog\/tag\/juan-rulfo-frases-mujeres\/#primaryimage\"},\"thumbnailUrl\":\"https:\/\/i0.wp.com\/soclose.mx\/blog\/wp-content\/uploads\/2022\/08\/06TNT.jpg?fit=800%2C350&ssl=1\",\"keywords\":[\"el tnt\",\"Gigante de Colima\",\"Jos\u00e9 Guadalupe Aguilar Herrera\",\"lucha libre\",\"Senor de las v\u00edboras\",\"Volc\u00e1n de Colima\"],\"articleSection\":[\"A la mexicana\"],\"inLanguage\":\"es\",\"potentialAction\":[{\"@type\":\"CommentAction\",\"name\":\"Comment\",\"target\":[\"https:\/\/soclose.mx\/blog\/tag\/juan-rulfo-frases-mujeres\/#respond\"]}]},{\"@type\":\"WebPage\",\"@id\":\"https:\/\/soclose.mx\/blog\/tag\/juan-rulfo-frases-mujeres\/\",\"url\":\"https:\/\/soclose.mx\/blog\/tag\/juan-rulfo-frases-mujeres\/\",\"name\":\"TNT, de alba\u00f1il en Colima a leyenda de la Lucha Libre mexicana - So Close\",\"isPartOf\":{\"@id\":\"https:\/\/soclose.mx\/blog\/#website\"},\"primaryImageOfPage\":{\"@id\":\"https:\/\/soclose.mx\/blog\/tag\/juan-rulfo-frases-mujeres\/#primaryimage\"},\"image\":{\"@id\":\"https:\/\/soclose.mx\/blog\/tag\/juan-rulfo-frases-mujeres\/#primaryimage\"},\"thumbnailUrl\":\"https:\/\/i0.wp.com\/soclose.mx\/blog\/wp-content\/uploads\/2022\/08\/06TNT.jpg?fit=800%2C350&ssl=1\",\"datePublished\":\"2022-08-06T20:02:31+00:00\",\"dateModified\":\"2022-08-06T20:02:56+00:00\",\"breadcrumb\":{\"@id\":\"https:\/\/soclose.mx\/blog\/tag\/juan-rulfo-frases-mujeres\/#breadcrumb\"},\"inLanguage\":\"es\",\"potentialAction\":[{\"@type\":\"ReadAction\",\"target\":[\"https:\/\/soclose.mx\/blog\/tag\/juan-rulfo-frases-mujeres\/\"]}]},{\"@type\":\"ImageObject\",\"inLanguage\":\"es\",\"@id\":\"https:\/\/soclose.mx\/blog\/tag\/juan-rulfo-frases-mujeres\/#primaryimage\",\"url\":\"https:\/\/i0.wp.com\/soclose.mx\/blog\/wp-content\/uploads\/2022\/08\/06TNT.jpg?fit=800%2C350&ssl=1\",\"contentUrl\":\"https:\/\/i0.wp.com\/soclose.mx\/blog\/wp-content\/uploads\/2022\/08\/06TNT.jpg?fit=800%2C350&ssl=1\",\"width\":800,\"height\":350},{\"@type\":\"BreadcrumbList\",\"@id\":\"https:\/\/soclose.mx\/blog\/tag\/juan-rulfo-frases-mujeres\/#breadcrumb\",\"itemListElement\":[{\"@type\":\"ListItem\",\"position\":1,\"name\":\"Inicio\",\"item\":\"https:\/\/soclose.mx\/blog\/\"},{\"@type\":\"ListItem\",\"position\":2,\"name\":\"TNT, de alba\u00f1il en Colima a leyenda de la Lucha Libre mexicana\"}]},{\"@type\":\"WebSite\",\"@id\":\"https:\/\/soclose.mx\/blog\/#website\",\"url\":\"https:\/\/soclose.mx\/blog\/\",\"name\":\"So Close\",\"description\":\"Hacemos contenidos de M\u00e9xico\",\"publisher\":{\"@id\":\"https:\/\/soclose.mx\/blog\/#organization\"},\"potentialAction\":[{\"@type\":\"SearchAction\",\"target\":{\"@type\":\"EntryPoint\",\"urlTemplate\":\"https:\/\/soclose.mx\/blog\/?s={search_term_string}\"},\"query-input\":{\"@type\":\"PropertyValueSpecification\",\"valueRequired\":true,\"valueName\":\"search_term_string\"}}],\"inLanguage\":\"es\"},{\"@type\":\"Organization\",\"@id\":\"https:\/\/soclose.mx\/blog\/#organization\",\"name\":\"So Close\",\"url\":\"https:\/\/soclose.mx\/blog\/\",\"logo\":{\"@type\":\"ImageObject\",\"inLanguage\":\"es\",\"@id\":\"https:\/\/soclose.mx\/blog\/#\/schema\/logo\/image\/\",\"url\":\"https:\/\/i0.wp.com\/soclose.mx\/blog\/wp-content\/uploads\/2020\/12\/LOGO_SOCLOSE_COLOR-e1608310133507.png?fit=2858%2C1264&ssl=1\",\"contentUrl\":\"https:\/\/i0.wp.com\/soclose.mx\/blog\/wp-content\/uploads\/2020\/12\/LOGO_SOCLOSE_COLOR-e1608310133507.png?fit=2858%2C1264&ssl=1\",\"width\":2858,\"height\":1264,\"caption\":\"So Close\"},\"image\":{\"@id\":\"https:\/\/soclose.mx\/blog\/#\/schema\/logo\/image\/\"}},{\"@type\":\"Person\",\"@id\":\"https:\/\/soclose.mx\/blog\/#\/schema\/person\/54cd06c3a8cdc01a80c08725278aff88\",\"name\":\"Daniel Ram\u00edrez\",\"image\":{\"@type\":\"ImageObject\",\"inLanguage\":\"es\",\"@id\":\"https:\/\/soclose.mx\/blog\/#\/schema\/person\/image\/\",\"url\":\"https:\/\/secure.gravatar.com\/avatar\/74af6012f2e898d2be93cf32e26b59a2c9489743c9ca6270d7848b44edd7d272?s=96&d=mm&r=g\",\"contentUrl\":\"https:\/\/secure.gravatar.com\/avatar\/74af6012f2e898d2be93cf32e26b59a2c9489743c9ca6270d7848b44edd7d272?s=96&d=mm&r=g\",\"caption\":\"Daniel Ram\u00edrez\"},\"url\":\"https:\/\/soclose.mx\/blog\/author\/peter\/\"}]}<\/script>\n<!-- \/ Yoast SEO plugin. -->","yoast_head_json":{"title":"TNT, de alba\u00f1il en Colima a leyenda de la Lucha Libre mexicana - So Close","robots":{"index":"index","follow":"follow","max-snippet":"max-snippet:-1","max-image-preview":"max-image-preview:large","max-video-preview":"max-video-preview:-1"},"canonical":"https:\/\/soclose.mx\/blog\/tag\/juan-rulfo-frases-mujeres\/","og_locale":"es_MX","og_type":"article","og_title":"TNT, de alba\u00f1il en Colima a leyenda de la Lucha Libre mexicana - So Close","og_description":"Pesar m\u00e1s de 136 kilogramos y medir 1.87 metros, fueron las cartas principales de Jos\u00e9 Guadalupe Aguilar Herrera, mejor conocido como el TNT, un luchador legendario de la d\u00e9cada de los 70 y 80. Lupe era originario de Villa de Arriaga, San Luis Potos\u00ed, pero desde chico se fue a vivir junto con su familia a Tecom\u00e1n, Colima, donde creci\u00f3 cuidando ganado de borregos, chivas y vacas en el campo; de grande se convirti\u00f3 en alba\u00f1il para sacar adelante a su familia. La lucha libre lleg\u00f3 a su vida casi por necesidad, cuando a Colima arribaron un grupo de luchadores","og_url":"https:\/\/soclose.mx\/blog\/tag\/juan-rulfo-frases-mujeres\/","og_site_name":"So Close","article_published_time":"2022-08-06T20:02:31+00:00","article_modified_time":"2022-08-06T20:02:56+00:00","og_image":[{"width":800,"height":350,"url":"https:\/\/i0.wp.com\/soclose.mx\/blog\/wp-content\/uploads\/2022\/08\/06TNT.jpg?fit=800%2C350&ssl=1","type":"image\/jpeg"}],"author":"Daniel Ram\u00edrez","twitter_card":"summary_large_image","twitter_misc":{"Escrito por":"Daniel Ram\u00edrez","Tiempo de lectura":"2 minutos"},"schema":{"@context":"https:\/\/schema.org","@graph":[{"@type":"Article","@id":"https:\/\/soclose.mx\/blog\/tag\/juan-rulfo-frases-mujeres\/#article","isPartOf":{"@id":"https:\/\/soclose.mx\/blog\/tag\/juan-rulfo-frases-mujeres\/"},"author":{"name":"Daniel Ram\u00edrez","@id":"https:\/\/soclose.mx\/blog\/#\/schema\/person\/54cd06c3a8cdc01a80c08725278aff88"},"headline":"TNT, de alba\u00f1il en Colima a leyenda de la Lucha Libre mexicana","datePublished":"2022-08-06T20:02:31+00:00","dateModified":"2022-08-06T20:02:56+00:00","mainEntityOfPage":{"@id":"https:\/\/soclose.mx\/blog\/tag\/juan-rulfo-frases-mujeres\/"},"wordCount":364,"commentCount":0,"publisher":{"@id":"https:\/\/soclose.mx\/blog\/#organization"},"image":{"@id":"https:\/\/soclose.mx\/blog\/tag\/juan-rulfo-frases-mujeres\/#primaryimage"},"thumbnailUrl":"https:\/\/i0.wp.com\/soclose.mx\/blog\/wp-content\/uploads\/2022\/08\/06TNT.jpg?fit=800%2C350&ssl=1","keywords":["el tnt","Gigante de Colima","Jos\u00e9 Guadalupe Aguilar Herrera","lucha libre","Senor de las v\u00edboras","Volc\u00e1n de Colima"],"articleSection":["A la mexicana"],"inLanguage":"es","potentialAction":[{"@type":"CommentAction","name":"Comment","target":["https:\/\/soclose.mx\/blog\/tag\/juan-rulfo-frases-mujeres\/#respond"]}]},{"@type":"WebPage","@id":"https:\/\/soclose.mx\/blog\/tag\/juan-rulfo-frases-mujeres\/","url":"https:\/\/soclose.mx\/blog\/tag\/juan-rulfo-frases-mujeres\/","name":"TNT, de alba\u00f1il en Colima a leyenda de la Lucha Libre mexicana - So Close","isPartOf":{"@id":"https:\/\/soclose.mx\/blog\/#website"},"primaryImageOfPage":{"@id":"https:\/\/soclose.mx\/blog\/tag\/juan-rulfo-frases-mujeres\/#primaryimage"},"image":{"@id":"https:\/\/soclose.mx\/blog\/tag\/juan-rulfo-frases-mujeres\/#primaryimage"},"thumbnailUrl":"https:\/\/i0.wp.com\/soclose.mx\/blog\/wp-content\/uploads\/2022\/08\/06TNT.jpg?fit=800%2C350&ssl=1","datePublished":"2022-08-06T20:02:31+00:00","dateModified":"2022-08-06T20:02:56+00:00","breadcrumb":{"@id":"https:\/\/soclose.mx\/blog\/tag\/juan-rulfo-frases-mujeres\/#breadcrumb"},"inLanguage":"es","potentialAction":[{"@type":"ReadAction","target":["https:\/\/soclose.mx\/blog\/tag\/juan-rulfo-frases-mujeres\/"]}]},{"@type":"ImageObject","inLanguage":"es","@id":"https:\/\/soclose.mx\/blog\/tag\/juan-rulfo-frases-mujeres\/#primaryimage","url":"https:\/\/i0.wp.com\/soclose.mx\/blog\/wp-content\/uploads\/2022\/08\/06TNT.jpg?fit=800%2C350&ssl=1","contentUrl":"https:\/\/i0.wp.com\/soclose.mx\/blog\/wp-content\/uploads\/2022\/08\/06TNT.jpg?fit=800%2C350&ssl=1","width":800,"height":350},{"@type":"BreadcrumbList","@id":"https:\/\/soclose.mx\/blog\/tag\/juan-rulfo-frases-mujeres\/#breadcrumb","itemListElement":[{"@type":"ListItem","position":1,"name":"Inicio","item":"https:\/\/soclose.mx\/blog\/"},{"@type":"ListItem","position":2,"name":"TNT, de alba\u00f1il en Colima a leyenda de la Lucha Libre mexicana"}]},{"@type":"WebSite","@id":"https:\/\/soclose.mx\/blog\/#website","url":"https:\/\/soclose.mx\/blog\/","name":"So Close","description":"Hacemos contenidos de M\u00e9xico","publisher":{"@id":"https:\/\/soclose.mx\/blog\/#organization"},"potentialAction":[{"@type":"SearchAction","target":{"@type":"EntryPoint","urlTemplate":"https:\/\/soclose.mx\/blog\/?s={search_term_string}"},"query-input":{"@type":"PropertyValueSpecification","valueRequired":true,"valueName":"search_term_string"}}],"inLanguage":"es"},{"@type":"Organization","@id":"https:\/\/soclose.mx\/blog\/#organization","name":"So Close","url":"https:\/\/soclose.mx\/blog\/","logo":{"@type":"ImageObject","inLanguage":"es","@id":"https:\/\/soclose.mx\/blog\/#\/schema\/logo\/image\/","url":"https:\/\/i0.wp.com\/soclose.mx\/blog\/wp-content\/uploads\/2020\/12\/LOGO_SOCLOSE_COLOR-e1608310133507.png?fit=2858%2C1264&ssl=1","contentUrl":"https:\/\/i0.wp.com\/soclose.mx\/blog\/wp-content\/uploads\/2020\/12\/LOGO_SOCLOSE_COLOR-e1608310133507.png?fit=2858%2C1264&ssl=1","width":2858,"height":1264,"caption":"So Close"},"image":{"@id":"https:\/\/soclose.mx\/blog\/#\/schema\/logo\/image\/"}},{"@type":"Person","@id":"https:\/\/soclose.mx\/blog\/#\/schema\/person\/54cd06c3a8cdc01a80c08725278aff88","name":"Daniel Ram\u00edrez","image":{"@type":"ImageObject","inLanguage":"es","@id":"https:\/\/soclose.mx\/blog\/#\/schema\/person\/image\/","url":"https:\/\/secure.gravatar.com\/avatar\/74af6012f2e898d2be93cf32e26b59a2c9489743c9ca6270d7848b44edd7d272?s=96&d=mm&r=g","contentUrl":"https:\/\/secure.gravatar.com\/avatar\/74af6012f2e898d2be93cf32e26b59a2c9489743c9ca6270d7848b44edd7d272?s=96&d=mm&r=g","caption":"Daniel Ram\u00edrez"},"url":"https:\/\/soclose.mx\/blog\/author\/peter\/"}]}},"jetpack_featured_media_url":"https:\/\/i0.wp.com\/soclose.mx\/blog\/wp-content\/uploads\/2022\/08\/06TNT.jpg?fit=800%2C350&ssl=1","jetpack-related-posts":[{"id":7460,"url":"https:\/\/soclose.mx\/blog\/news-feed\/estos-son-los-nombres-mas-comunes-en-mexico\/","url_meta":{"origin":10849,"position":0},"title":"Estos son los nombres m\u00e1s comunes en M\u00e9xico","author":"Miguel Angel Romero","date":"19 octubre, 2021","format":false,"excerpt":"Desde 1900, el\u00a0Registro Nacional de Poblaci\u00f3n\u00a0ha llevado un archivo de los\u00a0nombres m\u00e1s comunes entre los mexicanos y aqu\u00ed te mostramos cu\u00e1les han sido los m\u00e1s populares en los \u00faltimos a\u00f1os. De acuerdo con el\u00a0Instituto Nacional de Estad\u00edstica y Geograf\u00eda (INEGI), los\u00a010 nombres m\u00e1s comunes para var\u00f3n en M\u00e9xico son los\u2026","rel":"","context":"En &quot;News feed&quot;","block_context":{"text":"News feed","link":"https:\/\/soclose.mx\/blog\/category\/news-feed\/"},"img":{"alt_text":"","src":"https:\/\/i0.wp.com\/soclose.mx\/blog\/wp-content\/uploads\/2021\/10\/Copia-de-Principal-So-Close-blog-3-2.png?fit=1200%2C677&ssl=1&resize=350%2C200","width":350,"height":200,"srcset":"https:\/\/i0.wp.com\/soclose.mx\/blog\/wp-content\/uploads\/2021\/10\/Copia-de-Principal-So-Close-blog-3-2.png?fit=1200%2C677&ssl=1&resize=350%2C200 1x, https:\/\/i0.wp.com\/soclose.mx\/blog\/wp-content\/uploads\/2021\/10\/Copia-de-Principal-So-Close-blog-3-2.png?fit=1200%2C677&ssl=1&resize=525%2C300 1.5x, https:\/\/i0.wp.com\/soclose.mx\/blog\/wp-content\/uploads\/2021\/10\/Copia-de-Principal-So-Close-blog-3-2.png?fit=1200%2C677&ssl=1&resize=700%2C400 2x, https:\/\/i0.wp.com\/soclose.mx\/blog\/wp-content\/uploads\/2021\/10\/Copia-de-Principal-So-Close-blog-3-2.png?fit=1200%2C677&ssl=1&resize=1050%2C600 3x"},"classes":[]},{"id":13864,"url":"https:\/\/soclose.mx\/blog\/a-la-mexicana\/lugares-diferentes-para-celebrar-la-independencia-de-mexico\/","url_meta":{"origin":10849,"position":1},"title":"Lugares diferentes para celebrar la Independencia de M\u00e9xico","author":"So Close","date":"2 agosto, 2024","format":false,"excerpt":"El 15 y 16 de septiembre son fechas de gran importancia en M\u00e9xico, marcando la conmemoraci\u00f3n de la Independencia del pa\u00eds. Si est\u00e1s buscando una manera inusual y emocionante de celebrar la Independencia de M\u00e9xico, explorar lugares poco convencionales puede ofrecerte una experiencia \u00fanica y memorable. Desde escenarios naturales impresionantes\u2026","rel":"","context":"En &quot;A la mexicana&quot;","block_context":{"text":"A la mexicana","link":"https:\/\/soclose.mx\/blog\/category\/a-la-mexicana\/"},"img":{"alt_text":"Cenote Ik Kil en Yucatan","src":"https:\/\/i0.wp.com\/soclose.mx\/blog\/wp-content\/uploads\/2024\/08\/Cenote-Ik-Kil-en-Yucatan.jpg?fit=1000%2C750&ssl=1&resize=350%2C200","width":350,"height":200,"srcset":"https:\/\/i0.wp.com\/soclose.mx\/blog\/wp-content\/uploads\/2024\/08\/Cenote-Ik-Kil-en-Yucatan.jpg?fit=1000%2C750&ssl=1&resize=350%2C200 1x, https:\/\/i0.wp.com\/soclose.mx\/blog\/wp-content\/uploads\/2024\/08\/Cenote-Ik-Kil-en-Yucatan.jpg?fit=1000%2C750&ssl=1&resize=525%2C300 1.5x, https:\/\/i0.wp.com\/soclose.mx\/blog\/wp-content\/uploads\/2024\/08\/Cenote-Ik-Kil-en-Yucatan.jpg?fit=1000%2C750&ssl=1&resize=700%2C400 2x"},"classes":[]},{"id":14339,"url":"https:\/\/soclose.mx\/blog\/a-la-mexicana\/10-leyendas-de-terror-de-la-revolucion-mexicana\/","url_meta":{"origin":10849,"position":2},"title":"10 Leyendas de Terror de la Revoluci\u00f3n Mexicana","author":"So Close","date":"11 noviembre, 2025","format":false,"excerpt":"\u00bfTe apasiona la historia de M\u00e9xico? \u00bfTe intrigan las historias de fantasmas y criaturas sobrenaturales? Entonces prep\u00e1rate para sumergirte en un mundo de terror y misterio con estas 10 leyendas de terror de la Revoluci\u00f3n Mexicana. La Revoluci\u00f3n Mexicana, un periodo de grandes cambios y conflictos armados, fue tambi\u00e9n un\u2026","rel":"","context":"En &quot;\u00a1Ay goeeee!&quot;","block_context":{"text":"\u00a1Ay goeeee!","link":"https:\/\/soclose.mx\/blog\/category\/ay-goeeee\/"},"img":{"alt_text":"Leyendas de terror de la revoluci\u00f3n mexicana","src":"https:\/\/i0.wp.com\/soclose.mx\/blog\/wp-content\/uploads\/2024\/11\/revolucion-mexicana.jpeg?fit=1200%2C799&ssl=1&resize=350%2C200","width":350,"height":200,"srcset":"https:\/\/i0.wp.com\/soclose.mx\/blog\/wp-content\/uploads\/2024\/11\/revolucion-mexicana.jpeg?fit=1200%2C799&ssl=1&resize=350%2C200 1x, https:\/\/i0.wp.com\/soclose.mx\/blog\/wp-content\/uploads\/2024\/11\/revolucion-mexicana.jpeg?fit=1200%2C799&ssl=1&resize=525%2C300 1.5x, https:\/\/i0.wp.com\/soclose.mx\/blog\/wp-content\/uploads\/2024\/11\/revolucion-mexicana.jpeg?fit=1200%2C799&ssl=1&resize=700%2C400 2x, https:\/\/i0.wp.com\/soclose.mx\/blog\/wp-content\/uploads\/2024\/11\/revolucion-mexicana.jpeg?fit=1200%2C799&ssl=1&resize=1050%2C600 3x"},"classes":[]},{"id":6234,"url":"https:\/\/soclose.mx\/blog\/news-feed\/ciudadanos-alemanes-devuelven-piezas-arqueologicas-a-mexico\/","url_meta":{"origin":10849,"position":3},"title":"Ciudadanos alemanes devuelven piezas arqueol\u00f3gicas a M\u00e9xico","author":"So Close","date":"16 junio, 2021","format":false,"excerpt":"A trav\u00e9s de la Embajada de M\u00e9xico en Alemania, ciudadanos de aquel pa\u00eds devolvieron 34 piezas arqueol\u00f3gicas procedentes de las regiones que ocuparon las antiguas culturas de la Costa del Golfo de M\u00e9xico, el Altiplano Central, el occidente (Colima y sur de Nayarit) y el \u00e1rea maya.\u00a0 Entre las piezas\u2026","rel":"","context":"En &quot;News feed&quot;","block_context":{"text":"News feed","link":"https:\/\/soclose.mx\/blog\/category\/news-feed\/"},"img":{"alt_text":"","src":"https:\/\/i0.wp.com\/soclose.mx\/blog\/wp-content\/uploads\/2021\/06\/piezas-arqueologicas.jpeg?fit=1200%2C677&ssl=1&resize=350%2C200","width":350,"height":200,"srcset":"https:\/\/i0.wp.com\/soclose.mx\/blog\/wp-content\/uploads\/2021\/06\/piezas-arqueologicas.jpeg?fit=1200%2C677&ssl=1&resize=350%2C200 1x, https:\/\/i0.wp.com\/soclose.mx\/blog\/wp-content\/uploads\/2021\/06\/piezas-arqueologicas.jpeg?fit=1200%2C677&ssl=1&resize=525%2C300 1.5x, https:\/\/i0.wp.com\/soclose.mx\/blog\/wp-content\/uploads\/2021\/06\/piezas-arqueologicas.jpeg?fit=1200%2C677&ssl=1&resize=700%2C400 2x, https:\/\/i0.wp.com\/soclose.mx\/blog\/wp-content\/uploads\/2021\/06\/piezas-arqueologicas.jpeg?fit=1200%2C677&ssl=1&resize=1050%2C600 3x"},"classes":[]},{"id":7413,"url":"https:\/\/soclose.mx\/blog\/comida-mexicana\/6-platillos-mexicanos-poco-conocidos\/","url_meta":{"origin":10849,"position":4},"title":"6 platillos mexicanos poco conocidos","author":"Miguel Angel Romero","date":"23 octubre, 2021","format":false,"excerpt":"Si M\u00e9xico brilla es por su gastronom\u00eda, es impresionante y cada uno de los estados que lo componen tienen diversas recetas representativas que muy probablemente no conoces en su totalidad. Es por eso que te presentamos seis platillos mexicanos que son muy poco conocidos, checa la lista y dinos cu\u00e1l\u2026","rel":"","context":"En &quot;Comida mexicana&quot;","block_context":{"text":"Comida mexicana","link":"https:\/\/soclose.mx\/blog\/category\/comida-mexicana\/"},"img":{"alt_text":"","src":"https:\/\/i0.wp.com\/soclose.mx\/blog\/wp-content\/uploads\/2021\/10\/Copia-de-Principal-So-Close-blog-5.png?fit=1200%2C677&ssl=1&resize=350%2C200","width":350,"height":200,"srcset":"https:\/\/i0.wp.com\/soclose.mx\/blog\/wp-content\/uploads\/2021\/10\/Copia-de-Principal-So-Close-blog-5.png?fit=1200%2C677&ssl=1&resize=350%2C200 1x, https:\/\/i0.wp.com\/soclose.mx\/blog\/wp-content\/uploads\/2021\/10\/Copia-de-Principal-So-Close-blog-5.png?fit=1200%2C677&ssl=1&resize=525%2C300 1.5x, https:\/\/i0.wp.com\/soclose.mx\/blog\/wp-content\/uploads\/2021\/10\/Copia-de-Principal-So-Close-blog-5.png?fit=1200%2C677&ssl=1&resize=700%2C400 2x, https:\/\/i0.wp.com\/soclose.mx\/blog\/wp-content\/uploads\/2021\/10\/Copia-de-Principal-So-Close-blog-5.png?fit=1200%2C677&ssl=1&resize=1050%2C600 3x"},"classes":[]},{"id":14559,"url":"https:\/\/soclose.mx\/blog\/seleccion-mexicana\/rey-misterio-sr-icono-de-la-lucha-libre-mexicana\/","url_meta":{"origin":10849,"position":5},"title":"Rey Misterio Sr.: \u00edcono de la lucha libre mexicana","author":"So Close","date":"20 diciembre, 2024","format":false,"excerpt":"Miguel \u00c1ngel L\u00f3pez D\u00edaz, m\u00e1s conocido como Rey Misterio Sr., fue un luchador profesional mexicano que dej\u00f3 una huella imborrable en la historia de la lucha libre. Su estilo acrob\u00e1tico y su carisma lo convirtieron en una leyenda, inspirando a una generaci\u00f3n de luchadores y dejando un legado que perdura\u2026","rel":"","context":"En &quot;Selecci\u00f3n mexicana&quot;","block_context":{"text":"Selecci\u00f3n mexicana","link":"https:\/\/soclose.mx\/blog\/category\/seleccion-mexicana\/"},"img":{"alt_text":"rey misterio sr","src":"https:\/\/i0.wp.com\/soclose.mx\/blog\/wp-content\/uploads\/2024\/12\/rey-misterio-sr.jpg?fit=1200%2C675&ssl=1&resize=350%2C200","width":350,"height":200,"srcset":"https:\/\/i0.wp.com\/soclose.mx\/blog\/wp-content\/uploads\/2024\/12\/rey-misterio-sr.jpg?fit=1200%2C675&ssl=1&resize=350%2C200 1x, https:\/\/i0.wp.com\/soclose.mx\/blog\/wp-content\/uploads\/2024\/12\/rey-misterio-sr.jpg?fit=1200%2C675&ssl=1&resize=525%2C300 1.5x, https:\/\/i0.wp.com\/soclose.mx\/blog\/wp-content\/uploads\/2024\/12\/rey-misterio-sr.jpg?fit=1200%2C675&ssl=1&resize=700%2C400 2x, https:\/\/i0.wp.com\/soclose.mx\/blog\/wp-content\/uploads\/2024\/12\/rey-misterio-sr.jpg?fit=1200%2C675&ssl=1&resize=1050%2C600 3x"},"classes":[]}],"jetpack_sharing_enabled":true,"_links":{"self":[{"href":"https:\/\/soclose.mx\/blog\/wp-json\/wp\/v2\/posts\/10849","targetHints":{"allow":["GET"]}}],"collection":[{"href":"https:\/\/soclose.mx\/blog\/wp-json\/wp\/v2\/posts"}],"about":[{"href":"https:\/\/soclose.mx\/blog\/wp-json\/wp\/v2\/types\/post"}],"author":[{"embeddable":true,"href":"https:\/\/soclose.mx\/blog\/wp-json\/wp\/v2\/users\/9"}],"replies":[{"embeddable":true,"href":"https:\/\/soclose.mx\/blog\/wp-json\/wp\/v2\/comments?post=10849"}],"version-history":[{"count":0,"href":"https:\/\/soclose.mx\/blog\/wp-json\/wp\/v2\/posts\/10849\/revisions"}],"wp:featuredmedia":[{"embeddable":true,"href":"https:\/\/soclose.mx\/blog\/wp-json\/wp\/v2\/media\/10857"}],"wp:attachment":[{"href":"https:\/\/soclose.mx\/blog\/wp-json\/wp\/v2\/media?parent=10849"}],"wp:term":[{"taxonomy":"category","embeddable":true,"href":"https:\/\/soclose.mx\/blog\/wp-json\/wp\/v2\/categories?post=10849"},{"taxonomy":"post_tag","embeddable":true,"href":"https:\/\/soclose.mx\/blog\/wp-json\/wp\/v2\/tags?post=10849"}],"curies":[{"name":"wp","href":"https:\/\/api.w.org\/{rel}","templated":true}]}}