{"id":10872,"date":"2022-08-10T14:17:04","date_gmt":"2022-08-10T19:17:04","guid":{"rendered":"https:\/\/soclose.mx\/blog\/?p=10872"},"modified":"2022-08-10T14:17:04","modified_gmt":"2022-08-10T19:17:04","slug":"video-documental-lucha-libre-mexicana-y-covid-19-las-otras-vidas-en-la-pandemia","status":"publish","type":"post","link":"https:\/\/soclose.mx\/blog\/a-la-mexicana\/video-documental-lucha-libre-mexicana-y-covid-19-las-otras-vidas-en-la-pandemia\/","title":{"rendered":"Video: Documental &#8220;Lucha Libre Mexicana y COVID-19&#8221;, las otras vidas en la pandemia"},"content":{"rendered":"<p>La pandemia de <strong>COVID-19<\/strong> cambi\u00f3 el mundo en todos los aspectos y el deportivo fue uno de los m\u00e1s afectados y la<a href=\"https:\/\/soclose.mx\/blog\/a-la-mexicana\/tnt-de-albanil-en-colima-a-leyenda-de-la-lucha-libre-mexicana\/\"> Lucha Libre no se salv\u00f3.<\/a><\/p>\n<p><strong>Los rings<\/strong> no se iluminaron, no son\u00f3 la t\u00edpica canci\u00f3n <em>El santo, el cavernario<\/em> en las funciones y no hubo conteo de espaldas planas.<\/p>\n<p>Ante este escenario, los luchadores tuvieron que buscar por todos lados c\u00f3mo sobrevivir a esta situaci\u00f3n a la que no se le ve\u00eda fin.<\/p>\n<p>Eso es lo que retrata Anthony Pi\u00f1eiro en su documental <strong>&#8220;Lucha Libre Mexicana y COVID-19&#8221;<\/strong>, una pieza en la que cinco luchadores cuentan c\u00f3mo les afect\u00f3 la pandemia y c\u00f3mo la sobrellevaron.<\/p>\n<p><strong>El Oriental, Zeuxis, Pandita, Peque\u00f1o Pierroth y El Mes\u00edas<\/strong> son los luchadores que participaron en este trabajo.<\/p>\n<p><iframe loading=\"lazy\" title=\"Lucha Libre Mexicana en la Actualidad (Documental)\" width=\"1170\" height=\"658\" src=\"https:\/\/www.youtube.com\/embed\/iNAQFoOYzRM?start=209&#038;feature=oembed\" frameborder=\"0\" allow=\"accelerometer; autoplay; clipboard-write; encrypted-media; gyroscope; picture-in-picture\" allowfullscreen><\/iframe><\/p>\n<p>&nbsp;<\/p>\n","protected":false},"excerpt":{"rendered":"<p>La pandemia de COVID-19 cambi\u00f3 el mundo en todos los aspectos y el deportivo fue uno de los m\u00e1s afectados y la Lucha Libre no se salv\u00f3. Los rings no se iluminaron, no son\u00f3 la t\u00edpica canci\u00f3n El santo, el cavernario en las funciones y no hubo conteo de espaldas planas. Ante este escenario, los luchadores tuvieron que buscar por todos lados c\u00f3mo sobrevivir a esta situaci\u00f3n a la que no se le ve\u00eda fin. Eso es lo que retrata Anthony Pi\u00f1eiro en su documental &#8220;Lucha Libre Mexicana y COVID-19&#8221;, una pieza en la que cinco luchadores cuentan c\u00f3mo les<\/p>\n","protected":false},"author":9,"featured_media":10873,"comment_status":"open","ping_status":"open","sticky":false,"template":"","format":"standard","meta":{"_jetpack_memberships_contains_paid_content":false,"footnotes":""},"categories":[1778],"tags":[539,727,512,2785,850,2783,2784,2232],"class_list":["post-10872","post","type-post","status-publish","format-standard","has-post-thumbnail","hentry","category-a-la-mexicana","tag-coronavirus","tag-covid19","tag-lucha-libre","tag-lucha-libre-mexicana-y-el-covid19","tag-pandemia","tag-pandita","tag-pierroth","tag-so-close"],"yoast_head":"<!-- This site is optimized with the Yoast SEO plugin v26.7 - https:\/\/yoast.com\/wordpress\/plugins\/seo\/ -->\n<title>Video: Documental &quot;Lucha Libre Mexicana y COVID-19&quot;, las otras vidas en la pandemia - So Close<\/title>\n<meta name=\"robots\" content=\"index, follow, max-snippet:-1, max-image-preview:large, max-video-preview:-1\" \/>\n<link rel=\"canonical\" href=\"https:\/\/soclose.mx\/blog\/tag\/juan-rulfo-frases-mujeres\/\" \/>\n<meta property=\"og:locale\" content=\"es_MX\" \/>\n<meta property=\"og:type\" content=\"article\" \/>\n<meta property=\"og:title\" content=\"Video: Documental &quot;Lucha Libre Mexicana y COVID-19&quot;, las otras vidas en la pandemia - So Close\" \/>\n<meta property=\"og:description\" content=\"La pandemia de COVID-19 cambi\u00f3 el mundo en todos los aspectos y el deportivo fue uno de los m\u00e1s afectados y la Lucha Libre no se salv\u00f3. Los rings no se iluminaron, no son\u00f3 la t\u00edpica canci\u00f3n El santo, el cavernario en las funciones y no hubo conteo de espaldas planas. Ante este escenario, los luchadores tuvieron que buscar por todos lados c\u00f3mo sobrevivir a esta situaci\u00f3n a la que no se le ve\u00eda fin. Eso es lo que retrata Anthony Pi\u00f1eiro en su documental &#8220;Lucha Libre Mexicana y COVID-19&#8221;, una pieza en la que cinco luchadores cuentan c\u00f3mo les\" \/>\n<meta property=\"og:url\" content=\"https:\/\/soclose.mx\/blog\/tag\/juan-rulfo-frases-mujeres\/\" \/>\n<meta property=\"og:site_name\" content=\"So Close\" \/>\n<meta property=\"article:published_time\" content=\"2022-08-10T19:17:04+00:00\" \/>\n<meta property=\"og:image\" content=\"https:\/\/i0.wp.com\/soclose.mx\/blog\/wp-content\/uploads\/2022\/08\/luchas-covid.png?fit=1040%2C585&ssl=1\" \/>\n\t<meta property=\"og:image:width\" content=\"1040\" \/>\n\t<meta property=\"og:image:height\" content=\"585\" \/>\n\t<meta property=\"og:image:type\" content=\"image\/png\" \/>\n<meta name=\"author\" content=\"Daniel Ram\u00edrez\" \/>\n<meta name=\"twitter:card\" content=\"summary_large_image\" \/>\n<meta name=\"twitter:label1\" content=\"Escrito por\" \/>\n\t<meta name=\"twitter:data1\" content=\"Daniel Ram\u00edrez\" \/>\n\t<meta name=\"twitter:label2\" content=\"Tiempo de lectura\" \/>\n\t<meta name=\"twitter:data2\" content=\"1 minuto\" \/>\n<script type=\"application\/ld+json\" class=\"yoast-schema-graph\">{\"@context\":\"https:\/\/schema.org\",\"@graph\":[{\"@type\":\"Article\",\"@id\":\"https:\/\/soclose.mx\/blog\/tag\/juan-rulfo-frases-mujeres\/#article\",\"isPartOf\":{\"@id\":\"https:\/\/soclose.mx\/blog\/tag\/juan-rulfo-frases-mujeres\/\"},\"author\":{\"name\":\"Daniel Ram\u00edrez\",\"@id\":\"https:\/\/soclose.mx\/blog\/#\/schema\/person\/54cd06c3a8cdc01a80c08725278aff88\"},\"headline\":\"Video: Documental &#8220;Lucha Libre Mexicana y COVID-19&#8221;, las otras vidas en la pandemia\",\"datePublished\":\"2022-08-10T19:17:04+00:00\",\"mainEntityOfPage\":{\"@id\":\"https:\/\/soclose.mx\/blog\/tag\/juan-rulfo-frases-mujeres\/\"},\"wordCount\":159,\"commentCount\":0,\"publisher\":{\"@id\":\"https:\/\/soclose.mx\/blog\/#organization\"},\"image\":{\"@id\":\"https:\/\/soclose.mx\/blog\/tag\/juan-rulfo-frases-mujeres\/#primaryimage\"},\"thumbnailUrl\":\"https:\/\/i0.wp.com\/soclose.mx\/blog\/wp-content\/uploads\/2022\/08\/luchas-covid.png?fit=1040%2C585&ssl=1\",\"keywords\":[\"coronavirus\",\"covid19\",\"lucha libre\",\"Lucha Libre Mexicana y el COVID19\",\"pandemia\",\"pandita\",\"pierroth\",\"so close\"],\"articleSection\":[\"A la mexicana\"],\"inLanguage\":\"es\",\"potentialAction\":[{\"@type\":\"CommentAction\",\"name\":\"Comment\",\"target\":[\"https:\/\/soclose.mx\/blog\/tag\/juan-rulfo-frases-mujeres\/#respond\"]}]},{\"@type\":\"WebPage\",\"@id\":\"https:\/\/soclose.mx\/blog\/tag\/juan-rulfo-frases-mujeres\/\",\"url\":\"https:\/\/soclose.mx\/blog\/tag\/juan-rulfo-frases-mujeres\/\",\"name\":\"Video: Documental \\\"Lucha Libre Mexicana y COVID-19\\\", las otras vidas en la pandemia - So Close\",\"isPartOf\":{\"@id\":\"https:\/\/soclose.mx\/blog\/#website\"},\"primaryImageOfPage\":{\"@id\":\"https:\/\/soclose.mx\/blog\/tag\/juan-rulfo-frases-mujeres\/#primaryimage\"},\"image\":{\"@id\":\"https:\/\/soclose.mx\/blog\/tag\/juan-rulfo-frases-mujeres\/#primaryimage\"},\"thumbnailUrl\":\"https:\/\/i0.wp.com\/soclose.mx\/blog\/wp-content\/uploads\/2022\/08\/luchas-covid.png?fit=1040%2C585&ssl=1\",\"datePublished\":\"2022-08-10T19:17:04+00:00\",\"breadcrumb\":{\"@id\":\"https:\/\/soclose.mx\/blog\/tag\/juan-rulfo-frases-mujeres\/#breadcrumb\"},\"inLanguage\":\"es\",\"potentialAction\":[{\"@type\":\"ReadAction\",\"target\":[\"https:\/\/soclose.mx\/blog\/tag\/juan-rulfo-frases-mujeres\/\"]}]},{\"@type\":\"ImageObject\",\"inLanguage\":\"es\",\"@id\":\"https:\/\/soclose.mx\/blog\/tag\/juan-rulfo-frases-mujeres\/#primaryimage\",\"url\":\"https:\/\/i0.wp.com\/soclose.mx\/blog\/wp-content\/uploads\/2022\/08\/luchas-covid.png?fit=1040%2C585&ssl=1\",\"contentUrl\":\"https:\/\/i0.wp.com\/soclose.mx\/blog\/wp-content\/uploads\/2022\/08\/luchas-covid.png?fit=1040%2C585&ssl=1\",\"width\":1040,\"height\":585},{\"@type\":\"BreadcrumbList\",\"@id\":\"https:\/\/soclose.mx\/blog\/tag\/juan-rulfo-frases-mujeres\/#breadcrumb\",\"itemListElement\":[{\"@type\":\"ListItem\",\"position\":1,\"name\":\"Inicio\",\"item\":\"https:\/\/soclose.mx\/blog\/\"},{\"@type\":\"ListItem\",\"position\":2,\"name\":\"Video: Documental &#8220;Lucha Libre Mexicana y COVID-19&#8221;, las otras vidas en la pandemia\"}]},{\"@type\":\"WebSite\",\"@id\":\"https:\/\/soclose.mx\/blog\/#website\",\"url\":\"https:\/\/soclose.mx\/blog\/\",\"name\":\"So Close\",\"description\":\"Hacemos contenidos de M\u00e9xico\",\"publisher\":{\"@id\":\"https:\/\/soclose.mx\/blog\/#organization\"},\"potentialAction\":[{\"@type\":\"SearchAction\",\"target\":{\"@type\":\"EntryPoint\",\"urlTemplate\":\"https:\/\/soclose.mx\/blog\/?s={search_term_string}\"},\"query-input\":{\"@type\":\"PropertyValueSpecification\",\"valueRequired\":true,\"valueName\":\"search_term_string\"}}],\"inLanguage\":\"es\"},{\"@type\":\"Organization\",\"@id\":\"https:\/\/soclose.mx\/blog\/#organization\",\"name\":\"So Close\",\"url\":\"https:\/\/soclose.mx\/blog\/\",\"logo\":{\"@type\":\"ImageObject\",\"inLanguage\":\"es\",\"@id\":\"https:\/\/soclose.mx\/blog\/#\/schema\/logo\/image\/\",\"url\":\"https:\/\/i0.wp.com\/soclose.mx\/blog\/wp-content\/uploads\/2020\/12\/LOGO_SOCLOSE_COLOR-e1608310133507.png?fit=2858%2C1264&ssl=1\",\"contentUrl\":\"https:\/\/i0.wp.com\/soclose.mx\/blog\/wp-content\/uploads\/2020\/12\/LOGO_SOCLOSE_COLOR-e1608310133507.png?fit=2858%2C1264&ssl=1\",\"width\":2858,\"height\":1264,\"caption\":\"So Close\"},\"image\":{\"@id\":\"https:\/\/soclose.mx\/blog\/#\/schema\/logo\/image\/\"}},{\"@type\":\"Person\",\"@id\":\"https:\/\/soclose.mx\/blog\/#\/schema\/person\/54cd06c3a8cdc01a80c08725278aff88\",\"name\":\"Daniel Ram\u00edrez\",\"image\":{\"@type\":\"ImageObject\",\"inLanguage\":\"es\",\"@id\":\"https:\/\/soclose.mx\/blog\/#\/schema\/person\/image\/\",\"url\":\"https:\/\/secure.gravatar.com\/avatar\/74af6012f2e898d2be93cf32e26b59a2c9489743c9ca6270d7848b44edd7d272?s=96&d=mm&r=g\",\"contentUrl\":\"https:\/\/secure.gravatar.com\/avatar\/74af6012f2e898d2be93cf32e26b59a2c9489743c9ca6270d7848b44edd7d272?s=96&d=mm&r=g\",\"caption\":\"Daniel Ram\u00edrez\"},\"url\":\"https:\/\/soclose.mx\/blog\/author\/peter\/\"}]}<\/script>\n<!-- \/ Yoast SEO plugin. -->","yoast_head_json":{"title":"Video: Documental \"Lucha Libre Mexicana y COVID-19\", las otras vidas en la pandemia - So Close","robots":{"index":"index","follow":"follow","max-snippet":"max-snippet:-1","max-image-preview":"max-image-preview:large","max-video-preview":"max-video-preview:-1"},"canonical":"https:\/\/soclose.mx\/blog\/tag\/juan-rulfo-frases-mujeres\/","og_locale":"es_MX","og_type":"article","og_title":"Video: Documental \"Lucha Libre Mexicana y COVID-19\", las otras vidas en la pandemia - So Close","og_description":"La pandemia de COVID-19 cambi\u00f3 el mundo en todos los aspectos y el deportivo fue uno de los m\u00e1s afectados y la Lucha Libre no se salv\u00f3. Los rings no se iluminaron, no son\u00f3 la t\u00edpica canci\u00f3n El santo, el cavernario en las funciones y no hubo conteo de espaldas planas. Ante este escenario, los luchadores tuvieron que buscar por todos lados c\u00f3mo sobrevivir a esta situaci\u00f3n a la que no se le ve\u00eda fin. Eso es lo que retrata Anthony Pi\u00f1eiro en su documental &#8220;Lucha Libre Mexicana y COVID-19&#8221;, una pieza en la que cinco luchadores cuentan c\u00f3mo les","og_url":"https:\/\/soclose.mx\/blog\/tag\/juan-rulfo-frases-mujeres\/","og_site_name":"So Close","article_published_time":"2022-08-10T19:17:04+00:00","og_image":[{"width":1040,"height":585,"url":"https:\/\/i0.wp.com\/soclose.mx\/blog\/wp-content\/uploads\/2022\/08\/luchas-covid.png?fit=1040%2C585&ssl=1","type":"image\/png"}],"author":"Daniel Ram\u00edrez","twitter_card":"summary_large_image","twitter_misc":{"Escrito por":"Daniel Ram\u00edrez","Tiempo de lectura":"1 minuto"},"schema":{"@context":"https:\/\/schema.org","@graph":[{"@type":"Article","@id":"https:\/\/soclose.mx\/blog\/tag\/juan-rulfo-frases-mujeres\/#article","isPartOf":{"@id":"https:\/\/soclose.mx\/blog\/tag\/juan-rulfo-frases-mujeres\/"},"author":{"name":"Daniel Ram\u00edrez","@id":"https:\/\/soclose.mx\/blog\/#\/schema\/person\/54cd06c3a8cdc01a80c08725278aff88"},"headline":"Video: Documental &#8220;Lucha Libre Mexicana y COVID-19&#8221;, las otras vidas en la pandemia","datePublished":"2022-08-10T19:17:04+00:00","mainEntityOfPage":{"@id":"https:\/\/soclose.mx\/blog\/tag\/juan-rulfo-frases-mujeres\/"},"wordCount":159,"commentCount":0,"publisher":{"@id":"https:\/\/soclose.mx\/blog\/#organization"},"image":{"@id":"https:\/\/soclose.mx\/blog\/tag\/juan-rulfo-frases-mujeres\/#primaryimage"},"thumbnailUrl":"https:\/\/i0.wp.com\/soclose.mx\/blog\/wp-content\/uploads\/2022\/08\/luchas-covid.png?fit=1040%2C585&ssl=1","keywords":["coronavirus","covid19","lucha libre","Lucha Libre Mexicana y el COVID19","pandemia","pandita","pierroth","so close"],"articleSection":["A la mexicana"],"inLanguage":"es","potentialAction":[{"@type":"CommentAction","name":"Comment","target":["https:\/\/soclose.mx\/blog\/tag\/juan-rulfo-frases-mujeres\/#respond"]}]},{"@type":"WebPage","@id":"https:\/\/soclose.mx\/blog\/tag\/juan-rulfo-frases-mujeres\/","url":"https:\/\/soclose.mx\/blog\/tag\/juan-rulfo-frases-mujeres\/","name":"Video: Documental \"Lucha Libre Mexicana y COVID-19\", las otras vidas en la pandemia - So Close","isPartOf":{"@id":"https:\/\/soclose.mx\/blog\/#website"},"primaryImageOfPage":{"@id":"https:\/\/soclose.mx\/blog\/tag\/juan-rulfo-frases-mujeres\/#primaryimage"},"image":{"@id":"https:\/\/soclose.mx\/blog\/tag\/juan-rulfo-frases-mujeres\/#primaryimage"},"thumbnailUrl":"https:\/\/i0.wp.com\/soclose.mx\/blog\/wp-content\/uploads\/2022\/08\/luchas-covid.png?fit=1040%2C585&ssl=1","datePublished":"2022-08-10T19:17:04+00:00","breadcrumb":{"@id":"https:\/\/soclose.mx\/blog\/tag\/juan-rulfo-frases-mujeres\/#breadcrumb"},"inLanguage":"es","potentialAction":[{"@type":"ReadAction","target":["https:\/\/soclose.mx\/blog\/tag\/juan-rulfo-frases-mujeres\/"]}]},{"@type":"ImageObject","inLanguage":"es","@id":"https:\/\/soclose.mx\/blog\/tag\/juan-rulfo-frases-mujeres\/#primaryimage","url":"https:\/\/i0.wp.com\/soclose.mx\/blog\/wp-content\/uploads\/2022\/08\/luchas-covid.png?fit=1040%2C585&ssl=1","contentUrl":"https:\/\/i0.wp.com\/soclose.mx\/blog\/wp-content\/uploads\/2022\/08\/luchas-covid.png?fit=1040%2C585&ssl=1","width":1040,"height":585},{"@type":"BreadcrumbList","@id":"https:\/\/soclose.mx\/blog\/tag\/juan-rulfo-frases-mujeres\/#breadcrumb","itemListElement":[{"@type":"ListItem","position":1,"name":"Inicio","item":"https:\/\/soclose.mx\/blog\/"},{"@type":"ListItem","position":2,"name":"Video: Documental &#8220;Lucha Libre Mexicana y COVID-19&#8221;, las otras vidas en la pandemia"}]},{"@type":"WebSite","@id":"https:\/\/soclose.mx\/blog\/#website","url":"https:\/\/soclose.mx\/blog\/","name":"So Close","description":"Hacemos contenidos de M\u00e9xico","publisher":{"@id":"https:\/\/soclose.mx\/blog\/#organization"},"potentialAction":[{"@type":"SearchAction","target":{"@type":"EntryPoint","urlTemplate":"https:\/\/soclose.mx\/blog\/?s={search_term_string}"},"query-input":{"@type":"PropertyValueSpecification","valueRequired":true,"valueName":"search_term_string"}}],"inLanguage":"es"},{"@type":"Organization","@id":"https:\/\/soclose.mx\/blog\/#organization","name":"So Close","url":"https:\/\/soclose.mx\/blog\/","logo":{"@type":"ImageObject","inLanguage":"es","@id":"https:\/\/soclose.mx\/blog\/#\/schema\/logo\/image\/","url":"https:\/\/i0.wp.com\/soclose.mx\/blog\/wp-content\/uploads\/2020\/12\/LOGO_SOCLOSE_COLOR-e1608310133507.png?fit=2858%2C1264&ssl=1","contentUrl":"https:\/\/i0.wp.com\/soclose.mx\/blog\/wp-content\/uploads\/2020\/12\/LOGO_SOCLOSE_COLOR-e1608310133507.png?fit=2858%2C1264&ssl=1","width":2858,"height":1264,"caption":"So Close"},"image":{"@id":"https:\/\/soclose.mx\/blog\/#\/schema\/logo\/image\/"}},{"@type":"Person","@id":"https:\/\/soclose.mx\/blog\/#\/schema\/person\/54cd06c3a8cdc01a80c08725278aff88","name":"Daniel Ram\u00edrez","image":{"@type":"ImageObject","inLanguage":"es","@id":"https:\/\/soclose.mx\/blog\/#\/schema\/person\/image\/","url":"https:\/\/secure.gravatar.com\/avatar\/74af6012f2e898d2be93cf32e26b59a2c9489743c9ca6270d7848b44edd7d272?s=96&d=mm&r=g","contentUrl":"https:\/\/secure.gravatar.com\/avatar\/74af6012f2e898d2be93cf32e26b59a2c9489743c9ca6270d7848b44edd7d272?s=96&d=mm&r=g","caption":"Daniel Ram\u00edrez"},"url":"https:\/\/soclose.mx\/blog\/author\/peter\/"}]}},"jetpack_featured_media_url":"https:\/\/i0.wp.com\/soclose.mx\/blog\/wp-content\/uploads\/2022\/08\/luchas-covid.png?fit=1040%2C585&ssl=1","jetpack-related-posts":[{"id":6019,"url":"https:\/\/soclose.mx\/blog\/ay-goeeee\/video-7-cosas-que-amaras-de-el-tacubo-un-superheroe-muy-mexicano\/","url_meta":{"origin":10872,"position":0},"title":"VIDEO | 7 cosas que amar\u00e1s de &#8220;El Tacubo&#8221;, un superh\u00e9roe muy mexicano","author":"So Close","date":"6 mayo, 2021","format":false,"excerpt":"En M\u00e9xico no es sorpresa que en momentos dif\u00edciles aparezca la solidaridad y el apoyo hacia quienes m\u00e1s lo necesitan; \"El Tacubo\" es uno de esos personajes, de esos superh\u00e9roes an\u00f3nimos, quien durante la pandemia provocada por la Covid19\u00a0decidi\u00f3 hacerle la vida m\u00e1s llevadera a los ni\u00f1os quienes se vieron\u2026","rel":"","context":"En &quot;\u00a1Ay goeeee!&quot;","block_context":{"text":"\u00a1Ay goeeee!","link":"https:\/\/soclose.mx\/blog\/category\/ay-goeeee\/"},"img":{"alt_text":"","src":"https:\/\/i0.wp.com\/soclose.mx\/blog\/wp-content\/uploads\/2021\/05\/luchador-tacubo.jpeg?fit=1200%2C677&ssl=1&resize=350%2C200","width":350,"height":200,"srcset":"https:\/\/i0.wp.com\/soclose.mx\/blog\/wp-content\/uploads\/2021\/05\/luchador-tacubo.jpeg?fit=1200%2C677&ssl=1&resize=350%2C200 1x, https:\/\/i0.wp.com\/soclose.mx\/blog\/wp-content\/uploads\/2021\/05\/luchador-tacubo.jpeg?fit=1200%2C677&ssl=1&resize=525%2C300 1.5x, https:\/\/i0.wp.com\/soclose.mx\/blog\/wp-content\/uploads\/2021\/05\/luchador-tacubo.jpeg?fit=1200%2C677&ssl=1&resize=700%2C400 2x, https:\/\/i0.wp.com\/soclose.mx\/blog\/wp-content\/uploads\/2021\/05\/luchador-tacubo.jpeg?fit=1200%2C677&ssl=1&resize=1050%2C600 3x"},"classes":[]},{"id":14559,"url":"https:\/\/soclose.mx\/blog\/seleccion-mexicana\/rey-misterio-sr-icono-de-la-lucha-libre-mexicana\/","url_meta":{"origin":10872,"position":1},"title":"Rey Misterio Sr.: \u00edcono de la lucha libre mexicana","author":"So Close","date":"20 diciembre, 2024","format":false,"excerpt":"Miguel \u00c1ngel L\u00f3pez D\u00edaz, m\u00e1s conocido como Rey Misterio Sr., fue un luchador profesional mexicano que dej\u00f3 una huella imborrable en la historia de la lucha libre. Su estilo acrob\u00e1tico y su carisma lo convirtieron en una leyenda, inspirando a una generaci\u00f3n de luchadores y dejando un legado que perdura\u2026","rel":"","context":"En &quot;Selecci\u00f3n mexicana&quot;","block_context":{"text":"Selecci\u00f3n mexicana","link":"https:\/\/soclose.mx\/blog\/category\/seleccion-mexicana\/"},"img":{"alt_text":"rey misterio sr","src":"https:\/\/i0.wp.com\/soclose.mx\/blog\/wp-content\/uploads\/2024\/12\/rey-misterio-sr.jpg?fit=1200%2C675&ssl=1&resize=350%2C200","width":350,"height":200,"srcset":"https:\/\/i0.wp.com\/soclose.mx\/blog\/wp-content\/uploads\/2024\/12\/rey-misterio-sr.jpg?fit=1200%2C675&ssl=1&resize=350%2C200 1x, https:\/\/i0.wp.com\/soclose.mx\/blog\/wp-content\/uploads\/2024\/12\/rey-misterio-sr.jpg?fit=1200%2C675&ssl=1&resize=525%2C300 1.5x, https:\/\/i0.wp.com\/soclose.mx\/blog\/wp-content\/uploads\/2024\/12\/rey-misterio-sr.jpg?fit=1200%2C675&ssl=1&resize=700%2C400 2x, https:\/\/i0.wp.com\/soclose.mx\/blog\/wp-content\/uploads\/2024\/12\/rey-misterio-sr.jpg?fit=1200%2C675&ssl=1&resize=1050%2C600 3x"},"classes":[]},{"id":10738,"url":"https:\/\/soclose.mx\/blog\/a-la-mexicana\/luchador-mexicano-cinta-de-oro-conquista-espana\/","url_meta":{"origin":10872,"position":2},"title":"&#8220;Cinta de Oro&#8221;, el luchador mexicano que conquist\u00f3 Espa\u00f1a","author":"Daniel Ram\u00edrez","date":"27 julio, 2022","format":false,"excerpt":"\"Sin Cara\" se gan\u00f3 el coraz\u00f3n de los aficionados a la Lucha Libre mexicana en los rings de nuestro pa\u00eds y tambi\u00e9n lo hizo en los de la WWE en Estados Unidos. Pero ahora, el luchador mexicano super\u00f3 fronteras y fue a Espa\u00f1a para mostrar todo su talento y ofrecerlo\u2026","rel":"","context":"En &quot;A la mexicana&quot;","block_context":{"text":"A la mexicana","link":"https:\/\/soclose.mx\/blog\/category\/a-la-mexicana\/"},"img":{"alt_text":"","src":"https:\/\/i0.wp.com\/soclose.mx\/blog\/wp-content\/uploads\/2022\/07\/sin-cara.jpg?fit=1077%2C669&ssl=1&resize=350%2C200","width":350,"height":200,"srcset":"https:\/\/i0.wp.com\/soclose.mx\/blog\/wp-content\/uploads\/2022\/07\/sin-cara.jpg?fit=1077%2C669&ssl=1&resize=350%2C200 1x, https:\/\/i0.wp.com\/soclose.mx\/blog\/wp-content\/uploads\/2022\/07\/sin-cara.jpg?fit=1077%2C669&ssl=1&resize=525%2C300 1.5x, https:\/\/i0.wp.com\/soclose.mx\/blog\/wp-content\/uploads\/2022\/07\/sin-cara.jpg?fit=1077%2C669&ssl=1&resize=700%2C400 2x, https:\/\/i0.wp.com\/soclose.mx\/blog\/wp-content\/uploads\/2022\/07\/sin-cara.jpg?fit=1077%2C669&ssl=1&resize=1050%2C600 3x"},"classes":[]},{"id":11079,"url":"https:\/\/soclose.mx\/blog\/ay-goeeee\/luchadoras-mexicanas-de-los-cuadrilateros-a-onlyfans\/","url_meta":{"origin":10872,"position":3},"title":"Luchadoras mexicanas, de los cuadril\u00e1teros a OnlyFans","author":"Daniel Ram\u00edrez","date":"27 agosto, 2022","format":false,"excerpt":"El boom de OnlyFans en el mundo ha despertado la curiosidad de muchas personas, incluidas figuras p\u00fablicas y deportistas, quienes no se han quedado con la duda de probar la plataforma. Algunas de esas celebridades son luchadoras mexicanas, quienes han abierto sus cuentas motivadas por sus calenturientos fans, quienes quer\u00edan\u2026","rel":"","context":"En &quot;\u00a1Ay goeeee!&quot;","block_context":{"text":"\u00a1Ay goeeee!","link":"https:\/\/soclose.mx\/blog\/category\/ay-goeeee\/"},"img":{"alt_text":"","src":"https:\/\/i0.wp.com\/soclose.mx\/blog\/wp-content\/uploads\/2022\/08\/luchadoras-onlyfans.jpg?fit=1200%2C675&ssl=1&resize=350%2C200","width":350,"height":200,"srcset":"https:\/\/i0.wp.com\/soclose.mx\/blog\/wp-content\/uploads\/2022\/08\/luchadoras-onlyfans.jpg?fit=1200%2C675&ssl=1&resize=350%2C200 1x, https:\/\/i0.wp.com\/soclose.mx\/blog\/wp-content\/uploads\/2022\/08\/luchadoras-onlyfans.jpg?fit=1200%2C675&ssl=1&resize=525%2C300 1.5x, https:\/\/i0.wp.com\/soclose.mx\/blog\/wp-content\/uploads\/2022\/08\/luchadoras-onlyfans.jpg?fit=1200%2C675&ssl=1&resize=700%2C400 2x, https:\/\/i0.wp.com\/soclose.mx\/blog\/wp-content\/uploads\/2022\/08\/luchadoras-onlyfans.jpg?fit=1200%2C675&ssl=1&resize=1050%2C600 3x"},"classes":[]},{"id":10849,"url":"https:\/\/soclose.mx\/blog\/a-la-mexicana\/tnt-de-albanil-en-colima-a-leyenda-de-la-lucha-libre-mexicana\/","url_meta":{"origin":10872,"position":4},"title":"TNT, de alba\u00f1il en Colima a leyenda de la Lucha Libre mexicana","author":"Daniel Ram\u00edrez","date":"6 agosto, 2022","format":false,"excerpt":"Pesar m\u00e1s de 136 kilogramos y medir 1.87 metros, fueron las cartas principales de Jos\u00e9 Guadalupe Aguilar Herrera, mejor conocido como el TNT, un luchador legendario de la d\u00e9cada de los 70 y 80. Lupe era originario de Villa de Arriaga, San Luis Potos\u00ed, pero desde chico se fue a\u2026","rel":"","context":"En &quot;A la mexicana&quot;","block_context":{"text":"A la mexicana","link":"https:\/\/soclose.mx\/blog\/category\/a-la-mexicana\/"},"img":{"alt_text":"","src":"https:\/\/i0.wp.com\/soclose.mx\/blog\/wp-content\/uploads\/2022\/08\/06TNT.jpg?fit=800%2C350&ssl=1&resize=350%2C200","width":350,"height":200,"srcset":"https:\/\/i0.wp.com\/soclose.mx\/blog\/wp-content\/uploads\/2022\/08\/06TNT.jpg?fit=800%2C350&ssl=1&resize=350%2C200 1x, https:\/\/i0.wp.com\/soclose.mx\/blog\/wp-content\/uploads\/2022\/08\/06TNT.jpg?fit=800%2C350&ssl=1&resize=525%2C300 1.5x, https:\/\/i0.wp.com\/soclose.mx\/blog\/wp-content\/uploads\/2022\/08\/06TNT.jpg?fit=800%2C350&ssl=1&resize=700%2C400 2x"},"classes":[]},{"id":10940,"url":"https:\/\/soclose.mx\/blog\/a-la-mexicana\/de-la-lucha-libre-a-la-nfl-y-el-futbol-espanol-el-festejo-del-luchador-mexicano-pentagon-jr\/","url_meta":{"origin":10872,"position":5},"title":"De la Lucha Libre a la NFL y el futbol espa\u00f1ol: el festejo del luchador mexicano, Pentag\u00f3n Jr.","author":"Daniel Ram\u00edrez","date":"16 agosto, 2022","format":false,"excerpt":"https:\/\/twitter.com\/juaneezy_\/status\/1467616858593370114?s=20&t=w11b5hFqOZbYCSwnXCMIMw La Lucha Libre mexicana es admirada dentro y fuera de nuestro pa\u00eds. Los deportistas extranjeros que ven este espect\u00e1culo, quedan encantados. Muchos de ellos se vuelven tan fan\u00e1ticos, que quieren emular algunos movimientos en sus respectivas disciplinas, como el futbol soccer o el americano. Y para muestra hay dos\u2026","rel":"","context":"En &quot;A la mexicana&quot;","block_context":{"text":"A la mexicana","link":"https:\/\/soclose.mx\/blog\/category\/a-la-mexicana\/"},"img":{"alt_text":"","src":"https:\/\/i0.wp.com\/soclose.mx\/blog\/wp-content\/uploads\/2022\/08\/penta.jpg?fit=524%2C306&ssl=1&resize=350%2C200","width":350,"height":200},"classes":[]}],"jetpack_sharing_enabled":true,"_links":{"self":[{"href":"https:\/\/soclose.mx\/blog\/wp-json\/wp\/v2\/posts\/10872","targetHints":{"allow":["GET"]}}],"collection":[{"href":"https:\/\/soclose.mx\/blog\/wp-json\/wp\/v2\/posts"}],"about":[{"href":"https:\/\/soclose.mx\/blog\/wp-json\/wp\/v2\/types\/post"}],"author":[{"embeddable":true,"href":"https:\/\/soclose.mx\/blog\/wp-json\/wp\/v2\/users\/9"}],"replies":[{"embeddable":true,"href":"https:\/\/soclose.mx\/blog\/wp-json\/wp\/v2\/comments?post=10872"}],"version-history":[{"count":0,"href":"https:\/\/soclose.mx\/blog\/wp-json\/wp\/v2\/posts\/10872\/revisions"}],"wp:featuredmedia":[{"embeddable":true,"href":"https:\/\/soclose.mx\/blog\/wp-json\/wp\/v2\/media\/10873"}],"wp:attachment":[{"href":"https:\/\/soclose.mx\/blog\/wp-json\/wp\/v2\/media?parent=10872"}],"wp:term":[{"taxonomy":"category","embeddable":true,"href":"https:\/\/soclose.mx\/blog\/wp-json\/wp\/v2\/categories?post=10872"},{"taxonomy":"post_tag","embeddable":true,"href":"https:\/\/soclose.mx\/blog\/wp-json\/wp\/v2\/tags?post=10872"}],"curies":[{"name":"wp","href":"https:\/\/api.w.org\/{rel}","templated":true}]}}