{"id":10904,"date":"2022-08-12T18:33:28","date_gmt":"2022-08-12T23:33:28","guid":{"rendered":"https:\/\/soclose.mx\/blog\/?p=10904"},"modified":"2022-08-12T18:33:42","modified_gmt":"2022-08-12T23:33:42","slug":"manuel-uruchurtu-el-unico-mexicano-en-el-titanic","status":"publish","type":"post","link":"https:\/\/soclose.mx\/blog\/a-la-mexicana\/manuel-uruchurtu-el-unico-mexicano-en-el-titanic\/","title":{"rendered":"Manuel Uruchurtu, el \u00fanico mexicano en el Titanic"},"content":{"rendered":"<p>Algunos dicen que el destino de cada uno ya est\u00e1 marcado, otros que son las circunstancias y unos cuantos que es la casualidad la que nos orilla a ciertos pasajes en la vida.<\/p>\n<p>Cualquiera de estas hip\u00f3tesis pueden ser ciertas al hablar de <strong>Manuel Uruchurtu,<\/strong> el \u00fanico mexicano que viaj\u00f3 a bordo del <strong>Titanic<\/strong> y del que todos sabemos su tr\u00e1gica historia.<\/p>\n<p>Manuel era oriundo de <a href=\"https:\/\/soclose.mx\/blog\/comida-mexicana\/caldo-tlalpeno-el-platillo-que-se-creo-por-una-borrachera-del-presidente-santa-anna\/\">Hermosillo, Sonora,<\/a> y hab\u00eda viajado a Europa para visitar a unos amigos y conocer las cortes de Espa\u00f1a.<\/p>\n<p>Para su regreso ten\u00eda previsto hacerlo en un barco normal, nada lujoso como el Titanic, pues no le alcanzaban los recursos para navegar en una embargaci\u00f3n tan pudiente.<\/p>\n<p>Pero aqu\u00ed vienen los juegos del destino. Uno de sus amigos le consigui\u00f3 de un boleto de primera clase poco antes de emprender el viaje de regreso a M\u00e9xico.<\/p>\n<p>Esta noticia se la hizo saber a su esposa Gertrudis Caraza a trav\u00e9s de un telegrama. Le inform\u00f3 que viajar\u00eda por mar en una embarcaci\u00f3n \u201cinsumergible\u201d&#8230;<\/p>\n<p><img data-recalc-dims=\"1\" decoding=\"async\" class=\"alignnone size-medium wp-image-10906\" src=\"https:\/\/i0.wp.com\/soclose.mx\/blog\/wp-content\/uploads\/2022\/08\/Manuel-Uruchurtu-3.jpg?resize=300%2C158&#038;ssl=1\" alt=\"\" width=\"300\" height=\"158\" srcset=\"https:\/\/i0.wp.com\/soclose.mx\/blog\/wp-content\/uploads\/2022\/08\/Manuel-Uruchurtu-3.jpg?resize=300%2C158&amp;ssl=1 300w, https:\/\/i0.wp.com\/soclose.mx\/blog\/wp-content\/uploads\/2022\/08\/Manuel-Uruchurtu-3.jpg?resize=585%2C309&amp;ssl=1 585w, https:\/\/i0.wp.com\/soclose.mx\/blog\/wp-content\/uploads\/2022\/08\/Manuel-Uruchurtu-3.jpg?w=639&amp;ssl=1 639w\" sizes=\"(max-width: 300px) 100vw, 300px\" \/><\/p>\n<p>Ir\u00f3nicamente, la siguiente noticia que la familia tuvo de \u00e9l fue la del naufragio y que su cuerpo nunca fue encontrado. Pero Manuel dej\u00f3 una historia que puede catalogarse como caballerosa y hasta heroica.<\/p>\n<p>Dentro de la confirmaci\u00f3n de la muerte del se\u00f1or Uruchurtu, se inform\u00f3 a su familia que al calor del momento para sobrevivir, cedi\u00f3 su lugar en un bote salvavidas a una mujer llamada <strong>Elizabeth Ramell Nye.<\/strong><\/p>\n<p>Cuentan las cr\u00f3nicas de aquellos tiempos que a\u00f1os despu\u00e9s, en 1916, la se\u00f1ora de origen ingl\u00e9s fue a Hermosillo para encontrarse con la familia de la persona a quien le deb\u00eda la vida.<\/p>\n<p>La historia de Manuel fue plasmada en la novela de la escritora mexicana, Guadalupe Loaeza, titulada <strong><em>El caballero del Titanic<\/em>.<\/strong> Lo llamativo es que el detalle de su generosa acci\u00f3n no aparece en el libro.<\/p>\n<p>La escritora asegur\u00f3 que no encontr\u00f3 nada que sustente esta an\u00e9cdota, pero su bisnieto Antonio cuenta que s\u00ed sucedi\u00f3, a pesar de que no haya algo tangible que lo compruebe.<\/p>\n<p>El propio bisnieto segur\u00f3 que existi\u00f3 el testimonio de Elizabeth, pues ella se lo cont\u00f3 a la familia Uruchurtu en su viaje a Sonora en aquel 1916; vecinos y un maestro que hizo de traductor respaldan la versi\u00f3n del bisnieto.<\/p>\n<p><img data-recalc-dims=\"1\" fetchpriority=\"high\" decoding=\"async\" class=\"alignnone size-medium wp-image-10905\" src=\"https:\/\/i0.wp.com\/soclose.mx\/blog\/wp-content\/uploads\/2022\/08\/Manuel-Uruchurtu-2.jpg?resize=225%2C300&#038;ssl=1\" alt=\"\" width=\"225\" height=\"300\" srcset=\"https:\/\/i0.wp.com\/soclose.mx\/blog\/wp-content\/uploads\/2022\/08\/Manuel-Uruchurtu-2.jpg?resize=225%2C300&amp;ssl=1 225w, https:\/\/i0.wp.com\/soclose.mx\/blog\/wp-content\/uploads\/2022\/08\/Manuel-Uruchurtu-2.jpg?resize=768%2C1024&amp;ssl=1 768w, https:\/\/i0.wp.com\/soclose.mx\/blog\/wp-content\/uploads\/2022\/08\/Manuel-Uruchurtu-2.jpg?resize=585%2C780&amp;ssl=1 585w, https:\/\/i0.wp.com\/soclose.mx\/blog\/wp-content\/uploads\/2022\/08\/Manuel-Uruchurtu-2.jpg?w=900&amp;ssl=1 900w\" sizes=\"(max-width: 225px) 100vw, 225px\" \/><\/p>\n<p>&nbsp;<\/p>\n","protected":false},"excerpt":{"rendered":"<p>Algunos dicen que el destino de cada uno ya est\u00e1 marcado, otros que son las circunstancias y unos cuantos que es la casualidad la que nos orilla a ciertos pasajes en la vida. Cualquiera de estas hip\u00f3tesis pueden ser ciertas al hablar de Manuel Uruchurtu, el \u00fanico mexicano que viaj\u00f3 a bordo del Titanic y del que todos sabemos su tr\u00e1gica historia. Manuel era oriundo de Hermosillo, Sonora, y hab\u00eda viajado a Europa para visitar a unos amigos y conocer las cortes de Espa\u00f1a. Para su regreso ten\u00eda previsto hacerlo en un barco normal, nada lujoso como el Titanic, pues<\/p>\n","protected":false},"author":9,"featured_media":10907,"comment_status":"open","ping_status":"open","sticky":false,"template":"","format":"standard","meta":{"_jetpack_memberships_contains_paid_content":false,"footnotes":""},"categories":[1778],"tags":[2815,2814,2813,2168],"class_list":["post-10904","post","type-post","status-publish","format-standard","has-post-thumbnail","hentry","category-a-la-mexicana","tag-el-caballero-del-titanic","tag-elizabeth-ramell-nye","tag-manuel-uruchurtu","tag-titanic"],"yoast_head":"<!-- This site is optimized with the Yoast SEO plugin v26.7 - https:\/\/yoast.com\/wordpress\/plugins\/seo\/ -->\n<title>Manuel Uruchurtu, el \u00fanico mexicano en el Titanic - So Close<\/title>\n<meta name=\"robots\" content=\"index, follow, max-snippet:-1, max-image-preview:large, max-video-preview:-1\" \/>\n<link rel=\"canonical\" href=\"https:\/\/soclose.mx\/blog\/tag\/juan-rulfo-frases-mujeres\/\" \/>\n<meta property=\"og:locale\" content=\"es_MX\" \/>\n<meta property=\"og:type\" content=\"article\" \/>\n<meta property=\"og:title\" content=\"Manuel Uruchurtu, el \u00fanico mexicano en el Titanic - So Close\" \/>\n<meta property=\"og:description\" content=\"Algunos dicen que el destino de cada uno ya est\u00e1 marcado, otros que son las circunstancias y unos cuantos que es la casualidad la que nos orilla a ciertos pasajes en la vida. Cualquiera de estas hip\u00f3tesis pueden ser ciertas al hablar de Manuel Uruchurtu, el \u00fanico mexicano que viaj\u00f3 a bordo del Titanic y del que todos sabemos su tr\u00e1gica historia. Manuel era oriundo de Hermosillo, Sonora, y hab\u00eda viajado a Europa para visitar a unos amigos y conocer las cortes de Espa\u00f1a. Para su regreso ten\u00eda previsto hacerlo en un barco normal, nada lujoso como el Titanic, pues\" \/>\n<meta property=\"og:url\" content=\"https:\/\/soclose.mx\/blog\/tag\/juan-rulfo-frases-mujeres\/\" \/>\n<meta property=\"og:site_name\" content=\"So Close\" \/>\n<meta property=\"article:published_time\" content=\"2022-08-12T23:33:28+00:00\" \/>\n<meta property=\"article:modified_time\" content=\"2022-08-12T23:33:42+00:00\" \/>\n<meta property=\"og:image\" content=\"https:\/\/i0.wp.com\/soclose.mx\/blog\/wp-content\/uploads\/2022\/08\/Manuel-Uruchurtu.jpg?fit=674%2C336&ssl=1\" \/>\n\t<meta property=\"og:image:width\" content=\"674\" \/>\n\t<meta property=\"og:image:height\" content=\"336\" \/>\n\t<meta property=\"og:image:type\" content=\"image\/jpeg\" \/>\n<meta name=\"author\" content=\"Daniel Ram\u00edrez\" \/>\n<meta name=\"twitter:card\" content=\"summary_large_image\" \/>\n<meta name=\"twitter:label1\" content=\"Escrito por\" \/>\n\t<meta name=\"twitter:data1\" content=\"Daniel Ram\u00edrez\" \/>\n\t<meta name=\"twitter:label2\" content=\"Tiempo de lectura\" \/>\n\t<meta name=\"twitter:data2\" content=\"3 minutos\" \/>\n<script type=\"application\/ld+json\" class=\"yoast-schema-graph\">{\"@context\":\"https:\/\/schema.org\",\"@graph\":[{\"@type\":\"Article\",\"@id\":\"https:\/\/soclose.mx\/blog\/tag\/juan-rulfo-frases-mujeres\/#article\",\"isPartOf\":{\"@id\":\"https:\/\/soclose.mx\/blog\/tag\/juan-rulfo-frases-mujeres\/\"},\"author\":{\"name\":\"Daniel Ram\u00edrez\",\"@id\":\"https:\/\/soclose.mx\/blog\/#\/schema\/person\/54cd06c3a8cdc01a80c08725278aff88\"},\"headline\":\"Manuel Uruchurtu, el \u00fanico mexicano en el Titanic\",\"datePublished\":\"2022-08-12T23:33:28+00:00\",\"dateModified\":\"2022-08-12T23:33:42+00:00\",\"mainEntityOfPage\":{\"@id\":\"https:\/\/soclose.mx\/blog\/tag\/juan-rulfo-frases-mujeres\/\"},\"wordCount\":404,\"commentCount\":0,\"publisher\":{\"@id\":\"https:\/\/soclose.mx\/blog\/#organization\"},\"image\":{\"@id\":\"https:\/\/soclose.mx\/blog\/tag\/juan-rulfo-frases-mujeres\/#primaryimage\"},\"thumbnailUrl\":\"https:\/\/i0.wp.com\/soclose.mx\/blog\/wp-content\/uploads\/2022\/08\/Manuel-Uruchurtu.jpg?fit=674%2C336&ssl=1\",\"keywords\":[\"El caballero del Titanic.\",\"Elizabeth Ramell Nye.\",\"Manuel Uruchurtu\",\"titanic\"],\"articleSection\":[\"A la mexicana\"],\"inLanguage\":\"es\",\"potentialAction\":[{\"@type\":\"CommentAction\",\"name\":\"Comment\",\"target\":[\"https:\/\/soclose.mx\/blog\/tag\/juan-rulfo-frases-mujeres\/#respond\"]}]},{\"@type\":\"WebPage\",\"@id\":\"https:\/\/soclose.mx\/blog\/tag\/juan-rulfo-frases-mujeres\/\",\"url\":\"https:\/\/soclose.mx\/blog\/tag\/juan-rulfo-frases-mujeres\/\",\"name\":\"Manuel Uruchurtu, el \u00fanico mexicano en el Titanic - So Close\",\"isPartOf\":{\"@id\":\"https:\/\/soclose.mx\/blog\/#website\"},\"primaryImageOfPage\":{\"@id\":\"https:\/\/soclose.mx\/blog\/tag\/juan-rulfo-frases-mujeres\/#primaryimage\"},\"image\":{\"@id\":\"https:\/\/soclose.mx\/blog\/tag\/juan-rulfo-frases-mujeres\/#primaryimage\"},\"thumbnailUrl\":\"https:\/\/i0.wp.com\/soclose.mx\/blog\/wp-content\/uploads\/2022\/08\/Manuel-Uruchurtu.jpg?fit=674%2C336&ssl=1\",\"datePublished\":\"2022-08-12T23:33:28+00:00\",\"dateModified\":\"2022-08-12T23:33:42+00:00\",\"breadcrumb\":{\"@id\":\"https:\/\/soclose.mx\/blog\/tag\/juan-rulfo-frases-mujeres\/#breadcrumb\"},\"inLanguage\":\"es\",\"potentialAction\":[{\"@type\":\"ReadAction\",\"target\":[\"https:\/\/soclose.mx\/blog\/tag\/juan-rulfo-frases-mujeres\/\"]}]},{\"@type\":\"ImageObject\",\"inLanguage\":\"es\",\"@id\":\"https:\/\/soclose.mx\/blog\/tag\/juan-rulfo-frases-mujeres\/#primaryimage\",\"url\":\"https:\/\/i0.wp.com\/soclose.mx\/blog\/wp-content\/uploads\/2022\/08\/Manuel-Uruchurtu.jpg?fit=674%2C336&ssl=1\",\"contentUrl\":\"https:\/\/i0.wp.com\/soclose.mx\/blog\/wp-content\/uploads\/2022\/08\/Manuel-Uruchurtu.jpg?fit=674%2C336&ssl=1\",\"width\":674,\"height\":336},{\"@type\":\"BreadcrumbList\",\"@id\":\"https:\/\/soclose.mx\/blog\/tag\/juan-rulfo-frases-mujeres\/#breadcrumb\",\"itemListElement\":[{\"@type\":\"ListItem\",\"position\":1,\"name\":\"Inicio\",\"item\":\"https:\/\/soclose.mx\/blog\/\"},{\"@type\":\"ListItem\",\"position\":2,\"name\":\"Manuel Uruchurtu, el \u00fanico mexicano en el Titanic\"}]},{\"@type\":\"WebSite\",\"@id\":\"https:\/\/soclose.mx\/blog\/#website\",\"url\":\"https:\/\/soclose.mx\/blog\/\",\"name\":\"So Close\",\"description\":\"Hacemos contenidos de M\u00e9xico\",\"publisher\":{\"@id\":\"https:\/\/soclose.mx\/blog\/#organization\"},\"potentialAction\":[{\"@type\":\"SearchAction\",\"target\":{\"@type\":\"EntryPoint\",\"urlTemplate\":\"https:\/\/soclose.mx\/blog\/?s={search_term_string}\"},\"query-input\":{\"@type\":\"PropertyValueSpecification\",\"valueRequired\":true,\"valueName\":\"search_term_string\"}}],\"inLanguage\":\"es\"},{\"@type\":\"Organization\",\"@id\":\"https:\/\/soclose.mx\/blog\/#organization\",\"name\":\"So Close\",\"url\":\"https:\/\/soclose.mx\/blog\/\",\"logo\":{\"@type\":\"ImageObject\",\"inLanguage\":\"es\",\"@id\":\"https:\/\/soclose.mx\/blog\/#\/schema\/logo\/image\/\",\"url\":\"https:\/\/i0.wp.com\/soclose.mx\/blog\/wp-content\/uploads\/2020\/12\/LOGO_SOCLOSE_COLOR-e1608310133507.png?fit=2858%2C1264&ssl=1\",\"contentUrl\":\"https:\/\/i0.wp.com\/soclose.mx\/blog\/wp-content\/uploads\/2020\/12\/LOGO_SOCLOSE_COLOR-e1608310133507.png?fit=2858%2C1264&ssl=1\",\"width\":2858,\"height\":1264,\"caption\":\"So Close\"},\"image\":{\"@id\":\"https:\/\/soclose.mx\/blog\/#\/schema\/logo\/image\/\"}},{\"@type\":\"Person\",\"@id\":\"https:\/\/soclose.mx\/blog\/#\/schema\/person\/54cd06c3a8cdc01a80c08725278aff88\",\"name\":\"Daniel Ram\u00edrez\",\"image\":{\"@type\":\"ImageObject\",\"inLanguage\":\"es\",\"@id\":\"https:\/\/soclose.mx\/blog\/#\/schema\/person\/image\/\",\"url\":\"https:\/\/secure.gravatar.com\/avatar\/74af6012f2e898d2be93cf32e26b59a2c9489743c9ca6270d7848b44edd7d272?s=96&d=mm&r=g\",\"contentUrl\":\"https:\/\/secure.gravatar.com\/avatar\/74af6012f2e898d2be93cf32e26b59a2c9489743c9ca6270d7848b44edd7d272?s=96&d=mm&r=g\",\"caption\":\"Daniel Ram\u00edrez\"},\"url\":\"https:\/\/soclose.mx\/blog\/author\/peter\/\"}]}<\/script>\n<!-- \/ Yoast SEO plugin. -->","yoast_head_json":{"title":"Manuel Uruchurtu, el \u00fanico mexicano en el Titanic - So Close","robots":{"index":"index","follow":"follow","max-snippet":"max-snippet:-1","max-image-preview":"max-image-preview:large","max-video-preview":"max-video-preview:-1"},"canonical":"https:\/\/soclose.mx\/blog\/tag\/juan-rulfo-frases-mujeres\/","og_locale":"es_MX","og_type":"article","og_title":"Manuel Uruchurtu, el \u00fanico mexicano en el Titanic - So Close","og_description":"Algunos dicen que el destino de cada uno ya est\u00e1 marcado, otros que son las circunstancias y unos cuantos que es la casualidad la que nos orilla a ciertos pasajes en la vida. Cualquiera de estas hip\u00f3tesis pueden ser ciertas al hablar de Manuel Uruchurtu, el \u00fanico mexicano que viaj\u00f3 a bordo del Titanic y del que todos sabemos su tr\u00e1gica historia. Manuel era oriundo de Hermosillo, Sonora, y hab\u00eda viajado a Europa para visitar a unos amigos y conocer las cortes de Espa\u00f1a. Para su regreso ten\u00eda previsto hacerlo en un barco normal, nada lujoso como el Titanic, pues","og_url":"https:\/\/soclose.mx\/blog\/tag\/juan-rulfo-frases-mujeres\/","og_site_name":"So Close","article_published_time":"2022-08-12T23:33:28+00:00","article_modified_time":"2022-08-12T23:33:42+00:00","og_image":[{"width":674,"height":336,"url":"https:\/\/i0.wp.com\/soclose.mx\/blog\/wp-content\/uploads\/2022\/08\/Manuel-Uruchurtu.jpg?fit=674%2C336&ssl=1","type":"image\/jpeg"}],"author":"Daniel Ram\u00edrez","twitter_card":"summary_large_image","twitter_misc":{"Escrito por":"Daniel Ram\u00edrez","Tiempo de lectura":"3 minutos"},"schema":{"@context":"https:\/\/schema.org","@graph":[{"@type":"Article","@id":"https:\/\/soclose.mx\/blog\/tag\/juan-rulfo-frases-mujeres\/#article","isPartOf":{"@id":"https:\/\/soclose.mx\/blog\/tag\/juan-rulfo-frases-mujeres\/"},"author":{"name":"Daniel Ram\u00edrez","@id":"https:\/\/soclose.mx\/blog\/#\/schema\/person\/54cd06c3a8cdc01a80c08725278aff88"},"headline":"Manuel Uruchurtu, el \u00fanico mexicano en el Titanic","datePublished":"2022-08-12T23:33:28+00:00","dateModified":"2022-08-12T23:33:42+00:00","mainEntityOfPage":{"@id":"https:\/\/soclose.mx\/blog\/tag\/juan-rulfo-frases-mujeres\/"},"wordCount":404,"commentCount":0,"publisher":{"@id":"https:\/\/soclose.mx\/blog\/#organization"},"image":{"@id":"https:\/\/soclose.mx\/blog\/tag\/juan-rulfo-frases-mujeres\/#primaryimage"},"thumbnailUrl":"https:\/\/i0.wp.com\/soclose.mx\/blog\/wp-content\/uploads\/2022\/08\/Manuel-Uruchurtu.jpg?fit=674%2C336&ssl=1","keywords":["El caballero del Titanic.","Elizabeth Ramell Nye.","Manuel Uruchurtu","titanic"],"articleSection":["A la mexicana"],"inLanguage":"es","potentialAction":[{"@type":"CommentAction","name":"Comment","target":["https:\/\/soclose.mx\/blog\/tag\/juan-rulfo-frases-mujeres\/#respond"]}]},{"@type":"WebPage","@id":"https:\/\/soclose.mx\/blog\/tag\/juan-rulfo-frases-mujeres\/","url":"https:\/\/soclose.mx\/blog\/tag\/juan-rulfo-frases-mujeres\/","name":"Manuel Uruchurtu, el \u00fanico mexicano en el Titanic - So Close","isPartOf":{"@id":"https:\/\/soclose.mx\/blog\/#website"},"primaryImageOfPage":{"@id":"https:\/\/soclose.mx\/blog\/tag\/juan-rulfo-frases-mujeres\/#primaryimage"},"image":{"@id":"https:\/\/soclose.mx\/blog\/tag\/juan-rulfo-frases-mujeres\/#primaryimage"},"thumbnailUrl":"https:\/\/i0.wp.com\/soclose.mx\/blog\/wp-content\/uploads\/2022\/08\/Manuel-Uruchurtu.jpg?fit=674%2C336&ssl=1","datePublished":"2022-08-12T23:33:28+00:00","dateModified":"2022-08-12T23:33:42+00:00","breadcrumb":{"@id":"https:\/\/soclose.mx\/blog\/tag\/juan-rulfo-frases-mujeres\/#breadcrumb"},"inLanguage":"es","potentialAction":[{"@type":"ReadAction","target":["https:\/\/soclose.mx\/blog\/tag\/juan-rulfo-frases-mujeres\/"]}]},{"@type":"ImageObject","inLanguage":"es","@id":"https:\/\/soclose.mx\/blog\/tag\/juan-rulfo-frases-mujeres\/#primaryimage","url":"https:\/\/i0.wp.com\/soclose.mx\/blog\/wp-content\/uploads\/2022\/08\/Manuel-Uruchurtu.jpg?fit=674%2C336&ssl=1","contentUrl":"https:\/\/i0.wp.com\/soclose.mx\/blog\/wp-content\/uploads\/2022\/08\/Manuel-Uruchurtu.jpg?fit=674%2C336&ssl=1","width":674,"height":336},{"@type":"BreadcrumbList","@id":"https:\/\/soclose.mx\/blog\/tag\/juan-rulfo-frases-mujeres\/#breadcrumb","itemListElement":[{"@type":"ListItem","position":1,"name":"Inicio","item":"https:\/\/soclose.mx\/blog\/"},{"@type":"ListItem","position":2,"name":"Manuel Uruchurtu, el \u00fanico mexicano en el Titanic"}]},{"@type":"WebSite","@id":"https:\/\/soclose.mx\/blog\/#website","url":"https:\/\/soclose.mx\/blog\/","name":"So Close","description":"Hacemos contenidos de M\u00e9xico","publisher":{"@id":"https:\/\/soclose.mx\/blog\/#organization"},"potentialAction":[{"@type":"SearchAction","target":{"@type":"EntryPoint","urlTemplate":"https:\/\/soclose.mx\/blog\/?s={search_term_string}"},"query-input":{"@type":"PropertyValueSpecification","valueRequired":true,"valueName":"search_term_string"}}],"inLanguage":"es"},{"@type":"Organization","@id":"https:\/\/soclose.mx\/blog\/#organization","name":"So Close","url":"https:\/\/soclose.mx\/blog\/","logo":{"@type":"ImageObject","inLanguage":"es","@id":"https:\/\/soclose.mx\/blog\/#\/schema\/logo\/image\/","url":"https:\/\/i0.wp.com\/soclose.mx\/blog\/wp-content\/uploads\/2020\/12\/LOGO_SOCLOSE_COLOR-e1608310133507.png?fit=2858%2C1264&ssl=1","contentUrl":"https:\/\/i0.wp.com\/soclose.mx\/blog\/wp-content\/uploads\/2020\/12\/LOGO_SOCLOSE_COLOR-e1608310133507.png?fit=2858%2C1264&ssl=1","width":2858,"height":1264,"caption":"So Close"},"image":{"@id":"https:\/\/soclose.mx\/blog\/#\/schema\/logo\/image\/"}},{"@type":"Person","@id":"https:\/\/soclose.mx\/blog\/#\/schema\/person\/54cd06c3a8cdc01a80c08725278aff88","name":"Daniel Ram\u00edrez","image":{"@type":"ImageObject","inLanguage":"es","@id":"https:\/\/soclose.mx\/blog\/#\/schema\/person\/image\/","url":"https:\/\/secure.gravatar.com\/avatar\/74af6012f2e898d2be93cf32e26b59a2c9489743c9ca6270d7848b44edd7d272?s=96&d=mm&r=g","contentUrl":"https:\/\/secure.gravatar.com\/avatar\/74af6012f2e898d2be93cf32e26b59a2c9489743c9ca6270d7848b44edd7d272?s=96&d=mm&r=g","caption":"Daniel Ram\u00edrez"},"url":"https:\/\/soclose.mx\/blog\/author\/peter\/"}]}},"jetpack_featured_media_url":"https:\/\/i0.wp.com\/soclose.mx\/blog\/wp-content\/uploads\/2022\/08\/Manuel-Uruchurtu.jpg?fit=674%2C336&ssl=1","jetpack-related-posts":[{"id":10083,"url":"https:\/\/soclose.mx\/blog\/a-la-mexicana\/hollywood-amante-de-mexico-para-sus-peliculas\/","url_meta":{"origin":10904,"position":0},"title":"Hollywood, amante de M\u00e9xico para sus pel\u00edculas","author":"Daniel Ram\u00edrez","date":"3 junio, 2022","format":false,"excerpt":"M\u00e9xico es uno de los pa\u00edses m\u00e1s ricos en cultura, naturaleza, gastronom\u00eda y un sinf\u00edn de caracter\u00edsticas que lo hacen \u00fanico. Es por eso que muchos cineastas han optado por filmar sus pel\u00edculas en nuestro pa\u00eds. Ac\u00e1 te mostramos algunas: 1. Titanic Esta pel\u00edcula del incre\u00edble trasatl\u00e1ntico, fue filmada en\u2026","rel":"","context":"En &quot;A la mexicana&quot;","block_context":{"text":"A la mexicana","link":"https:\/\/soclose.mx\/blog\/category\/a-la-mexicana\/"},"img":{"alt_text":"","src":"https:\/\/i0.wp.com\/soclose.mx\/blog\/wp-content\/uploads\/2022\/06\/Captura-de-Pantalla-2022-06-03-a-las-20.17.50.png?fit=945%2C713&ssl=1&resize=350%2C200","width":350,"height":200,"srcset":"https:\/\/i0.wp.com\/soclose.mx\/blog\/wp-content\/uploads\/2022\/06\/Captura-de-Pantalla-2022-06-03-a-las-20.17.50.png?fit=945%2C713&ssl=1&resize=350%2C200 1x, https:\/\/i0.wp.com\/soclose.mx\/blog\/wp-content\/uploads\/2022\/06\/Captura-de-Pantalla-2022-06-03-a-las-20.17.50.png?fit=945%2C713&ssl=1&resize=525%2C300 1.5x, https:\/\/i0.wp.com\/soclose.mx\/blog\/wp-content\/uploads\/2022\/06\/Captura-de-Pantalla-2022-06-03-a-las-20.17.50.png?fit=945%2C713&ssl=1&resize=700%2C400 2x"},"classes":[]},{"id":14204,"url":"https:\/\/soclose.mx\/blog\/ay-goeeee\/palabras-y-frases-inolvidables-de-amlo-andres-manuel-lopez-obrador\/","url_meta":{"origin":10904,"position":1},"title":"Palabras y frases inolvidables de AMLO, Andr\u00e9s Manuel L\u00f3pez Obrador","author":"So Close","date":"1 octubre, 2024","format":false,"excerpt":"Andr\u00e9s Manuel L\u00f3pez Obrador (AMLO), expresidente de M\u00e9xico, es conocido por su estilo coloquial y su uso de expresiones que resuenan con la cultura popular. A continuaci\u00f3n, exploramos algunas de las palabras y frases inolvidables de AMLO que ha utilizado a lo largo de su carrera pol\u00edtica, las cuales han\u2026","rel":"","context":"En &quot;\u00a1Ay goeeee!&quot;","block_context":{"text":"\u00a1Ay goeeee!","link":"https:\/\/soclose.mx\/blog\/category\/ay-goeeee\/"},"img":{"alt_text":"AMLO, Andr\u00e9s Manuel L\u00f3pez Obrador","src":"https:\/\/i0.wp.com\/soclose.mx\/blog\/wp-content\/uploads\/2024\/10\/Fotos-notas-So-Close-home-5.jpg?fit=1200%2C675&ssl=1&resize=350%2C200","width":350,"height":200,"srcset":"https:\/\/i0.wp.com\/soclose.mx\/blog\/wp-content\/uploads\/2024\/10\/Fotos-notas-So-Close-home-5.jpg?fit=1200%2C675&ssl=1&resize=350%2C200 1x, https:\/\/i0.wp.com\/soclose.mx\/blog\/wp-content\/uploads\/2024\/10\/Fotos-notas-So-Close-home-5.jpg?fit=1200%2C675&ssl=1&resize=525%2C300 1.5x, https:\/\/i0.wp.com\/soclose.mx\/blog\/wp-content\/uploads\/2024\/10\/Fotos-notas-So-Close-home-5.jpg?fit=1200%2C675&ssl=1&resize=700%2C400 2x, https:\/\/i0.wp.com\/soclose.mx\/blog\/wp-content\/uploads\/2024\/10\/Fotos-notas-So-Close-home-5.jpg?fit=1200%2C675&ssl=1&resize=1050%2C600 3x"},"classes":[]},{"id":8504,"url":"https:\/\/soclose.mx\/blog\/ay-goeeee\/ella-es-melissa-barrera-la-mexicana-que-protagoniza-scream-5\/","url_meta":{"origin":10904,"position":2},"title":"Ella es Melissa Barrera, la mexicana que protagoniza Scream 5","author":"Miguel Angel Romero","date":"14 enero, 2022","format":false,"excerpt":"Scream es una de las sagas de terror m\u00e1s populares en la historia del cine, y la quinta entrega de la franquicia cuenta con la presencia de la actriz mexicana Melissa Barrera. Melissa Barrera Mart\u00ednez naci\u00f3 el 4 de julio de 1990, en Monterrey, Nuevo Le\u00f3n donde estudi\u00f3 en la\u2026","rel":"","context":"En &quot;\u00a1Ay goeeee!&quot;","block_context":{"text":"\u00a1Ay goeeee!","link":"https:\/\/soclose.mx\/blog\/category\/ay-goeeee\/"},"img":{"alt_text":"","src":"https:\/\/i0.wp.com\/soclose.mx\/blog\/wp-content\/uploads\/2022\/01\/Copia-de-Principal-So-Close-blog-2-7.png?fit=1200%2C677&ssl=1&resize=350%2C200","width":350,"height":200,"srcset":"https:\/\/i0.wp.com\/soclose.mx\/blog\/wp-content\/uploads\/2022\/01\/Copia-de-Principal-So-Close-blog-2-7.png?fit=1200%2C677&ssl=1&resize=350%2C200 1x, https:\/\/i0.wp.com\/soclose.mx\/blog\/wp-content\/uploads\/2022\/01\/Copia-de-Principal-So-Close-blog-2-7.png?fit=1200%2C677&ssl=1&resize=525%2C300 1.5x, https:\/\/i0.wp.com\/soclose.mx\/blog\/wp-content\/uploads\/2022\/01\/Copia-de-Principal-So-Close-blog-2-7.png?fit=1200%2C677&ssl=1&resize=700%2C400 2x, https:\/\/i0.wp.com\/soclose.mx\/blog\/wp-content\/uploads\/2022\/01\/Copia-de-Principal-So-Close-blog-2-7.png?fit=1200%2C677&ssl=1&resize=1050%2C600 3x"},"classes":[]},{"id":13878,"url":"https:\/\/soclose.mx\/blog\/seleccion-mexicana\/marco-verde-el-boxeador-mexicano-hecho-de-metal-olimpico\/","url_meta":{"origin":10904,"position":3},"title":"Marco Verde: el boxeador mexicano hecho de metal ol\u00edmpico","author":"So Close","date":"6 agosto, 2024","format":false,"excerpt":"Marco Alonso Verde \u00c1lvarez es un joven boxeador mexicano que ha cautivado al p\u00fablico con su talento y determinaci\u00f3n en el ring. Nacido en Mazatl\u00e1n, Sinaloa, el 11 de febrero de 2002, Marco ha demostrado desde temprana edad una pasi\u00f3n por el boxeo, siguiendo los pasos de su padre, Manuel\u2026","rel":"","context":"En &quot;Selecci\u00f3n mexicana&quot;","block_context":{"text":"Selecci\u00f3n mexicana","link":"https:\/\/soclose.mx\/blog\/category\/seleccion-mexicana\/"},"img":{"alt_text":"Marco Verde, boxeador mexicano","src":"https:\/\/i0.wp.com\/soclose.mx\/blog\/wp-content\/uploads\/2024\/08\/Screen-Shot-2024-08-06-at-19.53.03.jpg?fit=668%2C696&ssl=1&resize=350%2C200","width":350,"height":200,"srcset":"https:\/\/i0.wp.com\/soclose.mx\/blog\/wp-content\/uploads\/2024\/08\/Screen-Shot-2024-08-06-at-19.53.03.jpg?fit=668%2C696&ssl=1&resize=350%2C200 1x, https:\/\/i0.wp.com\/soclose.mx\/blog\/wp-content\/uploads\/2024\/08\/Screen-Shot-2024-08-06-at-19.53.03.jpg?fit=668%2C696&ssl=1&resize=525%2C300 1.5x"},"classes":[]},{"id":10465,"url":"https:\/\/soclose.mx\/blog\/ay-goeeee\/joven-mexicano-pone-a-la-venta-coleccion-de-hot-wheels-para-pagar-su-boda\/","url_meta":{"origin":10904,"position":4},"title":"Joven mexicano pone a la venta colecci\u00f3n de Hot Wheels para pagar su boda","author":"Daniel Ram\u00edrez","date":"2 julio, 2022","format":false,"excerpt":"Dicen por ah\u00ed que el amor es sincero, natural, pero a veces hay que hacer sacrificios por \u00e9l. Como el que hizo un joven mexicano para poder pagar su boda y llevar al altar a su mujer como dios manda. Manuel Tajiboy puso en venta su colecci\u00f3n de Hot Wheels\u2026","rel":"","context":"En &quot;\u00a1Ay goeeee!&quot;","block_context":{"text":"\u00a1Ay goeeee!","link":"https:\/\/soclose.mx\/blog\/category\/ay-goeeee\/"},"img":{"alt_text":"","src":"https:\/\/i0.wp.com\/soclose.mx\/blog\/wp-content\/uploads\/2022\/07\/hotwheels.jpg?fit=751%2C497&ssl=1&resize=350%2C200","width":350,"height":200,"srcset":"https:\/\/i0.wp.com\/soclose.mx\/blog\/wp-content\/uploads\/2022\/07\/hotwheels.jpg?fit=751%2C497&ssl=1&resize=350%2C200 1x, https:\/\/i0.wp.com\/soclose.mx\/blog\/wp-content\/uploads\/2022\/07\/hotwheels.jpg?fit=751%2C497&ssl=1&resize=525%2C300 1.5x, https:\/\/i0.wp.com\/soclose.mx\/blog\/wp-content\/uploads\/2022\/07\/hotwheels.jpg?fit=751%2C497&ssl=1&resize=700%2C400 2x"},"classes":[]},{"id":13968,"url":"https:\/\/soclose.mx\/blog\/a-la-mexicana\/las-frases-mas-populares-de-amlo-andres-manuel-lopez-obrador\/","url_meta":{"origin":10904,"position":5},"title":"Las Frases M\u00e1s Populares de AMLO, Andr\u00e9s Manuel L\u00f3pez Obrador","author":"So Close","date":"30 agosto, 2024","format":false,"excerpt":"Andr\u00e9s Manuel L\u00f3pez Obrador (AMLO), presidente de M\u00e9xico de 2018 a 2024, es un personaje polarizante y carism\u00e1tico en la pol\u00edtica mexicana. Su estilo directo y coloquial ha resonado en la poblaci\u00f3n, convirtiendo muchas de sus frases en parte del discurso cotidiano. A continuaci\u00f3n, exploramos algunas de las frases m\u00e1s\u2026","rel":"","context":"En &quot;A la mexicana&quot;","block_context":{"text":"A la mexicana","link":"https:\/\/soclose.mx\/blog\/category\/a-la-mexicana\/"},"img":{"alt_text":"Presidente AMLO, Andr\u00e9s Manuel L\u00f3pez Obrador","src":"https:\/\/i0.wp.com\/soclose.mx\/blog\/wp-content\/uploads\/2024\/08\/amlo.jpg?fit=1200%2C800&ssl=1&resize=350%2C200","width":350,"height":200,"srcset":"https:\/\/i0.wp.com\/soclose.mx\/blog\/wp-content\/uploads\/2024\/08\/amlo.jpg?fit=1200%2C800&ssl=1&resize=350%2C200 1x, https:\/\/i0.wp.com\/soclose.mx\/blog\/wp-content\/uploads\/2024\/08\/amlo.jpg?fit=1200%2C800&ssl=1&resize=525%2C300 1.5x, https:\/\/i0.wp.com\/soclose.mx\/blog\/wp-content\/uploads\/2024\/08\/amlo.jpg?fit=1200%2C800&ssl=1&resize=700%2C400 2x, https:\/\/i0.wp.com\/soclose.mx\/blog\/wp-content\/uploads\/2024\/08\/amlo.jpg?fit=1200%2C800&ssl=1&resize=1050%2C600 3x"},"classes":[]}],"jetpack_sharing_enabled":true,"_links":{"self":[{"href":"https:\/\/soclose.mx\/blog\/wp-json\/wp\/v2\/posts\/10904","targetHints":{"allow":["GET"]}}],"collection":[{"href":"https:\/\/soclose.mx\/blog\/wp-json\/wp\/v2\/posts"}],"about":[{"href":"https:\/\/soclose.mx\/blog\/wp-json\/wp\/v2\/types\/post"}],"author":[{"embeddable":true,"href":"https:\/\/soclose.mx\/blog\/wp-json\/wp\/v2\/users\/9"}],"replies":[{"embeddable":true,"href":"https:\/\/soclose.mx\/blog\/wp-json\/wp\/v2\/comments?post=10904"}],"version-history":[{"count":0,"href":"https:\/\/soclose.mx\/blog\/wp-json\/wp\/v2\/posts\/10904\/revisions"}],"wp:featuredmedia":[{"embeddable":true,"href":"https:\/\/soclose.mx\/blog\/wp-json\/wp\/v2\/media\/10907"}],"wp:attachment":[{"href":"https:\/\/soclose.mx\/blog\/wp-json\/wp\/v2\/media?parent=10904"}],"wp:term":[{"taxonomy":"category","embeddable":true,"href":"https:\/\/soclose.mx\/blog\/wp-json\/wp\/v2\/categories?post=10904"},{"taxonomy":"post_tag","embeddable":true,"href":"https:\/\/soclose.mx\/blog\/wp-json\/wp\/v2\/tags?post=10904"}],"curies":[{"name":"wp","href":"https:\/\/api.w.org\/{rel}","templated":true}]}}