{"id":10949,"date":"2022-08-17T19:56:38","date_gmt":"2022-08-18T00:56:38","guid":{"rendered":"https:\/\/soclose.mx\/blog\/?p=10949"},"modified":"2022-12-12T11:36:24","modified_gmt":"2022-12-12T17:36:24","slug":"a-un-siglo-del-nacimiento-del-muralismo-mexicano-la-exposicion-digital-sobre-este-movimiento","status":"publish","type":"post","link":"https:\/\/soclose.mx\/blog\/para-todos\/a-un-siglo-del-nacimiento-del-muralismo-mexicano-la-exposicion-digital-sobre-este-movimiento\/","title":{"rendered":"&#8220;A un siglo del nacimiento del muralismo mexicano&#8221;, la exposici\u00f3n digital sobre este movimiento"},"content":{"rendered":"<p><strong>Jos\u00e9 Clemente Orozco, Diego Rivera y David Alfaro Siqueiros<\/strong>, consolidaron el muralismo mexicano, uno de los movimientos art\u00edsticos m\u00e1s importantes en la historia de nuestro pa\u00eds.<\/p>\n<p>Se caracteriz\u00f3 por plasmar la identidad nacional en los espacios p\u00fablicos a trav\u00e9s de las pinturas de los idealistas de la \u00e9poca, para ponerlos al alcance de la gente y sacarlos de lugares inaccesibles.<\/p>\n<p>Por esa raz\u00f3n y para festejar los 100 a\u00f1os de historia, el repositorio Mem\u00f3rica expone una muestra digital llamada &#8220;A un siglo del nacimiento del muralismo mexicano&#8221;.<\/p>\n<p>En la exposici\u00f3n permanente se aprecian los trabajos de Roberto Montenegro, Jean Charlot, Amado de la Cueva, Ram\u00f3n Alva de la Canal, Ferm\u00edn Revueltas, entre otros artistas.<\/p>\n<p>Adem\u00e1s, ofrece un apartado especial sobre Orozco, Rivera y Siqueiros, en el que se repasan momentos de sus vidas y sus obras m\u00e1s representativas.<\/p>\n<p>Checa la galer\u00eda: <a href=\"https:\/\/memoricamexico.gob.mx\/es\/memorica\/Muralismo_mexicano\">https:\/\/memoricamexico.gob.mx\/es\/memorica\/Muralismo_mexicano<\/a><\/p>\n","protected":false},"excerpt":{"rendered":"<p>Jos\u00e9 Clemente Orozco, Diego Rivera y David Alfaro Siqueiros, consolidaron el muralismo mexicano, uno de los movimientos art\u00edsticos m\u00e1s importantes en la historia de nuestro pa\u00eds. Se caracteriz\u00f3 por plasmar la identidad nacional en los espacios p\u00fablicos a trav\u00e9s de las pinturas de los idealistas de la \u00e9poca, para ponerlos al alcance de la gente y sacarlos de lugares inaccesibles. Por esa raz\u00f3n y para festejar los 100 a\u00f1os de historia, el repositorio Mem\u00f3rica expone una muestra digital llamada &#8220;A un siglo del nacimiento del muralismo mexicano&#8221;. En la exposici\u00f3n permanente se aprecian los trabajos de Roberto Montenegro, Jean Charlot,<\/p>\n","protected":false},"author":9,"featured_media":10951,"comment_status":"open","ping_status":"open","sticky":false,"template":"","format":"standard","meta":{"_jetpack_memberships_contains_paid_content":false,"footnotes":""},"categories":[1674],"tags":[2859,126,2861,2015,2857,2860,2858,2232],"class_list":["post-10949","post","type-post","status-publish","format-standard","has-post-thumbnail","hentry","category-para-todos","tag-david-alfaro-siqueiros","tag-diego-rivera","tag-galeria-digital","tag-gobierno-de-la-cdmx","tag-jose-clemente-orozco","tag-memorica","tag-muralismo-mexicano","tag-so-close"],"yoast_head":"<!-- This site is optimized with the Yoast SEO plugin v26.7 - https:\/\/yoast.com\/wordpress\/plugins\/seo\/ -->\n<title>&quot;A un siglo del nacimiento del muralismo mexicano&quot;, la exposici\u00f3n digital sobre este movimiento - So Close<\/title>\n<meta name=\"robots\" content=\"index, follow, max-snippet:-1, max-image-preview:large, max-video-preview:-1\" \/>\n<link rel=\"canonical\" href=\"https:\/\/soclose.mx\/blog\/tag\/juan-rulfo-frases-mujeres\/\" \/>\n<meta property=\"og:locale\" content=\"es_MX\" \/>\n<meta property=\"og:type\" content=\"article\" \/>\n<meta property=\"og:title\" content=\"&quot;A un siglo del nacimiento del muralismo mexicano&quot;, la exposici\u00f3n digital sobre este movimiento - So Close\" \/>\n<meta property=\"og:description\" content=\"Jos\u00e9 Clemente Orozco, Diego Rivera y David Alfaro Siqueiros, consolidaron el muralismo mexicano, uno de los movimientos art\u00edsticos m\u00e1s importantes en la historia de nuestro pa\u00eds. Se caracteriz\u00f3 por plasmar la identidad nacional en los espacios p\u00fablicos a trav\u00e9s de las pinturas de los idealistas de la \u00e9poca, para ponerlos al alcance de la gente y sacarlos de lugares inaccesibles. Por esa raz\u00f3n y para festejar los 100 a\u00f1os de historia, el repositorio Mem\u00f3rica expone una muestra digital llamada &#8220;A un siglo del nacimiento del muralismo mexicano&#8221;. En la exposici\u00f3n permanente se aprecian los trabajos de Roberto Montenegro, Jean Charlot,\" \/>\n<meta property=\"og:url\" content=\"https:\/\/soclose.mx\/blog\/tag\/juan-rulfo-frases-mujeres\/\" \/>\n<meta property=\"og:site_name\" content=\"So Close\" \/>\n<meta property=\"article:published_time\" content=\"2022-08-18T00:56:38+00:00\" \/>\n<meta property=\"article:modified_time\" content=\"2022-12-12T17:36:24+00:00\" \/>\n<meta property=\"og:image\" content=\"https:\/\/i0.wp.com\/soclose.mx\/blog\/wp-content\/uploads\/2022\/08\/muralismo-1.jpg?fit=1621%2C799&ssl=1\" \/>\n\t<meta property=\"og:image:width\" content=\"1621\" \/>\n\t<meta property=\"og:image:height\" content=\"799\" \/>\n\t<meta property=\"og:image:type\" content=\"image\/jpeg\" \/>\n<meta name=\"author\" content=\"Daniel Ram\u00edrez\" \/>\n<meta name=\"twitter:card\" content=\"summary_large_image\" \/>\n<meta name=\"twitter:label1\" content=\"Escrito por\" \/>\n\t<meta name=\"twitter:data1\" content=\"Daniel Ram\u00edrez\" \/>\n\t<meta name=\"twitter:label2\" content=\"Tiempo de lectura\" \/>\n\t<meta name=\"twitter:data2\" content=\"1 minuto\" \/>\n<script type=\"application\/ld+json\" class=\"yoast-schema-graph\">{\"@context\":\"https:\/\/schema.org\",\"@graph\":[{\"@type\":\"Article\",\"@id\":\"https:\/\/soclose.mx\/blog\/tag\/juan-rulfo-frases-mujeres\/#article\",\"isPartOf\":{\"@id\":\"https:\/\/soclose.mx\/blog\/tag\/juan-rulfo-frases-mujeres\/\"},\"author\":{\"name\":\"Daniel Ram\u00edrez\",\"@id\":\"https:\/\/soclose.mx\/blog\/#\/schema\/person\/54cd06c3a8cdc01a80c08725278aff88\"},\"headline\":\"&#8220;A un siglo del nacimiento del muralismo mexicano&#8221;, la exposici\u00f3n digital sobre este movimiento\",\"datePublished\":\"2022-08-18T00:56:38+00:00\",\"dateModified\":\"2022-12-12T17:36:24+00:00\",\"mainEntityOfPage\":{\"@id\":\"https:\/\/soclose.mx\/blog\/tag\/juan-rulfo-frases-mujeres\/\"},\"wordCount\":177,\"commentCount\":0,\"publisher\":{\"@id\":\"https:\/\/soclose.mx\/blog\/#organization\"},\"image\":{\"@id\":\"https:\/\/soclose.mx\/blog\/tag\/juan-rulfo-frases-mujeres\/#primaryimage\"},\"thumbnailUrl\":\"https:\/\/i0.wp.com\/soclose.mx\/blog\/wp-content\/uploads\/2022\/08\/muralismo-1.jpg?fit=1621%2C799&ssl=1\",\"keywords\":[\"david alfaro siqueiros\",\"diego rivera\",\"galeria digital\",\"gobierno de la cdmx\",\"Jos\u00e9 Clemente Orozco\",\"memorica\",\"muralismo mexicano\",\"so close\"],\"articleSection\":[\"Para todos\"],\"inLanguage\":\"es\",\"potentialAction\":[{\"@type\":\"CommentAction\",\"name\":\"Comment\",\"target\":[\"https:\/\/soclose.mx\/blog\/tag\/juan-rulfo-frases-mujeres\/#respond\"]}]},{\"@type\":\"WebPage\",\"@id\":\"https:\/\/soclose.mx\/blog\/tag\/juan-rulfo-frases-mujeres\/\",\"url\":\"https:\/\/soclose.mx\/blog\/tag\/juan-rulfo-frases-mujeres\/\",\"name\":\"\\\"A un siglo del nacimiento del muralismo mexicano\\\", la exposici\u00f3n digital sobre este movimiento - So Close\",\"isPartOf\":{\"@id\":\"https:\/\/soclose.mx\/blog\/#website\"},\"primaryImageOfPage\":{\"@id\":\"https:\/\/soclose.mx\/blog\/tag\/juan-rulfo-frases-mujeres\/#primaryimage\"},\"image\":{\"@id\":\"https:\/\/soclose.mx\/blog\/tag\/juan-rulfo-frases-mujeres\/#primaryimage\"},\"thumbnailUrl\":\"https:\/\/i0.wp.com\/soclose.mx\/blog\/wp-content\/uploads\/2022\/08\/muralismo-1.jpg?fit=1621%2C799&ssl=1\",\"datePublished\":\"2022-08-18T00:56:38+00:00\",\"dateModified\":\"2022-12-12T17:36:24+00:00\",\"breadcrumb\":{\"@id\":\"https:\/\/soclose.mx\/blog\/tag\/juan-rulfo-frases-mujeres\/#breadcrumb\"},\"inLanguage\":\"es\",\"potentialAction\":[{\"@type\":\"ReadAction\",\"target\":[\"https:\/\/soclose.mx\/blog\/tag\/juan-rulfo-frases-mujeres\/\"]}]},{\"@type\":\"ImageObject\",\"inLanguage\":\"es\",\"@id\":\"https:\/\/soclose.mx\/blog\/tag\/juan-rulfo-frases-mujeres\/#primaryimage\",\"url\":\"https:\/\/i0.wp.com\/soclose.mx\/blog\/wp-content\/uploads\/2022\/08\/muralismo-1.jpg?fit=1621%2C799&ssl=1\",\"contentUrl\":\"https:\/\/i0.wp.com\/soclose.mx\/blog\/wp-content\/uploads\/2022\/08\/muralismo-1.jpg?fit=1621%2C799&ssl=1\",\"width\":1621,\"height\":799},{\"@type\":\"BreadcrumbList\",\"@id\":\"https:\/\/soclose.mx\/blog\/tag\/juan-rulfo-frases-mujeres\/#breadcrumb\",\"itemListElement\":[{\"@type\":\"ListItem\",\"position\":1,\"name\":\"Inicio\",\"item\":\"https:\/\/soclose.mx\/blog\/\"},{\"@type\":\"ListItem\",\"position\":2,\"name\":\"&#8220;A un siglo del nacimiento del muralismo mexicano&#8221;, la exposici\u00f3n digital sobre este movimiento\"}]},{\"@type\":\"WebSite\",\"@id\":\"https:\/\/soclose.mx\/blog\/#website\",\"url\":\"https:\/\/soclose.mx\/blog\/\",\"name\":\"So Close\",\"description\":\"Hacemos contenidos de M\u00e9xico\",\"publisher\":{\"@id\":\"https:\/\/soclose.mx\/blog\/#organization\"},\"potentialAction\":[{\"@type\":\"SearchAction\",\"target\":{\"@type\":\"EntryPoint\",\"urlTemplate\":\"https:\/\/soclose.mx\/blog\/?s={search_term_string}\"},\"query-input\":{\"@type\":\"PropertyValueSpecification\",\"valueRequired\":true,\"valueName\":\"search_term_string\"}}],\"inLanguage\":\"es\"},{\"@type\":\"Organization\",\"@id\":\"https:\/\/soclose.mx\/blog\/#organization\",\"name\":\"So Close\",\"url\":\"https:\/\/soclose.mx\/blog\/\",\"logo\":{\"@type\":\"ImageObject\",\"inLanguage\":\"es\",\"@id\":\"https:\/\/soclose.mx\/blog\/#\/schema\/logo\/image\/\",\"url\":\"https:\/\/i0.wp.com\/soclose.mx\/blog\/wp-content\/uploads\/2020\/12\/LOGO_SOCLOSE_COLOR-e1608310133507.png?fit=2858%2C1264&ssl=1\",\"contentUrl\":\"https:\/\/i0.wp.com\/soclose.mx\/blog\/wp-content\/uploads\/2020\/12\/LOGO_SOCLOSE_COLOR-e1608310133507.png?fit=2858%2C1264&ssl=1\",\"width\":2858,\"height\":1264,\"caption\":\"So Close\"},\"image\":{\"@id\":\"https:\/\/soclose.mx\/blog\/#\/schema\/logo\/image\/\"}},{\"@type\":\"Person\",\"@id\":\"https:\/\/soclose.mx\/blog\/#\/schema\/person\/54cd06c3a8cdc01a80c08725278aff88\",\"name\":\"Daniel Ram\u00edrez\",\"image\":{\"@type\":\"ImageObject\",\"inLanguage\":\"es\",\"@id\":\"https:\/\/soclose.mx\/blog\/#\/schema\/person\/image\/\",\"url\":\"https:\/\/secure.gravatar.com\/avatar\/74af6012f2e898d2be93cf32e26b59a2c9489743c9ca6270d7848b44edd7d272?s=96&d=mm&r=g\",\"contentUrl\":\"https:\/\/secure.gravatar.com\/avatar\/74af6012f2e898d2be93cf32e26b59a2c9489743c9ca6270d7848b44edd7d272?s=96&d=mm&r=g\",\"caption\":\"Daniel Ram\u00edrez\"},\"url\":\"https:\/\/soclose.mx\/blog\/author\/peter\/\"}]}<\/script>\n<!-- \/ Yoast SEO plugin. -->","yoast_head_json":{"title":"\"A un siglo del nacimiento del muralismo mexicano\", la exposici\u00f3n digital sobre este movimiento - So Close","robots":{"index":"index","follow":"follow","max-snippet":"max-snippet:-1","max-image-preview":"max-image-preview:large","max-video-preview":"max-video-preview:-1"},"canonical":"https:\/\/soclose.mx\/blog\/tag\/juan-rulfo-frases-mujeres\/","og_locale":"es_MX","og_type":"article","og_title":"\"A un siglo del nacimiento del muralismo mexicano\", la exposici\u00f3n digital sobre este movimiento - So Close","og_description":"Jos\u00e9 Clemente Orozco, Diego Rivera y David Alfaro Siqueiros, consolidaron el muralismo mexicano, uno de los movimientos art\u00edsticos m\u00e1s importantes en la historia de nuestro pa\u00eds. Se caracteriz\u00f3 por plasmar la identidad nacional en los espacios p\u00fablicos a trav\u00e9s de las pinturas de los idealistas de la \u00e9poca, para ponerlos al alcance de la gente y sacarlos de lugares inaccesibles. Por esa raz\u00f3n y para festejar los 100 a\u00f1os de historia, el repositorio Mem\u00f3rica expone una muestra digital llamada &#8220;A un siglo del nacimiento del muralismo mexicano&#8221;. En la exposici\u00f3n permanente se aprecian los trabajos de Roberto Montenegro, Jean Charlot,","og_url":"https:\/\/soclose.mx\/blog\/tag\/juan-rulfo-frases-mujeres\/","og_site_name":"So Close","article_published_time":"2022-08-18T00:56:38+00:00","article_modified_time":"2022-12-12T17:36:24+00:00","og_image":[{"width":1621,"height":799,"url":"https:\/\/i0.wp.com\/soclose.mx\/blog\/wp-content\/uploads\/2022\/08\/muralismo-1.jpg?fit=1621%2C799&ssl=1","type":"image\/jpeg"}],"author":"Daniel Ram\u00edrez","twitter_card":"summary_large_image","twitter_misc":{"Escrito por":"Daniel Ram\u00edrez","Tiempo de lectura":"1 minuto"},"schema":{"@context":"https:\/\/schema.org","@graph":[{"@type":"Article","@id":"https:\/\/soclose.mx\/blog\/tag\/juan-rulfo-frases-mujeres\/#article","isPartOf":{"@id":"https:\/\/soclose.mx\/blog\/tag\/juan-rulfo-frases-mujeres\/"},"author":{"name":"Daniel Ram\u00edrez","@id":"https:\/\/soclose.mx\/blog\/#\/schema\/person\/54cd06c3a8cdc01a80c08725278aff88"},"headline":"&#8220;A un siglo del nacimiento del muralismo mexicano&#8221;, la exposici\u00f3n digital sobre este movimiento","datePublished":"2022-08-18T00:56:38+00:00","dateModified":"2022-12-12T17:36:24+00:00","mainEntityOfPage":{"@id":"https:\/\/soclose.mx\/blog\/tag\/juan-rulfo-frases-mujeres\/"},"wordCount":177,"commentCount":0,"publisher":{"@id":"https:\/\/soclose.mx\/blog\/#organization"},"image":{"@id":"https:\/\/soclose.mx\/blog\/tag\/juan-rulfo-frases-mujeres\/#primaryimage"},"thumbnailUrl":"https:\/\/i0.wp.com\/soclose.mx\/blog\/wp-content\/uploads\/2022\/08\/muralismo-1.jpg?fit=1621%2C799&ssl=1","keywords":["david alfaro siqueiros","diego rivera","galeria digital","gobierno de la cdmx","Jos\u00e9 Clemente Orozco","memorica","muralismo mexicano","so close"],"articleSection":["Para todos"],"inLanguage":"es","potentialAction":[{"@type":"CommentAction","name":"Comment","target":["https:\/\/soclose.mx\/blog\/tag\/juan-rulfo-frases-mujeres\/#respond"]}]},{"@type":"WebPage","@id":"https:\/\/soclose.mx\/blog\/tag\/juan-rulfo-frases-mujeres\/","url":"https:\/\/soclose.mx\/blog\/tag\/juan-rulfo-frases-mujeres\/","name":"\"A un siglo del nacimiento del muralismo mexicano\", la exposici\u00f3n digital sobre este movimiento - So Close","isPartOf":{"@id":"https:\/\/soclose.mx\/blog\/#website"},"primaryImageOfPage":{"@id":"https:\/\/soclose.mx\/blog\/tag\/juan-rulfo-frases-mujeres\/#primaryimage"},"image":{"@id":"https:\/\/soclose.mx\/blog\/tag\/juan-rulfo-frases-mujeres\/#primaryimage"},"thumbnailUrl":"https:\/\/i0.wp.com\/soclose.mx\/blog\/wp-content\/uploads\/2022\/08\/muralismo-1.jpg?fit=1621%2C799&ssl=1","datePublished":"2022-08-18T00:56:38+00:00","dateModified":"2022-12-12T17:36:24+00:00","breadcrumb":{"@id":"https:\/\/soclose.mx\/blog\/tag\/juan-rulfo-frases-mujeres\/#breadcrumb"},"inLanguage":"es","potentialAction":[{"@type":"ReadAction","target":["https:\/\/soclose.mx\/blog\/tag\/juan-rulfo-frases-mujeres\/"]}]},{"@type":"ImageObject","inLanguage":"es","@id":"https:\/\/soclose.mx\/blog\/tag\/juan-rulfo-frases-mujeres\/#primaryimage","url":"https:\/\/i0.wp.com\/soclose.mx\/blog\/wp-content\/uploads\/2022\/08\/muralismo-1.jpg?fit=1621%2C799&ssl=1","contentUrl":"https:\/\/i0.wp.com\/soclose.mx\/blog\/wp-content\/uploads\/2022\/08\/muralismo-1.jpg?fit=1621%2C799&ssl=1","width":1621,"height":799},{"@type":"BreadcrumbList","@id":"https:\/\/soclose.mx\/blog\/tag\/juan-rulfo-frases-mujeres\/#breadcrumb","itemListElement":[{"@type":"ListItem","position":1,"name":"Inicio","item":"https:\/\/soclose.mx\/blog\/"},{"@type":"ListItem","position":2,"name":"&#8220;A un siglo del nacimiento del muralismo mexicano&#8221;, la exposici\u00f3n digital sobre este movimiento"}]},{"@type":"WebSite","@id":"https:\/\/soclose.mx\/blog\/#website","url":"https:\/\/soclose.mx\/blog\/","name":"So Close","description":"Hacemos contenidos de M\u00e9xico","publisher":{"@id":"https:\/\/soclose.mx\/blog\/#organization"},"potentialAction":[{"@type":"SearchAction","target":{"@type":"EntryPoint","urlTemplate":"https:\/\/soclose.mx\/blog\/?s={search_term_string}"},"query-input":{"@type":"PropertyValueSpecification","valueRequired":true,"valueName":"search_term_string"}}],"inLanguage":"es"},{"@type":"Organization","@id":"https:\/\/soclose.mx\/blog\/#organization","name":"So Close","url":"https:\/\/soclose.mx\/blog\/","logo":{"@type":"ImageObject","inLanguage":"es","@id":"https:\/\/soclose.mx\/blog\/#\/schema\/logo\/image\/","url":"https:\/\/i0.wp.com\/soclose.mx\/blog\/wp-content\/uploads\/2020\/12\/LOGO_SOCLOSE_COLOR-e1608310133507.png?fit=2858%2C1264&ssl=1","contentUrl":"https:\/\/i0.wp.com\/soclose.mx\/blog\/wp-content\/uploads\/2020\/12\/LOGO_SOCLOSE_COLOR-e1608310133507.png?fit=2858%2C1264&ssl=1","width":2858,"height":1264,"caption":"So Close"},"image":{"@id":"https:\/\/soclose.mx\/blog\/#\/schema\/logo\/image\/"}},{"@type":"Person","@id":"https:\/\/soclose.mx\/blog\/#\/schema\/person\/54cd06c3a8cdc01a80c08725278aff88","name":"Daniel Ram\u00edrez","image":{"@type":"ImageObject","inLanguage":"es","@id":"https:\/\/soclose.mx\/blog\/#\/schema\/person\/image\/","url":"https:\/\/secure.gravatar.com\/avatar\/74af6012f2e898d2be93cf32e26b59a2c9489743c9ca6270d7848b44edd7d272?s=96&d=mm&r=g","contentUrl":"https:\/\/secure.gravatar.com\/avatar\/74af6012f2e898d2be93cf32e26b59a2c9489743c9ca6270d7848b44edd7d272?s=96&d=mm&r=g","caption":"Daniel Ram\u00edrez"},"url":"https:\/\/soclose.mx\/blog\/author\/peter\/"}]}},"jetpack_featured_media_url":"https:\/\/i0.wp.com\/soclose.mx\/blog\/wp-content\/uploads\/2022\/08\/muralismo-1.jpg?fit=1621%2C799&ssl=1","jetpack-related-posts":[{"id":6489,"url":"https:\/\/soclose.mx\/blog\/ay-goeeee\/coatlicue-la-musa-de-artistas-mexicanos-en-el-siglo-xx\/","url_meta":{"origin":10949,"position":0},"title":"Coatlicue, la musa de artistas mexicanos en el siglo XX","author":"So Close","date":"7 julio, 2021","format":false,"excerpt":"De acuerdo con el arque\u00f3logo Leonardo L\u00f3pez Luj\u00e1n, la diosa-madre de la tierra \"Coatlicue\" en la pl\u00e1stica mexicana, en el siglo XX, fue una musa para su arte, muestra de ello comienza con el lienzo Nuestros Dioses Antiguos, que en 1915 pint\u00f3 Saturnino Herr\u00e1n y en el que sintetiz\u00f3 los\u2026","rel":"","context":"En &quot;\u00a1Ay goeeee!&quot;","block_context":{"text":"\u00a1Ay goeeee!","link":"https:\/\/soclose.mx\/blog\/category\/ay-goeeee\/"},"img":{"alt_text":"","src":"https:\/\/i0.wp.com\/soclose.mx\/blog\/wp-content\/uploads\/2021\/07\/coatlicue-artistas-mexicanos.jpeg?fit=1200%2C677&ssl=1&resize=350%2C200","width":350,"height":200,"srcset":"https:\/\/i0.wp.com\/soclose.mx\/blog\/wp-content\/uploads\/2021\/07\/coatlicue-artistas-mexicanos.jpeg?fit=1200%2C677&ssl=1&resize=350%2C200 1x, https:\/\/i0.wp.com\/soclose.mx\/blog\/wp-content\/uploads\/2021\/07\/coatlicue-artistas-mexicanos.jpeg?fit=1200%2C677&ssl=1&resize=525%2C300 1.5x, https:\/\/i0.wp.com\/soclose.mx\/blog\/wp-content\/uploads\/2021\/07\/coatlicue-artistas-mexicanos.jpeg?fit=1200%2C677&ssl=1&resize=700%2C400 2x, https:\/\/i0.wp.com\/soclose.mx\/blog\/wp-content\/uploads\/2021\/07\/coatlicue-artistas-mexicanos.jpeg?fit=1200%2C677&ssl=1&resize=1050%2C600 3x"},"classes":[]},{"id":6918,"url":"https:\/\/soclose.mx\/blog\/news-feed\/museo-mural-diego-rivera-exhibe-registros-sobre-la-diversidad\/","url_meta":{"origin":10949,"position":1},"title":"Museo Mural Diego Rivera exhibe registros sobre la diversidad","author":"Miguel Angel Romero","date":"19 agosto, 2021","format":false,"excerpt":"La exposici\u00f3n que alberga el Museo Mural Diego Rivera, Imagograf\u00edas de diversidad: el entre-medio de la cultura,\u00a0 explora m\u00e1s de 50 expresiones gr\u00e1ficas, las cuales permiten reflexionar sobre la diversidad desde el campo de la cultura y el arte. La muestra cuenta con\u00a0 obras de artistas como Pablo O\u2019Higgins, Fernando\u2026","rel":"","context":"En &quot;News feed&quot;","block_context":{"text":"News feed","link":"https:\/\/soclose.mx\/blog\/category\/news-feed\/"},"img":{"alt_text":"","src":"https:\/\/i0.wp.com\/soclose.mx\/blog\/wp-content\/uploads\/2021\/08\/Principal-So-Close-blog-17.jpg?fit=1200%2C677&ssl=1&resize=350%2C200","width":350,"height":200,"srcset":"https:\/\/i0.wp.com\/soclose.mx\/blog\/wp-content\/uploads\/2021\/08\/Principal-So-Close-blog-17.jpg?fit=1200%2C677&ssl=1&resize=350%2C200 1x, https:\/\/i0.wp.com\/soclose.mx\/blog\/wp-content\/uploads\/2021\/08\/Principal-So-Close-blog-17.jpg?fit=1200%2C677&ssl=1&resize=525%2C300 1.5x, https:\/\/i0.wp.com\/soclose.mx\/blog\/wp-content\/uploads\/2021\/08\/Principal-So-Close-blog-17.jpg?fit=1200%2C677&ssl=1&resize=700%2C400 2x, https:\/\/i0.wp.com\/soclose.mx\/blog\/wp-content\/uploads\/2021\/08\/Principal-So-Close-blog-17.jpg?fit=1200%2C677&ssl=1&resize=1050%2C600 3x"},"classes":[]},{"id":6843,"url":"https:\/\/soclose.mx\/blog\/ay-goeeee\/7-curiosidades-de-la-pintura-de-diego-rivera-desnudo-con-alcatraces\/","url_meta":{"origin":10949,"position":2},"title":"7 curiosidades de la pintura de Diego Rivera: &#8220;Desnudo con alcatraces&#8221;","author":"So Close","date":"10 agosto, 2021","format":false,"excerpt":"El pintor y muralista Diego Rivera, tambi\u00e9n conocido por su relaci\u00f3n con Frida Kahlo, entre sus obras realiz\u00f3 una que tuvo un peculiar impacto en su \u00e9poca, pero tambi\u00e9n gener\u00f3 atenci\u00f3n porque rompi\u00f3 un estereotipo de modelos al dibujar a una mujer que no era la cl\u00e1sica de origen cauc\u00e1sico.\u2026","rel":"","context":"En &quot;\u00a1Ay goeeee!&quot;","block_context":{"text":"\u00a1Ay goeeee!","link":"https:\/\/soclose.mx\/blog\/category\/ay-goeeee\/"},"img":{"alt_text":"","src":"https:\/\/i0.wp.com\/soclose.mx\/blog\/wp-content\/uploads\/2021\/08\/Desnudo-con-alcatraces.jpeg?fit=1200%2C677&ssl=1&resize=350%2C200","width":350,"height":200,"srcset":"https:\/\/i0.wp.com\/soclose.mx\/blog\/wp-content\/uploads\/2021\/08\/Desnudo-con-alcatraces.jpeg?fit=1200%2C677&ssl=1&resize=350%2C200 1x, https:\/\/i0.wp.com\/soclose.mx\/blog\/wp-content\/uploads\/2021\/08\/Desnudo-con-alcatraces.jpeg?fit=1200%2C677&ssl=1&resize=525%2C300 1.5x, https:\/\/i0.wp.com\/soclose.mx\/blog\/wp-content\/uploads\/2021\/08\/Desnudo-con-alcatraces.jpeg?fit=1200%2C677&ssl=1&resize=700%2C400 2x, https:\/\/i0.wp.com\/soclose.mx\/blog\/wp-content\/uploads\/2021\/08\/Desnudo-con-alcatraces.jpeg?fit=1200%2C677&ssl=1&resize=1050%2C600 3x"},"classes":[]},{"id":9170,"url":"https:\/\/soclose.mx\/blog\/a-la-mexicana\/frida-kahlo-y-diego-rivera-llegan-a-la-novela-grafica\/","url_meta":{"origin":10949,"position":3},"title":"Frida Kahlo y Diego Rivera llegan a la novela gr\u00e1fica","author":"Miguel Angel Romero","date":"2 marzo, 2022","format":false,"excerpt":"Inspirado en La fabulosa vida de\u00a0Diego Rivera\u00a0de Bertram D. Wolfe, el ilustrador mexicano\u00a0Francisco de la Mora decidi\u00f3 llevar a Diego Rivera a la novela gr\u00e1fica. Diego Rivera, como se titula la historieta\u00a0 ilustrada por Jos\u00e9 Luis Pescador y publicada por el sello ingl\u00e9s SelfMadeHero, (empresa que dedica sus n\u00fameros a\u2026","rel":"","context":"En &quot;A la mexicana&quot;","block_context":{"text":"A la mexicana","link":"https:\/\/soclose.mx\/blog\/category\/a-la-mexicana\/"},"img":{"alt_text":"","src":"https:\/\/i0.wp.com\/soclose.mx\/blog\/wp-content\/uploads\/2022\/03\/f960x540-484000_558075_0.jpg?fit=960%2C540&ssl=1&resize=350%2C200","width":350,"height":200,"srcset":"https:\/\/i0.wp.com\/soclose.mx\/blog\/wp-content\/uploads\/2022\/03\/f960x540-484000_558075_0.jpg?fit=960%2C540&ssl=1&resize=350%2C200 1x, https:\/\/i0.wp.com\/soclose.mx\/blog\/wp-content\/uploads\/2022\/03\/f960x540-484000_558075_0.jpg?fit=960%2C540&ssl=1&resize=525%2C300 1.5x, https:\/\/i0.wp.com\/soclose.mx\/blog\/wp-content\/uploads\/2022\/03\/f960x540-484000_558075_0.jpg?fit=960%2C540&ssl=1&resize=700%2C400 2x"},"classes":[]},{"id":7122,"url":"https:\/\/soclose.mx\/blog\/lugares\/redescubrimos-el-mural-del-teatro-de-los-insurgentes\/","url_meta":{"origin":10949,"position":4},"title":"Redescubrimos el mural del Teatro de Los Insurgentes","author":"Miguel Angel Romero","date":"9 septiembre, 2021","format":false,"excerpt":"Si vives en la llamada CDMX o si has venido de paseo, es muy probable que hayas visto, o incluso visitado, el Teatro de los Insurgentes, el cual posee una fachada adornada por el mural de Diego Rivera. As\u00ed es, en la colonia San Jos\u00e9 Insurgentes, sobre la calle m\u00e1s\u2026","rel":"","context":"En &quot;Lugares&quot;","block_context":{"text":"Lugares","link":"https:\/\/soclose.mx\/blog\/category\/lugares\/"},"img":{"alt_text":"","src":"https:\/\/i0.wp.com\/soclose.mx\/blog\/wp-content\/uploads\/2021\/09\/Principal-So-Close-blog-10.jpg?fit=1200%2C677&ssl=1&resize=350%2C200","width":350,"height":200,"srcset":"https:\/\/i0.wp.com\/soclose.mx\/blog\/wp-content\/uploads\/2021\/09\/Principal-So-Close-blog-10.jpg?fit=1200%2C677&ssl=1&resize=350%2C200 1x, https:\/\/i0.wp.com\/soclose.mx\/blog\/wp-content\/uploads\/2021\/09\/Principal-So-Close-blog-10.jpg?fit=1200%2C677&ssl=1&resize=525%2C300 1.5x, https:\/\/i0.wp.com\/soclose.mx\/blog\/wp-content\/uploads\/2021\/09\/Principal-So-Close-blog-10.jpg?fit=1200%2C677&ssl=1&resize=700%2C400 2x, https:\/\/i0.wp.com\/soclose.mx\/blog\/wp-content\/uploads\/2021\/09\/Principal-So-Close-blog-10.jpg?fit=1200%2C677&ssl=1&resize=1050%2C600 3x"},"classes":[]},{"id":7626,"url":"https:\/\/soclose.mx\/blog\/ay-goeeee\/6-datos-que-no-sabias-de-la-catrina\/","url_meta":{"origin":10949,"position":5},"title":"6 datos que no sab\u00edas de La Catrina","author":"Miguel Angel Romero","date":"27 octubre, 2021","format":false,"excerpt":"La Catrina es un personaje muy popular en la cultura mexicana y sin duda, est\u00e1 asociada con la celebraci\u00f3n del D\u00eda de Muertos. Y no es para menos, su elegancia que la distingue, conquista varias miradas aunque originalmente su origen no ten\u00eda relaci\u00f3n alguna con esta festividad. Es por eso\u2026","rel":"","context":"En &quot;\u00a1Ay goeeee!&quot;","block_context":{"text":"\u00a1Ay goeeee!","link":"https:\/\/soclose.mx\/blog\/category\/ay-goeeee\/"},"img":{"alt_text":"","src":"https:\/\/i0.wp.com\/soclose.mx\/blog\/wp-content\/uploads\/2021\/10\/Copia-de-Principal-So-Close-blog-21.png?fit=1200%2C677&ssl=1&resize=350%2C200","width":350,"height":200,"srcset":"https:\/\/i0.wp.com\/soclose.mx\/blog\/wp-content\/uploads\/2021\/10\/Copia-de-Principal-So-Close-blog-21.png?fit=1200%2C677&ssl=1&resize=350%2C200 1x, https:\/\/i0.wp.com\/soclose.mx\/blog\/wp-content\/uploads\/2021\/10\/Copia-de-Principal-So-Close-blog-21.png?fit=1200%2C677&ssl=1&resize=525%2C300 1.5x, https:\/\/i0.wp.com\/soclose.mx\/blog\/wp-content\/uploads\/2021\/10\/Copia-de-Principal-So-Close-blog-21.png?fit=1200%2C677&ssl=1&resize=700%2C400 2x, https:\/\/i0.wp.com\/soclose.mx\/blog\/wp-content\/uploads\/2021\/10\/Copia-de-Principal-So-Close-blog-21.png?fit=1200%2C677&ssl=1&resize=1050%2C600 3x"},"classes":[]}],"jetpack_sharing_enabled":true,"_links":{"self":[{"href":"https:\/\/soclose.mx\/blog\/wp-json\/wp\/v2\/posts\/10949","targetHints":{"allow":["GET"]}}],"collection":[{"href":"https:\/\/soclose.mx\/blog\/wp-json\/wp\/v2\/posts"}],"about":[{"href":"https:\/\/soclose.mx\/blog\/wp-json\/wp\/v2\/types\/post"}],"author":[{"embeddable":true,"href":"https:\/\/soclose.mx\/blog\/wp-json\/wp\/v2\/users\/9"}],"replies":[{"embeddable":true,"href":"https:\/\/soclose.mx\/blog\/wp-json\/wp\/v2\/comments?post=10949"}],"version-history":[{"count":0,"href":"https:\/\/soclose.mx\/blog\/wp-json\/wp\/v2\/posts\/10949\/revisions"}],"wp:featuredmedia":[{"embeddable":true,"href":"https:\/\/soclose.mx\/blog\/wp-json\/wp\/v2\/media\/10951"}],"wp:attachment":[{"href":"https:\/\/soclose.mx\/blog\/wp-json\/wp\/v2\/media?parent=10949"}],"wp:term":[{"taxonomy":"category","embeddable":true,"href":"https:\/\/soclose.mx\/blog\/wp-json\/wp\/v2\/categories?post=10949"},{"taxonomy":"post_tag","embeddable":true,"href":"https:\/\/soclose.mx\/blog\/wp-json\/wp\/v2\/tags?post=10949"}],"curies":[{"name":"wp","href":"https:\/\/api.w.org\/{rel}","templated":true}]}}