{"id":10987,"date":"2022-08-19T19:11:28","date_gmt":"2022-08-20T00:11:28","guid":{"rendered":"https:\/\/soclose.mx\/blog\/?p=10987"},"modified":"2022-08-19T19:11:28","modified_gmt":"2022-08-20T00:11:28","slug":"fotos-post-mortem-la-tetrica-costumbre-que-duro-cerca-de-90-anos-en-mexico","status":"publish","type":"post","link":"https:\/\/soclose.mx\/blog\/ay-goeeee\/fotos-post-mortem-la-tetrica-costumbre-que-duro-cerca-de-90-anos-en-mexico\/","title":{"rendered":"Fotos &#8216;post mortem&#8217;, la t\u00e9trica costumbre que dur\u00f3 cerca de 90 a\u00f1os en M\u00e9xico"},"content":{"rendered":"<p>En la casa de tus abuelos o alg\u00fan hogar antiguo, quiz\u00e1 haya<strong> fotograf\u00edas en blanco y negro<\/strong>, enmarcadas con cuadros de metal, de fierro y ovalados.<\/p>\n<p>No es por asustarte, pero quiz\u00e1 sean im\u00e1genes tomadas pocas horas despu\u00e9s de la muerte de la persona en cuesti\u00f3n. Esto se debe a una pr\u00e1ctica <a href=\"https:\/\/soclose.mx\/blog\/ay-goeeee\/aceite-123-y-jabon-roma-los-exitosos-productos-mexicanos-que-no-necesitan-publicidad\/\">que dur\u00f3 en M\u00e9xico<\/a><strong> alrededor de 90 a\u00f1os.<\/strong><\/p>\n<p>Este tipo de im\u00e1genes<strong> &#8216;post mortem&#8217;<\/strong> se realizaban porque los familiares quer\u00edan un recuerdo de su difunto antes de enterrarlo y porque solo ten\u00edan fotograf\u00edas de su nacimiento y boda.<\/p>\n<p><img data-recalc-dims=\"1\" fetchpriority=\"high\" decoding=\"async\" class=\"alignnone size-medium wp-image-10992\" src=\"https:\/\/i0.wp.com\/soclose.mx\/blog\/wp-content\/uploads\/2022\/08\/nino-2.jpg?resize=212%2C300&#038;ssl=1\" alt=\"\" width=\"212\" height=\"300\" srcset=\"https:\/\/i0.wp.com\/soclose.mx\/blog\/wp-content\/uploads\/2022\/08\/nino-2.jpg?resize=212%2C300&amp;ssl=1 212w, https:\/\/i0.wp.com\/soclose.mx\/blog\/wp-content\/uploads\/2022\/08\/nino-2.jpg?w=527&amp;ssl=1 527w\" sizes=\"(max-width: 212px) 100vw, 212px\" \/><\/p>\n<p>Con ayuda de qu\u00edmicos para manipularlos y varillas como la de los maniqu\u00edes, manten\u00edan los cuerpos en una posici\u00f3n ideal para las fotos antes de que se pusieran r\u00edgidos.<\/p>\n<p>Las fotograf\u00edas que m\u00e1s se hac\u00edan eran las que simulaban que el protagonista estaba vivo y los familiares posaban junto a \u00e9l, las que aparentaba estar dormido o en su lecho de muerte.<\/p>\n<p>Al inicio, los cuerpos eran llevados a un estudio fotogr\u00e1fico, pero al ser costosa la sesi\u00f3n poco a poco optaron por hacerlas en las casas de los fallecidos.<\/p>\n<p>Hab\u00eda tan buenos trabajos, que si no se conoc\u00eda al difunto era complicado identificarlo en la fotograf\u00eda. A inicios de 1930 se fue perdiendo esta pr\u00e1ctica, tal vez porque ya ten\u00edan m\u00e1s fotograf\u00edas de sus seres queridos.<\/p>\n<p><img data-recalc-dims=\"1\" decoding=\"async\" class=\"alignnone size-medium wp-image-10991\" src=\"https:\/\/i0.wp.com\/soclose.mx\/blog\/wp-content\/uploads\/2022\/08\/nino-1.jpg?resize=214%2C300&#038;ssl=1\" alt=\"\" width=\"214\" height=\"300\" srcset=\"https:\/\/i0.wp.com\/soclose.mx\/blog\/wp-content\/uploads\/2022\/08\/nino-1.jpg?resize=214%2C300&amp;ssl=1 214w, https:\/\/i0.wp.com\/soclose.mx\/blog\/wp-content\/uploads\/2022\/08\/nino-1.jpg?resize=585%2C819&amp;ssl=1 585w, https:\/\/i0.wp.com\/soclose.mx\/blog\/wp-content\/uploads\/2022\/08\/nino-1.jpg?w=600&amp;ssl=1 600w\" sizes=\"(max-width: 214px) 100vw, 214px\" \/><\/p>\n<p><img data-recalc-dims=\"1\" decoding=\"async\" class=\"alignnone size-medium wp-image-10990\" src=\"https:\/\/i0.wp.com\/soclose.mx\/blog\/wp-content\/uploads\/2022\/08\/mortem.jpg?resize=261%2C300&#038;ssl=1\" alt=\"\" width=\"261\" height=\"300\" srcset=\"https:\/\/i0.wp.com\/soclose.mx\/blog\/wp-content\/uploads\/2022\/08\/mortem.jpg?resize=261%2C300&amp;ssl=1 261w, https:\/\/i0.wp.com\/soclose.mx\/blog\/wp-content\/uploads\/2022\/08\/mortem.jpg?w=359&amp;ssl=1 359w\" sizes=\"(max-width: 261px) 100vw, 261px\" \/><\/p>\n<p><img data-recalc-dims=\"1\" loading=\"lazy\" decoding=\"async\" class=\"alignnone size-medium wp-image-10989\" src=\"https:\/\/i0.wp.com\/soclose.mx\/blog\/wp-content\/uploads\/2022\/08\/mortem-2.jpg?resize=225%2C300&#038;ssl=1\" alt=\"\" width=\"225\" height=\"300\" srcset=\"https:\/\/i0.wp.com\/soclose.mx\/blog\/wp-content\/uploads\/2022\/08\/mortem-2.jpg?resize=225%2C300&amp;ssl=1 225w, https:\/\/i0.wp.com\/soclose.mx\/blog\/wp-content\/uploads\/2022\/08\/mortem-2.jpg?w=450&amp;ssl=1 450w\" sizes=\"(max-width: 225px) 100vw, 225px\" \/><\/p>\n","protected":false},"excerpt":{"rendered":"<p>En la casa de tus abuelos o alg\u00fan hogar antiguo, quiz\u00e1 haya fotograf\u00edas en blanco y negro, enmarcadas con cuadros de metal, de fierro y ovalados. No es por asustarte, pero quiz\u00e1 sean im\u00e1genes tomadas pocas horas despu\u00e9s de la muerte de la persona en cuesti\u00f3n. Esto se debe a una pr\u00e1ctica que dur\u00f3 en M\u00e9xico alrededor de 90 a\u00f1os. Este tipo de im\u00e1genes &#8216;post mortem&#8217; se realizaban porque los familiares quer\u00edan un recuerdo de su difunto antes de enterrarlo y porque solo ten\u00edan fotograf\u00edas de su nacimiento y boda. Con ayuda de qu\u00edmicos para manipularlos y varillas como la<\/p>\n","protected":false},"author":9,"featured_media":10988,"comment_status":"open","ping_status":"open","sticky":false,"template":"","format":"standard","meta":{"_jetpack_memberships_contains_paid_content":false,"footnotes":""},"categories":[1],"tags":[2901,2900,2902,2899,2232],"class_list":["post-10987","post","type-post","status-publish","format-standard","has-post-thumbnail","hentry","category-ay-goeeee","tag-fotos-fallecidos","tag-fotos-post-mortem","tag-halloween","tag-post-mortem","tag-so-close"],"yoast_head":"<!-- This site is optimized with the Yoast SEO plugin v26.7 - https:\/\/yoast.com\/wordpress\/plugins\/seo\/ -->\n<title>Fotos &#039;post mortem&#039;, la t\u00e9trica costumbre que dur\u00f3 cerca de 90 a\u00f1os en M\u00e9xico - So Close<\/title>\n<meta name=\"robots\" content=\"index, follow, max-snippet:-1, max-image-preview:large, max-video-preview:-1\" \/>\n<link rel=\"canonical\" href=\"https:\/\/soclose.mx\/blog\/tag\/juan-rulfo-frases-mujeres\/\" \/>\n<meta property=\"og:locale\" content=\"es_MX\" \/>\n<meta property=\"og:type\" content=\"article\" \/>\n<meta property=\"og:title\" content=\"Fotos &#039;post mortem&#039;, la t\u00e9trica costumbre que dur\u00f3 cerca de 90 a\u00f1os en M\u00e9xico - So Close\" \/>\n<meta property=\"og:description\" content=\"En la casa de tus abuelos o alg\u00fan hogar antiguo, quiz\u00e1 haya fotograf\u00edas en blanco y negro, enmarcadas con cuadros de metal, de fierro y ovalados. No es por asustarte, pero quiz\u00e1 sean im\u00e1genes tomadas pocas horas despu\u00e9s de la muerte de la persona en cuesti\u00f3n. Esto se debe a una pr\u00e1ctica que dur\u00f3 en M\u00e9xico alrededor de 90 a\u00f1os. Este tipo de im\u00e1genes &#8216;post mortem&#8217; se realizaban porque los familiares quer\u00edan un recuerdo de su difunto antes de enterrarlo y porque solo ten\u00edan fotograf\u00edas de su nacimiento y boda. Con ayuda de qu\u00edmicos para manipularlos y varillas como la\" \/>\n<meta property=\"og:url\" content=\"https:\/\/soclose.mx\/blog\/tag\/juan-rulfo-frases-mujeres\/\" \/>\n<meta property=\"og:site_name\" content=\"So Close\" \/>\n<meta property=\"article:published_time\" content=\"2022-08-20T00:11:28+00:00\" \/>\n<meta property=\"og:image\" content=\"https:\/\/i0.wp.com\/soclose.mx\/blog\/wp-content\/uploads\/2022\/08\/mortem-3.jpg?fit=1200%2C675&ssl=1\" \/>\n\t<meta property=\"og:image:width\" content=\"1200\" \/>\n\t<meta property=\"og:image:height\" content=\"675\" \/>\n\t<meta property=\"og:image:type\" content=\"image\/jpeg\" \/>\n<meta name=\"author\" content=\"Daniel Ram\u00edrez\" \/>\n<meta name=\"twitter:card\" content=\"summary_large_image\" \/>\n<meta name=\"twitter:label1\" content=\"Escrito por\" \/>\n\t<meta name=\"twitter:data1\" content=\"Daniel Ram\u00edrez\" \/>\n\t<meta name=\"twitter:label2\" content=\"Tiempo de lectura\" \/>\n\t<meta name=\"twitter:data2\" content=\"1 minuto\" \/>\n<script type=\"application\/ld+json\" class=\"yoast-schema-graph\">{\"@context\":\"https:\/\/schema.org\",\"@graph\":[{\"@type\":\"Article\",\"@id\":\"https:\/\/soclose.mx\/blog\/tag\/juan-rulfo-frases-mujeres\/#article\",\"isPartOf\":{\"@id\":\"https:\/\/soclose.mx\/blog\/tag\/juan-rulfo-frases-mujeres\/\"},\"author\":{\"name\":\"Daniel Ram\u00edrez\",\"@id\":\"https:\/\/soclose.mx\/blog\/#\/schema\/person\/54cd06c3a8cdc01a80c08725278aff88\"},\"headline\":\"Fotos &#8216;post mortem&#8217;, la t\u00e9trica costumbre que dur\u00f3 cerca de 90 a\u00f1os en M\u00e9xico\",\"datePublished\":\"2022-08-20T00:11:28+00:00\",\"mainEntityOfPage\":{\"@id\":\"https:\/\/soclose.mx\/blog\/tag\/juan-rulfo-frases-mujeres\/\"},\"wordCount\":260,\"commentCount\":0,\"publisher\":{\"@id\":\"https:\/\/soclose.mx\/blog\/#organization\"},\"image\":{\"@id\":\"https:\/\/soclose.mx\/blog\/tag\/juan-rulfo-frases-mujeres\/#primaryimage\"},\"thumbnailUrl\":\"https:\/\/i0.wp.com\/soclose.mx\/blog\/wp-content\/uploads\/2022\/08\/mortem-3.jpg?fit=1200%2C675&ssl=1\",\"keywords\":[\"fotos fallecidos\",\"fotos post mortem\",\"halloween\",\"post mortem\",\"so close\"],\"articleSection\":[\"\u00a1Ay goeeee!\"],\"inLanguage\":\"es\",\"potentialAction\":[{\"@type\":\"CommentAction\",\"name\":\"Comment\",\"target\":[\"https:\/\/soclose.mx\/blog\/tag\/juan-rulfo-frases-mujeres\/#respond\"]}]},{\"@type\":\"WebPage\",\"@id\":\"https:\/\/soclose.mx\/blog\/tag\/juan-rulfo-frases-mujeres\/\",\"url\":\"https:\/\/soclose.mx\/blog\/tag\/juan-rulfo-frases-mujeres\/\",\"name\":\"Fotos 'post mortem', la t\u00e9trica costumbre que dur\u00f3 cerca de 90 a\u00f1os en M\u00e9xico - So Close\",\"isPartOf\":{\"@id\":\"https:\/\/soclose.mx\/blog\/#website\"},\"primaryImageOfPage\":{\"@id\":\"https:\/\/soclose.mx\/blog\/tag\/juan-rulfo-frases-mujeres\/#primaryimage\"},\"image\":{\"@id\":\"https:\/\/soclose.mx\/blog\/tag\/juan-rulfo-frases-mujeres\/#primaryimage\"},\"thumbnailUrl\":\"https:\/\/i0.wp.com\/soclose.mx\/blog\/wp-content\/uploads\/2022\/08\/mortem-3.jpg?fit=1200%2C675&ssl=1\",\"datePublished\":\"2022-08-20T00:11:28+00:00\",\"breadcrumb\":{\"@id\":\"https:\/\/soclose.mx\/blog\/tag\/juan-rulfo-frases-mujeres\/#breadcrumb\"},\"inLanguage\":\"es\",\"potentialAction\":[{\"@type\":\"ReadAction\",\"target\":[\"https:\/\/soclose.mx\/blog\/tag\/juan-rulfo-frases-mujeres\/\"]}]},{\"@type\":\"ImageObject\",\"inLanguage\":\"es\",\"@id\":\"https:\/\/soclose.mx\/blog\/tag\/juan-rulfo-frases-mujeres\/#primaryimage\",\"url\":\"https:\/\/i0.wp.com\/soclose.mx\/blog\/wp-content\/uploads\/2022\/08\/mortem-3.jpg?fit=1200%2C675&ssl=1\",\"contentUrl\":\"https:\/\/i0.wp.com\/soclose.mx\/blog\/wp-content\/uploads\/2022\/08\/mortem-3.jpg?fit=1200%2C675&ssl=1\",\"width\":1200,\"height\":675},{\"@type\":\"BreadcrumbList\",\"@id\":\"https:\/\/soclose.mx\/blog\/tag\/juan-rulfo-frases-mujeres\/#breadcrumb\",\"itemListElement\":[{\"@type\":\"ListItem\",\"position\":1,\"name\":\"Inicio\",\"item\":\"https:\/\/soclose.mx\/blog\/\"},{\"@type\":\"ListItem\",\"position\":2,\"name\":\"Fotos &#8216;post mortem&#8217;, la t\u00e9trica costumbre que dur\u00f3 cerca de 90 a\u00f1os en M\u00e9xico\"}]},{\"@type\":\"WebSite\",\"@id\":\"https:\/\/soclose.mx\/blog\/#website\",\"url\":\"https:\/\/soclose.mx\/blog\/\",\"name\":\"So Close\",\"description\":\"Hacemos contenidos de M\u00e9xico\",\"publisher\":{\"@id\":\"https:\/\/soclose.mx\/blog\/#organization\"},\"potentialAction\":[{\"@type\":\"SearchAction\",\"target\":{\"@type\":\"EntryPoint\",\"urlTemplate\":\"https:\/\/soclose.mx\/blog\/?s={search_term_string}\"},\"query-input\":{\"@type\":\"PropertyValueSpecification\",\"valueRequired\":true,\"valueName\":\"search_term_string\"}}],\"inLanguage\":\"es\"},{\"@type\":\"Organization\",\"@id\":\"https:\/\/soclose.mx\/blog\/#organization\",\"name\":\"So Close\",\"url\":\"https:\/\/soclose.mx\/blog\/\",\"logo\":{\"@type\":\"ImageObject\",\"inLanguage\":\"es\",\"@id\":\"https:\/\/soclose.mx\/blog\/#\/schema\/logo\/image\/\",\"url\":\"https:\/\/i0.wp.com\/soclose.mx\/blog\/wp-content\/uploads\/2020\/12\/LOGO_SOCLOSE_COLOR-e1608310133507.png?fit=2858%2C1264&ssl=1\",\"contentUrl\":\"https:\/\/i0.wp.com\/soclose.mx\/blog\/wp-content\/uploads\/2020\/12\/LOGO_SOCLOSE_COLOR-e1608310133507.png?fit=2858%2C1264&ssl=1\",\"width\":2858,\"height\":1264,\"caption\":\"So Close\"},\"image\":{\"@id\":\"https:\/\/soclose.mx\/blog\/#\/schema\/logo\/image\/\"}},{\"@type\":\"Person\",\"@id\":\"https:\/\/soclose.mx\/blog\/#\/schema\/person\/54cd06c3a8cdc01a80c08725278aff88\",\"name\":\"Daniel Ram\u00edrez\",\"image\":{\"@type\":\"ImageObject\",\"inLanguage\":\"es\",\"@id\":\"https:\/\/soclose.mx\/blog\/#\/schema\/person\/image\/\",\"url\":\"https:\/\/secure.gravatar.com\/avatar\/74af6012f2e898d2be93cf32e26b59a2c9489743c9ca6270d7848b44edd7d272?s=96&d=mm&r=g\",\"contentUrl\":\"https:\/\/secure.gravatar.com\/avatar\/74af6012f2e898d2be93cf32e26b59a2c9489743c9ca6270d7848b44edd7d272?s=96&d=mm&r=g\",\"caption\":\"Daniel Ram\u00edrez\"},\"url\":\"https:\/\/soclose.mx\/blog\/author\/peter\/\"}]}<\/script>\n<!-- \/ Yoast SEO plugin. -->","yoast_head_json":{"title":"Fotos 'post mortem', la t\u00e9trica costumbre que dur\u00f3 cerca de 90 a\u00f1os en M\u00e9xico - So Close","robots":{"index":"index","follow":"follow","max-snippet":"max-snippet:-1","max-image-preview":"max-image-preview:large","max-video-preview":"max-video-preview:-1"},"canonical":"https:\/\/soclose.mx\/blog\/tag\/juan-rulfo-frases-mujeres\/","og_locale":"es_MX","og_type":"article","og_title":"Fotos 'post mortem', la t\u00e9trica costumbre que dur\u00f3 cerca de 90 a\u00f1os en M\u00e9xico - So Close","og_description":"En la casa de tus abuelos o alg\u00fan hogar antiguo, quiz\u00e1 haya fotograf\u00edas en blanco y negro, enmarcadas con cuadros de metal, de fierro y ovalados. No es por asustarte, pero quiz\u00e1 sean im\u00e1genes tomadas pocas horas despu\u00e9s de la muerte de la persona en cuesti\u00f3n. Esto se debe a una pr\u00e1ctica que dur\u00f3 en M\u00e9xico alrededor de 90 a\u00f1os. Este tipo de im\u00e1genes &#8216;post mortem&#8217; se realizaban porque los familiares quer\u00edan un recuerdo de su difunto antes de enterrarlo y porque solo ten\u00edan fotograf\u00edas de su nacimiento y boda. Con ayuda de qu\u00edmicos para manipularlos y varillas como la","og_url":"https:\/\/soclose.mx\/blog\/tag\/juan-rulfo-frases-mujeres\/","og_site_name":"So Close","article_published_time":"2022-08-20T00:11:28+00:00","og_image":[{"width":1200,"height":675,"url":"https:\/\/i0.wp.com\/soclose.mx\/blog\/wp-content\/uploads\/2022\/08\/mortem-3.jpg?fit=1200%2C675&ssl=1","type":"image\/jpeg"}],"author":"Daniel Ram\u00edrez","twitter_card":"summary_large_image","twitter_misc":{"Escrito por":"Daniel Ram\u00edrez","Tiempo de lectura":"1 minuto"},"schema":{"@context":"https:\/\/schema.org","@graph":[{"@type":"Article","@id":"https:\/\/soclose.mx\/blog\/tag\/juan-rulfo-frases-mujeres\/#article","isPartOf":{"@id":"https:\/\/soclose.mx\/blog\/tag\/juan-rulfo-frases-mujeres\/"},"author":{"name":"Daniel Ram\u00edrez","@id":"https:\/\/soclose.mx\/blog\/#\/schema\/person\/54cd06c3a8cdc01a80c08725278aff88"},"headline":"Fotos &#8216;post mortem&#8217;, la t\u00e9trica costumbre que dur\u00f3 cerca de 90 a\u00f1os en M\u00e9xico","datePublished":"2022-08-20T00:11:28+00:00","mainEntityOfPage":{"@id":"https:\/\/soclose.mx\/blog\/tag\/juan-rulfo-frases-mujeres\/"},"wordCount":260,"commentCount":0,"publisher":{"@id":"https:\/\/soclose.mx\/blog\/#organization"},"image":{"@id":"https:\/\/soclose.mx\/blog\/tag\/juan-rulfo-frases-mujeres\/#primaryimage"},"thumbnailUrl":"https:\/\/i0.wp.com\/soclose.mx\/blog\/wp-content\/uploads\/2022\/08\/mortem-3.jpg?fit=1200%2C675&ssl=1","keywords":["fotos fallecidos","fotos post mortem","halloween","post mortem","so close"],"articleSection":["\u00a1Ay goeeee!"],"inLanguage":"es","potentialAction":[{"@type":"CommentAction","name":"Comment","target":["https:\/\/soclose.mx\/blog\/tag\/juan-rulfo-frases-mujeres\/#respond"]}]},{"@type":"WebPage","@id":"https:\/\/soclose.mx\/blog\/tag\/juan-rulfo-frases-mujeres\/","url":"https:\/\/soclose.mx\/blog\/tag\/juan-rulfo-frases-mujeres\/","name":"Fotos 'post mortem', la t\u00e9trica costumbre que dur\u00f3 cerca de 90 a\u00f1os en M\u00e9xico - So Close","isPartOf":{"@id":"https:\/\/soclose.mx\/blog\/#website"},"primaryImageOfPage":{"@id":"https:\/\/soclose.mx\/blog\/tag\/juan-rulfo-frases-mujeres\/#primaryimage"},"image":{"@id":"https:\/\/soclose.mx\/blog\/tag\/juan-rulfo-frases-mujeres\/#primaryimage"},"thumbnailUrl":"https:\/\/i0.wp.com\/soclose.mx\/blog\/wp-content\/uploads\/2022\/08\/mortem-3.jpg?fit=1200%2C675&ssl=1","datePublished":"2022-08-20T00:11:28+00:00","breadcrumb":{"@id":"https:\/\/soclose.mx\/blog\/tag\/juan-rulfo-frases-mujeres\/#breadcrumb"},"inLanguage":"es","potentialAction":[{"@type":"ReadAction","target":["https:\/\/soclose.mx\/blog\/tag\/juan-rulfo-frases-mujeres\/"]}]},{"@type":"ImageObject","inLanguage":"es","@id":"https:\/\/soclose.mx\/blog\/tag\/juan-rulfo-frases-mujeres\/#primaryimage","url":"https:\/\/i0.wp.com\/soclose.mx\/blog\/wp-content\/uploads\/2022\/08\/mortem-3.jpg?fit=1200%2C675&ssl=1","contentUrl":"https:\/\/i0.wp.com\/soclose.mx\/blog\/wp-content\/uploads\/2022\/08\/mortem-3.jpg?fit=1200%2C675&ssl=1","width":1200,"height":675},{"@type":"BreadcrumbList","@id":"https:\/\/soclose.mx\/blog\/tag\/juan-rulfo-frases-mujeres\/#breadcrumb","itemListElement":[{"@type":"ListItem","position":1,"name":"Inicio","item":"https:\/\/soclose.mx\/blog\/"},{"@type":"ListItem","position":2,"name":"Fotos &#8216;post mortem&#8217;, la t\u00e9trica costumbre que dur\u00f3 cerca de 90 a\u00f1os en M\u00e9xico"}]},{"@type":"WebSite","@id":"https:\/\/soclose.mx\/blog\/#website","url":"https:\/\/soclose.mx\/blog\/","name":"So Close","description":"Hacemos contenidos de M\u00e9xico","publisher":{"@id":"https:\/\/soclose.mx\/blog\/#organization"},"potentialAction":[{"@type":"SearchAction","target":{"@type":"EntryPoint","urlTemplate":"https:\/\/soclose.mx\/blog\/?s={search_term_string}"},"query-input":{"@type":"PropertyValueSpecification","valueRequired":true,"valueName":"search_term_string"}}],"inLanguage":"es"},{"@type":"Organization","@id":"https:\/\/soclose.mx\/blog\/#organization","name":"So Close","url":"https:\/\/soclose.mx\/blog\/","logo":{"@type":"ImageObject","inLanguage":"es","@id":"https:\/\/soclose.mx\/blog\/#\/schema\/logo\/image\/","url":"https:\/\/i0.wp.com\/soclose.mx\/blog\/wp-content\/uploads\/2020\/12\/LOGO_SOCLOSE_COLOR-e1608310133507.png?fit=2858%2C1264&ssl=1","contentUrl":"https:\/\/i0.wp.com\/soclose.mx\/blog\/wp-content\/uploads\/2020\/12\/LOGO_SOCLOSE_COLOR-e1608310133507.png?fit=2858%2C1264&ssl=1","width":2858,"height":1264,"caption":"So Close"},"image":{"@id":"https:\/\/soclose.mx\/blog\/#\/schema\/logo\/image\/"}},{"@type":"Person","@id":"https:\/\/soclose.mx\/blog\/#\/schema\/person\/54cd06c3a8cdc01a80c08725278aff88","name":"Daniel Ram\u00edrez","image":{"@type":"ImageObject","inLanguage":"es","@id":"https:\/\/soclose.mx\/blog\/#\/schema\/person\/image\/","url":"https:\/\/secure.gravatar.com\/avatar\/74af6012f2e898d2be93cf32e26b59a2c9489743c9ca6270d7848b44edd7d272?s=96&d=mm&r=g","contentUrl":"https:\/\/secure.gravatar.com\/avatar\/74af6012f2e898d2be93cf32e26b59a2c9489743c9ca6270d7848b44edd7d272?s=96&d=mm&r=g","caption":"Daniel Ram\u00edrez"},"url":"https:\/\/soclose.mx\/blog\/author\/peter\/"}]}},"jetpack_featured_media_url":"https:\/\/i0.wp.com\/soclose.mx\/blog\/wp-content\/uploads\/2022\/08\/mortem-3.jpg?fit=1200%2C675&ssl=1","jetpack-related-posts":[{"id":6046,"url":"https:\/\/soclose.mx\/blog\/lugares\/7-razones-por-las-que-el-patrick-miller-no-debe-morir\/","url_meta":{"origin":10987,"position":0},"title":"7 razones por las que el Patrick Miller no debe morir","author":"So Close","date":"13 mayo, 2021","format":false,"excerpt":"Por Manolo RoCa Sin duda, M\u00e9xico es cultura, historia, costumbres y buena comida, pero tambi\u00e9n es colores y mucho baile, y el Patrick Miller, esa inolvidable \"bodega\" en la que la m\u00fasica ochentera y noventera hac\u00eda vibrar hasta a las generaciones m\u00e1s j\u00f3venes, era y deber\u00eda seguir siendo el templo\u2026","rel":"","context":"En &quot;Lugares&quot;","block_context":{"text":"Lugares","link":"https:\/\/soclose.mx\/blog\/category\/lugares\/"},"img":{"alt_text":"","src":"https:\/\/i0.wp.com\/soclose.mx\/blog\/wp-content\/uploads\/2021\/05\/escenario-patrick-miller.jpeg?fit=1200%2C677&ssl=1&resize=350%2C200","width":350,"height":200,"srcset":"https:\/\/i0.wp.com\/soclose.mx\/blog\/wp-content\/uploads\/2021\/05\/escenario-patrick-miller.jpeg?fit=1200%2C677&ssl=1&resize=350%2C200 1x, https:\/\/i0.wp.com\/soclose.mx\/blog\/wp-content\/uploads\/2021\/05\/escenario-patrick-miller.jpeg?fit=1200%2C677&ssl=1&resize=525%2C300 1.5x, https:\/\/i0.wp.com\/soclose.mx\/blog\/wp-content\/uploads\/2021\/05\/escenario-patrick-miller.jpeg?fit=1200%2C677&ssl=1&resize=700%2C400 2x, https:\/\/i0.wp.com\/soclose.mx\/blog\/wp-content\/uploads\/2021\/05\/escenario-patrick-miller.jpeg?fit=1200%2C677&ssl=1&resize=1050%2C600 3x"},"classes":[]},{"id":14969,"url":"https:\/\/soclose.mx\/blog\/news-feed\/auroras-boreales-en-mexico-asi-sorprendieron-a-los-mexicanos\/","url_meta":{"origin":10987,"position":1},"title":"Auroras Boreales en M\u00e9xico, as\u00ed sorprendieron a los mexicanos\u2028","author":"So Close","date":"12 noviembre, 2025","format":false,"excerpt":"Una prueba m\u00e1s de que tenemos lugares sorprendentes en casa,\u00a0 es que el 11 de noviembre de 2025 se hicieron presentes unas auroras Boreales en M\u00e9xico, definitivamente fue un espect\u00e1culo natural poco com\u00fan en nuestro pa\u00eds. Las auroras boreales son un fen\u00f3meno, que normalmente ocurre cerca de los polos, sin\u2026","rel":"","context":"En &quot;News feed&quot;","block_context":{"text":"News feed","link":"https:\/\/soclose.mx\/blog\/category\/news-feed\/"},"img":{"alt_text":"Auroras Boreales en M\u00e9xico","src":"https:\/\/i0.wp.com\/soclose.mx\/blog\/wp-content\/uploads\/2025\/11\/Auroras-Boreales-en-Mexico.jpg?fit=1200%2C675&ssl=1&resize=350%2C200","width":350,"height":200,"srcset":"https:\/\/i0.wp.com\/soclose.mx\/blog\/wp-content\/uploads\/2025\/11\/Auroras-Boreales-en-Mexico.jpg?fit=1200%2C675&ssl=1&resize=350%2C200 1x, https:\/\/i0.wp.com\/soclose.mx\/blog\/wp-content\/uploads\/2025\/11\/Auroras-Boreales-en-Mexico.jpg?fit=1200%2C675&ssl=1&resize=525%2C300 1.5x, https:\/\/i0.wp.com\/soclose.mx\/blog\/wp-content\/uploads\/2025\/11\/Auroras-Boreales-en-Mexico.jpg?fit=1200%2C675&ssl=1&resize=700%2C400 2x, https:\/\/i0.wp.com\/soclose.mx\/blog\/wp-content\/uploads\/2025\/11\/Auroras-Boreales-en-Mexico.jpg?fit=1200%2C675&ssl=1&resize=1050%2C600 3x"},"classes":[]},{"id":8273,"url":"https:\/\/soclose.mx\/blog\/ay-goeeee\/asi-fue-hace-59-anos-la-primera-transmision-a-color-de-la-television\/","url_meta":{"origin":10987,"position":2},"title":"As\u00ed fue la primera transmisi\u00f3n a color de la televisi\u00f3n en M\u00e9xico","author":"Miguel Angel Romero","date":"21 enero, 2022","format":false,"excerpt":"La televisi\u00f3n a color hoy se nos hace algo com\u00fan, pero fue el 21 de enero de 1963 que se realiz\u00f3 la primera transmisi\u00f3n a color en televisi\u00f3n mexicana. Esto fue gracias al ingeniero mexicano Guillermo Gonz\u00e1lez Camarena, quien desarroll\u00f3 la coloraci\u00f3n de la pantalla a trav\u00e9s de un sistema\u2026","rel":"","context":"En &quot;\u00a1Ay goeeee!&quot;","block_context":{"text":"\u00a1Ay goeeee!","link":"https:\/\/soclose.mx\/blog\/category\/ay-goeeee\/"},"img":{"alt_text":"","src":"https:\/\/i0.wp.com\/soclose.mx\/blog\/wp-content\/uploads\/2021\/12\/Copia-de-Principal-So-Close-blog-6-2.png?fit=1200%2C677&ssl=1&resize=350%2C200","width":350,"height":200,"srcset":"https:\/\/i0.wp.com\/soclose.mx\/blog\/wp-content\/uploads\/2021\/12\/Copia-de-Principal-So-Close-blog-6-2.png?fit=1200%2C677&ssl=1&resize=350%2C200 1x, https:\/\/i0.wp.com\/soclose.mx\/blog\/wp-content\/uploads\/2021\/12\/Copia-de-Principal-So-Close-blog-6-2.png?fit=1200%2C677&ssl=1&resize=525%2C300 1.5x, https:\/\/i0.wp.com\/soclose.mx\/blog\/wp-content\/uploads\/2021\/12\/Copia-de-Principal-So-Close-blog-6-2.png?fit=1200%2C677&ssl=1&resize=700%2C400 2x, https:\/\/i0.wp.com\/soclose.mx\/blog\/wp-content\/uploads\/2021\/12\/Copia-de-Principal-So-Close-blog-6-2.png?fit=1200%2C677&ssl=1&resize=1050%2C600 3x"},"classes":[]},{"id":7082,"url":"https:\/\/soclose.mx\/blog\/news-feed\/mexicano-gana-concurso-internacional-de-fotografia\/","url_meta":{"origin":10987,"position":3},"title":"Mexicano gana concurso internacional de fotograf\u00eda","author":"Miguel Angel Romero","date":"2 septiembre, 2021","format":false,"excerpt":"El concurso internacional de fotograf\u00edas de aves, Bird Photographer Of The Year (BPOTY), concedi\u00f3 el premio al fot\u00f3grafo del a\u00f1o 2021 al mexicano Alejandro Prieto. La fotograf\u00eda del nacido en Guadalajara se llev\u00f3 este par de honores por \"Bloqueado\", un retrato de un correcaminos que ve interrumpida su ruta por\u2026","rel":"","context":"En &quot;News feed&quot;","block_context":{"text":"News feed","link":"https:\/\/soclose.mx\/blog\/category\/news-feed\/"},"img":{"alt_text":"","src":"https:\/\/i0.wp.com\/soclose.mx\/blog\/wp-content\/uploads\/2021\/09\/Principal-So-Close-blog-1.jpg?fit=1200%2C677&ssl=1&resize=350%2C200","width":350,"height":200,"srcset":"https:\/\/i0.wp.com\/soclose.mx\/blog\/wp-content\/uploads\/2021\/09\/Principal-So-Close-blog-1.jpg?fit=1200%2C677&ssl=1&resize=350%2C200 1x, https:\/\/i0.wp.com\/soclose.mx\/blog\/wp-content\/uploads\/2021\/09\/Principal-So-Close-blog-1.jpg?fit=1200%2C677&ssl=1&resize=525%2C300 1.5x, https:\/\/i0.wp.com\/soclose.mx\/blog\/wp-content\/uploads\/2021\/09\/Principal-So-Close-blog-1.jpg?fit=1200%2C677&ssl=1&resize=700%2C400 2x, https:\/\/i0.wp.com\/soclose.mx\/blog\/wp-content\/uploads\/2021\/09\/Principal-So-Close-blog-1.jpg?fit=1200%2C677&ssl=1&resize=1050%2C600 3x"},"classes":[]},{"id":8046,"url":"https:\/\/soclose.mx\/blog\/ay-goeeee\/la-polemica-del-arbol-de-navidad-de-quetzalcoatl\/","url_meta":{"origin":10987,"position":4},"title":"La pol\u00e9mica del \u00e1rbol de Navidad de Quetzalc\u00f3atl","author":"Miguel Angel Romero","date":"10 diciembre, 2021","format":false,"excerpt":"A lo largo de varias d\u00e9cadas los \u00e1rboles de navidad han sido decorados de mil maneras, ya sean con dulces, juguetes, fotos, en fin varios elementos, pero, quiz\u00e1, nunca con Quetzalc\u00f3atl. As\u00ed es, el gran \u00e1rbol con forma de pir\u00e1mide que se levanta en el patio del Federalismo, posee la\u2026","rel":"","context":"En &quot;\u00a1Ay goeeee!&quot;","block_context":{"text":"\u00a1Ay goeeee!","link":"https:\/\/soclose.mx\/blog\/category\/ay-goeeee\/"},"img":{"alt_text":"","src":"https:\/\/i0.wp.com\/soclose.mx\/blog\/wp-content\/uploads\/2021\/12\/Copia-de-Principal-So-Close-blog-2-2.png?fit=1200%2C677&ssl=1&resize=350%2C200","width":350,"height":200,"srcset":"https:\/\/i0.wp.com\/soclose.mx\/blog\/wp-content\/uploads\/2021\/12\/Copia-de-Principal-So-Close-blog-2-2.png?fit=1200%2C677&ssl=1&resize=350%2C200 1x, https:\/\/i0.wp.com\/soclose.mx\/blog\/wp-content\/uploads\/2021\/12\/Copia-de-Principal-So-Close-blog-2-2.png?fit=1200%2C677&ssl=1&resize=525%2C300 1.5x, https:\/\/i0.wp.com\/soclose.mx\/blog\/wp-content\/uploads\/2021\/12\/Copia-de-Principal-So-Close-blog-2-2.png?fit=1200%2C677&ssl=1&resize=700%2C400 2x, https:\/\/i0.wp.com\/soclose.mx\/blog\/wp-content\/uploads\/2021\/12\/Copia-de-Principal-So-Close-blog-2-2.png?fit=1200%2C677&ssl=1&resize=1050%2C600 3x"},"classes":[]},{"id":5607,"url":"https:\/\/soclose.mx\/blog\/comida-mexicana\/rosca-de-reyes-y-pan-en-horno-de-lena-en-jumiltepec-ocuituco-morelos\/","url_meta":{"origin":10987,"position":5},"title":"Rosca de Reyes y pan en horno de le\u00f1a en Jumiltepec Ocuituco, Morelos","author":"So Close","date":"7 enero, 2021","format":false,"excerpt":"Por Rosy Linares En la zona de los altos de Morelos en la comunidad de Jumiltepec Ocuituco en Morelos, se elabora el famoso Pan de Jumiltepec y en esta temporada la Rosca de Reyes en un ritual familiar cien por ciento casero, el cu\u00e1l se cocina en el horno elaborado\u2026","rel":"","context":"En &quot;Comida mexicana&quot;","block_context":{"text":"Comida mexicana","link":"https:\/\/soclose.mx\/blog\/category\/comida-mexicana\/"},"img":{"alt_text":"","src":"https:\/\/i0.wp.com\/soclose.mx\/blog\/wp-content\/uploads\/2021\/01\/rosca-reyes.jpg?fit=1200%2C677&ssl=1&resize=350%2C200","width":350,"height":200,"srcset":"https:\/\/i0.wp.com\/soclose.mx\/blog\/wp-content\/uploads\/2021\/01\/rosca-reyes.jpg?fit=1200%2C677&ssl=1&resize=350%2C200 1x, https:\/\/i0.wp.com\/soclose.mx\/blog\/wp-content\/uploads\/2021\/01\/rosca-reyes.jpg?fit=1200%2C677&ssl=1&resize=525%2C300 1.5x, https:\/\/i0.wp.com\/soclose.mx\/blog\/wp-content\/uploads\/2021\/01\/rosca-reyes.jpg?fit=1200%2C677&ssl=1&resize=700%2C400 2x, https:\/\/i0.wp.com\/soclose.mx\/blog\/wp-content\/uploads\/2021\/01\/rosca-reyes.jpg?fit=1200%2C677&ssl=1&resize=1050%2C600 3x"},"classes":[]}],"jetpack_sharing_enabled":true,"_links":{"self":[{"href":"https:\/\/soclose.mx\/blog\/wp-json\/wp\/v2\/posts\/10987","targetHints":{"allow":["GET"]}}],"collection":[{"href":"https:\/\/soclose.mx\/blog\/wp-json\/wp\/v2\/posts"}],"about":[{"href":"https:\/\/soclose.mx\/blog\/wp-json\/wp\/v2\/types\/post"}],"author":[{"embeddable":true,"href":"https:\/\/soclose.mx\/blog\/wp-json\/wp\/v2\/users\/9"}],"replies":[{"embeddable":true,"href":"https:\/\/soclose.mx\/blog\/wp-json\/wp\/v2\/comments?post=10987"}],"version-history":[{"count":0,"href":"https:\/\/soclose.mx\/blog\/wp-json\/wp\/v2\/posts\/10987\/revisions"}],"wp:featuredmedia":[{"embeddable":true,"href":"https:\/\/soclose.mx\/blog\/wp-json\/wp\/v2\/media\/10988"}],"wp:attachment":[{"href":"https:\/\/soclose.mx\/blog\/wp-json\/wp\/v2\/media?parent=10987"}],"wp:term":[{"taxonomy":"category","embeddable":true,"href":"https:\/\/soclose.mx\/blog\/wp-json\/wp\/v2\/categories?post=10987"},{"taxonomy":"post_tag","embeddable":true,"href":"https:\/\/soclose.mx\/blog\/wp-json\/wp\/v2\/tags?post=10987"}],"curies":[{"name":"wp","href":"https:\/\/api.w.org\/{rel}","templated":true}]}}