{"id":11012,"date":"2022-08-23T20:39:29","date_gmt":"2022-08-24T01:39:29","guid":{"rendered":"https:\/\/soclose.mx\/blog\/?p=11012"},"modified":"2023-10-16T11:48:59","modified_gmt":"2023-10-16T17:48:59","slug":"video-orgullo-mexicano-se-graduan-las-primeras-mujeres-como-pilotos-navales-de-la-armada-de-mexico","status":"publish","type":"post","link":"https:\/\/soclose.mx\/blog\/news-feed\/video-orgullo-mexicano-se-graduan-las-primeras-mujeres-como-pilotos-navales-de-la-armada-de-mexico\/","title":{"rendered":"Video: \u00a1Orgullo mexicano! Se graduan las primeras mujeres como pilotos navales de la Armada de M\u00e9xico"},"content":{"rendered":"<p>Quien diga que el <strong>ej\u00e9rcito, la marina,<\/strong> y las otras \u00e1reas de las <strong>fuerzas armadas de M\u00e9xico<\/strong> son solo para hombres, est\u00e1n muy equivocados.<\/p>\n<p>Las mujeres son igual de capaces para ocupar cualquier puesto dentro de la seguridad nacional de nuestro pa\u00eds y dos <strong>mujeres mexicanas<\/strong> lo han demostrado.<\/p>\n<p>Las Tenientes de Corbeta, Isabel Jim\u00e9nez D\u00edaz y Citlalli Nieto Guzm\u00e1n, se convirtieron en las primeras mujeres en la historia en graduarse como Pilotos de Ala M\u00f3vil de la Escuela de Aviaci\u00f3n Naval con\u00a0sede en La Paz, Baja California.<\/p>\n<p>Ambas se\u00f1oritas no solo concluyeron sus estudios de posgrado, sino que se integrar\u00e1n a las tripulaciones de helic\u00f3pteros de la Armada de M\u00e9xico.<\/p>\n<p>\u00a1Con\u00f3celas!<\/p>\n<div style=\"width: 848px;\" class=\"wp-video\"><video class=\"wp-video-shortcode\" id=\"video-11012-1\" width=\"848\" height=\"480\" preload=\"metadata\" controls=\"controls\"><source type=\"video\/mp4\" src=\"https:\/\/soclose.mx\/blog\/wp-content\/uploads\/2022\/08\/mujeres-egresadas.mp4?_=1\" \/><a href=\"https:\/\/soclose.mx\/blog\/wp-content\/uploads\/2022\/08\/mujeres-egresadas.mp4\">https:\/\/soclose.mx\/blog\/wp-content\/uploads\/2022\/08\/mujeres-egresadas.mp4<\/a><\/video><\/div>\n","protected":false},"excerpt":{"rendered":"<p>Quien diga que el ej\u00e9rcito, la marina, y las otras \u00e1reas de las fuerzas armadas de M\u00e9xico son solo para hombres, est\u00e1n muy equivocados. Las mujeres son igual de capaces para ocupar cualquier puesto dentro de la seguridad nacional de nuestro pa\u00eds y dos mujeres mexicanas lo han demostrado. Las Tenientes de Corbeta, Isabel Jim\u00e9nez D\u00edaz y Citlalli Nieto Guzm\u00e1n, se convirtieron en las primeras mujeres en la historia en graduarse como Pilotos de Ala M\u00f3vil de la Escuela de Aviaci\u00f3n Naval con\u00a0sede en La Paz, Baja California. Ambas se\u00f1oritas no solo concluyeron sus estudios de posgrado, sino que se<\/p>\n","protected":false},"author":9,"featured_media":11014,"comment_status":"open","ping_status":"open","sticky":false,"template":"","format":"standard","meta":{"_jetpack_memberships_contains_paid_content":false,"footnotes":""},"categories":[628],"tags":[2912,2913,2915,2914,2916,2741],"class_list":["post-11012","post","type-post","status-publish","format-standard","has-post-thumbnail","hentry","category-news-feed","tag-armada-de-mexico","tag-fuerzas-armadas","tag-mexicanas-pilotos-semar","tag-primeras-mujeres-graduadas","tag-secretaria-de-marina","tag-soclose"],"yoast_head":"<!-- This site is optimized with the Yoast SEO plugin v26.7 - https:\/\/yoast.com\/wordpress\/plugins\/seo\/ -->\n<title>Video: \u00a1Orgullo mexicano! Se graduan las primeras mujeres como pilotos navales de la Armada de M\u00e9xico - So Close<\/title>\n<meta name=\"robots\" content=\"index, follow, max-snippet:-1, max-image-preview:large, max-video-preview:-1\" \/>\n<link rel=\"canonical\" href=\"https:\/\/soclose.mx\/blog\/tag\/juan-rulfo-frases-mujeres\/\" \/>\n<meta property=\"og:locale\" content=\"es_MX\" \/>\n<meta property=\"og:type\" content=\"article\" \/>\n<meta property=\"og:title\" content=\"Video: \u00a1Orgullo mexicano! Se graduan las primeras mujeres como pilotos navales de la Armada de M\u00e9xico - So Close\" \/>\n<meta property=\"og:description\" content=\"Quien diga que el ej\u00e9rcito, la marina, y las otras \u00e1reas de las fuerzas armadas de M\u00e9xico son solo para hombres, est\u00e1n muy equivocados. Las mujeres son igual de capaces para ocupar cualquier puesto dentro de la seguridad nacional de nuestro pa\u00eds y dos mujeres mexicanas lo han demostrado. Las Tenientes de Corbeta, Isabel Jim\u00e9nez D\u00edaz y Citlalli Nieto Guzm\u00e1n, se convirtieron en las primeras mujeres en la historia en graduarse como Pilotos de Ala M\u00f3vil de la Escuela de Aviaci\u00f3n Naval con\u00a0sede en La Paz, Baja California. Ambas se\u00f1oritas no solo concluyeron sus estudios de posgrado, sino que se\" \/>\n<meta property=\"og:url\" content=\"https:\/\/soclose.mx\/blog\/tag\/juan-rulfo-frases-mujeres\/\" \/>\n<meta property=\"og:site_name\" content=\"So Close\" \/>\n<meta property=\"article:published_time\" content=\"2022-08-24T01:39:29+00:00\" \/>\n<meta property=\"article:modified_time\" content=\"2023-10-16T17:48:59+00:00\" \/>\n<meta property=\"og:image\" content=\"https:\/\/i0.wp.com\/soclose.mx\/blog\/wp-content\/uploads\/2022\/08\/mujeres-navales.jpeg?fit=960%2C720&ssl=1\" \/>\n\t<meta property=\"og:image:width\" content=\"960\" \/>\n\t<meta property=\"og:image:height\" content=\"720\" \/>\n\t<meta property=\"og:image:type\" content=\"image\/jpeg\" \/>\n<meta name=\"author\" content=\"Daniel Ram\u00edrez\" \/>\n<meta name=\"twitter:card\" content=\"summary_large_image\" \/>\n<meta name=\"twitter:label1\" content=\"Escrito por\" \/>\n\t<meta name=\"twitter:data1\" content=\"Daniel Ram\u00edrez\" \/>\n\t<meta name=\"twitter:label2\" content=\"Tiempo de lectura\" \/>\n\t<meta name=\"twitter:data2\" content=\"1 minuto\" \/>\n<script type=\"application\/ld+json\" class=\"yoast-schema-graph\">{\"@context\":\"https:\/\/schema.org\",\"@graph\":[{\"@type\":\"Article\",\"@id\":\"https:\/\/soclose.mx\/blog\/tag\/juan-rulfo-frases-mujeres\/#article\",\"isPartOf\":{\"@id\":\"https:\/\/soclose.mx\/blog\/tag\/juan-rulfo-frases-mujeres\/\"},\"author\":{\"name\":\"Daniel Ram\u00edrez\",\"@id\":\"https:\/\/soclose.mx\/blog\/#\/schema\/person\/54cd06c3a8cdc01a80c08725278aff88\"},\"headline\":\"Video: \u00a1Orgullo mexicano! Se graduan las primeras mujeres como pilotos navales de la Armada de M\u00e9xico\",\"datePublished\":\"2022-08-24T01:39:29+00:00\",\"dateModified\":\"2023-10-16T17:48:59+00:00\",\"mainEntityOfPage\":{\"@id\":\"https:\/\/soclose.mx\/blog\/tag\/juan-rulfo-frases-mujeres\/\"},\"wordCount\":157,\"commentCount\":0,\"publisher\":{\"@id\":\"https:\/\/soclose.mx\/blog\/#organization\"},\"image\":{\"@id\":\"https:\/\/soclose.mx\/blog\/tag\/juan-rulfo-frases-mujeres\/#primaryimage\"},\"thumbnailUrl\":\"https:\/\/i0.wp.com\/soclose.mx\/blog\/wp-content\/uploads\/2022\/08\/mujeres-navales.jpeg?fit=960%2C720&ssl=1\",\"keywords\":[\"armada de mexico\",\"fuerzas armadas\",\"mexicanas pilotos semar\",\"primeras mujeres graduadas\",\"secretaria de marina\",\"soclose\"],\"articleSection\":[\"News feed\"],\"inLanguage\":\"es\",\"potentialAction\":[{\"@type\":\"CommentAction\",\"name\":\"Comment\",\"target\":[\"https:\/\/soclose.mx\/blog\/tag\/juan-rulfo-frases-mujeres\/#respond\"]}]},{\"@type\":\"WebPage\",\"@id\":\"https:\/\/soclose.mx\/blog\/tag\/juan-rulfo-frases-mujeres\/\",\"url\":\"https:\/\/soclose.mx\/blog\/tag\/juan-rulfo-frases-mujeres\/\",\"name\":\"Video: \u00a1Orgullo mexicano! Se graduan las primeras mujeres como pilotos navales de la Armada de M\u00e9xico - So Close\",\"isPartOf\":{\"@id\":\"https:\/\/soclose.mx\/blog\/#website\"},\"primaryImageOfPage\":{\"@id\":\"https:\/\/soclose.mx\/blog\/tag\/juan-rulfo-frases-mujeres\/#primaryimage\"},\"image\":{\"@id\":\"https:\/\/soclose.mx\/blog\/tag\/juan-rulfo-frases-mujeres\/#primaryimage\"},\"thumbnailUrl\":\"https:\/\/i0.wp.com\/soclose.mx\/blog\/wp-content\/uploads\/2022\/08\/mujeres-navales.jpeg?fit=960%2C720&ssl=1\",\"datePublished\":\"2022-08-24T01:39:29+00:00\",\"dateModified\":\"2023-10-16T17:48:59+00:00\",\"breadcrumb\":{\"@id\":\"https:\/\/soclose.mx\/blog\/tag\/juan-rulfo-frases-mujeres\/#breadcrumb\"},\"inLanguage\":\"es\",\"potentialAction\":[{\"@type\":\"ReadAction\",\"target\":[\"https:\/\/soclose.mx\/blog\/tag\/juan-rulfo-frases-mujeres\/\"]}]},{\"@type\":\"ImageObject\",\"inLanguage\":\"es\",\"@id\":\"https:\/\/soclose.mx\/blog\/tag\/juan-rulfo-frases-mujeres\/#primaryimage\",\"url\":\"https:\/\/i0.wp.com\/soclose.mx\/blog\/wp-content\/uploads\/2022\/08\/mujeres-navales.jpeg?fit=960%2C720&ssl=1\",\"contentUrl\":\"https:\/\/i0.wp.com\/soclose.mx\/blog\/wp-content\/uploads\/2022\/08\/mujeres-navales.jpeg?fit=960%2C720&ssl=1\",\"width\":960,\"height\":720},{\"@type\":\"BreadcrumbList\",\"@id\":\"https:\/\/soclose.mx\/blog\/tag\/juan-rulfo-frases-mujeres\/#breadcrumb\",\"itemListElement\":[{\"@type\":\"ListItem\",\"position\":1,\"name\":\"Inicio\",\"item\":\"https:\/\/soclose.mx\/blog\/\"},{\"@type\":\"ListItem\",\"position\":2,\"name\":\"Video: \u00a1Orgullo mexicano! Se graduan las primeras mujeres como pilotos navales de la Armada de M\u00e9xico\"}]},{\"@type\":\"WebSite\",\"@id\":\"https:\/\/soclose.mx\/blog\/#website\",\"url\":\"https:\/\/soclose.mx\/blog\/\",\"name\":\"So Close\",\"description\":\"Hacemos contenidos de M\u00e9xico\",\"publisher\":{\"@id\":\"https:\/\/soclose.mx\/blog\/#organization\"},\"potentialAction\":[{\"@type\":\"SearchAction\",\"target\":{\"@type\":\"EntryPoint\",\"urlTemplate\":\"https:\/\/soclose.mx\/blog\/?s={search_term_string}\"},\"query-input\":{\"@type\":\"PropertyValueSpecification\",\"valueRequired\":true,\"valueName\":\"search_term_string\"}}],\"inLanguage\":\"es\"},{\"@type\":\"Organization\",\"@id\":\"https:\/\/soclose.mx\/blog\/#organization\",\"name\":\"So Close\",\"url\":\"https:\/\/soclose.mx\/blog\/\",\"logo\":{\"@type\":\"ImageObject\",\"inLanguage\":\"es\",\"@id\":\"https:\/\/soclose.mx\/blog\/#\/schema\/logo\/image\/\",\"url\":\"https:\/\/i0.wp.com\/soclose.mx\/blog\/wp-content\/uploads\/2020\/12\/LOGO_SOCLOSE_COLOR-e1608310133507.png?fit=2858%2C1264&ssl=1\",\"contentUrl\":\"https:\/\/i0.wp.com\/soclose.mx\/blog\/wp-content\/uploads\/2020\/12\/LOGO_SOCLOSE_COLOR-e1608310133507.png?fit=2858%2C1264&ssl=1\",\"width\":2858,\"height\":1264,\"caption\":\"So Close\"},\"image\":{\"@id\":\"https:\/\/soclose.mx\/blog\/#\/schema\/logo\/image\/\"}},{\"@type\":\"Person\",\"@id\":\"https:\/\/soclose.mx\/blog\/#\/schema\/person\/54cd06c3a8cdc01a80c08725278aff88\",\"name\":\"Daniel Ram\u00edrez\",\"image\":{\"@type\":\"ImageObject\",\"inLanguage\":\"es\",\"@id\":\"https:\/\/soclose.mx\/blog\/#\/schema\/person\/image\/\",\"url\":\"https:\/\/secure.gravatar.com\/avatar\/74af6012f2e898d2be93cf32e26b59a2c9489743c9ca6270d7848b44edd7d272?s=96&d=mm&r=g\",\"contentUrl\":\"https:\/\/secure.gravatar.com\/avatar\/74af6012f2e898d2be93cf32e26b59a2c9489743c9ca6270d7848b44edd7d272?s=96&d=mm&r=g\",\"caption\":\"Daniel Ram\u00edrez\"},\"url\":\"https:\/\/soclose.mx\/blog\/author\/peter\/\"}]}<\/script>\n<!-- \/ Yoast SEO plugin. -->","yoast_head_json":{"title":"Video: \u00a1Orgullo mexicano! Se graduan las primeras mujeres como pilotos navales de la Armada de M\u00e9xico - So Close","robots":{"index":"index","follow":"follow","max-snippet":"max-snippet:-1","max-image-preview":"max-image-preview:large","max-video-preview":"max-video-preview:-1"},"canonical":"https:\/\/soclose.mx\/blog\/tag\/juan-rulfo-frases-mujeres\/","og_locale":"es_MX","og_type":"article","og_title":"Video: \u00a1Orgullo mexicano! Se graduan las primeras mujeres como pilotos navales de la Armada de M\u00e9xico - So Close","og_description":"Quien diga que el ej\u00e9rcito, la marina, y las otras \u00e1reas de las fuerzas armadas de M\u00e9xico son solo para hombres, est\u00e1n muy equivocados. Las mujeres son igual de capaces para ocupar cualquier puesto dentro de la seguridad nacional de nuestro pa\u00eds y dos mujeres mexicanas lo han demostrado. Las Tenientes de Corbeta, Isabel Jim\u00e9nez D\u00edaz y Citlalli Nieto Guzm\u00e1n, se convirtieron en las primeras mujeres en la historia en graduarse como Pilotos de Ala M\u00f3vil de la Escuela de Aviaci\u00f3n Naval con\u00a0sede en La Paz, Baja California. Ambas se\u00f1oritas no solo concluyeron sus estudios de posgrado, sino que se","og_url":"https:\/\/soclose.mx\/blog\/tag\/juan-rulfo-frases-mujeres\/","og_site_name":"So Close","article_published_time":"2022-08-24T01:39:29+00:00","article_modified_time":"2023-10-16T17:48:59+00:00","og_image":[{"width":960,"height":720,"url":"https:\/\/i0.wp.com\/soclose.mx\/blog\/wp-content\/uploads\/2022\/08\/mujeres-navales.jpeg?fit=960%2C720&ssl=1","type":"image\/jpeg"}],"author":"Daniel Ram\u00edrez","twitter_card":"summary_large_image","twitter_misc":{"Escrito por":"Daniel Ram\u00edrez","Tiempo de lectura":"1 minuto"},"schema":{"@context":"https:\/\/schema.org","@graph":[{"@type":"Article","@id":"https:\/\/soclose.mx\/blog\/tag\/juan-rulfo-frases-mujeres\/#article","isPartOf":{"@id":"https:\/\/soclose.mx\/blog\/tag\/juan-rulfo-frases-mujeres\/"},"author":{"name":"Daniel Ram\u00edrez","@id":"https:\/\/soclose.mx\/blog\/#\/schema\/person\/54cd06c3a8cdc01a80c08725278aff88"},"headline":"Video: \u00a1Orgullo mexicano! Se graduan las primeras mujeres como pilotos navales de la Armada de M\u00e9xico","datePublished":"2022-08-24T01:39:29+00:00","dateModified":"2023-10-16T17:48:59+00:00","mainEntityOfPage":{"@id":"https:\/\/soclose.mx\/blog\/tag\/juan-rulfo-frases-mujeres\/"},"wordCount":157,"commentCount":0,"publisher":{"@id":"https:\/\/soclose.mx\/blog\/#organization"},"image":{"@id":"https:\/\/soclose.mx\/blog\/tag\/juan-rulfo-frases-mujeres\/#primaryimage"},"thumbnailUrl":"https:\/\/i0.wp.com\/soclose.mx\/blog\/wp-content\/uploads\/2022\/08\/mujeres-navales.jpeg?fit=960%2C720&ssl=1","keywords":["armada de mexico","fuerzas armadas","mexicanas pilotos semar","primeras mujeres graduadas","secretaria de marina","soclose"],"articleSection":["News feed"],"inLanguage":"es","potentialAction":[{"@type":"CommentAction","name":"Comment","target":["https:\/\/soclose.mx\/blog\/tag\/juan-rulfo-frases-mujeres\/#respond"]}]},{"@type":"WebPage","@id":"https:\/\/soclose.mx\/blog\/tag\/juan-rulfo-frases-mujeres\/","url":"https:\/\/soclose.mx\/blog\/tag\/juan-rulfo-frases-mujeres\/","name":"Video: \u00a1Orgullo mexicano! Se graduan las primeras mujeres como pilotos navales de la Armada de M\u00e9xico - So Close","isPartOf":{"@id":"https:\/\/soclose.mx\/blog\/#website"},"primaryImageOfPage":{"@id":"https:\/\/soclose.mx\/blog\/tag\/juan-rulfo-frases-mujeres\/#primaryimage"},"image":{"@id":"https:\/\/soclose.mx\/blog\/tag\/juan-rulfo-frases-mujeres\/#primaryimage"},"thumbnailUrl":"https:\/\/i0.wp.com\/soclose.mx\/blog\/wp-content\/uploads\/2022\/08\/mujeres-navales.jpeg?fit=960%2C720&ssl=1","datePublished":"2022-08-24T01:39:29+00:00","dateModified":"2023-10-16T17:48:59+00:00","breadcrumb":{"@id":"https:\/\/soclose.mx\/blog\/tag\/juan-rulfo-frases-mujeres\/#breadcrumb"},"inLanguage":"es","potentialAction":[{"@type":"ReadAction","target":["https:\/\/soclose.mx\/blog\/tag\/juan-rulfo-frases-mujeres\/"]}]},{"@type":"ImageObject","inLanguage":"es","@id":"https:\/\/soclose.mx\/blog\/tag\/juan-rulfo-frases-mujeres\/#primaryimage","url":"https:\/\/i0.wp.com\/soclose.mx\/blog\/wp-content\/uploads\/2022\/08\/mujeres-navales.jpeg?fit=960%2C720&ssl=1","contentUrl":"https:\/\/i0.wp.com\/soclose.mx\/blog\/wp-content\/uploads\/2022\/08\/mujeres-navales.jpeg?fit=960%2C720&ssl=1","width":960,"height":720},{"@type":"BreadcrumbList","@id":"https:\/\/soclose.mx\/blog\/tag\/juan-rulfo-frases-mujeres\/#breadcrumb","itemListElement":[{"@type":"ListItem","position":1,"name":"Inicio","item":"https:\/\/soclose.mx\/blog\/"},{"@type":"ListItem","position":2,"name":"Video: \u00a1Orgullo mexicano! Se graduan las primeras mujeres como pilotos navales de la Armada de M\u00e9xico"}]},{"@type":"WebSite","@id":"https:\/\/soclose.mx\/blog\/#website","url":"https:\/\/soclose.mx\/blog\/","name":"So Close","description":"Hacemos contenidos de M\u00e9xico","publisher":{"@id":"https:\/\/soclose.mx\/blog\/#organization"},"potentialAction":[{"@type":"SearchAction","target":{"@type":"EntryPoint","urlTemplate":"https:\/\/soclose.mx\/blog\/?s={search_term_string}"},"query-input":{"@type":"PropertyValueSpecification","valueRequired":true,"valueName":"search_term_string"}}],"inLanguage":"es"},{"@type":"Organization","@id":"https:\/\/soclose.mx\/blog\/#organization","name":"So Close","url":"https:\/\/soclose.mx\/blog\/","logo":{"@type":"ImageObject","inLanguage":"es","@id":"https:\/\/soclose.mx\/blog\/#\/schema\/logo\/image\/","url":"https:\/\/i0.wp.com\/soclose.mx\/blog\/wp-content\/uploads\/2020\/12\/LOGO_SOCLOSE_COLOR-e1608310133507.png?fit=2858%2C1264&ssl=1","contentUrl":"https:\/\/i0.wp.com\/soclose.mx\/blog\/wp-content\/uploads\/2020\/12\/LOGO_SOCLOSE_COLOR-e1608310133507.png?fit=2858%2C1264&ssl=1","width":2858,"height":1264,"caption":"So Close"},"image":{"@id":"https:\/\/soclose.mx\/blog\/#\/schema\/logo\/image\/"}},{"@type":"Person","@id":"https:\/\/soclose.mx\/blog\/#\/schema\/person\/54cd06c3a8cdc01a80c08725278aff88","name":"Daniel Ram\u00edrez","image":{"@type":"ImageObject","inLanguage":"es","@id":"https:\/\/soclose.mx\/blog\/#\/schema\/person\/image\/","url":"https:\/\/secure.gravatar.com\/avatar\/74af6012f2e898d2be93cf32e26b59a2c9489743c9ca6270d7848b44edd7d272?s=96&d=mm&r=g","contentUrl":"https:\/\/secure.gravatar.com\/avatar\/74af6012f2e898d2be93cf32e26b59a2c9489743c9ca6270d7848b44edd7d272?s=96&d=mm&r=g","caption":"Daniel Ram\u00edrez"},"url":"https:\/\/soclose.mx\/blog\/author\/peter\/"}]}},"jetpack_featured_media_url":"https:\/\/i0.wp.com\/soclose.mx\/blog\/wp-content\/uploads\/2022\/08\/mujeres-navales.jpeg?fit=960%2C720&ssl=1","jetpack-related-posts":[{"id":11144,"url":"https:\/\/soclose.mx\/blog\/ay-goeeee\/frida-la-huella-de-una-heroina-mexicana-de-cuatro-patas\/","url_meta":{"origin":11012,"position":0},"title":"Frida: la huella de una hero\u00edna mexicana de cuatro patas","author":"Daniel Ram\u00edrez","date":"20 noviembre, 2022","format":false,"excerpt":"https:\/\/www.facebook.com\/SEMARMX\/videos\/852965612413583 \u201cEn homenaje a la extraordinaria labor que tuviste como integrante de nuestra noble instituci\u00f3n. En gratitud al cari\u00f1o y amor que contin\u00faas sembrando a nuestra Gran Familia Naval, en millones de mexicanas y mexicanos, y m\u00e1s all\u00e1 de nuestras fronteras. Tu vida nos motiva a continuar d\u00e1ndolo todo para\u2026","rel":"","context":"En &quot;\u00a1Ay goeeee!&quot;","block_context":{"text":"\u00a1Ay goeeee!","link":"https:\/\/soclose.mx\/blog\/category\/ay-goeeee\/"},"img":{"alt_text":"","src":"https:\/\/i0.wp.com\/soclose.mx\/blog\/wp-content\/uploads\/2022\/11\/frida.jpeg?fit=650%2C380&ssl=1&resize=350%2C200","width":350,"height":200,"srcset":"https:\/\/i0.wp.com\/soclose.mx\/blog\/wp-content\/uploads\/2022\/11\/frida.jpeg?fit=650%2C380&ssl=1&resize=350%2C200 1x, https:\/\/i0.wp.com\/soclose.mx\/blog\/wp-content\/uploads\/2022\/11\/frida.jpeg?fit=650%2C380&ssl=1&resize=525%2C300 1.5x"},"classes":[]},{"id":14343,"url":"https:\/\/soclose.mx\/blog\/a-la-mexicana\/las-mujeres-en-la-revolucion-mexicana-y-sus-destacados-roles\/","url_meta":{"origin":11012,"position":1},"title":"Las Mujeres en la Revoluci\u00f3n Mexicana y sus destacados roles","author":"So Close","date":"10 noviembre, 2025","format":false,"excerpt":"\u00bfSab\u00edas que las mujeres jugaron un papel fundamental en la Revoluci\u00f3n Mexicana? M\u00e1s all\u00e1 de las soldaderas, la participaci\u00f3n de las Mujeres en la Revoluci\u00f3n Mexicana fue diversa, trascendental y con roles destacados, desde enfermeras y esp\u00edas hasta l\u00edderes pol\u00edticas. La Revoluci\u00f3n Mexicana, un periodo de grandes transformaciones sociales y\u2026","rel":"","context":"En &quot;\u00a1Ay goeeee!&quot;","block_context":{"text":"\u00a1Ay goeeee!","link":"https:\/\/soclose.mx\/blog\/category\/ay-goeeee\/"},"img":{"alt_text":"Mujeres de la revoluci\u00f3n mexicana","src":"https:\/\/i0.wp.com\/soclose.mx\/blog\/wp-content\/uploads\/2024\/11\/mujeres-de-la-revolucion-mexicana.jpg?fit=1200%2C675&ssl=1&resize=350%2C200","width":350,"height":200,"srcset":"https:\/\/i0.wp.com\/soclose.mx\/blog\/wp-content\/uploads\/2024\/11\/mujeres-de-la-revolucion-mexicana.jpg?fit=1200%2C675&ssl=1&resize=350%2C200 1x, https:\/\/i0.wp.com\/soclose.mx\/blog\/wp-content\/uploads\/2024\/11\/mujeres-de-la-revolucion-mexicana.jpg?fit=1200%2C675&ssl=1&resize=525%2C300 1.5x, https:\/\/i0.wp.com\/soclose.mx\/blog\/wp-content\/uploads\/2024\/11\/mujeres-de-la-revolucion-mexicana.jpg?fit=1200%2C675&ssl=1&resize=700%2C400 2x, https:\/\/i0.wp.com\/soclose.mx\/blog\/wp-content\/uploads\/2024\/11\/mujeres-de-la-revolucion-mexicana.jpg?fit=1200%2C675&ssl=1&resize=1050%2C600 3x"},"classes":[]},{"id":14828,"url":"https:\/\/soclose.mx\/blog\/a-la-mexicana\/frases-populares-que-nacieron-en-la-revolucion-mexicana-y-que-sigues-usandola-revolucion-mexicana-1910-1920-no-solo-fue-un-conflicto-armado-que-transformo-la-historia-politica-y-social-de-m\/","url_meta":{"origin":11012,"position":2},"title":"Frases populares que nacieron en la Revoluci\u00f3n Mexicana\u2026 y que sigues usando","author":"So Close","date":"18 noviembre, 2025","format":false,"excerpt":"La Revoluci\u00f3n Mexicana (1910-1920) no solo fue un conflicto armado que transform\u00f3 la historia pol\u00edtica y social de M\u00e9xico, tambi\u00e9n fue una fuente rica de expresiones coloquiales que a\u00fan hoy forman parte del lenguaje cotidiano. Muchas de estas frases populares que nacieron en la Revoluci\u00f3n Mexicana, fue en medio de\u2026","rel":"","context":"En &quot;\u00a1Ay goeeee!&quot;","block_context":{"text":"\u00a1Ay goeeee!","link":"https:\/\/soclose.mx\/blog\/category\/ay-goeeee\/"},"img":{"alt_text":"Revoluci\u00f3n Mexicana","src":"https:\/\/i0.wp.com\/soclose.mx\/blog\/wp-content\/uploads\/2025\/05\/Revolucion-Mexicana.jpg?fit=1200%2C675&ssl=1&resize=350%2C200","width":350,"height":200,"srcset":"https:\/\/i0.wp.com\/soclose.mx\/blog\/wp-content\/uploads\/2025\/05\/Revolucion-Mexicana.jpg?fit=1200%2C675&ssl=1&resize=350%2C200 1x, https:\/\/i0.wp.com\/soclose.mx\/blog\/wp-content\/uploads\/2025\/05\/Revolucion-Mexicana.jpg?fit=1200%2C675&ssl=1&resize=525%2C300 1.5x, https:\/\/i0.wp.com\/soclose.mx\/blog\/wp-content\/uploads\/2025\/05\/Revolucion-Mexicana.jpg?fit=1200%2C675&ssl=1&resize=700%2C400 2x, https:\/\/i0.wp.com\/soclose.mx\/blog\/wp-content\/uploads\/2025\/05\/Revolucion-Mexicana.jpg?fit=1200%2C675&ssl=1&resize=1050%2C600 3x"},"classes":[]},{"id":14431,"url":"https:\/\/soclose.mx\/blog\/ay-goeeee\/kingo-nonaka-el-medico-samurai-de-la-revolucion-mexicana\/","url_meta":{"origin":11012,"position":3},"title":"Kingo Nonaka: el m\u00e9dico samurai de la Revoluci\u00f3n Mexicana","author":"So Close","date":"1 noviembre, 2025","format":false,"excerpt":"Descubre la fascinante historia de Kingo Nonaka, un m\u00e9dico japon\u00e9s que se uni\u00f3 a la Revoluci\u00f3n Mexicana. Conoce su papel como combatiente, fot\u00f3grafo y su legado en M\u00e9xico. \u00a1Una historia de valent\u00eda y multiculturalidad! Kingo Nonaka fue un destacado personaje de la Revoluci\u00f3n Mexicana, conocido por su papel como enfermero\u2026","rel":"","context":"En &quot;\u00a1Ay goeeee!&quot;","block_context":{"text":"\u00a1Ay goeeee!","link":"https:\/\/soclose.mx\/blog\/category\/ay-goeeee\/"},"img":{"alt_text":"Kingo Nonaka: El m\u00e9dico samurai de la Revoluci\u00f3n Mexicana","src":"https:\/\/i0.wp.com\/soclose.mx\/blog\/wp-content\/uploads\/2024\/11\/Kingo-Nonaka-el-medico-samurai-de-la-Revolucion-Mexicana.jpg?fit=1200%2C675&ssl=1&resize=350%2C200","width":350,"height":200,"srcset":"https:\/\/i0.wp.com\/soclose.mx\/blog\/wp-content\/uploads\/2024\/11\/Kingo-Nonaka-el-medico-samurai-de-la-Revolucion-Mexicana.jpg?fit=1200%2C675&ssl=1&resize=350%2C200 1x, https:\/\/i0.wp.com\/soclose.mx\/blog\/wp-content\/uploads\/2024\/11\/Kingo-Nonaka-el-medico-samurai-de-la-Revolucion-Mexicana.jpg?fit=1200%2C675&ssl=1&resize=525%2C300 1.5x, https:\/\/i0.wp.com\/soclose.mx\/blog\/wp-content\/uploads\/2024\/11\/Kingo-Nonaka-el-medico-samurai-de-la-Revolucion-Mexicana.jpg?fit=1200%2C675&ssl=1&resize=700%2C400 2x, https:\/\/i0.wp.com\/soclose.mx\/blog\/wp-content\/uploads\/2024\/11\/Kingo-Nonaka-el-medico-samurai-de-la-Revolucion-Mexicana.jpg?fit=1200%2C675&ssl=1&resize=1050%2C600 3x"},"classes":[]},{"id":14712,"url":"https:\/\/soclose.mx\/blog\/news-feed\/que-habra-en-el-festival-tiempo-de-mujeres-2025\/","url_meta":{"origin":11012,"position":4},"title":"\u00bfQu\u00e9 habr\u00e1 en el festival Tiempo de Mujeres 2025?","author":"So Close","date":"24 febrero, 2025","format":false,"excerpt":"El festival Tiempo de Mujeres 2025 es un evento cultural significativo que se llevar\u00e1 a cabo en la Ciudad de M\u00e9xico del 28 de febrero al 6 de abril de 2025. Este festival, que celebra su s\u00e9ptima edici\u00f3n, tiene como objetivo visibilizar y fortalecer la lucha por los derechos de\u2026","rel":"","context":"En &quot;News feed&quot;","block_context":{"text":"News feed","link":"https:\/\/soclose.mx\/blog\/category\/news-feed\/"},"img":{"alt_text":"Festival Tiempo de Mujeres","src":"https:\/\/i0.wp.com\/soclose.mx\/blog\/wp-content\/uploads\/2025\/02\/Festival-.jpg?fit=1200%2C675&ssl=1&resize=350%2C200","width":350,"height":200,"srcset":"https:\/\/i0.wp.com\/soclose.mx\/blog\/wp-content\/uploads\/2025\/02\/Festival-.jpg?fit=1200%2C675&ssl=1&resize=350%2C200 1x, https:\/\/i0.wp.com\/soclose.mx\/blog\/wp-content\/uploads\/2025\/02\/Festival-.jpg?fit=1200%2C675&ssl=1&resize=525%2C300 1.5x, https:\/\/i0.wp.com\/soclose.mx\/blog\/wp-content\/uploads\/2025\/02\/Festival-.jpg?fit=1200%2C675&ssl=1&resize=700%2C400 2x, https:\/\/i0.wp.com\/soclose.mx\/blog\/wp-content\/uploads\/2025\/02\/Festival-.jpg?fit=1200%2C675&ssl=1&resize=1050%2C600 3x"},"classes":[]},{"id":12018,"url":"https:\/\/soclose.mx\/blog\/a-la-mexicana\/mujeres-independencia-heroinas-patria\/","url_meta":{"origin":11012,"position":5},"title":"Mujeres de la Independencia que no se rajaron \u00bfLas conoces?","author":"Emmanuel Oviedo","date":"15 agosto, 2023","format":false,"excerpt":"Las mujeres en la Independencia de M\u00e9xico tuvieron un papel importante y trascendieron en un mundo dominado por los hombres. Entregaron al pa\u00eds lo mejor de s\u00ed y muchas han permanecido en el anonimato; solo algunas han sobresalido en el discurso de la historia. Desde muy peque\u00f1os, en la escuela\u2026","rel":"","context":"En &quot;A la mexicana&quot;","block_context":{"text":"A la mexicana","link":"https:\/\/soclose.mx\/blog\/category\/a-la-mexicana\/"},"img":{"alt_text":"Mujeres en la Independencia de M\u00e9xico","src":"https:\/\/i0.wp.com\/soclose.mx\/blog\/wp-content\/uploads\/2023\/07\/Mujeres-en-la-Independencia-Mexico-heroinas.jpg?fit=1200%2C675&ssl=1&resize=350%2C200","width":350,"height":200,"srcset":"https:\/\/i0.wp.com\/soclose.mx\/blog\/wp-content\/uploads\/2023\/07\/Mujeres-en-la-Independencia-Mexico-heroinas.jpg?fit=1200%2C675&ssl=1&resize=350%2C200 1x, https:\/\/i0.wp.com\/soclose.mx\/blog\/wp-content\/uploads\/2023\/07\/Mujeres-en-la-Independencia-Mexico-heroinas.jpg?fit=1200%2C675&ssl=1&resize=525%2C300 1.5x, https:\/\/i0.wp.com\/soclose.mx\/blog\/wp-content\/uploads\/2023\/07\/Mujeres-en-la-Independencia-Mexico-heroinas.jpg?fit=1200%2C675&ssl=1&resize=700%2C400 2x, https:\/\/i0.wp.com\/soclose.mx\/blog\/wp-content\/uploads\/2023\/07\/Mujeres-en-la-Independencia-Mexico-heroinas.jpg?fit=1200%2C675&ssl=1&resize=1050%2C600 3x"},"classes":[]}],"jetpack_sharing_enabled":true,"_links":{"self":[{"href":"https:\/\/soclose.mx\/blog\/wp-json\/wp\/v2\/posts\/11012","targetHints":{"allow":["GET"]}}],"collection":[{"href":"https:\/\/soclose.mx\/blog\/wp-json\/wp\/v2\/posts"}],"about":[{"href":"https:\/\/soclose.mx\/blog\/wp-json\/wp\/v2\/types\/post"}],"author":[{"embeddable":true,"href":"https:\/\/soclose.mx\/blog\/wp-json\/wp\/v2\/users\/9"}],"replies":[{"embeddable":true,"href":"https:\/\/soclose.mx\/blog\/wp-json\/wp\/v2\/comments?post=11012"}],"version-history":[{"count":0,"href":"https:\/\/soclose.mx\/blog\/wp-json\/wp\/v2\/posts\/11012\/revisions"}],"wp:featuredmedia":[{"embeddable":true,"href":"https:\/\/soclose.mx\/blog\/wp-json\/wp\/v2\/media\/11014"}],"wp:attachment":[{"href":"https:\/\/soclose.mx\/blog\/wp-json\/wp\/v2\/media?parent=11012"}],"wp:term":[{"taxonomy":"category","embeddable":true,"href":"https:\/\/soclose.mx\/blog\/wp-json\/wp\/v2\/categories?post=11012"},{"taxonomy":"post_tag","embeddable":true,"href":"https:\/\/soclose.mx\/blog\/wp-json\/wp\/v2\/tags?post=11012"}],"curies":[{"name":"wp","href":"https:\/\/api.w.org\/{rel}","templated":true}]}}