{"id":11076,"date":"2022-08-27T14:47:10","date_gmt":"2022-08-27T19:47:10","guid":{"rendered":"https:\/\/soclose.mx\/blog\/?p=11076"},"modified":"2022-08-27T14:47:10","modified_gmt":"2022-08-27T19:47:10","slug":"joto-cual-es-el-origen-de-este-termino","status":"publish","type":"post","link":"https:\/\/soclose.mx\/blog\/ay-goeeee\/joto-cual-es-el-origen-de-este-termino\/","title":{"rendered":"&#8220;Joto&#8221;, \u00bfcu\u00e1l es el origen de este t\u00e9rmino?"},"content":{"rendered":"<p>El idioma espa\u00f1ol <a href=\"https:\/\/soclose.mx\/blog\/ay-goeeee\/tips-mananeros-de-salud-segun-el-albur\/\">es muy rico y muy variado<\/a> y conforme va pasando el tiempo, nuevos t\u00e9rminos se van agregando.<\/p>\n<p>Pero ahora nos detendremos para conocer el origen y uso de una palabra que hist\u00f3ricamente no ha sido usada de buena manera: \u201cjoto\u201d.<\/p>\n<p>El t\u00e9rmino naci\u00f3 en la c\u00e1rcel de Lecumberri, una prisi\u00f3n fundada en a\u00f1o 1900 por el entonces presidente de M\u00e9xico, Porfirio D\u00edaz.<\/p>\n<p>En este sitio, se separaban los prisioneros por \u00e1reas, dependiendo el crimen cometido: el pasillo de los acusados por robo era el \u2018A\u2019; delitos no graves, el \u2018B\u2019; cr\u00edmenes que enfrentaban un proceso corto, el \u2018H\u2019, etc\u00e9tera.<\/p>\n<p>Y hab\u00eda uno en particular en el que estaban recluidos los homosexuales. Ya se imaginar\u00e1n cu\u00e1l\u2026 S\u00ed, el pasillo J. A los prisioneros que estaban en esa zona se les llamaba \u201cjotos\u201d.<\/p>\n<p>Con el tiempo, la palabra \u201cse liber\u00f3\u201d de Lecumberri y se utiliz\u00f3 en la sociedad mexicana para referirse a las personas con esta caracter\u00edstica.<\/p>\n","protected":false},"excerpt":{"rendered":"<p>El idioma espa\u00f1ol es muy rico y muy variado y conforme va pasando el tiempo, nuevos t\u00e9rminos se van agregando. Pero ahora nos detendremos para conocer el origen y uso de una palabra que hist\u00f3ricamente no ha sido usada de buena manera: \u201cjoto\u201d. El t\u00e9rmino naci\u00f3 en la c\u00e1rcel de Lecumberri, una prisi\u00f3n fundada en a\u00f1o 1900 por el entonces presidente de M\u00e9xico, Porfirio D\u00edaz. En este sitio, se separaban los prisioneros por \u00e1reas, dependiendo el crimen cometido: el pasillo de los acusados por robo era el \u2018A\u2019; delitos no graves, el \u2018B\u2019; cr\u00edmenes que enfrentaban un proceso corto, el<\/p>\n","protected":false},"author":9,"featured_media":11077,"comment_status":"open","ping_status":"open","sticky":false,"template":"","format":"standard","meta":{"_jetpack_memberships_contains_paid_content":false,"footnotes":""},"categories":[1],"tags":[2350,2978,2977,2979,2980,2981],"class_list":["post-11076","post","type-post","status-publish","format-standard","has-post-thumbnail","hentry","category-ay-goeeee","tag-gays","tag-homosexuales","tag-joto","tag-lecumberri","tag-origen-de-los-jotos","tag-palabra-joto"],"yoast_head":"<!-- This site is optimized with the Yoast SEO plugin v26.7 - https:\/\/yoast.com\/wordpress\/plugins\/seo\/ -->\n<title>&quot;Joto&quot;, \u00bfcu\u00e1l es el origen de este t\u00e9rmino? - So Close<\/title>\n<meta name=\"robots\" content=\"index, follow, max-snippet:-1, max-image-preview:large, max-video-preview:-1\" \/>\n<link rel=\"canonical\" href=\"https:\/\/soclose.mx\/blog\/tag\/juan-rulfo-frases-mujeres\/\" \/>\n<meta property=\"og:locale\" content=\"es_MX\" \/>\n<meta property=\"og:type\" content=\"article\" \/>\n<meta property=\"og:title\" content=\"&quot;Joto&quot;, \u00bfcu\u00e1l es el origen de este t\u00e9rmino? - So Close\" \/>\n<meta property=\"og:description\" content=\"El idioma espa\u00f1ol es muy rico y muy variado y conforme va pasando el tiempo, nuevos t\u00e9rminos se van agregando. Pero ahora nos detendremos para conocer el origen y uso de una palabra que hist\u00f3ricamente no ha sido usada de buena manera: \u201cjoto\u201d. El t\u00e9rmino naci\u00f3 en la c\u00e1rcel de Lecumberri, una prisi\u00f3n fundada en a\u00f1o 1900 por el entonces presidente de M\u00e9xico, Porfirio D\u00edaz. En este sitio, se separaban los prisioneros por \u00e1reas, dependiendo el crimen cometido: el pasillo de los acusados por robo era el \u2018A\u2019; delitos no graves, el \u2018B\u2019; cr\u00edmenes que enfrentaban un proceso corto, el\" \/>\n<meta property=\"og:url\" content=\"https:\/\/soclose.mx\/blog\/tag\/juan-rulfo-frases-mujeres\/\" \/>\n<meta property=\"og:site_name\" content=\"So Close\" \/>\n<meta property=\"article:published_time\" content=\"2022-08-27T19:47:10+00:00\" \/>\n<meta property=\"og:image\" content=\"https:\/\/i0.wp.com\/soclose.mx\/blog\/wp-content\/uploads\/2022\/08\/lecumberri-joto.jpg?fit=660%2C420&ssl=1\" \/>\n\t<meta property=\"og:image:width\" content=\"660\" \/>\n\t<meta property=\"og:image:height\" content=\"420\" \/>\n\t<meta property=\"og:image:type\" content=\"image\/jpeg\" \/>\n<meta name=\"author\" content=\"Daniel Ram\u00edrez\" \/>\n<meta name=\"twitter:card\" content=\"summary_large_image\" \/>\n<meta name=\"twitter:label1\" content=\"Escrito por\" \/>\n\t<meta name=\"twitter:data1\" content=\"Daniel Ram\u00edrez\" \/>\n\t<meta name=\"twitter:label2\" content=\"Tiempo de lectura\" \/>\n\t<meta name=\"twitter:data2\" content=\"1 minuto\" \/>\n<script type=\"application\/ld+json\" class=\"yoast-schema-graph\">{\"@context\":\"https:\/\/schema.org\",\"@graph\":[{\"@type\":\"Article\",\"@id\":\"https:\/\/soclose.mx\/blog\/tag\/juan-rulfo-frases-mujeres\/#article\",\"isPartOf\":{\"@id\":\"https:\/\/soclose.mx\/blog\/tag\/juan-rulfo-frases-mujeres\/\"},\"author\":{\"name\":\"Daniel Ram\u00edrez\",\"@id\":\"https:\/\/soclose.mx\/blog\/#\/schema\/person\/54cd06c3a8cdc01a80c08725278aff88\"},\"headline\":\"&#8220;Joto&#8221;, \u00bfcu\u00e1l es el origen de este t\u00e9rmino?\",\"datePublished\":\"2022-08-27T19:47:10+00:00\",\"mainEntityOfPage\":{\"@id\":\"https:\/\/soclose.mx\/blog\/tag\/juan-rulfo-frases-mujeres\/\"},\"wordCount\":182,\"commentCount\":0,\"publisher\":{\"@id\":\"https:\/\/soclose.mx\/blog\/#organization\"},\"image\":{\"@id\":\"https:\/\/soclose.mx\/blog\/tag\/juan-rulfo-frases-mujeres\/#primaryimage\"},\"thumbnailUrl\":\"https:\/\/i0.wp.com\/soclose.mx\/blog\/wp-content\/uploads\/2022\/08\/lecumberri-joto.jpg?fit=660%2C420&ssl=1\",\"keywords\":[\"gays\",\"homosexuales\",\"joto\",\"lecumberri\",\"origen de los jotos\",\"palabra joto\"],\"articleSection\":[\"\u00a1Ay goeeee!\"],\"inLanguage\":\"es\",\"potentialAction\":[{\"@type\":\"CommentAction\",\"name\":\"Comment\",\"target\":[\"https:\/\/soclose.mx\/blog\/tag\/juan-rulfo-frases-mujeres\/#respond\"]}]},{\"@type\":\"WebPage\",\"@id\":\"https:\/\/soclose.mx\/blog\/tag\/juan-rulfo-frases-mujeres\/\",\"url\":\"https:\/\/soclose.mx\/blog\/tag\/juan-rulfo-frases-mujeres\/\",\"name\":\"\\\"Joto\\\", \u00bfcu\u00e1l es el origen de este t\u00e9rmino? - So Close\",\"isPartOf\":{\"@id\":\"https:\/\/soclose.mx\/blog\/#website\"},\"primaryImageOfPage\":{\"@id\":\"https:\/\/soclose.mx\/blog\/tag\/juan-rulfo-frases-mujeres\/#primaryimage\"},\"image\":{\"@id\":\"https:\/\/soclose.mx\/blog\/tag\/juan-rulfo-frases-mujeres\/#primaryimage\"},\"thumbnailUrl\":\"https:\/\/i0.wp.com\/soclose.mx\/blog\/wp-content\/uploads\/2022\/08\/lecumberri-joto.jpg?fit=660%2C420&ssl=1\",\"datePublished\":\"2022-08-27T19:47:10+00:00\",\"breadcrumb\":{\"@id\":\"https:\/\/soclose.mx\/blog\/tag\/juan-rulfo-frases-mujeres\/#breadcrumb\"},\"inLanguage\":\"es\",\"potentialAction\":[{\"@type\":\"ReadAction\",\"target\":[\"https:\/\/soclose.mx\/blog\/tag\/juan-rulfo-frases-mujeres\/\"]}]},{\"@type\":\"ImageObject\",\"inLanguage\":\"es\",\"@id\":\"https:\/\/soclose.mx\/blog\/tag\/juan-rulfo-frases-mujeres\/#primaryimage\",\"url\":\"https:\/\/i0.wp.com\/soclose.mx\/blog\/wp-content\/uploads\/2022\/08\/lecumberri-joto.jpg?fit=660%2C420&ssl=1\",\"contentUrl\":\"https:\/\/i0.wp.com\/soclose.mx\/blog\/wp-content\/uploads\/2022\/08\/lecumberri-joto.jpg?fit=660%2C420&ssl=1\",\"width\":660,\"height\":420},{\"@type\":\"BreadcrumbList\",\"@id\":\"https:\/\/soclose.mx\/blog\/tag\/juan-rulfo-frases-mujeres\/#breadcrumb\",\"itemListElement\":[{\"@type\":\"ListItem\",\"position\":1,\"name\":\"Inicio\",\"item\":\"https:\/\/soclose.mx\/blog\/\"},{\"@type\":\"ListItem\",\"position\":2,\"name\":\"&#8220;Joto&#8221;, \u00bfcu\u00e1l es el origen de este t\u00e9rmino?\"}]},{\"@type\":\"WebSite\",\"@id\":\"https:\/\/soclose.mx\/blog\/#website\",\"url\":\"https:\/\/soclose.mx\/blog\/\",\"name\":\"So Close\",\"description\":\"Hacemos contenidos de M\u00e9xico\",\"publisher\":{\"@id\":\"https:\/\/soclose.mx\/blog\/#organization\"},\"potentialAction\":[{\"@type\":\"SearchAction\",\"target\":{\"@type\":\"EntryPoint\",\"urlTemplate\":\"https:\/\/soclose.mx\/blog\/?s={search_term_string}\"},\"query-input\":{\"@type\":\"PropertyValueSpecification\",\"valueRequired\":true,\"valueName\":\"search_term_string\"}}],\"inLanguage\":\"es\"},{\"@type\":\"Organization\",\"@id\":\"https:\/\/soclose.mx\/blog\/#organization\",\"name\":\"So Close\",\"url\":\"https:\/\/soclose.mx\/blog\/\",\"logo\":{\"@type\":\"ImageObject\",\"inLanguage\":\"es\",\"@id\":\"https:\/\/soclose.mx\/blog\/#\/schema\/logo\/image\/\",\"url\":\"https:\/\/i0.wp.com\/soclose.mx\/blog\/wp-content\/uploads\/2020\/12\/LOGO_SOCLOSE_COLOR-e1608310133507.png?fit=2858%2C1264&ssl=1\",\"contentUrl\":\"https:\/\/i0.wp.com\/soclose.mx\/blog\/wp-content\/uploads\/2020\/12\/LOGO_SOCLOSE_COLOR-e1608310133507.png?fit=2858%2C1264&ssl=1\",\"width\":2858,\"height\":1264,\"caption\":\"So Close\"},\"image\":{\"@id\":\"https:\/\/soclose.mx\/blog\/#\/schema\/logo\/image\/\"}},{\"@type\":\"Person\",\"@id\":\"https:\/\/soclose.mx\/blog\/#\/schema\/person\/54cd06c3a8cdc01a80c08725278aff88\",\"name\":\"Daniel Ram\u00edrez\",\"image\":{\"@type\":\"ImageObject\",\"inLanguage\":\"es\",\"@id\":\"https:\/\/soclose.mx\/blog\/#\/schema\/person\/image\/\",\"url\":\"https:\/\/secure.gravatar.com\/avatar\/74af6012f2e898d2be93cf32e26b59a2c9489743c9ca6270d7848b44edd7d272?s=96&d=mm&r=g\",\"contentUrl\":\"https:\/\/secure.gravatar.com\/avatar\/74af6012f2e898d2be93cf32e26b59a2c9489743c9ca6270d7848b44edd7d272?s=96&d=mm&r=g\",\"caption\":\"Daniel Ram\u00edrez\"},\"url\":\"https:\/\/soclose.mx\/blog\/author\/peter\/\"}]}<\/script>\n<!-- \/ Yoast SEO plugin. -->","yoast_head_json":{"title":"\"Joto\", \u00bfcu\u00e1l es el origen de este t\u00e9rmino? - So Close","robots":{"index":"index","follow":"follow","max-snippet":"max-snippet:-1","max-image-preview":"max-image-preview:large","max-video-preview":"max-video-preview:-1"},"canonical":"https:\/\/soclose.mx\/blog\/tag\/juan-rulfo-frases-mujeres\/","og_locale":"es_MX","og_type":"article","og_title":"\"Joto\", \u00bfcu\u00e1l es el origen de este t\u00e9rmino? - So Close","og_description":"El idioma espa\u00f1ol es muy rico y muy variado y conforme va pasando el tiempo, nuevos t\u00e9rminos se van agregando. Pero ahora nos detendremos para conocer el origen y uso de una palabra que hist\u00f3ricamente no ha sido usada de buena manera: \u201cjoto\u201d. El t\u00e9rmino naci\u00f3 en la c\u00e1rcel de Lecumberri, una prisi\u00f3n fundada en a\u00f1o 1900 por el entonces presidente de M\u00e9xico, Porfirio D\u00edaz. En este sitio, se separaban los prisioneros por \u00e1reas, dependiendo el crimen cometido: el pasillo de los acusados por robo era el \u2018A\u2019; delitos no graves, el \u2018B\u2019; cr\u00edmenes que enfrentaban un proceso corto, el","og_url":"https:\/\/soclose.mx\/blog\/tag\/juan-rulfo-frases-mujeres\/","og_site_name":"So Close","article_published_time":"2022-08-27T19:47:10+00:00","og_image":[{"width":660,"height":420,"url":"https:\/\/i0.wp.com\/soclose.mx\/blog\/wp-content\/uploads\/2022\/08\/lecumberri-joto.jpg?fit=660%2C420&ssl=1","type":"image\/jpeg"}],"author":"Daniel Ram\u00edrez","twitter_card":"summary_large_image","twitter_misc":{"Escrito por":"Daniel Ram\u00edrez","Tiempo de lectura":"1 minuto"},"schema":{"@context":"https:\/\/schema.org","@graph":[{"@type":"Article","@id":"https:\/\/soclose.mx\/blog\/tag\/juan-rulfo-frases-mujeres\/#article","isPartOf":{"@id":"https:\/\/soclose.mx\/blog\/tag\/juan-rulfo-frases-mujeres\/"},"author":{"name":"Daniel Ram\u00edrez","@id":"https:\/\/soclose.mx\/blog\/#\/schema\/person\/54cd06c3a8cdc01a80c08725278aff88"},"headline":"&#8220;Joto&#8221;, \u00bfcu\u00e1l es el origen de este t\u00e9rmino?","datePublished":"2022-08-27T19:47:10+00:00","mainEntityOfPage":{"@id":"https:\/\/soclose.mx\/blog\/tag\/juan-rulfo-frases-mujeres\/"},"wordCount":182,"commentCount":0,"publisher":{"@id":"https:\/\/soclose.mx\/blog\/#organization"},"image":{"@id":"https:\/\/soclose.mx\/blog\/tag\/juan-rulfo-frases-mujeres\/#primaryimage"},"thumbnailUrl":"https:\/\/i0.wp.com\/soclose.mx\/blog\/wp-content\/uploads\/2022\/08\/lecumberri-joto.jpg?fit=660%2C420&ssl=1","keywords":["gays","homosexuales","joto","lecumberri","origen de los jotos","palabra joto"],"articleSection":["\u00a1Ay goeeee!"],"inLanguage":"es","potentialAction":[{"@type":"CommentAction","name":"Comment","target":["https:\/\/soclose.mx\/blog\/tag\/juan-rulfo-frases-mujeres\/#respond"]}]},{"@type":"WebPage","@id":"https:\/\/soclose.mx\/blog\/tag\/juan-rulfo-frases-mujeres\/","url":"https:\/\/soclose.mx\/blog\/tag\/juan-rulfo-frases-mujeres\/","name":"\"Joto\", \u00bfcu\u00e1l es el origen de este t\u00e9rmino? - So Close","isPartOf":{"@id":"https:\/\/soclose.mx\/blog\/#website"},"primaryImageOfPage":{"@id":"https:\/\/soclose.mx\/blog\/tag\/juan-rulfo-frases-mujeres\/#primaryimage"},"image":{"@id":"https:\/\/soclose.mx\/blog\/tag\/juan-rulfo-frases-mujeres\/#primaryimage"},"thumbnailUrl":"https:\/\/i0.wp.com\/soclose.mx\/blog\/wp-content\/uploads\/2022\/08\/lecumberri-joto.jpg?fit=660%2C420&ssl=1","datePublished":"2022-08-27T19:47:10+00:00","breadcrumb":{"@id":"https:\/\/soclose.mx\/blog\/tag\/juan-rulfo-frases-mujeres\/#breadcrumb"},"inLanguage":"es","potentialAction":[{"@type":"ReadAction","target":["https:\/\/soclose.mx\/blog\/tag\/juan-rulfo-frases-mujeres\/"]}]},{"@type":"ImageObject","inLanguage":"es","@id":"https:\/\/soclose.mx\/blog\/tag\/juan-rulfo-frases-mujeres\/#primaryimage","url":"https:\/\/i0.wp.com\/soclose.mx\/blog\/wp-content\/uploads\/2022\/08\/lecumberri-joto.jpg?fit=660%2C420&ssl=1","contentUrl":"https:\/\/i0.wp.com\/soclose.mx\/blog\/wp-content\/uploads\/2022\/08\/lecumberri-joto.jpg?fit=660%2C420&ssl=1","width":660,"height":420},{"@type":"BreadcrumbList","@id":"https:\/\/soclose.mx\/blog\/tag\/juan-rulfo-frases-mujeres\/#breadcrumb","itemListElement":[{"@type":"ListItem","position":1,"name":"Inicio","item":"https:\/\/soclose.mx\/blog\/"},{"@type":"ListItem","position":2,"name":"&#8220;Joto&#8221;, \u00bfcu\u00e1l es el origen de este t\u00e9rmino?"}]},{"@type":"WebSite","@id":"https:\/\/soclose.mx\/blog\/#website","url":"https:\/\/soclose.mx\/blog\/","name":"So Close","description":"Hacemos contenidos de M\u00e9xico","publisher":{"@id":"https:\/\/soclose.mx\/blog\/#organization"},"potentialAction":[{"@type":"SearchAction","target":{"@type":"EntryPoint","urlTemplate":"https:\/\/soclose.mx\/blog\/?s={search_term_string}"},"query-input":{"@type":"PropertyValueSpecification","valueRequired":true,"valueName":"search_term_string"}}],"inLanguage":"es"},{"@type":"Organization","@id":"https:\/\/soclose.mx\/blog\/#organization","name":"So Close","url":"https:\/\/soclose.mx\/blog\/","logo":{"@type":"ImageObject","inLanguage":"es","@id":"https:\/\/soclose.mx\/blog\/#\/schema\/logo\/image\/","url":"https:\/\/i0.wp.com\/soclose.mx\/blog\/wp-content\/uploads\/2020\/12\/LOGO_SOCLOSE_COLOR-e1608310133507.png?fit=2858%2C1264&ssl=1","contentUrl":"https:\/\/i0.wp.com\/soclose.mx\/blog\/wp-content\/uploads\/2020\/12\/LOGO_SOCLOSE_COLOR-e1608310133507.png?fit=2858%2C1264&ssl=1","width":2858,"height":1264,"caption":"So Close"},"image":{"@id":"https:\/\/soclose.mx\/blog\/#\/schema\/logo\/image\/"}},{"@type":"Person","@id":"https:\/\/soclose.mx\/blog\/#\/schema\/person\/54cd06c3a8cdc01a80c08725278aff88","name":"Daniel Ram\u00edrez","image":{"@type":"ImageObject","inLanguage":"es","@id":"https:\/\/soclose.mx\/blog\/#\/schema\/person\/image\/","url":"https:\/\/secure.gravatar.com\/avatar\/74af6012f2e898d2be93cf32e26b59a2c9489743c9ca6270d7848b44edd7d272?s=96&d=mm&r=g","contentUrl":"https:\/\/secure.gravatar.com\/avatar\/74af6012f2e898d2be93cf32e26b59a2c9489743c9ca6270d7848b44edd7d272?s=96&d=mm&r=g","caption":"Daniel Ram\u00edrez"},"url":"https:\/\/soclose.mx\/blog\/author\/peter\/"}]}},"jetpack_featured_media_url":"https:\/\/i0.wp.com\/soclose.mx\/blog\/wp-content\/uploads\/2022\/08\/lecumberri-joto.jpg?fit=660%2C420&ssl=1","jetpack-related-posts":[{"id":6962,"url":"https:\/\/soclose.mx\/blog\/ay-goeeee\/por-que-mexico-se-escribe-con-x-y-no-con-j\/","url_meta":{"origin":11076,"position":0},"title":"\u00bfPor qu\u00e9 M\u00e9xico se escribe con \u201cX\u201d y no con \u201cJ\u201d?","author":"Miguel Angel Romero","date":"25 agosto, 2021","format":false,"excerpt":"A pesar de que el nombre de este pa\u00eds se ha escrito en espa\u00f1ol con \"x\" durante cinco siglos, desde que los conquistadores se establecieron en Am\u00e9rica, muchos hispanohablantes a\u00fan lo escriben con \"j\". La propia Real Academia Espa\u00f1ola (RAE), en su Diccionario Panhisp\u00e1nico de Dudas, dice que\u00a0a\u00fan\u00a0es v\u00e1lido escribir\u2026","rel":"","context":"En &quot;\u00a1Ay goeeee!&quot;","block_context":{"text":"\u00a1Ay goeeee!","link":"https:\/\/soclose.mx\/blog\/category\/ay-goeeee\/"},"img":{"alt_text":"","src":"https:\/\/i0.wp.com\/soclose.mx\/blog\/wp-content\/uploads\/2021\/08\/Principal-So-Close-blog-26.jpg?fit=1200%2C677&ssl=1&resize=350%2C200","width":350,"height":200,"srcset":"https:\/\/i0.wp.com\/soclose.mx\/blog\/wp-content\/uploads\/2021\/08\/Principal-So-Close-blog-26.jpg?fit=1200%2C677&ssl=1&resize=350%2C200 1x, https:\/\/i0.wp.com\/soclose.mx\/blog\/wp-content\/uploads\/2021\/08\/Principal-So-Close-blog-26.jpg?fit=1200%2C677&ssl=1&resize=525%2C300 1.5x, https:\/\/i0.wp.com\/soclose.mx\/blog\/wp-content\/uploads\/2021\/08\/Principal-So-Close-blog-26.jpg?fit=1200%2C677&ssl=1&resize=700%2C400 2x, https:\/\/i0.wp.com\/soclose.mx\/blog\/wp-content\/uploads\/2021\/08\/Principal-So-Close-blog-26.jpg?fit=1200%2C677&ssl=1&resize=1050%2C600 3x"},"classes":[]},{"id":8413,"url":"https:\/\/soclose.mx\/blog\/ay-goeeee\/el-uso-de-la-mexicana-letra-x\/","url_meta":{"origin":11076,"position":1},"title":"El uso de la mexicana letra &#8216;x&#8217;","author":"Miguel Angel Romero","date":"18 enero, 2022","format":false,"excerpt":"El uso de la equis (x) que forma parte del top\u00f3nimo M\u00e9xico, es un fonema que plantea problemas para muchas personas. En varios top\u00f3nimos de nuestro pa\u00eds apenas se aplican las normas ortogr\u00e1ficas, por ejemplo, la equis se pronuncia en Xochimilco, Texcoco, Taxco, Tuxpan, pero se pronuncia la jota en\u2026","rel":"","context":"En &quot;\u00a1Ay goeeee!&quot;","block_context":{"text":"\u00a1Ay goeeee!","link":"https:\/\/soclose.mx\/blog\/category\/ay-goeeee\/"},"img":{"alt_text":"","src":"https:\/\/i0.wp.com\/soclose.mx\/blog\/wp-content\/uploads\/2022\/01\/Copia-de-Principal-So-Close-blog-3-1.png?fit=1200%2C677&ssl=1&resize=350%2C200","width":350,"height":200,"srcset":"https:\/\/i0.wp.com\/soclose.mx\/blog\/wp-content\/uploads\/2022\/01\/Copia-de-Principal-So-Close-blog-3-1.png?fit=1200%2C677&ssl=1&resize=350%2C200 1x, https:\/\/i0.wp.com\/soclose.mx\/blog\/wp-content\/uploads\/2022\/01\/Copia-de-Principal-So-Close-blog-3-1.png?fit=1200%2C677&ssl=1&resize=525%2C300 1.5x, https:\/\/i0.wp.com\/soclose.mx\/blog\/wp-content\/uploads\/2022\/01\/Copia-de-Principal-So-Close-blog-3-1.png?fit=1200%2C677&ssl=1&resize=700%2C400 2x, https:\/\/i0.wp.com\/soclose.mx\/blog\/wp-content\/uploads\/2022\/01\/Copia-de-Principal-So-Close-blog-3-1.png?fit=1200%2C677&ssl=1&resize=1050%2C600 3x"},"classes":[]},{"id":15004,"url":"https:\/\/soclose.mx\/blog\/news-feed\/las-muertes-mas-buscadas-en-google-en-2025\/","url_meta":{"origin":11076,"position":2},"title":"Las muertes m\u00e1s buscadas en Google en 2025","author":"So Close","date":"17 diciembre, 2025","format":false,"excerpt":"En el informe oficial de Google Year in Search 2025, la categor\u00eda \"Personas en Memoria\" (In Memoriam) revel\u00f3 las muertes m\u00e1s buscadas en Google en 2025 que m\u00e1s conmovieron a los mexicanos a lo largo del a\u00f1o. Esta lista refleja el impacto cultural, emocional y noticioso de p\u00e9rdidas irreparables en\u2026","rel":"","context":"En &quot;News feed&quot;","block_context":{"text":"News feed","link":"https:\/\/soclose.mx\/blog\/category\/news-feed\/"},"img":{"alt_text":"Papa Le\u00f3n reza al Papa Francisco","src":"https:\/\/i0.wp.com\/soclose.mx\/blog\/wp-content\/uploads\/2025\/12\/Salma-Hayek-2-1.jpg?fit=1200%2C675&ssl=1&resize=350%2C200","width":350,"height":200,"srcset":"https:\/\/i0.wp.com\/soclose.mx\/blog\/wp-content\/uploads\/2025\/12\/Salma-Hayek-2-1.jpg?fit=1200%2C675&ssl=1&resize=350%2C200 1x, https:\/\/i0.wp.com\/soclose.mx\/blog\/wp-content\/uploads\/2025\/12\/Salma-Hayek-2-1.jpg?fit=1200%2C675&ssl=1&resize=525%2C300 1.5x, https:\/\/i0.wp.com\/soclose.mx\/blog\/wp-content\/uploads\/2025\/12\/Salma-Hayek-2-1.jpg?fit=1200%2C675&ssl=1&resize=700%2C400 2x, https:\/\/i0.wp.com\/soclose.mx\/blog\/wp-content\/uploads\/2025\/12\/Salma-Hayek-2-1.jpg?fit=1200%2C675&ssl=1&resize=1050%2C600 3x"},"classes":[]},{"id":11624,"url":"https:\/\/soclose.mx\/blog\/a-la-mexicana\/dia-de-la-madre-10-de-mayo-mexico\/","url_meta":{"origin":11076,"position":3},"title":"D\u00eda de la Madre: 10 de Mayo y su origen en M\u00e9xico","author":"Mar\u00eda Ju\u00e1rez","date":"26 abril, 2023","format":false,"excerpt":"En M\u00e9xico se celebra el D\u00eda de la Madre el d\u00eda 10 de mayo, sin importar qu\u00e9 d\u00eda de la semana sea. La tradici\u00f3n se ha convertido en M\u00e9xico en unos de los d\u00edas de fiesta m\u00e1s celebrados, pero \u00bfCu\u00e1l es su origen? Se trata de una fecha en la\u2026","rel":"","context":"En &quot;A la mexicana&quot;","block_context":{"text":"A la mexicana","link":"https:\/\/soclose.mx\/blog\/category\/a-la-mexicana\/"},"img":{"alt_text":"D\u00eda de la Madre","src":"https:\/\/i0.wp.com\/soclose.mx\/blog\/wp-content\/uploads\/2023\/04\/Dia-de-la-Madre-10-de-mayo.jpg?fit=1200%2C796&ssl=1&resize=350%2C200","width":350,"height":200,"srcset":"https:\/\/i0.wp.com\/soclose.mx\/blog\/wp-content\/uploads\/2023\/04\/Dia-de-la-Madre-10-de-mayo.jpg?fit=1200%2C796&ssl=1&resize=350%2C200 1x, https:\/\/i0.wp.com\/soclose.mx\/blog\/wp-content\/uploads\/2023\/04\/Dia-de-la-Madre-10-de-mayo.jpg?fit=1200%2C796&ssl=1&resize=525%2C300 1.5x, https:\/\/i0.wp.com\/soclose.mx\/blog\/wp-content\/uploads\/2023\/04\/Dia-de-la-Madre-10-de-mayo.jpg?fit=1200%2C796&ssl=1&resize=700%2C400 2x, https:\/\/i0.wp.com\/soclose.mx\/blog\/wp-content\/uploads\/2023\/04\/Dia-de-la-Madre-10-de-mayo.jpg?fit=1200%2C796&ssl=1&resize=1050%2C600 3x"},"classes":[]},{"id":14828,"url":"https:\/\/soclose.mx\/blog\/a-la-mexicana\/frases-populares-que-nacieron-en-la-revolucion-mexicana-y-que-sigues-usandola-revolucion-mexicana-1910-1920-no-solo-fue-un-conflicto-armado-que-transformo-la-historia-politica-y-social-de-m\/","url_meta":{"origin":11076,"position":4},"title":"Frases populares que nacieron en la Revoluci\u00f3n Mexicana\u2026 y que sigues usando","author":"So Close","date":"18 noviembre, 2025","format":false,"excerpt":"La Revoluci\u00f3n Mexicana (1910-1920) no solo fue un conflicto armado que transform\u00f3 la historia pol\u00edtica y social de M\u00e9xico, tambi\u00e9n fue una fuente rica de expresiones coloquiales que a\u00fan hoy forman parte del lenguaje cotidiano. Muchas de estas frases populares que nacieron en la Revoluci\u00f3n Mexicana, fue en medio de\u2026","rel":"","context":"En &quot;\u00a1Ay goeeee!&quot;","block_context":{"text":"\u00a1Ay goeeee!","link":"https:\/\/soclose.mx\/blog\/category\/ay-goeeee\/"},"img":{"alt_text":"Revoluci\u00f3n Mexicana","src":"https:\/\/i0.wp.com\/soclose.mx\/blog\/wp-content\/uploads\/2025\/05\/Revolucion-Mexicana.jpg?fit=1200%2C675&ssl=1&resize=350%2C200","width":350,"height":200,"srcset":"https:\/\/i0.wp.com\/soclose.mx\/blog\/wp-content\/uploads\/2025\/05\/Revolucion-Mexicana.jpg?fit=1200%2C675&ssl=1&resize=350%2C200 1x, https:\/\/i0.wp.com\/soclose.mx\/blog\/wp-content\/uploads\/2025\/05\/Revolucion-Mexicana.jpg?fit=1200%2C675&ssl=1&resize=525%2C300 1.5x, https:\/\/i0.wp.com\/soclose.mx\/blog\/wp-content\/uploads\/2025\/05\/Revolucion-Mexicana.jpg?fit=1200%2C675&ssl=1&resize=700%2C400 2x, https:\/\/i0.wp.com\/soclose.mx\/blog\/wp-content\/uploads\/2025\/05\/Revolucion-Mexicana.jpg?fit=1200%2C675&ssl=1&resize=1050%2C600 3x"},"classes":[]},{"id":8983,"url":"https:\/\/soclose.mx\/blog\/ay-goeeee\/el-chipi-chipi-y-su-mojado-origen-mexicano\/","url_meta":{"origin":11076,"position":5},"title":"El &#8216;chipi chipi&#8217; y su &#8216;mojado&#8217; origen mexicano","author":"Miguel Angel Romero","date":"26 abril, 2022","format":false,"excerpt":"Tal vez el t\u00e9rmino \"chipi chipi\" se te har\u00e1 conocido, en nuestro pa\u00eds poseemos palabras que dif\u00edcilmente un extranjero entender\u00e1 ya que algunas de ellas provienen de nuestros ancestros o son t\u00e9rmino que los a\u00f1os han modificado. Algunos se\u00f1alan que la palabra se puede tratar de una\u00a0 onomatopeyas o una\u2026","rel":"","context":"En &quot;\u00a1Ay goeeee!&quot;","block_context":{"text":"\u00a1Ay goeeee!","link":"https:\/\/soclose.mx\/blog\/category\/ay-goeeee\/"},"img":{"alt_text":"","src":"https:\/\/i0.wp.com\/soclose.mx\/blog\/wp-content\/uploads\/2022\/02\/Copia-de-Principal-So-Close-blog-14.png?fit=1200%2C677&ssl=1&resize=350%2C200","width":350,"height":200,"srcset":"https:\/\/i0.wp.com\/soclose.mx\/blog\/wp-content\/uploads\/2022\/02\/Copia-de-Principal-So-Close-blog-14.png?fit=1200%2C677&ssl=1&resize=350%2C200 1x, https:\/\/i0.wp.com\/soclose.mx\/blog\/wp-content\/uploads\/2022\/02\/Copia-de-Principal-So-Close-blog-14.png?fit=1200%2C677&ssl=1&resize=525%2C300 1.5x, https:\/\/i0.wp.com\/soclose.mx\/blog\/wp-content\/uploads\/2022\/02\/Copia-de-Principal-So-Close-blog-14.png?fit=1200%2C677&ssl=1&resize=700%2C400 2x, https:\/\/i0.wp.com\/soclose.mx\/blog\/wp-content\/uploads\/2022\/02\/Copia-de-Principal-So-Close-blog-14.png?fit=1200%2C677&ssl=1&resize=1050%2C600 3x"},"classes":[]}],"jetpack_sharing_enabled":true,"_links":{"self":[{"href":"https:\/\/soclose.mx\/blog\/wp-json\/wp\/v2\/posts\/11076","targetHints":{"allow":["GET"]}}],"collection":[{"href":"https:\/\/soclose.mx\/blog\/wp-json\/wp\/v2\/posts"}],"about":[{"href":"https:\/\/soclose.mx\/blog\/wp-json\/wp\/v2\/types\/post"}],"author":[{"embeddable":true,"href":"https:\/\/soclose.mx\/blog\/wp-json\/wp\/v2\/users\/9"}],"replies":[{"embeddable":true,"href":"https:\/\/soclose.mx\/blog\/wp-json\/wp\/v2\/comments?post=11076"}],"version-history":[{"count":0,"href":"https:\/\/soclose.mx\/blog\/wp-json\/wp\/v2\/posts\/11076\/revisions"}],"wp:featuredmedia":[{"embeddable":true,"href":"https:\/\/soclose.mx\/blog\/wp-json\/wp\/v2\/media\/11077"}],"wp:attachment":[{"href":"https:\/\/soclose.mx\/blog\/wp-json\/wp\/v2\/media?parent=11076"}],"wp:term":[{"taxonomy":"category","embeddable":true,"href":"https:\/\/soclose.mx\/blog\/wp-json\/wp\/v2\/categories?post=11076"},{"taxonomy":"post_tag","embeddable":true,"href":"https:\/\/soclose.mx\/blog\/wp-json\/wp\/v2\/tags?post=11076"}],"curies":[{"name":"wp","href":"https:\/\/api.w.org\/{rel}","templated":true}]}}