{"id":11086,"date":"2022-08-30T20:00:18","date_gmt":"2022-08-31T01:00:18","guid":{"rendered":"https:\/\/soclose.mx\/blog\/?p=11086"},"modified":"2022-08-30T20:00:18","modified_gmt":"2022-08-31T01:00:18","slug":"video-edomex-version-italia-mexicana-compara-las-calles-de-roma-con-las-del-estado-de-mexico","status":"publish","type":"post","link":"https:\/\/soclose.mx\/blog\/ay-goeeee\/video-edomex-version-italia-mexicana-compara-las-calles-de-roma-con-las-del-estado-de-mexico\/","title":{"rendered":"Video: \u00bfEdomex versi\u00f3n Italia? Mexicana compara las calles de Roma con las del Estado de M\u00e9xico"},"content":{"rendered":"<p><a href=\"https:\/\/soclose.mx\/blog\/ay-goeeee\/video-eres-tu-goku-hombre-de-nuevo-leon-se-casa-portando-traje-inspirado-en-dragon-ball\/\">\u201cEl tercer mundo duele y duele mucho\u201d<\/a>, dice una popular frase sobre nuestro pa\u00eds cuando lo quieren comparar con las potencias mundiales.<\/p>\n<p>Pero tranqui, no todo en los pa\u00edses primermundistas es impecable, pues una <strong>chica mexicana<\/strong> expuso y confirm\u00f3 esto a trav\u00e9s de un video.<\/p>\n<p>La se\u00f1orita <strong>viaj\u00f3 a Italia<\/strong> y cuando paseaba por las <strong>calles de Roma<\/strong>, pas\u00f3 por algunos lugares que no parec\u00edan muy seguros y en los que las paredes estaban pintadas con grafitis.<\/p>\n<p>\u201c\u00bfPor qu\u00e9 nadie me avis\u00f3 que Roma, Italia, estaba peor que el <strong>Estado de M\u00e9xico<\/strong>?\u201d, escribi\u00f3 la chica para describir su video.<\/p>\n<p>\u00bfYa ven? Tambi\u00e9n los pa\u00edses fif\u00ed tienen sus detallitos.<\/p>\n<blockquote class=\"tiktok-embed\" cite=\"https:\/\/www.tiktok.com\/@heybeelly\/video\/7104453669344529670\" data-video-id=\"7104453669344529670\" data-embed-from=\"oembed\" style=\"max-width: 605px;min-width: 325px;\" >\n<section> <a target=\"_blank\" title=\"@heybeelly\" href=\"https:\/\/www.tiktok.com\/@heybeelly?refer=embed\">@heybeelly<\/a> <\/p>\n<p>Por qu\u00e9 nadie me aviso que Roma, Italia estaba peor que el Estado de M\u00e9xico jaja ? <a title=\"italia\" target=\"_blank\" href=\"https:\/\/www.tiktok.com\/tag\/italia?refer=embed\">#italia<\/a> <a title=\"primermundo\" target=\"_blank\" href=\"https:\/\/www.tiktok.com\/tag\/primermundo?refer=embed\">#primermundo<\/a> <a title=\"primermundovslatinoamerica\" target=\"_blank\" href=\"https:\/\/www.tiktok.com\/tag\/primermundovslatinoamerica?refer=embed\">#primermundovslatinoamerica<\/a> <a title=\"roma\" target=\"_blank\" href=\"https:\/\/www.tiktok.com\/tag\/roma?refer=embed\">#roma<\/a> <a title=\"parati\" target=\"_blank\" href=\"https:\/\/www.tiktok.com\/tag\/parati?refer=embed\">#parati<\/a> <a title=\"fyp\" target=\"_blank\" href=\"https:\/\/www.tiktok.com\/tag\/fyp?refer=embed\">#fyp<\/a><\/p>\n<p> <a target=\"_blank\" title=\"\u266c sonido original - izanami_vn\" href=\"https:\/\/www.tiktok.com\/music\/sonido-original-6973612385852508934?refer=embed\">\u266c sonido original &#8211; izanami_vn<\/a> <\/section>\n<\/blockquote>\n<p> <script async src=\"https:\/\/www.tiktok.com\/embed.js\"><\/script><\/p>\n","protected":false},"excerpt":{"rendered":"<p>\u201cEl tercer mundo duele y duele mucho\u201d, dice una popular frase sobre nuestro pa\u00eds cuando lo quieren comparar con las potencias mundiales. Pero tranqui, no todo en los pa\u00edses primermundistas es impecable, pues una chica mexicana expuso y confirm\u00f3 esto a trav\u00e9s de un video. La se\u00f1orita viaj\u00f3 a Italia y cuando paseaba por las calles de Roma, pas\u00f3 por algunos lugares que no parec\u00edan muy seguros y en los que las paredes estaban pintadas con grafitis. \u201c\u00bfPor qu\u00e9 nadie me avis\u00f3 que Roma, Italia, estaba peor que el Estado de M\u00e9xico?\u201d, escribi\u00f3 la chica para describir su video. \u00bfYa<\/p>\n","protected":false},"author":9,"featured_media":11087,"comment_status":"open","ping_status":"open","sticky":false,"template":"","format":"standard","meta":{"_jetpack_memberships_contains_paid_content":false,"footnotes":""},"categories":[1],"tags":[2989,2443,745,1933,2988,119,2741],"class_list":["post-11086","post","type-post","status-publish","format-standard","has-post-thumbnail","hentry","category-ay-goeeee","tag-chacas","tag-edomex","tag-estado-de-mexico","tag-italia","tag-mexicana-en-roma","tag-roma","tag-soclose"],"yoast_head":"<!-- This site is optimized with the Yoast SEO plugin v26.7 - https:\/\/yoast.com\/wordpress\/plugins\/seo\/ -->\n<title>Video: \u00bfEdomex versi\u00f3n Italia? Mexicana compara las calles de Roma con las del Estado de M\u00e9xico - So Close<\/title>\n<meta name=\"robots\" content=\"index, follow, max-snippet:-1, max-image-preview:large, max-video-preview:-1\" \/>\n<link rel=\"canonical\" href=\"https:\/\/soclose.mx\/blog\/tag\/juan-rulfo-frases-mujeres\/\" \/>\n<meta property=\"og:locale\" content=\"es_MX\" \/>\n<meta property=\"og:type\" content=\"article\" \/>\n<meta property=\"og:title\" content=\"Video: \u00bfEdomex versi\u00f3n Italia? Mexicana compara las calles de Roma con las del Estado de M\u00e9xico - So Close\" \/>\n<meta property=\"og:description\" content=\"\u201cEl tercer mundo duele y duele mucho\u201d, dice una popular frase sobre nuestro pa\u00eds cuando lo quieren comparar con las potencias mundiales. Pero tranqui, no todo en los pa\u00edses primermundistas es impecable, pues una chica mexicana expuso y confirm\u00f3 esto a trav\u00e9s de un video. La se\u00f1orita viaj\u00f3 a Italia y cuando paseaba por las calles de Roma, pas\u00f3 por algunos lugares que no parec\u00edan muy seguros y en los que las paredes estaban pintadas con grafitis. \u201c\u00bfPor qu\u00e9 nadie me avis\u00f3 que Roma, Italia, estaba peor que el Estado de M\u00e9xico?\u201d, escribi\u00f3 la chica para describir su video. \u00bfYa\" \/>\n<meta property=\"og:url\" content=\"https:\/\/soclose.mx\/blog\/tag\/juan-rulfo-frases-mujeres\/\" \/>\n<meta property=\"og:site_name\" content=\"So Close\" \/>\n<meta property=\"article:published_time\" content=\"2022-08-31T01:00:18+00:00\" \/>\n<meta property=\"og:image\" content=\"https:\/\/i0.wp.com\/soclose.mx\/blog\/wp-content\/uploads\/2022\/08\/edomex.jpg?fit=1280%2C720&ssl=1\" \/>\n\t<meta property=\"og:image:width\" content=\"1280\" \/>\n\t<meta property=\"og:image:height\" content=\"720\" \/>\n\t<meta property=\"og:image:type\" content=\"image\/jpeg\" \/>\n<meta name=\"author\" content=\"Daniel Ram\u00edrez\" \/>\n<meta name=\"twitter:card\" content=\"summary_large_image\" \/>\n<meta name=\"twitter:label1\" content=\"Escrito por\" \/>\n\t<meta name=\"twitter:data1\" content=\"Daniel Ram\u00edrez\" \/>\n\t<meta name=\"twitter:label2\" content=\"Tiempo de lectura\" \/>\n\t<meta name=\"twitter:data2\" content=\"1 minuto\" \/>\n<script type=\"application\/ld+json\" class=\"yoast-schema-graph\">{\"@context\":\"https:\/\/schema.org\",\"@graph\":[{\"@type\":\"Article\",\"@id\":\"https:\/\/soclose.mx\/blog\/tag\/juan-rulfo-frases-mujeres\/#article\",\"isPartOf\":{\"@id\":\"https:\/\/soclose.mx\/blog\/tag\/juan-rulfo-frases-mujeres\/\"},\"author\":{\"name\":\"Daniel Ram\u00edrez\",\"@id\":\"https:\/\/soclose.mx\/blog\/#\/schema\/person\/54cd06c3a8cdc01a80c08725278aff88\"},\"headline\":\"Video: \u00bfEdomex versi\u00f3n Italia? Mexicana compara las calles de Roma con las del Estado de M\u00e9xico\",\"datePublished\":\"2022-08-31T01:00:18+00:00\",\"mainEntityOfPage\":{\"@id\":\"https:\/\/soclose.mx\/blog\/tag\/juan-rulfo-frases-mujeres\/\"},\"wordCount\":140,\"commentCount\":0,\"publisher\":{\"@id\":\"https:\/\/soclose.mx\/blog\/#organization\"},\"image\":{\"@id\":\"https:\/\/soclose.mx\/blog\/tag\/juan-rulfo-frases-mujeres\/#primaryimage\"},\"thumbnailUrl\":\"https:\/\/i0.wp.com\/soclose.mx\/blog\/wp-content\/uploads\/2022\/08\/edomex.jpg?fit=1280%2C720&ssl=1\",\"keywords\":[\"chacas\",\"edomex\",\"estado de mexico\",\"italia\",\"mexicana en roma\",\"roma\",\"soclose\"],\"articleSection\":[\"\u00a1Ay goeeee!\"],\"inLanguage\":\"es\",\"potentialAction\":[{\"@type\":\"CommentAction\",\"name\":\"Comment\",\"target\":[\"https:\/\/soclose.mx\/blog\/tag\/juan-rulfo-frases-mujeres\/#respond\"]}]},{\"@type\":\"WebPage\",\"@id\":\"https:\/\/soclose.mx\/blog\/tag\/juan-rulfo-frases-mujeres\/\",\"url\":\"https:\/\/soclose.mx\/blog\/tag\/juan-rulfo-frases-mujeres\/\",\"name\":\"Video: \u00bfEdomex versi\u00f3n Italia? Mexicana compara las calles de Roma con las del Estado de M\u00e9xico - So Close\",\"isPartOf\":{\"@id\":\"https:\/\/soclose.mx\/blog\/#website\"},\"primaryImageOfPage\":{\"@id\":\"https:\/\/soclose.mx\/blog\/tag\/juan-rulfo-frases-mujeres\/#primaryimage\"},\"image\":{\"@id\":\"https:\/\/soclose.mx\/blog\/tag\/juan-rulfo-frases-mujeres\/#primaryimage\"},\"thumbnailUrl\":\"https:\/\/i0.wp.com\/soclose.mx\/blog\/wp-content\/uploads\/2022\/08\/edomex.jpg?fit=1280%2C720&ssl=1\",\"datePublished\":\"2022-08-31T01:00:18+00:00\",\"breadcrumb\":{\"@id\":\"https:\/\/soclose.mx\/blog\/tag\/juan-rulfo-frases-mujeres\/#breadcrumb\"},\"inLanguage\":\"es\",\"potentialAction\":[{\"@type\":\"ReadAction\",\"target\":[\"https:\/\/soclose.mx\/blog\/tag\/juan-rulfo-frases-mujeres\/\"]}]},{\"@type\":\"ImageObject\",\"inLanguage\":\"es\",\"@id\":\"https:\/\/soclose.mx\/blog\/tag\/juan-rulfo-frases-mujeres\/#primaryimage\",\"url\":\"https:\/\/i0.wp.com\/soclose.mx\/blog\/wp-content\/uploads\/2022\/08\/edomex.jpg?fit=1280%2C720&ssl=1\",\"contentUrl\":\"https:\/\/i0.wp.com\/soclose.mx\/blog\/wp-content\/uploads\/2022\/08\/edomex.jpg?fit=1280%2C720&ssl=1\",\"width\":1280,\"height\":720},{\"@type\":\"BreadcrumbList\",\"@id\":\"https:\/\/soclose.mx\/blog\/tag\/juan-rulfo-frases-mujeres\/#breadcrumb\",\"itemListElement\":[{\"@type\":\"ListItem\",\"position\":1,\"name\":\"Inicio\",\"item\":\"https:\/\/soclose.mx\/blog\/\"},{\"@type\":\"ListItem\",\"position\":2,\"name\":\"Video: \u00bfEdomex versi\u00f3n Italia? Mexicana compara las calles de Roma con las del Estado de M\u00e9xico\"}]},{\"@type\":\"WebSite\",\"@id\":\"https:\/\/soclose.mx\/blog\/#website\",\"url\":\"https:\/\/soclose.mx\/blog\/\",\"name\":\"So Close\",\"description\":\"Hacemos contenidos de M\u00e9xico\",\"publisher\":{\"@id\":\"https:\/\/soclose.mx\/blog\/#organization\"},\"potentialAction\":[{\"@type\":\"SearchAction\",\"target\":{\"@type\":\"EntryPoint\",\"urlTemplate\":\"https:\/\/soclose.mx\/blog\/?s={search_term_string}\"},\"query-input\":{\"@type\":\"PropertyValueSpecification\",\"valueRequired\":true,\"valueName\":\"search_term_string\"}}],\"inLanguage\":\"es\"},{\"@type\":\"Organization\",\"@id\":\"https:\/\/soclose.mx\/blog\/#organization\",\"name\":\"So Close\",\"url\":\"https:\/\/soclose.mx\/blog\/\",\"logo\":{\"@type\":\"ImageObject\",\"inLanguage\":\"es\",\"@id\":\"https:\/\/soclose.mx\/blog\/#\/schema\/logo\/image\/\",\"url\":\"https:\/\/i0.wp.com\/soclose.mx\/blog\/wp-content\/uploads\/2020\/12\/LOGO_SOCLOSE_COLOR-e1608310133507.png?fit=2858%2C1264&ssl=1\",\"contentUrl\":\"https:\/\/i0.wp.com\/soclose.mx\/blog\/wp-content\/uploads\/2020\/12\/LOGO_SOCLOSE_COLOR-e1608310133507.png?fit=2858%2C1264&ssl=1\",\"width\":2858,\"height\":1264,\"caption\":\"So Close\"},\"image\":{\"@id\":\"https:\/\/soclose.mx\/blog\/#\/schema\/logo\/image\/\"}},{\"@type\":\"Person\",\"@id\":\"https:\/\/soclose.mx\/blog\/#\/schema\/person\/54cd06c3a8cdc01a80c08725278aff88\",\"name\":\"Daniel Ram\u00edrez\",\"image\":{\"@type\":\"ImageObject\",\"inLanguage\":\"es\",\"@id\":\"https:\/\/soclose.mx\/blog\/#\/schema\/person\/image\/\",\"url\":\"https:\/\/secure.gravatar.com\/avatar\/74af6012f2e898d2be93cf32e26b59a2c9489743c9ca6270d7848b44edd7d272?s=96&d=mm&r=g\",\"contentUrl\":\"https:\/\/secure.gravatar.com\/avatar\/74af6012f2e898d2be93cf32e26b59a2c9489743c9ca6270d7848b44edd7d272?s=96&d=mm&r=g\",\"caption\":\"Daniel Ram\u00edrez\"},\"url\":\"https:\/\/soclose.mx\/blog\/author\/peter\/\"}]}<\/script>\n<!-- \/ Yoast SEO plugin. -->","yoast_head_json":{"title":"Video: \u00bfEdomex versi\u00f3n Italia? Mexicana compara las calles de Roma con las del Estado de M\u00e9xico - So Close","robots":{"index":"index","follow":"follow","max-snippet":"max-snippet:-1","max-image-preview":"max-image-preview:large","max-video-preview":"max-video-preview:-1"},"canonical":"https:\/\/soclose.mx\/blog\/tag\/juan-rulfo-frases-mujeres\/","og_locale":"es_MX","og_type":"article","og_title":"Video: \u00bfEdomex versi\u00f3n Italia? Mexicana compara las calles de Roma con las del Estado de M\u00e9xico - So Close","og_description":"\u201cEl tercer mundo duele y duele mucho\u201d, dice una popular frase sobre nuestro pa\u00eds cuando lo quieren comparar con las potencias mundiales. Pero tranqui, no todo en los pa\u00edses primermundistas es impecable, pues una chica mexicana expuso y confirm\u00f3 esto a trav\u00e9s de un video. La se\u00f1orita viaj\u00f3 a Italia y cuando paseaba por las calles de Roma, pas\u00f3 por algunos lugares que no parec\u00edan muy seguros y en los que las paredes estaban pintadas con grafitis. \u201c\u00bfPor qu\u00e9 nadie me avis\u00f3 que Roma, Italia, estaba peor que el Estado de M\u00e9xico?\u201d, escribi\u00f3 la chica para describir su video. \u00bfYa","og_url":"https:\/\/soclose.mx\/blog\/tag\/juan-rulfo-frases-mujeres\/","og_site_name":"So Close","article_published_time":"2022-08-31T01:00:18+00:00","og_image":[{"width":1280,"height":720,"url":"https:\/\/i0.wp.com\/soclose.mx\/blog\/wp-content\/uploads\/2022\/08\/edomex.jpg?fit=1280%2C720&ssl=1","type":"image\/jpeg"}],"author":"Daniel Ram\u00edrez","twitter_card":"summary_large_image","twitter_misc":{"Escrito por":"Daniel Ram\u00edrez","Tiempo de lectura":"1 minuto"},"schema":{"@context":"https:\/\/schema.org","@graph":[{"@type":"Article","@id":"https:\/\/soclose.mx\/blog\/tag\/juan-rulfo-frases-mujeres\/#article","isPartOf":{"@id":"https:\/\/soclose.mx\/blog\/tag\/juan-rulfo-frases-mujeres\/"},"author":{"name":"Daniel Ram\u00edrez","@id":"https:\/\/soclose.mx\/blog\/#\/schema\/person\/54cd06c3a8cdc01a80c08725278aff88"},"headline":"Video: \u00bfEdomex versi\u00f3n Italia? Mexicana compara las calles de Roma con las del Estado de M\u00e9xico","datePublished":"2022-08-31T01:00:18+00:00","mainEntityOfPage":{"@id":"https:\/\/soclose.mx\/blog\/tag\/juan-rulfo-frases-mujeres\/"},"wordCount":140,"commentCount":0,"publisher":{"@id":"https:\/\/soclose.mx\/blog\/#organization"},"image":{"@id":"https:\/\/soclose.mx\/blog\/tag\/juan-rulfo-frases-mujeres\/#primaryimage"},"thumbnailUrl":"https:\/\/i0.wp.com\/soclose.mx\/blog\/wp-content\/uploads\/2022\/08\/edomex.jpg?fit=1280%2C720&ssl=1","keywords":["chacas","edomex","estado de mexico","italia","mexicana en roma","roma","soclose"],"articleSection":["\u00a1Ay goeeee!"],"inLanguage":"es","potentialAction":[{"@type":"CommentAction","name":"Comment","target":["https:\/\/soclose.mx\/blog\/tag\/juan-rulfo-frases-mujeres\/#respond"]}]},{"@type":"WebPage","@id":"https:\/\/soclose.mx\/blog\/tag\/juan-rulfo-frases-mujeres\/","url":"https:\/\/soclose.mx\/blog\/tag\/juan-rulfo-frases-mujeres\/","name":"Video: \u00bfEdomex versi\u00f3n Italia? Mexicana compara las calles de Roma con las del Estado de M\u00e9xico - So Close","isPartOf":{"@id":"https:\/\/soclose.mx\/blog\/#website"},"primaryImageOfPage":{"@id":"https:\/\/soclose.mx\/blog\/tag\/juan-rulfo-frases-mujeres\/#primaryimage"},"image":{"@id":"https:\/\/soclose.mx\/blog\/tag\/juan-rulfo-frases-mujeres\/#primaryimage"},"thumbnailUrl":"https:\/\/i0.wp.com\/soclose.mx\/blog\/wp-content\/uploads\/2022\/08\/edomex.jpg?fit=1280%2C720&ssl=1","datePublished":"2022-08-31T01:00:18+00:00","breadcrumb":{"@id":"https:\/\/soclose.mx\/blog\/tag\/juan-rulfo-frases-mujeres\/#breadcrumb"},"inLanguage":"es","potentialAction":[{"@type":"ReadAction","target":["https:\/\/soclose.mx\/blog\/tag\/juan-rulfo-frases-mujeres\/"]}]},{"@type":"ImageObject","inLanguage":"es","@id":"https:\/\/soclose.mx\/blog\/tag\/juan-rulfo-frases-mujeres\/#primaryimage","url":"https:\/\/i0.wp.com\/soclose.mx\/blog\/wp-content\/uploads\/2022\/08\/edomex.jpg?fit=1280%2C720&ssl=1","contentUrl":"https:\/\/i0.wp.com\/soclose.mx\/blog\/wp-content\/uploads\/2022\/08\/edomex.jpg?fit=1280%2C720&ssl=1","width":1280,"height":720},{"@type":"BreadcrumbList","@id":"https:\/\/soclose.mx\/blog\/tag\/juan-rulfo-frases-mujeres\/#breadcrumb","itemListElement":[{"@type":"ListItem","position":1,"name":"Inicio","item":"https:\/\/soclose.mx\/blog\/"},{"@type":"ListItem","position":2,"name":"Video: \u00bfEdomex versi\u00f3n Italia? Mexicana compara las calles de Roma con las del Estado de M\u00e9xico"}]},{"@type":"WebSite","@id":"https:\/\/soclose.mx\/blog\/#website","url":"https:\/\/soclose.mx\/blog\/","name":"So Close","description":"Hacemos contenidos de M\u00e9xico","publisher":{"@id":"https:\/\/soclose.mx\/blog\/#organization"},"potentialAction":[{"@type":"SearchAction","target":{"@type":"EntryPoint","urlTemplate":"https:\/\/soclose.mx\/blog\/?s={search_term_string}"},"query-input":{"@type":"PropertyValueSpecification","valueRequired":true,"valueName":"search_term_string"}}],"inLanguage":"es"},{"@type":"Organization","@id":"https:\/\/soclose.mx\/blog\/#organization","name":"So Close","url":"https:\/\/soclose.mx\/blog\/","logo":{"@type":"ImageObject","inLanguage":"es","@id":"https:\/\/soclose.mx\/blog\/#\/schema\/logo\/image\/","url":"https:\/\/i0.wp.com\/soclose.mx\/blog\/wp-content\/uploads\/2020\/12\/LOGO_SOCLOSE_COLOR-e1608310133507.png?fit=2858%2C1264&ssl=1","contentUrl":"https:\/\/i0.wp.com\/soclose.mx\/blog\/wp-content\/uploads\/2020\/12\/LOGO_SOCLOSE_COLOR-e1608310133507.png?fit=2858%2C1264&ssl=1","width":2858,"height":1264,"caption":"So Close"},"image":{"@id":"https:\/\/soclose.mx\/blog\/#\/schema\/logo\/image\/"}},{"@type":"Person","@id":"https:\/\/soclose.mx\/blog\/#\/schema\/person\/54cd06c3a8cdc01a80c08725278aff88","name":"Daniel Ram\u00edrez","image":{"@type":"ImageObject","inLanguage":"es","@id":"https:\/\/soclose.mx\/blog\/#\/schema\/person\/image\/","url":"https:\/\/secure.gravatar.com\/avatar\/74af6012f2e898d2be93cf32e26b59a2c9489743c9ca6270d7848b44edd7d272?s=96&d=mm&r=g","contentUrl":"https:\/\/secure.gravatar.com\/avatar\/74af6012f2e898d2be93cf32e26b59a2c9489743c9ca6270d7848b44edd7d272?s=96&d=mm&r=g","caption":"Daniel Ram\u00edrez"},"url":"https:\/\/soclose.mx\/blog\/author\/peter\/"}]}},"jetpack_featured_media_url":"https:\/\/i0.wp.com\/soclose.mx\/blog\/wp-content\/uploads\/2022\/08\/edomex.jpg?fit=1280%2C720&ssl=1","jetpack-related-posts":[{"id":7350,"url":"https:\/\/soclose.mx\/blog\/ay-goeeee\/diana-beltran-primera-chef-mexicana-en-el-vaticano\/","url_meta":{"origin":11086,"position":0},"title":"Diana Beltr\u00e1n: primera chef mexicana en el Vaticano","author":"Miguel Angel Romero","date":"6 octubre, 2021","format":false,"excerpt":"La gastronom\u00eda mexicana es \u00fanica y Diana Beltr\u00e1n lo sabe muy bien, tanto que desde que sali\u00f3 de su natal Acapulco, jam\u00e1s se imagin\u00f3 que podr\u00eda cocinar en el Vaticano. No tuvo estudios de gastronom\u00eda; su talento fue descubierto por la Embajada de M\u00e9xico en Italia despu\u00e9s de que se\u2026","rel":"","context":"En &quot;\u00a1Ay goeeee!&quot;","block_context":{"text":"\u00a1Ay goeeee!","link":"https:\/\/soclose.mx\/blog\/category\/ay-goeeee\/"},"img":{"alt_text":"","src":"https:\/\/i0.wp.com\/soclose.mx\/blog\/wp-content\/uploads\/2021\/10\/Principal-So-Close-blog-5.png?fit=1200%2C677&ssl=1&resize=350%2C200","width":350,"height":200,"srcset":"https:\/\/i0.wp.com\/soclose.mx\/blog\/wp-content\/uploads\/2021\/10\/Principal-So-Close-blog-5.png?fit=1200%2C677&ssl=1&resize=350%2C200 1x, https:\/\/i0.wp.com\/soclose.mx\/blog\/wp-content\/uploads\/2021\/10\/Principal-So-Close-blog-5.png?fit=1200%2C677&ssl=1&resize=525%2C300 1.5x, https:\/\/i0.wp.com\/soclose.mx\/blog\/wp-content\/uploads\/2021\/10\/Principal-So-Close-blog-5.png?fit=1200%2C677&ssl=1&resize=700%2C400 2x, https:\/\/i0.wp.com\/soclose.mx\/blog\/wp-content\/uploads\/2021\/10\/Principal-So-Close-blog-5.png?fit=1200%2C677&ssl=1&resize=1050%2C600 3x"},"classes":[]},{"id":8620,"url":"https:\/\/soclose.mx\/blog\/ay-goeeee\/cua-es-el-origen-del-detergente-roma\/","url_meta":{"origin":11086,"position":1},"title":"\u00bfCu\u00e1l es el origen del Detergente Roma?","author":"Miguel Angel Romero","date":"17 febrero, 2022","format":false,"excerpt":"No hay mexicano que no haya utilizado, o al menos, conozca, el famoso jab\u00f3n Roma, s\u00ed aquel producto estrella de la Fabrica La Corona, pero, si no sabes c\u00f3mo naci\u00f3, aqu\u00ed te lo decimos. La empresa enteramente mexicana que se fund\u00f3 en 1920, fabrica detergentes en polvo, l\u00edquidos, jabones de\u2026","rel":"","context":"En &quot;\u00a1Ay goeeee!&quot;","block_context":{"text":"\u00a1Ay goeeee!","link":"https:\/\/soclose.mx\/blog\/category\/ay-goeeee\/"},"img":{"alt_text":"","src":"https:\/\/i0.wp.com\/soclose.mx\/blog\/wp-content\/uploads\/2022\/01\/Copia-de-Principal-So-Close-blog-4-6.png?fit=1200%2C677&ssl=1&resize=350%2C200","width":350,"height":200,"srcset":"https:\/\/i0.wp.com\/soclose.mx\/blog\/wp-content\/uploads\/2022\/01\/Copia-de-Principal-So-Close-blog-4-6.png?fit=1200%2C677&ssl=1&resize=350%2C200 1x, https:\/\/i0.wp.com\/soclose.mx\/blog\/wp-content\/uploads\/2022\/01\/Copia-de-Principal-So-Close-blog-4-6.png?fit=1200%2C677&ssl=1&resize=525%2C300 1.5x, https:\/\/i0.wp.com\/soclose.mx\/blog\/wp-content\/uploads\/2022\/01\/Copia-de-Principal-So-Close-blog-4-6.png?fit=1200%2C677&ssl=1&resize=700%2C400 2x, https:\/\/i0.wp.com\/soclose.mx\/blog\/wp-content\/uploads\/2022\/01\/Copia-de-Principal-So-Close-blog-4-6.png?fit=1200%2C677&ssl=1&resize=1050%2C600 3x"},"classes":[]},{"id":9708,"url":"https:\/\/soclose.mx\/blog\/news-feed\/de-italia-a-mexico-conoce-la-replica-de-capilla-sixtina-de-miguel-angel\/","url_meta":{"origin":11086,"position":2},"title":"De Italia a M\u00e9xico: conoce la r\u00e9plica de Capilla Sixtina de Miguel \u00c1ngel","author":"Daniel Ram\u00edrez","date":"3 mayo, 2022","format":false,"excerpt":"Desde el 19 de abril y hasta el 19 de mayo, la r\u00e9plica de la Capilla Sixtina, cuya sede original se encuentra en Roma, Italia, y fue pintada por el artista Miguel \u00c1ngel, ser\u00e1 exhibida en el Z\u00f3calo de la Ciudad de M\u00e9xico y podr\u00e1s visitarla. Ser\u00e1 la segunda ocasi\u00f3n\u2026","rel":"","context":"En &quot;News feed&quot;","block_context":{"text":"News feed","link":"https:\/\/soclose.mx\/blog\/category\/news-feed\/"},"img":{"alt_text":"","src":"https:\/\/i0.wp.com\/soclose.mx\/blog\/wp-content\/uploads\/2022\/05\/calvin-craig-y8b001e2bs0-unsplash-scaled.jpg?fit=1200%2C960&ssl=1&resize=350%2C200","width":350,"height":200,"srcset":"https:\/\/i0.wp.com\/soclose.mx\/blog\/wp-content\/uploads\/2022\/05\/calvin-craig-y8b001e2bs0-unsplash-scaled.jpg?fit=1200%2C960&ssl=1&resize=350%2C200 1x, https:\/\/i0.wp.com\/soclose.mx\/blog\/wp-content\/uploads\/2022\/05\/calvin-craig-y8b001e2bs0-unsplash-scaled.jpg?fit=1200%2C960&ssl=1&resize=525%2C300 1.5x, https:\/\/i0.wp.com\/soclose.mx\/blog\/wp-content\/uploads\/2022\/05\/calvin-craig-y8b001e2bs0-unsplash-scaled.jpg?fit=1200%2C960&ssl=1&resize=700%2C400 2x, https:\/\/i0.wp.com\/soclose.mx\/blog\/wp-content\/uploads\/2022\/05\/calvin-craig-y8b001e2bs0-unsplash-scaled.jpg?fit=1200%2C960&ssl=1&resize=1050%2C600 3x"},"classes":[]},{"id":6286,"url":"https:\/\/soclose.mx\/blog\/comida-mexicana\/llego-el-mapa-de-los-elotes-y-esquites-de-la-cdmx-y-edomex\/","url_meta":{"origin":11086,"position":3},"title":"\u00a1Lleg\u00f3 el mapa de los elotes y esquites de la CDMX y Edomex!","author":"So Close","date":"23 junio, 2021","format":false,"excerpt":"\u00bfFan, adicto al elote y los esquites? Si andas o vives en la Ciudad de M\u00e9xico CDMX o en el Estado de M\u00e9xico Edomex, ya tienes otro motivo para estar m\u00e1s que feliz, vas a estar muy hambriento porque usuarios de Google se dieron a la tarea de crear un\u2026","rel":"","context":"En &quot;Comida mexicana&quot;","block_context":{"text":"Comida mexicana","link":"https:\/\/soclose.mx\/blog\/category\/comida-mexicana\/"},"img":{"alt_text":"","src":"https:\/\/i0.wp.com\/soclose.mx\/blog\/wp-content\/uploads\/2021\/06\/elotes-asados-puesto.jpeg?fit=1200%2C677&ssl=1&resize=350%2C200","width":350,"height":200,"srcset":"https:\/\/i0.wp.com\/soclose.mx\/blog\/wp-content\/uploads\/2021\/06\/elotes-asados-puesto.jpeg?fit=1200%2C677&ssl=1&resize=350%2C200 1x, https:\/\/i0.wp.com\/soclose.mx\/blog\/wp-content\/uploads\/2021\/06\/elotes-asados-puesto.jpeg?fit=1200%2C677&ssl=1&resize=525%2C300 1.5x, https:\/\/i0.wp.com\/soclose.mx\/blog\/wp-content\/uploads\/2021\/06\/elotes-asados-puesto.jpeg?fit=1200%2C677&ssl=1&resize=700%2C400 2x, https:\/\/i0.wp.com\/soclose.mx\/blog\/wp-content\/uploads\/2021\/06\/elotes-asados-puesto.jpeg?fit=1200%2C677&ssl=1&resize=1050%2C600 3x"},"classes":[]},{"id":10530,"url":"https:\/\/soclose.mx\/blog\/a-la-mexicana\/de-los-creadores-de-la-licuachela-llega-la-rotochela\/","url_meta":{"origin":11086,"position":4},"title":"Primero las gomichelas, luego las licuachelas y ahora \u00a1las rotochelas!","author":"Daniel Ram\u00edrez","date":"7 julio, 2022","format":false,"excerpt":"Los mexicanos no dominamos el mundo porque no queremos, me cae. Y si se tratara de alcohol, ser\u00edamos los dioses del universo. En un nuevo cap\u00edtulo de \"cervezas en envases random\", presentamos la Rotochela, la bebida preferida por los mexicanos pero servida en un mini tinaco. Toda familia mexicana que\u2026","rel":"","context":"En &quot;A la mexicana&quot;","block_context":{"text":"A la mexicana","link":"https:\/\/soclose.mx\/blog\/category\/a-la-mexicana\/"},"img":{"alt_text":"","src":"https:\/\/i0.wp.com\/soclose.mx\/blog\/wp-content\/uploads\/2022\/07\/Captura-de-Pantalla-2022-07-07-a-las-19.43.49.png?fit=753%2C563&ssl=1&resize=350%2C200","width":350,"height":200,"srcset":"https:\/\/i0.wp.com\/soclose.mx\/blog\/wp-content\/uploads\/2022\/07\/Captura-de-Pantalla-2022-07-07-a-las-19.43.49.png?fit=753%2C563&ssl=1&resize=350%2C200 1x, https:\/\/i0.wp.com\/soclose.mx\/blog\/wp-content\/uploads\/2022\/07\/Captura-de-Pantalla-2022-07-07-a-las-19.43.49.png?fit=753%2C563&ssl=1&resize=525%2C300 1.5x, https:\/\/i0.wp.com\/soclose.mx\/blog\/wp-content\/uploads\/2022\/07\/Captura-de-Pantalla-2022-07-07-a-las-19.43.49.png?fit=753%2C563&ssl=1&resize=700%2C400 2x"},"classes":[]},{"id":10934,"url":"https:\/\/soclose.mx\/blog\/ay-goeeee\/aceite-123-y-jabon-roma-los-exitosos-productos-mexicanos-que-no-necesitan-publicidad\/","url_meta":{"origin":11086,"position":5},"title":"Aceite 123 y jab\u00f3n &#8216;Roma&#8217;, los exitosos productos mexicanos que no necesitan publicidad","author":"Daniel Ram\u00edrez","date":"16 agosto, 2022","format":false,"excerpt":"\u00bfAlguna vez has visto en la televisi\u00f3n, redes sociales, p\u00e1ginas web o escuchado en el radio alguna publicidad del jab\u00f3n Roma o el aceite 123? Estos dos productos son hist\u00f3ricos en la vida cotidiana de nuestro pa\u00eds desde hace d\u00e9cadas, que han sido usados por nuestros abuelos, padres y alguno\u2026","rel":"","context":"En &quot;\u00a1Ay goeeee!&quot;","block_context":{"text":"\u00a1Ay goeeee!","link":"https:\/\/soclose.mx\/blog\/category\/ay-goeeee\/"},"img":{"alt_text":"","src":"https:\/\/i0.wp.com\/soclose.mx\/blog\/wp-content\/uploads\/2022\/08\/roma.jpg?fit=815%2C511&ssl=1&resize=350%2C200","width":350,"height":200,"srcset":"https:\/\/i0.wp.com\/soclose.mx\/blog\/wp-content\/uploads\/2022\/08\/roma.jpg?fit=815%2C511&ssl=1&resize=350%2C200 1x, https:\/\/i0.wp.com\/soclose.mx\/blog\/wp-content\/uploads\/2022\/08\/roma.jpg?fit=815%2C511&ssl=1&resize=525%2C300 1.5x, https:\/\/i0.wp.com\/soclose.mx\/blog\/wp-content\/uploads\/2022\/08\/roma.jpg?fit=815%2C511&ssl=1&resize=700%2C400 2x"},"classes":[]}],"jetpack_sharing_enabled":true,"_links":{"self":[{"href":"https:\/\/soclose.mx\/blog\/wp-json\/wp\/v2\/posts\/11086","targetHints":{"allow":["GET"]}}],"collection":[{"href":"https:\/\/soclose.mx\/blog\/wp-json\/wp\/v2\/posts"}],"about":[{"href":"https:\/\/soclose.mx\/blog\/wp-json\/wp\/v2\/types\/post"}],"author":[{"embeddable":true,"href":"https:\/\/soclose.mx\/blog\/wp-json\/wp\/v2\/users\/9"}],"replies":[{"embeddable":true,"href":"https:\/\/soclose.mx\/blog\/wp-json\/wp\/v2\/comments?post=11086"}],"version-history":[{"count":0,"href":"https:\/\/soclose.mx\/blog\/wp-json\/wp\/v2\/posts\/11086\/revisions"}],"wp:featuredmedia":[{"embeddable":true,"href":"https:\/\/soclose.mx\/blog\/wp-json\/wp\/v2\/media\/11087"}],"wp:attachment":[{"href":"https:\/\/soclose.mx\/blog\/wp-json\/wp\/v2\/media?parent=11086"}],"wp:term":[{"taxonomy":"category","embeddable":true,"href":"https:\/\/soclose.mx\/blog\/wp-json\/wp\/v2\/categories?post=11086"},{"taxonomy":"post_tag","embeddable":true,"href":"https:\/\/soclose.mx\/blog\/wp-json\/wp\/v2\/tags?post=11086"}],"curies":[{"name":"wp","href":"https:\/\/api.w.org\/{rel}","templated":true}]}}