{"id":11144,"date":"2022-11-20T15:54:41","date_gmt":"2022-11-20T21:54:41","guid":{"rendered":"https:\/\/soclose.mx\/blog\/?p=11144"},"modified":"2022-11-20T15:54:41","modified_gmt":"2022-11-20T21:54:41","slug":"frida-la-huella-de-una-heroina-mexicana-de-cuatro-patas","status":"publish","type":"post","link":"https:\/\/soclose.mx\/blog\/ay-goeeee\/frida-la-huella-de-una-heroina-mexicana-de-cuatro-patas\/","title":{"rendered":"Frida: la huella de una hero\u00edna mexicana de cuatro patas"},"content":{"rendered":"<div class=\"fb-video\" data-allowfullscreen=\"true\" data-href=\"https:\/\/www.facebook.com\/SEMARMX\/videos\/852965612413583\" style=\"background-color: #fff; display: inline-block;\"><\/div>\n<p>\u201cEn homenaje a la extraordinaria labor que tuviste como integrante de nuestra noble instituci\u00f3n. En gratitud al cari\u00f1o y amor que contin\u00faas sembrando a nuestra Gran Familia Naval, en millones de mexicanas y mexicanos, y m\u00e1s all\u00e1 de nuestras fronteras. Tu vida nos motiva a continuar d\u00e1ndolo todo para servir a M\u00e9xico. <strong>\u00a1Gracias querida Frida!\u201d<\/strong><\/p>\n<p>Frida, la perrita rescatista de las Fuerzas Armadas de M\u00e9xico no era un elemento m\u00e1s del cuerpo de rescatistas caninos que hab\u00eda en la dependencia; su carisma, amor, lealtad y valor sal\u00edan de su peludito cuerpo.<\/p>\n<p>Enfundada en su chalequito color arena, con sus lentes de \u00faltima moda en seguridad, sorte\u00f3 los peores escenarios, escal\u00f3 escombros y rescat\u00f3 miles de personas a quienes la luz se le estaba apagando para no volver jam\u00e1s.<\/p>\n<p>Es por eso que ahora que no ya no est\u00e1 entre nosotros, se siente un vac\u00edo enorme en la sociedad mexicana. Se gan\u00f3 el amor y cari\u00f1o de las personas y no solo de nuestro pa\u00eds, sino de los pa\u00edses donde se hizo presente para ayudar.<\/p>\n<p>La traves\u00eda de Frida por la vida inici\u00f3 el 12 de abril de 2009, fecha en que naci\u00f3 en la Unidad Canina de la Secretar\u00eda de Marina, conocido ahora como el Subgrupo de Control Canino, perteneciente al Estado Mayor General de la Armada de M\u00e9xico.<\/p>\n<div class=\"fb-post\" data-href=\"https:\/\/www.facebook.com\/ElUniversalOnline\/photos\/pcb.10162033788220681\/10162033786825681\/\" data-width=\"552\" style=\"background-color: #fff; display: inline-block;\"><\/div>\n<p>Desde sus primeros d\u00edas, la peque\u00f1a cachorrita entreg\u00f3 su vida a las Fuerzas Armadas mexicanas y r\u00e1pidamente comenz\u00f3 sus entrenamientos para servir a nuestro pa\u00eds. Sus cualidades aparecieron casi inmediatamente, pues sus entrenadores observaron aptitudes dignas de un soldado que no se ve\u00edan es otros caninos.<\/p>\n<p>En voz de sus entrenadores, lo que caracterizaba a Frida era su independencia; la concentraci\u00f3n que ten\u00eda a la hora de realizar sus ejercicios; su temperamento equilibrado caracter\u00edstico de su raza; su intr\u00e9pida, curiosa, y admirable facilidad para adaptarse a distintos ambientes.<\/p>\n<p>Todo eso era Frida, una perrita que reafirm\u00f3 sus caracter\u00edsticas con un programa de entrenamiento impecable. Tanta fue su disciplina y capacidad de aprendizaje que complet\u00f3 su curso en un tiempo r\u00e9cord de ocho meses, nada mal.<\/p>\n<p>Y lejos de pensar que fue extenuante, duro y complicado, fue todo lo contrario. Su preparaci\u00f3n se bas\u00f3 en el juego y el amor, recibi\u00f3 refuerzos positivos y cada trabajo era retribuido con su juguete favorito.<\/p>\n<p>Cuando estuvo lista, el mundo la necesit\u00f3. Su primer gran trabajo fue en el a\u00f1o 2010, participando en las brigadas internacionales de apoyo a la poblaci\u00f3n civil en Hait\u00ed, pa\u00eds que fue duramente golpeado por un terremoto que dej\u00f3 grandes da\u00f1os.<\/p>\n<p>En el 2013 fue parte de los grupos de apoyo para localizar personas atrapadas bajo escombros y estructuras colapsadas a causa de una explosi\u00f3n ocurrida en la Torre de Pemex.<\/p>\n<p>Para 2017 viaj\u00f3 a Ecuador, nuevamente se uni\u00f3 a las brigadas internacionales de auxilio a personas atrapadas bajo escombros, en las que su labor su determinante para localizar desaparecidos y heridos por un deslave que dej\u00f3 una poblaci\u00f3n sepultada.<\/p>\n<p>Pero en nuestro pa\u00eds fue donde se hizo hero\u00edna, pues se convirti\u00f3 en uno de los elementos m\u00e1s importantes de las fuerzas armadas durante los tr\u00e1gicos terremotos del a\u00f1o 2017 en Oaxaca y la Ciudad de M\u00e9xico.<\/p>\n<p>Para que se den una idea de la importancia de Frida en estos episodios, encontr\u00f3 un total de 55 personas, 12 vivas y 43 fallecidas, una cifra impresionante para un binomio canino. Gracias a esa labor se gan\u00f3 el respeto, la admiraci\u00f3n y el amor de las fuerzas armadas y de la gente de nuestro pa\u00eds.<\/p>\n<p>Honor, deber, lealtad, patriotismo, valores que siempre estuvieron en Frida, la perrita m\u00e1s consentida y reconocida de M\u00e9xico. Hasta siempre, Frida.<\/p>\n<p><iframe loading=\"lazy\" title=\"En Jap\u00f3n honran a Frida, la perrita rescatista en el sismo de 2017\" width=\"1170\" height=\"658\" src=\"https:\/\/www.youtube.com\/embed\/sscD9lDCuAQ?feature=oembed\" frameborder=\"0\" allow=\"accelerometer; autoplay; clipboard-write; encrypted-media; gyroscope; picture-in-picture\" allowfullscreen><\/iframe><\/p>\n","protected":false},"excerpt":{"rendered":"<p>\u201cEn homenaje a la extraordinaria labor que tuviste como integrante de nuestra noble instituci\u00f3n. En gratitud al cari\u00f1o y amor que contin\u00faas sembrando a nuestra Gran Familia Naval, en millones de mexicanas y mexicanos, y m\u00e1s all\u00e1 de nuestras fronteras. Tu vida nos motiva a continuar d\u00e1ndolo todo para servir a M\u00e9xico. \u00a1Gracias querida Frida!\u201d Frida, la perrita rescatista de las Fuerzas Armadas de M\u00e9xico no era un elemento m\u00e1s del cuerpo de rescatistas caninos que hab\u00eda en la dependencia; su carisma, amor, lealtad y valor sal\u00edan de su peludito cuerpo. Enfundada en su chalequito color arena, con sus lentes<\/p>\n","protected":false},"author":9,"featured_media":11145,"comment_status":"open","ping_status":"open","sticky":false,"template":"","format":"standard","meta":{"_jetpack_memberships_contains_paid_content":false,"footnotes":""},"categories":[1],"tags":[524,3010,3008,3009,3007],"class_list":["post-11144","post","type-post","status-publish","format-standard","has-post-thumbnail","hentry","category-ay-goeeee","tag-frida","tag-mascotas-mexicanas","tag-perrita-rescatista","tag-pets","tag-rescatista"],"yoast_head":"<!-- This site is optimized with the Yoast SEO plugin v26.7 - https:\/\/yoast.com\/wordpress\/plugins\/seo\/ -->\n<title>Frida: la huella de una hero\u00edna mexicana de cuatro patas - So Close<\/title>\n<meta name=\"robots\" content=\"index, follow, max-snippet:-1, max-image-preview:large, max-video-preview:-1\" \/>\n<link rel=\"canonical\" href=\"https:\/\/soclose.mx\/blog\/tag\/juan-rulfo-frases-mujeres\/\" \/>\n<meta property=\"og:locale\" content=\"es_MX\" \/>\n<meta property=\"og:type\" content=\"article\" \/>\n<meta property=\"og:title\" content=\"Frida: la huella de una hero\u00edna mexicana de cuatro patas - So Close\" \/>\n<meta property=\"og:description\" content=\"\u201cEn homenaje a la extraordinaria labor que tuviste como integrante de nuestra noble instituci\u00f3n. En gratitud al cari\u00f1o y amor que contin\u00faas sembrando a nuestra Gran Familia Naval, en millones de mexicanas y mexicanos, y m\u00e1s all\u00e1 de nuestras fronteras. Tu vida nos motiva a continuar d\u00e1ndolo todo para servir a M\u00e9xico. \u00a1Gracias querida Frida!\u201d Frida, la perrita rescatista de las Fuerzas Armadas de M\u00e9xico no era un elemento m\u00e1s del cuerpo de rescatistas caninos que hab\u00eda en la dependencia; su carisma, amor, lealtad y valor sal\u00edan de su peludito cuerpo. Enfundada en su chalequito color arena, con sus lentes\" \/>\n<meta property=\"og:url\" content=\"https:\/\/soclose.mx\/blog\/tag\/juan-rulfo-frases-mujeres\/\" \/>\n<meta property=\"og:site_name\" content=\"So Close\" \/>\n<meta property=\"article:published_time\" content=\"2022-11-20T21:54:41+00:00\" \/>\n<meta property=\"og:image\" content=\"https:\/\/i0.wp.com\/soclose.mx\/blog\/wp-content\/uploads\/2022\/11\/frida.jpeg?fit=650%2C380&ssl=1\" \/>\n\t<meta property=\"og:image:width\" content=\"650\" \/>\n\t<meta property=\"og:image:height\" content=\"380\" \/>\n\t<meta property=\"og:image:type\" content=\"image\/jpeg\" \/>\n<meta name=\"author\" content=\"Daniel Ram\u00edrez\" \/>\n<meta name=\"twitter:card\" content=\"summary_large_image\" \/>\n<meta name=\"twitter:label1\" content=\"Escrito por\" \/>\n\t<meta name=\"twitter:data1\" content=\"Daniel Ram\u00edrez\" \/>\n\t<meta name=\"twitter:label2\" content=\"Tiempo de lectura\" \/>\n\t<meta name=\"twitter:data2\" content=\"3 minutos\" \/>\n<script type=\"application\/ld+json\" class=\"yoast-schema-graph\">{\"@context\":\"https:\/\/schema.org\",\"@graph\":[{\"@type\":\"Article\",\"@id\":\"https:\/\/soclose.mx\/blog\/tag\/juan-rulfo-frases-mujeres\/#article\",\"isPartOf\":{\"@id\":\"https:\/\/soclose.mx\/blog\/tag\/juan-rulfo-frases-mujeres\/\"},\"author\":{\"name\":\"Daniel Ram\u00edrez\",\"@id\":\"https:\/\/soclose.mx\/blog\/#\/schema\/person\/54cd06c3a8cdc01a80c08725278aff88\"},\"headline\":\"Frida: la huella de una hero\u00edna mexicana de cuatro patas\",\"datePublished\":\"2022-11-20T21:54:41+00:00\",\"mainEntityOfPage\":{\"@id\":\"https:\/\/soclose.mx\/blog\/tag\/juan-rulfo-frases-mujeres\/\"},\"wordCount\":673,\"commentCount\":0,\"publisher\":{\"@id\":\"https:\/\/soclose.mx\/blog\/#organization\"},\"image\":{\"@id\":\"https:\/\/soclose.mx\/blog\/tag\/juan-rulfo-frases-mujeres\/#primaryimage\"},\"thumbnailUrl\":\"https:\/\/i0.wp.com\/soclose.mx\/blog\/wp-content\/uploads\/2022\/11\/frida.jpeg?fit=650%2C380&ssl=1\",\"keywords\":[\"frida\",\"mascotas mexicanas\",\"perrita rescatista\",\"pets\",\"rescatista\"],\"articleSection\":[\"\u00a1Ay goeeee!\"],\"inLanguage\":\"es\",\"potentialAction\":[{\"@type\":\"CommentAction\",\"name\":\"Comment\",\"target\":[\"https:\/\/soclose.mx\/blog\/tag\/juan-rulfo-frases-mujeres\/#respond\"]}]},{\"@type\":\"WebPage\",\"@id\":\"https:\/\/soclose.mx\/blog\/tag\/juan-rulfo-frases-mujeres\/\",\"url\":\"https:\/\/soclose.mx\/blog\/tag\/juan-rulfo-frases-mujeres\/\",\"name\":\"Frida: la huella de una hero\u00edna mexicana de cuatro patas - So Close\",\"isPartOf\":{\"@id\":\"https:\/\/soclose.mx\/blog\/#website\"},\"primaryImageOfPage\":{\"@id\":\"https:\/\/soclose.mx\/blog\/tag\/juan-rulfo-frases-mujeres\/#primaryimage\"},\"image\":{\"@id\":\"https:\/\/soclose.mx\/blog\/tag\/juan-rulfo-frases-mujeres\/#primaryimage\"},\"thumbnailUrl\":\"https:\/\/i0.wp.com\/soclose.mx\/blog\/wp-content\/uploads\/2022\/11\/frida.jpeg?fit=650%2C380&ssl=1\",\"datePublished\":\"2022-11-20T21:54:41+00:00\",\"breadcrumb\":{\"@id\":\"https:\/\/soclose.mx\/blog\/tag\/juan-rulfo-frases-mujeres\/#breadcrumb\"},\"inLanguage\":\"es\",\"potentialAction\":[{\"@type\":\"ReadAction\",\"target\":[\"https:\/\/soclose.mx\/blog\/tag\/juan-rulfo-frases-mujeres\/\"]}]},{\"@type\":\"ImageObject\",\"inLanguage\":\"es\",\"@id\":\"https:\/\/soclose.mx\/blog\/tag\/juan-rulfo-frases-mujeres\/#primaryimage\",\"url\":\"https:\/\/i0.wp.com\/soclose.mx\/blog\/wp-content\/uploads\/2022\/11\/frida.jpeg?fit=650%2C380&ssl=1\",\"contentUrl\":\"https:\/\/i0.wp.com\/soclose.mx\/blog\/wp-content\/uploads\/2022\/11\/frida.jpeg?fit=650%2C380&ssl=1\",\"width\":650,\"height\":380},{\"@type\":\"BreadcrumbList\",\"@id\":\"https:\/\/soclose.mx\/blog\/tag\/juan-rulfo-frases-mujeres\/#breadcrumb\",\"itemListElement\":[{\"@type\":\"ListItem\",\"position\":1,\"name\":\"Inicio\",\"item\":\"https:\/\/soclose.mx\/blog\/\"},{\"@type\":\"ListItem\",\"position\":2,\"name\":\"Frida: la huella de una hero\u00edna mexicana de cuatro patas\"}]},{\"@type\":\"WebSite\",\"@id\":\"https:\/\/soclose.mx\/blog\/#website\",\"url\":\"https:\/\/soclose.mx\/blog\/\",\"name\":\"So Close\",\"description\":\"Hacemos contenidos de M\u00e9xico\",\"publisher\":{\"@id\":\"https:\/\/soclose.mx\/blog\/#organization\"},\"potentialAction\":[{\"@type\":\"SearchAction\",\"target\":{\"@type\":\"EntryPoint\",\"urlTemplate\":\"https:\/\/soclose.mx\/blog\/?s={search_term_string}\"},\"query-input\":{\"@type\":\"PropertyValueSpecification\",\"valueRequired\":true,\"valueName\":\"search_term_string\"}}],\"inLanguage\":\"es\"},{\"@type\":\"Organization\",\"@id\":\"https:\/\/soclose.mx\/blog\/#organization\",\"name\":\"So Close\",\"url\":\"https:\/\/soclose.mx\/blog\/\",\"logo\":{\"@type\":\"ImageObject\",\"inLanguage\":\"es\",\"@id\":\"https:\/\/soclose.mx\/blog\/#\/schema\/logo\/image\/\",\"url\":\"https:\/\/i0.wp.com\/soclose.mx\/blog\/wp-content\/uploads\/2020\/12\/LOGO_SOCLOSE_COLOR-e1608310133507.png?fit=2858%2C1264&ssl=1\",\"contentUrl\":\"https:\/\/i0.wp.com\/soclose.mx\/blog\/wp-content\/uploads\/2020\/12\/LOGO_SOCLOSE_COLOR-e1608310133507.png?fit=2858%2C1264&ssl=1\",\"width\":2858,\"height\":1264,\"caption\":\"So Close\"},\"image\":{\"@id\":\"https:\/\/soclose.mx\/blog\/#\/schema\/logo\/image\/\"}},{\"@type\":\"Person\",\"@id\":\"https:\/\/soclose.mx\/blog\/#\/schema\/person\/54cd06c3a8cdc01a80c08725278aff88\",\"name\":\"Daniel Ram\u00edrez\",\"image\":{\"@type\":\"ImageObject\",\"inLanguage\":\"es\",\"@id\":\"https:\/\/soclose.mx\/blog\/#\/schema\/person\/image\/\",\"url\":\"https:\/\/secure.gravatar.com\/avatar\/74af6012f2e898d2be93cf32e26b59a2c9489743c9ca6270d7848b44edd7d272?s=96&d=mm&r=g\",\"contentUrl\":\"https:\/\/secure.gravatar.com\/avatar\/74af6012f2e898d2be93cf32e26b59a2c9489743c9ca6270d7848b44edd7d272?s=96&d=mm&r=g\",\"caption\":\"Daniel Ram\u00edrez\"},\"url\":\"https:\/\/soclose.mx\/blog\/author\/peter\/\"}]}<\/script>\n<!-- \/ Yoast SEO plugin. -->","yoast_head_json":{"title":"Frida: la huella de una hero\u00edna mexicana de cuatro patas - So Close","robots":{"index":"index","follow":"follow","max-snippet":"max-snippet:-1","max-image-preview":"max-image-preview:large","max-video-preview":"max-video-preview:-1"},"canonical":"https:\/\/soclose.mx\/blog\/tag\/juan-rulfo-frases-mujeres\/","og_locale":"es_MX","og_type":"article","og_title":"Frida: la huella de una hero\u00edna mexicana de cuatro patas - So Close","og_description":"\u201cEn homenaje a la extraordinaria labor que tuviste como integrante de nuestra noble instituci\u00f3n. En gratitud al cari\u00f1o y amor que contin\u00faas sembrando a nuestra Gran Familia Naval, en millones de mexicanas y mexicanos, y m\u00e1s all\u00e1 de nuestras fronteras. Tu vida nos motiva a continuar d\u00e1ndolo todo para servir a M\u00e9xico. \u00a1Gracias querida Frida!\u201d Frida, la perrita rescatista de las Fuerzas Armadas de M\u00e9xico no era un elemento m\u00e1s del cuerpo de rescatistas caninos que hab\u00eda en la dependencia; su carisma, amor, lealtad y valor sal\u00edan de su peludito cuerpo. Enfundada en su chalequito color arena, con sus lentes","og_url":"https:\/\/soclose.mx\/blog\/tag\/juan-rulfo-frases-mujeres\/","og_site_name":"So Close","article_published_time":"2022-11-20T21:54:41+00:00","og_image":[{"width":650,"height":380,"url":"https:\/\/i0.wp.com\/soclose.mx\/blog\/wp-content\/uploads\/2022\/11\/frida.jpeg?fit=650%2C380&ssl=1","type":"image\/jpeg"}],"author":"Daniel Ram\u00edrez","twitter_card":"summary_large_image","twitter_misc":{"Escrito por":"Daniel Ram\u00edrez","Tiempo de lectura":"3 minutos"},"schema":{"@context":"https:\/\/schema.org","@graph":[{"@type":"Article","@id":"https:\/\/soclose.mx\/blog\/tag\/juan-rulfo-frases-mujeres\/#article","isPartOf":{"@id":"https:\/\/soclose.mx\/blog\/tag\/juan-rulfo-frases-mujeres\/"},"author":{"name":"Daniel Ram\u00edrez","@id":"https:\/\/soclose.mx\/blog\/#\/schema\/person\/54cd06c3a8cdc01a80c08725278aff88"},"headline":"Frida: la huella de una hero\u00edna mexicana de cuatro patas","datePublished":"2022-11-20T21:54:41+00:00","mainEntityOfPage":{"@id":"https:\/\/soclose.mx\/blog\/tag\/juan-rulfo-frases-mujeres\/"},"wordCount":673,"commentCount":0,"publisher":{"@id":"https:\/\/soclose.mx\/blog\/#organization"},"image":{"@id":"https:\/\/soclose.mx\/blog\/tag\/juan-rulfo-frases-mujeres\/#primaryimage"},"thumbnailUrl":"https:\/\/i0.wp.com\/soclose.mx\/blog\/wp-content\/uploads\/2022\/11\/frida.jpeg?fit=650%2C380&ssl=1","keywords":["frida","mascotas mexicanas","perrita rescatista","pets","rescatista"],"articleSection":["\u00a1Ay goeeee!"],"inLanguage":"es","potentialAction":[{"@type":"CommentAction","name":"Comment","target":["https:\/\/soclose.mx\/blog\/tag\/juan-rulfo-frases-mujeres\/#respond"]}]},{"@type":"WebPage","@id":"https:\/\/soclose.mx\/blog\/tag\/juan-rulfo-frases-mujeres\/","url":"https:\/\/soclose.mx\/blog\/tag\/juan-rulfo-frases-mujeres\/","name":"Frida: la huella de una hero\u00edna mexicana de cuatro patas - So Close","isPartOf":{"@id":"https:\/\/soclose.mx\/blog\/#website"},"primaryImageOfPage":{"@id":"https:\/\/soclose.mx\/blog\/tag\/juan-rulfo-frases-mujeres\/#primaryimage"},"image":{"@id":"https:\/\/soclose.mx\/blog\/tag\/juan-rulfo-frases-mujeres\/#primaryimage"},"thumbnailUrl":"https:\/\/i0.wp.com\/soclose.mx\/blog\/wp-content\/uploads\/2022\/11\/frida.jpeg?fit=650%2C380&ssl=1","datePublished":"2022-11-20T21:54:41+00:00","breadcrumb":{"@id":"https:\/\/soclose.mx\/blog\/tag\/juan-rulfo-frases-mujeres\/#breadcrumb"},"inLanguage":"es","potentialAction":[{"@type":"ReadAction","target":["https:\/\/soclose.mx\/blog\/tag\/juan-rulfo-frases-mujeres\/"]}]},{"@type":"ImageObject","inLanguage":"es","@id":"https:\/\/soclose.mx\/blog\/tag\/juan-rulfo-frases-mujeres\/#primaryimage","url":"https:\/\/i0.wp.com\/soclose.mx\/blog\/wp-content\/uploads\/2022\/11\/frida.jpeg?fit=650%2C380&ssl=1","contentUrl":"https:\/\/i0.wp.com\/soclose.mx\/blog\/wp-content\/uploads\/2022\/11\/frida.jpeg?fit=650%2C380&ssl=1","width":650,"height":380},{"@type":"BreadcrumbList","@id":"https:\/\/soclose.mx\/blog\/tag\/juan-rulfo-frases-mujeres\/#breadcrumb","itemListElement":[{"@type":"ListItem","position":1,"name":"Inicio","item":"https:\/\/soclose.mx\/blog\/"},{"@type":"ListItem","position":2,"name":"Frida: la huella de una hero\u00edna mexicana de cuatro patas"}]},{"@type":"WebSite","@id":"https:\/\/soclose.mx\/blog\/#website","url":"https:\/\/soclose.mx\/blog\/","name":"So Close","description":"Hacemos contenidos de M\u00e9xico","publisher":{"@id":"https:\/\/soclose.mx\/blog\/#organization"},"potentialAction":[{"@type":"SearchAction","target":{"@type":"EntryPoint","urlTemplate":"https:\/\/soclose.mx\/blog\/?s={search_term_string}"},"query-input":{"@type":"PropertyValueSpecification","valueRequired":true,"valueName":"search_term_string"}}],"inLanguage":"es"},{"@type":"Organization","@id":"https:\/\/soclose.mx\/blog\/#organization","name":"So Close","url":"https:\/\/soclose.mx\/blog\/","logo":{"@type":"ImageObject","inLanguage":"es","@id":"https:\/\/soclose.mx\/blog\/#\/schema\/logo\/image\/","url":"https:\/\/i0.wp.com\/soclose.mx\/blog\/wp-content\/uploads\/2020\/12\/LOGO_SOCLOSE_COLOR-e1608310133507.png?fit=2858%2C1264&ssl=1","contentUrl":"https:\/\/i0.wp.com\/soclose.mx\/blog\/wp-content\/uploads\/2020\/12\/LOGO_SOCLOSE_COLOR-e1608310133507.png?fit=2858%2C1264&ssl=1","width":2858,"height":1264,"caption":"So Close"},"image":{"@id":"https:\/\/soclose.mx\/blog\/#\/schema\/logo\/image\/"}},{"@type":"Person","@id":"https:\/\/soclose.mx\/blog\/#\/schema\/person\/54cd06c3a8cdc01a80c08725278aff88","name":"Daniel Ram\u00edrez","image":{"@type":"ImageObject","inLanguage":"es","@id":"https:\/\/soclose.mx\/blog\/#\/schema\/person\/image\/","url":"https:\/\/secure.gravatar.com\/avatar\/74af6012f2e898d2be93cf32e26b59a2c9489743c9ca6270d7848b44edd7d272?s=96&d=mm&r=g","contentUrl":"https:\/\/secure.gravatar.com\/avatar\/74af6012f2e898d2be93cf32e26b59a2c9489743c9ca6270d7848b44edd7d272?s=96&d=mm&r=g","caption":"Daniel Ram\u00edrez"},"url":"https:\/\/soclose.mx\/blog\/author\/peter\/"}]}},"jetpack_featured_media_url":"https:\/\/i0.wp.com\/soclose.mx\/blog\/wp-content\/uploads\/2022\/11\/frida.jpeg?fit=650%2C380&ssl=1","jetpack-related-posts":[{"id":9007,"url":"https:\/\/soclose.mx\/blog\/ay-goeeee\/nick-muray-el-otro-amor-de-frida-kahlo\/","url_meta":{"origin":11144,"position":0},"title":"Nickolas Muray: el otro amor de Frida Kahlo","author":"Miguel Angel Romero","date":"12 abril, 2022","format":false,"excerpt":"Nickolas Muray fue uno de los fot\u00f3grafos m\u00e1s relevantes entre los a\u00f1os 20 y 40, su nombre tambi\u00e9n resuena al ser de las personas m\u00e1s allegadas a Frida Kahlo. En su trayectoria profesional captur\u00f3 a celebridades del mundo pol\u00edtico, literario, musical y art\u00edstico como\u00a0Marilyn Monroe, David Herbert Richards Lawrence, Anna\u2026","rel":"","context":"En &quot;\u00a1Ay goeeee!&quot;","block_context":{"text":"\u00a1Ay goeeee!","link":"https:\/\/soclose.mx\/blog\/category\/ay-goeeee\/"},"img":{"alt_text":"","src":"https:\/\/i0.wp.com\/soclose.mx\/blog\/wp-content\/uploads\/2022\/02\/Copia-de-Principal-So-Close-blog-2-4.png?fit=1200%2C677&ssl=1&resize=350%2C200","width":350,"height":200,"srcset":"https:\/\/i0.wp.com\/soclose.mx\/blog\/wp-content\/uploads\/2022\/02\/Copia-de-Principal-So-Close-blog-2-4.png?fit=1200%2C677&ssl=1&resize=350%2C200 1x, https:\/\/i0.wp.com\/soclose.mx\/blog\/wp-content\/uploads\/2022\/02\/Copia-de-Principal-So-Close-blog-2-4.png?fit=1200%2C677&ssl=1&resize=525%2C300 1.5x, https:\/\/i0.wp.com\/soclose.mx\/blog\/wp-content\/uploads\/2022\/02\/Copia-de-Principal-So-Close-blog-2-4.png?fit=1200%2C677&ssl=1&resize=700%2C400 2x, https:\/\/i0.wp.com\/soclose.mx\/blog\/wp-content\/uploads\/2022\/02\/Copia-de-Principal-So-Close-blog-2-4.png?fit=1200%2C677&ssl=1&resize=1050%2C600 3x"},"classes":[]},{"id":7736,"url":"https:\/\/soclose.mx\/blog\/news-feed\/la-experiencia-inmersiva-para-que-conozcas-aun-mas-a-frida\/","url_meta":{"origin":11144,"position":1},"title":"La experiencia inmersiva para que conozcas a\u00fan m\u00e1s a Frida","author":"Miguel Angel Romero","date":"10 noviembre, 2021","format":false,"excerpt":"Frida Inmersiva\u00a0es una exposici\u00f3n que invita a vivir, sentir y redescubrir a la emblem\u00e1tica artista Frida Kahlo. As\u00ed es, por medio de una experiencia interactiva que se lleva a cabo en el Front\u00f3n M\u00e9xico, podr\u00e1s admirar de una manera innovadora y tecnol\u00f3gica las ic\u00f3nicas pinturas que hicieron de su vida\u2026","rel":"","context":"En &quot;News feed&quot;","block_context":{"text":"News feed","link":"https:\/\/soclose.mx\/blog\/category\/news-feed\/"},"img":{"alt_text":"","src":"https:\/\/i0.wp.com\/soclose.mx\/blog\/wp-content\/uploads\/2021\/11\/Copia-de-Principal-So-Close-blog-4-1.png?fit=1200%2C677&ssl=1&resize=350%2C200","width":350,"height":200,"srcset":"https:\/\/i0.wp.com\/soclose.mx\/blog\/wp-content\/uploads\/2021\/11\/Copia-de-Principal-So-Close-blog-4-1.png?fit=1200%2C677&ssl=1&resize=350%2C200 1x, https:\/\/i0.wp.com\/soclose.mx\/blog\/wp-content\/uploads\/2021\/11\/Copia-de-Principal-So-Close-blog-4-1.png?fit=1200%2C677&ssl=1&resize=525%2C300 1.5x, https:\/\/i0.wp.com\/soclose.mx\/blog\/wp-content\/uploads\/2021\/11\/Copia-de-Principal-So-Close-blog-4-1.png?fit=1200%2C677&ssl=1&resize=700%2C400 2x, https:\/\/i0.wp.com\/soclose.mx\/blog\/wp-content\/uploads\/2021\/11\/Copia-de-Principal-So-Close-blog-4-1.png?fit=1200%2C677&ssl=1&resize=1050%2C600 3x"},"classes":[]},{"id":9410,"url":"https:\/\/soclose.mx\/blog\/a-la-mexicana\/frida-escobedo-la-mexicana-que-disenara-un-pabellon-del-met\/","url_meta":{"origin":11144,"position":2},"title":"Frida Escobedo: La mexicana que dise\u00f1ar\u00e1 un pabell\u00f3n del MET","author":"Miguel Angel Romero","date":"18 marzo, 2022","format":false,"excerpt":"La mexicana\u00a0Frida Escobedo\u00a0fue la arquitecta seleccionada para liderar el proyecto de dise\u00f1o y construcci\u00f3n del nuevo\u00a0pabell\u00f3n de arte moderno y contempor\u00e1neo\u00a0en el\u00a0Museo Metropolitano de Arte de Nueva York. El museo consider\u00f3 otras cuatro firmas de arquitectura: Ensamble Studio, Lacaton & Vassal, SO - IL y David Chipperfield Architects, pero la\u2026","rel":"","context":"En &quot;A la mexicana&quot;","block_context":{"text":"A la mexicana","link":"https:\/\/soclose.mx\/blog\/category\/a-la-mexicana\/"},"img":{"alt_text":"","src":"https:\/\/i0.wp.com\/soclose.mx\/blog\/wp-content\/uploads\/2022\/03\/Copia-de-Principal-So-Close-blog-1-12.png?fit=1200%2C677&ssl=1&resize=350%2C200","width":350,"height":200,"srcset":"https:\/\/i0.wp.com\/soclose.mx\/blog\/wp-content\/uploads\/2022\/03\/Copia-de-Principal-So-Close-blog-1-12.png?fit=1200%2C677&ssl=1&resize=350%2C200 1x, https:\/\/i0.wp.com\/soclose.mx\/blog\/wp-content\/uploads\/2022\/03\/Copia-de-Principal-So-Close-blog-1-12.png?fit=1200%2C677&ssl=1&resize=525%2C300 1.5x, https:\/\/i0.wp.com\/soclose.mx\/blog\/wp-content\/uploads\/2022\/03\/Copia-de-Principal-So-Close-blog-1-12.png?fit=1200%2C677&ssl=1&resize=700%2C400 2x, https:\/\/i0.wp.com\/soclose.mx\/blog\/wp-content\/uploads\/2022\/03\/Copia-de-Principal-So-Close-blog-1-12.png?fit=1200%2C677&ssl=1&resize=1050%2C600 3x"},"classes":[]},{"id":9170,"url":"https:\/\/soclose.mx\/blog\/a-la-mexicana\/frida-kahlo-y-diego-rivera-llegan-a-la-novela-grafica\/","url_meta":{"origin":11144,"position":3},"title":"Frida Kahlo y Diego Rivera llegan a la novela gr\u00e1fica","author":"Miguel Angel Romero","date":"2 marzo, 2022","format":false,"excerpt":"Inspirado en La fabulosa vida de\u00a0Diego Rivera\u00a0de Bertram D. Wolfe, el ilustrador mexicano\u00a0Francisco de la Mora decidi\u00f3 llevar a Diego Rivera a la novela gr\u00e1fica. Diego Rivera, como se titula la historieta\u00a0 ilustrada por Jos\u00e9 Luis Pescador y publicada por el sello ingl\u00e9s SelfMadeHero, (empresa que dedica sus n\u00fameros a\u2026","rel":"","context":"En &quot;A la mexicana&quot;","block_context":{"text":"A la mexicana","link":"https:\/\/soclose.mx\/blog\/category\/a-la-mexicana\/"},"img":{"alt_text":"","src":"https:\/\/i0.wp.com\/soclose.mx\/blog\/wp-content\/uploads\/2022\/03\/f960x540-484000_558075_0.jpg?fit=960%2C540&ssl=1&resize=350%2C200","width":350,"height":200,"srcset":"https:\/\/i0.wp.com\/soclose.mx\/blog\/wp-content\/uploads\/2022\/03\/f960x540-484000_558075_0.jpg?fit=960%2C540&ssl=1&resize=350%2C200 1x, https:\/\/i0.wp.com\/soclose.mx\/blog\/wp-content\/uploads\/2022\/03\/f960x540-484000_558075_0.jpg?fit=960%2C540&ssl=1&resize=525%2C300 1.5x, https:\/\/i0.wp.com\/soclose.mx\/blog\/wp-content\/uploads\/2022\/03\/f960x540-484000_558075_0.jpg?fit=960%2C540&ssl=1&resize=700%2C400 2x"},"classes":[]},{"id":6429,"url":"https:\/\/soclose.mx\/blog\/ay-goeeee\/10-datos-de-frida-kahlo-antes-de-ser-artista\/","url_meta":{"origin":11144,"position":4},"title":"10 datos de Frida Kahlo antes de ser artista","author":"So Close","date":"6 julio, 2021","format":false,"excerpt":"Magdalena Carmen Frida Kahlo Calder\u00f3n, nombre completo de la artista mexicana Frida Kahlo, naci\u00f3 el 6 de julio de 1907 en la Ciudad de M\u00e9xico y como todos sabemos, se cas\u00f3 con Diego Rivera, pero antes de eso y antes de conocer todo su arte, \u00bfqu\u00e9 vivi\u00f3 la peque\u00f1a \"Friducha\"?\u2026","rel":"","context":"En &quot;\u00a1Ay goeeee!&quot;","block_context":{"text":"\u00a1Ay goeeee!","link":"https:\/\/soclose.mx\/blog\/category\/ay-goeeee\/"},"img":{"alt_text":"","src":"https:\/\/i0.wp.com\/soclose.mx\/blog\/wp-content\/uploads\/2021\/07\/frida-kahlo.jpeg?fit=1200%2C677&ssl=1&resize=350%2C200","width":350,"height":200,"srcset":"https:\/\/i0.wp.com\/soclose.mx\/blog\/wp-content\/uploads\/2021\/07\/frida-kahlo.jpeg?fit=1200%2C677&ssl=1&resize=350%2C200 1x, https:\/\/i0.wp.com\/soclose.mx\/blog\/wp-content\/uploads\/2021\/07\/frida-kahlo.jpeg?fit=1200%2C677&ssl=1&resize=525%2C300 1.5x, https:\/\/i0.wp.com\/soclose.mx\/blog\/wp-content\/uploads\/2021\/07\/frida-kahlo.jpeg?fit=1200%2C677&ssl=1&resize=700%2C400 2x, https:\/\/i0.wp.com\/soclose.mx\/blog\/wp-content\/uploads\/2021\/07\/frida-kahlo.jpeg?fit=1200%2C677&ssl=1&resize=1050%2C600 3x"},"classes":[]},{"id":10499,"url":"https:\/\/soclose.mx\/blog\/a-la-mexicana\/conoce-yo-y-mis-pericos-una-de-las-pinturas-de-frida-kahlo-mas-caras-en-la-historia-del-arte\/","url_meta":{"origin":11144,"position":5},"title":"Conoce &#8220;Yo y mis Pericos&#8221;, una de las pinturas de Frida Kahlo m\u00e1s caras en la historia del arte","author":"Daniel Ram\u00edrez","date":"5 julio, 2022","format":false,"excerpt":"Pintar, pintamos todos, pero pocos fueron tocados con la varita m\u00e1gica para ser capaces de realizar cuadros incre\u00edbles. Como Frida Kahlo, la pintora mexicana quien hizo verdaderas maravillas con las que deslumbr\u00f3 y deleit\u00f3 al mundo entero. Muestra de ello es el valor que tienen sus obras, como el cuadro\u2026","rel":"","context":"En &quot;A la mexicana&quot;","block_context":{"text":"A la mexicana","link":"https:\/\/soclose.mx\/blog\/category\/a-la-mexicana\/"},"img":{"alt_text":"","src":"https:\/\/i0.wp.com\/soclose.mx\/blog\/wp-content\/uploads\/2022\/07\/pexels-tim-mossholder-10681850-scaled.jpg?fit=1200%2C800&ssl=1&resize=350%2C200","width":350,"height":200,"srcset":"https:\/\/i0.wp.com\/soclose.mx\/blog\/wp-content\/uploads\/2022\/07\/pexels-tim-mossholder-10681850-scaled.jpg?fit=1200%2C800&ssl=1&resize=350%2C200 1x, https:\/\/i0.wp.com\/soclose.mx\/blog\/wp-content\/uploads\/2022\/07\/pexels-tim-mossholder-10681850-scaled.jpg?fit=1200%2C800&ssl=1&resize=525%2C300 1.5x, https:\/\/i0.wp.com\/soclose.mx\/blog\/wp-content\/uploads\/2022\/07\/pexels-tim-mossholder-10681850-scaled.jpg?fit=1200%2C800&ssl=1&resize=700%2C400 2x, https:\/\/i0.wp.com\/soclose.mx\/blog\/wp-content\/uploads\/2022\/07\/pexels-tim-mossholder-10681850-scaled.jpg?fit=1200%2C800&ssl=1&resize=1050%2C600 3x"},"classes":[]}],"jetpack_sharing_enabled":true,"_links":{"self":[{"href":"https:\/\/soclose.mx\/blog\/wp-json\/wp\/v2\/posts\/11144","targetHints":{"allow":["GET"]}}],"collection":[{"href":"https:\/\/soclose.mx\/blog\/wp-json\/wp\/v2\/posts"}],"about":[{"href":"https:\/\/soclose.mx\/blog\/wp-json\/wp\/v2\/types\/post"}],"author":[{"embeddable":true,"href":"https:\/\/soclose.mx\/blog\/wp-json\/wp\/v2\/users\/9"}],"replies":[{"embeddable":true,"href":"https:\/\/soclose.mx\/blog\/wp-json\/wp\/v2\/comments?post=11144"}],"version-history":[{"count":0,"href":"https:\/\/soclose.mx\/blog\/wp-json\/wp\/v2\/posts\/11144\/revisions"}],"wp:featuredmedia":[{"embeddable":true,"href":"https:\/\/soclose.mx\/blog\/wp-json\/wp\/v2\/media\/11145"}],"wp:attachment":[{"href":"https:\/\/soclose.mx\/blog\/wp-json\/wp\/v2\/media?parent=11144"}],"wp:term":[{"taxonomy":"category","embeddable":true,"href":"https:\/\/soclose.mx\/blog\/wp-json\/wp\/v2\/categories?post=11144"},{"taxonomy":"post_tag","embeddable":true,"href":"https:\/\/soclose.mx\/blog\/wp-json\/wp\/v2\/tags?post=11144"}],"curies":[{"name":"wp","href":"https:\/\/api.w.org\/{rel}","templated":true}]}}