{"id":11288,"date":"2024-09-16T22:04:48","date_gmt":"2024-09-17T04:04:48","guid":{"rendered":"https:\/\/soclose.mx\/blog\/?p=11288"},"modified":"2024-09-17T21:27:47","modified_gmt":"2024-09-18T03:27:47","slug":"porfirio-callejas-terremoto-1985-torre-latinoamericana","status":"publish","type":"post","link":"https:\/\/soclose.mx\/blog\/ay-goeeee\/porfirio-callejas-terremoto-1985-torre-latinoamericana\/","title":{"rendered":"Porfirio Callejas; vivi\u00f3 el terremoto del 85 en la punta de la Torre Latino"},"content":{"rendered":"<p>El <strong>terremoto<\/strong> del 19 de septiembre de <strong>1985<\/strong> ha sido una de las experiencias m\u00e1s traum\u00e1ticas para los habitantes de la Ciudad de M\u00e9xico (CDMX) y para Porfirio Callejas no fue la excepci\u00f3n; ese d\u00eda, este hombre vivi\u00f3 los dos minutos m\u00e1s largos de su vida colgado en lo alto de la antena de la <strong>Torre Latinoamericana<\/strong>.<\/p>\n<p>El resultado de ese sismo fue el colapso de al menos 371 edificios modernos, m\u00e1s de 30 mil damnificados, da\u00f1o de mediano a grave en el 80 por ciento de las construcciones, y una cifra, la oficial de hasta siete mil muertos, quiz\u00e1 miles m\u00e1s.<\/p>\n<p>Entre los sobrevivientes se cuentan a los beb\u00e9s milagrosos que sobrevivieron por d\u00edas o hasta semanas bajo los escombros.<\/p>\n<p>Pero hay un caso que se volvi\u00f3 \u00a0memorable y que se relata en el libro \u201c<a href=\"https:\/\/www.educal.com.mx\/0800-literatura\/092718-los-pequenos-secretos-del-centro-historico.html\">Los Peque\u00f1os Secretos del Centro Hist\u00f3rico<\/a>&#8221; de Elena Jim\u00e9nez, editado por el ya desaparecido\u00a0 Consejo Nacional para la Cultura y las Artes (Conaculta).<\/p>\n<h2>Porfirio Callejas, el hombre de las alturas<\/h2>\n<p>El episodio de ese libro narra el famoso caso de <strong>Porfirio Callejas<\/strong>, el hombre que sobrevivi\u00f3 al terrible sismo del 85 colgado de la antena de la <strong>Torre Latinoamericana<\/strong>, el entonces rascacielos m\u00e1s alto de la CDMX.<\/p>\n<p><strong>Porfirio Callejas<\/strong> era trabajador de mantenimiento en la <strong>Torre Latinoamericana<\/strong> y ese 19 de septiembre de <strong>1985<\/strong> , ten\u00eda la encomienda de darle mantenimiento a la antena del rascacielos.<\/p>\n<p><strong>Porfirio<\/strong> ten\u00eda solo unos minutos ya en lo alto de la antena de la Torre Latinoamericana, aquel 19 de septiembre cuando empez\u00f3 a temblar.<\/p>\n<p>Apenas hab\u00eda acabado de sujetarse con los arneses de seguridad y ya no le dio tiempo de bajarse de la antena, por lo que no le qued\u00f3 de otra que sujetarse fuertemente y esperar a que todo pasara.<\/p>\n<p>&nbsp;<\/p>\n<p><img data-recalc-dims=\"1\" fetchpriority=\"high\" decoding=\"async\" class=\"aligncenter wp-image-11294 size-large\" src=\"https:\/\/i0.wp.com\/soclose.mx\/blog\/wp-content\/uploads\/2023\/02\/Torre-Latino-Porfirio-Callejas.jpg?resize=1024%2C683&#038;ssl=1\" alt=\"Torre Latinoamericana Fundaci\u00f3n CH\" width=\"1024\" height=\"683\" srcset=\"https:\/\/i0.wp.com\/soclose.mx\/blog\/wp-content\/uploads\/2023\/02\/Torre-Latino-Porfirio-Callejas.jpg?resize=1024%2C683&amp;ssl=1 1024w, https:\/\/i0.wp.com\/soclose.mx\/blog\/wp-content\/uploads\/2023\/02\/Torre-Latino-Porfirio-Callejas.jpg?resize=300%2C200&amp;ssl=1 300w, https:\/\/i0.wp.com\/soclose.mx\/blog\/wp-content\/uploads\/2023\/02\/Torre-Latino-Porfirio-Callejas.jpg?resize=768%2C512&amp;ssl=1 768w, https:\/\/i0.wp.com\/soclose.mx\/blog\/wp-content\/uploads\/2023\/02\/Torre-Latino-Porfirio-Callejas.jpg?resize=1170%2C780&amp;ssl=1 1170w, https:\/\/i0.wp.com\/soclose.mx\/blog\/wp-content\/uploads\/2023\/02\/Torre-Latino-Porfirio-Callejas.jpg?resize=585%2C390&amp;ssl=1 585w, https:\/\/i0.wp.com\/soclose.mx\/blog\/wp-content\/uploads\/2023\/02\/Torre-Latino-Porfirio-Callejas.jpg?resize=263%2C175&amp;ssl=1 263w, https:\/\/i0.wp.com\/soclose.mx\/blog\/wp-content\/uploads\/2023\/02\/Torre-Latino-Porfirio-Callejas.jpg?w=1230&amp;ssl=1 1230w\" sizes=\"(max-width: 1024px) 100vw, 1024px\" \/><\/p>\n<p>De acuerdo con el relato, <strong>Porfirio Callejas<\/strong> observ\u00f3 aterrado c\u00f3mo se empezaron a desplomar varios edificios por los que el pasaba todos los d\u00edas y c\u00f3mo la ciudad se empez\u00f3 a cubrir de polvo.<\/p>\n<p>Cuando termin\u00f3 el terremoto, en lugar de correr y ponerse a salvo, el shock hizo que <strong>Porfirio Callejas<\/strong> recorriera uno por uno los 44 pisos de La Torre Latino para poderle reportar los da\u00f1os a sus jefes.<\/p>\n<p>Esa experiencia hizo que <strong>Porfirio<\/strong> fuera conocido por todos los empleados de la <a href=\"https:\/\/soclose.mx\/blog\/ay-goeeee\/llevele-llevele-las-lamparas-con-disenos-de-las-estaciones-del-metro-de-la-cdmx\/\"><strong>Torre Latino,<\/strong><\/a> quienes aprovechaban cada oportunidad para pedirle que les relatara aquel momento.<\/p>\n<p>\u00bfC\u00f3mo vio la ciudad desde aquella posici\u00f3n? \u00bfQu\u00e9 sinti\u00f3 al ver la ciudad entre el polvo? Eran algunas de las preguntas que le hac\u00edan sus compa\u00f1eros.<\/p>\n<p>Con los a\u00f1os no se supo m\u00e1s de\u00a0<strong>Porfirio Callejas<\/strong>, m\u00e1s lo que narr\u00f3 sobre aquella experiencia V\u00edctor Hugo Callejas, uno de sus familiares.<\/p>\n<h2>Datos sobre la Torre Latinoamericana<\/h2>\n<p>En pleno coraz\u00f3n de la Ciudad de M\u00e9xico, la construcci\u00f3n de acero y vidrio se levanta con 182 metros de altura. Sobrevive al paso del tiempo y es un \u00edcono no s\u00f3lo para una ciudad, sino para el pa\u00eds.<\/p>\n<p>En 1949 inici\u00f3 su construcci\u00f3n, la inspiraci\u00f3n para su dise\u00f1o fue el Empire State Building de Nueva York y fue el primer rascacielos donde se utiliz\u00f3 el vidrio y el aluminio.<\/p>\n<p>Su estructura de acero fue tra\u00edda de Houston, Texas, es un coloso de 25 mil toneladas y en su momento represent\u00f3 un s\u00edmbolo de fortaleza econ\u00f3mica y poder.<\/p>\n<p>En 1957, el terremoto que causo la ca\u00edda del \u00c1ngel de la Independencia, puso a prueba los 45 amortiguadores s\u00edsmicos que sostienen la <strong>Torre Latinoamericana<\/strong>.<\/p>\n<p>Ese mismo a\u00f1o se le otorg\u00f3 el premio del American Institute of Steel Construction, por ser el edificio m\u00e1s alto que jam\u00e1s haya sido expuesto a una enorme fuerza s\u00edsmica.<\/p>\n<p>De acuerdo con informaci\u00f3n de la Fundaci\u00f3n Centro Hist\u00f3rico, \u201cfue el edificio m\u00e1s alto de la Ciudad de M\u00e9xico desde su construcci\u00f3n en 1956 hasta 1972. Ahora es el quinto edificio m\u00e1s alto de la ciudad y el noveno a nivel nacional\u201d.<\/p>\n","protected":false},"excerpt":{"rendered":"<p>El terremoto del 19 de septiembre de 1985 ha sido una de las experiencias m\u00e1s traum\u00e1ticas para los habitantes de la Ciudad de M\u00e9xico (CDMX) y para Porfirio Callejas no fue la excepci\u00f3n; ese d\u00eda, este hombre vivi\u00f3 los dos minutos m\u00e1s largos de su vida colgado en lo alto de la antena de la Torre Latinoamericana. El resultado de ese sismo fue el colapso de al menos 371 edificios modernos, m\u00e1s de 30 mil damnificados, da\u00f1o de mediano a grave en el 80 por ciento de las construcciones, y una cifra, la oficial de hasta siete mil muertos, quiz\u00e1<\/p>\n","protected":false},"author":10,"featured_media":11292,"comment_status":"open","ping_status":"open","sticky":false,"template":"","format":"standard","meta":{"_jetpack_memberships_contains_paid_content":false,"footnotes":""},"categories":[1],"tags":[3022,218,3019,3017,3020,3023,3021,3018],"class_list":["post-11288","post","type-post","status-publish","format-standard","has-post-thumbnail","hentry","category-ay-goeeee","tag-3022","tag-cdmx","tag-latinoamericana","tag-porfirio-callejas","tag-sismo","tag-sismo-del-85","tag-terremoto","tag-torre-latino"],"yoast_head":"<!-- This site is optimized with the Yoast SEO plugin v26.7 - https:\/\/yoast.com\/wordpress\/plugins\/seo\/ -->\n<title>Porfirio Callejas; vivi\u00f3 el terremoto del 85 en la punta de la Torre Latino - So Close<\/title>\n<meta name=\"description\" content=\"Porfirio Callejas era trabajador de mantenimiento en la Torre Latinoamericana y el 19 de septiembre de 1985 , ten\u00eda una importante tarea.\" \/>\n<meta name=\"robots\" content=\"index, follow, max-snippet:-1, max-image-preview:large, max-video-preview:-1\" \/>\n<link rel=\"canonical\" href=\"https:\/\/soclose.mx\/blog\/tag\/juan-rulfo-frases-mujeres\/\" \/>\n<meta property=\"og:locale\" content=\"es_MX\" \/>\n<meta property=\"og:type\" content=\"article\" \/>\n<meta property=\"og:title\" content=\"Porfirio Callejas; vivi\u00f3 el terremoto del 85 en la punta de la Torre Latino - So Close\" \/>\n<meta property=\"og:description\" content=\"Porfirio Callejas era trabajador de mantenimiento en la Torre Latinoamericana y el 19 de septiembre de 1985 , ten\u00eda una importante tarea.\" \/>\n<meta property=\"og:url\" content=\"https:\/\/soclose.mx\/blog\/tag\/juan-rulfo-frases-mujeres\/\" \/>\n<meta property=\"og:site_name\" content=\"So Close\" \/>\n<meta property=\"article:published_time\" content=\"2024-09-17T04:04:48+00:00\" \/>\n<meta property=\"article:modified_time\" content=\"2024-09-18T03:27:47+00:00\" \/>\n<meta property=\"og:image\" content=\"https:\/\/i0.wp.com\/soclose.mx\/blog\/wp-content\/uploads\/2023\/02\/Torre-Latino_Fundacion-CH.jpg?fit=1920%2C1149&ssl=1\" \/>\n\t<meta property=\"og:image:width\" content=\"1920\" \/>\n\t<meta property=\"og:image:height\" content=\"1149\" \/>\n\t<meta property=\"og:image:type\" content=\"image\/jpeg\" \/>\n<meta name=\"author\" content=\"Mar\u00eda Ju\u00e1rez\" \/>\n<meta name=\"twitter:card\" content=\"summary_large_image\" \/>\n<meta name=\"twitter:label1\" content=\"Escrito por\" \/>\n\t<meta name=\"twitter:data1\" content=\"Mar\u00eda Ju\u00e1rez\" \/>\n\t<meta name=\"twitter:label2\" content=\"Tiempo de lectura\" \/>\n\t<meta name=\"twitter:data2\" content=\"4 minutos\" \/>\n<script type=\"application\/ld+json\" class=\"yoast-schema-graph\">{\"@context\":\"https:\/\/schema.org\",\"@graph\":[{\"@type\":\"Article\",\"@id\":\"https:\/\/soclose.mx\/blog\/tag\/juan-rulfo-frases-mujeres\/#article\",\"isPartOf\":{\"@id\":\"https:\/\/soclose.mx\/blog\/tag\/juan-rulfo-frases-mujeres\/\"},\"author\":{\"name\":\"Mar\u00eda Ju\u00e1rez\",\"@id\":\"https:\/\/soclose.mx\/blog\/#\/schema\/person\/013f38b9fec755573ca00569b43d59c3\"},\"headline\":\"Porfirio Callejas; vivi\u00f3 el terremoto del 85 en la punta de la Torre Latino\",\"datePublished\":\"2024-09-17T04:04:48+00:00\",\"dateModified\":\"2024-09-18T03:27:47+00:00\",\"mainEntityOfPage\":{\"@id\":\"https:\/\/soclose.mx\/blog\/tag\/juan-rulfo-frases-mujeres\/\"},\"wordCount\":691,\"commentCount\":0,\"publisher\":{\"@id\":\"https:\/\/soclose.mx\/blog\/#organization\"},\"image\":{\"@id\":\"https:\/\/soclose.mx\/blog\/tag\/juan-rulfo-frases-mujeres\/#primaryimage\"},\"thumbnailUrl\":\"https:\/\/i0.wp.com\/soclose.mx\/blog\/wp-content\/uploads\/2023\/02\/Torre-Latino_Fundacion-CH.jpg?fit=1920%2C1149&ssl=1\",\"keywords\":[\"1985\",\"cdmx\",\"Latinoamericana\",\"Porfirio Callejas\",\"sismo\",\"sismo del 85\",\"terremoto\",\"Torre Latino\"],\"articleSection\":[\"\u00a1Ay goeeee!\"],\"inLanguage\":\"es\",\"potentialAction\":[{\"@type\":\"CommentAction\",\"name\":\"Comment\",\"target\":[\"https:\/\/soclose.mx\/blog\/tag\/juan-rulfo-frases-mujeres\/#respond\"]}]},{\"@type\":\"WebPage\",\"@id\":\"https:\/\/soclose.mx\/blog\/tag\/juan-rulfo-frases-mujeres\/\",\"url\":\"https:\/\/soclose.mx\/blog\/tag\/juan-rulfo-frases-mujeres\/\",\"name\":\"Porfirio Callejas; vivi\u00f3 el terremoto del 85 en la punta de la Torre Latino - So Close\",\"isPartOf\":{\"@id\":\"https:\/\/soclose.mx\/blog\/#website\"},\"primaryImageOfPage\":{\"@id\":\"https:\/\/soclose.mx\/blog\/tag\/juan-rulfo-frases-mujeres\/#primaryimage\"},\"image\":{\"@id\":\"https:\/\/soclose.mx\/blog\/tag\/juan-rulfo-frases-mujeres\/#primaryimage\"},\"thumbnailUrl\":\"https:\/\/i0.wp.com\/soclose.mx\/blog\/wp-content\/uploads\/2023\/02\/Torre-Latino_Fundacion-CH.jpg?fit=1920%2C1149&ssl=1\",\"datePublished\":\"2024-09-17T04:04:48+00:00\",\"dateModified\":\"2024-09-18T03:27:47+00:00\",\"description\":\"Porfirio Callejas era trabajador de mantenimiento en la Torre Latinoamericana y el 19 de septiembre de 1985 , ten\u00eda una importante tarea.\",\"breadcrumb\":{\"@id\":\"https:\/\/soclose.mx\/blog\/tag\/juan-rulfo-frases-mujeres\/#breadcrumb\"},\"inLanguage\":\"es\",\"potentialAction\":[{\"@type\":\"ReadAction\",\"target\":[\"https:\/\/soclose.mx\/blog\/tag\/juan-rulfo-frases-mujeres\/\"]}]},{\"@type\":\"ImageObject\",\"inLanguage\":\"es\",\"@id\":\"https:\/\/soclose.mx\/blog\/tag\/juan-rulfo-frases-mujeres\/#primaryimage\",\"url\":\"https:\/\/i0.wp.com\/soclose.mx\/blog\/wp-content\/uploads\/2023\/02\/Torre-Latino_Fundacion-CH.jpg?fit=1920%2C1149&ssl=1\",\"contentUrl\":\"https:\/\/i0.wp.com\/soclose.mx\/blog\/wp-content\/uploads\/2023\/02\/Torre-Latino_Fundacion-CH.jpg?fit=1920%2C1149&ssl=1\",\"width\":1920,\"height\":1149,\"caption\":\"Porfirio Callejas en la Torre Latinoamericana\"},{\"@type\":\"BreadcrumbList\",\"@id\":\"https:\/\/soclose.mx\/blog\/tag\/juan-rulfo-frases-mujeres\/#breadcrumb\",\"itemListElement\":[{\"@type\":\"ListItem\",\"position\":1,\"name\":\"Inicio\",\"item\":\"https:\/\/soclose.mx\/blog\/\"},{\"@type\":\"ListItem\",\"position\":2,\"name\":\"Porfirio Callejas; vivi\u00f3 el terremoto del 85 en la punta de la Torre Latino\"}]},{\"@type\":\"WebSite\",\"@id\":\"https:\/\/soclose.mx\/blog\/#website\",\"url\":\"https:\/\/soclose.mx\/blog\/\",\"name\":\"So Close\",\"description\":\"Hacemos contenidos de M\u00e9xico\",\"publisher\":{\"@id\":\"https:\/\/soclose.mx\/blog\/#organization\"},\"potentialAction\":[{\"@type\":\"SearchAction\",\"target\":{\"@type\":\"EntryPoint\",\"urlTemplate\":\"https:\/\/soclose.mx\/blog\/?s={search_term_string}\"},\"query-input\":{\"@type\":\"PropertyValueSpecification\",\"valueRequired\":true,\"valueName\":\"search_term_string\"}}],\"inLanguage\":\"es\"},{\"@type\":\"Organization\",\"@id\":\"https:\/\/soclose.mx\/blog\/#organization\",\"name\":\"So Close\",\"url\":\"https:\/\/soclose.mx\/blog\/\",\"logo\":{\"@type\":\"ImageObject\",\"inLanguage\":\"es\",\"@id\":\"https:\/\/soclose.mx\/blog\/#\/schema\/logo\/image\/\",\"url\":\"https:\/\/i0.wp.com\/soclose.mx\/blog\/wp-content\/uploads\/2020\/12\/LOGO_SOCLOSE_COLOR-e1608310133507.png?fit=2858%2C1264&ssl=1\",\"contentUrl\":\"https:\/\/i0.wp.com\/soclose.mx\/blog\/wp-content\/uploads\/2020\/12\/LOGO_SOCLOSE_COLOR-e1608310133507.png?fit=2858%2C1264&ssl=1\",\"width\":2858,\"height\":1264,\"caption\":\"So Close\"},\"image\":{\"@id\":\"https:\/\/soclose.mx\/blog\/#\/schema\/logo\/image\/\"}},{\"@type\":\"Person\",\"@id\":\"https:\/\/soclose.mx\/blog\/#\/schema\/person\/013f38b9fec755573ca00569b43d59c3\",\"name\":\"Mar\u00eda Ju\u00e1rez\",\"image\":{\"@type\":\"ImageObject\",\"inLanguage\":\"es\",\"@id\":\"https:\/\/soclose.mx\/blog\/#\/schema\/person\/image\/\",\"url\":\"https:\/\/secure.gravatar.com\/avatar\/19ce6551a47617b76e5f3763cabf94dcfebd10755015b4b44fe85a5f3e62cbc1?s=96&d=mm&r=g\",\"contentUrl\":\"https:\/\/secure.gravatar.com\/avatar\/19ce6551a47617b76e5f3763cabf94dcfebd10755015b4b44fe85a5f3e62cbc1?s=96&d=mm&r=g\",\"caption\":\"Mar\u00eda Ju\u00e1rez\"},\"url\":\"https:\/\/soclose.mx\/blog\/author\/mariajuarez\/\"}]}<\/script>\n<!-- \/ Yoast SEO plugin. -->","yoast_head_json":{"title":"Porfirio Callejas; vivi\u00f3 el terremoto del 85 en la punta de la Torre Latino - So Close","description":"Porfirio Callejas era trabajador de mantenimiento en la Torre Latinoamericana y el 19 de septiembre de 1985 , ten\u00eda una importante tarea.","robots":{"index":"index","follow":"follow","max-snippet":"max-snippet:-1","max-image-preview":"max-image-preview:large","max-video-preview":"max-video-preview:-1"},"canonical":"https:\/\/soclose.mx\/blog\/tag\/juan-rulfo-frases-mujeres\/","og_locale":"es_MX","og_type":"article","og_title":"Porfirio Callejas; vivi\u00f3 el terremoto del 85 en la punta de la Torre Latino - So Close","og_description":"Porfirio Callejas era trabajador de mantenimiento en la Torre Latinoamericana y el 19 de septiembre de 1985 , ten\u00eda una importante tarea.","og_url":"https:\/\/soclose.mx\/blog\/tag\/juan-rulfo-frases-mujeres\/","og_site_name":"So Close","article_published_time":"2024-09-17T04:04:48+00:00","article_modified_time":"2024-09-18T03:27:47+00:00","og_image":[{"width":1920,"height":1149,"url":"https:\/\/i0.wp.com\/soclose.mx\/blog\/wp-content\/uploads\/2023\/02\/Torre-Latino_Fundacion-CH.jpg?fit=1920%2C1149&ssl=1","type":"image\/jpeg"}],"author":"Mar\u00eda Ju\u00e1rez","twitter_card":"summary_large_image","twitter_misc":{"Escrito por":"Mar\u00eda Ju\u00e1rez","Tiempo de lectura":"4 minutos"},"schema":{"@context":"https:\/\/schema.org","@graph":[{"@type":"Article","@id":"https:\/\/soclose.mx\/blog\/tag\/juan-rulfo-frases-mujeres\/#article","isPartOf":{"@id":"https:\/\/soclose.mx\/blog\/tag\/juan-rulfo-frases-mujeres\/"},"author":{"name":"Mar\u00eda Ju\u00e1rez","@id":"https:\/\/soclose.mx\/blog\/#\/schema\/person\/013f38b9fec755573ca00569b43d59c3"},"headline":"Porfirio Callejas; vivi\u00f3 el terremoto del 85 en la punta de la Torre Latino","datePublished":"2024-09-17T04:04:48+00:00","dateModified":"2024-09-18T03:27:47+00:00","mainEntityOfPage":{"@id":"https:\/\/soclose.mx\/blog\/tag\/juan-rulfo-frases-mujeres\/"},"wordCount":691,"commentCount":0,"publisher":{"@id":"https:\/\/soclose.mx\/blog\/#organization"},"image":{"@id":"https:\/\/soclose.mx\/blog\/tag\/juan-rulfo-frases-mujeres\/#primaryimage"},"thumbnailUrl":"https:\/\/i0.wp.com\/soclose.mx\/blog\/wp-content\/uploads\/2023\/02\/Torre-Latino_Fundacion-CH.jpg?fit=1920%2C1149&ssl=1","keywords":["1985","cdmx","Latinoamericana","Porfirio Callejas","sismo","sismo del 85","terremoto","Torre Latino"],"articleSection":["\u00a1Ay goeeee!"],"inLanguage":"es","potentialAction":[{"@type":"CommentAction","name":"Comment","target":["https:\/\/soclose.mx\/blog\/tag\/juan-rulfo-frases-mujeres\/#respond"]}]},{"@type":"WebPage","@id":"https:\/\/soclose.mx\/blog\/tag\/juan-rulfo-frases-mujeres\/","url":"https:\/\/soclose.mx\/blog\/tag\/juan-rulfo-frases-mujeres\/","name":"Porfirio Callejas; vivi\u00f3 el terremoto del 85 en la punta de la Torre Latino - So Close","isPartOf":{"@id":"https:\/\/soclose.mx\/blog\/#website"},"primaryImageOfPage":{"@id":"https:\/\/soclose.mx\/blog\/tag\/juan-rulfo-frases-mujeres\/#primaryimage"},"image":{"@id":"https:\/\/soclose.mx\/blog\/tag\/juan-rulfo-frases-mujeres\/#primaryimage"},"thumbnailUrl":"https:\/\/i0.wp.com\/soclose.mx\/blog\/wp-content\/uploads\/2023\/02\/Torre-Latino_Fundacion-CH.jpg?fit=1920%2C1149&ssl=1","datePublished":"2024-09-17T04:04:48+00:00","dateModified":"2024-09-18T03:27:47+00:00","description":"Porfirio Callejas era trabajador de mantenimiento en la Torre Latinoamericana y el 19 de septiembre de 1985 , ten\u00eda una importante tarea.","breadcrumb":{"@id":"https:\/\/soclose.mx\/blog\/tag\/juan-rulfo-frases-mujeres\/#breadcrumb"},"inLanguage":"es","potentialAction":[{"@type":"ReadAction","target":["https:\/\/soclose.mx\/blog\/tag\/juan-rulfo-frases-mujeres\/"]}]},{"@type":"ImageObject","inLanguage":"es","@id":"https:\/\/soclose.mx\/blog\/tag\/juan-rulfo-frases-mujeres\/#primaryimage","url":"https:\/\/i0.wp.com\/soclose.mx\/blog\/wp-content\/uploads\/2023\/02\/Torre-Latino_Fundacion-CH.jpg?fit=1920%2C1149&ssl=1","contentUrl":"https:\/\/i0.wp.com\/soclose.mx\/blog\/wp-content\/uploads\/2023\/02\/Torre-Latino_Fundacion-CH.jpg?fit=1920%2C1149&ssl=1","width":1920,"height":1149,"caption":"Porfirio Callejas en la Torre Latinoamericana"},{"@type":"BreadcrumbList","@id":"https:\/\/soclose.mx\/blog\/tag\/juan-rulfo-frases-mujeres\/#breadcrumb","itemListElement":[{"@type":"ListItem","position":1,"name":"Inicio","item":"https:\/\/soclose.mx\/blog\/"},{"@type":"ListItem","position":2,"name":"Porfirio Callejas; vivi\u00f3 el terremoto del 85 en la punta de la Torre Latino"}]},{"@type":"WebSite","@id":"https:\/\/soclose.mx\/blog\/#website","url":"https:\/\/soclose.mx\/blog\/","name":"So Close","description":"Hacemos contenidos de M\u00e9xico","publisher":{"@id":"https:\/\/soclose.mx\/blog\/#organization"},"potentialAction":[{"@type":"SearchAction","target":{"@type":"EntryPoint","urlTemplate":"https:\/\/soclose.mx\/blog\/?s={search_term_string}"},"query-input":{"@type":"PropertyValueSpecification","valueRequired":true,"valueName":"search_term_string"}}],"inLanguage":"es"},{"@type":"Organization","@id":"https:\/\/soclose.mx\/blog\/#organization","name":"So Close","url":"https:\/\/soclose.mx\/blog\/","logo":{"@type":"ImageObject","inLanguage":"es","@id":"https:\/\/soclose.mx\/blog\/#\/schema\/logo\/image\/","url":"https:\/\/i0.wp.com\/soclose.mx\/blog\/wp-content\/uploads\/2020\/12\/LOGO_SOCLOSE_COLOR-e1608310133507.png?fit=2858%2C1264&ssl=1","contentUrl":"https:\/\/i0.wp.com\/soclose.mx\/blog\/wp-content\/uploads\/2020\/12\/LOGO_SOCLOSE_COLOR-e1608310133507.png?fit=2858%2C1264&ssl=1","width":2858,"height":1264,"caption":"So Close"},"image":{"@id":"https:\/\/soclose.mx\/blog\/#\/schema\/logo\/image\/"}},{"@type":"Person","@id":"https:\/\/soclose.mx\/blog\/#\/schema\/person\/013f38b9fec755573ca00569b43d59c3","name":"Mar\u00eda Ju\u00e1rez","image":{"@type":"ImageObject","inLanguage":"es","@id":"https:\/\/soclose.mx\/blog\/#\/schema\/person\/image\/","url":"https:\/\/secure.gravatar.com\/avatar\/19ce6551a47617b76e5f3763cabf94dcfebd10755015b4b44fe85a5f3e62cbc1?s=96&d=mm&r=g","contentUrl":"https:\/\/secure.gravatar.com\/avatar\/19ce6551a47617b76e5f3763cabf94dcfebd10755015b4b44fe85a5f3e62cbc1?s=96&d=mm&r=g","caption":"Mar\u00eda Ju\u00e1rez"},"url":"https:\/\/soclose.mx\/blog\/author\/mariajuarez\/"}]}},"jetpack_featured_media_url":"https:\/\/i0.wp.com\/soclose.mx\/blog\/wp-content\/uploads\/2023\/02\/Torre-Latino_Fundacion-CH.jpg?fit=1920%2C1149&ssl=1","jetpack-related-posts":[{"id":14891,"url":"https:\/\/soclose.mx\/blog\/ay-goeeee\/secretos-sobrenaturales-del-sismo-del-85\/","url_meta":{"origin":11288,"position":0},"title":"Secretos sobrenaturales del sismo del 85","author":"So Close","date":"7 agosto, 2025","format":false,"excerpt":"Existen varios relatos misteriosos relacionados con el terremoto del 85 en la Ciudad de M\u00e9xico, que forman parte del folclore y la memoria colectiva. Algunos de los secretos sobrenaturales del sismo del 85 m\u00e1s conocidos incluyen: Secretos sobrenaturales del sismo del 85 El fantasma del bailar\u00edn de Tlatelolco: Se dice\u2026","rel":"","context":"En &quot;\u00a1Ay goeeee!&quot;","block_context":{"text":"\u00a1Ay goeeee!","link":"https:\/\/soclose.mx\/blog\/category\/ay-goeeee\/"},"img":{"alt_text":"Escombros sismo del 85","src":"https:\/\/i0.wp.com\/soclose.mx\/blog\/wp-content\/uploads\/2025\/08\/Escombros-sismo-del-85.jpg?fit=1200%2C675&ssl=1&resize=350%2C200","width":350,"height":200,"srcset":"https:\/\/i0.wp.com\/soclose.mx\/blog\/wp-content\/uploads\/2025\/08\/Escombros-sismo-del-85.jpg?fit=1200%2C675&ssl=1&resize=350%2C200 1x, https:\/\/i0.wp.com\/soclose.mx\/blog\/wp-content\/uploads\/2025\/08\/Escombros-sismo-del-85.jpg?fit=1200%2C675&ssl=1&resize=525%2C300 1.5x, https:\/\/i0.wp.com\/soclose.mx\/blog\/wp-content\/uploads\/2025\/08\/Escombros-sismo-del-85.jpg?fit=1200%2C675&ssl=1&resize=700%2C400 2x, https:\/\/i0.wp.com\/soclose.mx\/blog\/wp-content\/uploads\/2025\/08\/Escombros-sismo-del-85.jpg?fit=1200%2C675&ssl=1&resize=1050%2C600 3x"},"classes":[]},{"id":14017,"url":"https:\/\/soclose.mx\/blog\/ay-goeeee\/los-sismos-mas-catastroficos-de-mexico\/","url_meta":{"origin":11288,"position":1},"title":"Los sismos m\u00e1s catastr\u00f3ficos de M\u00e9xico","author":"So Close","date":"17 septiembre, 2024","format":false,"excerpt":"M\u00e9xico es un pa\u00eds que se encuentra en el coraz\u00f3n del Cintur\u00f3n de Fuego del Pac\u00edfico, lo que lo convierte en una de las naciones m\u00e1s s\u00edsmicamente activas del mundo. A lo largo de su historia, ha experimentado varios terremotos devastadores que han dejado huellas imborrables en la memoria colectiva.\u2026","rel":"","context":"En &quot;\u00a1Ay goeeee!&quot;","block_context":{"text":"\u00a1Ay goeeee!","link":"https:\/\/soclose.mx\/blog\/category\/ay-goeeee\/"},"img":{"alt_text":"Sismo en M\u00e9xico de 2017","src":"https:\/\/i0.wp.com\/soclose.mx\/blog\/wp-content\/uploads\/2024\/09\/sismo-en-mexico-2017.jpeg?fit=1200%2C800&ssl=1&resize=350%2C200","width":350,"height":200,"srcset":"https:\/\/i0.wp.com\/soclose.mx\/blog\/wp-content\/uploads\/2024\/09\/sismo-en-mexico-2017.jpeg?fit=1200%2C800&ssl=1&resize=350%2C200 1x, https:\/\/i0.wp.com\/soclose.mx\/blog\/wp-content\/uploads\/2024\/09\/sismo-en-mexico-2017.jpeg?fit=1200%2C800&ssl=1&resize=525%2C300 1.5x, https:\/\/i0.wp.com\/soclose.mx\/blog\/wp-content\/uploads\/2024\/09\/sismo-en-mexico-2017.jpeg?fit=1200%2C800&ssl=1&resize=700%2C400 2x, https:\/\/i0.wp.com\/soclose.mx\/blog\/wp-content\/uploads\/2024\/09\/sismo-en-mexico-2017.jpeg?fit=1200%2C800&ssl=1&resize=1050%2C600 3x"},"classes":[]},{"id":14806,"url":"https:\/\/soclose.mx\/blog\/news-feed\/que-hacer-en-un-simulacro-de-sismo-en-cdmx\/","url_meta":{"origin":11288,"position":2},"title":"\u00bfQu\u00e9 hacer en un simulacro de sismo en CDMX?","author":"So Close","date":"28 abril, 2025","format":false,"excerpt":"Durante un simulacro de sismo en CDMX, se recomienda seguir estas medidas de seguridad para garantizar la protecci\u00f3n de todas las personas involucradas: Antes de un\u00a0simulacro de sismo en CDMX Conoce las rutas de evacuaci\u00f3n y los puntos de reuni\u00f3n seguros en tu hogar, escuela o lugar de trabajo. Mant\u00e9n\u2026","rel":"","context":"En &quot;News feed&quot;","block_context":{"text":"News feed","link":"https:\/\/soclose.mx\/blog\/category\/news-feed\/"},"img":{"alt_text":"Alerta S\u00edsmica de la cdmx","src":"https:\/\/i0.wp.com\/soclose.mx\/blog\/wp-content\/uploads\/2025\/04\/altavoces_alerta_sismica_01-min.jpg?fit=960%2C500&ssl=1&resize=350%2C200","width":350,"height":200,"srcset":"https:\/\/i0.wp.com\/soclose.mx\/blog\/wp-content\/uploads\/2025\/04\/altavoces_alerta_sismica_01-min.jpg?fit=960%2C500&ssl=1&resize=350%2C200 1x, https:\/\/i0.wp.com\/soclose.mx\/blog\/wp-content\/uploads\/2025\/04\/altavoces_alerta_sismica_01-min.jpg?fit=960%2C500&ssl=1&resize=525%2C300 1.5x, https:\/\/i0.wp.com\/soclose.mx\/blog\/wp-content\/uploads\/2025\/04\/altavoces_alerta_sismica_01-min.jpg?fit=960%2C500&ssl=1&resize=700%2C400 2x"},"classes":[]},{"id":9128,"url":"https:\/\/soclose.mx\/blog\/a-la-mexicana\/porfirio-diaz-tiene-una-avenida-con-su-nombre-en-francia\/","url_meta":{"origin":11288,"position":3},"title":"Porfirio D\u00edaz tiene una avenida con su nombre&#8230; \u00bfen Francia?","author":"Miguel Angel Romero","date":"1 marzo, 2022","format":false,"excerpt":"As\u00ed es, por muy raro que parezca, tras ser exiliado de M\u00e9xico, Porfirio D\u00edaz vivi\u00f3 sus \u00faltimos a\u00f1os en Francia, en este tiempo pas\u00f3 de ser considerado un h\u00e9roe tras luchar con los franceses a ser uno de los villanos, pero esto no impidi\u00f3 que en una localidad francesa se\u2026","rel":"","context":"En &quot;A la mexicana&quot;","block_context":{"text":"A la mexicana","link":"https:\/\/soclose.mx\/blog\/category\/a-la-mexicana\/"},"img":{"alt_text":"","src":"https:\/\/i0.wp.com\/soclose.mx\/blog\/wp-content\/uploads\/2022\/02\/Copia-de-Principal-So-Close-blog-1-13.png?fit=1200%2C677&ssl=1&resize=350%2C200","width":350,"height":200,"srcset":"https:\/\/i0.wp.com\/soclose.mx\/blog\/wp-content\/uploads\/2022\/02\/Copia-de-Principal-So-Close-blog-1-13.png?fit=1200%2C677&ssl=1&resize=350%2C200 1x, https:\/\/i0.wp.com\/soclose.mx\/blog\/wp-content\/uploads\/2022\/02\/Copia-de-Principal-So-Close-blog-1-13.png?fit=1200%2C677&ssl=1&resize=525%2C300 1.5x, https:\/\/i0.wp.com\/soclose.mx\/blog\/wp-content\/uploads\/2022\/02\/Copia-de-Principal-So-Close-blog-1-13.png?fit=1200%2C677&ssl=1&resize=700%2C400 2x, https:\/\/i0.wp.com\/soclose.mx\/blog\/wp-content\/uploads\/2022\/02\/Copia-de-Principal-So-Close-blog-1-13.png?fit=1200%2C677&ssl=1&resize=1050%2C600 3x"},"classes":[]},{"id":9809,"url":"https:\/\/soclose.mx\/blog\/lugares\/parque-cuitlahuac-un-espacio-hecho-con-basura\/","url_meta":{"origin":11288,"position":4},"title":"Parque Cuitl\u00e1huac, un espacio hecho con basura","author":"Daniel Ram\u00edrez","date":"11 mayo, 2022","format":false,"excerpt":"Si est\u00e1s dando la vuelta por la Alcald\u00eda Iztapalapa, debes conocer el Parque Cuitl\u00e1huac, un espacio que fue rescatado y se ha convertido en uno de los sitios recreativos m\u00e1s grandes de la Ciudad de M\u00e9xico. \u00bfQu\u00e9 es lo que lo hace especial? El 85% de los materiales usados para\u2026","rel":"","context":"En &quot;Lugares&quot;","block_context":{"text":"Lugares","link":"https:\/\/soclose.mx\/blog\/category\/lugares\/"},"img":{"alt_text":"","src":"https:\/\/i0.wp.com\/soclose.mx\/blog\/wp-content\/uploads\/2022\/05\/WhatsApp-Image-2022-05-11-at-7.13.04-PM.jpeg?fit=1200%2C1184&ssl=1&resize=350%2C200","width":350,"height":200,"srcset":"https:\/\/i0.wp.com\/soclose.mx\/blog\/wp-content\/uploads\/2022\/05\/WhatsApp-Image-2022-05-11-at-7.13.04-PM.jpeg?fit=1200%2C1184&ssl=1&resize=350%2C200 1x, https:\/\/i0.wp.com\/soclose.mx\/blog\/wp-content\/uploads\/2022\/05\/WhatsApp-Image-2022-05-11-at-7.13.04-PM.jpeg?fit=1200%2C1184&ssl=1&resize=525%2C300 1.5x, https:\/\/i0.wp.com\/soclose.mx\/blog\/wp-content\/uploads\/2022\/05\/WhatsApp-Image-2022-05-11-at-7.13.04-PM.jpeg?fit=1200%2C1184&ssl=1&resize=700%2C400 2x, https:\/\/i0.wp.com\/soclose.mx\/blog\/wp-content\/uploads\/2022\/05\/WhatsApp-Image-2022-05-11-at-7.13.04-PM.jpeg?fit=1200%2C1184&ssl=1&resize=1050%2C600 3x"},"classes":[]},{"id":14835,"url":"https:\/\/soclose.mx\/blog\/news-feed\/lo-que-debes-saber-de-la-carrera-de-botargas-en-la-torre-latino-2025\/","url_meta":{"origin":11288,"position":5},"title":"Lo que debes saber de la carrera de Botargas en la Torre Latino 2025","author":"So Close","date":"21 mayo, 2025","format":false,"excerpt":"La carrera de botargas de la Torre Latino es un evento reciente y muy peculiar que se realiza en la Ciudad de M\u00e9xico, espec\u00edficamente en la ic\u00f3nica Torre Latinoamericana. Esta competencia consiste en que los participantes, disfrazados con botargas (trajes de personajes), deben subir corriendo nueve pisos, del 35 al\u2026","rel":"","context":"En &quot;News feed&quot;","block_context":{"text":"News feed","link":"https:\/\/soclose.mx\/blog\/category\/news-feed\/"},"img":{"alt_text":"Carrera de botargas en torre Latino","src":"https:\/\/i0.wp.com\/soclose.mx\/blog\/wp-content\/uploads\/2025\/05\/Carrera-de-botargas-en-torre-Latino.jpg?fit=1200%2C675&ssl=1&resize=350%2C200","width":350,"height":200,"srcset":"https:\/\/i0.wp.com\/soclose.mx\/blog\/wp-content\/uploads\/2025\/05\/Carrera-de-botargas-en-torre-Latino.jpg?fit=1200%2C675&ssl=1&resize=350%2C200 1x, https:\/\/i0.wp.com\/soclose.mx\/blog\/wp-content\/uploads\/2025\/05\/Carrera-de-botargas-en-torre-Latino.jpg?fit=1200%2C675&ssl=1&resize=525%2C300 1.5x, https:\/\/i0.wp.com\/soclose.mx\/blog\/wp-content\/uploads\/2025\/05\/Carrera-de-botargas-en-torre-Latino.jpg?fit=1200%2C675&ssl=1&resize=700%2C400 2x, https:\/\/i0.wp.com\/soclose.mx\/blog\/wp-content\/uploads\/2025\/05\/Carrera-de-botargas-en-torre-Latino.jpg?fit=1200%2C675&ssl=1&resize=1050%2C600 3x"},"classes":[]}],"jetpack_sharing_enabled":true,"_links":{"self":[{"href":"https:\/\/soclose.mx\/blog\/wp-json\/wp\/v2\/posts\/11288","targetHints":{"allow":["GET"]}}],"collection":[{"href":"https:\/\/soclose.mx\/blog\/wp-json\/wp\/v2\/posts"}],"about":[{"href":"https:\/\/soclose.mx\/blog\/wp-json\/wp\/v2\/types\/post"}],"author":[{"embeddable":true,"href":"https:\/\/soclose.mx\/blog\/wp-json\/wp\/v2\/users\/10"}],"replies":[{"embeddable":true,"href":"https:\/\/soclose.mx\/blog\/wp-json\/wp\/v2\/comments?post=11288"}],"version-history":[{"count":1,"href":"https:\/\/soclose.mx\/blog\/wp-json\/wp\/v2\/posts\/11288\/revisions"}],"predecessor-version":[{"id":14020,"href":"https:\/\/soclose.mx\/blog\/wp-json\/wp\/v2\/posts\/11288\/revisions\/14020"}],"wp:featuredmedia":[{"embeddable":true,"href":"https:\/\/soclose.mx\/blog\/wp-json\/wp\/v2\/media\/11292"}],"wp:attachment":[{"href":"https:\/\/soclose.mx\/blog\/wp-json\/wp\/v2\/media?parent=11288"}],"wp:term":[{"taxonomy":"category","embeddable":true,"href":"https:\/\/soclose.mx\/blog\/wp-json\/wp\/v2\/categories?post=11288"},{"taxonomy":"post_tag","embeddable":true,"href":"https:\/\/soclose.mx\/blog\/wp-json\/wp\/v2\/tags?post=11288"}],"curies":[{"name":"wp","href":"https:\/\/api.w.org\/{rel}","templated":true}]}}