{"id":11383,"date":"2025-03-05T10:03:14","date_gmt":"2025-03-05T16:03:14","guid":{"rendered":"https:\/\/soclose.mx\/blog\/?p=11383"},"modified":"2025-03-05T11:52:52","modified_gmt":"2025-03-05T17:52:52","slug":"semana-santa-santos-cubiertos-iglesias","status":"publish","type":"post","link":"https:\/\/soclose.mx\/blog\/a-la-mexicana\/semana-santa-santos-cubiertos-iglesias\/","title":{"rendered":"Semana Santa: \u00bfPor qu\u00e9 cubren con un manto a los santos?"},"content":{"rendered":"<p>Si eres un mexicano cat\u00f3lico y observador, te habr\u00e1s dado cuenta que durante la <strong>Semana Santa<\/strong> las im\u00e1genes \u00a0de los <strong>santos <\/strong>de los templos o <strong>iglesias<\/strong> son cubiertas con un manto color morado, usado durante los tiempos penitenciales de la Iglesia.<\/p>\n<p>\u00bfQu\u00e9 significado tiene esa acci\u00f3n dentro de la <a href=\"https:\/\/www.facebook.com\/episcopadomexicano\/?locale=es_LA\"><strong>Iglesia<\/strong><\/a>? \u00bfQu\u00e9 reflexi\u00f3n debe hacer el cristiano cuando en <strong>Semana Santa<\/strong> vea las im\u00e1genes cubiertas?<\/p>\n<p>Hay muchos que no conocen el significado de esta pr\u00e1ctica propias de la <strong>Iglesia<\/strong>.<\/p>\n<p>Esta costumbre de la Iglesia Cat\u00f3lica encierra varios significados y honra una tradici\u00f3n de siglos.<\/p>\n<p>De acuerdo con los escritos del Abad Prosper Gu\u00e9ranger esta ceremonia \u201cexpresa la humillaci\u00f3n a la cual nuestro Salvador se someti\u00f3, como es relatado en el Evangelio del Domingo de la Pasi\u00f3n del Se\u00f1or\u201d.<\/p>\n<h2>Pero \u00bfPor qu\u00e9 se cubren los santos?<\/h2>\n<p>Se cubre con l\u00fagubre velo la Santa Cruz.<\/p>\n<p>El objeto casi \u00fanico de la meditaci\u00f3n durante esos d\u00edas ser\u00e1n la Pasi\u00f3n y la Resurrecci\u00f3n de Cristo.<\/p>\n<p>En el centro de la liturgia se yergue la Santa Cruz, en cuyo honor se entonan himnos de penitencia y misericordia.<\/p>\n<p>Hay indicios exteriores de duelo: las im\u00e1genes de los santos cubiertas, pues\u00a0la Iglesia no quiere distraer la mirada de los feligreses con las bellas esculturas, con los esplendores del arte, ni siquiera con los metales que adornan el signo de la Cruz.<\/p>\n<p>&nbsp;<\/p>\n<p><img data-recalc-dims=\"1\" fetchpriority=\"high\" decoding=\"async\" class=\"aligncenter wp-image-11389 size-full\" src=\"https:\/\/i0.wp.com\/soclose.mx\/blog\/wp-content\/uploads\/2023\/03\/semana-santa-2023.jpeg?resize=976%2C488&#038;ssl=1\" alt=\"\" width=\"976\" height=\"488\" srcset=\"https:\/\/i0.wp.com\/soclose.mx\/blog\/wp-content\/uploads\/2023\/03\/semana-santa-2023.jpeg?w=976&amp;ssl=1 976w, https:\/\/i0.wp.com\/soclose.mx\/blog\/wp-content\/uploads\/2023\/03\/semana-santa-2023.jpeg?resize=300%2C150&amp;ssl=1 300w, https:\/\/i0.wp.com\/soclose.mx\/blog\/wp-content\/uploads\/2023\/03\/semana-santa-2023.jpeg?resize=768%2C384&amp;ssl=1 768w, https:\/\/i0.wp.com\/soclose.mx\/blog\/wp-content\/uploads\/2023\/03\/semana-santa-2023.jpeg?resize=585%2C293&amp;ssl=1 585w\" sizes=\"(max-width: 976px) 100vw, 976px\" \/><\/p>\n<h2>D\u00edas de duelo en la Iglesia<\/h2>\n<p>Desde el quinto domingo de Cuaresma, crucifijos y cruces de las Iglesias se cubren hasta el final del Viernes Santo, cuando se celebra la Pasi\u00f3n del Se\u00f1or.<\/p>\n<p>En el momento en el que el di\u00e1cono o el sacerdote proclama tres veces, mientras descubre la Cruz: \u201cHe aqu\u00ed el le\u00f1o de la Cruz, en la que estuvo clavado la Salvaci\u00f3n del mundo\u201d, dicha ceremonia, y oraci\u00f3n, no tendr\u00eda sentido si la cruz no hubiera estado velada previamente.<\/p>\n<p>El resto de las im\u00e1genes siguen veladas hasta el comienzo de la vigilia pascual.<\/p>\n<p>Son d\u00edas de duelo y la <a href=\"https:\/\/soclose.mx\/blog\/lugares\/puebleando-por-cholula-entonces-correle-a-visitar-estas-iglesias\/\"><strong>Iglesia<\/strong> <\/a>se cubre con el velo de la viudez.<\/p>\n<p>Cuando veas el templo vac\u00edo, es porque ninguna de las im\u00e1genes es visible, es cuando Cristo no est\u00e1.<\/p>\n<p>Esta vieja costumbre de velar im\u00e1genes religiosas, tiene por intensi\u00f3n ayudar a enfocarse en el aspecto penitencial de esta temporada lit\u00fargica.<\/p>\n<h2>\u00bfCu\u00e1ndo es la Semana Santa 2023?<\/h2>\n<p>De acuerdo con el calendario lit\u00fargico, la Semana Santa ser\u00e1 en las siguientes fechas:<\/p>\n<p>Domingo de Ramos, la Pasi\u00f3n del Se\u00f1or, 2 de abril<\/p>\n<p>Jueves Santo, la Cena del Se\u00f1or, 6 de abril<\/p>\n<p>Viernes Santo, la Pasi\u00f3n del Se\u00f1or, 7 de abril<\/p>\n<p>S\u00e1bado Santo la Sepultura del Se\u00f1or,\u00a0 8 de abril<\/p>\n<p>Domingo de Pascua de la Resurrecci\u00f3n del Se\u00f1or ,9 de abril.<\/p>\n<p>&nbsp;<\/p>\n","protected":false},"excerpt":{"rendered":"<p>Si eres un mexicano cat\u00f3lico y observador, te habr\u00e1s dado cuenta que durante la Semana Santa las im\u00e1genes \u00a0de los santos de los templos o iglesias son cubiertas con un manto color morado, usado durante los tiempos penitenciales de la Iglesia. \u00bfQu\u00e9 significado tiene esa acci\u00f3n dentro de la Iglesia? \u00bfQu\u00e9 reflexi\u00f3n debe hacer el cristiano cuando en Semana Santa vea las im\u00e1genes cubiertas? Hay muchos que no conocen el significado de esta pr\u00e1ctica propias de la Iglesia. Esta costumbre de la Iglesia Cat\u00f3lica encierra varios significados y honra una tradici\u00f3n de siglos. De acuerdo con los escritos del Abad<\/p>\n","protected":false},"author":10,"featured_media":11388,"comment_status":"open","ping_status":"open","sticky":false,"template":"","format":"standard","meta":{"_jetpack_memberships_contains_paid_content":false,"footnotes":""},"categories":[1778],"tags":[3030,1848,659,3029,3028],"class_list":["post-11383","post","type-post","status-publish","format-standard","has-post-thumbnail","hentry","category-a-la-mexicana","tag-creencias","tag-iglesia","tag-religion","tag-santos","tag-semana-santa-2023"],"yoast_head":"<!-- This site is optimized with the Yoast SEO plugin v26.7 - https:\/\/yoast.com\/wordpress\/plugins\/seo\/ -->\n<title>Semana Santa: \u00bfPor qu\u00e9 cubren con un manto a los santos?<\/title>\n<meta name=\"description\" content=\"En Semana Santa, la Iglesia tiene por costumbre cubrir con un manto morado las im\u00e1genes de los santos en las iglesias.\" \/>\n<meta name=\"robots\" content=\"index, follow, max-snippet:-1, max-image-preview:large, max-video-preview:-1\" \/>\n<link rel=\"canonical\" href=\"https:\/\/soclose.mx\/blog\/tag\/juan-rulfo-frases-mujeres\/\" \/>\n<meta property=\"og:locale\" content=\"es_MX\" \/>\n<meta property=\"og:type\" content=\"article\" \/>\n<meta property=\"og:title\" content=\"Semana Santa: \u00bfPor qu\u00e9 cubren con un manto a los santos?\" \/>\n<meta property=\"og:description\" content=\"En Semana Santa, la Iglesia tiene por costumbre cubrir con un manto morado las im\u00e1genes de los santos en las iglesias.\" \/>\n<meta property=\"og:url\" content=\"https:\/\/soclose.mx\/blog\/tag\/juan-rulfo-frases-mujeres\/\" \/>\n<meta property=\"og:site_name\" content=\"So Close\" \/>\n<meta property=\"article:published_time\" content=\"2025-03-05T16:03:14+00:00\" \/>\n<meta property=\"article:modified_time\" content=\"2025-03-05T17:52:52+00:00\" \/>\n<meta property=\"og:image\" content=\"https:\/\/i0.wp.com\/soclose.mx\/blog\/wp-content\/uploads\/2023\/03\/Semana-Santa-2023-santos-manto-iglesia.jpg?fit=1920%2C1215&ssl=1\" \/>\n\t<meta property=\"og:image:width\" content=\"1920\" \/>\n\t<meta property=\"og:image:height\" content=\"1215\" \/>\n\t<meta property=\"og:image:type\" content=\"image\/jpeg\" \/>\n<meta name=\"author\" content=\"Mar\u00eda Ju\u00e1rez\" \/>\n<meta name=\"twitter:card\" content=\"summary_large_image\" \/>\n<meta name=\"twitter:label1\" content=\"Escrito por\" \/>\n\t<meta name=\"twitter:data1\" content=\"Mar\u00eda Ju\u00e1rez\" \/>\n\t<meta name=\"twitter:label2\" content=\"Tiempo de lectura\" \/>\n\t<meta name=\"twitter:data2\" content=\"3 minutos\" \/>\n<script type=\"application\/ld+json\" class=\"yoast-schema-graph\">{\"@context\":\"https:\/\/schema.org\",\"@graph\":[{\"@type\":\"Article\",\"@id\":\"https:\/\/soclose.mx\/blog\/tag\/juan-rulfo-frases-mujeres\/#article\",\"isPartOf\":{\"@id\":\"https:\/\/soclose.mx\/blog\/tag\/juan-rulfo-frases-mujeres\/\"},\"author\":{\"name\":\"Mar\u00eda Ju\u00e1rez\",\"@id\":\"https:\/\/soclose.mx\/blog\/#\/schema\/person\/013f38b9fec755573ca00569b43d59c3\"},\"headline\":\"Semana Santa: \u00bfPor qu\u00e9 cubren con un manto a los santos?\",\"datePublished\":\"2025-03-05T16:03:14+00:00\",\"dateModified\":\"2025-03-05T17:52:52+00:00\",\"mainEntityOfPage\":{\"@id\":\"https:\/\/soclose.mx\/blog\/tag\/juan-rulfo-frases-mujeres\/\"},\"wordCount\":495,\"commentCount\":0,\"publisher\":{\"@id\":\"https:\/\/soclose.mx\/blog\/#organization\"},\"image\":{\"@id\":\"https:\/\/soclose.mx\/blog\/tag\/juan-rulfo-frases-mujeres\/#primaryimage\"},\"thumbnailUrl\":\"https:\/\/i0.wp.com\/soclose.mx\/blog\/wp-content\/uploads\/2023\/03\/Semana-Santa-2023-santos-manto-iglesia.jpg?fit=1920%2C1215&ssl=1\",\"keywords\":[\"creencias\",\"iglesia\",\"religi\u00f3n\",\"santos\",\"Semana Santa 2023\"],\"articleSection\":[\"A la mexicana\"],\"inLanguage\":\"es\",\"potentialAction\":[{\"@type\":\"CommentAction\",\"name\":\"Comment\",\"target\":[\"https:\/\/soclose.mx\/blog\/tag\/juan-rulfo-frases-mujeres\/#respond\"]}]},{\"@type\":\"WebPage\",\"@id\":\"https:\/\/soclose.mx\/blog\/tag\/juan-rulfo-frases-mujeres\/\",\"url\":\"https:\/\/soclose.mx\/blog\/tag\/juan-rulfo-frases-mujeres\/\",\"name\":\"Semana Santa: \u00bfPor qu\u00e9 cubren con un manto a los santos?\",\"isPartOf\":{\"@id\":\"https:\/\/soclose.mx\/blog\/#website\"},\"primaryImageOfPage\":{\"@id\":\"https:\/\/soclose.mx\/blog\/tag\/juan-rulfo-frases-mujeres\/#primaryimage\"},\"image\":{\"@id\":\"https:\/\/soclose.mx\/blog\/tag\/juan-rulfo-frases-mujeres\/#primaryimage\"},\"thumbnailUrl\":\"https:\/\/i0.wp.com\/soclose.mx\/blog\/wp-content\/uploads\/2023\/03\/Semana-Santa-2023-santos-manto-iglesia.jpg?fit=1920%2C1215&ssl=1\",\"datePublished\":\"2025-03-05T16:03:14+00:00\",\"dateModified\":\"2025-03-05T17:52:52+00:00\",\"description\":\"En Semana Santa, la Iglesia tiene por costumbre cubrir con un manto morado las im\u00e1genes de los santos en las iglesias.\",\"breadcrumb\":{\"@id\":\"https:\/\/soclose.mx\/blog\/tag\/juan-rulfo-frases-mujeres\/#breadcrumb\"},\"inLanguage\":\"es\",\"potentialAction\":[{\"@type\":\"ReadAction\",\"target\":[\"https:\/\/soclose.mx\/blog\/tag\/juan-rulfo-frases-mujeres\/\"]}]},{\"@type\":\"ImageObject\",\"inLanguage\":\"es\",\"@id\":\"https:\/\/soclose.mx\/blog\/tag\/juan-rulfo-frases-mujeres\/#primaryimage\",\"url\":\"https:\/\/i0.wp.com\/soclose.mx\/blog\/wp-content\/uploads\/2023\/03\/Semana-Santa-2023-santos-manto-iglesia.jpg?fit=1920%2C1215&ssl=1\",\"contentUrl\":\"https:\/\/i0.wp.com\/soclose.mx\/blog\/wp-content\/uploads\/2023\/03\/Semana-Santa-2023-santos-manto-iglesia.jpg?fit=1920%2C1215&ssl=1\",\"width\":1920,\"height\":1215,\"caption\":\"Semana Santa\"},{\"@type\":\"BreadcrumbList\",\"@id\":\"https:\/\/soclose.mx\/blog\/tag\/juan-rulfo-frases-mujeres\/#breadcrumb\",\"itemListElement\":[{\"@type\":\"ListItem\",\"position\":1,\"name\":\"Inicio\",\"item\":\"https:\/\/soclose.mx\/blog\/\"},{\"@type\":\"ListItem\",\"position\":2,\"name\":\"Semana Santa: \u00bfPor qu\u00e9 cubren con un manto a los santos?\"}]},{\"@type\":\"WebSite\",\"@id\":\"https:\/\/soclose.mx\/blog\/#website\",\"url\":\"https:\/\/soclose.mx\/blog\/\",\"name\":\"So Close\",\"description\":\"Hacemos contenidos de M\u00e9xico\",\"publisher\":{\"@id\":\"https:\/\/soclose.mx\/blog\/#organization\"},\"potentialAction\":[{\"@type\":\"SearchAction\",\"target\":{\"@type\":\"EntryPoint\",\"urlTemplate\":\"https:\/\/soclose.mx\/blog\/?s={search_term_string}\"},\"query-input\":{\"@type\":\"PropertyValueSpecification\",\"valueRequired\":true,\"valueName\":\"search_term_string\"}}],\"inLanguage\":\"es\"},{\"@type\":\"Organization\",\"@id\":\"https:\/\/soclose.mx\/blog\/#organization\",\"name\":\"So Close\",\"url\":\"https:\/\/soclose.mx\/blog\/\",\"logo\":{\"@type\":\"ImageObject\",\"inLanguage\":\"es\",\"@id\":\"https:\/\/soclose.mx\/blog\/#\/schema\/logo\/image\/\",\"url\":\"https:\/\/i0.wp.com\/soclose.mx\/blog\/wp-content\/uploads\/2020\/12\/LOGO_SOCLOSE_COLOR-e1608310133507.png?fit=2858%2C1264&ssl=1\",\"contentUrl\":\"https:\/\/i0.wp.com\/soclose.mx\/blog\/wp-content\/uploads\/2020\/12\/LOGO_SOCLOSE_COLOR-e1608310133507.png?fit=2858%2C1264&ssl=1\",\"width\":2858,\"height\":1264,\"caption\":\"So Close\"},\"image\":{\"@id\":\"https:\/\/soclose.mx\/blog\/#\/schema\/logo\/image\/\"}},{\"@type\":\"Person\",\"@id\":\"https:\/\/soclose.mx\/blog\/#\/schema\/person\/013f38b9fec755573ca00569b43d59c3\",\"name\":\"Mar\u00eda Ju\u00e1rez\",\"image\":{\"@type\":\"ImageObject\",\"inLanguage\":\"es\",\"@id\":\"https:\/\/soclose.mx\/blog\/#\/schema\/person\/image\/\",\"url\":\"https:\/\/secure.gravatar.com\/avatar\/19ce6551a47617b76e5f3763cabf94dcfebd10755015b4b44fe85a5f3e62cbc1?s=96&d=mm&r=g\",\"contentUrl\":\"https:\/\/secure.gravatar.com\/avatar\/19ce6551a47617b76e5f3763cabf94dcfebd10755015b4b44fe85a5f3e62cbc1?s=96&d=mm&r=g\",\"caption\":\"Mar\u00eda Ju\u00e1rez\"},\"url\":\"https:\/\/soclose.mx\/blog\/author\/mariajuarez\/\"}]}<\/script>\n<!-- \/ Yoast SEO plugin. -->","yoast_head_json":{"title":"Semana Santa: \u00bfPor qu\u00e9 cubren con un manto a los santos?","description":"En Semana Santa, la Iglesia tiene por costumbre cubrir con un manto morado las im\u00e1genes de los santos en las iglesias.","robots":{"index":"index","follow":"follow","max-snippet":"max-snippet:-1","max-image-preview":"max-image-preview:large","max-video-preview":"max-video-preview:-1"},"canonical":"https:\/\/soclose.mx\/blog\/tag\/juan-rulfo-frases-mujeres\/","og_locale":"es_MX","og_type":"article","og_title":"Semana Santa: \u00bfPor qu\u00e9 cubren con un manto a los santos?","og_description":"En Semana Santa, la Iglesia tiene por costumbre cubrir con un manto morado las im\u00e1genes de los santos en las iglesias.","og_url":"https:\/\/soclose.mx\/blog\/tag\/juan-rulfo-frases-mujeres\/","og_site_name":"So Close","article_published_time":"2025-03-05T16:03:14+00:00","article_modified_time":"2025-03-05T17:52:52+00:00","og_image":[{"width":1920,"height":1215,"url":"https:\/\/i0.wp.com\/soclose.mx\/blog\/wp-content\/uploads\/2023\/03\/Semana-Santa-2023-santos-manto-iglesia.jpg?fit=1920%2C1215&ssl=1","type":"image\/jpeg"}],"author":"Mar\u00eda Ju\u00e1rez","twitter_card":"summary_large_image","twitter_misc":{"Escrito por":"Mar\u00eda Ju\u00e1rez","Tiempo de lectura":"3 minutos"},"schema":{"@context":"https:\/\/schema.org","@graph":[{"@type":"Article","@id":"https:\/\/soclose.mx\/blog\/tag\/juan-rulfo-frases-mujeres\/#article","isPartOf":{"@id":"https:\/\/soclose.mx\/blog\/tag\/juan-rulfo-frases-mujeres\/"},"author":{"name":"Mar\u00eda Ju\u00e1rez","@id":"https:\/\/soclose.mx\/blog\/#\/schema\/person\/013f38b9fec755573ca00569b43d59c3"},"headline":"Semana Santa: \u00bfPor qu\u00e9 cubren con un manto a los santos?","datePublished":"2025-03-05T16:03:14+00:00","dateModified":"2025-03-05T17:52:52+00:00","mainEntityOfPage":{"@id":"https:\/\/soclose.mx\/blog\/tag\/juan-rulfo-frases-mujeres\/"},"wordCount":495,"commentCount":0,"publisher":{"@id":"https:\/\/soclose.mx\/blog\/#organization"},"image":{"@id":"https:\/\/soclose.mx\/blog\/tag\/juan-rulfo-frases-mujeres\/#primaryimage"},"thumbnailUrl":"https:\/\/i0.wp.com\/soclose.mx\/blog\/wp-content\/uploads\/2023\/03\/Semana-Santa-2023-santos-manto-iglesia.jpg?fit=1920%2C1215&ssl=1","keywords":["creencias","iglesia","religi\u00f3n","santos","Semana Santa 2023"],"articleSection":["A la mexicana"],"inLanguage":"es","potentialAction":[{"@type":"CommentAction","name":"Comment","target":["https:\/\/soclose.mx\/blog\/tag\/juan-rulfo-frases-mujeres\/#respond"]}]},{"@type":"WebPage","@id":"https:\/\/soclose.mx\/blog\/tag\/juan-rulfo-frases-mujeres\/","url":"https:\/\/soclose.mx\/blog\/tag\/juan-rulfo-frases-mujeres\/","name":"Semana Santa: \u00bfPor qu\u00e9 cubren con un manto a los santos?","isPartOf":{"@id":"https:\/\/soclose.mx\/blog\/#website"},"primaryImageOfPage":{"@id":"https:\/\/soclose.mx\/blog\/tag\/juan-rulfo-frases-mujeres\/#primaryimage"},"image":{"@id":"https:\/\/soclose.mx\/blog\/tag\/juan-rulfo-frases-mujeres\/#primaryimage"},"thumbnailUrl":"https:\/\/i0.wp.com\/soclose.mx\/blog\/wp-content\/uploads\/2023\/03\/Semana-Santa-2023-santos-manto-iglesia.jpg?fit=1920%2C1215&ssl=1","datePublished":"2025-03-05T16:03:14+00:00","dateModified":"2025-03-05T17:52:52+00:00","description":"En Semana Santa, la Iglesia tiene por costumbre cubrir con un manto morado las im\u00e1genes de los santos en las iglesias.","breadcrumb":{"@id":"https:\/\/soclose.mx\/blog\/tag\/juan-rulfo-frases-mujeres\/#breadcrumb"},"inLanguage":"es","potentialAction":[{"@type":"ReadAction","target":["https:\/\/soclose.mx\/blog\/tag\/juan-rulfo-frases-mujeres\/"]}]},{"@type":"ImageObject","inLanguage":"es","@id":"https:\/\/soclose.mx\/blog\/tag\/juan-rulfo-frases-mujeres\/#primaryimage","url":"https:\/\/i0.wp.com\/soclose.mx\/blog\/wp-content\/uploads\/2023\/03\/Semana-Santa-2023-santos-manto-iglesia.jpg?fit=1920%2C1215&ssl=1","contentUrl":"https:\/\/i0.wp.com\/soclose.mx\/blog\/wp-content\/uploads\/2023\/03\/Semana-Santa-2023-santos-manto-iglesia.jpg?fit=1920%2C1215&ssl=1","width":1920,"height":1215,"caption":"Semana Santa"},{"@type":"BreadcrumbList","@id":"https:\/\/soclose.mx\/blog\/tag\/juan-rulfo-frases-mujeres\/#breadcrumb","itemListElement":[{"@type":"ListItem","position":1,"name":"Inicio","item":"https:\/\/soclose.mx\/blog\/"},{"@type":"ListItem","position":2,"name":"Semana Santa: \u00bfPor qu\u00e9 cubren con un manto a los santos?"}]},{"@type":"WebSite","@id":"https:\/\/soclose.mx\/blog\/#website","url":"https:\/\/soclose.mx\/blog\/","name":"So Close","description":"Hacemos contenidos de M\u00e9xico","publisher":{"@id":"https:\/\/soclose.mx\/blog\/#organization"},"potentialAction":[{"@type":"SearchAction","target":{"@type":"EntryPoint","urlTemplate":"https:\/\/soclose.mx\/blog\/?s={search_term_string}"},"query-input":{"@type":"PropertyValueSpecification","valueRequired":true,"valueName":"search_term_string"}}],"inLanguage":"es"},{"@type":"Organization","@id":"https:\/\/soclose.mx\/blog\/#organization","name":"So Close","url":"https:\/\/soclose.mx\/blog\/","logo":{"@type":"ImageObject","inLanguage":"es","@id":"https:\/\/soclose.mx\/blog\/#\/schema\/logo\/image\/","url":"https:\/\/i0.wp.com\/soclose.mx\/blog\/wp-content\/uploads\/2020\/12\/LOGO_SOCLOSE_COLOR-e1608310133507.png?fit=2858%2C1264&ssl=1","contentUrl":"https:\/\/i0.wp.com\/soclose.mx\/blog\/wp-content\/uploads\/2020\/12\/LOGO_SOCLOSE_COLOR-e1608310133507.png?fit=2858%2C1264&ssl=1","width":2858,"height":1264,"caption":"So Close"},"image":{"@id":"https:\/\/soclose.mx\/blog\/#\/schema\/logo\/image\/"}},{"@type":"Person","@id":"https:\/\/soclose.mx\/blog\/#\/schema\/person\/013f38b9fec755573ca00569b43d59c3","name":"Mar\u00eda Ju\u00e1rez","image":{"@type":"ImageObject","inLanguage":"es","@id":"https:\/\/soclose.mx\/blog\/#\/schema\/person\/image\/","url":"https:\/\/secure.gravatar.com\/avatar\/19ce6551a47617b76e5f3763cabf94dcfebd10755015b4b44fe85a5f3e62cbc1?s=96&d=mm&r=g","contentUrl":"https:\/\/secure.gravatar.com\/avatar\/19ce6551a47617b76e5f3763cabf94dcfebd10755015b4b44fe85a5f3e62cbc1?s=96&d=mm&r=g","caption":"Mar\u00eda Ju\u00e1rez"},"url":"https:\/\/soclose.mx\/blog\/author\/mariajuarez\/"}]}},"jetpack_featured_media_url":"https:\/\/i0.wp.com\/soclose.mx\/blog\/wp-content\/uploads\/2023\/03\/Semana-Santa-2023-santos-manto-iglesia.jpg?fit=1920%2C1215&ssl=1","jetpack-related-posts":[{"id":12199,"url":"https:\/\/soclose.mx\/blog\/mitos-y-leyendas-mexicanos\/santa-muerte-como-se-venera-mexico\/","url_meta":{"origin":11383,"position":0},"title":"Ni\u00f1a Blanca: La Santa Muerte y c\u00f3mo se venera en M\u00e9xico\u00a0","author":"Emmanuel Oviedo","date":"7 agosto, 2023","format":false,"excerpt":"Con el fin del mes de octubre y la llegada de noviembre, en M\u00e9xico aumentan las diversas expresiones para festejar a la huesuda; porque, a decir verdad, el mexicano festeja a la muerte todos los d\u00edas, \u00a0se r\u00ede de ella y hasta la venera mediante s\u00edmbolos como la ni\u00f1a blanca\u2026","rel":"","context":"En &quot;\u00a1Ay nanita!&quot;","block_context":{"text":"\u00a1Ay nanita!","link":"https:\/\/soclose.mx\/blog\/category\/mitos-y-leyendas-mexicanos\/"},"img":{"alt_text":"Santa Muerte como se venera en M\u00e9xico","src":"https:\/\/i0.wp.com\/soclose.mx\/blog\/wp-content\/uploads\/2023\/07\/51004347327_a9857c3c18_k.jpg?fit=1200%2C806&ssl=1&resize=350%2C200","width":350,"height":200,"srcset":"https:\/\/i0.wp.com\/soclose.mx\/blog\/wp-content\/uploads\/2023\/07\/51004347327_a9857c3c18_k.jpg?fit=1200%2C806&ssl=1&resize=350%2C200 1x, https:\/\/i0.wp.com\/soclose.mx\/blog\/wp-content\/uploads\/2023\/07\/51004347327_a9857c3c18_k.jpg?fit=1200%2C806&ssl=1&resize=525%2C300 1.5x, https:\/\/i0.wp.com\/soclose.mx\/blog\/wp-content\/uploads\/2023\/07\/51004347327_a9857c3c18_k.jpg?fit=1200%2C806&ssl=1&resize=700%2C400 2x, https:\/\/i0.wp.com\/soclose.mx\/blog\/wp-content\/uploads\/2023\/07\/51004347327_a9857c3c18_k.jpg?fit=1200%2C806&ssl=1&resize=1050%2C600 3x"},"classes":[]},{"id":9344,"url":"https:\/\/soclose.mx\/blog\/ay-goeeee\/aunque-no-lo-creas-mexico-tenia-su-propio-papa-autonomo\/","url_meta":{"origin":11383,"position":1},"title":"Aunque no lo creas, M\u00e9xico ten\u00eda su propio \u2018papa\u2019 aut\u00f3nomo","author":"Miguel Angel Romero","date":"28 abril, 2022","format":false,"excerpt":"Aunque parezca dif\u00edcil de creer, en el siglo XX, M\u00e9xico dio a luz una instituci\u00f3n religiosa que compet\u00eda frontalmente contra la autoridad del Papa de Roma. Se trata de la Iglesia Ortodoxa Cat\u00f3lica Apost\u00f3lica Mexicana\u00a0o\u00a0Iglesia Cat\u00f3lica Apost\u00f3lica Mexicana. El movimiento que fue liderado por Jos\u00e9 Joaqu\u00edn P\u00e9rez Budar fue una\u2026","rel":"","context":"En &quot;\u00a1Ay goeeee!&quot;","block_context":{"text":"\u00a1Ay goeeee!","link":"https:\/\/soclose.mx\/blog\/category\/ay-goeeee\/"},"img":{"alt_text":"","src":"https:\/\/i0.wp.com\/soclose.mx\/blog\/wp-content\/uploads\/2022\/03\/Copia-de-Principal-So-Close-blog-3-9.png?fit=1200%2C677&ssl=1&resize=350%2C200","width":350,"height":200,"srcset":"https:\/\/i0.wp.com\/soclose.mx\/blog\/wp-content\/uploads\/2022\/03\/Copia-de-Principal-So-Close-blog-3-9.png?fit=1200%2C677&ssl=1&resize=350%2C200 1x, https:\/\/i0.wp.com\/soclose.mx\/blog\/wp-content\/uploads\/2022\/03\/Copia-de-Principal-So-Close-blog-3-9.png?fit=1200%2C677&ssl=1&resize=525%2C300 1.5x, https:\/\/i0.wp.com\/soclose.mx\/blog\/wp-content\/uploads\/2022\/03\/Copia-de-Principal-So-Close-blog-3-9.png?fit=1200%2C677&ssl=1&resize=700%2C400 2x, https:\/\/i0.wp.com\/soclose.mx\/blog\/wp-content\/uploads\/2022\/03\/Copia-de-Principal-So-Close-blog-3-9.png?fit=1200%2C677&ssl=1&resize=1050%2C600 3x"},"classes":[]},{"id":11573,"url":"https:\/\/soclose.mx\/blog\/lugares\/turismo-religioso-destinos-cdmx\/","url_meta":{"origin":11383,"position":2},"title":"Turismo religioso: Cinco destinos para conocer en la CDMX","author":"Mar\u00eda Ju\u00e1rez","date":"25 marzo, 2024","format":false,"excerpt":"El turismo religioso en M\u00e9xico es una opci\u00f3n que siempre est\u00e1 vigente, los recintos pueden ser visitados casi en cualquier temporada del a\u00f1o ya que permanecen abiertos a los miles de visitantes que cada d\u00eda disfrutan de la Ciudad de M\u00e9xico (CDMX). Los lugares que a continuaci\u00f3n te vamos a\u2026","rel":"","context":"En &quot;Lugares&quot;","block_context":{"text":"Lugares","link":"https:\/\/soclose.mx\/blog\/category\/lugares\/"},"img":{"alt_text":"Turismo religioso","src":"https:\/\/i0.wp.com\/soclose.mx\/blog\/wp-content\/uploads\/2023\/04\/Turismo-religioso-CDMX-lugares.jpg?fit=1200%2C787&ssl=1&resize=350%2C200","width":350,"height":200,"srcset":"https:\/\/i0.wp.com\/soclose.mx\/blog\/wp-content\/uploads\/2023\/04\/Turismo-religioso-CDMX-lugares.jpg?fit=1200%2C787&ssl=1&resize=350%2C200 1x, https:\/\/i0.wp.com\/soclose.mx\/blog\/wp-content\/uploads\/2023\/04\/Turismo-religioso-CDMX-lugares.jpg?fit=1200%2C787&ssl=1&resize=525%2C300 1.5x, https:\/\/i0.wp.com\/soclose.mx\/blog\/wp-content\/uploads\/2023\/04\/Turismo-religioso-CDMX-lugares.jpg?fit=1200%2C787&ssl=1&resize=700%2C400 2x, https:\/\/i0.wp.com\/soclose.mx\/blog\/wp-content\/uploads\/2023\/04\/Turismo-religioso-CDMX-lugares.jpg?fit=1200%2C787&ssl=1&resize=1050%2C600 3x"},"classes":[]},{"id":4418,"url":"https:\/\/soclose.mx\/blog\/lugares\/puebleando-por-cholula-entonces-correle-a-visitar-estas-iglesias\/","url_meta":{"origin":11383,"position":3},"title":"\u00bfPuebleando por Cholula? \u00a1Entonces c\u00f3rrele a visitar estas iglesias!","author":"So Close","date":"10 marzo, 2019","format":false,"excerpt":"Si andas \u2018puebleando\u2019 por Cholula alg\u00fan fin de semana, debes enterarte que es el pueblo m\u00e1gico con m\u00e1s iglesias en el pa\u00eds, 39 para ser exactos, y es muy probable que no te de tiempo de visitarlas todas, por eso te dejamos este Top 5 que no puedes dejar de\u2026","rel":"","context":"En &quot;Lugares&quot;","block_context":{"text":"Lugares","link":"https:\/\/soclose.mx\/blog\/category\/lugares\/"},"img":{"alt_text":"","src":"https:\/\/i0.wp.com\/soclose.mx\/blog\/wp-content\/uploads\/2019\/03\/cholula-106347_1920.jpg?fit=1200%2C900&ssl=1&resize=350%2C200","width":350,"height":200,"srcset":"https:\/\/i0.wp.com\/soclose.mx\/blog\/wp-content\/uploads\/2019\/03\/cholula-106347_1920.jpg?fit=1200%2C900&ssl=1&resize=350%2C200 1x, https:\/\/i0.wp.com\/soclose.mx\/blog\/wp-content\/uploads\/2019\/03\/cholula-106347_1920.jpg?fit=1200%2C900&ssl=1&resize=525%2C300 1.5x, https:\/\/i0.wp.com\/soclose.mx\/blog\/wp-content\/uploads\/2019\/03\/cholula-106347_1920.jpg?fit=1200%2C900&ssl=1&resize=700%2C400 2x, https:\/\/i0.wp.com\/soclose.mx\/blog\/wp-content\/uploads\/2019\/03\/cholula-106347_1920.jpg?fit=1200%2C900&ssl=1&resize=1050%2C600 3x"},"classes":[]},{"id":7978,"url":"https:\/\/soclose.mx\/blog\/lugares\/templos-en-el-mundo-donde-la-la-virgen-de-guadalupe-es-venerada\/","url_meta":{"origin":11383,"position":4},"title":"Templos en el mundo donde la Virgen de Guadalupe es venerada","author":"Miguel Angel Romero","date":"24 noviembre, 2025","format":false,"excerpt":"La Bas\u00edlica de Santa Mar\u00eda de Guadalupe, en la CDMX, es el santuario principal de la Morenita, pero no es el \u00fanico lugar donde podemos encontrarnos una imagen de la popular virgen. La devoci\u00f3n a la\u00a0Virgen de Guadalupe\u00a0no es exclusiva de los mexicanos, pues se ha extendido a varios pa\u00edses\u2026","rel":"","context":"En &quot;\u00a1Ay goeeee!&quot;","block_context":{"text":"\u00a1Ay goeeee!","link":"https:\/\/soclose.mx\/blog\/category\/ay-goeeee\/"},"img":{"alt_text":"","src":"https:\/\/i0.wp.com\/soclose.mx\/blog\/wp-content\/uploads\/2021\/11\/Copia-de-Principal-So-Close-blog-16.png?fit=1200%2C677&ssl=1&resize=350%2C200","width":350,"height":200,"srcset":"https:\/\/i0.wp.com\/soclose.mx\/blog\/wp-content\/uploads\/2021\/11\/Copia-de-Principal-So-Close-blog-16.png?fit=1200%2C677&ssl=1&resize=350%2C200 1x, https:\/\/i0.wp.com\/soclose.mx\/blog\/wp-content\/uploads\/2021\/11\/Copia-de-Principal-So-Close-blog-16.png?fit=1200%2C677&ssl=1&resize=525%2C300 1.5x, https:\/\/i0.wp.com\/soclose.mx\/blog\/wp-content\/uploads\/2021\/11\/Copia-de-Principal-So-Close-blog-16.png?fit=1200%2C677&ssl=1&resize=700%2C400 2x, https:\/\/i0.wp.com\/soclose.mx\/blog\/wp-content\/uploads\/2021\/11\/Copia-de-Principal-So-Close-blog-16.png?fit=1200%2C677&ssl=1&resize=1050%2C600 3x"},"classes":[]},{"id":14801,"url":"https:\/\/soclose.mx\/blog\/a-la-mexicana\/la-judea-wixarika-resistencia-y-rituales-unicos-en-semana-santa\/","url_meta":{"origin":11383,"position":5},"title":"La Judea Wix\u00e1rika: resistencia y rituales \u00fanicos en Semana Santa","author":"So Close","date":"18 abril, 2025","format":false,"excerpt":"La Judea Wix\u00e1rika es una pr\u00e1ctica cultural que mezcla elementos cat\u00f3licos introducidos durante la colonizaci\u00f3n con tradiciones ancestrales de los pueblos ind\u00edgenas de la Sierra Madre Occidental. Aunque no es exclusiva de los Wix\u00e1rika (participan tambi\u00e9n coras y tepehuanes), en comunidades como Huejuquilla El Alto (Jalisco) y Mezquitic, los Wix\u00e1rika\u2026","rel":"","context":"En &quot;A la mexicana&quot;","block_context":{"text":"A la mexicana","link":"https:\/\/soclose.mx\/blog\/category\/a-la-mexicana\/"},"img":{"alt_text":"Judea Wix\u00e1rika","src":"https:\/\/i0.wp.com\/soclose.mx\/blog\/wp-content\/uploads\/2025\/04\/Judea-Wixarika.jpg?fit=1200%2C675&ssl=1&resize=350%2C200","width":350,"height":200,"srcset":"https:\/\/i0.wp.com\/soclose.mx\/blog\/wp-content\/uploads\/2025\/04\/Judea-Wixarika.jpg?fit=1200%2C675&ssl=1&resize=350%2C200 1x, https:\/\/i0.wp.com\/soclose.mx\/blog\/wp-content\/uploads\/2025\/04\/Judea-Wixarika.jpg?fit=1200%2C675&ssl=1&resize=525%2C300 1.5x, https:\/\/i0.wp.com\/soclose.mx\/blog\/wp-content\/uploads\/2025\/04\/Judea-Wixarika.jpg?fit=1200%2C675&ssl=1&resize=700%2C400 2x, https:\/\/i0.wp.com\/soclose.mx\/blog\/wp-content\/uploads\/2025\/04\/Judea-Wixarika.jpg?fit=1200%2C675&ssl=1&resize=1050%2C600 3x"},"classes":[]}],"jetpack_sharing_enabled":true,"_links":{"self":[{"href":"https:\/\/soclose.mx\/blog\/wp-json\/wp\/v2\/posts\/11383","targetHints":{"allow":["GET"]}}],"collection":[{"href":"https:\/\/soclose.mx\/blog\/wp-json\/wp\/v2\/posts"}],"about":[{"href":"https:\/\/soclose.mx\/blog\/wp-json\/wp\/v2\/types\/post"}],"author":[{"embeddable":true,"href":"https:\/\/soclose.mx\/blog\/wp-json\/wp\/v2\/users\/10"}],"replies":[{"embeddable":true,"href":"https:\/\/soclose.mx\/blog\/wp-json\/wp\/v2\/comments?post=11383"}],"version-history":[{"count":1,"href":"https:\/\/soclose.mx\/blog\/wp-json\/wp\/v2\/posts\/11383\/revisions"}],"predecessor-version":[{"id":13468,"href":"https:\/\/soclose.mx\/blog\/wp-json\/wp\/v2\/posts\/11383\/revisions\/13468"}],"wp:featuredmedia":[{"embeddable":true,"href":"https:\/\/soclose.mx\/blog\/wp-json\/wp\/v2\/media\/11388"}],"wp:attachment":[{"href":"https:\/\/soclose.mx\/blog\/wp-json\/wp\/v2\/media?parent=11383"}],"wp:term":[{"taxonomy":"category","embeddable":true,"href":"https:\/\/soclose.mx\/blog\/wp-json\/wp\/v2\/categories?post=11383"},{"taxonomy":"post_tag","embeddable":true,"href":"https:\/\/soclose.mx\/blog\/wp-json\/wp\/v2\/tags?post=11383"}],"curies":[{"name":"wp","href":"https:\/\/api.w.org\/{rel}","templated":true}]}}