{"id":11473,"date":"2024-05-08T10:10:43","date_gmt":"2024-05-08T16:10:43","guid":{"rendered":"https:\/\/soclose.mx\/blog\/?p=11473"},"modified":"2024-05-08T11:54:57","modified_gmt":"2024-05-08T17:54:57","slug":"albur-nombres-apellidos-como-suenan","status":"publish","type":"post","link":"https:\/\/soclose.mx\/blog\/a-la-mexicana\/albur-nombres-apellidos-como-suenan\/","title":{"rendered":"Albur: Nombres y apellidos que suenan as\u00ed \u00bfEstar\u00e1 el tuyo?"},"content":{"rendered":"<p>Los\u00a0<strong>nombres y apellidos <\/strong>que suenan como <strong>albur <\/strong>son aquellos cuyo sonido o combinaci\u00f3n de palabras genera un significado burl\u00f3n, p\u00edcaro o con cierto contenido sexual.<\/p>\n<p>El <strong>albur,<\/strong> en <a href=\"https:\/\/soclose.mx\/blog\/lugares\/iztapalapa-mural-cdmx-artistas\/\">M\u00e9xico,<\/a> es un juego de palabras de doble sentido que no deben ser groser\u00edas, pero est\u00e1n relacionadas con sexo o involucran burla.<\/p>\n<p>Este tipo de humor es frecuente entre hispanohablantes y com\u00fanmente se utiliza la rima para lograrlo. Nunca ocurren insultos directos en este tipo de bromas.<\/p>\n<p>Los <strong>nombres y apellidos<\/strong> albureros poseen todos estos ingredientes: connotaci\u00f3n sexual, son una <a href=\"https:\/\/es.scribd.com\/document\/367122213\/100-nombres-con-albur-o-doble-sentido-docx\">burla<\/a> y no puede faltar la picard\u00eda del doble sentido.<\/p>\n<p><img data-recalc-dims=\"1\" fetchpriority=\"high\" decoding=\"async\" class=\" wp-image-13040 aligncenter\" src=\"https:\/\/i0.wp.com\/soclose.mx\/blog\/wp-content\/uploads\/2023\/04\/Texto-del-parrafo.jpg?resize=761%2C543&#038;ssl=1\" alt=\"\" width=\"761\" height=\"543\" srcset=\"https:\/\/i0.wp.com\/soclose.mx\/blog\/wp-content\/uploads\/2023\/04\/Texto-del-parrafo.jpg?resize=300%2C214&amp;ssl=1 300w, https:\/\/i0.wp.com\/soclose.mx\/blog\/wp-content\/uploads\/2023\/04\/Texto-del-parrafo.jpg?resize=1024%2C730&amp;ssl=1 1024w, https:\/\/i0.wp.com\/soclose.mx\/blog\/wp-content\/uploads\/2023\/04\/Texto-del-parrafo.jpg?resize=768%2C548&amp;ssl=1 768w, https:\/\/i0.wp.com\/soclose.mx\/blog\/wp-content\/uploads\/2023\/04\/Texto-del-parrafo.jpg?resize=1170%2C835&amp;ssl=1 1170w, https:\/\/i0.wp.com\/soclose.mx\/blog\/wp-content\/uploads\/2023\/04\/Texto-del-parrafo.jpg?resize=585%2C417&amp;ssl=1 585w, https:\/\/i0.wp.com\/soclose.mx\/blog\/wp-content\/uploads\/2023\/04\/Texto-del-parrafo.jpg?w=1280&amp;ssl=1 1280w\" sizes=\"(max-width: 761px) 100vw, 761px\" \/><\/p>\n<p>&nbsp;<\/p>\n<p>&nbsp;<\/p>\n<h2><strong style=\"font-family: Raleway, sans-serif; font-size: 22px; letter-spacing: 0px;\">Lista de nombres y apellidos con albur<\/strong><\/h2>\n<p>A continuaci\u00f3n te presentamos una lista de <a href=\"https:\/\/soclose.mx\/blog\/ay-goeeee\/lista-de-los-apellidos-mas-comunes-en-mexico\/\">nombres y apellidos<\/a> con los que se logran crear ingeniosos e incluso burdas combinaciones que pueden causar molestia en los aludidos, aunque en varias ocasiones no les haya pasado por la cabeza.<\/p>\n<p>Sin ofender a nadie, estos son solo algunos ejemplos de nombres y apellidos que la voz popular ha convertido en <strong>albur<\/strong>:<\/p>\n<ul>\n<li>Zacar\u00edas Leche del Monte<\/li>\n<li>Mar\u00eda Peque\u00f1a de Grande<\/li>\n<li>Tom\u00e1s Turbado<\/li>\n<li>Mar\u00eda Melo Machuca<\/li>\n<li>Jos\u00e9 Boquitas de la Corona<\/li>\n<li>Miguel Ambes Parada<\/li>\n<li>Meardel Pes\u00f3n<\/li>\n<li>Lalo Onganiza<\/li>\n<li>Salom\u00e9 Ter\u00e1n Tiezo<\/li>\n<li>Carmelo Tallas<\/li>\n<li>Elsa Porrico<\/li>\n<li>Zacar\u00edas Blanco del Fierro<\/li>\n<li>Aquiles Pico<\/li>\n<li>Marisa Caleche<\/li>\n<li>Carmela Rosas<\/li>\n<li>Willy Melano<\/li>\n<li>Zacar\u00edas Bello Delano<\/li>\n<li>Pato Carlo<\/li>\n<li>Zoyla Alegr\u00eda Delano<\/li>\n<li>Ana Lisa Melchotto<\/li>\n<li>Memo H\u00e9rdez<\/li>\n<li>Virginia De Loyo Aguado<\/li>\n<li>Benito Carlos Del Toro<\/li>\n<li>Elza Pallo<\/li>\n<li>Elsa Polel\u00fao<\/li>\n<li>Vicente Nario<\/li>\n<li>Elsa Bueso<\/li>\n<\/ul>\n<h2><img data-recalc-dims=\"1\" decoding=\"async\" class=\"aligncenter wp-image-11478 size-full\" src=\"https:\/\/i0.wp.com\/soclose.mx\/blog\/wp-content\/uploads\/2023\/04\/Albures-1.jpg?resize=1024%2C1024&#038;ssl=1\" alt=\"Albures\" width=\"1024\" height=\"1024\" srcset=\"https:\/\/i0.wp.com\/soclose.mx\/blog\/wp-content\/uploads\/2023\/04\/Albures-1.jpg?w=1024&amp;ssl=1 1024w, https:\/\/i0.wp.com\/soclose.mx\/blog\/wp-content\/uploads\/2023\/04\/Albures-1.jpg?resize=300%2C300&amp;ssl=1 300w, https:\/\/i0.wp.com\/soclose.mx\/blog\/wp-content\/uploads\/2023\/04\/Albures-1.jpg?resize=150%2C150&amp;ssl=1 150w, https:\/\/i0.wp.com\/soclose.mx\/blog\/wp-content\/uploads\/2023\/04\/Albures-1.jpg?resize=768%2C768&amp;ssl=1 768w, https:\/\/i0.wp.com\/soclose.mx\/blog\/wp-content\/uploads\/2023\/04\/Albures-1.jpg?resize=585%2C585&amp;ssl=1 585w\" sizes=\"(max-width: 1024px) 100vw, 1024px\" \/><\/h2>\n<h2><\/h2>\n<h2>Y la lista se alarga&#8230;<\/h2>\n<p>No hace falta que te digamos m\u00e1s detalles sobre los nombres y apellidos que se usan para hacer albures, aqu\u00ed te dejamos otros m\u00e1s:<\/p>\n<ul>\n<li>Germ\u00e1n Satula<\/li>\n<li>Zoyla Cerda<\/li>\n<li>Dolores de Cueva<\/li>\n<li>D\u00e9borah Vergara Parada<\/li>\n<li>Zoila Concha Rojas<\/li>\n<li>Valesca Llampa<\/li>\n<li>Juan Chota Corta<\/li>\n<li>Juana viuda De Melano<\/li>\n<li>Robert Galarga<\/li>\n<li>Maite Lometo<\/li>\n<li>Mar\u00eda Melo Machuca<\/li>\n<li>Memo Erdez<\/li>\n<li>Selena Mora<\/li>\n<li>Luisma Ric\u00f3n<\/li>\n<li>Juancho Talarga<\/li>\n<li>Zoila Cueva del Toro<\/li>\n<li>Teorino Laraya<\/li>\n<li>Benito Carlos Bustos<\/li>\n<li>Elba Ginaso<\/li>\n<li>Pato Carlos<\/li>\n<li>Zoila Sorda<\/li>\n<li>Elver Galarga<\/li>\n<li>M\u00f3nica Carancia<\/li>\n<li>Mama Dora<\/li>\n<li>Zoyla Concha Parda<\/li>\n<li>Tommy Rabo<\/li>\n<\/ul>\n<p><img data-recalc-dims=\"1\" decoding=\"async\" class=\"aligncenter wp-image-11479 size-full\" src=\"https:\/\/i0.wp.com\/soclose.mx\/blog\/wp-content\/uploads\/2023\/04\/Alma-Albur.jpg?resize=1024%2C1024&#038;ssl=1\" alt=\"Alma Albur\" width=\"1024\" height=\"1024\" srcset=\"https:\/\/i0.wp.com\/soclose.mx\/blog\/wp-content\/uploads\/2023\/04\/Alma-Albur.jpg?w=1024&amp;ssl=1 1024w, https:\/\/i0.wp.com\/soclose.mx\/blog\/wp-content\/uploads\/2023\/04\/Alma-Albur.jpg?resize=300%2C300&amp;ssl=1 300w, https:\/\/i0.wp.com\/soclose.mx\/blog\/wp-content\/uploads\/2023\/04\/Alma-Albur.jpg?resize=150%2C150&amp;ssl=1 150w, https:\/\/i0.wp.com\/soclose.mx\/blog\/wp-content\/uploads\/2023\/04\/Alma-Albur.jpg?resize=768%2C768&amp;ssl=1 768w, https:\/\/i0.wp.com\/soclose.mx\/blog\/wp-content\/uploads\/2023\/04\/Alma-Albur.jpg?resize=585%2C585&amp;ssl=1 585w\" sizes=\"(max-width: 1024px) 100vw, 1024px\" \/><\/p>\n<h2>Y hay m\u00e1s y m\u00e1s albur&#8230;<\/h2>\n<ul>\n<li>Achero Galv\u00e1n Izado<\/li>\n<li>Blanca Calavera Calva<\/li>\n<li>Abraham Tirado Suegra<\/li>\n<li>Agapito Vergara Pollatos<\/li>\n<li>Aitor Menta Nocturna<\/li>\n<li>Alan Brito Delgado<\/li>\n<li>Alba \u00d1oguarra Lavate<\/li>\n<li>Alberto Carlos Huevos<\/li>\n<li>Alberto Mate Maduro<\/li>\n<li>Aldo Loroso Picor<\/li>\n<li>Aldo Micilio Deotro<\/li>\n<li>Alegr\u00eda Perpetua Amado<\/li>\n<li>Alejo Dido Miano<\/li>\n<li>Alma Mar\u00eda Todo<\/li>\n<li>Alma Marracho Lelo<\/li>\n<li>Amado Siempre As\u00ed<\/li>\n<li>An\u00edbal Lazo Dado<\/li>\n<li>Aminta Del Camino Sequeda<\/li>\n<li>Amparo Meanman Dado<\/li>\n<li>Anabel Atorio Difunto<\/li>\n<li>Andr\u00e9s Trozado Micasa<\/li>\n<li>\u00c1ngel Conde Nao<\/li>\n<li>Aquiles Cuesta Caro<\/li>\n<li>Aquiles Dimas Candela<\/li>\n<li>Aquiles Pinto Flores<\/li>\n<li>Aquino Capas Toro<\/li>\n<li>Aquino Ford Nike<\/li>\n<li>Aquino Lope Laran<\/li>\n<li>Rosa Espinosa Flores<\/li>\n<li>Aura Lola Mera<\/li>\n<li>Aurora Clara Ma\u00f1ana<\/li>\n<li>Azucena Flor Del Valle<\/li>\n<li>Abel Llano Florido<\/li>\n<li>Abraham Hurtado Joya<\/li>\n<li>Baltasar Joyas Baratas<\/li>\n<li>Baltasar Rey Coronado<\/li>\n<li>Cleopatra Vestido Gay<\/li>\n<li>Baltasar Tenazo Bollado<\/li>\n<li>B\u00e1rbara D\u00e9bora Hombres<\/li>\n<li>Bautista Del R\u00edo Jord\u00e1n<\/li>\n<li>Benny Melo Sobas<\/li>\n<li>Blanca Cabeza Calva<\/li>\n<li>Carlos Tionespa Cara<\/li>\n<li>Carmina Carmena Carmona<\/li>\n<li>Casimiro Noveno Tuber\u00edas<\/li>\n<li>Ces\u00e1rea Salvadora De Ni\u00f1os<\/li>\n<li>Clara Luz De Luna<\/li>\n<li>Clara Yema de Huevo<\/li>\n<li>Clemencia Leda Arias<\/li>\n<li>D\u00e1maso Baco Turco<\/li>\n<li>D\u00e9bora Dora Golosa<\/li>\n<li>D\u00e9bora Nabos Dulces<\/li>\n<li>Diego Norrea Salvaje<\/li>\n<\/ul>\n<p><img data-recalc-dims=\"1\" loading=\"lazy\" decoding=\"async\" class=\"aligncenter wp-image-11480 size-full\" src=\"https:\/\/i0.wp.com\/soclose.mx\/blog\/wp-content\/uploads\/2023\/04\/Benito-Albur.jpg?resize=1024%2C1024&#038;ssl=1\" alt=\"\" width=\"1024\" height=\"1024\" srcset=\"https:\/\/i0.wp.com\/soclose.mx\/blog\/wp-content\/uploads\/2023\/04\/Benito-Albur.jpg?w=1024&amp;ssl=1 1024w, https:\/\/i0.wp.com\/soclose.mx\/blog\/wp-content\/uploads\/2023\/04\/Benito-Albur.jpg?resize=300%2C300&amp;ssl=1 300w, https:\/\/i0.wp.com\/soclose.mx\/blog\/wp-content\/uploads\/2023\/04\/Benito-Albur.jpg?resize=150%2C150&amp;ssl=1 150w, https:\/\/i0.wp.com\/soclose.mx\/blog\/wp-content\/uploads\/2023\/04\/Benito-Albur.jpg?resize=768%2C768&amp;ssl=1 768w, https:\/\/i0.wp.com\/soclose.mx\/blog\/wp-content\/uploads\/2023\/04\/Benito-Albur.jpg?resize=585%2C585&amp;ssl=1 585w\" sizes=\"(max-width: 1024px) 100vw, 1024px\" \/><\/p>\n<h2>M\u00e1s apellidos con doble sentido<\/h2>\n<ul>\n<li>Dolores Fuertes de Barriga<\/li>\n<li>Carmelo Cot\u00f3n Pelado<\/li>\n<li>Elena Nito del Bosque<\/li>\n<li>Elma Mar\u00eda del Busto<\/li>\n<li>Emiliano Salido del Pozo<\/li>\n<li>Elsa Polindo Salt\u00f3n<\/li>\n<li>Emilio de Faldas F\u00e9minas<\/li>\n<li>Emma Amado Pinga<\/li>\n<li>Engracia L\u00f3pez Saba<\/li>\n<li>Esperanza Leda Arias<\/li>\n<li>Estela Garto Verde<\/li>\n<li>Ester Minas Moros<\/li>\n<li>Eva Gabunda Tie<\/li>\n<li>Felipe Netra Ci\u00f3n<\/li>\n<li>Fidel Gado Seco<\/li>\n<li>Francisco Jones Grandes<\/li>\n<li>Francisco Lorin Colorado<\/li>\n<li>Hilaria Ovillo Lana<\/li>\n<li>\n<div>Hilario Beso Tierno<\/div>\n<\/li>\n<li>Ignacio Enunbur Del<\/li>\n<li>Inma Mada Grandes<\/li>\n<li>Jaime Lama Chaco<\/li>\n<li>Eva Mosde Fiesta<\/li>\n<li>Javier Nes Trece<\/li>\n<\/ul>\n<p>&nbsp;<\/p>\n<p><img data-recalc-dims=\"1\" loading=\"lazy\" decoding=\"async\" class=\"wp-image-11482 size-full alignnone\" src=\"https:\/\/i0.wp.com\/soclose.mx\/blog\/wp-content\/uploads\/2023\/04\/nombres-como-albur.png?resize=240%2C400&#038;ssl=1\" alt=\"Nombe como Albur\" width=\"240\" height=\"400\" srcset=\"https:\/\/i0.wp.com\/soclose.mx\/blog\/wp-content\/uploads\/2023\/04\/nombres-como-albur.png?w=240&amp;ssl=1 240w, https:\/\/i0.wp.com\/soclose.mx\/blog\/wp-content\/uploads\/2023\/04\/nombres-como-albur.png?resize=180%2C300&amp;ssl=1 180w\" sizes=\"(max-width: 240px) 100vw, 240px\" \/><\/p>\n<p>&nbsp;<\/p>\n<h2>Apellidos que se usan en el albur<\/h2>\n<ul>\n<li>Jes\u00fas Est\u00e1n Camin<\/li>\n<li>Jes\u00fas Tomeas Dado<\/li>\n<li>Jos\u00e9 Luis Lamata Feliz<\/li>\n<li>Paca Garc\u00eda Nuro<\/li>\n<li>Constante Lagos Saba<\/li>\n<li>Eva Fina Segura<\/li>\n<li>Juanjo Dido Deltodo<\/li>\n<li>Augusta Soledad Del Campo<\/li>\n<li>Lara Conesa Cara<\/li>\n<li>Leda Beso Negro<\/li>\n<li>Leda D\u00eda Rea<\/li>\n<li>Leo Diario Matutino<\/li>\n<li>Lesbia Ana Ena Morada<\/li>\n<li>L\u00eda Ovillo de Lana<\/li>\n<li>Lola Mento Todo<\/li>\n<li>Luc\u00eda Bello Seno<\/li>\n<li>Luciano Respeta Nada<\/li>\n<li>Lucila Camacho Chona<\/li>\n<li>Lucila Malag\u00f3n Urrea<\/li>\n<li>Luz Apagada Vela<\/li>\n<li>Maite Tazas Grandes<\/li>\n<li>Maite Tonas Suaves<\/li>\n<li>Malva Gina Mojada<\/li>\n<li>Mara Villa de Peinado<\/li>\n<li>Marco Mecho Minos<\/li>\n<li>Margarita Flores del Campo<\/li>\n<li>Mar\u00eda Juana Humo Verde<\/li>\n<li>Mariano Capacho Rizo<\/li>\n<li>Mariano Daniel Saludo<\/li>\n<li>Mariano D\u00e1valos Besos<\/li>\n<li>Marina Fuerza Armada<\/li>\n<li>Maritxu Papitos<\/li>\n<li>Mary Conatodas Horas<\/li>\n<li>Mary Conde Playa<\/li>\n<li>M\u00e1ximo Verso M\u00ednimo<\/li>\n<li>Medar\u00eda Conejo Enbandeja<\/li>\n<li>Tom\u00e1s Turbaci\u00f3n Feroz<\/li>\n<li>Mela Servia Fresca<\/li>\n<li>Mira Melo Tieso<\/li>\n<li>Miren Amiano Roto<\/li>\n<li>Modesta Violeta del Valle<\/li>\n<li>Modesto Humilde Pobre<\/li>\n<li>M\u00f3nica Puyol<\/li>\n<li>Nieves Fr\u00edas Del P\u00e1ramo<\/li>\n<li>Olga Seosa Singas<\/li>\n<li>Omar Mota Sola<\/li>\n<li>Oscar Ro\u00f1ero Buitre<\/li>\n<li>Paco Echand\u00eda Largo<\/li>\n<li>Paco Jonazos Losmios<\/li>\n<li>Paco Mer Bien<\/li>\n<li>Paloma Pico Largo<\/li>\n<\/ul>\n<p><img data-recalc-dims=\"1\" loading=\"lazy\" decoding=\"async\" class=\" wp-image-13159 aligncenter\" src=\"https:\/\/i0.wp.com\/soclose.mx\/blog\/wp-content\/uploads\/2023\/04\/Paloma-Pico-Largo.jpg?resize=733%2C423&#038;ssl=1\" alt=\"\" width=\"733\" height=\"423\" srcset=\"https:\/\/i0.wp.com\/soclose.mx\/blog\/wp-content\/uploads\/2023\/04\/Paloma-Pico-Largo.jpg?resize=300%2C173&amp;ssl=1 300w, https:\/\/i0.wp.com\/soclose.mx\/blog\/wp-content\/uploads\/2023\/04\/Paloma-Pico-Largo.jpg?resize=1024%2C592&amp;ssl=1 1024w, https:\/\/i0.wp.com\/soclose.mx\/blog\/wp-content\/uploads\/2023\/04\/Paloma-Pico-Largo.jpg?resize=768%2C444&amp;ssl=1 768w, https:\/\/i0.wp.com\/soclose.mx\/blog\/wp-content\/uploads\/2023\/04\/Paloma-Pico-Largo.jpg?resize=1170%2C676&amp;ssl=1 1170w, https:\/\/i0.wp.com\/soclose.mx\/blog\/wp-content\/uploads\/2023\/04\/Paloma-Pico-Largo.jpg?resize=585%2C338&amp;ssl=1 585w, https:\/\/i0.wp.com\/soclose.mx\/blog\/wp-content\/uploads\/2023\/04\/Paloma-Pico-Largo.jpg?w=1280&amp;ssl=1 1280w\" sizes=\"(max-width: 733px) 100vw, 733px\" \/><\/p>\n<ul>\n<li>Pamela Mor D\u00edaz<\/li>\n<li>Pedro Medario Camello<\/li>\n<li>Tomasa Cala Lengua<\/li>\n<li>Tr\u00e1nsito Atas Cado<\/li>\n<li>Tulia Arias Maravillas<\/li>\n<li>Pen\u00e9lope Zones Rosados<\/li>\n<li>Pep\u00f3n Mela Tiesa<\/li>\n<li>Peregrino Sin Posada<\/li>\n<li>Pl\u00e1cida Concepci\u00f3n de Ni\u00f1o<\/li>\n<li>Placido Viaje Largo<\/li>\n<li>Presentaci\u00f3n de Piernas Abiertas<\/li>\n<li>Primo Segundo de los Reyes<\/li>\n<li>Sen\u00e9n Iv\u00e1n Juerga Loca<\/li>\n<li>Pr\u00f3spero Mercado de Coca<\/li>\n<li>Ram\u00f3n Calavera Calva<\/li>\n<li>Omar Rinc\u00f3n Salido<\/li>\n<li>Rodolfo Llando Siempre<\/li>\n<li>Santiago Pajasa Domicilio<\/li>\n<li>Serafina Joya de Plata<\/li>\n<li>Silvestre Cabra Montes<\/li>\n<li>Sime\u00f3n Tolomeo Pis<\/li>\n<li>Sol\u00a0D\u00e1valos Hierros<\/li>\n<li>Sol L\u00eda Acosta Arce<\/li>\n<li>Ram\u00f3n Taba Lamoto<\/li>\n<li>Vivian Lejos del Campo<\/li>\n<li>Regula Dora de Regla<\/li>\n<li>Soledad Severa del Campo<\/li>\n<li>Teresa Cala Basura<\/li>\n<li>Tom\u00e1s Cando Hierba<\/li>\n<\/ul>\n","protected":false},"excerpt":{"rendered":"<p>Los\u00a0nombres y apellidos que suenan como albur son aquellos cuyo sonido o combinaci\u00f3n de palabras genera un significado burl\u00f3n, p\u00edcaro o con cierto contenido sexual. El albur, en M\u00e9xico, es un juego de palabras de doble sentido que no deben ser groser\u00edas, pero est\u00e1n relacionadas con sexo o involucran burla. Este tipo de humor es frecuente entre hispanohablantes y com\u00fanmente se utiliza la rima para lograrlo. Nunca ocurren insultos directos en este tipo de bromas. Los nombres y apellidos albureros poseen todos estos ingredientes: connotaci\u00f3n sexual, son una burla y no puede faltar la picard\u00eda del doble sentido. &nbsp; &nbsp;<\/p>\n","protected":false},"author":10,"featured_media":11474,"comment_status":"open","ping_status":"open","sticky":false,"template":"","format":"standard","meta":{"_jetpack_memberships_contains_paid_content":false,"footnotes":""},"categories":[1778],"tags":[938,939,1329,3038,1418,2906,2779,3037],"class_list":["post-11473","post","type-post","status-publish","format-standard","has-post-thumbnail","hentry","category-a-la-mexicana","tag-albur","tag-albures","tag-apellidos","tag-mecxico","tag-nombres","tag-nombres-albureros","tag-nombres-chistosos","tag-ofensas"],"yoast_head":"<!-- This site is optimized with the Yoast SEO plugin v26.7 - https:\/\/yoast.com\/wordpress\/plugins\/seo\/ -->\n<title>Albur: Nombres y apellidos que suenan as\u00ed \u00bfEstar\u00e1 el tuyo? -<\/title>\n<meta name=\"description\" content=\"El ingenio mexicano es tal que incluso en los nombres y apellidos se encuentra un albur, lo cual puede causar incomodidad, si te das cuenta.\" \/>\n<meta name=\"robots\" content=\"index, follow, max-snippet:-1, max-image-preview:large, max-video-preview:-1\" \/>\n<link rel=\"canonical\" href=\"https:\/\/soclose.mx\/blog\/tag\/juan-rulfo-frases-mujeres\/\" \/>\n<meta property=\"og:locale\" content=\"es_MX\" \/>\n<meta property=\"og:type\" content=\"article\" \/>\n<meta property=\"og:title\" content=\"Albur: Nombres y apellidos que suenan as\u00ed \u00bfEstar\u00e1 el tuyo? -\" \/>\n<meta property=\"og:description\" content=\"El ingenio mexicano es tal que incluso en los nombres y apellidos se encuentra un albur, lo cual puede causar incomodidad, si te das cuenta.\" \/>\n<meta property=\"og:url\" content=\"https:\/\/soclose.mx\/blog\/tag\/juan-rulfo-frases-mujeres\/\" \/>\n<meta property=\"og:site_name\" content=\"So Close\" \/>\n<meta property=\"article:published_time\" content=\"2024-05-08T16:10:43+00:00\" \/>\n<meta property=\"article:modified_time\" content=\"2024-05-08T17:54:57+00:00\" \/>\n<meta property=\"og:image\" content=\"https:\/\/i0.wp.com\/soclose.mx\/blog\/wp-content\/uploads\/2023\/04\/Nombres-albureros.jpg?fit=1280%2C848&ssl=1\" \/>\n\t<meta property=\"og:image:width\" content=\"1280\" \/>\n\t<meta property=\"og:image:height\" content=\"848\" \/>\n\t<meta property=\"og:image:type\" content=\"image\/jpeg\" \/>\n<meta name=\"author\" content=\"Mar\u00eda Ju\u00e1rez\" \/>\n<meta name=\"twitter:card\" content=\"summary_large_image\" \/>\n<meta name=\"twitter:label1\" content=\"Escrito por\" \/>\n\t<meta name=\"twitter:data1\" content=\"Mar\u00eda Ju\u00e1rez\" \/>\n\t<meta name=\"twitter:label2\" content=\"Tiempo de lectura\" \/>\n\t<meta name=\"twitter:data2\" content=\"6 minutos\" \/>\n<script type=\"application\/ld+json\" class=\"yoast-schema-graph\">{\"@context\":\"https:\/\/schema.org\",\"@graph\":[{\"@type\":\"Article\",\"@id\":\"https:\/\/soclose.mx\/blog\/tag\/juan-rulfo-frases-mujeres\/#article\",\"isPartOf\":{\"@id\":\"https:\/\/soclose.mx\/blog\/tag\/juan-rulfo-frases-mujeres\/\"},\"author\":{\"name\":\"Mar\u00eda Ju\u00e1rez\",\"@id\":\"https:\/\/soclose.mx\/blog\/#\/schema\/person\/013f38b9fec755573ca00569b43d59c3\"},\"headline\":\"Albur: Nombres y apellidos que suenan as\u00ed \u00bfEstar\u00e1 el tuyo?\",\"datePublished\":\"2024-05-08T16:10:43+00:00\",\"dateModified\":\"2024-05-08T17:54:57+00:00\",\"mainEntityOfPage\":{\"@id\":\"https:\/\/soclose.mx\/blog\/tag\/juan-rulfo-frases-mujeres\/\"},\"wordCount\":955,\"commentCount\":0,\"publisher\":{\"@id\":\"https:\/\/soclose.mx\/blog\/#organization\"},\"image\":{\"@id\":\"https:\/\/soclose.mx\/blog\/tag\/juan-rulfo-frases-mujeres\/#primaryimage\"},\"thumbnailUrl\":\"https:\/\/i0.wp.com\/soclose.mx\/blog\/wp-content\/uploads\/2023\/04\/Nombres-albureros.jpg?fit=1280%2C848&ssl=1\",\"keywords\":[\"albur\",\"albures\",\"apellidos\",\"M\u00e9cxico\",\"nombres\",\"nombres albureros\",\"nombres chistosos\",\"ofensas\"],\"articleSection\":[\"A la mexicana\"],\"inLanguage\":\"es\",\"potentialAction\":[{\"@type\":\"CommentAction\",\"name\":\"Comment\",\"target\":[\"https:\/\/soclose.mx\/blog\/tag\/juan-rulfo-frases-mujeres\/#respond\"]}]},{\"@type\":\"WebPage\",\"@id\":\"https:\/\/soclose.mx\/blog\/tag\/juan-rulfo-frases-mujeres\/\",\"url\":\"https:\/\/soclose.mx\/blog\/tag\/juan-rulfo-frases-mujeres\/\",\"name\":\"Albur: Nombres y apellidos que suenan as\u00ed \u00bfEstar\u00e1 el tuyo? -\",\"isPartOf\":{\"@id\":\"https:\/\/soclose.mx\/blog\/#website\"},\"primaryImageOfPage\":{\"@id\":\"https:\/\/soclose.mx\/blog\/tag\/juan-rulfo-frases-mujeres\/#primaryimage\"},\"image\":{\"@id\":\"https:\/\/soclose.mx\/blog\/tag\/juan-rulfo-frases-mujeres\/#primaryimage\"},\"thumbnailUrl\":\"https:\/\/i0.wp.com\/soclose.mx\/blog\/wp-content\/uploads\/2023\/04\/Nombres-albureros.jpg?fit=1280%2C848&ssl=1\",\"datePublished\":\"2024-05-08T16:10:43+00:00\",\"dateModified\":\"2024-05-08T17:54:57+00:00\",\"description\":\"El ingenio mexicano es tal que incluso en los nombres y apellidos se encuentra un albur, lo cual puede causar incomodidad, si te das cuenta.\",\"breadcrumb\":{\"@id\":\"https:\/\/soclose.mx\/blog\/tag\/juan-rulfo-frases-mujeres\/#breadcrumb\"},\"inLanguage\":\"es\",\"potentialAction\":[{\"@type\":\"ReadAction\",\"target\":[\"https:\/\/soclose.mx\/blog\/tag\/juan-rulfo-frases-mujeres\/\"]}]},{\"@type\":\"ImageObject\",\"inLanguage\":\"es\",\"@id\":\"https:\/\/soclose.mx\/blog\/tag\/juan-rulfo-frases-mujeres\/#primaryimage\",\"url\":\"https:\/\/i0.wp.com\/soclose.mx\/blog\/wp-content\/uploads\/2023\/04\/Nombres-albureros.jpg?fit=1280%2C848&ssl=1\",\"contentUrl\":\"https:\/\/i0.wp.com\/soclose.mx\/blog\/wp-content\/uploads\/2023\/04\/Nombres-albureros.jpg?fit=1280%2C848&ssl=1\",\"width\":1280,\"height\":848},{\"@type\":\"BreadcrumbList\",\"@id\":\"https:\/\/soclose.mx\/blog\/tag\/juan-rulfo-frases-mujeres\/#breadcrumb\",\"itemListElement\":[{\"@type\":\"ListItem\",\"position\":1,\"name\":\"Inicio\",\"item\":\"https:\/\/soclose.mx\/blog\/\"},{\"@type\":\"ListItem\",\"position\":2,\"name\":\"Albur: Nombres y apellidos que suenan as\u00ed \u00bfEstar\u00e1 el tuyo?\"}]},{\"@type\":\"WebSite\",\"@id\":\"https:\/\/soclose.mx\/blog\/#website\",\"url\":\"https:\/\/soclose.mx\/blog\/\",\"name\":\"So Close\",\"description\":\"Hacemos contenidos de M\u00e9xico\",\"publisher\":{\"@id\":\"https:\/\/soclose.mx\/blog\/#organization\"},\"potentialAction\":[{\"@type\":\"SearchAction\",\"target\":{\"@type\":\"EntryPoint\",\"urlTemplate\":\"https:\/\/soclose.mx\/blog\/?s={search_term_string}\"},\"query-input\":{\"@type\":\"PropertyValueSpecification\",\"valueRequired\":true,\"valueName\":\"search_term_string\"}}],\"inLanguage\":\"es\"},{\"@type\":\"Organization\",\"@id\":\"https:\/\/soclose.mx\/blog\/#organization\",\"name\":\"So Close\",\"url\":\"https:\/\/soclose.mx\/blog\/\",\"logo\":{\"@type\":\"ImageObject\",\"inLanguage\":\"es\",\"@id\":\"https:\/\/soclose.mx\/blog\/#\/schema\/logo\/image\/\",\"url\":\"https:\/\/i0.wp.com\/soclose.mx\/blog\/wp-content\/uploads\/2020\/12\/LOGO_SOCLOSE_COLOR-e1608310133507.png?fit=2858%2C1264&ssl=1\",\"contentUrl\":\"https:\/\/i0.wp.com\/soclose.mx\/blog\/wp-content\/uploads\/2020\/12\/LOGO_SOCLOSE_COLOR-e1608310133507.png?fit=2858%2C1264&ssl=1\",\"width\":2858,\"height\":1264,\"caption\":\"So Close\"},\"image\":{\"@id\":\"https:\/\/soclose.mx\/blog\/#\/schema\/logo\/image\/\"}},{\"@type\":\"Person\",\"@id\":\"https:\/\/soclose.mx\/blog\/#\/schema\/person\/013f38b9fec755573ca00569b43d59c3\",\"name\":\"Mar\u00eda Ju\u00e1rez\",\"image\":{\"@type\":\"ImageObject\",\"inLanguage\":\"es\",\"@id\":\"https:\/\/soclose.mx\/blog\/#\/schema\/person\/image\/\",\"url\":\"https:\/\/secure.gravatar.com\/avatar\/19ce6551a47617b76e5f3763cabf94dcfebd10755015b4b44fe85a5f3e62cbc1?s=96&d=mm&r=g\",\"contentUrl\":\"https:\/\/secure.gravatar.com\/avatar\/19ce6551a47617b76e5f3763cabf94dcfebd10755015b4b44fe85a5f3e62cbc1?s=96&d=mm&r=g\",\"caption\":\"Mar\u00eda Ju\u00e1rez\"},\"url\":\"https:\/\/soclose.mx\/blog\/author\/mariajuarez\/\"}]}<\/script>\n<!-- \/ Yoast SEO plugin. -->","yoast_head_json":{"title":"Albur: Nombres y apellidos que suenan as\u00ed \u00bfEstar\u00e1 el tuyo? -","description":"El ingenio mexicano es tal que incluso en los nombres y apellidos se encuentra un albur, lo cual puede causar incomodidad, si te das cuenta.","robots":{"index":"index","follow":"follow","max-snippet":"max-snippet:-1","max-image-preview":"max-image-preview:large","max-video-preview":"max-video-preview:-1"},"canonical":"https:\/\/soclose.mx\/blog\/tag\/juan-rulfo-frases-mujeres\/","og_locale":"es_MX","og_type":"article","og_title":"Albur: Nombres y apellidos que suenan as\u00ed \u00bfEstar\u00e1 el tuyo? -","og_description":"El ingenio mexicano es tal que incluso en los nombres y apellidos se encuentra un albur, lo cual puede causar incomodidad, si te das cuenta.","og_url":"https:\/\/soclose.mx\/blog\/tag\/juan-rulfo-frases-mujeres\/","og_site_name":"So Close","article_published_time":"2024-05-08T16:10:43+00:00","article_modified_time":"2024-05-08T17:54:57+00:00","og_image":[{"width":1280,"height":848,"url":"https:\/\/i0.wp.com\/soclose.mx\/blog\/wp-content\/uploads\/2023\/04\/Nombres-albureros.jpg?fit=1280%2C848&ssl=1","type":"image\/jpeg"}],"author":"Mar\u00eda Ju\u00e1rez","twitter_card":"summary_large_image","twitter_misc":{"Escrito por":"Mar\u00eda Ju\u00e1rez","Tiempo de lectura":"6 minutos"},"schema":{"@context":"https:\/\/schema.org","@graph":[{"@type":"Article","@id":"https:\/\/soclose.mx\/blog\/tag\/juan-rulfo-frases-mujeres\/#article","isPartOf":{"@id":"https:\/\/soclose.mx\/blog\/tag\/juan-rulfo-frases-mujeres\/"},"author":{"name":"Mar\u00eda Ju\u00e1rez","@id":"https:\/\/soclose.mx\/blog\/#\/schema\/person\/013f38b9fec755573ca00569b43d59c3"},"headline":"Albur: Nombres y apellidos que suenan as\u00ed \u00bfEstar\u00e1 el tuyo?","datePublished":"2024-05-08T16:10:43+00:00","dateModified":"2024-05-08T17:54:57+00:00","mainEntityOfPage":{"@id":"https:\/\/soclose.mx\/blog\/tag\/juan-rulfo-frases-mujeres\/"},"wordCount":955,"commentCount":0,"publisher":{"@id":"https:\/\/soclose.mx\/blog\/#organization"},"image":{"@id":"https:\/\/soclose.mx\/blog\/tag\/juan-rulfo-frases-mujeres\/#primaryimage"},"thumbnailUrl":"https:\/\/i0.wp.com\/soclose.mx\/blog\/wp-content\/uploads\/2023\/04\/Nombres-albureros.jpg?fit=1280%2C848&ssl=1","keywords":["albur","albures","apellidos","M\u00e9cxico","nombres","nombres albureros","nombres chistosos","ofensas"],"articleSection":["A la mexicana"],"inLanguage":"es","potentialAction":[{"@type":"CommentAction","name":"Comment","target":["https:\/\/soclose.mx\/blog\/tag\/juan-rulfo-frases-mujeres\/#respond"]}]},{"@type":"WebPage","@id":"https:\/\/soclose.mx\/blog\/tag\/juan-rulfo-frases-mujeres\/","url":"https:\/\/soclose.mx\/blog\/tag\/juan-rulfo-frases-mujeres\/","name":"Albur: Nombres y apellidos que suenan as\u00ed \u00bfEstar\u00e1 el tuyo? -","isPartOf":{"@id":"https:\/\/soclose.mx\/blog\/#website"},"primaryImageOfPage":{"@id":"https:\/\/soclose.mx\/blog\/tag\/juan-rulfo-frases-mujeres\/#primaryimage"},"image":{"@id":"https:\/\/soclose.mx\/blog\/tag\/juan-rulfo-frases-mujeres\/#primaryimage"},"thumbnailUrl":"https:\/\/i0.wp.com\/soclose.mx\/blog\/wp-content\/uploads\/2023\/04\/Nombres-albureros.jpg?fit=1280%2C848&ssl=1","datePublished":"2024-05-08T16:10:43+00:00","dateModified":"2024-05-08T17:54:57+00:00","description":"El ingenio mexicano es tal que incluso en los nombres y apellidos se encuentra un albur, lo cual puede causar incomodidad, si te das cuenta.","breadcrumb":{"@id":"https:\/\/soclose.mx\/blog\/tag\/juan-rulfo-frases-mujeres\/#breadcrumb"},"inLanguage":"es","potentialAction":[{"@type":"ReadAction","target":["https:\/\/soclose.mx\/blog\/tag\/juan-rulfo-frases-mujeres\/"]}]},{"@type":"ImageObject","inLanguage":"es","@id":"https:\/\/soclose.mx\/blog\/tag\/juan-rulfo-frases-mujeres\/#primaryimage","url":"https:\/\/i0.wp.com\/soclose.mx\/blog\/wp-content\/uploads\/2023\/04\/Nombres-albureros.jpg?fit=1280%2C848&ssl=1","contentUrl":"https:\/\/i0.wp.com\/soclose.mx\/blog\/wp-content\/uploads\/2023\/04\/Nombres-albureros.jpg?fit=1280%2C848&ssl=1","width":1280,"height":848},{"@type":"BreadcrumbList","@id":"https:\/\/soclose.mx\/blog\/tag\/juan-rulfo-frases-mujeres\/#breadcrumb","itemListElement":[{"@type":"ListItem","position":1,"name":"Inicio","item":"https:\/\/soclose.mx\/blog\/"},{"@type":"ListItem","position":2,"name":"Albur: Nombres y apellidos que suenan as\u00ed \u00bfEstar\u00e1 el tuyo?"}]},{"@type":"WebSite","@id":"https:\/\/soclose.mx\/blog\/#website","url":"https:\/\/soclose.mx\/blog\/","name":"So Close","description":"Hacemos contenidos de M\u00e9xico","publisher":{"@id":"https:\/\/soclose.mx\/blog\/#organization"},"potentialAction":[{"@type":"SearchAction","target":{"@type":"EntryPoint","urlTemplate":"https:\/\/soclose.mx\/blog\/?s={search_term_string}"},"query-input":{"@type":"PropertyValueSpecification","valueRequired":true,"valueName":"search_term_string"}}],"inLanguage":"es"},{"@type":"Organization","@id":"https:\/\/soclose.mx\/blog\/#organization","name":"So Close","url":"https:\/\/soclose.mx\/blog\/","logo":{"@type":"ImageObject","inLanguage":"es","@id":"https:\/\/soclose.mx\/blog\/#\/schema\/logo\/image\/","url":"https:\/\/i0.wp.com\/soclose.mx\/blog\/wp-content\/uploads\/2020\/12\/LOGO_SOCLOSE_COLOR-e1608310133507.png?fit=2858%2C1264&ssl=1","contentUrl":"https:\/\/i0.wp.com\/soclose.mx\/blog\/wp-content\/uploads\/2020\/12\/LOGO_SOCLOSE_COLOR-e1608310133507.png?fit=2858%2C1264&ssl=1","width":2858,"height":1264,"caption":"So Close"},"image":{"@id":"https:\/\/soclose.mx\/blog\/#\/schema\/logo\/image\/"}},{"@type":"Person","@id":"https:\/\/soclose.mx\/blog\/#\/schema\/person\/013f38b9fec755573ca00569b43d59c3","name":"Mar\u00eda Ju\u00e1rez","image":{"@type":"ImageObject","inLanguage":"es","@id":"https:\/\/soclose.mx\/blog\/#\/schema\/person\/image\/","url":"https:\/\/secure.gravatar.com\/avatar\/19ce6551a47617b76e5f3763cabf94dcfebd10755015b4b44fe85a5f3e62cbc1?s=96&d=mm&r=g","contentUrl":"https:\/\/secure.gravatar.com\/avatar\/19ce6551a47617b76e5f3763cabf94dcfebd10755015b4b44fe85a5f3e62cbc1?s=96&d=mm&r=g","caption":"Mar\u00eda Ju\u00e1rez"},"url":"https:\/\/soclose.mx\/blog\/author\/mariajuarez\/"}]}},"jetpack_featured_media_url":"https:\/\/i0.wp.com\/soclose.mx\/blog\/wp-content\/uploads\/2023\/04\/Nombres-albureros.jpg?fit=1280%2C848&ssl=1","jetpack-related-posts":[{"id":11001,"url":"https:\/\/soclose.mx\/blog\/ay-goeeee\/ya-valieron-los-10-nombres-destinados-al-albur\/","url_meta":{"origin":11473,"position":0},"title":"\u00a1Ya valieron! Los 10 nombres destinados al albur","author":"Daniel Ram\u00edrez","date":"20 agosto, 2022","format":false,"excerpt":"El albur y los nombres, una relaci\u00f3n tan cercana como tr\u00e1gica. Si tuviste la suerte de que tus padres que pusieran un nombre com\u00fan, ya la hiciste; si no, sufrir\u00e1s toda la vida. Carlos, Luis, Gerardo, por ejemplo, no tienen de qu\u00e9 preocuparse; en cambio Rosa, D\u00e9borah, Benito e incluso\u2026","rel":"","context":"En &quot;\u00a1Ay goeeee!&quot;","block_context":{"text":"\u00a1Ay goeeee!","link":"https:\/\/soclose.mx\/blog\/category\/ay-goeeee\/"},"img":{"alt_text":"","src":"https:\/\/i0.wp.com\/soclose.mx\/blog\/wp-content\/uploads\/2022\/08\/Captura-de-Pantalla-2022-08-20-a-las-15.11.01.png?fit=1200%2C697&ssl=1&resize=350%2C200","width":350,"height":200,"srcset":"https:\/\/i0.wp.com\/soclose.mx\/blog\/wp-content\/uploads\/2022\/08\/Captura-de-Pantalla-2022-08-20-a-las-15.11.01.png?fit=1200%2C697&ssl=1&resize=350%2C200 1x, https:\/\/i0.wp.com\/soclose.mx\/blog\/wp-content\/uploads\/2022\/08\/Captura-de-Pantalla-2022-08-20-a-las-15.11.01.png?fit=1200%2C697&ssl=1&resize=525%2C300 1.5x, https:\/\/i0.wp.com\/soclose.mx\/blog\/wp-content\/uploads\/2022\/08\/Captura-de-Pantalla-2022-08-20-a-las-15.11.01.png?fit=1200%2C697&ssl=1&resize=700%2C400 2x, https:\/\/i0.wp.com\/soclose.mx\/blog\/wp-content\/uploads\/2022\/08\/Captura-de-Pantalla-2022-08-20-a-las-15.11.01.png?fit=1200%2C697&ssl=1&resize=1050%2C600 3x"},"classes":[]},{"id":14024,"url":"https:\/\/soclose.mx\/blog\/albures\/los-mejores-lugares-para-escuchar-albures-en-mexico\/","url_meta":{"origin":11473,"position":1},"title":"Los Mejores Lugares para Escuchar Albures en M\u00e9xico","author":"So Close","date":"19 septiembre, 2024","format":false,"excerpt":"M\u00e9xico es famoso por su rica cultura y tradiciones, y una de las m\u00e1s particulares es el arte del albur. Este juego de palabras con doble sentido ha sido parte de la identidad nacional durante siglos, y existen ciertos lugares para escuchar albures en M\u00e9xico donde esta pr\u00e1ctica se ha\u2026","rel":"","context":"En &quot;A la mexicana&quot;","block_context":{"text":"A la mexicana","link":"https:\/\/soclose.mx\/blog\/category\/a-la-mexicana\/"},"img":{"alt_text":"tepito-barrio-bravo-ciudad-de-mexico","src":"https:\/\/i0.wp.com\/soclose.mx\/blog\/wp-content\/uploads\/2024\/09\/tepito-mexico-df.jpg?fit=1200%2C799&ssl=1&resize=350%2C200","width":350,"height":200,"srcset":"https:\/\/i0.wp.com\/soclose.mx\/blog\/wp-content\/uploads\/2024\/09\/tepito-mexico-df.jpg?fit=1200%2C799&ssl=1&resize=350%2C200 1x, https:\/\/i0.wp.com\/soclose.mx\/blog\/wp-content\/uploads\/2024\/09\/tepito-mexico-df.jpg?fit=1200%2C799&ssl=1&resize=525%2C300 1.5x, https:\/\/i0.wp.com\/soclose.mx\/blog\/wp-content\/uploads\/2024\/09\/tepito-mexico-df.jpg?fit=1200%2C799&ssl=1&resize=700%2C400 2x, https:\/\/i0.wp.com\/soclose.mx\/blog\/wp-content\/uploads\/2024\/09\/tepito-mexico-df.jpg?fit=1200%2C799&ssl=1&resize=1050%2C600 3x"},"classes":[]},{"id":10877,"url":"https:\/\/soclose.mx\/blog\/ay-goeeee\/sabes-donde-nacio-el-albur-ahi-te-va\/","url_meta":{"origin":11473,"position":2},"title":"\u00bfSabes d\u00f3nde naci\u00f3 el albur? \u00a1Ah\u00ed te va!","author":"Daniel Ram\u00edrez","date":"10 agosto, 2022","format":false,"excerpt":"\u00bfA qui\u00e9n tenemos que agradecerle haber creado el albur, ese lenguaje que sirve para hacer amistades, fortalecerlas y tirarles un poco de carrilla? Alguna vez te has preguntado cu\u00e1l es su origen. Esta comunicaci\u00f3n con doble sentido y picard\u00eda tiene tres posibles or\u00edgenes y claro, cada sitio defiende haber sido\u2026","rel":"","context":"En &quot;\u00a1Ay goeeee!&quot;","block_context":{"text":"\u00a1Ay goeeee!","link":"https:\/\/soclose.mx\/blog\/category\/ay-goeeee\/"},"img":{"alt_text":"","src":"https:\/\/i0.wp.com\/soclose.mx\/blog\/wp-content\/uploads\/2022\/08\/deon-black-kAhHNLx_-_w-unsplash-scaled.jpg?fit=1200%2C800&ssl=1&resize=350%2C200","width":350,"height":200,"srcset":"https:\/\/i0.wp.com\/soclose.mx\/blog\/wp-content\/uploads\/2022\/08\/deon-black-kAhHNLx_-_w-unsplash-scaled.jpg?fit=1200%2C800&ssl=1&resize=350%2C200 1x, https:\/\/i0.wp.com\/soclose.mx\/blog\/wp-content\/uploads\/2022\/08\/deon-black-kAhHNLx_-_w-unsplash-scaled.jpg?fit=1200%2C800&ssl=1&resize=525%2C300 1.5x, https:\/\/i0.wp.com\/soclose.mx\/blog\/wp-content\/uploads\/2022\/08\/deon-black-kAhHNLx_-_w-unsplash-scaled.jpg?fit=1200%2C800&ssl=1&resize=700%2C400 2x, https:\/\/i0.wp.com\/soclose.mx\/blog\/wp-content\/uploads\/2022\/08\/deon-black-kAhHNLx_-_w-unsplash-scaled.jpg?fit=1200%2C800&ssl=1&resize=1050%2C600 3x"},"classes":[]},{"id":10201,"url":"https:\/\/soclose.mx\/blog\/a-la-mexicana\/esta-es-la-esquina-del-albur-en-la-cdmx-atraviesas\/","url_meta":{"origin":11473,"position":3},"title":"Esta es la esquina del albur en la CDMX, \u00bfatraviesas?","author":"Daniel Ram\u00edrez","date":"11 junio, 2022","format":false,"excerpt":"Para muchas personas entender el albur es complicado, si no tienes rapidez mental y coherencia al hablar, te puedes meter en cada aprieto, que bueno\u2026 Incluso, los chiquitos cada vez se vuelven m\u00e1s habilidosos para esta pr\u00e1ctica. \u00a1Ah, traviesos ni\u00f1os! Para que te vayas adentrando en este mundo del doble\u2026","rel":"","context":"En &quot;A la mexicana&quot;","block_context":{"text":"A la mexicana","link":"https:\/\/soclose.mx\/blog\/category\/a-la-mexicana\/"},"img":{"alt_text":"","src":"https:\/\/i0.wp.com\/soclose.mx\/blog\/wp-content\/uploads\/2022\/06\/WhatsApp-Image-2022-06-11-at-2.06.06-PM.jpeg?fit=1200%2C641&ssl=1&resize=350%2C200","width":350,"height":200,"srcset":"https:\/\/i0.wp.com\/soclose.mx\/blog\/wp-content\/uploads\/2022\/06\/WhatsApp-Image-2022-06-11-at-2.06.06-PM.jpeg?fit=1200%2C641&ssl=1&resize=350%2C200 1x, https:\/\/i0.wp.com\/soclose.mx\/blog\/wp-content\/uploads\/2022\/06\/WhatsApp-Image-2022-06-11-at-2.06.06-PM.jpeg?fit=1200%2C641&ssl=1&resize=525%2C300 1.5x, https:\/\/i0.wp.com\/soclose.mx\/blog\/wp-content\/uploads\/2022\/06\/WhatsApp-Image-2022-06-11-at-2.06.06-PM.jpeg?fit=1200%2C641&ssl=1&resize=700%2C400 2x, https:\/\/i0.wp.com\/soclose.mx\/blog\/wp-content\/uploads\/2022\/06\/WhatsApp-Image-2022-06-11-at-2.06.06-PM.jpeg?fit=1200%2C641&ssl=1&resize=1050%2C600 3x"},"classes":[]},{"id":11468,"url":"https:\/\/soclose.mx\/blog\/a-la-mexicana\/dia-albur-mexico-cuando-celebra\/","url_meta":{"origin":11473,"position":4},"title":"D\u00eda del albur en M\u00e9xico; te decimos cu\u00e1ndo se celebra","author":"Mar\u00eda Ju\u00e1rez","date":"13 abril, 2023","format":false,"excerpt":"En M\u00e9xico se celebra el D\u00eda del Albur, una de las tradiciones ling\u00fc\u00edsticas y de ingenio mental con m\u00e1s arraigo entre los mexicanos. \u00bfSabes cu\u00e1ndo se celebra? Aqu\u00ed te decimos todo sobre ese d\u00eda para que no te agarren de bajada. Como seguro ya lo sabes, el albur mexicano es\u2026","rel":"","context":"En &quot;A la mexicana&quot;","block_context":{"text":"A la mexicana","link":"https:\/\/soclose.mx\/blog\/category\/a-la-mexicana\/"},"img":{"alt_text":"D\u00eda del albur M\u00e9xico","src":"https:\/\/i0.wp.com\/soclose.mx\/blog\/wp-content\/uploads\/2023\/04\/Dia-del-albur-Mexico-Cuando-se-celebra.jpg?fit=1200%2C760&ssl=1&resize=350%2C200","width":350,"height":200,"srcset":"https:\/\/i0.wp.com\/soclose.mx\/blog\/wp-content\/uploads\/2023\/04\/Dia-del-albur-Mexico-Cuando-se-celebra.jpg?fit=1200%2C760&ssl=1&resize=350%2C200 1x, https:\/\/i0.wp.com\/soclose.mx\/blog\/wp-content\/uploads\/2023\/04\/Dia-del-albur-Mexico-Cuando-se-celebra.jpg?fit=1200%2C760&ssl=1&resize=525%2C300 1.5x, https:\/\/i0.wp.com\/soclose.mx\/blog\/wp-content\/uploads\/2023\/04\/Dia-del-albur-Mexico-Cuando-se-celebra.jpg?fit=1200%2C760&ssl=1&resize=700%2C400 2x, https:\/\/i0.wp.com\/soclose.mx\/blog\/wp-content\/uploads\/2023\/04\/Dia-del-albur-Mexico-Cuando-se-celebra.jpg?fit=1200%2C760&ssl=1&resize=1050%2C600 3x"},"classes":[]},{"id":13848,"url":"https:\/\/soclose.mx\/blog\/albures\/alburometro-cuanto-sabes-de-albures-mexicanos\/","url_meta":{"origin":11473,"position":5},"title":"Albur\u00f3metro: \u00bfCu\u00e1nto sabes de albures mexicanos?","author":"So Close","date":"4 octubre, 2024","format":false,"excerpt":"El albur es una forma de expresi\u00f3n popular en M\u00e9xico, caracterizada por su doble sentido y su ingeniosa utilizaci\u00f3n del lenguaje. El arte de los albures mexicanos requiere creatividad, rapidez mental y un profundo conocimiento del vocabulario coloquial. En este art\u00edculo, te invitamos a poner a prueba tus conocimientos sobre\u2026","rel":"","context":"En &quot;A la mexicana&quot;","block_context":{"text":"A la mexicana","link":"https:\/\/soclose.mx\/blog\/category\/a-la-mexicana\/"},"img":{"alt_text":"Albures mexicanos","src":"https:\/\/i0.wp.com\/soclose.mx\/blog\/wp-content\/uploads\/2024\/07\/albures-mexicanos-soclose.jpg?fit=1200%2C806&ssl=1&resize=350%2C200","width":350,"height":200,"srcset":"https:\/\/i0.wp.com\/soclose.mx\/blog\/wp-content\/uploads\/2024\/07\/albures-mexicanos-soclose.jpg?fit=1200%2C806&ssl=1&resize=350%2C200 1x, https:\/\/i0.wp.com\/soclose.mx\/blog\/wp-content\/uploads\/2024\/07\/albures-mexicanos-soclose.jpg?fit=1200%2C806&ssl=1&resize=525%2C300 1.5x, https:\/\/i0.wp.com\/soclose.mx\/blog\/wp-content\/uploads\/2024\/07\/albures-mexicanos-soclose.jpg?fit=1200%2C806&ssl=1&resize=700%2C400 2x, https:\/\/i0.wp.com\/soclose.mx\/blog\/wp-content\/uploads\/2024\/07\/albures-mexicanos-soclose.jpg?fit=1200%2C806&ssl=1&resize=1050%2C600 3x"},"classes":[]}],"jetpack_sharing_enabled":true,"_links":{"self":[{"href":"https:\/\/soclose.mx\/blog\/wp-json\/wp\/v2\/posts\/11473","targetHints":{"allow":["GET"]}}],"collection":[{"href":"https:\/\/soclose.mx\/blog\/wp-json\/wp\/v2\/posts"}],"about":[{"href":"https:\/\/soclose.mx\/blog\/wp-json\/wp\/v2\/types\/post"}],"author":[{"embeddable":true,"href":"https:\/\/soclose.mx\/blog\/wp-json\/wp\/v2\/users\/10"}],"replies":[{"embeddable":true,"href":"https:\/\/soclose.mx\/blog\/wp-json\/wp\/v2\/comments?post=11473"}],"version-history":[{"count":5,"href":"https:\/\/soclose.mx\/blog\/wp-json\/wp\/v2\/posts\/11473\/revisions"}],"predecessor-version":[{"id":13160,"href":"https:\/\/soclose.mx\/blog\/wp-json\/wp\/v2\/posts\/11473\/revisions\/13160"}],"wp:featuredmedia":[{"embeddable":true,"href":"https:\/\/soclose.mx\/blog\/wp-json\/wp\/v2\/media\/11474"}],"wp:attachment":[{"href":"https:\/\/soclose.mx\/blog\/wp-json\/wp\/v2\/media?parent=11473"}],"wp:term":[{"taxonomy":"category","embeddable":true,"href":"https:\/\/soclose.mx\/blog\/wp-json\/wp\/v2\/categories?post=11473"},{"taxonomy":"post_tag","embeddable":true,"href":"https:\/\/soclose.mx\/blog\/wp-json\/wp\/v2\/tags?post=11473"}],"curies":[{"name":"wp","href":"https:\/\/api.w.org\/{rel}","templated":true}]}}