{"id":11590,"date":"2023-04-28T20:59:07","date_gmt":"2023-04-29T02:59:07","guid":{"rendered":"https:\/\/soclose.mx\/blog\/?p=11590"},"modified":"2023-04-28T20:59:18","modified_gmt":"2023-04-29T02:59:18","slug":"tepito-por-que-barrio-bravo-historia","status":"publish","type":"post","link":"https:\/\/soclose.mx\/blog\/a-la-mexicana\/tepito-por-que-barrio-bravo-historia\/","title":{"rendered":"Tepito: \u00bfPor qu\u00e9 es el &#8220;Barrio Bravo&#8221; y cu\u00e1l es su historia?"},"content":{"rendered":"<p>Entre el Eje 1, el Eje 2, Paseo de la Reforma y la Avenida del Trabajo, est\u00e1 un lugar mundialmente conocido; se trata del <strong>Barrio Bravo<\/strong> de <strong>Tepito<\/strong>, enclavado en la zona Centro de la Ciudad de M\u00e9xico y con una controvertida fama que atrae a propios y extra\u00f1os. Te contamos un poco de su<strong> historia.<\/strong><\/p>\n<p>Calles, avenidas y callejones de <strong>Tepito<\/strong> forman parte de La Lagunilla, un enorme zona comercial de la colonia Morelos, en la que se cuentan todo tipo de historias que atraen al turismo nacional.<\/p>\n<p>Cerca del Barrio Bravo est\u00e1n tambi\u00e9n Garibaldi, la colonia Guerrero y muy cerca la Plaza de las Tres Culturas de Tlatelolco.<\/p>\n<h2>Origen de Tepito, el Barrio Bravo de la CDMX<\/h2>\n<p>De acuerdo con diversas publicaciones en las que hacen alusi\u00f3n a Salvador Novo, el nombre del <a href=\"https:\/\/emprendedor.com\/tepito-cambia-nombre-reforma-norte-barrio-bravo-subir-renta-casas-departamentos-gentrificacion\/\" target=\"_blank\" rel=\"noreferrer noopener\">Barrio Bravo<\/a> tiene origen del n\u00e1huatl.<\/p>\n<p>Historiadores indican que el nombre se deriva del teocal-tepiton\u00a0que significa \u201cpeque\u00f1o templo\u201d.<\/p>\n<p>En la \u00e9poca prehisp\u00e1nica, <strong>Tepito<\/strong> fue frontera entre la ciudad de M\u00e9xico-Tenochtitl\u00e1n y M\u00e9xico-Tlatelolco y en la guerra de Colonia fue uno de los \u00faltimos puntos de resistencia tanto de mexicas como de tlatelolcas.<\/p>\n<p>Tras la derrota, Hern\u00e1n Cort\u00e9s, el lugar fue relegado hasta los m\u00e1rgenes de la nueva Ciudad de M\u00e9xico.<\/p>\n<p>En la Colonia, San Francisco Teocaltepiton fue un barrio controlado por ind\u00edgenas tlatelolcas y junto con Tequipeuhcan y Santa Ana Atenantitech, lo que hoy es Peralvillo fue una de las regiones m\u00e1s marginales de la CDMX.<\/p>\n<p>Seg\u00fan las cr\u00f3nicas, el nombre se fue haciendo corto hasta quedar en <strong>Tepito<\/strong>.<\/p>\n<p>Su estatus jur\u00eddico era el de &#8220;rep\u00fablica de indios&#8221;, lo que les permit\u00eda tener cierta autonom\u00eda y respeto a sus usos y costumbres.<\/p>\n<p>Antonio de Ulloa, uno de sus cronistas escribi\u00f3 en 1777:<\/p>\n<p><span style=\"color: #888888; font-size: 16px; font-style: italic;\">\u201cEn Tepito, los indios se suced\u00edan sin orden formando intrincados laberintos, y el paisaje corriente era de atraso, olvido y suciedad.\u201d<\/span><\/p>\n<p><img data-recalc-dims=\"1\" fetchpriority=\"high\" decoding=\"async\" class=\"aligncenter wp-image-11617 size-full\" src=\"https:\/\/i0.wp.com\/soclose.mx\/blog\/wp-content\/uploads\/2023\/04\/Tepito.jpg?resize=1170%2C881&#038;ssl=1\" alt=\"Tepito\" width=\"1170\" height=\"881\" srcset=\"https:\/\/i0.wp.com\/soclose.mx\/blog\/wp-content\/uploads\/2023\/04\/Tepito.jpg?w=1588&amp;ssl=1 1588w, https:\/\/i0.wp.com\/soclose.mx\/blog\/wp-content\/uploads\/2023\/04\/Tepito.jpg?resize=300%2C226&amp;ssl=1 300w, https:\/\/i0.wp.com\/soclose.mx\/blog\/wp-content\/uploads\/2023\/04\/Tepito.jpg?resize=1024%2C771&amp;ssl=1 1024w, https:\/\/i0.wp.com\/soclose.mx\/blog\/wp-content\/uploads\/2023\/04\/Tepito.jpg?resize=768%2C578&amp;ssl=1 768w, https:\/\/i0.wp.com\/soclose.mx\/blog\/wp-content\/uploads\/2023\/04\/Tepito.jpg?resize=1536%2C1157&amp;ssl=1 1536w, https:\/\/i0.wp.com\/soclose.mx\/blog\/wp-content\/uploads\/2023\/04\/Tepito.jpg?resize=1170%2C881&amp;ssl=1 1170w, https:\/\/i0.wp.com\/soclose.mx\/blog\/wp-content\/uploads\/2023\/04\/Tepito.jpg?resize=585%2C441&amp;ssl=1 585w\" sizes=\"(max-width: 1170px) 100vw, 1170px\" \/><\/p>\n<h2>Otra versi\u00f3n sobre el origen del nombre del Barrio Bravo<\/h2>\n<p>Armando Ram\u00edrez, conocido cronistas de Tepito, dec\u00eda que el nombre se deriva de <a href=\"https:\/\/www.youtube.com\/watch?v=setJyUhGL40\" target=\"_blank\" rel=\"noopener noreferrer\">la expresi\u00f3n \u201cte pito\u201d<\/a> que utilizaban los vigilantes de la zona que hac\u00edan guardia nocturna entre las vecindades de la zona.<\/p>\n<p>Seg\u00fan Ram\u00edrez, antes de entrar al barrio, los vig\u00edas se pon\u00edan de acuerdo para comunicarse en caso de que tuvieran problemas.<\/p>\n<p>Dec\u00edan \u201csi hay problemas te pito\u201d y as\u00ed poco a poco se le qued\u00f3 el nombre del \u201cTe pito\u201d, aunque esta es m\u00e1s una leyenda urbana que un dato hist\u00f3rico.<\/p>\n<p>En el M\u00e9xico Independiente, la regi\u00f3n tuvo un reordenamiento. y con las \u00a0Leyes de Reforma, las propiedades comunales tuvieron que ser vendidas y adquiridas por empresarios.<\/p>\n<p>Por ello y a la escasez de agua, en 1870 se convirti\u00f3 en un lugar abandonado, lo cual atrajo a criminales y prostitutas.<\/p>\n<p>Pero en 1874 el Ayuntamiento de M\u00e9xico autoriz\u00f3 que se abrieran pozos artesianos para que continuara el desarrollo de la ciudad.<\/p>\n<p>El sacerdote Juan Violante compr\u00f3 el rancho de Granaditas y el trazo permiti\u00f3 que en 1884 se fundara la colonia Morelos, cuya poblaci\u00f3n se dedicaba a actividades como alba\u00f1iler\u00eda y carpinter\u00eda.<\/p>\n<h2>Lugar de comercio informal<\/h2>\n<p>En 1880 el comercio informal se hab\u00eda apropiado de las inmediaciones del templo de San Francisco, primera era un centro de reubicaci\u00f3n temporal de vendedores ambulantes del <a href=\"https:\/\/soclose.mx\/blog\/comida-mexicana\/alimentos-afrodisiacos-mexico\/\">Centro Hist\u00f3rico.<\/a><\/p>\n<p>La reubicaci\u00f3n comercial nunca lleg\u00f3 y la zona se empez\u00f3 a caracterizar por el comercio de cosas a precios bajos, en ocasiones producto de la delincuencia.<\/p>\n<p>A inicios del siglo XX la mayor\u00eda de las personas habitaban casas en <strong>Tepito<\/strong>, pero empezaron a copiar el modelo de vecindades del Centro Hist\u00f3rico.<\/p>\n<p>El barrio de Tepito ya ten\u00eda agua entubada y se instalaron lavaderos comunales, que se transformaron en centros de convivencia y conversaci\u00f3n.<\/p>\n<p>Durante la Guerra Cristera, cientos de zapateros provenientes del Baj\u00edo llegaron al barrio y Tepito se dedic\u00f3 casi exclusivamente a la venta de calzado.<\/p>\n<h2>Tepito, barrio de tradici\u00f3n y fortaleza<\/h2>\n<p>En 1950 <strong>Tepito<\/strong> se consolid\u00f3 como centro de comercio informal, a pesar de que el gobierno busc\u00f3 transformar las vecindades en edificios de departamentos\u00a0 y acabar con el ambulantaje, no se pudo.<\/p>\n<p>Su tradici\u00f3n ind\u00edgena, obrera y marginal, fortaleci\u00f3 el car\u00e1cter de sus habitantes, los tianguis y vendedores ambulantes aumentaron.<\/p>\n<p>Con la globalizaci\u00f3n, en Tepito se dejaron de dedicar exclusivamente al calzado y ampliaron su oferta comercial.<strong>\u00a0<\/strong><\/p>\n<p>Los tianguis pasaron a ser lugares de venta de fayuca, electrodom\u00e9sticos tra\u00eddos a M\u00e9xico de contrabando y cuyo costo era notablemente m\u00e1s bajo-<\/p>\n<p>Sus vecindades se transformaron en grandes bodegas y a fines de los a\u00f1os 70, el gobierno de la ciudad nuevamente intent\u00f3 desalojar el barrio.<\/p>\n<p>Con el terremoto de 1985 creci\u00f3 el abandono de inmuebles, que fueron ocupados para actividades il\u00edcitas y el lugar volvi\u00f3 a reactivarse.<\/p>\n<p><strong>Tepito<\/strong> se transform\u00f3 en un lugar de venta y distribuci\u00f3n de drogas, as\u00ed como de venta de pirater\u00eda.<\/p>\n<p>Los tepite\u00f1os comercian con casi cualquier cosa y es centro de abasto de miles de locales de casi toda la CDMX y los municipios aleda\u00f1os del Estado de M\u00e9xico.<\/p>\n<p>Pese a ello, en el epicentro del Barrio Bravo hay reglas y la principal es: &#8220;El barrio no roba al barrio; perro no come perro\u201d.<\/p>\n<p><img data-recalc-dims=\"1\" decoding=\"async\" class=\"aligncenter wp-image-11620 size-full\" src=\"https:\/\/i0.wp.com\/soclose.mx\/blog\/wp-content\/uploads\/2023\/04\/Galeria-Tepito.jpg?resize=761%2C470&#038;ssl=1\" alt=\"Galeria Tepito\" width=\"761\" height=\"470\" srcset=\"https:\/\/i0.wp.com\/soclose.mx\/blog\/wp-content\/uploads\/2023\/04\/Galeria-Tepito.jpg?w=761&amp;ssl=1 761w, https:\/\/i0.wp.com\/soclose.mx\/blog\/wp-content\/uploads\/2023\/04\/Galeria-Tepito.jpg?resize=300%2C185&amp;ssl=1 300w, https:\/\/i0.wp.com\/soclose.mx\/blog\/wp-content\/uploads\/2023\/04\/Galeria-Tepito.jpg?resize=585%2C361&amp;ssl=1 585w\" sizes=\"(max-width: 761px) 100vw, 761px\" \/><\/p>\n<h2>Parte de la identidad de la CDMX<\/h2>\n<p><strong>Tepito<\/strong> es una referencia de identidad popular, no solo se ha traficado con productos, tambi\u00e9n han salido de ah\u00ed diversas tradiciones: los sonideros, las vecindades y la Santa Muerte, muralistas, la comida.<\/p>\n<p>De ese barrio han salido figuras ic\u00f3nicas como El Santo y Paquita la del Barrio, otro de los m\u00e1s conocidos es Ra\u00fal \u2018Rat\u00f3n\u2019 Mac\u00edas y otro de los representantes de Tepito es el futbolista <b>Cuauht\u00e9moc Blanco.<\/b><\/p>\n<p>En <strong>Tepito<\/strong> se pueden encontrar todos los platillos tradicionales de la gastronom\u00eda mexicana, desde tacos, tortas, garnachas y postres.<\/p>\n<p>Estos lugares se ubican en los mercados del Barrio Bravo,<a href=\"https:\/\/soclose.mx\/blog\/a-la-mexicana\/cine-de-ficheras-peliculas-de-que-trata\/\"> La Lagunilla,<\/a> en general los de la colonia Morelos.<\/p>\n<h2>Atractivos de Tepito<\/h2>\n<p>Si te decides a visitar este barrio, podr\u00e1s disfrutar de diversos atractivos cerca de la zona:<\/p>\n<ul>\n<li>Mercado de La Lagunilla, puedes encontrar de todo (ropa, libros, juguetes, zapatos y m\u00e1s).<\/li>\n<li>Mercado de Granaditas, conocido por ser la zapater\u00eda m\u00e1s grande del mundo.<\/li>\n<li>El Altar de la Santa Muerte en Alfarer\u00eda 12.<\/li>\n<li>La vecindad donde muri\u00f3 Guadalupe Posada en Jes\u00fas Carranza 6.<\/li>\n<li>La Galer\u00eda Jos\u00e9 Mar\u00eda Velasco en Peralvillo 55.<\/li>\n<li>El Centro Cultural Tepito-Lagunilla.<\/li>\n<li>Puestos de micheladas en presentaciones como las &#8220;Licuachelas&#8221;.<\/li>\n<\/ul>\n<p><img data-recalc-dims=\"1\" decoding=\"async\" class=\"aligncenter wp-image-11622 size-full\" src=\"https:\/\/i0.wp.com\/soclose.mx\/blog\/wp-content\/uploads\/2023\/04\/Comercio-Barrio.jpg?resize=1170%2C729&#038;ssl=1\" alt=\"Comercio\" width=\"1170\" height=\"729\" srcset=\"https:\/\/i0.wp.com\/soclose.mx\/blog\/wp-content\/uploads\/2023\/04\/Comercio-Barrio.jpg?w=1280&amp;ssl=1 1280w, https:\/\/i0.wp.com\/soclose.mx\/blog\/wp-content\/uploads\/2023\/04\/Comercio-Barrio.jpg?resize=300%2C187&amp;ssl=1 300w, https:\/\/i0.wp.com\/soclose.mx\/blog\/wp-content\/uploads\/2023\/04\/Comercio-Barrio.jpg?resize=1024%2C638&amp;ssl=1 1024w, https:\/\/i0.wp.com\/soclose.mx\/blog\/wp-content\/uploads\/2023\/04\/Comercio-Barrio.jpg?resize=768%2C479&amp;ssl=1 768w, https:\/\/i0.wp.com\/soclose.mx\/blog\/wp-content\/uploads\/2023\/04\/Comercio-Barrio.jpg?resize=1170%2C729&amp;ssl=1 1170w, https:\/\/i0.wp.com\/soclose.mx\/blog\/wp-content\/uploads\/2023\/04\/Comercio-Barrio.jpg?resize=585%2C365&amp;ssl=1 585w\" sizes=\"(max-width: 1170px) 100vw, 1170px\" \/><\/p>\n","protected":false},"excerpt":{"rendered":"<p>Entre el Eje 1, el Eje 2, Paseo de la Reforma y la Avenida del Trabajo, est\u00e1 un lugar mundialmente conocido; se trata del Barrio Bravo de Tepito, enclavado en la zona Centro de la Ciudad de M\u00e9xico y con una controvertida fama que atrae a propios y extra\u00f1os. Te contamos un poco de su historia. Calles, avenidas y callejones de Tepito forman parte de La Lagunilla, un enorme zona comercial de la colonia Morelos, en la que se cuentan todo tipo de historias que atraen al turismo nacional. Cerca del Barrio Bravo est\u00e1n tambi\u00e9n Garibaldi, la colonia Guerrero y<\/p>\n","protected":false},"author":10,"featured_media":11618,"comment_status":"open","ping_status":"open","sticky":false,"template":"","format":"standard","meta":{"_jetpack_memberships_contains_paid_content":false,"footnotes":""},"categories":[1,1778,3],"tags":[3063,218,3016],"class_list":["post-11590","post","type-post","status-publish","format-standard","has-post-thumbnail","hentry","category-ay-goeeee","category-a-la-mexicana","category-lugares","tag-barrio-bravo","tag-cdmx","tag-tepito"],"yoast_head":"<!-- This site is optimized with the Yoast SEO plugin v26.7 - https:\/\/yoast.com\/wordpress\/plugins\/seo\/ -->\n<title>Tepito: \u00bfPor qu\u00e9 es el &quot;Barrio Bravo&quot; y cu\u00e1l es su historia? -<\/title>\n<meta name=\"description\" content=\"Ubicado en la Colonia Morelos, en el centro de la CDMX, el barrio de Tepito est\u00e1 lleno de historias y an\u00e9cdotas.\" \/>\n<meta name=\"robots\" content=\"index, follow, max-snippet:-1, max-image-preview:large, max-video-preview:-1\" \/>\n<link rel=\"canonical\" href=\"https:\/\/soclose.mx\/blog\/tag\/juan-rulfo-frases-mujeres\/\" \/>\n<meta property=\"og:locale\" content=\"es_MX\" \/>\n<meta property=\"og:type\" content=\"article\" \/>\n<meta property=\"og:title\" content=\"Tepito: \u00bfPor qu\u00e9 es el &quot;Barrio Bravo&quot; y cu\u00e1l es su historia? -\" \/>\n<meta property=\"og:description\" content=\"Ubicado en la Colonia Morelos, en el centro de la CDMX, el barrio de Tepito est\u00e1 lleno de historias y an\u00e9cdotas.\" \/>\n<meta property=\"og:url\" content=\"https:\/\/soclose.mx\/blog\/tag\/juan-rulfo-frases-mujeres\/\" \/>\n<meta property=\"og:site_name\" content=\"So Close\" \/>\n<meta property=\"article:published_time\" content=\"2023-04-29T02:59:07+00:00\" \/>\n<meta property=\"article:modified_time\" content=\"2023-04-29T02:59:18+00:00\" \/>\n<meta property=\"og:image\" content=\"https:\/\/i0.wp.com\/soclose.mx\/blog\/wp-content\/uploads\/2023\/04\/Tepito-Barrio-Bravo.jpg?fit=1280%2C850&ssl=1\" \/>\n\t<meta property=\"og:image:width\" content=\"1280\" \/>\n\t<meta property=\"og:image:height\" content=\"850\" \/>\n\t<meta property=\"og:image:type\" content=\"image\/jpeg\" \/>\n<meta name=\"author\" content=\"Mar\u00eda Ju\u00e1rez\" \/>\n<meta name=\"twitter:card\" content=\"summary_large_image\" \/>\n<meta name=\"twitter:label1\" content=\"Escrito por\" \/>\n\t<meta name=\"twitter:data1\" content=\"Mar\u00eda Ju\u00e1rez\" \/>\n\t<meta name=\"twitter:label2\" content=\"Tiempo de lectura\" \/>\n\t<meta name=\"twitter:data2\" content=\"6 minutos\" \/>\n<script type=\"application\/ld+json\" class=\"yoast-schema-graph\">{\"@context\":\"https:\/\/schema.org\",\"@graph\":[{\"@type\":\"Article\",\"@id\":\"https:\/\/soclose.mx\/blog\/tag\/juan-rulfo-frases-mujeres\/#article\",\"isPartOf\":{\"@id\":\"https:\/\/soclose.mx\/blog\/tag\/juan-rulfo-frases-mujeres\/\"},\"author\":{\"name\":\"Mar\u00eda Ju\u00e1rez\",\"@id\":\"https:\/\/soclose.mx\/blog\/#\/schema\/person\/013f38b9fec755573ca00569b43d59c3\"},\"headline\":\"Tepito: \u00bfPor qu\u00e9 es el &#8220;Barrio Bravo&#8221; y cu\u00e1l es su historia?\",\"datePublished\":\"2023-04-29T02:59:07+00:00\",\"dateModified\":\"2023-04-29T02:59:18+00:00\",\"mainEntityOfPage\":{\"@id\":\"https:\/\/soclose.mx\/blog\/tag\/juan-rulfo-frases-mujeres\/\"},\"wordCount\":1130,\"commentCount\":0,\"publisher\":{\"@id\":\"https:\/\/soclose.mx\/blog\/#organization\"},\"image\":{\"@id\":\"https:\/\/soclose.mx\/blog\/tag\/juan-rulfo-frases-mujeres\/#primaryimage\"},\"thumbnailUrl\":\"https:\/\/i0.wp.com\/soclose.mx\/blog\/wp-content\/uploads\/2023\/04\/Tepito-Barrio-Bravo.jpg?fit=1280%2C850&ssl=1\",\"keywords\":[\"Barrio Bravo\",\"cdmx\",\"Tepito\"],\"articleSection\":[\"\u00a1Ay goeeee!\",\"A la mexicana\",\"Lugares\"],\"inLanguage\":\"es\",\"potentialAction\":[{\"@type\":\"CommentAction\",\"name\":\"Comment\",\"target\":[\"https:\/\/soclose.mx\/blog\/tag\/juan-rulfo-frases-mujeres\/#respond\"]}]},{\"@type\":\"WebPage\",\"@id\":\"https:\/\/soclose.mx\/blog\/tag\/juan-rulfo-frases-mujeres\/\",\"url\":\"https:\/\/soclose.mx\/blog\/tag\/juan-rulfo-frases-mujeres\/\",\"name\":\"Tepito: \u00bfPor qu\u00e9 es el \\\"Barrio Bravo\\\" y cu\u00e1l es su historia? -\",\"isPartOf\":{\"@id\":\"https:\/\/soclose.mx\/blog\/#website\"},\"primaryImageOfPage\":{\"@id\":\"https:\/\/soclose.mx\/blog\/tag\/juan-rulfo-frases-mujeres\/#primaryimage\"},\"image\":{\"@id\":\"https:\/\/soclose.mx\/blog\/tag\/juan-rulfo-frases-mujeres\/#primaryimage\"},\"thumbnailUrl\":\"https:\/\/i0.wp.com\/soclose.mx\/blog\/wp-content\/uploads\/2023\/04\/Tepito-Barrio-Bravo.jpg?fit=1280%2C850&ssl=1\",\"datePublished\":\"2023-04-29T02:59:07+00:00\",\"dateModified\":\"2023-04-29T02:59:18+00:00\",\"description\":\"Ubicado en la Colonia Morelos, en el centro de la CDMX, el barrio de Tepito est\u00e1 lleno de historias y an\u00e9cdotas.\",\"breadcrumb\":{\"@id\":\"https:\/\/soclose.mx\/blog\/tag\/juan-rulfo-frases-mujeres\/#breadcrumb\"},\"inLanguage\":\"es\",\"potentialAction\":[{\"@type\":\"ReadAction\",\"target\":[\"https:\/\/soclose.mx\/blog\/tag\/juan-rulfo-frases-mujeres\/\"]}]},{\"@type\":\"ImageObject\",\"inLanguage\":\"es\",\"@id\":\"https:\/\/soclose.mx\/blog\/tag\/juan-rulfo-frases-mujeres\/#primaryimage\",\"url\":\"https:\/\/i0.wp.com\/soclose.mx\/blog\/wp-content\/uploads\/2023\/04\/Tepito-Barrio-Bravo.jpg?fit=1280%2C850&ssl=1\",\"contentUrl\":\"https:\/\/i0.wp.com\/soclose.mx\/blog\/wp-content\/uploads\/2023\/04\/Tepito-Barrio-Bravo.jpg?fit=1280%2C850&ssl=1\",\"width\":1280,\"height\":850},{\"@type\":\"BreadcrumbList\",\"@id\":\"https:\/\/soclose.mx\/blog\/tag\/juan-rulfo-frases-mujeres\/#breadcrumb\",\"itemListElement\":[{\"@type\":\"ListItem\",\"position\":1,\"name\":\"Inicio\",\"item\":\"https:\/\/soclose.mx\/blog\/\"},{\"@type\":\"ListItem\",\"position\":2,\"name\":\"Tepito: \u00bfPor qu\u00e9 es el &#8220;Barrio Bravo&#8221; y cu\u00e1l es su historia?\"}]},{\"@type\":\"WebSite\",\"@id\":\"https:\/\/soclose.mx\/blog\/#website\",\"url\":\"https:\/\/soclose.mx\/blog\/\",\"name\":\"So Close\",\"description\":\"Hacemos contenidos de M\u00e9xico\",\"publisher\":{\"@id\":\"https:\/\/soclose.mx\/blog\/#organization\"},\"potentialAction\":[{\"@type\":\"SearchAction\",\"target\":{\"@type\":\"EntryPoint\",\"urlTemplate\":\"https:\/\/soclose.mx\/blog\/?s={search_term_string}\"},\"query-input\":{\"@type\":\"PropertyValueSpecification\",\"valueRequired\":true,\"valueName\":\"search_term_string\"}}],\"inLanguage\":\"es\"},{\"@type\":\"Organization\",\"@id\":\"https:\/\/soclose.mx\/blog\/#organization\",\"name\":\"So Close\",\"url\":\"https:\/\/soclose.mx\/blog\/\",\"logo\":{\"@type\":\"ImageObject\",\"inLanguage\":\"es\",\"@id\":\"https:\/\/soclose.mx\/blog\/#\/schema\/logo\/image\/\",\"url\":\"https:\/\/i0.wp.com\/soclose.mx\/blog\/wp-content\/uploads\/2020\/12\/LOGO_SOCLOSE_COLOR-e1608310133507.png?fit=2858%2C1264&ssl=1\",\"contentUrl\":\"https:\/\/i0.wp.com\/soclose.mx\/blog\/wp-content\/uploads\/2020\/12\/LOGO_SOCLOSE_COLOR-e1608310133507.png?fit=2858%2C1264&ssl=1\",\"width\":2858,\"height\":1264,\"caption\":\"So Close\"},\"image\":{\"@id\":\"https:\/\/soclose.mx\/blog\/#\/schema\/logo\/image\/\"}},{\"@type\":\"Person\",\"@id\":\"https:\/\/soclose.mx\/blog\/#\/schema\/person\/013f38b9fec755573ca00569b43d59c3\",\"name\":\"Mar\u00eda Ju\u00e1rez\",\"image\":{\"@type\":\"ImageObject\",\"inLanguage\":\"es\",\"@id\":\"https:\/\/soclose.mx\/blog\/#\/schema\/person\/image\/\",\"url\":\"https:\/\/secure.gravatar.com\/avatar\/19ce6551a47617b76e5f3763cabf94dcfebd10755015b4b44fe85a5f3e62cbc1?s=96&d=mm&r=g\",\"contentUrl\":\"https:\/\/secure.gravatar.com\/avatar\/19ce6551a47617b76e5f3763cabf94dcfebd10755015b4b44fe85a5f3e62cbc1?s=96&d=mm&r=g\",\"caption\":\"Mar\u00eda Ju\u00e1rez\"},\"url\":\"https:\/\/soclose.mx\/blog\/author\/mariajuarez\/\"}]}<\/script>\n<!-- \/ Yoast SEO plugin. -->","yoast_head_json":{"title":"Tepito: \u00bfPor qu\u00e9 es el \"Barrio Bravo\" y cu\u00e1l es su historia? -","description":"Ubicado en la Colonia Morelos, en el centro de la CDMX, el barrio de Tepito est\u00e1 lleno de historias y an\u00e9cdotas.","robots":{"index":"index","follow":"follow","max-snippet":"max-snippet:-1","max-image-preview":"max-image-preview:large","max-video-preview":"max-video-preview:-1"},"canonical":"https:\/\/soclose.mx\/blog\/tag\/juan-rulfo-frases-mujeres\/","og_locale":"es_MX","og_type":"article","og_title":"Tepito: \u00bfPor qu\u00e9 es el \"Barrio Bravo\" y cu\u00e1l es su historia? -","og_description":"Ubicado en la Colonia Morelos, en el centro de la CDMX, el barrio de Tepito est\u00e1 lleno de historias y an\u00e9cdotas.","og_url":"https:\/\/soclose.mx\/blog\/tag\/juan-rulfo-frases-mujeres\/","og_site_name":"So Close","article_published_time":"2023-04-29T02:59:07+00:00","article_modified_time":"2023-04-29T02:59:18+00:00","og_image":[{"width":1280,"height":850,"url":"https:\/\/i0.wp.com\/soclose.mx\/blog\/wp-content\/uploads\/2023\/04\/Tepito-Barrio-Bravo.jpg?fit=1280%2C850&ssl=1","type":"image\/jpeg"}],"author":"Mar\u00eda Ju\u00e1rez","twitter_card":"summary_large_image","twitter_misc":{"Escrito por":"Mar\u00eda Ju\u00e1rez","Tiempo de lectura":"6 minutos"},"schema":{"@context":"https:\/\/schema.org","@graph":[{"@type":"Article","@id":"https:\/\/soclose.mx\/blog\/tag\/juan-rulfo-frases-mujeres\/#article","isPartOf":{"@id":"https:\/\/soclose.mx\/blog\/tag\/juan-rulfo-frases-mujeres\/"},"author":{"name":"Mar\u00eda Ju\u00e1rez","@id":"https:\/\/soclose.mx\/blog\/#\/schema\/person\/013f38b9fec755573ca00569b43d59c3"},"headline":"Tepito: \u00bfPor qu\u00e9 es el &#8220;Barrio Bravo&#8221; y cu\u00e1l es su historia?","datePublished":"2023-04-29T02:59:07+00:00","dateModified":"2023-04-29T02:59:18+00:00","mainEntityOfPage":{"@id":"https:\/\/soclose.mx\/blog\/tag\/juan-rulfo-frases-mujeres\/"},"wordCount":1130,"commentCount":0,"publisher":{"@id":"https:\/\/soclose.mx\/blog\/#organization"},"image":{"@id":"https:\/\/soclose.mx\/blog\/tag\/juan-rulfo-frases-mujeres\/#primaryimage"},"thumbnailUrl":"https:\/\/i0.wp.com\/soclose.mx\/blog\/wp-content\/uploads\/2023\/04\/Tepito-Barrio-Bravo.jpg?fit=1280%2C850&ssl=1","keywords":["Barrio Bravo","cdmx","Tepito"],"articleSection":["\u00a1Ay goeeee!","A la mexicana","Lugares"],"inLanguage":"es","potentialAction":[{"@type":"CommentAction","name":"Comment","target":["https:\/\/soclose.mx\/blog\/tag\/juan-rulfo-frases-mujeres\/#respond"]}]},{"@type":"WebPage","@id":"https:\/\/soclose.mx\/blog\/tag\/juan-rulfo-frases-mujeres\/","url":"https:\/\/soclose.mx\/blog\/tag\/juan-rulfo-frases-mujeres\/","name":"Tepito: \u00bfPor qu\u00e9 es el \"Barrio Bravo\" y cu\u00e1l es su historia? -","isPartOf":{"@id":"https:\/\/soclose.mx\/blog\/#website"},"primaryImageOfPage":{"@id":"https:\/\/soclose.mx\/blog\/tag\/juan-rulfo-frases-mujeres\/#primaryimage"},"image":{"@id":"https:\/\/soclose.mx\/blog\/tag\/juan-rulfo-frases-mujeres\/#primaryimage"},"thumbnailUrl":"https:\/\/i0.wp.com\/soclose.mx\/blog\/wp-content\/uploads\/2023\/04\/Tepito-Barrio-Bravo.jpg?fit=1280%2C850&ssl=1","datePublished":"2023-04-29T02:59:07+00:00","dateModified":"2023-04-29T02:59:18+00:00","description":"Ubicado en la Colonia Morelos, en el centro de la CDMX, el barrio de Tepito est\u00e1 lleno de historias y an\u00e9cdotas.","breadcrumb":{"@id":"https:\/\/soclose.mx\/blog\/tag\/juan-rulfo-frases-mujeres\/#breadcrumb"},"inLanguage":"es","potentialAction":[{"@type":"ReadAction","target":["https:\/\/soclose.mx\/blog\/tag\/juan-rulfo-frases-mujeres\/"]}]},{"@type":"ImageObject","inLanguage":"es","@id":"https:\/\/soclose.mx\/blog\/tag\/juan-rulfo-frases-mujeres\/#primaryimage","url":"https:\/\/i0.wp.com\/soclose.mx\/blog\/wp-content\/uploads\/2023\/04\/Tepito-Barrio-Bravo.jpg?fit=1280%2C850&ssl=1","contentUrl":"https:\/\/i0.wp.com\/soclose.mx\/blog\/wp-content\/uploads\/2023\/04\/Tepito-Barrio-Bravo.jpg?fit=1280%2C850&ssl=1","width":1280,"height":850},{"@type":"BreadcrumbList","@id":"https:\/\/soclose.mx\/blog\/tag\/juan-rulfo-frases-mujeres\/#breadcrumb","itemListElement":[{"@type":"ListItem","position":1,"name":"Inicio","item":"https:\/\/soclose.mx\/blog\/"},{"@type":"ListItem","position":2,"name":"Tepito: \u00bfPor qu\u00e9 es el &#8220;Barrio Bravo&#8221; y cu\u00e1l es su historia?"}]},{"@type":"WebSite","@id":"https:\/\/soclose.mx\/blog\/#website","url":"https:\/\/soclose.mx\/blog\/","name":"So Close","description":"Hacemos contenidos de M\u00e9xico","publisher":{"@id":"https:\/\/soclose.mx\/blog\/#organization"},"potentialAction":[{"@type":"SearchAction","target":{"@type":"EntryPoint","urlTemplate":"https:\/\/soclose.mx\/blog\/?s={search_term_string}"},"query-input":{"@type":"PropertyValueSpecification","valueRequired":true,"valueName":"search_term_string"}}],"inLanguage":"es"},{"@type":"Organization","@id":"https:\/\/soclose.mx\/blog\/#organization","name":"So Close","url":"https:\/\/soclose.mx\/blog\/","logo":{"@type":"ImageObject","inLanguage":"es","@id":"https:\/\/soclose.mx\/blog\/#\/schema\/logo\/image\/","url":"https:\/\/i0.wp.com\/soclose.mx\/blog\/wp-content\/uploads\/2020\/12\/LOGO_SOCLOSE_COLOR-e1608310133507.png?fit=2858%2C1264&ssl=1","contentUrl":"https:\/\/i0.wp.com\/soclose.mx\/blog\/wp-content\/uploads\/2020\/12\/LOGO_SOCLOSE_COLOR-e1608310133507.png?fit=2858%2C1264&ssl=1","width":2858,"height":1264,"caption":"So Close"},"image":{"@id":"https:\/\/soclose.mx\/blog\/#\/schema\/logo\/image\/"}},{"@type":"Person","@id":"https:\/\/soclose.mx\/blog\/#\/schema\/person\/013f38b9fec755573ca00569b43d59c3","name":"Mar\u00eda Ju\u00e1rez","image":{"@type":"ImageObject","inLanguage":"es","@id":"https:\/\/soclose.mx\/blog\/#\/schema\/person\/image\/","url":"https:\/\/secure.gravatar.com\/avatar\/19ce6551a47617b76e5f3763cabf94dcfebd10755015b4b44fe85a5f3e62cbc1?s=96&d=mm&r=g","contentUrl":"https:\/\/secure.gravatar.com\/avatar\/19ce6551a47617b76e5f3763cabf94dcfebd10755015b4b44fe85a5f3e62cbc1?s=96&d=mm&r=g","caption":"Mar\u00eda Ju\u00e1rez"},"url":"https:\/\/soclose.mx\/blog\/author\/mariajuarez\/"}]}},"jetpack_featured_media_url":"https:\/\/i0.wp.com\/soclose.mx\/blog\/wp-content\/uploads\/2023\/04\/Tepito-Barrio-Bravo.jpg?fit=1280%2C850&ssl=1","jetpack-related-posts":[{"id":11259,"url":"https:\/\/soclose.mx\/blog\/a-la-mexicana\/reina-albur-lourdes-ruiz-quien-era-tepito\/","url_meta":{"origin":11590,"position":0},"title":"\u00bfQui\u00e9n era la reina del albur y qu\u00e9 pas\u00f3 con ella?","author":"Mar\u00eda Ju\u00e1rez","date":"10 marzo, 2023","format":false,"excerpt":"Bien dicen que el mexicano en donde pone el ojo pone la vara o \u00bfla bala? Y en el terreno del albur somos maestros; basta conocer la historia de Lourdes Ruiz, quien puso en alto el nombre de M\u00e9xico al ser la campeona mundial del doble sentido; es la \u201cReina\u2026","rel":"","context":"En &quot;A la mexicana&quot;","block_context":{"text":"A la mexicana","link":"https:\/\/soclose.mx\/blog\/category\/a-la-mexicana\/"},"img":{"alt_text":"Lourdes Ruiz, reina del albur, Tepito","src":"https:\/\/i0.wp.com\/soclose.mx\/blog\/wp-content\/uploads\/2023\/02\/Reina-del-albur-Tepito-CDMX-quien-es-2-1.jpg?fit=1200%2C653&ssl=1&resize=350%2C200","width":350,"height":200,"srcset":"https:\/\/i0.wp.com\/soclose.mx\/blog\/wp-content\/uploads\/2023\/02\/Reina-del-albur-Tepito-CDMX-quien-es-2-1.jpg?fit=1200%2C653&ssl=1&resize=350%2C200 1x, https:\/\/i0.wp.com\/soclose.mx\/blog\/wp-content\/uploads\/2023\/02\/Reina-del-albur-Tepito-CDMX-quien-es-2-1.jpg?fit=1200%2C653&ssl=1&resize=525%2C300 1.5x, https:\/\/i0.wp.com\/soclose.mx\/blog\/wp-content\/uploads\/2023\/02\/Reina-del-albur-Tepito-CDMX-quien-es-2-1.jpg?fit=1200%2C653&ssl=1&resize=700%2C400 2x, https:\/\/i0.wp.com\/soclose.mx\/blog\/wp-content\/uploads\/2023\/02\/Reina-del-albur-Tepito-CDMX-quien-es-2-1.jpg?fit=1200%2C653&ssl=1&resize=1050%2C600 3x"},"classes":[]},{"id":10877,"url":"https:\/\/soclose.mx\/blog\/ay-goeeee\/sabes-donde-nacio-el-albur-ahi-te-va\/","url_meta":{"origin":11590,"position":1},"title":"\u00bfSabes d\u00f3nde naci\u00f3 el albur? \u00a1Ah\u00ed te va!","author":"Daniel Ram\u00edrez","date":"10 agosto, 2022","format":false,"excerpt":"\u00bfA qui\u00e9n tenemos que agradecerle haber creado el albur, ese lenguaje que sirve para hacer amistades, fortalecerlas y tirarles un poco de carrilla? Alguna vez te has preguntado cu\u00e1l es su origen. Esta comunicaci\u00f3n con doble sentido y picard\u00eda tiene tres posibles or\u00edgenes y claro, cada sitio defiende haber sido\u2026","rel":"","context":"En &quot;\u00a1Ay goeeee!&quot;","block_context":{"text":"\u00a1Ay goeeee!","link":"https:\/\/soclose.mx\/blog\/category\/ay-goeeee\/"},"img":{"alt_text":"","src":"https:\/\/i0.wp.com\/soclose.mx\/blog\/wp-content\/uploads\/2022\/08\/deon-black-kAhHNLx_-_w-unsplash-scaled.jpg?fit=1200%2C800&ssl=1&resize=350%2C200","width":350,"height":200,"srcset":"https:\/\/i0.wp.com\/soclose.mx\/blog\/wp-content\/uploads\/2022\/08\/deon-black-kAhHNLx_-_w-unsplash-scaled.jpg?fit=1200%2C800&ssl=1&resize=350%2C200 1x, https:\/\/i0.wp.com\/soclose.mx\/blog\/wp-content\/uploads\/2022\/08\/deon-black-kAhHNLx_-_w-unsplash-scaled.jpg?fit=1200%2C800&ssl=1&resize=525%2C300 1.5x, https:\/\/i0.wp.com\/soclose.mx\/blog\/wp-content\/uploads\/2022\/08\/deon-black-kAhHNLx_-_w-unsplash-scaled.jpg?fit=1200%2C800&ssl=1&resize=700%2C400 2x, https:\/\/i0.wp.com\/soclose.mx\/blog\/wp-content\/uploads\/2022\/08\/deon-black-kAhHNLx_-_w-unsplash-scaled.jpg?fit=1200%2C800&ssl=1&resize=1050%2C600 3x"},"classes":[]},{"id":12199,"url":"https:\/\/soclose.mx\/blog\/mitos-y-leyendas-mexicanos\/santa-muerte-como-se-venera-mexico\/","url_meta":{"origin":11590,"position":2},"title":"Ni\u00f1a Blanca: La Santa Muerte y c\u00f3mo se venera en M\u00e9xico\u00a0","author":"Emmanuel Oviedo","date":"7 agosto, 2023","format":false,"excerpt":"Con el fin del mes de octubre y la llegada de noviembre, en M\u00e9xico aumentan las diversas expresiones para festejar a la huesuda; porque, a decir verdad, el mexicano festeja a la muerte todos los d\u00edas, \u00a0se r\u00ede de ella y hasta la venera mediante s\u00edmbolos como la ni\u00f1a blanca\u2026","rel":"","context":"En &quot;\u00a1Ay nanita!&quot;","block_context":{"text":"\u00a1Ay nanita!","link":"https:\/\/soclose.mx\/blog\/category\/mitos-y-leyendas-mexicanos\/"},"img":{"alt_text":"Santa Muerte como se venera en M\u00e9xico","src":"https:\/\/i0.wp.com\/soclose.mx\/blog\/wp-content\/uploads\/2023\/07\/51004347327_a9857c3c18_k.jpg?fit=1200%2C806&ssl=1&resize=350%2C200","width":350,"height":200,"srcset":"https:\/\/i0.wp.com\/soclose.mx\/blog\/wp-content\/uploads\/2023\/07\/51004347327_a9857c3c18_k.jpg?fit=1200%2C806&ssl=1&resize=350%2C200 1x, https:\/\/i0.wp.com\/soclose.mx\/blog\/wp-content\/uploads\/2023\/07\/51004347327_a9857c3c18_k.jpg?fit=1200%2C806&ssl=1&resize=525%2C300 1.5x, https:\/\/i0.wp.com\/soclose.mx\/blog\/wp-content\/uploads\/2023\/07\/51004347327_a9857c3c18_k.jpg?fit=1200%2C806&ssl=1&resize=700%2C400 2x, https:\/\/i0.wp.com\/soclose.mx\/blog\/wp-content\/uploads\/2023\/07\/51004347327_a9857c3c18_k.jpg?fit=1200%2C806&ssl=1&resize=1050%2C600 3x"},"classes":[]},{"id":14024,"url":"https:\/\/soclose.mx\/blog\/albures\/los-mejores-lugares-para-escuchar-albures-en-mexico\/","url_meta":{"origin":11590,"position":3},"title":"Los Mejores Lugares para Escuchar Albures en M\u00e9xico","author":"So Close","date":"19 septiembre, 2024","format":false,"excerpt":"M\u00e9xico es famoso por su rica cultura y tradiciones, y una de las m\u00e1s particulares es el arte del albur. Este juego de palabras con doble sentido ha sido parte de la identidad nacional durante siglos, y existen ciertos lugares para escuchar albures en M\u00e9xico donde esta pr\u00e1ctica se ha\u2026","rel":"","context":"En &quot;A la mexicana&quot;","block_context":{"text":"A la mexicana","link":"https:\/\/soclose.mx\/blog\/category\/a-la-mexicana\/"},"img":{"alt_text":"tepito-barrio-bravo-ciudad-de-mexico","src":"https:\/\/i0.wp.com\/soclose.mx\/blog\/wp-content\/uploads\/2024\/09\/tepito-mexico-df.jpg?fit=1200%2C799&ssl=1&resize=350%2C200","width":350,"height":200,"srcset":"https:\/\/i0.wp.com\/soclose.mx\/blog\/wp-content\/uploads\/2024\/09\/tepito-mexico-df.jpg?fit=1200%2C799&ssl=1&resize=350%2C200 1x, https:\/\/i0.wp.com\/soclose.mx\/blog\/wp-content\/uploads\/2024\/09\/tepito-mexico-df.jpg?fit=1200%2C799&ssl=1&resize=525%2C300 1.5x, https:\/\/i0.wp.com\/soclose.mx\/blog\/wp-content\/uploads\/2024\/09\/tepito-mexico-df.jpg?fit=1200%2C799&ssl=1&resize=700%2C400 2x, https:\/\/i0.wp.com\/soclose.mx\/blog\/wp-content\/uploads\/2024\/09\/tepito-mexico-df.jpg?fit=1200%2C799&ssl=1&resize=1050%2C600 3x"},"classes":[]},{"id":14753,"url":"https:\/\/soclose.mx\/blog\/albures\/la-historia-del-albur-en-mexico-el-juego-de-palabras-con-raices-profundas\/","url_meta":{"origin":11590,"position":4},"title":"La Historia del Albur en M\u00e9xico: el Juego de Palabras con Ra\u00edces Profundas","author":"So Close","date":"19 marzo, 2025","format":false,"excerpt":"El albur es una manifestaci\u00f3n cultural \u00fanica en M\u00e9xico, caracterizada por un juego de palabras ingenioso y l\u00fadico que ha sido parte integral del lenguaje popular mexicano durante siglos. Aunque su origen exacto es dif\u00edcil de determinar, La Historia del Albur en M\u00e9xico se cree que tiene ra\u00edces en la\u2026","rel":"","context":"En &quot;Albures&quot;","block_context":{"text":"Albures","link":"https:\/\/soclose.mx\/blog\/category\/albures\/"},"img":{"alt_text":"La papaya en los albures","src":"https:\/\/i0.wp.com\/soclose.mx\/blog\/wp-content\/uploads\/2025\/03\/Papaya-1.jpg?fit=1200%2C675&ssl=1&resize=350%2C200","width":350,"height":200,"srcset":"https:\/\/i0.wp.com\/soclose.mx\/blog\/wp-content\/uploads\/2025\/03\/Papaya-1.jpg?fit=1200%2C675&ssl=1&resize=350%2C200 1x, https:\/\/i0.wp.com\/soclose.mx\/blog\/wp-content\/uploads\/2025\/03\/Papaya-1.jpg?fit=1200%2C675&ssl=1&resize=525%2C300 1.5x, https:\/\/i0.wp.com\/soclose.mx\/blog\/wp-content\/uploads\/2025\/03\/Papaya-1.jpg?fit=1200%2C675&ssl=1&resize=700%2C400 2x, https:\/\/i0.wp.com\/soclose.mx\/blog\/wp-content\/uploads\/2025\/03\/Papaya-1.jpg?fit=1200%2C675&ssl=1&resize=1050%2C600 3x"},"classes":[]},{"id":10530,"url":"https:\/\/soclose.mx\/blog\/a-la-mexicana\/de-los-creadores-de-la-licuachela-llega-la-rotochela\/","url_meta":{"origin":11590,"position":5},"title":"Primero las gomichelas, luego las licuachelas y ahora \u00a1las rotochelas!","author":"Daniel Ram\u00edrez","date":"7 julio, 2022","format":false,"excerpt":"Los mexicanos no dominamos el mundo porque no queremos, me cae. Y si se tratara de alcohol, ser\u00edamos los dioses del universo. En un nuevo cap\u00edtulo de \"cervezas en envases random\", presentamos la Rotochela, la bebida preferida por los mexicanos pero servida en un mini tinaco. Toda familia mexicana que\u2026","rel":"","context":"En &quot;A la mexicana&quot;","block_context":{"text":"A la mexicana","link":"https:\/\/soclose.mx\/blog\/category\/a-la-mexicana\/"},"img":{"alt_text":"","src":"https:\/\/i0.wp.com\/soclose.mx\/blog\/wp-content\/uploads\/2022\/07\/Captura-de-Pantalla-2022-07-07-a-las-19.43.49.png?fit=753%2C563&ssl=1&resize=350%2C200","width":350,"height":200,"srcset":"https:\/\/i0.wp.com\/soclose.mx\/blog\/wp-content\/uploads\/2022\/07\/Captura-de-Pantalla-2022-07-07-a-las-19.43.49.png?fit=753%2C563&ssl=1&resize=350%2C200 1x, https:\/\/i0.wp.com\/soclose.mx\/blog\/wp-content\/uploads\/2022\/07\/Captura-de-Pantalla-2022-07-07-a-las-19.43.49.png?fit=753%2C563&ssl=1&resize=525%2C300 1.5x, https:\/\/i0.wp.com\/soclose.mx\/blog\/wp-content\/uploads\/2022\/07\/Captura-de-Pantalla-2022-07-07-a-las-19.43.49.png?fit=753%2C563&ssl=1&resize=700%2C400 2x"},"classes":[]}],"jetpack_sharing_enabled":true,"_links":{"self":[{"href":"https:\/\/soclose.mx\/blog\/wp-json\/wp\/v2\/posts\/11590","targetHints":{"allow":["GET"]}}],"collection":[{"href":"https:\/\/soclose.mx\/blog\/wp-json\/wp\/v2\/posts"}],"about":[{"href":"https:\/\/soclose.mx\/blog\/wp-json\/wp\/v2\/types\/post"}],"author":[{"embeddable":true,"href":"https:\/\/soclose.mx\/blog\/wp-json\/wp\/v2\/users\/10"}],"replies":[{"embeddable":true,"href":"https:\/\/soclose.mx\/blog\/wp-json\/wp\/v2\/comments?post=11590"}],"version-history":[{"count":0,"href":"https:\/\/soclose.mx\/blog\/wp-json\/wp\/v2\/posts\/11590\/revisions"}],"wp:featuredmedia":[{"embeddable":true,"href":"https:\/\/soclose.mx\/blog\/wp-json\/wp\/v2\/media\/11618"}],"wp:attachment":[{"href":"https:\/\/soclose.mx\/blog\/wp-json\/wp\/v2\/media?parent=11590"}],"wp:term":[{"taxonomy":"category","embeddable":true,"href":"https:\/\/soclose.mx\/blog\/wp-json\/wp\/v2\/categories?post=11590"},{"taxonomy":"post_tag","embeddable":true,"href":"https:\/\/soclose.mx\/blog\/wp-json\/wp\/v2\/tags?post=11590"}],"curies":[{"name":"wp","href":"https:\/\/api.w.org\/{rel}","templated":true}]}}