{"id":11743,"date":"2023-07-01T13:48:15","date_gmt":"2023-07-01T19:48:15","guid":{"rendered":"https:\/\/soclose.mx\/blog\/?p=11743"},"modified":"2023-06-14T13:48:40","modified_gmt":"2023-06-14T19:48:40","slug":"leyenda-teuhtli-enemigo-popocatepetl-amor-iztaccihuatl","status":"publish","type":"post","link":"https:\/\/soclose.mx\/blog\/ay-goeeee\/leyenda-teuhtli-enemigo-popocatepetl-amor-iztaccihuatl\/","title":{"rendered":"La leyenda de Teuhtli, el volc\u00e1n que lucha contra el Popocat\u00e9petl"},"content":{"rendered":"<p>\u00bfConoces la <strong>leyenda del volc\u00e1n Teuhtli<\/strong>? Como sabes, nuestro pa\u00eds est\u00e1 inmerso en mitos y leyendas que nos inspiran toda clase de sentimientos y curiosidad.<\/p>\n<p>Una de ellas es, sin duda, la bien recordada leyenda de los<strong> volcanes<\/strong> que adornan el Valle de M\u00e9xico, en la cual hay dos guerreros que cuidan el sue\u00f1o de <strong>Iztacc\u00edhuatl<\/strong>, la mujer dormida, y no uno, como se sabe.<\/p>\n<p>Se trata de <strong>Teuhtli<\/strong>, el volc\u00e1n, que fue enemigo de<strong> Popocat\u00e9petl<\/strong> por el amor de <strong>Iztacc\u00edhuatl<\/strong>.<\/p>\n<p>Una parte de la historia de esta leyenda se conoce poco y se refiere a que el rival del <strong>Popocat\u00e9petl<\/strong> tuvo la misma suerte que los amantes. Te vamos a recordar qui\u00e9n era ese tercero en discordia que los vigila desde lejos.<\/p>\n<h2>\u00bfEn qu\u00e9 consiste la leyenda del volc\u00e1n Teuhtli?<\/h2>\n<p>Despu\u00e9s de la creaci\u00f3n del primer hombre y la primera mujer, cuando Tezcatlipoca se hace sol, surgi\u00f3 una raza de gigantes, entre los que destacaban dos j\u00f3venes guerreros llamados Popocat\u00e9petl y Teuhtli.<\/p>\n<p>Poco se habla de <strong>Teuhtli,<\/strong> un guerrero que se encontraba al mismo nivel del valiente <strong>Popocat\u00e9petl<\/strong>, luchando mano a mano en contra de sus enemigos, aunque a veces tambi\u00e9n peleaba en su contra por el mismo motivo: el amor de Iztacc\u00edhuatl.<\/p>\n<p><strong>La leyenda\u00a0 de Teuhtli<\/strong> cuenta que, pesar de pretenderla y solicitarle una vida juntos, ella lo rechazaba amablemente, sin embargo, su coraz\u00f3n ya pertenec\u00eda a otro gran guerrero, el poderoso <a href=\"https:\/\/soclose.mx\/blog\/lugares\/turismo-religioso-destinos-cdmx\/\"><strong>Popocat\u00e9petl.<\/strong><\/a><\/p>\n<p>Teuhtli no podr\u00eda con el dolor y la furia de ser vencido en el amor por el \u00fanico rival al que nunca hab\u00eda logrado derrotar en una pelea.<\/p>\n<p>Pero era feliz mientras su amada fuese feliz, le tranquilizaba el tan s\u00f3lo pensar en su sonrisa, a pesar de que la causa de ella fuese otro hombre.<\/p>\n<p>Los tiempos cambiaron y la guerra lleg\u00f3. Teuhtli y Popocat\u00e9petl tuvieron que partir a la batalla y dejar a la bella Iztacc\u00edhuatl.<\/p>\n<h2>El sacrificio de Teuhtli por Iztacc\u00edhuatl<\/h2>\n<p>Mientras el enemigo se acercaba cada vez m\u00e1s, ambos no dejaban de preocuparse por ella, pues lo m\u00e1s importante era lograr que estuviera a salvo.<\/p>\n<p><strong>Teuhtli<\/strong> sab\u00eda que no podr\u00eda vivir sabiendo la tristeza de <strong>Iztacc\u00edhuatl<\/strong> por perder a su amado.\u00a0 As\u00ed que decidi\u00f3 sacrificar sus \u00faltimas fuerzas para que los amantes pudiesen estar juntos.<\/p>\n<p>Con una mirada, <strong>Popocat\u00e9petl<\/strong> entendi\u00f3 lo que estaba sucediendo, as\u00ed que fue por su doncella y huyeron.<\/p>\n<figure id=\"attachment_11795\" aria-describedby=\"caption-attachment-11795\" style=\"width: 1024px\" class=\"wp-caption aligncenter\"><img data-recalc-dims=\"1\" fetchpriority=\"high\" decoding=\"async\" class=\"wp-image-11795 size-large\" title=\"La leyenda de Teuhtli\" src=\"https:\/\/i0.wp.com\/soclose.mx\/blog\/wp-content\/uploads\/2023\/06\/Teuhtli-vigilando-a-Iztaccihuatl.jpg?resize=1024%2C1024&#038;ssl=1\" alt=\"El volc\u00e1n vigilando a lo lejos a su amada. Ilustraci\u00f3n por Omar El\u00edas Garc\u00eda Ram\u00edrez para el libro &quot;El coraz\u00f3n de Teuhtli&quot; del INPI.\" width=\"1024\" height=\"1024\" srcset=\"https:\/\/i0.wp.com\/soclose.mx\/blog\/wp-content\/uploads\/2023\/06\/Teuhtli-vigilando-a-Iztaccihuatl.jpg?resize=1024%2C1024&amp;ssl=1 1024w, https:\/\/i0.wp.com\/soclose.mx\/blog\/wp-content\/uploads\/2023\/06\/Teuhtli-vigilando-a-Iztaccihuatl.jpg?resize=300%2C300&amp;ssl=1 300w, https:\/\/i0.wp.com\/soclose.mx\/blog\/wp-content\/uploads\/2023\/06\/Teuhtli-vigilando-a-Iztaccihuatl.jpg?resize=150%2C150&amp;ssl=1 150w, https:\/\/i0.wp.com\/soclose.mx\/blog\/wp-content\/uploads\/2023\/06\/Teuhtli-vigilando-a-Iztaccihuatl.jpg?resize=768%2C768&amp;ssl=1 768w, https:\/\/i0.wp.com\/soclose.mx\/blog\/wp-content\/uploads\/2023\/06\/Teuhtli-vigilando-a-Iztaccihuatl.jpg?resize=600%2C600&amp;ssl=1 600w, https:\/\/i0.wp.com\/soclose.mx\/blog\/wp-content\/uploads\/2023\/06\/Teuhtli-vigilando-a-Iztaccihuatl.jpg?resize=160%2C160&amp;ssl=1 160w, https:\/\/i0.wp.com\/soclose.mx\/blog\/wp-content\/uploads\/2023\/06\/Teuhtli-vigilando-a-Iztaccihuatl.jpg?resize=585%2C585&amp;ssl=1 585w, https:\/\/i0.wp.com\/soclose.mx\/blog\/wp-content\/uploads\/2023\/06\/Teuhtli-vigilando-a-Iztaccihuatl.jpg?w=1170&amp;ssl=1 1170w\" sizes=\"(max-width: 1024px) 100vw, 1024px\" \/><figcaption id=\"caption-attachment-11795\" class=\"wp-caption-text\">El volc\u00e1n vigilando a lo lejos a su amada. Ilustraci\u00f3n por Omar El\u00edas Garc\u00eda Ram\u00edrez para el libro &#8220;El coraz\u00f3n de Teuhtli&#8221; del INPI.<\/figcaption><\/figure>\n<p>&nbsp;<\/p>\n<p>Popocat\u00e9petl fue el encargado de sacarla del campo de batalla para llevarla al oriente, pero ella ya ten\u00eda una herida mortal, igual que el coloso.<\/p>\n<p><strong>Teuhtli<\/strong> resisti\u00f3 a la batalla pero era un castigo de los dioses por los desmanes y las constantes luchas que hab\u00eda entre los hombres.<\/p>\n<p><strong>Popocatepetl<\/strong> dej\u00f3 a la mujer en alg\u00fan lugar y se sent\u00f3 a su lado; con el tiempo se fueron cubriendo de nieve.<\/p>\n<p>Lo mismo le pas\u00f3 a <strong>Teuhtli<\/strong> cuya cumbre en deshielo se convirti\u00f3 en manantial surtidor de los lagos de Chalco y Xochimilco.<\/p>\n<h2>\u00bfD\u00f3nde est\u00e1 el volc\u00e1n Teuhtli?<\/h2>\n<p><strong>Teuhtli<\/strong> est\u00e1 ubicado entre Xochimilco, Milpa Alta y Tl\u00e1huac, al sur de la capital del pa\u00eds.<\/p>\n<p>Tambi\u00e9n es llamado Teuctzin, que en n\u00e1huatl significa \u201cvenerable se\u00f1or\u201d, es uno de los favoritos de los monta\u00f1istas para practicar el senderismo.<\/p>\n<p>Actualmente est\u00e1 extinto, cuenta con una altura aproximada de dos mil 710 metros sobre el nivel del mar.<\/p>\n<p>En los d\u00edas despejados, <strong>Teuhtli<\/strong> todav\u00eda puede vigilar y proteger a su amada Iztacc\u00edhuatl.<\/p>\n<p>Ella se encuentra a lo lejos, al sureste, al lugar donde pudo huir con quien quer\u00eda estar.<\/p>\n<p>Cient\u00edficos de la Universidad de Washington, indican que las &#8220;c\u00e1maras magm\u00e1ticas, es decir, dep\u00f3sitos de roca fundida que se encuentran en el interior de los volcanes inactivos est\u00e1n llenos de una pasta pegajosa y viscosa&#8221;.<\/p>\n<p>Por ello, para que un volc\u00e1n se reactive tendr\u00eda que haber magma muy caliente y de reciente formaci\u00f3n, que surgiera de las profundidades de la tierra para calentar esa pasta, se\u00f1al\u00f3 <a class=\"subrayado\" href=\"https:\/\/www.nationalgeographic.es\/medio-ambiente\/los-volcanes-durmientes-pueden-despertarse-mas-rapido-de-lo-que-se-creia\" target=\"_blank\" rel=\"noopener\">National Geographic<\/a>.<\/p>\n","protected":false},"excerpt":{"rendered":"<p>\u00bfConoces la leyenda del volc\u00e1n Teuhtli? Como sabes, nuestro pa\u00eds est\u00e1 inmerso en mitos y leyendas que nos inspiran toda clase de sentimientos y curiosidad. Una de ellas es, sin duda, la bien recordada leyenda de los volcanes que adornan el Valle de M\u00e9xico, en la cual hay dos guerreros que cuidan el sue\u00f1o de Iztacc\u00edhuatl, la mujer dormida, y no uno, como se sabe. Se trata de Teuhtli, el volc\u00e1n, que fue enemigo de Popocat\u00e9petl por el amor de Iztacc\u00edhuatl. Una parte de la historia de esta leyenda se conoce poco y se refiere a que el rival del<\/p>\n","protected":false},"author":1,"featured_media":11903,"comment_status":"open","ping_status":"open","sticky":false,"template":"","format":"standard","meta":{"_jetpack_memberships_contains_paid_content":false,"footnotes":""},"categories":[1],"tags":[218,3077,501,578,505,3076,1398],"class_list":["post-11743","post","type-post","status-publish","format-standard","has-post-thumbnail","hentry","category-ay-goeeee","tag-cdmx","tag-iztaccihuatl","tag-leyendas","tag-mexico","tag-popocatepetl","tag-teuhtli","tag-volcan"],"yoast_head":"<!-- This site is optimized with the Yoast SEO plugin v26.7 - https:\/\/yoast.com\/wordpress\/plugins\/seo\/ -->\n<title>La leyenda de Teuhtli, el volc\u00e1n que lucha contra el Popocat\u00e9petl -<\/title>\n<meta name=\"description\" content=\"Pocos conocen la leyenda de Teuhtli, el otro volc\u00e1n, que fue enemigo de Popocat\u00e9petl por el amor de Iztacc\u00edhuatl.\" \/>\n<meta name=\"robots\" content=\"index, follow, max-snippet:-1, max-image-preview:large, max-video-preview:-1\" \/>\n<link rel=\"canonical\" href=\"https:\/\/soclose.mx\/blog\/tag\/juan-rulfo-frases-mujeres\/\" \/>\n<meta property=\"og:locale\" content=\"es_MX\" \/>\n<meta property=\"og:type\" content=\"article\" \/>\n<meta property=\"og:title\" content=\"La leyenda de Teuhtli, el volc\u00e1n que lucha contra el Popocat\u00e9petl -\" \/>\n<meta property=\"og:description\" content=\"Pocos conocen la leyenda de Teuhtli, el otro volc\u00e1n, que fue enemigo de Popocat\u00e9petl por el amor de Iztacc\u00edhuatl.\" \/>\n<meta property=\"og:url\" content=\"https:\/\/soclose.mx\/blog\/tag\/juan-rulfo-frases-mujeres\/\" \/>\n<meta property=\"og:site_name\" content=\"So Close\" \/>\n<meta property=\"article:published_time\" content=\"2023-07-01T19:48:15+00:00\" \/>\n<meta property=\"og:image\" content=\"https:\/\/i0.wp.com\/soclose.mx\/blog\/wp-content\/uploads\/2023\/06\/Leyenda-de-Teuhtli-volcanes-Popocatepetl-Iztaccihuatl-1.jpg?fit=1280%2C789&ssl=1\" \/>\n\t<meta property=\"og:image:width\" content=\"1280\" \/>\n\t<meta property=\"og:image:height\" content=\"789\" \/>\n\t<meta property=\"og:image:type\" content=\"image\/jpeg\" \/>\n<meta name=\"author\" content=\"So Close\" \/>\n<meta name=\"twitter:card\" content=\"summary_large_image\" \/>\n<meta name=\"twitter:label1\" content=\"Escrito por\" \/>\n\t<meta name=\"twitter:data1\" content=\"So Close\" \/>\n\t<meta name=\"twitter:label2\" content=\"Tiempo de lectura\" \/>\n\t<meta name=\"twitter:data2\" content=\"4 minutos\" \/>\n<script type=\"application\/ld+json\" class=\"yoast-schema-graph\">{\"@context\":\"https:\/\/schema.org\",\"@graph\":[{\"@type\":\"Article\",\"@id\":\"https:\/\/soclose.mx\/blog\/tag\/juan-rulfo-frases-mujeres\/#article\",\"isPartOf\":{\"@id\":\"https:\/\/soclose.mx\/blog\/tag\/juan-rulfo-frases-mujeres\/\"},\"author\":{\"name\":\"So Close\",\"@id\":\"https:\/\/soclose.mx\/blog\/#\/schema\/person\/723eb117ab965b55c3e56b5d29751667\"},\"headline\":\"La leyenda de Teuhtli, el volc\u00e1n que lucha contra el Popocat\u00e9petl\",\"datePublished\":\"2023-07-01T19:48:15+00:00\",\"mainEntityOfPage\":{\"@id\":\"https:\/\/soclose.mx\/blog\/tag\/juan-rulfo-frases-mujeres\/\"},\"wordCount\":752,\"commentCount\":0,\"publisher\":{\"@id\":\"https:\/\/soclose.mx\/blog\/#organization\"},\"image\":{\"@id\":\"https:\/\/soclose.mx\/blog\/tag\/juan-rulfo-frases-mujeres\/#primaryimage\"},\"thumbnailUrl\":\"https:\/\/i0.wp.com\/soclose.mx\/blog\/wp-content\/uploads\/2023\/06\/Leyenda-de-Teuhtli-volcanes-Popocatepetl-Iztaccihuatl-1.jpg?fit=1280%2C789&ssl=1\",\"keywords\":[\"cdmx\",\"Iztaccihuatl\",\"leyendas\",\"mexico\",\"popocatepetl\",\"Teuhtli\",\"volc\u00e1n\"],\"articleSection\":[\"\u00a1Ay goeeee!\"],\"inLanguage\":\"es\",\"potentialAction\":[{\"@type\":\"CommentAction\",\"name\":\"Comment\",\"target\":[\"https:\/\/soclose.mx\/blog\/tag\/juan-rulfo-frases-mujeres\/#respond\"]}]},{\"@type\":\"WebPage\",\"@id\":\"https:\/\/soclose.mx\/blog\/tag\/juan-rulfo-frases-mujeres\/\",\"url\":\"https:\/\/soclose.mx\/blog\/tag\/juan-rulfo-frases-mujeres\/\",\"name\":\"La leyenda de Teuhtli, el volc\u00e1n que lucha contra el Popocat\u00e9petl -\",\"isPartOf\":{\"@id\":\"https:\/\/soclose.mx\/blog\/#website\"},\"primaryImageOfPage\":{\"@id\":\"https:\/\/soclose.mx\/blog\/tag\/juan-rulfo-frases-mujeres\/#primaryimage\"},\"image\":{\"@id\":\"https:\/\/soclose.mx\/blog\/tag\/juan-rulfo-frases-mujeres\/#primaryimage\"},\"thumbnailUrl\":\"https:\/\/i0.wp.com\/soclose.mx\/blog\/wp-content\/uploads\/2023\/06\/Leyenda-de-Teuhtli-volcanes-Popocatepetl-Iztaccihuatl-1.jpg?fit=1280%2C789&ssl=1\",\"datePublished\":\"2023-07-01T19:48:15+00:00\",\"description\":\"Pocos conocen la leyenda de Teuhtli, el otro volc\u00e1n, que fue enemigo de Popocat\u00e9petl por el amor de Iztacc\u00edhuatl.\",\"breadcrumb\":{\"@id\":\"https:\/\/soclose.mx\/blog\/tag\/juan-rulfo-frases-mujeres\/#breadcrumb\"},\"inLanguage\":\"es\",\"potentialAction\":[{\"@type\":\"ReadAction\",\"target\":[\"https:\/\/soclose.mx\/blog\/tag\/juan-rulfo-frases-mujeres\/\"]}]},{\"@type\":\"ImageObject\",\"inLanguage\":\"es\",\"@id\":\"https:\/\/soclose.mx\/blog\/tag\/juan-rulfo-frases-mujeres\/#primaryimage\",\"url\":\"https:\/\/i0.wp.com\/soclose.mx\/blog\/wp-content\/uploads\/2023\/06\/Leyenda-de-Teuhtli-volcanes-Popocatepetl-Iztaccihuatl-1.jpg?fit=1280%2C789&ssl=1\",\"contentUrl\":\"https:\/\/i0.wp.com\/soclose.mx\/blog\/wp-content\/uploads\/2023\/06\/Leyenda-de-Teuhtli-volcanes-Popocatepetl-Iztaccihuatl-1.jpg?fit=1280%2C789&ssl=1\",\"width\":1280,\"height\":789,\"caption\":\"Leyenda de Teuhtli\"},{\"@type\":\"BreadcrumbList\",\"@id\":\"https:\/\/soclose.mx\/blog\/tag\/juan-rulfo-frases-mujeres\/#breadcrumb\",\"itemListElement\":[{\"@type\":\"ListItem\",\"position\":1,\"name\":\"Inicio\",\"item\":\"https:\/\/soclose.mx\/blog\/\"},{\"@type\":\"ListItem\",\"position\":2,\"name\":\"La leyenda de Teuhtli, el volc\u00e1n que lucha contra el Popocat\u00e9petl\"}]},{\"@type\":\"WebSite\",\"@id\":\"https:\/\/soclose.mx\/blog\/#website\",\"url\":\"https:\/\/soclose.mx\/blog\/\",\"name\":\"So Close\",\"description\":\"Hacemos contenidos de M\u00e9xico\",\"publisher\":{\"@id\":\"https:\/\/soclose.mx\/blog\/#organization\"},\"potentialAction\":[{\"@type\":\"SearchAction\",\"target\":{\"@type\":\"EntryPoint\",\"urlTemplate\":\"https:\/\/soclose.mx\/blog\/?s={search_term_string}\"},\"query-input\":{\"@type\":\"PropertyValueSpecification\",\"valueRequired\":true,\"valueName\":\"search_term_string\"}}],\"inLanguage\":\"es\"},{\"@type\":\"Organization\",\"@id\":\"https:\/\/soclose.mx\/blog\/#organization\",\"name\":\"So Close\",\"url\":\"https:\/\/soclose.mx\/blog\/\",\"logo\":{\"@type\":\"ImageObject\",\"inLanguage\":\"es\",\"@id\":\"https:\/\/soclose.mx\/blog\/#\/schema\/logo\/image\/\",\"url\":\"https:\/\/i0.wp.com\/soclose.mx\/blog\/wp-content\/uploads\/2020\/12\/LOGO_SOCLOSE_COLOR-e1608310133507.png?fit=2858%2C1264&ssl=1\",\"contentUrl\":\"https:\/\/i0.wp.com\/soclose.mx\/blog\/wp-content\/uploads\/2020\/12\/LOGO_SOCLOSE_COLOR-e1608310133507.png?fit=2858%2C1264&ssl=1\",\"width\":2858,\"height\":1264,\"caption\":\"So Close\"},\"image\":{\"@id\":\"https:\/\/soclose.mx\/blog\/#\/schema\/logo\/image\/\"}},{\"@type\":\"Person\",\"@id\":\"https:\/\/soclose.mx\/blog\/#\/schema\/person\/723eb117ab965b55c3e56b5d29751667\",\"name\":\"So Close\",\"image\":{\"@type\":\"ImageObject\",\"inLanguage\":\"es\",\"@id\":\"https:\/\/soclose.mx\/blog\/#\/schema\/person\/image\/\",\"url\":\"https:\/\/secure.gravatar.com\/avatar\/5a1d1d694eaf6d2c28f450f0984cbb34821b92dc49c1d088c0250fbc6a48efec?s=96&d=mm&r=g\",\"contentUrl\":\"https:\/\/secure.gravatar.com\/avatar\/5a1d1d694eaf6d2c28f450f0984cbb34821b92dc49c1d088c0250fbc6a48efec?s=96&d=mm&r=g\",\"caption\":\"So Close\"},\"sameAs\":[\"http:\/\/www.soclose.mx\",\"https:\/\/www.youtube.com\/@soclosemx\"],\"url\":\"https:\/\/soclose.mx\/blog\/author\/admin\/\"}]}<\/script>\n<!-- \/ Yoast SEO plugin. -->","yoast_head_json":{"title":"La leyenda de Teuhtli, el volc\u00e1n que lucha contra el Popocat\u00e9petl -","description":"Pocos conocen la leyenda de Teuhtli, el otro volc\u00e1n, que fue enemigo de Popocat\u00e9petl por el amor de Iztacc\u00edhuatl.","robots":{"index":"index","follow":"follow","max-snippet":"max-snippet:-1","max-image-preview":"max-image-preview:large","max-video-preview":"max-video-preview:-1"},"canonical":"https:\/\/soclose.mx\/blog\/tag\/juan-rulfo-frases-mujeres\/","og_locale":"es_MX","og_type":"article","og_title":"La leyenda de Teuhtli, el volc\u00e1n que lucha contra el Popocat\u00e9petl -","og_description":"Pocos conocen la leyenda de Teuhtli, el otro volc\u00e1n, que fue enemigo de Popocat\u00e9petl por el amor de Iztacc\u00edhuatl.","og_url":"https:\/\/soclose.mx\/blog\/tag\/juan-rulfo-frases-mujeres\/","og_site_name":"So Close","article_published_time":"2023-07-01T19:48:15+00:00","og_image":[{"width":1280,"height":789,"url":"https:\/\/i0.wp.com\/soclose.mx\/blog\/wp-content\/uploads\/2023\/06\/Leyenda-de-Teuhtli-volcanes-Popocatepetl-Iztaccihuatl-1.jpg?fit=1280%2C789&ssl=1","type":"image\/jpeg"}],"author":"So Close","twitter_card":"summary_large_image","twitter_misc":{"Escrito por":"So Close","Tiempo de lectura":"4 minutos"},"schema":{"@context":"https:\/\/schema.org","@graph":[{"@type":"Article","@id":"https:\/\/soclose.mx\/blog\/tag\/juan-rulfo-frases-mujeres\/#article","isPartOf":{"@id":"https:\/\/soclose.mx\/blog\/tag\/juan-rulfo-frases-mujeres\/"},"author":{"name":"So Close","@id":"https:\/\/soclose.mx\/blog\/#\/schema\/person\/723eb117ab965b55c3e56b5d29751667"},"headline":"La leyenda de Teuhtli, el volc\u00e1n que lucha contra el Popocat\u00e9petl","datePublished":"2023-07-01T19:48:15+00:00","mainEntityOfPage":{"@id":"https:\/\/soclose.mx\/blog\/tag\/juan-rulfo-frases-mujeres\/"},"wordCount":752,"commentCount":0,"publisher":{"@id":"https:\/\/soclose.mx\/blog\/#organization"},"image":{"@id":"https:\/\/soclose.mx\/blog\/tag\/juan-rulfo-frases-mujeres\/#primaryimage"},"thumbnailUrl":"https:\/\/i0.wp.com\/soclose.mx\/blog\/wp-content\/uploads\/2023\/06\/Leyenda-de-Teuhtli-volcanes-Popocatepetl-Iztaccihuatl-1.jpg?fit=1280%2C789&ssl=1","keywords":["cdmx","Iztaccihuatl","leyendas","mexico","popocatepetl","Teuhtli","volc\u00e1n"],"articleSection":["\u00a1Ay goeeee!"],"inLanguage":"es","potentialAction":[{"@type":"CommentAction","name":"Comment","target":["https:\/\/soclose.mx\/blog\/tag\/juan-rulfo-frases-mujeres\/#respond"]}]},{"@type":"WebPage","@id":"https:\/\/soclose.mx\/blog\/tag\/juan-rulfo-frases-mujeres\/","url":"https:\/\/soclose.mx\/blog\/tag\/juan-rulfo-frases-mujeres\/","name":"La leyenda de Teuhtli, el volc\u00e1n que lucha contra el Popocat\u00e9petl -","isPartOf":{"@id":"https:\/\/soclose.mx\/blog\/#website"},"primaryImageOfPage":{"@id":"https:\/\/soclose.mx\/blog\/tag\/juan-rulfo-frases-mujeres\/#primaryimage"},"image":{"@id":"https:\/\/soclose.mx\/blog\/tag\/juan-rulfo-frases-mujeres\/#primaryimage"},"thumbnailUrl":"https:\/\/i0.wp.com\/soclose.mx\/blog\/wp-content\/uploads\/2023\/06\/Leyenda-de-Teuhtli-volcanes-Popocatepetl-Iztaccihuatl-1.jpg?fit=1280%2C789&ssl=1","datePublished":"2023-07-01T19:48:15+00:00","description":"Pocos conocen la leyenda de Teuhtli, el otro volc\u00e1n, que fue enemigo de Popocat\u00e9petl por el amor de Iztacc\u00edhuatl.","breadcrumb":{"@id":"https:\/\/soclose.mx\/blog\/tag\/juan-rulfo-frases-mujeres\/#breadcrumb"},"inLanguage":"es","potentialAction":[{"@type":"ReadAction","target":["https:\/\/soclose.mx\/blog\/tag\/juan-rulfo-frases-mujeres\/"]}]},{"@type":"ImageObject","inLanguage":"es","@id":"https:\/\/soclose.mx\/blog\/tag\/juan-rulfo-frases-mujeres\/#primaryimage","url":"https:\/\/i0.wp.com\/soclose.mx\/blog\/wp-content\/uploads\/2023\/06\/Leyenda-de-Teuhtli-volcanes-Popocatepetl-Iztaccihuatl-1.jpg?fit=1280%2C789&ssl=1","contentUrl":"https:\/\/i0.wp.com\/soclose.mx\/blog\/wp-content\/uploads\/2023\/06\/Leyenda-de-Teuhtli-volcanes-Popocatepetl-Iztaccihuatl-1.jpg?fit=1280%2C789&ssl=1","width":1280,"height":789,"caption":"Leyenda de Teuhtli"},{"@type":"BreadcrumbList","@id":"https:\/\/soclose.mx\/blog\/tag\/juan-rulfo-frases-mujeres\/#breadcrumb","itemListElement":[{"@type":"ListItem","position":1,"name":"Inicio","item":"https:\/\/soclose.mx\/blog\/"},{"@type":"ListItem","position":2,"name":"La leyenda de Teuhtli, el volc\u00e1n que lucha contra el Popocat\u00e9petl"}]},{"@type":"WebSite","@id":"https:\/\/soclose.mx\/blog\/#website","url":"https:\/\/soclose.mx\/blog\/","name":"So Close","description":"Hacemos contenidos de M\u00e9xico","publisher":{"@id":"https:\/\/soclose.mx\/blog\/#organization"},"potentialAction":[{"@type":"SearchAction","target":{"@type":"EntryPoint","urlTemplate":"https:\/\/soclose.mx\/blog\/?s={search_term_string}"},"query-input":{"@type":"PropertyValueSpecification","valueRequired":true,"valueName":"search_term_string"}}],"inLanguage":"es"},{"@type":"Organization","@id":"https:\/\/soclose.mx\/blog\/#organization","name":"So Close","url":"https:\/\/soclose.mx\/blog\/","logo":{"@type":"ImageObject","inLanguage":"es","@id":"https:\/\/soclose.mx\/blog\/#\/schema\/logo\/image\/","url":"https:\/\/i0.wp.com\/soclose.mx\/blog\/wp-content\/uploads\/2020\/12\/LOGO_SOCLOSE_COLOR-e1608310133507.png?fit=2858%2C1264&ssl=1","contentUrl":"https:\/\/i0.wp.com\/soclose.mx\/blog\/wp-content\/uploads\/2020\/12\/LOGO_SOCLOSE_COLOR-e1608310133507.png?fit=2858%2C1264&ssl=1","width":2858,"height":1264,"caption":"So Close"},"image":{"@id":"https:\/\/soclose.mx\/blog\/#\/schema\/logo\/image\/"}},{"@type":"Person","@id":"https:\/\/soclose.mx\/blog\/#\/schema\/person\/723eb117ab965b55c3e56b5d29751667","name":"So Close","image":{"@type":"ImageObject","inLanguage":"es","@id":"https:\/\/soclose.mx\/blog\/#\/schema\/person\/image\/","url":"https:\/\/secure.gravatar.com\/avatar\/5a1d1d694eaf6d2c28f450f0984cbb34821b92dc49c1d088c0250fbc6a48efec?s=96&d=mm&r=g","contentUrl":"https:\/\/secure.gravatar.com\/avatar\/5a1d1d694eaf6d2c28f450f0984cbb34821b92dc49c1d088c0250fbc6a48efec?s=96&d=mm&r=g","caption":"So Close"},"sameAs":["http:\/\/www.soclose.mx","https:\/\/www.youtube.com\/@soclosemx"],"url":"https:\/\/soclose.mx\/blog\/author\/admin\/"}]}},"jetpack_featured_media_url":"https:\/\/i0.wp.com\/soclose.mx\/blog\/wp-content\/uploads\/2023\/06\/Leyenda-de-Teuhtli-volcanes-Popocatepetl-Iztaccihuatl-1.jpg?fit=1280%2C789&ssl=1","jetpack-related-posts":[{"id":12076,"url":"https:\/\/soclose.mx\/blog\/lugares\/ovnis-en-mexico-cuatro-lugares-para-verlos-vamos\/","url_meta":{"origin":11743,"position":0},"title":"Ovnis en M\u00e9xico: Cuatro lugares para verlos \u00a1Vamos!","author":"Emmanuel Oviedo","date":"28 julio, 2023","format":false,"excerpt":"En M\u00e9xico estamos muy acostumbrados a las leyendas y a los fantasmas en mitad de la noche. As\u00ed que presenciar m\u00e1s cosas sobrenaturales no ser\u00eda nada extra\u00f1o para los mexicanos. Incluso, ya sabemos cu\u00e1les son los sitios que m\u00e1s frecuentan los extraterrestres, o los lugares en donde, se dice, se\u2026","rel":"","context":"En &quot;Lugares&quot;","block_context":{"text":"Lugares","link":"https:\/\/soclose.mx\/blog\/category\/lugares\/"},"img":{"alt_text":"Tepoztlan ovnis","src":"https:\/\/i0.wp.com\/soclose.mx\/blog\/wp-content\/uploads\/2023\/07\/12221958823_4760572724_k.jpg?resize=350%2C200&ssl=1","width":350,"height":200,"srcset":"https:\/\/i0.wp.com\/soclose.mx\/blog\/wp-content\/uploads\/2023\/07\/12221958823_4760572724_k.jpg?resize=350%2C200&ssl=1 1x, https:\/\/i0.wp.com\/soclose.mx\/blog\/wp-content\/uploads\/2023\/07\/12221958823_4760572724_k.jpg?resize=525%2C300&ssl=1 1.5x, https:\/\/i0.wp.com\/soclose.mx\/blog\/wp-content\/uploads\/2023\/07\/12221958823_4760572724_k.jpg?resize=700%2C400&ssl=1 2x, https:\/\/i0.wp.com\/soclose.mx\/blog\/wp-content\/uploads\/2023\/07\/12221958823_4760572724_k.jpg?resize=1050%2C600&ssl=1 3x, https:\/\/i0.wp.com\/soclose.mx\/blog\/wp-content\/uploads\/2023\/07\/12221958823_4760572724_k.jpg?resize=1400%2C800&ssl=1 4x"},"classes":[]},{"id":7388,"url":"https:\/\/soclose.mx\/blog\/ay-goeeee\/por-que-le-decimos-don-goyo-al-volcan-popocatepetl\/","url_meta":{"origin":11743,"position":1},"title":"\u00bfPor qu\u00e9 le decimos &#8216;Don Goyo&#8217; al volc\u00e1n Popocat\u00e9petl?","author":"Miguel Angel Romero","date":"14 octubre, 2021","format":false,"excerpt":"Todos hemos o\u00eddo de \u00e9l, algunos lo hemos visitado, miles m\u00e1s admirado y otros tantos le dicen de cari\u00f1o \"Don Goyo\", pero, \u00bfpor qu\u00e9 se le llama as\u00ed al Popocat\u00e9petl? La palabra Popocat\u00e9petl que significa en n\u00e1huatl \"monta\u00f1a que humea\" es uno de los volcanes m\u00e1s activos del pa\u00eds, considerado\u2026","rel":"","context":"En &quot;\u00a1Ay goeeee!&quot;","block_context":{"text":"\u00a1Ay goeeee!","link":"https:\/\/soclose.mx\/blog\/category\/ay-goeeee\/"},"img":{"alt_text":"","src":"https:\/\/i0.wp.com\/soclose.mx\/blog\/wp-content\/uploads\/2021\/10\/Copia-de-Principal-So-Close-blog-3.png?fit=1200%2C677&ssl=1&resize=350%2C200","width":350,"height":200,"srcset":"https:\/\/i0.wp.com\/soclose.mx\/blog\/wp-content\/uploads\/2021\/10\/Copia-de-Principal-So-Close-blog-3.png?fit=1200%2C677&ssl=1&resize=350%2C200 1x, https:\/\/i0.wp.com\/soclose.mx\/blog\/wp-content\/uploads\/2021\/10\/Copia-de-Principal-So-Close-blog-3.png?fit=1200%2C677&ssl=1&resize=525%2C300 1.5x, https:\/\/i0.wp.com\/soclose.mx\/blog\/wp-content\/uploads\/2021\/10\/Copia-de-Principal-So-Close-blog-3.png?fit=1200%2C677&ssl=1&resize=700%2C400 2x, https:\/\/i0.wp.com\/soclose.mx\/blog\/wp-content\/uploads\/2021\/10\/Copia-de-Principal-So-Close-blog-3.png?fit=1200%2C677&ssl=1&resize=1050%2C600 3x"},"classes":[]},{"id":7298,"url":"https:\/\/soclose.mx\/blog\/lugares\/7-datos-que-quizas-desconocias-del-pico-de-orizaba\/","url_meta":{"origin":11743,"position":2},"title":"7 datos que (quiz\u00e1s) desconoc\u00edas del Pico de Orizaba","author":"Miguel Angel Romero","date":"2 octubre, 2021","format":false,"excerpt":"Uno de las relieves m\u00e1s famosos del pa\u00eds es, sin duda, el Pico de Orizaba y para que conozcas un poco m\u00e1s sobre de \u00e9l, aqu\u00ed te presentamos algunos datos curiosos de este volc\u00e1n: 1.- Su nombre es Citlalt\u00e9petl. En n\u00e1huatl\u00a0 significa \u201cCerro de la Estrella\u201d y fue bautizado gracias\u2026","rel":"","context":"En &quot;Lugares&quot;","block_context":{"text":"Lugares","link":"https:\/\/soclose.mx\/blog\/category\/lugares\/"},"img":{"alt_text":"","src":"https:\/\/i0.wp.com\/soclose.mx\/blog\/wp-content\/uploads\/2021\/09\/Principal-So-Close-blog-4.png?fit=1200%2C677&ssl=1&resize=350%2C200","width":350,"height":200,"srcset":"https:\/\/i0.wp.com\/soclose.mx\/blog\/wp-content\/uploads\/2021\/09\/Principal-So-Close-blog-4.png?fit=1200%2C677&ssl=1&resize=350%2C200 1x, https:\/\/i0.wp.com\/soclose.mx\/blog\/wp-content\/uploads\/2021\/09\/Principal-So-Close-blog-4.png?fit=1200%2C677&ssl=1&resize=525%2C300 1.5x, https:\/\/i0.wp.com\/soclose.mx\/blog\/wp-content\/uploads\/2021\/09\/Principal-So-Close-blog-4.png?fit=1200%2C677&ssl=1&resize=700%2C400 2x, https:\/\/i0.wp.com\/soclose.mx\/blog\/wp-content\/uploads\/2021\/09\/Principal-So-Close-blog-4.png?fit=1200%2C677&ssl=1&resize=1050%2C600 3x"},"classes":[]},{"id":9625,"url":"https:\/\/soclose.mx\/blog\/news-feed\/la-exposicion-que-retrata-al-popocatepetl\/","url_meta":{"origin":11743,"position":3},"title":"La exposici\u00f3n que retrata al Popocat\u00e9petl","author":"Miguel Angel Romero","date":"27 abril, 2022","format":false,"excerpt":"El Popocat\u00e9petl\u00a0es retratado desde decenas de \u00e1ngulos por el pintor\u00a0Juan\u00a0Jos\u00e9 Zamarr\u00f3n, quien inaugura la exposici\u00f3n llamada El volc\u00e1n desde el balc\u00f3n\u00a0(con todo el cuerpo), en la galer\u00eda\u00a0Arturo Estrada\u00a0del teatro\u00a0Narciso Mendoza,\u00a0de Cuautla, Morelos. Con distintas formas, ritmos, contrastes, densidades, texturas y colores,\u00a0Zamarr\u00f3n se plante\u00f3 explorar las poderosas y m\u00edticas personalidades que\u2026","rel":"","context":"En &quot;News feed&quot;","block_context":{"text":"News feed","link":"https:\/\/soclose.mx\/blog\/category\/news-feed\/"},"img":{"alt_text":"","src":"https:\/\/i0.wp.com\/soclose.mx\/blog\/wp-content\/uploads\/2022\/04\/Copia-de-Principal-So-Close-blog-1-2.png?fit=1200%2C677&ssl=1&resize=350%2C200","width":350,"height":200,"srcset":"https:\/\/i0.wp.com\/soclose.mx\/blog\/wp-content\/uploads\/2022\/04\/Copia-de-Principal-So-Close-blog-1-2.png?fit=1200%2C677&ssl=1&resize=350%2C200 1x, https:\/\/i0.wp.com\/soclose.mx\/blog\/wp-content\/uploads\/2022\/04\/Copia-de-Principal-So-Close-blog-1-2.png?fit=1200%2C677&ssl=1&resize=525%2C300 1.5x, https:\/\/i0.wp.com\/soclose.mx\/blog\/wp-content\/uploads\/2022\/04\/Copia-de-Principal-So-Close-blog-1-2.png?fit=1200%2C677&ssl=1&resize=700%2C400 2x, https:\/\/i0.wp.com\/soclose.mx\/blog\/wp-content\/uploads\/2022\/04\/Copia-de-Principal-So-Close-blog-1-2.png?fit=1200%2C677&ssl=1&resize=1050%2C600 3x"},"classes":[]},{"id":14983,"url":"https:\/\/soclose.mx\/blog\/ay-goeeee\/teresita-de-jesus-baeza-la-primer-mujer-en-dormir-en-el-crater-del-popocatepetl\/","url_meta":{"origin":11743,"position":4},"title":"Teresita de Jes\u00fas Baeza: La primer mujer en dormir en el cr\u00e1ter del Popocat\u00e9petl","author":"So Close","date":"1 diciembre, 2025","format":false,"excerpt":"Teresita de Jes\u00fas Baeza se convirti\u00f3 en una figura hist\u00f3rica al lograr, a los 22 a\u00f1os, una haza\u00f1a sin precedentes: ser la primer mujer en dormir en el cr\u00e1ter del Popocat\u00e9petl. Esta expedici\u00f3n pionera no solo destac\u00f3 por el reto f\u00edsico y de resistencia, sino por la capacidad de Teresita\u2026","rel":"","context":"En &quot;\u00a1Ay goeeee!&quot;","block_context":{"text":"\u00a1Ay goeeee!","link":"https:\/\/soclose.mx\/blog\/category\/ay-goeeee\/"},"img":{"alt_text":"Volc\u00e1n Popocat\u00e9petl","src":"https:\/\/i0.wp.com\/soclose.mx\/blog\/wp-content\/uploads\/2025\/12\/Salma-Hayek.jpg?fit=1200%2C675&ssl=1&resize=350%2C200","width":350,"height":200,"srcset":"https:\/\/i0.wp.com\/soclose.mx\/blog\/wp-content\/uploads\/2025\/12\/Salma-Hayek.jpg?fit=1200%2C675&ssl=1&resize=350%2C200 1x, https:\/\/i0.wp.com\/soclose.mx\/blog\/wp-content\/uploads\/2025\/12\/Salma-Hayek.jpg?fit=1200%2C675&ssl=1&resize=525%2C300 1.5x, https:\/\/i0.wp.com\/soclose.mx\/blog\/wp-content\/uploads\/2025\/12\/Salma-Hayek.jpg?fit=1200%2C675&ssl=1&resize=700%2C400 2x, https:\/\/i0.wp.com\/soclose.mx\/blog\/wp-content\/uploads\/2025\/12\/Salma-Hayek.jpg?fit=1200%2C675&ssl=1&resize=1050%2C600 3x"},"classes":[]},{"id":9933,"url":"https:\/\/soclose.mx\/blog\/lugares\/mazatepetl-la-zona-de-venados-de-la-cdmx-que-nadie-conocia\/","url_meta":{"origin":11743,"position":5},"title":"Mazat\u00e9petl, la zona de venados de la CDMX que nadie conoc\u00eda","author":"Daniel Ram\u00edrez","date":"20 mayo, 2022","format":false,"excerpt":"En el a\u00f1o 2000, el Instituto Nacional de Antropolog\u00eda e Historia inici\u00f3 los trabajos de descubrimiento y rescate de la Zona Arqueol\u00f3gica Mazat\u00e9petl, ubicada en el Cerro del Jud\u00edo de San Bernab\u00e9 Ocotepec, alcald\u00eda Magdalena Contreras. La zona se encontraba oculta entre la maleza, por lo que fue dif\u00edcil saber\u2026","rel":"","context":"En &quot;Lugares&quot;","block_context":{"text":"Lugares","link":"https:\/\/soclose.mx\/blog\/category\/lugares\/"},"img":{"alt_text":"","src":"https:\/\/i0.wp.com\/soclose.mx\/blog\/wp-content\/uploads\/2022\/05\/pira.png?fit=1147%2C713&ssl=1&resize=350%2C200","width":350,"height":200,"srcset":"https:\/\/i0.wp.com\/soclose.mx\/blog\/wp-content\/uploads\/2022\/05\/pira.png?fit=1147%2C713&ssl=1&resize=350%2C200 1x, https:\/\/i0.wp.com\/soclose.mx\/blog\/wp-content\/uploads\/2022\/05\/pira.png?fit=1147%2C713&ssl=1&resize=525%2C300 1.5x, https:\/\/i0.wp.com\/soclose.mx\/blog\/wp-content\/uploads\/2022\/05\/pira.png?fit=1147%2C713&ssl=1&resize=700%2C400 2x, https:\/\/i0.wp.com\/soclose.mx\/blog\/wp-content\/uploads\/2022\/05\/pira.png?fit=1147%2C713&ssl=1&resize=1050%2C600 3x"},"classes":[]}],"jetpack_sharing_enabled":true,"_links":{"self":[{"href":"https:\/\/soclose.mx\/blog\/wp-json\/wp\/v2\/posts\/11743","targetHints":{"allow":["GET"]}}],"collection":[{"href":"https:\/\/soclose.mx\/blog\/wp-json\/wp\/v2\/posts"}],"about":[{"href":"https:\/\/soclose.mx\/blog\/wp-json\/wp\/v2\/types\/post"}],"author":[{"embeddable":true,"href":"https:\/\/soclose.mx\/blog\/wp-json\/wp\/v2\/users\/1"}],"replies":[{"embeddable":true,"href":"https:\/\/soclose.mx\/blog\/wp-json\/wp\/v2\/comments?post=11743"}],"version-history":[{"count":0,"href":"https:\/\/soclose.mx\/blog\/wp-json\/wp\/v2\/posts\/11743\/revisions"}],"wp:featuredmedia":[{"embeddable":true,"href":"https:\/\/soclose.mx\/blog\/wp-json\/wp\/v2\/media\/11903"}],"wp:attachment":[{"href":"https:\/\/soclose.mx\/blog\/wp-json\/wp\/v2\/media?parent=11743"}],"wp:term":[{"taxonomy":"category","embeddable":true,"href":"https:\/\/soclose.mx\/blog\/wp-json\/wp\/v2\/categories?post=11743"},{"taxonomy":"post_tag","embeddable":true,"href":"https:\/\/soclose.mx\/blog\/wp-json\/wp\/v2\/tags?post=11743"}],"curies":[{"name":"wp","href":"https:\/\/api.w.org\/{rel}","templated":true}]}}