{"id":12018,"date":"2023-08-15T13:07:20","date_gmt":"2023-08-15T19:07:20","guid":{"rendered":"https:\/\/soclose.mx\/blog\/?p=12018"},"modified":"2023-07-29T13:08:15","modified_gmt":"2023-07-29T19:08:15","slug":"mujeres-independencia-heroinas-patria","status":"publish","type":"post","link":"https:\/\/soclose.mx\/blog\/a-la-mexicana\/mujeres-independencia-heroinas-patria\/","title":{"rendered":"Mujeres de la Independencia que no se rajaron \u00bfLas conoces?"},"content":{"rendered":"<p>Las <strong>mujeres en la Independencia<\/strong> de M\u00e9xico tuvieron un papel importante y trascendieron en un mundo dominado por los hombres. Entregaron al pa\u00eds lo mejor de s\u00ed y muchas han permanecido en el anonimato; solo algunas han sobresalido en el discurso de la historia.<\/p>\n<p>Desde muy peque\u00f1os, en la escuela nos han familiarizado con los h\u00e9roes de la Independencia de M\u00e9xico. De inmediato reconocemos nombres como el de Miguel Hidalgo, Jos\u00e9 Mar\u00eda Morelos y Pav\u00f3n, Ignacio Allende, Juan Aldama y Vicente Guerrero, entre otros.<\/p>\n<p>Pero las <strong>mujeres<\/strong> son parte de la historia nacional pues participaron activamente en la construcci\u00f3n de lo que ahora es la naci\u00f3n y para continuar con la reivindicaci\u00f3n de las <strong>mujeres de la Independencia<\/strong> hablaremos de aquellas que tuvieron un papel fundamental en esta lucha.<\/p>\n<h2>Josefa Ortiz de Dom\u00ednguez, una de las mujeres de la Independencia<\/h2>\n<p>Naci\u00f3 en la ciudad de Valladolid, hoy Morelia, Michoac\u00e1n el 8 de setiembre 1768, Miguel Dom\u00ednguez fue su compa\u00f1ero de estudios y en 1793 se casaron en secreto en el Sagrario de la Catedral, tuvieron 14 hijos. En 1801 Dom\u00ednguez, se convierte en corregidor de Quer\u00e9taro.<\/p>\n<p>En aquellos a\u00f1os, a las <strong>mujeres<\/strong> no se les ense\u00f1aba a escribir, s\u00f3lo a leer para que siguieran el orden de la misa y no pudieran enviar cartas a sus novios; &#8220;Josefa sab\u00eda escribir pero para no levantar sospechas sobre su participaci\u00f3n en la insurgencia, hacia escritos con los recortes de letras de peri\u00f3dicos para formar los mensajes dirigidos a los conspiradores.<\/p>\n<p>Adem\u00e1s de que se sab\u00eda que en su casa se realizaban las reuniones previas al estallido de la revuelta de <strong>Independencia.<\/strong><\/p>\n<p>El 14 de septiembre de 1810 se descubre la conspiraci\u00f3n y &#8220;La Corregidora&#8221; planeaba avisar personalmente a Miguel Hidalgo, pero su esposo lo impide. Finalmente, un d\u00eda despu\u00e9s lo logr\u00f3 e inici\u00f3 la revuelta.<\/p>\n<p>El 14 de diciembre de 1813 Jos\u00e9 Mariano Berist\u00e1in y Sousa, comisionado eclesi\u00e1stico en Quer\u00e9taro, la denunci\u00f3 ante el virrey Calleja, por acciones subversivas pero es hasta el 6 de enero de 1814 que es encarcelada en el convento de Santa Teresa, donde permaneci\u00f3 4 a\u00f1os; quedando bajo la custodia de su marido.<\/p>\n<p>A pesar de ello, continu\u00f3 con actos subversivos y es encarcelada de nuevo y pas\u00f3 siete a\u00f1os en total en prisi\u00f3n.<\/p>\n<h2>Datos que no conoc\u00edas de Josefa Ortiz de Dom\u00ednguez<\/h2>\n<ul>\n<li>Al establecerse el Imperio de lturbide, se neg\u00f3 a ser dama de honor de la emperatriz<\/li>\n<li>Una de sus frases c\u00e9lebres es: <em>&#8220;D\u00edgale usted a la Sra. que quien es soberana en su hogar no puede ser dama de ninguna emperatriz&#8221;.<\/em><\/li>\n<li>No acept\u00f3 recompensa alguna por sus servicios a la insurgencia.<\/li>\n<li>El Congreso del estado de Quer\u00e9taro la nombr\u00f3 Benem\u00e9rita y su estatua preside la plaza principal de su<br \/>\ncapital, as\u00ed como la de Santo Domingo en el Centro Hist\u00f3rico de la Ciudad de M\u00e9xico.<\/li>\n<li>El 2 de marzo de 1829 muere a los 56 a\u00f1os, enferma de pleures\u00eda.<\/li>\n<li>En 1878 es declarada Benem\u00e9rita de la patria y se coloca su nombre en letras doradas en la C\u00e1mara de Diputados.<\/li>\n<li>En 1900 se coloca su estatua en plaza de Santo Domingo.<\/li>\n<\/ul>\n<h2><\/h2>\n<h2>Leona Vicario: Benem\u00e9rita y dulc\u00edsima madre de la Patria<\/h2>\n<p>Naci\u00f3 el 10 de abril de 1789 en la Ciudad de M\u00e9xico, era de familia acomodada, qued\u00f3 hu\u00e9rfana a los 18 a\u00f1os y baj\u00f3 la tutela de su t\u00edo, el abogado Agust\u00edn Fern\u00e1ndez de San Salvador.<\/p>\n<p>Se interes\u00f3 por las bellas artes, las ciencias y la literatura, as\u00ed como en el idioma franc\u00e9s. Conoci\u00f3 a Andr\u00e9s Quintana Roo mientras \u00e9l trabajaba como pasante en el bufete de abogados de su t\u00edo, Agust\u00edn Pomposo y comparten ideas liberales y es en 1811 que Quintana Roo se uni\u00f3 a las fuerzas rebeldes de L\u00f3pez Ray\u00f3n en Tlalpujahua.<\/p>\n<p>El sobrenombre de esta mujer independista: &#8220;Benem\u00e9rita dulc\u00edsima madre de la patria&#8221; no est\u00e1 para nada de sobra. <strong><a href=\"https:\/\/www.gob.mx\/segob\/articulos\/conoce-mas-acerca-de-leona-vicario#:~:text=Hero%C3%ADna%20de%20la%20independencia%20mexicana,25%20de%20agosto%20de%201842.&amp;text=Leona%20Vicario%2C%20fue%20hija%20del,de%20San%20Salvador%20y%20Montiel.\">Leona Vicario<\/a> <\/strong>contribuy\u00f3 a la Independencia desde el campo de las letras. Publicaba en varios peri\u00f3dicos de la \u00e9poca y desde la Ciudad de M\u00e9xico manten\u00eda informado al p\u00fablico insurgente con noticias de la insurgencia.<\/p>\n<p>Adem\u00e1s de rebelde, periodista,<strong> Leona Vicario<\/strong> se cas\u00f3 con un h\u00e9roe insurgente, Andr\u00e9s Quintana Roo y tambi\u00e9n se uni\u00f3 a las tropas de Morelos para despu\u00e9s escapar de la persecuci\u00f3n.<\/p>\n<p>Se sabe que muri\u00f3 en su casa ubicada en la calle que hoy se conoce como Rep\u00fablica de Brasil, donde curiosamente recibieron de inquilino a un tal Antonio L\u00f3pez de Santa Anna. La <a href=\"https:\/\/inba.gob.mx\/recinto\/60\">casa<\/a> sirve de museo y como actual Coordinaci\u00f3n Nacional de Literatura.<\/p>\n<p>A los 19 a\u00f1os, Leona Vicario era una insurgente comprometida con sus ideas y \u00e1vida lectora de los cl\u00e1sicos, distribu\u00eda correspondencia rebelde, animaba a j\u00f3venes a que se enrolaran y ayudaba a familias de presos, Transmit\u00eda informes en clave en El Ilustrador Americano.<\/p>\n<p>&nbsp;<\/p>\n<h2>Sab\u00edas esto de Leona Vicario, otra de las mujeres de la Independencia<\/h2>\n<p>Te compartimos algunos detalles que no conoc\u00edas de<strong> Leona Vicario<\/strong>, una de las <strong>mujeres de la Independencia<\/strong>, esto de acuerdo con estudios realizados por la<a href=\"https:\/\/patriciagaleana.net\/\"> historiadora Patricia Galeana<\/a>, ch\u00e9calos:<\/p>\n<ul>\n<li>Es la primera periodista mexicana.<\/li>\n<li>Evit\u00f3 golpes a la insurrecci\u00f3n y avisaba de las disposiciones que las autoridades impon\u00edan en su contra.<\/li>\n<li>Nombr\u00f3 con pseud\u00f3nimos a los insurgentes con nombres de sus lecturas: Tel\u00e9maco, Robinson, Lavoisier.<\/li>\n<li>Don\u00f3 su fortuna a la insurgencia. Compraba armas y reclutaba soldados, adem\u00e1s vendi\u00f3 sus joyas para comprar bronce y fundir ca\u00f1ones en Tlalpujahua<\/li>\n<li>En marzo de 1813 fue torturada y procesada. Sentenciada a permanecer en el Convento de Bel\u00e9m de las Mochas y le fueron confiscados todos sus bienes.<\/li>\n<li>Rescatada por insurgentes se disfraz\u00f3 de esclava negra.<\/li>\n<li>Vestida de arriero llevaba la imprenta para seguir editando El Ilustrador Nacional.<\/li>\n<li>Se uni\u00f3 al ej\u00e9rcito de Morelos en Oaxaca y ayud\u00f3 a planear la estrategia.<\/li>\n<li>Escrib\u00eda en pro de la insurgencia; administraba recursos y atend\u00eda heridos.<\/li>\n<\/ul>\n<h2>Leona Vicario se casa con Andr\u00e9s Quintana Roo<\/h2>\n<ul>\n<li>En 1813, a los 24 a\u00f1os se casa con <a href=\"https:\/\/www.cndh.org.mx\/noticia\/andres-quintana-roo-procer-de-la-independencia-ideologo-e-impulsor-de-la-organizacion\">Andr\u00e9s Quintana Roo<\/a> en Oaxaca.<\/li>\n<li>Realistas les ofrecieron el indulto, ambos lo rechazaron y confiscan sus bienes.<\/li>\n<li>Los realistas los persiguen, Leona y Andr\u00e9s se refugian en los montes de la Sierra de Tlatlaya.<\/li>\n<li>En 1818 el matrimonio es delatado y aprehendido.<\/li>\n<li>Andr\u00e9s escap\u00f3 y solicit\u00f3 indulto para su familia.<\/li>\n<li>Se les concede exilio en Espa\u00f1a, pero por la precariedad econ\u00f3mica, vive su destierro en Toluca. Ni<br \/>\nel Consulado ni el gobierno quisieron pagarles el viaje.<\/li>\n<li>En 1822 el Congreso le da la casa de Rep\u00fablica de Brasil esquina con Colombia, en compensaci\u00f3n por su aportaci\u00f3n<br \/>\na la Independencia.<\/li>\n<li>Ella y su esposo desaprobaron el Imperio Iturbidista.<\/li>\n<li>En 1831,\u00a0 Leona Vicario exige garantizar la vida de su marido, amenazado por haber denunciado el crimen contra<br \/>\nGuerrero. Ella es acusada de insultar al presidente Anastacio Bustamante.<\/li>\n<li>Lucas Alam\u00e1n afirm\u00f3 que ella luch\u00f3 por amor a su marido y no por patriotismo.<\/li>\n<li>El 21 de agosto de 1842 muere a los 53 a\u00f1os.<\/li>\n<\/ul>\n<p><iframe loading=\"lazy\" title=\"YouTube video player\" src=\"https:\/\/www.youtube.com\/embed\/M-kE7xn-PGc\" width=\"560\" height=\"315\" frameborder=\"0\" allowfullscreen=\"allowfullscreen\"><\/iframe><\/p>\n<h2><\/h2>\n<h2>Mariana Rodr\u00edguez del Toro: La casi secuestradora del virrey<\/h2>\n<p>Nace en 1775 en la Ciudad de M\u00e9xico. Se convierte en esposa de Manuel Lazar\u00edn, son de familia acomodada. La visionaria de los instintos radicales, asisti\u00f3 a las reuniones de complot donde se encontraban Miguel Hidalgo y do\u00f1a Josefa Ortiz.<\/p>\n<p>Al saber de la derrota de los insurgentes en Puente de Calder\u00f3n y Acatita de Baj\u00e1n, propuso aprehender al virrey, otras versiones indican que cambiar\u00eda la vida del virrey Venegas por la de los insurgentes; llevar al virrey para ser juzgado por la<br \/>\nJunta de Zit\u00e1cuaro.<\/p>\n<p>Sin embargo, la conspiraci\u00f3n no tuvo \u00e9xito, Jos\u00e9 Mar\u00eda Gallardo se confiesa con el padre Camargo, quien violando el secreto<br \/>\nde confesi\u00f3n inform\u00f3 al virrey. Gallardo fue aprehendido y presionado para delatar a sus c\u00f3mplices.<\/p>\n<p>Mariana y su esposo fueron encarcelados hasta 1820, ella falleci\u00f3 en 1821.<\/p>\n<p><strong>Mariana Rodr\u00edguez<\/strong> inspir\u00f3 la continuaci\u00f3n de la lucha, adem\u00e1s que pas\u00f3 a la memoria de la historia y de la ciudad, pues ahora su nombre bautiza una calle en nuestra actual <a href=\"https:\/\/soclose.mx\/blog\/ay-goeeee\/tepito-por-que-barrio-bravo-historia\/\">Lagunilla.<\/a><\/p>\n<h2>Mar\u00eda Ignacia Rodr\u00edguez de Velasco: &#8220;La G\u00fcera Rodriguez&#8221;<\/h2>\n<p>Una de las <strong>mujeres de la Independencia<\/strong> reconocida, entre otras cualidades por su belleza y su car\u00e1cter fuerte, es &#8220;La G\u00fcera&#8221; Rodr\u00edguez buscaba no s\u00f3lo la libertad de la Patria sino tambi\u00e9n su propia libertad de los prejuicios.<\/p>\n<p>Naci\u00f3 el 20 de noviembre de 1778 en la ciudad de M\u00e9xico y trascendi\u00f3 no s\u00f3lo por su apoyo a la insurgencia sino por su transgresi\u00f3n al deber ser femenino.<\/p>\n<p>Tuvo tres matrimonios, enviud\u00f3 dos veces; en 1794 se cas\u00f3 con Jos\u00e9 Jer\u00f3nimo L\u00f3pez de Peralta de Villar Villamil y estuvo a punto de perder la vida a manos de su esposo. \u00c9l inici\u00f3 proceso de divorcio eclesi\u00e1stico, acus\u00e1ndola falsamente de adulterio. Tuvieron cuatro hijos.<\/p>\n<p>En 1805, viuda, se cas\u00f3 con Mariano de Briones de 70 a\u00f1os quien tambi\u00e9n muere y con quien tuvo una hija. Fue heredera de fortunas que le permitieron aportar recursos a la insurgencia.<\/p>\n<h2>Datos curiosos de &#8220;La G\u00fcera&#8221; Rodr\u00edguez<\/h2>\n<ul>\n<li>Fu partidaria de Miguel Hidalgo. Su casa fue centro de reuniones pol\u00edticas.<\/li>\n<li>El 22 de mazo de 1811 fue acusada de herej\u00eda por trato con Hidalgo. Aportaba grandes sumas de dinero y llam\u00f3 la atenci\u00f3n de inquisidores por lo que fue llamada al sal\u00f3n de audiencias.<\/li>\n<li>El inquisidor Juan S\u00e1enz de Ma\u00f1ozca la culp\u00f3 de adulterio, manceb\u00eda y bigamia. Ella sab\u00eda de los tres a\u00f1os de amor\u00edos del Inquisidor con su monaguillo de 16 a\u00f1os en el convento de San Francisco, amenaz\u00f3 con hacerlo p\u00fablico y puso en un dilema a los inquisidores por lo que pudo abandonar la sala.<\/li>\n<li>Aunque se le levantaron cargos de herej\u00eda, la Inquisici\u00f3n no pudo probarlos. Nada confirma que tuvo tratos con Hidalgo.<\/li>\n<li>Fue desterrada a Quer\u00e9taro. para que los chismes se calmaran.<\/li>\n<li>Fue enlace entre Iturbide, el virrey Apodaca y emisarios secretos de Espa\u00f1a para negociar la Independencia.<\/li>\n<li>Particip\u00f3 en la conspiraci\u00f3n de La Profesa.<\/li>\n<li>Tuvo acceso a documentos confidenciales de la \u00e9poca, como la carta que el rey de Espa\u00f1a, Fernando VII, envi\u00f3 al virrey<br \/>\nApodaca donde le propone conseguir a un caudillo con fuerza y popularidad para que haga tratos con insurgentes.<\/li>\n<li>Dedic\u00f3 los \u00faltimos a\u00f1os de su vida a Tercera Orden de San Francisco.<\/li>\n<li>En 1850, muere a los 71 a\u00f1os<\/li>\n<\/ul>\n<p>Sobre el supuesto v\u00ednculo amoroso con Iturbide para la consumaci\u00f3n de la Independencia, cuentan que en la entrada triunfal para anunciar el fin de la lucha armada en la Ciudad de M\u00e9xico, Iturbide desvi\u00f3 sus tropas, pasando cerca de la casa donde viv\u00eda Mar\u00eda Ignacia, como si se tratara de una serenata heroica.<\/p>\n<h2>Rafaela L\u00f3pez Aguado: mujer de la Independencia<\/h2>\n<p>Es considerada hero\u00edna de la <a title=\"Independencia de M\u00e9xico\" href=\"https:\/\/diccionario.sensagent.com\/Independencia%20de%20M%C3%A9xico\/es-es\/\">Independencia de M\u00e9xico<\/a> por ser madre los cinco hermanos L\u00f3pez Ray\u00f3n, quienes combatieron en esa guerra, destacando el mayor de ellos, el general Ignacio L\u00f3pez Ray\u00f3n secretario de Miguel Hidalgo.<\/p>\n<p>Las madres mexicanas se pueden sentirse identificadas con Rafaela y la sensaci\u00f3n de estar con el Jes\u00fas en la boca al ver que su hijo no regresa a casa. De la misma manera se sinti\u00f3 ella pero cuando su hijo Francisco fue arrestado y condenado a muerte.<\/p>\n<p>La noticia lleg\u00f3 mientras se encontraba refugiada en una fortaleza con su familia. Para su liberaci\u00f3n, se ped\u00eda la entrega de las armas, *tambi\u00e9n de la fortaleza y de sus otros hijos quienes tambi\u00e9n participaban en la revuelta.<\/p>\n<p>En clara negativa, se le atribuye la siguiente frase como respuesta: &#8220;Prefiero un hijo muerto que traidor a la Patria&#8221;.<\/p>\n<h2><\/h2>\n<h2><iframe loading=\"lazy\" title=\"YouTube video player\" src=\"https:\/\/www.youtube.com\/embed\/J0e-WWHyT7g\" width=\"560\" height=\"315\" frameborder=\"0\" allowfullscreen=\"allowfullscreen\"><\/iframe><\/h2>\n<h2><\/h2>\n<h2>Mujeres de la Independencia: Gertrudis Bocanegra<\/h2>\n<p>Nace en 1775, es originaria de P\u00e1tzcuaro, Michoac\u00e1n, hija de espa\u00f1oles que se\u00a0 cas\u00f3 con el alf\u00e9rez de los ej\u00e9rcitos reales.<\/p>\n<p>Abraz\u00f3 la causa insurgente y persuadi\u00f3 a su esposo e hijo de 17 a\u00f1os para que se unieran a Hidalgo, sin embargo perdi\u00f3 a ambos a consecuencia de la guerra. Sigui\u00f3 arriesgando su vida, pidiendo a los habitantes de haciendas y rancher\u00edas a unirse a la causa insurgente.<\/p>\n<p>Fue detenida\u00a0 y en 1818 al negarse a intercambiar su libertad por la de los insurgentes, fue condenada a muerte.<\/p>\n<p>As\u00ed que ya sabes, cuando toda la familia este reunida el <strong>15 de septiembre<\/strong>, y se pase lista de los h\u00e9roes en el famoso &#8220;Grito&#8221;, podr\u00e1s romper el hielo con alg\u00fan dato curioso y patri\u00f3tico de estas<strong> mujeres de la Independencia.<\/strong><\/p>\n","protected":false},"excerpt":{"rendered":"<p>Las mujeres en la Independencia de M\u00e9xico tuvieron un papel importante y trascendieron en un mundo dominado por los hombres. Entregaron al pa\u00eds lo mejor de s\u00ed y muchas han permanecido en el anonimato; solo algunas han sobresalido en el discurso de la historia. Desde muy peque\u00f1os, en la escuela nos han familiarizado con los h\u00e9roes de la Independencia de M\u00e9xico. De inmediato reconocemos nombres como el de Miguel Hidalgo, Jos\u00e9 Mar\u00eda Morelos y Pav\u00f3n, Ignacio Allende, Juan Aldama y Vicente Guerrero, entre otros. Pero las mujeres son parte de la historia nacional pues participaron activamente en la construcci\u00f3n de<\/p>\n","protected":false},"author":12,"featured_media":12126,"comment_status":"open","ping_status":"open","sticky":false,"template":"","format":"standard","meta":{"_jetpack_memberships_contains_paid_content":false,"footnotes":""},"categories":[1778],"tags":[1272,866,1273,1462,2137],"class_list":["post-12018","post","type-post","status-publish","format-standard","has-post-thumbnail","hentry","category-a-la-mexicana","tag-15-de-septiembre","tag-agustin-de-iturbide","tag-grito-de-independencia","tag-independencia","tag-miguel-hidalgo"],"yoast_head":"<!-- This site is optimized with the Yoast SEO plugin v26.7 - https:\/\/yoast.com\/wordpress\/plugins\/seo\/ -->\n<title>Mujeres de la Independencia que no se rajaron \u00bfLas conoces? -<\/title>\n<meta name=\"description\" content=\"Te presentamos a las mujeres de la Independencia que tambi\u00e9n fueron parte fundamental de la naci\u00f3n que somos actualmente.\" \/>\n<meta name=\"robots\" content=\"index, follow, max-snippet:-1, max-image-preview:large, max-video-preview:-1\" \/>\n<link rel=\"canonical\" href=\"https:\/\/soclose.mx\/blog\/tag\/juan-rulfo-frases-mujeres\/\" \/>\n<meta property=\"og:locale\" content=\"es_MX\" \/>\n<meta property=\"og:type\" content=\"article\" \/>\n<meta property=\"og:title\" content=\"Mujeres de la Independencia que no se rajaron \u00bfLas conoces? -\" \/>\n<meta property=\"og:description\" content=\"Te presentamos a las mujeres de la Independencia que tambi\u00e9n fueron parte fundamental de la naci\u00f3n que somos actualmente.\" \/>\n<meta property=\"og:url\" content=\"https:\/\/soclose.mx\/blog\/tag\/juan-rulfo-frases-mujeres\/\" \/>\n<meta property=\"og:site_name\" content=\"So Close\" \/>\n<meta property=\"article:published_time\" content=\"2023-08-15T19:07:20+00:00\" \/>\n<meta property=\"og:image\" content=\"https:\/\/i0.wp.com\/soclose.mx\/blog\/wp-content\/uploads\/2023\/07\/Mujeres-en-la-Independencia-Mexico-heroinas.jpg?fit=1280%2C720&ssl=1\" \/>\n\t<meta property=\"og:image:width\" content=\"1280\" \/>\n\t<meta property=\"og:image:height\" content=\"720\" \/>\n\t<meta property=\"og:image:type\" content=\"image\/jpeg\" \/>\n<meta name=\"author\" content=\"Emmanuel Oviedo\" \/>\n<meta name=\"twitter:card\" content=\"summary_large_image\" \/>\n<meta name=\"twitter:label1\" content=\"Escrito por\" \/>\n\t<meta name=\"twitter:data1\" content=\"Emmanuel Oviedo\" \/>\n\t<meta name=\"twitter:label2\" content=\"Tiempo de lectura\" \/>\n\t<meta name=\"twitter:data2\" content=\"10 minutos\" \/>\n<script type=\"application\/ld+json\" class=\"yoast-schema-graph\">{\"@context\":\"https:\/\/schema.org\",\"@graph\":[{\"@type\":\"Article\",\"@id\":\"https:\/\/soclose.mx\/blog\/tag\/juan-rulfo-frases-mujeres\/#article\",\"isPartOf\":{\"@id\":\"https:\/\/soclose.mx\/blog\/tag\/juan-rulfo-frases-mujeres\/\"},\"author\":{\"name\":\"Emmanuel Oviedo\",\"@id\":\"https:\/\/soclose.mx\/blog\/#\/schema\/person\/2f5b2fa33ca701af6ff6aad6fa0e2e30\"},\"headline\":\"Mujeres de la Independencia que no se rajaron \u00bfLas conoces?\",\"datePublished\":\"2023-08-15T19:07:20+00:00\",\"mainEntityOfPage\":{\"@id\":\"https:\/\/soclose.mx\/blog\/tag\/juan-rulfo-frases-mujeres\/\"},\"wordCount\":2171,\"commentCount\":0,\"publisher\":{\"@id\":\"https:\/\/soclose.mx\/blog\/#organization\"},\"image\":{\"@id\":\"https:\/\/soclose.mx\/blog\/tag\/juan-rulfo-frases-mujeres\/#primaryimage\"},\"thumbnailUrl\":\"https:\/\/i0.wp.com\/soclose.mx\/blog\/wp-content\/uploads\/2023\/07\/Mujeres-en-la-Independencia-Mexico-heroinas.jpg?fit=1280%2C720&ssl=1\",\"keywords\":[\"15 de septiembre\",\"agust\u00edn de iturbide\",\"grito de independencia\",\"independencia\",\"miguel hidalgo\"],\"articleSection\":[\"A la mexicana\"],\"inLanguage\":\"es\",\"potentialAction\":[{\"@type\":\"CommentAction\",\"name\":\"Comment\",\"target\":[\"https:\/\/soclose.mx\/blog\/tag\/juan-rulfo-frases-mujeres\/#respond\"]}]},{\"@type\":\"WebPage\",\"@id\":\"https:\/\/soclose.mx\/blog\/tag\/juan-rulfo-frases-mujeres\/\",\"url\":\"https:\/\/soclose.mx\/blog\/tag\/juan-rulfo-frases-mujeres\/\",\"name\":\"Mujeres de la Independencia que no se rajaron \u00bfLas conoces? -\",\"isPartOf\":{\"@id\":\"https:\/\/soclose.mx\/blog\/#website\"},\"primaryImageOfPage\":{\"@id\":\"https:\/\/soclose.mx\/blog\/tag\/juan-rulfo-frases-mujeres\/#primaryimage\"},\"image\":{\"@id\":\"https:\/\/soclose.mx\/blog\/tag\/juan-rulfo-frases-mujeres\/#primaryimage\"},\"thumbnailUrl\":\"https:\/\/i0.wp.com\/soclose.mx\/blog\/wp-content\/uploads\/2023\/07\/Mujeres-en-la-Independencia-Mexico-heroinas.jpg?fit=1280%2C720&ssl=1\",\"datePublished\":\"2023-08-15T19:07:20+00:00\",\"description\":\"Te presentamos a las mujeres de la Independencia que tambi\u00e9n fueron parte fundamental de la naci\u00f3n que somos actualmente.\",\"breadcrumb\":{\"@id\":\"https:\/\/soclose.mx\/blog\/tag\/juan-rulfo-frases-mujeres\/#breadcrumb\"},\"inLanguage\":\"es\",\"potentialAction\":[{\"@type\":\"ReadAction\",\"target\":[\"https:\/\/soclose.mx\/blog\/tag\/juan-rulfo-frases-mujeres\/\"]}]},{\"@type\":\"ImageObject\",\"inLanguage\":\"es\",\"@id\":\"https:\/\/soclose.mx\/blog\/tag\/juan-rulfo-frases-mujeres\/#primaryimage\",\"url\":\"https:\/\/i0.wp.com\/soclose.mx\/blog\/wp-content\/uploads\/2023\/07\/Mujeres-en-la-Independencia-Mexico-heroinas.jpg?fit=1280%2C720&ssl=1\",\"contentUrl\":\"https:\/\/i0.wp.com\/soclose.mx\/blog\/wp-content\/uploads\/2023\/07\/Mujeres-en-la-Independencia-Mexico-heroinas.jpg?fit=1280%2C720&ssl=1\",\"width\":1280,\"height\":720,\"caption\":\"Mujeres en la Independencia de M\u00e9xico\"},{\"@type\":\"BreadcrumbList\",\"@id\":\"https:\/\/soclose.mx\/blog\/tag\/juan-rulfo-frases-mujeres\/#breadcrumb\",\"itemListElement\":[{\"@type\":\"ListItem\",\"position\":1,\"name\":\"Inicio\",\"item\":\"https:\/\/soclose.mx\/blog\/\"},{\"@type\":\"ListItem\",\"position\":2,\"name\":\"Mujeres de la Independencia que no se rajaron \u00bfLas conoces?\"}]},{\"@type\":\"WebSite\",\"@id\":\"https:\/\/soclose.mx\/blog\/#website\",\"url\":\"https:\/\/soclose.mx\/blog\/\",\"name\":\"So Close\",\"description\":\"Hacemos contenidos de M\u00e9xico\",\"publisher\":{\"@id\":\"https:\/\/soclose.mx\/blog\/#organization\"},\"potentialAction\":[{\"@type\":\"SearchAction\",\"target\":{\"@type\":\"EntryPoint\",\"urlTemplate\":\"https:\/\/soclose.mx\/blog\/?s={search_term_string}\"},\"query-input\":{\"@type\":\"PropertyValueSpecification\",\"valueRequired\":true,\"valueName\":\"search_term_string\"}}],\"inLanguage\":\"es\"},{\"@type\":\"Organization\",\"@id\":\"https:\/\/soclose.mx\/blog\/#organization\",\"name\":\"So Close\",\"url\":\"https:\/\/soclose.mx\/blog\/\",\"logo\":{\"@type\":\"ImageObject\",\"inLanguage\":\"es\",\"@id\":\"https:\/\/soclose.mx\/blog\/#\/schema\/logo\/image\/\",\"url\":\"https:\/\/i0.wp.com\/soclose.mx\/blog\/wp-content\/uploads\/2020\/12\/LOGO_SOCLOSE_COLOR-e1608310133507.png?fit=2858%2C1264&ssl=1\",\"contentUrl\":\"https:\/\/i0.wp.com\/soclose.mx\/blog\/wp-content\/uploads\/2020\/12\/LOGO_SOCLOSE_COLOR-e1608310133507.png?fit=2858%2C1264&ssl=1\",\"width\":2858,\"height\":1264,\"caption\":\"So Close\"},\"image\":{\"@id\":\"https:\/\/soclose.mx\/blog\/#\/schema\/logo\/image\/\"}},{\"@type\":\"Person\",\"@id\":\"https:\/\/soclose.mx\/blog\/#\/schema\/person\/2f5b2fa33ca701af6ff6aad6fa0e2e30\",\"name\":\"Emmanuel Oviedo\",\"image\":{\"@type\":\"ImageObject\",\"inLanguage\":\"es\",\"@id\":\"https:\/\/soclose.mx\/blog\/#\/schema\/person\/image\/\",\"url\":\"https:\/\/secure.gravatar.com\/avatar\/914334c1a2cb2e261b83fa7990e5176305d5c7aa66c050c11f0b52b32a08c28f?s=96&d=mm&r=g\",\"contentUrl\":\"https:\/\/secure.gravatar.com\/avatar\/914334c1a2cb2e261b83fa7990e5176305d5c7aa66c050c11f0b52b32a08c28f?s=96&d=mm&r=g\",\"caption\":\"Emmanuel Oviedo\"},\"url\":\"https:\/\/soclose.mx\/blog\/author\/emmanuel-oviedo\/\"}]}<\/script>\n<!-- \/ Yoast SEO plugin. -->","yoast_head_json":{"title":"Mujeres de la Independencia que no se rajaron \u00bfLas conoces? -","description":"Te presentamos a las mujeres de la Independencia que tambi\u00e9n fueron parte fundamental de la naci\u00f3n que somos actualmente.","robots":{"index":"index","follow":"follow","max-snippet":"max-snippet:-1","max-image-preview":"max-image-preview:large","max-video-preview":"max-video-preview:-1"},"canonical":"https:\/\/soclose.mx\/blog\/tag\/juan-rulfo-frases-mujeres\/","og_locale":"es_MX","og_type":"article","og_title":"Mujeres de la Independencia que no se rajaron \u00bfLas conoces? -","og_description":"Te presentamos a las mujeres de la Independencia que tambi\u00e9n fueron parte fundamental de la naci\u00f3n que somos actualmente.","og_url":"https:\/\/soclose.mx\/blog\/tag\/juan-rulfo-frases-mujeres\/","og_site_name":"So Close","article_published_time":"2023-08-15T19:07:20+00:00","og_image":[{"width":1280,"height":720,"url":"https:\/\/i0.wp.com\/soclose.mx\/blog\/wp-content\/uploads\/2023\/07\/Mujeres-en-la-Independencia-Mexico-heroinas.jpg?fit=1280%2C720&ssl=1","type":"image\/jpeg"}],"author":"Emmanuel Oviedo","twitter_card":"summary_large_image","twitter_misc":{"Escrito por":"Emmanuel Oviedo","Tiempo de lectura":"10 minutos"},"schema":{"@context":"https:\/\/schema.org","@graph":[{"@type":"Article","@id":"https:\/\/soclose.mx\/blog\/tag\/juan-rulfo-frases-mujeres\/#article","isPartOf":{"@id":"https:\/\/soclose.mx\/blog\/tag\/juan-rulfo-frases-mujeres\/"},"author":{"name":"Emmanuel Oviedo","@id":"https:\/\/soclose.mx\/blog\/#\/schema\/person\/2f5b2fa33ca701af6ff6aad6fa0e2e30"},"headline":"Mujeres de la Independencia que no se rajaron \u00bfLas conoces?","datePublished":"2023-08-15T19:07:20+00:00","mainEntityOfPage":{"@id":"https:\/\/soclose.mx\/blog\/tag\/juan-rulfo-frases-mujeres\/"},"wordCount":2171,"commentCount":0,"publisher":{"@id":"https:\/\/soclose.mx\/blog\/#organization"},"image":{"@id":"https:\/\/soclose.mx\/blog\/tag\/juan-rulfo-frases-mujeres\/#primaryimage"},"thumbnailUrl":"https:\/\/i0.wp.com\/soclose.mx\/blog\/wp-content\/uploads\/2023\/07\/Mujeres-en-la-Independencia-Mexico-heroinas.jpg?fit=1280%2C720&ssl=1","keywords":["15 de septiembre","agust\u00edn de iturbide","grito de independencia","independencia","miguel hidalgo"],"articleSection":["A la mexicana"],"inLanguage":"es","potentialAction":[{"@type":"CommentAction","name":"Comment","target":["https:\/\/soclose.mx\/blog\/tag\/juan-rulfo-frases-mujeres\/#respond"]}]},{"@type":"WebPage","@id":"https:\/\/soclose.mx\/blog\/tag\/juan-rulfo-frases-mujeres\/","url":"https:\/\/soclose.mx\/blog\/tag\/juan-rulfo-frases-mujeres\/","name":"Mujeres de la Independencia que no se rajaron \u00bfLas conoces? -","isPartOf":{"@id":"https:\/\/soclose.mx\/blog\/#website"},"primaryImageOfPage":{"@id":"https:\/\/soclose.mx\/blog\/tag\/juan-rulfo-frases-mujeres\/#primaryimage"},"image":{"@id":"https:\/\/soclose.mx\/blog\/tag\/juan-rulfo-frases-mujeres\/#primaryimage"},"thumbnailUrl":"https:\/\/i0.wp.com\/soclose.mx\/blog\/wp-content\/uploads\/2023\/07\/Mujeres-en-la-Independencia-Mexico-heroinas.jpg?fit=1280%2C720&ssl=1","datePublished":"2023-08-15T19:07:20+00:00","description":"Te presentamos a las mujeres de la Independencia que tambi\u00e9n fueron parte fundamental de la naci\u00f3n que somos actualmente.","breadcrumb":{"@id":"https:\/\/soclose.mx\/blog\/tag\/juan-rulfo-frases-mujeres\/#breadcrumb"},"inLanguage":"es","potentialAction":[{"@type":"ReadAction","target":["https:\/\/soclose.mx\/blog\/tag\/juan-rulfo-frases-mujeres\/"]}]},{"@type":"ImageObject","inLanguage":"es","@id":"https:\/\/soclose.mx\/blog\/tag\/juan-rulfo-frases-mujeres\/#primaryimage","url":"https:\/\/i0.wp.com\/soclose.mx\/blog\/wp-content\/uploads\/2023\/07\/Mujeres-en-la-Independencia-Mexico-heroinas.jpg?fit=1280%2C720&ssl=1","contentUrl":"https:\/\/i0.wp.com\/soclose.mx\/blog\/wp-content\/uploads\/2023\/07\/Mujeres-en-la-Independencia-Mexico-heroinas.jpg?fit=1280%2C720&ssl=1","width":1280,"height":720,"caption":"Mujeres en la Independencia de M\u00e9xico"},{"@type":"BreadcrumbList","@id":"https:\/\/soclose.mx\/blog\/tag\/juan-rulfo-frases-mujeres\/#breadcrumb","itemListElement":[{"@type":"ListItem","position":1,"name":"Inicio","item":"https:\/\/soclose.mx\/blog\/"},{"@type":"ListItem","position":2,"name":"Mujeres de la Independencia que no se rajaron \u00bfLas conoces?"}]},{"@type":"WebSite","@id":"https:\/\/soclose.mx\/blog\/#website","url":"https:\/\/soclose.mx\/blog\/","name":"So Close","description":"Hacemos contenidos de M\u00e9xico","publisher":{"@id":"https:\/\/soclose.mx\/blog\/#organization"},"potentialAction":[{"@type":"SearchAction","target":{"@type":"EntryPoint","urlTemplate":"https:\/\/soclose.mx\/blog\/?s={search_term_string}"},"query-input":{"@type":"PropertyValueSpecification","valueRequired":true,"valueName":"search_term_string"}}],"inLanguage":"es"},{"@type":"Organization","@id":"https:\/\/soclose.mx\/blog\/#organization","name":"So Close","url":"https:\/\/soclose.mx\/blog\/","logo":{"@type":"ImageObject","inLanguage":"es","@id":"https:\/\/soclose.mx\/blog\/#\/schema\/logo\/image\/","url":"https:\/\/i0.wp.com\/soclose.mx\/blog\/wp-content\/uploads\/2020\/12\/LOGO_SOCLOSE_COLOR-e1608310133507.png?fit=2858%2C1264&ssl=1","contentUrl":"https:\/\/i0.wp.com\/soclose.mx\/blog\/wp-content\/uploads\/2020\/12\/LOGO_SOCLOSE_COLOR-e1608310133507.png?fit=2858%2C1264&ssl=1","width":2858,"height":1264,"caption":"So Close"},"image":{"@id":"https:\/\/soclose.mx\/blog\/#\/schema\/logo\/image\/"}},{"@type":"Person","@id":"https:\/\/soclose.mx\/blog\/#\/schema\/person\/2f5b2fa33ca701af6ff6aad6fa0e2e30","name":"Emmanuel Oviedo","image":{"@type":"ImageObject","inLanguage":"es","@id":"https:\/\/soclose.mx\/blog\/#\/schema\/person\/image\/","url":"https:\/\/secure.gravatar.com\/avatar\/914334c1a2cb2e261b83fa7990e5176305d5c7aa66c050c11f0b52b32a08c28f?s=96&d=mm&r=g","contentUrl":"https:\/\/secure.gravatar.com\/avatar\/914334c1a2cb2e261b83fa7990e5176305d5c7aa66c050c11f0b52b32a08c28f?s=96&d=mm&r=g","caption":"Emmanuel Oviedo"},"url":"https:\/\/soclose.mx\/blog\/author\/emmanuel-oviedo\/"}]}},"jetpack_featured_media_url":"https:\/\/i0.wp.com\/soclose.mx\/blog\/wp-content\/uploads\/2023\/07\/Mujeres-en-la-Independencia-Mexico-heroinas.jpg?fit=1280%2C720&ssl=1","jetpack-related-posts":[{"id":13912,"url":"https:\/\/soclose.mx\/blog\/a-la-mexicana\/mitos-y-secretos-de-la-independencia-de-mexico-mas-alla-del-grito-parte-1\/","url_meta":{"origin":12018,"position":0},"title":"Mitos y secretos de la Independencia de M\u00e9xico: M\u00e1s All\u00e1 del Grito | Parte 1","author":"So Close","date":"13 agosto, 2024","format":false,"excerpt":"La Independencia de M\u00e9xico es un evento hist\u00f3rico que ha sido ampliamente estudiado y documentado. Sin embargo, detr\u00e1s de los hechos conocidos, se esconden una serie de mitos y secretos de la Independencia de M\u00e9xico que han alimentado la imaginaci\u00f3n de historiadores y amantes de lo desconocido. Acomp\u00e1\u00f1anos a descubrir\u2026","rel":"","context":"En &quot;A la mexicana&quot;","block_context":{"text":"A la mexicana","link":"https:\/\/soclose.mx\/blog\/category\/a-la-mexicana\/"},"img":{"alt_text":"bandera-de-mexico","src":"https:\/\/i0.wp.com\/soclose.mx\/blog\/wp-content\/uploads\/2024\/08\/bandera-de-mexico.jpg?fit=1200%2C1032&ssl=1&resize=350%2C200","width":350,"height":200,"srcset":"https:\/\/i0.wp.com\/soclose.mx\/blog\/wp-content\/uploads\/2024\/08\/bandera-de-mexico.jpg?fit=1200%2C1032&ssl=1&resize=350%2C200 1x, https:\/\/i0.wp.com\/soclose.mx\/blog\/wp-content\/uploads\/2024\/08\/bandera-de-mexico.jpg?fit=1200%2C1032&ssl=1&resize=525%2C300 1.5x, https:\/\/i0.wp.com\/soclose.mx\/blog\/wp-content\/uploads\/2024\/08\/bandera-de-mexico.jpg?fit=1200%2C1032&ssl=1&resize=700%2C400 2x, https:\/\/i0.wp.com\/soclose.mx\/blog\/wp-content\/uploads\/2024\/08\/bandera-de-mexico.jpg?fit=1200%2C1032&ssl=1&resize=1050%2C600 3x"},"classes":[]},{"id":11653,"url":"https:\/\/soclose.mx\/blog\/lugares\/grito-independencia-16-septiembre-donde-celebrar\/","url_meta":{"origin":12018,"position":1},"title":"Grito de Independencia: Cinco lugares d\u00f3nde celebrar en M\u00e9xico","author":"Mar\u00eda Ju\u00e1rez","date":"2 septiembre, 2023","format":false,"excerpt":"El Grito de Independencia, la noche del 15 de Septiembre, es uno de los hechos hist\u00f3ricos m\u00e1s importantes del pa\u00eds,\u00a0 marca el inicio de la lucha por la Independencia de M\u00e9xico, que se conmemora el 16 de septiembre. El inicio del movimiento independentista comenz\u00f3 cuando Miguel Hidalgo incit\u00f3 al pueblo\u2026","rel":"","context":"En &quot;Lugares&quot;","block_context":{"text":"Lugares","link":"https:\/\/soclose.mx\/blog\/category\/lugares\/"},"img":{"alt_text":"Grito de Independencia","src":"https:\/\/i0.wp.com\/soclose.mx\/blog\/wp-content\/uploads\/2023\/04\/Grito-de-Independencia-16-de-septiembre.jpg?fit=1200%2C722&ssl=1&resize=350%2C200","width":350,"height":200,"srcset":"https:\/\/i0.wp.com\/soclose.mx\/blog\/wp-content\/uploads\/2023\/04\/Grito-de-Independencia-16-de-septiembre.jpg?fit=1200%2C722&ssl=1&resize=350%2C200 1x, https:\/\/i0.wp.com\/soclose.mx\/blog\/wp-content\/uploads\/2023\/04\/Grito-de-Independencia-16-de-septiembre.jpg?fit=1200%2C722&ssl=1&resize=525%2C300 1.5x, https:\/\/i0.wp.com\/soclose.mx\/blog\/wp-content\/uploads\/2023\/04\/Grito-de-Independencia-16-de-septiembre.jpg?fit=1200%2C722&ssl=1&resize=700%2C400 2x, https:\/\/i0.wp.com\/soclose.mx\/blog\/wp-content\/uploads\/2023\/04\/Grito-de-Independencia-16-de-septiembre.jpg?fit=1200%2C722&ssl=1&resize=1050%2C600 3x"},"classes":[]},{"id":10048,"url":"https:\/\/soclose.mx\/blog\/a-la-mexicana\/nino-pide-corte-de-miguel-hidalgo-pero-llora-porque-no-le-gusto\/","url_meta":{"origin":12018,"position":2},"title":"Ni\u00f1o pide corte de &#8220;Miguel Hidalgo&#8221;, pero llora porque no le gust\u00f3","author":"Daniel Ram\u00edrez","date":"31 mayo, 2022","format":false,"excerpt":"No cabe duda que los ni\u00f1os son unos loquillos y se avientan cada puntada que, bueno... En el cap\u00edtulo de hoy tenemos a un peque\u00f1o que fue a la peluquer\u00eda con su hermano para hacerle un look hist\u00f3rico. El peque\u00f1o pidi\u00f3 que se lo cortaran como don Miguel Hidalgo y\u2026","rel":"","context":"En &quot;A la mexicana&quot;","block_context":{"text":"A la mexicana","link":"https:\/\/soclose.mx\/blog\/category\/a-la-mexicana\/"},"img":{"alt_text":"","src":"https:\/\/i0.wp.com\/soclose.mx\/blog\/wp-content\/uploads\/2022\/05\/Captura-de-Pantalla-2022-05-31-a-las-20.29.01.png?fit=412%2C270&ssl=1&resize=350%2C200","width":350,"height":200},"classes":[]},{"id":6762,"url":"https:\/\/soclose.mx\/blog\/news-feed\/inauguran-exposicion-conmemorativa-del-bicentenario-del-plan-de-iguala\/","url_meta":{"origin":12018,"position":3},"title":"Lista la exposici\u00f3n del bicentenario del Plan de Iguala para que la visites","author":"Miguel Angel Romero","date":"4 agosto, 2021","format":false,"excerpt":"En el marco de las conmemoraciones emblem\u00e1ticas de 2021, \u201cA\u00f1o de la Grandeza y la Independencia de M\u00e9xico\u201d, la exposici\u00f3n \"200 a\u00f1os de la Promulgaci\u00f3n del Plan de Iguala\", organizada por la Secretar\u00eda de Cultura del Gobierno de M\u00e9xico, a trav\u00e9s del Instituto Nacional de Antropolog\u00eda e Historia (INAH), llega\u2026","rel":"","context":"En &quot;News feed&quot;","block_context":{"text":"News feed","link":"https:\/\/soclose.mx\/blog\/category\/news-feed\/"},"img":{"alt_text":"","src":"https:\/\/i0.wp.com\/soclose.mx\/blog\/wp-content\/uploads\/2021\/08\/foto_home_inah.png?fit=800%2C536&ssl=1&resize=350%2C200","width":350,"height":200,"srcset":"https:\/\/i0.wp.com\/soclose.mx\/blog\/wp-content\/uploads\/2021\/08\/foto_home_inah.png?fit=800%2C536&ssl=1&resize=350%2C200 1x, https:\/\/i0.wp.com\/soclose.mx\/blog\/wp-content\/uploads\/2021\/08\/foto_home_inah.png?fit=800%2C536&ssl=1&resize=525%2C300 1.5x, https:\/\/i0.wp.com\/soclose.mx\/blog\/wp-content\/uploads\/2021\/08\/foto_home_inah.png?fit=800%2C536&ssl=1&resize=700%2C400 2x"},"classes":[]},{"id":9355,"url":"https:\/\/soclose.mx\/blog\/ay-goeeee\/los-corazones-de-guanajuato-llegan-a-la-cdmx\/","url_meta":{"origin":12018,"position":4},"title":"Los corazones de Guanajuato llegan a la CDMX","author":"Miguel Angel Romero","date":"12 marzo, 2022","format":false,"excerpt":"El Paseo de la Reforma, la avenida m\u00e1s importante y emblem\u00e1tica de la CDMX, se viste de 15 corazones art\u00edsticos de la gira itinerante \u201cGuanajuato Late\u201d. Las estructuras de corazones volum\u00e9tricos, hecho en fibra de vidrio y creados con la visi\u00f3n estrat\u00e9gica de promoci\u00f3n tur\u00edstica como parte de la reactivaci\u00f3n\u2026","rel":"","context":"En &quot;\u00a1Ay goeeee!&quot;","block_context":{"text":"\u00a1Ay goeeee!","link":"https:\/\/soclose.mx\/blog\/category\/ay-goeeee\/"},"img":{"alt_text":"","src":"https:\/\/i0.wp.com\/soclose.mx\/blog\/wp-content\/uploads\/2022\/03\/Copia-de-Principal-So-Close-blog-1-11.png?fit=1200%2C677&ssl=1&resize=350%2C200","width":350,"height":200,"srcset":"https:\/\/i0.wp.com\/soclose.mx\/blog\/wp-content\/uploads\/2022\/03\/Copia-de-Principal-So-Close-blog-1-11.png?fit=1200%2C677&ssl=1&resize=350%2C200 1x, https:\/\/i0.wp.com\/soclose.mx\/blog\/wp-content\/uploads\/2022\/03\/Copia-de-Principal-So-Close-blog-1-11.png?fit=1200%2C677&ssl=1&resize=525%2C300 1.5x, https:\/\/i0.wp.com\/soclose.mx\/blog\/wp-content\/uploads\/2022\/03\/Copia-de-Principal-So-Close-blog-1-11.png?fit=1200%2C677&ssl=1&resize=700%2C400 2x, https:\/\/i0.wp.com\/soclose.mx\/blog\/wp-content\/uploads\/2022\/03\/Copia-de-Principal-So-Close-blog-1-11.png?fit=1200%2C677&ssl=1&resize=1050%2C600 3x"},"classes":[]},{"id":6043,"url":"https:\/\/soclose.mx\/blog\/news-feed\/la-bandera-trigarante-regresa-despues-de-200-anos-a-morelia\/","url_meta":{"origin":12018,"position":5},"title":"La Bandera Trigarante regresa despu\u00e9s de 200 a\u00f1os a Morelia","author":"So Close","date":"12 mayo, 2021","format":false,"excerpt":"La muestra 200 a\u00f1os de la promulgaci\u00f3n del Plan de Iguala podr\u00e1 visitarse del 11 al 20 de mayo en el Museo Regional Michoacano; entrada libre. Hace dos siglos, en mayo de 1821, el vallisoletano (proveniente de Valladolid) Agust\u00edn de Iturbide regresaba triunfante a su ciudad natal \u2013hoy Morelia\u2013, semanas\u2026","rel":"","context":"En &quot;News feed&quot;","block_context":{"text":"News feed","link":"https:\/\/soclose.mx\/blog\/category\/news-feed\/"},"img":{"alt_text":"","src":"https:\/\/i0.wp.com\/soclose.mx\/blog\/wp-content\/uploads\/2021\/05\/Museo-Regional-Michoacano.jpeg?fit=1200%2C677&ssl=1&resize=350%2C200","width":350,"height":200,"srcset":"https:\/\/i0.wp.com\/soclose.mx\/blog\/wp-content\/uploads\/2021\/05\/Museo-Regional-Michoacano.jpeg?fit=1200%2C677&ssl=1&resize=350%2C200 1x, https:\/\/i0.wp.com\/soclose.mx\/blog\/wp-content\/uploads\/2021\/05\/Museo-Regional-Michoacano.jpeg?fit=1200%2C677&ssl=1&resize=525%2C300 1.5x, https:\/\/i0.wp.com\/soclose.mx\/blog\/wp-content\/uploads\/2021\/05\/Museo-Regional-Michoacano.jpeg?fit=1200%2C677&ssl=1&resize=700%2C400 2x, https:\/\/i0.wp.com\/soclose.mx\/blog\/wp-content\/uploads\/2021\/05\/Museo-Regional-Michoacano.jpeg?fit=1200%2C677&ssl=1&resize=1050%2C600 3x"},"classes":[]}],"jetpack_sharing_enabled":true,"_links":{"self":[{"href":"https:\/\/soclose.mx\/blog\/wp-json\/wp\/v2\/posts\/12018","targetHints":{"allow":["GET"]}}],"collection":[{"href":"https:\/\/soclose.mx\/blog\/wp-json\/wp\/v2\/posts"}],"about":[{"href":"https:\/\/soclose.mx\/blog\/wp-json\/wp\/v2\/types\/post"}],"author":[{"embeddable":true,"href":"https:\/\/soclose.mx\/blog\/wp-json\/wp\/v2\/users\/12"}],"replies":[{"embeddable":true,"href":"https:\/\/soclose.mx\/blog\/wp-json\/wp\/v2\/comments?post=12018"}],"version-history":[{"count":0,"href":"https:\/\/soclose.mx\/blog\/wp-json\/wp\/v2\/posts\/12018\/revisions"}],"wp:featuredmedia":[{"embeddable":true,"href":"https:\/\/soclose.mx\/blog\/wp-json\/wp\/v2\/media\/12126"}],"wp:attachment":[{"href":"https:\/\/soclose.mx\/blog\/wp-json\/wp\/v2\/media?parent=12018"}],"wp:term":[{"taxonomy":"category","embeddable":true,"href":"https:\/\/soclose.mx\/blog\/wp-json\/wp\/v2\/categories?post=12018"},{"taxonomy":"post_tag","embeddable":true,"href":"https:\/\/soclose.mx\/blog\/wp-json\/wp\/v2\/tags?post=12018"}],"curies":[{"name":"wp","href":"https:\/\/api.w.org\/{rel}","templated":true}]}}