{"id":12026,"date":"2023-07-16T17:59:08","date_gmt":"2023-07-16T23:59:08","guid":{"rendered":"https:\/\/soclose.mx\/blog\/?p=12026"},"modified":"2023-07-14T19:20:40","modified_gmt":"2023-07-15T01:20:40","slug":"primera-dama-esposas-politicos-mexico","status":"publish","type":"post","link":"https:\/\/soclose.mx\/blog\/a-la-mexicana\/primera-dama-esposas-politicos-mexico\/","title":{"rendered":"\u00a1Primera dama! De actrices a esposas de pol\u00edticos mexicanos"},"content":{"rendered":"<p>Se suele escuchar que &#8220;detr\u00e1s de un buen hombre, hay una gran mujer&#8221;, pero los tiempos cambian y los dichos tambi\u00e9n y esto se refleja en las m\u00e1s altas esferas de poder. La <strong>primera dama<\/strong> o esposa de un pol\u00edtico sol\u00eda acompa\u00f1ar a su marido en las fotograf\u00edas oficiales, pero con el tiempo, ese rol ha cambiado y ahora, el <strong>Presidente<\/strong> no es el \u00fanico que brilla por su autoridad y presencia.<\/p>\n<p>Ser la <strong>primera dama<\/strong> de una naci\u00f3n o entidad causa curiosidad;\u00a0 intriga el conocer detalles de su vida antes de que saltaran a la fama como la <strong>esposa del <a href=\"https:\/\/soclose.mx\/blog\/ay-goeeee\/video-eres-tu-amlo-conoce-al-doble-holandes-del-presidente-de-mexico\/\">Presidente<\/a><\/strong>. \u00bfC\u00f3mo\u00a0 cambi\u00f3 su vida y en qu\u00e9 momento los reflectores de los medios de la pol\u00edtica se convirtieron en parte de la rutina? Aqu\u00ed recordamos ese rol de las mujeres en M\u00e9xico.<\/p>\n<p>Fue en los a\u00f1os 70 cuando el papel de las <strong>esposas<\/strong> tom\u00f3 un papel m\u00e1s relevante, cuando la <strong>primera dama<\/strong> o pareja del Presidente en turno tomaba las riendas del Sistema de Desarrollo Integral de la Familia (DIF).<\/p>\n<p>Sin embargo es preciso aclarar que su desempe\u00f1o depender\u00e1 siempre de su personalidad. Ah\u00ed les van algunos ejemplos.<\/p>\n<h2>Ang\u00e9lica Rivera primera dama de M\u00e9xico<\/h2>\n<p>Se trata de una de las parejas m\u00e1s medi\u00e1ticas durante todo un sexenio; Enrique <a href=\"https:\/\/soclose.mx\/blog\/ay-goeeee\/la-prifiesta-chica-festeja-su-cumpleanos-tematico-del-partido-politico\/\">Pe\u00f1a Nieto<\/a> y Ang\u00e9lica Rivera se casaron en 2010 y aunque ambos ven\u00edan de otras relaciones en las que tuvieron hijos, la pareja se consolid\u00f3 y formaron una numerosa familia.<\/p>\n<p>Mucho antes de ser la esposa del presidente, <strong>Ang\u00e9lica Rivera<\/strong> era actriz y fue protagonista de\u00a0 telenovelas como &#8220;Destilando amor&#8221; y &#8220;Mariana de la noche&#8221;.<\/p>\n<p>La pareja se conoci\u00f3 cuando \u00e9l empezaba su campa\u00f1a rumbo a la gubernatura del Estado de M\u00e9xico. Cuando se casaron se dijo incluso, que esta uni\u00f3n legal y religiosa era parte de una estrategia pol\u00edtica para aprovechar la buena imagen de la actriz para la campa\u00f1a rumbo a la Presidencia de la Rep\u00fablica en el 2012.<\/p>\n<blockquote class=\"instagram-media\" style=\"background: #FFF; border: 0; border-radius: 3px; box-shadow: 0 0 1px 0 rgba(0,0,0,0.5),0 1px 10px 0 rgba(0,0,0,0.15); margin: 1px; max-width: 540px; min-width: 326px; padding: 0; width: calc(100% - 2px);\" data-instgrm-captioned=\"\" data-instgrm-permalink=\"https:\/\/www.instagram.com\/p\/Bl9shCegVZT\/?utm_source=ig_embed&amp;utm_campaign=loading\" data-instgrm-version=\"14\">\n<div style=\"padding: 16px;\">\n<p>&nbsp;<\/p>\n<div style=\"display: flex; flex-direction: row; align-items: center;\">\n<div style=\"background-color: #f4f4f4; border-radius: 50%; flex-grow: 0; height: 40px; margin-right: 14px; width: 40px;\"><\/div>\n<div style=\"display: flex; flex-direction: column; flex-grow: 1; justify-content: center;\">\n<div style=\"background-color: #f4f4f4; border-radius: 4px; flex-grow: 0; height: 14px; margin-bottom: 6px; width: 100px;\"><\/div>\n<div style=\"background-color: #f4f4f4; border-radius: 4px; flex-grow: 0; height: 14px; width: 60px;\"><\/div>\n<\/div>\n<\/div>\n<div style=\"padding: 19% 0;\"><\/div>\n<div style=\"display: block; height: 50px; margin: 0 auto 12px; width: 50px;\"><\/div>\n<div style=\"padding-top: 8px;\">\n<div style=\"color: #3897f0; font-family: Arial,sans-serif; font-size: 14px; font-style: normal; font-weight: 550; line-height: 18px;\">Ver esta publicaci\u00f3n en Instagram<\/div>\n<\/div>\n<div style=\"padding: 12.5% 0;\"><\/div>\n<div style=\"display: flex; flex-direction: row; margin-bottom: 14px; align-items: center;\">\n<div>\n<div style=\"background-color: #f4f4f4; border-radius: 50%; height: 12.5px; width: 12.5px; transform: translateX(0px) translateY(7px);\"><\/div>\n<div style=\"background-color: #f4f4f4; height: 12.5px; transform: rotate(-45deg) translateX(3px) translateY(1px); width: 12.5px; flex-grow: 0; margin-right: 14px; margin-left: 2px;\"><\/div>\n<div style=\"background-color: #f4f4f4; border-radius: 50%; height: 12.5px; width: 12.5px; transform: translateX(9px) translateY(-18px);\"><\/div>\n<\/div>\n<div style=\"margin-left: 8px;\">\n<div style=\"background-color: #f4f4f4; border-radius: 50%; flex-grow: 0; height: 20px; width: 20px;\"><\/div>\n<div style=\"width: 0; height: 0; border-top: 2px solid transparent; border-left: 6px solid #f4f4f4; border-bottom: 2px solid transparent; transform: translateX(16px) translateY(-4px) rotate(30deg);\"><\/div>\n<\/div>\n<div style=\"margin-left: auto;\">\n<div style=\"width: 0px; border-top: 8px solid #F4F4F4; border-right: 8px solid transparent; transform: translateY(16px);\"><\/div>\n<div style=\"background-color: #f4f4f4; flex-grow: 0; height: 12px; width: 16px; transform: translateY(-4px);\"><\/div>\n<div style=\"width: 0; height: 0; border-top: 8px solid #F4F4F4; border-left: 8px solid transparent; transform: translateY(-4px) translateX(8px);\"><\/div>\n<\/div>\n<\/div>\n<div style=\"display: flex; flex-direction: column; flex-grow: 1; justify-content: center; margin-bottom: 24px;\">\n<div style=\"background-color: #f4f4f4; border-radius: 4px; flex-grow: 0; height: 14px; margin-bottom: 6px; width: 224px;\"><\/div>\n<div style=\"background-color: #f4f4f4; border-radius: 4px; flex-grow: 0; height: 14px; width: 144px;\"><\/div>\n<\/div>\n<p>&nbsp;<\/p>\n<p style=\"color: #c9c8cd; font-family: Arial,sans-serif; font-size: 14px; line-height: 17px; margin-bottom: 0; margin-top: 8px; overflow: hidden; padding: 8px 0 7px; text-align: center; text-overflow: ellipsis; white-space: nowrap;\"><a style=\"color: #c9c8cd; font-family: Arial,sans-serif; font-size: 14px; font-style: normal; font-weight: normal; line-height: 17px; text-decoration: none;\" href=\"https:\/\/www.instagram.com\/p\/Bl9shCegVZT\/?utm_source=ig_embed&amp;utm_campaign=loading\" target=\"_blank\" rel=\"noopener\">Una publicaci\u00f3n compartida por Enrique Pe\u00f1a Nieto (@epn)<\/a><\/p>\n<\/div>\n<\/blockquote>\n<p><script async src=\"\/\/www.instagram.com\/embed.js\"><\/script><\/p>\n<h2><\/h2>\n<h2>Esc\u00e1ndalo de la Casa Blanca<\/h2>\n<p>Ya como primera dama, la actriz que\u00a0sab\u00eda de far\u00e1ndulas, se enfrent\u00f3 al <strong>esc\u00e1ndalo<\/strong> de la llamada &#8220;Casa Blanca&#8221; que supuestamente fue adquirida por ella, invirtiendo los ahorros que obtuvo como actriz.<\/p>\n<p>Seg\u00fan Rivera, el precio fijado por la casa fue de\u00a0 54 millones de pasos, m\u00e1s los intereses \u201cque se causen durante la vigencia del mismo (contrato) a una tasa del 9 por ciento anual\u201d, es decir unos 4 millones 860 mil pesos.<\/p>\n<p>Aunque caus\u00f3 pol\u00e9mica e indignaci\u00f3n que la casa haya sido vendida a la primera dama y que fue construida a su gusto por Grupo Higa, una de las empresas que gan\u00f3 la licitaci\u00f3n del tren M\u00e9xico &#8211; Quer\u00e9taro, y que antes realiz\u00f3 m\u00faltiples obras en Edomex, cuando Pe\u00f1a Nieto fue gobernador, la investigaci\u00f3n exoner\u00f3 a ambos de alg\u00fan conflicto de inter\u00e9s.<\/p>\n<p>Al finalizar el sexenio la pareja anunci\u00f3 lo que muchos vaticinaban: su separaci\u00f3n y divorcio.<\/p>\n<h2><\/h2>\n<h2><\/h2>\n<h2>Sasha Monetenegro, esposa de Jos\u00e9 L\u00f3pez Portillo<\/h2>\n<p>Para seguir en la lista de las relaciones entre actrices y presidentes, aqu\u00ed un caso m\u00e1s: Sasha Montenegtro se cas\u00f3 en 1995 con el que ya hab\u00eda sido presidente en aquel entonces, Jos\u00e9 L\u00f3pez Portillo 1976-1982.<\/p>\n<p>La actriz invirti\u00f3 muy bien su tiempo frente a las c\u00e1maras, al parecer, por su aparici\u00f3n en <strong>m\u00e1s de veinte pel\u00edculas mexicanas<\/strong>.<\/p>\n<p>Monetenegro fue la actriz italiana que, por su belleza y experiencia, <strong>lleg\u00f3 a ser una vedette famosa<\/strong> y considerada como <a href=\"https:\/\/heraldodemexico.com.mx\/espectaculos\/2022\/8\/16\/sasha-montenegro-que-fue-de-la-vedette-mas-bella-sensual-del-cine-de-ficheras-430878.html\">gran figura<\/a> dentro de ese mundo y del tambi\u00e9n llamado cine de ficheras.<\/p>\n<p>Si bien, la actriz no fue <strong>primera dama,<\/strong> s\u00ed pele\u00f3 por lo que a su derecho correspond\u00eda, al ser madre de dos hijos del expresidente.<\/p>\n<p>Cuando se casaron L\u00f3pez Portillo ya hab\u00eda tenido un infarto cerebral y su salud era delicada, lo que ocasion\u00f3 un pleito legal entre los hijos mayores del pol\u00edtico y la actriz.<\/p>\n<p>La familia de L\u00f3pez Portillo lo alej\u00f3 de ella y la acusaron de haberlo maltratado por lo que empezaron un juicio de divorcio contra ella, que gan\u00f3 Sasha Montenegro al no encontrar causal para fallar en su contra.<\/p>\n<p>Sin embargo, el ex presidente muri\u00f3 el 17 de febrero de 2004 lejos de ella, pero siendo su esposo por lo que Montenegro es la <strong>leg\u00edtima viuda.<\/strong><\/p>\n<blockquote class=\"instagram-media\" style=\"background: #FFF; border: 0; border-radius: 3px; box-shadow: 0 0 1px 0 rgba(0,0,0,0.5),0 1px 10px 0 rgba(0,0,0,0.15); margin: 1px; max-width: 540px; min-width: 326px; padding: 0; width: calc(100% - 2px);\" data-instgrm-captioned=\"\" data-instgrm-permalink=\"https:\/\/www.instagram.com\/p\/Ct1ME49gqrR\/?utm_source=ig_embed&amp;utm_campaign=loading\" data-instgrm-version=\"14\">\n<div style=\"padding: 16px;\">\n<p>&nbsp;<\/p>\n<div style=\"display: flex; flex-direction: row; align-items: center;\">\n<div style=\"background-color: #f4f4f4; border-radius: 50%; flex-grow: 0; height: 40px; margin-right: 14px; width: 40px;\"><\/div>\n<div style=\"display: flex; flex-direction: column; flex-grow: 1; justify-content: center;\">\n<div style=\"background-color: #f4f4f4; border-radius: 4px; flex-grow: 0; height: 14px; margin-bottom: 6px; width: 100px;\"><\/div>\n<div style=\"background-color: #f4f4f4; border-radius: 4px; flex-grow: 0; height: 14px; width: 60px;\"><\/div>\n<\/div>\n<\/div>\n<div style=\"padding: 19% 0;\"><\/div>\n<div style=\"display: block; height: 50px; margin: 0 auto 12px; width: 50px;\"><\/div>\n<div style=\"padding-top: 8px;\">\n<div style=\"color: #3897f0; font-family: Arial,sans-serif; font-size: 14px; font-style: normal; font-weight: 550; line-height: 18px;\">Ver esta publicaci\u00f3n en Instagram<\/div>\n<\/div>\n<div style=\"padding: 12.5% 0;\"><\/div>\n<div style=\"display: flex; flex-direction: row; margin-bottom: 14px; align-items: center;\">\n<div>\n<div style=\"background-color: #f4f4f4; border-radius: 50%; height: 12.5px; width: 12.5px; transform: translateX(0px) translateY(7px);\"><\/div>\n<div style=\"background-color: #f4f4f4; height: 12.5px; transform: rotate(-45deg) translateX(3px) translateY(1px); width: 12.5px; flex-grow: 0; margin-right: 14px; margin-left: 2px;\"><\/div>\n<div style=\"background-color: #f4f4f4; border-radius: 50%; height: 12.5px; width: 12.5px; transform: translateX(9px) translateY(-18px);\"><\/div>\n<\/div>\n<div style=\"margin-left: 8px;\">\n<div style=\"background-color: #f4f4f4; border-radius: 50%; flex-grow: 0; height: 20px; width: 20px;\"><\/div>\n<div style=\"width: 0; height: 0; border-top: 2px solid transparent; border-left: 6px solid #f4f4f4; border-bottom: 2px solid transparent; transform: translateX(16px) translateY(-4px) rotate(30deg);\"><\/div>\n<\/div>\n<div style=\"margin-left: auto;\">\n<div style=\"width: 0px; border-top: 8px solid #F4F4F4; border-right: 8px solid transparent; transform: translateY(16px);\"><\/div>\n<div style=\"background-color: #f4f4f4; flex-grow: 0; height: 12px; width: 16px; transform: translateY(-4px);\"><\/div>\n<div style=\"width: 0; height: 0; border-top: 8px solid #F4F4F4; border-left: 8px solid transparent; transform: translateY(-4px) translateX(8px);\"><\/div>\n<\/div>\n<\/div>\n<div style=\"display: flex; flex-direction: column; flex-grow: 1; justify-content: center; margin-bottom: 24px;\">\n<div style=\"background-color: #f4f4f4; border-radius: 4px; flex-grow: 0; height: 14px; margin-bottom: 6px; width: 224px;\"><\/div>\n<div style=\"background-color: #f4f4f4; border-radius: 4px; flex-grow: 0; height: 14px; width: 144px;\"><\/div>\n<\/div>\n<p>&nbsp;<\/p>\n<p style=\"color: #c9c8cd; font-family: Arial,sans-serif; font-size: 14px; line-height: 17px; margin-bottom: 0; margin-top: 8px; overflow: hidden; padding: 8px 0 7px; text-align: center; text-overflow: ellipsis; white-space: nowrap;\"><a style=\"color: #c9c8cd; font-family: Arial,sans-serif; font-size: 14px; font-style: normal; font-weight: normal; line-height: 17px; text-decoration: none;\" href=\"https:\/\/www.instagram.com\/p\/Ct1ME49gqrR\/?utm_source=ig_embed&amp;utm_campaign=loading\" target=\"_blank\" rel=\"noopener\">Una publicaci\u00f3n compartida por Peri\u00f3dico Supremo (@periodico_supremo)<\/a><\/p>\n<\/div>\n<\/blockquote>\n<p><script async src=\"\/\/www.instagram.com\/embed.js\"><\/script><\/p>\n<h2><\/h2>\n<h2><\/h2>\n<h2>&#8220;La Tigresa&#8221;, Gustavo D\u00edaz Ordaz y el 68<\/h2>\n<p>Otra relaci\u00f3n entre una actriz y un pol\u00edtico fue la que mantuvieron Irma Serrano y el expresidente Gustavo D\u00edaz Ordaz.<\/p>\n<p class=\"default__StyledText-kkhi2r-0 cGAawy body-paragraph\">La actriz Irma Serrano, quien muri\u00f3 el 1 de marzo a los 89 a\u00f1os, obtuvo la fama en la d\u00e9cada de los a\u00f1os 60 como int\u00e9rprete de m\u00fasica ranchera y actriz de cine.<\/p>\n<p class=\"default__StyledText-kkhi2r-0 cGAawy body-paragraph\">A lo largo de su vida mantuvo relaciones amorosas con diversas personalidades y como ella misma lo declar\u00f3 en varias entrevistas, mantuvo una relaci\u00f3n con un presidente que era casado. E<\/p>\n<p class=\"default__StyledText-kkhi2r-0 cGAawy body-paragraph\">El presidente Gustavo D\u00edaz Ordaz estaba casado con Guadalupe Borja y reci\u00e9n hab\u00eda pasado un a\u00f1o de la Matanza de Tlatelolco en la que el 2 de octubre de 1968 fueron atacados estudiantes en Tletelolco por fuerzas armadas, y entonces se rumoraba de la relaci\u00f3n del mandatario con la actriz.<\/p>\n<div><\/div>\n<div>\n<div class=\"trv-player-container\">\n<div class=\"trv-wrapper\">\n<div id=\"br_video_player_a82a660a9791c2c40484be1ef284ecf010b55b1c\" class=\"trvd_video_player\">\n<div class=\"media-player\">\n<div class=\"trv-video\"><\/div>\n<\/div>\n<\/div>\n<\/div>\n<\/div>\n<\/div>\n<h2>\u00bfC\u00f3mo se conocieron?<\/h2>\n<div>Serrano confirm\u00f3 que fueron pareja, cuando public\u00f3 sus libros <i><b>A Calz\u00f3n Quitado<\/b><\/i><b>\u00a0y\u00a0<\/b><i><b>A Calz\u00f3n Amarrado<\/b><\/i>, en donde revela:<\/div>\n<div>\n<div class=\"trv-player-container\">\n<div class=\"trv-wrapper\">\n<div id=\"br_video_player_a82a660a9791c2c40484be1ef284ecf010b55b1c\" class=\"trvd_video_player\">\n<p>&#8220;Lo conoc\u00ed en una de tantas reuniones de pol\u00edticos. Aquel personaje era un don nadie, pero lleg\u00f3 a ser el gusano mayor para regir los destinos del pa\u00eds durante seis a\u00f1os. Descubr\u00ed que era m\u00e1s atractivo de lo que me imaginaba, no de su f\u00edsico del cual han hecho tantas bromas, sino por su intelecto&#8221;, escribi\u00f3.<\/p>\n<p class=\"default__StyledText-kkhi2r-0 cGAawy body-paragraph\">Se encontraban en <b>casas que ella ten\u00eda en Las Lomas y en El Pedregal<\/b>\u00a0(la cual \u00e9l le regal\u00f3), de las zonas m\u00e1s lujosas de la Ciudad de M\u00e9xico, incluso afirma que \u00e9l le obsequi\u00f3 un comedor que perteneci\u00f3 al emperador<b> Maximiliano de Habsburgo.<\/b><\/p>\n<p class=\"default__StyledText-kkhi2r-0 cGAawy body-paragraph\">Despu\u00e9s de seis a\u00f1os, terminaron su relaci\u00f3n; seg\u00fan lo relatado por ella,\u00a0Irma prepar\u00f3 una venganza: se puso un vestido folcl\u00f3rico\u00a0 alquil\u00f3 unos mariachis y se fue a Los Pinos el d\u00eda del cumplea\u00f1os de Guadalupe, logr\u00f3 entrar y en la ventana de la primera dama y comenz\u00f3 a cantar.<\/p>\n<p class=\"default__StyledText-kkhi2r-0 cGAawy body-paragraph\">Sali\u00f3\u00a0 Gustavo, quien le dijo: \u201cMuchas gracias, se\u00f1ora\u201d, a lo cual ella contest\u00f3 con una cachetada, los elementos de la guardia presidencial se acercaron de inmediato pero el presidente les pidi\u00f3 que bajaran las armas.<\/p>\n<p class=\"default__StyledText-kkhi2r-0 cGAawy body-paragraph\">Ella se fue, pero relata en el libro que luego hizo las paces por tel\u00e9fono con \u00e9l, aunque el amor\u00edo termin\u00f3.<\/p>\n<\/div>\n<\/div>\n<\/div>\n<\/div>\n<p>Las actrices no solo se encumbraron en el papel de primera dama del pa\u00eds, tambi\u00e9n lo hicieron en los \u00e1mbitos estatales, al convertirse en esposas o c\u00f3nyuges de gobernadores de alg\u00fan estado, como los casos que mencionamos a continuaci\u00f3n.<\/p>\n<p>&nbsp;<\/p>\n<blockquote class=\"instagram-media\" style=\"background: #FFF; border: 0; border-radius: 3px; box-shadow: 0 0 1px 0 rgba(0,0,0,0.5),0 1px 10px 0 rgba(0,0,0,0.15); margin: 1px; max-width: 540px; min-width: 326px; padding: 0; width: calc(100% - 2px);\" data-instgrm-captioned=\"\" data-instgrm-permalink=\"https:\/\/www.instagram.com\/p\/CshQn8iMpDZ\/?utm_source=ig_embed&amp;utm_campaign=loading\" data-instgrm-version=\"14\">\n<div style=\"padding: 16px;\">\n<p>&nbsp;<\/p>\n<div style=\"display: flex; flex-direction: row; align-items: center;\">\n<div style=\"background-color: #f4f4f4; border-radius: 50%; flex-grow: 0; height: 40px; margin-right: 14px; width: 40px;\"><\/div>\n<div style=\"display: flex; flex-direction: column; flex-grow: 1; justify-content: center;\">\n<div style=\"background-color: #f4f4f4; border-radius: 4px; flex-grow: 0; height: 14px; margin-bottom: 6px; width: 100px;\"><\/div>\n<div style=\"background-color: #f4f4f4; border-radius: 4px; flex-grow: 0; height: 14px; width: 60px;\"><\/div>\n<\/div>\n<\/div>\n<div style=\"padding: 19% 0;\"><\/div>\n<div style=\"display: block; height: 50px; margin: 0 auto 12px; width: 50px;\"><\/div>\n<div style=\"padding-top: 8px;\">\n<div style=\"color: #3897f0; font-family: Arial,sans-serif; font-size: 14px; font-style: normal; font-weight: 550; line-height: 18px;\">Ver esta publicaci\u00f3n en Instagram<\/div>\n<\/div>\n<div style=\"padding: 12.5% 0;\"><\/div>\n<div style=\"display: flex; flex-direction: row; margin-bottom: 14px; align-items: center;\">\n<div>\n<div style=\"background-color: #f4f4f4; border-radius: 50%; height: 12.5px; width: 12.5px; transform: translateX(0px) translateY(7px);\"><\/div>\n<div style=\"background-color: #f4f4f4; height: 12.5px; transform: rotate(-45deg) translateX(3px) translateY(1px); width: 12.5px; flex-grow: 0; margin-right: 14px; margin-left: 2px;\"><\/div>\n<div style=\"background-color: #f4f4f4; border-radius: 50%; height: 12.5px; width: 12.5px; transform: translateX(9px) translateY(-18px);\"><\/div>\n<\/div>\n<div style=\"margin-left: 8px;\">\n<div style=\"background-color: #f4f4f4; border-radius: 50%; flex-grow: 0; height: 20px; width: 20px;\"><\/div>\n<div style=\"width: 0; height: 0; border-top: 2px solid transparent; border-left: 6px solid #f4f4f4; border-bottom: 2px solid transparent; transform: translateX(16px) translateY(-4px) rotate(30deg);\"><\/div>\n<\/div>\n<div style=\"margin-left: auto;\">\n<div style=\"width: 0px; border-top: 8px solid #F4F4F4; border-right: 8px solid transparent; transform: translateY(16px);\"><\/div>\n<div style=\"background-color: #f4f4f4; flex-grow: 0; height: 12px; width: 16px; transform: translateY(-4px);\"><\/div>\n<div style=\"width: 0; height: 0; border-top: 8px solid #F4F4F4; border-left: 8px solid transparent; transform: translateY(-4px) translateX(8px);\"><\/div>\n<\/div>\n<\/div>\n<div style=\"display: flex; flex-direction: column; flex-grow: 1; justify-content: center; margin-bottom: 24px;\">\n<div style=\"background-color: #f4f4f4; border-radius: 4px; flex-grow: 0; height: 14px; margin-bottom: 6px; width: 224px;\"><\/div>\n<div style=\"background-color: #f4f4f4; border-radius: 4px; flex-grow: 0; height: 14px; width: 144px;\"><\/div>\n<\/div>\n<p>&nbsp;<\/p>\n<p style=\"color: #c9c8cd; font-family: Arial,sans-serif; font-size: 14px; line-height: 17px; margin-bottom: 0; margin-top: 8px; overflow: hidden; padding: 8px 0 7px; text-align: center; text-overflow: ellipsis; white-space: nowrap;\"><a style=\"color: #c9c8cd; font-family: Arial,sans-serif; font-size: 14px; font-style: normal; font-weight: normal; line-height: 17px; text-decoration: none;\" href=\"https:\/\/www.instagram.com\/p\/CshQn8iMpDZ\/?utm_source=ig_embed&amp;utm_campaign=loading\" target=\"_blank\" rel=\"noopener\">Una publicaci\u00f3n compartida por @irmaserranofanclub<\/a><\/p>\n<\/div>\n<\/blockquote>\n<p><script async src=\"\/\/www.instagram.com\/embed.js\"><\/script><\/p>\n<p>&nbsp;<\/p>\n<h2>Silvia Pinal y el ex gobernador de Tabasco<\/h2>\n<p class=\"paragraph\" data-mrf-recirculation=\"Links inline\">Silvia Pinal, reconocida actriz mexicana y quien es \u00edcono del cine de oro mexicano al actuar con personalidades como Pedro Infante, Jorge Negrete y otros y trabajar con uno de los directores emblem\u00e1ticos del cine mundial como Luis Bu\u00f1uel, estuvo casada con Tulio Hern\u00e1ndez G\u00f3mez, gobernador del estado de Tlaxcala,\u00a0de 1981 a 1987.<\/p>\n<p class=\"paragraph\" data-mrf-recirculation=\"Links inline\">La actriz se habr\u00eda convertido en la primera dama al ser la pareja del pol\u00edtico desde 1982 y hasta 1995.<\/p>\n<blockquote class=\"instagram-media\" style=\"background: #FFF; border: 0; border-radius: 3px; box-shadow: 0 0 1px 0 rgba(0,0,0,0.5),0 1px 10px 0 rgba(0,0,0,0.15); margin: 1px; max-width: 540px; min-width: 326px; padding: 0; width: calc(100% - 2px);\" data-instgrm-captioned=\"\" data-instgrm-permalink=\"https:\/\/www.instagram.com\/p\/CuphloNvH4Y\/?utm_source=ig_embed&amp;utm_campaign=loading\" data-instgrm-version=\"14\">\n<div style=\"padding: 16px;\">\n<p>&nbsp;<\/p>\n<div style=\"display: flex; flex-direction: row; align-items: center;\">\n<div style=\"background-color: #f4f4f4; border-radius: 50%; flex-grow: 0; height: 40px; margin-right: 14px; width: 40px;\"><\/div>\n<div style=\"display: flex; flex-direction: column; flex-grow: 1; justify-content: center;\">\n<div style=\"background-color: #f4f4f4; border-radius: 4px; flex-grow: 0; height: 14px; margin-bottom: 6px; width: 100px;\"><\/div>\n<div style=\"background-color: #f4f4f4; border-radius: 4px; flex-grow: 0; height: 14px; width: 60px;\"><\/div>\n<\/div>\n<\/div>\n<div style=\"padding: 19% 0;\"><\/div>\n<div style=\"display: block; height: 50px; margin: 0 auto 12px; width: 50px;\"><\/div>\n<div style=\"padding-top: 8px;\">\n<div style=\"color: #3897f0; font-family: Arial,sans-serif; font-size: 14px; font-style: normal; font-weight: 550; line-height: 18px;\">Ver esta publicaci\u00f3n en Instagram<\/div>\n<\/div>\n<div style=\"padding: 12.5% 0;\"><\/div>\n<div style=\"display: flex; flex-direction: row; margin-bottom: 14px; align-items: center;\">\n<div>\n<div style=\"background-color: #f4f4f4; border-radius: 50%; height: 12.5px; width: 12.5px; transform: translateX(0px) translateY(7px);\"><\/div>\n<div style=\"background-color: #f4f4f4; height: 12.5px; transform: rotate(-45deg) translateX(3px) translateY(1px); width: 12.5px; flex-grow: 0; margin-right: 14px; margin-left: 2px;\"><\/div>\n<div style=\"background-color: #f4f4f4; border-radius: 50%; height: 12.5px; width: 12.5px; transform: translateX(9px) translateY(-18px);\"><\/div>\n<\/div>\n<div style=\"margin-left: 8px;\">\n<div style=\"background-color: #f4f4f4; border-radius: 50%; flex-grow: 0; height: 20px; width: 20px;\"><\/div>\n<div style=\"width: 0; height: 0; border-top: 2px solid transparent; border-left: 6px solid #f4f4f4; border-bottom: 2px solid transparent; transform: translateX(16px) translateY(-4px) rotate(30deg);\"><\/div>\n<\/div>\n<div style=\"margin-left: auto;\">\n<div style=\"width: 0px; border-top: 8px solid #F4F4F4; border-right: 8px solid transparent; transform: translateY(16px);\"><\/div>\n<div style=\"background-color: #f4f4f4; flex-grow: 0; height: 12px; width: 16px; transform: translateY(-4px);\"><\/div>\n<div style=\"width: 0; height: 0; border-top: 8px solid #F4F4F4; border-left: 8px solid transparent; transform: translateY(-4px) translateX(8px);\"><\/div>\n<\/div>\n<\/div>\n<div style=\"display: flex; flex-direction: column; flex-grow: 1; justify-content: center; margin-bottom: 24px;\">\n<div style=\"background-color: #f4f4f4; border-radius: 4px; flex-grow: 0; height: 14px; margin-bottom: 6px; width: 224px;\"><\/div>\n<div style=\"background-color: #f4f4f4; border-radius: 4px; flex-grow: 0; height: 14px; width: 144px;\"><\/div>\n<\/div>\n<p>&nbsp;<\/p>\n<p style=\"color: #c9c8cd; font-family: Arial,sans-serif; font-size: 14px; line-height: 17px; margin-bottom: 0; margin-top: 8px; overflow: hidden; padding: 8px 0 7px; text-align: center; text-overflow: ellipsis; white-space: nowrap;\"><a style=\"color: #c9c8cd; font-family: Arial,sans-serif; font-size: 14px; font-style: normal; font-weight: normal; line-height: 17px; text-decoration: none;\" href=\"https:\/\/www.instagram.com\/p\/CuphloNvH4Y\/?utm_source=ig_embed&amp;utm_campaign=loading\" target=\"_blank\" rel=\"noopener\">Una publicaci\u00f3n compartida por Silvia Pinal Hidalgo (@silvia.pinal.h)<\/a><\/p>\n<\/div>\n<\/blockquote>\n<p><script async src=\"\/\/www.instagram.com\/embed.js\"><\/script><\/p>\n<p>&nbsp;<\/p>\n<h2 data-mrf-recirculation=\"Links inline\">De &#8220;Simplemente Mar\u00eda&#8221; a primera dama de Hidalgo<\/h2>\n<p class=\"paragraph\" data-mrf-recirculation=\"Links inline\">Ya m\u00e1s recientemente, en 2001, Victoria Ruffo, estrella de telenovelas como &#8220;Simplemente Mar\u00eda&#8221; o &#8220;La madrastra&#8221;, se cas\u00f3 con Omar Fayad Meneses, entonces militante del Partido Revolucionario Institucional (PRI) quien fue senador\u00a0 y gobernador del estado de Hidalgo de 2016-2022.<\/p>\n<p class=\"paragraph\" data-mrf-recirculation=\"Links inline\">La actriz, sin dejar a un lado su carrera en la pantalla chica se dedic\u00f3 a su labor como presidenta honoraria del Sistema DIF en aquella entidad.<\/p>\n<h2><\/h2>\n<blockquote class=\"instagram-media\" style=\"background: #FFF; border: 0; border-radius: 3px; box-shadow: 0 0 1px 0 rgba(0,0,0,0.5),0 1px 10px 0 rgba(0,0,0,0.15); margin: 1px; max-width: 540px; min-width: 326px; padding: 0; width: calc(100% - 2px);\" data-instgrm-captioned=\"\" data-instgrm-permalink=\"https:\/\/www.instagram.com\/p\/Ceb34EWPcwf\/?utm_source=ig_embed&amp;utm_campaign=loading\" data-instgrm-version=\"14\">\n<div style=\"padding: 16px;\">\n<p>&nbsp;<\/p>\n<div style=\"display: flex; flex-direction: row; align-items: center;\">\n<div style=\"background-color: #f4f4f4; border-radius: 50%; flex-grow: 0; height: 40px; margin-right: 14px; width: 40px;\"><\/div>\n<div style=\"display: flex; flex-direction: column; flex-grow: 1; justify-content: center;\">\n<div style=\"background-color: #f4f4f4; border-radius: 4px; flex-grow: 0; height: 14px; margin-bottom: 6px; width: 100px;\"><\/div>\n<div style=\"background-color: #f4f4f4; border-radius: 4px; flex-grow: 0; height: 14px; width: 60px;\"><\/div>\n<\/div>\n<\/div>\n<div style=\"padding: 19% 0;\"><\/div>\n<div style=\"display: block; height: 50px; margin: 0 auto 12px; width: 50px;\"><\/div>\n<div style=\"padding-top: 8px;\">\n<div style=\"color: #3897f0; font-family: Arial,sans-serif; font-size: 14px; font-style: normal; font-weight: 550; line-height: 18px;\">Ver esta publicaci\u00f3n en Instagram<\/div>\n<\/div>\n<div style=\"padding: 12.5% 0;\"><\/div>\n<div style=\"display: flex; flex-direction: row; margin-bottom: 14px; align-items: center;\">\n<div>\n<div style=\"background-color: #f4f4f4; border-radius: 50%; height: 12.5px; width: 12.5px; transform: translateX(0px) translateY(7px);\"><\/div>\n<div style=\"background-color: #f4f4f4; height: 12.5px; transform: rotate(-45deg) translateX(3px) translateY(1px); width: 12.5px; flex-grow: 0; margin-right: 14px; margin-left: 2px;\"><\/div>\n<div style=\"background-color: #f4f4f4; border-radius: 50%; height: 12.5px; width: 12.5px; transform: translateX(9px) translateY(-18px);\"><\/div>\n<\/div>\n<div style=\"margin-left: 8px;\">\n<div style=\"background-color: #f4f4f4; border-radius: 50%; flex-grow: 0; height: 20px; width: 20px;\"><\/div>\n<div style=\"width: 0; height: 0; border-top: 2px solid transparent; border-left: 6px solid #f4f4f4; border-bottom: 2px solid transparent; transform: translateX(16px) translateY(-4px) rotate(30deg);\"><\/div>\n<\/div>\n<div style=\"margin-left: auto;\">\n<div style=\"width: 0px; border-top: 8px solid #F4F4F4; border-right: 8px solid transparent; transform: translateY(16px);\"><\/div>\n<div style=\"background-color: #f4f4f4; flex-grow: 0; height: 12px; width: 16px; transform: translateY(-4px);\"><\/div>\n<div style=\"width: 0; height: 0; border-top: 8px solid #F4F4F4; border-left: 8px solid transparent; transform: translateY(-4px) translateX(8px);\"><\/div>\n<\/div>\n<\/div>\n<div style=\"display: flex; flex-direction: column; flex-grow: 1; justify-content: center; margin-bottom: 24px;\">\n<div style=\"background-color: #f4f4f4; border-radius: 4px; flex-grow: 0; height: 14px; margin-bottom: 6px; width: 224px;\"><\/div>\n<div style=\"background-color: #f4f4f4; border-radius: 4px; flex-grow: 0; height: 14px; width: 144px;\"><\/div>\n<\/div>\n<p>&nbsp;<\/p>\n<p style=\"color: #c9c8cd; font-family: Arial,sans-serif; font-size: 14px; line-height: 17px; margin-bottom: 0; margin-top: 8px; overflow: hidden; padding: 8px 0 7px; text-align: center; text-overflow: ellipsis; white-space: nowrap;\"><a style=\"color: #c9c8cd; font-family: Arial,sans-serif; font-size: 14px; font-style: normal; font-weight: normal; line-height: 17px; text-decoration: none;\" href=\"https:\/\/www.instagram.com\/p\/Ceb34EWPcwf\/?utm_source=ig_embed&amp;utm_campaign=loading\" target=\"_blank\" rel=\"noopener\">Una publicaci\u00f3n compartida de Omar Fayad (@omarfayadmeneses)<\/a><\/p>\n<\/div>\n<\/blockquote>\n<p><script async src=\"\/\/www.instagram.com\/embed.js\"><\/script><\/p>\n<h2>Mariagna Prats en el gobierno de la CDMX<\/h2>\n<p class=\"paragraph\" data-mrf-recirculation=\"Links inline\">La belleza de la actriz Mariagna Prats cautiv\u00f3 a los mexicanos al aparecer en telenovelas como &#8220;Rosa Salvaje&#8221; al lado de Ver\u00f3nica Castro, pero tambi\u00e9n impact\u00f3 a un entonces joven pol\u00edtico, se trata de Marcelo Ebrard, quien recientemente fue secretario de Relaciones Exteriores, pero antes jefe de gobierno del entonces Distrito Federal de 2006 a 2012.<\/p>\n<p data-mrf-recirculation=\"Links inline\">La actriz y el pol\u00edtico hoy aspirante a la Presidencia comenzaron una relaci\u00f3n en 2004 y estuvieron casados hasta 2011.<\/p>\n<h2 data-mrf-recirculation=\"Links inline\"><\/h2>\n<blockquote class=\"instagram-media\" style=\"background: #FFF; border: 0; border-radius: 3px; box-shadow: 0 0 1px 0 rgba(0,0,0,0.5),0 1px 10px 0 rgba(0,0,0,0.15); margin: 1px; max-width: 540px; min-width: 326px; padding: 0; width: calc(100% - 2px);\" data-instgrm-captioned=\"\" data-instgrm-permalink=\"https:\/\/www.instagram.com\/p\/CNOS3R3prQO\/?utm_source=ig_embed&amp;utm_campaign=loading\" data-instgrm-version=\"14\">\n<div style=\"padding: 16px;\">\n<p>&nbsp;<\/p>\n<div style=\"display: flex; flex-direction: row; align-items: center;\">\n<div style=\"background-color: #f4f4f4; border-radius: 50%; flex-grow: 0; height: 40px; margin-right: 14px; width: 40px;\"><\/div>\n<div style=\"display: flex; flex-direction: column; flex-grow: 1; justify-content: center;\">\n<div style=\"background-color: #f4f4f4; border-radius: 4px; flex-grow: 0; height: 14px; margin-bottom: 6px; width: 100px;\"><\/div>\n<div style=\"background-color: #f4f4f4; border-radius: 4px; flex-grow: 0; height: 14px; width: 60px;\"><\/div>\n<\/div>\n<\/div>\n<div style=\"padding: 19% 0;\"><\/div>\n<div style=\"display: block; height: 50px; margin: 0 auto 12px; width: 50px;\"><\/div>\n<div style=\"padding-top: 8px;\">\n<div style=\"color: #3897f0; font-family: Arial,sans-serif; font-size: 14px; font-style: normal; font-weight: 550; line-height: 18px;\">Ver esta publicaci\u00f3n en Instagram<\/div>\n<\/div>\n<div style=\"padding: 12.5% 0;\"><\/div>\n<div style=\"display: flex; flex-direction: row; margin-bottom: 14px; align-items: center;\">\n<div>\n<div style=\"background-color: #f4f4f4; border-radius: 50%; height: 12.5px; width: 12.5px; transform: translateX(0px) translateY(7px);\"><\/div>\n<div style=\"background-color: #f4f4f4; height: 12.5px; transform: rotate(-45deg) translateX(3px) translateY(1px); width: 12.5px; flex-grow: 0; margin-right: 14px; margin-left: 2px;\"><\/div>\n<div style=\"background-color: #f4f4f4; border-radius: 50%; height: 12.5px; width: 12.5px; transform: translateX(9px) translateY(-18px);\"><\/div>\n<\/div>\n<div style=\"margin-left: 8px;\">\n<div style=\"background-color: #f4f4f4; border-radius: 50%; flex-grow: 0; height: 20px; width: 20px;\"><\/div>\n<div style=\"width: 0; height: 0; border-top: 2px solid transparent; border-left: 6px solid #f4f4f4; border-bottom: 2px solid transparent; transform: translateX(16px) translateY(-4px) rotate(30deg);\"><\/div>\n<\/div>\n<div style=\"margin-left: auto;\">\n<div style=\"width: 0px; border-top: 8px solid #F4F4F4; border-right: 8px solid transparent; transform: translateY(16px);\"><\/div>\n<div style=\"background-color: #f4f4f4; flex-grow: 0; height: 12px; width: 16px; transform: translateY(-4px);\"><\/div>\n<div style=\"width: 0; height: 0; border-top: 8px solid #F4F4F4; border-left: 8px solid transparent; transform: translateY(-4px) translateX(8px);\"><\/div>\n<\/div>\n<\/div>\n<div style=\"display: flex; flex-direction: column; flex-grow: 1; justify-content: center; margin-bottom: 24px;\">\n<div style=\"background-color: #f4f4f4; border-radius: 4px; flex-grow: 0; height: 14px; margin-bottom: 6px; width: 224px;\"><\/div>\n<div style=\"background-color: #f4f4f4; border-radius: 4px; flex-grow: 0; height: 14px; width: 144px;\"><\/div>\n<\/div>\n<p>&nbsp;<\/p>\n<p style=\"color: #c9c8cd; font-family: Arial,sans-serif; font-size: 14px; line-height: 17px; margin-bottom: 0; margin-top: 8px; overflow: hidden; padding: 8px 0 7px; text-align: center; text-overflow: ellipsis; white-space: nowrap;\"><a style=\"color: #c9c8cd; font-family: Arial,sans-serif; font-size: 14px; font-style: normal; font-weight: normal; line-height: 17px; text-decoration: none;\" href=\"https:\/\/www.instagram.com\/p\/CNOS3R3prQO\/?utm_source=ig_embed&amp;utm_campaign=loading\" target=\"_blank\" rel=\"noopener\">Una publicaci\u00f3n compartida por Good Nigth tv (@goodnigthtv)<\/a><\/p>\n<\/div>\n<\/blockquote>\n<p><script async src=\"\/\/www.instagram.com\/embed.js\"><\/script><\/p>\n<h2 data-mrf-recirculation=\"Links inline\">Anah\u00ed Puente primera dama de Chiapas<\/h2>\n<p data-mrf-recirculation=\"Links inline\">Otro de los casos m\u00e1s sonados es de la actriz y cantante, ex integrante de la agrupaci\u00f3n RBD,\u00a0 Anah\u00ed Puente, quien desde peque\u00f1a ha trabajado en el mundo del espect\u00e1culo.<\/p>\n<p data-mrf-recirculation=\"Links inline\">La joven actriz se cas\u00f3 con Manuel Velasco Coello, militante del Partido Verde Ecologista y gobernador del estado de Chiapas de 2012 al 2018 con quien tiene dos hijos. Aunque se ha mantenido discreta en la vida pol\u00edtica, ha continuado su carrera como cantante y acompa\u00f1\u00f3 a su esposo en los actos de gobierno m\u00e1s importantes.<\/p>\n<blockquote class=\"instagram-media\" style=\"background: #FFF; border: 0; border-radius: 3px; box-shadow: 0 0 1px 0 rgba(0,0,0,0.5),0 1px 10px 0 rgba(0,0,0,0.15); margin: 1px; max-width: 540px; min-width: 326px; padding: 0; width: calc(100% - 2px);\" data-instgrm-captioned=\"\" data-instgrm-permalink=\"https:\/\/www.instagram.com\/p\/CsOvZavOK33\/?utm_source=ig_embed&amp;utm_campaign=loading\" data-instgrm-version=\"14\">\n<div style=\"padding: 16px;\">\n<p>&nbsp;<\/p>\n<div style=\"display: flex; flex-direction: row; align-items: center;\">\n<div style=\"background-color: #f4f4f4; border-radius: 50%; flex-grow: 0; height: 40px; margin-right: 14px; width: 40px;\"><\/div>\n<div style=\"display: flex; flex-direction: column; flex-grow: 1; justify-content: center;\">\n<div style=\"background-color: #f4f4f4; border-radius: 4px; flex-grow: 0; height: 14px; margin-bottom: 6px; width: 100px;\"><\/div>\n<div style=\"background-color: #f4f4f4; border-radius: 4px; flex-grow: 0; height: 14px; width: 60px;\"><\/div>\n<\/div>\n<\/div>\n<div style=\"padding: 19% 0;\"><\/div>\n<div style=\"display: block; height: 50px; margin: 0 auto 12px; width: 50px;\"><\/div>\n<div style=\"padding-top: 8px;\">\n<div style=\"color: #3897f0; font-family: Arial,sans-serif; font-size: 14px; font-style: normal; font-weight: 550; line-height: 18px;\">Ver esta publicaci\u00f3n en Instagram<\/div>\n<\/div>\n<div style=\"padding: 12.5% 0;\"><\/div>\n<div style=\"display: flex; flex-direction: row; margin-bottom: 14px; align-items: center;\">\n<div>\n<div style=\"background-color: #f4f4f4; border-radius: 50%; height: 12.5px; width: 12.5px; transform: translateX(0px) translateY(7px);\"><\/div>\n<div style=\"background-color: #f4f4f4; height: 12.5px; transform: rotate(-45deg) translateX(3px) translateY(1px); width: 12.5px; flex-grow: 0; margin-right: 14px; margin-left: 2px;\"><\/div>\n<div style=\"background-color: #f4f4f4; border-radius: 50%; height: 12.5px; width: 12.5px; transform: translateX(9px) translateY(-18px);\"><\/div>\n<\/div>\n<div style=\"margin-left: 8px;\">\n<div style=\"background-color: #f4f4f4; border-radius: 50%; flex-grow: 0; height: 20px; width: 20px;\"><\/div>\n<div style=\"width: 0; height: 0; border-top: 2px solid transparent; border-left: 6px solid #f4f4f4; border-bottom: 2px solid transparent; transform: translateX(16px) translateY(-4px) rotate(30deg);\"><\/div>\n<\/div>\n<div style=\"margin-left: auto;\">\n<div style=\"width: 0px; border-top: 8px solid #F4F4F4; border-right: 8px solid transparent; transform: translateY(16px);\"><\/div>\n<div style=\"background-color: #f4f4f4; flex-grow: 0; height: 12px; width: 16px; transform: translateY(-4px);\"><\/div>\n<div style=\"width: 0; height: 0; border-top: 8px solid #F4F4F4; border-left: 8px solid transparent; transform: translateY(-4px) translateX(8px);\"><\/div>\n<\/div>\n<\/div>\n<div style=\"display: flex; flex-direction: column; flex-grow: 1; justify-content: center; margin-bottom: 24px;\">\n<div style=\"background-color: #f4f4f4; border-radius: 4px; flex-grow: 0; height: 14px; margin-bottom: 6px; width: 224px;\"><\/div>\n<div style=\"background-color: #f4f4f4; border-radius: 4px; flex-grow: 0; height: 14px; width: 144px;\"><\/div>\n<\/div>\n<p>&nbsp;<\/p>\n<p style=\"color: #c9c8cd; font-family: Arial,sans-serif; font-size: 14px; line-height: 17px; margin-bottom: 0; margin-top: 8px; overflow: hidden; padding: 8px 0 7px; text-align: center; text-overflow: ellipsis; white-space: nowrap;\"><a style=\"color: #c9c8cd; font-family: Arial,sans-serif; font-size: 14px; font-style: normal; font-weight: normal; line-height: 17px; text-decoration: none;\" href=\"https:\/\/www.instagram.com\/p\/CsOvZavOK33\/?utm_source=ig_embed&amp;utm_campaign=loading\" target=\"_blank\" rel=\"noopener\">Una publicaci\u00f3n compartida por Anahi (@anahi)<\/a><\/p>\n<\/div>\n<\/blockquote>\n<p><script async src=\"\/\/www.instagram.com\/embed.js\"><\/script><\/p>\n<p data-mrf-recirculation=\"Links inline\">\u00bfConoces m\u00e1s historias as\u00ed?<\/p>\n","protected":false},"excerpt":{"rendered":"<p>Se suele escuchar que &#8220;detr\u00e1s de un buen hombre, hay una gran mujer&#8221;, pero los tiempos cambian y los dichos tambi\u00e9n y esto se refleja en las m\u00e1s altas esferas de poder. La primera dama o esposa de un pol\u00edtico sol\u00eda acompa\u00f1ar a su marido en las fotograf\u00edas oficiales, pero con el tiempo, ese rol ha cambiado y ahora, el Presidente no es el \u00fanico que brilla por su autoridad y presencia. Ser la primera dama de una naci\u00f3n o entidad causa curiosidad;\u00a0 intriga el conocer detalles de su vida antes de que saltaran a la fama como la esposa<\/p>\n","protected":false},"author":12,"featured_media":12031,"comment_status":"open","ping_status":"open","sticky":false,"template":"","format":"standard","meta":{"_jetpack_memberships_contains_paid_content":false,"footnotes":""},"categories":[1778],"tags":[3089,2933,3087,3090,1996,3088,1507,3086],"class_list":["post-12026","post","type-post","status-publish","format-standard","has-post-thumbnail","hentry","category-a-la-mexicana","tag-actrices","tag-amlo","tag-esposas-de-expresidentes","tag-farandula","tag-gobierno-cdmx","tag-politicos","tag-presidente","tag-primera-dama"],"yoast_head":"<!-- This site is optimized with the Yoast SEO plugin v26.7 - https:\/\/yoast.com\/wordpress\/plugins\/seo\/ -->\n<title>\u00a1Primera dama! De actrices a esposas de pol\u00edticos mexicanos -<\/title>\n<meta name=\"description\" content=\"Estas mujeres, actrices famosas, se convirtieron en parejas o en la primera dama al tener una relaci\u00f3n con alg\u00fan pol\u00edtico mexicano\" \/>\n<meta name=\"robots\" content=\"index, follow, max-snippet:-1, max-image-preview:large, max-video-preview:-1\" \/>\n<link rel=\"canonical\" href=\"https:\/\/soclose.mx\/blog\/tag\/juan-rulfo-frases-mujeres\/\" \/>\n<meta property=\"og:locale\" content=\"es_MX\" \/>\n<meta property=\"og:type\" content=\"article\" \/>\n<meta property=\"og:title\" content=\"\u00a1Primera dama! De actrices a esposas de pol\u00edticos mexicanos -\" \/>\n<meta property=\"og:description\" content=\"Estas mujeres, actrices famosas, se convirtieron en parejas o en la primera dama al tener una relaci\u00f3n con alg\u00fan pol\u00edtico mexicano\" \/>\n<meta property=\"og:url\" content=\"https:\/\/soclose.mx\/blog\/tag\/juan-rulfo-frases-mujeres\/\" \/>\n<meta property=\"og:site_name\" content=\"So Close\" \/>\n<meta property=\"article:published_time\" content=\"2023-07-16T23:59:08+00:00\" \/>\n<meta property=\"og:image\" content=\"https:\/\/i0.wp.com\/soclose.mx\/blog\/wp-content\/uploads\/2023\/07\/descarga.webp?fit=1200%2C711&ssl=1\" \/>\n\t<meta property=\"og:image:width\" content=\"1200\" \/>\n\t<meta property=\"og:image:height\" content=\"711\" \/>\n\t<meta property=\"og:image:type\" content=\"image\/webp\" \/>\n<meta name=\"author\" content=\"Emmanuel Oviedo\" \/>\n<meta name=\"twitter:card\" content=\"summary_large_image\" \/>\n<meta name=\"twitter:label1\" content=\"Escrito por\" \/>\n\t<meta name=\"twitter:data1\" content=\"Emmanuel Oviedo\" \/>\n\t<meta name=\"twitter:label2\" content=\"Tiempo de lectura\" \/>\n\t<meta name=\"twitter:data2\" content=\"7 minutos\" \/>\n<script type=\"application\/ld+json\" class=\"yoast-schema-graph\">{\"@context\":\"https:\/\/schema.org\",\"@graph\":[{\"@type\":\"Article\",\"@id\":\"https:\/\/soclose.mx\/blog\/tag\/juan-rulfo-frases-mujeres\/#article\",\"isPartOf\":{\"@id\":\"https:\/\/soclose.mx\/blog\/tag\/juan-rulfo-frases-mujeres\/\"},\"author\":{\"name\":\"Emmanuel Oviedo\",\"@id\":\"https:\/\/soclose.mx\/blog\/#\/schema\/person\/2f5b2fa33ca701af6ff6aad6fa0e2e30\"},\"headline\":\"\u00a1Primera dama! De actrices a esposas de pol\u00edticos mexicanos\",\"datePublished\":\"2023-07-16T23:59:08+00:00\",\"mainEntityOfPage\":{\"@id\":\"https:\/\/soclose.mx\/blog\/tag\/juan-rulfo-frases-mujeres\/\"},\"wordCount\":1666,\"commentCount\":0,\"publisher\":{\"@id\":\"https:\/\/soclose.mx\/blog\/#organization\"},\"image\":{\"@id\":\"https:\/\/soclose.mx\/blog\/tag\/juan-rulfo-frases-mujeres\/#primaryimage\"},\"thumbnailUrl\":\"https:\/\/i0.wp.com\/soclose.mx\/blog\/wp-content\/uploads\/2023\/07\/descarga.webp?fit=1200%2C711&ssl=1\",\"keywords\":[\"Actrices\",\"amlo\",\"Esposas de expresidentes\",\"Far\u00e1ndula\",\"gobierno cdmx\",\"politicos\",\"presidente\",\"Primera dama\"],\"articleSection\":[\"A la mexicana\"],\"inLanguage\":\"es\",\"potentialAction\":[{\"@type\":\"CommentAction\",\"name\":\"Comment\",\"target\":[\"https:\/\/soclose.mx\/blog\/tag\/juan-rulfo-frases-mujeres\/#respond\"]}]},{\"@type\":\"WebPage\",\"@id\":\"https:\/\/soclose.mx\/blog\/tag\/juan-rulfo-frases-mujeres\/\",\"url\":\"https:\/\/soclose.mx\/blog\/tag\/juan-rulfo-frases-mujeres\/\",\"name\":\"\u00a1Primera dama! De actrices a esposas de pol\u00edticos mexicanos -\",\"isPartOf\":{\"@id\":\"https:\/\/soclose.mx\/blog\/#website\"},\"primaryImageOfPage\":{\"@id\":\"https:\/\/soclose.mx\/blog\/tag\/juan-rulfo-frases-mujeres\/#primaryimage\"},\"image\":{\"@id\":\"https:\/\/soclose.mx\/blog\/tag\/juan-rulfo-frases-mujeres\/#primaryimage\"},\"thumbnailUrl\":\"https:\/\/i0.wp.com\/soclose.mx\/blog\/wp-content\/uploads\/2023\/07\/descarga.webp?fit=1200%2C711&ssl=1\",\"datePublished\":\"2023-07-16T23:59:08+00:00\",\"description\":\"Estas mujeres, actrices famosas, se convirtieron en parejas o en la primera dama al tener una relaci\u00f3n con alg\u00fan pol\u00edtico mexicano\",\"breadcrumb\":{\"@id\":\"https:\/\/soclose.mx\/blog\/tag\/juan-rulfo-frases-mujeres\/#breadcrumb\"},\"inLanguage\":\"es\",\"potentialAction\":[{\"@type\":\"ReadAction\",\"target\":[\"https:\/\/soclose.mx\/blog\/tag\/juan-rulfo-frases-mujeres\/\"]}]},{\"@type\":\"ImageObject\",\"inLanguage\":\"es\",\"@id\":\"https:\/\/soclose.mx\/blog\/tag\/juan-rulfo-frases-mujeres\/#primaryimage\",\"url\":\"https:\/\/i0.wp.com\/soclose.mx\/blog\/wp-content\/uploads\/2023\/07\/descarga.webp?fit=1200%2C711&ssl=1\",\"contentUrl\":\"https:\/\/i0.wp.com\/soclose.mx\/blog\/wp-content\/uploads\/2023\/07\/descarga.webp?fit=1200%2C711&ssl=1\",\"width\":1200,\"height\":711,\"caption\":\"Primera Dama esposas actrices presidentes de M\u00e9xico\"},{\"@type\":\"BreadcrumbList\",\"@id\":\"https:\/\/soclose.mx\/blog\/tag\/juan-rulfo-frases-mujeres\/#breadcrumb\",\"itemListElement\":[{\"@type\":\"ListItem\",\"position\":1,\"name\":\"Inicio\",\"item\":\"https:\/\/soclose.mx\/blog\/\"},{\"@type\":\"ListItem\",\"position\":2,\"name\":\"\u00a1Primera dama! De actrices a esposas de pol\u00edticos mexicanos\"}]},{\"@type\":\"WebSite\",\"@id\":\"https:\/\/soclose.mx\/blog\/#website\",\"url\":\"https:\/\/soclose.mx\/blog\/\",\"name\":\"So Close\",\"description\":\"Hacemos contenidos de M\u00e9xico\",\"publisher\":{\"@id\":\"https:\/\/soclose.mx\/blog\/#organization\"},\"potentialAction\":[{\"@type\":\"SearchAction\",\"target\":{\"@type\":\"EntryPoint\",\"urlTemplate\":\"https:\/\/soclose.mx\/blog\/?s={search_term_string}\"},\"query-input\":{\"@type\":\"PropertyValueSpecification\",\"valueRequired\":true,\"valueName\":\"search_term_string\"}}],\"inLanguage\":\"es\"},{\"@type\":\"Organization\",\"@id\":\"https:\/\/soclose.mx\/blog\/#organization\",\"name\":\"So Close\",\"url\":\"https:\/\/soclose.mx\/blog\/\",\"logo\":{\"@type\":\"ImageObject\",\"inLanguage\":\"es\",\"@id\":\"https:\/\/soclose.mx\/blog\/#\/schema\/logo\/image\/\",\"url\":\"https:\/\/i0.wp.com\/soclose.mx\/blog\/wp-content\/uploads\/2020\/12\/LOGO_SOCLOSE_COLOR-e1608310133507.png?fit=2858%2C1264&ssl=1\",\"contentUrl\":\"https:\/\/i0.wp.com\/soclose.mx\/blog\/wp-content\/uploads\/2020\/12\/LOGO_SOCLOSE_COLOR-e1608310133507.png?fit=2858%2C1264&ssl=1\",\"width\":2858,\"height\":1264,\"caption\":\"So Close\"},\"image\":{\"@id\":\"https:\/\/soclose.mx\/blog\/#\/schema\/logo\/image\/\"}},{\"@type\":\"Person\",\"@id\":\"https:\/\/soclose.mx\/blog\/#\/schema\/person\/2f5b2fa33ca701af6ff6aad6fa0e2e30\",\"name\":\"Emmanuel Oviedo\",\"image\":{\"@type\":\"ImageObject\",\"inLanguage\":\"es\",\"@id\":\"https:\/\/soclose.mx\/blog\/#\/schema\/person\/image\/\",\"url\":\"https:\/\/secure.gravatar.com\/avatar\/914334c1a2cb2e261b83fa7990e5176305d5c7aa66c050c11f0b52b32a08c28f?s=96&d=mm&r=g\",\"contentUrl\":\"https:\/\/secure.gravatar.com\/avatar\/914334c1a2cb2e261b83fa7990e5176305d5c7aa66c050c11f0b52b32a08c28f?s=96&d=mm&r=g\",\"caption\":\"Emmanuel Oviedo\"},\"url\":\"https:\/\/soclose.mx\/blog\/author\/emmanuel-oviedo\/\"}]}<\/script>\n<!-- \/ Yoast SEO plugin. -->","yoast_head_json":{"title":"\u00a1Primera dama! De actrices a esposas de pol\u00edticos mexicanos -","description":"Estas mujeres, actrices famosas, se convirtieron en parejas o en la primera dama al tener una relaci\u00f3n con alg\u00fan pol\u00edtico mexicano","robots":{"index":"index","follow":"follow","max-snippet":"max-snippet:-1","max-image-preview":"max-image-preview:large","max-video-preview":"max-video-preview:-1"},"canonical":"https:\/\/soclose.mx\/blog\/tag\/juan-rulfo-frases-mujeres\/","og_locale":"es_MX","og_type":"article","og_title":"\u00a1Primera dama! De actrices a esposas de pol\u00edticos mexicanos -","og_description":"Estas mujeres, actrices famosas, se convirtieron en parejas o en la primera dama al tener una relaci\u00f3n con alg\u00fan pol\u00edtico mexicano","og_url":"https:\/\/soclose.mx\/blog\/tag\/juan-rulfo-frases-mujeres\/","og_site_name":"So Close","article_published_time":"2023-07-16T23:59:08+00:00","og_image":[{"width":1200,"height":711,"url":"https:\/\/i0.wp.com\/soclose.mx\/blog\/wp-content\/uploads\/2023\/07\/descarga.webp?fit=1200%2C711&ssl=1","type":"image\/webp"}],"author":"Emmanuel Oviedo","twitter_card":"summary_large_image","twitter_misc":{"Escrito por":"Emmanuel Oviedo","Tiempo de lectura":"7 minutos"},"schema":{"@context":"https:\/\/schema.org","@graph":[{"@type":"Article","@id":"https:\/\/soclose.mx\/blog\/tag\/juan-rulfo-frases-mujeres\/#article","isPartOf":{"@id":"https:\/\/soclose.mx\/blog\/tag\/juan-rulfo-frases-mujeres\/"},"author":{"name":"Emmanuel Oviedo","@id":"https:\/\/soclose.mx\/blog\/#\/schema\/person\/2f5b2fa33ca701af6ff6aad6fa0e2e30"},"headline":"\u00a1Primera dama! De actrices a esposas de pol\u00edticos mexicanos","datePublished":"2023-07-16T23:59:08+00:00","mainEntityOfPage":{"@id":"https:\/\/soclose.mx\/blog\/tag\/juan-rulfo-frases-mujeres\/"},"wordCount":1666,"commentCount":0,"publisher":{"@id":"https:\/\/soclose.mx\/blog\/#organization"},"image":{"@id":"https:\/\/soclose.mx\/blog\/tag\/juan-rulfo-frases-mujeres\/#primaryimage"},"thumbnailUrl":"https:\/\/i0.wp.com\/soclose.mx\/blog\/wp-content\/uploads\/2023\/07\/descarga.webp?fit=1200%2C711&ssl=1","keywords":["Actrices","amlo","Esposas de expresidentes","Far\u00e1ndula","gobierno cdmx","politicos","presidente","Primera dama"],"articleSection":["A la mexicana"],"inLanguage":"es","potentialAction":[{"@type":"CommentAction","name":"Comment","target":["https:\/\/soclose.mx\/blog\/tag\/juan-rulfo-frases-mujeres\/#respond"]}]},{"@type":"WebPage","@id":"https:\/\/soclose.mx\/blog\/tag\/juan-rulfo-frases-mujeres\/","url":"https:\/\/soclose.mx\/blog\/tag\/juan-rulfo-frases-mujeres\/","name":"\u00a1Primera dama! De actrices a esposas de pol\u00edticos mexicanos -","isPartOf":{"@id":"https:\/\/soclose.mx\/blog\/#website"},"primaryImageOfPage":{"@id":"https:\/\/soclose.mx\/blog\/tag\/juan-rulfo-frases-mujeres\/#primaryimage"},"image":{"@id":"https:\/\/soclose.mx\/blog\/tag\/juan-rulfo-frases-mujeres\/#primaryimage"},"thumbnailUrl":"https:\/\/i0.wp.com\/soclose.mx\/blog\/wp-content\/uploads\/2023\/07\/descarga.webp?fit=1200%2C711&ssl=1","datePublished":"2023-07-16T23:59:08+00:00","description":"Estas mujeres, actrices famosas, se convirtieron en parejas o en la primera dama al tener una relaci\u00f3n con alg\u00fan pol\u00edtico mexicano","breadcrumb":{"@id":"https:\/\/soclose.mx\/blog\/tag\/juan-rulfo-frases-mujeres\/#breadcrumb"},"inLanguage":"es","potentialAction":[{"@type":"ReadAction","target":["https:\/\/soclose.mx\/blog\/tag\/juan-rulfo-frases-mujeres\/"]}]},{"@type":"ImageObject","inLanguage":"es","@id":"https:\/\/soclose.mx\/blog\/tag\/juan-rulfo-frases-mujeres\/#primaryimage","url":"https:\/\/i0.wp.com\/soclose.mx\/blog\/wp-content\/uploads\/2023\/07\/descarga.webp?fit=1200%2C711&ssl=1","contentUrl":"https:\/\/i0.wp.com\/soclose.mx\/blog\/wp-content\/uploads\/2023\/07\/descarga.webp?fit=1200%2C711&ssl=1","width":1200,"height":711,"caption":"Primera Dama esposas actrices presidentes de M\u00e9xico"},{"@type":"BreadcrumbList","@id":"https:\/\/soclose.mx\/blog\/tag\/juan-rulfo-frases-mujeres\/#breadcrumb","itemListElement":[{"@type":"ListItem","position":1,"name":"Inicio","item":"https:\/\/soclose.mx\/blog\/"},{"@type":"ListItem","position":2,"name":"\u00a1Primera dama! De actrices a esposas de pol\u00edticos mexicanos"}]},{"@type":"WebSite","@id":"https:\/\/soclose.mx\/blog\/#website","url":"https:\/\/soclose.mx\/blog\/","name":"So Close","description":"Hacemos contenidos de M\u00e9xico","publisher":{"@id":"https:\/\/soclose.mx\/blog\/#organization"},"potentialAction":[{"@type":"SearchAction","target":{"@type":"EntryPoint","urlTemplate":"https:\/\/soclose.mx\/blog\/?s={search_term_string}"},"query-input":{"@type":"PropertyValueSpecification","valueRequired":true,"valueName":"search_term_string"}}],"inLanguage":"es"},{"@type":"Organization","@id":"https:\/\/soclose.mx\/blog\/#organization","name":"So Close","url":"https:\/\/soclose.mx\/blog\/","logo":{"@type":"ImageObject","inLanguage":"es","@id":"https:\/\/soclose.mx\/blog\/#\/schema\/logo\/image\/","url":"https:\/\/i0.wp.com\/soclose.mx\/blog\/wp-content\/uploads\/2020\/12\/LOGO_SOCLOSE_COLOR-e1608310133507.png?fit=2858%2C1264&ssl=1","contentUrl":"https:\/\/i0.wp.com\/soclose.mx\/blog\/wp-content\/uploads\/2020\/12\/LOGO_SOCLOSE_COLOR-e1608310133507.png?fit=2858%2C1264&ssl=1","width":2858,"height":1264,"caption":"So Close"},"image":{"@id":"https:\/\/soclose.mx\/blog\/#\/schema\/logo\/image\/"}},{"@type":"Person","@id":"https:\/\/soclose.mx\/blog\/#\/schema\/person\/2f5b2fa33ca701af6ff6aad6fa0e2e30","name":"Emmanuel Oviedo","image":{"@type":"ImageObject","inLanguage":"es","@id":"https:\/\/soclose.mx\/blog\/#\/schema\/person\/image\/","url":"https:\/\/secure.gravatar.com\/avatar\/914334c1a2cb2e261b83fa7990e5176305d5c7aa66c050c11f0b52b32a08c28f?s=96&d=mm&r=g","contentUrl":"https:\/\/secure.gravatar.com\/avatar\/914334c1a2cb2e261b83fa7990e5176305d5c7aa66c050c11f0b52b32a08c28f?s=96&d=mm&r=g","caption":"Emmanuel Oviedo"},"url":"https:\/\/soclose.mx\/blog\/author\/emmanuel-oviedo\/"}]}},"jetpack_featured_media_url":"https:\/\/i0.wp.com\/soclose.mx\/blog\/wp-content\/uploads\/2023\/07\/descarga.webp?fit=1200%2C711&ssl=1","jetpack-related-posts":[{"id":14292,"url":"https:\/\/soclose.mx\/blog\/a-la-mexicana\/jesus-maria-tarriba-el-primer-caballero-de-mexico-y-esposo-de-claudia-sheinbaum\/","url_meta":{"origin":12026,"position":0},"title":"Jes\u00fas Mar\u00eda Tarriba el primer caballero de M\u00e9xico y esposo de Claudia Sheinbaum","author":"So Close","date":"17 octubre, 2024","format":false,"excerpt":"Jes\u00fas Mar\u00eda Tarriba Unger es una figura clave en la pol\u00edtica mexicana actual, especialmente tras su reciente matrimonio con Claudia Sheinbaum, quien ha sido electa como la primera presidenta de M\u00e9xico. Jes\u00fas Mar\u00eda Tarriba el primer caballero de M\u00e9xico marca un hito en la historia pol\u00edtica de nuestro pa\u00eds, y\u2026","rel":"","context":"En &quot;A la mexicana&quot;","block_context":{"text":"A la mexicana","link":"https:\/\/soclose.mx\/blog\/category\/a-la-mexicana\/"},"img":{"alt_text":"Claudia Sheinbaum y Jes\u00fas Mar\u00eda Tarriba","src":"https:\/\/i0.wp.com\/soclose.mx\/blog\/wp-content\/uploads\/2024\/10\/Fotos-notas-So-Close-home-9.jpg?fit=1200%2C675&ssl=1&resize=350%2C200","width":350,"height":200,"srcset":"https:\/\/i0.wp.com\/soclose.mx\/blog\/wp-content\/uploads\/2024\/10\/Fotos-notas-So-Close-home-9.jpg?fit=1200%2C675&ssl=1&resize=350%2C200 1x, https:\/\/i0.wp.com\/soclose.mx\/blog\/wp-content\/uploads\/2024\/10\/Fotos-notas-So-Close-home-9.jpg?fit=1200%2C675&ssl=1&resize=525%2C300 1.5x, https:\/\/i0.wp.com\/soclose.mx\/blog\/wp-content\/uploads\/2024\/10\/Fotos-notas-So-Close-home-9.jpg?fit=1200%2C675&ssl=1&resize=700%2C400 2x, https:\/\/i0.wp.com\/soclose.mx\/blog\/wp-content\/uploads\/2024\/10\/Fotos-notas-So-Close-home-9.jpg?fit=1200%2C675&ssl=1&resize=1050%2C600 3x"},"classes":[]},{"id":12157,"url":"https:\/\/soclose.mx\/blog\/ay-goeeee\/tragedias-ocurrieron-diciembre-mexico\/","url_meta":{"origin":12026,"position":1},"title":"Tragedias que marcaron el mes de diciembre en M\u00e9xico","author":"Emmanuel Oviedo","date":"4 noviembre, 2023","format":false,"excerpt":"Las tragedias no esperan y lamentablemente no conocen de fechas especiales porque son repentinas, inesperadas.\u00a0Y en \u00e9poca navide\u00f1a, cuando m\u00e1s deseamos tranquilidad, tambi\u00e9n ocurren eventos que nos marcan con un recuerdo negativo. De hecho, los hechos tr\u00e1gicos suelen ser m\u00e1s sonados y lamentables cuando ocurren en diciembre. En M\u00e9xico, nos\u2026","rel":"","context":"En &quot;\u00a1Ay goeeee!&quot;","block_context":{"text":"\u00a1Ay goeeee!","link":"https:\/\/soclose.mx\/blog\/category\/ay-goeeee\/"},"img":{"alt_text":"Tragedias diciembre M\u00e9xico","src":"https:\/\/i0.wp.com\/soclose.mx\/blog\/wp-content\/uploads\/2023\/07\/23122163205_c79b50fbac_k.jpg?fit=1200%2C797&ssl=1&resize=350%2C200","width":350,"height":200,"srcset":"https:\/\/i0.wp.com\/soclose.mx\/blog\/wp-content\/uploads\/2023\/07\/23122163205_c79b50fbac_k.jpg?fit=1200%2C797&ssl=1&resize=350%2C200 1x, https:\/\/i0.wp.com\/soclose.mx\/blog\/wp-content\/uploads\/2023\/07\/23122163205_c79b50fbac_k.jpg?fit=1200%2C797&ssl=1&resize=525%2C300 1.5x, https:\/\/i0.wp.com\/soclose.mx\/blog\/wp-content\/uploads\/2023\/07\/23122163205_c79b50fbac_k.jpg?fit=1200%2C797&ssl=1&resize=700%2C400 2x, https:\/\/i0.wp.com\/soclose.mx\/blog\/wp-content\/uploads\/2023\/07\/23122163205_c79b50fbac_k.jpg?fit=1200%2C797&ssl=1&resize=1050%2C600 3x"},"classes":[]},{"id":14197,"url":"https:\/\/soclose.mx\/blog\/ay-goeeee\/datos-insolitos-de-la-vida-personal-de-claudia-sheinbaum\/","url_meta":{"origin":12026,"position":2},"title":"Datos ins\u00f3litos de la vida personal de Claudia Sheinbaum","author":"So Close","date":"30 septiembre, 2024","format":false,"excerpt":"Claudia Sheinbaum Pardo, actual presidenta de M\u00e9xico, es una figura fascinante que combina su carrera pol\u00edtica con una vida personal rica en experiencias. A continuaci\u00f3n, exploramos algunos datos ins\u00f3litos de la vida personal de Claudia Sheinbaum que reflejan su singularidad y trayectoria. Datos Ins\u00f3litos de la Vida Personal de Claudia\u2026","rel":"","context":"En &quot;\u00a1Ay goeeee!&quot;","block_context":{"text":"\u00a1Ay goeeee!","link":"https:\/\/soclose.mx\/blog\/category\/ay-goeeee\/"},"img":{"alt_text":"Presidenta de M\u00e9xico, Claudia Sheinbaum","src":"https:\/\/i0.wp.com\/soclose.mx\/blog\/wp-content\/uploads\/2024\/09\/Fotos-notas-So-Close-home-4.jpg?fit=1200%2C675&ssl=1&resize=350%2C200","width":350,"height":200,"srcset":"https:\/\/i0.wp.com\/soclose.mx\/blog\/wp-content\/uploads\/2024\/09\/Fotos-notas-So-Close-home-4.jpg?fit=1200%2C675&ssl=1&resize=350%2C200 1x, https:\/\/i0.wp.com\/soclose.mx\/blog\/wp-content\/uploads\/2024\/09\/Fotos-notas-So-Close-home-4.jpg?fit=1200%2C675&ssl=1&resize=525%2C300 1.5x, https:\/\/i0.wp.com\/soclose.mx\/blog\/wp-content\/uploads\/2024\/09\/Fotos-notas-So-Close-home-4.jpg?fit=1200%2C675&ssl=1&resize=700%2C400 2x, https:\/\/i0.wp.com\/soclose.mx\/blog\/wp-content\/uploads\/2024\/09\/Fotos-notas-So-Close-home-4.jpg?fit=1200%2C675&ssl=1&resize=1050%2C600 3x"},"classes":[]},{"id":14541,"url":"https:\/\/soclose.mx\/blog\/ay-goeeee\/alejandro-arredondo-el-arquitecto-mexicano-que-revivio-notre-dame\/","url_meta":{"origin":12026,"position":3},"title":"Alejandro Arredondo: el arquitecto mexicano que revivi\u00f3 Notre Dame","author":"So Close","date":"12 diciembre, 2024","format":false,"excerpt":"Alejandro Arredondo: el arquitecto mexicano que revivi\u00f3 Notre Dame que ha destacado por su papel fundamental en la reconstrucci\u00f3n de la emblem\u00e1tica catedral, tras el devastador incendio que ocurri\u00f3 el 15 de abril de 2019 naci\u00f3 en Coacalco, Estado de M\u00e9xico. Arredondo ha demostrado ser un profesional comprometido con la\u2026","rel":"","context":"En &quot;\u00a1Ay goeeee!&quot;","block_context":{"text":"\u00a1Ay goeeee!","link":"https:\/\/soclose.mx\/blog\/category\/ay-goeeee\/"},"img":{"alt_text":"Catedral de Notre Dame en Par\u00eds","src":"https:\/\/i0.wp.com\/soclose.mx\/blog\/wp-content\/uploads\/2024\/12\/catedral-de-notre-dame-paris.jpg?fit=1200%2C675&ssl=1&resize=350%2C200","width":350,"height":200,"srcset":"https:\/\/i0.wp.com\/soclose.mx\/blog\/wp-content\/uploads\/2024\/12\/catedral-de-notre-dame-paris.jpg?fit=1200%2C675&ssl=1&resize=350%2C200 1x, https:\/\/i0.wp.com\/soclose.mx\/blog\/wp-content\/uploads\/2024\/12\/catedral-de-notre-dame-paris.jpg?fit=1200%2C675&ssl=1&resize=525%2C300 1.5x, https:\/\/i0.wp.com\/soclose.mx\/blog\/wp-content\/uploads\/2024\/12\/catedral-de-notre-dame-paris.jpg?fit=1200%2C675&ssl=1&resize=700%2C400 2x, https:\/\/i0.wp.com\/soclose.mx\/blog\/wp-content\/uploads\/2024\/12\/catedral-de-notre-dame-paris.jpg?fit=1200%2C675&ssl=1&resize=1050%2C600 3x"},"classes":[]},{"id":14141,"url":"https:\/\/soclose.mx\/blog\/ay-goeeee\/datos-curiosos-de-amlo-andres-manuel-lopez-obrador-que-debes-conocer\/","url_meta":{"origin":12026,"position":4},"title":"Datos curiosos de AMLO, Andr\u00e9s Manuel L\u00f3pez Obrador, que Debes Conocer","author":"So Close","date":"27 septiembre, 2024","format":false,"excerpt":"Andr\u00e9s Manuel L\u00f3pez Obrador, expresidente de M\u00e9xico, es una figura pol\u00edtica fascinante con una vida llena de datos interesantes. En este art\u00edculo, te presentamos\u00a0 datos curiosos de AMLO que tal vez no conoc\u00edas: Datos curiosos de AMLO, Andr\u00e9s Manuel L\u00f3pez Obrador 1. Naci\u00f3 en Macuspana, Tabasco en 1953 y es\u2026","rel":"","context":"En &quot;\u00a1Ay goeeee!&quot;","block_context":{"text":"\u00a1Ay goeeee!","link":"https:\/\/soclose.mx\/blog\/category\/ay-goeeee\/"},"img":{"alt_text":"amlo-andres-manuel-lopez-obrador","src":"https:\/\/i0.wp.com\/soclose.mx\/blog\/wp-content\/uploads\/2024\/09\/amlo-andres-manuel-lopez-obrador.jpg?fit=1200%2C675&ssl=1&resize=350%2C200","width":350,"height":200,"srcset":"https:\/\/i0.wp.com\/soclose.mx\/blog\/wp-content\/uploads\/2024\/09\/amlo-andres-manuel-lopez-obrador.jpg?fit=1200%2C675&ssl=1&resize=350%2C200 1x, https:\/\/i0.wp.com\/soclose.mx\/blog\/wp-content\/uploads\/2024\/09\/amlo-andres-manuel-lopez-obrador.jpg?fit=1200%2C675&ssl=1&resize=525%2C300 1.5x, https:\/\/i0.wp.com\/soclose.mx\/blog\/wp-content\/uploads\/2024\/09\/amlo-andres-manuel-lopez-obrador.jpg?fit=1200%2C675&ssl=1&resize=700%2C400 2x, https:\/\/i0.wp.com\/soclose.mx\/blog\/wp-content\/uploads\/2024\/09\/amlo-andres-manuel-lopez-obrador.jpg?fit=1200%2C675&ssl=1&resize=1050%2C600 3x"},"classes":[]},{"id":12018,"url":"https:\/\/soclose.mx\/blog\/a-la-mexicana\/mujeres-independencia-heroinas-patria\/","url_meta":{"origin":12026,"position":5},"title":"Mujeres de la Independencia que no se rajaron \u00bfLas conoces?","author":"Emmanuel Oviedo","date":"15 agosto, 2023","format":false,"excerpt":"Las mujeres en la Independencia de M\u00e9xico tuvieron un papel importante y trascendieron en un mundo dominado por los hombres. Entregaron al pa\u00eds lo mejor de s\u00ed y muchas han permanecido en el anonimato; solo algunas han sobresalido en el discurso de la historia. Desde muy peque\u00f1os, en la escuela\u2026","rel":"","context":"En &quot;A la mexicana&quot;","block_context":{"text":"A la mexicana","link":"https:\/\/soclose.mx\/blog\/category\/a-la-mexicana\/"},"img":{"alt_text":"Mujeres en la Independencia de M\u00e9xico","src":"https:\/\/i0.wp.com\/soclose.mx\/blog\/wp-content\/uploads\/2023\/07\/Mujeres-en-la-Independencia-Mexico-heroinas.jpg?fit=1200%2C675&ssl=1&resize=350%2C200","width":350,"height":200,"srcset":"https:\/\/i0.wp.com\/soclose.mx\/blog\/wp-content\/uploads\/2023\/07\/Mujeres-en-la-Independencia-Mexico-heroinas.jpg?fit=1200%2C675&ssl=1&resize=350%2C200 1x, https:\/\/i0.wp.com\/soclose.mx\/blog\/wp-content\/uploads\/2023\/07\/Mujeres-en-la-Independencia-Mexico-heroinas.jpg?fit=1200%2C675&ssl=1&resize=525%2C300 1.5x, https:\/\/i0.wp.com\/soclose.mx\/blog\/wp-content\/uploads\/2023\/07\/Mujeres-en-la-Independencia-Mexico-heroinas.jpg?fit=1200%2C675&ssl=1&resize=700%2C400 2x, https:\/\/i0.wp.com\/soclose.mx\/blog\/wp-content\/uploads\/2023\/07\/Mujeres-en-la-Independencia-Mexico-heroinas.jpg?fit=1200%2C675&ssl=1&resize=1050%2C600 3x"},"classes":[]}],"jetpack_sharing_enabled":true,"_links":{"self":[{"href":"https:\/\/soclose.mx\/blog\/wp-json\/wp\/v2\/posts\/12026","targetHints":{"allow":["GET"]}}],"collection":[{"href":"https:\/\/soclose.mx\/blog\/wp-json\/wp\/v2\/posts"}],"about":[{"href":"https:\/\/soclose.mx\/blog\/wp-json\/wp\/v2\/types\/post"}],"author":[{"embeddable":true,"href":"https:\/\/soclose.mx\/blog\/wp-json\/wp\/v2\/users\/12"}],"replies":[{"embeddable":true,"href":"https:\/\/soclose.mx\/blog\/wp-json\/wp\/v2\/comments?post=12026"}],"version-history":[{"count":0,"href":"https:\/\/soclose.mx\/blog\/wp-json\/wp\/v2\/posts\/12026\/revisions"}],"wp:featuredmedia":[{"embeddable":true,"href":"https:\/\/soclose.mx\/blog\/wp-json\/wp\/v2\/media\/12031"}],"wp:attachment":[{"href":"https:\/\/soclose.mx\/blog\/wp-json\/wp\/v2\/media?parent=12026"}],"wp:term":[{"taxonomy":"category","embeddable":true,"href":"https:\/\/soclose.mx\/blog\/wp-json\/wp\/v2\/categories?post=12026"},{"taxonomy":"post_tag","embeddable":true,"href":"https:\/\/soclose.mx\/blog\/wp-json\/wp\/v2\/tags?post=12026"}],"curies":[{"name":"wp","href":"https:\/\/api.w.org\/{rel}","templated":true}]}}