{"id":12033,"date":"2023-09-27T13:52:44","date_gmt":"2023-09-27T19:52:44","guid":{"rendered":"https:\/\/soclose.mx\/blog\/?p=12033"},"modified":"2023-08-07T17:37:37","modified_gmt":"2023-08-07T23:37:37","slug":"mujeres-movimiento-estudiantil-68-papel-historico","status":"publish","type":"post","link":"https:\/\/soclose.mx\/blog\/a-la-mexicana\/mujeres-movimiento-estudiantil-68-papel-historico\/","title":{"rendered":"Mujeres del movimiento estudiantil del 68 \u00bfQu\u00e9 papel tuvieron?"},"content":{"rendered":"<p>Cada<strong> 2 de Octubre<\/strong> se conmemora la masacre y desaparici\u00f3n de estudiantes mexicanos en la <strong>Plaza de las Tres Culturas<\/strong>, en Tlatelolco, ocurrida en <strong>1968<\/strong> y lo que se sabe\u00a0ha sido relatado por sus ex dirigentes, es decir hombres. Sin embargo, las <strong>mujeres<\/strong> tuvieron un papel muy importante en este movimiento estudiantil y tienen su propia visi\u00f3n de lo ocurrido.<\/p>\n<p>Se trata de una fecha con diversidad de testimonios y entre los participantes, muchas mujeres se vieron involucradas.<\/p>\n<p>Conocer la memoria de las <strong>mujeres<\/strong> en esta tragedia, ayuda a comprender el rompecabezas del movimiento estudiantil del 68, que est\u00e1 por cumplir 55 a\u00f1os.<\/p>\n<p>Las voces femeninas aportan una gran perspectiva y recordarlas y escucharlas es una manera de mantener la cr\u00edtica y el homenaje.<\/p>\n<h2><\/h2>\n<h2>Las mujeres &#8220;tuvimos un gran papel&#8221;<\/h2>\n<p>Ana Ignacia Rodr\u00edguez M\u00e1rquez, conocida como &#8220;<em>La Nacha&#8221;, <\/em>activista pol\u00edtica y una de las l\u00edderes del movimiento estudiantil destac\u00f3 en su momento el gran papel que tuvieron las mujeres.<\/p>\n<p>En la <a href=\"https:\/\/www.youtube.com\/watch?v=tlwCqAsY56Y\">conferencia llamada &#8220;Las Mujeres en el 68&#8221;<\/a>, realizada en la Casa de las Humanidades hace cuatro a\u00f1os, un grupo de mujeres se reunieron para contar sus experiencias personales en el movimiento estudiantil del 68.<\/p>\n<p>&#8220;<em>La Nacha&#8221;<\/em> se enfoc\u00f3 en la gran importancia que tuvo el 2 de Octubre y el impacto cultural en la historia de M\u00e9xico. Y claro, resalt\u00f3 el valor de las<strong> mujeres<\/strong> por ser parte de la memoria del movimiento del 68.<\/p>\n<p>&#8220;La participaci\u00f3n de nosotras las mujeres&#8230; en una trinchera o en otra, ha sido vital para que ese movimiento permanezca a cincuenta a\u00f1os&#8221;.<\/p>\n<p>&nbsp;<\/p>\n<p><iframe loading=\"lazy\" title=\"Las mujeres del movimiento del 68 - UNAM Global\" width=\"1170\" height=\"658\" src=\"https:\/\/www.youtube.com\/embed\/tlwCqAsY56Y?feature=oembed\" frameborder=\"0\" allow=\"accelerometer; autoplay; clipboard-write; encrypted-media; gyroscope; picture-in-picture; web-share\" allowfullscreen><\/iframe><\/p>\n<h2><\/h2>\n<h2>La historia la contaron los hombres l\u00edderes<\/h2>\n<p>La lideresa define los claroscuros detr\u00e1s del movimiento estudiantil. Uno de los puntos a resaltar es sobre la construcci\u00f3n de la historia a trav\u00e9s de los personajes masculinos.<\/p>\n<p>Pol\u00edticos o activistas, ellos nos han dado su versi\u00f3n de la matanza. Y por eso es muy importante escuchar a las mujeres, recuerda &#8220;La Nacha&#8221;.<\/p>\n<p>Y es que tan solo hay que recordar a las<strong> mujeres<\/strong> que fueron presas pol\u00edticas o esposas que buscaron a sus maridos encarcelados. Por ello, en su papel de activista, &#8220;<em>La Nacha&#8221;<\/em> exige un reconocimiento para todas las mujeres del 68.<\/p>\n<p>&nbsp;<\/p>\n<h2>Testimonios de mujeres: &#8220;Cay\u00f3 el cuerpo del joven cerca de m\u00ed&#8221;<\/h2>\n<p>Una de las ponentes en la conferencia fue Eufrosina Rodr\u00edguez Trejo, quien tambi\u00e9n es activista del movimiento estudiantil del 68.<\/p>\n<p>Durante la conferencia, narra los sucesos que vivi\u00f3; en su discurso, incluy\u00f3 la llegada de los estudiantes y de los soldados a la plaza, la sangre y los ca\u00f1onazos de las armas.<\/p>\n<p>Es estremecedor c\u00f3mo va contando cada uno de los momentos, ubic\u00e1ndonos junto a ella, escuchando los gritos y las balas. De su voz sabemos que &#8220;<strong>alguien comenz\u00f3 a rezar [&#8230;] alguien comenz\u00f3 a cantar el himno nacional<\/strong>&#8220;. Su testimonio es impactante. Tenemos la posibilidad de escuchar la voz de una mujer sobreviviente del movimiento del 68.<\/p>\n<p><img data-recalc-dims=\"1\" fetchpriority=\"high\" decoding=\"async\" class=\"aligncenter wp-image-12310\" src=\"https:\/\/i0.wp.com\/soclose.mx\/blog\/wp-content\/uploads\/2023\/09\/3473750209_70263ed832_o.jpg?resize=300%2C300&#038;ssl=1\" alt=\"Matanza Tlatelolco \" width=\"300\" height=\"300\" srcset=\"https:\/\/i0.wp.com\/soclose.mx\/blog\/wp-content\/uploads\/2023\/09\/3473750209_70263ed832_o.jpg?w=300&amp;ssl=1 300w, https:\/\/i0.wp.com\/soclose.mx\/blog\/wp-content\/uploads\/2023\/09\/3473750209_70263ed832_o.jpg?resize=150%2C150&amp;ssl=1 150w, https:\/\/i0.wp.com\/soclose.mx\/blog\/wp-content\/uploads\/2023\/09\/3473750209_70263ed832_o.jpg?resize=160%2C160&amp;ssl=1 160w\" sizes=\"(max-width: 300px) 100vw, 300px\" \/><\/p>\n<p>&nbsp;<\/p>\n<h2>Cambios culturales del movimiento estudiantil del 68<\/h2>\n<p>Una mujer\u00a0 que\u00a0 tambi\u00e9n comparti\u00f3 su conocimiento en la conferencia, fue Gloria Tirado Villegas, doctora en Historia por la <a href=\"https:\/\/soclose.mx\/blog\/ay-goeeee\/unam-crea-recorrido-virtual-por-tenochtitlan\/\">UNAM<\/a>.<\/p>\n<p>Una de las curiosidades mencionadas por ella es que nos concentramos en el 2 de Octubre. Sin embargo, el proceso pol\u00edtico y estudiantil del movimiento dur\u00f3 alrededor de 134 d\u00edas. Entonces, es necesario rescatar todos los \u00e1ngulos posibles, en especial el papel de las mujeres. Tambi\u00e9n, podemos ver la inclusi\u00f3n del feminismo para analizar estos eventos.<\/p>\n<p>En una \u00e9poca donde la participaci\u00f3n femenina todav\u00eda era limitada, el movimiento del 68 promovi\u00f3 la liberaci\u00f3n de las mujeres.<\/p>\n<p>En los a\u00f1os 60, con la inclusi\u00f3n de los <a href=\"https:\/\/www.iis.unam.mx\/blog\/el-movimiento-estudiantil-del-68-fue-un-espacio-de-liberacion-femenina\/\">anticonceptivos y las p\u00edldoras<\/a>, la sexualidad era un campo todav\u00eda controlado. Sin embargo, despu\u00e9s del movimiento estudiantil, entraron a ser parte de los cambios culturales y pol\u00edticos de M\u00e9xico.<\/p>\n<p>Y cada a\u00f1o, cuando recordamos el 2 de Octubre, tambi\u00e9n debemos recordar a todas las mujeres, fallecidas o sobrevivientes, que son parte de la historia.<\/p>\n","protected":false},"excerpt":{"rendered":"<p>Cada 2 de Octubre se conmemora la masacre y desaparici\u00f3n de estudiantes mexicanos en la Plaza de las Tres Culturas, en Tlatelolco, ocurrida en 1968 y lo que se sabe\u00a0ha sido relatado por sus ex dirigentes, es decir hombres. Sin embargo, las mujeres tuvieron un papel muy importante en este movimiento estudiantil y tienen su propia visi\u00f3n de lo ocurrido. Se trata de una fecha con diversidad de testimonios y entre los participantes, muchas mujeres se vieron involucradas. Conocer la memoria de las mujeres en esta tragedia, ayuda a comprender el rompecabezas del movimiento estudiantil del 68, que est\u00e1 por<\/p>\n","protected":false},"author":12,"featured_media":12164,"comment_status":"open","ping_status":"open","sticky":false,"template":"","format":"standard","meta":{"_jetpack_memberships_contains_paid_content":false,"footnotes":""},"categories":[1778],"tags":[886,2274,1206,1492,2080,276,482,331],"class_list":["post-12033","post","type-post","status-publish","format-standard","has-post-thumbnail","hentry","category-a-la-mexicana","tag-activista","tag-estudiantes","tag-feminismo","tag-historia","tag-mexico-68","tag-mujeres","tag-tlatelolco","tag-unam"],"yoast_head":"<!-- This site is optimized with the Yoast SEO plugin v26.7 - https:\/\/yoast.com\/wordpress\/plugins\/seo\/ -->\n<title>Mujeres del movimiento estudiantil del 68 \u00bfQu\u00e9 papel tuvieron? - So Close<\/title>\n<meta name=\"description\" content=\"Conocer tambi\u00e9n esta cara de la moneda, la memoria de las mujeres en el suceso, ayuda a comprender el rompecabezas del movimiento del &#039;68.\" \/>\n<meta name=\"robots\" content=\"index, follow, max-snippet:-1, max-image-preview:large, max-video-preview:-1\" \/>\n<link rel=\"canonical\" href=\"https:\/\/soclose.mx\/blog\/tag\/juan-rulfo-frases-mujeres\/\" \/>\n<meta property=\"og:locale\" content=\"es_MX\" \/>\n<meta property=\"og:type\" content=\"article\" \/>\n<meta property=\"og:title\" content=\"Mujeres del movimiento estudiantil del 68 \u00bfQu\u00e9 papel tuvieron? - So Close\" \/>\n<meta property=\"og:description\" content=\"Conocer tambi\u00e9n esta cara de la moneda, la memoria de las mujeres en el suceso, ayuda a comprender el rompecabezas del movimiento del &#039;68.\" \/>\n<meta property=\"og:url\" content=\"https:\/\/soclose.mx\/blog\/tag\/juan-rulfo-frases-mujeres\/\" \/>\n<meta property=\"og:site_name\" content=\"So Close\" \/>\n<meta property=\"article:published_time\" content=\"2023-09-27T19:52:44+00:00\" \/>\n<meta property=\"og:image\" content=\"https:\/\/i0.wp.com\/soclose.mx\/blog\/wp-content\/uploads\/2023\/07\/Mujeres-2-de-octubre-68-Mexico.jpg?fit=1280%2C743&ssl=1\" \/>\n\t<meta property=\"og:image:width\" content=\"1280\" \/>\n\t<meta property=\"og:image:height\" content=\"743\" \/>\n\t<meta property=\"og:image:type\" content=\"image\/jpeg\" \/>\n<meta name=\"author\" content=\"Emmanuel Oviedo\" \/>\n<meta name=\"twitter:card\" content=\"summary_large_image\" \/>\n<meta name=\"twitter:label1\" content=\"Escrito por\" \/>\n\t<meta name=\"twitter:data1\" content=\"Emmanuel Oviedo\" \/>\n\t<meta name=\"twitter:label2\" content=\"Tiempo de lectura\" \/>\n\t<meta name=\"twitter:data2\" content=\"4 minutos\" \/>\n<script type=\"application\/ld+json\" class=\"yoast-schema-graph\">{\"@context\":\"https:\/\/schema.org\",\"@graph\":[{\"@type\":\"Article\",\"@id\":\"https:\/\/soclose.mx\/blog\/tag\/juan-rulfo-frases-mujeres\/#article\",\"isPartOf\":{\"@id\":\"https:\/\/soclose.mx\/blog\/tag\/juan-rulfo-frases-mujeres\/\"},\"author\":{\"name\":\"Emmanuel Oviedo\",\"@id\":\"https:\/\/soclose.mx\/blog\/#\/schema\/person\/2f5b2fa33ca701af6ff6aad6fa0e2e30\"},\"headline\":\"Mujeres del movimiento estudiantil del 68 \u00bfQu\u00e9 papel tuvieron?\",\"datePublished\":\"2023-09-27T19:52:44+00:00\",\"mainEntityOfPage\":{\"@id\":\"https:\/\/soclose.mx\/blog\/tag\/juan-rulfo-frases-mujeres\/\"},\"wordCount\":687,\"commentCount\":0,\"publisher\":{\"@id\":\"https:\/\/soclose.mx\/blog\/#organization\"},\"image\":{\"@id\":\"https:\/\/soclose.mx\/blog\/tag\/juan-rulfo-frases-mujeres\/#primaryimage\"},\"thumbnailUrl\":\"https:\/\/i0.wp.com\/soclose.mx\/blog\/wp-content\/uploads\/2023\/07\/Mujeres-2-de-octubre-68-Mexico.jpg?fit=1280%2C743&ssl=1\",\"keywords\":[\"activista\",\"estudiantes\",\"feminismo\",\"historia\",\"mexico 68\",\"mujeres\",\"tlatelolco\",\"unam\"],\"articleSection\":[\"A la mexicana\"],\"inLanguage\":\"es\",\"potentialAction\":[{\"@type\":\"CommentAction\",\"name\":\"Comment\",\"target\":[\"https:\/\/soclose.mx\/blog\/tag\/juan-rulfo-frases-mujeres\/#respond\"]}]},{\"@type\":\"WebPage\",\"@id\":\"https:\/\/soclose.mx\/blog\/tag\/juan-rulfo-frases-mujeres\/\",\"url\":\"https:\/\/soclose.mx\/blog\/tag\/juan-rulfo-frases-mujeres\/\",\"name\":\"Mujeres del movimiento estudiantil del 68 \u00bfQu\u00e9 papel tuvieron? - So Close\",\"isPartOf\":{\"@id\":\"https:\/\/soclose.mx\/blog\/#website\"},\"primaryImageOfPage\":{\"@id\":\"https:\/\/soclose.mx\/blog\/tag\/juan-rulfo-frases-mujeres\/#primaryimage\"},\"image\":{\"@id\":\"https:\/\/soclose.mx\/blog\/tag\/juan-rulfo-frases-mujeres\/#primaryimage\"},\"thumbnailUrl\":\"https:\/\/i0.wp.com\/soclose.mx\/blog\/wp-content\/uploads\/2023\/07\/Mujeres-2-de-octubre-68-Mexico.jpg?fit=1280%2C743&ssl=1\",\"datePublished\":\"2023-09-27T19:52:44+00:00\",\"description\":\"Conocer tambi\u00e9n esta cara de la moneda, la memoria de las mujeres en el suceso, ayuda a comprender el rompecabezas del movimiento del '68.\",\"breadcrumb\":{\"@id\":\"https:\/\/soclose.mx\/blog\/tag\/juan-rulfo-frases-mujeres\/#breadcrumb\"},\"inLanguage\":\"es\",\"potentialAction\":[{\"@type\":\"ReadAction\",\"target\":[\"https:\/\/soclose.mx\/blog\/tag\/juan-rulfo-frases-mujeres\/\"]}]},{\"@type\":\"ImageObject\",\"inLanguage\":\"es\",\"@id\":\"https:\/\/soclose.mx\/blog\/tag\/juan-rulfo-frases-mujeres\/#primaryimage\",\"url\":\"https:\/\/i0.wp.com\/soclose.mx\/blog\/wp-content\/uploads\/2023\/07\/Mujeres-2-de-octubre-68-Mexico.jpg?fit=1280%2C743&ssl=1\",\"contentUrl\":\"https:\/\/i0.wp.com\/soclose.mx\/blog\/wp-content\/uploads\/2023\/07\/Mujeres-2-de-octubre-68-Mexico.jpg?fit=1280%2C743&ssl=1\",\"width\":1280,\"height\":743,\"caption\":\"Mujeres 2 de Octubre 68\"},{\"@type\":\"BreadcrumbList\",\"@id\":\"https:\/\/soclose.mx\/blog\/tag\/juan-rulfo-frases-mujeres\/#breadcrumb\",\"itemListElement\":[{\"@type\":\"ListItem\",\"position\":1,\"name\":\"Inicio\",\"item\":\"https:\/\/soclose.mx\/blog\/\"},{\"@type\":\"ListItem\",\"position\":2,\"name\":\"Mujeres del movimiento estudiantil del 68 \u00bfQu\u00e9 papel tuvieron?\"}]},{\"@type\":\"WebSite\",\"@id\":\"https:\/\/soclose.mx\/blog\/#website\",\"url\":\"https:\/\/soclose.mx\/blog\/\",\"name\":\"So Close\",\"description\":\"Hacemos contenidos de M\u00e9xico\",\"publisher\":{\"@id\":\"https:\/\/soclose.mx\/blog\/#organization\"},\"potentialAction\":[{\"@type\":\"SearchAction\",\"target\":{\"@type\":\"EntryPoint\",\"urlTemplate\":\"https:\/\/soclose.mx\/blog\/?s={search_term_string}\"},\"query-input\":{\"@type\":\"PropertyValueSpecification\",\"valueRequired\":true,\"valueName\":\"search_term_string\"}}],\"inLanguage\":\"es\"},{\"@type\":\"Organization\",\"@id\":\"https:\/\/soclose.mx\/blog\/#organization\",\"name\":\"So Close\",\"url\":\"https:\/\/soclose.mx\/blog\/\",\"logo\":{\"@type\":\"ImageObject\",\"inLanguage\":\"es\",\"@id\":\"https:\/\/soclose.mx\/blog\/#\/schema\/logo\/image\/\",\"url\":\"https:\/\/i0.wp.com\/soclose.mx\/blog\/wp-content\/uploads\/2020\/12\/LOGO_SOCLOSE_COLOR-e1608310133507.png?fit=2858%2C1264&ssl=1\",\"contentUrl\":\"https:\/\/i0.wp.com\/soclose.mx\/blog\/wp-content\/uploads\/2020\/12\/LOGO_SOCLOSE_COLOR-e1608310133507.png?fit=2858%2C1264&ssl=1\",\"width\":2858,\"height\":1264,\"caption\":\"So Close\"},\"image\":{\"@id\":\"https:\/\/soclose.mx\/blog\/#\/schema\/logo\/image\/\"}},{\"@type\":\"Person\",\"@id\":\"https:\/\/soclose.mx\/blog\/#\/schema\/person\/2f5b2fa33ca701af6ff6aad6fa0e2e30\",\"name\":\"Emmanuel Oviedo\",\"image\":{\"@type\":\"ImageObject\",\"inLanguage\":\"es\",\"@id\":\"https:\/\/soclose.mx\/blog\/#\/schema\/person\/image\/\",\"url\":\"https:\/\/secure.gravatar.com\/avatar\/914334c1a2cb2e261b83fa7990e5176305d5c7aa66c050c11f0b52b32a08c28f?s=96&d=mm&r=g\",\"contentUrl\":\"https:\/\/secure.gravatar.com\/avatar\/914334c1a2cb2e261b83fa7990e5176305d5c7aa66c050c11f0b52b32a08c28f?s=96&d=mm&r=g\",\"caption\":\"Emmanuel Oviedo\"},\"url\":\"https:\/\/soclose.mx\/blog\/author\/emmanuel-oviedo\/\"}]}<\/script>\n<!-- \/ Yoast SEO plugin. -->","yoast_head_json":{"title":"Mujeres del movimiento estudiantil del 68 \u00bfQu\u00e9 papel tuvieron? - So Close","description":"Conocer tambi\u00e9n esta cara de la moneda, la memoria de las mujeres en el suceso, ayuda a comprender el rompecabezas del movimiento del '68.","robots":{"index":"index","follow":"follow","max-snippet":"max-snippet:-1","max-image-preview":"max-image-preview:large","max-video-preview":"max-video-preview:-1"},"canonical":"https:\/\/soclose.mx\/blog\/tag\/juan-rulfo-frases-mujeres\/","og_locale":"es_MX","og_type":"article","og_title":"Mujeres del movimiento estudiantil del 68 \u00bfQu\u00e9 papel tuvieron? - So Close","og_description":"Conocer tambi\u00e9n esta cara de la moneda, la memoria de las mujeres en el suceso, ayuda a comprender el rompecabezas del movimiento del '68.","og_url":"https:\/\/soclose.mx\/blog\/tag\/juan-rulfo-frases-mujeres\/","og_site_name":"So Close","article_published_time":"2023-09-27T19:52:44+00:00","og_image":[{"width":1280,"height":743,"url":"https:\/\/i0.wp.com\/soclose.mx\/blog\/wp-content\/uploads\/2023\/07\/Mujeres-2-de-octubre-68-Mexico.jpg?fit=1280%2C743&ssl=1","type":"image\/jpeg"}],"author":"Emmanuel Oviedo","twitter_card":"summary_large_image","twitter_misc":{"Escrito por":"Emmanuel Oviedo","Tiempo de lectura":"4 minutos"},"schema":{"@context":"https:\/\/schema.org","@graph":[{"@type":"Article","@id":"https:\/\/soclose.mx\/blog\/tag\/juan-rulfo-frases-mujeres\/#article","isPartOf":{"@id":"https:\/\/soclose.mx\/blog\/tag\/juan-rulfo-frases-mujeres\/"},"author":{"name":"Emmanuel Oviedo","@id":"https:\/\/soclose.mx\/blog\/#\/schema\/person\/2f5b2fa33ca701af6ff6aad6fa0e2e30"},"headline":"Mujeres del movimiento estudiantil del 68 \u00bfQu\u00e9 papel tuvieron?","datePublished":"2023-09-27T19:52:44+00:00","mainEntityOfPage":{"@id":"https:\/\/soclose.mx\/blog\/tag\/juan-rulfo-frases-mujeres\/"},"wordCount":687,"commentCount":0,"publisher":{"@id":"https:\/\/soclose.mx\/blog\/#organization"},"image":{"@id":"https:\/\/soclose.mx\/blog\/tag\/juan-rulfo-frases-mujeres\/#primaryimage"},"thumbnailUrl":"https:\/\/i0.wp.com\/soclose.mx\/blog\/wp-content\/uploads\/2023\/07\/Mujeres-2-de-octubre-68-Mexico.jpg?fit=1280%2C743&ssl=1","keywords":["activista","estudiantes","feminismo","historia","mexico 68","mujeres","tlatelolco","unam"],"articleSection":["A la mexicana"],"inLanguage":"es","potentialAction":[{"@type":"CommentAction","name":"Comment","target":["https:\/\/soclose.mx\/blog\/tag\/juan-rulfo-frases-mujeres\/#respond"]}]},{"@type":"WebPage","@id":"https:\/\/soclose.mx\/blog\/tag\/juan-rulfo-frases-mujeres\/","url":"https:\/\/soclose.mx\/blog\/tag\/juan-rulfo-frases-mujeres\/","name":"Mujeres del movimiento estudiantil del 68 \u00bfQu\u00e9 papel tuvieron? - So Close","isPartOf":{"@id":"https:\/\/soclose.mx\/blog\/#website"},"primaryImageOfPage":{"@id":"https:\/\/soclose.mx\/blog\/tag\/juan-rulfo-frases-mujeres\/#primaryimage"},"image":{"@id":"https:\/\/soclose.mx\/blog\/tag\/juan-rulfo-frases-mujeres\/#primaryimage"},"thumbnailUrl":"https:\/\/i0.wp.com\/soclose.mx\/blog\/wp-content\/uploads\/2023\/07\/Mujeres-2-de-octubre-68-Mexico.jpg?fit=1280%2C743&ssl=1","datePublished":"2023-09-27T19:52:44+00:00","description":"Conocer tambi\u00e9n esta cara de la moneda, la memoria de las mujeres en el suceso, ayuda a comprender el rompecabezas del movimiento del '68.","breadcrumb":{"@id":"https:\/\/soclose.mx\/blog\/tag\/juan-rulfo-frases-mujeres\/#breadcrumb"},"inLanguage":"es","potentialAction":[{"@type":"ReadAction","target":["https:\/\/soclose.mx\/blog\/tag\/juan-rulfo-frases-mujeres\/"]}]},{"@type":"ImageObject","inLanguage":"es","@id":"https:\/\/soclose.mx\/blog\/tag\/juan-rulfo-frases-mujeres\/#primaryimage","url":"https:\/\/i0.wp.com\/soclose.mx\/blog\/wp-content\/uploads\/2023\/07\/Mujeres-2-de-octubre-68-Mexico.jpg?fit=1280%2C743&ssl=1","contentUrl":"https:\/\/i0.wp.com\/soclose.mx\/blog\/wp-content\/uploads\/2023\/07\/Mujeres-2-de-octubre-68-Mexico.jpg?fit=1280%2C743&ssl=1","width":1280,"height":743,"caption":"Mujeres 2 de Octubre 68"},{"@type":"BreadcrumbList","@id":"https:\/\/soclose.mx\/blog\/tag\/juan-rulfo-frases-mujeres\/#breadcrumb","itemListElement":[{"@type":"ListItem","position":1,"name":"Inicio","item":"https:\/\/soclose.mx\/blog\/"},{"@type":"ListItem","position":2,"name":"Mujeres del movimiento estudiantil del 68 \u00bfQu\u00e9 papel tuvieron?"}]},{"@type":"WebSite","@id":"https:\/\/soclose.mx\/blog\/#website","url":"https:\/\/soclose.mx\/blog\/","name":"So Close","description":"Hacemos contenidos de M\u00e9xico","publisher":{"@id":"https:\/\/soclose.mx\/blog\/#organization"},"potentialAction":[{"@type":"SearchAction","target":{"@type":"EntryPoint","urlTemplate":"https:\/\/soclose.mx\/blog\/?s={search_term_string}"},"query-input":{"@type":"PropertyValueSpecification","valueRequired":true,"valueName":"search_term_string"}}],"inLanguage":"es"},{"@type":"Organization","@id":"https:\/\/soclose.mx\/blog\/#organization","name":"So Close","url":"https:\/\/soclose.mx\/blog\/","logo":{"@type":"ImageObject","inLanguage":"es","@id":"https:\/\/soclose.mx\/blog\/#\/schema\/logo\/image\/","url":"https:\/\/i0.wp.com\/soclose.mx\/blog\/wp-content\/uploads\/2020\/12\/LOGO_SOCLOSE_COLOR-e1608310133507.png?fit=2858%2C1264&ssl=1","contentUrl":"https:\/\/i0.wp.com\/soclose.mx\/blog\/wp-content\/uploads\/2020\/12\/LOGO_SOCLOSE_COLOR-e1608310133507.png?fit=2858%2C1264&ssl=1","width":2858,"height":1264,"caption":"So Close"},"image":{"@id":"https:\/\/soclose.mx\/blog\/#\/schema\/logo\/image\/"}},{"@type":"Person","@id":"https:\/\/soclose.mx\/blog\/#\/schema\/person\/2f5b2fa33ca701af6ff6aad6fa0e2e30","name":"Emmanuel Oviedo","image":{"@type":"ImageObject","inLanguage":"es","@id":"https:\/\/soclose.mx\/blog\/#\/schema\/person\/image\/","url":"https:\/\/secure.gravatar.com\/avatar\/914334c1a2cb2e261b83fa7990e5176305d5c7aa66c050c11f0b52b32a08c28f?s=96&d=mm&r=g","contentUrl":"https:\/\/secure.gravatar.com\/avatar\/914334c1a2cb2e261b83fa7990e5176305d5c7aa66c050c11f0b52b32a08c28f?s=96&d=mm&r=g","caption":"Emmanuel Oviedo"},"url":"https:\/\/soclose.mx\/blog\/author\/emmanuel-oviedo\/"}]}},"jetpack_featured_media_url":"https:\/\/i0.wp.com\/soclose.mx\/blog\/wp-content\/uploads\/2023\/07\/Mujeres-2-de-octubre-68-Mexico.jpg?fit=1280%2C743&ssl=1","jetpack-related-posts":[{"id":13130,"url":"https:\/\/soclose.mx\/blog\/seleccion-mexicana\/los-momentos-mas-polemicos-de-las-olimpiadas-mexico-1968\/","url_meta":{"origin":12033,"position":0},"title":"Los momentos m\u00e1s pol\u00e9micos de las Olimpiadas M\u00e9xico 1968","author":"Emmanuel Oviedo","date":"19 febrero, 2024","format":false,"excerpt":"Las Olimpiadas de M\u00e9xico 1968 rompieron grandes expectativas pero, al mismo tiempo, se realizaron en medio de muchas pol\u00e9micas. Ya sea dentro de nuestro pa\u00eds o a nivel internacional, las Olimpiadas son ocasi\u00f3n de ilusiones deportivas y problem\u00e1ticas sociales, ya que es el lugar donde todos los pa\u00edses pueden reunirse,\u2026","rel":"","context":"En &quot;\u00a1Ay goeeee!&quot;","block_context":{"text":"\u00a1Ay goeeee!","link":"https:\/\/soclose.mx\/blog\/category\/ay-goeeee\/"},"img":{"alt_text":"Black power olimpiadas","src":"https:\/\/i0.wp.com\/soclose.mx\/blog\/wp-content\/uploads\/2024\/01\/Black-power-olimpiadas.jpg?fit=640%2C640&ssl=1&resize=350%2C200","width":350,"height":200,"srcset":"https:\/\/i0.wp.com\/soclose.mx\/blog\/wp-content\/uploads\/2024\/01\/Black-power-olimpiadas.jpg?fit=640%2C640&ssl=1&resize=350%2C200 1x, https:\/\/i0.wp.com\/soclose.mx\/blog\/wp-content\/uploads\/2024\/01\/Black-power-olimpiadas.jpg?fit=640%2C640&ssl=1&resize=525%2C300 1.5x"},"classes":[]},{"id":11573,"url":"https:\/\/soclose.mx\/blog\/lugares\/turismo-religioso-destinos-cdmx\/","url_meta":{"origin":12033,"position":1},"title":"Turismo religioso: Cinco destinos para conocer en la CDMX","author":"Mar\u00eda Ju\u00e1rez","date":"25 marzo, 2024","format":false,"excerpt":"El turismo religioso en M\u00e9xico es una opci\u00f3n que siempre est\u00e1 vigente, los recintos pueden ser visitados casi en cualquier temporada del a\u00f1o ya que permanecen abiertos a los miles de visitantes que cada d\u00eda disfrutan de la Ciudad de M\u00e9xico (CDMX). Los lugares que a continuaci\u00f3n te vamos a\u2026","rel":"","context":"En &quot;Lugares&quot;","block_context":{"text":"Lugares","link":"https:\/\/soclose.mx\/blog\/category\/lugares\/"},"img":{"alt_text":"Turismo religioso","src":"https:\/\/i0.wp.com\/soclose.mx\/blog\/wp-content\/uploads\/2023\/04\/Turismo-religioso-CDMX-lugares.jpg?fit=1200%2C787&ssl=1&resize=350%2C200","width":350,"height":200,"srcset":"https:\/\/i0.wp.com\/soclose.mx\/blog\/wp-content\/uploads\/2023\/04\/Turismo-religioso-CDMX-lugares.jpg?fit=1200%2C787&ssl=1&resize=350%2C200 1x, https:\/\/i0.wp.com\/soclose.mx\/blog\/wp-content\/uploads\/2023\/04\/Turismo-religioso-CDMX-lugares.jpg?fit=1200%2C787&ssl=1&resize=525%2C300 1.5x, https:\/\/i0.wp.com\/soclose.mx\/blog\/wp-content\/uploads\/2023\/04\/Turismo-religioso-CDMX-lugares.jpg?fit=1200%2C787&ssl=1&resize=700%2C400 2x, https:\/\/i0.wp.com\/soclose.mx\/blog\/wp-content\/uploads\/2023\/04\/Turismo-religioso-CDMX-lugares.jpg?fit=1200%2C787&ssl=1&resize=1050%2C600 3x"},"classes":[]},{"id":7251,"url":"https:\/\/soclose.mx\/blog\/news-feed\/lanzate-al-tianguis-de-pulque-cerveza-y-lucha-libre-en-tlatelolco\/","url_meta":{"origin":12033,"position":2},"title":"\u00a1L\u00e1nzate al tianguis de pulque, cerveza y lucha libre en Tlatelolco!","author":"Miguel Angel Romero","date":"16 septiembre, 2021","format":false,"excerpt":"Qu\u00e9 mejor manera de cerrar una semana muy mexicana que con el tianguis del Pulque y la Cerveza 2021, el festival que se llevar\u00e1 a cabo este s\u00e1bado 18 y domingo 19 de septiembre, en el Centro de Convenciones de Tlatelolco. El evento se realizar\u00e1 un espacio grande para que\u2026","rel":"","context":"En &quot;News feed&quot;","block_context":{"text":"News feed","link":"https:\/\/soclose.mx\/blog\/category\/news-feed\/"},"img":{"alt_text":"","src":"https:\/\/i0.wp.com\/soclose.mx\/blog\/wp-content\/uploads\/2021\/09\/Principal-So-Close-blog-18.jpg?fit=1200%2C677&ssl=1&resize=350%2C200","width":350,"height":200,"srcset":"https:\/\/i0.wp.com\/soclose.mx\/blog\/wp-content\/uploads\/2021\/09\/Principal-So-Close-blog-18.jpg?fit=1200%2C677&ssl=1&resize=350%2C200 1x, https:\/\/i0.wp.com\/soclose.mx\/blog\/wp-content\/uploads\/2021\/09\/Principal-So-Close-blog-18.jpg?fit=1200%2C677&ssl=1&resize=525%2C300 1.5x, https:\/\/i0.wp.com\/soclose.mx\/blog\/wp-content\/uploads\/2021\/09\/Principal-So-Close-blog-18.jpg?fit=1200%2C677&ssl=1&resize=700%2C400 2x, https:\/\/i0.wp.com\/soclose.mx\/blog\/wp-content\/uploads\/2021\/09\/Principal-So-Close-blog-18.jpg?fit=1200%2C677&ssl=1&resize=1050%2C600 3x"},"classes":[]},{"id":14891,"url":"https:\/\/soclose.mx\/blog\/ay-goeeee\/secretos-sobrenaturales-del-sismo-del-85\/","url_meta":{"origin":12033,"position":3},"title":"Secretos sobrenaturales del sismo del 85","author":"So Close","date":"7 agosto, 2025","format":false,"excerpt":"Existen varios relatos misteriosos relacionados con el terremoto del 85 en la Ciudad de M\u00e9xico, que forman parte del folclore y la memoria colectiva. Algunos de los secretos sobrenaturales del sismo del 85 m\u00e1s conocidos incluyen: Secretos sobrenaturales del sismo del 85 El fantasma del bailar\u00edn de Tlatelolco: Se dice\u2026","rel":"","context":"En &quot;\u00a1Ay goeeee!&quot;","block_context":{"text":"\u00a1Ay goeeee!","link":"https:\/\/soclose.mx\/blog\/category\/ay-goeeee\/"},"img":{"alt_text":"Escombros sismo del 85","src":"https:\/\/i0.wp.com\/soclose.mx\/blog\/wp-content\/uploads\/2025\/08\/Escombros-sismo-del-85.jpg?fit=1200%2C675&ssl=1&resize=350%2C200","width":350,"height":200,"srcset":"https:\/\/i0.wp.com\/soclose.mx\/blog\/wp-content\/uploads\/2025\/08\/Escombros-sismo-del-85.jpg?fit=1200%2C675&ssl=1&resize=350%2C200 1x, https:\/\/i0.wp.com\/soclose.mx\/blog\/wp-content\/uploads\/2025\/08\/Escombros-sismo-del-85.jpg?fit=1200%2C675&ssl=1&resize=525%2C300 1.5x, https:\/\/i0.wp.com\/soclose.mx\/blog\/wp-content\/uploads\/2025\/08\/Escombros-sismo-del-85.jpg?fit=1200%2C675&ssl=1&resize=700%2C400 2x, https:\/\/i0.wp.com\/soclose.mx\/blog\/wp-content\/uploads\/2025\/08\/Escombros-sismo-del-85.jpg?fit=1200%2C675&ssl=1&resize=1050%2C600 3x"},"classes":[]},{"id":12026,"url":"https:\/\/soclose.mx\/blog\/a-la-mexicana\/primera-dama-esposas-politicos-mexico\/","url_meta":{"origin":12033,"position":4},"title":"\u00a1Primera dama! De actrices a esposas de pol\u00edticos mexicanos","author":"Emmanuel Oviedo","date":"16 julio, 2023","format":false,"excerpt":"Se suele escuchar que \"detr\u00e1s de un buen hombre, hay una gran mujer\", pero los tiempos cambian y los dichos tambi\u00e9n y esto se refleja en las m\u00e1s altas esferas de poder. La primera dama o esposa de un pol\u00edtico sol\u00eda acompa\u00f1ar a su marido en las fotograf\u00edas oficiales, pero\u2026","rel":"","context":"En &quot;A la mexicana&quot;","block_context":{"text":"A la mexicana","link":"https:\/\/soclose.mx\/blog\/category\/a-la-mexicana\/"},"img":{"alt_text":"Primera Dama esposas actrices presidentes de M\u00e9xico","src":"https:\/\/i0.wp.com\/soclose.mx\/blog\/wp-content\/uploads\/2023\/07\/descarga.webp?fit=1200%2C711&ssl=1&resize=350%2C200","width":350,"height":200,"srcset":"https:\/\/i0.wp.com\/soclose.mx\/blog\/wp-content\/uploads\/2023\/07\/descarga.webp?fit=1200%2C711&ssl=1&resize=350%2C200 1x, https:\/\/i0.wp.com\/soclose.mx\/blog\/wp-content\/uploads\/2023\/07\/descarga.webp?fit=1200%2C711&ssl=1&resize=525%2C300 1.5x, https:\/\/i0.wp.com\/soclose.mx\/blog\/wp-content\/uploads\/2023\/07\/descarga.webp?fit=1200%2C711&ssl=1&resize=700%2C400 2x, https:\/\/i0.wp.com\/soclose.mx\/blog\/wp-content\/uploads\/2023\/07\/descarga.webp?fit=1200%2C711&ssl=1&resize=1050%2C600 3x"},"classes":[]},{"id":6880,"url":"https:\/\/soclose.mx\/blog\/news-feed\/abre-exposicion-sobre-la-caida-de-tenochtitlan-y-tlatelolco\/","url_meta":{"origin":12033,"position":5},"title":"Abre exposici\u00f3n sobre la ca\u00edda de Tenochtitlan y Tlatelolco","author":"Miguel Angel Romero","date":"17 agosto, 2021","format":false,"excerpt":"En el marco del quinto centenario de la toma de M\u00e9xico-Tenochtitlan, se inaugura la exposici\u00f3n temporal\u00a0Tenochtitlan y Tlatelolco. A 500 a\u00f1os de su ca\u00edda, bajo la curadur\u00eda de Eduardo Matos Moctezuma, Patricia Ledesma Bouchan y Judith Alva S\u00e1nchez. La exposici\u00f3n enfatiza la manera en que Tenochtitlan y Tlatelolco, decidieron compartir\u2026","rel":"","context":"En &quot;\u00a1Ay goeeee!&quot;","block_context":{"text":"\u00a1Ay goeeee!","link":"https:\/\/soclose.mx\/blog\/category\/ay-goeeee\/"},"img":{"alt_text":"","src":"https:\/\/i0.wp.com\/soclose.mx\/blog\/wp-content\/uploads\/2021\/08\/foto_home.png?fit=1019%2C792&ssl=1&resize=350%2C200","width":350,"height":200,"srcset":"https:\/\/i0.wp.com\/soclose.mx\/blog\/wp-content\/uploads\/2021\/08\/foto_home.png?fit=1019%2C792&ssl=1&resize=350%2C200 1x, https:\/\/i0.wp.com\/soclose.mx\/blog\/wp-content\/uploads\/2021\/08\/foto_home.png?fit=1019%2C792&ssl=1&resize=525%2C300 1.5x, https:\/\/i0.wp.com\/soclose.mx\/blog\/wp-content\/uploads\/2021\/08\/foto_home.png?fit=1019%2C792&ssl=1&resize=700%2C400 2x"},"classes":[]}],"jetpack_sharing_enabled":true,"_links":{"self":[{"href":"https:\/\/soclose.mx\/blog\/wp-json\/wp\/v2\/posts\/12033","targetHints":{"allow":["GET"]}}],"collection":[{"href":"https:\/\/soclose.mx\/blog\/wp-json\/wp\/v2\/posts"}],"about":[{"href":"https:\/\/soclose.mx\/blog\/wp-json\/wp\/v2\/types\/post"}],"author":[{"embeddable":true,"href":"https:\/\/soclose.mx\/blog\/wp-json\/wp\/v2\/users\/12"}],"replies":[{"embeddable":true,"href":"https:\/\/soclose.mx\/blog\/wp-json\/wp\/v2\/comments?post=12033"}],"version-history":[{"count":0,"href":"https:\/\/soclose.mx\/blog\/wp-json\/wp\/v2\/posts\/12033\/revisions"}],"wp:featuredmedia":[{"embeddable":true,"href":"https:\/\/soclose.mx\/blog\/wp-json\/wp\/v2\/media\/12164"}],"wp:attachment":[{"href":"https:\/\/soclose.mx\/blog\/wp-json\/wp\/v2\/media?parent=12033"}],"wp:term":[{"taxonomy":"category","embeddable":true,"href":"https:\/\/soclose.mx\/blog\/wp-json\/wp\/v2\/categories?post=12033"},{"taxonomy":"post_tag","embeddable":true,"href":"https:\/\/soclose.mx\/blog\/wp-json\/wp\/v2\/tags?post=12033"}],"curies":[{"name":"wp","href":"https:\/\/api.w.org\/{rel}","templated":true}]}}