{"id":12157,"date":"2023-11-04T10:04:02","date_gmt":"2023-11-04T16:04:02","guid":{"rendered":"https:\/\/soclose.mx\/blog\/?p=12157"},"modified":"2023-09-24T10:04:47","modified_gmt":"2023-09-24T16:04:47","slug":"tragedias-ocurrieron-diciembre-mexico","status":"publish","type":"post","link":"https:\/\/soclose.mx\/blog\/ay-goeeee\/tragedias-ocurrieron-diciembre-mexico\/","title":{"rendered":"Tragedias que marcaron el mes de diciembre en M\u00e9xico"},"content":{"rendered":"<p>Las <strong>tragedias<\/strong> no esperan y lamentablemente no conocen de fechas especiales porque son repentinas, inesperadas.\u00a0Y en <strong>\u00e9poca navide\u00f1a<\/strong>, cuando m\u00e1s deseamos tranquilidad, tambi\u00e9n ocurren eventos que nos marcan con un recuerdo negativo. De hecho, los hechos tr\u00e1gicos suelen ser m\u00e1s sonados y lamentables cuando ocurren en <strong>diciembre<\/strong>.<\/p>\n<p>En M\u00e9xico, nos han sucedido tragedias y cr\u00edmenes que han quedado en la memoria de nuestro pa\u00eds. Diciembre no se salva y en los \u00faltimos 31 d\u00edas del a\u00f1o han ocurrido muchos eventos.<\/p>\n<p>A continuaci\u00f3n, recordaremos las algunas <strong>tragedias m\u00e1s significativas<\/strong> que sucedieron en el mes de diciembre en M\u00e9xico.<\/p>\n<h2><\/h2>\n<h2>1. La muerte de Martha Erika Alonso y Rafael Moreno en Puebla<\/h2>\n<p>El mero 24 de diciembre del 2018, el helic\u00f3ptero en el que viajaban dos pol\u00edticos importantes de Puebla se desplom\u00f3 causando la tragedia.<\/p>\n<p>En la aeronave viajaban la gobernadora Marta Erika y su esposo el diputado Rafel Moreno Valle. En esa tarde ambos viajaban hacia Santa Mar\u00eda Coronango, <a href=\"https:\/\/soclose.mx\/blog\/ay-goeeee\/aventura-inolvidable-familia-de-puebla-viaja-en-barco-por-el-mundo-durante-3-anos\/\">Puebla<\/a>. En las primeros informes del acontecimiento se desconoc\u00edan las causas del accidente en el helic\u00f3ptero.<\/p>\n<p><strong>El entonces presidente Felipe Calder\u00f3n<\/strong> mostr\u00f3 lo inaceptable de tal negligencia. Sin embargo, la Fiscal\u00eda de Puebla localiz\u00f3 y aprehendi\u00f3 a <a href=\"https:\/\/www.capital21.cdmx.gob.mx\/noticias\/?p=6980\">los cuatro responsables<\/a> del cuidado del helic\u00f3ptero en el taller que trabajaban.<\/p>\n<blockquote class=\"twitter-tweet\" data-width=\"550\" data-dnt=\"true\">\n<p lang=\"es\" dir=\"ltr\">A 9 meses del accidente de Rafael Moreno Valle y Martha Ericka Alonso, el gobierno de Morena no ha dado explicaci\u00f3n razonable del accidente, en el que perdieron la vida. Pero mientras ele gobernador de Puebla, Miguel Barboza, dice que \u201clos castig\u00f3 Dios\u201d. C\u00ednicos y sinverg\u00fcenzas.<\/p>\n<p>&mdash; Felipe Calder\u00f3n ?? (@FelipeCalderon) <a href=\"https:\/\/twitter.com\/FelipeCalderon\/status\/1182085136264957952?ref_src=twsrc%5Etfw\">October 10, 2019<\/a><\/p><\/blockquote>\n<p><script async src=\"https:\/\/platform.twitter.com\/widgets.js\" charset=\"utf-8\"><\/script><\/p>\n<h2>2. Crimen de un padre militar en Ecatepec<\/h2>\n<p>Es lamentable cuando escuchamos de atrocidades realizadas dentro de la familia y esta historia ocurri\u00f3 en <a href=\"https:\/\/soclose.mx\/blog\/ay-goeeee\/ah-caray-aparece-mono-arana-en-ecatepec\/\">Ecatepec<\/a> Estado de M\u00e9xico.<\/p>\n<p>En diciembre del a\u00f1o 2014 un hombre <strong>mato a sus seis hijos y a su esposa,<\/strong> para despu\u00e9s tambi\u00e9n\u00a0 quitarse la vida.\u00a0 Los asesinatos ocurrieron dentro de la casa, puesto que encontraron los cuerpos sobre colchonetas y la esposa sobre la cama.<\/p>\n<p>La entonces Procuradur\u00eda del Estado de M\u00e9xico <a href=\"https:\/\/elcomercio.pe\/mundo\/actualidad\/tragedia-navidad-hombre-mato-6-hijos-mexico-182341-noticia\/?ref=ecr\">inform\u00f3<\/a> que hall\u00f3 al hombre, al parecer militar, <strong>colgado de una cuerda<\/strong> dentro de la casa tambi\u00e9n.<\/p>\n<p>La noche de aquel martes el hombre regres\u00f3 de una reuni\u00f3n y procedi\u00f3 a asfixiar a sus hijos y golpear hasta la muerte a su esposa.<\/p>\n<p><iframe loading=\"lazy\" title=\"Hombre asesina a sus seis hijos y esposa en Ecatepec, Edomex\/ Comunidad\" width=\"1170\" height=\"658\" src=\"https:\/\/www.youtube.com\/embed\/34OEnsjPBgs?feature=oembed\" frameborder=\"0\" allow=\"accelerometer; autoplay; clipboard-write; encrypted-media; gyroscope; picture-in-picture; web-share\" allowfullscreen><\/iframe><\/p>\n<h2>3. Muertes de famosos mexicanos en Diciembre<\/h2>\n<p>La Navidad est\u00e1 para reunirse y celebrar con la familia. Sin embargo, nunca se sabe cuando despertaremos en la ma\u00f1ana con la noticia del fallecimiento de alguien importante.<\/p>\n<p>Por ejemplo, el 9 de diciembre del a\u00f1o 2012 falleci\u00f3 la cantante <strong>Jenni Rivera, la reina del regional mexicano.<\/strong> Un accidente a\u00e9reo termin\u00f3 con su vida.<\/p>\n<p>El 12 de diciembre del 2021, M\u00e9xico tuvo otra p\u00e9rdida significativa para la m\u00fasica regional. Aquel d\u00eda falleci\u00f3 <strong>Vicente Fern\u00e1ndez<\/strong>, el llamado &#8220;Charro de Huentit\u00e1n&#8221;.<\/p>\n<p>Asimismo, para el mundo de los espect\u00e1culos pero en el a\u00f1o 2021, falleci\u00f3 a actriz <strong>Carmen Salinas.<\/strong> Con 82 a\u00f1os de edad, muri\u00f3 de un derrame cerebral despu\u00e9s de estar hospitalizada durante casi un mes.<\/p>\n<p><img data-recalc-dims=\"1\" fetchpriority=\"high\" decoding=\"async\" class=\"aligncenter wp-image-12159 size-large\" src=\"https:\/\/i0.wp.com\/soclose.mx\/blog\/wp-content\/uploads\/2023\/07\/5217334329_23453ba1db_h.jpg?resize=1024%2C682&#038;ssl=1\" alt=\"\" width=\"1024\" height=\"682\" srcset=\"https:\/\/i0.wp.com\/soclose.mx\/blog\/wp-content\/uploads\/2023\/07\/5217334329_23453ba1db_h.jpg?resize=1024%2C682&amp;ssl=1 1024w, https:\/\/i0.wp.com\/soclose.mx\/blog\/wp-content\/uploads\/2023\/07\/5217334329_23453ba1db_h.jpg?resize=300%2C200&amp;ssl=1 300w, https:\/\/i0.wp.com\/soclose.mx\/blog\/wp-content\/uploads\/2023\/07\/5217334329_23453ba1db_h.jpg?resize=768%2C512&amp;ssl=1 768w, https:\/\/i0.wp.com\/soclose.mx\/blog\/wp-content\/uploads\/2023\/07\/5217334329_23453ba1db_h.jpg?resize=600%2C400&amp;ssl=1 600w, https:\/\/i0.wp.com\/soclose.mx\/blog\/wp-content\/uploads\/2023\/07\/5217334329_23453ba1db_h.jpg?resize=240%2C160&amp;ssl=1 240w, https:\/\/i0.wp.com\/soclose.mx\/blog\/wp-content\/uploads\/2023\/07\/5217334329_23453ba1db_h.jpg?resize=1170%2C779&amp;ssl=1 1170w, https:\/\/i0.wp.com\/soclose.mx\/blog\/wp-content\/uploads\/2023\/07\/5217334329_23453ba1db_h.jpg?resize=585%2C390&amp;ssl=1 585w, https:\/\/i0.wp.com\/soclose.mx\/blog\/wp-content\/uploads\/2023\/07\/5217334329_23453ba1db_h.jpg?resize=263%2C175&amp;ssl=1 263w, https:\/\/i0.wp.com\/soclose.mx\/blog\/wp-content\/uploads\/2023\/07\/5217334329_23453ba1db_h.jpg?w=1495&amp;ssl=1 1495w\" sizes=\"(max-width: 1024px) 100vw, 1024px\" \/><\/p>\n<p>&nbsp;<\/p>\n<h2>4.- Tragedia de m\u00e1s de 50 migrantes en volcadura de tr\u00e1iler<\/h2>\n<p>El 9 de diciembre de 2019, M\u00e9xico se visti\u00f3 de luto despu\u00e9s de que se registrara una volcadura de cami\u00f3n que transportaba migrantes indocumentados por el estado de Chiapas con direcci\u00f3n a Estados Unidos.<\/p>\n<p>El fat\u00eddico accidente dej\u00f3 como saldo, al menos, 54 personas muertas y decenas de heridas. Las im\u00e1genes difundidas en redes sociales y que circulaban en los medios de comunicaci\u00f3n daban cuenta de la terror\u00edfica situaci\u00f3n en que viajaban los migrantes y como quedaron sus cuerpos al volcar el tr\u00e1iler.<\/p>\n<p>A pesar de estos terribles sucesos, el pueblo de M\u00e9xico siempre sabe levantarse y no deja que las malas situaciones lo desanimen.<\/p>\n<p>Aprovechemos y disfrutemos del tiempo que nos permite la Navidad para estar juntos, con la familia, y que diciembre no s\u00f3lo sea una excusa para valorar a la familia.<\/p>\n","protected":false},"excerpt":{"rendered":"<p>Las tragedias no esperan y lamentablemente no conocen de fechas especiales porque son repentinas, inesperadas.\u00a0Y en \u00e9poca navide\u00f1a, cuando m\u00e1s deseamos tranquilidad, tambi\u00e9n ocurren eventos que nos marcan con un recuerdo negativo. De hecho, los hechos tr\u00e1gicos suelen ser m\u00e1s sonados y lamentables cuando ocurren en diciembre. En M\u00e9xico, nos han sucedido tragedias y cr\u00edmenes que han quedado en la memoria de nuestro pa\u00eds. Diciembre no se salva y en los \u00faltimos 31 d\u00edas del a\u00f1o han ocurrido muchos eventos. A continuaci\u00f3n, recordaremos las algunas tragedias m\u00e1s significativas que sucedieron en el mes de diciembre en M\u00e9xico. 1. La muerte<\/p>\n","protected":false},"author":12,"featured_media":12160,"comment_status":"open","ping_status":"open","sticky":false,"template":"","format":"standard","meta":{"_jetpack_memberships_contains_paid_content":false,"footnotes":""},"categories":[1],"tags":[3089,1623,2407,1966,1519,312,1606],"class_list":["post-12157","post","type-post","status-publish","format-standard","has-post-thumbnail","hentry","category-ay-goeeee","tag-actrices","tag-carmen-salinas","tag-fallecimiento","tag-jerry-rivera","tag-navidad","tag-puebla","tag-vicente-fernandez"],"yoast_head":"<!-- This site is optimized with the Yoast SEO plugin v26.7 - https:\/\/yoast.com\/wordpress\/plugins\/seo\/ -->\n<title>Tragedias que marcaron el mes de diciembre en M\u00e9xico -<\/title>\n<meta name=\"description\" content=\"En el \u00faltimo mes tambi\u00e9n ocurren tristes eventos. Recordaremos las tres tragedias m\u00e1s significativas en el mes de diciembre en M\u00e9xico.\" \/>\n<meta name=\"robots\" content=\"index, follow, max-snippet:-1, max-image-preview:large, max-video-preview:-1\" \/>\n<link rel=\"canonical\" href=\"https:\/\/soclose.mx\/blog\/tag\/juan-rulfo-frases-mujeres\/\" \/>\n<meta property=\"og:locale\" content=\"es_MX\" \/>\n<meta property=\"og:type\" content=\"article\" \/>\n<meta property=\"og:title\" content=\"Tragedias que marcaron el mes de diciembre en M\u00e9xico -\" \/>\n<meta property=\"og:description\" content=\"En el \u00faltimo mes tambi\u00e9n ocurren tristes eventos. Recordaremos las tres tragedias m\u00e1s significativas en el mes de diciembre en M\u00e9xico.\" \/>\n<meta property=\"og:url\" content=\"https:\/\/soclose.mx\/blog\/tag\/juan-rulfo-frases-mujeres\/\" \/>\n<meta property=\"og:site_name\" content=\"So Close\" \/>\n<meta property=\"article:published_time\" content=\"2023-11-04T16:04:02+00:00\" \/>\n<meta property=\"og:image\" content=\"https:\/\/i0.wp.com\/soclose.mx\/blog\/wp-content\/uploads\/2023\/07\/23122163205_c79b50fbac_k.jpg?fit=2048%2C1360&ssl=1\" \/>\n\t<meta property=\"og:image:width\" content=\"2048\" \/>\n\t<meta property=\"og:image:height\" content=\"1360\" \/>\n\t<meta property=\"og:image:type\" content=\"image\/jpeg\" \/>\n<meta name=\"author\" content=\"Emmanuel Oviedo\" \/>\n<meta name=\"twitter:card\" content=\"summary_large_image\" \/>\n<meta name=\"twitter:label1\" content=\"Escrito por\" \/>\n\t<meta name=\"twitter:data1\" content=\"Emmanuel Oviedo\" \/>\n\t<meta name=\"twitter:label2\" content=\"Tiempo de lectura\" \/>\n\t<meta name=\"twitter:data2\" content=\"3 minutos\" \/>\n<script type=\"application\/ld+json\" class=\"yoast-schema-graph\">{\"@context\":\"https:\/\/schema.org\",\"@graph\":[{\"@type\":\"Article\",\"@id\":\"https:\/\/soclose.mx\/blog\/tag\/juan-rulfo-frases-mujeres\/#article\",\"isPartOf\":{\"@id\":\"https:\/\/soclose.mx\/blog\/tag\/juan-rulfo-frases-mujeres\/\"},\"author\":{\"name\":\"Emmanuel Oviedo\",\"@id\":\"https:\/\/soclose.mx\/blog\/#\/schema\/person\/2f5b2fa33ca701af6ff6aad6fa0e2e30\"},\"headline\":\"Tragedias que marcaron el mes de diciembre en M\u00e9xico\",\"datePublished\":\"2023-11-04T16:04:02+00:00\",\"mainEntityOfPage\":{\"@id\":\"https:\/\/soclose.mx\/blog\/tag\/juan-rulfo-frases-mujeres\/\"},\"wordCount\":688,\"commentCount\":0,\"publisher\":{\"@id\":\"https:\/\/soclose.mx\/blog\/#organization\"},\"image\":{\"@id\":\"https:\/\/soclose.mx\/blog\/tag\/juan-rulfo-frases-mujeres\/#primaryimage\"},\"thumbnailUrl\":\"https:\/\/i0.wp.com\/soclose.mx\/blog\/wp-content\/uploads\/2023\/07\/23122163205_c79b50fbac_k.jpg?fit=2048%2C1360&ssl=1\",\"keywords\":[\"Actrices\",\"Carmen Salinas\",\"fallecimiento\",\"Jerry Rivera\",\"Navidad\",\"puebla\",\"Vicente Fern\u00e1ndez\"],\"articleSection\":[\"\u00a1Ay goeeee!\"],\"inLanguage\":\"es\",\"potentialAction\":[{\"@type\":\"CommentAction\",\"name\":\"Comment\",\"target\":[\"https:\/\/soclose.mx\/blog\/tag\/juan-rulfo-frases-mujeres\/#respond\"]}]},{\"@type\":\"WebPage\",\"@id\":\"https:\/\/soclose.mx\/blog\/tag\/juan-rulfo-frases-mujeres\/\",\"url\":\"https:\/\/soclose.mx\/blog\/tag\/juan-rulfo-frases-mujeres\/\",\"name\":\"Tragedias que marcaron el mes de diciembre en M\u00e9xico -\",\"isPartOf\":{\"@id\":\"https:\/\/soclose.mx\/blog\/#website\"},\"primaryImageOfPage\":{\"@id\":\"https:\/\/soclose.mx\/blog\/tag\/juan-rulfo-frases-mujeres\/#primaryimage\"},\"image\":{\"@id\":\"https:\/\/soclose.mx\/blog\/tag\/juan-rulfo-frases-mujeres\/#primaryimage\"},\"thumbnailUrl\":\"https:\/\/i0.wp.com\/soclose.mx\/blog\/wp-content\/uploads\/2023\/07\/23122163205_c79b50fbac_k.jpg?fit=2048%2C1360&ssl=1\",\"datePublished\":\"2023-11-04T16:04:02+00:00\",\"description\":\"En el \u00faltimo mes tambi\u00e9n ocurren tristes eventos. Recordaremos las tres tragedias m\u00e1s significativas en el mes de diciembre en M\u00e9xico.\",\"breadcrumb\":{\"@id\":\"https:\/\/soclose.mx\/blog\/tag\/juan-rulfo-frases-mujeres\/#breadcrumb\"},\"inLanguage\":\"es\",\"potentialAction\":[{\"@type\":\"ReadAction\",\"target\":[\"https:\/\/soclose.mx\/blog\/tag\/juan-rulfo-frases-mujeres\/\"]}]},{\"@type\":\"ImageObject\",\"inLanguage\":\"es\",\"@id\":\"https:\/\/soclose.mx\/blog\/tag\/juan-rulfo-frases-mujeres\/#primaryimage\",\"url\":\"https:\/\/i0.wp.com\/soclose.mx\/blog\/wp-content\/uploads\/2023\/07\/23122163205_c79b50fbac_k.jpg?fit=2048%2C1360&ssl=1\",\"contentUrl\":\"https:\/\/i0.wp.com\/soclose.mx\/blog\/wp-content\/uploads\/2023\/07\/23122163205_c79b50fbac_k.jpg?fit=2048%2C1360&ssl=1\",\"width\":2048,\"height\":1360,\"caption\":\"Tragedias diciembre M\u00e9xico\"},{\"@type\":\"BreadcrumbList\",\"@id\":\"https:\/\/soclose.mx\/blog\/tag\/juan-rulfo-frases-mujeres\/#breadcrumb\",\"itemListElement\":[{\"@type\":\"ListItem\",\"position\":1,\"name\":\"Inicio\",\"item\":\"https:\/\/soclose.mx\/blog\/\"},{\"@type\":\"ListItem\",\"position\":2,\"name\":\"Tragedias que marcaron el mes de diciembre en M\u00e9xico\"}]},{\"@type\":\"WebSite\",\"@id\":\"https:\/\/soclose.mx\/blog\/#website\",\"url\":\"https:\/\/soclose.mx\/blog\/\",\"name\":\"So Close\",\"description\":\"Hacemos contenidos de M\u00e9xico\",\"publisher\":{\"@id\":\"https:\/\/soclose.mx\/blog\/#organization\"},\"potentialAction\":[{\"@type\":\"SearchAction\",\"target\":{\"@type\":\"EntryPoint\",\"urlTemplate\":\"https:\/\/soclose.mx\/blog\/?s={search_term_string}\"},\"query-input\":{\"@type\":\"PropertyValueSpecification\",\"valueRequired\":true,\"valueName\":\"search_term_string\"}}],\"inLanguage\":\"es\"},{\"@type\":\"Organization\",\"@id\":\"https:\/\/soclose.mx\/blog\/#organization\",\"name\":\"So Close\",\"url\":\"https:\/\/soclose.mx\/blog\/\",\"logo\":{\"@type\":\"ImageObject\",\"inLanguage\":\"es\",\"@id\":\"https:\/\/soclose.mx\/blog\/#\/schema\/logo\/image\/\",\"url\":\"https:\/\/i0.wp.com\/soclose.mx\/blog\/wp-content\/uploads\/2020\/12\/LOGO_SOCLOSE_COLOR-e1608310133507.png?fit=2858%2C1264&ssl=1\",\"contentUrl\":\"https:\/\/i0.wp.com\/soclose.mx\/blog\/wp-content\/uploads\/2020\/12\/LOGO_SOCLOSE_COLOR-e1608310133507.png?fit=2858%2C1264&ssl=1\",\"width\":2858,\"height\":1264,\"caption\":\"So Close\"},\"image\":{\"@id\":\"https:\/\/soclose.mx\/blog\/#\/schema\/logo\/image\/\"}},{\"@type\":\"Person\",\"@id\":\"https:\/\/soclose.mx\/blog\/#\/schema\/person\/2f5b2fa33ca701af6ff6aad6fa0e2e30\",\"name\":\"Emmanuel Oviedo\",\"image\":{\"@type\":\"ImageObject\",\"inLanguage\":\"es\",\"@id\":\"https:\/\/soclose.mx\/blog\/#\/schema\/person\/image\/\",\"url\":\"https:\/\/secure.gravatar.com\/avatar\/914334c1a2cb2e261b83fa7990e5176305d5c7aa66c050c11f0b52b32a08c28f?s=96&d=mm&r=g\",\"contentUrl\":\"https:\/\/secure.gravatar.com\/avatar\/914334c1a2cb2e261b83fa7990e5176305d5c7aa66c050c11f0b52b32a08c28f?s=96&d=mm&r=g\",\"caption\":\"Emmanuel Oviedo\"},\"url\":\"https:\/\/soclose.mx\/blog\/author\/emmanuel-oviedo\/\"}]}<\/script>\n<!-- \/ Yoast SEO plugin. -->","yoast_head_json":{"title":"Tragedias que marcaron el mes de diciembre en M\u00e9xico -","description":"En el \u00faltimo mes tambi\u00e9n ocurren tristes eventos. Recordaremos las tres tragedias m\u00e1s significativas en el mes de diciembre en M\u00e9xico.","robots":{"index":"index","follow":"follow","max-snippet":"max-snippet:-1","max-image-preview":"max-image-preview:large","max-video-preview":"max-video-preview:-1"},"canonical":"https:\/\/soclose.mx\/blog\/tag\/juan-rulfo-frases-mujeres\/","og_locale":"es_MX","og_type":"article","og_title":"Tragedias que marcaron el mes de diciembre en M\u00e9xico -","og_description":"En el \u00faltimo mes tambi\u00e9n ocurren tristes eventos. Recordaremos las tres tragedias m\u00e1s significativas en el mes de diciembre en M\u00e9xico.","og_url":"https:\/\/soclose.mx\/blog\/tag\/juan-rulfo-frases-mujeres\/","og_site_name":"So Close","article_published_time":"2023-11-04T16:04:02+00:00","og_image":[{"width":2048,"height":1360,"url":"https:\/\/i0.wp.com\/soclose.mx\/blog\/wp-content\/uploads\/2023\/07\/23122163205_c79b50fbac_k.jpg?fit=2048%2C1360&ssl=1","type":"image\/jpeg"}],"author":"Emmanuel Oviedo","twitter_card":"summary_large_image","twitter_misc":{"Escrito por":"Emmanuel Oviedo","Tiempo de lectura":"3 minutos"},"schema":{"@context":"https:\/\/schema.org","@graph":[{"@type":"Article","@id":"https:\/\/soclose.mx\/blog\/tag\/juan-rulfo-frases-mujeres\/#article","isPartOf":{"@id":"https:\/\/soclose.mx\/blog\/tag\/juan-rulfo-frases-mujeres\/"},"author":{"name":"Emmanuel Oviedo","@id":"https:\/\/soclose.mx\/blog\/#\/schema\/person\/2f5b2fa33ca701af6ff6aad6fa0e2e30"},"headline":"Tragedias que marcaron el mes de diciembre en M\u00e9xico","datePublished":"2023-11-04T16:04:02+00:00","mainEntityOfPage":{"@id":"https:\/\/soclose.mx\/blog\/tag\/juan-rulfo-frases-mujeres\/"},"wordCount":688,"commentCount":0,"publisher":{"@id":"https:\/\/soclose.mx\/blog\/#organization"},"image":{"@id":"https:\/\/soclose.mx\/blog\/tag\/juan-rulfo-frases-mujeres\/#primaryimage"},"thumbnailUrl":"https:\/\/i0.wp.com\/soclose.mx\/blog\/wp-content\/uploads\/2023\/07\/23122163205_c79b50fbac_k.jpg?fit=2048%2C1360&ssl=1","keywords":["Actrices","Carmen Salinas","fallecimiento","Jerry Rivera","Navidad","puebla","Vicente Fern\u00e1ndez"],"articleSection":["\u00a1Ay goeeee!"],"inLanguage":"es","potentialAction":[{"@type":"CommentAction","name":"Comment","target":["https:\/\/soclose.mx\/blog\/tag\/juan-rulfo-frases-mujeres\/#respond"]}]},{"@type":"WebPage","@id":"https:\/\/soclose.mx\/blog\/tag\/juan-rulfo-frases-mujeres\/","url":"https:\/\/soclose.mx\/blog\/tag\/juan-rulfo-frases-mujeres\/","name":"Tragedias que marcaron el mes de diciembre en M\u00e9xico -","isPartOf":{"@id":"https:\/\/soclose.mx\/blog\/#website"},"primaryImageOfPage":{"@id":"https:\/\/soclose.mx\/blog\/tag\/juan-rulfo-frases-mujeres\/#primaryimage"},"image":{"@id":"https:\/\/soclose.mx\/blog\/tag\/juan-rulfo-frases-mujeres\/#primaryimage"},"thumbnailUrl":"https:\/\/i0.wp.com\/soclose.mx\/blog\/wp-content\/uploads\/2023\/07\/23122163205_c79b50fbac_k.jpg?fit=2048%2C1360&ssl=1","datePublished":"2023-11-04T16:04:02+00:00","description":"En el \u00faltimo mes tambi\u00e9n ocurren tristes eventos. Recordaremos las tres tragedias m\u00e1s significativas en el mes de diciembre en M\u00e9xico.","breadcrumb":{"@id":"https:\/\/soclose.mx\/blog\/tag\/juan-rulfo-frases-mujeres\/#breadcrumb"},"inLanguage":"es","potentialAction":[{"@type":"ReadAction","target":["https:\/\/soclose.mx\/blog\/tag\/juan-rulfo-frases-mujeres\/"]}]},{"@type":"ImageObject","inLanguage":"es","@id":"https:\/\/soclose.mx\/blog\/tag\/juan-rulfo-frases-mujeres\/#primaryimage","url":"https:\/\/i0.wp.com\/soclose.mx\/blog\/wp-content\/uploads\/2023\/07\/23122163205_c79b50fbac_k.jpg?fit=2048%2C1360&ssl=1","contentUrl":"https:\/\/i0.wp.com\/soclose.mx\/blog\/wp-content\/uploads\/2023\/07\/23122163205_c79b50fbac_k.jpg?fit=2048%2C1360&ssl=1","width":2048,"height":1360,"caption":"Tragedias diciembre M\u00e9xico"},{"@type":"BreadcrumbList","@id":"https:\/\/soclose.mx\/blog\/tag\/juan-rulfo-frases-mujeres\/#breadcrumb","itemListElement":[{"@type":"ListItem","position":1,"name":"Inicio","item":"https:\/\/soclose.mx\/blog\/"},{"@type":"ListItem","position":2,"name":"Tragedias que marcaron el mes de diciembre en M\u00e9xico"}]},{"@type":"WebSite","@id":"https:\/\/soclose.mx\/blog\/#website","url":"https:\/\/soclose.mx\/blog\/","name":"So Close","description":"Hacemos contenidos de M\u00e9xico","publisher":{"@id":"https:\/\/soclose.mx\/blog\/#organization"},"potentialAction":[{"@type":"SearchAction","target":{"@type":"EntryPoint","urlTemplate":"https:\/\/soclose.mx\/blog\/?s={search_term_string}"},"query-input":{"@type":"PropertyValueSpecification","valueRequired":true,"valueName":"search_term_string"}}],"inLanguage":"es"},{"@type":"Organization","@id":"https:\/\/soclose.mx\/blog\/#organization","name":"So Close","url":"https:\/\/soclose.mx\/blog\/","logo":{"@type":"ImageObject","inLanguage":"es","@id":"https:\/\/soclose.mx\/blog\/#\/schema\/logo\/image\/","url":"https:\/\/i0.wp.com\/soclose.mx\/blog\/wp-content\/uploads\/2020\/12\/LOGO_SOCLOSE_COLOR-e1608310133507.png?fit=2858%2C1264&ssl=1","contentUrl":"https:\/\/i0.wp.com\/soclose.mx\/blog\/wp-content\/uploads\/2020\/12\/LOGO_SOCLOSE_COLOR-e1608310133507.png?fit=2858%2C1264&ssl=1","width":2858,"height":1264,"caption":"So Close"},"image":{"@id":"https:\/\/soclose.mx\/blog\/#\/schema\/logo\/image\/"}},{"@type":"Person","@id":"https:\/\/soclose.mx\/blog\/#\/schema\/person\/2f5b2fa33ca701af6ff6aad6fa0e2e30","name":"Emmanuel Oviedo","image":{"@type":"ImageObject","inLanguage":"es","@id":"https:\/\/soclose.mx\/blog\/#\/schema\/person\/image\/","url":"https:\/\/secure.gravatar.com\/avatar\/914334c1a2cb2e261b83fa7990e5176305d5c7aa66c050c11f0b52b32a08c28f?s=96&d=mm&r=g","contentUrl":"https:\/\/secure.gravatar.com\/avatar\/914334c1a2cb2e261b83fa7990e5176305d5c7aa66c050c11f0b52b32a08c28f?s=96&d=mm&r=g","caption":"Emmanuel Oviedo"},"url":"https:\/\/soclose.mx\/blog\/author\/emmanuel-oviedo\/"}]}},"jetpack_featured_media_url":"https:\/\/i0.wp.com\/soclose.mx\/blog\/wp-content\/uploads\/2023\/07\/23122163205_c79b50fbac_k.jpg?fit=2048%2C1360&ssl=1","jetpack-related-posts":[{"id":13130,"url":"https:\/\/soclose.mx\/blog\/seleccion-mexicana\/los-momentos-mas-polemicos-de-las-olimpiadas-mexico-1968\/","url_meta":{"origin":12157,"position":0},"title":"Los momentos m\u00e1s pol\u00e9micos de las Olimpiadas M\u00e9xico 1968","author":"Emmanuel Oviedo","date":"19 febrero, 2024","format":false,"excerpt":"Las Olimpiadas de M\u00e9xico 1968 rompieron grandes expectativas pero, al mismo tiempo, se realizaron en medio de muchas pol\u00e9micas. Ya sea dentro de nuestro pa\u00eds o a nivel internacional, las Olimpiadas son ocasi\u00f3n de ilusiones deportivas y problem\u00e1ticas sociales, ya que es el lugar donde todos los pa\u00edses pueden reunirse,\u2026","rel":"","context":"En &quot;\u00a1Ay goeeee!&quot;","block_context":{"text":"\u00a1Ay goeeee!","link":"https:\/\/soclose.mx\/blog\/category\/ay-goeeee\/"},"img":{"alt_text":"Black power olimpiadas","src":"https:\/\/i0.wp.com\/soclose.mx\/blog\/wp-content\/uploads\/2024\/01\/Black-power-olimpiadas.jpg?fit=640%2C640&ssl=1&resize=350%2C200","width":350,"height":200,"srcset":"https:\/\/i0.wp.com\/soclose.mx\/blog\/wp-content\/uploads\/2024\/01\/Black-power-olimpiadas.jpg?fit=640%2C640&ssl=1&resize=350%2C200 1x, https:\/\/i0.wp.com\/soclose.mx\/blog\/wp-content\/uploads\/2024\/01\/Black-power-olimpiadas.jpg?fit=640%2C640&ssl=1&resize=525%2C300 1.5x"},"classes":[]},{"id":12183,"url":"https:\/\/soclose.mx\/blog\/ay-goeeee\/asesinatos-politicos-mexicanos-famosos\/","url_meta":{"origin":12157,"position":1},"title":"Asesinatos de pol\u00edticos mexicanos m\u00e1s impactantes","author":"Emmanuel Oviedo","date":"24 septiembre, 2023","format":false,"excerpt":"Cuando hablamos de la historia de M\u00e9xico, es indispensable recordar hechos heroicos pero tambi\u00e9n las tragedias que han marcado e incluso cambiado el rumbo de la naci\u00f3n.\u00a0 En esta ocasi\u00f3n te contaremos lo que se sabe de los pol\u00edticos mexicanos que han sido asesinados en las \u00faltimas d\u00e9cadas. Nos referimos\u2026","rel":"","context":"En &quot;\u00a1Ay goeeee!&quot;","block_context":{"text":"\u00a1Ay goeeee!","link":"https:\/\/soclose.mx\/blog\/category\/ay-goeeee\/"},"img":{"alt_text":"Pol\u00edticos mexicanos asesinatos","src":"https:\/\/i0.wp.com\/soclose.mx\/blog\/wp-content\/uploads\/2023\/07\/Asesinatos-politicos.jpg?fit=1200%2C797&ssl=1&resize=350%2C200","width":350,"height":200,"srcset":"https:\/\/i0.wp.com\/soclose.mx\/blog\/wp-content\/uploads\/2023\/07\/Asesinatos-politicos.jpg?fit=1200%2C797&ssl=1&resize=350%2C200 1x, https:\/\/i0.wp.com\/soclose.mx\/blog\/wp-content\/uploads\/2023\/07\/Asesinatos-politicos.jpg?fit=1200%2C797&ssl=1&resize=525%2C300 1.5x, https:\/\/i0.wp.com\/soclose.mx\/blog\/wp-content\/uploads\/2023\/07\/Asesinatos-politicos.jpg?fit=1200%2C797&ssl=1&resize=700%2C400 2x, https:\/\/i0.wp.com\/soclose.mx\/blog\/wp-content\/uploads\/2023\/07\/Asesinatos-politicos.jpg?fit=1200%2C797&ssl=1&resize=1050%2C600 3x"},"classes":[]},{"id":14527,"url":"https:\/\/soclose.mx\/blog\/para-todos\/donde-ver-la-final-america-vs-monterrey-desde-mexico-y-estados-unidos\/","url_meta":{"origin":12157,"position":2},"title":"\u00bfD\u00f3nde ver la final Am\u00e9rica vs Monterrey desde M\u00e9xico y Estados Unidos?","author":"So Close","date":"9 diciembre, 2024","format":false,"excerpt":"La gran final del Torneo Apertura 2024 de la Liga MX se disputar\u00e1 entre el Club Am\u00e9rica y los Rayados de Monterrey, prometiendo un espect\u00e1culo emocionante para los aficionados. \u00bfD\u00f3nde ver la final Am\u00e9rica vs Monterrey?; este enfrentamiento se llevar\u00e1 a cabo en dos partidos: el primero, conocido como la\u2026","rel":"","context":"En &quot;Para todos&quot;","block_context":{"text":"Para todos","link":"https:\/\/soclose.mx\/blog\/category\/para-todos\/"},"img":{"alt_text":"Final Am\u00e9rica vs Monterrey","src":"https:\/\/i0.wp.com\/soclose.mx\/blog\/wp-content\/uploads\/2024\/12\/final-america-vs-monterrey.jpg?fit=1200%2C675&ssl=1&resize=350%2C200","width":350,"height":200,"srcset":"https:\/\/i0.wp.com\/soclose.mx\/blog\/wp-content\/uploads\/2024\/12\/final-america-vs-monterrey.jpg?fit=1200%2C675&ssl=1&resize=350%2C200 1x, https:\/\/i0.wp.com\/soclose.mx\/blog\/wp-content\/uploads\/2024\/12\/final-america-vs-monterrey.jpg?fit=1200%2C675&ssl=1&resize=525%2C300 1.5x, https:\/\/i0.wp.com\/soclose.mx\/blog\/wp-content\/uploads\/2024\/12\/final-america-vs-monterrey.jpg?fit=1200%2C675&ssl=1&resize=700%2C400 2x, https:\/\/i0.wp.com\/soclose.mx\/blog\/wp-content\/uploads\/2024\/12\/final-america-vs-monterrey.jpg?fit=1200%2C675&ssl=1&resize=1050%2C600 3x"},"classes":[]},{"id":7493,"url":"https:\/\/soclose.mx\/blog\/ay-goeeee\/12-expresiones-que-solo-los-mexicanos-entendemos\/","url_meta":{"origin":12157,"position":3},"title":"12 expresiones que s\u00f3lo los mexicanos entendemos","author":"Miguel Angel Romero","date":"13 marzo, 2024","format":false,"excerpt":"Frases de norte a sur, palabras que han vivido a lo largo de las d\u00e9cadas, es por eso que te presentamos algunas expresiones que s\u00f3lo los mexicanos entendemos muy bien: \"Ya nos cay\u00f3 el chahuistle\" El chahuistle es un hongo que invade las cosechas de los agricultores, una verdadera tragedia.\u2026","rel":"","context":"En &quot;\u00a1Ay goeeee!&quot;","block_context":{"text":"\u00a1Ay goeeee!","link":"https:\/\/soclose.mx\/blog\/category\/ay-goeeee\/"},"img":{"alt_text":"","src":"https:\/\/i0.wp.com\/soclose.mx\/blog\/wp-content\/uploads\/2021\/10\/Copia-de-Principal-So-Close-blog-10.png?fit=1200%2C677&ssl=1&resize=350%2C200","width":350,"height":200,"srcset":"https:\/\/i0.wp.com\/soclose.mx\/blog\/wp-content\/uploads\/2021\/10\/Copia-de-Principal-So-Close-blog-10.png?fit=1200%2C677&ssl=1&resize=350%2C200 1x, https:\/\/i0.wp.com\/soclose.mx\/blog\/wp-content\/uploads\/2021\/10\/Copia-de-Principal-So-Close-blog-10.png?fit=1200%2C677&ssl=1&resize=525%2C300 1.5x, https:\/\/i0.wp.com\/soclose.mx\/blog\/wp-content\/uploads\/2021\/10\/Copia-de-Principal-So-Close-blog-10.png?fit=1200%2C677&ssl=1&resize=700%2C400 2x, https:\/\/i0.wp.com\/soclose.mx\/blog\/wp-content\/uploads\/2021\/10\/Copia-de-Principal-So-Close-blog-10.png?fit=1200%2C677&ssl=1&resize=1050%2C600 3x"},"classes":[]},{"id":14532,"url":"https:\/\/soclose.mx\/blog\/news-feed\/conciertos-navidenos-en-el-zocalo-de-la-cdmx-horarios-y-artistas\/","url_meta":{"origin":12157,"position":4},"title":"\u00a1Conciertos Navide\u00f1os en el Z\u00f3calo de la CDMX! | horarios y artistas","author":"So Close","date":"10 diciembre, 2024","format":false,"excerpt":"La Ciudad de M\u00e9xico se viste de gala durante la temporada navide\u00f1a, y el centro capitalino es el epicentro de las festividades con Conciertos Navide\u00f1os en el Z\u00f3calo de la CDMX. La Verbena Navide\u00f1a es un evento imperdible para locales y turistas, que ofrece una amplia variedad de actividades, entre\u2026","rel":"","context":"En &quot;News feed&quot;","block_context":{"text":"News feed","link":"https:\/\/soclose.mx\/blog\/category\/news-feed\/"},"img":{"alt_text":"Navidad en el zocalo de la CDMX","src":"https:\/\/i0.wp.com\/soclose.mx\/blog\/wp-content\/uploads\/2024\/12\/navidad-en-el-zocalo-cdmx.jpg?fit=1200%2C675&ssl=1&resize=350%2C200","width":350,"height":200,"srcset":"https:\/\/i0.wp.com\/soclose.mx\/blog\/wp-content\/uploads\/2024\/12\/navidad-en-el-zocalo-cdmx.jpg?fit=1200%2C675&ssl=1&resize=350%2C200 1x, https:\/\/i0.wp.com\/soclose.mx\/blog\/wp-content\/uploads\/2024\/12\/navidad-en-el-zocalo-cdmx.jpg?fit=1200%2C675&ssl=1&resize=525%2C300 1.5x, https:\/\/i0.wp.com\/soclose.mx\/blog\/wp-content\/uploads\/2024\/12\/navidad-en-el-zocalo-cdmx.jpg?fit=1200%2C675&ssl=1&resize=700%2C400 2x, https:\/\/i0.wp.com\/soclose.mx\/blog\/wp-content\/uploads\/2024\/12\/navidad-en-el-zocalo-cdmx.jpg?fit=1200%2C675&ssl=1&resize=1050%2C600 3x"},"classes":[]},{"id":14603,"url":"https:\/\/soclose.mx\/blog\/news-feed\/conciertos-en-la-cdmx-en-febrero-2025\/","url_meta":{"origin":12157,"position":5},"title":"Conciertos en la CDMX en febrero 2025","author":"So Close","date":"6 enero, 2025","format":false,"excerpt":"Febrero de 2025 promete ser un mes emocionante para los amantes de la m\u00fasica en la Ciudad de M\u00e9xico, con una variedad de conciertos que abarcan diferentes g\u00e9neros y estilos. Aqu\u00ed te presentamos una gu\u00eda completa con los conciertos en la CDMX en febrero 2025, incluyendo fechas, horarios, lugares y\u2026","rel":"","context":"En &quot;News feed&quot;","block_context":{"text":"News feed","link":"https:\/\/soclose.mx\/blog\/category\/news-feed\/"},"img":{"alt_text":"Twenty One Pilots","src":"https:\/\/i0.wp.com\/soclose.mx\/blog\/wp-content\/uploads\/2025\/01\/Twenty-One-Pilots.jpg?fit=1200%2C675&ssl=1&resize=350%2C200","width":350,"height":200,"srcset":"https:\/\/i0.wp.com\/soclose.mx\/blog\/wp-content\/uploads\/2025\/01\/Twenty-One-Pilots.jpg?fit=1200%2C675&ssl=1&resize=350%2C200 1x, https:\/\/i0.wp.com\/soclose.mx\/blog\/wp-content\/uploads\/2025\/01\/Twenty-One-Pilots.jpg?fit=1200%2C675&ssl=1&resize=525%2C300 1.5x, https:\/\/i0.wp.com\/soclose.mx\/blog\/wp-content\/uploads\/2025\/01\/Twenty-One-Pilots.jpg?fit=1200%2C675&ssl=1&resize=700%2C400 2x, https:\/\/i0.wp.com\/soclose.mx\/blog\/wp-content\/uploads\/2025\/01\/Twenty-One-Pilots.jpg?fit=1200%2C675&ssl=1&resize=1050%2C600 3x"},"classes":[]}],"jetpack_sharing_enabled":true,"_links":{"self":[{"href":"https:\/\/soclose.mx\/blog\/wp-json\/wp\/v2\/posts\/12157","targetHints":{"allow":["GET"]}}],"collection":[{"href":"https:\/\/soclose.mx\/blog\/wp-json\/wp\/v2\/posts"}],"about":[{"href":"https:\/\/soclose.mx\/blog\/wp-json\/wp\/v2\/types\/post"}],"author":[{"embeddable":true,"href":"https:\/\/soclose.mx\/blog\/wp-json\/wp\/v2\/users\/12"}],"replies":[{"embeddable":true,"href":"https:\/\/soclose.mx\/blog\/wp-json\/wp\/v2\/comments?post=12157"}],"version-history":[{"count":0,"href":"https:\/\/soclose.mx\/blog\/wp-json\/wp\/v2\/posts\/12157\/revisions"}],"wp:featuredmedia":[{"embeddable":true,"href":"https:\/\/soclose.mx\/blog\/wp-json\/wp\/v2\/media\/12160"}],"wp:attachment":[{"href":"https:\/\/soclose.mx\/blog\/wp-json\/wp\/v2\/media?parent=12157"}],"wp:term":[{"taxonomy":"category","embeddable":true,"href":"https:\/\/soclose.mx\/blog\/wp-json\/wp\/v2\/categories?post=12157"},{"taxonomy":"post_tag","embeddable":true,"href":"https:\/\/soclose.mx\/blog\/wp-json\/wp\/v2\/tags?post=12157"}],"curies":[{"name":"wp","href":"https:\/\/api.w.org\/{rel}","templated":true}]}}