{"id":13032,"date":"2024-02-13T11:36:41","date_gmt":"2024-02-13T17:36:41","guid":{"rendered":"https:\/\/soclose.mx\/blog\/?p=13032"},"modified":"2024-02-13T11:36:41","modified_gmt":"2024-02-13T17:36:41","slug":"los-medallistas-mexicanos-que-hicieron-historia-en-las-olimpiadas","status":"publish","type":"post","link":"https:\/\/soclose.mx\/blog\/seleccion-mexicana\/los-medallistas-mexicanos-que-hicieron-historia-en-las-olimpiadas\/","title":{"rendered":"Los medallistas mexicanos que hicieron historia en las Olimpiadas"},"content":{"rendered":"<p>M\u00e9xico se ha formado un gran legado en las justas deportivas, y las Olimpiadas son la mejor ocasi\u00f3n de los deportistas mexicanos para buscar la gloria. No s\u00f3lo como una forma de consolidar su catrera, sino tambi\u00e9n de experimentar la sensaci\u00f3n de <strong>subirse al podio y escuchar en alto el himno nacional mexicano<\/strong>. Por ello, en esta ocasi\u00f3n, queremos recordar a los atletas ol\u00edmpicos m\u00e1s destacados de nuestra historia nacional.<\/p>\n<h2>Humberto Mariles<\/h2>\n<p>En las Olimpiadas <strong>M\u00e9xico 1968,\u00a0<\/strong> que fue la primera ocasi\u00f3n que se realizaba en un pais latinoamericano, nuestro pa\u00eds ganar\u00eda 9 medallas y dos <strong>por parte del militar y jinete Humberto Mar\u00edas<\/strong>. Con su caballo de nombre Areteen, gan\u00f3 la prueba de salto individual y tambi\u00e9n en equipos. Su partipaci\u00f3n es importante porque es <strong>la primera presea de oro ganada en historia de M\u00e9xico<\/strong> en las Olimpiadas.<\/p>\n<figure id=\"attachment_13091\" aria-describedby=\"caption-attachment-13091\" style=\"width: 800px\" class=\"wp-caption aligncenter\"><img data-recalc-dims=\"1\" fetchpriority=\"high\" decoding=\"async\" class=\"size-full wp-image-13091\" src=\"https:\/\/i0.wp.com\/soclose.mx\/blog\/wp-content\/uploads\/2024\/01\/Humberto-mariles-olimpiadas.jpg?resize=800%2C569&#038;ssl=1\" alt=\"Humberto mariles olimpiadas\" width=\"800\" height=\"569\" srcset=\"https:\/\/i0.wp.com\/soclose.mx\/blog\/wp-content\/uploads\/2024\/01\/Humberto-mariles-olimpiadas.jpg?w=800&amp;ssl=1 800w, https:\/\/i0.wp.com\/soclose.mx\/blog\/wp-content\/uploads\/2024\/01\/Humberto-mariles-olimpiadas.jpg?resize=300%2C213&amp;ssl=1 300w, https:\/\/i0.wp.com\/soclose.mx\/blog\/wp-content\/uploads\/2024\/01\/Humberto-mariles-olimpiadas.jpg?resize=768%2C546&amp;ssl=1 768w, https:\/\/i0.wp.com\/soclose.mx\/blog\/wp-content\/uploads\/2024\/01\/Humberto-mariles-olimpiadas.jpg?resize=585%2C416&amp;ssl=1 585w\" sizes=\"(max-width: 800px) 100vw, 800px\" \/><figcaption id=\"caption-attachment-13091\" class=\"wp-caption-text\">Fuente: Flickr<\/figcaption><\/figure>\n<h2>Soraya Jim\u00e9nez, Olimpiadas Sidney 2ooo<\/h2>\n<p>Estamos hablando de uno de los mayores logros en la historia de nuestro pa\u00eds: la <strong><a href=\"https:\/\/www.marca.com\/mx\/otros-deportes\/2023\/03\/29\/6423923fca4741e6318b459d.html\">primera mujer mexicana<\/a><\/strong> en ganar <strong>una medalla de oro en las Olimpiadas<\/strong>. Soraya Jimenez Mendivil inspir\u00f3 a miles de mexicana con la obtenci\u00f3n de la m\u00e1xima presea.<\/p>\n<p>Desde el a\u00f1o 1996, con tan s\u00f3lo 19 a\u00f1os, obtuvo grandes premios y e imponiend r\u00e9cords, siendo la primera <strong><a href=\"https:\/\/soclose.mx\/blog\/ay-goeeee\/top-5-deportistas-mexicanos-mas-populares-en-google-en-el-2021\/\">deportista<\/a><\/strong> mexicana en cargar 170 kilogramos. Ya en las <strong>Olimpiadas de Sidney 2000,<\/strong> ten\u00eda una competencia re\u00f1ida con la norcoreana Ri Song Hiu, en el levantamiento de 127 kilos. Ya en la final, la mexicana se impuso levantando <strong>222 kilos,<\/strong> causando una conmoci\u00f3n nacional e hist\u00f3rica para el deporte femenil.<\/p>\n<blockquote class=\"twitter-tweet\" data-width=\"550\" data-dnt=\"true\">\n<p lang=\"es\" dir=\"ltr\">\u00a1SE CUMPLEN 23 A\u00d1OS! \u2728 <\/p>\n<p>Tal d\u00eda como hoy, Soraya Jim\u00e9nez se convirti\u00f3 en la PRIMERA mujer de M\u00e9xico en ganar una medalla de oro de los <a href=\"https:\/\/twitter.com\/hashtag\/JuegosOlimpicos?src=hash&amp;ref_src=twsrc%5Etfw\">#JuegosOlimpicos<\/a>. ? ?? ?\ufe0f\u200d\u2640\ufe0f <a href=\"https:\/\/twitter.com\/hashtag\/Sydney2000?src=hash&amp;ref_src=twsrc%5Etfw\">#Sydney2000<\/a> l <a href=\"https:\/\/twitter.com\/COM_Mexico?ref_src=twsrc%5Etfw\">@COM_Mexico<\/a> <a href=\"https:\/\/t.co\/dCLvfLNutk\">pic.twitter.com\/dCLvfLNutk<\/a><\/p>\n<p>&mdash; Los Juegos Ol\u00edmpicos (@juegosolimpicos) <a href=\"https:\/\/twitter.com\/juegosolimpicos\/status\/1703740458894062076?ref_src=twsrc%5Etfw\">September 18, 2023<\/a><\/p><\/blockquote>\n<p><script async src=\"https:\/\/platform.twitter.com\/widgets.js\" charset=\"utf-8\"><\/script><\/p>\n<p>&nbsp;<\/p>\n<h2>Joaqu\u00edn Capilla, clavadista en tres Olimpiadas<\/h2>\n<p>En una lista de los mejores deportistas ol\u00edmpicos mexicanos obviamente no puede faltar Joaqu\u00edn Capilla: el deportista en obtener<strong> <a href=\"https:\/\/www.nmas.com.mx\/deportes\/joaquin-capilla-la-leyenda-olvidada-del-deporte-mexicano\/\">la mayor cantidad de medallas para nuestro pa\u00eds<\/a>.<\/strong> De esta manera, siendo clavadista se convirti\u00f3 en una leyenda nacional.<\/p>\n<p>Desde Los 17 a\u00f1os demostr\u00f3 una gran valent\u00eda u arrojo, lo cual lo llev\u00f3 a las albercas de sus primeras Olimpiadas en <strong>Londres 1948<\/strong>. Siendo totalmente un novato, consigui\u00f3 su primer bronce en la competencia. Clasificado para <strong>Helsinki 1952,<\/strong> quedo m\u00e1s ceca del podio con su cuarto lugar. Y despu\u00e9s, en <strong>Melbourne 1956, finalmente consigui\u00f3 el bronce y el oro<\/strong>, las dos medallas para consagrarse hist\u00f3ricamente.<\/p>\n<figure id=\"attachment_13077\" aria-describedby=\"caption-attachment-13077\" style=\"width: 394px\" class=\"wp-caption aligncenter\"><img data-recalc-dims=\"1\" decoding=\"async\" class=\"size-full wp-image-13077\" src=\"https:\/\/i0.wp.com\/soclose.mx\/blog\/wp-content\/uploads\/2024\/01\/Joaquin-capilla-olimpiadas.jpeg?resize=394%2C400&#038;ssl=1\" alt=\"Joaquin Capilla Olimpiadas\" width=\"394\" height=\"400\" srcset=\"https:\/\/i0.wp.com\/soclose.mx\/blog\/wp-content\/uploads\/2024\/01\/Joaquin-capilla-olimpiadas.jpeg?w=394&amp;ssl=1 394w, https:\/\/i0.wp.com\/soclose.mx\/blog\/wp-content\/uploads\/2024\/01\/Joaquin-capilla-olimpiadas.jpeg?resize=296%2C300&amp;ssl=1 296w\" sizes=\"(max-width: 394px) 100vw, 394px\" \/><figcaption id=\"caption-attachment-13077\" class=\"wp-caption-text\">Fuente: INAH<\/figcaption><\/figure>\n<h2>Guillermo Perez, Olimpiadas Beijing 2008<\/h2>\n<p>Un gran momento de orgullo nacional cuando el <strong>taekwondoista michoacano Guillermo P\u00e9rez<\/strong> gan\u00f3 el combate que le dar\u00eda el oro en la Olimpiadas de Beijing 2008. As\u00ed se romper\u00eda una <strong><a href=\"https:\/\/mvsnoticias.com\/deportes\/2021\/8\/1\/-juegos-de-tokio-guillermo-perez-el-taekwondoista-que-se-bano-en-oro-468120.html\">racha de 24 a\u00f1os<\/a> <\/strong>sin que un var\u00f3n ganar\u00e1 esta medalla.<\/p>\n<p>Para clasificarse, Guillermo Perez tuvo que vencer primero, en los Juegos Panamericanos de R\u00edo de Janeiro, a Oscar Salazar, otro destacado taekwondoista mexicano. Y en <strong>Beijing 2008<\/strong>, tuvo un combate re\u00f1ido con el dominicano Yulis Gabriel Mercedes.\u00a0 Con un empate y una ronda para cada uno, los jueces decidieron <strong>entregar la medalla de Oro para el mexicano<\/strong> en una emotiva victoria.<\/p>\n<figure id=\"attachment_13064\" aria-describedby=\"caption-attachment-13064\" style=\"width: 500px\" class=\"wp-caption aligncenter\"><img data-recalc-dims=\"1\" decoding=\"async\" class=\"size-full wp-image-13064\" src=\"https:\/\/i0.wp.com\/soclose.mx\/blog\/wp-content\/uploads\/2024\/01\/Guillermo-Perez-olimpiadas.jpg?resize=500%2C333&#038;ssl=1\" alt=\"Guillermo Perez olimpiadas\" width=\"500\" height=\"333\" srcset=\"https:\/\/i0.wp.com\/soclose.mx\/blog\/wp-content\/uploads\/2024\/01\/Guillermo-Perez-olimpiadas.jpg?w=500&amp;ssl=1 500w, https:\/\/i0.wp.com\/soclose.mx\/blog\/wp-content\/uploads\/2024\/01\/Guillermo-Perez-olimpiadas.jpg?resize=300%2C200&amp;ssl=1 300w, https:\/\/i0.wp.com\/soclose.mx\/blog\/wp-content\/uploads\/2024\/01\/Guillermo-Perez-olimpiadas.jpg?resize=263%2C175&amp;ssl=1 263w\" sizes=\"(max-width: 500px) 100vw, 500px\" \/><figcaption id=\"caption-attachment-13064\" class=\"wp-caption-text\">Fuente: Flickr<\/figcaption><\/figure>\n<h2>Mar\u00eda del Rosario Espinoza, taekwondoista de tres Olimpiadas<\/h2>\n<p>Una deportista tambi\u00e9n reconocida en el taekwondo y que registr\u00f3 su nombre en la historia de la naci\u00f3n es Mar\u00eda del Rosario Espinoza. <strong>Es la unica mujer en poseer las tres medallas del podio en tres Olimpiadas diferentes.<\/strong><\/p>\n<p>La primera medalla, conseguida en <strong>Beijing 2008<\/strong>, fue el ansiado oro en sus primeras Olimpiadas. Posteriormente, en <strong>Londres 2012<\/strong>, conseguir\u00eda el bronce despu\u00e9s de enfrentar a la serbia Milica Mandic. Y por \u00faltimo, para coronarse con el \u00e9xito, en <strong>R\u00edo 2016<\/strong>, se colgar\u00eda la medalla de plata para consolidar su legado.<\/p>\n<blockquote class=\"twitter-tweet\" data-width=\"550\" data-dnt=\"true\">\n<p lang=\"es\" dir=\"ltr\">Tal d\u00eda como hoy hace 15 a\u00f1os&#8230; ? <a href=\"https:\/\/twitter.com\/mariespinozatkd?ref_src=twsrc%5Etfw\">@mariespinozatkd<\/a> de M\u00e9xico gan\u00f3 la medalla de oro en taekwondo de Pek\u00edn 2008. ? ?? <a href=\"https:\/\/twitter.com\/hashtag\/JuegosOlimpicos?src=hash&amp;ref_src=twsrc%5Etfw\">#JuegosOlimpicos<\/a> l <a href=\"https:\/\/twitter.com\/COM_Mexico?ref_src=twsrc%5Etfw\">@COM_Mexico<\/a> <a href=\"https:\/\/twitter.com\/femextkdoficial?ref_src=twsrc%5Etfw\">@femextkdoficial<\/a> <a href=\"https:\/\/t.co\/b8MaUfk1hq\">pic.twitter.com\/b8MaUfk1hq<\/a><\/p>\n<p>&mdash; Los Juegos Ol\u00edmpicos (@juegosolimpicos) <a href=\"https:\/\/twitter.com\/juegosolimpicos\/status\/1694349080703443184?ref_src=twsrc%5Etfw\">August 23, 2023<\/a><\/p><\/blockquote>\n<p><script async src=\"https:\/\/platform.twitter.com\/widgets.js\" charset=\"utf-8\"><\/script><\/p>\n<h2>Paola Espinosa<\/h2>\n<p>La clavadista mexicana Paola Espinosa nos ha dado grandes momentos en las Olimpiadas y es reconocida en toda Latinoam\u00e9rica por sus m\u00e9ritos deportivos. Considerada tambi\u00e9n como <strong>la mejor clavadista de nuestro pa\u00eds.<\/strong><\/p>\n<p>Particip\u00f3 tres veces en las Olimpiadas la primera, en <strong>Atenas 2004,<\/strong> con tan s\u00f3lo 18 a\u00f1os y quedando en duod\u00e9cimo lugar. Su segunda participaci\u00f3n ser\u00eda en <strong>Beijing 2008,<\/strong> <strong>ganando la medalla de bronce<\/strong> en salto sincronizado junto con Tatiana Ortiz. Adem\u00e1s, llev\u00f3 cargando la <strong><a href=\"https:\/\/soclose.mx\/blog\/ay-goeeee\/el-significado-de-los-colores-y-el-escudo-de-la-bandera-de-mexico\/\">bandera<\/a><\/strong> en la ceremonia de inauguraci\u00f3n. Y su \u00faltima participaci\u00f3n, <strong>en Londres 2012, logrando la medalla de plata<\/strong> junto con Alejandra Orozco.<\/p>\n<blockquote class=\"instagram-media\" data-instgrm-captioned data-instgrm-permalink=\"https:\/\/www.instagram.com\/p\/CLI1qIFHKJO\/?utm_source=ig_embed&amp;utm_campaign=loading\" data-instgrm-version=\"14\" style=\" background:#FFF; border:0; border-radius:3px; box-shadow:0 0 1px 0 rgba(0,0,0,0.5),0 1px 10px 0 rgba(0,0,0,0.15); margin: 1px; max-width:658px; min-width:326px; padding:0; width:99.375%; width:-webkit-calc(100% - 2px); width:calc(100% - 2px);\">\n<div style=\"padding:16px;\"> <a href=\"https:\/\/www.instagram.com\/p\/CLI1qIFHKJO\/?utm_source=ig_embed&amp;utm_campaign=loading\" style=\" background:#FFFFFF; line-height:0; padding:0 0; text-align:center; text-decoration:none; width:100%;\" target=\"_blank\"> <\/p>\n<div style=\" display: flex; flex-direction: row; align-items: center;\">\n<div style=\"background-color: #F4F4F4; border-radius: 50%; flex-grow: 0; height: 40px; margin-right: 14px; width: 40px;\"><\/div>\n<div style=\"display: flex; flex-direction: column; flex-grow: 1; justify-content: center;\">\n<div style=\" background-color: #F4F4F4; border-radius: 4px; flex-grow: 0; height: 14px; margin-bottom: 6px; width: 100px;\"><\/div>\n<div style=\" background-color: #F4F4F4; border-radius: 4px; flex-grow: 0; height: 14px; width: 60px;\"><\/div>\n<\/div>\n<\/div>\n<div style=\"padding: 19% 0;\"><\/div>\n<div style=\"display:block; height:50px; margin:0 auto 12px; width:50px;\"><svg width=\"50px\" height=\"50px\" viewBox=\"0 0 60 60\" version=\"1.1\" xmlns=\"https:\/\/www.w3.org\/2000\/svg\" xmlns:xlink=\"https:\/\/www.w3.org\/1999\/xlink\"><g stroke=\"none\" stroke-width=\"1\" fill=\"none\" fill-rule=\"evenodd\"><g transform=\"translate(-511.000000, -20.000000)\" fill=\"#000000\"><g><path d=\"M556.869,30.41 C554.814,30.41 553.148,32.076 553.148,34.131 C553.148,36.186 554.814,37.852 556.869,37.852 C558.924,37.852 560.59,36.186 560.59,34.131 C560.59,32.076 558.924,30.41 556.869,30.41 M541,60.657 C535.114,60.657 530.342,55.887 530.342,50 C530.342,44.114 535.114,39.342 541,39.342 C546.887,39.342 551.658,44.114 551.658,50 C551.658,55.887 546.887,60.657 541,60.657 M541,33.886 C532.1,33.886 524.886,41.1 524.886,50 C524.886,58.899 532.1,66.113 541,66.113 C549.9,66.113 557.115,58.899 557.115,50 C557.115,41.1 549.9,33.886 541,33.886 M565.378,62.101 C565.244,65.022 564.756,66.606 564.346,67.663 C563.803,69.06 563.154,70.057 562.106,71.106 C561.058,72.155 560.06,72.803 558.662,73.347 C557.607,73.757 556.021,74.244 553.102,74.378 C549.944,74.521 548.997,74.552 541,74.552 C533.003,74.552 532.056,74.521 528.898,74.378 C525.979,74.244 524.393,73.757 523.338,73.347 C521.94,72.803 520.942,72.155 519.894,71.106 C518.846,70.057 518.197,69.06 517.654,67.663 C517.244,66.606 516.755,65.022 516.623,62.101 C516.479,58.943 516.448,57.996 516.448,50 C516.448,42.003 516.479,41.056 516.623,37.899 C516.755,34.978 517.244,33.391 517.654,32.338 C518.197,30.938 518.846,29.942 519.894,28.894 C520.942,27.846 521.94,27.196 523.338,26.654 C524.393,26.244 525.979,25.756 528.898,25.623 C532.057,25.479 533.004,25.448 541,25.448 C548.997,25.448 549.943,25.479 553.102,25.623 C556.021,25.756 557.607,26.244 558.662,26.654 C560.06,27.196 561.058,27.846 562.106,28.894 C563.154,29.942 563.803,30.938 564.346,32.338 C564.756,33.391 565.244,34.978 565.378,37.899 C565.522,41.056 565.552,42.003 565.552,50 C565.552,57.996 565.522,58.943 565.378,62.101 M570.82,37.631 C570.674,34.438 570.167,32.258 569.425,30.349 C568.659,28.377 567.633,26.702 565.965,25.035 C564.297,23.368 562.623,22.342 560.652,21.575 C558.743,20.834 556.562,20.326 553.369,20.18 C550.169,20.033 549.148,20 541,20 C532.853,20 531.831,20.033 528.631,20.18 C525.438,20.326 523.257,20.834 521.349,21.575 C519.376,22.342 517.703,23.368 516.035,25.035 C514.368,26.702 513.342,28.377 512.574,30.349 C511.834,32.258 511.326,34.438 511.181,37.631 C511.035,40.831 511,41.851 511,50 C511,58.147 511.035,59.17 511.181,62.369 C511.326,65.562 511.834,67.743 512.574,69.651 C513.342,71.625 514.368,73.296 516.035,74.965 C517.703,76.634 519.376,77.658 521.349,78.425 C523.257,79.167 525.438,79.673 528.631,79.82 C531.831,79.965 532.853,80.001 541,80.001 C549.148,80.001 550.169,79.965 553.369,79.82 C556.562,79.673 558.743,79.167 560.652,78.425 C562.623,77.658 564.297,76.634 565.965,74.965 C567.633,73.296 568.659,71.625 569.425,69.651 C570.167,67.743 570.674,65.562 570.82,62.369 C570.966,59.17 571,58.147 571,50 C571,41.851 570.966,40.831 570.82,37.631\"><\/path><\/g><\/g><\/g><\/svg><\/div>\n<div style=\"padding-top: 8px;\">\n<div style=\" color:#3897f0; font-family:Arial,sans-serif; font-size:14px; font-style:normal; font-weight:550; line-height:18px;\">View this post on Instagram<\/div>\n<\/div>\n<div style=\"padding: 12.5% 0;\"><\/div>\n<div style=\"display: flex; flex-direction: row; margin-bottom: 14px; align-items: center;\">\n<div>\n<div style=\"background-color: #F4F4F4; border-radius: 50%; height: 12.5px; width: 12.5px; transform: translateX(0px) translateY(7px);\"><\/div>\n<div style=\"background-color: #F4F4F4; height: 12.5px; transform: rotate(-45deg) translateX(3px) translateY(1px); width: 12.5px; flex-grow: 0; margin-right: 14px; margin-left: 2px;\"><\/div>\n<div style=\"background-color: #F4F4F4; border-radius: 50%; height: 12.5px; width: 12.5px; transform: translateX(9px) translateY(-18px);\"><\/div>\n<\/div>\n<div style=\"margin-left: 8px;\">\n<div style=\" background-color: #F4F4F4; border-radius: 50%; flex-grow: 0; height: 20px; width: 20px;\"><\/div>\n<div style=\" width: 0; height: 0; border-top: 2px solid transparent; border-left: 6px solid #f4f4f4; border-bottom: 2px solid transparent; transform: translateX(16px) translateY(-4px) rotate(30deg)\"><\/div>\n<\/div>\n<div style=\"margin-left: auto;\">\n<div style=\" width: 0px; border-top: 8px solid #F4F4F4; border-right: 8px solid transparent; transform: translateY(16px);\"><\/div>\n<div style=\" background-color: #F4F4F4; flex-grow: 0; height: 12px; width: 16px; transform: translateY(-4px);\"><\/div>\n<div style=\" width: 0; height: 0; border-top: 8px solid #F4F4F4; border-left: 8px solid transparent; transform: translateY(-4px) translateX(8px);\"><\/div>\n<\/div>\n<\/div>\n<div style=\"display: flex; flex-direction: column; flex-grow: 1; justify-content: center; margin-bottom: 24px;\">\n<div style=\" background-color: #F4F4F4; border-radius: 4px; flex-grow: 0; height: 14px; margin-bottom: 6px; width: 224px;\"><\/div>\n<div style=\" background-color: #F4F4F4; border-radius: 4px; flex-grow: 0; height: 14px; width: 144px;\"><\/div>\n<\/div>\n<p><\/a><\/p>\n<p style=\" color:#c9c8cd; font-family:Arial,sans-serif; font-size:14px; line-height:17px; margin-bottom:0; margin-top:8px; overflow:hidden; padding:8px 0 7px; text-align:center; text-overflow:ellipsis; white-space:nowrap;\"><a href=\"https:\/\/www.instagram.com\/p\/CLI1qIFHKJO\/?utm_source=ig_embed&amp;utm_campaign=loading\" style=\" color:#c9c8cd; font-family:Arial,sans-serif; font-size:14px; font-style:normal; font-weight:normal; line-height:17px; text-decoration:none;\" target=\"_blank\">A post shared by Paola Espinosa (@paolaespinosaof)<\/a><\/p>\n<\/div>\n<\/blockquote>\n<p><script async src=\"\/\/platform.instagram.com\/en_US\/embeds.js\"><\/script><\/p>\n","protected":false},"excerpt":{"rendered":"<p>M\u00e9xico se ha formado un gran legado en las justas deportivas, y las Olimpiadas son la mejor ocasi\u00f3n de los deportistas mexicanos para buscar la gloria. No s\u00f3lo como una forma de consolidar su catrera, sino tambi\u00e9n de experimentar la sensaci\u00f3n de subirse al podio y escuchar en alto el himno nacional mexicano. Por ello, en esta ocasi\u00f3n, queremos recordar a los atletas ol\u00edmpicos m\u00e1s destacados de nuestra historia nacional. Humberto Mariles En las Olimpiadas M\u00e9xico 1968,\u00a0 que fue la primera ocasi\u00f3n que se realizaba en un pais latinoamericano, nuestro pa\u00eds ganar\u00eda 9 medallas y dos por parte del militar<\/p>\n","protected":false},"author":12,"featured_media":13092,"comment_status":"open","ping_status":"open","sticky":false,"template":"","format":"standard","meta":{"_jetpack_memberships_contains_paid_content":false,"footnotes":""},"categories":[3104],"tags":[789,786,3125,2188],"class_list":["post-13032","post","type-post","status-publish","format-standard","has-post-thumbnail","hentry","category-seleccion-mexicana","tag-atletas-mexicanos","tag-olimpiadas","tag-olimpicos","tag-seleccion-mexicana"],"yoast_head":"<!-- This site is optimized with the Yoast SEO plugin v26.7 - https:\/\/yoast.com\/wordpress\/plugins\/seo\/ -->\n<title>Los medallistas mexicanos que hicieron historia en las Olimpiadas - So Close<\/title>\n<meta name=\"description\" content=\"M\u00e9xico se ha formado un gran legado en las Olimpiadas y aqu\u00ed queremos recordar a los atletas ol\u00edmpicos m\u00e1s destacados de nuestra naci\u00f3n.\" \/>\n<meta name=\"robots\" content=\"index, follow, max-snippet:-1, max-image-preview:large, max-video-preview:-1\" \/>\n<link rel=\"canonical\" href=\"https:\/\/soclose.mx\/blog\/tag\/juan-rulfo-frases-mujeres\/\" \/>\n<meta property=\"og:locale\" content=\"es_MX\" \/>\n<meta property=\"og:type\" content=\"article\" \/>\n<meta property=\"og:title\" content=\"Los medallistas mexicanos que hicieron historia en las Olimpiadas - So Close\" \/>\n<meta property=\"og:description\" content=\"M\u00e9xico se ha formado un gran legado en las Olimpiadas y aqu\u00ed queremos recordar a los atletas ol\u00edmpicos m\u00e1s destacados de nuestra naci\u00f3n.\" \/>\n<meta property=\"og:url\" content=\"https:\/\/soclose.mx\/blog\/tag\/juan-rulfo-frases-mujeres\/\" \/>\n<meta property=\"og:site_name\" content=\"So Close\" \/>\n<meta property=\"article:published_time\" content=\"2024-02-13T17:36:41+00:00\" \/>\n<meta property=\"og:image\" content=\"https:\/\/i0.wp.com\/soclose.mx\/blog\/wp-content\/uploads\/2024\/01\/Olimpiadas.jpg?fit=545%2C363&ssl=1\" \/>\n\t<meta property=\"og:image:width\" content=\"545\" \/>\n\t<meta property=\"og:image:height\" content=\"363\" \/>\n\t<meta property=\"og:image:type\" content=\"image\/jpeg\" \/>\n<meta name=\"author\" content=\"Emmanuel Oviedo\" \/>\n<meta name=\"twitter:card\" content=\"summary_large_image\" \/>\n<meta name=\"twitter:label1\" content=\"Escrito por\" \/>\n\t<meta name=\"twitter:data1\" content=\"Emmanuel Oviedo\" \/>\n\t<meta name=\"twitter:label2\" content=\"Tiempo de lectura\" \/>\n\t<meta name=\"twitter:data2\" content=\"4 minutos\" \/>\n<script type=\"application\/ld+json\" class=\"yoast-schema-graph\">{\"@context\":\"https:\/\/schema.org\",\"@graph\":[{\"@type\":\"Article\",\"@id\":\"https:\/\/soclose.mx\/blog\/tag\/juan-rulfo-frases-mujeres\/#article\",\"isPartOf\":{\"@id\":\"https:\/\/soclose.mx\/blog\/tag\/juan-rulfo-frases-mujeres\/\"},\"author\":{\"name\":\"Emmanuel Oviedo\",\"@id\":\"https:\/\/soclose.mx\/blog\/#\/schema\/person\/2f5b2fa33ca701af6ff6aad6fa0e2e30\"},\"headline\":\"Los medallistas mexicanos que hicieron historia en las Olimpiadas\",\"datePublished\":\"2024-02-13T17:36:41+00:00\",\"mainEntityOfPage\":{\"@id\":\"https:\/\/soclose.mx\/blog\/tag\/juan-rulfo-frases-mujeres\/\"},\"wordCount\":774,\"commentCount\":0,\"publisher\":{\"@id\":\"https:\/\/soclose.mx\/blog\/#organization\"},\"image\":{\"@id\":\"https:\/\/soclose.mx\/blog\/tag\/juan-rulfo-frases-mujeres\/#primaryimage\"},\"thumbnailUrl\":\"https:\/\/i0.wp.com\/soclose.mx\/blog\/wp-content\/uploads\/2024\/01\/Olimpiadas.jpg?fit=545%2C363&ssl=1\",\"keywords\":[\"atletas mexicanos\",\"olimpiadas\",\"ol\u00edmpicos\",\"seleccion mexicana\"],\"articleSection\":[\"Selecci\u00f3n mexicana\"],\"inLanguage\":\"es\",\"potentialAction\":[{\"@type\":\"CommentAction\",\"name\":\"Comment\",\"target\":[\"https:\/\/soclose.mx\/blog\/tag\/juan-rulfo-frases-mujeres\/#respond\"]}]},{\"@type\":\"WebPage\",\"@id\":\"https:\/\/soclose.mx\/blog\/tag\/juan-rulfo-frases-mujeres\/\",\"url\":\"https:\/\/soclose.mx\/blog\/tag\/juan-rulfo-frases-mujeres\/\",\"name\":\"Los medallistas mexicanos que hicieron historia en las Olimpiadas - So Close\",\"isPartOf\":{\"@id\":\"https:\/\/soclose.mx\/blog\/#website\"},\"primaryImageOfPage\":{\"@id\":\"https:\/\/soclose.mx\/blog\/tag\/juan-rulfo-frases-mujeres\/#primaryimage\"},\"image\":{\"@id\":\"https:\/\/soclose.mx\/blog\/tag\/juan-rulfo-frases-mujeres\/#primaryimage\"},\"thumbnailUrl\":\"https:\/\/i0.wp.com\/soclose.mx\/blog\/wp-content\/uploads\/2024\/01\/Olimpiadas.jpg?fit=545%2C363&ssl=1\",\"datePublished\":\"2024-02-13T17:36:41+00:00\",\"description\":\"M\u00e9xico se ha formado un gran legado en las Olimpiadas y aqu\u00ed queremos recordar a los atletas ol\u00edmpicos m\u00e1s destacados de nuestra naci\u00f3n.\",\"breadcrumb\":{\"@id\":\"https:\/\/soclose.mx\/blog\/tag\/juan-rulfo-frases-mujeres\/#breadcrumb\"},\"inLanguage\":\"es\",\"potentialAction\":[{\"@type\":\"ReadAction\",\"target\":[\"https:\/\/soclose.mx\/blog\/tag\/juan-rulfo-frases-mujeres\/\"]}]},{\"@type\":\"ImageObject\",\"inLanguage\":\"es\",\"@id\":\"https:\/\/soclose.mx\/blog\/tag\/juan-rulfo-frases-mujeres\/#primaryimage\",\"url\":\"https:\/\/i0.wp.com\/soclose.mx\/blog\/wp-content\/uploads\/2024\/01\/Olimpiadas.jpg?fit=545%2C363&ssl=1\",\"contentUrl\":\"https:\/\/i0.wp.com\/soclose.mx\/blog\/wp-content\/uploads\/2024\/01\/Olimpiadas.jpg?fit=545%2C363&ssl=1\",\"width\":545,\"height\":363},{\"@type\":\"BreadcrumbList\",\"@id\":\"https:\/\/soclose.mx\/blog\/tag\/juan-rulfo-frases-mujeres\/#breadcrumb\",\"itemListElement\":[{\"@type\":\"ListItem\",\"position\":1,\"name\":\"Inicio\",\"item\":\"https:\/\/soclose.mx\/blog\/\"},{\"@type\":\"ListItem\",\"position\":2,\"name\":\"Los medallistas mexicanos que hicieron historia en las Olimpiadas\"}]},{\"@type\":\"WebSite\",\"@id\":\"https:\/\/soclose.mx\/blog\/#website\",\"url\":\"https:\/\/soclose.mx\/blog\/\",\"name\":\"So Close\",\"description\":\"Hacemos contenidos de M\u00e9xico\",\"publisher\":{\"@id\":\"https:\/\/soclose.mx\/blog\/#organization\"},\"potentialAction\":[{\"@type\":\"SearchAction\",\"target\":{\"@type\":\"EntryPoint\",\"urlTemplate\":\"https:\/\/soclose.mx\/blog\/?s={search_term_string}\"},\"query-input\":{\"@type\":\"PropertyValueSpecification\",\"valueRequired\":true,\"valueName\":\"search_term_string\"}}],\"inLanguage\":\"es\"},{\"@type\":\"Organization\",\"@id\":\"https:\/\/soclose.mx\/blog\/#organization\",\"name\":\"So Close\",\"url\":\"https:\/\/soclose.mx\/blog\/\",\"logo\":{\"@type\":\"ImageObject\",\"inLanguage\":\"es\",\"@id\":\"https:\/\/soclose.mx\/blog\/#\/schema\/logo\/image\/\",\"url\":\"https:\/\/i0.wp.com\/soclose.mx\/blog\/wp-content\/uploads\/2020\/12\/LOGO_SOCLOSE_COLOR-e1608310133507.png?fit=2858%2C1264&ssl=1\",\"contentUrl\":\"https:\/\/i0.wp.com\/soclose.mx\/blog\/wp-content\/uploads\/2020\/12\/LOGO_SOCLOSE_COLOR-e1608310133507.png?fit=2858%2C1264&ssl=1\",\"width\":2858,\"height\":1264,\"caption\":\"So Close\"},\"image\":{\"@id\":\"https:\/\/soclose.mx\/blog\/#\/schema\/logo\/image\/\"}},{\"@type\":\"Person\",\"@id\":\"https:\/\/soclose.mx\/blog\/#\/schema\/person\/2f5b2fa33ca701af6ff6aad6fa0e2e30\",\"name\":\"Emmanuel Oviedo\",\"image\":{\"@type\":\"ImageObject\",\"inLanguage\":\"es\",\"@id\":\"https:\/\/soclose.mx\/blog\/#\/schema\/person\/image\/\",\"url\":\"https:\/\/secure.gravatar.com\/avatar\/914334c1a2cb2e261b83fa7990e5176305d5c7aa66c050c11f0b52b32a08c28f?s=96&d=mm&r=g\",\"contentUrl\":\"https:\/\/secure.gravatar.com\/avatar\/914334c1a2cb2e261b83fa7990e5176305d5c7aa66c050c11f0b52b32a08c28f?s=96&d=mm&r=g\",\"caption\":\"Emmanuel Oviedo\"},\"url\":\"https:\/\/soclose.mx\/blog\/author\/emmanuel-oviedo\/\"}]}<\/script>\n<!-- \/ Yoast SEO plugin. -->","yoast_head_json":{"title":"Los medallistas mexicanos que hicieron historia en las Olimpiadas - So Close","description":"M\u00e9xico se ha formado un gran legado en las Olimpiadas y aqu\u00ed queremos recordar a los atletas ol\u00edmpicos m\u00e1s destacados de nuestra naci\u00f3n.","robots":{"index":"index","follow":"follow","max-snippet":"max-snippet:-1","max-image-preview":"max-image-preview:large","max-video-preview":"max-video-preview:-1"},"canonical":"https:\/\/soclose.mx\/blog\/tag\/juan-rulfo-frases-mujeres\/","og_locale":"es_MX","og_type":"article","og_title":"Los medallistas mexicanos que hicieron historia en las Olimpiadas - So Close","og_description":"M\u00e9xico se ha formado un gran legado en las Olimpiadas y aqu\u00ed queremos recordar a los atletas ol\u00edmpicos m\u00e1s destacados de nuestra naci\u00f3n.","og_url":"https:\/\/soclose.mx\/blog\/tag\/juan-rulfo-frases-mujeres\/","og_site_name":"So Close","article_published_time":"2024-02-13T17:36:41+00:00","og_image":[{"width":545,"height":363,"url":"https:\/\/i0.wp.com\/soclose.mx\/blog\/wp-content\/uploads\/2024\/01\/Olimpiadas.jpg?fit=545%2C363&ssl=1","type":"image\/jpeg"}],"author":"Emmanuel Oviedo","twitter_card":"summary_large_image","twitter_misc":{"Escrito por":"Emmanuel Oviedo","Tiempo de lectura":"4 minutos"},"schema":{"@context":"https:\/\/schema.org","@graph":[{"@type":"Article","@id":"https:\/\/soclose.mx\/blog\/tag\/juan-rulfo-frases-mujeres\/#article","isPartOf":{"@id":"https:\/\/soclose.mx\/blog\/tag\/juan-rulfo-frases-mujeres\/"},"author":{"name":"Emmanuel Oviedo","@id":"https:\/\/soclose.mx\/blog\/#\/schema\/person\/2f5b2fa33ca701af6ff6aad6fa0e2e30"},"headline":"Los medallistas mexicanos que hicieron historia en las Olimpiadas","datePublished":"2024-02-13T17:36:41+00:00","mainEntityOfPage":{"@id":"https:\/\/soclose.mx\/blog\/tag\/juan-rulfo-frases-mujeres\/"},"wordCount":774,"commentCount":0,"publisher":{"@id":"https:\/\/soclose.mx\/blog\/#organization"},"image":{"@id":"https:\/\/soclose.mx\/blog\/tag\/juan-rulfo-frases-mujeres\/#primaryimage"},"thumbnailUrl":"https:\/\/i0.wp.com\/soclose.mx\/blog\/wp-content\/uploads\/2024\/01\/Olimpiadas.jpg?fit=545%2C363&ssl=1","keywords":["atletas mexicanos","olimpiadas","ol\u00edmpicos","seleccion mexicana"],"articleSection":["Selecci\u00f3n mexicana"],"inLanguage":"es","potentialAction":[{"@type":"CommentAction","name":"Comment","target":["https:\/\/soclose.mx\/blog\/tag\/juan-rulfo-frases-mujeres\/#respond"]}]},{"@type":"WebPage","@id":"https:\/\/soclose.mx\/blog\/tag\/juan-rulfo-frases-mujeres\/","url":"https:\/\/soclose.mx\/blog\/tag\/juan-rulfo-frases-mujeres\/","name":"Los medallistas mexicanos que hicieron historia en las Olimpiadas - So Close","isPartOf":{"@id":"https:\/\/soclose.mx\/blog\/#website"},"primaryImageOfPage":{"@id":"https:\/\/soclose.mx\/blog\/tag\/juan-rulfo-frases-mujeres\/#primaryimage"},"image":{"@id":"https:\/\/soclose.mx\/blog\/tag\/juan-rulfo-frases-mujeres\/#primaryimage"},"thumbnailUrl":"https:\/\/i0.wp.com\/soclose.mx\/blog\/wp-content\/uploads\/2024\/01\/Olimpiadas.jpg?fit=545%2C363&ssl=1","datePublished":"2024-02-13T17:36:41+00:00","description":"M\u00e9xico se ha formado un gran legado en las Olimpiadas y aqu\u00ed queremos recordar a los atletas ol\u00edmpicos m\u00e1s destacados de nuestra naci\u00f3n.","breadcrumb":{"@id":"https:\/\/soclose.mx\/blog\/tag\/juan-rulfo-frases-mujeres\/#breadcrumb"},"inLanguage":"es","potentialAction":[{"@type":"ReadAction","target":["https:\/\/soclose.mx\/blog\/tag\/juan-rulfo-frases-mujeres\/"]}]},{"@type":"ImageObject","inLanguage":"es","@id":"https:\/\/soclose.mx\/blog\/tag\/juan-rulfo-frases-mujeres\/#primaryimage","url":"https:\/\/i0.wp.com\/soclose.mx\/blog\/wp-content\/uploads\/2024\/01\/Olimpiadas.jpg?fit=545%2C363&ssl=1","contentUrl":"https:\/\/i0.wp.com\/soclose.mx\/blog\/wp-content\/uploads\/2024\/01\/Olimpiadas.jpg?fit=545%2C363&ssl=1","width":545,"height":363},{"@type":"BreadcrumbList","@id":"https:\/\/soclose.mx\/blog\/tag\/juan-rulfo-frases-mujeres\/#breadcrumb","itemListElement":[{"@type":"ListItem","position":1,"name":"Inicio","item":"https:\/\/soclose.mx\/blog\/"},{"@type":"ListItem","position":2,"name":"Los medallistas mexicanos que hicieron historia en las Olimpiadas"}]},{"@type":"WebSite","@id":"https:\/\/soclose.mx\/blog\/#website","url":"https:\/\/soclose.mx\/blog\/","name":"So Close","description":"Hacemos contenidos de M\u00e9xico","publisher":{"@id":"https:\/\/soclose.mx\/blog\/#organization"},"potentialAction":[{"@type":"SearchAction","target":{"@type":"EntryPoint","urlTemplate":"https:\/\/soclose.mx\/blog\/?s={search_term_string}"},"query-input":{"@type":"PropertyValueSpecification","valueRequired":true,"valueName":"search_term_string"}}],"inLanguage":"es"},{"@type":"Organization","@id":"https:\/\/soclose.mx\/blog\/#organization","name":"So Close","url":"https:\/\/soclose.mx\/blog\/","logo":{"@type":"ImageObject","inLanguage":"es","@id":"https:\/\/soclose.mx\/blog\/#\/schema\/logo\/image\/","url":"https:\/\/i0.wp.com\/soclose.mx\/blog\/wp-content\/uploads\/2020\/12\/LOGO_SOCLOSE_COLOR-e1608310133507.png?fit=2858%2C1264&ssl=1","contentUrl":"https:\/\/i0.wp.com\/soclose.mx\/blog\/wp-content\/uploads\/2020\/12\/LOGO_SOCLOSE_COLOR-e1608310133507.png?fit=2858%2C1264&ssl=1","width":2858,"height":1264,"caption":"So Close"},"image":{"@id":"https:\/\/soclose.mx\/blog\/#\/schema\/logo\/image\/"}},{"@type":"Person","@id":"https:\/\/soclose.mx\/blog\/#\/schema\/person\/2f5b2fa33ca701af6ff6aad6fa0e2e30","name":"Emmanuel Oviedo","image":{"@type":"ImageObject","inLanguage":"es","@id":"https:\/\/soclose.mx\/blog\/#\/schema\/person\/image\/","url":"https:\/\/secure.gravatar.com\/avatar\/914334c1a2cb2e261b83fa7990e5176305d5c7aa66c050c11f0b52b32a08c28f?s=96&d=mm&r=g","contentUrl":"https:\/\/secure.gravatar.com\/avatar\/914334c1a2cb2e261b83fa7990e5176305d5c7aa66c050c11f0b52b32a08c28f?s=96&d=mm&r=g","caption":"Emmanuel Oviedo"},"url":"https:\/\/soclose.mx\/blog\/author\/emmanuel-oviedo\/"}]}},"jetpack_featured_media_url":"https:\/\/i0.wp.com\/soclose.mx\/blog\/wp-content\/uploads\/2024\/01\/Olimpiadas.jpg?fit=545%2C363&ssl=1","jetpack-related-posts":[{"id":13094,"url":"https:\/\/soclose.mx\/blog\/para-todos\/de-atleta-olimpico-a-politico-mexicano-cinco-casos-de-compromiso\/","url_meta":{"origin":13032,"position":0},"title":"De atleta ol\u00edmpico a pol\u00edtico mexicano: cinco casos de compromiso","author":"Emmanuel Oviedo","date":"5 febrero, 2024","format":false,"excerpt":"Mexico tiene un palmar\u00e9s cuando se trata de competencias ol\u00edmpicas y deportistas. Personajes que destacaron como grandes deportistas en su momento, el atleta ol\u00edmpico y l\u00edder en sus disciplina. Ahora, como mexicanos destacados, pasaron de la disciplina deportiva a la participaci\u00f3n ciudadana para el bien de nuestro pa\u00eds. Ahora que\u2026","rel":"","context":"En &quot;Para todos&quot;","block_context":{"text":"Para todos","link":"https:\/\/soclose.mx\/blog\/category\/para-todos\/"},"img":{"alt_text":"","src":"https:\/\/i0.wp.com\/soclose.mx\/blog\/wp-content\/uploads\/2024\/01\/Tatiana-ortiz-Olimpiadas-1-3.jpg?fit=800%2C532&ssl=1&resize=350%2C200","width":350,"height":200,"srcset":"https:\/\/i0.wp.com\/soclose.mx\/blog\/wp-content\/uploads\/2024\/01\/Tatiana-ortiz-Olimpiadas-1-3.jpg?fit=800%2C532&ssl=1&resize=350%2C200 1x, https:\/\/i0.wp.com\/soclose.mx\/blog\/wp-content\/uploads\/2024\/01\/Tatiana-ortiz-Olimpiadas-1-3.jpg?fit=800%2C532&ssl=1&resize=525%2C300 1.5x, https:\/\/i0.wp.com\/soclose.mx\/blog\/wp-content\/uploads\/2024\/01\/Tatiana-ortiz-Olimpiadas-1-3.jpg?fit=800%2C532&ssl=1&resize=700%2C400 2x"},"classes":[]},{"id":13104,"url":"https:\/\/soclose.mx\/blog\/seleccion-mexicana\/conoce-a-alexa-moreno-la-gimnasta-multimedallista-mexicana\/","url_meta":{"origin":13032,"position":1},"title":"Conoce a Alexa Moreno: la gimnasta multimedallista mexicana","author":"Emmanuel Oviedo","date":"25 enero, 2024","format":false,"excerpt":"Alexa Moreno ha sido una atleta sensacional en todo M\u00e9xico y para todo el mundo. En una edad tan joven ha conquistado las competencias m\u00e1s importantes de la gimnasia, como las que se realizan en Latinoam\u00e9rica y las cumbres de las Olimpiadas. Su nombre ya est\u00e1 dentro de la \u00e9lite\u2026","rel":"","context":"En &quot;Selecci\u00f3n mexicana&quot;","block_context":{"text":"Selecci\u00f3n mexicana","link":"https:\/\/soclose.mx\/blog\/category\/seleccion-mexicana\/"},"img":{"alt_text":"","src":"https:\/\/i0.wp.com\/soclose.mx\/blog\/wp-content\/uploads\/2024\/01\/Alexa-moreno-1.jpg?fit=799%2C533&ssl=1&resize=350%2C200","width":350,"height":200,"srcset":"https:\/\/i0.wp.com\/soclose.mx\/blog\/wp-content\/uploads\/2024\/01\/Alexa-moreno-1.jpg?fit=799%2C533&ssl=1&resize=350%2C200 1x, https:\/\/i0.wp.com\/soclose.mx\/blog\/wp-content\/uploads\/2024\/01\/Alexa-moreno-1.jpg?fit=799%2C533&ssl=1&resize=525%2C300 1.5x, https:\/\/i0.wp.com\/soclose.mx\/blog\/wp-content\/uploads\/2024\/01\/Alexa-moreno-1.jpg?fit=799%2C533&ssl=1&resize=700%2C400 2x"},"classes":[]},{"id":13130,"url":"https:\/\/soclose.mx\/blog\/seleccion-mexicana\/los-momentos-mas-polemicos-de-las-olimpiadas-mexico-1968\/","url_meta":{"origin":13032,"position":2},"title":"Los momentos m\u00e1s pol\u00e9micos de las Olimpiadas M\u00e9xico 1968","author":"Emmanuel Oviedo","date":"19 febrero, 2024","format":false,"excerpt":"Las Olimpiadas de M\u00e9xico 1968 rompieron grandes expectativas pero, al mismo tiempo, se realizaron en medio de muchas pol\u00e9micas. Ya sea dentro de nuestro pa\u00eds o a nivel internacional, las Olimpiadas son ocasi\u00f3n de ilusiones deportivas y problem\u00e1ticas sociales, ya que es el lugar donde todos los pa\u00edses pueden reunirse,\u2026","rel":"","context":"En &quot;\u00a1Ay goeeee!&quot;","block_context":{"text":"\u00a1Ay goeeee!","link":"https:\/\/soclose.mx\/blog\/category\/ay-goeeee\/"},"img":{"alt_text":"Black power olimpiadas","src":"https:\/\/i0.wp.com\/soclose.mx\/blog\/wp-content\/uploads\/2024\/01\/Black-power-olimpiadas.jpg?fit=640%2C640&ssl=1&resize=350%2C200","width":350,"height":200,"srcset":"https:\/\/i0.wp.com\/soclose.mx\/blog\/wp-content\/uploads\/2024\/01\/Black-power-olimpiadas.jpg?fit=640%2C640&ssl=1&resize=350%2C200 1x, https:\/\/i0.wp.com\/soclose.mx\/blog\/wp-content\/uploads\/2024\/01\/Black-power-olimpiadas.jpg?fit=640%2C640&ssl=1&resize=525%2C300 1.5x"},"classes":[]},{"id":10804,"url":"https:\/\/soclose.mx\/blog\/a-la-mexicana\/estudiantes-mexicanos-hacen-historia-en-olimpiada-internacional-de-economia\/","url_meta":{"origin":13032,"position":3},"title":"Estudiantes mexicanos hacen historia en olimpiada internacional de econom\u00eda","author":"Daniel Ram\u00edrez","date":"3 agosto, 2022","format":false,"excerpt":"Reci\u00e9n egresados de la preparatoria y ya pusieron su nombre y el de M\u00e9xico, en la historia de la econom\u00eda a nivel estudiantil. El pasado 26 de julio arranc\u00f3 la d\u00e9cimo tercera olimpiada internacional de econom\u00eda, que concluy\u00f3 el 1 de agosto, la cual tuvo representaci\u00f3n mexicana. Tres j\u00f3venes se\u2026","rel":"","context":"En &quot;A la mexicana&quot;","block_context":{"text":"A la mexicana","link":"https:\/\/soclose.mx\/blog\/category\/a-la-mexicana\/"},"img":{"alt_text":"","src":"https:\/\/i0.wp.com\/soclose.mx\/blog\/wp-content\/uploads\/2022\/08\/Captura-de-Pantalla-2022-08-03-a-las-19.55.56.png?fit=1200%2C831&ssl=1&resize=350%2C200","width":350,"height":200,"srcset":"https:\/\/i0.wp.com\/soclose.mx\/blog\/wp-content\/uploads\/2022\/08\/Captura-de-Pantalla-2022-08-03-a-las-19.55.56.png?fit=1200%2C831&ssl=1&resize=350%2C200 1x, https:\/\/i0.wp.com\/soclose.mx\/blog\/wp-content\/uploads\/2022\/08\/Captura-de-Pantalla-2022-08-03-a-las-19.55.56.png?fit=1200%2C831&ssl=1&resize=525%2C300 1.5x, https:\/\/i0.wp.com\/soclose.mx\/blog\/wp-content\/uploads\/2022\/08\/Captura-de-Pantalla-2022-08-03-a-las-19.55.56.png?fit=1200%2C831&ssl=1&resize=700%2C400 2x, https:\/\/i0.wp.com\/soclose.mx\/blog\/wp-content\/uploads\/2022\/08\/Captura-de-Pantalla-2022-08-03-a-las-19.55.56.png?fit=1200%2C831&ssl=1&resize=1050%2C600 3x"},"classes":[]},{"id":5920,"url":"https:\/\/soclose.mx\/blog\/news-feed\/vota-ahora-por-el-uniforme-que-portaran-olimpicos-mexicanos\/","url_meta":{"origin":13032,"position":4},"title":"\u00a1Vota ahora! por el uniforme que portar\u00e1n ol\u00edmpicos mexicanos","author":"So Close","date":"9 abril, 2021","format":false,"excerpt":"A partir de este momento, tienes la oportunidad de participar en la votaci\u00f3n para elegir el uniforme que portar\u00e1n nuestro atletas ol\u00edmpicos en las olimpiadas de Tokio en este verano. Son tres hermosas opciones que seguro te encantar\u00e1n, pero solo una tiene que ser la elegida para vestir a nuestros\u2026","rel":"","context":"En &quot;News feed&quot;","block_context":{"text":"News feed","link":"https:\/\/soclose.mx\/blog\/category\/news-feed\/"},"img":{"alt_text":"","src":"https:\/\/i0.wp.com\/soclose.mx\/blog\/wp-content\/uploads\/2021\/04\/uniforme-atletas-olimpicos-mexicanos.jpeg?fit=1200%2C677&ssl=1&resize=350%2C200","width":350,"height":200,"srcset":"https:\/\/i0.wp.com\/soclose.mx\/blog\/wp-content\/uploads\/2021\/04\/uniforme-atletas-olimpicos-mexicanos.jpeg?fit=1200%2C677&ssl=1&resize=350%2C200 1x, https:\/\/i0.wp.com\/soclose.mx\/blog\/wp-content\/uploads\/2021\/04\/uniforme-atletas-olimpicos-mexicanos.jpeg?fit=1200%2C677&ssl=1&resize=525%2C300 1.5x, https:\/\/i0.wp.com\/soclose.mx\/blog\/wp-content\/uploads\/2021\/04\/uniforme-atletas-olimpicos-mexicanos.jpeg?fit=1200%2C677&ssl=1&resize=700%2C400 2x, https:\/\/i0.wp.com\/soclose.mx\/blog\/wp-content\/uploads\/2021\/04\/uniforme-atletas-olimpicos-mexicanos.jpeg?fit=1200%2C677&ssl=1&resize=1050%2C600 3x"},"classes":[]},{"id":9638,"url":"https:\/\/soclose.mx\/blog\/a-la-mexicana\/mexicanas-ganan-plata-y-bronce-en-olimpiada-de-matematicas\/","url_meta":{"origin":13032,"position":5},"title":"Mexicanas ganan plata y bronce en olimpiada de Matem\u00e1ticas","author":"Miguel Angel Romero","date":"14 abril, 2022","format":false,"excerpt":"Cuatro\u00a0mexicanas\u00a0pusieron en alto el nombre de nuestro pa\u00eds al ganar plata y bronce en la\u00a0Olimpiada de Matem\u00e1ticas\u00a0de\u00a0Hungr\u00eda. Integrantes del equipo mexicano que compitieron en las Olimpiada Europea Femenil de Matem\u00e1ticas (EGMO) ganaron 2 medallas de plata y 2 de bronce. Ana Llanes y Cynthia L\u00f3pez obtuvieron la medalla de plata;\u2026","rel":"","context":"En &quot;A la mexicana&quot;","block_context":{"text":"A la mexicana","link":"https:\/\/soclose.mx\/blog\/category\/a-la-mexicana\/"},"img":{"alt_text":"","src":"https:\/\/i0.wp.com\/soclose.mx\/blog\/wp-content\/uploads\/2022\/04\/Copia-de-Principal-So-Close-blog-3-1.png?fit=1200%2C677&ssl=1&resize=350%2C200","width":350,"height":200,"srcset":"https:\/\/i0.wp.com\/soclose.mx\/blog\/wp-content\/uploads\/2022\/04\/Copia-de-Principal-So-Close-blog-3-1.png?fit=1200%2C677&ssl=1&resize=350%2C200 1x, https:\/\/i0.wp.com\/soclose.mx\/blog\/wp-content\/uploads\/2022\/04\/Copia-de-Principal-So-Close-blog-3-1.png?fit=1200%2C677&ssl=1&resize=525%2C300 1.5x, https:\/\/i0.wp.com\/soclose.mx\/blog\/wp-content\/uploads\/2022\/04\/Copia-de-Principal-So-Close-blog-3-1.png?fit=1200%2C677&ssl=1&resize=700%2C400 2x, https:\/\/i0.wp.com\/soclose.mx\/blog\/wp-content\/uploads\/2022\/04\/Copia-de-Principal-So-Close-blog-3-1.png?fit=1200%2C677&ssl=1&resize=1050%2C600 3x"},"classes":[]}],"jetpack_sharing_enabled":true,"_links":{"self":[{"href":"https:\/\/soclose.mx\/blog\/wp-json\/wp\/v2\/posts\/13032","targetHints":{"allow":["GET"]}}],"collection":[{"href":"https:\/\/soclose.mx\/blog\/wp-json\/wp\/v2\/posts"}],"about":[{"href":"https:\/\/soclose.mx\/blog\/wp-json\/wp\/v2\/types\/post"}],"author":[{"embeddable":true,"href":"https:\/\/soclose.mx\/blog\/wp-json\/wp\/v2\/users\/12"}],"replies":[{"embeddable":true,"href":"https:\/\/soclose.mx\/blog\/wp-json\/wp\/v2\/comments?post=13032"}],"version-history":[{"count":7,"href":"https:\/\/soclose.mx\/blog\/wp-json\/wp\/v2\/posts\/13032\/revisions"}],"predecessor-version":[{"id":13250,"href":"https:\/\/soclose.mx\/blog\/wp-json\/wp\/v2\/posts\/13032\/revisions\/13250"}],"wp:featuredmedia":[{"embeddable":true,"href":"https:\/\/soclose.mx\/blog\/wp-json\/wp\/v2\/media\/13092"}],"wp:attachment":[{"href":"https:\/\/soclose.mx\/blog\/wp-json\/wp\/v2\/media?parent=13032"}],"wp:term":[{"taxonomy":"category","embeddable":true,"href":"https:\/\/soclose.mx\/blog\/wp-json\/wp\/v2\/categories?post=13032"},{"taxonomy":"post_tag","embeddable":true,"href":"https:\/\/soclose.mx\/blog\/wp-json\/wp\/v2\/tags?post=13032"}],"curies":[{"name":"wp","href":"https:\/\/api.w.org\/{rel}","templated":true}]}}