{"id":13094,"date":"2024-02-05T19:36:54","date_gmt":"2024-02-06T01:36:54","guid":{"rendered":"https:\/\/soclose.mx\/blog\/?p=13094"},"modified":"2024-02-05T19:36:54","modified_gmt":"2024-02-06T01:36:54","slug":"de-atleta-olimpico-a-politico-mexicano-cinco-casos-de-compromiso","status":"publish","type":"post","link":"https:\/\/soclose.mx\/blog\/para-todos\/de-atleta-olimpico-a-politico-mexicano-cinco-casos-de-compromiso\/","title":{"rendered":"De atleta ol\u00edmpico a pol\u00edtico mexicano: cinco casos de compromiso"},"content":{"rendered":"<p>Mexico tiene un palmar\u00e9s cuando se trata de competencias ol\u00edmpicas y deportistas. Personajes que destacaron como grandes deportistas en su momento, el atleta ol\u00edmpico y l\u00edder en sus disciplina. Ahora, como mexicanos destacados, pasaron de la disciplina deportiva a la participaci\u00f3n ciudadana para el bien de nuestro pa\u00eds. Ahora que ejercen un cargo p\u00fablico, queremos destacar su carrera tanto deportiva como pol\u00edtica. Por ende, queremos rememorar a los <strong>atletas olimpicos mexicanos<\/strong> que ahora son politicos influyentes.<\/p>\n<h2>Rommel Pacheco, atleta multimedallista<\/h2>\n<p>El clavadista mexicano Rommel Pacheco es muy popular nacionalmente por sus logros ol\u00edmpicos en su pa\u00eds. <strong>En su carrera deportiva acumul\u00f3 cuatro Olimpiadas<\/strong>: Atenas 2004, Pekin 2008, R\u00edo de Janeiro 2016 y Tokio 2020. Adem\u00e1s de ganar seis medallas en los <strong>Juegos Panamericanos<\/strong>.<\/p>\n<p>Con su retiro posterior a sus \u00faltimas Olimpiadas, Rommel Pacheco empez\u00f3 su <strong><a href=\"https:\/\/www.infobae.com\/mexico\/2024\/01\/01\/del-pri-a-morena-asi-comenzo-la-carrera-politica-de-romel-pacheco\/\">participaci\u00f3n pol\u00edtica<\/a><\/strong> primero como simpatizante del <strong><a href=\"https:\/\/soclose.mx\/blog\/a-la-mexicana\/primera-dama-esposas-politicos-mexico\/\">PRI<\/a>.<\/strong> Posteriormente, en el a\u00f1o 2021 se postular\u00eda como diputado federal, ahora afiliados al PAN. Sin embargo, recientemente se ha visto su apoyo a <strong>Claudia Sheinbaum y al partido MORENA.<\/strong><\/p>\n<blockquote class=\"twitter-tweet\" data-width=\"550\" data-dnt=\"true\">\n<p lang=\"es\" dir=\"ltr\">Siempre es un gusto recibir a <a href=\"https:\/\/twitter.com\/Claudiashein?ref_src=twsrc%5Etfw\">@Claudiashein<\/a> en el sureste ??. Muchas gracias por la visita y estamos seguros que lo mejor est\u00e1 por venir. <a href=\"https:\/\/twitter.com\/huachodiazmena?ref_src=twsrc%5Etfw\">@huachodiazmena<\/a> <\/p>\n<p>Mensaje dirigido a militantes y simpatizantes de Morena. <a href=\"https:\/\/t.co\/t6Rr2Gul5Z\">pic.twitter.com\/t6Rr2Gul5Z<\/a><\/p>\n<p>&mdash; Rommel Pacheco (@Rommel_Pacheco) <a href=\"https:\/\/twitter.com\/Rommel_Pacheco\/status\/1740768498438320197?ref_src=twsrc%5Etfw\">December 29, 2023<\/a><\/p><\/blockquote>\n<p><script async src=\"https:\/\/platform.twitter.com\/widgets.js\" charset=\"utf-8\"><\/script><\/p>\n<h2>Fernando Platas \u00c1lvarez<\/h2>\n<p>Clavadista mexicano desde muy joven, Fernando Platas es reconocido por sus <strong>dos participaciones en Olimpiadas<\/strong>, tanto en Atenas 2004 como en Sidney 2000, donde en \u00e9sta \u00faltima gan\u00f3 <strong>la medalla de plata<\/strong>. En ambas ocasiones, lider\u00f3 como abanderado de la delegaci\u00f3n nacional en las inauguraciones.<\/p>\n<p>Posteriormente, con su \u00faltima participaci\u00f3n decide retirarse, y en el a\u00f1o 2009 se vuelve candidato a <strong>diputado federal por parte del PAN<\/strong>. Dos a\u00f1os despu\u00e9s, en el 2011, apoya la gobernadora del PRI en el Estado de M\u00e9xico. Actualmente colabora con el <strong><a href=\"https:\/\/www.gob.mx\/profeco\/es\/articulos\/fernando-platas#:~:text=Actualmente%20se%20dedica%20a%20la,despu%C3%A9s%20va%20a%20su%20oficina.\">Comit\u00e9 Ol\u00edmpico Mexicano<\/a>.<\/strong><\/p>\n<blockquote class=\"instagram-media\" data-instgrm-captioned data-instgrm-permalink=\"https:\/\/www.instagram.com\/p\/Cxp5ydWOQwS\/?utm_source=ig_embed&amp;utm_campaign=loading\" data-instgrm-version=\"14\" style=\" background:#FFF; border:0; border-radius:3px; box-shadow:0 0 1px 0 rgba(0,0,0,0.5),0 1px 10px 0 rgba(0,0,0,0.15); margin: 1px; max-width:658px; min-width:326px; padding:0; width:99.375%; width:-webkit-calc(100% - 2px); width:calc(100% - 2px);\">\n<div style=\"padding:16px;\"> <a href=\"https:\/\/www.instagram.com\/p\/Cxp5ydWOQwS\/?utm_source=ig_embed&amp;utm_campaign=loading\" style=\" background:#FFFFFF; line-height:0; padding:0 0; text-align:center; text-decoration:none; width:100%;\" target=\"_blank\"> <\/p>\n<div style=\" display: flex; flex-direction: row; align-items: center;\">\n<div style=\"background-color: #F4F4F4; border-radius: 50%; flex-grow: 0; height: 40px; margin-right: 14px; width: 40px;\"><\/div>\n<div style=\"display: flex; flex-direction: column; flex-grow: 1; justify-content: center;\">\n<div style=\" background-color: #F4F4F4; border-radius: 4px; flex-grow: 0; height: 14px; margin-bottom: 6px; width: 100px;\"><\/div>\n<div style=\" background-color: #F4F4F4; border-radius: 4px; flex-grow: 0; height: 14px; width: 60px;\"><\/div>\n<\/div>\n<\/div>\n<div style=\"padding: 19% 0;\"><\/div>\n<div style=\"display:block; height:50px; margin:0 auto 12px; width:50px;\"><svg width=\"50px\" height=\"50px\" viewBox=\"0 0 60 60\" version=\"1.1\" xmlns=\"https:\/\/www.w3.org\/2000\/svg\" xmlns:xlink=\"https:\/\/www.w3.org\/1999\/xlink\"><g stroke=\"none\" stroke-width=\"1\" fill=\"none\" fill-rule=\"evenodd\"><g transform=\"translate(-511.000000, -20.000000)\" fill=\"#000000\"><g><path d=\"M556.869,30.41 C554.814,30.41 553.148,32.076 553.148,34.131 C553.148,36.186 554.814,37.852 556.869,37.852 C558.924,37.852 560.59,36.186 560.59,34.131 C560.59,32.076 558.924,30.41 556.869,30.41 M541,60.657 C535.114,60.657 530.342,55.887 530.342,50 C530.342,44.114 535.114,39.342 541,39.342 C546.887,39.342 551.658,44.114 551.658,50 C551.658,55.887 546.887,60.657 541,60.657 M541,33.886 C532.1,33.886 524.886,41.1 524.886,50 C524.886,58.899 532.1,66.113 541,66.113 C549.9,66.113 557.115,58.899 557.115,50 C557.115,41.1 549.9,33.886 541,33.886 M565.378,62.101 C565.244,65.022 564.756,66.606 564.346,67.663 C563.803,69.06 563.154,70.057 562.106,71.106 C561.058,72.155 560.06,72.803 558.662,73.347 C557.607,73.757 556.021,74.244 553.102,74.378 C549.944,74.521 548.997,74.552 541,74.552 C533.003,74.552 532.056,74.521 528.898,74.378 C525.979,74.244 524.393,73.757 523.338,73.347 C521.94,72.803 520.942,72.155 519.894,71.106 C518.846,70.057 518.197,69.06 517.654,67.663 C517.244,66.606 516.755,65.022 516.623,62.101 C516.479,58.943 516.448,57.996 516.448,50 C516.448,42.003 516.479,41.056 516.623,37.899 C516.755,34.978 517.244,33.391 517.654,32.338 C518.197,30.938 518.846,29.942 519.894,28.894 C520.942,27.846 521.94,27.196 523.338,26.654 C524.393,26.244 525.979,25.756 528.898,25.623 C532.057,25.479 533.004,25.448 541,25.448 C548.997,25.448 549.943,25.479 553.102,25.623 C556.021,25.756 557.607,26.244 558.662,26.654 C560.06,27.196 561.058,27.846 562.106,28.894 C563.154,29.942 563.803,30.938 564.346,32.338 C564.756,33.391 565.244,34.978 565.378,37.899 C565.522,41.056 565.552,42.003 565.552,50 C565.552,57.996 565.522,58.943 565.378,62.101 M570.82,37.631 C570.674,34.438 570.167,32.258 569.425,30.349 C568.659,28.377 567.633,26.702 565.965,25.035 C564.297,23.368 562.623,22.342 560.652,21.575 C558.743,20.834 556.562,20.326 553.369,20.18 C550.169,20.033 549.148,20 541,20 C532.853,20 531.831,20.033 528.631,20.18 C525.438,20.326 523.257,20.834 521.349,21.575 C519.376,22.342 517.703,23.368 516.035,25.035 C514.368,26.702 513.342,28.377 512.574,30.349 C511.834,32.258 511.326,34.438 511.181,37.631 C511.035,40.831 511,41.851 511,50 C511,58.147 511.035,59.17 511.181,62.369 C511.326,65.562 511.834,67.743 512.574,69.651 C513.342,71.625 514.368,73.296 516.035,74.965 C517.703,76.634 519.376,77.658 521.349,78.425 C523.257,79.167 525.438,79.673 528.631,79.82 C531.831,79.965 532.853,80.001 541,80.001 C549.148,80.001 550.169,79.965 553.369,79.82 C556.562,79.673 558.743,79.167 560.652,78.425 C562.623,77.658 564.297,76.634 565.965,74.965 C567.633,73.296 568.659,71.625 569.425,69.651 C570.167,67.743 570.674,65.562 570.82,62.369 C570.966,59.17 571,58.147 571,50 C571,41.851 570.966,40.831 570.82,37.631\"><\/path><\/g><\/g><\/g><\/svg><\/div>\n<div style=\"padding-top: 8px;\">\n<div style=\" color:#3897f0; font-family:Arial,sans-serif; font-size:14px; font-style:normal; font-weight:550; line-height:18px;\">View this post on Instagram<\/div>\n<\/div>\n<div style=\"padding: 12.5% 0;\"><\/div>\n<div style=\"display: flex; flex-direction: row; margin-bottom: 14px; align-items: center;\">\n<div>\n<div style=\"background-color: #F4F4F4; border-radius: 50%; height: 12.5px; width: 12.5px; transform: translateX(0px) translateY(7px);\"><\/div>\n<div style=\"background-color: #F4F4F4; height: 12.5px; transform: rotate(-45deg) translateX(3px) translateY(1px); width: 12.5px; flex-grow: 0; margin-right: 14px; margin-left: 2px;\"><\/div>\n<div style=\"background-color: #F4F4F4; border-radius: 50%; height: 12.5px; width: 12.5px; transform: translateX(9px) translateY(-18px);\"><\/div>\n<\/div>\n<div style=\"margin-left: 8px;\">\n<div style=\" background-color: #F4F4F4; border-radius: 50%; flex-grow: 0; height: 20px; width: 20px;\"><\/div>\n<div style=\" width: 0; height: 0; border-top: 2px solid transparent; border-left: 6px solid #f4f4f4; border-bottom: 2px solid transparent; transform: translateX(16px) translateY(-4px) rotate(30deg)\"><\/div>\n<\/div>\n<div style=\"margin-left: auto;\">\n<div style=\" width: 0px; border-top: 8px solid #F4F4F4; border-right: 8px solid transparent; transform: translateY(16px);\"><\/div>\n<div style=\" background-color: #F4F4F4; flex-grow: 0; height: 12px; width: 16px; transform: translateY(-4px);\"><\/div>\n<div style=\" width: 0; height: 0; border-top: 8px solid #F4F4F4; border-left: 8px solid transparent; transform: translateY(-4px) translateX(8px);\"><\/div>\n<\/div>\n<\/div>\n<div style=\"display: flex; flex-direction: column; flex-grow: 1; justify-content: center; margin-bottom: 24px;\">\n<div style=\" background-color: #F4F4F4; border-radius: 4px; flex-grow: 0; height: 14px; margin-bottom: 6px; width: 224px;\"><\/div>\n<div style=\" background-color: #F4F4F4; border-radius: 4px; flex-grow: 0; height: 14px; width: 144px;\"><\/div>\n<\/div>\n<p><\/a><\/p>\n<p style=\" color:#c9c8cd; font-family:Arial,sans-serif; font-size:14px; line-height:17px; margin-bottom:0; margin-top:8px; overflow:hidden; padding:8px 0 7px; text-align:center; text-overflow:ellipsis; white-space:nowrap;\"><a href=\"https:\/\/www.instagram.com\/p\/Cxp5ydWOQwS\/?utm_source=ig_embed&amp;utm_campaign=loading\" style=\" color:#c9c8cd; font-family:Arial,sans-serif; font-size:14px; font-style:normal; font-weight:normal; line-height:17px; text-decoration:none;\" target=\"_blank\">A post shared by Los Soccer Adictos Mx (@socceradictosmx)<\/a><\/p>\n<\/div>\n<\/blockquote>\n<p><script async src=\"\/\/platform.instagram.com\/en_US\/embeds.js\"><\/script><\/p>\n<h2>Tatiana Ortiz Galicia<\/h2>\n<p>La exclavadista Tatiana Ortiz gan\u00f3, en las Olimpiadas de <strong>Beijing 2008<\/strong>, la medalla de bronce en salto sincronizado con la tambi\u00e9n laureada <strong>Paola Espinosa<\/strong>. Asimismo, gan\u00f3 la <strong>medalla de Oro<\/strong> en los Juegos Panamericanos del 2011.<\/p>\n<p>Al siguiente a\u00f1o, retirada de los trampolines y las albercas, tom\u00f3 un puesto pol\u00edtico en el <strong>Ayuntamiento de Tlalnepantla<\/strong>. Y actualmente, Tatiana Ortiz se desempe\u00f1a como <strong><a href=\"https:\/\/www.mediotiempo.com\/mas-deportes\/que-fue-de-la-exclavadista-olimpica-tatiana-ortiz\">Secretar\u00eda del Deporte<\/a><\/strong> del PRI en el Estado de Mexico, cargo\u00a0que tom\u00f3 desde noviembre del a\u00f1o 2015.<\/p>\n<figure id=\"attachment_13244\" aria-describedby=\"caption-attachment-13244\" style=\"width: 799px\" class=\"wp-caption aligncenter\"><img data-recalc-dims=\"1\" fetchpriority=\"high\" decoding=\"async\" class=\"size-full wp-image-13244\" src=\"https:\/\/i0.wp.com\/soclose.mx\/blog\/wp-content\/uploads\/2024\/02\/Tatiana-Ortiz.jpg?resize=799%2C546&#038;ssl=1\" alt=\"Tatiana Ortiz\" width=\"799\" height=\"546\" srcset=\"https:\/\/i0.wp.com\/soclose.mx\/blog\/wp-content\/uploads\/2024\/02\/Tatiana-Ortiz.jpg?w=799&amp;ssl=1 799w, https:\/\/i0.wp.com\/soclose.mx\/blog\/wp-content\/uploads\/2024\/02\/Tatiana-Ortiz.jpg?resize=300%2C205&amp;ssl=1 300w, https:\/\/i0.wp.com\/soclose.mx\/blog\/wp-content\/uploads\/2024\/02\/Tatiana-Ortiz.jpg?resize=768%2C525&amp;ssl=1 768w, https:\/\/i0.wp.com\/soclose.mx\/blog\/wp-content\/uploads\/2024\/02\/Tatiana-Ortiz.jpg?resize=585%2C400&amp;ssl=1 585w\" sizes=\"(max-width: 799px) 100vw, 799px\" \/><figcaption id=\"caption-attachment-13244\" class=\"wp-caption-text\">Fuente: Flickr<\/figcaption><\/figure>\n<h2>Ana Gabriela Guevara, atleta de carrera pol\u00edtica<\/h2>\n<p>Una de las atletas m\u00e1s reconocidas para M\u00e9xico, Ana Gabriela Guevara destac\u00f3 en el mundo del atletismo, siendo <strong><a href=\"http:\/\/ww2.com.org.mx\/historias-olimpicas\/ana-gabriela-guevara\/\">la primera mujer<\/a><\/strong> mexicana con medalla ol\u00edmpica en la categor\u00eda de los 400 metros lisos. Fue en las <strong>Olimpiadas de Atenas 2004<\/strong> donde, con este triunfo, carg\u00f3 la medalla de plata.<\/p>\n<p>Posteriormente, con su retiro del atletismo en el a\u00f1o 2008, se incorpor\u00f3 a varios organismos pol\u00edticos e institucionales. Uno de ellos fue como <strong>titular de la Coordinaci\u00f3n de Cultura Deportiva, F\u00edsica y de Salud<\/strong>, dentro de la administraci\u00f3n de Marcelo Ebrad. Asimismo, tambi\u00e9n ha sido candidata delegacional y estatal.<\/p>\n<figure id=\"attachment_13100\" aria-describedby=\"caption-attachment-13100\" style=\"width: 550px\" class=\"wp-caption aligncenter\"><img data-recalc-dims=\"1\" decoding=\"async\" class=\"wp-image-13100 size-full\" title=\"Ana Gabriela Guevara\" src=\"https:\/\/i0.wp.com\/soclose.mx\/blog\/wp-content\/uploads\/2024\/01\/Ana-Gabriela-guevara-Olimpiadas.jpg?resize=550%2C361&#038;ssl=1\" alt=\"Ana Gabriela Guevara\" width=\"550\" height=\"361\" srcset=\"https:\/\/i0.wp.com\/soclose.mx\/blog\/wp-content\/uploads\/2024\/01\/Ana-Gabriela-guevara-Olimpiadas.jpg?w=550&amp;ssl=1 550w, https:\/\/i0.wp.com\/soclose.mx\/blog\/wp-content\/uploads\/2024\/01\/Ana-Gabriela-guevara-Olimpiadas.jpg?resize=300%2C197&amp;ssl=1 300w\" sizes=\"(max-width: 550px) 100vw, 550px\" \/><figcaption id=\"caption-attachment-13100\" class=\"wp-caption-text\">Fuente: Flickr<\/figcaption><\/figure>\n<h2>Cuauhtemoc Blanco, atleta del pueblo<\/h2>\n<p>Todos conocemos al gran futbolista que fue Cuauhtemoc Blanco, \u00eddolo azulcrema en el equipo del Am\u00e9rica y una leyenda en la <strong><a href=\"https:\/\/soclose.mx\/blog\/seleccion-mexicana\/entrenadores-de-la-seleccion-mexicana-quien-ha-sido-el-mejor\/\">Selecci\u00f3n Nacional<\/a><\/strong>. Particip\u00f3 en tres copas mundiales y hace unos a\u00f1os, un abril del 2015, se retirar\u00eda oficialmente de las canchas.<\/p>\n<p>Y ese mismo a\u00f1o comenzar\u00eda otra etapa de su vida: aspirar a la <strong>presidencia municipal de Cuernavaca, Morelos,<\/strong> con el Partido Socialdem\u00f3crata. Y de presidente municipal pas\u00f3 a la gobernadora del estado de Cuernavaca en el a\u00f1o 2018, <strong>apoyado por MORENA<\/strong>. El exfutbolista tambi\u00e9n ha reconocido su deseo por ser Gobernador de la Ciudad de M\u00e9xico.<\/p>\n<blockquote class=\"twitter-tweet\" data-width=\"550\" data-dnt=\"true\">\n<p lang=\"es\" dir=\"ltr\">A 5 a\u00f1os de gobierno, el presidente <a href=\"https:\/\/twitter.com\/lopezobrador_?ref_src=twsrc%5Etfw\">@lopezobrador_<\/a> ha demostrado que el cambio es posible, llegando a este punto de su mandato, de la mano del pueblo, respaldado por su cari\u00f1o y confianza. <\/p>\n<p>Enhorabuena. <a href=\"https:\/\/t.co\/tE30uzomzA\">pic.twitter.com\/tE30uzomzA<\/a><\/p>\n<p>&mdash; Cuauht\u00e9moc Blanco (@cuauhtemocb10) <a href=\"https:\/\/twitter.com\/cuauhtemocb10\/status\/1730694587201544308?ref_src=twsrc%5Etfw\">December 1, 2023<\/a><\/p><\/blockquote>\n<p><script async src=\"https:\/\/platform.twitter.com\/widgets.js\" charset=\"utf-8\"><\/script><\/p>\n","protected":false},"excerpt":{"rendered":"<p>Mexico tiene un palmar\u00e9s cuando se trata de competencias ol\u00edmpicas y deportistas. Personajes que destacaron como grandes deportistas en su momento, el atleta ol\u00edmpico y l\u00edder en sus disciplina. Ahora, como mexicanos destacados, pasaron de la disciplina deportiva a la participaci\u00f3n ciudadana para el bien de nuestro pa\u00eds. Ahora que ejercen un cargo p\u00fablico, queremos destacar su carrera tanto deportiva como pol\u00edtica. Por ende, queremos rememorar a los atletas olimpicos mexicanos que ahora son politicos influyentes. Rommel Pacheco, atleta multimedallista El clavadista mexicano Rommel Pacheco es muy popular nacionalmente por sus logros ol\u00edmpicos en su pa\u00eds. En su carrera deportiva<\/p>\n","protected":false},"author":12,"featured_media":13101,"comment_status":"open","ping_status":"open","sticky":false,"template":"","format":"standard","meta":{"_jetpack_memberships_contains_paid_content":false,"footnotes":""},"categories":[1674],"tags":[3120,3117,3121,3119,3118,1173],"class_list":["post-13094","post","type-post","status-publish","format-standard","has-post-thumbnail","hentry","category-para-todos","tag-ana-gabriela-guevara","tag-atleta-olimpico","tag-cuauhtemoc-blanco","tag-fernando-platas","tag-politico","tag-rommel-pacheco"],"yoast_head":"<!-- This site is optimized with the Yoast SEO plugin v26.7 - https:\/\/yoast.com\/wordpress\/plugins\/seo\/ -->\n<title>De atleta ol\u00edmpico a pol\u00edtico mexicano: cinco casos de compromiso - So Close<\/title>\n<meta name=\"description\" content=\"Cinco atletas que cambiaron las medallas y la disciplina diaria por su participacion pol\u00edtica en nuestro pais.\" \/>\n<meta name=\"robots\" content=\"index, follow, max-snippet:-1, max-image-preview:large, max-video-preview:-1\" \/>\n<link rel=\"canonical\" href=\"https:\/\/soclose.mx\/blog\/tag\/juan-rulfo-frases-mujeres\/\" \/>\n<meta property=\"og:locale\" content=\"es_MX\" \/>\n<meta property=\"og:type\" content=\"article\" \/>\n<meta property=\"og:title\" content=\"De atleta ol\u00edmpico a pol\u00edtico mexicano: cinco casos de compromiso - So Close\" \/>\n<meta property=\"og:description\" content=\"Cinco atletas que cambiaron las medallas y la disciplina diaria por su participacion pol\u00edtica en nuestro pais.\" \/>\n<meta property=\"og:url\" content=\"https:\/\/soclose.mx\/blog\/tag\/juan-rulfo-frases-mujeres\/\" \/>\n<meta property=\"og:site_name\" content=\"So Close\" \/>\n<meta property=\"article:published_time\" content=\"2024-02-06T01:36:54+00:00\" \/>\n<meta property=\"og:image\" content=\"https:\/\/i0.wp.com\/soclose.mx\/blog\/wp-content\/uploads\/2024\/01\/Tatiana-ortiz-Olimpiadas-1-3.jpg?fit=800%2C532&ssl=1\" \/>\n\t<meta property=\"og:image:width\" content=\"800\" \/>\n\t<meta property=\"og:image:height\" content=\"532\" \/>\n\t<meta property=\"og:image:type\" content=\"image\/jpeg\" \/>\n<meta name=\"author\" content=\"Emmanuel Oviedo\" \/>\n<meta name=\"twitter:card\" content=\"summary_large_image\" \/>\n<meta name=\"twitter:label1\" content=\"Escrito por\" \/>\n\t<meta name=\"twitter:data1\" content=\"Emmanuel Oviedo\" \/>\n\t<meta name=\"twitter:label2\" content=\"Tiempo de lectura\" \/>\n\t<meta name=\"twitter:data2\" content=\"4 minutos\" \/>\n<script type=\"application\/ld+json\" class=\"yoast-schema-graph\">{\"@context\":\"https:\/\/schema.org\",\"@graph\":[{\"@type\":\"Article\",\"@id\":\"https:\/\/soclose.mx\/blog\/tag\/juan-rulfo-frases-mujeres\/#article\",\"isPartOf\":{\"@id\":\"https:\/\/soclose.mx\/blog\/tag\/juan-rulfo-frases-mujeres\/\"},\"author\":{\"name\":\"Emmanuel Oviedo\",\"@id\":\"https:\/\/soclose.mx\/blog\/#\/schema\/person\/2f5b2fa33ca701af6ff6aad6fa0e2e30\"},\"headline\":\"De atleta ol\u00edmpico a pol\u00edtico mexicano: cinco casos de compromiso\",\"datePublished\":\"2024-02-06T01:36:54+00:00\",\"mainEntityOfPage\":{\"@id\":\"https:\/\/soclose.mx\/blog\/tag\/juan-rulfo-frases-mujeres\/\"},\"wordCount\":646,\"commentCount\":0,\"publisher\":{\"@id\":\"https:\/\/soclose.mx\/blog\/#organization\"},\"image\":{\"@id\":\"https:\/\/soclose.mx\/blog\/tag\/juan-rulfo-frases-mujeres\/#primaryimage\"},\"thumbnailUrl\":\"https:\/\/i0.wp.com\/soclose.mx\/blog\/wp-content\/uploads\/2024\/01\/Tatiana-ortiz-Olimpiadas-1-3.jpg?fit=800%2C532&ssl=1\",\"keywords\":[\"Ana Gabriela Guevara\",\"atleta ol\u00edmpico\",\"Cuauhtemoc Blanco\",\"Fernando Platas\",\"pol\u00edtico\",\"Rommel Pacheco\"],\"articleSection\":[\"Para todos\"],\"inLanguage\":\"es\",\"potentialAction\":[{\"@type\":\"CommentAction\",\"name\":\"Comment\",\"target\":[\"https:\/\/soclose.mx\/blog\/tag\/juan-rulfo-frases-mujeres\/#respond\"]}]},{\"@type\":\"WebPage\",\"@id\":\"https:\/\/soclose.mx\/blog\/tag\/juan-rulfo-frases-mujeres\/\",\"url\":\"https:\/\/soclose.mx\/blog\/tag\/juan-rulfo-frases-mujeres\/\",\"name\":\"De atleta ol\u00edmpico a pol\u00edtico mexicano: cinco casos de compromiso - So Close\",\"isPartOf\":{\"@id\":\"https:\/\/soclose.mx\/blog\/#website\"},\"primaryImageOfPage\":{\"@id\":\"https:\/\/soclose.mx\/blog\/tag\/juan-rulfo-frases-mujeres\/#primaryimage\"},\"image\":{\"@id\":\"https:\/\/soclose.mx\/blog\/tag\/juan-rulfo-frases-mujeres\/#primaryimage\"},\"thumbnailUrl\":\"https:\/\/i0.wp.com\/soclose.mx\/blog\/wp-content\/uploads\/2024\/01\/Tatiana-ortiz-Olimpiadas-1-3.jpg?fit=800%2C532&ssl=1\",\"datePublished\":\"2024-02-06T01:36:54+00:00\",\"description\":\"Cinco atletas que cambiaron las medallas y la disciplina diaria por su participacion pol\u00edtica en nuestro pais.\",\"breadcrumb\":{\"@id\":\"https:\/\/soclose.mx\/blog\/tag\/juan-rulfo-frases-mujeres\/#breadcrumb\"},\"inLanguage\":\"es\",\"potentialAction\":[{\"@type\":\"ReadAction\",\"target\":[\"https:\/\/soclose.mx\/blog\/tag\/juan-rulfo-frases-mujeres\/\"]}]},{\"@type\":\"ImageObject\",\"inLanguage\":\"es\",\"@id\":\"https:\/\/soclose.mx\/blog\/tag\/juan-rulfo-frases-mujeres\/#primaryimage\",\"url\":\"https:\/\/i0.wp.com\/soclose.mx\/blog\/wp-content\/uploads\/2024\/01\/Tatiana-ortiz-Olimpiadas-1-3.jpg?fit=800%2C532&ssl=1\",\"contentUrl\":\"https:\/\/i0.wp.com\/soclose.mx\/blog\/wp-content\/uploads\/2024\/01\/Tatiana-ortiz-Olimpiadas-1-3.jpg?fit=800%2C532&ssl=1\",\"width\":800,\"height\":532},{\"@type\":\"BreadcrumbList\",\"@id\":\"https:\/\/soclose.mx\/blog\/tag\/juan-rulfo-frases-mujeres\/#breadcrumb\",\"itemListElement\":[{\"@type\":\"ListItem\",\"position\":1,\"name\":\"Inicio\",\"item\":\"https:\/\/soclose.mx\/blog\/\"},{\"@type\":\"ListItem\",\"position\":2,\"name\":\"De atleta ol\u00edmpico a pol\u00edtico mexicano: cinco casos de compromiso\"}]},{\"@type\":\"WebSite\",\"@id\":\"https:\/\/soclose.mx\/blog\/#website\",\"url\":\"https:\/\/soclose.mx\/blog\/\",\"name\":\"So Close\",\"description\":\"Hacemos contenidos de M\u00e9xico\",\"publisher\":{\"@id\":\"https:\/\/soclose.mx\/blog\/#organization\"},\"potentialAction\":[{\"@type\":\"SearchAction\",\"target\":{\"@type\":\"EntryPoint\",\"urlTemplate\":\"https:\/\/soclose.mx\/blog\/?s={search_term_string}\"},\"query-input\":{\"@type\":\"PropertyValueSpecification\",\"valueRequired\":true,\"valueName\":\"search_term_string\"}}],\"inLanguage\":\"es\"},{\"@type\":\"Organization\",\"@id\":\"https:\/\/soclose.mx\/blog\/#organization\",\"name\":\"So Close\",\"url\":\"https:\/\/soclose.mx\/blog\/\",\"logo\":{\"@type\":\"ImageObject\",\"inLanguage\":\"es\",\"@id\":\"https:\/\/soclose.mx\/blog\/#\/schema\/logo\/image\/\",\"url\":\"https:\/\/i0.wp.com\/soclose.mx\/blog\/wp-content\/uploads\/2020\/12\/LOGO_SOCLOSE_COLOR-e1608310133507.png?fit=2858%2C1264&ssl=1\",\"contentUrl\":\"https:\/\/i0.wp.com\/soclose.mx\/blog\/wp-content\/uploads\/2020\/12\/LOGO_SOCLOSE_COLOR-e1608310133507.png?fit=2858%2C1264&ssl=1\",\"width\":2858,\"height\":1264,\"caption\":\"So Close\"},\"image\":{\"@id\":\"https:\/\/soclose.mx\/blog\/#\/schema\/logo\/image\/\"}},{\"@type\":\"Person\",\"@id\":\"https:\/\/soclose.mx\/blog\/#\/schema\/person\/2f5b2fa33ca701af6ff6aad6fa0e2e30\",\"name\":\"Emmanuel Oviedo\",\"image\":{\"@type\":\"ImageObject\",\"inLanguage\":\"es\",\"@id\":\"https:\/\/soclose.mx\/blog\/#\/schema\/person\/image\/\",\"url\":\"https:\/\/secure.gravatar.com\/avatar\/914334c1a2cb2e261b83fa7990e5176305d5c7aa66c050c11f0b52b32a08c28f?s=96&d=mm&r=g\",\"contentUrl\":\"https:\/\/secure.gravatar.com\/avatar\/914334c1a2cb2e261b83fa7990e5176305d5c7aa66c050c11f0b52b32a08c28f?s=96&d=mm&r=g\",\"caption\":\"Emmanuel Oviedo\"},\"url\":\"https:\/\/soclose.mx\/blog\/author\/emmanuel-oviedo\/\"}]}<\/script>\n<!-- \/ Yoast SEO plugin. -->","yoast_head_json":{"title":"De atleta ol\u00edmpico a pol\u00edtico mexicano: cinco casos de compromiso - So Close","description":"Cinco atletas que cambiaron las medallas y la disciplina diaria por su participacion pol\u00edtica en nuestro pais.","robots":{"index":"index","follow":"follow","max-snippet":"max-snippet:-1","max-image-preview":"max-image-preview:large","max-video-preview":"max-video-preview:-1"},"canonical":"https:\/\/soclose.mx\/blog\/tag\/juan-rulfo-frases-mujeres\/","og_locale":"es_MX","og_type":"article","og_title":"De atleta ol\u00edmpico a pol\u00edtico mexicano: cinco casos de compromiso - So Close","og_description":"Cinco atletas que cambiaron las medallas y la disciplina diaria por su participacion pol\u00edtica en nuestro pais.","og_url":"https:\/\/soclose.mx\/blog\/tag\/juan-rulfo-frases-mujeres\/","og_site_name":"So Close","article_published_time":"2024-02-06T01:36:54+00:00","og_image":[{"width":800,"height":532,"url":"https:\/\/i0.wp.com\/soclose.mx\/blog\/wp-content\/uploads\/2024\/01\/Tatiana-ortiz-Olimpiadas-1-3.jpg?fit=800%2C532&ssl=1","type":"image\/jpeg"}],"author":"Emmanuel Oviedo","twitter_card":"summary_large_image","twitter_misc":{"Escrito por":"Emmanuel Oviedo","Tiempo de lectura":"4 minutos"},"schema":{"@context":"https:\/\/schema.org","@graph":[{"@type":"Article","@id":"https:\/\/soclose.mx\/blog\/tag\/juan-rulfo-frases-mujeres\/#article","isPartOf":{"@id":"https:\/\/soclose.mx\/blog\/tag\/juan-rulfo-frases-mujeres\/"},"author":{"name":"Emmanuel Oviedo","@id":"https:\/\/soclose.mx\/blog\/#\/schema\/person\/2f5b2fa33ca701af6ff6aad6fa0e2e30"},"headline":"De atleta ol\u00edmpico a pol\u00edtico mexicano: cinco casos de compromiso","datePublished":"2024-02-06T01:36:54+00:00","mainEntityOfPage":{"@id":"https:\/\/soclose.mx\/blog\/tag\/juan-rulfo-frases-mujeres\/"},"wordCount":646,"commentCount":0,"publisher":{"@id":"https:\/\/soclose.mx\/blog\/#organization"},"image":{"@id":"https:\/\/soclose.mx\/blog\/tag\/juan-rulfo-frases-mujeres\/#primaryimage"},"thumbnailUrl":"https:\/\/i0.wp.com\/soclose.mx\/blog\/wp-content\/uploads\/2024\/01\/Tatiana-ortiz-Olimpiadas-1-3.jpg?fit=800%2C532&ssl=1","keywords":["Ana Gabriela Guevara","atleta ol\u00edmpico","Cuauhtemoc Blanco","Fernando Platas","pol\u00edtico","Rommel Pacheco"],"articleSection":["Para todos"],"inLanguage":"es","potentialAction":[{"@type":"CommentAction","name":"Comment","target":["https:\/\/soclose.mx\/blog\/tag\/juan-rulfo-frases-mujeres\/#respond"]}]},{"@type":"WebPage","@id":"https:\/\/soclose.mx\/blog\/tag\/juan-rulfo-frases-mujeres\/","url":"https:\/\/soclose.mx\/blog\/tag\/juan-rulfo-frases-mujeres\/","name":"De atleta ol\u00edmpico a pol\u00edtico mexicano: cinco casos de compromiso - So Close","isPartOf":{"@id":"https:\/\/soclose.mx\/blog\/#website"},"primaryImageOfPage":{"@id":"https:\/\/soclose.mx\/blog\/tag\/juan-rulfo-frases-mujeres\/#primaryimage"},"image":{"@id":"https:\/\/soclose.mx\/blog\/tag\/juan-rulfo-frases-mujeres\/#primaryimage"},"thumbnailUrl":"https:\/\/i0.wp.com\/soclose.mx\/blog\/wp-content\/uploads\/2024\/01\/Tatiana-ortiz-Olimpiadas-1-3.jpg?fit=800%2C532&ssl=1","datePublished":"2024-02-06T01:36:54+00:00","description":"Cinco atletas que cambiaron las medallas y la disciplina diaria por su participacion pol\u00edtica en nuestro pais.","breadcrumb":{"@id":"https:\/\/soclose.mx\/blog\/tag\/juan-rulfo-frases-mujeres\/#breadcrumb"},"inLanguage":"es","potentialAction":[{"@type":"ReadAction","target":["https:\/\/soclose.mx\/blog\/tag\/juan-rulfo-frases-mujeres\/"]}]},{"@type":"ImageObject","inLanguage":"es","@id":"https:\/\/soclose.mx\/blog\/tag\/juan-rulfo-frases-mujeres\/#primaryimage","url":"https:\/\/i0.wp.com\/soclose.mx\/blog\/wp-content\/uploads\/2024\/01\/Tatiana-ortiz-Olimpiadas-1-3.jpg?fit=800%2C532&ssl=1","contentUrl":"https:\/\/i0.wp.com\/soclose.mx\/blog\/wp-content\/uploads\/2024\/01\/Tatiana-ortiz-Olimpiadas-1-3.jpg?fit=800%2C532&ssl=1","width":800,"height":532},{"@type":"BreadcrumbList","@id":"https:\/\/soclose.mx\/blog\/tag\/juan-rulfo-frases-mujeres\/#breadcrumb","itemListElement":[{"@type":"ListItem","position":1,"name":"Inicio","item":"https:\/\/soclose.mx\/blog\/"},{"@type":"ListItem","position":2,"name":"De atleta ol\u00edmpico a pol\u00edtico mexicano: cinco casos de compromiso"}]},{"@type":"WebSite","@id":"https:\/\/soclose.mx\/blog\/#website","url":"https:\/\/soclose.mx\/blog\/","name":"So Close","description":"Hacemos contenidos de M\u00e9xico","publisher":{"@id":"https:\/\/soclose.mx\/blog\/#organization"},"potentialAction":[{"@type":"SearchAction","target":{"@type":"EntryPoint","urlTemplate":"https:\/\/soclose.mx\/blog\/?s={search_term_string}"},"query-input":{"@type":"PropertyValueSpecification","valueRequired":true,"valueName":"search_term_string"}}],"inLanguage":"es"},{"@type":"Organization","@id":"https:\/\/soclose.mx\/blog\/#organization","name":"So Close","url":"https:\/\/soclose.mx\/blog\/","logo":{"@type":"ImageObject","inLanguage":"es","@id":"https:\/\/soclose.mx\/blog\/#\/schema\/logo\/image\/","url":"https:\/\/i0.wp.com\/soclose.mx\/blog\/wp-content\/uploads\/2020\/12\/LOGO_SOCLOSE_COLOR-e1608310133507.png?fit=2858%2C1264&ssl=1","contentUrl":"https:\/\/i0.wp.com\/soclose.mx\/blog\/wp-content\/uploads\/2020\/12\/LOGO_SOCLOSE_COLOR-e1608310133507.png?fit=2858%2C1264&ssl=1","width":2858,"height":1264,"caption":"So Close"},"image":{"@id":"https:\/\/soclose.mx\/blog\/#\/schema\/logo\/image\/"}},{"@type":"Person","@id":"https:\/\/soclose.mx\/blog\/#\/schema\/person\/2f5b2fa33ca701af6ff6aad6fa0e2e30","name":"Emmanuel Oviedo","image":{"@type":"ImageObject","inLanguage":"es","@id":"https:\/\/soclose.mx\/blog\/#\/schema\/person\/image\/","url":"https:\/\/secure.gravatar.com\/avatar\/914334c1a2cb2e261b83fa7990e5176305d5c7aa66c050c11f0b52b32a08c28f?s=96&d=mm&r=g","contentUrl":"https:\/\/secure.gravatar.com\/avatar\/914334c1a2cb2e261b83fa7990e5176305d5c7aa66c050c11f0b52b32a08c28f?s=96&d=mm&r=g","caption":"Emmanuel Oviedo"},"url":"https:\/\/soclose.mx\/blog\/author\/emmanuel-oviedo\/"}]}},"jetpack_featured_media_url":"https:\/\/i0.wp.com\/soclose.mx\/blog\/wp-content\/uploads\/2024\/01\/Tatiana-ortiz-Olimpiadas-1-3.jpg?fit=800%2C532&ssl=1","jetpack-related-posts":[{"id":13767,"url":"https:\/\/soclose.mx\/blog\/news-feed\/mexicanos-que-nos-representaran-en-los-juegos-olimpicos-paris-2024\/","url_meta":{"origin":13094,"position":0},"title":"Mexicanos que nos representar\u00e1n en los Juegos Ol\u00edmpicos Par\u00eds 2024","author":"So Close","date":"22 julio, 2024","format":false,"excerpt":"La llama ol\u00edmpica est\u00e1 a punto de encenderse en la Ciudad Luz, y la emoci\u00f3n por conocer a los mexicanos que nos representar\u00e1n en los Juegos Ol\u00edmpicos Par\u00eds 2024 crece con cada d\u00eda que pasa. M\u00e1s de 10 mil atletas de todo el mundo se preparan para competir en 306\u2026","rel":"","context":"En &quot;News feed&quot;","block_context":{"text":"News feed","link":"https:\/\/soclose.mx\/blog\/category\/news-feed\/"},"img":{"alt_text":"Atletas mexicanos en Juegos Ol\u00edmpicos Par\u00eds 2024","src":"https:\/\/i0.wp.com\/soclose.mx\/blog\/wp-content\/uploads\/2024\/07\/mexicanos-olimpicos-paris2024.jpg?fit=1148%2C786&ssl=1&resize=350%2C200","width":350,"height":200,"srcset":"https:\/\/i0.wp.com\/soclose.mx\/blog\/wp-content\/uploads\/2024\/07\/mexicanos-olimpicos-paris2024.jpg?fit=1148%2C786&ssl=1&resize=350%2C200 1x, https:\/\/i0.wp.com\/soclose.mx\/blog\/wp-content\/uploads\/2024\/07\/mexicanos-olimpicos-paris2024.jpg?fit=1148%2C786&ssl=1&resize=525%2C300 1.5x, https:\/\/i0.wp.com\/soclose.mx\/blog\/wp-content\/uploads\/2024\/07\/mexicanos-olimpicos-paris2024.jpg?fit=1148%2C786&ssl=1&resize=700%2C400 2x, https:\/\/i0.wp.com\/soclose.mx\/blog\/wp-content\/uploads\/2024\/07\/mexicanos-olimpicos-paris2024.jpg?fit=1148%2C786&ssl=1&resize=1050%2C600 3x"},"classes":[]},{"id":13870,"url":"https:\/\/soclose.mx\/blog\/seleccion-mexicana\/ma-jin-la-entrenadora-china-que-transformo-a-clavadistas-mexicanos\/","url_meta":{"origin":13094,"position":1},"title":"Ma Jin: la entrenadora china que transform\u00f3 a clavadistas mexicanos","author":"So Close","date":"5 agosto, 2024","format":false,"excerpt":"Ma Jin: la entrenadora china | una Leyenda Asi\u00e1tica en Aguas Mexicanas, quien transform\u00f3 a clavadistas mexicanos Ma Jin, una entrenadora china con una trayectoria excepcional, ha dejado una huella imborrable en el deporte mexicano, especialmente en los clavados. Su llegada a M\u00e9xico marc\u00f3 un antes y un despu\u00e9s en\u2026","rel":"","context":"En &quot;Selecci\u00f3n mexicana&quot;","block_context":{"text":"Selecci\u00f3n mexicana","link":"https:\/\/soclose.mx\/blog\/category\/seleccion-mexicana\/"},"img":{"alt_text":"Ma Jin: entrenadora china","src":"https:\/\/i0.wp.com\/soclose.mx\/blog\/wp-content\/uploads\/2024\/08\/WhatsApp_Image_2024-05-22_at_2.52.27_PM__4_.jpg?fit=1200%2C800&ssl=1&resize=350%2C200","width":350,"height":200,"srcset":"https:\/\/i0.wp.com\/soclose.mx\/blog\/wp-content\/uploads\/2024\/08\/WhatsApp_Image_2024-05-22_at_2.52.27_PM__4_.jpg?fit=1200%2C800&ssl=1&resize=350%2C200 1x, https:\/\/i0.wp.com\/soclose.mx\/blog\/wp-content\/uploads\/2024\/08\/WhatsApp_Image_2024-05-22_at_2.52.27_PM__4_.jpg?fit=1200%2C800&ssl=1&resize=525%2C300 1.5x, https:\/\/i0.wp.com\/soclose.mx\/blog\/wp-content\/uploads\/2024\/08\/WhatsApp_Image_2024-05-22_at_2.52.27_PM__4_.jpg?fit=1200%2C800&ssl=1&resize=700%2C400 2x, https:\/\/i0.wp.com\/soclose.mx\/blog\/wp-content\/uploads\/2024\/08\/WhatsApp_Image_2024-05-22_at_2.52.27_PM__4_.jpg?fit=1200%2C800&ssl=1&resize=1050%2C600 3x"},"classes":[]},{"id":6741,"url":"https:\/\/soclose.mx\/blog\/ay-goeeee\/rommel-pacheco-el-mexicano-preferido-para-los-muy-clavados\/","url_meta":{"origin":13094,"position":2},"title":"Rommel Pacheco, el mexicano preferido \u00a1para los muy clavados!","author":"Miguel Angel Romero","date":"3 agosto, 2021","format":false,"excerpt":"S\u00ed, a esta hora muchos sabemos que el yucateco tuvo una gran participaci\u00f3n en la final de los Clavados de 3 Metros Varonil de los Juegos Ol\u00edmpicos Tokio 2020 y aunque Rommel Pacheco ha brillado en varios torneos deportivos a lo largo del mundo, \u00e9sta fue la m\u00e1s simb\u00f3lica, hasta\u2026","rel":"","context":"En &quot;\u00a1Ay goeeee!&quot;","block_context":{"text":"\u00a1Ay goeeee!","link":"https:\/\/soclose.mx\/blog\/category\/ay-goeeee\/"},"img":{"alt_text":"Rommel Pacheco","src":"https:\/\/i0.wp.com\/soclose.mx\/blog\/wp-content\/uploads\/2021\/08\/Principal-So-Close-blog-1.png?fit=1200%2C677&ssl=1&resize=350%2C200","width":350,"height":200,"srcset":"https:\/\/i0.wp.com\/soclose.mx\/blog\/wp-content\/uploads\/2021\/08\/Principal-So-Close-blog-1.png?fit=1200%2C677&ssl=1&resize=350%2C200 1x, https:\/\/i0.wp.com\/soclose.mx\/blog\/wp-content\/uploads\/2021\/08\/Principal-So-Close-blog-1.png?fit=1200%2C677&ssl=1&resize=525%2C300 1.5x, https:\/\/i0.wp.com\/soclose.mx\/blog\/wp-content\/uploads\/2021\/08\/Principal-So-Close-blog-1.png?fit=1200%2C677&ssl=1&resize=700%2C400 2x, https:\/\/i0.wp.com\/soclose.mx\/blog\/wp-content\/uploads\/2021\/08\/Principal-So-Close-blog-1.png?fit=1200%2C677&ssl=1&resize=1050%2C600 3x"},"classes":[]},{"id":8127,"url":"https:\/\/soclose.mx\/blog\/news-feed\/top-5-deportistas-mexicanos-mas-populares-en-google-en-el-2021\/","url_meta":{"origin":13094,"position":3},"title":"Top 5: Deportistas mexicanos m\u00e1s buscados en Google en el 2021","author":"Miguel Angel Romero","date":"23 diciembre, 2021","format":false,"excerpt":"Despu\u00e9s de un 2020 en el que tuvimos que quedarnos en casa, este 2021 ha sido m\u00e1s que fruct\u00edfero para los mexicanos en materia deportiva, se retom\u00f3 la actividad a todo lo que da. Y en esta ocasi\u00f3n, te decimos los 6 deportistas mexicanos m\u00e1s buscados en Google durante el\u2026","rel":"","context":"En &quot;News feed&quot;","block_context":{"text":"News feed","link":"https:\/\/soclose.mx\/blog\/category\/news-feed\/"},"img":{"alt_text":"","src":"https:\/\/i0.wp.com\/soclose.mx\/blog\/wp-content\/uploads\/2021\/12\/Copia-de-Principal-So-Close-blog-13.png?fit=1200%2C677&ssl=1&resize=350%2C200","width":350,"height":200,"srcset":"https:\/\/i0.wp.com\/soclose.mx\/blog\/wp-content\/uploads\/2021\/12\/Copia-de-Principal-So-Close-blog-13.png?fit=1200%2C677&ssl=1&resize=350%2C200 1x, https:\/\/i0.wp.com\/soclose.mx\/blog\/wp-content\/uploads\/2021\/12\/Copia-de-Principal-So-Close-blog-13.png?fit=1200%2C677&ssl=1&resize=525%2C300 1.5x, https:\/\/i0.wp.com\/soclose.mx\/blog\/wp-content\/uploads\/2021\/12\/Copia-de-Principal-So-Close-blog-13.png?fit=1200%2C677&ssl=1&resize=700%2C400 2x, https:\/\/i0.wp.com\/soclose.mx\/blog\/wp-content\/uploads\/2021\/12\/Copia-de-Principal-So-Close-blog-13.png?fit=1200%2C677&ssl=1&resize=1050%2C600 3x"},"classes":[]},{"id":13830,"url":"https:\/\/soclose.mx\/blog\/seleccion-mexicana\/juegos-olimpicos-en-mexico-historia-de-un-viaje-a-traves-del-tiempo\/","url_meta":{"origin":13094,"position":4},"title":"Juegos Ol\u00edmpicos en M\u00e9xico: Historia de un viaje a Trav\u00e9s del Tiempo","author":"So Close","date":"25 julio, 2024","format":false,"excerpt":"Los Juegos Ol\u00edmpicos han sido testigos de momentos hist\u00f3ricos que han marcado a la humanidad, y M\u00e9xico no ha sido la excepci\u00f3n. Con una rica historia en la celebraci\u00f3n de estos juegos, nuestro pa\u00eds ha sido escenario de eventos deportivos que han dejado una huella en la historia ol\u00edmpica. En\u2026","rel":"","context":"En &quot;Selecci\u00f3n mexicana&quot;","block_context":{"text":"Selecci\u00f3n mexicana","link":"https:\/\/soclose.mx\/blog\/category\/seleccion-mexicana\/"},"img":{"alt_text":"Juegos ol\u00edmpicos M\u00e9xico 1968","src":"https:\/\/i0.wp.com\/soclose.mx\/blog\/wp-content\/uploads\/2024\/07\/juegos-olimpicos-mexico68.jpg?fit=1134%2C776&ssl=1&resize=350%2C200","width":350,"height":200,"srcset":"https:\/\/i0.wp.com\/soclose.mx\/blog\/wp-content\/uploads\/2024\/07\/juegos-olimpicos-mexico68.jpg?fit=1134%2C776&ssl=1&resize=350%2C200 1x, https:\/\/i0.wp.com\/soclose.mx\/blog\/wp-content\/uploads\/2024\/07\/juegos-olimpicos-mexico68.jpg?fit=1134%2C776&ssl=1&resize=525%2C300 1.5x, https:\/\/i0.wp.com\/soclose.mx\/blog\/wp-content\/uploads\/2024\/07\/juegos-olimpicos-mexico68.jpg?fit=1134%2C776&ssl=1&resize=700%2C400 2x, https:\/\/i0.wp.com\/soclose.mx\/blog\/wp-content\/uploads\/2024\/07\/juegos-olimpicos-mexico68.jpg?fit=1134%2C776&ssl=1&resize=1050%2C600 3x"},"classes":[]},{"id":6745,"url":"https:\/\/soclose.mx\/blog\/ay-goeeee\/famosos-orgullosamente-yucatecos\/","url_meta":{"origin":13094,"position":5},"title":"Famosos y orgullosamente yucatecos","author":"Miguel Angel Romero","date":"3 agosto, 2021","format":false,"excerpt":"Son famosos y tambi\u00e9n son orgullosamente yucatecos, hoy, recordamos algunas de las figuras que han hecho que esta gran regi\u00f3n mexicana se sienta honrada de ellos, en el futbol,\u00a0 en la nataci\u00f3n, y ni se diga en las artes, tanto en la actuaci\u00f3n como en la m\u00fasica. Y es que\u2026","rel":"","context":"En &quot;\u00a1Ay goeeee!&quot;","block_context":{"text":"\u00a1Ay goeeee!","link":"https:\/\/soclose.mx\/blog\/category\/ay-goeeee\/"},"img":{"alt_text":"","src":"https:\/\/i0.wp.com\/soclose.mx\/blog\/wp-content\/uploads\/2021\/08\/armando-manzanero.jpeg?fit=1200%2C798&ssl=1&resize=350%2C200","width":350,"height":200,"srcset":"https:\/\/i0.wp.com\/soclose.mx\/blog\/wp-content\/uploads\/2021\/08\/armando-manzanero.jpeg?fit=1200%2C798&ssl=1&resize=350%2C200 1x, https:\/\/i0.wp.com\/soclose.mx\/blog\/wp-content\/uploads\/2021\/08\/armando-manzanero.jpeg?fit=1200%2C798&ssl=1&resize=525%2C300 1.5x, https:\/\/i0.wp.com\/soclose.mx\/blog\/wp-content\/uploads\/2021\/08\/armando-manzanero.jpeg?fit=1200%2C798&ssl=1&resize=700%2C400 2x, https:\/\/i0.wp.com\/soclose.mx\/blog\/wp-content\/uploads\/2021\/08\/armando-manzanero.jpeg?fit=1200%2C798&ssl=1&resize=1050%2C600 3x"},"classes":[]}],"jetpack_sharing_enabled":true,"_links":{"self":[{"href":"https:\/\/soclose.mx\/blog\/wp-json\/wp\/v2\/posts\/13094","targetHints":{"allow":["GET"]}}],"collection":[{"href":"https:\/\/soclose.mx\/blog\/wp-json\/wp\/v2\/posts"}],"about":[{"href":"https:\/\/soclose.mx\/blog\/wp-json\/wp\/v2\/types\/post"}],"author":[{"embeddable":true,"href":"https:\/\/soclose.mx\/blog\/wp-json\/wp\/v2\/users\/12"}],"replies":[{"embeddable":true,"href":"https:\/\/soclose.mx\/blog\/wp-json\/wp\/v2\/comments?post=13094"}],"version-history":[{"count":10,"href":"https:\/\/soclose.mx\/blog\/wp-json\/wp\/v2\/posts\/13094\/revisions"}],"predecessor-version":[{"id":13258,"href":"https:\/\/soclose.mx\/blog\/wp-json\/wp\/v2\/posts\/13094\/revisions\/13258"}],"wp:featuredmedia":[{"embeddable":true,"href":"https:\/\/soclose.mx\/blog\/wp-json\/wp\/v2\/media\/13101"}],"wp:attachment":[{"href":"https:\/\/soclose.mx\/blog\/wp-json\/wp\/v2\/media?parent=13094"}],"wp:term":[{"taxonomy":"category","embeddable":true,"href":"https:\/\/soclose.mx\/blog\/wp-json\/wp\/v2\/categories?post=13094"},{"taxonomy":"post_tag","embeddable":true,"href":"https:\/\/soclose.mx\/blog\/wp-json\/wp\/v2\/tags?post=13094"}],"curies":[{"name":"wp","href":"https:\/\/api.w.org\/{rel}","templated":true}]}}