{"id":13204,"date":"2024-02-20T11:44:29","date_gmt":"2024-02-20T17:44:29","guid":{"rendered":"https:\/\/soclose.mx\/blog\/?p=13204"},"modified":"2024-02-20T11:44:29","modified_gmt":"2024-02-20T17:44:29","slug":"los-chismes-mas-memorables-de-politicos-mexicanos","status":"publish","type":"post","link":"https:\/\/soclose.mx\/blog\/a-la-mexicana\/los-chismes-mas-memorables-de-politicos-mexicanos\/","title":{"rendered":"Los chismes m\u00e1s memorables de pol\u00edticos mexicanos"},"content":{"rendered":"<p>De los chismes nadie salva, y m\u00e1s cuando se trata de figuras p\u00fablicas y representantes pol\u00edticos. Estar en el ojo del hurac\u00e1n conlleva un sacrificio, y estar bajo los ojos del paparrazi y de la far\u00e1ndula tiene un costo. En caso de los pol\u00edticos, en especial de nuestros presidentes de la Rep\u00fablica, todo el pa\u00eds est\u00e1 sobre ellos, en cualquier acci\u00f3n que hagan. Por ello, hoy toca rememorar los mayores chismes sobre los exmandatarios.<\/p>\n<h2><em>Decisiones dif\u00edciles,\u00a0<\/em>o el libro de chismes pde Felipe Calder\u00f3n<\/h2>\n<p>En el a\u00f1o 2020, en plena pandemia y todos en cuarentena, el expresidente Felipe Calder\u00f3n emerge hacia la escena p\u00fablica con un <strong>libro de confesiones pol\u00edticas<\/strong>, llamado <strong><em>Decisiones dif\u00edciles<\/em>.<\/strong> Pero, m\u00e1s que estrategias gubernamentales, podemos encontrar secretos y personajes ventilados entre sus p\u00e1ginas.<\/p>\n<p>Por ejemplo, repite las palabras que en alg\u00fan momento Vicente Fox le mencion\u00f3: &#8220;<strong>Fox me dijo que no deb\u00eda meterme con el narco<\/strong>\u201d. De igual manera, muestra la carta que le envi\u00f3 a <strong><a href=\"https:\/\/soclose.mx\/blog\/ay-goeeee\/magia-negra-presidentes-brujeria-politica\/\">Andres Manuel Lopez Obrador<\/a><\/strong>, opinando sobre su primer a\u00f1o de Presidencia: \u201c<strong>Con mucho respeto le sugiero, se\u00f1or Presidente: \u2018Revise bien la casa\u2019&#8221;<\/strong>. En este libro revela sus personales posturas sobre el crimen organizado en nuestro pa\u00eds.<\/p>\n<figure id=\"attachment_13209\" aria-describedby=\"caption-attachment-13209\" style=\"width: 800px\" class=\"wp-caption aligncenter\"><img data-recalc-dims=\"1\" fetchpriority=\"high\" decoding=\"async\" class=\"size-full wp-image-13209\" src=\"https:\/\/i0.wp.com\/soclose.mx\/blog\/wp-content\/uploads\/2024\/01\/Felipe-calderon-chismes.jpg?resize=800%2C518&#038;ssl=1\" alt=\"Felipe calder\u00f3n chismes\" width=\"800\" height=\"518\" srcset=\"https:\/\/i0.wp.com\/soclose.mx\/blog\/wp-content\/uploads\/2024\/01\/Felipe-calderon-chismes.jpg?w=800&amp;ssl=1 800w, https:\/\/i0.wp.com\/soclose.mx\/blog\/wp-content\/uploads\/2024\/01\/Felipe-calderon-chismes.jpg?resize=300%2C194&amp;ssl=1 300w, https:\/\/i0.wp.com\/soclose.mx\/blog\/wp-content\/uploads\/2024\/01\/Felipe-calderon-chismes.jpg?resize=768%2C497&amp;ssl=1 768w, https:\/\/i0.wp.com\/soclose.mx\/blog\/wp-content\/uploads\/2024\/01\/Felipe-calderon-chismes.jpg?resize=585%2C379&amp;ssl=1 585w\" sizes=\"(max-width: 800px) 100vw, 800px\" \/><figcaption id=\"caption-attachment-13209\" class=\"wp-caption-text\">Fuente: Flickr<\/figcaption><\/figure>\n<h2>Los chismes de la familia Salinas de Gortari<\/h2>\n<p>Es inevitable pensar en pol\u00e9micas pol\u00edticas y no considerar uno de los sexenios con m\u00e1s esc\u00e1ndalos: la Presidencia de Carlos Salinas de Gortari. Adem\u00e1s de los supuestos fraudes electorales en los inicios de su elecci\u00f3n, tambi\u00e9n se rumorea de un <strong><a href=\"https:\/\/heraldodemexico.com.mx\/espectaculos\/2022\/12\/2\/adela-noriega-la-verdad-sobre-el-supuesto-hijo-que-tuvo-con-carlos-salinas-462886.html\">presunto romance<\/a> <\/strong>que el ex mandatario tuvo con la actriz <strong>Adela Noriega<\/strong>. Aunque ella negar\u00e1 ella informaci\u00f3n, el chisme segu\u00eda presente.<\/p>\n<p style=\"text-align: left;\">Sin embargo, no es el \u00fanico chisme que rodea a su apellido, ya que tambi\u00e9n se cuenta del <strong><a href=\"https:\/\/lasillarota.com\/nacion\/2017\/10\/21\/los-escandalos-de-la-familia-salinas-de-gortari-143168.html\">asesinato de la sirvienta<\/a><\/strong> realizado accidentalmente por los tres peque\u00f1os hermanos Gortari. Ten\u00edan solamente cuatro y cinco a\u00f1os, <strong>cuando un rifle se dispar\u00f3<\/strong> en aquella ocasi\u00f3n. Aunque es una noticia que sali\u00f3 en las planas de los peri\u00f3dicos, es un acontecimiento que se mantiene en lo privado.<\/p>\n<figure id=\"attachment_13210\" aria-describedby=\"caption-attachment-13210\" style=\"width: 800px\" class=\"wp-caption aligncenter\"><img data-recalc-dims=\"1\" decoding=\"async\" class=\"size-full wp-image-13210\" src=\"https:\/\/i0.wp.com\/soclose.mx\/blog\/wp-content\/uploads\/2024\/02\/Gortari-chismes.jpg?resize=800%2C532&#038;ssl=1\" alt=\"Gortari chismes\" width=\"800\" height=\"532\" srcset=\"https:\/\/i0.wp.com\/soclose.mx\/blog\/wp-content\/uploads\/2024\/02\/Gortari-chismes.jpg?w=800&amp;ssl=1 800w, https:\/\/i0.wp.com\/soclose.mx\/blog\/wp-content\/uploads\/2024\/02\/Gortari-chismes.jpg?resize=300%2C200&amp;ssl=1 300w, https:\/\/i0.wp.com\/soclose.mx\/blog\/wp-content\/uploads\/2024\/02\/Gortari-chismes.jpg?resize=768%2C511&amp;ssl=1 768w, https:\/\/i0.wp.com\/soclose.mx\/blog\/wp-content\/uploads\/2024\/02\/Gortari-chismes.jpg?resize=585%2C389&amp;ssl=1 585w, https:\/\/i0.wp.com\/soclose.mx\/blog\/wp-content\/uploads\/2024\/02\/Gortari-chismes.jpg?resize=263%2C175&amp;ssl=1 263w\" sizes=\"(max-width: 800px) 100vw, 800px\" \/><figcaption id=\"caption-attachment-13210\" class=\"wp-caption-text\">Fuente: Flickr<\/figcaption><\/figure>\n<h2>El problema de Enrique Pe\u00f1a Nieto con las mujeres<\/h2>\n<p>Sabemos de antemano todas las pol\u00e9micas y disturbios que enfrent\u00f3 <strong><a href=\"https:\/\/soclose.mx\/blog\/a-la-mexicana\/primera-dama-esposas-politicos-mexico\/\">Enrique Pe\u00f1a Nieto<\/a> <\/strong>durante su sexenio. Sin embargo, el rumor que siempre estuvo presente a su alrededor era el tema de las mujeres. En el a\u00f1o 2019, por ejemplo, despu\u00e9s de su <strong>divorcio con Ang\u00e9lica Rivera,<\/strong> present\u00f3 a su nueva pareja, <strong>Tania Ruiz Eichelmann.<\/strong><\/p>\n<p>No obstante, esta no han sido sus \u00fanicas pol\u00e9micas. Mientras ocupaba la Presidencia y reconoc\u00eda ser un libro abierto para toda la naci\u00f3n, reconoci\u00f3 haber tenido <strong>dos hijos fuera de su matrimonio<\/strong>. En el a\u00f1o 2012 realiz\u00f3 est\u00e1 confesi\u00f3n, sucedida mientras estaba casado con <strong>M\u00f3nica Pretellini.<\/strong><\/p>\n<blockquote class=\"instagram-media\" data-instgrm-captioned data-instgrm-permalink=\"https:\/\/www.instagram.com\/p\/Bw-FHl8BCs_\/?utm_source=ig_embed&amp;utm_campaign=loading\" data-instgrm-version=\"14\" style=\" background:#FFF; border:0; border-radius:3px; box-shadow:0 0 1px 0 rgba(0,0,0,0.5),0 1px 10px 0 rgba(0,0,0,0.15); margin: 1px; max-width:658px; min-width:326px; padding:0; width:99.375%; width:-webkit-calc(100% - 2px); width:calc(100% - 2px);\">\n<div style=\"padding:16px;\"> <a href=\"https:\/\/www.instagram.com\/p\/Bw-FHl8BCs_\/?utm_source=ig_embed&amp;utm_campaign=loading\" style=\" background:#FFFFFF; line-height:0; padding:0 0; text-align:center; text-decoration:none; width:100%;\" target=\"_blank\"> <\/p>\n<div style=\" display: flex; flex-direction: row; align-items: center;\">\n<div style=\"background-color: #F4F4F4; border-radius: 50%; flex-grow: 0; height: 40px; margin-right: 14px; width: 40px;\"><\/div>\n<div style=\"display: flex; flex-direction: column; flex-grow: 1; justify-content: center;\">\n<div style=\" background-color: #F4F4F4; border-radius: 4px; flex-grow: 0; height: 14px; margin-bottom: 6px; width: 100px;\"><\/div>\n<div style=\" background-color: #F4F4F4; border-radius: 4px; flex-grow: 0; height: 14px; width: 60px;\"><\/div>\n<\/div>\n<\/div>\n<div style=\"padding: 19% 0;\"><\/div>\n<div style=\"display:block; height:50px; margin:0 auto 12px; width:50px;\"><svg width=\"50px\" height=\"50px\" viewBox=\"0 0 60 60\" version=\"1.1\" xmlns=\"https:\/\/www.w3.org\/2000\/svg\" xmlns:xlink=\"https:\/\/www.w3.org\/1999\/xlink\"><g stroke=\"none\" stroke-width=\"1\" fill=\"none\" fill-rule=\"evenodd\"><g transform=\"translate(-511.000000, -20.000000)\" fill=\"#000000\"><g><path d=\"M556.869,30.41 C554.814,30.41 553.148,32.076 553.148,34.131 C553.148,36.186 554.814,37.852 556.869,37.852 C558.924,37.852 560.59,36.186 560.59,34.131 C560.59,32.076 558.924,30.41 556.869,30.41 M541,60.657 C535.114,60.657 530.342,55.887 530.342,50 C530.342,44.114 535.114,39.342 541,39.342 C546.887,39.342 551.658,44.114 551.658,50 C551.658,55.887 546.887,60.657 541,60.657 M541,33.886 C532.1,33.886 524.886,41.1 524.886,50 C524.886,58.899 532.1,66.113 541,66.113 C549.9,66.113 557.115,58.899 557.115,50 C557.115,41.1 549.9,33.886 541,33.886 M565.378,62.101 C565.244,65.022 564.756,66.606 564.346,67.663 C563.803,69.06 563.154,70.057 562.106,71.106 C561.058,72.155 560.06,72.803 558.662,73.347 C557.607,73.757 556.021,74.244 553.102,74.378 C549.944,74.521 548.997,74.552 541,74.552 C533.003,74.552 532.056,74.521 528.898,74.378 C525.979,74.244 524.393,73.757 523.338,73.347 C521.94,72.803 520.942,72.155 519.894,71.106 C518.846,70.057 518.197,69.06 517.654,67.663 C517.244,66.606 516.755,65.022 516.623,62.101 C516.479,58.943 516.448,57.996 516.448,50 C516.448,42.003 516.479,41.056 516.623,37.899 C516.755,34.978 517.244,33.391 517.654,32.338 C518.197,30.938 518.846,29.942 519.894,28.894 C520.942,27.846 521.94,27.196 523.338,26.654 C524.393,26.244 525.979,25.756 528.898,25.623 C532.057,25.479 533.004,25.448 541,25.448 C548.997,25.448 549.943,25.479 553.102,25.623 C556.021,25.756 557.607,26.244 558.662,26.654 C560.06,27.196 561.058,27.846 562.106,28.894 C563.154,29.942 563.803,30.938 564.346,32.338 C564.756,33.391 565.244,34.978 565.378,37.899 C565.522,41.056 565.552,42.003 565.552,50 C565.552,57.996 565.522,58.943 565.378,62.101 M570.82,37.631 C570.674,34.438 570.167,32.258 569.425,30.349 C568.659,28.377 567.633,26.702 565.965,25.035 C564.297,23.368 562.623,22.342 560.652,21.575 C558.743,20.834 556.562,20.326 553.369,20.18 C550.169,20.033 549.148,20 541,20 C532.853,20 531.831,20.033 528.631,20.18 C525.438,20.326 523.257,20.834 521.349,21.575 C519.376,22.342 517.703,23.368 516.035,25.035 C514.368,26.702 513.342,28.377 512.574,30.349 C511.834,32.258 511.326,34.438 511.181,37.631 C511.035,40.831 511,41.851 511,50 C511,58.147 511.035,59.17 511.181,62.369 C511.326,65.562 511.834,67.743 512.574,69.651 C513.342,71.625 514.368,73.296 516.035,74.965 C517.703,76.634 519.376,77.658 521.349,78.425 C523.257,79.167 525.438,79.673 528.631,79.82 C531.831,79.965 532.853,80.001 541,80.001 C549.148,80.001 550.169,79.965 553.369,79.82 C556.562,79.673 558.743,79.167 560.652,78.425 C562.623,77.658 564.297,76.634 565.965,74.965 C567.633,73.296 568.659,71.625 569.425,69.651 C570.167,67.743 570.674,65.562 570.82,62.369 C570.966,59.17 571,58.147 571,50 C571,41.851 570.966,40.831 570.82,37.631\"><\/path><\/g><\/g><\/g><\/svg><\/div>\n<div style=\"padding-top: 8px;\">\n<div style=\" color:#3897f0; font-family:Arial,sans-serif; font-size:14px; font-style:normal; font-weight:550; line-height:18px;\">View this post on Instagram<\/div>\n<\/div>\n<div style=\"padding: 12.5% 0;\"><\/div>\n<div style=\"display: flex; flex-direction: row; margin-bottom: 14px; align-items: center;\">\n<div>\n<div style=\"background-color: #F4F4F4; border-radius: 50%; height: 12.5px; width: 12.5px; transform: translateX(0px) translateY(7px);\"><\/div>\n<div style=\"background-color: #F4F4F4; height: 12.5px; transform: rotate(-45deg) translateX(3px) translateY(1px); width: 12.5px; flex-grow: 0; margin-right: 14px; margin-left: 2px;\"><\/div>\n<div style=\"background-color: #F4F4F4; border-radius: 50%; height: 12.5px; width: 12.5px; transform: translateX(9px) translateY(-18px);\"><\/div>\n<\/div>\n<div style=\"margin-left: 8px;\">\n<div style=\" background-color: #F4F4F4; border-radius: 50%; flex-grow: 0; height: 20px; width: 20px;\"><\/div>\n<div style=\" width: 0; height: 0; border-top: 2px solid transparent; border-left: 6px solid #f4f4f4; border-bottom: 2px solid transparent; transform: translateX(16px) translateY(-4px) rotate(30deg)\"><\/div>\n<\/div>\n<div style=\"margin-left: auto;\">\n<div style=\" width: 0px; border-top: 8px solid #F4F4F4; border-right: 8px solid transparent; transform: translateY(16px);\"><\/div>\n<div style=\" background-color: #F4F4F4; flex-grow: 0; height: 12px; width: 16px; transform: translateY(-4px);\"><\/div>\n<div style=\" width: 0; height: 0; border-top: 8px solid #F4F4F4; border-left: 8px solid transparent; transform: translateY(-4px) translateX(8px);\"><\/div>\n<\/div>\n<\/div>\n<div style=\"display: flex; flex-direction: column; flex-grow: 1; justify-content: center; margin-bottom: 24px;\">\n<div style=\" background-color: #F4F4F4; border-radius: 4px; flex-grow: 0; height: 14px; margin-bottom: 6px; width: 224px;\"><\/div>\n<div style=\" background-color: #F4F4F4; border-radius: 4px; flex-grow: 0; height: 14px; width: 144px;\"><\/div>\n<\/div>\n<p><\/a><\/p>\n<p style=\" color:#c9c8cd; font-family:Arial,sans-serif; font-size:14px; line-height:17px; margin-bottom:0; margin-top:8px; overflow:hidden; padding:8px 0 7px; text-align:center; text-overflow:ellipsis; white-space:nowrap;\"><a href=\"https:\/\/www.instagram.com\/p\/Bw-FHl8BCs_\/?utm_source=ig_embed&amp;utm_campaign=loading\" style=\" color:#c9c8cd; font-family:Arial,sans-serif; font-size:14px; font-style:normal; font-weight:normal; line-height:17px; text-decoration:none;\" target=\"_blank\">A post shared by Enrique Pe\u00f1a Nieto (@epn)<\/a><\/p>\n<\/div>\n<\/blockquote>\n<p><script async src=\"\/\/platform.instagram.com\/en_US\/embeds.js\"><\/script><\/p>\n<h2>El famoso &#8220;toallagate&#8221; de Vicente Fox<\/h2>\n<p>Esto sucedi\u00f3 apenas en el primer a\u00f1o de la Presidencia de Vicente Fox, un supuesto caso de corrupci\u00f3n. Se rumora que el entonces presidente hab\u00eda gastado <strong>m\u00e1s de 9 millones de pesos<\/strong> para una &#8220;remodelaci\u00f3n&#8221; de Los Pinos, con los cuales adquiri\u00f3 unas 87 toallas con un costo individual de <strong>440 d\u00f3lares.<\/strong><\/p>\n<p>Adem\u00e1s de la indignaci\u00f3n de los mexicanos, el chisme no par\u00f3 ah\u00ed. Lo que sucedi\u00f3 despu\u00e9s es la <strong><a href=\"http:\/\/news.bbc.co.uk\/hi\/spanish\/latin_america\/newsid_1409000\/1409679.stm\">evasi\u00f3n de responsabilidad<\/a><\/strong> por parte de Fox, diciendo que se despedirla a los responsables. De esta manera fue despedido <strong>Carlos Rojas<\/strong>, coordinador de administraci\u00f3n de la Presidencia, adem\u00e1s m\u00e1s de <strong>la renuncia de orros funcionarios.<\/strong><\/p>\n<blockquote class=\"twitter-tweet\" data-width=\"550\" data-dnt=\"true\">\n<p lang=\"es\" dir=\"ltr\">&#8211; Un HILO De Memoria \u2013<\/p>\n<p>\u2018El Toallagate\u2019<\/p>\n<p>El sexenio de <a href=\"https:\/\/twitter.com\/VicenteFoxQue?ref_src=twsrc%5Etfw\">@VicenteFoxQue<\/a> estuvo salpicado de esc\u00e1ndalos, declaraciones desafortunadas y muchas promesas incumplidas, El primer tropez\u00f3n ocurri\u00f3 cuando apenas se cumpl\u00edan siete meses de su gobierno.<\/p>\n<p>(1\/14) <a href=\"https:\/\/t.co\/pQoyIH5mB0\">pic.twitter.com\/pQoyIH5mB0<\/a><\/p>\n<p>&mdash; DeMemoria (@DeMemoria) <a href=\"https:\/\/twitter.com\/DeMemoria\/status\/1141419773659688961?ref_src=twsrc%5Etfw\">June 19, 2019<\/a><\/p><\/blockquote>\n<p><script async src=\"https:\/\/platform.twitter.com\/widgets.js\" charset=\"utf-8\"><\/script><\/p>\n","protected":false},"excerpt":{"rendered":"<p>De los chismes nadie salva, y m\u00e1s cuando se trata de figuras p\u00fablicas y representantes pol\u00edticos. Estar en el ojo del hurac\u00e1n conlleva un sacrificio, y estar bajo los ojos del paparrazi y de la far\u00e1ndula tiene un costo. En caso de los pol\u00edticos, en especial de nuestros presidentes de la Rep\u00fablica, todo el pa\u00eds est\u00e1 sobre ellos, en cualquier acci\u00f3n que hagan. Por ello, hoy toca rememorar los mayores chismes sobre los exmandatarios. Decisiones dif\u00edciles,\u00a0o el libro de chismes pde Felipe Calder\u00f3n En el a\u00f1o 2020, en plena pandemia y todos en cuarentena, el expresidente Felipe Calder\u00f3n emerge hacia<\/p>\n","protected":false},"author":12,"featured_media":12328,"comment_status":"open","ping_status":"open","sticky":false,"template":"","format":"standard","meta":{"_jetpack_memberships_contains_paid_content":false,"footnotes":""},"categories":[1778],"tags":[3133,3131,3132,3134,3135],"class_list":["post-13204","post","type-post","status-publish","format-standard","has-post-thumbnail","hentry","category-a-la-mexicana","tag-calderon","tag-chismes","tag-politicos-mexicanos","tag-salinas-de-gortari","tag-vicente-fox"],"yoast_head":"<!-- This site is optimized with the Yoast SEO plugin v26.7 - https:\/\/yoast.com\/wordpress\/plugins\/seo\/ -->\n<title>Los chismes m\u00e1s memorables de pol\u00edticos mexicanos - So Close<\/title>\n<meta name=\"description\" content=\"Estar bajo los ojos de la far\u00e1ndula tiene un costo: los chismes. En caso de los pol\u00edticos, en especial de nuestros presidentes.\" \/>\n<meta name=\"robots\" content=\"index, follow, max-snippet:-1, max-image-preview:large, max-video-preview:-1\" \/>\n<link rel=\"canonical\" href=\"https:\/\/soclose.mx\/blog\/tag\/juan-rulfo-frases-mujeres\/\" \/>\n<meta property=\"og:locale\" content=\"es_MX\" \/>\n<meta property=\"og:type\" content=\"article\" \/>\n<meta property=\"og:title\" content=\"Los chismes m\u00e1s memorables de pol\u00edticos mexicanos - So Close\" \/>\n<meta property=\"og:description\" content=\"Estar bajo los ojos de la far\u00e1ndula tiene un costo: los chismes. En caso de los pol\u00edticos, en especial de nuestros presidentes.\" \/>\n<meta property=\"og:url\" content=\"https:\/\/soclose.mx\/blog\/tag\/juan-rulfo-frases-mujeres\/\" \/>\n<meta property=\"og:site_name\" content=\"So Close\" \/>\n<meta property=\"article:published_time\" content=\"2024-02-20T17:44:29+00:00\" \/>\n<meta property=\"og:image\" content=\"https:\/\/i0.wp.com\/soclose.mx\/blog\/wp-content\/uploads\/2023\/08\/15233257104_58763d213b_k.jpg?fit=2048%2C1365&ssl=1\" \/>\n\t<meta property=\"og:image:width\" content=\"2048\" \/>\n\t<meta property=\"og:image:height\" content=\"1365\" \/>\n\t<meta property=\"og:image:type\" content=\"image\/jpeg\" \/>\n<meta name=\"author\" content=\"Emmanuel Oviedo\" \/>\n<meta name=\"twitter:card\" content=\"summary_large_image\" \/>\n<meta name=\"twitter:label1\" content=\"Escrito por\" \/>\n\t<meta name=\"twitter:data1\" content=\"Emmanuel Oviedo\" \/>\n\t<meta name=\"twitter:label2\" content=\"Tiempo de lectura\" \/>\n\t<meta name=\"twitter:data2\" content=\"4 minutos\" \/>\n<script type=\"application\/ld+json\" class=\"yoast-schema-graph\">{\"@context\":\"https:\/\/schema.org\",\"@graph\":[{\"@type\":\"Article\",\"@id\":\"https:\/\/soclose.mx\/blog\/tag\/juan-rulfo-frases-mujeres\/#article\",\"isPartOf\":{\"@id\":\"https:\/\/soclose.mx\/blog\/tag\/juan-rulfo-frases-mujeres\/\"},\"author\":{\"name\":\"Emmanuel Oviedo\",\"@id\":\"https:\/\/soclose.mx\/blog\/#\/schema\/person\/2f5b2fa33ca701af6ff6aad6fa0e2e30\"},\"headline\":\"Los chismes m\u00e1s memorables de pol\u00edticos mexicanos\",\"datePublished\":\"2024-02-20T17:44:29+00:00\",\"mainEntityOfPage\":{\"@id\":\"https:\/\/soclose.mx\/blog\/tag\/juan-rulfo-frases-mujeres\/\"},\"wordCount\":654,\"commentCount\":0,\"publisher\":{\"@id\":\"https:\/\/soclose.mx\/blog\/#organization\"},\"image\":{\"@id\":\"https:\/\/soclose.mx\/blog\/tag\/juan-rulfo-frases-mujeres\/#primaryimage\"},\"thumbnailUrl\":\"https:\/\/i0.wp.com\/soclose.mx\/blog\/wp-content\/uploads\/2023\/08\/15233257104_58763d213b_k.jpg?fit=2048%2C1365&ssl=1\",\"keywords\":[\"calder\u00f3n\",\"chismes\",\"pol\u00edticos mexicanos\",\"salinas de gortari\",\"vicente fox\"],\"articleSection\":[\"A la mexicana\"],\"inLanguage\":\"es\",\"potentialAction\":[{\"@type\":\"CommentAction\",\"name\":\"Comment\",\"target\":[\"https:\/\/soclose.mx\/blog\/tag\/juan-rulfo-frases-mujeres\/#respond\"]}]},{\"@type\":\"WebPage\",\"@id\":\"https:\/\/soclose.mx\/blog\/tag\/juan-rulfo-frases-mujeres\/\",\"url\":\"https:\/\/soclose.mx\/blog\/tag\/juan-rulfo-frases-mujeres\/\",\"name\":\"Los chismes m\u00e1s memorables de pol\u00edticos mexicanos - So Close\",\"isPartOf\":{\"@id\":\"https:\/\/soclose.mx\/blog\/#website\"},\"primaryImageOfPage\":{\"@id\":\"https:\/\/soclose.mx\/blog\/tag\/juan-rulfo-frases-mujeres\/#primaryimage\"},\"image\":{\"@id\":\"https:\/\/soclose.mx\/blog\/tag\/juan-rulfo-frases-mujeres\/#primaryimage\"},\"thumbnailUrl\":\"https:\/\/i0.wp.com\/soclose.mx\/blog\/wp-content\/uploads\/2023\/08\/15233257104_58763d213b_k.jpg?fit=2048%2C1365&ssl=1\",\"datePublished\":\"2024-02-20T17:44:29+00:00\",\"description\":\"Estar bajo los ojos de la far\u00e1ndula tiene un costo: los chismes. En caso de los pol\u00edticos, en especial de nuestros presidentes.\",\"breadcrumb\":{\"@id\":\"https:\/\/soclose.mx\/blog\/tag\/juan-rulfo-frases-mujeres\/#breadcrumb\"},\"inLanguage\":\"es\",\"potentialAction\":[{\"@type\":\"ReadAction\",\"target\":[\"https:\/\/soclose.mx\/blog\/tag\/juan-rulfo-frases-mujeres\/\"]}]},{\"@type\":\"ImageObject\",\"inLanguage\":\"es\",\"@id\":\"https:\/\/soclose.mx\/blog\/tag\/juan-rulfo-frases-mujeres\/#primaryimage\",\"url\":\"https:\/\/i0.wp.com\/soclose.mx\/blog\/wp-content\/uploads\/2023\/08\/15233257104_58763d213b_k.jpg?fit=2048%2C1365&ssl=1\",\"contentUrl\":\"https:\/\/i0.wp.com\/soclose.mx\/blog\/wp-content\/uploads\/2023\/08\/15233257104_58763d213b_k.jpg?fit=2048%2C1365&ssl=1\",\"width\":2048,\"height\":1365},{\"@type\":\"BreadcrumbList\",\"@id\":\"https:\/\/soclose.mx\/blog\/tag\/juan-rulfo-frases-mujeres\/#breadcrumb\",\"itemListElement\":[{\"@type\":\"ListItem\",\"position\":1,\"name\":\"Inicio\",\"item\":\"https:\/\/soclose.mx\/blog\/\"},{\"@type\":\"ListItem\",\"position\":2,\"name\":\"Los chismes m\u00e1s memorables de pol\u00edticos mexicanos\"}]},{\"@type\":\"WebSite\",\"@id\":\"https:\/\/soclose.mx\/blog\/#website\",\"url\":\"https:\/\/soclose.mx\/blog\/\",\"name\":\"So Close\",\"description\":\"Hacemos contenidos de M\u00e9xico\",\"publisher\":{\"@id\":\"https:\/\/soclose.mx\/blog\/#organization\"},\"potentialAction\":[{\"@type\":\"SearchAction\",\"target\":{\"@type\":\"EntryPoint\",\"urlTemplate\":\"https:\/\/soclose.mx\/blog\/?s={search_term_string}\"},\"query-input\":{\"@type\":\"PropertyValueSpecification\",\"valueRequired\":true,\"valueName\":\"search_term_string\"}}],\"inLanguage\":\"es\"},{\"@type\":\"Organization\",\"@id\":\"https:\/\/soclose.mx\/blog\/#organization\",\"name\":\"So Close\",\"url\":\"https:\/\/soclose.mx\/blog\/\",\"logo\":{\"@type\":\"ImageObject\",\"inLanguage\":\"es\",\"@id\":\"https:\/\/soclose.mx\/blog\/#\/schema\/logo\/image\/\",\"url\":\"https:\/\/i0.wp.com\/soclose.mx\/blog\/wp-content\/uploads\/2020\/12\/LOGO_SOCLOSE_COLOR-e1608310133507.png?fit=2858%2C1264&ssl=1\",\"contentUrl\":\"https:\/\/i0.wp.com\/soclose.mx\/blog\/wp-content\/uploads\/2020\/12\/LOGO_SOCLOSE_COLOR-e1608310133507.png?fit=2858%2C1264&ssl=1\",\"width\":2858,\"height\":1264,\"caption\":\"So Close\"},\"image\":{\"@id\":\"https:\/\/soclose.mx\/blog\/#\/schema\/logo\/image\/\"}},{\"@type\":\"Person\",\"@id\":\"https:\/\/soclose.mx\/blog\/#\/schema\/person\/2f5b2fa33ca701af6ff6aad6fa0e2e30\",\"name\":\"Emmanuel Oviedo\",\"image\":{\"@type\":\"ImageObject\",\"inLanguage\":\"es\",\"@id\":\"https:\/\/soclose.mx\/blog\/#\/schema\/person\/image\/\",\"url\":\"https:\/\/secure.gravatar.com\/avatar\/914334c1a2cb2e261b83fa7990e5176305d5c7aa66c050c11f0b52b32a08c28f?s=96&d=mm&r=g\",\"contentUrl\":\"https:\/\/secure.gravatar.com\/avatar\/914334c1a2cb2e261b83fa7990e5176305d5c7aa66c050c11f0b52b32a08c28f?s=96&d=mm&r=g\",\"caption\":\"Emmanuel Oviedo\"},\"url\":\"https:\/\/soclose.mx\/blog\/author\/emmanuel-oviedo\/\"}]}<\/script>\n<!-- \/ Yoast SEO plugin. -->","yoast_head_json":{"title":"Los chismes m\u00e1s memorables de pol\u00edticos mexicanos - So Close","description":"Estar bajo los ojos de la far\u00e1ndula tiene un costo: los chismes. En caso de los pol\u00edticos, en especial de nuestros presidentes.","robots":{"index":"index","follow":"follow","max-snippet":"max-snippet:-1","max-image-preview":"max-image-preview:large","max-video-preview":"max-video-preview:-1"},"canonical":"https:\/\/soclose.mx\/blog\/tag\/juan-rulfo-frases-mujeres\/","og_locale":"es_MX","og_type":"article","og_title":"Los chismes m\u00e1s memorables de pol\u00edticos mexicanos - So Close","og_description":"Estar bajo los ojos de la far\u00e1ndula tiene un costo: los chismes. En caso de los pol\u00edticos, en especial de nuestros presidentes.","og_url":"https:\/\/soclose.mx\/blog\/tag\/juan-rulfo-frases-mujeres\/","og_site_name":"So Close","article_published_time":"2024-02-20T17:44:29+00:00","og_image":[{"width":2048,"height":1365,"url":"https:\/\/i0.wp.com\/soclose.mx\/blog\/wp-content\/uploads\/2023\/08\/15233257104_58763d213b_k.jpg?fit=2048%2C1365&ssl=1","type":"image\/jpeg"}],"author":"Emmanuel Oviedo","twitter_card":"summary_large_image","twitter_misc":{"Escrito por":"Emmanuel Oviedo","Tiempo de lectura":"4 minutos"},"schema":{"@context":"https:\/\/schema.org","@graph":[{"@type":"Article","@id":"https:\/\/soclose.mx\/blog\/tag\/juan-rulfo-frases-mujeres\/#article","isPartOf":{"@id":"https:\/\/soclose.mx\/blog\/tag\/juan-rulfo-frases-mujeres\/"},"author":{"name":"Emmanuel Oviedo","@id":"https:\/\/soclose.mx\/blog\/#\/schema\/person\/2f5b2fa33ca701af6ff6aad6fa0e2e30"},"headline":"Los chismes m\u00e1s memorables de pol\u00edticos mexicanos","datePublished":"2024-02-20T17:44:29+00:00","mainEntityOfPage":{"@id":"https:\/\/soclose.mx\/blog\/tag\/juan-rulfo-frases-mujeres\/"},"wordCount":654,"commentCount":0,"publisher":{"@id":"https:\/\/soclose.mx\/blog\/#organization"},"image":{"@id":"https:\/\/soclose.mx\/blog\/tag\/juan-rulfo-frases-mujeres\/#primaryimage"},"thumbnailUrl":"https:\/\/i0.wp.com\/soclose.mx\/blog\/wp-content\/uploads\/2023\/08\/15233257104_58763d213b_k.jpg?fit=2048%2C1365&ssl=1","keywords":["calder\u00f3n","chismes","pol\u00edticos mexicanos","salinas de gortari","vicente fox"],"articleSection":["A la mexicana"],"inLanguage":"es","potentialAction":[{"@type":"CommentAction","name":"Comment","target":["https:\/\/soclose.mx\/blog\/tag\/juan-rulfo-frases-mujeres\/#respond"]}]},{"@type":"WebPage","@id":"https:\/\/soclose.mx\/blog\/tag\/juan-rulfo-frases-mujeres\/","url":"https:\/\/soclose.mx\/blog\/tag\/juan-rulfo-frases-mujeres\/","name":"Los chismes m\u00e1s memorables de pol\u00edticos mexicanos - So Close","isPartOf":{"@id":"https:\/\/soclose.mx\/blog\/#website"},"primaryImageOfPage":{"@id":"https:\/\/soclose.mx\/blog\/tag\/juan-rulfo-frases-mujeres\/#primaryimage"},"image":{"@id":"https:\/\/soclose.mx\/blog\/tag\/juan-rulfo-frases-mujeres\/#primaryimage"},"thumbnailUrl":"https:\/\/i0.wp.com\/soclose.mx\/blog\/wp-content\/uploads\/2023\/08\/15233257104_58763d213b_k.jpg?fit=2048%2C1365&ssl=1","datePublished":"2024-02-20T17:44:29+00:00","description":"Estar bajo los ojos de la far\u00e1ndula tiene un costo: los chismes. En caso de los pol\u00edticos, en especial de nuestros presidentes.","breadcrumb":{"@id":"https:\/\/soclose.mx\/blog\/tag\/juan-rulfo-frases-mujeres\/#breadcrumb"},"inLanguage":"es","potentialAction":[{"@type":"ReadAction","target":["https:\/\/soclose.mx\/blog\/tag\/juan-rulfo-frases-mujeres\/"]}]},{"@type":"ImageObject","inLanguage":"es","@id":"https:\/\/soclose.mx\/blog\/tag\/juan-rulfo-frases-mujeres\/#primaryimage","url":"https:\/\/i0.wp.com\/soclose.mx\/blog\/wp-content\/uploads\/2023\/08\/15233257104_58763d213b_k.jpg?fit=2048%2C1365&ssl=1","contentUrl":"https:\/\/i0.wp.com\/soclose.mx\/blog\/wp-content\/uploads\/2023\/08\/15233257104_58763d213b_k.jpg?fit=2048%2C1365&ssl=1","width":2048,"height":1365},{"@type":"BreadcrumbList","@id":"https:\/\/soclose.mx\/blog\/tag\/juan-rulfo-frases-mujeres\/#breadcrumb","itemListElement":[{"@type":"ListItem","position":1,"name":"Inicio","item":"https:\/\/soclose.mx\/blog\/"},{"@type":"ListItem","position":2,"name":"Los chismes m\u00e1s memorables de pol\u00edticos mexicanos"}]},{"@type":"WebSite","@id":"https:\/\/soclose.mx\/blog\/#website","url":"https:\/\/soclose.mx\/blog\/","name":"So Close","description":"Hacemos contenidos de M\u00e9xico","publisher":{"@id":"https:\/\/soclose.mx\/blog\/#organization"},"potentialAction":[{"@type":"SearchAction","target":{"@type":"EntryPoint","urlTemplate":"https:\/\/soclose.mx\/blog\/?s={search_term_string}"},"query-input":{"@type":"PropertyValueSpecification","valueRequired":true,"valueName":"search_term_string"}}],"inLanguage":"es"},{"@type":"Organization","@id":"https:\/\/soclose.mx\/blog\/#organization","name":"So Close","url":"https:\/\/soclose.mx\/blog\/","logo":{"@type":"ImageObject","inLanguage":"es","@id":"https:\/\/soclose.mx\/blog\/#\/schema\/logo\/image\/","url":"https:\/\/i0.wp.com\/soclose.mx\/blog\/wp-content\/uploads\/2020\/12\/LOGO_SOCLOSE_COLOR-e1608310133507.png?fit=2858%2C1264&ssl=1","contentUrl":"https:\/\/i0.wp.com\/soclose.mx\/blog\/wp-content\/uploads\/2020\/12\/LOGO_SOCLOSE_COLOR-e1608310133507.png?fit=2858%2C1264&ssl=1","width":2858,"height":1264,"caption":"So Close"},"image":{"@id":"https:\/\/soclose.mx\/blog\/#\/schema\/logo\/image\/"}},{"@type":"Person","@id":"https:\/\/soclose.mx\/blog\/#\/schema\/person\/2f5b2fa33ca701af6ff6aad6fa0e2e30","name":"Emmanuel Oviedo","image":{"@type":"ImageObject","inLanguage":"es","@id":"https:\/\/soclose.mx\/blog\/#\/schema\/person\/image\/","url":"https:\/\/secure.gravatar.com\/avatar\/914334c1a2cb2e261b83fa7990e5176305d5c7aa66c050c11f0b52b32a08c28f?s=96&d=mm&r=g","contentUrl":"https:\/\/secure.gravatar.com\/avatar\/914334c1a2cb2e261b83fa7990e5176305d5c7aa66c050c11f0b52b32a08c28f?s=96&d=mm&r=g","caption":"Emmanuel Oviedo"},"url":"https:\/\/soclose.mx\/blog\/author\/emmanuel-oviedo\/"}]}},"jetpack_featured_media_url":"https:\/\/i0.wp.com\/soclose.mx\/blog\/wp-content\/uploads\/2023\/08\/15233257104_58763d213b_k.jpg?fit=2048%2C1365&ssl=1","jetpack-related-posts":[{"id":13192,"url":"https:\/\/soclose.mx\/blog\/a-la-mexicana\/asi-comenzo-que-es-el-chisme\/","url_meta":{"origin":13204,"position":0},"title":"As\u00ed comenz\u00f3: \u00bfqu\u00e9 es el chisme?","author":"Emmanuel Oviedo","date":"16 febrero, 2024","format":false,"excerpt":"Todo el mundo chismea, no lo podemos negar, y conviertimos los \u00faltimos acontecimientos del vecino y de la t\u00eda en una informaci\u00f3n transaccional. Y ahora es m\u00e1s f\u00e1cil, con mayor cobertura, s\u00f3lo un audio en WhatsApp, un vistazo a las historias de Instagram, las indirectas a la orden del d\u00eda,\u2026","rel":"","context":"En &quot;A la mexicana&quot;","block_context":{"text":"A la mexicana","link":"https:\/\/soclose.mx\/blog\/category\/a-la-mexicana\/"},"img":{"alt_text":"Chisme mexicanos","src":"https:\/\/i0.wp.com\/soclose.mx\/blog\/wp-content\/uploads\/2024\/01\/Chisme-mexicanos.jpg?fit=1200%2C800&ssl=1&resize=350%2C200","width":350,"height":200,"srcset":"https:\/\/i0.wp.com\/soclose.mx\/blog\/wp-content\/uploads\/2024\/01\/Chisme-mexicanos.jpg?fit=1200%2C800&ssl=1&resize=350%2C200 1x, https:\/\/i0.wp.com\/soclose.mx\/blog\/wp-content\/uploads\/2024\/01\/Chisme-mexicanos.jpg?fit=1200%2C800&ssl=1&resize=525%2C300 1.5x, https:\/\/i0.wp.com\/soclose.mx\/blog\/wp-content\/uploads\/2024\/01\/Chisme-mexicanos.jpg?fit=1200%2C800&ssl=1&resize=700%2C400 2x, https:\/\/i0.wp.com\/soclose.mx\/blog\/wp-content\/uploads\/2024\/01\/Chisme-mexicanos.jpg?fit=1200%2C800&ssl=1&resize=1050%2C600 3x"},"classes":[]},{"id":13214,"url":"https:\/\/soclose.mx\/blog\/a-la-mexicana\/los-programas-de-chismes-de-television-mas-populares-de-mexico\/","url_meta":{"origin":13204,"position":1},"title":"Los programas de chismes de televisi\u00f3n m\u00e1s populares de M\u00e9xico","author":"Emmanuel Oviedo","date":"23 febrero, 2024","format":false,"excerpt":"La televisi\u00f3n mexicana tambi\u00e9n cuenta con una gran tradici\u00f3n, tanto por sus programas como por los conductores que han destacado en esta labor. Ya sean deportes o espect\u00e1culos, M\u00e9xico cuenta con programas muy interesantes para nuestro entretenimiento. Por lo tanto, aqu\u00ed destacaremos los programas de chismes m\u00e1s populares y entrenados\u2026","rel":"","context":"En &quot;A la mexicana&quot;","block_context":{"text":"A la mexicana","link":"https:\/\/soclose.mx\/blog\/category\/a-la-mexicana\/"},"img":{"alt_text":"","src":"https:\/\/i0.wp.com\/soclose.mx\/blog\/wp-content\/uploads\/2024\/02\/Chismes-television.jpg?fit=800%2C600&ssl=1&resize=350%2C200","width":350,"height":200,"srcset":"https:\/\/i0.wp.com\/soclose.mx\/blog\/wp-content\/uploads\/2024\/02\/Chismes-television.jpg?fit=800%2C600&ssl=1&resize=350%2C200 1x, https:\/\/i0.wp.com\/soclose.mx\/blog\/wp-content\/uploads\/2024\/02\/Chismes-television.jpg?fit=800%2C600&ssl=1&resize=525%2C300 1.5x, https:\/\/i0.wp.com\/soclose.mx\/blog\/wp-content\/uploads\/2024\/02\/Chismes-television.jpg?fit=800%2C600&ssl=1&resize=700%2C400 2x"},"classes":[]},{"id":13636,"url":"https:\/\/soclose.mx\/blog\/el-chisme\/que-hacer-cuando-eres-victima-de-chismes\/","url_meta":{"origin":13204,"position":2},"title":"\u00bfQu\u00e9 hacer cuando eres v\u00edctima de chismes?","author":"So Close","date":"6 junio, 2024","format":false,"excerpt":"Ser v\u00edctima de chismes, de rumores falsos y habladur\u00edas mala onda pueden da\u00f1ar tu reputaci\u00f3n, afectar tus relaciones y generar un ambiente hostil en tu entorno, ya sea laboral, personal o acad\u00e9mico. \u00a1Ve duro y a la cabeza! con estos tips para no ser v\u00edctima de chismes Te dejamos estos\u2026","rel":"","context":"En &quot;A la mexicana&quot;","block_context":{"text":"A la mexicana","link":"https:\/\/soclose.mx\/blog\/category\/a-la-mexicana\/"},"img":{"alt_text":"Chisme en el trabajo","src":"https:\/\/i0.wp.com\/soclose.mx\/blog\/wp-content\/uploads\/2024\/06\/chisme-en-el-trabajo.jpg?fit=1200%2C675&ssl=1&resize=350%2C200","width":350,"height":200,"srcset":"https:\/\/i0.wp.com\/soclose.mx\/blog\/wp-content\/uploads\/2024\/06\/chisme-en-el-trabajo.jpg?fit=1200%2C675&ssl=1&resize=350%2C200 1x, https:\/\/i0.wp.com\/soclose.mx\/blog\/wp-content\/uploads\/2024\/06\/chisme-en-el-trabajo.jpg?fit=1200%2C675&ssl=1&resize=525%2C300 1.5x, https:\/\/i0.wp.com\/soclose.mx\/blog\/wp-content\/uploads\/2024\/06\/chisme-en-el-trabajo.jpg?fit=1200%2C675&ssl=1&resize=700%2C400 2x, https:\/\/i0.wp.com\/soclose.mx\/blog\/wp-content\/uploads\/2024\/06\/chisme-en-el-trabajo.jpg?fit=1200%2C675&ssl=1&resize=1050%2C600 3x"},"classes":[]},{"id":14487,"url":"https:\/\/soclose.mx\/blog\/el-chisme\/silvia-pinal-y-los-hombres-en-su-vida\/","url_meta":{"origin":13204,"position":3},"title":"Silvia Pinal y los hombres en su vida","author":"So Close","date":"29 noviembre, 2024","format":false,"excerpt":"Silvia Pinal, una de las actrices m\u00e1s emblem\u00e1ticas del cine mexicano, tuvo una vida amorosa llena de altibajos que ha captado la atenci\u00f3n del p\u00fablico a lo largo de los a\u00f1os. A continuaci\u00f3n, conocer\u00e1s a Silvia Pinal y los hombres en su vida; se presentan los detalles sobre sus parejas\u2026","rel":"","context":"En &quot;El Chisme&quot;","block_context":{"text":"El Chisme","link":"https:\/\/soclose.mx\/blog\/category\/el-chisme\/"},"img":{"alt_text":"Silvia Pinal","src":"https:\/\/i0.wp.com\/soclose.mx\/blog\/wp-content\/uploads\/2024\/11\/Solvia-Pinal.jpg?fit=1200%2C675&ssl=1&resize=350%2C200","width":350,"height":200,"srcset":"https:\/\/i0.wp.com\/soclose.mx\/blog\/wp-content\/uploads\/2024\/11\/Solvia-Pinal.jpg?fit=1200%2C675&ssl=1&resize=350%2C200 1x, https:\/\/i0.wp.com\/soclose.mx\/blog\/wp-content\/uploads\/2024\/11\/Solvia-Pinal.jpg?fit=1200%2C675&ssl=1&resize=525%2C300 1.5x, https:\/\/i0.wp.com\/soclose.mx\/blog\/wp-content\/uploads\/2024\/11\/Solvia-Pinal.jpg?fit=1200%2C675&ssl=1&resize=700%2C400 2x, https:\/\/i0.wp.com\/soclose.mx\/blog\/wp-content\/uploads\/2024\/11\/Solvia-Pinal.jpg?fit=1200%2C675&ssl=1&resize=1050%2C600 3x"},"classes":[]},{"id":14297,"url":"https:\/\/soclose.mx\/blog\/a-la-mexicana\/quien-era-el-kompayaso-y-por-que-se-llamaba-asi\/","url_meta":{"origin":13204,"position":4},"title":"\u00bfQui\u00e9n era el Kompayaso? \u00bfy por qu\u00e9 se llamaba as\u00ed?","author":"So Close","date":"18 octubre, 2024","format":false,"excerpt":"\u00bfQui\u00e9n era el Kompayaso?, cuyo nombre real es Eleazar del Valle, fue un ic\u00f3nico comediante mexicano que dej\u00f3 una huella significativa en el mundo del entretenimiento. Naci\u00f3 en Tulancingo, Hidalgo, y se destac\u00f3 por su estilo irreverente y su capacidad para conectar con el p\u00fablico a trav\u00e9s de la comedia.\u2026","rel":"","context":"En &quot;A la mexicana&quot;","block_context":{"text":"A la mexicana","link":"https:\/\/soclose.mx\/blog\/category\/a-la-mexicana\/"},"img":{"alt_text":"Comediante Kompa Yaso","src":"https:\/\/i0.wp.com\/soclose.mx\/blog\/wp-content\/uploads\/2024\/10\/Fotos-notas-So-Close-home-10.jpg?fit=1200%2C675&ssl=1&resize=350%2C200","width":350,"height":200,"srcset":"https:\/\/i0.wp.com\/soclose.mx\/blog\/wp-content\/uploads\/2024\/10\/Fotos-notas-So-Close-home-10.jpg?fit=1200%2C675&ssl=1&resize=350%2C200 1x, https:\/\/i0.wp.com\/soclose.mx\/blog\/wp-content\/uploads\/2024\/10\/Fotos-notas-So-Close-home-10.jpg?fit=1200%2C675&ssl=1&resize=525%2C300 1.5x, https:\/\/i0.wp.com\/soclose.mx\/blog\/wp-content\/uploads\/2024\/10\/Fotos-notas-So-Close-home-10.jpg?fit=1200%2C675&ssl=1&resize=700%2C400 2x, https:\/\/i0.wp.com\/soclose.mx\/blog\/wp-content\/uploads\/2024\/10\/Fotos-notas-So-Close-home-10.jpg?fit=1200%2C675&ssl=1&resize=1050%2C600 3x"},"classes":[]},{"id":14761,"url":"https:\/\/soclose.mx\/blog\/news-feed\/donde-ver-masterchef-celebrity-desde-mexico-y-estados-unidos\/","url_meta":{"origin":13204,"position":5},"title":"\u00bfD\u00f3nde ver MasterChef Celebrity: desde M\u00e9xico y Estados Unidos?\u00a0","author":"So Close","date":"25 marzo, 2025","format":false,"excerpt":"La esperada temporada 2025 de MasterChef Celebrity M\u00e9xico, bajo el t\u00edtulo \"Generaciones\", estrena el domingo 30 de marzo a las 20:00 horas (tiempo centro de M\u00e9xico) por Azteca UNO. Este formato innovador mezcla a celebridades de distintas \u00e9pocas, desde \u00edconos de la televisi\u00f3n cl\u00e1sica hasta influencers digitales, para generar una\u2026","rel":"","context":"En &quot;News feed&quot;","block_context":{"text":"News feed","link":"https:\/\/soclose.mx\/blog\/category\/news-feed\/"},"img":{"alt_text":"MasterChef generaciones","src":"https:\/\/i0.wp.com\/soclose.mx\/blog\/wp-content\/uploads\/2025\/03\/MasterChef-generaciones.jpg?fit=1200%2C675&ssl=1&resize=350%2C200","width":350,"height":200,"srcset":"https:\/\/i0.wp.com\/soclose.mx\/blog\/wp-content\/uploads\/2025\/03\/MasterChef-generaciones.jpg?fit=1200%2C675&ssl=1&resize=350%2C200 1x, https:\/\/i0.wp.com\/soclose.mx\/blog\/wp-content\/uploads\/2025\/03\/MasterChef-generaciones.jpg?fit=1200%2C675&ssl=1&resize=525%2C300 1.5x, https:\/\/i0.wp.com\/soclose.mx\/blog\/wp-content\/uploads\/2025\/03\/MasterChef-generaciones.jpg?fit=1200%2C675&ssl=1&resize=700%2C400 2x, https:\/\/i0.wp.com\/soclose.mx\/blog\/wp-content\/uploads\/2025\/03\/MasterChef-generaciones.jpg?fit=1200%2C675&ssl=1&resize=1050%2C600 3x"},"classes":[]}],"jetpack_sharing_enabled":true,"_links":{"self":[{"href":"https:\/\/soclose.mx\/blog\/wp-json\/wp\/v2\/posts\/13204","targetHints":{"allow":["GET"]}}],"collection":[{"href":"https:\/\/soclose.mx\/blog\/wp-json\/wp\/v2\/posts"}],"about":[{"href":"https:\/\/soclose.mx\/blog\/wp-json\/wp\/v2\/types\/post"}],"author":[{"embeddable":true,"href":"https:\/\/soclose.mx\/blog\/wp-json\/wp\/v2\/users\/12"}],"replies":[{"embeddable":true,"href":"https:\/\/soclose.mx\/blog\/wp-json\/wp\/v2\/comments?post=13204"}],"version-history":[{"count":2,"href":"https:\/\/soclose.mx\/blog\/wp-json\/wp\/v2\/posts\/13204\/revisions"}],"predecessor-version":[{"id":13270,"href":"https:\/\/soclose.mx\/blog\/wp-json\/wp\/v2\/posts\/13204\/revisions\/13270"}],"wp:featuredmedia":[{"embeddable":true,"href":"https:\/\/soclose.mx\/blog\/wp-json\/wp\/v2\/media\/12328"}],"wp:attachment":[{"href":"https:\/\/soclose.mx\/blog\/wp-json\/wp\/v2\/media?parent=13204"}],"wp:term":[{"taxonomy":"category","embeddable":true,"href":"https:\/\/soclose.mx\/blog\/wp-json\/wp\/v2\/categories?post=13204"},{"taxonomy":"post_tag","embeddable":true,"href":"https:\/\/soclose.mx\/blog\/wp-json\/wp\/v2\/tags?post=13204"}],"curies":[{"name":"wp","href":"https:\/\/api.w.org\/{rel}","templated":true}]}}