{"id":13718,"date":"2024-07-03T19:57:57","date_gmt":"2024-07-04T01:57:57","guid":{"rendered":"https:\/\/soclose.mx\/blog\/?p=13718"},"modified":"2024-07-03T19:57:57","modified_gmt":"2024-07-04T01:57:57","slug":"la-controversia-y-sorpresa-de-la-estatua-de-poseidon-en-yucatan","status":"publish","type":"post","link":"https:\/\/soclose.mx\/blog\/a-la-mexicana\/la-controversia-y-sorpresa-de-la-estatua-de-poseidon-en-yucatan\/","title":{"rendered":"La Controversia y Sorpresa de la Estatua de Poseid\u00f3n en Yucat\u00e1n"},"content":{"rendered":"<p class=\"p1\">En mayo de 2024, las playas de<strong> Progreso, Yucat\u00e1n<\/strong>, M\u00e9xico, se vistieron de controversia y sorpresa por la aparici\u00f3n de una <a href=\"https:\/\/maps.app.goo.gl\/vMbDwoTzLZPibTcs8\" target=\"_blank\" rel=\"noopener\">estatua de Poseid\u00f3n<\/a>, el dios griego del mar. Esta inesperada adici\u00f3n al paisaje costero no tard\u00f3 en generar revuelo, desatando tanto debate como una ola de memes virales.<\/p>\n<p class=\"p1\"><b>Un Origen Envuelto en Misterio<\/b><\/p>\n<p class=\"p1\">A diferencia de la mayor\u00eda de las atracciones tur\u00edsticas, la estatua de Poseid\u00f3n lleg\u00f3 sin previo aviso. Las autoridades locales permanecen en silencio sobre su instalaci\u00f3n, dejando a turistas y residentes especulando sobre su origen y prop\u00f3sito. Esto ha alimentado teor\u00edas que van desde la promoci\u00f3n tur\u00edstica hasta un simple error de identidad cultural.<\/p>\n<p class=\"p1\"><b>Choque Cultural: \u00bfPoseid\u00f3n o Chaac?<\/b><\/p>\n<p class=\"p1\">La controversia y sorpresa por la estatua de Poseid\u00f3n en <a href=\"https:\/\/soclose.mx\/blog\/lugares\/si-yucatan-fue-independiente-por-que-se-integro-a-mexico\/\" target=\"_blank\" rel=\"noopener\">Yucat\u00e1n<\/a> se centra en su choque con la herencia cultural de ese estado. La regi\u00f3n est\u00e1 profundamente arraigada a la cultura maya, con deidades como Chaac, el dios de la lluvia, ocupando un lugar central en su mitolog\u00eda. Muchos residentes ven la presencia de Poseid\u00f3n como una falta de respeto a su rico patrimonio y cuestionan la decisi\u00f3n de colocar una figura mitol\u00f3gica griega para representar las aguas yucatecas.<\/p>\n<p class=\"p1\"><b>De la Controversia al Humor: Nace un Meme<\/b><\/p>\n<p class=\"p1\">Sin embargo, la inesperada llegada de Poseid\u00f3n a <a href=\"https:\/\/soclose.mx\/blog\/lugares\/si-yucatan-fue-independiente-por-que-se-integro-a-mexico\/\" target=\"_blank\" rel=\"noopener\">Yucat\u00e1n<\/a> tambi\u00e9n ha dado lugar a un fen\u00f3meno divertido e inesperado: el nacimiento de un meme viral. La coincidencia de su aparici\u00f3n con el inicio de la temporada de lluvias llev\u00f3 a algunos lugare\u00f1os a culparlo en tono de broma por los aguaceros. Esto desencaden\u00f3 una ola de memes hilarantes en las redes sociales que imaginan a Poseid\u00f3n interactuando con los dioses mayas, disfrutando de la gastronom\u00eda local o incluso tomando un refresco en la playa.<\/p>\n<blockquote class=\"twitter-tweet\">\n<p dir=\"ltr\" lang=\"es\">Una nueva p\u00e1gina en la historia de M\u00e9xico. <a href=\"https:\/\/twitter.com\/hashtag\/poseidon?src=hash&amp;ref_src=twsrc%5Etfw\">#poseidon<\/a> <a href=\"https:\/\/twitter.com\/hashtag\/Yucat%C3%A1n?src=hash&amp;ref_src=twsrc%5Etfw\">#Yucat\u00e1n<\/a> <a href=\"https:\/\/twitter.com\/hashtag\/Chaac?src=hash&amp;ref_src=twsrc%5Etfw\">#Chaac<\/a> <a href=\"https:\/\/t.co\/8AetpiqeZi\">pic.twitter.com\/8AetpiqeZi<\/a><\/p>\n<p>\u2014 RO (@erreographics) <a href=\"https:\/\/twitter.com\/erreographics\/status\/1808582983470796892?ref_src=twsrc%5Etfw\">July 3, 2024<\/a><\/p><\/blockquote>\n<p><script async src=\"https:\/\/platform.twitter.com\/widgets.js\" charset=\"utf-8\"><\/script><\/p>\n<p class=\"p1\"><b>\u00bfAtractivo Tur\u00edstico o S\u00edmbolo de Desconexi\u00f3n?<\/b><\/p>\n<p class=\"p1\">A pesar de la controversia, la estatua se ha convertido en una atracci\u00f3n tur\u00edstica accidental. Visitantes curiosos acuden al malec\u00f3n para tomarse fotos con la imponente figura, y los vendedores locales han aprovechado el fen\u00f3meno de los memes para vender souvenirs con tem\u00e1tica de Poseid\u00f3n.<\/p>\n<p class=\"p1\"><b>Un Futuro Incierto para el Dios del Mar<\/b><\/p>\n<p class=\"p1\">El destino final de la estatua de Poseid\u00f3n sigue siendo incierto. Se desconoce si las autoridades tienen planes de mantenerla en su lugar actual, trasladarla o incluso retirarla por completo. Sin embargo, su presencia ha dejado una huella imborrable. Ha generado discusiones sobre la identidad cultural, la idoneidad del arte p\u00fablico y el poder de las redes sociales para transformar incluso los eventos m\u00e1s inesperados en fen\u00f3menos virales.<\/p>\n","protected":false},"excerpt":{"rendered":"<p>En mayo de 2024, las playas de Progreso, Yucat\u00e1n, M\u00e9xico, se vistieron de controversia y sorpresa por la aparici\u00f3n de una estatua de Poseid\u00f3n, el dios griego del mar. Esta inesperada adici\u00f3n al paisaje costero no tard\u00f3 en generar revuelo, desatando tanto debate como una ola de memes virales. Un Origen Envuelto en Misterio A diferencia de la mayor\u00eda de las atracciones tur\u00edsticas, la estatua de Poseid\u00f3n lleg\u00f3 sin previo aviso. Las autoridades locales permanecen en silencio sobre su instalaci\u00f3n, dejando a turistas y residentes especulando sobre su origen y prop\u00f3sito. Esto ha alimentado teor\u00edas que van desde la promoci\u00f3n<\/p>\n","protected":false},"author":1,"featured_media":13720,"comment_status":"open","ping_status":"open","sticky":false,"template":"","format":"standard","meta":{"_jetpack_memberships_contains_paid_content":false,"footnotes":""},"categories":[1778,3],"tags":[3234,3232,2133,3230,3235,3233,578,3231,343,66,633],"class_list":["post-13718","post","type-post","status-publish","format-standard","has-post-thumbnail","hentry","category-a-la-mexicana","category-lugares","tag-chaac","tag-controversia-cultural","tag-cultura-maya","tag-estatua-de-poseidon","tag-gastronomia-yucateca","tag-memes","tag-mexico","tag-progreso","tag-redes-sociales","tag-turismo","tag-yucatan"],"yoast_head":"<!-- This site is optimized with the Yoast SEO plugin v26.7 - https:\/\/yoast.com\/wordpress\/plugins\/seo\/ -->\n<title>La Controversia y Sorpresa de la Estatua de Poseid\u00f3n en Yucat\u00e1n - So Close<\/title>\n<meta name=\"description\" content=\"En mayo de 2024, las playas de Progreso, Yucat\u00e1n, M\u00e9xico, se vistieron de controversia y sorpresa por la aparici\u00f3n de una estatua de Poseid\u00f3n.\" \/>\n<meta name=\"robots\" content=\"index, follow, max-snippet:-1, max-image-preview:large, max-video-preview:-1\" \/>\n<link rel=\"canonical\" href=\"https:\/\/soclose.mx\/blog\/tag\/juan-rulfo-frases-mujeres\/\" \/>\n<meta property=\"og:locale\" content=\"es_MX\" \/>\n<meta property=\"og:type\" content=\"article\" \/>\n<meta property=\"og:title\" content=\"La Controversia y Sorpresa de la Estatua de Poseid\u00f3n en Yucat\u00e1n - So Close\" \/>\n<meta property=\"og:description\" content=\"En mayo de 2024, las playas de Progreso, Yucat\u00e1n, M\u00e9xico, se vistieron de controversia y sorpresa por la aparici\u00f3n de una estatua de Poseid\u00f3n.\" \/>\n<meta property=\"og:url\" content=\"https:\/\/soclose.mx\/blog\/tag\/juan-rulfo-frases-mujeres\/\" \/>\n<meta property=\"og:site_name\" content=\"So Close\" \/>\n<meta property=\"article:published_time\" content=\"2024-07-04T01:57:57+00:00\" \/>\n<meta property=\"og:image\" content=\"https:\/\/i0.wp.com\/soclose.mx\/blog\/wp-content\/uploads\/2024\/07\/Screen-Shot-2024-07-03-at-19.38.37.jpg?fit=658%2C560&ssl=1\" \/>\n\t<meta property=\"og:image:width\" content=\"658\" \/>\n\t<meta property=\"og:image:height\" content=\"560\" \/>\n\t<meta property=\"og:image:type\" content=\"image\/jpeg\" \/>\n<meta name=\"author\" content=\"So Close\" \/>\n<meta name=\"twitter:card\" content=\"summary_large_image\" \/>\n<meta name=\"twitter:label1\" content=\"Escrito por\" \/>\n\t<meta name=\"twitter:data1\" content=\"So Close\" \/>\n\t<meta name=\"twitter:label2\" content=\"Tiempo de lectura\" \/>\n\t<meta name=\"twitter:data2\" content=\"3 minutos\" \/>\n<script type=\"application\/ld+json\" class=\"yoast-schema-graph\">{\"@context\":\"https:\/\/schema.org\",\"@graph\":[{\"@type\":\"Article\",\"@id\":\"https:\/\/soclose.mx\/blog\/tag\/juan-rulfo-frases-mujeres\/#article\",\"isPartOf\":{\"@id\":\"https:\/\/soclose.mx\/blog\/tag\/juan-rulfo-frases-mujeres\/\"},\"author\":{\"name\":\"So Close\",\"@id\":\"https:\/\/soclose.mx\/blog\/#\/schema\/person\/723eb117ab965b55c3e56b5d29751667\"},\"headline\":\"La Controversia y Sorpresa de la Estatua de Poseid\u00f3n en Yucat\u00e1n\",\"datePublished\":\"2024-07-04T01:57:57+00:00\",\"mainEntityOfPage\":{\"@id\":\"https:\/\/soclose.mx\/blog\/tag\/juan-rulfo-frases-mujeres\/\"},\"wordCount\":486,\"commentCount\":0,\"publisher\":{\"@id\":\"https:\/\/soclose.mx\/blog\/#organization\"},\"image\":{\"@id\":\"https:\/\/soclose.mx\/blog\/tag\/juan-rulfo-frases-mujeres\/#primaryimage\"},\"thumbnailUrl\":\"https:\/\/i0.wp.com\/soclose.mx\/blog\/wp-content\/uploads\/2024\/07\/Screen-Shot-2024-07-03-at-19.38.37.jpg?fit=658%2C560&ssl=1\",\"keywords\":[\"Chaac\",\"controversia cultural\",\"cultura maya\",\"estatua de Poseid\u00f3n\",\"gastronom\u00eda yucateca\",\"memes\",\"mexico\",\"Progreso\",\"redes sociales\",\"turismo\",\"yucatan\"],\"articleSection\":[\"A la mexicana\",\"Lugares\"],\"inLanguage\":\"es\",\"potentialAction\":[{\"@type\":\"CommentAction\",\"name\":\"Comment\",\"target\":[\"https:\/\/soclose.mx\/blog\/tag\/juan-rulfo-frases-mujeres\/#respond\"]}]},{\"@type\":\"WebPage\",\"@id\":\"https:\/\/soclose.mx\/blog\/tag\/juan-rulfo-frases-mujeres\/\",\"url\":\"https:\/\/soclose.mx\/blog\/tag\/juan-rulfo-frases-mujeres\/\",\"name\":\"La Controversia y Sorpresa de la Estatua de Poseid\u00f3n en Yucat\u00e1n - So Close\",\"isPartOf\":{\"@id\":\"https:\/\/soclose.mx\/blog\/#website\"},\"primaryImageOfPage\":{\"@id\":\"https:\/\/soclose.mx\/blog\/tag\/juan-rulfo-frases-mujeres\/#primaryimage\"},\"image\":{\"@id\":\"https:\/\/soclose.mx\/blog\/tag\/juan-rulfo-frases-mujeres\/#primaryimage\"},\"thumbnailUrl\":\"https:\/\/i0.wp.com\/soclose.mx\/blog\/wp-content\/uploads\/2024\/07\/Screen-Shot-2024-07-03-at-19.38.37.jpg?fit=658%2C560&ssl=1\",\"datePublished\":\"2024-07-04T01:57:57+00:00\",\"description\":\"En mayo de 2024, las playas de Progreso, Yucat\u00e1n, M\u00e9xico, se vistieron de controversia y sorpresa por la aparici\u00f3n de una estatua de Poseid\u00f3n.\",\"breadcrumb\":{\"@id\":\"https:\/\/soclose.mx\/blog\/tag\/juan-rulfo-frases-mujeres\/#breadcrumb\"},\"inLanguage\":\"es\",\"potentialAction\":[{\"@type\":\"ReadAction\",\"target\":[\"https:\/\/soclose.mx\/blog\/tag\/juan-rulfo-frases-mujeres\/\"]}]},{\"@type\":\"ImageObject\",\"inLanguage\":\"es\",\"@id\":\"https:\/\/soclose.mx\/blog\/tag\/juan-rulfo-frases-mujeres\/#primaryimage\",\"url\":\"https:\/\/i0.wp.com\/soclose.mx\/blog\/wp-content\/uploads\/2024\/07\/Screen-Shot-2024-07-03-at-19.38.37.jpg?fit=658%2C560&ssl=1\",\"contentUrl\":\"https:\/\/i0.wp.com\/soclose.mx\/blog\/wp-content\/uploads\/2024\/07\/Screen-Shot-2024-07-03-at-19.38.37.jpg?fit=658%2C560&ssl=1\",\"width\":658,\"height\":560,\"caption\":\"Estatua de Poseid\u00f3n en Yucat\u00e1n\"},{\"@type\":\"BreadcrumbList\",\"@id\":\"https:\/\/soclose.mx\/blog\/tag\/juan-rulfo-frases-mujeres\/#breadcrumb\",\"itemListElement\":[{\"@type\":\"ListItem\",\"position\":1,\"name\":\"Inicio\",\"item\":\"https:\/\/soclose.mx\/blog\/\"},{\"@type\":\"ListItem\",\"position\":2,\"name\":\"La Controversia y Sorpresa de la Estatua de Poseid\u00f3n en Yucat\u00e1n\"}]},{\"@type\":\"WebSite\",\"@id\":\"https:\/\/soclose.mx\/blog\/#website\",\"url\":\"https:\/\/soclose.mx\/blog\/\",\"name\":\"So Close\",\"description\":\"Hacemos contenidos de M\u00e9xico\",\"publisher\":{\"@id\":\"https:\/\/soclose.mx\/blog\/#organization\"},\"potentialAction\":[{\"@type\":\"SearchAction\",\"target\":{\"@type\":\"EntryPoint\",\"urlTemplate\":\"https:\/\/soclose.mx\/blog\/?s={search_term_string}\"},\"query-input\":{\"@type\":\"PropertyValueSpecification\",\"valueRequired\":true,\"valueName\":\"search_term_string\"}}],\"inLanguage\":\"es\"},{\"@type\":\"Organization\",\"@id\":\"https:\/\/soclose.mx\/blog\/#organization\",\"name\":\"So Close\",\"url\":\"https:\/\/soclose.mx\/blog\/\",\"logo\":{\"@type\":\"ImageObject\",\"inLanguage\":\"es\",\"@id\":\"https:\/\/soclose.mx\/blog\/#\/schema\/logo\/image\/\",\"url\":\"https:\/\/i0.wp.com\/soclose.mx\/blog\/wp-content\/uploads\/2020\/12\/LOGO_SOCLOSE_COLOR-e1608310133507.png?fit=2858%2C1264&ssl=1\",\"contentUrl\":\"https:\/\/i0.wp.com\/soclose.mx\/blog\/wp-content\/uploads\/2020\/12\/LOGO_SOCLOSE_COLOR-e1608310133507.png?fit=2858%2C1264&ssl=1\",\"width\":2858,\"height\":1264,\"caption\":\"So Close\"},\"image\":{\"@id\":\"https:\/\/soclose.mx\/blog\/#\/schema\/logo\/image\/\"}},{\"@type\":\"Person\",\"@id\":\"https:\/\/soclose.mx\/blog\/#\/schema\/person\/723eb117ab965b55c3e56b5d29751667\",\"name\":\"So Close\",\"image\":{\"@type\":\"ImageObject\",\"inLanguage\":\"es\",\"@id\":\"https:\/\/soclose.mx\/blog\/#\/schema\/person\/image\/\",\"url\":\"https:\/\/secure.gravatar.com\/avatar\/5a1d1d694eaf6d2c28f450f0984cbb34821b92dc49c1d088c0250fbc6a48efec?s=96&d=mm&r=g\",\"contentUrl\":\"https:\/\/secure.gravatar.com\/avatar\/5a1d1d694eaf6d2c28f450f0984cbb34821b92dc49c1d088c0250fbc6a48efec?s=96&d=mm&r=g\",\"caption\":\"So Close\"},\"sameAs\":[\"http:\/\/www.soclose.mx\",\"https:\/\/www.youtube.com\/@soclosemx\"],\"url\":\"https:\/\/soclose.mx\/blog\/author\/admin\/\"}]}<\/script>\n<!-- \/ Yoast SEO plugin. -->","yoast_head_json":{"title":"La Controversia y Sorpresa de la Estatua de Poseid\u00f3n en Yucat\u00e1n - So Close","description":"En mayo de 2024, las playas de Progreso, Yucat\u00e1n, M\u00e9xico, se vistieron de controversia y sorpresa por la aparici\u00f3n de una estatua de Poseid\u00f3n.","robots":{"index":"index","follow":"follow","max-snippet":"max-snippet:-1","max-image-preview":"max-image-preview:large","max-video-preview":"max-video-preview:-1"},"canonical":"https:\/\/soclose.mx\/blog\/tag\/juan-rulfo-frases-mujeres\/","og_locale":"es_MX","og_type":"article","og_title":"La Controversia y Sorpresa de la Estatua de Poseid\u00f3n en Yucat\u00e1n - So Close","og_description":"En mayo de 2024, las playas de Progreso, Yucat\u00e1n, M\u00e9xico, se vistieron de controversia y sorpresa por la aparici\u00f3n de una estatua de Poseid\u00f3n.","og_url":"https:\/\/soclose.mx\/blog\/tag\/juan-rulfo-frases-mujeres\/","og_site_name":"So Close","article_published_time":"2024-07-04T01:57:57+00:00","og_image":[{"width":658,"height":560,"url":"https:\/\/i0.wp.com\/soclose.mx\/blog\/wp-content\/uploads\/2024\/07\/Screen-Shot-2024-07-03-at-19.38.37.jpg?fit=658%2C560&ssl=1","type":"image\/jpeg"}],"author":"So Close","twitter_card":"summary_large_image","twitter_misc":{"Escrito por":"So Close","Tiempo de lectura":"3 minutos"},"schema":{"@context":"https:\/\/schema.org","@graph":[{"@type":"Article","@id":"https:\/\/soclose.mx\/blog\/tag\/juan-rulfo-frases-mujeres\/#article","isPartOf":{"@id":"https:\/\/soclose.mx\/blog\/tag\/juan-rulfo-frases-mujeres\/"},"author":{"name":"So Close","@id":"https:\/\/soclose.mx\/blog\/#\/schema\/person\/723eb117ab965b55c3e56b5d29751667"},"headline":"La Controversia y Sorpresa de la Estatua de Poseid\u00f3n en Yucat\u00e1n","datePublished":"2024-07-04T01:57:57+00:00","mainEntityOfPage":{"@id":"https:\/\/soclose.mx\/blog\/tag\/juan-rulfo-frases-mujeres\/"},"wordCount":486,"commentCount":0,"publisher":{"@id":"https:\/\/soclose.mx\/blog\/#organization"},"image":{"@id":"https:\/\/soclose.mx\/blog\/tag\/juan-rulfo-frases-mujeres\/#primaryimage"},"thumbnailUrl":"https:\/\/i0.wp.com\/soclose.mx\/blog\/wp-content\/uploads\/2024\/07\/Screen-Shot-2024-07-03-at-19.38.37.jpg?fit=658%2C560&ssl=1","keywords":["Chaac","controversia cultural","cultura maya","estatua de Poseid\u00f3n","gastronom\u00eda yucateca","memes","mexico","Progreso","redes sociales","turismo","yucatan"],"articleSection":["A la mexicana","Lugares"],"inLanguage":"es","potentialAction":[{"@type":"CommentAction","name":"Comment","target":["https:\/\/soclose.mx\/blog\/tag\/juan-rulfo-frases-mujeres\/#respond"]}]},{"@type":"WebPage","@id":"https:\/\/soclose.mx\/blog\/tag\/juan-rulfo-frases-mujeres\/","url":"https:\/\/soclose.mx\/blog\/tag\/juan-rulfo-frases-mujeres\/","name":"La Controversia y Sorpresa de la Estatua de Poseid\u00f3n en Yucat\u00e1n - So Close","isPartOf":{"@id":"https:\/\/soclose.mx\/blog\/#website"},"primaryImageOfPage":{"@id":"https:\/\/soclose.mx\/blog\/tag\/juan-rulfo-frases-mujeres\/#primaryimage"},"image":{"@id":"https:\/\/soclose.mx\/blog\/tag\/juan-rulfo-frases-mujeres\/#primaryimage"},"thumbnailUrl":"https:\/\/i0.wp.com\/soclose.mx\/blog\/wp-content\/uploads\/2024\/07\/Screen-Shot-2024-07-03-at-19.38.37.jpg?fit=658%2C560&ssl=1","datePublished":"2024-07-04T01:57:57+00:00","description":"En mayo de 2024, las playas de Progreso, Yucat\u00e1n, M\u00e9xico, se vistieron de controversia y sorpresa por la aparici\u00f3n de una estatua de Poseid\u00f3n.","breadcrumb":{"@id":"https:\/\/soclose.mx\/blog\/tag\/juan-rulfo-frases-mujeres\/#breadcrumb"},"inLanguage":"es","potentialAction":[{"@type":"ReadAction","target":["https:\/\/soclose.mx\/blog\/tag\/juan-rulfo-frases-mujeres\/"]}]},{"@type":"ImageObject","inLanguage":"es","@id":"https:\/\/soclose.mx\/blog\/tag\/juan-rulfo-frases-mujeres\/#primaryimage","url":"https:\/\/i0.wp.com\/soclose.mx\/blog\/wp-content\/uploads\/2024\/07\/Screen-Shot-2024-07-03-at-19.38.37.jpg?fit=658%2C560&ssl=1","contentUrl":"https:\/\/i0.wp.com\/soclose.mx\/blog\/wp-content\/uploads\/2024\/07\/Screen-Shot-2024-07-03-at-19.38.37.jpg?fit=658%2C560&ssl=1","width":658,"height":560,"caption":"Estatua de Poseid\u00f3n en Yucat\u00e1n"},{"@type":"BreadcrumbList","@id":"https:\/\/soclose.mx\/blog\/tag\/juan-rulfo-frases-mujeres\/#breadcrumb","itemListElement":[{"@type":"ListItem","position":1,"name":"Inicio","item":"https:\/\/soclose.mx\/blog\/"},{"@type":"ListItem","position":2,"name":"La Controversia y Sorpresa de la Estatua de Poseid\u00f3n en Yucat\u00e1n"}]},{"@type":"WebSite","@id":"https:\/\/soclose.mx\/blog\/#website","url":"https:\/\/soclose.mx\/blog\/","name":"So Close","description":"Hacemos contenidos de M\u00e9xico","publisher":{"@id":"https:\/\/soclose.mx\/blog\/#organization"},"potentialAction":[{"@type":"SearchAction","target":{"@type":"EntryPoint","urlTemplate":"https:\/\/soclose.mx\/blog\/?s={search_term_string}"},"query-input":{"@type":"PropertyValueSpecification","valueRequired":true,"valueName":"search_term_string"}}],"inLanguage":"es"},{"@type":"Organization","@id":"https:\/\/soclose.mx\/blog\/#organization","name":"So Close","url":"https:\/\/soclose.mx\/blog\/","logo":{"@type":"ImageObject","inLanguage":"es","@id":"https:\/\/soclose.mx\/blog\/#\/schema\/logo\/image\/","url":"https:\/\/i0.wp.com\/soclose.mx\/blog\/wp-content\/uploads\/2020\/12\/LOGO_SOCLOSE_COLOR-e1608310133507.png?fit=2858%2C1264&ssl=1","contentUrl":"https:\/\/i0.wp.com\/soclose.mx\/blog\/wp-content\/uploads\/2020\/12\/LOGO_SOCLOSE_COLOR-e1608310133507.png?fit=2858%2C1264&ssl=1","width":2858,"height":1264,"caption":"So Close"},"image":{"@id":"https:\/\/soclose.mx\/blog\/#\/schema\/logo\/image\/"}},{"@type":"Person","@id":"https:\/\/soclose.mx\/blog\/#\/schema\/person\/723eb117ab965b55c3e56b5d29751667","name":"So Close","image":{"@type":"ImageObject","inLanguage":"es","@id":"https:\/\/soclose.mx\/blog\/#\/schema\/person\/image\/","url":"https:\/\/secure.gravatar.com\/avatar\/5a1d1d694eaf6d2c28f450f0984cbb34821b92dc49c1d088c0250fbc6a48efec?s=96&d=mm&r=g","contentUrl":"https:\/\/secure.gravatar.com\/avatar\/5a1d1d694eaf6d2c28f450f0984cbb34821b92dc49c1d088c0250fbc6a48efec?s=96&d=mm&r=g","caption":"So Close"},"sameAs":["http:\/\/www.soclose.mx","https:\/\/www.youtube.com\/@soclosemx"],"url":"https:\/\/soclose.mx\/blog\/author\/admin\/"}]}},"jetpack_featured_media_url":"https:\/\/i0.wp.com\/soclose.mx\/blog\/wp-content\/uploads\/2024\/07\/Screen-Shot-2024-07-03-at-19.38.37.jpg?fit=658%2C560&ssl=1","jetpack-related-posts":[{"id":5635,"url":"https:\/\/soclose.mx\/blog\/news-feed\/paises-del-mundo-maya-le-muestran-al-planeta-lo-que-tienen\/","url_meta":{"origin":13718,"position":0},"title":"Pa\u00edses del Mundo Maya le muestran al planeta lo que tienen","author":"So Close","date":"14 enero, 2021","format":false,"excerpt":"Bajo un formato digital, los pa\u00edses que conforman la Organizaci\u00f3n del Mundo Maya expondr\u00e1n su oferta tur\u00edstica al mundo en b\u00fasqueda de oportunidades de negocios. M\u00e9rida, Yucat\u00e1n a 14 de enero de 2021.- Se realiz\u00f3 la primera rueda de negocios virtual, con la expectativa de generar nuevas oportunidades y afianzar\u2026","rel":"","context":"En &quot;News feed&quot;","block_context":{"text":"News feed","link":"https:\/\/soclose.mx\/blog\/category\/news-feed\/"},"img":{"alt_text":"","src":"https:\/\/i0.wp.com\/soclose.mx\/blog\/wp-content\/uploads\/2021\/01\/chichen-itza.jpg?fit=1200%2C790&ssl=1&resize=350%2C200","width":350,"height":200,"srcset":"https:\/\/i0.wp.com\/soclose.mx\/blog\/wp-content\/uploads\/2021\/01\/chichen-itza.jpg?fit=1200%2C790&ssl=1&resize=350%2C200 1x, https:\/\/i0.wp.com\/soclose.mx\/blog\/wp-content\/uploads\/2021\/01\/chichen-itza.jpg?fit=1200%2C790&ssl=1&resize=525%2C300 1.5x, https:\/\/i0.wp.com\/soclose.mx\/blog\/wp-content\/uploads\/2021\/01\/chichen-itza.jpg?fit=1200%2C790&ssl=1&resize=700%2C400 2x, https:\/\/i0.wp.com\/soclose.mx\/blog\/wp-content\/uploads\/2021\/01\/chichen-itza.jpg?fit=1200%2C790&ssl=1&resize=1050%2C600 3x"},"classes":[]},{"id":9045,"url":"https:\/\/soclose.mx\/blog\/news-feed\/lengua-maya-se-vuelve-patrimonio-cultural-intangible-de-yucatan\/","url_meta":{"origin":13718,"position":1},"title":"Lengua maya se vuelve Patrimonio Cultural Intangible de Yucat\u00e1n","author":"Miguel Angel Romero","date":"22 febrero, 2022","format":false,"excerpt":"La\u00a0lengua maya\u00a0o\u00a0Maayat\u2019aan\u00a0se convirti\u00f3, tras una declaratoria del Congreso local, en\u00a0Patrimonio Cultural Intangible\u00a0de\u00a0Yucat\u00e1n, estado del sureste mexicano que preserva tesoros\u00a0precolombinos\u00a0y ciudades de la\u00a0civilizaci\u00f3n mesoamericana. El decreto fue aprobado en el marco del D\u00eda Internacional de la Lengua Materna, el 21 de febrero. La medida declara lengua maya a todas las expresiones,\u2026","rel":"","context":"En &quot;News feed&quot;","block_context":{"text":"News feed","link":"https:\/\/soclose.mx\/blog\/category\/news-feed\/"},"img":{"alt_text":"","src":"https:\/\/i0.wp.com\/soclose.mx\/blog\/wp-content\/uploads\/2022\/02\/Copia-de-Principal-So-Close-blog-2-5.png?fit=1200%2C677&ssl=1&resize=350%2C200","width":350,"height":200,"srcset":"https:\/\/i0.wp.com\/soclose.mx\/blog\/wp-content\/uploads\/2022\/02\/Copia-de-Principal-So-Close-blog-2-5.png?fit=1200%2C677&ssl=1&resize=350%2C200 1x, https:\/\/i0.wp.com\/soclose.mx\/blog\/wp-content\/uploads\/2022\/02\/Copia-de-Principal-So-Close-blog-2-5.png?fit=1200%2C677&ssl=1&resize=525%2C300 1.5x, https:\/\/i0.wp.com\/soclose.mx\/blog\/wp-content\/uploads\/2022\/02\/Copia-de-Principal-So-Close-blog-2-5.png?fit=1200%2C677&ssl=1&resize=700%2C400 2x, https:\/\/i0.wp.com\/soclose.mx\/blog\/wp-content\/uploads\/2022\/02\/Copia-de-Principal-So-Close-blog-2-5.png?fit=1200%2C677&ssl=1&resize=1050%2C600 3x"},"classes":[]},{"id":6205,"url":"https:\/\/soclose.mx\/blog\/news-feed\/19-estaciones-y-mas-de-100-atractivos-trae-para-ti-el-tren-maya\/","url_meta":{"origin":13718,"position":2},"title":"19 estaciones y m\u00e1s de 100 atractivos trae para ti el Tren Maya","author":"So Close","date":"11 junio, 2021","format":false,"excerpt":"El secretario de Turismo del Gobierno de M\u00e9xico, Miguel Torruco Marqu\u00e9s, entreg\u00f3 al presidente de M\u00e9xico, Andr\u00e9s Manuel L\u00f3pez Obrador, una propuesta con 62 opciones de paquetes y recorridos a trav\u00e9s de las 19 estaciones que conformar\u00e1n el Tren Maya. Indic\u00f3 que estos recorridos, que se ofertar\u00e1n tan pronto se\u2026","rel":"","context":"En &quot;News feed&quot;","block_context":{"text":"News feed","link":"https:\/\/soclose.mx\/blog\/category\/news-feed\/"},"img":{"alt_text":"","src":"https:\/\/i0.wp.com\/soclose.mx\/blog\/wp-content\/uploads\/2021\/06\/tren-maya-estacion-palenque.jpeg?fit=1200%2C677&ssl=1&resize=350%2C200","width":350,"height":200,"srcset":"https:\/\/i0.wp.com\/soclose.mx\/blog\/wp-content\/uploads\/2021\/06\/tren-maya-estacion-palenque.jpeg?fit=1200%2C677&ssl=1&resize=350%2C200 1x, https:\/\/i0.wp.com\/soclose.mx\/blog\/wp-content\/uploads\/2021\/06\/tren-maya-estacion-palenque.jpeg?fit=1200%2C677&ssl=1&resize=525%2C300 1.5x, https:\/\/i0.wp.com\/soclose.mx\/blog\/wp-content\/uploads\/2021\/06\/tren-maya-estacion-palenque.jpeg?fit=1200%2C677&ssl=1&resize=700%2C400 2x, https:\/\/i0.wp.com\/soclose.mx\/blog\/wp-content\/uploads\/2021\/06\/tren-maya-estacion-palenque.jpeg?fit=1200%2C677&ssl=1&resize=1050%2C600 3x"},"classes":[]},{"id":9664,"url":"https:\/\/soclose.mx\/blog\/lugares\/conoce-el-tour-en-las-lagunas-rosadas-de-las-coloradas\/","url_meta":{"origin":13718,"position":3},"title":"Conoce el tour en las lagunas rosadas de Las Coloradas","author":"Miguel Angel Romero","date":"29 abril, 2022","format":false,"excerpt":"Las Coloradas es una playa, una\u00a0salinera\u00a0y tambi\u00e9n un\u00a0parque tur\u00edstico. Su nombre se lo dan decenas de charcas con una variedad de tonalidades rosas de donde se extrae la\u00a0sal de mar. Son rosas por la presencia de halobacterias hal\u00f3ficas , organismos que s\u00f3lo pueden vivir en aguas con alta concentraci\u00f3n de\u2026","rel":"","context":"En &quot;Lugares&quot;","block_context":{"text":"Lugares","link":"https:\/\/soclose.mx\/blog\/category\/lugares\/"},"img":{"alt_text":"","src":"https:\/\/i0.wp.com\/soclose.mx\/blog\/wp-content\/uploads\/2022\/04\/Copia-de-Principal-So-Close-blog-2-2.png?fit=1200%2C677&ssl=1&resize=350%2C200","width":350,"height":200,"srcset":"https:\/\/i0.wp.com\/soclose.mx\/blog\/wp-content\/uploads\/2022\/04\/Copia-de-Principal-So-Close-blog-2-2.png?fit=1200%2C677&ssl=1&resize=350%2C200 1x, https:\/\/i0.wp.com\/soclose.mx\/blog\/wp-content\/uploads\/2022\/04\/Copia-de-Principal-So-Close-blog-2-2.png?fit=1200%2C677&ssl=1&resize=525%2C300 1.5x, https:\/\/i0.wp.com\/soclose.mx\/blog\/wp-content\/uploads\/2022\/04\/Copia-de-Principal-So-Close-blog-2-2.png?fit=1200%2C677&ssl=1&resize=700%2C400 2x, https:\/\/i0.wp.com\/soclose.mx\/blog\/wp-content\/uploads\/2022\/04\/Copia-de-Principal-So-Close-blog-2-2.png?fit=1200%2C677&ssl=1&resize=1050%2C600 3x"},"classes":[]},{"id":9216,"url":"https:\/\/soclose.mx\/blog\/lugares\/si-yucatan-fue-independiente-por-que-se-integro-a-mexico\/","url_meta":{"origin":13718,"position":4},"title":"Si Yucat\u00e1n fue independiente\u2026 \u00bfpor qu\u00e9 se integr\u00f3 a M\u00e9xico?","author":"Miguel Angel Romero","date":"22 abril, 2022","format":false,"excerpt":"Debido al gobierno que imperaba en nuestro pa\u00eds en 1841, Yucat\u00e1n, en ese momento, tambi\u00e9n integrado por Campeche, Quintana Roo y Tabasco, rompi\u00f3 relaciones con M\u00e9xico y se erigi\u00f3 como\u00a0Rep\u00fablica Libre e Independiente\u00a0de la naci\u00f3n mexicana. El conflicto que provoc\u00f3 la ruptura entre el\u00a0gobierno centralista (1840-1843)\u00a0y los estados se desencaden\u00f3\u2026","rel":"","context":"En &quot;Lugares&quot;","block_context":{"text":"Lugares","link":"https:\/\/soclose.mx\/blog\/category\/lugares\/"},"img":{"alt_text":"","src":"https:\/\/i0.wp.com\/soclose.mx\/blog\/wp-content\/uploads\/2022\/03\/Copia-de-Principal-So-Close-blog-9.png?fit=1200%2C677&ssl=1&resize=350%2C200","width":350,"height":200,"srcset":"https:\/\/i0.wp.com\/soclose.mx\/blog\/wp-content\/uploads\/2022\/03\/Copia-de-Principal-So-Close-blog-9.png?fit=1200%2C677&ssl=1&resize=350%2C200 1x, https:\/\/i0.wp.com\/soclose.mx\/blog\/wp-content\/uploads\/2022\/03\/Copia-de-Principal-So-Close-blog-9.png?fit=1200%2C677&ssl=1&resize=525%2C300 1.5x, https:\/\/i0.wp.com\/soclose.mx\/blog\/wp-content\/uploads\/2022\/03\/Copia-de-Principal-So-Close-blog-9.png?fit=1200%2C677&ssl=1&resize=700%2C400 2x, https:\/\/i0.wp.com\/soclose.mx\/blog\/wp-content\/uploads\/2022\/03\/Copia-de-Principal-So-Close-blog-9.png?fit=1200%2C677&ssl=1&resize=1050%2C600 3x"},"classes":[]},{"id":13864,"url":"https:\/\/soclose.mx\/blog\/a-la-mexicana\/lugares-diferentes-para-celebrar-la-independencia-de-mexico\/","url_meta":{"origin":13718,"position":5},"title":"Lugares diferentes para celebrar la Independencia de M\u00e9xico","author":"So Close","date":"2 agosto, 2024","format":false,"excerpt":"El 15 y 16 de septiembre son fechas de gran importancia en M\u00e9xico, marcando la conmemoraci\u00f3n de la Independencia del pa\u00eds. Si est\u00e1s buscando una manera inusual y emocionante de celebrar la Independencia de M\u00e9xico, explorar lugares poco convencionales puede ofrecerte una experiencia \u00fanica y memorable. Desde escenarios naturales impresionantes\u2026","rel":"","context":"En &quot;A la mexicana&quot;","block_context":{"text":"A la mexicana","link":"https:\/\/soclose.mx\/blog\/category\/a-la-mexicana\/"},"img":{"alt_text":"Cenote Ik Kil en Yucatan","src":"https:\/\/i0.wp.com\/soclose.mx\/blog\/wp-content\/uploads\/2024\/08\/Cenote-Ik-Kil-en-Yucatan.jpg?fit=1000%2C750&ssl=1&resize=350%2C200","width":350,"height":200,"srcset":"https:\/\/i0.wp.com\/soclose.mx\/blog\/wp-content\/uploads\/2024\/08\/Cenote-Ik-Kil-en-Yucatan.jpg?fit=1000%2C750&ssl=1&resize=350%2C200 1x, https:\/\/i0.wp.com\/soclose.mx\/blog\/wp-content\/uploads\/2024\/08\/Cenote-Ik-Kil-en-Yucatan.jpg?fit=1000%2C750&ssl=1&resize=525%2C300 1.5x, https:\/\/i0.wp.com\/soclose.mx\/blog\/wp-content\/uploads\/2024\/08\/Cenote-Ik-Kil-en-Yucatan.jpg?fit=1000%2C750&ssl=1&resize=700%2C400 2x"},"classes":[]}],"jetpack_sharing_enabled":true,"_links":{"self":[{"href":"https:\/\/soclose.mx\/blog\/wp-json\/wp\/v2\/posts\/13718","targetHints":{"allow":["GET"]}}],"collection":[{"href":"https:\/\/soclose.mx\/blog\/wp-json\/wp\/v2\/posts"}],"about":[{"href":"https:\/\/soclose.mx\/blog\/wp-json\/wp\/v2\/types\/post"}],"author":[{"embeddable":true,"href":"https:\/\/soclose.mx\/blog\/wp-json\/wp\/v2\/users\/1"}],"replies":[{"embeddable":true,"href":"https:\/\/soclose.mx\/blog\/wp-json\/wp\/v2\/comments?post=13718"}],"version-history":[{"count":7,"href":"https:\/\/soclose.mx\/blog\/wp-json\/wp\/v2\/posts\/13718\/revisions"}],"predecessor-version":[{"id":13726,"href":"https:\/\/soclose.mx\/blog\/wp-json\/wp\/v2\/posts\/13718\/revisions\/13726"}],"wp:featuredmedia":[{"embeddable":true,"href":"https:\/\/soclose.mx\/blog\/wp-json\/wp\/v2\/media\/13720"}],"wp:attachment":[{"href":"https:\/\/soclose.mx\/blog\/wp-json\/wp\/v2\/media?parent=13718"}],"wp:term":[{"taxonomy":"category","embeddable":true,"href":"https:\/\/soclose.mx\/blog\/wp-json\/wp\/v2\/categories?post=13718"},{"taxonomy":"post_tag","embeddable":true,"href":"https:\/\/soclose.mx\/blog\/wp-json\/wp\/v2\/tags?post=13718"}],"curies":[{"name":"wp","href":"https:\/\/api.w.org\/{rel}","templated":true}]}}