{"id":13767,"date":"2024-07-22T13:15:19","date_gmt":"2024-07-22T19:15:19","guid":{"rendered":"https:\/\/soclose.mx\/blog\/?p=13767"},"modified":"2024-07-22T18:26:45","modified_gmt":"2024-07-23T00:26:45","slug":"mexicanos-que-nos-representaran-en-los-juegos-olimpicos-paris-2024","status":"publish","type":"post","link":"https:\/\/soclose.mx\/blog\/news-feed\/mexicanos-que-nos-representaran-en-los-juegos-olimpicos-paris-2024\/","title":{"rendered":"Mexicanos que nos representar\u00e1n en los Juegos Ol\u00edmpicos Par\u00eds 2024"},"content":{"rendered":"<p class=\"p1\"><b>La llama ol\u00edmpica est\u00e1 a punto de encenderse en la Ciudad Luz<\/b>, y la emoci\u00f3n por conocer a los mexicanos que nos representar\u00e1n en los Juegos Ol\u00edmpicos Par\u00eds 2024 crece con cada d\u00eda que pasa.<\/p>\n<p class=\"p1\">M\u00e1s de 10 mil atletas de todo el mundo se preparan para competir en 306 eventos en 33 diferentes deportes, y entre ellos estar\u00e1 una <a href=\"https:\/\/soclose.mx\/blog\/category\/seleccion-mexicana\/\" target=\"_blank\" rel=\"noopener\">delegaci\u00f3n mexicana<\/a> lista para dar lo mejor de s\u00ed misma y buscar la gloria deportiva.<\/p>\n<p class=\"p1\"><b>Un equipo diverso y talentoso:<\/b><\/p>\n<p class=\"p1\">M\u00e9xico estar\u00e1 presente en Par\u00eds con una delegaci\u00f3n de <b>m\u00e1s de 100 mexicanos que nos representar\u00e1n en los <a href=\"https:\/\/olympics.com\/en\/paris-2024\" target=\"_blank\" rel=\"noopener\">Juegos Ol\u00edmpicos Par\u00eds 2024<\/a><\/b>, quienes competir\u00e1n en una amplia gama de disciplinas, incluyendo:<\/p>\n<ul class=\"ul1\">\n<li class=\"li1\"><b>Atletismo:<\/b> Alegna Gonz\u00e1lez (marcha 20 km), Andr\u00e9s Olivas (marcha 20 km), Ricardo Ort\u00edz (marcha 20 km), Laura Galv\u00e1n (5,000 m. planos), Margarita Hern\u00e1ndez (marat\u00f3n), Noel Al\u00ed Chama (marcha 20 km), Uziel Mu\u00f1oz (lanzamiento de bala), Alejandra Ortega (marcha 20 km).<\/li>\n<li class=\"li1\"><b>Nataci\u00f3n:<\/b> Citlali Moscote (marat\u00f3n), Alejandra Orozco (plataformas 10 m sincronizados), Kevin Berl\u00edn (100 m mariposa), Melissa Villarreal (200 m libre).<\/li>\n<li class=\"li1\"><b>Ciclismo:<\/b> Daniela Campuzano (ruta), Jessica Salazar (ruta), Esmeralda Hern\u00e1ndez (ruta), Ricardo Estrada (ruta).<\/li>\n<li class=\"li1\"><b>Clavados:<\/b> Iv\u00e1n Garc\u00eda (plataformas individuales y sincronizados), Alejandra Orozco (plataformas individuales y sincronizados), Rommel Pacheco (trampol\u00edn individual y sincronizado).<\/li>\n<li class=\"li1\"><b>Taekwondo:<\/b> Paulina Aranda (-57 kg), Brandon Plaza (-58 kg), Juan Diego Garc\u00eda (+80 kg).<\/li>\n<li class=\"li1\"><b>Tiro con arco:<\/b> Alejandra Valencia (recurvo individual y por equipos mixtos), A\u00edda Rom\u00e1n (recurvo individual y por equipos mixtos), Luis \u00c1lvarez (recurvo individual y por equipos mixtos).<\/li>\n<\/ul>\n<p class=\"p1\"><b>Y muchos m\u00e1s:<\/b><\/p>\n<p class=\"p1\"><a href=\"https:\/\/soclose.mx\/blog\/newss-feed\/mexicanos-que-nos-representaran-en-los-juegos-olimpicos-paris-2024\/attachment\/mexicanos-juegos-olimpicos-paris2024-0-2\/\" rel=\"attachment wp-att-13815\"><img data-recalc-dims=\"1\" fetchpriority=\"high\" decoding=\"async\" class=\" wp-image-13815 alignright\" src=\"https:\/\/i0.wp.com\/soclose.mx\/blog\/wp-content\/uploads\/2024\/07\/mexicanos-juegos-olimpicos-paris2024-0-2.jpg?resize=517%2C262&#038;ssl=1\" alt=\"\" width=\"517\" height=\"262\" srcset=\"https:\/\/i0.wp.com\/soclose.mx\/blog\/wp-content\/uploads\/2024\/07\/mexicanos-juegos-olimpicos-paris2024-0-2.jpg?resize=1024%2C520&amp;ssl=1 1024w, https:\/\/i0.wp.com\/soclose.mx\/blog\/wp-content\/uploads\/2024\/07\/mexicanos-juegos-olimpicos-paris2024-0-2.jpg?resize=300%2C152&amp;ssl=1 300w, https:\/\/i0.wp.com\/soclose.mx\/blog\/wp-content\/uploads\/2024\/07\/mexicanos-juegos-olimpicos-paris2024-0-2.jpg?resize=768%2C390&amp;ssl=1 768w, https:\/\/i0.wp.com\/soclose.mx\/blog\/wp-content\/uploads\/2024\/07\/mexicanos-juegos-olimpicos-paris2024-0-2.jpg?resize=1536%2C780&amp;ssl=1 1536w, https:\/\/i0.wp.com\/soclose.mx\/blog\/wp-content\/uploads\/2024\/07\/mexicanos-juegos-olimpicos-paris2024-0-2.jpg?resize=1170%2C594&amp;ssl=1 1170w, https:\/\/i0.wp.com\/soclose.mx\/blog\/wp-content\/uploads\/2024\/07\/mexicanos-juegos-olimpicos-paris2024-0-2.jpg?resize=585%2C297&amp;ssl=1 585w, https:\/\/i0.wp.com\/soclose.mx\/blog\/wp-content\/uploads\/2024\/07\/mexicanos-juegos-olimpicos-paris2024-0-2.jpg?w=1544&amp;ssl=1 1544w\" sizes=\"(max-width: 517px) 100vw, 517px\" \/><\/a>Esta es solo una peque\u00f1a muestra de los destacados deportistas que representar\u00e1n a M\u00e9xico en Par\u00eds 2024. La delegaci\u00f3n tambi\u00e9n incluye a atletas en disciplinas como <b>boxeo, canotaje, esgrima, gimnasia, halterofilia, pentatl\u00f3n moderno, remo, surfing, vela<\/b> y muchas m\u00e1s.<\/p>\n<figure id=\"attachment_13810\" aria-describedby=\"caption-attachment-13810\" style=\"width: 440px\" class=\"wp-caption alignright\"><a href=\"https:\/\/soclose.mx\/blog\/newss-feed\/mexicanos-que-nos-representaran-en-los-juegos-olimpicos-paris-2024\/attachment\/mexicanos-juegos-olimpicos-paris2024-2-2\/\" rel=\"attachment wp-att-13810\"><img data-recalc-dims=\"1\" decoding=\"async\" class=\" wp-image-13810\" src=\"https:\/\/i0.wp.com\/soclose.mx\/blog\/wp-content\/uploads\/2024\/07\/mexicanos-juegos-olimpicos-paris2024-2-2.jpg?resize=440%2C445&#038;ssl=1\" alt=\"Mexicanos en Juegos Ol\u00edmpicos de Par\u00eds 2024\" width=\"440\" height=\"445\" srcset=\"https:\/\/i0.wp.com\/soclose.mx\/blog\/wp-content\/uploads\/2024\/07\/mexicanos-juegos-olimpicos-paris2024-2-2.jpg?resize=1012%2C1024&amp;ssl=1 1012w, https:\/\/i0.wp.com\/soclose.mx\/blog\/wp-content\/uploads\/2024\/07\/mexicanos-juegos-olimpicos-paris2024-2-2.jpg?resize=297%2C300&amp;ssl=1 297w, https:\/\/i0.wp.com\/soclose.mx\/blog\/wp-content\/uploads\/2024\/07\/mexicanos-juegos-olimpicos-paris2024-2-2.jpg?resize=768%2C777&amp;ssl=1 768w, https:\/\/i0.wp.com\/soclose.mx\/blog\/wp-content\/uploads\/2024\/07\/mexicanos-juegos-olimpicos-paris2024-2-2.jpg?resize=1170%2C1184&amp;ssl=1 1170w, https:\/\/i0.wp.com\/soclose.mx\/blog\/wp-content\/uploads\/2024\/07\/mexicanos-juegos-olimpicos-paris2024-2-2.jpg?resize=585%2C592&amp;ssl=1 585w, https:\/\/i0.wp.com\/soclose.mx\/blog\/wp-content\/uploads\/2024\/07\/mexicanos-juegos-olimpicos-paris2024-2-2.jpg?w=1374&amp;ssl=1 1374w\" sizes=\"(max-width: 440px) 100vw, 440px\" \/><\/a><figcaption id=\"caption-attachment-13810\" class=\"wp-caption-text\">Mexicanos en Juegos Ol\u00edmpicos de Par\u00eds 2024<\/figcaption><\/figure>\n<figure id=\"attachment_13811\" aria-describedby=\"caption-attachment-13811\" style=\"width: 428px\" class=\"wp-caption alignleft\"><a href=\"https:\/\/soclose.mx\/blog\/newss-feed\/mexicanos-que-nos-representaran-en-los-juegos-olimpicos-paris-2024\/attachment\/mexicanos-juegos-olimpicos-paris2024-1-2\/\" rel=\"attachment wp-att-13811\"><img data-recalc-dims=\"1\" decoding=\"async\" class=\"wp-image-13811 \" title=\"Mexicanos en Juegos Ol\u00edmpicos de Par\u00eds 2024\" src=\"https:\/\/i0.wp.com\/soclose.mx\/blog\/wp-content\/uploads\/2024\/07\/mexicanos-juegos-olimpicos-paris2024-1-2.jpg?resize=428%2C442&#038;ssl=1\" alt=\"Mexicanos en Juegos Ol\u00edmpicos de Par\u00eds 2024\" width=\"428\" height=\"442\" srcset=\"https:\/\/i0.wp.com\/soclose.mx\/blog\/wp-content\/uploads\/2024\/07\/mexicanos-juegos-olimpicos-paris2024-1-2.jpg?resize=991%2C1024&amp;ssl=1 991w, https:\/\/i0.wp.com\/soclose.mx\/blog\/wp-content\/uploads\/2024\/07\/mexicanos-juegos-olimpicos-paris2024-1-2.jpg?resize=290%2C300&amp;ssl=1 290w, https:\/\/i0.wp.com\/soclose.mx\/blog\/wp-content\/uploads\/2024\/07\/mexicanos-juegos-olimpicos-paris2024-1-2.jpg?resize=768%2C794&amp;ssl=1 768w, https:\/\/i0.wp.com\/soclose.mx\/blog\/wp-content\/uploads\/2024\/07\/mexicanos-juegos-olimpicos-paris2024-1-2.jpg?resize=1170%2C1209&amp;ssl=1 1170w, https:\/\/i0.wp.com\/soclose.mx\/blog\/wp-content\/uploads\/2024\/07\/mexicanos-juegos-olimpicos-paris2024-1-2.jpg?resize=585%2C605&amp;ssl=1 585w, https:\/\/i0.wp.com\/soclose.mx\/blog\/wp-content\/uploads\/2024\/07\/mexicanos-juegos-olimpicos-paris2024-1-2.jpg?w=1422&amp;ssl=1 1422w\" sizes=\"(max-width: 428px) 100vw, 428px\" \/><\/a><figcaption id=\"caption-attachment-13811\" class=\"wp-caption-text\">Mexicanos en Juegos Ol\u00edmpicos de Par\u00eds 2024<\/figcaption><\/figure>\n<figure id=\"attachment_13812\" aria-describedby=\"caption-attachment-13812\" style=\"width: 424px\" class=\"wp-caption alignleft\"><a href=\"https:\/\/soclose.mx\/blog\/newss-feed\/mexicanos-que-nos-representaran-en-los-juegos-olimpicos-paris-2024\/attachment\/mexicanos-juegos-olimpicos-paris2024-5-2\/\" rel=\"attachment wp-att-13812\"><img data-recalc-dims=\"1\" loading=\"lazy\" decoding=\"async\" class=\"wp-image-13812 \" title=\"Mexicanos en Juegos Ol\u00edmpicos de Par\u00eds 2024\" src=\"https:\/\/i0.wp.com\/soclose.mx\/blog\/wp-content\/uploads\/2024\/07\/mexicanos-juegos-olimpicos-paris2024-5-2.jpg?resize=424%2C450&#038;ssl=1\" alt=\"Mexicanos en Juegos Ol\u00edmpicos de Par\u00eds 2024\" width=\"424\" height=\"450\" srcset=\"https:\/\/i0.wp.com\/soclose.mx\/blog\/wp-content\/uploads\/2024\/07\/mexicanos-juegos-olimpicos-paris2024-5-2.jpg?resize=964%2C1024&amp;ssl=1 964w, https:\/\/i0.wp.com\/soclose.mx\/blog\/wp-content\/uploads\/2024\/07\/mexicanos-juegos-olimpicos-paris2024-5-2.jpg?resize=282%2C300&amp;ssl=1 282w, https:\/\/i0.wp.com\/soclose.mx\/blog\/wp-content\/uploads\/2024\/07\/mexicanos-juegos-olimpicos-paris2024-5-2.jpg?resize=768%2C816&amp;ssl=1 768w, https:\/\/i0.wp.com\/soclose.mx\/blog\/wp-content\/uploads\/2024\/07\/mexicanos-juegos-olimpicos-paris2024-5-2.jpg?resize=1170%2C1243&amp;ssl=1 1170w, https:\/\/i0.wp.com\/soclose.mx\/blog\/wp-content\/uploads\/2024\/07\/mexicanos-juegos-olimpicos-paris2024-5-2.jpg?resize=585%2C621&amp;ssl=1 585w, https:\/\/i0.wp.com\/soclose.mx\/blog\/wp-content\/uploads\/2024\/07\/mexicanos-juegos-olimpicos-paris2024-5-2.jpg?w=1382&amp;ssl=1 1382w\" sizes=\"(max-width: 424px) 100vw, 424px\" \/><\/a><figcaption id=\"caption-attachment-13812\" class=\"wp-caption-text\">Mexicanos en Juegos Ol\u00edmpicos de Par\u00eds 2024<\/figcaption><\/figure>\n<figure id=\"attachment_13813\" aria-describedby=\"caption-attachment-13813\" style=\"width: 304px\" class=\"wp-caption alignright\"><a href=\"https:\/\/soclose.mx\/blog\/newss-feed\/mexicanos-que-nos-representaran-en-los-juegos-olimpicos-paris-2024\/attachment\/mexicanos-juegos-olimpicos-paris2024-4-2\/\" rel=\"attachment wp-att-13813\"><img data-recalc-dims=\"1\" loading=\"lazy\" decoding=\"async\" class=\"wp-image-13813 \" title=\"Mexicanos en Juegos Ol\u00edmpicos de Par\u00eds 2024\" src=\"https:\/\/i0.wp.com\/soclose.mx\/blog\/wp-content\/uploads\/2024\/07\/mexicanos-juegos-olimpicos-paris2024-4-2.jpg?resize=304%2C294&#038;ssl=1\" alt=\"Mexicanos en Juegos Ol\u00edmpicos de Par\u00eds 2024\" width=\"304\" height=\"294\" srcset=\"https:\/\/i0.wp.com\/soclose.mx\/blog\/wp-content\/uploads\/2024\/07\/mexicanos-juegos-olimpicos-paris2024-4-2.jpg?resize=1024%2C990&amp;ssl=1 1024w, https:\/\/i0.wp.com\/soclose.mx\/blog\/wp-content\/uploads\/2024\/07\/mexicanos-juegos-olimpicos-paris2024-4-2.jpg?resize=300%2C290&amp;ssl=1 300w, https:\/\/i0.wp.com\/soclose.mx\/blog\/wp-content\/uploads\/2024\/07\/mexicanos-juegos-olimpicos-paris2024-4-2.jpg?resize=768%2C742&amp;ssl=1 768w, https:\/\/i0.wp.com\/soclose.mx\/blog\/wp-content\/uploads\/2024\/07\/mexicanos-juegos-olimpicos-paris2024-4-2.jpg?resize=1170%2C1131&amp;ssl=1 1170w, https:\/\/i0.wp.com\/soclose.mx\/blog\/wp-content\/uploads\/2024\/07\/mexicanos-juegos-olimpicos-paris2024-4-2.jpg?resize=585%2C565&amp;ssl=1 585w, https:\/\/i0.wp.com\/soclose.mx\/blog\/wp-content\/uploads\/2024\/07\/mexicanos-juegos-olimpicos-paris2024-4-2.jpg?w=1318&amp;ssl=1 1318w\" sizes=\"(max-width: 304px) 100vw, 304px\" \/><\/a><figcaption id=\"caption-attachment-13813\" class=\"wp-caption-text\">Mexicanos en Juegos Ol\u00edmpicos de Par\u00eds 2024<\/figcaption><\/figure>\n<figure id=\"attachment_13814\" aria-describedby=\"caption-attachment-13814\" style=\"width: 342px\" class=\"wp-caption alignleft\"><a href=\"https:\/\/soclose.mx\/blog\/newss-feed\/mexicanos-que-nos-representaran-en-los-juegos-olimpicos-paris-2024\/attachment\/mexicanos-juegos-olimpicos-paris2024-3-2\/\" rel=\"attachment wp-att-13814\"><img data-recalc-dims=\"1\" loading=\"lazy\" decoding=\"async\" class=\"wp-image-13814 \" title=\"Mexicanos en Juegos Ol\u00edmpicos de Par\u00eds 2024\" src=\"https:\/\/i0.wp.com\/soclose.mx\/blog\/wp-content\/uploads\/2024\/07\/mexicanos-juegos-olimpicos-paris2024-3-2.jpg?resize=342%2C289&#038;ssl=1\" alt=\"Mexicanos en Juegos Ol\u00edmpicos de Par\u00eds 2024\" width=\"342\" height=\"289\" srcset=\"https:\/\/i0.wp.com\/soclose.mx\/blog\/wp-content\/uploads\/2024\/07\/mexicanos-juegos-olimpicos-paris2024-3-2.jpg?resize=1024%2C863&amp;ssl=1 1024w, https:\/\/i0.wp.com\/soclose.mx\/blog\/wp-content\/uploads\/2024\/07\/mexicanos-juegos-olimpicos-paris2024-3-2.jpg?resize=300%2C253&amp;ssl=1 300w, https:\/\/i0.wp.com\/soclose.mx\/blog\/wp-content\/uploads\/2024\/07\/mexicanos-juegos-olimpicos-paris2024-3-2.jpg?resize=768%2C647&amp;ssl=1 768w, https:\/\/i0.wp.com\/soclose.mx\/blog\/wp-content\/uploads\/2024\/07\/mexicanos-juegos-olimpicos-paris2024-3-2.jpg?resize=1170%2C986&amp;ssl=1 1170w, https:\/\/i0.wp.com\/soclose.mx\/blog\/wp-content\/uploads\/2024\/07\/mexicanos-juegos-olimpicos-paris2024-3-2.jpg?resize=585%2C493&amp;ssl=1 585w, https:\/\/i0.wp.com\/soclose.mx\/blog\/wp-content\/uploads\/2024\/07\/mexicanos-juegos-olimpicos-paris2024-3-2.jpg?w=1474&amp;ssl=1 1474w\" sizes=\"(max-width: 342px) 100vw, 342px\" \/><\/a><figcaption id=\"caption-attachment-13814\" class=\"wp-caption-text\">Mexicanos en Juegos Ol\u00edmpicos de Par\u00eds 2024<\/figcaption><\/figure>\n<p>&nbsp;<\/p>\n<p class=\"p1\"><b>Historias de superaci\u00f3n y talento:<\/b><\/p>\n<p class=\"p1\">Detr\u00e1s de cada uno de estos atletas hay una historia de esfuerzo, dedicaci\u00f3n y superaci\u00f3n. Han dedicado a\u00f1os de entrenamiento riguroso, sacrificios y una pasi\u00f3n inquebrantable por el deporte para llegar a este punto.<\/p>\n<p class=\"p1\"><b>Unidos por la pasi\u00f3n y el orgullo:<\/b><\/p>\n<p class=\"p1\">Los Juegos Ol\u00edmpicos de Par\u00eds 2024 ser\u00e1n una oportunidad para que M\u00e9xico demuestre al mundo su talento deportivo y su esp\u00edritu de lucha. Los atletas mexicanos, con su entrega y dedicaci\u00f3n, ser\u00e1n embajadores de nuestro pa\u00eds y nos llenar\u00e1n de orgullo en cada competencia.<\/p>\n<p class=\"p1\"><b>\u00a1Vamos M\u00e9xico!<\/b> Seamos testigos del talento, la pasi\u00f3n y la determinaci\u00f3n de nuestros atletas en la m\u00e1xima justa deportiva del mundo. \u00a1Que el esp\u00edritu ol\u00edmpico nos una y nos lleve a vivir juntos la emoci\u00f3n de Par\u00eds 2024!<\/p>\n<blockquote class=\"twitter-tweet\">\n<p dir=\"ltr\" lang=\"es\">\u00a1Lanzamos nuestra campa\u00f1a <a href=\"https:\/\/twitter.com\/hashtag\/TodosSomosOl%C3%ADmpicos?src=hash&amp;ref_src=twsrc%5Etfw\">#TodosSomosOl\u00edmpicos<\/a>!<br \/>\nCada mexicano, con su esfuerzo diario, demuestra la disciplina y dedicaci\u00f3n que un atleta de alto rendimiento. Celebremos juntos el esp\u00edritu ol\u00edmpico que llevamos dentro. \ud83c\uddf2\ud83c\uddfd\ud83c\udfc5 <a href=\"https:\/\/t.co\/SojHHui8mO\">pic.twitter.com\/SojHHui8mO<\/a><\/p>\n<p>\u2014 Comit\u00e9 Ol\u00edmpico Mexicano (@COM_Mexico) <a href=\"https:\/\/twitter.com\/COM_Mexico\/status\/1810725779975852306?ref_src=twsrc%5Etfw\">July 9, 2024<\/a><\/p><\/blockquote>\n<p><script async src=\"https:\/\/platform.twitter.com\/widgets.js\" charset=\"utf-8\"><\/script><\/p>\n<p class=\"p1\"><b>No olvides seguir a la delegaci\u00f3n mexicana en sus redes sociales y apoyarlos en cada competencia. \u00a1Juntos podemos hacer de Par\u00eds 2024 un momento hist\u00f3rico para el deporte mexicano!<\/b><\/p>\n<p class=\"p1\"><b>\u00a1Sigamos apoyando a nuestros atletas y hagamos de Par\u00eds 2024 un momento hist\u00f3rico para el deporte mexicano!<\/b><\/p>\n","protected":false},"excerpt":{"rendered":"<p>La llama ol\u00edmpica est\u00e1 a punto de encenderse en la Ciudad Luz, y la emoci\u00f3n por conocer a los mexicanos que nos representar\u00e1n en los Juegos Ol\u00edmpicos Par\u00eds 2024 crece con cada d\u00eda que pasa. M\u00e1s de 10 mil atletas de todo el mundo se preparan para competir en 306 eventos en 33 diferentes deportes, y entre ellos estar\u00e1 una delegaci\u00f3n mexicana lista para dar lo mejor de s\u00ed misma y buscar la gloria deportiva. Un equipo diverso y talentoso: M\u00e9xico estar\u00e1 presente en Par\u00eds con una delegaci\u00f3n de m\u00e1s de 100 mexicanos que nos representar\u00e1n en los Juegos Ol\u00edmpicos<\/p>\n","protected":false},"author":1,"featured_media":13771,"comment_status":"open","ping_status":"open","sticky":false,"template":"","format":"standard","meta":{"_jetpack_memberships_contains_paid_content":false,"footnotes":""},"categories":[628,3104],"tags":[787],"class_list":["post-13767","post","type-post","status-publish","format-standard","has-post-thumbnail","hentry","category-news-feed","category-seleccion-mexicana","tag-juegos-olimpicos"],"yoast_head":"<!-- This site is optimized with the Yoast SEO plugin v26.7 - https:\/\/yoast.com\/wordpress\/plugins\/seo\/ -->\n<title>Mexicanos que nos representar\u00e1n en los Juegos Ol\u00edmpicos Par\u00eds 2024 - So Close<\/title>\n<meta name=\"description\" content=\"M\u00e9xico estar\u00e1 presente en Par\u00eds con una delegaci\u00f3n de m\u00e1s de 100 mexicanos que nos representar\u00e1n en los Juegos Ol\u00edmpicos Par\u00eds 2024.\" \/>\n<meta name=\"robots\" content=\"index, follow, max-snippet:-1, max-image-preview:large, max-video-preview:-1\" \/>\n<link rel=\"canonical\" href=\"https:\/\/soclose.mx\/blog\/tag\/juan-rulfo-frases-mujeres\/\" \/>\n<meta property=\"og:locale\" content=\"es_MX\" \/>\n<meta property=\"og:type\" content=\"article\" \/>\n<meta property=\"og:title\" content=\"Mexicanos que nos representar\u00e1n en los Juegos Ol\u00edmpicos Par\u00eds 2024 - So Close\" \/>\n<meta property=\"og:description\" content=\"M\u00e9xico estar\u00e1 presente en Par\u00eds con una delegaci\u00f3n de m\u00e1s de 100 mexicanos que nos representar\u00e1n en los Juegos Ol\u00edmpicos Par\u00eds 2024.\" \/>\n<meta property=\"og:url\" content=\"https:\/\/soclose.mx\/blog\/tag\/juan-rulfo-frases-mujeres\/\" \/>\n<meta property=\"og:site_name\" content=\"So Close\" \/>\n<meta property=\"article:published_time\" content=\"2024-07-22T19:15:19+00:00\" \/>\n<meta property=\"article:modified_time\" content=\"2024-07-23T00:26:45+00:00\" \/>\n<meta property=\"og:image\" content=\"https:\/\/i0.wp.com\/soclose.mx\/blog\/wp-content\/uploads\/2024\/07\/mexicanos-olimpicos-paris2024.jpg?fit=1148%2C786&ssl=1\" \/>\n\t<meta property=\"og:image:width\" content=\"1148\" \/>\n\t<meta property=\"og:image:height\" content=\"786\" \/>\n\t<meta property=\"og:image:type\" content=\"image\/jpeg\" \/>\n<meta name=\"author\" content=\"So Close\" \/>\n<meta name=\"twitter:card\" content=\"summary_large_image\" \/>\n<meta name=\"twitter:label1\" content=\"Escrito por\" \/>\n\t<meta name=\"twitter:data1\" content=\"So Close\" \/>\n\t<meta name=\"twitter:label2\" content=\"Tiempo de lectura\" \/>\n\t<meta name=\"twitter:data2\" content=\"4 minutos\" \/>\n<script type=\"application\/ld+json\" class=\"yoast-schema-graph\">{\"@context\":\"https:\/\/schema.org\",\"@graph\":[{\"@type\":\"Article\",\"@id\":\"https:\/\/soclose.mx\/blog\/tag\/juan-rulfo-frases-mujeres\/#article\",\"isPartOf\":{\"@id\":\"https:\/\/soclose.mx\/blog\/tag\/juan-rulfo-frases-mujeres\/\"},\"author\":{\"name\":\"So Close\",\"@id\":\"https:\/\/soclose.mx\/blog\/#\/schema\/person\/723eb117ab965b55c3e56b5d29751667\"},\"headline\":\"Mexicanos que nos representar\u00e1n en los Juegos Ol\u00edmpicos Par\u00eds 2024\",\"datePublished\":\"2024-07-22T19:15:19+00:00\",\"dateModified\":\"2024-07-23T00:26:45+00:00\",\"mainEntityOfPage\":{\"@id\":\"https:\/\/soclose.mx\/blog\/tag\/juan-rulfo-frases-mujeres\/\"},\"wordCount\":644,\"commentCount\":0,\"publisher\":{\"@id\":\"https:\/\/soclose.mx\/blog\/#organization\"},\"image\":{\"@id\":\"https:\/\/soclose.mx\/blog\/tag\/juan-rulfo-frases-mujeres\/#primaryimage\"},\"thumbnailUrl\":\"https:\/\/i0.wp.com\/soclose.mx\/blog\/wp-content\/uploads\/2024\/07\/mexicanos-olimpicos-paris2024.jpg?fit=1148%2C786&ssl=1\",\"keywords\":[\"juegos ol\u00edmpicos\"],\"articleSection\":[\"News feed\",\"Selecci\u00f3n mexicana\"],\"inLanguage\":\"es\",\"potentialAction\":[{\"@type\":\"CommentAction\",\"name\":\"Comment\",\"target\":[\"https:\/\/soclose.mx\/blog\/tag\/juan-rulfo-frases-mujeres\/#respond\"]}]},{\"@type\":\"WebPage\",\"@id\":\"https:\/\/soclose.mx\/blog\/tag\/juan-rulfo-frases-mujeres\/\",\"url\":\"https:\/\/soclose.mx\/blog\/tag\/juan-rulfo-frases-mujeres\/\",\"name\":\"Mexicanos que nos representar\u00e1n en los Juegos Ol\u00edmpicos Par\u00eds 2024 - So Close\",\"isPartOf\":{\"@id\":\"https:\/\/soclose.mx\/blog\/#website\"},\"primaryImageOfPage\":{\"@id\":\"https:\/\/soclose.mx\/blog\/tag\/juan-rulfo-frases-mujeres\/#primaryimage\"},\"image\":{\"@id\":\"https:\/\/soclose.mx\/blog\/tag\/juan-rulfo-frases-mujeres\/#primaryimage\"},\"thumbnailUrl\":\"https:\/\/i0.wp.com\/soclose.mx\/blog\/wp-content\/uploads\/2024\/07\/mexicanos-olimpicos-paris2024.jpg?fit=1148%2C786&ssl=1\",\"datePublished\":\"2024-07-22T19:15:19+00:00\",\"dateModified\":\"2024-07-23T00:26:45+00:00\",\"description\":\"M\u00e9xico estar\u00e1 presente en Par\u00eds con una delegaci\u00f3n de m\u00e1s de 100 mexicanos que nos representar\u00e1n en los Juegos Ol\u00edmpicos Par\u00eds 2024.\",\"breadcrumb\":{\"@id\":\"https:\/\/soclose.mx\/blog\/tag\/juan-rulfo-frases-mujeres\/#breadcrumb\"},\"inLanguage\":\"es\",\"potentialAction\":[{\"@type\":\"ReadAction\",\"target\":[\"https:\/\/soclose.mx\/blog\/tag\/juan-rulfo-frases-mujeres\/\"]}]},{\"@type\":\"ImageObject\",\"inLanguage\":\"es\",\"@id\":\"https:\/\/soclose.mx\/blog\/tag\/juan-rulfo-frases-mujeres\/#primaryimage\",\"url\":\"https:\/\/i0.wp.com\/soclose.mx\/blog\/wp-content\/uploads\/2024\/07\/mexicanos-olimpicos-paris2024.jpg?fit=1148%2C786&ssl=1\",\"contentUrl\":\"https:\/\/i0.wp.com\/soclose.mx\/blog\/wp-content\/uploads\/2024\/07\/mexicanos-olimpicos-paris2024.jpg?fit=1148%2C786&ssl=1\",\"width\":1148,\"height\":786,\"caption\":\"Atletas mexicanos en Juegos Ol\u00edmpicos Par\u00eds 2024\"},{\"@type\":\"BreadcrumbList\",\"@id\":\"https:\/\/soclose.mx\/blog\/tag\/juan-rulfo-frases-mujeres\/#breadcrumb\",\"itemListElement\":[{\"@type\":\"ListItem\",\"position\":1,\"name\":\"Inicio\",\"item\":\"https:\/\/soclose.mx\/blog\/\"},{\"@type\":\"ListItem\",\"position\":2,\"name\":\"Mexicanos que nos representar\u00e1n en los Juegos Ol\u00edmpicos Par\u00eds 2024\"}]},{\"@type\":\"WebSite\",\"@id\":\"https:\/\/soclose.mx\/blog\/#website\",\"url\":\"https:\/\/soclose.mx\/blog\/\",\"name\":\"So Close\",\"description\":\"Hacemos contenidos de M\u00e9xico\",\"publisher\":{\"@id\":\"https:\/\/soclose.mx\/blog\/#organization\"},\"potentialAction\":[{\"@type\":\"SearchAction\",\"target\":{\"@type\":\"EntryPoint\",\"urlTemplate\":\"https:\/\/soclose.mx\/blog\/?s={search_term_string}\"},\"query-input\":{\"@type\":\"PropertyValueSpecification\",\"valueRequired\":true,\"valueName\":\"search_term_string\"}}],\"inLanguage\":\"es\"},{\"@type\":\"Organization\",\"@id\":\"https:\/\/soclose.mx\/blog\/#organization\",\"name\":\"So Close\",\"url\":\"https:\/\/soclose.mx\/blog\/\",\"logo\":{\"@type\":\"ImageObject\",\"inLanguage\":\"es\",\"@id\":\"https:\/\/soclose.mx\/blog\/#\/schema\/logo\/image\/\",\"url\":\"https:\/\/i0.wp.com\/soclose.mx\/blog\/wp-content\/uploads\/2020\/12\/LOGO_SOCLOSE_COLOR-e1608310133507.png?fit=2858%2C1264&ssl=1\",\"contentUrl\":\"https:\/\/i0.wp.com\/soclose.mx\/blog\/wp-content\/uploads\/2020\/12\/LOGO_SOCLOSE_COLOR-e1608310133507.png?fit=2858%2C1264&ssl=1\",\"width\":2858,\"height\":1264,\"caption\":\"So Close\"},\"image\":{\"@id\":\"https:\/\/soclose.mx\/blog\/#\/schema\/logo\/image\/\"}},{\"@type\":\"Person\",\"@id\":\"https:\/\/soclose.mx\/blog\/#\/schema\/person\/723eb117ab965b55c3e56b5d29751667\",\"name\":\"So Close\",\"image\":{\"@type\":\"ImageObject\",\"inLanguage\":\"es\",\"@id\":\"https:\/\/soclose.mx\/blog\/#\/schema\/person\/image\/\",\"url\":\"https:\/\/secure.gravatar.com\/avatar\/5a1d1d694eaf6d2c28f450f0984cbb34821b92dc49c1d088c0250fbc6a48efec?s=96&d=mm&r=g\",\"contentUrl\":\"https:\/\/secure.gravatar.com\/avatar\/5a1d1d694eaf6d2c28f450f0984cbb34821b92dc49c1d088c0250fbc6a48efec?s=96&d=mm&r=g\",\"caption\":\"So Close\"},\"sameAs\":[\"http:\/\/www.soclose.mx\",\"https:\/\/www.youtube.com\/@soclosemx\"],\"url\":\"https:\/\/soclose.mx\/blog\/author\/admin\/\"}]}<\/script>\n<!-- \/ Yoast SEO plugin. -->","yoast_head_json":{"title":"Mexicanos que nos representar\u00e1n en los Juegos Ol\u00edmpicos Par\u00eds 2024 - So Close","description":"M\u00e9xico estar\u00e1 presente en Par\u00eds con una delegaci\u00f3n de m\u00e1s de 100 mexicanos que nos representar\u00e1n en los Juegos Ol\u00edmpicos Par\u00eds 2024.","robots":{"index":"index","follow":"follow","max-snippet":"max-snippet:-1","max-image-preview":"max-image-preview:large","max-video-preview":"max-video-preview:-1"},"canonical":"https:\/\/soclose.mx\/blog\/tag\/juan-rulfo-frases-mujeres\/","og_locale":"es_MX","og_type":"article","og_title":"Mexicanos que nos representar\u00e1n en los Juegos Ol\u00edmpicos Par\u00eds 2024 - So Close","og_description":"M\u00e9xico estar\u00e1 presente en Par\u00eds con una delegaci\u00f3n de m\u00e1s de 100 mexicanos que nos representar\u00e1n en los Juegos Ol\u00edmpicos Par\u00eds 2024.","og_url":"https:\/\/soclose.mx\/blog\/tag\/juan-rulfo-frases-mujeres\/","og_site_name":"So Close","article_published_time":"2024-07-22T19:15:19+00:00","article_modified_time":"2024-07-23T00:26:45+00:00","og_image":[{"width":1148,"height":786,"url":"https:\/\/i0.wp.com\/soclose.mx\/blog\/wp-content\/uploads\/2024\/07\/mexicanos-olimpicos-paris2024.jpg?fit=1148%2C786&ssl=1","type":"image\/jpeg"}],"author":"So Close","twitter_card":"summary_large_image","twitter_misc":{"Escrito por":"So Close","Tiempo de lectura":"4 minutos"},"schema":{"@context":"https:\/\/schema.org","@graph":[{"@type":"Article","@id":"https:\/\/soclose.mx\/blog\/tag\/juan-rulfo-frases-mujeres\/#article","isPartOf":{"@id":"https:\/\/soclose.mx\/blog\/tag\/juan-rulfo-frases-mujeres\/"},"author":{"name":"So Close","@id":"https:\/\/soclose.mx\/blog\/#\/schema\/person\/723eb117ab965b55c3e56b5d29751667"},"headline":"Mexicanos que nos representar\u00e1n en los Juegos Ol\u00edmpicos Par\u00eds 2024","datePublished":"2024-07-22T19:15:19+00:00","dateModified":"2024-07-23T00:26:45+00:00","mainEntityOfPage":{"@id":"https:\/\/soclose.mx\/blog\/tag\/juan-rulfo-frases-mujeres\/"},"wordCount":644,"commentCount":0,"publisher":{"@id":"https:\/\/soclose.mx\/blog\/#organization"},"image":{"@id":"https:\/\/soclose.mx\/blog\/tag\/juan-rulfo-frases-mujeres\/#primaryimage"},"thumbnailUrl":"https:\/\/i0.wp.com\/soclose.mx\/blog\/wp-content\/uploads\/2024\/07\/mexicanos-olimpicos-paris2024.jpg?fit=1148%2C786&ssl=1","keywords":["juegos ol\u00edmpicos"],"articleSection":["News feed","Selecci\u00f3n mexicana"],"inLanguage":"es","potentialAction":[{"@type":"CommentAction","name":"Comment","target":["https:\/\/soclose.mx\/blog\/tag\/juan-rulfo-frases-mujeres\/#respond"]}]},{"@type":"WebPage","@id":"https:\/\/soclose.mx\/blog\/tag\/juan-rulfo-frases-mujeres\/","url":"https:\/\/soclose.mx\/blog\/tag\/juan-rulfo-frases-mujeres\/","name":"Mexicanos que nos representar\u00e1n en los Juegos Ol\u00edmpicos Par\u00eds 2024 - So Close","isPartOf":{"@id":"https:\/\/soclose.mx\/blog\/#website"},"primaryImageOfPage":{"@id":"https:\/\/soclose.mx\/blog\/tag\/juan-rulfo-frases-mujeres\/#primaryimage"},"image":{"@id":"https:\/\/soclose.mx\/blog\/tag\/juan-rulfo-frases-mujeres\/#primaryimage"},"thumbnailUrl":"https:\/\/i0.wp.com\/soclose.mx\/blog\/wp-content\/uploads\/2024\/07\/mexicanos-olimpicos-paris2024.jpg?fit=1148%2C786&ssl=1","datePublished":"2024-07-22T19:15:19+00:00","dateModified":"2024-07-23T00:26:45+00:00","description":"M\u00e9xico estar\u00e1 presente en Par\u00eds con una delegaci\u00f3n de m\u00e1s de 100 mexicanos que nos representar\u00e1n en los Juegos Ol\u00edmpicos Par\u00eds 2024.","breadcrumb":{"@id":"https:\/\/soclose.mx\/blog\/tag\/juan-rulfo-frases-mujeres\/#breadcrumb"},"inLanguage":"es","potentialAction":[{"@type":"ReadAction","target":["https:\/\/soclose.mx\/blog\/tag\/juan-rulfo-frases-mujeres\/"]}]},{"@type":"ImageObject","inLanguage":"es","@id":"https:\/\/soclose.mx\/blog\/tag\/juan-rulfo-frases-mujeres\/#primaryimage","url":"https:\/\/i0.wp.com\/soclose.mx\/blog\/wp-content\/uploads\/2024\/07\/mexicanos-olimpicos-paris2024.jpg?fit=1148%2C786&ssl=1","contentUrl":"https:\/\/i0.wp.com\/soclose.mx\/blog\/wp-content\/uploads\/2024\/07\/mexicanos-olimpicos-paris2024.jpg?fit=1148%2C786&ssl=1","width":1148,"height":786,"caption":"Atletas mexicanos en Juegos Ol\u00edmpicos Par\u00eds 2024"},{"@type":"BreadcrumbList","@id":"https:\/\/soclose.mx\/blog\/tag\/juan-rulfo-frases-mujeres\/#breadcrumb","itemListElement":[{"@type":"ListItem","position":1,"name":"Inicio","item":"https:\/\/soclose.mx\/blog\/"},{"@type":"ListItem","position":2,"name":"Mexicanos que nos representar\u00e1n en los Juegos Ol\u00edmpicos Par\u00eds 2024"}]},{"@type":"WebSite","@id":"https:\/\/soclose.mx\/blog\/#website","url":"https:\/\/soclose.mx\/blog\/","name":"So Close","description":"Hacemos contenidos de M\u00e9xico","publisher":{"@id":"https:\/\/soclose.mx\/blog\/#organization"},"potentialAction":[{"@type":"SearchAction","target":{"@type":"EntryPoint","urlTemplate":"https:\/\/soclose.mx\/blog\/?s={search_term_string}"},"query-input":{"@type":"PropertyValueSpecification","valueRequired":true,"valueName":"search_term_string"}}],"inLanguage":"es"},{"@type":"Organization","@id":"https:\/\/soclose.mx\/blog\/#organization","name":"So Close","url":"https:\/\/soclose.mx\/blog\/","logo":{"@type":"ImageObject","inLanguage":"es","@id":"https:\/\/soclose.mx\/blog\/#\/schema\/logo\/image\/","url":"https:\/\/i0.wp.com\/soclose.mx\/blog\/wp-content\/uploads\/2020\/12\/LOGO_SOCLOSE_COLOR-e1608310133507.png?fit=2858%2C1264&ssl=1","contentUrl":"https:\/\/i0.wp.com\/soclose.mx\/blog\/wp-content\/uploads\/2020\/12\/LOGO_SOCLOSE_COLOR-e1608310133507.png?fit=2858%2C1264&ssl=1","width":2858,"height":1264,"caption":"So Close"},"image":{"@id":"https:\/\/soclose.mx\/blog\/#\/schema\/logo\/image\/"}},{"@type":"Person","@id":"https:\/\/soclose.mx\/blog\/#\/schema\/person\/723eb117ab965b55c3e56b5d29751667","name":"So Close","image":{"@type":"ImageObject","inLanguage":"es","@id":"https:\/\/soclose.mx\/blog\/#\/schema\/person\/image\/","url":"https:\/\/secure.gravatar.com\/avatar\/5a1d1d694eaf6d2c28f450f0984cbb34821b92dc49c1d088c0250fbc6a48efec?s=96&d=mm&r=g","contentUrl":"https:\/\/secure.gravatar.com\/avatar\/5a1d1d694eaf6d2c28f450f0984cbb34821b92dc49c1d088c0250fbc6a48efec?s=96&d=mm&r=g","caption":"So Close"},"sameAs":["http:\/\/www.soclose.mx","https:\/\/www.youtube.com\/@soclosemx"],"url":"https:\/\/soclose.mx\/blog\/author\/admin\/"}]}},"jetpack_featured_media_url":"https:\/\/i0.wp.com\/soclose.mx\/blog\/wp-content\/uploads\/2024\/07\/mexicanos-olimpicos-paris2024.jpg?fit=1148%2C786&ssl=1","jetpack-related-posts":[{"id":13878,"url":"https:\/\/soclose.mx\/blog\/seleccion-mexicana\/marco-verde-el-boxeador-mexicano-hecho-de-metal-olimpico\/","url_meta":{"origin":13767,"position":0},"title":"Marco Verde: el boxeador mexicano hecho de metal ol\u00edmpico","author":"So Close","date":"6 agosto, 2024","format":false,"excerpt":"Marco Alonso Verde \u00c1lvarez es un joven boxeador mexicano que ha cautivado al p\u00fablico con su talento y determinaci\u00f3n en el ring. Nacido en Mazatl\u00e1n, Sinaloa, el 11 de febrero de 2002, Marco ha demostrado desde temprana edad una pasi\u00f3n por el boxeo, siguiendo los pasos de su padre, Manuel\u2026","rel":"","context":"En &quot;Selecci\u00f3n mexicana&quot;","block_context":{"text":"Selecci\u00f3n mexicana","link":"https:\/\/soclose.mx\/blog\/category\/seleccion-mexicana\/"},"img":{"alt_text":"Marco Verde, boxeador mexicano","src":"https:\/\/i0.wp.com\/soclose.mx\/blog\/wp-content\/uploads\/2024\/08\/Screen-Shot-2024-08-06-at-19.53.03.jpg?fit=668%2C696&ssl=1&resize=350%2C200","width":350,"height":200,"srcset":"https:\/\/i0.wp.com\/soclose.mx\/blog\/wp-content\/uploads\/2024\/08\/Screen-Shot-2024-08-06-at-19.53.03.jpg?fit=668%2C696&ssl=1&resize=350%2C200 1x, https:\/\/i0.wp.com\/soclose.mx\/blog\/wp-content\/uploads\/2024\/08\/Screen-Shot-2024-08-06-at-19.53.03.jpg?fit=668%2C696&ssl=1&resize=525%2C300 1.5x"},"classes":[]},{"id":13830,"url":"https:\/\/soclose.mx\/blog\/seleccion-mexicana\/juegos-olimpicos-en-mexico-historia-de-un-viaje-a-traves-del-tiempo\/","url_meta":{"origin":13767,"position":1},"title":"Juegos Ol\u00edmpicos en M\u00e9xico: Historia de un viaje a Trav\u00e9s del Tiempo","author":"So Close","date":"25 julio, 2024","format":false,"excerpt":"Los Juegos Ol\u00edmpicos han sido testigos de momentos hist\u00f3ricos que han marcado a la humanidad, y M\u00e9xico no ha sido la excepci\u00f3n. Con una rica historia en la celebraci\u00f3n de estos juegos, nuestro pa\u00eds ha sido escenario de eventos deportivos que han dejado una huella en la historia ol\u00edmpica. En\u2026","rel":"","context":"En &quot;Selecci\u00f3n mexicana&quot;","block_context":{"text":"Selecci\u00f3n mexicana","link":"https:\/\/soclose.mx\/blog\/category\/seleccion-mexicana\/"},"img":{"alt_text":"Juegos ol\u00edmpicos M\u00e9xico 1968","src":"https:\/\/i0.wp.com\/soclose.mx\/blog\/wp-content\/uploads\/2024\/07\/juegos-olimpicos-mexico68.jpg?fit=1134%2C776&ssl=1&resize=350%2C200","width":350,"height":200,"srcset":"https:\/\/i0.wp.com\/soclose.mx\/blog\/wp-content\/uploads\/2024\/07\/juegos-olimpicos-mexico68.jpg?fit=1134%2C776&ssl=1&resize=350%2C200 1x, https:\/\/i0.wp.com\/soclose.mx\/blog\/wp-content\/uploads\/2024\/07\/juegos-olimpicos-mexico68.jpg?fit=1134%2C776&ssl=1&resize=525%2C300 1.5x, https:\/\/i0.wp.com\/soclose.mx\/blog\/wp-content\/uploads\/2024\/07\/juegos-olimpicos-mexico68.jpg?fit=1134%2C776&ssl=1&resize=700%2C400 2x, https:\/\/i0.wp.com\/soclose.mx\/blog\/wp-content\/uploads\/2024\/07\/juegos-olimpicos-mexico68.jpg?fit=1134%2C776&ssl=1&resize=1050%2C600 3x"},"classes":[]},{"id":13842,"url":"https:\/\/soclose.mx\/blog\/seleccion-mexicana\/prisca-awiti-la-judoca-mexicana-que-hizo-historia-en-paris-2024\/","url_meta":{"origin":13767,"position":2},"title":"Prisca Awiti: La judoca mexicana que hizo historia en Par\u00eds 2024","author":"So Close","date":"30 julio, 2024","format":false,"excerpt":"Prisca Guadalupe Awiti Alcar\u00e1z, de 28 a\u00f1os, se convirti\u00f3 en la primera mexicana en ganar una medalla ol\u00edmpica en judo al obtener la plata en la categor\u00eda -63 kg durante los Juegos Ol\u00edmpicos de Par\u00eds 2024.\u00a0 Prisca Awiti: la judoca mexicana, nacida en Londres, Inglaterra, de madre mexicana y padre\u2026","rel":"","context":"En &quot;News feed&quot;","block_context":{"text":"News feed","link":"https:\/\/soclose.mx\/blog\/category\/news-feed\/"},"img":{"alt_text":"Prisca Awiti, judoca mexicana","src":"https:\/\/i0.wp.com\/soclose.mx\/blog\/wp-content\/uploads\/2024\/07\/Prisca-Awiti-judocamexicana.jpg?fit=1200%2C940&ssl=1&resize=350%2C200","width":350,"height":200,"srcset":"https:\/\/i0.wp.com\/soclose.mx\/blog\/wp-content\/uploads\/2024\/07\/Prisca-Awiti-judocamexicana.jpg?fit=1200%2C940&ssl=1&resize=350%2C200 1x, https:\/\/i0.wp.com\/soclose.mx\/blog\/wp-content\/uploads\/2024\/07\/Prisca-Awiti-judocamexicana.jpg?fit=1200%2C940&ssl=1&resize=525%2C300 1.5x, https:\/\/i0.wp.com\/soclose.mx\/blog\/wp-content\/uploads\/2024\/07\/Prisca-Awiti-judocamexicana.jpg?fit=1200%2C940&ssl=1&resize=700%2C400 2x, https:\/\/i0.wp.com\/soclose.mx\/blog\/wp-content\/uploads\/2024\/07\/Prisca-Awiti-judocamexicana.jpg?fit=1200%2C940&ssl=1&resize=1050%2C600 3x"},"classes":[]},{"id":13094,"url":"https:\/\/soclose.mx\/blog\/para-todos\/de-atleta-olimpico-a-politico-mexicano-cinco-casos-de-compromiso\/","url_meta":{"origin":13767,"position":3},"title":"De atleta ol\u00edmpico a pol\u00edtico mexicano: cinco casos de compromiso","author":"Emmanuel Oviedo","date":"5 febrero, 2024","format":false,"excerpt":"Mexico tiene un palmar\u00e9s cuando se trata de competencias ol\u00edmpicas y deportistas. Personajes que destacaron como grandes deportistas en su momento, el atleta ol\u00edmpico y l\u00edder en sus disciplina. Ahora, como mexicanos destacados, pasaron de la disciplina deportiva a la participaci\u00f3n ciudadana para el bien de nuestro pa\u00eds. Ahora que\u2026","rel":"","context":"En &quot;Para todos&quot;","block_context":{"text":"Para todos","link":"https:\/\/soclose.mx\/blog\/category\/para-todos\/"},"img":{"alt_text":"","src":"https:\/\/i0.wp.com\/soclose.mx\/blog\/wp-content\/uploads\/2024\/01\/Tatiana-ortiz-Olimpiadas-1-3.jpg?fit=800%2C532&ssl=1&resize=350%2C200","width":350,"height":200,"srcset":"https:\/\/i0.wp.com\/soclose.mx\/blog\/wp-content\/uploads\/2024\/01\/Tatiana-ortiz-Olimpiadas-1-3.jpg?fit=800%2C532&ssl=1&resize=350%2C200 1x, https:\/\/i0.wp.com\/soclose.mx\/blog\/wp-content\/uploads\/2024\/01\/Tatiana-ortiz-Olimpiadas-1-3.jpg?fit=800%2C532&ssl=1&resize=525%2C300 1.5x, https:\/\/i0.wp.com\/soclose.mx\/blog\/wp-content\/uploads\/2024\/01\/Tatiana-ortiz-Olimpiadas-1-3.jpg?fit=800%2C532&ssl=1&resize=700%2C400 2x"},"classes":[]},{"id":13870,"url":"https:\/\/soclose.mx\/blog\/seleccion-mexicana\/ma-jin-la-entrenadora-china-que-transformo-a-clavadistas-mexicanos\/","url_meta":{"origin":13767,"position":4},"title":"Ma Jin: la entrenadora china que transform\u00f3 a clavadistas mexicanos","author":"So Close","date":"5 agosto, 2024","format":false,"excerpt":"Ma Jin: la entrenadora china | una Leyenda Asi\u00e1tica en Aguas Mexicanas, quien transform\u00f3 a clavadistas mexicanos Ma Jin, una entrenadora china con una trayectoria excepcional, ha dejado una huella imborrable en el deporte mexicano, especialmente en los clavados. Su llegada a M\u00e9xico marc\u00f3 un antes y un despu\u00e9s en\u2026","rel":"","context":"En &quot;Selecci\u00f3n mexicana&quot;","block_context":{"text":"Selecci\u00f3n mexicana","link":"https:\/\/soclose.mx\/blog\/category\/seleccion-mexicana\/"},"img":{"alt_text":"Ma Jin: entrenadora china","src":"https:\/\/i0.wp.com\/soclose.mx\/blog\/wp-content\/uploads\/2024\/08\/WhatsApp_Image_2024-05-22_at_2.52.27_PM__4_.jpg?fit=1200%2C800&ssl=1&resize=350%2C200","width":350,"height":200,"srcset":"https:\/\/i0.wp.com\/soclose.mx\/blog\/wp-content\/uploads\/2024\/08\/WhatsApp_Image_2024-05-22_at_2.52.27_PM__4_.jpg?fit=1200%2C800&ssl=1&resize=350%2C200 1x, https:\/\/i0.wp.com\/soclose.mx\/blog\/wp-content\/uploads\/2024\/08\/WhatsApp_Image_2024-05-22_at_2.52.27_PM__4_.jpg?fit=1200%2C800&ssl=1&resize=525%2C300 1.5x, https:\/\/i0.wp.com\/soclose.mx\/blog\/wp-content\/uploads\/2024\/08\/WhatsApp_Image_2024-05-22_at_2.52.27_PM__4_.jpg?fit=1200%2C800&ssl=1&resize=700%2C400 2x, https:\/\/i0.wp.com\/soclose.mx\/blog\/wp-content\/uploads\/2024\/08\/WhatsApp_Image_2024-05-22_at_2.52.27_PM__4_.jpg?fit=1200%2C800&ssl=1&resize=1050%2C600 3x"},"classes":[]},{"id":6096,"url":"https:\/\/soclose.mx\/blog\/news-feed\/video-asi-vistieron-los-atletas-olimpicos-mexicanos-en-tokyo-2020\/","url_meta":{"origin":13767,"position":5},"title":"VIDEO | As\u00ed vistieron los atletas ol\u00edmpicos mexicanos en Tokyo 2020","author":"So Close","date":"23 julio, 2021","format":false,"excerpt":"De acuerdo con informaci\u00f3n del Comit\u00e9 Ol\u00edmpico Mexicano (COM), Tehuana\u202fOaxaque\u00f1a es el Traje de Gala que portaron los atletas mexicanos en la Ceremonia de Inauguraci\u00f3n de los Juegos Ol\u00edmpicos de Tokyo 2020, la cual fue este 23 de julio, en el Estadio Ol\u00edmpico, de la capital japonesa.\u00a0\u00a0\u00a0\u00a0 \u00a0 \u00a0 El\u2026","rel":"","context":"En &quot;News feed&quot;","block_context":{"text":"News feed","link":"https:\/\/soclose.mx\/blog\/category\/news-feed\/"},"img":{"alt_text":"","src":"https:\/\/i0.wp.com\/soclose.mx\/blog\/wp-content\/uploads\/2021\/07\/rommel-pacheco-tokyo2020.jpeg?fit=1200%2C677&ssl=1&resize=350%2C200","width":350,"height":200,"srcset":"https:\/\/i0.wp.com\/soclose.mx\/blog\/wp-content\/uploads\/2021\/07\/rommel-pacheco-tokyo2020.jpeg?fit=1200%2C677&ssl=1&resize=350%2C200 1x, https:\/\/i0.wp.com\/soclose.mx\/blog\/wp-content\/uploads\/2021\/07\/rommel-pacheco-tokyo2020.jpeg?fit=1200%2C677&ssl=1&resize=525%2C300 1.5x, https:\/\/i0.wp.com\/soclose.mx\/blog\/wp-content\/uploads\/2021\/07\/rommel-pacheco-tokyo2020.jpeg?fit=1200%2C677&ssl=1&resize=700%2C400 2x, https:\/\/i0.wp.com\/soclose.mx\/blog\/wp-content\/uploads\/2021\/07\/rommel-pacheco-tokyo2020.jpeg?fit=1200%2C677&ssl=1&resize=1050%2C600 3x"},"classes":[]}],"jetpack_sharing_enabled":true,"_links":{"self":[{"href":"https:\/\/soclose.mx\/blog\/wp-json\/wp\/v2\/posts\/13767","targetHints":{"allow":["GET"]}}],"collection":[{"href":"https:\/\/soclose.mx\/blog\/wp-json\/wp\/v2\/posts"}],"about":[{"href":"https:\/\/soclose.mx\/blog\/wp-json\/wp\/v2\/types\/post"}],"author":[{"embeddable":true,"href":"https:\/\/soclose.mx\/blog\/wp-json\/wp\/v2\/users\/1"}],"replies":[{"embeddable":true,"href":"https:\/\/soclose.mx\/blog\/wp-json\/wp\/v2\/comments?post=13767"}],"version-history":[{"count":12,"href":"https:\/\/soclose.mx\/blog\/wp-json\/wp\/v2\/posts\/13767\/revisions"}],"predecessor-version":[{"id":13809,"href":"https:\/\/soclose.mx\/blog\/wp-json\/wp\/v2\/posts\/13767\/revisions\/13809"}],"wp:featuredmedia":[{"embeddable":true,"href":"https:\/\/soclose.mx\/blog\/wp-json\/wp\/v2\/media\/13771"}],"wp:attachment":[{"href":"https:\/\/soclose.mx\/blog\/wp-json\/wp\/v2\/media?parent=13767"}],"wp:term":[{"taxonomy":"category","embeddable":true,"href":"https:\/\/soclose.mx\/blog\/wp-json\/wp\/v2\/categories?post=13767"},{"taxonomy":"post_tag","embeddable":true,"href":"https:\/\/soclose.mx\/blog\/wp-json\/wp\/v2\/tags?post=13767"}],"curies":[{"name":"wp","href":"https:\/\/api.w.org\/{rel}","templated":true}]}}