{"id":13830,"date":"2024-07-25T20:10:31","date_gmt":"2024-07-26T02:10:31","guid":{"rendered":"https:\/\/soclose.mx\/blog\/?p=13830"},"modified":"2024-07-25T20:10:31","modified_gmt":"2024-07-26T02:10:31","slug":"juegos-olimpicos-en-mexico-historia-de-un-viaje-a-traves-del-tiempo","status":"publish","type":"post","link":"https:\/\/soclose.mx\/blog\/seleccion-mexicana\/juegos-olimpicos-en-mexico-historia-de-un-viaje-a-traves-del-tiempo\/","title":{"rendered":"Juegos Ol\u00edmpicos en M\u00e9xico: Historia de un viaje a Trav\u00e9s del Tiempo"},"content":{"rendered":"<p class=\"p1\">Los Juegos Ol\u00edmpicos han sido testigos de momentos hist\u00f3ricos que han marcado a la humanidad, y M\u00e9xico no ha sido la excepci\u00f3n. Con una rica historia en la celebraci\u00f3n de estos juegos, nuestro pa\u00eds ha sido escenario de eventos deportivos que han dejado una huella en la historia ol\u00edmpica. En este art\u00edculo, exploraremos los momentos m\u00e1s destacados de los Juegos Ol\u00edmpicos en M\u00e9xico, desde su primera participaci\u00f3n hasta el memorable evento de 1968.<\/p>\n<h2 class=\"p1\">La Primera Participaci\u00f3n de M\u00e9xico en los Juegos Ol\u00edmpicos<\/h2>\n<p class=\"p1\">M\u00e9xico hizo su primera aparici\u00f3n en los Juegos Ol\u00edmpicos en 1924, durante los Juegos Ol\u00edmpicos de Par\u00eds. Aunque el pa\u00eds s\u00f3lo envi\u00f3 una peque\u00f1a delegaci\u00f3n, este evento marc\u00f3 el inicio de su participaci\u00f3n en el escenario ol\u00edmpico. M\u00e9xico continu\u00f3 enviando atletas a las siguientes ediciones de los Juegos Ol\u00edmpicos, y con el tiempo, su presencia se hizo cada vez m\u00e1s notable.<\/p>\n<h2 class=\"p1\">Los Juegos Ol\u00edmpicos de 1968 en Ciudad de M\u00e9xico<\/h2>\n<p class=\"p1\">El punto culminante de la historia ol\u00edmpica de M\u00e9xico lleg\u00f3 en 1968, cuando Ciudad de M\u00e9xico fue elegida como la sede de los<a href=\"https:\/\/olympics.com\/es\/olympic-games\/mexico-city-1968\" target=\"_blank\" rel=\"noopener\"> Juegos Ol\u00edmpicos<\/a>. Estos Juegos no s\u00f3lo fueron hist\u00f3ricos por ser la primera vez que se celebraron en Am\u00e9rica Latina, sino tambi\u00e9n por el contexto pol\u00edtico y social en el que tuvieron lugar.<\/p>\n<p><iframe loading=\"lazy\" title=\"As\u00ed fue la inauguraci\u00f3n, el 12 de octubre de 1968, de los Juegos Ol\u00edmpicos de M\u00e9xico.\" width=\"1170\" height=\"658\" src=\"https:\/\/www.youtube.com\/embed\/EHIXW9alYGI?feature=oembed\" frameborder=\"0\" allow=\"accelerometer; autoplay; clipboard-write; encrypted-media; gyroscope; picture-in-picture; web-share\" referrerpolicy=\"strict-origin-when-cross-origin\" allowfullscreen><\/iframe><\/p>\n<p class=\"p1\">Aspectos Destacados de los <a href=\"https:\/\/soclose.mx\/blog\/ay-goeeee\/los-momentos-mas-polemicos-de-las-olimpiadas-mexico-1968\/\" target=\"_blank\" rel=\"noopener\">Juegos Ol\u00edmpicos de 1968<\/a>:<\/p>\n<p class=\"p1\">Inauguraci\u00f3n Hist\u00f3rica: La ceremonia de apertura se llev\u00f3 a cabo en el Estadio Azteca, un lugar emblem\u00e1tico que se ha convertido en sin\u00f3nimo de grandes eventos deportivos.<\/p>\n<p class=\"p1\">Participaci\u00f3n y Logros: M\u00e1s de 2000 atletas de 112 pa\u00edses compitieron en 172 eventos. M\u00e9xico obtuvo 9 medallas, incluyendo 2 de oro, 3 de plata y 4 de bronce, destacando en disciplinas como el atletismo y el boxeo.<\/p>\n<p class=\"p1\">El Momento del Podio: Uno de los momentos m\u00e1s recordados de estos Juegos fue el gesto de protesta de los atletas estadounidenses Tommie Smith y John Carlos, quienes levantaron el pu\u00f1o en un gesto de protesta durante la ceremonia de premiaci\u00f3n del atletismo. Este acto se convirti\u00f3 en un s\u00edmbolo de la lucha por los derechos civiles y sigue siendo uno de los momentos m\u00e1s poderosos en la historia ol\u00edmpica.<\/p>\n<p class=\"p1\">El Impacto Social y Cultural: Los Juegos Ol\u00edmpicos de 1968 en Ciudad de M\u00e9xico no s\u00f3lo fueron un evento deportivo, sino que tambi\u00e9n jugaron un papel crucial en el contexto social y cultural de la \u00e9poca, reflejando y amplificando las tensiones y aspiraciones de la sociedad mexicana y del mundo.<\/p>\n<p class=\"p1\">La Legac\u00eda de los Juegos Ol\u00edmpicos en M\u00e9xico<\/p>\n<p class=\"p1\">El impacto de los Juegos Ol\u00edmpicos de 1968 ha perdurado en el tiempo. No s\u00f3lo se trat\u00f3 de un evento que celebr\u00f3 el esp\u00edritu deportivo, sino que tambi\u00e9n dej\u00f3 un legado duradero en t\u00e9rminos de infraestructura y desarrollo urbano en Ciudad de M\u00e9xico. El Estadio Azteca y otras instalaciones construidas para los Juegos contin\u00faan siendo \u00edconos del deporte y la cultura en M\u00e9xico.<\/p>\n<p class=\"p1\">Adem\u00e1s, la participaci\u00f3n y el desempe\u00f1o de los atletas mexicanos en los Juegos Ol\u00edmpicos han inspirado a generaciones futuras y han contribuido al desarrollo del deporte en el pa\u00eds. M\u00e9xico sigue siendo un participante activo en los Juegos Ol\u00edmpicos y contin\u00faa buscando la excelencia en diversas disciplinas.<\/p>\n<p class=\"p1\">La historia de los Juegos Ol\u00edmpicos en M\u00e9xico es una rica traves\u00eda de eventos hist\u00f3ricos, logros deportivos y momentos de gran significado cultural. Desde su primera participaci\u00f3n en 1924 hasta el hist\u00f3rico evento de 1968 en Ciudad de M\u00e9xico, el pa\u00eds ha demostrado su capacidad para ser un anfitri\u00f3n y competidor destacado en el escenario ol\u00edmpico mundial. La herencia de estos eventos sigue influyendo en la cultura deportiva de M\u00e9xico y en el esp\u00edritu ol\u00edmpico global.<\/p>\n","protected":false},"excerpt":{"rendered":"<p>Los Juegos Ol\u00edmpicos han sido testigos de momentos hist\u00f3ricos que han marcado a la humanidad, y M\u00e9xico no ha sido la excepci\u00f3n. Con una rica historia en la celebraci\u00f3n de estos juegos, nuestro pa\u00eds ha sido escenario de eventos deportivos que han dejado una huella en la historia ol\u00edmpica. En este art\u00edculo, exploraremos los momentos m\u00e1s destacados de los Juegos Ol\u00edmpicos en M\u00e9xico, desde su primera participaci\u00f3n hasta el memorable evento de 1968. La Primera Participaci\u00f3n de M\u00e9xico en los Juegos Ol\u00edmpicos M\u00e9xico hizo su primera aparici\u00f3n en los Juegos Ol\u00edmpicos en 1924, durante los Juegos Ol\u00edmpicos de Par\u00eds. Aunque<\/p>\n","protected":false},"author":1,"featured_media":13831,"comment_status":"open","ping_status":"open","sticky":false,"template":"","format":"standard","meta":{"_jetpack_memberships_contains_paid_content":false,"footnotes":""},"categories":[3104],"tags":[],"class_list":["post-13830","post","type-post","status-publish","format-standard","has-post-thumbnail","hentry","category-seleccion-mexicana"],"yoast_head":"<!-- This site is optimized with the Yoast SEO plugin v26.7 - https:\/\/yoast.com\/wordpress\/plugins\/seo\/ -->\n<title>Juegos Ol\u00edmpicos en M\u00e9xico: Historia de un viaje a Trav\u00e9s del Tiempo - So Close<\/title>\n<meta name=\"description\" content=\"El punto culminante de la historia ol\u00edmpica de M\u00e9xico fue en 1968, cuando Ciudad de M\u00e9xico fue elegida como la sede de los Juegos Ol\u00edmpicos.\" \/>\n<meta name=\"robots\" content=\"index, follow, max-snippet:-1, max-image-preview:large, max-video-preview:-1\" \/>\n<link rel=\"canonical\" href=\"https:\/\/soclose.mx\/blog\/tag\/juan-rulfo-frases-mujeres\/\" \/>\n<meta property=\"og:locale\" content=\"es_MX\" \/>\n<meta property=\"og:type\" content=\"article\" \/>\n<meta property=\"og:title\" content=\"Juegos Ol\u00edmpicos en M\u00e9xico: Historia de un viaje a Trav\u00e9s del Tiempo - So Close\" \/>\n<meta property=\"og:description\" content=\"El punto culminante de la historia ol\u00edmpica de M\u00e9xico fue en 1968, cuando Ciudad de M\u00e9xico fue elegida como la sede de los Juegos Ol\u00edmpicos.\" \/>\n<meta property=\"og:url\" content=\"https:\/\/soclose.mx\/blog\/tag\/juan-rulfo-frases-mujeres\/\" \/>\n<meta property=\"og:site_name\" content=\"So Close\" \/>\n<meta property=\"article:published_time\" content=\"2024-07-26T02:10:31+00:00\" \/>\n<meta property=\"og:image\" content=\"https:\/\/i0.wp.com\/soclose.mx\/blog\/wp-content\/uploads\/2024\/07\/juegos-olimpicos-mexico68.jpg?fit=1134%2C776&ssl=1\" \/>\n\t<meta property=\"og:image:width\" content=\"1134\" \/>\n\t<meta property=\"og:image:height\" content=\"776\" \/>\n\t<meta property=\"og:image:type\" content=\"image\/jpeg\" \/>\n<meta name=\"author\" content=\"So Close\" \/>\n<meta name=\"twitter:card\" content=\"summary_large_image\" \/>\n<meta name=\"twitter:label1\" content=\"Escrito por\" \/>\n\t<meta name=\"twitter:data1\" content=\"So Close\" \/>\n\t<meta name=\"twitter:label2\" content=\"Tiempo de lectura\" \/>\n\t<meta name=\"twitter:data2\" content=\"3 minutos\" \/>\n<script type=\"application\/ld+json\" class=\"yoast-schema-graph\">{\"@context\":\"https:\/\/schema.org\",\"@graph\":[{\"@type\":\"Article\",\"@id\":\"https:\/\/soclose.mx\/blog\/tag\/juan-rulfo-frases-mujeres\/#article\",\"isPartOf\":{\"@id\":\"https:\/\/soclose.mx\/blog\/tag\/juan-rulfo-frases-mujeres\/\"},\"author\":{\"name\":\"So Close\",\"@id\":\"https:\/\/soclose.mx\/blog\/#\/schema\/person\/723eb117ab965b55c3e56b5d29751667\"},\"headline\":\"Juegos Ol\u00edmpicos en M\u00e9xico: Historia de un viaje a Trav\u00e9s del Tiempo\",\"datePublished\":\"2024-07-26T02:10:31+00:00\",\"mainEntityOfPage\":{\"@id\":\"https:\/\/soclose.mx\/blog\/tag\/juan-rulfo-frases-mujeres\/\"},\"wordCount\":696,\"commentCount\":0,\"publisher\":{\"@id\":\"https:\/\/soclose.mx\/blog\/#organization\"},\"image\":{\"@id\":\"https:\/\/soclose.mx\/blog\/tag\/juan-rulfo-frases-mujeres\/#primaryimage\"},\"thumbnailUrl\":\"https:\/\/i0.wp.com\/soclose.mx\/blog\/wp-content\/uploads\/2024\/07\/juegos-olimpicos-mexico68.jpg?fit=1134%2C776&ssl=1\",\"articleSection\":[\"Selecci\u00f3n mexicana\"],\"inLanguage\":\"es\",\"potentialAction\":[{\"@type\":\"CommentAction\",\"name\":\"Comment\",\"target\":[\"https:\/\/soclose.mx\/blog\/tag\/juan-rulfo-frases-mujeres\/#respond\"]}]},{\"@type\":\"WebPage\",\"@id\":\"https:\/\/soclose.mx\/blog\/tag\/juan-rulfo-frases-mujeres\/\",\"url\":\"https:\/\/soclose.mx\/blog\/tag\/juan-rulfo-frases-mujeres\/\",\"name\":\"Juegos Ol\u00edmpicos en M\u00e9xico: Historia de un viaje a Trav\u00e9s del Tiempo - So Close\",\"isPartOf\":{\"@id\":\"https:\/\/soclose.mx\/blog\/#website\"},\"primaryImageOfPage\":{\"@id\":\"https:\/\/soclose.mx\/blog\/tag\/juan-rulfo-frases-mujeres\/#primaryimage\"},\"image\":{\"@id\":\"https:\/\/soclose.mx\/blog\/tag\/juan-rulfo-frases-mujeres\/#primaryimage\"},\"thumbnailUrl\":\"https:\/\/i0.wp.com\/soclose.mx\/blog\/wp-content\/uploads\/2024\/07\/juegos-olimpicos-mexico68.jpg?fit=1134%2C776&ssl=1\",\"datePublished\":\"2024-07-26T02:10:31+00:00\",\"description\":\"El punto culminante de la historia ol\u00edmpica de M\u00e9xico fue en 1968, cuando Ciudad de M\u00e9xico fue elegida como la sede de los Juegos Ol\u00edmpicos.\",\"breadcrumb\":{\"@id\":\"https:\/\/soclose.mx\/blog\/tag\/juan-rulfo-frases-mujeres\/#breadcrumb\"},\"inLanguage\":\"es\",\"potentialAction\":[{\"@type\":\"ReadAction\",\"target\":[\"https:\/\/soclose.mx\/blog\/tag\/juan-rulfo-frases-mujeres\/\"]}]},{\"@type\":\"ImageObject\",\"inLanguage\":\"es\",\"@id\":\"https:\/\/soclose.mx\/blog\/tag\/juan-rulfo-frases-mujeres\/#primaryimage\",\"url\":\"https:\/\/i0.wp.com\/soclose.mx\/blog\/wp-content\/uploads\/2024\/07\/juegos-olimpicos-mexico68.jpg?fit=1134%2C776&ssl=1\",\"contentUrl\":\"https:\/\/i0.wp.com\/soclose.mx\/blog\/wp-content\/uploads\/2024\/07\/juegos-olimpicos-mexico68.jpg?fit=1134%2C776&ssl=1\",\"width\":1134,\"height\":776,\"caption\":\"Juegos ol\u00edmpicos M\u00e9xico 1968\"},{\"@type\":\"BreadcrumbList\",\"@id\":\"https:\/\/soclose.mx\/blog\/tag\/juan-rulfo-frases-mujeres\/#breadcrumb\",\"itemListElement\":[{\"@type\":\"ListItem\",\"position\":1,\"name\":\"Inicio\",\"item\":\"https:\/\/soclose.mx\/blog\/\"},{\"@type\":\"ListItem\",\"position\":2,\"name\":\"Juegos Ol\u00edmpicos en M\u00e9xico: Historia de un viaje a Trav\u00e9s del Tiempo\"}]},{\"@type\":\"WebSite\",\"@id\":\"https:\/\/soclose.mx\/blog\/#website\",\"url\":\"https:\/\/soclose.mx\/blog\/\",\"name\":\"So Close\",\"description\":\"Hacemos contenidos de M\u00e9xico\",\"publisher\":{\"@id\":\"https:\/\/soclose.mx\/blog\/#organization\"},\"potentialAction\":[{\"@type\":\"SearchAction\",\"target\":{\"@type\":\"EntryPoint\",\"urlTemplate\":\"https:\/\/soclose.mx\/blog\/?s={search_term_string}\"},\"query-input\":{\"@type\":\"PropertyValueSpecification\",\"valueRequired\":true,\"valueName\":\"search_term_string\"}}],\"inLanguage\":\"es\"},{\"@type\":\"Organization\",\"@id\":\"https:\/\/soclose.mx\/blog\/#organization\",\"name\":\"So Close\",\"url\":\"https:\/\/soclose.mx\/blog\/\",\"logo\":{\"@type\":\"ImageObject\",\"inLanguage\":\"es\",\"@id\":\"https:\/\/soclose.mx\/blog\/#\/schema\/logo\/image\/\",\"url\":\"https:\/\/i0.wp.com\/soclose.mx\/blog\/wp-content\/uploads\/2020\/12\/LOGO_SOCLOSE_COLOR-e1608310133507.png?fit=2858%2C1264&ssl=1\",\"contentUrl\":\"https:\/\/i0.wp.com\/soclose.mx\/blog\/wp-content\/uploads\/2020\/12\/LOGO_SOCLOSE_COLOR-e1608310133507.png?fit=2858%2C1264&ssl=1\",\"width\":2858,\"height\":1264,\"caption\":\"So Close\"},\"image\":{\"@id\":\"https:\/\/soclose.mx\/blog\/#\/schema\/logo\/image\/\"}},{\"@type\":\"Person\",\"@id\":\"https:\/\/soclose.mx\/blog\/#\/schema\/person\/723eb117ab965b55c3e56b5d29751667\",\"name\":\"So Close\",\"image\":{\"@type\":\"ImageObject\",\"inLanguage\":\"es\",\"@id\":\"https:\/\/soclose.mx\/blog\/#\/schema\/person\/image\/\",\"url\":\"https:\/\/secure.gravatar.com\/avatar\/5a1d1d694eaf6d2c28f450f0984cbb34821b92dc49c1d088c0250fbc6a48efec?s=96&d=mm&r=g\",\"contentUrl\":\"https:\/\/secure.gravatar.com\/avatar\/5a1d1d694eaf6d2c28f450f0984cbb34821b92dc49c1d088c0250fbc6a48efec?s=96&d=mm&r=g\",\"caption\":\"So Close\"},\"sameAs\":[\"http:\/\/www.soclose.mx\",\"https:\/\/www.youtube.com\/@soclosemx\"],\"url\":\"https:\/\/soclose.mx\/blog\/author\/admin\/\"}]}<\/script>\n<!-- \/ Yoast SEO plugin. -->","yoast_head_json":{"title":"Juegos Ol\u00edmpicos en M\u00e9xico: Historia de un viaje a Trav\u00e9s del Tiempo - So Close","description":"El punto culminante de la historia ol\u00edmpica de M\u00e9xico fue en 1968, cuando Ciudad de M\u00e9xico fue elegida como la sede de los Juegos Ol\u00edmpicos.","robots":{"index":"index","follow":"follow","max-snippet":"max-snippet:-1","max-image-preview":"max-image-preview:large","max-video-preview":"max-video-preview:-1"},"canonical":"https:\/\/soclose.mx\/blog\/tag\/juan-rulfo-frases-mujeres\/","og_locale":"es_MX","og_type":"article","og_title":"Juegos Ol\u00edmpicos en M\u00e9xico: Historia de un viaje a Trav\u00e9s del Tiempo - So Close","og_description":"El punto culminante de la historia ol\u00edmpica de M\u00e9xico fue en 1968, cuando Ciudad de M\u00e9xico fue elegida como la sede de los Juegos Ol\u00edmpicos.","og_url":"https:\/\/soclose.mx\/blog\/tag\/juan-rulfo-frases-mujeres\/","og_site_name":"So Close","article_published_time":"2024-07-26T02:10:31+00:00","og_image":[{"width":1134,"height":776,"url":"https:\/\/i0.wp.com\/soclose.mx\/blog\/wp-content\/uploads\/2024\/07\/juegos-olimpicos-mexico68.jpg?fit=1134%2C776&ssl=1","type":"image\/jpeg"}],"author":"So Close","twitter_card":"summary_large_image","twitter_misc":{"Escrito por":"So Close","Tiempo de lectura":"3 minutos"},"schema":{"@context":"https:\/\/schema.org","@graph":[{"@type":"Article","@id":"https:\/\/soclose.mx\/blog\/tag\/juan-rulfo-frases-mujeres\/#article","isPartOf":{"@id":"https:\/\/soclose.mx\/blog\/tag\/juan-rulfo-frases-mujeres\/"},"author":{"name":"So Close","@id":"https:\/\/soclose.mx\/blog\/#\/schema\/person\/723eb117ab965b55c3e56b5d29751667"},"headline":"Juegos Ol\u00edmpicos en M\u00e9xico: Historia de un viaje a Trav\u00e9s del Tiempo","datePublished":"2024-07-26T02:10:31+00:00","mainEntityOfPage":{"@id":"https:\/\/soclose.mx\/blog\/tag\/juan-rulfo-frases-mujeres\/"},"wordCount":696,"commentCount":0,"publisher":{"@id":"https:\/\/soclose.mx\/blog\/#organization"},"image":{"@id":"https:\/\/soclose.mx\/blog\/tag\/juan-rulfo-frases-mujeres\/#primaryimage"},"thumbnailUrl":"https:\/\/i0.wp.com\/soclose.mx\/blog\/wp-content\/uploads\/2024\/07\/juegos-olimpicos-mexico68.jpg?fit=1134%2C776&ssl=1","articleSection":["Selecci\u00f3n mexicana"],"inLanguage":"es","potentialAction":[{"@type":"CommentAction","name":"Comment","target":["https:\/\/soclose.mx\/blog\/tag\/juan-rulfo-frases-mujeres\/#respond"]}]},{"@type":"WebPage","@id":"https:\/\/soclose.mx\/blog\/tag\/juan-rulfo-frases-mujeres\/","url":"https:\/\/soclose.mx\/blog\/tag\/juan-rulfo-frases-mujeres\/","name":"Juegos Ol\u00edmpicos en M\u00e9xico: Historia de un viaje a Trav\u00e9s del Tiempo - So Close","isPartOf":{"@id":"https:\/\/soclose.mx\/blog\/#website"},"primaryImageOfPage":{"@id":"https:\/\/soclose.mx\/blog\/tag\/juan-rulfo-frases-mujeres\/#primaryimage"},"image":{"@id":"https:\/\/soclose.mx\/blog\/tag\/juan-rulfo-frases-mujeres\/#primaryimage"},"thumbnailUrl":"https:\/\/i0.wp.com\/soclose.mx\/blog\/wp-content\/uploads\/2024\/07\/juegos-olimpicos-mexico68.jpg?fit=1134%2C776&ssl=1","datePublished":"2024-07-26T02:10:31+00:00","description":"El punto culminante de la historia ol\u00edmpica de M\u00e9xico fue en 1968, cuando Ciudad de M\u00e9xico fue elegida como la sede de los Juegos Ol\u00edmpicos.","breadcrumb":{"@id":"https:\/\/soclose.mx\/blog\/tag\/juan-rulfo-frases-mujeres\/#breadcrumb"},"inLanguage":"es","potentialAction":[{"@type":"ReadAction","target":["https:\/\/soclose.mx\/blog\/tag\/juan-rulfo-frases-mujeres\/"]}]},{"@type":"ImageObject","inLanguage":"es","@id":"https:\/\/soclose.mx\/blog\/tag\/juan-rulfo-frases-mujeres\/#primaryimage","url":"https:\/\/i0.wp.com\/soclose.mx\/blog\/wp-content\/uploads\/2024\/07\/juegos-olimpicos-mexico68.jpg?fit=1134%2C776&ssl=1","contentUrl":"https:\/\/i0.wp.com\/soclose.mx\/blog\/wp-content\/uploads\/2024\/07\/juegos-olimpicos-mexico68.jpg?fit=1134%2C776&ssl=1","width":1134,"height":776,"caption":"Juegos ol\u00edmpicos M\u00e9xico 1968"},{"@type":"BreadcrumbList","@id":"https:\/\/soclose.mx\/blog\/tag\/juan-rulfo-frases-mujeres\/#breadcrumb","itemListElement":[{"@type":"ListItem","position":1,"name":"Inicio","item":"https:\/\/soclose.mx\/blog\/"},{"@type":"ListItem","position":2,"name":"Juegos Ol\u00edmpicos en M\u00e9xico: Historia de un viaje a Trav\u00e9s del Tiempo"}]},{"@type":"WebSite","@id":"https:\/\/soclose.mx\/blog\/#website","url":"https:\/\/soclose.mx\/blog\/","name":"So Close","description":"Hacemos contenidos de M\u00e9xico","publisher":{"@id":"https:\/\/soclose.mx\/blog\/#organization"},"potentialAction":[{"@type":"SearchAction","target":{"@type":"EntryPoint","urlTemplate":"https:\/\/soclose.mx\/blog\/?s={search_term_string}"},"query-input":{"@type":"PropertyValueSpecification","valueRequired":true,"valueName":"search_term_string"}}],"inLanguage":"es"},{"@type":"Organization","@id":"https:\/\/soclose.mx\/blog\/#organization","name":"So Close","url":"https:\/\/soclose.mx\/blog\/","logo":{"@type":"ImageObject","inLanguage":"es","@id":"https:\/\/soclose.mx\/blog\/#\/schema\/logo\/image\/","url":"https:\/\/i0.wp.com\/soclose.mx\/blog\/wp-content\/uploads\/2020\/12\/LOGO_SOCLOSE_COLOR-e1608310133507.png?fit=2858%2C1264&ssl=1","contentUrl":"https:\/\/i0.wp.com\/soclose.mx\/blog\/wp-content\/uploads\/2020\/12\/LOGO_SOCLOSE_COLOR-e1608310133507.png?fit=2858%2C1264&ssl=1","width":2858,"height":1264,"caption":"So Close"},"image":{"@id":"https:\/\/soclose.mx\/blog\/#\/schema\/logo\/image\/"}},{"@type":"Person","@id":"https:\/\/soclose.mx\/blog\/#\/schema\/person\/723eb117ab965b55c3e56b5d29751667","name":"So Close","image":{"@type":"ImageObject","inLanguage":"es","@id":"https:\/\/soclose.mx\/blog\/#\/schema\/person\/image\/","url":"https:\/\/secure.gravatar.com\/avatar\/5a1d1d694eaf6d2c28f450f0984cbb34821b92dc49c1d088c0250fbc6a48efec?s=96&d=mm&r=g","contentUrl":"https:\/\/secure.gravatar.com\/avatar\/5a1d1d694eaf6d2c28f450f0984cbb34821b92dc49c1d088c0250fbc6a48efec?s=96&d=mm&r=g","caption":"So Close"},"sameAs":["http:\/\/www.soclose.mx","https:\/\/www.youtube.com\/@soclosemx"],"url":"https:\/\/soclose.mx\/blog\/author\/admin\/"}]}},"jetpack_featured_media_url":"https:\/\/i0.wp.com\/soclose.mx\/blog\/wp-content\/uploads\/2024\/07\/juegos-olimpicos-mexico68.jpg?fit=1134%2C776&ssl=1","jetpack-related-posts":[{"id":13878,"url":"https:\/\/soclose.mx\/blog\/seleccion-mexicana\/marco-verde-el-boxeador-mexicano-hecho-de-metal-olimpico\/","url_meta":{"origin":13830,"position":0},"title":"Marco Verde: el boxeador mexicano hecho de metal ol\u00edmpico","author":"So Close","date":"6 agosto, 2024","format":false,"excerpt":"Marco Alonso Verde \u00c1lvarez es un joven boxeador mexicano que ha cautivado al p\u00fablico con su talento y determinaci\u00f3n en el ring. Nacido en Mazatl\u00e1n, Sinaloa, el 11 de febrero de 2002, Marco ha demostrado desde temprana edad una pasi\u00f3n por el boxeo, siguiendo los pasos de su padre, Manuel\u2026","rel":"","context":"En &quot;Selecci\u00f3n mexicana&quot;","block_context":{"text":"Selecci\u00f3n mexicana","link":"https:\/\/soclose.mx\/blog\/category\/seleccion-mexicana\/"},"img":{"alt_text":"Marco Verde, boxeador mexicano","src":"https:\/\/i0.wp.com\/soclose.mx\/blog\/wp-content\/uploads\/2024\/08\/Screen-Shot-2024-08-06-at-19.53.03.jpg?fit=668%2C696&ssl=1&resize=350%2C200","width":350,"height":200,"srcset":"https:\/\/i0.wp.com\/soclose.mx\/blog\/wp-content\/uploads\/2024\/08\/Screen-Shot-2024-08-06-at-19.53.03.jpg?fit=668%2C696&ssl=1&resize=350%2C200 1x, https:\/\/i0.wp.com\/soclose.mx\/blog\/wp-content\/uploads\/2024\/08\/Screen-Shot-2024-08-06-at-19.53.03.jpg?fit=668%2C696&ssl=1&resize=525%2C300 1.5x"},"classes":[]},{"id":13767,"url":"https:\/\/soclose.mx\/blog\/news-feed\/mexicanos-que-nos-representaran-en-los-juegos-olimpicos-paris-2024\/","url_meta":{"origin":13830,"position":1},"title":"Mexicanos que nos representar\u00e1n en los Juegos Ol\u00edmpicos Par\u00eds 2024","author":"So Close","date":"22 julio, 2024","format":false,"excerpt":"La llama ol\u00edmpica est\u00e1 a punto de encenderse en la Ciudad Luz, y la emoci\u00f3n por conocer a los mexicanos que nos representar\u00e1n en los Juegos Ol\u00edmpicos Par\u00eds 2024 crece con cada d\u00eda que pasa. M\u00e1s de 10 mil atletas de todo el mundo se preparan para competir en 306\u2026","rel":"","context":"En &quot;News feed&quot;","block_context":{"text":"News feed","link":"https:\/\/soclose.mx\/blog\/category\/news-feed\/"},"img":{"alt_text":"Atletas mexicanos en Juegos Ol\u00edmpicos Par\u00eds 2024","src":"https:\/\/i0.wp.com\/soclose.mx\/blog\/wp-content\/uploads\/2024\/07\/mexicanos-olimpicos-paris2024.jpg?fit=1148%2C786&ssl=1&resize=350%2C200","width":350,"height":200,"srcset":"https:\/\/i0.wp.com\/soclose.mx\/blog\/wp-content\/uploads\/2024\/07\/mexicanos-olimpicos-paris2024.jpg?fit=1148%2C786&ssl=1&resize=350%2C200 1x, https:\/\/i0.wp.com\/soclose.mx\/blog\/wp-content\/uploads\/2024\/07\/mexicanos-olimpicos-paris2024.jpg?fit=1148%2C786&ssl=1&resize=525%2C300 1.5x, https:\/\/i0.wp.com\/soclose.mx\/blog\/wp-content\/uploads\/2024\/07\/mexicanos-olimpicos-paris2024.jpg?fit=1148%2C786&ssl=1&resize=700%2C400 2x, https:\/\/i0.wp.com\/soclose.mx\/blog\/wp-content\/uploads\/2024\/07\/mexicanos-olimpicos-paris2024.jpg?fit=1148%2C786&ssl=1&resize=1050%2C600 3x"},"classes":[]},{"id":13130,"url":"https:\/\/soclose.mx\/blog\/seleccion-mexicana\/los-momentos-mas-polemicos-de-las-olimpiadas-mexico-1968\/","url_meta":{"origin":13830,"position":2},"title":"Los momentos m\u00e1s pol\u00e9micos de las Olimpiadas M\u00e9xico 1968","author":"Emmanuel Oviedo","date":"19 febrero, 2024","format":false,"excerpt":"Las Olimpiadas de M\u00e9xico 1968 rompieron grandes expectativas pero, al mismo tiempo, se realizaron en medio de muchas pol\u00e9micas. Ya sea dentro de nuestro pa\u00eds o a nivel internacional, las Olimpiadas son ocasi\u00f3n de ilusiones deportivas y problem\u00e1ticas sociales, ya que es el lugar donde todos los pa\u00edses pueden reunirse,\u2026","rel":"","context":"En &quot;\u00a1Ay goeeee!&quot;","block_context":{"text":"\u00a1Ay goeeee!","link":"https:\/\/soclose.mx\/blog\/category\/ay-goeeee\/"},"img":{"alt_text":"Black power olimpiadas","src":"https:\/\/i0.wp.com\/soclose.mx\/blog\/wp-content\/uploads\/2024\/01\/Black-power-olimpiadas.jpg?fit=640%2C640&ssl=1&resize=350%2C200","width":350,"height":200,"srcset":"https:\/\/i0.wp.com\/soclose.mx\/blog\/wp-content\/uploads\/2024\/01\/Black-power-olimpiadas.jpg?fit=640%2C640&ssl=1&resize=350%2C200 1x, https:\/\/i0.wp.com\/soclose.mx\/blog\/wp-content\/uploads\/2024\/01\/Black-power-olimpiadas.jpg?fit=640%2C640&ssl=1&resize=525%2C300 1.5x"},"classes":[]},{"id":13094,"url":"https:\/\/soclose.mx\/blog\/para-todos\/de-atleta-olimpico-a-politico-mexicano-cinco-casos-de-compromiso\/","url_meta":{"origin":13830,"position":3},"title":"De atleta ol\u00edmpico a pol\u00edtico mexicano: cinco casos de compromiso","author":"Emmanuel Oviedo","date":"5 febrero, 2024","format":false,"excerpt":"Mexico tiene un palmar\u00e9s cuando se trata de competencias ol\u00edmpicas y deportistas. Personajes que destacaron como grandes deportistas en su momento, el atleta ol\u00edmpico y l\u00edder en sus disciplina. Ahora, como mexicanos destacados, pasaron de la disciplina deportiva a la participaci\u00f3n ciudadana para el bien de nuestro pa\u00eds. Ahora que\u2026","rel":"","context":"En &quot;Para todos&quot;","block_context":{"text":"Para todos","link":"https:\/\/soclose.mx\/blog\/category\/para-todos\/"},"img":{"alt_text":"","src":"https:\/\/i0.wp.com\/soclose.mx\/blog\/wp-content\/uploads\/2024\/01\/Tatiana-ortiz-Olimpiadas-1-3.jpg?fit=800%2C532&ssl=1&resize=350%2C200","width":350,"height":200,"srcset":"https:\/\/i0.wp.com\/soclose.mx\/blog\/wp-content\/uploads\/2024\/01\/Tatiana-ortiz-Olimpiadas-1-3.jpg?fit=800%2C532&ssl=1&resize=350%2C200 1x, https:\/\/i0.wp.com\/soclose.mx\/blog\/wp-content\/uploads\/2024\/01\/Tatiana-ortiz-Olimpiadas-1-3.jpg?fit=800%2C532&ssl=1&resize=525%2C300 1.5x, https:\/\/i0.wp.com\/soclose.mx\/blog\/wp-content\/uploads\/2024\/01\/Tatiana-ortiz-Olimpiadas-1-3.jpg?fit=800%2C532&ssl=1&resize=700%2C400 2x"},"classes":[]},{"id":5920,"url":"https:\/\/soclose.mx\/blog\/news-feed\/vota-ahora-por-el-uniforme-que-portaran-olimpicos-mexicanos\/","url_meta":{"origin":13830,"position":4},"title":"\u00a1Vota ahora! por el uniforme que portar\u00e1n ol\u00edmpicos mexicanos","author":"So Close","date":"9 abril, 2021","format":false,"excerpt":"A partir de este momento, tienes la oportunidad de participar en la votaci\u00f3n para elegir el uniforme que portar\u00e1n nuestro atletas ol\u00edmpicos en las olimpiadas de Tokio en este verano. Son tres hermosas opciones que seguro te encantar\u00e1n, pero solo una tiene que ser la elegida para vestir a nuestros\u2026","rel":"","context":"En &quot;News feed&quot;","block_context":{"text":"News feed","link":"https:\/\/soclose.mx\/blog\/category\/news-feed\/"},"img":{"alt_text":"","src":"https:\/\/i0.wp.com\/soclose.mx\/blog\/wp-content\/uploads\/2021\/04\/uniforme-atletas-olimpicos-mexicanos.jpeg?fit=1200%2C677&ssl=1&resize=350%2C200","width":350,"height":200,"srcset":"https:\/\/i0.wp.com\/soclose.mx\/blog\/wp-content\/uploads\/2021\/04\/uniforme-atletas-olimpicos-mexicanos.jpeg?fit=1200%2C677&ssl=1&resize=350%2C200 1x, https:\/\/i0.wp.com\/soclose.mx\/blog\/wp-content\/uploads\/2021\/04\/uniforme-atletas-olimpicos-mexicanos.jpeg?fit=1200%2C677&ssl=1&resize=525%2C300 1.5x, https:\/\/i0.wp.com\/soclose.mx\/blog\/wp-content\/uploads\/2021\/04\/uniforme-atletas-olimpicos-mexicanos.jpeg?fit=1200%2C677&ssl=1&resize=700%2C400 2x, https:\/\/i0.wp.com\/soclose.mx\/blog\/wp-content\/uploads\/2021\/04\/uniforme-atletas-olimpicos-mexicanos.jpeg?fit=1200%2C677&ssl=1&resize=1050%2C600 3x"},"classes":[]},{"id":13104,"url":"https:\/\/soclose.mx\/blog\/seleccion-mexicana\/conoce-a-alexa-moreno-la-gimnasta-multimedallista-mexicana\/","url_meta":{"origin":13830,"position":5},"title":"Conoce a Alexa Moreno: la gimnasta multimedallista mexicana","author":"Emmanuel Oviedo","date":"25 enero, 2024","format":false,"excerpt":"Alexa Moreno ha sido una atleta sensacional en todo M\u00e9xico y para todo el mundo. En una edad tan joven ha conquistado las competencias m\u00e1s importantes de la gimnasia, como las que se realizan en Latinoam\u00e9rica y las cumbres de las Olimpiadas. Su nombre ya est\u00e1 dentro de la \u00e9lite\u2026","rel":"","context":"En &quot;Selecci\u00f3n mexicana&quot;","block_context":{"text":"Selecci\u00f3n mexicana","link":"https:\/\/soclose.mx\/blog\/category\/seleccion-mexicana\/"},"img":{"alt_text":"","src":"https:\/\/i0.wp.com\/soclose.mx\/blog\/wp-content\/uploads\/2024\/01\/Alexa-moreno-1.jpg?fit=799%2C533&ssl=1&resize=350%2C200","width":350,"height":200,"srcset":"https:\/\/i0.wp.com\/soclose.mx\/blog\/wp-content\/uploads\/2024\/01\/Alexa-moreno-1.jpg?fit=799%2C533&ssl=1&resize=350%2C200 1x, https:\/\/i0.wp.com\/soclose.mx\/blog\/wp-content\/uploads\/2024\/01\/Alexa-moreno-1.jpg?fit=799%2C533&ssl=1&resize=525%2C300 1.5x, https:\/\/i0.wp.com\/soclose.mx\/blog\/wp-content\/uploads\/2024\/01\/Alexa-moreno-1.jpg?fit=799%2C533&ssl=1&resize=700%2C400 2x"},"classes":[]}],"jetpack_sharing_enabled":true,"_links":{"self":[{"href":"https:\/\/soclose.mx\/blog\/wp-json\/wp\/v2\/posts\/13830","targetHints":{"allow":["GET"]}}],"collection":[{"href":"https:\/\/soclose.mx\/blog\/wp-json\/wp\/v2\/posts"}],"about":[{"href":"https:\/\/soclose.mx\/blog\/wp-json\/wp\/v2\/types\/post"}],"author":[{"embeddable":true,"href":"https:\/\/soclose.mx\/blog\/wp-json\/wp\/v2\/users\/1"}],"replies":[{"embeddable":true,"href":"https:\/\/soclose.mx\/blog\/wp-json\/wp\/v2\/comments?post=13830"}],"version-history":[{"count":2,"href":"https:\/\/soclose.mx\/blog\/wp-json\/wp\/v2\/posts\/13830\/revisions"}],"predecessor-version":[{"id":13833,"href":"https:\/\/soclose.mx\/blog\/wp-json\/wp\/v2\/posts\/13830\/revisions\/13833"}],"wp:featuredmedia":[{"embeddable":true,"href":"https:\/\/soclose.mx\/blog\/wp-json\/wp\/v2\/media\/13831"}],"wp:attachment":[{"href":"https:\/\/soclose.mx\/blog\/wp-json\/wp\/v2\/media?parent=13830"}],"wp:term":[{"taxonomy":"category","embeddable":true,"href":"https:\/\/soclose.mx\/blog\/wp-json\/wp\/v2\/categories?post=13830"},{"taxonomy":"post_tag","embeddable":true,"href":"https:\/\/soclose.mx\/blog\/wp-json\/wp\/v2\/tags?post=13830"}],"curies":[{"name":"wp","href":"https:\/\/api.w.org\/{rel}","templated":true}]}}