{"id":13842,"date":"2024-07-30T19:57:22","date_gmt":"2024-07-31T01:57:22","guid":{"rendered":"https:\/\/soclose.mx\/blog\/?p=13842"},"modified":"2024-07-30T20:20:52","modified_gmt":"2024-07-31T02:20:52","slug":"prisca-awiti-la-judoca-mexicana-que-hizo-historia-en-paris-2024","status":"publish","type":"post","link":"https:\/\/soclose.mx\/blog\/seleccion-mexicana\/prisca-awiti-la-judoca-mexicana-que-hizo-historia-en-paris-2024\/","title":{"rendered":"Prisca Awiti: La judoca mexicana que hizo historia en Par\u00eds 2024"},"content":{"rendered":"<p class=\"p1\">Prisca Guadalupe Awiti Alcar\u00e1z, de 28 a\u00f1os, se convirti\u00f3 en la primera mexicana en ganar una medalla ol\u00edmpica en judo al obtener la plata en la categor\u00eda -63 kg durante los <a href=\"https:\/\/olympics.com\/es\/noticias\/prisca-awiti-pensar-retiro-plata-olimpica-valio-la-pena-los-suenos-se-hacen-realidad\" target=\"_blank\" rel=\"noopener\">Juegos Ol\u00edmpicos de Par\u00eds 2024<\/a>.\u00a0 Prisca Awiti: la judoca mexicana, nacida en Londres, Inglaterra, de madre mexicana y padre keniano, Prisca eligi\u00f3 representar a M\u00e9xico en 2017 debido a su conexi\u00f3n con la cultura y el esp\u00edritu del deporte en el pa\u00eds.<\/p>\n<p class=\"p1\">En su camino hacia la medalla, Prisca derrot\u00f3 a rivales de alto nivel, incluyendo a la subcampeona mundial Angelika Szymanska y a la austr\u00edaca Lubjana Piovesana, tambi\u00e9n de origen brit\u00e1nico.\u00a0En semifinales, venci\u00f3 a la croata Katarina Kristo por ippon, asegurando as\u00ed su presea.<\/p>\n<p class=\"p1\">La final fue contra la eslovena Andreja Leski, dos veces subcampeona mundial. Prisca se puso en ventaja con un waza-ari, pero Leski respondi\u00f3 con un ippon por inmovilizaci\u00f3n para ganar por 10-1.\u00a0A pesar de la derrota, Prisca hizo historia al convertirse en la primera mexicana en subir al podio ol\u00edmpico en judo.<\/p>\n<p class=\"p1\">Prisca ya hab\u00eda destacado anteriormente, obteniendo bronce en los Juegos Panamericanos de Santiago 2023 y plata en los Campeonatos Panamericanos de M\u00e9xico 2021 y Calgary 2023.\u00a0En Tokio 2020, fue la \u00fanica representante mexicana en judo y logr\u00f3 el mejor resultado del pa\u00eds en un Mundial en 2023, al finalizar quinta.<\/p>\n<h2 class=\"p1\"><b>La t\u00e9cnica de Prisca Awiti, la judoca mexicana: Una combinaci\u00f3n de fuerza, velocidad y estrategia<\/b><\/h2>\n<p class=\"p1\">Prisca Awiti se destaca por un estilo de lucha que combina a la perfecci\u00f3n fuerza, velocidad y una gran inteligencia t\u00e1ctica. Algunas de sus caracter\u00edsticas m\u00e1s sobresalientes son:<\/p>\n<ul class=\"ul1\">\n<li class=\"li1\"><b>Fortaleza en el agarre:<\/b> Su agarre es firme y seguro, lo que le permite controlar a sus oponentes y llevarlos a posiciones ventajosas.<\/li>\n<li class=\"li1\"><b>Explosividad en las proyecciones:<\/b> Sus proyecciones son r\u00e1pidas y poderosas, aprovechando su fuerza f\u00edsica y su excelente timing.<\/li>\n<li class=\"li1\"><b>Dominio de las t\u00e9cnicas de suelo:<\/b> Adem\u00e1s de ser una excelente luchadora de pie, Prisca tambi\u00e9n domina las t\u00e9cnicas de suelo, lo que le permite finalizar los combates con rapidez y eficiencia.<\/li>\n<li class=\"li1\"><b>Versatilidad:<\/b> Es capaz de adaptarse a diferentes estilos de lucha y encontrar la debilidad de sus oponentes.<\/li>\n<li class=\"li1\"><b>Inteligencia t\u00e1ctica:<\/b> Su capacidad para leer a sus rivales y anticipar sus movimientos la convierte en una luchadora muy dif\u00edcil de sorprender.<\/li>\n<\/ul>\n<h2 class=\"p1\"><b>Elementos clave de la t\u00e9cnica <\/b><b>de Prisca Awiti, la judoca mexicana:<\/b><\/h2>\n<ul class=\"ul1\">\n<li class=\"li1\"><b>Uso efectivo de la cadera:<\/b> Su cadera es una de sus principales armas, ya que le permite generar una gran potencia en sus movimientos.<\/li>\n<li class=\"li1\"><b>Equilibrio y estabilidad:<\/b> Su centro de gravedad bajo y su excelente equilibrio le proporcionan una gran estabilidad en el tatami.<\/li>\n<li class=\"li1\"><b>Variedad de t\u00e9cnicas:<\/b> Domina un amplio repertorio de t\u00e9cnicas, lo que la hace impredecible para sus oponentes.<\/li>\n<\/ul>\n<p class=\"p1\"><b>Evoluci\u00f3n de su t\u00e9cnica:<\/b><\/p>\n<p class=\"p1\">A lo largo de su carrera, Prisca Awiti ha refinado constantemente su t\u00e9cnica, incorporando nuevos elementos y adapt\u00e1ndose a los cambios en el judo. Su experiencia y su trabajo constante con sus entrenadores le han permitido alcanzar un nivel t\u00e9cnico muy alto.<\/p>\n<p class=\"p1\">La judoca ha expresado su amor por M\u00e9xico y su deseo de ver al pa\u00eds prosperar, motivada por la pasi\u00f3n y el compromiso que percibe en el deporte mexicano.\u00a0Su entrenador jug\u00f3 un papel clave en su decisi\u00f3n de representar a M\u00e9xico, sugiri\u00e9ndole explorar esa opci\u00f3n.<\/p>\n<p class=\"p1\">Prisca es un ejemplo de dedicaci\u00f3n y conexi\u00f3n cultural, logrando un hito significativo para el judo mexicano y para su propia carrera deportiva.\u00a0Su medalla de plata en Par\u00eds 2024 es la presea 75 en la historia del deporte mexicano y la segunda para la <a href=\"https:\/\/soclose.mx\/blog\/newss-feed\/mexicanos-que-nos-representaran-en-los-juegos-olimpicos-paris-2024\/\" target=\"_blank\" rel=\"noopener\">delegaci\u00f3n azteca en estos Juegos.<\/a><\/p>\n","protected":false},"excerpt":{"rendered":"<p>Prisca Guadalupe Awiti Alcar\u00e1z, de 28 a\u00f1os, se convirti\u00f3 en la primera mexicana en ganar una medalla ol\u00edmpica en judo al obtener la plata en la categor\u00eda -63 kg durante los Juegos Ol\u00edmpicos de Par\u00eds 2024.\u00a0 Prisca Awiti: la judoca mexicana, nacida en Londres, Inglaterra, de madre mexicana y padre keniano, Prisca eligi\u00f3 representar a M\u00e9xico en 2017 debido a su conexi\u00f3n con la cultura y el esp\u00edritu del deporte en el pa\u00eds. En su camino hacia la medalla, Prisca derrot\u00f3 a rivales de alto nivel, incluyendo a la subcampeona mundial Angelika Szymanska y a la austr\u00edaca Lubjana Piovesana, tambi\u00e9n<\/p>\n","protected":false},"author":1,"featured_media":13843,"comment_status":"open","ping_status":"open","sticky":false,"template":"","format":"standard","meta":{"_jetpack_memberships_contains_paid_content":false,"footnotes":""},"categories":[628,3104],"tags":[3268,3265,787,3267,578,3266,3264],"class_list":["post-13842","post","type-post","status-publish","format-standard","has-post-thumbnail","hentry","category-news-feed","category-seleccion-mexicana","tag-deportista-mexicana","tag-judo","tag-juegos-olimpicos","tag-medalla-de-plata","tag-mexico","tag-paris-2024","tag-prisca-awiti"],"yoast_head":"<!-- This site is optimized with the Yoast SEO plugin v26.7 - https:\/\/yoast.com\/wordpress\/plugins\/seo\/ -->\n<title>Prisca Awiti: La judoca mexicana que hizo historia en Par\u00eds 2024 - So Close<\/title>\n<meta name=\"description\" content=\"Prisca Awiti: la judoca mexicana naci\u00f3 en Londres, Inglaterra, de madre mexicana y padre keniano, eligi\u00f3 representar a M\u00e9xico desde 2017.\" \/>\n<meta name=\"robots\" content=\"index, follow, max-snippet:-1, max-image-preview:large, max-video-preview:-1\" \/>\n<link rel=\"canonical\" href=\"https:\/\/soclose.mx\/blog\/tag\/juan-rulfo-frases-mujeres\/\" \/>\n<meta property=\"og:locale\" content=\"es_MX\" \/>\n<meta property=\"og:type\" content=\"article\" \/>\n<meta property=\"og:title\" content=\"Prisca Awiti: La judoca mexicana que hizo historia en Par\u00eds 2024 - So Close\" \/>\n<meta property=\"og:description\" content=\"Prisca Awiti: la judoca mexicana naci\u00f3 en Londres, Inglaterra, de madre mexicana y padre keniano, eligi\u00f3 representar a M\u00e9xico desde 2017.\" \/>\n<meta property=\"og:url\" content=\"https:\/\/soclose.mx\/blog\/tag\/juan-rulfo-frases-mujeres\/\" \/>\n<meta property=\"og:site_name\" content=\"So Close\" \/>\n<meta property=\"article:published_time\" content=\"2024-07-31T01:57:22+00:00\" \/>\n<meta property=\"article:modified_time\" content=\"2024-07-31T02:20:52+00:00\" \/>\n<meta property=\"og:image\" content=\"https:\/\/i0.wp.com\/soclose.mx\/blog\/wp-content\/uploads\/2024\/07\/Prisca-Awiti-judocamexicana.jpg?fit=1210%2C948&ssl=1\" \/>\n\t<meta property=\"og:image:width\" content=\"1210\" \/>\n\t<meta property=\"og:image:height\" content=\"948\" \/>\n\t<meta property=\"og:image:type\" content=\"image\/jpeg\" \/>\n<meta name=\"author\" content=\"So Close\" \/>\n<meta name=\"twitter:card\" content=\"summary_large_image\" \/>\n<meta name=\"twitter:label1\" content=\"Escrito por\" \/>\n\t<meta name=\"twitter:data1\" content=\"So Close\" \/>\n\t<meta name=\"twitter:label2\" content=\"Tiempo de lectura\" \/>\n\t<meta name=\"twitter:data2\" content=\"3 minutos\" \/>\n<script type=\"application\/ld+json\" class=\"yoast-schema-graph\">{\"@context\":\"https:\/\/schema.org\",\"@graph\":[{\"@type\":\"Article\",\"@id\":\"https:\/\/soclose.mx\/blog\/tag\/juan-rulfo-frases-mujeres\/#article\",\"isPartOf\":{\"@id\":\"https:\/\/soclose.mx\/blog\/tag\/juan-rulfo-frases-mujeres\/\"},\"author\":{\"name\":\"So Close\",\"@id\":\"https:\/\/soclose.mx\/blog\/#\/schema\/person\/723eb117ab965b55c3e56b5d29751667\"},\"headline\":\"Prisca Awiti: La judoca mexicana que hizo historia en Par\u00eds 2024\",\"datePublished\":\"2024-07-31T01:57:22+00:00\",\"dateModified\":\"2024-07-31T02:20:52+00:00\",\"mainEntityOfPage\":{\"@id\":\"https:\/\/soclose.mx\/blog\/tag\/juan-rulfo-frases-mujeres\/\"},\"wordCount\":642,\"commentCount\":0,\"publisher\":{\"@id\":\"https:\/\/soclose.mx\/blog\/#organization\"},\"image\":{\"@id\":\"https:\/\/soclose.mx\/blog\/tag\/juan-rulfo-frases-mujeres\/#primaryimage\"},\"thumbnailUrl\":\"https:\/\/i0.wp.com\/soclose.mx\/blog\/wp-content\/uploads\/2024\/07\/Prisca-Awiti-judocamexicana.jpg?fit=1210%2C948&ssl=1\",\"keywords\":[\"deportista mexicana.\",\"judo\",\"juegos ol\u00edmpicos\",\"medalla de plata\",\"mexico\",\"Par\u00eds 2024\",\"Prisca Awiti\"],\"articleSection\":[\"News feed\",\"Selecci\u00f3n mexicana\"],\"inLanguage\":\"es\",\"potentialAction\":[{\"@type\":\"CommentAction\",\"name\":\"Comment\",\"target\":[\"https:\/\/soclose.mx\/blog\/tag\/juan-rulfo-frases-mujeres\/#respond\"]}]},{\"@type\":\"WebPage\",\"@id\":\"https:\/\/soclose.mx\/blog\/tag\/juan-rulfo-frases-mujeres\/\",\"url\":\"https:\/\/soclose.mx\/blog\/tag\/juan-rulfo-frases-mujeres\/\",\"name\":\"Prisca Awiti: La judoca mexicana que hizo historia en Par\u00eds 2024 - So Close\",\"isPartOf\":{\"@id\":\"https:\/\/soclose.mx\/blog\/#website\"},\"primaryImageOfPage\":{\"@id\":\"https:\/\/soclose.mx\/blog\/tag\/juan-rulfo-frases-mujeres\/#primaryimage\"},\"image\":{\"@id\":\"https:\/\/soclose.mx\/blog\/tag\/juan-rulfo-frases-mujeres\/#primaryimage\"},\"thumbnailUrl\":\"https:\/\/i0.wp.com\/soclose.mx\/blog\/wp-content\/uploads\/2024\/07\/Prisca-Awiti-judocamexicana.jpg?fit=1210%2C948&ssl=1\",\"datePublished\":\"2024-07-31T01:57:22+00:00\",\"dateModified\":\"2024-07-31T02:20:52+00:00\",\"description\":\"Prisca Awiti: la judoca mexicana naci\u00f3 en Londres, Inglaterra, de madre mexicana y padre keniano, eligi\u00f3 representar a M\u00e9xico desde 2017.\",\"breadcrumb\":{\"@id\":\"https:\/\/soclose.mx\/blog\/tag\/juan-rulfo-frases-mujeres\/#breadcrumb\"},\"inLanguage\":\"es\",\"potentialAction\":[{\"@type\":\"ReadAction\",\"target\":[\"https:\/\/soclose.mx\/blog\/tag\/juan-rulfo-frases-mujeres\/\"]}]},{\"@type\":\"ImageObject\",\"inLanguage\":\"es\",\"@id\":\"https:\/\/soclose.mx\/blog\/tag\/juan-rulfo-frases-mujeres\/#primaryimage\",\"url\":\"https:\/\/i0.wp.com\/soclose.mx\/blog\/wp-content\/uploads\/2024\/07\/Prisca-Awiti-judocamexicana.jpg?fit=1210%2C948&ssl=1\",\"contentUrl\":\"https:\/\/i0.wp.com\/soclose.mx\/blog\/wp-content\/uploads\/2024\/07\/Prisca-Awiti-judocamexicana.jpg?fit=1210%2C948&ssl=1\",\"width\":1210,\"height\":948,\"caption\":\"Prisca Awiti, judoca mexicana\"},{\"@type\":\"BreadcrumbList\",\"@id\":\"https:\/\/soclose.mx\/blog\/tag\/juan-rulfo-frases-mujeres\/#breadcrumb\",\"itemListElement\":[{\"@type\":\"ListItem\",\"position\":1,\"name\":\"Inicio\",\"item\":\"https:\/\/soclose.mx\/blog\/\"},{\"@type\":\"ListItem\",\"position\":2,\"name\":\"Prisca Awiti: La judoca mexicana que hizo historia en Par\u00eds 2024\"}]},{\"@type\":\"WebSite\",\"@id\":\"https:\/\/soclose.mx\/blog\/#website\",\"url\":\"https:\/\/soclose.mx\/blog\/\",\"name\":\"So Close\",\"description\":\"Hacemos contenidos de M\u00e9xico\",\"publisher\":{\"@id\":\"https:\/\/soclose.mx\/blog\/#organization\"},\"potentialAction\":[{\"@type\":\"SearchAction\",\"target\":{\"@type\":\"EntryPoint\",\"urlTemplate\":\"https:\/\/soclose.mx\/blog\/?s={search_term_string}\"},\"query-input\":{\"@type\":\"PropertyValueSpecification\",\"valueRequired\":true,\"valueName\":\"search_term_string\"}}],\"inLanguage\":\"es\"},{\"@type\":\"Organization\",\"@id\":\"https:\/\/soclose.mx\/blog\/#organization\",\"name\":\"So Close\",\"url\":\"https:\/\/soclose.mx\/blog\/\",\"logo\":{\"@type\":\"ImageObject\",\"inLanguage\":\"es\",\"@id\":\"https:\/\/soclose.mx\/blog\/#\/schema\/logo\/image\/\",\"url\":\"https:\/\/i0.wp.com\/soclose.mx\/blog\/wp-content\/uploads\/2020\/12\/LOGO_SOCLOSE_COLOR-e1608310133507.png?fit=2858%2C1264&ssl=1\",\"contentUrl\":\"https:\/\/i0.wp.com\/soclose.mx\/blog\/wp-content\/uploads\/2020\/12\/LOGO_SOCLOSE_COLOR-e1608310133507.png?fit=2858%2C1264&ssl=1\",\"width\":2858,\"height\":1264,\"caption\":\"So Close\"},\"image\":{\"@id\":\"https:\/\/soclose.mx\/blog\/#\/schema\/logo\/image\/\"}},{\"@type\":\"Person\",\"@id\":\"https:\/\/soclose.mx\/blog\/#\/schema\/person\/723eb117ab965b55c3e56b5d29751667\",\"name\":\"So Close\",\"image\":{\"@type\":\"ImageObject\",\"inLanguage\":\"es\",\"@id\":\"https:\/\/soclose.mx\/blog\/#\/schema\/person\/image\/\",\"url\":\"https:\/\/secure.gravatar.com\/avatar\/5a1d1d694eaf6d2c28f450f0984cbb34821b92dc49c1d088c0250fbc6a48efec?s=96&d=mm&r=g\",\"contentUrl\":\"https:\/\/secure.gravatar.com\/avatar\/5a1d1d694eaf6d2c28f450f0984cbb34821b92dc49c1d088c0250fbc6a48efec?s=96&d=mm&r=g\",\"caption\":\"So Close\"},\"sameAs\":[\"http:\/\/www.soclose.mx\",\"https:\/\/www.youtube.com\/@soclosemx\"],\"url\":\"https:\/\/soclose.mx\/blog\/author\/admin\/\"}]}<\/script>\n<!-- \/ Yoast SEO plugin. -->","yoast_head_json":{"title":"Prisca Awiti: La judoca mexicana que hizo historia en Par\u00eds 2024 - So Close","description":"Prisca Awiti: la judoca mexicana naci\u00f3 en Londres, Inglaterra, de madre mexicana y padre keniano, eligi\u00f3 representar a M\u00e9xico desde 2017.","robots":{"index":"index","follow":"follow","max-snippet":"max-snippet:-1","max-image-preview":"max-image-preview:large","max-video-preview":"max-video-preview:-1"},"canonical":"https:\/\/soclose.mx\/blog\/tag\/juan-rulfo-frases-mujeres\/","og_locale":"es_MX","og_type":"article","og_title":"Prisca Awiti: La judoca mexicana que hizo historia en Par\u00eds 2024 - So Close","og_description":"Prisca Awiti: la judoca mexicana naci\u00f3 en Londres, Inglaterra, de madre mexicana y padre keniano, eligi\u00f3 representar a M\u00e9xico desde 2017.","og_url":"https:\/\/soclose.mx\/blog\/tag\/juan-rulfo-frases-mujeres\/","og_site_name":"So Close","article_published_time":"2024-07-31T01:57:22+00:00","article_modified_time":"2024-07-31T02:20:52+00:00","og_image":[{"width":1210,"height":948,"url":"https:\/\/i0.wp.com\/soclose.mx\/blog\/wp-content\/uploads\/2024\/07\/Prisca-Awiti-judocamexicana.jpg?fit=1210%2C948&ssl=1","type":"image\/jpeg"}],"author":"So Close","twitter_card":"summary_large_image","twitter_misc":{"Escrito por":"So Close","Tiempo de lectura":"3 minutos"},"schema":{"@context":"https:\/\/schema.org","@graph":[{"@type":"Article","@id":"https:\/\/soclose.mx\/blog\/tag\/juan-rulfo-frases-mujeres\/#article","isPartOf":{"@id":"https:\/\/soclose.mx\/blog\/tag\/juan-rulfo-frases-mujeres\/"},"author":{"name":"So Close","@id":"https:\/\/soclose.mx\/blog\/#\/schema\/person\/723eb117ab965b55c3e56b5d29751667"},"headline":"Prisca Awiti: La judoca mexicana que hizo historia en Par\u00eds 2024","datePublished":"2024-07-31T01:57:22+00:00","dateModified":"2024-07-31T02:20:52+00:00","mainEntityOfPage":{"@id":"https:\/\/soclose.mx\/blog\/tag\/juan-rulfo-frases-mujeres\/"},"wordCount":642,"commentCount":0,"publisher":{"@id":"https:\/\/soclose.mx\/blog\/#organization"},"image":{"@id":"https:\/\/soclose.mx\/blog\/tag\/juan-rulfo-frases-mujeres\/#primaryimage"},"thumbnailUrl":"https:\/\/i0.wp.com\/soclose.mx\/blog\/wp-content\/uploads\/2024\/07\/Prisca-Awiti-judocamexicana.jpg?fit=1210%2C948&ssl=1","keywords":["deportista mexicana.","judo","juegos ol\u00edmpicos","medalla de plata","mexico","Par\u00eds 2024","Prisca Awiti"],"articleSection":["News feed","Selecci\u00f3n mexicana"],"inLanguage":"es","potentialAction":[{"@type":"CommentAction","name":"Comment","target":["https:\/\/soclose.mx\/blog\/tag\/juan-rulfo-frases-mujeres\/#respond"]}]},{"@type":"WebPage","@id":"https:\/\/soclose.mx\/blog\/tag\/juan-rulfo-frases-mujeres\/","url":"https:\/\/soclose.mx\/blog\/tag\/juan-rulfo-frases-mujeres\/","name":"Prisca Awiti: La judoca mexicana que hizo historia en Par\u00eds 2024 - So Close","isPartOf":{"@id":"https:\/\/soclose.mx\/blog\/#website"},"primaryImageOfPage":{"@id":"https:\/\/soclose.mx\/blog\/tag\/juan-rulfo-frases-mujeres\/#primaryimage"},"image":{"@id":"https:\/\/soclose.mx\/blog\/tag\/juan-rulfo-frases-mujeres\/#primaryimage"},"thumbnailUrl":"https:\/\/i0.wp.com\/soclose.mx\/blog\/wp-content\/uploads\/2024\/07\/Prisca-Awiti-judocamexicana.jpg?fit=1210%2C948&ssl=1","datePublished":"2024-07-31T01:57:22+00:00","dateModified":"2024-07-31T02:20:52+00:00","description":"Prisca Awiti: la judoca mexicana naci\u00f3 en Londres, Inglaterra, de madre mexicana y padre keniano, eligi\u00f3 representar a M\u00e9xico desde 2017.","breadcrumb":{"@id":"https:\/\/soclose.mx\/blog\/tag\/juan-rulfo-frases-mujeres\/#breadcrumb"},"inLanguage":"es","potentialAction":[{"@type":"ReadAction","target":["https:\/\/soclose.mx\/blog\/tag\/juan-rulfo-frases-mujeres\/"]}]},{"@type":"ImageObject","inLanguage":"es","@id":"https:\/\/soclose.mx\/blog\/tag\/juan-rulfo-frases-mujeres\/#primaryimage","url":"https:\/\/i0.wp.com\/soclose.mx\/blog\/wp-content\/uploads\/2024\/07\/Prisca-Awiti-judocamexicana.jpg?fit=1210%2C948&ssl=1","contentUrl":"https:\/\/i0.wp.com\/soclose.mx\/blog\/wp-content\/uploads\/2024\/07\/Prisca-Awiti-judocamexicana.jpg?fit=1210%2C948&ssl=1","width":1210,"height":948,"caption":"Prisca Awiti, judoca mexicana"},{"@type":"BreadcrumbList","@id":"https:\/\/soclose.mx\/blog\/tag\/juan-rulfo-frases-mujeres\/#breadcrumb","itemListElement":[{"@type":"ListItem","position":1,"name":"Inicio","item":"https:\/\/soclose.mx\/blog\/"},{"@type":"ListItem","position":2,"name":"Prisca Awiti: La judoca mexicana que hizo historia en Par\u00eds 2024"}]},{"@type":"WebSite","@id":"https:\/\/soclose.mx\/blog\/#website","url":"https:\/\/soclose.mx\/blog\/","name":"So Close","description":"Hacemos contenidos de M\u00e9xico","publisher":{"@id":"https:\/\/soclose.mx\/blog\/#organization"},"potentialAction":[{"@type":"SearchAction","target":{"@type":"EntryPoint","urlTemplate":"https:\/\/soclose.mx\/blog\/?s={search_term_string}"},"query-input":{"@type":"PropertyValueSpecification","valueRequired":true,"valueName":"search_term_string"}}],"inLanguage":"es"},{"@type":"Organization","@id":"https:\/\/soclose.mx\/blog\/#organization","name":"So Close","url":"https:\/\/soclose.mx\/blog\/","logo":{"@type":"ImageObject","inLanguage":"es","@id":"https:\/\/soclose.mx\/blog\/#\/schema\/logo\/image\/","url":"https:\/\/i0.wp.com\/soclose.mx\/blog\/wp-content\/uploads\/2020\/12\/LOGO_SOCLOSE_COLOR-e1608310133507.png?fit=2858%2C1264&ssl=1","contentUrl":"https:\/\/i0.wp.com\/soclose.mx\/blog\/wp-content\/uploads\/2020\/12\/LOGO_SOCLOSE_COLOR-e1608310133507.png?fit=2858%2C1264&ssl=1","width":2858,"height":1264,"caption":"So Close"},"image":{"@id":"https:\/\/soclose.mx\/blog\/#\/schema\/logo\/image\/"}},{"@type":"Person","@id":"https:\/\/soclose.mx\/blog\/#\/schema\/person\/723eb117ab965b55c3e56b5d29751667","name":"So Close","image":{"@type":"ImageObject","inLanguage":"es","@id":"https:\/\/soclose.mx\/blog\/#\/schema\/person\/image\/","url":"https:\/\/secure.gravatar.com\/avatar\/5a1d1d694eaf6d2c28f450f0984cbb34821b92dc49c1d088c0250fbc6a48efec?s=96&d=mm&r=g","contentUrl":"https:\/\/secure.gravatar.com\/avatar\/5a1d1d694eaf6d2c28f450f0984cbb34821b92dc49c1d088c0250fbc6a48efec?s=96&d=mm&r=g","caption":"So Close"},"sameAs":["http:\/\/www.soclose.mx","https:\/\/www.youtube.com\/@soclosemx"],"url":"https:\/\/soclose.mx\/blog\/author\/admin\/"}]}},"jetpack_featured_media_url":"https:\/\/i0.wp.com\/soclose.mx\/blog\/wp-content\/uploads\/2024\/07\/Prisca-Awiti-judocamexicana.jpg?fit=1210%2C948&ssl=1","jetpack-related-posts":[{"id":13878,"url":"https:\/\/soclose.mx\/blog\/seleccion-mexicana\/marco-verde-el-boxeador-mexicano-hecho-de-metal-olimpico\/","url_meta":{"origin":13842,"position":0},"title":"Marco Verde: el boxeador mexicano hecho de metal ol\u00edmpico","author":"So Close","date":"6 agosto, 2024","format":false,"excerpt":"Marco Alonso Verde \u00c1lvarez es un joven boxeador mexicano que ha cautivado al p\u00fablico con su talento y determinaci\u00f3n en el ring. Nacido en Mazatl\u00e1n, Sinaloa, el 11 de febrero de 2002, Marco ha demostrado desde temprana edad una pasi\u00f3n por el boxeo, siguiendo los pasos de su padre, Manuel\u2026","rel":"","context":"En &quot;Selecci\u00f3n mexicana&quot;","block_context":{"text":"Selecci\u00f3n mexicana","link":"https:\/\/soclose.mx\/blog\/category\/seleccion-mexicana\/"},"img":{"alt_text":"Marco Verde, boxeador mexicano","src":"https:\/\/i0.wp.com\/soclose.mx\/blog\/wp-content\/uploads\/2024\/08\/Screen-Shot-2024-08-06-at-19.53.03.jpg?fit=668%2C696&ssl=1&resize=350%2C200","width":350,"height":200,"srcset":"https:\/\/i0.wp.com\/soclose.mx\/blog\/wp-content\/uploads\/2024\/08\/Screen-Shot-2024-08-06-at-19.53.03.jpg?fit=668%2C696&ssl=1&resize=350%2C200 1x, https:\/\/i0.wp.com\/soclose.mx\/blog\/wp-content\/uploads\/2024\/08\/Screen-Shot-2024-08-06-at-19.53.03.jpg?fit=668%2C696&ssl=1&resize=525%2C300 1.5x"},"classes":[]},{"id":13870,"url":"https:\/\/soclose.mx\/blog\/seleccion-mexicana\/ma-jin-la-entrenadora-china-que-transformo-a-clavadistas-mexicanos\/","url_meta":{"origin":13842,"position":1},"title":"Ma Jin: la entrenadora china que transform\u00f3 a clavadistas mexicanos","author":"So Close","date":"5 agosto, 2024","format":false,"excerpt":"Ma Jin: la entrenadora china | una Leyenda Asi\u00e1tica en Aguas Mexicanas, quien transform\u00f3 a clavadistas mexicanos Ma Jin, una entrenadora china con una trayectoria excepcional, ha dejado una huella imborrable en el deporte mexicano, especialmente en los clavados. Su llegada a M\u00e9xico marc\u00f3 un antes y un despu\u00e9s en\u2026","rel":"","context":"En &quot;Selecci\u00f3n mexicana&quot;","block_context":{"text":"Selecci\u00f3n mexicana","link":"https:\/\/soclose.mx\/blog\/category\/seleccion-mexicana\/"},"img":{"alt_text":"Ma Jin: entrenadora china","src":"https:\/\/i0.wp.com\/soclose.mx\/blog\/wp-content\/uploads\/2024\/08\/WhatsApp_Image_2024-05-22_at_2.52.27_PM__4_.jpg?fit=1200%2C800&ssl=1&resize=350%2C200","width":350,"height":200,"srcset":"https:\/\/i0.wp.com\/soclose.mx\/blog\/wp-content\/uploads\/2024\/08\/WhatsApp_Image_2024-05-22_at_2.52.27_PM__4_.jpg?fit=1200%2C800&ssl=1&resize=350%2C200 1x, https:\/\/i0.wp.com\/soclose.mx\/blog\/wp-content\/uploads\/2024\/08\/WhatsApp_Image_2024-05-22_at_2.52.27_PM__4_.jpg?fit=1200%2C800&ssl=1&resize=525%2C300 1.5x, https:\/\/i0.wp.com\/soclose.mx\/blog\/wp-content\/uploads\/2024\/08\/WhatsApp_Image_2024-05-22_at_2.52.27_PM__4_.jpg?fit=1200%2C800&ssl=1&resize=700%2C400 2x, https:\/\/i0.wp.com\/soclose.mx\/blog\/wp-content\/uploads\/2024\/08\/WhatsApp_Image_2024-05-22_at_2.52.27_PM__4_.jpg?fit=1200%2C800&ssl=1&resize=1050%2C600 3x"},"classes":[]},{"id":6976,"url":"https:\/\/soclose.mx\/blog\/ay-goeeee\/5-atletas-paralimpicos-que-tienes-que-seguir-en-tokio\/","url_meta":{"origin":13842,"position":2},"title":"5 atletas paral\u00edmpicos que tienes que seguir (en Tokio)","author":"Miguel Angel Romero","date":"25 agosto, 2021","format":false,"excerpt":"Los\u00a0Juegos Paral\u00edmpicos\u00a0de Tokio 2020 han empezado y todos estamos a la expectativa de lo que suceder\u00e1 con nuestros 60 atletas paral\u00edmpicos mexicanos. Nuestro pa\u00eds que lleva a\u00a0 29 mujeres\u00a0y\u00a031 hombres en\u00a011 deportes, participar\u00e1 en atletismo, bochas , ecuestre, judo, nataci\u00f3n, powerlifting, remo, taekwondo, tenis de mesa, tiro con arco y\u2026","rel":"","context":"En &quot;\u00a1Ay goeeee!&quot;","block_context":{"text":"\u00a1Ay goeeee!","link":"https:\/\/soclose.mx\/blog\/category\/ay-goeeee\/"},"img":{"alt_text":"","src":"https:\/\/i0.wp.com\/soclose.mx\/blog\/wp-content\/uploads\/2021\/08\/Principal-So-Close-blog-30.jpg?fit=1200%2C677&ssl=1&resize=350%2C200","width":350,"height":200,"srcset":"https:\/\/i0.wp.com\/soclose.mx\/blog\/wp-content\/uploads\/2021\/08\/Principal-So-Close-blog-30.jpg?fit=1200%2C677&ssl=1&resize=350%2C200 1x, https:\/\/i0.wp.com\/soclose.mx\/blog\/wp-content\/uploads\/2021\/08\/Principal-So-Close-blog-30.jpg?fit=1200%2C677&ssl=1&resize=525%2C300 1.5x, https:\/\/i0.wp.com\/soclose.mx\/blog\/wp-content\/uploads\/2021\/08\/Principal-So-Close-blog-30.jpg?fit=1200%2C677&ssl=1&resize=700%2C400 2x, https:\/\/i0.wp.com\/soclose.mx\/blog\/wp-content\/uploads\/2021\/08\/Principal-So-Close-blog-30.jpg?fit=1200%2C677&ssl=1&resize=1050%2C600 3x"},"classes":[]},{"id":13767,"url":"https:\/\/soclose.mx\/blog\/news-feed\/mexicanos-que-nos-representaran-en-los-juegos-olimpicos-paris-2024\/","url_meta":{"origin":13842,"position":3},"title":"Mexicanos que nos representar\u00e1n en los Juegos Ol\u00edmpicos Par\u00eds 2024","author":"So Close","date":"22 julio, 2024","format":false,"excerpt":"La llama ol\u00edmpica est\u00e1 a punto de encenderse en la Ciudad Luz, y la emoci\u00f3n por conocer a los mexicanos que nos representar\u00e1n en los Juegos Ol\u00edmpicos Par\u00eds 2024 crece con cada d\u00eda que pasa. M\u00e1s de 10 mil atletas de todo el mundo se preparan para competir en 306\u2026","rel":"","context":"En &quot;News feed&quot;","block_context":{"text":"News feed","link":"https:\/\/soclose.mx\/blog\/category\/news-feed\/"},"img":{"alt_text":"Atletas mexicanos en Juegos Ol\u00edmpicos Par\u00eds 2024","src":"https:\/\/i0.wp.com\/soclose.mx\/blog\/wp-content\/uploads\/2024\/07\/mexicanos-olimpicos-paris2024.jpg?fit=1148%2C786&ssl=1&resize=350%2C200","width":350,"height":200,"srcset":"https:\/\/i0.wp.com\/soclose.mx\/blog\/wp-content\/uploads\/2024\/07\/mexicanos-olimpicos-paris2024.jpg?fit=1148%2C786&ssl=1&resize=350%2C200 1x, https:\/\/i0.wp.com\/soclose.mx\/blog\/wp-content\/uploads\/2024\/07\/mexicanos-olimpicos-paris2024.jpg?fit=1148%2C786&ssl=1&resize=525%2C300 1.5x, https:\/\/i0.wp.com\/soclose.mx\/blog\/wp-content\/uploads\/2024\/07\/mexicanos-olimpicos-paris2024.jpg?fit=1148%2C786&ssl=1&resize=700%2C400 2x, https:\/\/i0.wp.com\/soclose.mx\/blog\/wp-content\/uploads\/2024\/07\/mexicanos-olimpicos-paris2024.jpg?fit=1148%2C786&ssl=1&resize=1050%2C600 3x"},"classes":[]},{"id":13094,"url":"https:\/\/soclose.mx\/blog\/para-todos\/de-atleta-olimpico-a-politico-mexicano-cinco-casos-de-compromiso\/","url_meta":{"origin":13842,"position":4},"title":"De atleta ol\u00edmpico a pol\u00edtico mexicano: cinco casos de compromiso","author":"Emmanuel Oviedo","date":"5 febrero, 2024","format":false,"excerpt":"Mexico tiene un palmar\u00e9s cuando se trata de competencias ol\u00edmpicas y deportistas. Personajes que destacaron como grandes deportistas en su momento, el atleta ol\u00edmpico y l\u00edder en sus disciplina. Ahora, como mexicanos destacados, pasaron de la disciplina deportiva a la participaci\u00f3n ciudadana para el bien de nuestro pa\u00eds. Ahora que\u2026","rel":"","context":"En &quot;Para todos&quot;","block_context":{"text":"Para todos","link":"https:\/\/soclose.mx\/blog\/category\/para-todos\/"},"img":{"alt_text":"","src":"https:\/\/i0.wp.com\/soclose.mx\/blog\/wp-content\/uploads\/2024\/01\/Tatiana-ortiz-Olimpiadas-1-3.jpg?fit=800%2C532&ssl=1&resize=350%2C200","width":350,"height":200,"srcset":"https:\/\/i0.wp.com\/soclose.mx\/blog\/wp-content\/uploads\/2024\/01\/Tatiana-ortiz-Olimpiadas-1-3.jpg?fit=800%2C532&ssl=1&resize=350%2C200 1x, https:\/\/i0.wp.com\/soclose.mx\/blog\/wp-content\/uploads\/2024\/01\/Tatiana-ortiz-Olimpiadas-1-3.jpg?fit=800%2C532&ssl=1&resize=525%2C300 1.5x, https:\/\/i0.wp.com\/soclose.mx\/blog\/wp-content\/uploads\/2024\/01\/Tatiana-ortiz-Olimpiadas-1-3.jpg?fit=800%2C532&ssl=1&resize=700%2C400 2x"},"classes":[]},{"id":13830,"url":"https:\/\/soclose.mx\/blog\/seleccion-mexicana\/juegos-olimpicos-en-mexico-historia-de-un-viaje-a-traves-del-tiempo\/","url_meta":{"origin":13842,"position":5},"title":"Juegos Ol\u00edmpicos en M\u00e9xico: Historia de un viaje a Trav\u00e9s del Tiempo","author":"So Close","date":"25 julio, 2024","format":false,"excerpt":"Los Juegos Ol\u00edmpicos han sido testigos de momentos hist\u00f3ricos que han marcado a la humanidad, y M\u00e9xico no ha sido la excepci\u00f3n. Con una rica historia en la celebraci\u00f3n de estos juegos, nuestro pa\u00eds ha sido escenario de eventos deportivos que han dejado una huella en la historia ol\u00edmpica. En\u2026","rel":"","context":"En &quot;Selecci\u00f3n mexicana&quot;","block_context":{"text":"Selecci\u00f3n mexicana","link":"https:\/\/soclose.mx\/blog\/category\/seleccion-mexicana\/"},"img":{"alt_text":"Juegos ol\u00edmpicos M\u00e9xico 1968","src":"https:\/\/i0.wp.com\/soclose.mx\/blog\/wp-content\/uploads\/2024\/07\/juegos-olimpicos-mexico68.jpg?fit=1134%2C776&ssl=1&resize=350%2C200","width":350,"height":200,"srcset":"https:\/\/i0.wp.com\/soclose.mx\/blog\/wp-content\/uploads\/2024\/07\/juegos-olimpicos-mexico68.jpg?fit=1134%2C776&ssl=1&resize=350%2C200 1x, https:\/\/i0.wp.com\/soclose.mx\/blog\/wp-content\/uploads\/2024\/07\/juegos-olimpicos-mexico68.jpg?fit=1134%2C776&ssl=1&resize=525%2C300 1.5x, https:\/\/i0.wp.com\/soclose.mx\/blog\/wp-content\/uploads\/2024\/07\/juegos-olimpicos-mexico68.jpg?fit=1134%2C776&ssl=1&resize=700%2C400 2x, https:\/\/i0.wp.com\/soclose.mx\/blog\/wp-content\/uploads\/2024\/07\/juegos-olimpicos-mexico68.jpg?fit=1134%2C776&ssl=1&resize=1050%2C600 3x"},"classes":[]}],"jetpack_sharing_enabled":true,"_links":{"self":[{"href":"https:\/\/soclose.mx\/blog\/wp-json\/wp\/v2\/posts\/13842","targetHints":{"allow":["GET"]}}],"collection":[{"href":"https:\/\/soclose.mx\/blog\/wp-json\/wp\/v2\/posts"}],"about":[{"href":"https:\/\/soclose.mx\/blog\/wp-json\/wp\/v2\/types\/post"}],"author":[{"embeddable":true,"href":"https:\/\/soclose.mx\/blog\/wp-json\/wp\/v2\/users\/1"}],"replies":[{"embeddable":true,"href":"https:\/\/soclose.mx\/blog\/wp-json\/wp\/v2\/comments?post=13842"}],"version-history":[{"count":1,"href":"https:\/\/soclose.mx\/blog\/wp-json\/wp\/v2\/posts\/13842\/revisions"}],"predecessor-version":[{"id":13844,"href":"https:\/\/soclose.mx\/blog\/wp-json\/wp\/v2\/posts\/13842\/revisions\/13844"}],"wp:featuredmedia":[{"embeddable":true,"href":"https:\/\/soclose.mx\/blog\/wp-json\/wp\/v2\/media\/13843"}],"wp:attachment":[{"href":"https:\/\/soclose.mx\/blog\/wp-json\/wp\/v2\/media?parent=13842"}],"wp:term":[{"taxonomy":"category","embeddable":true,"href":"https:\/\/soclose.mx\/blog\/wp-json\/wp\/v2\/categories?post=13842"},{"taxonomy":"post_tag","embeddable":true,"href":"https:\/\/soclose.mx\/blog\/wp-json\/wp\/v2\/tags?post=13842"}],"curies":[{"name":"wp","href":"https:\/\/api.w.org\/{rel}","templated":true}]}}