{"id":13930,"date":"2024-08-19T17:59:33","date_gmt":"2024-08-19T23:59:33","guid":{"rendered":"https:\/\/soclose.mx\/blog\/?p=13930"},"modified":"2024-08-19T17:59:33","modified_gmt":"2024-08-19T23:59:33","slug":"el-misterioso-caso-de-selene-delgado-leyenda-urbana-de-la-television-mexicana","status":"publish","type":"post","link":"https:\/\/soclose.mx\/blog\/mitos-y-leyendas\/el-misterioso-caso-de-selene-delgado-leyenda-urbana-de-la-television-mexicana\/","title":{"rendered":"El Misterioso Caso de Selene Delgado: Leyenda Urbana de la Televisi\u00f3n Mexicana"},"content":{"rendered":"<p>El misterioso caso de Selene Delgado es uno de los enigmas m\u00e1s populares de la <a href=\"https:\/\/soclose.mx\/blog\/a-la-mexicana\/los-programas-de-chistes-mas-populares-de-la-television-mexicana\/\" target=\"_blank\" rel=\"noopener\">televisi\u00f3n mexicana<\/a>. Aparecida durante a\u00f1os en las pantallas de Canal 5 como una ni\u00f1a desaparecida, su historia ha generado innumerables teor\u00edas y especulaciones que han cautivado a millones de espectadores.<\/p>\n<p class=\"p1\">En la d\u00e9cada de los 90 y principios de los 2000, el Canal 5 de Televisa transmit\u00eda un segmento especial llamado &#8220;Servicio a la Comunidad&#8221; durante los comerciales de la programaci\u00f3n infantil. En este espacio, se solicitaba la colaboraci\u00f3n de los televidentes para localizar a personas desaparecidas, proporcionando detalles como el nombre, edad, lugar de desaparici\u00f3n y se\u00f1as particulares de los individuos<\/p>\n<p class=\"p1\">Una de las fichas de b\u00fasqueda que m\u00e1s impact\u00f3 al p\u00fablico fue la de Selene Delgado L\u00f3pez. Seg\u00fan informaci\u00f3n no oficial, pero la m\u00e1s usada en medios, fue que Selene desapareci\u00f3 a los 18 a\u00f1os el 22 de abril en la entonces delegaci\u00f3n \u00c1lvaro Obreg\u00f3n, Ciudad de M\u00e9xico. Sin embargo, lo que gener\u00f3 un aura de misterio alrededor de su caso fue un incidente particular, cuando la transmisi\u00f3n se interrumpi\u00f3 para mostrar un rostro aterrador que no correspond\u00eda al de Selene.<\/p>\n<p class=\"p1\">A lo largo de los a\u00f1os, se han generado diversas teor\u00edas y especulaciones en torno a Selene Delgado. En 2020, un usuario de Twitter afirm\u00f3 que no hab\u00eda registros de su desaparici\u00f3n en el Registro Nacional de Datos de Personas Extraviadas o Desaparecidas (RNPED), alimentando la idea de que su caso podr\u00eda haber sido un experimento social.<\/p>\n<blockquote class=\"twitter-tweet\" data-media-max-width=\"560\">\n<p dir=\"ltr\" lang=\"es\">2. Selene delgado<\/p>\n<p>Todo comenz\u00f3 con un programa de TV en M\u00e9xico durante los 80s y 90s. En \u00e9l se transmit\u00edan nombres de personas desaparecidas. Pero hab\u00eda uno que siempre aparec\u00eda: Selene Delgado L\u00f3pez. Lo raro es que nunca cambiaba su apariencia. <a href=\"https:\/\/t.co\/yzg8XtXg70\">pic.twitter.com\/yzg8XtXg70<\/a><\/p>\n<p>\u2014 Last\ud83e\udd87 (@Lastname_18) <a href=\"https:\/\/twitter.com\/Lastname_18\/status\/1824163535301345458?ref_src=twsrc%5Etfw\">August 15, 2024<\/a><\/p><\/blockquote>\n<p><script async src=\"https:\/\/platform.twitter.com\/widgets.js\" charset=\"utf-8\"><\/script><\/p>\n<h2 data-sourcepos=\"15:1-15:32\"><strong>Teor\u00edas y Especulaciones sobre el Misterioso Caso de Selene Delgado<\/strong><\/h2>\n<p data-sourcepos=\"17:1-17:87\">A lo largo de los a\u00f1os, se han tejido diversas teor\u00edas sobre el caso de Selene Delgado:<\/p>\n<ul data-sourcepos=\"19:1-23:0\">\n<li data-sourcepos=\"19:1-19:143\"><strong>Experimento social:<\/strong> Algunos creen que todo fue un experimento social llevado a cabo por la televisora para medir la reacci\u00f3n del p\u00fablico.<\/li>\n<li data-sourcepos=\"20:1-20:121\"><strong>Falla t\u00e9cnica:<\/strong> Otros sugieren que la imagen distorsionada fue simplemente una falla t\u00e9cnica durante la transmisi\u00f3n.<\/li>\n<li data-sourcepos=\"21:1-21:127\"><strong>Caso real:<\/strong> Existe la posibilidad de que Selene Delgado haya sido una persona real y que su caso nunca haya sido resuelto.<\/li>\n<li data-sourcepos=\"22:1-23:0\"><strong>Cr\u00edmenes sin resolver:<\/strong> Algunos han relacionado el caso con otros casos de desapariciones no resueltos en M\u00e9xico.<\/li>\n<\/ul>\n<p class=\"p1\">Hasta la fecha, el paradero y la verdad detr\u00e1s del caso de Selene Delgado L\u00f3pez siguen sin resolverse. Canal 5 no ha proporcionado declaraciones al respecto, y su rostro se ha convertido en uno de los m\u00e1s extra\u00f1os y enigm\u00e1ticos en la historia de la televisi\u00f3n mexicana.<\/p>\n<p class=\"p1\">El misterioso caso de Selene Delgado es un recordatorio de c\u00f3mo las historias de desapariciones pueden entrelazarse con la cultura medi\u00e1tica y generar un aura de misterio que trasciende el tiempo. A pesar de las aclaraciones y desmentidos, el caso sigue fascinando a las nuevas generaciones, alimentando la curiosidad y la especulaci\u00f3n sobre la verdad detr\u00e1s de su desaparici\u00f3n<\/p>\n","protected":false},"excerpt":{"rendered":"<p>El misterioso caso de Selene Delgado es uno de los enigmas m\u00e1s populares de la televisi\u00f3n mexicana. Aparecida durante a\u00f1os en las pantallas de Canal 5 como una ni\u00f1a desaparecida, su historia ha generado innumerables teor\u00edas y especulaciones que han cautivado a millones de espectadores. En la d\u00e9cada de los 90 y principios de los 2000, el Canal 5 de Televisa transmit\u00eda un segmento especial llamado &#8220;Servicio a la Comunidad&#8221; durante los comerciales de la programaci\u00f3n infantil. En este espacio, se solicitaba la colaboraci\u00f3n de los televidentes para localizar a personas desaparecidas, proporcionando detalles como el nombre, edad, lugar de<\/p>\n","protected":false},"author":1,"featured_media":13932,"comment_status":"open","ping_status":"open","sticky":false,"template":"","format":"standard","meta":{"_jetpack_memberships_contains_paid_content":false,"footnotes":""},"categories":[3352],"tags":[3362,2230,3050,3364,3365,3103,343,3361,3224,3363,2164],"class_list":["post-13930","post","type-post","status-publish","format-standard","has-post-thumbnail","hentry","category-mitos-y-leyendas","tag-canal-5","tag-cultura-popular","tag-desaparicion","tag-experimento-social","tag-falla-tecnica","tag-misterio","tag-redes-sociales","tag-selene-delgado","tag-television-mexicana","tag-teorias-conspirativas","tag-viral"],"yoast_head":"<!-- This site is optimized with the Yoast SEO plugin v26.7 - https:\/\/yoast.com\/wordpress\/plugins\/seo\/ -->\n<title>El Misterioso Caso de Selene Delgado: Leyenda Urbana de la Televisi\u00f3n Mexicana - So Close<\/title>\n<meta name=\"description\" content=\"El misterioso caso de Selene Delgado es uno de los enigmas m\u00e1s populares de la televisi\u00f3n mexicana. Aparecida durante a\u00f1os en el Canal 5.\" \/>\n<meta name=\"robots\" content=\"index, follow, max-snippet:-1, max-image-preview:large, max-video-preview:-1\" \/>\n<link rel=\"canonical\" href=\"https:\/\/soclose.mx\/blog\/tag\/juan-rulfo-frases-mujeres\/\" \/>\n<meta property=\"og:locale\" content=\"es_MX\" \/>\n<meta property=\"og:type\" content=\"article\" \/>\n<meta property=\"og:title\" content=\"El Misterioso Caso de Selene Delgado: Leyenda Urbana de la Televisi\u00f3n Mexicana - So Close\" \/>\n<meta property=\"og:description\" content=\"El misterioso caso de Selene Delgado es uno de los enigmas m\u00e1s populares de la televisi\u00f3n mexicana. Aparecida durante a\u00f1os en el Canal 5.\" \/>\n<meta property=\"og:url\" content=\"https:\/\/soclose.mx\/blog\/tag\/juan-rulfo-frases-mujeres\/\" \/>\n<meta property=\"og:site_name\" content=\"So Close\" \/>\n<meta property=\"article:published_time\" content=\"2024-08-19T23:59:33+00:00\" \/>\n<meta property=\"og:image\" content=\"https:\/\/i0.wp.com\/soclose.mx\/blog\/wp-content\/uploads\/2024\/08\/television-mexicana.jpg?fit=1612%2C1140&ssl=1\" \/>\n\t<meta property=\"og:image:width\" content=\"1612\" \/>\n\t<meta property=\"og:image:height\" content=\"1140\" \/>\n\t<meta property=\"og:image:type\" content=\"image\/jpeg\" \/>\n<meta name=\"author\" content=\"So Close\" \/>\n<meta name=\"twitter:card\" content=\"summary_large_image\" \/>\n<meta name=\"twitter:label1\" content=\"Escrito por\" \/>\n\t<meta name=\"twitter:data1\" content=\"So Close\" \/>\n\t<meta name=\"twitter:label2\" content=\"Tiempo de lectura\" \/>\n\t<meta name=\"twitter:data2\" content=\"3 minutos\" \/>\n<script type=\"application\/ld+json\" class=\"yoast-schema-graph\">{\"@context\":\"https:\/\/schema.org\",\"@graph\":[{\"@type\":\"Article\",\"@id\":\"https:\/\/soclose.mx\/blog\/tag\/juan-rulfo-frases-mujeres\/#article\",\"isPartOf\":{\"@id\":\"https:\/\/soclose.mx\/blog\/tag\/juan-rulfo-frases-mujeres\/\"},\"author\":{\"name\":\"So Close\",\"@id\":\"https:\/\/soclose.mx\/blog\/#\/schema\/person\/723eb117ab965b55c3e56b5d29751667\"},\"headline\":\"El Misterioso Caso de Selene Delgado: Leyenda Urbana de la Televisi\u00f3n Mexicana\",\"datePublished\":\"2024-08-19T23:59:33+00:00\",\"mainEntityOfPage\":{\"@id\":\"https:\/\/soclose.mx\/blog\/tag\/juan-rulfo-frases-mujeres\/\"},\"wordCount\":564,\"commentCount\":0,\"publisher\":{\"@id\":\"https:\/\/soclose.mx\/blog\/#organization\"},\"image\":{\"@id\":\"https:\/\/soclose.mx\/blog\/tag\/juan-rulfo-frases-mujeres\/#primaryimage\"},\"thumbnailUrl\":\"https:\/\/i0.wp.com\/soclose.mx\/blog\/wp-content\/uploads\/2024\/08\/television-mexicana.jpg?fit=1612%2C1140&ssl=1\",\"keywords\":[\"Canal 5\",\"cultura popular\",\"desaparicion\",\"experimento social\",\"falla t\u00e9cnica\",\"misterio\",\"redes sociales\",\"Selene Delgado\",\"televisi\u00f3n mexicana\",\"teor\u00edas conspirativas\",\"viral\"],\"articleSection\":[\"Mitos y leyendas\"],\"inLanguage\":\"es\",\"potentialAction\":[{\"@type\":\"CommentAction\",\"name\":\"Comment\",\"target\":[\"https:\/\/soclose.mx\/blog\/tag\/juan-rulfo-frases-mujeres\/#respond\"]}]},{\"@type\":\"WebPage\",\"@id\":\"https:\/\/soclose.mx\/blog\/tag\/juan-rulfo-frases-mujeres\/\",\"url\":\"https:\/\/soclose.mx\/blog\/tag\/juan-rulfo-frases-mujeres\/\",\"name\":\"El Misterioso Caso de Selene Delgado: Leyenda Urbana de la Televisi\u00f3n Mexicana - So Close\",\"isPartOf\":{\"@id\":\"https:\/\/soclose.mx\/blog\/#website\"},\"primaryImageOfPage\":{\"@id\":\"https:\/\/soclose.mx\/blog\/tag\/juan-rulfo-frases-mujeres\/#primaryimage\"},\"image\":{\"@id\":\"https:\/\/soclose.mx\/blog\/tag\/juan-rulfo-frases-mujeres\/#primaryimage\"},\"thumbnailUrl\":\"https:\/\/i0.wp.com\/soclose.mx\/blog\/wp-content\/uploads\/2024\/08\/television-mexicana.jpg?fit=1612%2C1140&ssl=1\",\"datePublished\":\"2024-08-19T23:59:33+00:00\",\"description\":\"El misterioso caso de Selene Delgado es uno de los enigmas m\u00e1s populares de la televisi\u00f3n mexicana. Aparecida durante a\u00f1os en el Canal 5.\",\"breadcrumb\":{\"@id\":\"https:\/\/soclose.mx\/blog\/tag\/juan-rulfo-frases-mujeres\/#breadcrumb\"},\"inLanguage\":\"es\",\"potentialAction\":[{\"@type\":\"ReadAction\",\"target\":[\"https:\/\/soclose.mx\/blog\/tag\/juan-rulfo-frases-mujeres\/\"]}]},{\"@type\":\"ImageObject\",\"inLanguage\":\"es\",\"@id\":\"https:\/\/soclose.mx\/blog\/tag\/juan-rulfo-frases-mujeres\/#primaryimage\",\"url\":\"https:\/\/i0.wp.com\/soclose.mx\/blog\/wp-content\/uploads\/2024\/08\/television-mexicana.jpg?fit=1612%2C1140&ssl=1\",\"contentUrl\":\"https:\/\/i0.wp.com\/soclose.mx\/blog\/wp-content\/uploads\/2024\/08\/television-mexicana.jpg?fit=1612%2C1140&ssl=1\",\"width\":1612,\"height\":1140,\"caption\":\"Televisi\u00f3n mexicana\"},{\"@type\":\"BreadcrumbList\",\"@id\":\"https:\/\/soclose.mx\/blog\/tag\/juan-rulfo-frases-mujeres\/#breadcrumb\",\"itemListElement\":[{\"@type\":\"ListItem\",\"position\":1,\"name\":\"Inicio\",\"item\":\"https:\/\/soclose.mx\/blog\/\"},{\"@type\":\"ListItem\",\"position\":2,\"name\":\"El Misterioso Caso de Selene Delgado: Leyenda Urbana de la Televisi\u00f3n Mexicana\"}]},{\"@type\":\"WebSite\",\"@id\":\"https:\/\/soclose.mx\/blog\/#website\",\"url\":\"https:\/\/soclose.mx\/blog\/\",\"name\":\"So Close\",\"description\":\"Hacemos contenidos de M\u00e9xico\",\"publisher\":{\"@id\":\"https:\/\/soclose.mx\/blog\/#organization\"},\"potentialAction\":[{\"@type\":\"SearchAction\",\"target\":{\"@type\":\"EntryPoint\",\"urlTemplate\":\"https:\/\/soclose.mx\/blog\/?s={search_term_string}\"},\"query-input\":{\"@type\":\"PropertyValueSpecification\",\"valueRequired\":true,\"valueName\":\"search_term_string\"}}],\"inLanguage\":\"es\"},{\"@type\":\"Organization\",\"@id\":\"https:\/\/soclose.mx\/blog\/#organization\",\"name\":\"So Close\",\"url\":\"https:\/\/soclose.mx\/blog\/\",\"logo\":{\"@type\":\"ImageObject\",\"inLanguage\":\"es\",\"@id\":\"https:\/\/soclose.mx\/blog\/#\/schema\/logo\/image\/\",\"url\":\"https:\/\/i0.wp.com\/soclose.mx\/blog\/wp-content\/uploads\/2020\/12\/LOGO_SOCLOSE_COLOR-e1608310133507.png?fit=2858%2C1264&ssl=1\",\"contentUrl\":\"https:\/\/i0.wp.com\/soclose.mx\/blog\/wp-content\/uploads\/2020\/12\/LOGO_SOCLOSE_COLOR-e1608310133507.png?fit=2858%2C1264&ssl=1\",\"width\":2858,\"height\":1264,\"caption\":\"So Close\"},\"image\":{\"@id\":\"https:\/\/soclose.mx\/blog\/#\/schema\/logo\/image\/\"}},{\"@type\":\"Person\",\"@id\":\"https:\/\/soclose.mx\/blog\/#\/schema\/person\/723eb117ab965b55c3e56b5d29751667\",\"name\":\"So Close\",\"image\":{\"@type\":\"ImageObject\",\"inLanguage\":\"es\",\"@id\":\"https:\/\/soclose.mx\/blog\/#\/schema\/person\/image\/\",\"url\":\"https:\/\/secure.gravatar.com\/avatar\/5a1d1d694eaf6d2c28f450f0984cbb34821b92dc49c1d088c0250fbc6a48efec?s=96&d=mm&r=g\",\"contentUrl\":\"https:\/\/secure.gravatar.com\/avatar\/5a1d1d694eaf6d2c28f450f0984cbb34821b92dc49c1d088c0250fbc6a48efec?s=96&d=mm&r=g\",\"caption\":\"So Close\"},\"sameAs\":[\"http:\/\/www.soclose.mx\",\"https:\/\/www.youtube.com\/@soclosemx\"],\"url\":\"https:\/\/soclose.mx\/blog\/author\/admin\/\"}]}<\/script>\n<!-- \/ Yoast SEO plugin. -->","yoast_head_json":{"title":"El Misterioso Caso de Selene Delgado: Leyenda Urbana de la Televisi\u00f3n Mexicana - So Close","description":"El misterioso caso de Selene Delgado es uno de los enigmas m\u00e1s populares de la televisi\u00f3n mexicana. Aparecida durante a\u00f1os en el Canal 5.","robots":{"index":"index","follow":"follow","max-snippet":"max-snippet:-1","max-image-preview":"max-image-preview:large","max-video-preview":"max-video-preview:-1"},"canonical":"https:\/\/soclose.mx\/blog\/tag\/juan-rulfo-frases-mujeres\/","og_locale":"es_MX","og_type":"article","og_title":"El Misterioso Caso de Selene Delgado: Leyenda Urbana de la Televisi\u00f3n Mexicana - So Close","og_description":"El misterioso caso de Selene Delgado es uno de los enigmas m\u00e1s populares de la televisi\u00f3n mexicana. Aparecida durante a\u00f1os en el Canal 5.","og_url":"https:\/\/soclose.mx\/blog\/tag\/juan-rulfo-frases-mujeres\/","og_site_name":"So Close","article_published_time":"2024-08-19T23:59:33+00:00","og_image":[{"width":1612,"height":1140,"url":"https:\/\/i0.wp.com\/soclose.mx\/blog\/wp-content\/uploads\/2024\/08\/television-mexicana.jpg?fit=1612%2C1140&ssl=1","type":"image\/jpeg"}],"author":"So Close","twitter_card":"summary_large_image","twitter_misc":{"Escrito por":"So Close","Tiempo de lectura":"3 minutos"},"schema":{"@context":"https:\/\/schema.org","@graph":[{"@type":"Article","@id":"https:\/\/soclose.mx\/blog\/tag\/juan-rulfo-frases-mujeres\/#article","isPartOf":{"@id":"https:\/\/soclose.mx\/blog\/tag\/juan-rulfo-frases-mujeres\/"},"author":{"name":"So Close","@id":"https:\/\/soclose.mx\/blog\/#\/schema\/person\/723eb117ab965b55c3e56b5d29751667"},"headline":"El Misterioso Caso de Selene Delgado: Leyenda Urbana de la Televisi\u00f3n Mexicana","datePublished":"2024-08-19T23:59:33+00:00","mainEntityOfPage":{"@id":"https:\/\/soclose.mx\/blog\/tag\/juan-rulfo-frases-mujeres\/"},"wordCount":564,"commentCount":0,"publisher":{"@id":"https:\/\/soclose.mx\/blog\/#organization"},"image":{"@id":"https:\/\/soclose.mx\/blog\/tag\/juan-rulfo-frases-mujeres\/#primaryimage"},"thumbnailUrl":"https:\/\/i0.wp.com\/soclose.mx\/blog\/wp-content\/uploads\/2024\/08\/television-mexicana.jpg?fit=1612%2C1140&ssl=1","keywords":["Canal 5","cultura popular","desaparicion","experimento social","falla t\u00e9cnica","misterio","redes sociales","Selene Delgado","televisi\u00f3n mexicana","teor\u00edas conspirativas","viral"],"articleSection":["Mitos y leyendas"],"inLanguage":"es","potentialAction":[{"@type":"CommentAction","name":"Comment","target":["https:\/\/soclose.mx\/blog\/tag\/juan-rulfo-frases-mujeres\/#respond"]}]},{"@type":"WebPage","@id":"https:\/\/soclose.mx\/blog\/tag\/juan-rulfo-frases-mujeres\/","url":"https:\/\/soclose.mx\/blog\/tag\/juan-rulfo-frases-mujeres\/","name":"El Misterioso Caso de Selene Delgado: Leyenda Urbana de la Televisi\u00f3n Mexicana - So Close","isPartOf":{"@id":"https:\/\/soclose.mx\/blog\/#website"},"primaryImageOfPage":{"@id":"https:\/\/soclose.mx\/blog\/tag\/juan-rulfo-frases-mujeres\/#primaryimage"},"image":{"@id":"https:\/\/soclose.mx\/blog\/tag\/juan-rulfo-frases-mujeres\/#primaryimage"},"thumbnailUrl":"https:\/\/i0.wp.com\/soclose.mx\/blog\/wp-content\/uploads\/2024\/08\/television-mexicana.jpg?fit=1612%2C1140&ssl=1","datePublished":"2024-08-19T23:59:33+00:00","description":"El misterioso caso de Selene Delgado es uno de los enigmas m\u00e1s populares de la televisi\u00f3n mexicana. Aparecida durante a\u00f1os en el Canal 5.","breadcrumb":{"@id":"https:\/\/soclose.mx\/blog\/tag\/juan-rulfo-frases-mujeres\/#breadcrumb"},"inLanguage":"es","potentialAction":[{"@type":"ReadAction","target":["https:\/\/soclose.mx\/blog\/tag\/juan-rulfo-frases-mujeres\/"]}]},{"@type":"ImageObject","inLanguage":"es","@id":"https:\/\/soclose.mx\/blog\/tag\/juan-rulfo-frases-mujeres\/#primaryimage","url":"https:\/\/i0.wp.com\/soclose.mx\/blog\/wp-content\/uploads\/2024\/08\/television-mexicana.jpg?fit=1612%2C1140&ssl=1","contentUrl":"https:\/\/i0.wp.com\/soclose.mx\/blog\/wp-content\/uploads\/2024\/08\/television-mexicana.jpg?fit=1612%2C1140&ssl=1","width":1612,"height":1140,"caption":"Televisi\u00f3n mexicana"},{"@type":"BreadcrumbList","@id":"https:\/\/soclose.mx\/blog\/tag\/juan-rulfo-frases-mujeres\/#breadcrumb","itemListElement":[{"@type":"ListItem","position":1,"name":"Inicio","item":"https:\/\/soclose.mx\/blog\/"},{"@type":"ListItem","position":2,"name":"El Misterioso Caso de Selene Delgado: Leyenda Urbana de la Televisi\u00f3n Mexicana"}]},{"@type":"WebSite","@id":"https:\/\/soclose.mx\/blog\/#website","url":"https:\/\/soclose.mx\/blog\/","name":"So Close","description":"Hacemos contenidos de M\u00e9xico","publisher":{"@id":"https:\/\/soclose.mx\/blog\/#organization"},"potentialAction":[{"@type":"SearchAction","target":{"@type":"EntryPoint","urlTemplate":"https:\/\/soclose.mx\/blog\/?s={search_term_string}"},"query-input":{"@type":"PropertyValueSpecification","valueRequired":true,"valueName":"search_term_string"}}],"inLanguage":"es"},{"@type":"Organization","@id":"https:\/\/soclose.mx\/blog\/#organization","name":"So Close","url":"https:\/\/soclose.mx\/blog\/","logo":{"@type":"ImageObject","inLanguage":"es","@id":"https:\/\/soclose.mx\/blog\/#\/schema\/logo\/image\/","url":"https:\/\/i0.wp.com\/soclose.mx\/blog\/wp-content\/uploads\/2020\/12\/LOGO_SOCLOSE_COLOR-e1608310133507.png?fit=2858%2C1264&ssl=1","contentUrl":"https:\/\/i0.wp.com\/soclose.mx\/blog\/wp-content\/uploads\/2020\/12\/LOGO_SOCLOSE_COLOR-e1608310133507.png?fit=2858%2C1264&ssl=1","width":2858,"height":1264,"caption":"So Close"},"image":{"@id":"https:\/\/soclose.mx\/blog\/#\/schema\/logo\/image\/"}},{"@type":"Person","@id":"https:\/\/soclose.mx\/blog\/#\/schema\/person\/723eb117ab965b55c3e56b5d29751667","name":"So Close","image":{"@type":"ImageObject","inLanguage":"es","@id":"https:\/\/soclose.mx\/blog\/#\/schema\/person\/image\/","url":"https:\/\/secure.gravatar.com\/avatar\/5a1d1d694eaf6d2c28f450f0984cbb34821b92dc49c1d088c0250fbc6a48efec?s=96&d=mm&r=g","contentUrl":"https:\/\/secure.gravatar.com\/avatar\/5a1d1d694eaf6d2c28f450f0984cbb34821b92dc49c1d088c0250fbc6a48efec?s=96&d=mm&r=g","caption":"So Close"},"sameAs":["http:\/\/www.soclose.mx","https:\/\/www.youtube.com\/@soclosemx"],"url":"https:\/\/soclose.mx\/blog\/author\/admin\/"}]}},"jetpack_featured_media_url":"https:\/\/i0.wp.com\/soclose.mx\/blog\/wp-content\/uploads\/2024\/08\/television-mexicana.jpg?fit=1612%2C1140&ssl=1","jetpack-related-posts":[{"id":14910,"url":"https:\/\/soclose.mx\/blog\/ay-goeeee\/la-mosca-muerta-el-comercial-misterioso-de-canal-5\/","url_meta":{"origin":13930,"position":0},"title":"La Mosca Muerta: El comercial misterioso de Canal 5","author":"So Close","date":"2 noviembre, 2025","format":false,"excerpt":"La Mosca Muerta: El comercial misterioso de Canal 5, es uno de los promocionales m\u00e1s ic\u00f3nicos y enigm\u00e1ticos que se transmitieron en televisi\u00f3n durante los a\u00f1os 90 en M\u00e9xico.\u00a0 Este comercial, que ha trascendido el tiempo como un curioso y perturbador \"screamer\", marc\u00f3 a toda una generaci\u00f3n por su atm\u00f3sfera\u2026","rel":"","context":"En &quot;\u00a1Ay goeeee!&quot;","block_context":{"text":"\u00a1Ay goeeee!","link":"https:\/\/soclose.mx\/blog\/category\/ay-goeeee\/"},"img":{"alt_text":"televisi\u00f3n vieja","src":"https:\/\/i0.wp.com\/soclose.mx\/blog\/wp-content\/uploads\/2025\/09\/television-vieja.jpg?fit=1200%2C675&ssl=1&resize=350%2C200","width":350,"height":200,"srcset":"https:\/\/i0.wp.com\/soclose.mx\/blog\/wp-content\/uploads\/2025\/09\/television-vieja.jpg?fit=1200%2C675&ssl=1&resize=350%2C200 1x, https:\/\/i0.wp.com\/soclose.mx\/blog\/wp-content\/uploads\/2025\/09\/television-vieja.jpg?fit=1200%2C675&ssl=1&resize=525%2C300 1.5x, https:\/\/i0.wp.com\/soclose.mx\/blog\/wp-content\/uploads\/2025\/09\/television-vieja.jpg?fit=1200%2C675&ssl=1&resize=700%2C400 2x, https:\/\/i0.wp.com\/soclose.mx\/blog\/wp-content\/uploads\/2025\/09\/television-vieja.jpg?fit=1200%2C675&ssl=1&resize=1050%2C600 3x"},"classes":[]},{"id":14329,"url":"https:\/\/soclose.mx\/blog\/mitos-y-leyendas\/los-datos-mas-descabellados-de-la-casa-de-los-azulejos\/","url_meta":{"origin":13930,"position":1},"title":"Los datos m\u00e1s descabellados de la Casa de los Azulejos","author":"So Close","date":"29 octubre, 2024","format":false,"excerpt":"La Ciudad de M\u00e9xico es un crisol de culturas, historia y misterios. Uno de los edificios m\u00e1s emblem\u00e1ticos y envueltos en leyendas es la Casa de los Azulejos. M\u00e1s all\u00e1 de su belleza arquitect\u00f3nica y su rica historia, este lugar alberga secretos oscuros y los datos m\u00e1s descabellados de la\u2026","rel":"","context":"En &quot;Mitos y leyendas&quot;","block_context":{"text":"Mitos y leyendas","link":"https:\/\/soclose.mx\/blog\/category\/mitos-y-leyendas\/"},"img":{"alt_text":"Leyenda de la casa de los azulejos en la Ciudad de Me\u0301xico","src":"https:\/\/i0.wp.com\/soclose.mx\/blog\/wp-content\/uploads\/2024\/10\/Leyenda-de-la-casa-de-los-azulejos-en-la-Ciudad-de-Mexico.jpg?fit=1200%2C675&ssl=1&resize=350%2C200","width":350,"height":200,"srcset":"https:\/\/i0.wp.com\/soclose.mx\/blog\/wp-content\/uploads\/2024\/10\/Leyenda-de-la-casa-de-los-azulejos-en-la-Ciudad-de-Mexico.jpg?fit=1200%2C675&ssl=1&resize=350%2C200 1x, https:\/\/i0.wp.com\/soclose.mx\/blog\/wp-content\/uploads\/2024\/10\/Leyenda-de-la-casa-de-los-azulejos-en-la-Ciudad-de-Mexico.jpg?fit=1200%2C675&ssl=1&resize=525%2C300 1.5x, https:\/\/i0.wp.com\/soclose.mx\/blog\/wp-content\/uploads\/2024\/10\/Leyenda-de-la-casa-de-los-azulejos-en-la-Ciudad-de-Mexico.jpg?fit=1200%2C675&ssl=1&resize=700%2C400 2x, https:\/\/i0.wp.com\/soclose.mx\/blog\/wp-content\/uploads\/2024\/10\/Leyenda-de-la-casa-de-los-azulejos-en-la-Ciudad-de-Mexico.jpg?fit=1200%2C675&ssl=1&resize=1050%2C600 3x"},"classes":[]},{"id":10228,"url":"https:\/\/soclose.mx\/blog\/ay-goeeee\/te-animas-a-ir-conoce-el-chernobyl-mexicano\/","url_meta":{"origin":13930,"position":2},"title":"\u00bfTe animas a ir? Conoce el Chernobyl Mexicano","author":"Daniel Ram\u00edrez","date":"14 junio, 2022","format":false,"excerpt":"Tristemente Chernobyl es un lugar famoso en Ucrania, no por cosas agradables, pero hasta la fecha sigue despertando curiosidad y misterio por todo lo que guarda. Si ese lugar te llama la atenci\u00f3n como para darte una vuelta, puedes ir a un sitio parecido aqu\u00ed en M\u00e9xico para que no\u2026","rel":"","context":"En &quot;\u00a1Ay goeeee!&quot;","block_context":{"text":"\u00a1Ay goeeee!","link":"https:\/\/soclose.mx\/blog\/category\/ay-goeeee\/"},"img":{"alt_text":"","src":"https:\/\/i0.wp.com\/soclose.mx\/blog\/wp-content\/uploads\/2022\/06\/chernobyl2.png?fit=604%2C339&ssl=1&resize=350%2C200","width":350,"height":200,"srcset":"https:\/\/i0.wp.com\/soclose.mx\/blog\/wp-content\/uploads\/2022\/06\/chernobyl2.png?fit=604%2C339&ssl=1&resize=350%2C200 1x, https:\/\/i0.wp.com\/soclose.mx\/blog\/wp-content\/uploads\/2022\/06\/chernobyl2.png?fit=604%2C339&ssl=1&resize=525%2C300 1.5x"},"classes":[]},{"id":14339,"url":"https:\/\/soclose.mx\/blog\/a-la-mexicana\/10-leyendas-de-terror-de-la-revolucion-mexicana\/","url_meta":{"origin":13930,"position":3},"title":"10 Leyendas de Terror de la Revoluci\u00f3n Mexicana","author":"So Close","date":"11 noviembre, 2025","format":false,"excerpt":"\u00bfTe apasiona la historia de M\u00e9xico? \u00bfTe intrigan las historias de fantasmas y criaturas sobrenaturales? Entonces prep\u00e1rate para sumergirte en un mundo de terror y misterio con estas 10 leyendas de terror de la Revoluci\u00f3n Mexicana. La Revoluci\u00f3n Mexicana, un periodo de grandes cambios y conflictos armados, fue tambi\u00e9n un\u2026","rel":"","context":"En &quot;\u00a1Ay goeeee!&quot;","block_context":{"text":"\u00a1Ay goeeee!","link":"https:\/\/soclose.mx\/blog\/category\/ay-goeeee\/"},"img":{"alt_text":"Leyendas de terror de la revoluci\u00f3n mexicana","src":"https:\/\/i0.wp.com\/soclose.mx\/blog\/wp-content\/uploads\/2024\/11\/revolucion-mexicana.jpeg?fit=1200%2C799&ssl=1&resize=350%2C200","width":350,"height":200,"srcset":"https:\/\/i0.wp.com\/soclose.mx\/blog\/wp-content\/uploads\/2024\/11\/revolucion-mexicana.jpeg?fit=1200%2C799&ssl=1&resize=350%2C200 1x, https:\/\/i0.wp.com\/soclose.mx\/blog\/wp-content\/uploads\/2024\/11\/revolucion-mexicana.jpeg?fit=1200%2C799&ssl=1&resize=525%2C300 1.5x, https:\/\/i0.wp.com\/soclose.mx\/blog\/wp-content\/uploads\/2024\/11\/revolucion-mexicana.jpeg?fit=1200%2C799&ssl=1&resize=700%2C400 2x, https:\/\/i0.wp.com\/soclose.mx\/blog\/wp-content\/uploads\/2024\/11\/revolucion-mexicana.jpeg?fit=1200%2C799&ssl=1&resize=1050%2C600 3x"},"classes":[]},{"id":14559,"url":"https:\/\/soclose.mx\/blog\/seleccion-mexicana\/rey-misterio-sr-icono-de-la-lucha-libre-mexicana\/","url_meta":{"origin":13930,"position":4},"title":"Rey Misterio Sr.: \u00edcono de la lucha libre mexicana","author":"So Close","date":"20 diciembre, 2024","format":false,"excerpt":"Miguel \u00c1ngel L\u00f3pez D\u00edaz, m\u00e1s conocido como Rey Misterio Sr., fue un luchador profesional mexicano que dej\u00f3 una huella imborrable en la historia de la lucha libre. Su estilo acrob\u00e1tico y su carisma lo convirtieron en una leyenda, inspirando a una generaci\u00f3n de luchadores y dejando un legado que perdura\u2026","rel":"","context":"En &quot;Selecci\u00f3n mexicana&quot;","block_context":{"text":"Selecci\u00f3n mexicana","link":"https:\/\/soclose.mx\/blog\/category\/seleccion-mexicana\/"},"img":{"alt_text":"rey misterio sr","src":"https:\/\/i0.wp.com\/soclose.mx\/blog\/wp-content\/uploads\/2024\/12\/rey-misterio-sr.jpg?fit=1200%2C675&ssl=1&resize=350%2C200","width":350,"height":200,"srcset":"https:\/\/i0.wp.com\/soclose.mx\/blog\/wp-content\/uploads\/2024\/12\/rey-misterio-sr.jpg?fit=1200%2C675&ssl=1&resize=350%2C200 1x, https:\/\/i0.wp.com\/soclose.mx\/blog\/wp-content\/uploads\/2024\/12\/rey-misterio-sr.jpg?fit=1200%2C675&ssl=1&resize=525%2C300 1.5x, https:\/\/i0.wp.com\/soclose.mx\/blog\/wp-content\/uploads\/2024\/12\/rey-misterio-sr.jpg?fit=1200%2C675&ssl=1&resize=700%2C400 2x, https:\/\/i0.wp.com\/soclose.mx\/blog\/wp-content\/uploads\/2024\/12\/rey-misterio-sr.jpg?fit=1200%2C675&ssl=1&resize=1050%2C600 3x"},"classes":[]},{"id":11762,"url":"https:\/\/soclose.mx\/blog\/ay-goeeee\/cabeza-de-francisco-villa-revolucion-mexicana\/","url_meta":{"origin":13930,"position":5},"title":"El misterioso robo de la cabeza de Francisco Villa \u00bfConoces la leyenda?","author":"So Close","date":"23 junio, 2023","format":false,"excerpt":"La vida y muerte de Pancho Villa son un enigma, desde su nombre real, hasta su cabeza perdida. Aqu\u00ed te contamos el misterio de la segunda.","rel":"","context":"En &quot;\u00a1Ay goeeee!&quot;","block_context":{"text":"\u00a1Ay goeeee!","link":"https:\/\/soclose.mx\/blog\/category\/ay-goeeee\/"},"img":{"alt_text":"Cabeza de Francisco Villa","src":"https:\/\/i0.wp.com\/soclose.mx\/blog\/wp-content\/uploads\/2023\/06\/Cabeza-de-Francisco-Villa-Mito-Revolucion-Mexicana.jpg?fit=1200%2C675&ssl=1&resize=350%2C200","width":350,"height":200,"srcset":"https:\/\/i0.wp.com\/soclose.mx\/blog\/wp-content\/uploads\/2023\/06\/Cabeza-de-Francisco-Villa-Mito-Revolucion-Mexicana.jpg?fit=1200%2C675&ssl=1&resize=350%2C200 1x, https:\/\/i0.wp.com\/soclose.mx\/blog\/wp-content\/uploads\/2023\/06\/Cabeza-de-Francisco-Villa-Mito-Revolucion-Mexicana.jpg?fit=1200%2C675&ssl=1&resize=525%2C300 1.5x, https:\/\/i0.wp.com\/soclose.mx\/blog\/wp-content\/uploads\/2023\/06\/Cabeza-de-Francisco-Villa-Mito-Revolucion-Mexicana.jpg?fit=1200%2C675&ssl=1&resize=700%2C400 2x, https:\/\/i0.wp.com\/soclose.mx\/blog\/wp-content\/uploads\/2023\/06\/Cabeza-de-Francisco-Villa-Mito-Revolucion-Mexicana.jpg?fit=1200%2C675&ssl=1&resize=1050%2C600 3x"},"classes":[]}],"jetpack_sharing_enabled":true,"_links":{"self":[{"href":"https:\/\/soclose.mx\/blog\/wp-json\/wp\/v2\/posts\/13930","targetHints":{"allow":["GET"]}}],"collection":[{"href":"https:\/\/soclose.mx\/blog\/wp-json\/wp\/v2\/posts"}],"about":[{"href":"https:\/\/soclose.mx\/blog\/wp-json\/wp\/v2\/types\/post"}],"author":[{"embeddable":true,"href":"https:\/\/soclose.mx\/blog\/wp-json\/wp\/v2\/users\/1"}],"replies":[{"embeddable":true,"href":"https:\/\/soclose.mx\/blog\/wp-json\/wp\/v2\/comments?post=13930"}],"version-history":[{"count":2,"href":"https:\/\/soclose.mx\/blog\/wp-json\/wp\/v2\/posts\/13930\/revisions"}],"predecessor-version":[{"id":13933,"href":"https:\/\/soclose.mx\/blog\/wp-json\/wp\/v2\/posts\/13930\/revisions\/13933"}],"wp:featuredmedia":[{"embeddable":true,"href":"https:\/\/soclose.mx\/blog\/wp-json\/wp\/v2\/media\/13932"}],"wp:attachment":[{"href":"https:\/\/soclose.mx\/blog\/wp-json\/wp\/v2\/media?parent=13930"}],"wp:term":[{"taxonomy":"category","embeddable":true,"href":"https:\/\/soclose.mx\/blog\/wp-json\/wp\/v2\/categories?post=13930"},{"taxonomy":"post_tag","embeddable":true,"href":"https:\/\/soclose.mx\/blog\/wp-json\/wp\/v2\/tags?post=13930"}],"curies":[{"name":"wp","href":"https:\/\/api.w.org\/{rel}","templated":true}]}}