{"id":13955,"date":"2024-08-26T21:28:48","date_gmt":"2024-08-27T03:28:48","guid":{"rendered":"https:\/\/soclose.mx\/blog\/?p=13955"},"modified":"2024-08-26T21:28:48","modified_gmt":"2024-08-27T03:28:48","slug":"puentes-dias-festivos-y-vacaciones-del-ciclo-escolar-2024-2025-en-mexico","status":"publish","type":"post","link":"https:\/\/soclose.mx\/blog\/news-feed\/puentes-dias-festivos-y-vacaciones-del-ciclo-escolar-2024-2025-en-mexico\/","title":{"rendered":"Puentes, D\u00edas Festivos y Vacaciones del Ciclo Escolar 2024-2025 en M\u00e9xico"},"content":{"rendered":"<p>El ciclo escolar 2024-2025 en M\u00e9xico, organizado por la Secretar\u00eda de Educaci\u00f3n P\u00fablica (SEP), dar\u00e1 inicio el 26 de agosto de 2024 y concluir\u00e1 el 16 de julio de 2025. Este periodo contar\u00e1 con un total de 190 d\u00edas efectivos de clase para los estudiantes de educaci\u00f3n b\u00e1sica, incluyendo preescolar, primaria y secundaria en todo el pa\u00eds; y Puentes, D\u00edas Festivos y Vacaciones del Ciclo Escolar 2024-2025.<\/p>\n<h2>Vacaciones del Ciclo Escolar 2024-2025<\/h2>\n<p>El <a href=\"https:\/\/calendarioescolar.sep.gob.mx\/\" target=\"_blank\" rel=\"noopener\">calendario escolar<\/a> contempla dos periodos vacacionales obligatorios:<\/p>\n<p>1. Vacaciones de Invierno: Del 19 de diciembre de 2024 al 8 de enero de 2025.<br \/>\n2. Vacaciones de Semana Santa: Del 14 al 25 de abril de 2025.<\/p>\n<p>Estos periodos de descanso permiten a estudiantes y docentes recargar energ\u00edas y disfrutar de tiempo libre.<\/p>\n<h2>D\u00edas Festivos del Ciclo Escolar 2024-2025<\/h2>\n<p>Adem\u00e1s de los fines de semana y las vacaciones, el calendario escolar incluye varios d\u00edas festivos oficiales en los que no habr\u00e1 clases:<\/p>\n<p>&#8211; 16 de septiembre de 2024: Aniversario de la Independencia de M\u00e9xico.<br \/>\n&#8211; 18 de noviembre de 2024: D\u00eda de la Revoluci\u00f3n Mexicana.<br \/>\n&#8211; 25 de diciembre de 2024: Navidad.<br \/>\n&#8211; 1 de enero de 2025: A\u00f1o Nuevo.<br \/>\n&#8211; 3 de febrero de 2025: D\u00eda de la Constituci\u00f3n Mexicana.<br \/>\n&#8211; 17 de marzo de 2025: Natalicio de Benito Ju\u00e1rez.<br \/>\n&#8211; 1 de mayo de 2025: D\u00eda del Trabajo.<br \/>\n&#8211; 5 de mayo de 2025: Batalla de Puebla.<\/p>\n<p>Puentes Escolares<\/p>\n<p>El calendario tambi\u00e9n incluye los llamados &#8220;puentes escolares&#8221;, que corresponden a los d\u00edas posteriores a las sesiones ordinarias del Consejo T\u00e9cnico Escolar (CTE). Estos d\u00edas, los estudiantes no tienen clases, lo que permite a los docentes realizar actividades de capacitaci\u00f3n y actualizaci\u00f3n.<\/p>\n<p>Los puentes escolares programados son:<\/p>\n<p>&#8211; Del 14 al 16 de septiembre de 2024** (Aniversario de la Independencia de M\u00e9xico).<br \/>\n&#8211; Del 27 al 29 de septiembre de 2024** (Consejo T\u00e9cnico Escolar).<br \/>\n&#8211; Del 25 al 27 de octubre de 2024** (Consejo T\u00e9cnico Escolar).<br \/>\n&#8211; Del 16 al 18 de noviembre de 2024** (Consejo T\u00e9cnico Escolar).<\/p>\n<p>Importancia del Calendario<\/p>\n<p>Conocer las fechas de inicio y fin de clases, as\u00ed como los d\u00edas <a href=\"https:\/\/soclose.mx\/blog\/newss-feed\/vacaciones-dias-feriados-y-puentes-largos-2024-en-mexico\/\" target=\"_blank\" rel=\"noopener\">festivos y periodos vacacionales<\/a>, es fundamental para la planificaci\u00f3n de actividades acad\u00e9micas y personales. Esto permite a padres, estudiantes y docentes organizar su tiempo de manera m\u00e1s eficiente.<\/p>\n<p>El ciclo escolar 2024-2025 promete ser un a\u00f1o lleno de aprendizajes y oportunidades para todos los involucrados en el sistema educativo. \u00a1Prep\u00e1rate para un a\u00f1o escolar emocionante!<\/p>\n","protected":false},"excerpt":{"rendered":"<p>El ciclo escolar 2024-2025 en M\u00e9xico, organizado por la Secretar\u00eda de Educaci\u00f3n P\u00fablica (SEP), dar\u00e1 inicio el 26 de agosto de 2024 y concluir\u00e1 el 16 de julio de 2025. Este periodo contar\u00e1 con un total de 190 d\u00edas efectivos de clase para los estudiantes de educaci\u00f3n b\u00e1sica, incluyendo preescolar, primaria y secundaria en todo el pa\u00eds; y Puentes, D\u00edas Festivos y Vacaciones del Ciclo Escolar 2024-2025. Vacaciones del Ciclo Escolar 2024-2025 El calendario escolar contempla dos periodos vacacionales obligatorios: 1. Vacaciones de Invierno: Del 19 de diciembre de 2024 al 8 de enero de 2025. 2. Vacaciones de Semana<\/p>\n","protected":false},"author":1,"featured_media":13956,"comment_status":"open","ping_status":"open","sticky":false,"template":"","format":"standard","meta":{"_jetpack_memberships_contains_paid_content":false,"footnotes":""},"categories":[628],"tags":[3408,3319,3412,3410,3411,3409],"class_list":["post-13955","post","type-post","status-publish","format-standard","has-post-thumbnail","hentry","category-news-feed","tag-calendario-escolar-2024-2025","tag-dias-festivos-mexico","tag-educacion-basica-mexico","tag-puentes-2024-2025","tag-sep-mexico","tag-vacaciones-escolares-2024-2025"],"yoast_head":"<!-- This site is optimized with the Yoast SEO plugin v26.7 - https:\/\/yoast.com\/wordpress\/plugins\/seo\/ -->\n<title>Puentes, D\u00edas Festivos y Vacaciones del Ciclo Escolar 2024-2025 en M\u00e9xico - So Close<\/title>\n<meta name=\"description\" content=\"Este periodo contar\u00e1 con un total de 190 d\u00edas efectivos de clase y Puentes, D\u00edas Festivos y Vacaciones del Ciclo Escolar 2024-2025.\" \/>\n<meta name=\"robots\" content=\"index, follow, max-snippet:-1, max-image-preview:large, max-video-preview:-1\" \/>\n<link rel=\"canonical\" href=\"https:\/\/soclose.mx\/blog\/tag\/juan-rulfo-frases-mujeres\/\" \/>\n<meta property=\"og:locale\" content=\"es_MX\" \/>\n<meta property=\"og:type\" content=\"article\" \/>\n<meta property=\"og:title\" content=\"Puentes, D\u00edas Festivos y Vacaciones del Ciclo Escolar 2024-2025 en M\u00e9xico - So Close\" \/>\n<meta property=\"og:description\" content=\"Este periodo contar\u00e1 con un total de 190 d\u00edas efectivos de clase y Puentes, D\u00edas Festivos y Vacaciones del Ciclo Escolar 2024-2025.\" \/>\n<meta property=\"og:url\" content=\"https:\/\/soclose.mx\/blog\/tag\/juan-rulfo-frases-mujeres\/\" \/>\n<meta property=\"og:site_name\" content=\"So Close\" \/>\n<meta property=\"article:published_time\" content=\"2024-08-27T03:28:48+00:00\" \/>\n<meta property=\"og:image\" content=\"https:\/\/i0.wp.com\/soclose.mx\/blog\/wp-content\/uploads\/2024\/08\/2707gestionvacaciones10.jpg?fit=1920%2C1080&ssl=1\" \/>\n\t<meta property=\"og:image:width\" content=\"1920\" \/>\n\t<meta property=\"og:image:height\" content=\"1080\" \/>\n\t<meta property=\"og:image:type\" content=\"image\/jpeg\" \/>\n<meta name=\"author\" content=\"So Close\" \/>\n<meta name=\"twitter:card\" content=\"summary_large_image\" \/>\n<meta name=\"twitter:label1\" content=\"Escrito por\" \/>\n\t<meta name=\"twitter:data1\" content=\"So Close\" \/>\n\t<meta name=\"twitter:label2\" content=\"Tiempo de lectura\" \/>\n\t<meta name=\"twitter:data2\" content=\"2 minutos\" \/>\n<script type=\"application\/ld+json\" class=\"yoast-schema-graph\">{\"@context\":\"https:\/\/schema.org\",\"@graph\":[{\"@type\":\"Article\",\"@id\":\"https:\/\/soclose.mx\/blog\/tag\/juan-rulfo-frases-mujeres\/#article\",\"isPartOf\":{\"@id\":\"https:\/\/soclose.mx\/blog\/tag\/juan-rulfo-frases-mujeres\/\"},\"author\":{\"name\":\"So Close\",\"@id\":\"https:\/\/soclose.mx\/blog\/#\/schema\/person\/723eb117ab965b55c3e56b5d29751667\"},\"headline\":\"Puentes, D\u00edas Festivos y Vacaciones del Ciclo Escolar 2024-2025 en M\u00e9xico\",\"datePublished\":\"2024-08-27T03:28:48+00:00\",\"mainEntityOfPage\":{\"@id\":\"https:\/\/soclose.mx\/blog\/tag\/juan-rulfo-frases-mujeres\/\"},\"wordCount\":411,\"commentCount\":0,\"publisher\":{\"@id\":\"https:\/\/soclose.mx\/blog\/#organization\"},\"image\":{\"@id\":\"https:\/\/soclose.mx\/blog\/tag\/juan-rulfo-frases-mujeres\/#primaryimage\"},\"thumbnailUrl\":\"https:\/\/i0.wp.com\/soclose.mx\/blog\/wp-content\/uploads\/2024\/08\/2707gestionvacaciones10.jpg?fit=1920%2C1080&ssl=1\",\"keywords\":[\"Calendario escolar 2024-2025\",\"d\u00edas festivos M\u00e9xico\",\"Educaci\u00f3n b\u00e1sica M\u00e9xico\",\"Puentes 2024-2025\",\"SEP M\u00e9xico\",\"Vacaciones escolares 2024-2025\"],\"articleSection\":[\"News feed\"],\"inLanguage\":\"es\",\"potentialAction\":[{\"@type\":\"CommentAction\",\"name\":\"Comment\",\"target\":[\"https:\/\/soclose.mx\/blog\/tag\/juan-rulfo-frases-mujeres\/#respond\"]}]},{\"@type\":\"WebPage\",\"@id\":\"https:\/\/soclose.mx\/blog\/tag\/juan-rulfo-frases-mujeres\/\",\"url\":\"https:\/\/soclose.mx\/blog\/tag\/juan-rulfo-frases-mujeres\/\",\"name\":\"Puentes, D\u00edas Festivos y Vacaciones del Ciclo Escolar 2024-2025 en M\u00e9xico - So Close\",\"isPartOf\":{\"@id\":\"https:\/\/soclose.mx\/blog\/#website\"},\"primaryImageOfPage\":{\"@id\":\"https:\/\/soclose.mx\/blog\/tag\/juan-rulfo-frases-mujeres\/#primaryimage\"},\"image\":{\"@id\":\"https:\/\/soclose.mx\/blog\/tag\/juan-rulfo-frases-mujeres\/#primaryimage\"},\"thumbnailUrl\":\"https:\/\/i0.wp.com\/soclose.mx\/blog\/wp-content\/uploads\/2024\/08\/2707gestionvacaciones10.jpg?fit=1920%2C1080&ssl=1\",\"datePublished\":\"2024-08-27T03:28:48+00:00\",\"description\":\"Este periodo contar\u00e1 con un total de 190 d\u00edas efectivos de clase y Puentes, D\u00edas Festivos y Vacaciones del Ciclo Escolar 2024-2025.\",\"breadcrumb\":{\"@id\":\"https:\/\/soclose.mx\/blog\/tag\/juan-rulfo-frases-mujeres\/#breadcrumb\"},\"inLanguage\":\"es\",\"potentialAction\":[{\"@type\":\"ReadAction\",\"target\":[\"https:\/\/soclose.mx\/blog\/tag\/juan-rulfo-frases-mujeres\/\"]}]},{\"@type\":\"ImageObject\",\"inLanguage\":\"es\",\"@id\":\"https:\/\/soclose.mx\/blog\/tag\/juan-rulfo-frases-mujeres\/#primaryimage\",\"url\":\"https:\/\/i0.wp.com\/soclose.mx\/blog\/wp-content\/uploads\/2024\/08\/2707gestionvacaciones10.jpg?fit=1920%2C1080&ssl=1\",\"contentUrl\":\"https:\/\/i0.wp.com\/soclose.mx\/blog\/wp-content\/uploads\/2024\/08\/2707gestionvacaciones10.jpg?fit=1920%2C1080&ssl=1\",\"width\":1920,\"height\":1080,\"caption\":\"Vacaciones en playas de M\u00e9xico\"},{\"@type\":\"BreadcrumbList\",\"@id\":\"https:\/\/soclose.mx\/blog\/tag\/juan-rulfo-frases-mujeres\/#breadcrumb\",\"itemListElement\":[{\"@type\":\"ListItem\",\"position\":1,\"name\":\"Inicio\",\"item\":\"https:\/\/soclose.mx\/blog\/\"},{\"@type\":\"ListItem\",\"position\":2,\"name\":\"Puentes, D\u00edas Festivos y Vacaciones del Ciclo Escolar 2024-2025 en M\u00e9xico\"}]},{\"@type\":\"WebSite\",\"@id\":\"https:\/\/soclose.mx\/blog\/#website\",\"url\":\"https:\/\/soclose.mx\/blog\/\",\"name\":\"So Close\",\"description\":\"Hacemos contenidos de M\u00e9xico\",\"publisher\":{\"@id\":\"https:\/\/soclose.mx\/blog\/#organization\"},\"potentialAction\":[{\"@type\":\"SearchAction\",\"target\":{\"@type\":\"EntryPoint\",\"urlTemplate\":\"https:\/\/soclose.mx\/blog\/?s={search_term_string}\"},\"query-input\":{\"@type\":\"PropertyValueSpecification\",\"valueRequired\":true,\"valueName\":\"search_term_string\"}}],\"inLanguage\":\"es\"},{\"@type\":\"Organization\",\"@id\":\"https:\/\/soclose.mx\/blog\/#organization\",\"name\":\"So Close\",\"url\":\"https:\/\/soclose.mx\/blog\/\",\"logo\":{\"@type\":\"ImageObject\",\"inLanguage\":\"es\",\"@id\":\"https:\/\/soclose.mx\/blog\/#\/schema\/logo\/image\/\",\"url\":\"https:\/\/i0.wp.com\/soclose.mx\/blog\/wp-content\/uploads\/2020\/12\/LOGO_SOCLOSE_COLOR-e1608310133507.png?fit=2858%2C1264&ssl=1\",\"contentUrl\":\"https:\/\/i0.wp.com\/soclose.mx\/blog\/wp-content\/uploads\/2020\/12\/LOGO_SOCLOSE_COLOR-e1608310133507.png?fit=2858%2C1264&ssl=1\",\"width\":2858,\"height\":1264,\"caption\":\"So Close\"},\"image\":{\"@id\":\"https:\/\/soclose.mx\/blog\/#\/schema\/logo\/image\/\"}},{\"@type\":\"Person\",\"@id\":\"https:\/\/soclose.mx\/blog\/#\/schema\/person\/723eb117ab965b55c3e56b5d29751667\",\"name\":\"So Close\",\"image\":{\"@type\":\"ImageObject\",\"inLanguage\":\"es\",\"@id\":\"https:\/\/soclose.mx\/blog\/#\/schema\/person\/image\/\",\"url\":\"https:\/\/secure.gravatar.com\/avatar\/5a1d1d694eaf6d2c28f450f0984cbb34821b92dc49c1d088c0250fbc6a48efec?s=96&d=mm&r=g\",\"contentUrl\":\"https:\/\/secure.gravatar.com\/avatar\/5a1d1d694eaf6d2c28f450f0984cbb34821b92dc49c1d088c0250fbc6a48efec?s=96&d=mm&r=g\",\"caption\":\"So Close\"},\"sameAs\":[\"http:\/\/www.soclose.mx\",\"https:\/\/www.youtube.com\/@soclosemx\"],\"url\":\"https:\/\/soclose.mx\/blog\/author\/admin\/\"}]}<\/script>\n<!-- \/ Yoast SEO plugin. -->","yoast_head_json":{"title":"Puentes, D\u00edas Festivos y Vacaciones del Ciclo Escolar 2024-2025 en M\u00e9xico - So Close","description":"Este periodo contar\u00e1 con un total de 190 d\u00edas efectivos de clase y Puentes, D\u00edas Festivos y Vacaciones del Ciclo Escolar 2024-2025.","robots":{"index":"index","follow":"follow","max-snippet":"max-snippet:-1","max-image-preview":"max-image-preview:large","max-video-preview":"max-video-preview:-1"},"canonical":"https:\/\/soclose.mx\/blog\/tag\/juan-rulfo-frases-mujeres\/","og_locale":"es_MX","og_type":"article","og_title":"Puentes, D\u00edas Festivos y Vacaciones del Ciclo Escolar 2024-2025 en M\u00e9xico - So Close","og_description":"Este periodo contar\u00e1 con un total de 190 d\u00edas efectivos de clase y Puentes, D\u00edas Festivos y Vacaciones del Ciclo Escolar 2024-2025.","og_url":"https:\/\/soclose.mx\/blog\/tag\/juan-rulfo-frases-mujeres\/","og_site_name":"So Close","article_published_time":"2024-08-27T03:28:48+00:00","og_image":[{"width":1920,"height":1080,"url":"https:\/\/i0.wp.com\/soclose.mx\/blog\/wp-content\/uploads\/2024\/08\/2707gestionvacaciones10.jpg?fit=1920%2C1080&ssl=1","type":"image\/jpeg"}],"author":"So Close","twitter_card":"summary_large_image","twitter_misc":{"Escrito por":"So Close","Tiempo de lectura":"2 minutos"},"schema":{"@context":"https:\/\/schema.org","@graph":[{"@type":"Article","@id":"https:\/\/soclose.mx\/blog\/tag\/juan-rulfo-frases-mujeres\/#article","isPartOf":{"@id":"https:\/\/soclose.mx\/blog\/tag\/juan-rulfo-frases-mujeres\/"},"author":{"name":"So Close","@id":"https:\/\/soclose.mx\/blog\/#\/schema\/person\/723eb117ab965b55c3e56b5d29751667"},"headline":"Puentes, D\u00edas Festivos y Vacaciones del Ciclo Escolar 2024-2025 en M\u00e9xico","datePublished":"2024-08-27T03:28:48+00:00","mainEntityOfPage":{"@id":"https:\/\/soclose.mx\/blog\/tag\/juan-rulfo-frases-mujeres\/"},"wordCount":411,"commentCount":0,"publisher":{"@id":"https:\/\/soclose.mx\/blog\/#organization"},"image":{"@id":"https:\/\/soclose.mx\/blog\/tag\/juan-rulfo-frases-mujeres\/#primaryimage"},"thumbnailUrl":"https:\/\/i0.wp.com\/soclose.mx\/blog\/wp-content\/uploads\/2024\/08\/2707gestionvacaciones10.jpg?fit=1920%2C1080&ssl=1","keywords":["Calendario escolar 2024-2025","d\u00edas festivos M\u00e9xico","Educaci\u00f3n b\u00e1sica M\u00e9xico","Puentes 2024-2025","SEP M\u00e9xico","Vacaciones escolares 2024-2025"],"articleSection":["News feed"],"inLanguage":"es","potentialAction":[{"@type":"CommentAction","name":"Comment","target":["https:\/\/soclose.mx\/blog\/tag\/juan-rulfo-frases-mujeres\/#respond"]}]},{"@type":"WebPage","@id":"https:\/\/soclose.mx\/blog\/tag\/juan-rulfo-frases-mujeres\/","url":"https:\/\/soclose.mx\/blog\/tag\/juan-rulfo-frases-mujeres\/","name":"Puentes, D\u00edas Festivos y Vacaciones del Ciclo Escolar 2024-2025 en M\u00e9xico - So Close","isPartOf":{"@id":"https:\/\/soclose.mx\/blog\/#website"},"primaryImageOfPage":{"@id":"https:\/\/soclose.mx\/blog\/tag\/juan-rulfo-frases-mujeres\/#primaryimage"},"image":{"@id":"https:\/\/soclose.mx\/blog\/tag\/juan-rulfo-frases-mujeres\/#primaryimage"},"thumbnailUrl":"https:\/\/i0.wp.com\/soclose.mx\/blog\/wp-content\/uploads\/2024\/08\/2707gestionvacaciones10.jpg?fit=1920%2C1080&ssl=1","datePublished":"2024-08-27T03:28:48+00:00","description":"Este periodo contar\u00e1 con un total de 190 d\u00edas efectivos de clase y Puentes, D\u00edas Festivos y Vacaciones del Ciclo Escolar 2024-2025.","breadcrumb":{"@id":"https:\/\/soclose.mx\/blog\/tag\/juan-rulfo-frases-mujeres\/#breadcrumb"},"inLanguage":"es","potentialAction":[{"@type":"ReadAction","target":["https:\/\/soclose.mx\/blog\/tag\/juan-rulfo-frases-mujeres\/"]}]},{"@type":"ImageObject","inLanguage":"es","@id":"https:\/\/soclose.mx\/blog\/tag\/juan-rulfo-frases-mujeres\/#primaryimage","url":"https:\/\/i0.wp.com\/soclose.mx\/blog\/wp-content\/uploads\/2024\/08\/2707gestionvacaciones10.jpg?fit=1920%2C1080&ssl=1","contentUrl":"https:\/\/i0.wp.com\/soclose.mx\/blog\/wp-content\/uploads\/2024\/08\/2707gestionvacaciones10.jpg?fit=1920%2C1080&ssl=1","width":1920,"height":1080,"caption":"Vacaciones en playas de M\u00e9xico"},{"@type":"BreadcrumbList","@id":"https:\/\/soclose.mx\/blog\/tag\/juan-rulfo-frases-mujeres\/#breadcrumb","itemListElement":[{"@type":"ListItem","position":1,"name":"Inicio","item":"https:\/\/soclose.mx\/blog\/"},{"@type":"ListItem","position":2,"name":"Puentes, D\u00edas Festivos y Vacaciones del Ciclo Escolar 2024-2025 en M\u00e9xico"}]},{"@type":"WebSite","@id":"https:\/\/soclose.mx\/blog\/#website","url":"https:\/\/soclose.mx\/blog\/","name":"So Close","description":"Hacemos contenidos de M\u00e9xico","publisher":{"@id":"https:\/\/soclose.mx\/blog\/#organization"},"potentialAction":[{"@type":"SearchAction","target":{"@type":"EntryPoint","urlTemplate":"https:\/\/soclose.mx\/blog\/?s={search_term_string}"},"query-input":{"@type":"PropertyValueSpecification","valueRequired":true,"valueName":"search_term_string"}}],"inLanguage":"es"},{"@type":"Organization","@id":"https:\/\/soclose.mx\/blog\/#organization","name":"So Close","url":"https:\/\/soclose.mx\/blog\/","logo":{"@type":"ImageObject","inLanguage":"es","@id":"https:\/\/soclose.mx\/blog\/#\/schema\/logo\/image\/","url":"https:\/\/i0.wp.com\/soclose.mx\/blog\/wp-content\/uploads\/2020\/12\/LOGO_SOCLOSE_COLOR-e1608310133507.png?fit=2858%2C1264&ssl=1","contentUrl":"https:\/\/i0.wp.com\/soclose.mx\/blog\/wp-content\/uploads\/2020\/12\/LOGO_SOCLOSE_COLOR-e1608310133507.png?fit=2858%2C1264&ssl=1","width":2858,"height":1264,"caption":"So Close"},"image":{"@id":"https:\/\/soclose.mx\/blog\/#\/schema\/logo\/image\/"}},{"@type":"Person","@id":"https:\/\/soclose.mx\/blog\/#\/schema\/person\/723eb117ab965b55c3e56b5d29751667","name":"So Close","image":{"@type":"ImageObject","inLanguage":"es","@id":"https:\/\/soclose.mx\/blog\/#\/schema\/person\/image\/","url":"https:\/\/secure.gravatar.com\/avatar\/5a1d1d694eaf6d2c28f450f0984cbb34821b92dc49c1d088c0250fbc6a48efec?s=96&d=mm&r=g","contentUrl":"https:\/\/secure.gravatar.com\/avatar\/5a1d1d694eaf6d2c28f450f0984cbb34821b92dc49c1d088c0250fbc6a48efec?s=96&d=mm&r=g","caption":"So Close"},"sameAs":["http:\/\/www.soclose.mx","https:\/\/www.youtube.com\/@soclosemx"],"url":"https:\/\/soclose.mx\/blog\/author\/admin\/"}]}},"jetpack_featured_media_url":"https:\/\/i0.wp.com\/soclose.mx\/blog\/wp-content\/uploads\/2024\/08\/2707gestionvacaciones10.jpg?fit=1920%2C1080&ssl=1","jetpack-related-posts":[{"id":13888,"url":"https:\/\/soclose.mx\/blog\/news-feed\/dias-festivos-y-vacaciones-en-mexico-lo-que-resta-del-2024\/","url_meta":{"origin":13955,"position":0},"title":"D\u00edas festivos y vacaciones en M\u00e9xico, lo que resta del 2024","author":"So Close","date":"8 agosto, 2024","format":false,"excerpt":"Nuestro pa\u00eds est\u00e1 lleno de tradiciones y celebraciones, y cada a\u00f1o ofrece una variedad de d\u00edas festivos y vacaciones en M\u00e9xico que permiten a los mexicanos disfrutar de momentos de descanso y convivencia. Si est\u00e1s planeando tus pr\u00f3ximas vacaciones, esta gu\u00eda te ser\u00e1 de gran utilidad. D\u00edas Festivos y vacaciones\u2026","rel":"","context":"En &quot;News feed&quot;","block_context":{"text":"News feed","link":"https:\/\/soclose.mx\/blog\/category\/news-feed\/"},"img":{"alt_text":"vacaciones en la playa","src":"https:\/\/i0.wp.com\/soclose.mx\/blog\/wp-content\/uploads\/2024\/08\/vacaciones-en-la-playa.jpg?fit=1200%2C800&ssl=1&resize=350%2C200","width":350,"height":200,"srcset":"https:\/\/i0.wp.com\/soclose.mx\/blog\/wp-content\/uploads\/2024\/08\/vacaciones-en-la-playa.jpg?fit=1200%2C800&ssl=1&resize=350%2C200 1x, https:\/\/i0.wp.com\/soclose.mx\/blog\/wp-content\/uploads\/2024\/08\/vacaciones-en-la-playa.jpg?fit=1200%2C800&ssl=1&resize=525%2C300 1.5x, https:\/\/i0.wp.com\/soclose.mx\/blog\/wp-content\/uploads\/2024\/08\/vacaciones-en-la-playa.jpg?fit=1200%2C800&ssl=1&resize=700%2C400 2x, https:\/\/i0.wp.com\/soclose.mx\/blog\/wp-content\/uploads\/2024\/08\/vacaciones-en-la-playa.jpg?fit=1200%2C800&ssl=1&resize=1050%2C600 3x"},"classes":[]},{"id":14536,"url":"https:\/\/soclose.mx\/blog\/news-feed\/planea-tus-vacaciones-con-anticipacion-calendario-de-dias-festivos-y-puentes-en-mexico-2025\/","url_meta":{"origin":13955,"position":1},"title":"\u00a1Planea tus vacaciones con anticipaci\u00f3n! Calendario de d\u00edas festivos y puentes en M\u00e9xico 2025","author":"So Close","date":"11 diciembre, 2024","format":false,"excerpt":"Los d\u00edas de descanso,\u00a0d\u00edas festivos y puentes en M\u00e9xico 2025 ofrecen varias oportunidades para que los trabajadores y estudiantes disfruten de un merecido descanso. A continuaci\u00f3n, se presenta un resumen detallado de los d\u00edas festivos oficiales y los puentes que se podr\u00e1n disfrutar durante el a\u00f1o. D\u00edas festivos y puentes\u2026","rel":"","context":"En &quot;News feed&quot;","block_context":{"text":"News feed","link":"https:\/\/soclose.mx\/blog\/category\/news-feed\/"},"img":{"alt_text":"Playas","src":"https:\/\/i0.wp.com\/soclose.mx\/blog\/wp-content\/uploads\/2024\/12\/playas.jpg?fit=1200%2C675&ssl=1&resize=350%2C200","width":350,"height":200,"srcset":"https:\/\/i0.wp.com\/soclose.mx\/blog\/wp-content\/uploads\/2024\/12\/playas.jpg?fit=1200%2C675&ssl=1&resize=350%2C200 1x, https:\/\/i0.wp.com\/soclose.mx\/blog\/wp-content\/uploads\/2024\/12\/playas.jpg?fit=1200%2C675&ssl=1&resize=525%2C300 1.5x, https:\/\/i0.wp.com\/soclose.mx\/blog\/wp-content\/uploads\/2024\/12\/playas.jpg?fit=1200%2C675&ssl=1&resize=700%2C400 2x, https:\/\/i0.wp.com\/soclose.mx\/blog\/wp-content\/uploads\/2024\/12\/playas.jpg?fit=1200%2C675&ssl=1&resize=1050%2C600 3x"},"classes":[]},{"id":13579,"url":"https:\/\/soclose.mx\/blog\/news-feed\/dias-de-descanso-obligatorios-en-mayo-2024-conocelos\/","url_meta":{"origin":13955,"position":2},"title":"D\u00edas de descanso obligatorios en mayo 2024, con\u00f3celos","author":"Emmanuel Oviedo","date":"1 mayo, 2024","format":false,"excerpt":"En este mayo 2024 tenemos varios d\u00edas festivos en nuestro calendario, y a los mexicanos nos viene muy bien eso, porque eso significa d\u00edas de descanso con nuestra familia. Tanto estudiantes como trabajadores podr\u00e1n descansar de su rutina y jornada por unos d\u00edas. Para que este enterado de los d\u00edas\u2026","rel":"","context":"En &quot;News feed&quot;","block_context":{"text":"News feed","link":"https:\/\/soclose.mx\/blog\/category\/news-feed\/"},"img":{"alt_text":"","src":"https:\/\/i0.wp.com\/soclose.mx\/blog\/wp-content\/uploads\/2024\/05\/Dias-de-descanso-mayo.jpg?fit=600%2C450&ssl=1&resize=350%2C200","width":350,"height":200,"srcset":"https:\/\/i0.wp.com\/soclose.mx\/blog\/wp-content\/uploads\/2024\/05\/Dias-de-descanso-mayo.jpg?fit=600%2C450&ssl=1&resize=350%2C200 1x, https:\/\/i0.wp.com\/soclose.mx\/blog\/wp-content\/uploads\/2024\/05\/Dias-de-descanso-mayo.jpg?fit=600%2C450&ssl=1&resize=525%2C300 1.5x"},"classes":[]},{"id":13673,"url":"https:\/\/soclose.mx\/blog\/news-feed\/vacaciones-dias-feriados-y-puentes-largos-2024-en-mexico\/","url_meta":{"origin":13955,"position":3},"title":"Vacaciones, d\u00edas feriados y puentes largos 2024 en M\u00e9xico","author":"So Close","date":"17 junio, 2024","format":false,"excerpt":"Vacaciones y d\u00edas feriados 2024 en M\u00e9xico: Planifica tu descanso y disfruta al m\u00e1ximo En M\u00e9xico, las vacaciones y d\u00edas feriados en M\u00e9xico son momentos muy esperados para descansar, viajar y disfrutar con la familia y amigos. Es importante conocer con anticipaci\u00f3n cu\u00e1les son estos d\u00edas para poder planificar tus\u2026","rel":"","context":"En &quot;News feed&quot;","block_context":{"text":"News feed","link":"https:\/\/soclose.mx\/blog\/category\/news-feed\/"},"img":{"alt_text":"Camastro en la playa","src":"https:\/\/i0.wp.com\/soclose.mx\/blog\/wp-content\/uploads\/2024\/06\/Portada-notas-del-sitio-So-Close-3.jpg?fit=1200%2C675&ssl=1&resize=350%2C200","width":350,"height":200,"srcset":"https:\/\/i0.wp.com\/soclose.mx\/blog\/wp-content\/uploads\/2024\/06\/Portada-notas-del-sitio-So-Close-3.jpg?fit=1200%2C675&ssl=1&resize=350%2C200 1x, https:\/\/i0.wp.com\/soclose.mx\/blog\/wp-content\/uploads\/2024\/06\/Portada-notas-del-sitio-So-Close-3.jpg?fit=1200%2C675&ssl=1&resize=525%2C300 1.5x, https:\/\/i0.wp.com\/soclose.mx\/blog\/wp-content\/uploads\/2024\/06\/Portada-notas-del-sitio-So-Close-3.jpg?fit=1200%2C675&ssl=1&resize=700%2C400 2x, https:\/\/i0.wp.com\/soclose.mx\/blog\/wp-content\/uploads\/2024\/06\/Portada-notas-del-sitio-So-Close-3.jpg?fit=1200%2C675&ssl=1&resize=1050%2C600 3x"},"classes":[]},{"id":14788,"url":"https:\/\/soclose.mx\/blog\/news-feed\/nueva-enes-de-la-unam-donde-estara-y-que-carreras-tendra\/","url_meta":{"origin":13955,"position":4},"title":"Nueva ENES de la UNAM: \u00bfd\u00f3nde estar\u00e1 y qu\u00e9 carreras tendr\u00e1?","author":"So Close","date":"14 abril, 2025","format":false,"excerpt":"La Universidad Nacional Aut\u00f3noma de M\u00e9xico (UNAM) ha anunciado la creaci\u00f3n de una nueva Escuela Nacional de Estudios Superiores (ENES) en el estado de Oaxaca, con el objetivo de fortalecer la educaci\u00f3n superior en la regi\u00f3n sur-sureste del pa\u00eds. La Nueva ENES de la UNAM forma parte del Plan de\u2026","rel":"","context":"En &quot;News feed&quot;","block_context":{"text":"News feed","link":"https:\/\/soclose.mx\/blog\/category\/news-feed\/"},"img":{"alt_text":"ENES de la UNAM en Oaxaca","src":"https:\/\/i0.wp.com\/soclose.mx\/blog\/wp-content\/uploads\/2025\/04\/ENES-de-la-UNAM-en-Oaxaca.jpg?fit=1200%2C675&ssl=1&resize=350%2C200","width":350,"height":200,"srcset":"https:\/\/i0.wp.com\/soclose.mx\/blog\/wp-content\/uploads\/2025\/04\/ENES-de-la-UNAM-en-Oaxaca.jpg?fit=1200%2C675&ssl=1&resize=350%2C200 1x, https:\/\/i0.wp.com\/soclose.mx\/blog\/wp-content\/uploads\/2025\/04\/ENES-de-la-UNAM-en-Oaxaca.jpg?fit=1200%2C675&ssl=1&resize=525%2C300 1.5x, https:\/\/i0.wp.com\/soclose.mx\/blog\/wp-content\/uploads\/2025\/04\/ENES-de-la-UNAM-en-Oaxaca.jpg?fit=1200%2C675&ssl=1&resize=700%2C400 2x, https:\/\/i0.wp.com\/soclose.mx\/blog\/wp-content\/uploads\/2025\/04\/ENES-de-la-UNAM-en-Oaxaca.jpg?fit=1200%2C675&ssl=1&resize=1050%2C600 3x"},"classes":[]},{"id":14781,"url":"https:\/\/soclose.mx\/blog\/para-todos\/de-que-se-trata-el-operativo-semana-santa-2025\/","url_meta":{"origin":13955,"position":5},"title":"\u00bfDe qu\u00e9 se trata el Operativo Semana Santa 2025?","author":"So Close","date":"9 abril, 2025","format":false,"excerpt":"El Operativo Semana Santa 2025 de Caminos y Puentes Federales (Capufe) estar\u00e1 en marcha del 11 al 27 de abril de 2025, con el objetivo de garantizar la seguridad y agilizar el tr\u00e1nsito para los m\u00e1s de 22.6 millones de cruces vehiculares que se esperan durante este periodo vacacional. Este\u2026","rel":"","context":"En &quot;Para todos&quot;","block_context":{"text":"Para todos","link":"https:\/\/soclose.mx\/blog\/category\/para-todos\/"},"img":{"alt_text":"Caseta de autopista M\u00e9xico-Cuernavaca","src":"https:\/\/i0.wp.com\/soclose.mx\/blog\/wp-content\/uploads\/2025\/04\/Caseta-de-autopista-Mexico-Cuernavaca.jpg?fit=1200%2C675&ssl=1&resize=350%2C200","width":350,"height":200,"srcset":"https:\/\/i0.wp.com\/soclose.mx\/blog\/wp-content\/uploads\/2025\/04\/Caseta-de-autopista-Mexico-Cuernavaca.jpg?fit=1200%2C675&ssl=1&resize=350%2C200 1x, https:\/\/i0.wp.com\/soclose.mx\/blog\/wp-content\/uploads\/2025\/04\/Caseta-de-autopista-Mexico-Cuernavaca.jpg?fit=1200%2C675&ssl=1&resize=525%2C300 1.5x, https:\/\/i0.wp.com\/soclose.mx\/blog\/wp-content\/uploads\/2025\/04\/Caseta-de-autopista-Mexico-Cuernavaca.jpg?fit=1200%2C675&ssl=1&resize=700%2C400 2x, https:\/\/i0.wp.com\/soclose.mx\/blog\/wp-content\/uploads\/2025\/04\/Caseta-de-autopista-Mexico-Cuernavaca.jpg?fit=1200%2C675&ssl=1&resize=1050%2C600 3x"},"classes":[]}],"jetpack_sharing_enabled":true,"_links":{"self":[{"href":"https:\/\/soclose.mx\/blog\/wp-json\/wp\/v2\/posts\/13955","targetHints":{"allow":["GET"]}}],"collection":[{"href":"https:\/\/soclose.mx\/blog\/wp-json\/wp\/v2\/posts"}],"about":[{"href":"https:\/\/soclose.mx\/blog\/wp-json\/wp\/v2\/types\/post"}],"author":[{"embeddable":true,"href":"https:\/\/soclose.mx\/blog\/wp-json\/wp\/v2\/users\/1"}],"replies":[{"embeddable":true,"href":"https:\/\/soclose.mx\/blog\/wp-json\/wp\/v2\/comments?post=13955"}],"version-history":[{"count":1,"href":"https:\/\/soclose.mx\/blog\/wp-json\/wp\/v2\/posts\/13955\/revisions"}],"predecessor-version":[{"id":13957,"href":"https:\/\/soclose.mx\/blog\/wp-json\/wp\/v2\/posts\/13955\/revisions\/13957"}],"wp:featuredmedia":[{"embeddable":true,"href":"https:\/\/soclose.mx\/blog\/wp-json\/wp\/v2\/media\/13956"}],"wp:attachment":[{"href":"https:\/\/soclose.mx\/blog\/wp-json\/wp\/v2\/media?parent=13955"}],"wp:term":[{"taxonomy":"category","embeddable":true,"href":"https:\/\/soclose.mx\/blog\/wp-json\/wp\/v2\/categories?post=13955"},{"taxonomy":"post_tag","embeddable":true,"href":"https:\/\/soclose.mx\/blog\/wp-json\/wp\/v2\/tags?post=13955"}],"curies":[{"name":"wp","href":"https:\/\/api.w.org\/{rel}","templated":true}]}}