{"id":13959,"date":"2024-08-27T20:51:15","date_gmt":"2024-08-28T02:51:15","guid":{"rendered":"https:\/\/soclose.mx\/blog\/?p=13959"},"modified":"2024-08-27T20:51:15","modified_gmt":"2024-08-28T02:51:15","slug":"dia-del-abuelo-en-mexico-origenes-y-datos-curiosos","status":"publish","type":"post","link":"https:\/\/soclose.mx\/blog\/a-la-mexicana\/dia-del-abuelo-en-mexico-origenes-y-datos-curiosos\/","title":{"rendered":"D\u00eda del Abuelo en M\u00e9xico, Or\u00edgenes y Datos Curiosos"},"content":{"rendered":"<p>El D\u00eda del Abuelo en M\u00e9xico se celebra cada 28 de agosto, es una fecha especial dedicada a honrar y reconocer la invaluable contribuci\u00f3n de los abuelos en la familia y la sociedad. Esta celebraci\u00f3n no solo busca resaltar su papel como transmisores de valores y tradiciones, sino tambi\u00e9n expresar gratitud por su amor y sabidur\u00eda.<\/p>\n<h2>Or\u00edgenes de la Celebraci\u00f3n del D\u00eda del Abuelo en M\u00e9xico<\/h2>\n<p>La historia del D\u00eda del Abuelo en M\u00e9xico tiene varias versiones sobre su origen.<\/p>\n<p>1. Coincidencia con San Agust\u00edn: Una de las primeras versiones sugiere que la fecha fue elegida durante el gobierno de Porfirio D\u00edaz, ya que coincide con la onom\u00e1stica de San Agust\u00edn de Hipona, considerado el patr\u00f3n de los ancianos en la tradici\u00f3n cat\u00f3lica.<\/p>\n<p>2. Congreso M\u00e9dico de 1957: Otra versi\u00f3n indica que en 1957, durante un congreso m\u00e9dico, se propuso dedicar un d\u00eda a los abuelos, decidiendo que fuera el 28 de agosto.<\/p>\n<p>3. Programa de Radio: La tercera versi\u00f3n atribuye la creaci\u00f3n de esta celebraci\u00f3n al locutor \u00c9dgar Gayt\u00e1n, quien en su programa &#8220;La Hora Azul&#8221; promovi\u00f3 el 28 de agosto como el D\u00eda del Abuelo.<\/p>\n<p>Motivos de la Celebraci\u00f3n<\/p>\n<p>El D\u00eda del <a href=\"https:\/\/www.gob.mx\/epn\/es\/articulos\/dia-del-abuelo-en-mexico\" target=\"_blank\" rel=\"noopener\">Abuelo<\/a> tiene como objetivo principal reconocer la importancia de los abuelos en la vida familiar. Se les considera los guardianes de la historia familiar y los portadores de sabidur\u00eda acumulada a lo largo de los a\u00f1os. Este d\u00eda tambi\u00e9n es una oportunidad para que las <a href=\"https:\/\/soclose.mx\/blog\/ay-goeeee\/video-familia-hace-mega-mudanza-en-una-pequena-camioneta\/\" target=\"_blank\" rel=\"noopener\">familias<\/a> se re\u00fanan, celebren y fortalezcan los lazos intergeneracionales.<\/p>\n<p>Recuerda estas Frases para Celebrar<\/p>\n<p>Para conmemorar este d\u00eda, aqu\u00ed tienes algunas frases emotivas que puedes compartir con tus abuelos:<\/p>\n<blockquote><p>&#8211; &#8220;Los abuelos son la memoria de la familia y el coraz\u00f3n de nuestro hogar.&#8221;<br \/>\n&#8211; &#8220;Gracias por ser el faro que ilumina nuestro camino. \u00a1Feliz D\u00eda del Abuelo!&#8221;<br \/>\n&#8211; &#8220;La sabidur\u00eda de un abuelo es un tesoro que nunca se agota.&#8221;<br \/>\n&#8211; &#8220;Los abuelos son como estrellas: aunque no siempre los vemos, sabemos que est\u00e1n ah\u00ed.&#8221;<\/p><\/blockquote>\n<p>Datos Curiosos<\/p>\n<p>&#8211; Celebraci\u00f3n Internacional: Aunque en M\u00e9xico se celebra el 28 de agosto, el D\u00eda Internacional de los Abuelos se conmemora el 26 de julio, en honor a San Joaqu\u00edn y Santa Ana, los abuelos de Jes\u00fas.<\/p>\n<p>&#8211; Incremento de la Poblaci\u00f3n Mayor: Seg\u00fan el INEGI, el porcentaje de personas adultas mayores en M\u00e9xico ha aumentado del 4% en 1970 al 10% en 2023, lo que subraya la importancia de reconocer y celebrar a los abuelos en la sociedad actual.<\/p>\n<p>&#8211; Actividades Comunes: En este d\u00eda, las familias suelen organizar comidas especiales, dar regalos y pasar tiempo de calidad con sus abuelos, creando recuerdos que perduran en el tiempo.<\/p>\n<p>El D\u00eda del Abuelo es una celebraci\u00f3n significativa que nos recuerda la importancia de los abuelos en nuestras vidas. Su amor, sabidur\u00eda y experiencia son invaluables, y este d\u00eda nos brinda la oportunidad perfecta para honrarlos y agradecerles por todo lo que han hecho por nosotros. As\u00ed que, \u00a1no olvides celebrar a tus abuelos este 28 de agosto y hacerles sentir lo especiales que son!<\/p>\n<h2>\u00bfCu\u00e1ntos abuelitos hay en M\u00e9xico?<\/h2>\n<p>La poblaci\u00f3n de adultos mayores en M\u00e9xico ha experimentado un crecimiento significativo en las \u00faltimas d\u00e9cadas. <strong>Seg\u00fan los datos m\u00e1s recientes del Instituto Nacional de Estad\u00edstica y Geograf\u00eda (INEGI), en M\u00e9xico hay aproximadamente 18 millones de personas de 60 a\u00f1os y m\u00e1s.<\/strong> Esto representa alrededor del 14% de la poblaci\u00f3n total del pa\u00eds.<\/p>\n","protected":false},"excerpt":{"rendered":"<p>El D\u00eda del Abuelo en M\u00e9xico se celebra cada 28 de agosto, es una fecha especial dedicada a honrar y reconocer la invaluable contribuci\u00f3n de los abuelos en la familia y la sociedad. Esta celebraci\u00f3n no solo busca resaltar su papel como transmisores de valores y tradiciones, sino tambi\u00e9n expresar gratitud por su amor y sabidur\u00eda. Or\u00edgenes de la Celebraci\u00f3n del D\u00eda del Abuelo en M\u00e9xico La historia del D\u00eda del Abuelo en M\u00e9xico tiene varias versiones sobre su origen. 1. Coincidencia con San Agust\u00edn: Una de las primeras versiones sugiere que la fecha fue elegida durante el gobierno de<\/p>\n","protected":false},"author":1,"featured_media":13962,"comment_status":"open","ping_status":"open","sticky":false,"template":"","format":"standard","meta":{"_jetpack_memberships_contains_paid_content":false,"footnotes":""},"categories":[1778],"tags":[1999,1871,1429,3416,3413,3275,3367,3415,3414,3417,3418],"class_list":["post-13959","post","type-post","status-publish","format-standard","has-post-thumbnail","hentry","category-a-la-mexicana","tag-cultura-mexicana","tag-espanol","tag-expresiones-mexicanas","tag-familia","tag-frases-de-abuelos-mexicanos","tag-lenguaje-coloquial","tag-patrimonio-cultural","tag-refranes-mexicanos","tag-sabiduria-popular","tag-tradiciones","tag-valores"],"yoast_head":"<!-- This site is optimized with the Yoast SEO plugin v26.7 - https:\/\/yoast.com\/wordpress\/plugins\/seo\/ -->\n<title>D\u00eda del Abuelo en M\u00e9xico, Or\u00edgenes y Datos Curiosos - So Close<\/title>\n<meta name=\"description\" content=\"El D\u00eda del Abuelo en M\u00e9xico se celebra cada 28 de agosto, es una fecha especial dedicada a honrar y reconocer su invaluable contribuci\u00f3n.\" \/>\n<meta name=\"robots\" content=\"index, follow, max-snippet:-1, max-image-preview:large, max-video-preview:-1\" \/>\n<link rel=\"canonical\" href=\"https:\/\/soclose.mx\/blog\/tag\/juan-rulfo-frases-mujeres\/\" \/>\n<meta property=\"og:locale\" content=\"es_MX\" \/>\n<meta property=\"og:type\" content=\"article\" \/>\n<meta property=\"og:title\" content=\"D\u00eda del Abuelo en M\u00e9xico, Or\u00edgenes y Datos Curiosos - So Close\" \/>\n<meta property=\"og:description\" content=\"El D\u00eda del Abuelo en M\u00e9xico se celebra cada 28 de agosto, es una fecha especial dedicada a honrar y reconocer su invaluable contribuci\u00f3n.\" \/>\n<meta property=\"og:url\" content=\"https:\/\/soclose.mx\/blog\/tag\/juan-rulfo-frases-mujeres\/\" \/>\n<meta property=\"og:site_name\" content=\"So Close\" \/>\n<meta property=\"article:published_time\" content=\"2024-08-28T02:51:15+00:00\" \/>\n<meta property=\"og:image\" content=\"https:\/\/i0.wp.com\/soclose.mx\/blog\/wp-content\/uploads\/2024\/08\/Fotos-para-sitio-So-Close-2.jpg?fit=1080%2C1080&ssl=1\" \/>\n\t<meta property=\"og:image:width\" content=\"1080\" \/>\n\t<meta property=\"og:image:height\" content=\"1080\" \/>\n\t<meta property=\"og:image:type\" content=\"image\/jpeg\" \/>\n<meta name=\"author\" content=\"So Close\" \/>\n<meta name=\"twitter:card\" content=\"summary_large_image\" \/>\n<meta name=\"twitter:label1\" content=\"Escrito por\" \/>\n\t<meta name=\"twitter:data1\" content=\"So Close\" \/>\n\t<meta name=\"twitter:label2\" content=\"Tiempo de lectura\" \/>\n\t<meta name=\"twitter:data2\" content=\"3 minutos\" \/>\n<script type=\"application\/ld+json\" class=\"yoast-schema-graph\">{\"@context\":\"https:\/\/schema.org\",\"@graph\":[{\"@type\":\"Article\",\"@id\":\"https:\/\/soclose.mx\/blog\/tag\/juan-rulfo-frases-mujeres\/#article\",\"isPartOf\":{\"@id\":\"https:\/\/soclose.mx\/blog\/tag\/juan-rulfo-frases-mujeres\/\"},\"author\":{\"name\":\"So Close\",\"@id\":\"https:\/\/soclose.mx\/blog\/#\/schema\/person\/723eb117ab965b55c3e56b5d29751667\"},\"headline\":\"D\u00eda del Abuelo en M\u00e9xico, Or\u00edgenes y Datos Curiosos\",\"datePublished\":\"2024-08-28T02:51:15+00:00\",\"mainEntityOfPage\":{\"@id\":\"https:\/\/soclose.mx\/blog\/tag\/juan-rulfo-frases-mujeres\/\"},\"wordCount\":619,\"commentCount\":0,\"publisher\":{\"@id\":\"https:\/\/soclose.mx\/blog\/#organization\"},\"image\":{\"@id\":\"https:\/\/soclose.mx\/blog\/tag\/juan-rulfo-frases-mujeres\/#primaryimage\"},\"thumbnailUrl\":\"https:\/\/i0.wp.com\/soclose.mx\/blog\/wp-content\/uploads\/2024\/08\/Fotos-para-sitio-So-Close-2.jpg?fit=1080%2C1080&ssl=1\",\"keywords\":[\"cultura mexicana\",\"espa\u00f1ol\",\"expresiones mexicanas\",\"familia\",\"frases de abuelos mexicanos\",\"lenguaje coloquial\",\"patrimonio cultural\",\"refranes mexicanos\",\"sabidur\u00eda popular\",\"tradiciones\",\"valores\"],\"articleSection\":[\"A la mexicana\"],\"inLanguage\":\"es\",\"potentialAction\":[{\"@type\":\"CommentAction\",\"name\":\"Comment\",\"target\":[\"https:\/\/soclose.mx\/blog\/tag\/juan-rulfo-frases-mujeres\/#respond\"]}]},{\"@type\":\"WebPage\",\"@id\":\"https:\/\/soclose.mx\/blog\/tag\/juan-rulfo-frases-mujeres\/\",\"url\":\"https:\/\/soclose.mx\/blog\/tag\/juan-rulfo-frases-mujeres\/\",\"name\":\"D\u00eda del Abuelo en M\u00e9xico, Or\u00edgenes y Datos Curiosos - So Close\",\"isPartOf\":{\"@id\":\"https:\/\/soclose.mx\/blog\/#website\"},\"primaryImageOfPage\":{\"@id\":\"https:\/\/soclose.mx\/blog\/tag\/juan-rulfo-frases-mujeres\/#primaryimage\"},\"image\":{\"@id\":\"https:\/\/soclose.mx\/blog\/tag\/juan-rulfo-frases-mujeres\/#primaryimage\"},\"thumbnailUrl\":\"https:\/\/i0.wp.com\/soclose.mx\/blog\/wp-content\/uploads\/2024\/08\/Fotos-para-sitio-So-Close-2.jpg?fit=1080%2C1080&ssl=1\",\"datePublished\":\"2024-08-28T02:51:15+00:00\",\"description\":\"El D\u00eda del Abuelo en M\u00e9xico se celebra cada 28 de agosto, es una fecha especial dedicada a honrar y reconocer su invaluable contribuci\u00f3n.\",\"breadcrumb\":{\"@id\":\"https:\/\/soclose.mx\/blog\/tag\/juan-rulfo-frases-mujeres\/#breadcrumb\"},\"inLanguage\":\"es\",\"potentialAction\":[{\"@type\":\"ReadAction\",\"target\":[\"https:\/\/soclose.mx\/blog\/tag\/juan-rulfo-frases-mujeres\/\"]}]},{\"@type\":\"ImageObject\",\"inLanguage\":\"es\",\"@id\":\"https:\/\/soclose.mx\/blog\/tag\/juan-rulfo-frases-mujeres\/#primaryimage\",\"url\":\"https:\/\/i0.wp.com\/soclose.mx\/blog\/wp-content\/uploads\/2024\/08\/Fotos-para-sitio-So-Close-2.jpg?fit=1080%2C1080&ssl=1\",\"contentUrl\":\"https:\/\/i0.wp.com\/soclose.mx\/blog\/wp-content\/uploads\/2024\/08\/Fotos-para-sitio-So-Close-2.jpg?fit=1080%2C1080&ssl=1\",\"width\":1080,\"height\":1080,\"caption\":\"D\u00eda del abuelo en M\u00e9xico\"},{\"@type\":\"BreadcrumbList\",\"@id\":\"https:\/\/soclose.mx\/blog\/tag\/juan-rulfo-frases-mujeres\/#breadcrumb\",\"itemListElement\":[{\"@type\":\"ListItem\",\"position\":1,\"name\":\"Inicio\",\"item\":\"https:\/\/soclose.mx\/blog\/\"},{\"@type\":\"ListItem\",\"position\":2,\"name\":\"D\u00eda del Abuelo en M\u00e9xico, Or\u00edgenes y Datos Curiosos\"}]},{\"@type\":\"WebSite\",\"@id\":\"https:\/\/soclose.mx\/blog\/#website\",\"url\":\"https:\/\/soclose.mx\/blog\/\",\"name\":\"So Close\",\"description\":\"Hacemos contenidos de M\u00e9xico\",\"publisher\":{\"@id\":\"https:\/\/soclose.mx\/blog\/#organization\"},\"potentialAction\":[{\"@type\":\"SearchAction\",\"target\":{\"@type\":\"EntryPoint\",\"urlTemplate\":\"https:\/\/soclose.mx\/blog\/?s={search_term_string}\"},\"query-input\":{\"@type\":\"PropertyValueSpecification\",\"valueRequired\":true,\"valueName\":\"search_term_string\"}}],\"inLanguage\":\"es\"},{\"@type\":\"Organization\",\"@id\":\"https:\/\/soclose.mx\/blog\/#organization\",\"name\":\"So Close\",\"url\":\"https:\/\/soclose.mx\/blog\/\",\"logo\":{\"@type\":\"ImageObject\",\"inLanguage\":\"es\",\"@id\":\"https:\/\/soclose.mx\/blog\/#\/schema\/logo\/image\/\",\"url\":\"https:\/\/i0.wp.com\/soclose.mx\/blog\/wp-content\/uploads\/2020\/12\/LOGO_SOCLOSE_COLOR-e1608310133507.png?fit=2858%2C1264&ssl=1\",\"contentUrl\":\"https:\/\/i0.wp.com\/soclose.mx\/blog\/wp-content\/uploads\/2020\/12\/LOGO_SOCLOSE_COLOR-e1608310133507.png?fit=2858%2C1264&ssl=1\",\"width\":2858,\"height\":1264,\"caption\":\"So Close\"},\"image\":{\"@id\":\"https:\/\/soclose.mx\/blog\/#\/schema\/logo\/image\/\"}},{\"@type\":\"Person\",\"@id\":\"https:\/\/soclose.mx\/blog\/#\/schema\/person\/723eb117ab965b55c3e56b5d29751667\",\"name\":\"So Close\",\"image\":{\"@type\":\"ImageObject\",\"inLanguage\":\"es\",\"@id\":\"https:\/\/soclose.mx\/blog\/#\/schema\/person\/image\/\",\"url\":\"https:\/\/secure.gravatar.com\/avatar\/5a1d1d694eaf6d2c28f450f0984cbb34821b92dc49c1d088c0250fbc6a48efec?s=96&d=mm&r=g\",\"contentUrl\":\"https:\/\/secure.gravatar.com\/avatar\/5a1d1d694eaf6d2c28f450f0984cbb34821b92dc49c1d088c0250fbc6a48efec?s=96&d=mm&r=g\",\"caption\":\"So Close\"},\"sameAs\":[\"http:\/\/www.soclose.mx\",\"https:\/\/www.youtube.com\/@soclosemx\"],\"url\":\"https:\/\/soclose.mx\/blog\/author\/admin\/\"}]}<\/script>\n<!-- \/ Yoast SEO plugin. -->","yoast_head_json":{"title":"D\u00eda del Abuelo en M\u00e9xico, Or\u00edgenes y Datos Curiosos - So Close","description":"El D\u00eda del Abuelo en M\u00e9xico se celebra cada 28 de agosto, es una fecha especial dedicada a honrar y reconocer su invaluable contribuci\u00f3n.","robots":{"index":"index","follow":"follow","max-snippet":"max-snippet:-1","max-image-preview":"max-image-preview:large","max-video-preview":"max-video-preview:-1"},"canonical":"https:\/\/soclose.mx\/blog\/tag\/juan-rulfo-frases-mujeres\/","og_locale":"es_MX","og_type":"article","og_title":"D\u00eda del Abuelo en M\u00e9xico, Or\u00edgenes y Datos Curiosos - So Close","og_description":"El D\u00eda del Abuelo en M\u00e9xico se celebra cada 28 de agosto, es una fecha especial dedicada a honrar y reconocer su invaluable contribuci\u00f3n.","og_url":"https:\/\/soclose.mx\/blog\/tag\/juan-rulfo-frases-mujeres\/","og_site_name":"So Close","article_published_time":"2024-08-28T02:51:15+00:00","og_image":[{"width":1080,"height":1080,"url":"https:\/\/i0.wp.com\/soclose.mx\/blog\/wp-content\/uploads\/2024\/08\/Fotos-para-sitio-So-Close-2.jpg?fit=1080%2C1080&ssl=1","type":"image\/jpeg"}],"author":"So Close","twitter_card":"summary_large_image","twitter_misc":{"Escrito por":"So Close","Tiempo de lectura":"3 minutos"},"schema":{"@context":"https:\/\/schema.org","@graph":[{"@type":"Article","@id":"https:\/\/soclose.mx\/blog\/tag\/juan-rulfo-frases-mujeres\/#article","isPartOf":{"@id":"https:\/\/soclose.mx\/blog\/tag\/juan-rulfo-frases-mujeres\/"},"author":{"name":"So Close","@id":"https:\/\/soclose.mx\/blog\/#\/schema\/person\/723eb117ab965b55c3e56b5d29751667"},"headline":"D\u00eda del Abuelo en M\u00e9xico, Or\u00edgenes y Datos Curiosos","datePublished":"2024-08-28T02:51:15+00:00","mainEntityOfPage":{"@id":"https:\/\/soclose.mx\/blog\/tag\/juan-rulfo-frases-mujeres\/"},"wordCount":619,"commentCount":0,"publisher":{"@id":"https:\/\/soclose.mx\/blog\/#organization"},"image":{"@id":"https:\/\/soclose.mx\/blog\/tag\/juan-rulfo-frases-mujeres\/#primaryimage"},"thumbnailUrl":"https:\/\/i0.wp.com\/soclose.mx\/blog\/wp-content\/uploads\/2024\/08\/Fotos-para-sitio-So-Close-2.jpg?fit=1080%2C1080&ssl=1","keywords":["cultura mexicana","espa\u00f1ol","expresiones mexicanas","familia","frases de abuelos mexicanos","lenguaje coloquial","patrimonio cultural","refranes mexicanos","sabidur\u00eda popular","tradiciones","valores"],"articleSection":["A la mexicana"],"inLanguage":"es","potentialAction":[{"@type":"CommentAction","name":"Comment","target":["https:\/\/soclose.mx\/blog\/tag\/juan-rulfo-frases-mujeres\/#respond"]}]},{"@type":"WebPage","@id":"https:\/\/soclose.mx\/blog\/tag\/juan-rulfo-frases-mujeres\/","url":"https:\/\/soclose.mx\/blog\/tag\/juan-rulfo-frases-mujeres\/","name":"D\u00eda del Abuelo en M\u00e9xico, Or\u00edgenes y Datos Curiosos - So Close","isPartOf":{"@id":"https:\/\/soclose.mx\/blog\/#website"},"primaryImageOfPage":{"@id":"https:\/\/soclose.mx\/blog\/tag\/juan-rulfo-frases-mujeres\/#primaryimage"},"image":{"@id":"https:\/\/soclose.mx\/blog\/tag\/juan-rulfo-frases-mujeres\/#primaryimage"},"thumbnailUrl":"https:\/\/i0.wp.com\/soclose.mx\/blog\/wp-content\/uploads\/2024\/08\/Fotos-para-sitio-So-Close-2.jpg?fit=1080%2C1080&ssl=1","datePublished":"2024-08-28T02:51:15+00:00","description":"El D\u00eda del Abuelo en M\u00e9xico se celebra cada 28 de agosto, es una fecha especial dedicada a honrar y reconocer su invaluable contribuci\u00f3n.","breadcrumb":{"@id":"https:\/\/soclose.mx\/blog\/tag\/juan-rulfo-frases-mujeres\/#breadcrumb"},"inLanguage":"es","potentialAction":[{"@type":"ReadAction","target":["https:\/\/soclose.mx\/blog\/tag\/juan-rulfo-frases-mujeres\/"]}]},{"@type":"ImageObject","inLanguage":"es","@id":"https:\/\/soclose.mx\/blog\/tag\/juan-rulfo-frases-mujeres\/#primaryimage","url":"https:\/\/i0.wp.com\/soclose.mx\/blog\/wp-content\/uploads\/2024\/08\/Fotos-para-sitio-So-Close-2.jpg?fit=1080%2C1080&ssl=1","contentUrl":"https:\/\/i0.wp.com\/soclose.mx\/blog\/wp-content\/uploads\/2024\/08\/Fotos-para-sitio-So-Close-2.jpg?fit=1080%2C1080&ssl=1","width":1080,"height":1080,"caption":"D\u00eda del abuelo en M\u00e9xico"},{"@type":"BreadcrumbList","@id":"https:\/\/soclose.mx\/blog\/tag\/juan-rulfo-frases-mujeres\/#breadcrumb","itemListElement":[{"@type":"ListItem","position":1,"name":"Inicio","item":"https:\/\/soclose.mx\/blog\/"},{"@type":"ListItem","position":2,"name":"D\u00eda del Abuelo en M\u00e9xico, Or\u00edgenes y Datos Curiosos"}]},{"@type":"WebSite","@id":"https:\/\/soclose.mx\/blog\/#website","url":"https:\/\/soclose.mx\/blog\/","name":"So Close","description":"Hacemos contenidos de M\u00e9xico","publisher":{"@id":"https:\/\/soclose.mx\/blog\/#organization"},"potentialAction":[{"@type":"SearchAction","target":{"@type":"EntryPoint","urlTemplate":"https:\/\/soclose.mx\/blog\/?s={search_term_string}"},"query-input":{"@type":"PropertyValueSpecification","valueRequired":true,"valueName":"search_term_string"}}],"inLanguage":"es"},{"@type":"Organization","@id":"https:\/\/soclose.mx\/blog\/#organization","name":"So Close","url":"https:\/\/soclose.mx\/blog\/","logo":{"@type":"ImageObject","inLanguage":"es","@id":"https:\/\/soclose.mx\/blog\/#\/schema\/logo\/image\/","url":"https:\/\/i0.wp.com\/soclose.mx\/blog\/wp-content\/uploads\/2020\/12\/LOGO_SOCLOSE_COLOR-e1608310133507.png?fit=2858%2C1264&ssl=1","contentUrl":"https:\/\/i0.wp.com\/soclose.mx\/blog\/wp-content\/uploads\/2020\/12\/LOGO_SOCLOSE_COLOR-e1608310133507.png?fit=2858%2C1264&ssl=1","width":2858,"height":1264,"caption":"So Close"},"image":{"@id":"https:\/\/soclose.mx\/blog\/#\/schema\/logo\/image\/"}},{"@type":"Person","@id":"https:\/\/soclose.mx\/blog\/#\/schema\/person\/723eb117ab965b55c3e56b5d29751667","name":"So Close","image":{"@type":"ImageObject","inLanguage":"es","@id":"https:\/\/soclose.mx\/blog\/#\/schema\/person\/image\/","url":"https:\/\/secure.gravatar.com\/avatar\/5a1d1d694eaf6d2c28f450f0984cbb34821b92dc49c1d088c0250fbc6a48efec?s=96&d=mm&r=g","contentUrl":"https:\/\/secure.gravatar.com\/avatar\/5a1d1d694eaf6d2c28f450f0984cbb34821b92dc49c1d088c0250fbc6a48efec?s=96&d=mm&r=g","caption":"So Close"},"sameAs":["http:\/\/www.soclose.mx","https:\/\/www.youtube.com\/@soclosemx"],"url":"https:\/\/soclose.mx\/blog\/author\/admin\/"}]}},"jetpack_featured_media_url":"https:\/\/i0.wp.com\/soclose.mx\/blog\/wp-content\/uploads\/2024\/08\/Fotos-para-sitio-So-Close-2.jpg?fit=1080%2C1080&ssl=1","jetpack-related-posts":[{"id":14574,"url":"https:\/\/soclose.mx\/blog\/a-la-mexicana\/la-rosca-de-reyes-y-su-llegada-a-mexico\/","url_meta":{"origin":13959,"position":0},"title":"La Rosca de Reyes y su llegada a M\u00e9xico","author":"So Close","date":"24 diciembre, 2024","format":false,"excerpt":"La Rosca de Reyes y su llegada a M\u00e9xico es una tradici\u00f3n profundamente arraigada celebrada cada 6 de enero para conmemorar la llegada de los Reyes Magos al Ni\u00f1o Jes\u00fas. Su historia se remonta a antiguas costumbres europeas que han evolucionado a lo largo de los siglos, incorporando elementos locales\u2026","rel":"","context":"En &quot;A la mexicana&quot;","block_context":{"text":"A la mexicana","link":"https:\/\/soclose.mx\/blog\/category\/a-la-mexicana\/"},"img":{"alt_text":"Rosca de Reyes","src":"https:\/\/i0.wp.com\/soclose.mx\/blog\/wp-content\/uploads\/2024\/12\/rosca-de-reyes.jpg?fit=1200%2C675&ssl=1&resize=350%2C200","width":350,"height":200,"srcset":"https:\/\/i0.wp.com\/soclose.mx\/blog\/wp-content\/uploads\/2024\/12\/rosca-de-reyes.jpg?fit=1200%2C675&ssl=1&resize=350%2C200 1x, https:\/\/i0.wp.com\/soclose.mx\/blog\/wp-content\/uploads\/2024\/12\/rosca-de-reyes.jpg?fit=1200%2C675&ssl=1&resize=525%2C300 1.5x, https:\/\/i0.wp.com\/soclose.mx\/blog\/wp-content\/uploads\/2024\/12\/rosca-de-reyes.jpg?fit=1200%2C675&ssl=1&resize=700%2C400 2x, https:\/\/i0.wp.com\/soclose.mx\/blog\/wp-content\/uploads\/2024\/12\/rosca-de-reyes.jpg?fit=1200%2C675&ssl=1&resize=1050%2C600 3x"},"classes":[]},{"id":7333,"url":"https:\/\/soclose.mx\/blog\/a-la-mexicana\/6-canciones-infantiles-para-el-dia-de-muertos\/","url_meta":{"origin":13959,"position":1},"title":"6 canciones infantiles para el D\u00eda de Muertos","author":"Miguel Angel Romero","date":"15 octubre, 2025","format":false,"excerpt":"Olor a cempas\u00fachil, aroma a copal, flores amarillas, naranjas, pan de muerto, casi todo perfecto para honrar a quienes se nos adelantaron en el D\u00eda de Muertos, y para complementar una de las festividades mexicanas que tanto cari\u00f1o tenemos, anota estas\u00a0 6 canciones infantiles que nos recuerdan a nuestra ni\u00f1ez\u2026","rel":"","context":"En &quot;A la mexicana&quot;","block_context":{"text":"A la mexicana","link":"https:\/\/soclose.mx\/blog\/category\/a-la-mexicana\/"},"img":{"alt_text":"Canciones infantiles D\u00eda de Muertos","src":"https:\/\/i0.wp.com\/soclose.mx\/blog\/wp-content\/uploads\/2021\/10\/Principal-So-Close-blog-3.png?fit=1200%2C677&ssl=1&resize=350%2C200","width":350,"height":200,"srcset":"https:\/\/i0.wp.com\/soclose.mx\/blog\/wp-content\/uploads\/2021\/10\/Principal-So-Close-blog-3.png?fit=1200%2C677&ssl=1&resize=350%2C200 1x, https:\/\/i0.wp.com\/soclose.mx\/blog\/wp-content\/uploads\/2021\/10\/Principal-So-Close-blog-3.png?fit=1200%2C677&ssl=1&resize=525%2C300 1.5x, https:\/\/i0.wp.com\/soclose.mx\/blog\/wp-content\/uploads\/2021\/10\/Principal-So-Close-blog-3.png?fit=1200%2C677&ssl=1&resize=700%2C400 2x, https:\/\/i0.wp.com\/soclose.mx\/blog\/wp-content\/uploads\/2021\/10\/Principal-So-Close-blog-3.png?fit=1200%2C677&ssl=1&resize=1050%2C600 3x"},"classes":[]},{"id":4790,"url":"https:\/\/soclose.mx\/blog\/ay-goeeee\/ella-es-daniela-soto-innes-la-mexicana-nombrada-como-la-mejor-chef-del-mundo-2019\/","url_meta":{"origin":13959,"position":2},"title":"La historia de Daniela Soto-Innes, la mexicana que un d\u00eda fue nombrada la mejor chef del mundo 2019","author":"So Close","date":"22 agosto, 2019","format":false,"excerpt":"Con tan solo 28 a\u00f1os de edad, Daniela Soto-Innes se convirti\u00f3 en la primera mexicana (y la m\u00e1s joven) en ser nombrada como The World's Best Female Chef por el The World's 50 Best Restaurants 2019. Daniela agradeci\u00f3 a trav\u00e9s de su cuenta de Instagram a su familia, al equipo\u2026","rel":"","context":"En &quot;\u00a1Ay goeeee!&quot;","block_context":{"text":"\u00a1Ay goeeee!","link":"https:\/\/soclose.mx\/blog\/category\/ay-goeeee\/"},"img":{"alt_text":"","src":"https:\/\/i0.wp.com\/soclose.mx\/blog\/wp-content\/uploads\/2019\/04\/Captura-de-pantalla-2019-04-26-a-las-19.16.05.png?fit=659%2C440&ssl=1&resize=350%2C200","width":350,"height":200,"srcset":"https:\/\/i0.wp.com\/soclose.mx\/blog\/wp-content\/uploads\/2019\/04\/Captura-de-pantalla-2019-04-26-a-las-19.16.05.png?fit=659%2C440&ssl=1&resize=350%2C200 1x, https:\/\/i0.wp.com\/soclose.mx\/blog\/wp-content\/uploads\/2019\/04\/Captura-de-pantalla-2019-04-26-a-las-19.16.05.png?fit=659%2C440&ssl=1&resize=525%2C300 1.5x"},"classes":[]},{"id":12718,"url":"https:\/\/soclose.mx\/blog\/ay-goeeee\/rituales-de-fin-de-ano-que-solo-los-mexicanos-hacemos\/","url_meta":{"origin":13959,"position":3},"title":"Rituales de fin de a\u00f1o que s\u00f3lo los mexicanos hacemos","author":"Emmanuel Oviedo","date":"10 diciembre, 2025","format":false,"excerpt":"Ya estamos en Diciembre, y pareciera que la vida de todo mundo se acelera para recibir el a\u00f1o nuevo. Imag\u00ednense toda la lista de pendientes: los \u00faltimos ex\u00e1menes, el baile de la primaria, el \u00e1rbol de Navidad, las fechas para a las reuniones familiares y comprar los ingredientes para el\u2026","rel":"","context":"En &quot;\u00a1Ay goeeee!&quot;","block_context":{"text":"\u00a1Ay goeeee!","link":"https:\/\/soclose.mx\/blog\/category\/ay-goeeee\/"},"img":{"alt_text":"","src":"https:\/\/i0.wp.com\/soclose.mx\/blog\/wp-content\/uploads\/2023\/12\/Brindis-fin-de-ano.jpg?fit=799%2C532&ssl=1&resize=350%2C200","width":350,"height":200,"srcset":"https:\/\/i0.wp.com\/soclose.mx\/blog\/wp-content\/uploads\/2023\/12\/Brindis-fin-de-ano.jpg?fit=799%2C532&ssl=1&resize=350%2C200 1x, https:\/\/i0.wp.com\/soclose.mx\/blog\/wp-content\/uploads\/2023\/12\/Brindis-fin-de-ano.jpg?fit=799%2C532&ssl=1&resize=525%2C300 1.5x, https:\/\/i0.wp.com\/soclose.mx\/blog\/wp-content\/uploads\/2023\/12\/Brindis-fin-de-ano.jpg?fit=799%2C532&ssl=1&resize=700%2C400 2x"},"classes":[]},{"id":6257,"url":"https:\/\/soclose.mx\/blog\/ay-goeeee\/la-version-prohibida-del-peyote\/","url_meta":{"origin":13959,"position":4},"title":"La versi\u00f3n prohibida del peyote","author":"So Close","date":"18 junio, 2021","format":false,"excerpt":"De acuerdo con especialistas en \u00e9pocas prehisp\u00e1nicas, el peyote era considerado una planta divina con la capacidad para curar enfermedades, tener buenas cosechas, predecir el futuro y estar listos para las batallas, incluso tambi\u00e9n se cre\u00eda que les transfer\u00edas poderes telep\u00e1ticos. Sin embargo, en 1620, tiempo despu\u00e9s de que la\u2026","rel":"","context":"En &quot;\u00a1Ay goeeee!&quot;","block_context":{"text":"\u00a1Ay goeeee!","link":"https:\/\/soclose.mx\/blog\/category\/ay-goeeee\/"},"img":{"alt_text":"","src":"https:\/\/i0.wp.com\/soclose.mx\/blog\/wp-content\/uploads\/2021\/06\/peyote.jpeg?fit=1200%2C677&ssl=1&resize=350%2C200","width":350,"height":200,"srcset":"https:\/\/i0.wp.com\/soclose.mx\/blog\/wp-content\/uploads\/2021\/06\/peyote.jpeg?fit=1200%2C677&ssl=1&resize=350%2C200 1x, https:\/\/i0.wp.com\/soclose.mx\/blog\/wp-content\/uploads\/2021\/06\/peyote.jpeg?fit=1200%2C677&ssl=1&resize=525%2C300 1.5x, https:\/\/i0.wp.com\/soclose.mx\/blog\/wp-content\/uploads\/2021\/06\/peyote.jpeg?fit=1200%2C677&ssl=1&resize=700%2C400 2x, https:\/\/i0.wp.com\/soclose.mx\/blog\/wp-content\/uploads\/2021\/06\/peyote.jpeg?fit=1200%2C677&ssl=1&resize=1050%2C600 3x"},"classes":[]},{"id":6790,"url":"https:\/\/soclose.mx\/blog\/news-feed\/la-mejor-cocinera-de-espana-mexicana-cynthia-yaber\/","url_meta":{"origin":13959,"position":5},"title":"Conoce a la mexicana Cynthia Yaber, la mejor cocinera de Espa\u00f1a","author":"Miguel Angel Romero","date":"5 agosto, 2021","format":false,"excerpt":"La (ahora m\u00e1s famosa) chef mexicana Cynthia Yaber,\u00a0 la mejor cocinera de Espa\u00f1a de 2021, poco a poco se ha vuelto m\u00e1s conocida y para recordar que en M\u00e9xico empez\u00f3 su sue\u00f1o, te compartimos cinco datos de ella que quiz\u00e1s\u00a0 no sab\u00edas: A los 18 a\u00f1os sali\u00f3 de M\u00e9xico para\u2026","rel":"","context":"En &quot;News feed&quot;","block_context":{"text":"News feed","link":"https:\/\/soclose.mx\/blog\/category\/news-feed\/"},"img":{"alt_text":"","src":"https:\/\/i0.wp.com\/soclose.mx\/blog\/wp-content\/uploads\/2021\/08\/Principal-So-Close-blog-7.jpg?fit=1200%2C677&ssl=1&resize=350%2C200","width":350,"height":200,"srcset":"https:\/\/i0.wp.com\/soclose.mx\/blog\/wp-content\/uploads\/2021\/08\/Principal-So-Close-blog-7.jpg?fit=1200%2C677&ssl=1&resize=350%2C200 1x, https:\/\/i0.wp.com\/soclose.mx\/blog\/wp-content\/uploads\/2021\/08\/Principal-So-Close-blog-7.jpg?fit=1200%2C677&ssl=1&resize=525%2C300 1.5x, https:\/\/i0.wp.com\/soclose.mx\/blog\/wp-content\/uploads\/2021\/08\/Principal-So-Close-blog-7.jpg?fit=1200%2C677&ssl=1&resize=700%2C400 2x, https:\/\/i0.wp.com\/soclose.mx\/blog\/wp-content\/uploads\/2021\/08\/Principal-So-Close-blog-7.jpg?fit=1200%2C677&ssl=1&resize=1050%2C600 3x"},"classes":[]}],"jetpack_sharing_enabled":true,"_links":{"self":[{"href":"https:\/\/soclose.mx\/blog\/wp-json\/wp\/v2\/posts\/13959","targetHints":{"allow":["GET"]}}],"collection":[{"href":"https:\/\/soclose.mx\/blog\/wp-json\/wp\/v2\/posts"}],"about":[{"href":"https:\/\/soclose.mx\/blog\/wp-json\/wp\/v2\/types\/post"}],"author":[{"embeddable":true,"href":"https:\/\/soclose.mx\/blog\/wp-json\/wp\/v2\/users\/1"}],"replies":[{"embeddable":true,"href":"https:\/\/soclose.mx\/blog\/wp-json\/wp\/v2\/comments?post=13959"}],"version-history":[{"count":3,"href":"https:\/\/soclose.mx\/blog\/wp-json\/wp\/v2\/posts\/13959\/revisions"}],"predecessor-version":[{"id":13963,"href":"https:\/\/soclose.mx\/blog\/wp-json\/wp\/v2\/posts\/13959\/revisions\/13963"}],"wp:featuredmedia":[{"embeddable":true,"href":"https:\/\/soclose.mx\/blog\/wp-json\/wp\/v2\/media\/13962"}],"wp:attachment":[{"href":"https:\/\/soclose.mx\/blog\/wp-json\/wp\/v2\/media?parent=13959"}],"wp:term":[{"taxonomy":"category","embeddable":true,"href":"https:\/\/soclose.mx\/blog\/wp-json\/wp\/v2\/categories?post=13959"},{"taxonomy":"post_tag","embeddable":true,"href":"https:\/\/soclose.mx\/blog\/wp-json\/wp\/v2\/tags?post=13959"}],"curies":[{"name":"wp","href":"https:\/\/api.w.org\/{rel}","templated":true}]}}