{"id":13968,"date":"2024-08-30T18:49:44","date_gmt":"2024-08-31T00:49:44","guid":{"rendered":"https:\/\/soclose.mx\/blog\/?p=13968"},"modified":"2024-08-30T19:05:06","modified_gmt":"2024-08-31T01:05:06","slug":"las-frases-mas-populares-de-amlo-andres-manuel-lopez-obrador","status":"publish","type":"post","link":"https:\/\/soclose.mx\/blog\/a-la-mexicana\/las-frases-mas-populares-de-amlo-andres-manuel-lopez-obrador\/","title":{"rendered":"Las Frases M\u00e1s Populares de AMLO, Andr\u00e9s Manuel L\u00f3pez Obrador"},"content":{"rendered":"<p><a href=\"https:\/\/presidente.gob.mx\/\" target=\"_blank\" rel=\"noopener\">Andr\u00e9s Manuel L\u00f3pez Obrador (AMLO), presidente de M\u00e9xico de 2018 a 2024<\/a>, es un personaje polarizante y carism\u00e1tico en la pol\u00edtica mexicana. Su estilo directo y coloquial ha resonado en la poblaci\u00f3n, convirtiendo muchas de sus frases en parte del discurso cotidiano. A continuaci\u00f3n, exploramos algunas de las frases m\u00e1s populares de AMLO, que reflejan su filosof\u00eda y enfoque de gobierno.<\/p>\n<p>1. &#8220;Abrazos, no balazos.&#8221;<\/p>\n<p>Esta frase se ha convertido en un s\u00edmbolo de su pol\u00edtica de seguridad. <a href=\"https:\/\/soclose.mx\/blog\/ay-goeeee\/video-eres-tu-amlo-conoce-al-doble-holandes-del-presidente-de-mexico\/\" target=\"_blank\" rel=\"noopener\">AMLO<\/a> promueve un enfoque humanitario y de di\u00e1logo en lugar de la militarizaci\u00f3n para combatir la violencia. Con esta frase, busca enfatizar la importancia de la prevenci\u00f3n y el apoyo social.<\/p>\n<p>2. &#8220;Por el bien de todos, primero los pobres.&#8221;<\/p>\n<p>Este lema encapsula la misi\u00f3n de su gobierno, que se centra en atender las necesidades de las poblaciones m\u00e1s vulnerables. AMLO ha reiterado este principio en m\u00faltiples ocasiones, reflejando su compromiso con la justicia social y la reducci\u00f3n de la desigualdad.<\/p>\n<p>3. &#8220;No mentir, no robar, no traicionar.&#8221;<\/p>\n<p>AMLO ha utilizado esta frase como un mantra de \u00e9tica p\u00fablica, estableciendo un est\u00e1ndar para los funcionarios de su administraci\u00f3n. Con esto, busca restaurar la confianza en las instituciones y combatir la corrupci\u00f3n que ha plagado a los gobiernos anteriores.<\/p>\n<p>4. &#8220;Me canso ganso.&#8221;<\/p>\n<p>Esta expresi\u00f3n popular se ha vuelto ic\u00f3nica desde que AMLO la utiliz\u00f3 para expresar su determinaci\u00f3n y confianza en que cumplir\u00e1 sus promesas. Se ha interpretado como una afirmaci\u00f3n de que sus planes y pol\u00edticas se llevar\u00e1n a cabo, sin importar los obst\u00e1culos.<\/p>\n<p>5. &#8220;Yo tengo otros datos.&#8221;<\/p>\n<p>AMLO ha utilizado esta frase en varias ocasiones para desafiar las estad\u00edsticas y afirmaciones de sus opositores, especialmente en temas relacionados con la econom\u00eda y la seguridad. Esta frase ha sido objeto de memes y discusiones, reflejando su estilo combativo.<\/p>\n<p>6. &#8220;La corrupci\u00f3n es el principal problema de M\u00e9xico.&#8221;<\/p>\n<p>Esta afirmaci\u00f3n ha sido un pilar de su discurso desde el inicio de su campa\u00f1a. AMLO ha se\u00f1alado la corrupci\u00f3n como la ra\u00edz de muchos de los problemas que enfrenta el pa\u00eds, desde la pobreza hasta la violencia.<\/p>\n<p>7. &#8220;La felicidad es estar bien con uno mismo.&#8221;<\/p>\n<p>Con esta frase, AMLO enfatiza la importancia del bienestar emocional y social, sugiriendo que la felicidad no solo proviene de lo material, sino tambi\u00e9n de la paz interior y la armon\u00eda con los dem\u00e1s.<\/p>\n<p>8. &#8220;Sufragio efectivo, no reelecci\u00f3n.&#8221;<\/p>\n<p>AMLO ha sido claro en su postura sobre la reelecci\u00f3n, reafirmando su compromiso de no buscar un segundo mandato. Esta frase resuena con su ideolog\u00eda maderista y su defensa de la democracia.<\/p>\n<p>Las Frases M\u00e1s Populares de AMLO no solo reflejan su estilo de liderazgo, sino que tambi\u00e9n han influido en el discurso pol\u00edtico en M\u00e9xico. Su capacidad para conectar con la gente a trav\u00e9s de un lenguaje sencillo y directo ha sido clave en su popularidad. A medida que avanz\u00f3 su administraci\u00f3n, estas frases fueron parte del di\u00e1logo nacional, simbolizando sus promesas y la direcci\u00f3n de su gobierno.<\/p>\n","protected":false},"excerpt":{"rendered":"<p>Andr\u00e9s Manuel L\u00f3pez Obrador (AMLO), presidente de M\u00e9xico de 2018 a 2024, es un personaje polarizante y carism\u00e1tico en la pol\u00edtica mexicana. Su estilo directo y coloquial ha resonado en la poblaci\u00f3n, convirtiendo muchas de sus frases en parte del discurso cotidiano. A continuaci\u00f3n, exploramos algunas de las frases m\u00e1s populares de AMLO, que reflejan su filosof\u00eda y enfoque de gobierno. 1. &#8220;Abrazos, no balazos.&#8221; Esta frase se ha convertido en un s\u00edmbolo de su pol\u00edtica de seguridad. AMLO promueve un enfoque humanitario y de di\u00e1logo en lugar de la militarizaci\u00f3n para combatir la violencia. Con esta frase, busca enfatizar<\/p>\n","protected":false},"author":1,"featured_media":13970,"comment_status":"open","ping_status":"open","sticky":false,"template":"","format":"standard","meta":{"_jetpack_memberships_contains_paid_content":false,"footnotes":""},"categories":[1778],"tags":[],"class_list":["post-13968","post","type-post","status-publish","format-standard","has-post-thumbnail","hentry","category-a-la-mexicana"],"yoast_head":"<!-- This site is optimized with the Yoast SEO plugin v26.7 - https:\/\/yoast.com\/wordpress\/plugins\/seo\/ -->\n<title>Las Frases M\u00e1s Populares de AMLO, Andr\u00e9s Manuel L\u00f3pez Obrador - So Close<\/title>\n<meta name=\"description\" content=\"Su estilo directo y coloquial ha resonado en la poblaci\u00f3n, convirtiendo sus frases m\u00e1s populares de AMLO, como reflejo de su filosof\u00eda.\" \/>\n<meta name=\"robots\" content=\"index, follow, max-snippet:-1, max-image-preview:large, max-video-preview:-1\" \/>\n<link rel=\"canonical\" href=\"https:\/\/soclose.mx\/blog\/tag\/juan-rulfo-frases-mujeres\/\" \/>\n<meta property=\"og:locale\" content=\"es_MX\" \/>\n<meta property=\"og:type\" content=\"article\" \/>\n<meta property=\"og:title\" content=\"Las Frases M\u00e1s Populares de AMLO, Andr\u00e9s Manuel L\u00f3pez Obrador - So Close\" \/>\n<meta property=\"og:description\" content=\"Su estilo directo y coloquial ha resonado en la poblaci\u00f3n, convirtiendo sus frases m\u00e1s populares de AMLO, como reflejo de su filosof\u00eda.\" \/>\n<meta property=\"og:url\" content=\"https:\/\/soclose.mx\/blog\/tag\/juan-rulfo-frases-mujeres\/\" \/>\n<meta property=\"og:site_name\" content=\"So Close\" \/>\n<meta property=\"article:published_time\" content=\"2024-08-31T00:49:44+00:00\" \/>\n<meta property=\"article:modified_time\" content=\"2024-08-31T01:05:06+00:00\" \/>\n<meta property=\"og:image\" content=\"https:\/\/i0.wp.com\/soclose.mx\/blog\/wp-content\/uploads\/2024\/08\/amlo.jpg?fit=1920%2C1280&ssl=1\" \/>\n\t<meta property=\"og:image:width\" content=\"1920\" \/>\n\t<meta property=\"og:image:height\" content=\"1280\" \/>\n\t<meta property=\"og:image:type\" content=\"image\/jpeg\" \/>\n<meta name=\"author\" content=\"So Close\" \/>\n<meta name=\"twitter:card\" content=\"summary_large_image\" \/>\n<meta name=\"twitter:label1\" content=\"Escrito por\" \/>\n\t<meta name=\"twitter:data1\" content=\"So Close\" \/>\n\t<meta name=\"twitter:label2\" content=\"Tiempo de lectura\" \/>\n\t<meta name=\"twitter:data2\" content=\"3 minutos\" \/>\n<script type=\"application\/ld+json\" class=\"yoast-schema-graph\">{\"@context\":\"https:\/\/schema.org\",\"@graph\":[{\"@type\":\"Article\",\"@id\":\"https:\/\/soclose.mx\/blog\/tag\/juan-rulfo-frases-mujeres\/#article\",\"isPartOf\":{\"@id\":\"https:\/\/soclose.mx\/blog\/tag\/juan-rulfo-frases-mujeres\/\"},\"author\":{\"name\":\"So Close\",\"@id\":\"https:\/\/soclose.mx\/blog\/#\/schema\/person\/723eb117ab965b55c3e56b5d29751667\"},\"headline\":\"Las Frases M\u00e1s Populares de AMLO, Andr\u00e9s Manuel L\u00f3pez Obrador\",\"datePublished\":\"2024-08-31T00:49:44+00:00\",\"dateModified\":\"2024-08-31T01:05:06+00:00\",\"mainEntityOfPage\":{\"@id\":\"https:\/\/soclose.mx\/blog\/tag\/juan-rulfo-frases-mujeres\/\"},\"wordCount\":548,\"commentCount\":0,\"publisher\":{\"@id\":\"https:\/\/soclose.mx\/blog\/#organization\"},\"image\":{\"@id\":\"https:\/\/soclose.mx\/blog\/tag\/juan-rulfo-frases-mujeres\/#primaryimage\"},\"thumbnailUrl\":\"https:\/\/i0.wp.com\/soclose.mx\/blog\/wp-content\/uploads\/2024\/08\/amlo.jpg?fit=1920%2C1280&ssl=1\",\"articleSection\":[\"A la mexicana\"],\"inLanguage\":\"es\",\"potentialAction\":[{\"@type\":\"CommentAction\",\"name\":\"Comment\",\"target\":[\"https:\/\/soclose.mx\/blog\/tag\/juan-rulfo-frases-mujeres\/#respond\"]}]},{\"@type\":\"WebPage\",\"@id\":\"https:\/\/soclose.mx\/blog\/tag\/juan-rulfo-frases-mujeres\/\",\"url\":\"https:\/\/soclose.mx\/blog\/tag\/juan-rulfo-frases-mujeres\/\",\"name\":\"Las Frases M\u00e1s Populares de AMLO, Andr\u00e9s Manuel L\u00f3pez Obrador - So Close\",\"isPartOf\":{\"@id\":\"https:\/\/soclose.mx\/blog\/#website\"},\"primaryImageOfPage\":{\"@id\":\"https:\/\/soclose.mx\/blog\/tag\/juan-rulfo-frases-mujeres\/#primaryimage\"},\"image\":{\"@id\":\"https:\/\/soclose.mx\/blog\/tag\/juan-rulfo-frases-mujeres\/#primaryimage\"},\"thumbnailUrl\":\"https:\/\/i0.wp.com\/soclose.mx\/blog\/wp-content\/uploads\/2024\/08\/amlo.jpg?fit=1920%2C1280&ssl=1\",\"datePublished\":\"2024-08-31T00:49:44+00:00\",\"dateModified\":\"2024-08-31T01:05:06+00:00\",\"description\":\"Su estilo directo y coloquial ha resonado en la poblaci\u00f3n, convirtiendo sus frases m\u00e1s populares de AMLO, como reflejo de su filosof\u00eda.\",\"breadcrumb\":{\"@id\":\"https:\/\/soclose.mx\/blog\/tag\/juan-rulfo-frases-mujeres\/#breadcrumb\"},\"inLanguage\":\"es\",\"potentialAction\":[{\"@type\":\"ReadAction\",\"target\":[\"https:\/\/soclose.mx\/blog\/tag\/juan-rulfo-frases-mujeres\/\"]}]},{\"@type\":\"ImageObject\",\"inLanguage\":\"es\",\"@id\":\"https:\/\/soclose.mx\/blog\/tag\/juan-rulfo-frases-mujeres\/#primaryimage\",\"url\":\"https:\/\/i0.wp.com\/soclose.mx\/blog\/wp-content\/uploads\/2024\/08\/amlo.jpg?fit=1920%2C1280&ssl=1\",\"contentUrl\":\"https:\/\/i0.wp.com\/soclose.mx\/blog\/wp-content\/uploads\/2024\/08\/amlo.jpg?fit=1920%2C1280&ssl=1\",\"width\":1920,\"height\":1280,\"caption\":\"Presidente AMLO, Andr\u00e9s Manuel L\u00f3pez Obrador\"},{\"@type\":\"BreadcrumbList\",\"@id\":\"https:\/\/soclose.mx\/blog\/tag\/juan-rulfo-frases-mujeres\/#breadcrumb\",\"itemListElement\":[{\"@type\":\"ListItem\",\"position\":1,\"name\":\"Inicio\",\"item\":\"https:\/\/soclose.mx\/blog\/\"},{\"@type\":\"ListItem\",\"position\":2,\"name\":\"Las Frases M\u00e1s Populares de AMLO, Andr\u00e9s Manuel L\u00f3pez Obrador\"}]},{\"@type\":\"WebSite\",\"@id\":\"https:\/\/soclose.mx\/blog\/#website\",\"url\":\"https:\/\/soclose.mx\/blog\/\",\"name\":\"So Close\",\"description\":\"Hacemos contenidos de M\u00e9xico\",\"publisher\":{\"@id\":\"https:\/\/soclose.mx\/blog\/#organization\"},\"potentialAction\":[{\"@type\":\"SearchAction\",\"target\":{\"@type\":\"EntryPoint\",\"urlTemplate\":\"https:\/\/soclose.mx\/blog\/?s={search_term_string}\"},\"query-input\":{\"@type\":\"PropertyValueSpecification\",\"valueRequired\":true,\"valueName\":\"search_term_string\"}}],\"inLanguage\":\"es\"},{\"@type\":\"Organization\",\"@id\":\"https:\/\/soclose.mx\/blog\/#organization\",\"name\":\"So Close\",\"url\":\"https:\/\/soclose.mx\/blog\/\",\"logo\":{\"@type\":\"ImageObject\",\"inLanguage\":\"es\",\"@id\":\"https:\/\/soclose.mx\/blog\/#\/schema\/logo\/image\/\",\"url\":\"https:\/\/i0.wp.com\/soclose.mx\/blog\/wp-content\/uploads\/2020\/12\/LOGO_SOCLOSE_COLOR-e1608310133507.png?fit=2858%2C1264&ssl=1\",\"contentUrl\":\"https:\/\/i0.wp.com\/soclose.mx\/blog\/wp-content\/uploads\/2020\/12\/LOGO_SOCLOSE_COLOR-e1608310133507.png?fit=2858%2C1264&ssl=1\",\"width\":2858,\"height\":1264,\"caption\":\"So Close\"},\"image\":{\"@id\":\"https:\/\/soclose.mx\/blog\/#\/schema\/logo\/image\/\"}},{\"@type\":\"Person\",\"@id\":\"https:\/\/soclose.mx\/blog\/#\/schema\/person\/723eb117ab965b55c3e56b5d29751667\",\"name\":\"So Close\",\"image\":{\"@type\":\"ImageObject\",\"inLanguage\":\"es\",\"@id\":\"https:\/\/soclose.mx\/blog\/#\/schema\/person\/image\/\",\"url\":\"https:\/\/secure.gravatar.com\/avatar\/5a1d1d694eaf6d2c28f450f0984cbb34821b92dc49c1d088c0250fbc6a48efec?s=96&d=mm&r=g\",\"contentUrl\":\"https:\/\/secure.gravatar.com\/avatar\/5a1d1d694eaf6d2c28f450f0984cbb34821b92dc49c1d088c0250fbc6a48efec?s=96&d=mm&r=g\",\"caption\":\"So Close\"},\"sameAs\":[\"http:\/\/www.soclose.mx\",\"https:\/\/www.youtube.com\/@soclosemx\"],\"url\":\"https:\/\/soclose.mx\/blog\/author\/admin\/\"}]}<\/script>\n<!-- \/ Yoast SEO plugin. -->","yoast_head_json":{"title":"Las Frases M\u00e1s Populares de AMLO, Andr\u00e9s Manuel L\u00f3pez Obrador - So Close","description":"Su estilo directo y coloquial ha resonado en la poblaci\u00f3n, convirtiendo sus frases m\u00e1s populares de AMLO, como reflejo de su filosof\u00eda.","robots":{"index":"index","follow":"follow","max-snippet":"max-snippet:-1","max-image-preview":"max-image-preview:large","max-video-preview":"max-video-preview:-1"},"canonical":"https:\/\/soclose.mx\/blog\/tag\/juan-rulfo-frases-mujeres\/","og_locale":"es_MX","og_type":"article","og_title":"Las Frases M\u00e1s Populares de AMLO, Andr\u00e9s Manuel L\u00f3pez Obrador - So Close","og_description":"Su estilo directo y coloquial ha resonado en la poblaci\u00f3n, convirtiendo sus frases m\u00e1s populares de AMLO, como reflejo de su filosof\u00eda.","og_url":"https:\/\/soclose.mx\/blog\/tag\/juan-rulfo-frases-mujeres\/","og_site_name":"So Close","article_published_time":"2024-08-31T00:49:44+00:00","article_modified_time":"2024-08-31T01:05:06+00:00","og_image":[{"width":1920,"height":1280,"url":"https:\/\/i0.wp.com\/soclose.mx\/blog\/wp-content\/uploads\/2024\/08\/amlo.jpg?fit=1920%2C1280&ssl=1","type":"image\/jpeg"}],"author":"So Close","twitter_card":"summary_large_image","twitter_misc":{"Escrito por":"So Close","Tiempo de lectura":"3 minutos"},"schema":{"@context":"https:\/\/schema.org","@graph":[{"@type":"Article","@id":"https:\/\/soclose.mx\/blog\/tag\/juan-rulfo-frases-mujeres\/#article","isPartOf":{"@id":"https:\/\/soclose.mx\/blog\/tag\/juan-rulfo-frases-mujeres\/"},"author":{"name":"So Close","@id":"https:\/\/soclose.mx\/blog\/#\/schema\/person\/723eb117ab965b55c3e56b5d29751667"},"headline":"Las Frases M\u00e1s Populares de AMLO, Andr\u00e9s Manuel L\u00f3pez Obrador","datePublished":"2024-08-31T00:49:44+00:00","dateModified":"2024-08-31T01:05:06+00:00","mainEntityOfPage":{"@id":"https:\/\/soclose.mx\/blog\/tag\/juan-rulfo-frases-mujeres\/"},"wordCount":548,"commentCount":0,"publisher":{"@id":"https:\/\/soclose.mx\/blog\/#organization"},"image":{"@id":"https:\/\/soclose.mx\/blog\/tag\/juan-rulfo-frases-mujeres\/#primaryimage"},"thumbnailUrl":"https:\/\/i0.wp.com\/soclose.mx\/blog\/wp-content\/uploads\/2024\/08\/amlo.jpg?fit=1920%2C1280&ssl=1","articleSection":["A la mexicana"],"inLanguage":"es","potentialAction":[{"@type":"CommentAction","name":"Comment","target":["https:\/\/soclose.mx\/blog\/tag\/juan-rulfo-frases-mujeres\/#respond"]}]},{"@type":"WebPage","@id":"https:\/\/soclose.mx\/blog\/tag\/juan-rulfo-frases-mujeres\/","url":"https:\/\/soclose.mx\/blog\/tag\/juan-rulfo-frases-mujeres\/","name":"Las Frases M\u00e1s Populares de AMLO, Andr\u00e9s Manuel L\u00f3pez Obrador - So Close","isPartOf":{"@id":"https:\/\/soclose.mx\/blog\/#website"},"primaryImageOfPage":{"@id":"https:\/\/soclose.mx\/blog\/tag\/juan-rulfo-frases-mujeres\/#primaryimage"},"image":{"@id":"https:\/\/soclose.mx\/blog\/tag\/juan-rulfo-frases-mujeres\/#primaryimage"},"thumbnailUrl":"https:\/\/i0.wp.com\/soclose.mx\/blog\/wp-content\/uploads\/2024\/08\/amlo.jpg?fit=1920%2C1280&ssl=1","datePublished":"2024-08-31T00:49:44+00:00","dateModified":"2024-08-31T01:05:06+00:00","description":"Su estilo directo y coloquial ha resonado en la poblaci\u00f3n, convirtiendo sus frases m\u00e1s populares de AMLO, como reflejo de su filosof\u00eda.","breadcrumb":{"@id":"https:\/\/soclose.mx\/blog\/tag\/juan-rulfo-frases-mujeres\/#breadcrumb"},"inLanguage":"es","potentialAction":[{"@type":"ReadAction","target":["https:\/\/soclose.mx\/blog\/tag\/juan-rulfo-frases-mujeres\/"]}]},{"@type":"ImageObject","inLanguage":"es","@id":"https:\/\/soclose.mx\/blog\/tag\/juan-rulfo-frases-mujeres\/#primaryimage","url":"https:\/\/i0.wp.com\/soclose.mx\/blog\/wp-content\/uploads\/2024\/08\/amlo.jpg?fit=1920%2C1280&ssl=1","contentUrl":"https:\/\/i0.wp.com\/soclose.mx\/blog\/wp-content\/uploads\/2024\/08\/amlo.jpg?fit=1920%2C1280&ssl=1","width":1920,"height":1280,"caption":"Presidente AMLO, Andr\u00e9s Manuel L\u00f3pez Obrador"},{"@type":"BreadcrumbList","@id":"https:\/\/soclose.mx\/blog\/tag\/juan-rulfo-frases-mujeres\/#breadcrumb","itemListElement":[{"@type":"ListItem","position":1,"name":"Inicio","item":"https:\/\/soclose.mx\/blog\/"},{"@type":"ListItem","position":2,"name":"Las Frases M\u00e1s Populares de AMLO, Andr\u00e9s Manuel L\u00f3pez Obrador"}]},{"@type":"WebSite","@id":"https:\/\/soclose.mx\/blog\/#website","url":"https:\/\/soclose.mx\/blog\/","name":"So Close","description":"Hacemos contenidos de M\u00e9xico","publisher":{"@id":"https:\/\/soclose.mx\/blog\/#organization"},"potentialAction":[{"@type":"SearchAction","target":{"@type":"EntryPoint","urlTemplate":"https:\/\/soclose.mx\/blog\/?s={search_term_string}"},"query-input":{"@type":"PropertyValueSpecification","valueRequired":true,"valueName":"search_term_string"}}],"inLanguage":"es"},{"@type":"Organization","@id":"https:\/\/soclose.mx\/blog\/#organization","name":"So Close","url":"https:\/\/soclose.mx\/blog\/","logo":{"@type":"ImageObject","inLanguage":"es","@id":"https:\/\/soclose.mx\/blog\/#\/schema\/logo\/image\/","url":"https:\/\/i0.wp.com\/soclose.mx\/blog\/wp-content\/uploads\/2020\/12\/LOGO_SOCLOSE_COLOR-e1608310133507.png?fit=2858%2C1264&ssl=1","contentUrl":"https:\/\/i0.wp.com\/soclose.mx\/blog\/wp-content\/uploads\/2020\/12\/LOGO_SOCLOSE_COLOR-e1608310133507.png?fit=2858%2C1264&ssl=1","width":2858,"height":1264,"caption":"So Close"},"image":{"@id":"https:\/\/soclose.mx\/blog\/#\/schema\/logo\/image\/"}},{"@type":"Person","@id":"https:\/\/soclose.mx\/blog\/#\/schema\/person\/723eb117ab965b55c3e56b5d29751667","name":"So Close","image":{"@type":"ImageObject","inLanguage":"es","@id":"https:\/\/soclose.mx\/blog\/#\/schema\/person\/image\/","url":"https:\/\/secure.gravatar.com\/avatar\/5a1d1d694eaf6d2c28f450f0984cbb34821b92dc49c1d088c0250fbc6a48efec?s=96&d=mm&r=g","contentUrl":"https:\/\/secure.gravatar.com\/avatar\/5a1d1d694eaf6d2c28f450f0984cbb34821b92dc49c1d088c0250fbc6a48efec?s=96&d=mm&r=g","caption":"So Close"},"sameAs":["http:\/\/www.soclose.mx","https:\/\/www.youtube.com\/@soclosemx"],"url":"https:\/\/soclose.mx\/blog\/author\/admin\/"}]}},"jetpack_featured_media_url":"https:\/\/i0.wp.com\/soclose.mx\/blog\/wp-content\/uploads\/2024\/08\/amlo.jpg?fit=1920%2C1280&ssl=1","jetpack-related-posts":[{"id":14204,"url":"https:\/\/soclose.mx\/blog\/ay-goeeee\/palabras-y-frases-inolvidables-de-amlo-andres-manuel-lopez-obrador\/","url_meta":{"origin":13968,"position":0},"title":"Palabras y frases inolvidables de AMLO, Andr\u00e9s Manuel L\u00f3pez Obrador","author":"So Close","date":"1 octubre, 2024","format":false,"excerpt":"Andr\u00e9s Manuel L\u00f3pez Obrador (AMLO), expresidente de M\u00e9xico, es conocido por su estilo coloquial y su uso de expresiones que resuenan con la cultura popular. A continuaci\u00f3n, exploramos algunas de las palabras y frases inolvidables de AMLO que ha utilizado a lo largo de su carrera pol\u00edtica, las cuales han\u2026","rel":"","context":"En &quot;\u00a1Ay goeeee!&quot;","block_context":{"text":"\u00a1Ay goeeee!","link":"https:\/\/soclose.mx\/blog\/category\/ay-goeeee\/"},"img":{"alt_text":"AMLO, Andr\u00e9s Manuel L\u00f3pez Obrador","src":"https:\/\/i0.wp.com\/soclose.mx\/blog\/wp-content\/uploads\/2024\/10\/Fotos-notas-So-Close-home-5.jpg?fit=1200%2C675&ssl=1&resize=350%2C200","width":350,"height":200,"srcset":"https:\/\/i0.wp.com\/soclose.mx\/blog\/wp-content\/uploads\/2024\/10\/Fotos-notas-So-Close-home-5.jpg?fit=1200%2C675&ssl=1&resize=350%2C200 1x, https:\/\/i0.wp.com\/soclose.mx\/blog\/wp-content\/uploads\/2024\/10\/Fotos-notas-So-Close-home-5.jpg?fit=1200%2C675&ssl=1&resize=525%2C300 1.5x, https:\/\/i0.wp.com\/soclose.mx\/blog\/wp-content\/uploads\/2024\/10\/Fotos-notas-So-Close-home-5.jpg?fit=1200%2C675&ssl=1&resize=700%2C400 2x, https:\/\/i0.wp.com\/soclose.mx\/blog\/wp-content\/uploads\/2024\/10\/Fotos-notas-So-Close-home-5.jpg?fit=1200%2C675&ssl=1&resize=1050%2C600 3x"},"classes":[]},{"id":14141,"url":"https:\/\/soclose.mx\/blog\/ay-goeeee\/datos-curiosos-de-amlo-andres-manuel-lopez-obrador-que-debes-conocer\/","url_meta":{"origin":13968,"position":1},"title":"Datos curiosos de AMLO, Andr\u00e9s Manuel L\u00f3pez Obrador, que Debes Conocer","author":"So Close","date":"27 septiembre, 2024","format":false,"excerpt":"Andr\u00e9s Manuel L\u00f3pez Obrador, expresidente de M\u00e9xico, es una figura pol\u00edtica fascinante con una vida llena de datos interesantes. En este art\u00edculo, te presentamos\u00a0 datos curiosos de AMLO que tal vez no conoc\u00edas: Datos curiosos de AMLO, Andr\u00e9s Manuel L\u00f3pez Obrador 1. Naci\u00f3 en Macuspana, Tabasco en 1953 y es\u2026","rel":"","context":"En &quot;\u00a1Ay goeeee!&quot;","block_context":{"text":"\u00a1Ay goeeee!","link":"https:\/\/soclose.mx\/blog\/category\/ay-goeeee\/"},"img":{"alt_text":"amlo-andres-manuel-lopez-obrador","src":"https:\/\/i0.wp.com\/soclose.mx\/blog\/wp-content\/uploads\/2024\/09\/amlo-andres-manuel-lopez-obrador.jpg?fit=1200%2C675&ssl=1&resize=350%2C200","width":350,"height":200,"srcset":"https:\/\/i0.wp.com\/soclose.mx\/blog\/wp-content\/uploads\/2024\/09\/amlo-andres-manuel-lopez-obrador.jpg?fit=1200%2C675&ssl=1&resize=350%2C200 1x, https:\/\/i0.wp.com\/soclose.mx\/blog\/wp-content\/uploads\/2024\/09\/amlo-andres-manuel-lopez-obrador.jpg?fit=1200%2C675&ssl=1&resize=525%2C300 1.5x, https:\/\/i0.wp.com\/soclose.mx\/blog\/wp-content\/uploads\/2024\/09\/amlo-andres-manuel-lopez-obrador.jpg?fit=1200%2C675&ssl=1&resize=700%2C400 2x, https:\/\/i0.wp.com\/soclose.mx\/blog\/wp-content\/uploads\/2024\/09\/amlo-andres-manuel-lopez-obrador.jpg?fit=1200%2C675&ssl=1&resize=1050%2C600 3x"},"classes":[]},{"id":11029,"url":"https:\/\/soclose.mx\/blog\/ay-goeeee\/video-eres-tu-amlo-conoce-al-doble-holandes-del-presidente-de-mexico\/","url_meta":{"origin":13968,"position":2},"title":"Video: \u00bfEres t\u00fa, AMLO? Conoce al doble holand\u00e9s del presidente de M\u00e9xico","author":"Daniel Ram\u00edrez","date":"24 agosto, 2022","format":false,"excerpt":"El presidente Andr\u00e9s Manuel L\u00f3pez Obrador es un personaje amado y odiado a la vez, pero no podemos negar que nos deja muchos memes y material para pasar un buen rato. Si con un AMLO nos divertimos, \u00bfqu\u00e9 tal con dos? Les presentamos la versi\u00f3n holandesa del presidente de M\u00e9xico\u2026","rel":"","context":"En &quot;\u00a1Ay goeeee!&quot;","block_context":{"text":"\u00a1Ay goeeee!","link":"https:\/\/soclose.mx\/blog\/category\/ay-goeeee\/"},"img":{"alt_text":"","src":"https:\/\/i0.wp.com\/soclose.mx\/blog\/wp-content\/uploads\/2022\/08\/WhatsApp-Image-2022-08-23-at-10.07.22-AM.jpeg?fit=1024%2C711&ssl=1&resize=350%2C200","width":350,"height":200,"srcset":"https:\/\/i0.wp.com\/soclose.mx\/blog\/wp-content\/uploads\/2022\/08\/WhatsApp-Image-2022-08-23-at-10.07.22-AM.jpeg?fit=1024%2C711&ssl=1&resize=350%2C200 1x, https:\/\/i0.wp.com\/soclose.mx\/blog\/wp-content\/uploads\/2022\/08\/WhatsApp-Image-2022-08-23-at-10.07.22-AM.jpeg?fit=1024%2C711&ssl=1&resize=525%2C300 1.5x, https:\/\/i0.wp.com\/soclose.mx\/blog\/wp-content\/uploads\/2022\/08\/WhatsApp-Image-2022-08-23-at-10.07.22-AM.jpeg?fit=1024%2C711&ssl=1&resize=700%2C400 2x"},"classes":[]},{"id":12047,"url":"https:\/\/soclose.mx\/blog\/ay-goeeee\/magia-negra-presidentes-brujeria-politica\/","url_meta":{"origin":13968,"position":3},"title":"\u00bfMagia negra y pol\u00edtica? Presidentes que usaron brujer\u00eda","author":"Emmanuel Oviedo","date":"14 julio, 2023","format":false,"excerpt":"Nadie sabe de lo que ser\u00eda capaz de hacer por una buena posici\u00f3n laboral, por ejemplo en el Gobierno, y por recibir un sueldo con ceros considerables. En el caso de los pol\u00edticos, sobre todo los que quieren llegar a las altas esferas del poder, hay secretos y artima\u00f1as de\u2026","rel":"","context":"En &quot;\u00a1Ay goeeee!&quot;","block_context":{"text":"\u00a1Ay goeeee!","link":"https:\/\/soclose.mx\/blog\/category\/ay-goeeee\/"},"img":{"alt_text":"Magia Negra Presidentes mexicanos","src":"https:\/\/i0.wp.com\/soclose.mx\/blog\/wp-content\/uploads\/2023\/07\/images-4.jpeg?fit=480%2C271&ssl=1&resize=350%2C200","width":350,"height":200},"classes":[]},{"id":12924,"url":"https:\/\/soclose.mx\/blog\/a-la-mexicana\/los-casos-mas-extranos-de-las-elecciones-en-mexico\/","url_meta":{"origin":13968,"position":4},"title":"Los casos m\u00e1s extra\u00f1os de las elecciones en M\u00e9xico","author":"Emmanuel Oviedo","date":"5 febrero, 2024","format":false,"excerpt":"En la historia de nuestra naci\u00f3n se ha luchado por la democracia. Eso s\u00ed,\u00a0 con manifestaciones y con discurso espectaculares. Por otro lado, las fuerzas contrarios de la corrupci\u00f3n y los fraudes son inevitables. Por ellos, las elecciones se vuelve un campo de batalla entre la justicia y la violencia.\u2026","rel":"","context":"En &quot;A la mexicana&quot;","block_context":{"text":"A la mexicana","link":"https:\/\/soclose.mx\/blog\/category\/a-la-mexicana\/"},"img":{"alt_text":"","src":"https:\/\/i0.wp.com\/soclose.mx\/blog\/wp-content\/uploads\/2024\/01\/Elecciones.jpg?fit=800%2C533&ssl=1&resize=350%2C200","width":350,"height":200,"srcset":"https:\/\/i0.wp.com\/soclose.mx\/blog\/wp-content\/uploads\/2024\/01\/Elecciones.jpg?fit=800%2C533&ssl=1&resize=350%2C200 1x, https:\/\/i0.wp.com\/soclose.mx\/blog\/wp-content\/uploads\/2024\/01\/Elecciones.jpg?fit=800%2C533&ssl=1&resize=525%2C300 1.5x, https:\/\/i0.wp.com\/soclose.mx\/blog\/wp-content\/uploads\/2024\/01\/Elecciones.jpg?fit=800%2C533&ssl=1&resize=700%2C400 2x"},"classes":[]},{"id":13508,"url":"https:\/\/soclose.mx\/blog\/news-feed\/lo-que-debes-saber-de-las-elecciones-2024-en-mexico\/","url_meta":{"origin":13968,"position":5},"title":"Lo que debes saber de las elecciones 2024 en M\u00e9xico","author":"Emmanuel Oviedo","date":"13 abril, 2024","format":false,"excerpt":"En el a\u00f1o 2024 termina un sexenio y empieza otro periodo importante en la vida pol\u00edtica de nuestro pa\u00eds. En las calles sobreabunda la propaganda, normal en el panorama citadino, y los comerciales televisivos tambi\u00e9n alimentan la imagen de los candidatos. Normal en M\u00e9xico. Sin embargo, las elecciones son una\u2026","rel":"","context":"En &quot;News feed&quot;","block_context":{"text":"News feed","link":"https:\/\/soclose.mx\/blog\/category\/news-feed\/"},"img":{"alt_text":"","src":"https:\/\/i0.wp.com\/soclose.mx\/blog\/wp-content\/uploads\/2024\/04\/Elecciones-2023.jpg?fit=799%2C533&ssl=1&resize=350%2C200","width":350,"height":200,"srcset":"https:\/\/i0.wp.com\/soclose.mx\/blog\/wp-content\/uploads\/2024\/04\/Elecciones-2023.jpg?fit=799%2C533&ssl=1&resize=350%2C200 1x, https:\/\/i0.wp.com\/soclose.mx\/blog\/wp-content\/uploads\/2024\/04\/Elecciones-2023.jpg?fit=799%2C533&ssl=1&resize=525%2C300 1.5x, https:\/\/i0.wp.com\/soclose.mx\/blog\/wp-content\/uploads\/2024\/04\/Elecciones-2023.jpg?fit=799%2C533&ssl=1&resize=700%2C400 2x"},"classes":[]}],"jetpack_sharing_enabled":true,"_links":{"self":[{"href":"https:\/\/soclose.mx\/blog\/wp-json\/wp\/v2\/posts\/13968","targetHints":{"allow":["GET"]}}],"collection":[{"href":"https:\/\/soclose.mx\/blog\/wp-json\/wp\/v2\/posts"}],"about":[{"href":"https:\/\/soclose.mx\/blog\/wp-json\/wp\/v2\/types\/post"}],"author":[{"embeddable":true,"href":"https:\/\/soclose.mx\/blog\/wp-json\/wp\/v2\/users\/1"}],"replies":[{"embeddable":true,"href":"https:\/\/soclose.mx\/blog\/wp-json\/wp\/v2\/comments?post=13968"}],"version-history":[{"count":2,"href":"https:\/\/soclose.mx\/blog\/wp-json\/wp\/v2\/posts\/13968\/revisions"}],"predecessor-version":[{"id":13971,"href":"https:\/\/soclose.mx\/blog\/wp-json\/wp\/v2\/posts\/13968\/revisions\/13971"}],"wp:featuredmedia":[{"embeddable":true,"href":"https:\/\/soclose.mx\/blog\/wp-json\/wp\/v2\/media\/13970"}],"wp:attachment":[{"href":"https:\/\/soclose.mx\/blog\/wp-json\/wp\/v2\/media?parent=13968"}],"wp:term":[{"taxonomy":"category","embeddable":true,"href":"https:\/\/soclose.mx\/blog\/wp-json\/wp\/v2\/categories?post=13968"},{"taxonomy":"post_tag","embeddable":true,"href":"https:\/\/soclose.mx\/blog\/wp-json\/wp\/v2\/tags?post=13968"}],"curies":[{"name":"wp","href":"https:\/\/api.w.org\/{rel}","templated":true}]}}