{"id":13973,"date":"2024-09-02T20:18:43","date_gmt":"2024-09-03T02:18:43","guid":{"rendered":"https:\/\/soclose.mx\/blog\/?p=13973"},"modified":"2024-09-02T20:18:43","modified_gmt":"2024-09-03T02:18:43","slug":"diferencias-entre-el-labor-day-y-el-dia-del-trabajo","status":"publish","type":"post","link":"https:\/\/soclose.mx\/blog\/news-feed\/diferencias-entre-el-labor-day-y-el-dia-del-trabajo\/","title":{"rendered":"Diferencias entre el Labor Day y el D\u00eda del Trabajo"},"content":{"rendered":"<p>El Labor Day y el D\u00eda del Trabajo son dos celebraciones que honran a los trabajadores, pero se celebran en fechas diferentes y tienen or\u00edgenes y significados distintos.<\/p>\n<p>A continuaci\u00f3n, exploramos las principales diferencias entre estas dos festividades.<\/p>\n<h2>Diferencias entre el Labor Day y el D\u00eda del Trabajo<\/h2>\n<p>1. Fecha de Celebraci\u00f3n<\/p>\n<p>&#8211; Labor Day: En Estados Unidos, el Labor Day se celebra el primer lunes de septiembre. Esta fecha fue elegida en 1894 para honrar las contribuciones de los trabajadores y se estableci\u00f3 como feriado federal por el presidente Grover Cleveland.<\/p>\n<p>&#8211; D\u00eda del Trabajo: En M\u00e9xico, el <a href=\"https:\/\/www.gob.mx\/profedet\/articulos\/1-de-mayo-dia-del-trabajo-105473\" target=\"_blank\" rel=\"noopener\">D\u00eda del Trabajo<\/a> se conmemora el 1 de mayo. Esta fecha tiene su origen en la represi\u00f3n de una manifestaci\u00f3n obrera en Chicago, Estados Unidos, que se llev\u00f3 a cabo el primer d\u00eda de mayo de 1886.<\/p>\n<p>2. Origen Hist\u00f3ricos<\/p>\n<p>&#8211; Labor Day: El primer <a href=\"https:\/\/www.dol.gov\/general\/laborday\/history\" target=\"_blank\" rel=\"noopener\">Labor Day<\/a> se dice se llev\u00f3 a cabo en Nueva York en 1882. La elecci\u00f3n de septiembre como fecha se debi\u00f3 a la preocupaci\u00f3n de que el 1 de mayo se asocia con movimientos socialistas y radicales, especialmente tras la revuelta de Haymarket en Chicago en 1886.<\/p>\n<p>&#8211; D\u00eda del Trabajo: En M\u00e9xico, el D\u00eda del Trabajo se estableci\u00f3 en 1923, aunque su origen se remonta a las luchas laborales de finales del siglo XIX. La celebraci\u00f3n del 1 de mayo se adopt\u00f3 en M\u00e9xico como parte del reconocimiento de los derechos laborales y la importancia del movimiento obrero.<\/p>\n<p>3. Celebraciones y Tradiciones<\/p>\n<p>&#8211; Labor Day: En Estados Unidos, el Labor Day marca el final no oficial del verano. Las celebraciones incluyen picnics, parrilladas y desfiles. Es com\u00fan que las familias se re\u00fanan para disfrutar de actividades al aire libre y eventos deportivos.<\/p>\n<p>&#8211; D\u00eda del Trabajo: En M\u00e9xico, el D\u00eda del Trabajo es un d\u00eda de conmemoraci\u00f3n y protesta. Se llevaban a cabo desfiles y marchas organizadas por sindicatos y organizaciones laborales; esto no sigue ocurriendo del mismo modo que en \u00e9pocas anteriores.<\/p>\n<p>4. Enfoque de la Celebraci\u00f3n<\/p>\n<p>&#8211; Labor Day: Aunque el Labor Day celebra a los trabajadores, su enfoque es m\u00e1s festivo y se ha convertido en una ocasi\u00f3n para disfrutar de actividades recreativas. La reflexi\u00f3n sobre los derechos laborales es menos prominente en comparaci\u00f3n con el D\u00eda del Trabajo en M\u00e9xico.<\/p>\n<p>&#8211; D\u00eda del Trabajo: En contraste, el D\u00eda del Trabajo en M\u00e9xico es una oportunidad para reflexionar sobre las luchas pasadas y actuales de los trabajadores. Las marchas y protestas son una parte integral de la celebraci\u00f3n, destacando la importancia de los derechos laborales.<\/p>\n<p>5. Reconocimiento de los Trabajadores<\/p>\n<p>&#8211; Labor Day: En Estados Unidos, el Labor Day es un d\u00eda de descanso para muchos trabajadores, aunque no todos los sectores disfrutan de este d\u00eda libre. Algunas industrias, como la seguridad y la salud, pueden requerir que los empleados trabajen ese d\u00eda.<\/p>\n<p>&#8211; D\u00eda del Trabajo: En M\u00e9xico, el D\u00eda del Trabajo es un feriado oficial, y la mayor\u00eda de los trabajadores tienen derecho a un <a href=\"https:\/\/soclose.mx\/blog\/newss-feed\/puentes-dias-festivos-y-vacaciones-del-ciclo-escolar-2024-2025-en-mexico\/\" target=\"_blank\" rel=\"noopener\">d\u00eda de descanso.<\/a> Es un momento para honrar a los trabajadores y reconocer sus contribuciones a la sociedad.<\/p>\n<p>Aunque tanto el Labor Day en Estados Unidos como el D\u00eda del Trabajo en M\u00e9xico celebran las contribuciones de los trabajadores, sus or\u00edgenes, fechas y formas de celebraci\u00f3n son notablemente diferentes. Mientras que el Labor Day se ha convertido en una festividad m\u00e1s recreativa, el D\u00eda del Trabajo en M\u00e9xico sigue siendo un d\u00eda de reflexi\u00f3n y reivindicaci\u00f3n de los derechos laborales. Ambas celebraciones son importantes para entender la historia y la evoluci\u00f3n de los derechos de los trabajadores en cada pa\u00eds.<\/p>\n","protected":false},"excerpt":{"rendered":"<p>El Labor Day y el D\u00eda del Trabajo son dos celebraciones que honran a los trabajadores, pero se celebran en fechas diferentes y tienen or\u00edgenes y significados distintos. A continuaci\u00f3n, exploramos las principales diferencias entre estas dos festividades. Diferencias entre el Labor Day y el D\u00eda del Trabajo 1. Fecha de Celebraci\u00f3n &#8211; Labor Day: En Estados Unidos, el Labor Day se celebra el primer lunes de septiembre. Esta fecha fue elegida en 1894 para honrar las contribuciones de los trabajadores y se estableci\u00f3 como feriado federal por el presidente Grover Cleveland. &#8211; D\u00eda del Trabajo: En M\u00e9xico, el D\u00eda<\/p>\n","protected":false},"author":1,"featured_media":13974,"comment_status":"open","ping_status":"open","sticky":false,"template":"","format":"standard","meta":{"_jetpack_memberships_contains_paid_content":false,"footnotes":""},"categories":[628],"tags":[1395,3425,3426,303,1476,3424,578,3429,1344,3428,3427,3417],"class_list":["post-13973","post","type-post","status-publish","format-standard","has-post-thumbnail","hentry","category-news-feed","tag-celebracion","tag-dia-del-trabajo","tag-diferencias","tag-estados-unidos","tag-festividad","tag-labor-day","tag-mexico","tag-movimiento-obrero","tag-origen","tag-sindicatos","tag-trabajadores","tag-tradiciones"],"yoast_head":"<!-- This site is optimized with the Yoast SEO plugin v26.7 - https:\/\/yoast.com\/wordpress\/plugins\/seo\/ -->\n<title>Diferencias entre el Labor Day y el D\u00eda del Trabajo - So Close<\/title>\n<meta name=\"description\" content=\"El Labor Day y el D\u00eda del Trabajo son dos celebraciones que honran a los trabajadores, pero se celebran en fechas diferentes.\" \/>\n<meta name=\"robots\" content=\"index, follow, max-snippet:-1, max-image-preview:large, max-video-preview:-1\" \/>\n<link rel=\"canonical\" href=\"https:\/\/soclose.mx\/blog\/tag\/juan-rulfo-frases-mujeres\/\" \/>\n<meta property=\"og:locale\" content=\"es_MX\" \/>\n<meta property=\"og:type\" content=\"article\" \/>\n<meta property=\"og:title\" content=\"Diferencias entre el Labor Day y el D\u00eda del Trabajo - So Close\" \/>\n<meta property=\"og:description\" content=\"El Labor Day y el D\u00eda del Trabajo son dos celebraciones que honran a los trabajadores, pero se celebran en fechas diferentes.\" \/>\n<meta property=\"og:url\" content=\"https:\/\/soclose.mx\/blog\/tag\/juan-rulfo-frases-mujeres\/\" \/>\n<meta property=\"og:site_name\" content=\"So Close\" \/>\n<meta property=\"article:published_time\" content=\"2024-09-03T02:18:43+00:00\" \/>\n<meta property=\"og:image\" content=\"https:\/\/i0.wp.com\/soclose.mx\/blog\/wp-content\/uploads\/2024\/09\/labor-day-dia-del-trabajo.jpg?fit=1920%2C1280&ssl=1\" \/>\n\t<meta property=\"og:image:width\" content=\"1920\" \/>\n\t<meta property=\"og:image:height\" content=\"1280\" \/>\n\t<meta property=\"og:image:type\" content=\"image\/jpeg\" \/>\n<meta name=\"author\" content=\"So Close\" \/>\n<meta name=\"twitter:card\" content=\"summary_large_image\" \/>\n<meta name=\"twitter:label1\" content=\"Escrito por\" \/>\n\t<meta name=\"twitter:data1\" content=\"So Close\" \/>\n\t<meta name=\"twitter:label2\" content=\"Tiempo de lectura\" \/>\n\t<meta name=\"twitter:data2\" content=\"3 minutos\" \/>\n<script type=\"application\/ld+json\" class=\"yoast-schema-graph\">{\"@context\":\"https:\/\/schema.org\",\"@graph\":[{\"@type\":\"Article\",\"@id\":\"https:\/\/soclose.mx\/blog\/tag\/juan-rulfo-frases-mujeres\/#article\",\"isPartOf\":{\"@id\":\"https:\/\/soclose.mx\/blog\/tag\/juan-rulfo-frases-mujeres\/\"},\"author\":{\"name\":\"So Close\",\"@id\":\"https:\/\/soclose.mx\/blog\/#\/schema\/person\/723eb117ab965b55c3e56b5d29751667\"},\"headline\":\"Diferencias entre el Labor Day y el D\u00eda del Trabajo\",\"datePublished\":\"2024-09-03T02:18:43+00:00\",\"mainEntityOfPage\":{\"@id\":\"https:\/\/soclose.mx\/blog\/tag\/juan-rulfo-frases-mujeres\/\"},\"wordCount\":650,\"commentCount\":0,\"publisher\":{\"@id\":\"https:\/\/soclose.mx\/blog\/#organization\"},\"image\":{\"@id\":\"https:\/\/soclose.mx\/blog\/tag\/juan-rulfo-frases-mujeres\/#primaryimage\"},\"thumbnailUrl\":\"https:\/\/i0.wp.com\/soclose.mx\/blog\/wp-content\/uploads\/2024\/09\/labor-day-dia-del-trabajo.jpg?fit=1920%2C1280&ssl=1\",\"keywords\":[\"celebraci\u00f3n\",\"D\u00eda del Trabajo\",\"diferencias\",\"estados unidos\",\"festividad\",\"Labor Day\",\"mexico\",\"movimiento obrero\",\"origen\",\"sindicatos\",\"trabajadores\",\"tradiciones\"],\"articleSection\":[\"News feed\"],\"inLanguage\":\"es\",\"potentialAction\":[{\"@type\":\"CommentAction\",\"name\":\"Comment\",\"target\":[\"https:\/\/soclose.mx\/blog\/tag\/juan-rulfo-frases-mujeres\/#respond\"]}]},{\"@type\":\"WebPage\",\"@id\":\"https:\/\/soclose.mx\/blog\/tag\/juan-rulfo-frases-mujeres\/\",\"url\":\"https:\/\/soclose.mx\/blog\/tag\/juan-rulfo-frases-mujeres\/\",\"name\":\"Diferencias entre el Labor Day y el D\u00eda del Trabajo - So Close\",\"isPartOf\":{\"@id\":\"https:\/\/soclose.mx\/blog\/#website\"},\"primaryImageOfPage\":{\"@id\":\"https:\/\/soclose.mx\/blog\/tag\/juan-rulfo-frases-mujeres\/#primaryimage\"},\"image\":{\"@id\":\"https:\/\/soclose.mx\/blog\/tag\/juan-rulfo-frases-mujeres\/#primaryimage\"},\"thumbnailUrl\":\"https:\/\/i0.wp.com\/soclose.mx\/blog\/wp-content\/uploads\/2024\/09\/labor-day-dia-del-trabajo.jpg?fit=1920%2C1280&ssl=1\",\"datePublished\":\"2024-09-03T02:18:43+00:00\",\"description\":\"El Labor Day y el D\u00eda del Trabajo son dos celebraciones que honran a los trabajadores, pero se celebran en fechas diferentes.\",\"breadcrumb\":{\"@id\":\"https:\/\/soclose.mx\/blog\/tag\/juan-rulfo-frases-mujeres\/#breadcrumb\"},\"inLanguage\":\"es\",\"potentialAction\":[{\"@type\":\"ReadAction\",\"target\":[\"https:\/\/soclose.mx\/blog\/tag\/juan-rulfo-frases-mujeres\/\"]}]},{\"@type\":\"ImageObject\",\"inLanguage\":\"es\",\"@id\":\"https:\/\/soclose.mx\/blog\/tag\/juan-rulfo-frases-mujeres\/#primaryimage\",\"url\":\"https:\/\/i0.wp.com\/soclose.mx\/blog\/wp-content\/uploads\/2024\/09\/labor-day-dia-del-trabajo.jpg?fit=1920%2C1280&ssl=1\",\"contentUrl\":\"https:\/\/i0.wp.com\/soclose.mx\/blog\/wp-content\/uploads\/2024\/09\/labor-day-dia-del-trabajo.jpg?fit=1920%2C1280&ssl=1\",\"width\":1920,\"height\":1280,\"caption\":\"labor-day-dia-del-trabajo.jpg\"},{\"@type\":\"BreadcrumbList\",\"@id\":\"https:\/\/soclose.mx\/blog\/tag\/juan-rulfo-frases-mujeres\/#breadcrumb\",\"itemListElement\":[{\"@type\":\"ListItem\",\"position\":1,\"name\":\"Inicio\",\"item\":\"https:\/\/soclose.mx\/blog\/\"},{\"@type\":\"ListItem\",\"position\":2,\"name\":\"Diferencias entre el Labor Day y el D\u00eda del Trabajo\"}]},{\"@type\":\"WebSite\",\"@id\":\"https:\/\/soclose.mx\/blog\/#website\",\"url\":\"https:\/\/soclose.mx\/blog\/\",\"name\":\"So Close\",\"description\":\"Hacemos contenidos de M\u00e9xico\",\"publisher\":{\"@id\":\"https:\/\/soclose.mx\/blog\/#organization\"},\"potentialAction\":[{\"@type\":\"SearchAction\",\"target\":{\"@type\":\"EntryPoint\",\"urlTemplate\":\"https:\/\/soclose.mx\/blog\/?s={search_term_string}\"},\"query-input\":{\"@type\":\"PropertyValueSpecification\",\"valueRequired\":true,\"valueName\":\"search_term_string\"}}],\"inLanguage\":\"es\"},{\"@type\":\"Organization\",\"@id\":\"https:\/\/soclose.mx\/blog\/#organization\",\"name\":\"So Close\",\"url\":\"https:\/\/soclose.mx\/blog\/\",\"logo\":{\"@type\":\"ImageObject\",\"inLanguage\":\"es\",\"@id\":\"https:\/\/soclose.mx\/blog\/#\/schema\/logo\/image\/\",\"url\":\"https:\/\/i0.wp.com\/soclose.mx\/blog\/wp-content\/uploads\/2020\/12\/LOGO_SOCLOSE_COLOR-e1608310133507.png?fit=2858%2C1264&ssl=1\",\"contentUrl\":\"https:\/\/i0.wp.com\/soclose.mx\/blog\/wp-content\/uploads\/2020\/12\/LOGO_SOCLOSE_COLOR-e1608310133507.png?fit=2858%2C1264&ssl=1\",\"width\":2858,\"height\":1264,\"caption\":\"So Close\"},\"image\":{\"@id\":\"https:\/\/soclose.mx\/blog\/#\/schema\/logo\/image\/\"}},{\"@type\":\"Person\",\"@id\":\"https:\/\/soclose.mx\/blog\/#\/schema\/person\/723eb117ab965b55c3e56b5d29751667\",\"name\":\"So Close\",\"image\":{\"@type\":\"ImageObject\",\"inLanguage\":\"es\",\"@id\":\"https:\/\/soclose.mx\/blog\/#\/schema\/person\/image\/\",\"url\":\"https:\/\/secure.gravatar.com\/avatar\/5a1d1d694eaf6d2c28f450f0984cbb34821b92dc49c1d088c0250fbc6a48efec?s=96&d=mm&r=g\",\"contentUrl\":\"https:\/\/secure.gravatar.com\/avatar\/5a1d1d694eaf6d2c28f450f0984cbb34821b92dc49c1d088c0250fbc6a48efec?s=96&d=mm&r=g\",\"caption\":\"So Close\"},\"sameAs\":[\"http:\/\/www.soclose.mx\",\"https:\/\/www.youtube.com\/@soclosemx\"],\"url\":\"https:\/\/soclose.mx\/blog\/author\/admin\/\"}]}<\/script>\n<!-- \/ Yoast SEO plugin. -->","yoast_head_json":{"title":"Diferencias entre el Labor Day y el D\u00eda del Trabajo - So Close","description":"El Labor Day y el D\u00eda del Trabajo son dos celebraciones que honran a los trabajadores, pero se celebran en fechas diferentes.","robots":{"index":"index","follow":"follow","max-snippet":"max-snippet:-1","max-image-preview":"max-image-preview:large","max-video-preview":"max-video-preview:-1"},"canonical":"https:\/\/soclose.mx\/blog\/tag\/juan-rulfo-frases-mujeres\/","og_locale":"es_MX","og_type":"article","og_title":"Diferencias entre el Labor Day y el D\u00eda del Trabajo - So Close","og_description":"El Labor Day y el D\u00eda del Trabajo son dos celebraciones que honran a los trabajadores, pero se celebran en fechas diferentes.","og_url":"https:\/\/soclose.mx\/blog\/tag\/juan-rulfo-frases-mujeres\/","og_site_name":"So Close","article_published_time":"2024-09-03T02:18:43+00:00","og_image":[{"width":1920,"height":1280,"url":"https:\/\/i0.wp.com\/soclose.mx\/blog\/wp-content\/uploads\/2024\/09\/labor-day-dia-del-trabajo.jpg?fit=1920%2C1280&ssl=1","type":"image\/jpeg"}],"author":"So Close","twitter_card":"summary_large_image","twitter_misc":{"Escrito por":"So Close","Tiempo de lectura":"3 minutos"},"schema":{"@context":"https:\/\/schema.org","@graph":[{"@type":"Article","@id":"https:\/\/soclose.mx\/blog\/tag\/juan-rulfo-frases-mujeres\/#article","isPartOf":{"@id":"https:\/\/soclose.mx\/blog\/tag\/juan-rulfo-frases-mujeres\/"},"author":{"name":"So Close","@id":"https:\/\/soclose.mx\/blog\/#\/schema\/person\/723eb117ab965b55c3e56b5d29751667"},"headline":"Diferencias entre el Labor Day y el D\u00eda del Trabajo","datePublished":"2024-09-03T02:18:43+00:00","mainEntityOfPage":{"@id":"https:\/\/soclose.mx\/blog\/tag\/juan-rulfo-frases-mujeres\/"},"wordCount":650,"commentCount":0,"publisher":{"@id":"https:\/\/soclose.mx\/blog\/#organization"},"image":{"@id":"https:\/\/soclose.mx\/blog\/tag\/juan-rulfo-frases-mujeres\/#primaryimage"},"thumbnailUrl":"https:\/\/i0.wp.com\/soclose.mx\/blog\/wp-content\/uploads\/2024\/09\/labor-day-dia-del-trabajo.jpg?fit=1920%2C1280&ssl=1","keywords":["celebraci\u00f3n","D\u00eda del Trabajo","diferencias","estados unidos","festividad","Labor Day","mexico","movimiento obrero","origen","sindicatos","trabajadores","tradiciones"],"articleSection":["News feed"],"inLanguage":"es","potentialAction":[{"@type":"CommentAction","name":"Comment","target":["https:\/\/soclose.mx\/blog\/tag\/juan-rulfo-frases-mujeres\/#respond"]}]},{"@type":"WebPage","@id":"https:\/\/soclose.mx\/blog\/tag\/juan-rulfo-frases-mujeres\/","url":"https:\/\/soclose.mx\/blog\/tag\/juan-rulfo-frases-mujeres\/","name":"Diferencias entre el Labor Day y el D\u00eda del Trabajo - So Close","isPartOf":{"@id":"https:\/\/soclose.mx\/blog\/#website"},"primaryImageOfPage":{"@id":"https:\/\/soclose.mx\/blog\/tag\/juan-rulfo-frases-mujeres\/#primaryimage"},"image":{"@id":"https:\/\/soclose.mx\/blog\/tag\/juan-rulfo-frases-mujeres\/#primaryimage"},"thumbnailUrl":"https:\/\/i0.wp.com\/soclose.mx\/blog\/wp-content\/uploads\/2024\/09\/labor-day-dia-del-trabajo.jpg?fit=1920%2C1280&ssl=1","datePublished":"2024-09-03T02:18:43+00:00","description":"El Labor Day y el D\u00eda del Trabajo son dos celebraciones que honran a los trabajadores, pero se celebran en fechas diferentes.","breadcrumb":{"@id":"https:\/\/soclose.mx\/blog\/tag\/juan-rulfo-frases-mujeres\/#breadcrumb"},"inLanguage":"es","potentialAction":[{"@type":"ReadAction","target":["https:\/\/soclose.mx\/blog\/tag\/juan-rulfo-frases-mujeres\/"]}]},{"@type":"ImageObject","inLanguage":"es","@id":"https:\/\/soclose.mx\/blog\/tag\/juan-rulfo-frases-mujeres\/#primaryimage","url":"https:\/\/i0.wp.com\/soclose.mx\/blog\/wp-content\/uploads\/2024\/09\/labor-day-dia-del-trabajo.jpg?fit=1920%2C1280&ssl=1","contentUrl":"https:\/\/i0.wp.com\/soclose.mx\/blog\/wp-content\/uploads\/2024\/09\/labor-day-dia-del-trabajo.jpg?fit=1920%2C1280&ssl=1","width":1920,"height":1280,"caption":"labor-day-dia-del-trabajo.jpg"},{"@type":"BreadcrumbList","@id":"https:\/\/soclose.mx\/blog\/tag\/juan-rulfo-frases-mujeres\/#breadcrumb","itemListElement":[{"@type":"ListItem","position":1,"name":"Inicio","item":"https:\/\/soclose.mx\/blog\/"},{"@type":"ListItem","position":2,"name":"Diferencias entre el Labor Day y el D\u00eda del Trabajo"}]},{"@type":"WebSite","@id":"https:\/\/soclose.mx\/blog\/#website","url":"https:\/\/soclose.mx\/blog\/","name":"So Close","description":"Hacemos contenidos de M\u00e9xico","publisher":{"@id":"https:\/\/soclose.mx\/blog\/#organization"},"potentialAction":[{"@type":"SearchAction","target":{"@type":"EntryPoint","urlTemplate":"https:\/\/soclose.mx\/blog\/?s={search_term_string}"},"query-input":{"@type":"PropertyValueSpecification","valueRequired":true,"valueName":"search_term_string"}}],"inLanguage":"es"},{"@type":"Organization","@id":"https:\/\/soclose.mx\/blog\/#organization","name":"So Close","url":"https:\/\/soclose.mx\/blog\/","logo":{"@type":"ImageObject","inLanguage":"es","@id":"https:\/\/soclose.mx\/blog\/#\/schema\/logo\/image\/","url":"https:\/\/i0.wp.com\/soclose.mx\/blog\/wp-content\/uploads\/2020\/12\/LOGO_SOCLOSE_COLOR-e1608310133507.png?fit=2858%2C1264&ssl=1","contentUrl":"https:\/\/i0.wp.com\/soclose.mx\/blog\/wp-content\/uploads\/2020\/12\/LOGO_SOCLOSE_COLOR-e1608310133507.png?fit=2858%2C1264&ssl=1","width":2858,"height":1264,"caption":"So Close"},"image":{"@id":"https:\/\/soclose.mx\/blog\/#\/schema\/logo\/image\/"}},{"@type":"Person","@id":"https:\/\/soclose.mx\/blog\/#\/schema\/person\/723eb117ab965b55c3e56b5d29751667","name":"So Close","image":{"@type":"ImageObject","inLanguage":"es","@id":"https:\/\/soclose.mx\/blog\/#\/schema\/person\/image\/","url":"https:\/\/secure.gravatar.com\/avatar\/5a1d1d694eaf6d2c28f450f0984cbb34821b92dc49c1d088c0250fbc6a48efec?s=96&d=mm&r=g","contentUrl":"https:\/\/secure.gravatar.com\/avatar\/5a1d1d694eaf6d2c28f450f0984cbb34821b92dc49c1d088c0250fbc6a48efec?s=96&d=mm&r=g","caption":"So Close"},"sameAs":["http:\/\/www.soclose.mx","https:\/\/www.youtube.com\/@soclosemx"],"url":"https:\/\/soclose.mx\/blog\/author\/admin\/"}]}},"jetpack_featured_media_url":"https:\/\/i0.wp.com\/soclose.mx\/blog\/wp-content\/uploads\/2024\/09\/labor-day-dia-del-trabajo.jpg?fit=1920%2C1280&ssl=1","jetpack-related-posts":[{"id":13579,"url":"https:\/\/soclose.mx\/blog\/news-feed\/dias-de-descanso-obligatorios-en-mayo-2024-conocelos\/","url_meta":{"origin":13973,"position":0},"title":"D\u00edas de descanso obligatorios en mayo 2024, con\u00f3celos","author":"Emmanuel Oviedo","date":"1 mayo, 2024","format":false,"excerpt":"En este mayo 2024 tenemos varios d\u00edas festivos en nuestro calendario, y a los mexicanos nos viene muy bien eso, porque eso significa d\u00edas de descanso con nuestra familia. Tanto estudiantes como trabajadores podr\u00e1n descansar de su rutina y jornada por unos d\u00edas. Para que este enterado de los d\u00edas\u2026","rel":"","context":"En &quot;News feed&quot;","block_context":{"text":"News feed","link":"https:\/\/soclose.mx\/blog\/category\/news-feed\/"},"img":{"alt_text":"","src":"https:\/\/i0.wp.com\/soclose.mx\/blog\/wp-content\/uploads\/2024\/05\/Dias-de-descanso-mayo.jpg?fit=600%2C450&ssl=1&resize=350%2C200","width":350,"height":200,"srcset":"https:\/\/i0.wp.com\/soclose.mx\/blog\/wp-content\/uploads\/2024\/05\/Dias-de-descanso-mayo.jpg?fit=600%2C450&ssl=1&resize=350%2C200 1x, https:\/\/i0.wp.com\/soclose.mx\/blog\/wp-content\/uploads\/2024\/05\/Dias-de-descanso-mayo.jpg?fit=600%2C450&ssl=1&resize=525%2C300 1.5x"},"classes":[]},{"id":14536,"url":"https:\/\/soclose.mx\/blog\/news-feed\/planea-tus-vacaciones-con-anticipacion-calendario-de-dias-festivos-y-puentes-en-mexico-2025\/","url_meta":{"origin":13973,"position":1},"title":"\u00a1Planea tus vacaciones con anticipaci\u00f3n! Calendario de d\u00edas festivos y puentes en M\u00e9xico 2025","author":"So Close","date":"11 diciembre, 2024","format":false,"excerpt":"Los d\u00edas de descanso,\u00a0d\u00edas festivos y puentes en M\u00e9xico 2025 ofrecen varias oportunidades para que los trabajadores y estudiantes disfruten de un merecido descanso. A continuaci\u00f3n, se presenta un resumen detallado de los d\u00edas festivos oficiales y los puentes que se podr\u00e1n disfrutar durante el a\u00f1o. D\u00edas festivos y puentes\u2026","rel":"","context":"En &quot;News feed&quot;","block_context":{"text":"News feed","link":"https:\/\/soclose.mx\/blog\/category\/news-feed\/"},"img":{"alt_text":"Playas","src":"https:\/\/i0.wp.com\/soclose.mx\/blog\/wp-content\/uploads\/2024\/12\/playas.jpg?fit=1200%2C675&ssl=1&resize=350%2C200","width":350,"height":200,"srcset":"https:\/\/i0.wp.com\/soclose.mx\/blog\/wp-content\/uploads\/2024\/12\/playas.jpg?fit=1200%2C675&ssl=1&resize=350%2C200 1x, https:\/\/i0.wp.com\/soclose.mx\/blog\/wp-content\/uploads\/2024\/12\/playas.jpg?fit=1200%2C675&ssl=1&resize=525%2C300 1.5x, https:\/\/i0.wp.com\/soclose.mx\/blog\/wp-content\/uploads\/2024\/12\/playas.jpg?fit=1200%2C675&ssl=1&resize=700%2C400 2x, https:\/\/i0.wp.com\/soclose.mx\/blog\/wp-content\/uploads\/2024\/12\/playas.jpg?fit=1200%2C675&ssl=1&resize=1050%2C600 3x"},"classes":[]},{"id":7579,"url":"https:\/\/soclose.mx\/blog\/ay-goeeee\/conoce-el-origen-del-papel-picado\/","url_meta":{"origin":13973,"position":2},"title":"Conoce el origen del papel picado","author":"Miguel Angel Romero","date":"29 octubre, 2021","format":false,"excerpt":"El papel picado es una artesan\u00eda tradicional\u00a0 que se usa para decorar las fiestas mexicanas, sobre todo en el D\u00eda de Muertos, pero sabes cu\u00e1l es el origen de esta creaci\u00f3n \"mexicana\". En el D\u00eda de Muertos, los panteones de distintas partes de la Rep\u00fablica Mexicana, as\u00ed como las casas\u2026","rel":"","context":"En &quot;\u00a1Ay goeeee!&quot;","block_context":{"text":"\u00a1Ay goeeee!","link":"https:\/\/soclose.mx\/blog\/category\/ay-goeeee\/"},"img":{"alt_text":"","src":"https:\/\/i0.wp.com\/soclose.mx\/blog\/wp-content\/uploads\/2021\/10\/Copia-de-Principal-So-Close-blog-16.png?fit=1200%2C677&ssl=1&resize=350%2C200","width":350,"height":200,"srcset":"https:\/\/i0.wp.com\/soclose.mx\/blog\/wp-content\/uploads\/2021\/10\/Copia-de-Principal-So-Close-blog-16.png?fit=1200%2C677&ssl=1&resize=350%2C200 1x, https:\/\/i0.wp.com\/soclose.mx\/blog\/wp-content\/uploads\/2021\/10\/Copia-de-Principal-So-Close-blog-16.png?fit=1200%2C677&ssl=1&resize=525%2C300 1.5x, https:\/\/i0.wp.com\/soclose.mx\/blog\/wp-content\/uploads\/2021\/10\/Copia-de-Principal-So-Close-blog-16.png?fit=1200%2C677&ssl=1&resize=700%2C400 2x, https:\/\/i0.wp.com\/soclose.mx\/blog\/wp-content\/uploads\/2021\/10\/Copia-de-Principal-So-Close-blog-16.png?fit=1200%2C677&ssl=1&resize=1050%2C600 3x"},"classes":[]},{"id":13959,"url":"https:\/\/soclose.mx\/blog\/a-la-mexicana\/dia-del-abuelo-en-mexico-origenes-y-datos-curiosos\/","url_meta":{"origin":13973,"position":3},"title":"D\u00eda del Abuelo en M\u00e9xico, Or\u00edgenes y Datos Curiosos","author":"So Close","date":"27 agosto, 2024","format":false,"excerpt":"El D\u00eda del Abuelo en M\u00e9xico se celebra cada 28 de agosto, es una fecha especial dedicada a honrar y reconocer la invaluable contribuci\u00f3n de los abuelos en la familia y la sociedad. Esta celebraci\u00f3n no solo busca resaltar su papel como transmisores de valores y tradiciones, sino tambi\u00e9n expresar\u2026","rel":"","context":"En &quot;A la mexicana&quot;","block_context":{"text":"A la mexicana","link":"https:\/\/soclose.mx\/blog\/category\/a-la-mexicana\/"},"img":{"alt_text":"D\u00eda del abuelo en M\u00e9xico","src":"https:\/\/i0.wp.com\/soclose.mx\/blog\/wp-content\/uploads\/2024\/08\/Fotos-para-sitio-So-Close-2.jpg?fit=1080%2C1080&ssl=1&resize=350%2C200","width":350,"height":200,"srcset":"https:\/\/i0.wp.com\/soclose.mx\/blog\/wp-content\/uploads\/2024\/08\/Fotos-para-sitio-So-Close-2.jpg?fit=1080%2C1080&ssl=1&resize=350%2C200 1x, https:\/\/i0.wp.com\/soclose.mx\/blog\/wp-content\/uploads\/2024\/08\/Fotos-para-sitio-So-Close-2.jpg?fit=1080%2C1080&ssl=1&resize=525%2C300 1.5x, https:\/\/i0.wp.com\/soclose.mx\/blog\/wp-content\/uploads\/2024\/08\/Fotos-para-sitio-So-Close-2.jpg?fit=1080%2C1080&ssl=1&resize=700%2C400 2x, https:\/\/i0.wp.com\/soclose.mx\/blog\/wp-content\/uploads\/2024\/08\/Fotos-para-sitio-So-Close-2.jpg?fit=1080%2C1080&ssl=1&resize=1050%2C600 3x"},"classes":[]},{"id":7360,"url":"https:\/\/soclose.mx\/blog\/ay-goeeee\/la-celebracion-del-dia-de-muertos-dura-mas-de-2-dias\/","url_meta":{"origin":13973,"position":4},"title":"\u00bfLa celebraci\u00f3n del D\u00eda de Muertos dura solo 2 d\u00edas?","author":"Miguel Angel Romero","date":"11 octubre, 2023","format":false,"excerpt":"El D\u00eda de Muertos es una de las tradiciones m\u00e1s emblem\u00e1ticas de M\u00e9xico, pero, este homenaje a quienes ya se nos adelantaron no s\u00f3lo dura 2 d\u00edas. As\u00ed es, esta festividad, llena de gran colorido que\u00a0 fue declarada en el 2008 como Patrimonio Cultural Inmaterial de la Humanidad por la\u2026","rel":"","context":"En &quot;\u00a1Ay goeeee!&quot;","block_context":{"text":"\u00a1Ay goeeee!","link":"https:\/\/soclose.mx\/blog\/category\/ay-goeeee\/"},"img":{"alt_text":"D\u00eda de muertos d\u00edas de celebraci\u00f3n","src":"https:\/\/i0.wp.com\/soclose.mx\/blog\/wp-content\/uploads\/2021\/10\/Dia-de-Muertos-cuantos-dias-se-celebra.jpg?fit=1200%2C773&ssl=1&resize=350%2C200","width":350,"height":200,"srcset":"https:\/\/i0.wp.com\/soclose.mx\/blog\/wp-content\/uploads\/2021\/10\/Dia-de-Muertos-cuantos-dias-se-celebra.jpg?fit=1200%2C773&ssl=1&resize=350%2C200 1x, https:\/\/i0.wp.com\/soclose.mx\/blog\/wp-content\/uploads\/2021\/10\/Dia-de-Muertos-cuantos-dias-se-celebra.jpg?fit=1200%2C773&ssl=1&resize=525%2C300 1.5x, https:\/\/i0.wp.com\/soclose.mx\/blog\/wp-content\/uploads\/2021\/10\/Dia-de-Muertos-cuantos-dias-se-celebra.jpg?fit=1200%2C773&ssl=1&resize=700%2C400 2x, https:\/\/i0.wp.com\/soclose.mx\/blog\/wp-content\/uploads\/2021\/10\/Dia-de-Muertos-cuantos-dias-se-celebra.jpg?fit=1200%2C773&ssl=1&resize=1050%2C600 3x"},"classes":[]},{"id":14574,"url":"https:\/\/soclose.mx\/blog\/a-la-mexicana\/la-rosca-de-reyes-y-su-llegada-a-mexico\/","url_meta":{"origin":13973,"position":5},"title":"La Rosca de Reyes y su llegada a M\u00e9xico","author":"So Close","date":"24 diciembre, 2024","format":false,"excerpt":"La Rosca de Reyes y su llegada a M\u00e9xico es una tradici\u00f3n profundamente arraigada celebrada cada 6 de enero para conmemorar la llegada de los Reyes Magos al Ni\u00f1o Jes\u00fas. Su historia se remonta a antiguas costumbres europeas que han evolucionado a lo largo de los siglos, incorporando elementos locales\u2026","rel":"","context":"En &quot;A la mexicana&quot;","block_context":{"text":"A la mexicana","link":"https:\/\/soclose.mx\/blog\/category\/a-la-mexicana\/"},"img":{"alt_text":"Rosca de Reyes","src":"https:\/\/i0.wp.com\/soclose.mx\/blog\/wp-content\/uploads\/2024\/12\/rosca-de-reyes.jpg?fit=1200%2C675&ssl=1&resize=350%2C200","width":350,"height":200,"srcset":"https:\/\/i0.wp.com\/soclose.mx\/blog\/wp-content\/uploads\/2024\/12\/rosca-de-reyes.jpg?fit=1200%2C675&ssl=1&resize=350%2C200 1x, https:\/\/i0.wp.com\/soclose.mx\/blog\/wp-content\/uploads\/2024\/12\/rosca-de-reyes.jpg?fit=1200%2C675&ssl=1&resize=525%2C300 1.5x, https:\/\/i0.wp.com\/soclose.mx\/blog\/wp-content\/uploads\/2024\/12\/rosca-de-reyes.jpg?fit=1200%2C675&ssl=1&resize=700%2C400 2x, https:\/\/i0.wp.com\/soclose.mx\/blog\/wp-content\/uploads\/2024\/12\/rosca-de-reyes.jpg?fit=1200%2C675&ssl=1&resize=1050%2C600 3x"},"classes":[]}],"jetpack_sharing_enabled":true,"_links":{"self":[{"href":"https:\/\/soclose.mx\/blog\/wp-json\/wp\/v2\/posts\/13973","targetHints":{"allow":["GET"]}}],"collection":[{"href":"https:\/\/soclose.mx\/blog\/wp-json\/wp\/v2\/posts"}],"about":[{"href":"https:\/\/soclose.mx\/blog\/wp-json\/wp\/v2\/types\/post"}],"author":[{"embeddable":true,"href":"https:\/\/soclose.mx\/blog\/wp-json\/wp\/v2\/users\/1"}],"replies":[{"embeddable":true,"href":"https:\/\/soclose.mx\/blog\/wp-json\/wp\/v2\/comments?post=13973"}],"version-history":[{"count":1,"href":"https:\/\/soclose.mx\/blog\/wp-json\/wp\/v2\/posts\/13973\/revisions"}],"predecessor-version":[{"id":13975,"href":"https:\/\/soclose.mx\/blog\/wp-json\/wp\/v2\/posts\/13973\/revisions\/13975"}],"wp:featuredmedia":[{"embeddable":true,"href":"https:\/\/soclose.mx\/blog\/wp-json\/wp\/v2\/media\/13974"}],"wp:attachment":[{"href":"https:\/\/soclose.mx\/blog\/wp-json\/wp\/v2\/media?parent=13973"}],"wp:term":[{"taxonomy":"category","embeddable":true,"href":"https:\/\/soclose.mx\/blog\/wp-json\/wp\/v2\/categories?post=13973"},{"taxonomy":"post_tag","embeddable":true,"href":"https:\/\/soclose.mx\/blog\/wp-json\/wp\/v2\/tags?post=13973"}],"curies":[{"name":"wp","href":"https:\/\/api.w.org\/{rel}","templated":true}]}}